{"id":76512,"date":"2020-09-10T15:12:06","date_gmt":"2020-09-10T13:12:06","guid":{"rendered":"http:\/\/dicodusport.fr\/blog\/?p=76512"},"modified":"2020-09-10T15:12:06","modified_gmt":"2020-09-10T13:12:06","slug":"les-faits-divers-du-sport-fifagate-chute-de-sepp-blatter","status":"publish","type":"post","link":"https:\/\/dicodusport.fr\/blog\/les-faits-divers-du-sport-fifagate-chute-de-sepp-blatter\/","title":{"rendered":"Les faits divers du sport \u2013 Fifagate : la chute de Sepp Blatter"},"content":{"rendered":"<p style=\"text-align: justify;\"><em><strong>Drogues, <a href=\"https:\/\/dicodusport.fr\/blog\/les-faits-divers-du-sport-andres-escobar-capitaine-fracasse\/\">meurtre<\/a>, prostitution\u2026 Ce n\u2019est pas le lancement d\u2019Enqu\u00eates Exclusives, c\u2019est le programme des \u00ab faits divers du sport \u00bb. Dans cette s\u00e9rie d\u2019articles, nous vous proposons de plonger dans les liens intimes que tissent police, justice et sports. Aujourd\u2019hui, troisi\u00e8me et derni\u00e8re partie de notre dossier consacr\u00e9 au Fifagate et la chute de Sepp Blatter.\u00a0<\/strong><\/em><\/p>\n<h2 style=\"text-align: justify;\">Les acouph\u00e8nes de Sepp Blatter<\/h2>\n<p style=\"text-align: justify;\">Il fallait bien que \u00e7a arrive. A force de se rapprocher, les coups r\u00e9sonnent aux oreilles de <b>Sepp Blatter<\/b> comme des acouph\u00e8nes. Tant qu&rsquo;ils ne concernaient que d&rsquo;anciens opposants, le Suisse pouvait faire le coup du chevalier blanc. Maintenant que son secr\u00e9taire g\u00e9n\u00e9ral J\u00e9r\u00f4me Valcke est \u00e0 terre, il est plus vuln\u00e9rable que jamais.<\/p>\n<p style=\"text-align: justify;\"><b>Sepp Blatter<\/b> le sait d&rsquo;autant mieux qu&rsquo;il a \u00e9t\u00e9 dix-ans durant celui de <b>Joao Havelange<\/b>. Dirigeant de Longines, il participe \u00e0 l&rsquo;organisation des Jeux Olympiques de 1972 et 1976. Son domaine : le chronom\u00e9trage. Son objectif : vendre du Longines \u00e0 tout ce que le monde compte de f\u00e9d\u00e9rations sportives. Chez Adidas, on remarque son temp\u00e9rament volontaire et sa force de frappe commerciale. L&rsquo;entreprise allemande qui mise d\u00e9j\u00e0 sur le sport professionnel pour se d\u00e9velopper colle <b>Blatter<\/b> \u00e0 la <b>FIFA<\/b>. L&rsquo;influence de la marque d&rsquo;Herzgenaurach y est alors immense. En 1975, la mission de <b>Sepp Blatter<\/b> est claire : d\u00e9velopper le football \u00e0 travers le monde. Entendre : faire en sorte que la <b>FIFA<\/b> engrange plus de revenus. Sous-entendu : que tout le monde s&rsquo;y retrouve. Adidas et <b>Havelange<\/b> compris.<\/p>\n<h2 style=\"text-align: justify;\">El\u00e9ments rigides<\/h2>\n<p style=\"text-align: justify;\">Les deux ont du reste des projets pour <b>Blatter<\/b>. Si on veut acc\u00e9l\u00e9rer son d\u00e9veloppement, la <b>FIFA <\/b>doit se s\u00e9parer de ses \u00e9l\u00e9ments les plus rigides. Exit le vieux <b>Helmut K\u00e4ser<\/b> et ses cas de conscience. <b>Sepp Blatter<\/b> prend sa place et devient en novembre 1981 secr\u00e9taire g\u00e9n\u00e9ral de la <b>FIFA<\/b>. Le football est entr\u00e9 dans l&rsquo;\u00e8re de sa marchandisation \u00e0 tout crin. Augmentation du nombre de pays participant aux Coupes du Monde (16 en 1974, 32 aujourd&rsquo;hui). Explosion des droits de retransmission et du marketing. Multiplication du nombre de comp\u00e9titions. Dans le m\u00eame temps, le choix de l&rsquo;organisation des mondiaux ne r\u00e9sulte plus d&rsquo;un vote du congr\u00e8s. Il devient celui du comit\u00e9 ex\u00e9cutif, c&rsquo;est-\u00e0-dire d&rsquo;une poign\u00e9e d&rsquo;hommes dont chaque voix compte. En 1998, le temps d&rsquo;<b>Havelange<\/b> est pass\u00e9, <b>Sepp Blatter<\/b> est \u00e9lu Pr\u00e9sident de la <b>FIFA<\/b>.<\/p>\n<p style=\"text-align: justify;\">Trois ans plus tard, premier caillou dans la chaussure de <b>Blatter<\/b>. L&rsquo;entreprise d\u00e9tentrice des droits de marketing exclusifs des coupes du monde et cr\u00e9\u00e9e en 1982 par <b>Horst Dasler<\/b>, le pygmalion de <b>Blatter<\/b>, est mise en liquidation judiciaire. La justice s&rsquo;int\u00e9resse de pr\u00e8s \u00e0 cet ISL et veut comprendre comment elle a pu crouler sous 183 millions de dollars de dettes. Il faudra 10 ans pour qu&rsquo;un rapport mette au jour le syst\u00e8me de corruption et de fraude qui lui a co\u00fbt\u00e9 sa solvabilit\u00e9. Entre autres choses, le rapport du juge Hildebrand et de Michael Garcia d\u00e9voile les quelques 40 millions d&rsquo;euros que <b>Havelange<\/b> et son gendre pr\u00e9sident de la f\u00e9d\u00e9ration br\u00e9silienne ont re\u00e7u de pots-de-vin. <b>Sepp Blatter<\/b> n&rsquo;est pas directement vis\u00e9, mais il \u00e9tait secr\u00e9taire g\u00e9n\u00e9ral du vieux lion. Les regards sont entendus.<\/p>\n<h2 style=\"text-align: justify;\">Figures morales<\/h2>\n<p style=\"text-align: justify;\">On entend peu de voix s&rsquo;en \u00e9mouvoir. Les rares qui se font entendre sont marginalis\u00e9es aux mieux, remerci\u00e9es souvent. Un secr\u00e9taire g\u00e9n\u00e9ral et un pr\u00e9sident de f\u00e9d\u00e9 en feront les frais. Tout au long du mandat de <b>Sepp Blatter<\/b>, les suspicions ne quitteront jamais les commentaires. A chaque congr\u00e8s, il est pourtant triomphalement reconduit. M\u00eame ce que le football compte de figure morale ne semble pas s&#8217;embarrasser de sa compagnie. En 1998, <b>Michel Platini<\/b> int\u00e8gre la <b>FIFA<\/b>. En 2007, il est \u00e9lu pr\u00e9sident de l&rsquo;<b>UEFA<\/b>.<\/p>\n<p style=\"text-align: justify;\">Le Lorrain est \u00e9lu d&rsquo;abord pour ce qu&rsquo;il est : un immense joueur. Il repr\u00e9sente une certaine droiture morale, davantage pour ce qu&rsquo;il irradiait sur le terrain que pour ce qu&rsquo;il a dit ou fait jusqu&rsquo;alors. Il remplace <b>Lennart Johansson<\/b> que <b>Blatter <\/b>d\u00e9sesp\u00e9rait de parvenir \u00e0 \u00e9carter. <b>Michel Platini<\/b> dispose alors d&rsquo;un cr\u00e9dit quasi infini aupr\u00e8s des supporters, des suiveurs &#8211; surtout s&rsquo;ils sont fran\u00e7ais &#8211; et des professionnels de la profession. Qu&rsquo;il soit proche et soutenu par <b>Sepp Blatter<\/b> ne l&rsquo;entame en rien. M\u00eame quand, pas \u00e0 un paradoxe pr\u00e8s, il se pose en d\u00e9fenseur de l&rsquo;esprit et des valeurs du football.<\/p>\n<h2 style=\"text-align: justify;\">Le glabre Sepp Blatter<\/h2>\n<p style=\"text-align: justify;\">Son premier mandat se d\u00e9roule globalement sans accroc. <b>Michel Platini<\/b> applique \u00e0 l&rsquo;<b>UEFA<\/b> un programme made in <b>FIFA<\/b>. D&rsquo;abord en augmentant le nombre de pays qualifi\u00e9s en phase finale de l&rsquo;Euro. Ensuite en ouvrant les portes de la C1 aux \u00e9quipes de championnats moins cot\u00e9s. \u00c7a et l\u00e0, presqu&rsquo;\u00e0 la marge, se font entendre des divergences entre <b>Blatter<\/b> et <b>Platini<\/b>. Des peccadilles. <b>Sepp Blatter<\/b> a fait rentrer l&rsquo;<b>UEFA<\/b>, f\u00e9d\u00e9ration frondeuse, dans le giron de la f\u00e9d\u00e9ration mondiale et c&rsquo;est tout ce qui lui importe. Que <b>Michel Platini<\/b> soit de plus en plus vu comme son successeur \u00a0ne le fait pas sourciller. Au fond, s&rsquo;il est patient, ob\u00e9issant et diligent, pourquoi pas ?<\/p>\n<p style=\"text-align: justify;\">En 2011, personne ne lui dispute son leadership et seul candidat, il r\u00e9\u00e9lu Pr\u00e9sident de l&rsquo;<b>UEFA<\/b>. Une petite musique dans sa campagne commence \u00e0 d\u00e9friser le glabre <b>Sepp Blatter<\/b>. Michel Platini souhaite que la f\u00e9d\u00e9ration europ\u00e9enne soit irr\u00e9prochable en mati\u00e8re de corruption. Il parle de faire collaborer joueurs et dirigeants avec des procureurs nationaux. Serait-il tomb\u00e9 sur la t\u00eate ? pense-t-on \u00e0 la <b>FIFA<\/b>. Bien s\u00fbr, il ne cite personne mais tout le monde suit son regard.<\/p>\n<h2 style=\"text-align: justify;\">Ce que c&rsquo;est que les co\u00efncidences&#8230;<\/h2>\n<p style=\"text-align: justify;\">D&rsquo;autant que les ann\u00e9es qui suivent ne pourront pas donner tort \u00e0 ceux qui suivent le regard de <b>Platoche<\/b>. Le d\u00e9nouement de l&rsquo;affaire ISL d&rsquo;abord. Les r\u00e9v\u00e9lations sur un trafic de billets pour quatre coupes du monde ensuite. Un vaste syst\u00e8me de ventes et reventes de billets au march\u00e9 noir pour un total d&rsquo;un peu plus de 70 millions d&rsquo;euros est d\u00e9mantel\u00e9 par la police br\u00e9silienne. La soci\u00e9t\u00e9 mise en cause s&rsquo;appelle <b>Match Hospitality<\/b> et comme ISL avant elle poss\u00e8de des droits exclusifs. <b>Match Hospitality <\/b>appartient \u00e0 un groupe (Infront Sports Medium) que dirige <b>Philippe Blatter<\/b>, le neveu de<b> Sepp<\/b>. Ce que c&rsquo;est que c&rsquo;est que les co\u00efncidences&#8230;<\/p>\n<p style=\"text-align: justify;\">En 2015, les choses ont tourn\u00e9 au vinaigre entre <b>Michel Platini<\/b> et <b>Sepp Blatter<\/b>. Les deux ne font plus myst\u00e8re de leur inimiti\u00e9. Lui qui pensait que le temps jouerait pour lui est sonn\u00e9 par le nombre des r\u00e9v\u00e9lations qui tombent. A l&rsquo;heure de la transparence g\u00e9n\u00e9ralis\u00e9e et de l&rsquo;intransigeance morale exig\u00e9e, le Suisse ressemble de plus en plus au Pr\u00e9sident du pass\u00e9. Un congr\u00e8s de l&rsquo;<b>UEFA<\/b> r\u00e9\u00e9lit Platini et d\u00e9sormais il ne se cache plus : oui, il briguera la pr\u00e9sidence de le <b>FIFA<\/b> ; non, ce n&rsquo;est pas pour tout de suite. En mai, <b>Sepp Blatter<\/b> est lui aussi r\u00e9\u00e9lu mais doit d\u00e9missionner trois jours plus tard en raison du coup de filet qui a jet\u00e9 une demie-douzaine de dirigeants mondiaux en prison en marge du congr\u00e8s. En juillet, Blatter convoque un congr\u00e8s extraordinaire et remet son mandat. <b>Michel Platini<\/b> annonce qu&rsquo;il sera candidat.<\/p>\n<h2 style=\"text-align: justify;\">Platini le Kowe\u00eftien<\/h2>\n<p style=\"text-align: justify;\">Pour le football mondial, c&rsquo;est une petite b\u00e9n\u00e9diction que <b>Platoche<\/b> souhaite s&rsquo;y coller. Il n&rsquo;a certes plus l&rsquo;aur\u00e9ole de saintet\u00e9 qui le suivait partout comme auparavant. Le <b>Qatar<\/b> est pass\u00e9 par l\u00e0. Car le scandales qui a entour\u00e9 l&rsquo;attribution des mondiaux n&rsquo;a pas \u00e9pargn\u00e9 <b>Platini<\/b>. En 2013, on a appris que l&rsquo;Elys\u00e9e a re\u00e7u le Pr\u00e9sident de l&rsquo;<b>UEFA<\/b> trois automnes de cela. A la demande de <b>Nicolas Sarkozy<\/b>, il y avait rencontr\u00e9 <b>le Prince du Qatar<\/b> et <b>S\u00e9bastien Bazin<\/b>, pr\u00e9sident du <b>PSG<\/b>.<\/p>\n<p style=\"text-align: justify;\">A dix jours du vote qui attribuera la <b>Coupe du monde 2022 au Qatar<\/b>, on discute football. On anticipe le rachat du <b>PSG<\/b>. On imagine les contours de la future <b>Bein Sports<\/b>. Surtout, on s&rsquo;assure que <b>Platini<\/b>, qui n&rsquo;a jamais cach\u00e9 sa proximit\u00e9 pour le Pr\u00e9sident de droite, votera pour la candidature qatarie. On lui fait comprendre que \u00e7a arrangera les bidons de tout le monde. Il n&rsquo;en fallait pas davantage \u00e0 <b>Michel Platini<\/b> pour \u00eatre d\u00e9sormais un supporter enthousiaste du <b>Qatar 2022.<\/b><\/p>\n<p style=\"text-align: justify;\">On se rappelle alors que plus de 20 ans avant, le Fran\u00e7ais n&rsquo;avait pas cach\u00e9 ses sympathies pour un autre \u00e9tat du Golfe. En 1988, <a href=\"https:\/\/www.sofoot.com\/michel-platini-international-koweitien-192473.html\">l&rsquo;Emir du Kowe\u00eft l&rsquo;invite \u00e0 assister \u00e0 la rencontre qui oppose son pays \u00e0 l&rsquo;URSS<\/a>. En 1988, l&rsquo;<b>URSS<\/b> a bien d&rsquo;autres probl\u00e8mes pour s&rsquo;\u00e9tonner de voir <b>Platini<\/b> rev\u00eatir le maillot kowe\u00eftien pour 21 minutes. <b>Michel Platini<\/b> est alors s\u00e9lectionneur des Bleus. 2 ans plus tard, son \u00e9quipe de France va disputer au <b>Kowe\u00eft<\/b> deux matchs amicaux. L&rsquo;un contre le pays h\u00f4te, l&rsquo;autre contre l&rsquo;<b>Allemagne de l&rsquo;Est<\/b>.<\/p>\n<h2 style=\"text-align: justify;\">Paiement d\u00e9loyal<\/h2>\n<p style=\"text-align: justify;\">Malgr\u00e9 la m\u00e9chante affaire qatarie, <b>Michel Platini<\/b> fait office de candidat id\u00e9al. Il faut dire qu&rsquo;il n&rsquo;avait pas m\u00e2ch\u00e9 ses mots contre <b>Blatter<\/b>. Mais le Suisse a plus d&rsquo;une affaire dans sa manche. En septembre rien ne semble plus pouvoir emp\u00eacher <b>Platini<\/b> de devenir pr\u00e9sident de la <b>FIFA<\/b>. Pourtant, la justice suisse ouvre une enqu\u00eate. <b>Blatter<\/b> et le Fran\u00e7ais auraient convenu d&rsquo;un contrat tacite qui a g\u00e9n\u00e9r\u00e9 un paiement de la FIFA de 2 millions de Francs-Suisses \u00e0 <b>Platini<\/b>. La chancellerie suisse soup\u00e7onne un paiement d\u00e9loyal. En octobre, le comit\u00e9 \u00e9thique de la <b>FIFA<\/b> suspend d&rsquo;abord les deux hommes pour 90 jours. Au terme de son enqu\u00eate, le m\u00eame comit\u00e9 \u00e9thique reconnait <b>Platini<\/b> et <b>Blatter<\/b> coupables et suspend les deux hommes pour huit ans. R\u00e9duite \u00e0 six ann\u00e9es, la peine sera confirm\u00e9e le TAS.<\/p>\n<p style=\"text-align: justify;\">Cette fois, c&rsquo;en est fini de <b>Sepp Blatter<\/b> \u00e0 la <b>FIFA<\/b>. En tombant, il n&rsquo;a pas voulu tomber seul. Fid\u00e8le \u00e0 ses habitudes, il a fait payer ses contradicteurs. En mai 2018, la justice suisse fait savoir \u00e0 <b>Michel Platini<\/b> qu&rsquo;elle n&rsquo;a rien contre lui et n&rsquo;en a jamais eu apr\u00e8s lui. Depuis le Fran\u00e7ais a fait un retour remarqu\u00e9 dans les m\u00e9dias. Peut-\u00eatre la <b>FIFA<\/b> n&rsquo;en a-t-elle pas fini avec lui.<\/p>\n<p><strong><em>JMPPMJ<br \/>\n<a href=\"https:\/\/twitter.com\/jmp_pmj\" target=\"_blank\" rel=\"noopener noreferrer\"><img loading=\"lazy\" decoding=\"async\" class=\"alignnone wp-image-2908\" src=\"http:\/\/dicodusport.fr\/blog\/wp-content\/uploads\/2017\/07\/logo-twitter-150x150.png\" alt=\"\" width=\"39\" height=\"39\" \/><\/a><\/em><\/strong><\/p>\n","protected":false},"excerpt":{"rendered":"<p>Drogues, meurtre, prostitution\u2026 Ce n\u2019est pas le lancement d\u2019Enqu\u00eates Exclusives, c\u2019est le programme des \u00ab faits divers du sport \u00bb. Dans cette s\u00e9rie d\u2019articles, nous vous proposons de plonger dans les liens intimes que tissent police, justice et sports. Aujourd\u2019hui, troisi\u00e8me et derni\u00e8re partie de notre dossier consacr\u00e9 au Fifagate et la chute de Sepp Blatter.\u00a0<\/p>\n","protected":false},"author":40,"featured_media":77731,"comment_status":"open","ping_status":"closed","sticky":false,"template":"","format":"standard","meta":{"_acf_changed":false,"_daextam_enable_autolinks":"","footnotes":""},"categories":[2301],"tags":[80,75,502,5007],"class_list":["post-76512","post","type-post","status-publish","format-standard","has-post-thumbnail","hentry","category-football","tag-fifa","tag-football","tag-michel-platini","tag-sepp-blatter"],"acf":[],"yoast_head":"<!-- This site is optimized with the Yoast SEO Premium plugin v26.7 (Yoast SEO v26.7) - https:\/\/yoast.com\/wordpress\/plugins\/seo\/ -->\n<title>Les faits divers du sport \u2013 Fifagate : la chute de Sepp Blatter - Dicodusport<\/title>\n<meta name=\"description\" content=\"On vous propose de plonger dans les liens que tissent justice et sports. Derni\u00e8re partie de notre dossier Fifagate : la chute de Sepp Blatter.\u00a0\" \/>\n<meta name=\"robots\" content=\"index, follow, max-snippet:-1, max-image-preview:large, max-video-preview:-1\" \/>\n<link rel=\"canonical\" href=\"https:\/\/dicodusport.fr\/blog\/les-faits-divers-du-sport-fifagate-chute-de-sepp-blatter\/\" \/>\n<meta property=\"og:locale\" content=\"fr_FR\" \/>\n<meta property=\"og:type\" content=\"article\" \/>\n<meta property=\"og:title\" content=\"Les faits divers du sport \u2013 Fifagate : la chute de Sepp Blatter\" \/>\n<meta property=\"og:description\" content=\"On vous propose de plonger dans les liens que tissent justice et sports. Derni\u00e8re partie de notre dossier Fifagate : la chute de Sepp Blatter.\u00a0\" \/>\n<meta property=\"og:url\" content=\"https:\/\/dicodusport.fr\/blog\/les-faits-divers-du-sport-fifagate-chute-de-sepp-blatter\/\" \/>\n<meta property=\"og:site_name\" content=\"Dicodusport\" \/>\n<meta property=\"article:publisher\" content=\"https:\/\/www.facebook.com\/dicodusport\" \/>\n<meta property=\"article:published_time\" content=\"2020-09-10T13:12:06+00:00\" \/>\n<meta property=\"og:image\" content=\"https:\/\/dicodusport.fr\/blog\/wp-content\/uploads\/2020\/09\/Les-faits-divers-du-sport-\u2013-Fifagate-La-chute-de-Sepp-Blatter.png\" \/>\n\t<meta property=\"og:image:width\" content=\"800\" \/>\n\t<meta property=\"og:image:height\" content=\"445\" \/>\n\t<meta property=\"og:image:type\" content=\"image\/png\" \/>\n<meta name=\"author\" content=\"Jordane Mougenot-Pelletier\" \/>\n<meta name=\"twitter:card\" content=\"summary_large_image\" \/>\n<meta name=\"twitter:title\" content=\"Les faits divers du sport \u2013 Fifagate : la chute de Sepp Blatter\" \/>\n<meta name=\"twitter:creator\" content=\"@https:\/\/twitter.com\/jmp_pmj\" \/>\n<meta name=\"twitter:site\" content=\"@dicodusport\" \/>\n<script type=\"application\/ld+json\" class=\"yoast-schema-graph\">{\"@context\":\"https:\/\/schema.org\",\"@graph\":[{\"@type\":\"NewsArticle\",\"@id\":\"https:\/\/dicodusport.fr\/blog\/les-faits-divers-du-sport-fifagate-chute-de-sepp-blatter\/#article\",\"isPartOf\":{\"@id\":\"https:\/\/dicodusport.fr\/blog\/les-faits-divers-du-sport-fifagate-chute-de-sepp-blatter\/\"},\"author\":{\"name\":\"Jordane Mougenot-Pelletier\",\"@id\":\"https:\/\/dicodusport.fr\/blog\/#\/schema\/person\/20a73cde459581e727623fffec174040\"},\"headline\":\"Les faits divers du sport \u2013 Fifagate : la chute de Sepp Blatter\",\"datePublished\":\"2020-09-10T13:12:06+00:00\",\"mainEntityOfPage\":{\"@id\":\"https:\/\/dicodusport.fr\/blog\/les-faits-divers-du-sport-fifagate-chute-de-sepp-blatter\/\"},\"wordCount\":1830,\"commentCount\":0,\"publisher\":{\"@id\":\"https:\/\/dicodusport.fr\/blog\/#organization\"},\"image\":{\"@id\":\"https:\/\/dicodusport.fr\/blog\/les-faits-divers-du-sport-fifagate-chute-de-sepp-blatter\/#primaryimage\"},\"thumbnailUrl\":\"https:\/\/dicodusport.fr\/blog\/wp-content\/uploads\/2020\/09\/Les-faits-divers-du-sport-\u2013-Fifagate-La-chute-de-Sepp-Blatter.png\",\"keywords\":[\"fifa\",\"Football\",\"Michel Platini\",\"Sepp Blatter\"],\"articleSection\":[\"Football\"],\"inLanguage\":\"fr-FR\",\"potentialAction\":[{\"@type\":\"CommentAction\",\"name\":\"Comment\",\"target\":[\"https:\/\/dicodusport.fr\/blog\/les-faits-divers-du-sport-fifagate-chute-de-sepp-blatter\/#respond\"]}],\"copyrightYear\":\"2020\",\"copyrightHolder\":{\"@id\":\"https:\/\/dicodusport.fr\/blog\/#organization\"}},{\"@type\":\"WebPage\",\"@id\":\"https:\/\/dicodusport.fr\/blog\/les-faits-divers-du-sport-fifagate-chute-de-sepp-blatter\/\",\"url\":\"https:\/\/dicodusport.fr\/blog\/les-faits-divers-du-sport-fifagate-chute-de-sepp-blatter\/\",\"name\":\"Les faits divers du sport \u2013 Fifagate : la chute de Sepp Blatter - Dicodusport\",\"isPartOf\":{\"@id\":\"https:\/\/dicodusport.fr\/blog\/#website\"},\"primaryImageOfPage\":{\"@id\":\"https:\/\/dicodusport.fr\/blog\/les-faits-divers-du-sport-fifagate-chute-de-sepp-blatter\/#primaryimage\"},\"image\":{\"@id\":\"https:\/\/dicodusport.fr\/blog\/les-faits-divers-du-sport-fifagate-chute-de-sepp-blatter\/#primaryimage\"},\"thumbnailUrl\":\"https:\/\/dicodusport.fr\/blog\/wp-content\/uploads\/2020\/09\/Les-faits-divers-du-sport-\u2013-Fifagate-La-chute-de-Sepp-Blatter.png\",\"datePublished\":\"2020-09-10T13:12:06+00:00\",\"description\":\"On vous propose de plonger dans les liens que tissent justice et sports. Derni\u00e8re partie de notre dossier Fifagate : la chute de Sepp Blatter.\u00a0\",\"breadcrumb\":{\"@id\":\"https:\/\/dicodusport.fr\/blog\/les-faits-divers-du-sport-fifagate-chute-de-sepp-blatter\/#breadcrumb\"},\"inLanguage\":\"fr-FR\",\"potentialAction\":[{\"@type\":\"ReadAction\",\"target\":[\"https:\/\/dicodusport.fr\/blog\/les-faits-divers-du-sport-fifagate-chute-de-sepp-blatter\/\"]}]},{\"@type\":\"ImageObject\",\"inLanguage\":\"fr-FR\",\"@id\":\"https:\/\/dicodusport.fr\/blog\/les-faits-divers-du-sport-fifagate-chute-de-sepp-blatter\/#primaryimage\",\"url\":\"https:\/\/dicodusport.fr\/blog\/wp-content\/uploads\/2020\/09\/Les-faits-divers-du-sport-\u2013-Fifagate-La-chute-de-Sepp-Blatter.png\",\"contentUrl\":\"https:\/\/dicodusport.fr\/blog\/wp-content\/uploads\/2020\/09\/Les-faits-divers-du-sport-\u2013-Fifagate-La-chute-de-Sepp-Blatter.png\",\"width\":800,\"height\":445,\"caption\":\"Les faits divers du sport \u2013 Fifagate : la chute de Sepp Blatter\"},{\"@type\":\"BreadcrumbList\",\"@id\":\"https:\/\/dicodusport.fr\/blog\/les-faits-divers-du-sport-fifagate-chute-de-sepp-blatter\/#breadcrumb\",\"itemListElement\":[{\"@type\":\"ListItem\",\"position\":1,\"name\":\"Accueil\",\"item\":\"https:\/\/dicodusport.fr\/blog\/\"},{\"@type\":\"ListItem\",\"position\":2,\"name\":\"Les faits divers du sport \u2013 Fifagate : la chute de Sepp Blatter\"}]},{\"@type\":\"WebSite\",\"@id\":\"https:\/\/dicodusport.fr\/blog\/#website\",\"url\":\"https:\/\/dicodusport.fr\/blog\/\",\"name\":\"Dicodusport\",\"description\":\"L&#039;encyclop\u00e9die de l&#039;actualit\u00e9 sportive\",\"publisher\":{\"@id\":\"https:\/\/dicodusport.fr\/blog\/#organization\"},\"potentialAction\":[{\"@type\":\"SearchAction\",\"target\":{\"@type\":\"EntryPoint\",\"urlTemplate\":\"https:\/\/dicodusport.fr\/blog\/?s={search_term_string}\"},\"query-input\":{\"@type\":\"PropertyValueSpecification\",\"valueRequired\":true,\"valueName\":\"search_term_string\"}}],\"inLanguage\":\"fr-FR\"},{\"@type\":\"NewsMediaOrganization\",\"@id\":\"https:\/\/dicodusport.fr\/blog\/#organization\",\"name\":\"Dicodusport\",\"url\":\"https:\/\/dicodusport.fr\/blog\/\",\"logo\":{\"@type\":\"ImageObject\",\"inLanguage\":\"fr-FR\",\"@id\":\"https:\/\/dicodusport.fr\/blog\/#\/schema\/logo\/image\/\",\"url\":\"https:\/\/dicodusport.fr\/blog\/wp-content\/uploads\/2020\/06\/cropped-LOGO-DICODUSPORT-2020-SANS-FOND-SANS-TEXTE.png\",\"contentUrl\":\"https:\/\/dicodusport.fr\/blog\/wp-content\/uploads\/2020\/06\/cropped-LOGO-DICODUSPORT-2020-SANS-FOND-SANS-TEXTE.png\",\"width\":512,\"height\":512,\"caption\":\"Dicodusport\"},\"image\":{\"@id\":\"https:\/\/dicodusport.fr\/blog\/#\/schema\/logo\/image\/\"},\"sameAs\":[\"https:\/\/www.facebook.com\/dicodusport\",\"https:\/\/x.com\/dicodusport\",\"https:\/\/www.instagram.com\/dicodusport\/\",\"https:\/\/www.youtube.com\/channel\/UC7V2KZ5sd3htJivAbA4ZG3w\"],\"description\":\"Dicodusport est l'encyclop\u00e9die de l'actualit\u00e9 sportive.\",\"email\":\"bonjour@dicodusport.fr\",\"legalName\":\"DICODUSPORT\",\"foundingDate\":\"2018-01-14\",\"vatID\":\"FR71834470973\",\"taxID\":\"83447097300043\",\"numberOfEmployees\":{\"@type\":\"QuantitativeValue\",\"minValue\":\"1\",\"maxValue\":\"10\"}},{\"@type\":\"Person\",\"@id\":\"https:\/\/dicodusport.fr\/blog\/#\/schema\/person\/20a73cde459581e727623fffec174040\",\"name\":\"Jordane Mougenot-Pelletier\",\"image\":{\"@type\":\"ImageObject\",\"inLanguage\":\"fr-FR\",\"@id\":\"https:\/\/dicodusport.fr\/blog\/#\/schema\/person\/image\/\",\"url\":\"https:\/\/dicodusport.fr\/blog\/wp-content\/uploads\/2021\/05\/Jordane-MP-150x150.jpg\",\"contentUrl\":\"https:\/\/dicodusport.fr\/blog\/wp-content\/uploads\/2021\/05\/Jordane-MP-150x150.jpg\",\"caption\":\"Jordane Mougenot-Pelletier\"},\"description\":\"Journaliste\/r\u00e9dacteur depuis mai 2018 - Dans mon sang coule \u00e0 la fois le feu des penne \u00e0 l'arrabiata et la glace du Grand Colombier. Amoureux des belles lettres et des Talking Heads, je supporte un club olympique. Int\u00e9ress\u00e9 par les relations qu'entretient le sport avec la soci\u00e9t\u00e9, je m'int\u00e9resse autant \u00e0 Marc C\u00e9cillon qu'\u00e0 Pep Guardiola, \u00e0 Tonya Harding qu'\u00e0 Philipp Roth. Enfant des 90's, on ne me fera pas croire qu'il y a eu plus beau \u00e0 voir depuis Zin\u00e9dine Zidane, Marco Pantani et Pete Sampras. La b\u00e9chamel est une invention du diable, la Super Ligue aussi.\",\"sameAs\":[\"https:\/\/x.com\/https:\/\/twitter.com\/jmp_pmj\"],\"url\":\"https:\/\/dicodusport.fr\/blog\/author\/jordane\/\"}]}<\/script>\n<!-- \/ Yoast SEO Premium plugin. -->","yoast_head_json":{"title":"Les faits divers du sport \u2013 Fifagate : la chute de Sepp Blatter - Dicodusport","description":"On vous propose de plonger dans les liens que tissent justice et sports. Derni\u00e8re partie de notre dossier Fifagate : la chute de Sepp Blatter.\u00a0","robots":{"index":"index","follow":"follow","max-snippet":"max-snippet:-1","max-image-preview":"max-image-preview:large","max-video-preview":"max-video-preview:-1"},"canonical":"https:\/\/dicodusport.fr\/blog\/les-faits-divers-du-sport-fifagate-chute-de-sepp-blatter\/","og_locale":"fr_FR","og_type":"article","og_title":"Les faits divers du sport \u2013 Fifagate : la chute de Sepp Blatter","og_description":"On vous propose de plonger dans les liens que tissent justice et sports. Derni\u00e8re partie de notre dossier Fifagate : la chute de Sepp Blatter.\u00a0","og_url":"https:\/\/dicodusport.fr\/blog\/les-faits-divers-du-sport-fifagate-chute-de-sepp-blatter\/","og_site_name":"Dicodusport","article_publisher":"https:\/\/www.facebook.com\/dicodusport","article_published_time":"2020-09-10T13:12:06+00:00","og_image":[{"width":800,"height":445,"url":"https:\/\/dicodusport.fr\/blog\/wp-content\/uploads\/2020\/09\/Les-faits-divers-du-sport-\u2013-Fifagate-La-chute-de-Sepp-Blatter.png","type":"image\/png"}],"author":"Jordane Mougenot-Pelletier","twitter_card":"summary_large_image","twitter_title":"Les faits divers du sport \u2013 Fifagate : la chute de Sepp Blatter","twitter_creator":"@https:\/\/twitter.com\/jmp_pmj","twitter_site":"@dicodusport","schema":{"@context":"https:\/\/schema.org","@graph":[{"@type":"NewsArticle","@id":"https:\/\/dicodusport.fr\/blog\/les-faits-divers-du-sport-fifagate-chute-de-sepp-blatter\/#article","isPartOf":{"@id":"https:\/\/dicodusport.fr\/blog\/les-faits-divers-du-sport-fifagate-chute-de-sepp-blatter\/"},"author":{"name":"Jordane Mougenot-Pelletier","@id":"https:\/\/dicodusport.fr\/blog\/#\/schema\/person\/20a73cde459581e727623fffec174040"},"headline":"Les faits divers du sport \u2013 Fifagate : la chute de Sepp Blatter","datePublished":"2020-09-10T13:12:06+00:00","mainEntityOfPage":{"@id":"https:\/\/dicodusport.fr\/blog\/les-faits-divers-du-sport-fifagate-chute-de-sepp-blatter\/"},"wordCount":1830,"commentCount":0,"publisher":{"@id":"https:\/\/dicodusport.fr\/blog\/#organization"},"image":{"@id":"https:\/\/dicodusport.fr\/blog\/les-faits-divers-du-sport-fifagate-chute-de-sepp-blatter\/#primaryimage"},"thumbnailUrl":"https:\/\/dicodusport.fr\/blog\/wp-content\/uploads\/2020\/09\/Les-faits-divers-du-sport-\u2013-Fifagate-La-chute-de-Sepp-Blatter.png","keywords":["fifa","Football","Michel Platini","Sepp Blatter"],"articleSection":["Football"],"inLanguage":"fr-FR","potentialAction":[{"@type":"CommentAction","name":"Comment","target":["https:\/\/dicodusport.fr\/blog\/les-faits-divers-du-sport-fifagate-chute-de-sepp-blatter\/#respond"]}],"copyrightYear":"2020","copyrightHolder":{"@id":"https:\/\/dicodusport.fr\/blog\/#organization"}},{"@type":"WebPage","@id":"https:\/\/dicodusport.fr\/blog\/les-faits-divers-du-sport-fifagate-chute-de-sepp-blatter\/","url":"https:\/\/dicodusport.fr\/blog\/les-faits-divers-du-sport-fifagate-chute-de-sepp-blatter\/","name":"Les faits divers du sport \u2013 Fifagate : la chute de Sepp Blatter - Dicodusport","isPartOf":{"@id":"https:\/\/dicodusport.fr\/blog\/#website"},"primaryImageOfPage":{"@id":"https:\/\/dicodusport.fr\/blog\/les-faits-divers-du-sport-fifagate-chute-de-sepp-blatter\/#primaryimage"},"image":{"@id":"https:\/\/dicodusport.fr\/blog\/les-faits-divers-du-sport-fifagate-chute-de-sepp-blatter\/#primaryimage"},"thumbnailUrl":"https:\/\/dicodusport.fr\/blog\/wp-content\/uploads\/2020\/09\/Les-faits-divers-du-sport-\u2013-Fifagate-La-chute-de-Sepp-Blatter.png","datePublished":"2020-09-10T13:12:06+00:00","description":"On vous propose de plonger dans les liens que tissent justice et sports. Derni\u00e8re partie de notre dossier Fifagate : la chute de Sepp Blatter.\u00a0","breadcrumb":{"@id":"https:\/\/dicodusport.fr\/blog\/les-faits-divers-du-sport-fifagate-chute-de-sepp-blatter\/#breadcrumb"},"inLanguage":"fr-FR","potentialAction":[{"@type":"ReadAction","target":["https:\/\/dicodusport.fr\/blog\/les-faits-divers-du-sport-fifagate-chute-de-sepp-blatter\/"]}]},{"@type":"ImageObject","inLanguage":"fr-FR","@id":"https:\/\/dicodusport.fr\/blog\/les-faits-divers-du-sport-fifagate-chute-de-sepp-blatter\/#primaryimage","url":"https:\/\/dicodusport.fr\/blog\/wp-content\/uploads\/2020\/09\/Les-faits-divers-du-sport-\u2013-Fifagate-La-chute-de-Sepp-Blatter.png","contentUrl":"https:\/\/dicodusport.fr\/blog\/wp-content\/uploads\/2020\/09\/Les-faits-divers-du-sport-\u2013-Fifagate-La-chute-de-Sepp-Blatter.png","width":800,"height":445,"caption":"Les faits divers du sport \u2013 Fifagate : la chute de Sepp Blatter"},{"@type":"BreadcrumbList","@id":"https:\/\/dicodusport.fr\/blog\/les-faits-divers-du-sport-fifagate-chute-de-sepp-blatter\/#breadcrumb","itemListElement":[{"@type":"ListItem","position":1,"name":"Accueil","item":"https:\/\/dicodusport.fr\/blog\/"},{"@type":"ListItem","position":2,"name":"Les faits divers du sport \u2013 Fifagate : la chute de Sepp Blatter"}]},{"@type":"WebSite","@id":"https:\/\/dicodusport.fr\/blog\/#website","url":"https:\/\/dicodusport.fr\/blog\/","name":"Dicodusport","description":"L&#039;encyclop\u00e9die de l&#039;actualit\u00e9 sportive","publisher":{"@id":"https:\/\/dicodusport.fr\/blog\/#organization"},"potentialAction":[{"@type":"SearchAction","target":{"@type":"EntryPoint","urlTemplate":"https:\/\/dicodusport.fr\/blog\/?s={search_term_string}"},"query-input":{"@type":"PropertyValueSpecification","valueRequired":true,"valueName":"search_term_string"}}],"inLanguage":"fr-FR"},{"@type":"NewsMediaOrganization","@id":"https:\/\/dicodusport.fr\/blog\/#organization","name":"Dicodusport","url":"https:\/\/dicodusport.fr\/blog\/","logo":{"@type":"ImageObject","inLanguage":"fr-FR","@id":"https:\/\/dicodusport.fr\/blog\/#\/schema\/logo\/image\/","url":"https:\/\/dicodusport.fr\/blog\/wp-content\/uploads\/2020\/06\/cropped-LOGO-DICODUSPORT-2020-SANS-FOND-SANS-TEXTE.png","contentUrl":"https:\/\/dicodusport.fr\/blog\/wp-content\/uploads\/2020\/06\/cropped-LOGO-DICODUSPORT-2020-SANS-FOND-SANS-TEXTE.png","width":512,"height":512,"caption":"Dicodusport"},"image":{"@id":"https:\/\/dicodusport.fr\/blog\/#\/schema\/logo\/image\/"},"sameAs":["https:\/\/www.facebook.com\/dicodusport","https:\/\/x.com\/dicodusport","https:\/\/www.instagram.com\/dicodusport\/","https:\/\/www.youtube.com\/channel\/UC7V2KZ5sd3htJivAbA4ZG3w"],"description":"Dicodusport est l'encyclop\u00e9die de l'actualit\u00e9 sportive.","email":"bonjour@dicodusport.fr","legalName":"DICODUSPORT","foundingDate":"2018-01-14","vatID":"FR71834470973","taxID":"83447097300043","numberOfEmployees":{"@type":"QuantitativeValue","minValue":"1","maxValue":"10"}},{"@type":"Person","@id":"https:\/\/dicodusport.fr\/blog\/#\/schema\/person\/20a73cde459581e727623fffec174040","name":"Jordane Mougenot-Pelletier","image":{"@type":"ImageObject","inLanguage":"fr-FR","@id":"https:\/\/dicodusport.fr\/blog\/#\/schema\/person\/image\/","url":"https:\/\/dicodusport.fr\/blog\/wp-content\/uploads\/2021\/05\/Jordane-MP-150x150.jpg","contentUrl":"https:\/\/dicodusport.fr\/blog\/wp-content\/uploads\/2021\/05\/Jordane-MP-150x150.jpg","caption":"Jordane Mougenot-Pelletier"},"description":"Journaliste\/r\u00e9dacteur depuis mai 2018 - Dans mon sang coule \u00e0 la fois le feu des penne \u00e0 l'arrabiata et la glace du Grand Colombier. Amoureux des belles lettres et des Talking Heads, je supporte un club olympique. Int\u00e9ress\u00e9 par les relations qu'entretient le sport avec la soci\u00e9t\u00e9, je m'int\u00e9resse autant \u00e0 Marc C\u00e9cillon qu'\u00e0 Pep Guardiola, \u00e0 Tonya Harding qu'\u00e0 Philipp Roth. Enfant des 90's, on ne me fera pas croire qu'il y a eu plus beau \u00e0 voir depuis Zin\u00e9dine Zidane, Marco Pantani et Pete Sampras. La b\u00e9chamel est une invention du diable, la Super Ligue aussi.","sameAs":["https:\/\/x.com\/https:\/\/twitter.com\/jmp_pmj"],"url":"https:\/\/dicodusport.fr\/blog\/author\/jordane\/"}]}},"_links":{"self":[{"href":"https:\/\/dicodusport.fr\/blog\/wp-json\/wp\/v2\/posts\/76512","targetHints":{"allow":["GET"]}}],"collection":[{"href":"https:\/\/dicodusport.fr\/blog\/wp-json\/wp\/v2\/posts"}],"about":[{"href":"https:\/\/dicodusport.fr\/blog\/wp-json\/wp\/v2\/types\/post"}],"author":[{"embeddable":true,"href":"https:\/\/dicodusport.fr\/blog\/wp-json\/wp\/v2\/users\/40"}],"replies":[{"embeddable":true,"href":"https:\/\/dicodusport.fr\/blog\/wp-json\/wp\/v2\/comments?post=76512"}],"version-history":[{"count":0,"href":"https:\/\/dicodusport.fr\/blog\/wp-json\/wp\/v2\/posts\/76512\/revisions"}],"wp:featuredmedia":[{"embeddable":true,"href":"https:\/\/dicodusport.fr\/blog\/wp-json\/wp\/v2\/media\/77731"}],"wp:attachment":[{"href":"https:\/\/dicodusport.fr\/blog\/wp-json\/wp\/v2\/media?parent=76512"}],"wp:term":[{"taxonomy":"category","embeddable":true,"href":"https:\/\/dicodusport.fr\/blog\/wp-json\/wp\/v2\/categories?post=76512"},{"taxonomy":"post_tag","embeddable":true,"href":"https:\/\/dicodusport.fr\/blog\/wp-json\/wp\/v2\/tags?post=76512"}],"curies":[{"name":"wp","href":"https:\/\/api.w.org\/{rel}","templated":true}]}}