{"id":77071,"date":"2020-09-05T20:36:09","date_gmt":"2020-09-05T18:36:09","guid":{"rendered":"http:\/\/dicodusport.fr\/blog\/?p=77071&#038;preview=true&#038;preview_id=77071"},"modified":"2020-09-05T22:01:05","modified_gmt":"2020-09-05T20:01:05","slug":"us-open-2020-babos-et-mladenovic-contraintes-a-labandon","status":"publish","type":"post","link":"https:\/\/dicodusport.fr\/blog\/us-open-2020-babos-et-mladenovic-contraintes-a-labandon\/","title":{"rendered":"US Open 2020 : Babos et Mladenovic contraintes \u00e0 l&rsquo;abandon !"},"content":{"rendered":"<p style=\"text-align: justify;\"><strong><em>Apr\u00e8s d\u00e9cision des autorit\u00e9s de sant\u00e9 locales, Timea Babos et Kristina Mladenovic ont \u00e9t\u00e9 retir\u00e9es du tableau de double f\u00e9minin de l&rsquo;<a href=\"http:\/\/dicodusport.fr\/blog\/us-open-2020-les-tableaux-de-double\/\" target=\"_blank\" rel=\"noopener noreferrer\">US Open 2020<\/a>.<br \/>\n<\/em><\/strong><\/p>\n<p style=\"text-align: justify;\"><strong>Kristina Mladenovic<\/strong> est un cas contact rapproch\u00e9 de Beno\u00eet Paire qui avait d\u00fb d\u00e9clarer forfait la veille du d\u00e9but du tournoi. Et bien qu&rsquo;elle soit dans une bulle \u00e0 l&rsquo;int\u00e9rieur de la bulle new-yorkaise, elle avait jou\u00e9 ses deux tours en simple et le 1er tour en double avec Timea Babos. Elles devaient jouer ce soir face \u00e0 Riske et Dabrowski.<\/p>\n<p style=\"text-align: justify;\">La f\u00e9d\u00e9ration de tennis am\u00e9ricaine a publi\u00e9 un communiqu\u00e9 expliquant que les responsables de la sant\u00e9 publique du comt\u00e9 de Nassau imposent une <strong>quarantaine<\/strong> \u00e0 tous les contacts \u00e9troits prolong\u00e9s d&rsquo;une personne test\u00e9e positive. C&rsquo;est le cas de Mladenovic, les tetes de s\u00e9ries n\u00b01 sont donc <strong>retir\u00e9es du tableau<\/strong>.<\/p>\n<p style=\"text-align: justify;\">Le protocole reste tr\u00e8s flou : hier soir Mannarino n&rsquo;avait pu jouer son match qu&rsquo;apr\u00e8s 3h de n\u00e9gociations et aujourd&rsquo;hui Nicolas Mahut a pu voyager pour rentrer en France&#8230; Une explication plausible : l&rsquo;h\u00f4tel des joueurs d\u00e9pend du <strong>comt\u00e9 de Nassau<\/strong> tandis que le stade Billie Jean King se trouve dans l&rsquo;arrondissement du <strong>Queens \u00e0 New York<\/strong>. Et ce sont les d\u00e9cisions du comt\u00e9 de Nassau qui pr\u00e9valent sur les accords pris par la f\u00e9d\u00e9ration am\u00e9ricaine et la ville de New York.<\/p>\n<p style=\"text-align: justify;\">Si les joueurs savaient \u00e0 quoi s&rsquo;attendre en choisissant de disputer cet US Open, les rebondissements et l&rsquo;inconsistance des d\u00e9cisions questionnent.<br \/>\nLa Fran\u00e7aise devant rester une semaine de plus sur place, elle ne pourra pas participer au tournoi d&rsquo;<strong>Istanbul<\/strong> la semaine prochaine. Sa participation au tournoi de <strong>Rome<\/strong> (14-21 septembre) reste incertaine.<\/p>\n<p><strong><em>Dicodusport<br \/>\n<a href=\"https:\/\/www.facebook.com\/dicodusport\/\" target=\"_blank\" rel=\"noopener noreferrer\"><img loading=\"lazy\" decoding=\"async\" class=\"alignnone wp-image-2909\" src=\"http:\/\/dicodusport.fr\/blog\/wp-content\/uploads\/2017\/07\/logo-facebook-150x150.png\" alt=\"\" width=\"40\" height=\"40\" \/><\/a><a href=\"https:\/\/twitter.com\/dicodusport\" target=\"_blank\" rel=\"noopener noreferrer\"><img loading=\"lazy\" decoding=\"async\" class=\"alignnone wp-image-2908\" src=\"http:\/\/dicodusport.fr\/blog\/wp-content\/uploads\/2017\/07\/logo-twitter-150x150.png\" alt=\"\" width=\"39\" height=\"39\" \/><\/a><\/em><\/strong><\/p>\n","protected":false},"excerpt":{"rendered":"<p>Apr\u00e8s d\u00e9cision des autorit\u00e9s de sant\u00e9 locales, la paire Franco-Hongroise a \u00e9t\u00e9 retir\u00e9e du tableau de double f\u00e9minin de l&rsquo;US Open 2020.<\/p>\n","protected":false},"author":12,"featured_media":77073,"comment_status":"open","ping_status":"closed","sticky":false,"template":"","format":"standard","meta":{"_acf_changed":false,"_daextam_enable_autolinks":"","footnotes":""},"categories":[2302],"tags":[7117,5942,3144,5913],"class_list":["post-77071","post","type-post","status-publish","format-standard","has-post-thumbnail","hentry","category-tennis","tag-babos-mladenovic","tag-benoit-paire","tag-kristina-mladenovic","tag-timea-babos"],"acf":[],"yoast_head":"<!-- This site is optimized with the Yoast SEO Premium plugin v26.7 (Yoast SEO v26.7) - https:\/\/yoast.com\/wordpress\/plugins\/seo\/ -->\n<title>US Open 2020 : Babos et Mladenovic contraintes \u00e0 l&#039;abandon !<\/title>\n<meta name=\"description\" content=\"Apr\u00e8s d\u00e9cision des autorit\u00e9s de sant\u00e9 locales, la paire Franco-Hongroise a \u00e9t\u00e9 retir\u00e9e du tableau de double f\u00e9minin de l&#039;US Open 2020.\" \/>\n<meta name=\"robots\" content=\"index, follow, max-snippet:-1, max-image-preview:large, max-video-preview:-1\" \/>\n<link rel=\"canonical\" href=\"https:\/\/dicodusport.fr\/blog\/us-open-2020-babos-et-mladenovic-contraintes-a-labandon\/\" \/>\n<meta property=\"og:locale\" content=\"fr_FR\" \/>\n<meta property=\"og:type\" content=\"article\" \/>\n<meta property=\"og:title\" content=\"US Open 2020 : Babos et Mladenovic contraintes \u00e0 l&#039;abandon !\" \/>\n<meta property=\"og:description\" content=\"Apr\u00e8s d\u00e9cision des autorit\u00e9s de sant\u00e9 locales, la paire Franco-Hongroise a \u00e9t\u00e9 retir\u00e9e du tableau de double f\u00e9minin de l&#039;US Open 2020.\" \/>\n<meta property=\"og:url\" content=\"https:\/\/dicodusport.fr\/blog\/us-open-2020-babos-et-mladenovic-contraintes-a-labandon\/\" \/>\n<meta property=\"og:site_name\" content=\"Dicodusport\" \/>\n<meta property=\"article:publisher\" content=\"https:\/\/www.facebook.com\/dicodusport\" \/>\n<meta property=\"article:published_time\" content=\"2020-09-05T18:36:09+00:00\" \/>\n<meta property=\"article:modified_time\" content=\"2020-09-05T20:01:05+00:00\" \/>\n<meta property=\"og:image\" content=\"https:\/\/dicodusport.fr\/blog\/wp-content\/uploads\/2020\/09\/Babos-Mladenovic.jpg\" \/>\n\t<meta property=\"og:image:width\" content=\"800\" \/>\n\t<meta property=\"og:image:height\" content=\"440\" \/>\n\t<meta property=\"og:image:type\" content=\"image\/jpeg\" \/>\n<meta name=\"author\" content=\"Arlette Yeye\" \/>\n<meta name=\"twitter:card\" content=\"summary_large_image\" \/>\n<meta name=\"twitter:title\" content=\"US Open 2020 : Babos et Mladenovic contraintes \u00e0 l&#039;abandon !\" \/>\n<meta name=\"twitter:creator\" content=\"@https:\/\/twitter.com\/Shiclette94\" \/>\n<meta name=\"twitter:site\" content=\"@dicodusport\" \/>\n<script type=\"application\/ld+json\" class=\"yoast-schema-graph\">{\"@context\":\"https:\/\/schema.org\",\"@graph\":[{\"@type\":\"NewsArticle\",\"@id\":\"https:\/\/dicodusport.fr\/blog\/us-open-2020-babos-et-mladenovic-contraintes-a-labandon\/#article\",\"isPartOf\":{\"@id\":\"https:\/\/dicodusport.fr\/blog\/us-open-2020-babos-et-mladenovic-contraintes-a-labandon\/\"},\"author\":{\"name\":\"Arlette Yeye\",\"@id\":\"https:\/\/dicodusport.fr\/blog\/#\/schema\/person\/cce96fa88785bd8573e3d43078ac8c79\"},\"headline\":\"US Open 2020 : Babos et Mladenovic contraintes \u00e0 l&rsquo;abandon !\",\"datePublished\":\"2020-09-05T18:36:09+00:00\",\"dateModified\":\"2020-09-05T20:01:05+00:00\",\"mainEntityOfPage\":{\"@id\":\"https:\/\/dicodusport.fr\/blog\/us-open-2020-babos-et-mladenovic-contraintes-a-labandon\/\"},\"wordCount\":310,\"commentCount\":0,\"publisher\":{\"@id\":\"https:\/\/dicodusport.fr\/blog\/#organization\"},\"image\":{\"@id\":\"https:\/\/dicodusport.fr\/blog\/us-open-2020-babos-et-mladenovic-contraintes-a-labandon\/#primaryimage\"},\"thumbnailUrl\":\"https:\/\/dicodusport.fr\/blog\/wp-content\/uploads\/2020\/09\/Babos-Mladenovic.jpg\",\"keywords\":[\"Babos\/Mladenovic\",\"Beno\u00eet Paire\",\"Kristina Mladenovic\",\"Timea Babos\"],\"articleSection\":[\"Tennis\"],\"inLanguage\":\"fr-FR\",\"potentialAction\":[{\"@type\":\"CommentAction\",\"name\":\"Comment\",\"target\":[\"https:\/\/dicodusport.fr\/blog\/us-open-2020-babos-et-mladenovic-contraintes-a-labandon\/#respond\"]}],\"copyrightYear\":\"2020\",\"copyrightHolder\":{\"@id\":\"https:\/\/dicodusport.fr\/blog\/#organization\"}},{\"@type\":\"WebPage\",\"@id\":\"https:\/\/dicodusport.fr\/blog\/us-open-2020-babos-et-mladenovic-contraintes-a-labandon\/\",\"url\":\"https:\/\/dicodusport.fr\/blog\/us-open-2020-babos-et-mladenovic-contraintes-a-labandon\/\",\"name\":\"US Open 2020 : Babos et Mladenovic contraintes \u00e0 l'abandon !\",\"isPartOf\":{\"@id\":\"https:\/\/dicodusport.fr\/blog\/#website\"},\"primaryImageOfPage\":{\"@id\":\"https:\/\/dicodusport.fr\/blog\/us-open-2020-babos-et-mladenovic-contraintes-a-labandon\/#primaryimage\"},\"image\":{\"@id\":\"https:\/\/dicodusport.fr\/blog\/us-open-2020-babos-et-mladenovic-contraintes-a-labandon\/#primaryimage\"},\"thumbnailUrl\":\"https:\/\/dicodusport.fr\/blog\/wp-content\/uploads\/2020\/09\/Babos-Mladenovic.jpg\",\"datePublished\":\"2020-09-05T18:36:09+00:00\",\"dateModified\":\"2020-09-05T20:01:05+00:00\",\"description\":\"Apr\u00e8s d\u00e9cision des autorit\u00e9s de sant\u00e9 locales, la paire Franco-Hongroise a \u00e9t\u00e9 retir\u00e9e du tableau de double f\u00e9minin de l'US Open 2020.\",\"breadcrumb\":{\"@id\":\"https:\/\/dicodusport.fr\/blog\/us-open-2020-babos-et-mladenovic-contraintes-a-labandon\/#breadcrumb\"},\"inLanguage\":\"fr-FR\",\"potentialAction\":[{\"@type\":\"ReadAction\",\"target\":[\"https:\/\/dicodusport.fr\/blog\/us-open-2020-babos-et-mladenovic-contraintes-a-labandon\/\"]}]},{\"@type\":\"ImageObject\",\"inLanguage\":\"fr-FR\",\"@id\":\"https:\/\/dicodusport.fr\/blog\/us-open-2020-babos-et-mladenovic-contraintes-a-labandon\/#primaryimage\",\"url\":\"https:\/\/dicodusport.fr\/blog\/wp-content\/uploads\/2020\/09\/Babos-Mladenovic.jpg\",\"contentUrl\":\"https:\/\/dicodusport.fr\/blog\/wp-content\/uploads\/2020\/09\/Babos-Mladenovic.jpg\",\"width\":800,\"height\":440},{\"@type\":\"BreadcrumbList\",\"@id\":\"https:\/\/dicodusport.fr\/blog\/us-open-2020-babos-et-mladenovic-contraintes-a-labandon\/#breadcrumb\",\"itemListElement\":[{\"@type\":\"ListItem\",\"position\":1,\"name\":\"Accueil\",\"item\":\"https:\/\/dicodusport.fr\/blog\/\"},{\"@type\":\"ListItem\",\"position\":2,\"name\":\"US Open 2020 : Babos et Mladenovic contraintes \u00e0 l&rsquo;abandon !\"}]},{\"@type\":\"WebSite\",\"@id\":\"https:\/\/dicodusport.fr\/blog\/#website\",\"url\":\"https:\/\/dicodusport.fr\/blog\/\",\"name\":\"Dicodusport\",\"description\":\"L&#039;encyclop\u00e9die de l&#039;actualit\u00e9 sportive\",\"publisher\":{\"@id\":\"https:\/\/dicodusport.fr\/blog\/#organization\"},\"potentialAction\":[{\"@type\":\"SearchAction\",\"target\":{\"@type\":\"EntryPoint\",\"urlTemplate\":\"https:\/\/dicodusport.fr\/blog\/?s={search_term_string}\"},\"query-input\":{\"@type\":\"PropertyValueSpecification\",\"valueRequired\":true,\"valueName\":\"search_term_string\"}}],\"inLanguage\":\"fr-FR\"},{\"@type\":\"NewsMediaOrganization\",\"@id\":\"https:\/\/dicodusport.fr\/blog\/#organization\",\"name\":\"Dicodusport\",\"url\":\"https:\/\/dicodusport.fr\/blog\/\",\"logo\":{\"@type\":\"ImageObject\",\"inLanguage\":\"fr-FR\",\"@id\":\"https:\/\/dicodusport.fr\/blog\/#\/schema\/logo\/image\/\",\"url\":\"https:\/\/dicodusport.fr\/blog\/wp-content\/uploads\/2020\/06\/cropped-LOGO-DICODUSPORT-2020-SANS-FOND-SANS-TEXTE.png\",\"contentUrl\":\"https:\/\/dicodusport.fr\/blog\/wp-content\/uploads\/2020\/06\/cropped-LOGO-DICODUSPORT-2020-SANS-FOND-SANS-TEXTE.png\",\"width\":512,\"height\":512,\"caption\":\"Dicodusport\"},\"image\":{\"@id\":\"https:\/\/dicodusport.fr\/blog\/#\/schema\/logo\/image\/\"},\"sameAs\":[\"https:\/\/www.facebook.com\/dicodusport\",\"https:\/\/x.com\/dicodusport\",\"https:\/\/www.instagram.com\/dicodusport\/\",\"https:\/\/www.youtube.com\/channel\/UC7V2KZ5sd3htJivAbA4ZG3w\"],\"description\":\"Dicodusport est l'encyclop\u00e9die de l'actualit\u00e9 sportive.\",\"email\":\"bonjour@dicodusport.fr\",\"legalName\":\"DICODUSPORT\",\"foundingDate\":\"2018-01-14\",\"vatID\":\"FR71834470973\",\"taxID\":\"83447097300043\",\"numberOfEmployees\":{\"@type\":\"QuantitativeValue\",\"minValue\":\"1\",\"maxValue\":\"10\"}},{\"@type\":\"Person\",\"@id\":\"https:\/\/dicodusport.fr\/blog\/#\/schema\/person\/cce96fa88785bd8573e3d43078ac8c79\",\"name\":\"Arlette Yeye\",\"image\":{\"@type\":\"ImageObject\",\"inLanguage\":\"fr-FR\",\"@id\":\"https:\/\/dicodusport.fr\/blog\/#\/schema\/person\/image\/\",\"url\":\"https:\/\/secure.gravatar.com\/avatar\/dca4a6239e6d708e46c45d60e160de6c?s=96&d=wp_user_avatar&r=g\",\"contentUrl\":\"https:\/\/secure.gravatar.com\/avatar\/dca4a6239e6d708e46c45d60e160de6c?s=96&d=wp_user_avatar&r=g\",\"caption\":\"Arlette Yeye\"},\"description\":\"Journaliste\/r\u00e9dactrice depuis septembre 2015 - Supportrice de Chelsea, j'ai pour sports de pr\u00e9dilection le handball, l'athl\u00e9tisme et le tennis. Si je tweete plus vite que mon ombre, vous pouvez aussi me retrouver les week-ends sur les playgrounds de Bruxelles pour un petit foot ou basket entre potes. Parcourir la France, l'Europe et plus si affinit\u00e9s pour suivre mes sportifs pr\u00e9f\u00e9r\u00e9s ? Mon kif ! Et c'est avec plaisir que je partage les r\u00e9sultats des sports populaires mais \u00e9galement plus confidentiels pour Dicodusport.\",\"sameAs\":[\"https:\/\/x.com\/https:\/\/twitter.com\/Shiclette94\"],\"url\":\"https:\/\/dicodusport.fr\/blog\/author\/arlette\/\"}]}<\/script>\n<!-- \/ Yoast SEO Premium plugin. -->","yoast_head_json":{"title":"US Open 2020 : Babos et Mladenovic contraintes \u00e0 l'abandon !","description":"Apr\u00e8s d\u00e9cision des autorit\u00e9s de sant\u00e9 locales, la paire Franco-Hongroise a \u00e9t\u00e9 retir\u00e9e du tableau de double f\u00e9minin de l'US Open 2020.","robots":{"index":"index","follow":"follow","max-snippet":"max-snippet:-1","max-image-preview":"max-image-preview:large","max-video-preview":"max-video-preview:-1"},"canonical":"https:\/\/dicodusport.fr\/blog\/us-open-2020-babos-et-mladenovic-contraintes-a-labandon\/","og_locale":"fr_FR","og_type":"article","og_title":"US Open 2020 : Babos et Mladenovic contraintes \u00e0 l'abandon !","og_description":"Apr\u00e8s d\u00e9cision des autorit\u00e9s de sant\u00e9 locales, la paire Franco-Hongroise a \u00e9t\u00e9 retir\u00e9e du tableau de double f\u00e9minin de l'US Open 2020.","og_url":"https:\/\/dicodusport.fr\/blog\/us-open-2020-babos-et-mladenovic-contraintes-a-labandon\/","og_site_name":"Dicodusport","article_publisher":"https:\/\/www.facebook.com\/dicodusport","article_published_time":"2020-09-05T18:36:09+00:00","article_modified_time":"2020-09-05T20:01:05+00:00","og_image":[{"width":800,"height":440,"url":"https:\/\/dicodusport.fr\/blog\/wp-content\/uploads\/2020\/09\/Babos-Mladenovic.jpg","type":"image\/jpeg"}],"author":"Arlette Yeye","twitter_card":"summary_large_image","twitter_title":"US Open 2020 : Babos et Mladenovic contraintes \u00e0 l'abandon !","twitter_creator":"@https:\/\/twitter.com\/Shiclette94","twitter_site":"@dicodusport","schema":{"@context":"https:\/\/schema.org","@graph":[{"@type":"NewsArticle","@id":"https:\/\/dicodusport.fr\/blog\/us-open-2020-babos-et-mladenovic-contraintes-a-labandon\/#article","isPartOf":{"@id":"https:\/\/dicodusport.fr\/blog\/us-open-2020-babos-et-mladenovic-contraintes-a-labandon\/"},"author":{"name":"Arlette Yeye","@id":"https:\/\/dicodusport.fr\/blog\/#\/schema\/person\/cce96fa88785bd8573e3d43078ac8c79"},"headline":"US Open 2020 : Babos et Mladenovic contraintes \u00e0 l&rsquo;abandon !","datePublished":"2020-09-05T18:36:09+00:00","dateModified":"2020-09-05T20:01:05+00:00","mainEntityOfPage":{"@id":"https:\/\/dicodusport.fr\/blog\/us-open-2020-babos-et-mladenovic-contraintes-a-labandon\/"},"wordCount":310,"commentCount":0,"publisher":{"@id":"https:\/\/dicodusport.fr\/blog\/#organization"},"image":{"@id":"https:\/\/dicodusport.fr\/blog\/us-open-2020-babos-et-mladenovic-contraintes-a-labandon\/#primaryimage"},"thumbnailUrl":"https:\/\/dicodusport.fr\/blog\/wp-content\/uploads\/2020\/09\/Babos-Mladenovic.jpg","keywords":["Babos\/Mladenovic","Beno\u00eet Paire","Kristina Mladenovic","Timea Babos"],"articleSection":["Tennis"],"inLanguage":"fr-FR","potentialAction":[{"@type":"CommentAction","name":"Comment","target":["https:\/\/dicodusport.fr\/blog\/us-open-2020-babos-et-mladenovic-contraintes-a-labandon\/#respond"]}],"copyrightYear":"2020","copyrightHolder":{"@id":"https:\/\/dicodusport.fr\/blog\/#organization"}},{"@type":"WebPage","@id":"https:\/\/dicodusport.fr\/blog\/us-open-2020-babos-et-mladenovic-contraintes-a-labandon\/","url":"https:\/\/dicodusport.fr\/blog\/us-open-2020-babos-et-mladenovic-contraintes-a-labandon\/","name":"US Open 2020 : Babos et Mladenovic contraintes \u00e0 l'abandon !","isPartOf":{"@id":"https:\/\/dicodusport.fr\/blog\/#website"},"primaryImageOfPage":{"@id":"https:\/\/dicodusport.fr\/blog\/us-open-2020-babos-et-mladenovic-contraintes-a-labandon\/#primaryimage"},"image":{"@id":"https:\/\/dicodusport.fr\/blog\/us-open-2020-babos-et-mladenovic-contraintes-a-labandon\/#primaryimage"},"thumbnailUrl":"https:\/\/dicodusport.fr\/blog\/wp-content\/uploads\/2020\/09\/Babos-Mladenovic.jpg","datePublished":"2020-09-05T18:36:09+00:00","dateModified":"2020-09-05T20:01:05+00:00","description":"Apr\u00e8s d\u00e9cision des autorit\u00e9s de sant\u00e9 locales, la paire Franco-Hongroise a \u00e9t\u00e9 retir\u00e9e du tableau de double f\u00e9minin de l'US Open 2020.","breadcrumb":{"@id":"https:\/\/dicodusport.fr\/blog\/us-open-2020-babos-et-mladenovic-contraintes-a-labandon\/#breadcrumb"},"inLanguage":"fr-FR","potentialAction":[{"@type":"ReadAction","target":["https:\/\/dicodusport.fr\/blog\/us-open-2020-babos-et-mladenovic-contraintes-a-labandon\/"]}]},{"@type":"ImageObject","inLanguage":"fr-FR","@id":"https:\/\/dicodusport.fr\/blog\/us-open-2020-babos-et-mladenovic-contraintes-a-labandon\/#primaryimage","url":"https:\/\/dicodusport.fr\/blog\/wp-content\/uploads\/2020\/09\/Babos-Mladenovic.jpg","contentUrl":"https:\/\/dicodusport.fr\/blog\/wp-content\/uploads\/2020\/09\/Babos-Mladenovic.jpg","width":800,"height":440},{"@type":"BreadcrumbList","@id":"https:\/\/dicodusport.fr\/blog\/us-open-2020-babos-et-mladenovic-contraintes-a-labandon\/#breadcrumb","itemListElement":[{"@type":"ListItem","position":1,"name":"Accueil","item":"https:\/\/dicodusport.fr\/blog\/"},{"@type":"ListItem","position":2,"name":"US Open 2020 : Babos et Mladenovic contraintes \u00e0 l&rsquo;abandon !"}]},{"@type":"WebSite","@id":"https:\/\/dicodusport.fr\/blog\/#website","url":"https:\/\/dicodusport.fr\/blog\/","name":"Dicodusport","description":"L&#039;encyclop\u00e9die de l&#039;actualit\u00e9 sportive","publisher":{"@id":"https:\/\/dicodusport.fr\/blog\/#organization"},"potentialAction":[{"@type":"SearchAction","target":{"@type":"EntryPoint","urlTemplate":"https:\/\/dicodusport.fr\/blog\/?s={search_term_string}"},"query-input":{"@type":"PropertyValueSpecification","valueRequired":true,"valueName":"search_term_string"}}],"inLanguage":"fr-FR"},{"@type":"NewsMediaOrganization","@id":"https:\/\/dicodusport.fr\/blog\/#organization","name":"Dicodusport","url":"https:\/\/dicodusport.fr\/blog\/","logo":{"@type":"ImageObject","inLanguage":"fr-FR","@id":"https:\/\/dicodusport.fr\/blog\/#\/schema\/logo\/image\/","url":"https:\/\/dicodusport.fr\/blog\/wp-content\/uploads\/2020\/06\/cropped-LOGO-DICODUSPORT-2020-SANS-FOND-SANS-TEXTE.png","contentUrl":"https:\/\/dicodusport.fr\/blog\/wp-content\/uploads\/2020\/06\/cropped-LOGO-DICODUSPORT-2020-SANS-FOND-SANS-TEXTE.png","width":512,"height":512,"caption":"Dicodusport"},"image":{"@id":"https:\/\/dicodusport.fr\/blog\/#\/schema\/logo\/image\/"},"sameAs":["https:\/\/www.facebook.com\/dicodusport","https:\/\/x.com\/dicodusport","https:\/\/www.instagram.com\/dicodusport\/","https:\/\/www.youtube.com\/channel\/UC7V2KZ5sd3htJivAbA4ZG3w"],"description":"Dicodusport est l'encyclop\u00e9die de l'actualit\u00e9 sportive.","email":"bonjour@dicodusport.fr","legalName":"DICODUSPORT","foundingDate":"2018-01-14","vatID":"FR71834470973","taxID":"83447097300043","numberOfEmployees":{"@type":"QuantitativeValue","minValue":"1","maxValue":"10"}},{"@type":"Person","@id":"https:\/\/dicodusport.fr\/blog\/#\/schema\/person\/cce96fa88785bd8573e3d43078ac8c79","name":"Arlette Yeye","image":{"@type":"ImageObject","inLanguage":"fr-FR","@id":"https:\/\/dicodusport.fr\/blog\/#\/schema\/person\/image\/","url":"https:\/\/secure.gravatar.com\/avatar\/dca4a6239e6d708e46c45d60e160de6c?s=96&d=wp_user_avatar&r=g","contentUrl":"https:\/\/secure.gravatar.com\/avatar\/dca4a6239e6d708e46c45d60e160de6c?s=96&d=wp_user_avatar&r=g","caption":"Arlette Yeye"},"description":"Journaliste\/r\u00e9dactrice depuis septembre 2015 - Supportrice de Chelsea, j'ai pour sports de pr\u00e9dilection le handball, l'athl\u00e9tisme et le tennis. Si je tweete plus vite que mon ombre, vous pouvez aussi me retrouver les week-ends sur les playgrounds de Bruxelles pour un petit foot ou basket entre potes. Parcourir la France, l'Europe et plus si affinit\u00e9s pour suivre mes sportifs pr\u00e9f\u00e9r\u00e9s ? Mon kif ! Et c'est avec plaisir que je partage les r\u00e9sultats des sports populaires mais \u00e9galement plus confidentiels pour Dicodusport.","sameAs":["https:\/\/x.com\/https:\/\/twitter.com\/Shiclette94"],"url":"https:\/\/dicodusport.fr\/blog\/author\/arlette\/"}]}},"_links":{"self":[{"href":"https:\/\/dicodusport.fr\/blog\/wp-json\/wp\/v2\/posts\/77071","targetHints":{"allow":["GET"]}}],"collection":[{"href":"https:\/\/dicodusport.fr\/blog\/wp-json\/wp\/v2\/posts"}],"about":[{"href":"https:\/\/dicodusport.fr\/blog\/wp-json\/wp\/v2\/types\/post"}],"author":[{"embeddable":true,"href":"https:\/\/dicodusport.fr\/blog\/wp-json\/wp\/v2\/users\/12"}],"replies":[{"embeddable":true,"href":"https:\/\/dicodusport.fr\/blog\/wp-json\/wp\/v2\/comments?post=77071"}],"version-history":[{"count":0,"href":"https:\/\/dicodusport.fr\/blog\/wp-json\/wp\/v2\/posts\/77071\/revisions"}],"wp:featuredmedia":[{"embeddable":true,"href":"https:\/\/dicodusport.fr\/blog\/wp-json\/wp\/v2\/media\/77073"}],"wp:attachment":[{"href":"https:\/\/dicodusport.fr\/blog\/wp-json\/wp\/v2\/media?parent=77071"}],"wp:term":[{"taxonomy":"category","embeddable":true,"href":"https:\/\/dicodusport.fr\/blog\/wp-json\/wp\/v2\/categories?post=77071"},{"taxonomy":"post_tag","embeddable":true,"href":"https:\/\/dicodusport.fr\/blog\/wp-json\/wp\/v2\/tags?post=77071"}],"curies":[{"name":"wp","href":"https:\/\/api.w.org\/{rel}","templated":true}]}}