{"id":77408,"date":"2020-09-08T11:57:43","date_gmt":"2020-09-08T09:57:43","guid":{"rendered":"http:\/\/dicodusport.fr\/blog\/?p=77408&#038;preview=true&#038;preview_id=77408"},"modified":"2020-09-08T12:51:48","modified_gmt":"2020-09-08T10:51:48","slug":"tour-de-france-2020-aucun-coureur-positif-1ere-journee-de-repos","status":"publish","type":"post","link":"https:\/\/dicodusport.fr\/blog\/tour-de-france-2020-aucun-coureur-positif-1ere-journee-de-repos\/","title":{"rendered":"Tour de France 2020 : Aucun coureur positif lors de la 1\u00e8re journ\u00e9e de repos"},"content":{"rendered":"<p style=\"text-align: justify;\"><strong><em><a href=\"https:\/\/dicodusport.fr\/blog\/actualites\/cyclisme\/tour-de-france-2020\/\" target=\"_blank\" rel=\"noopener noreferrer\">TOUR DE FRANCE 2020<\/a> &#8211; Ce mardi, avant le d\u00e9part de la 10\u00e8me \u00e9tape, ASO a annonc\u00e9 qu&rsquo;aucun coureur n&rsquo;a \u00e9t\u00e9 d\u00e9pist\u00e9 positif au Covid-19. Les 165 coureurs encore en course seront donc de la partie.<\/em><\/strong><\/p>\n<p style=\"text-align: justify;\">Bonne nouvelle. Ce mardi, l&rsquo;organisation du <strong>Tour de France<\/strong> a annonc\u00e9 qu&rsquo;aucun coureur n&rsquo;a \u00e9t\u00e9 test\u00e9 positif au <strong>Covid-19<\/strong> durant la journ\u00e9e de repos. Les 165 coureurs encore en course seront bien au d\u00e9part de la 10\u00e8me \u00e9tape qui se disputera entre l\u2019\u00cele d\u2019Ol\u00e9ron et l\u2019\u00cele de R\u00e9 (168,5 km).<\/p>\n<blockquote class=\"twitter-tweet\">\n<p dir=\"ltr\" lang=\"en\">According to l&rsquo;Equipe all 650 tests are negative, riders and staff. <a href=\"https:\/\/t.co\/eqoiggH8HI\">https:\/\/t.co\/eqoiggH8HI<\/a><\/p>\n<p>\u2014 La Flamme Rouge (@laflammerouge16) <a href=\"https:\/\/twitter.com\/laflammerouge16\/status\/1303270359832178689?ref_src=twsrc%5Etfw\">September 8, 2020<\/a><\/p><\/blockquote>\n<p><script async src=\"https:\/\/platform.twitter.com\/widgets.js\" charset=\"utf-8\"><\/script><\/p>\n<p style=\"text-align: justify;\">En revanche, quatre membres du staff du quatre \u00e9quipes diff\u00e9rentes (Ineos-Grenadiers, Mitchelton-Scott, Cofidis et AG2R La Mondiale) ont \u00e9t\u00e9 contamin\u00e9s. De m\u00eame que <strong>Christian Prudhomme<\/strong>, patron du Tour, mis \u00e0 l&rsquo;isolement pour une dur\u00e9e d&rsquo;une semaine.<\/p>\n<blockquote class=\"twitter-tweet\">\n<p dir=\"ltr\" lang=\"fr\">Le directeur du Tour de France Christian Prudhomme a subi un test, qui s&rsquo;est r\u00e9v\u00e9l\u00e9 positif au Covid-19 et il doit s&rsquo;\u00e9carter de l&rsquo;\u00e9preuve pendant une semaine, a-t-on appris aupr\u00e8s de l&rsquo;organisation de la course <a href=\"https:\/\/twitter.com\/hashtag\/AFP?src=hash&amp;ref_src=twsrc%5Etfw\">#AFP<\/a> <a href=\"https:\/\/t.co\/ZgMBKEwCxL\">pic.twitter.com\/ZgMBKEwCxL<\/a><\/p>\n<p>\u2014 Agence France-Presse (@afpfr) <a href=\"https:\/\/twitter.com\/afpfr\/status\/1303280190685093888?ref_src=twsrc%5Etfw\">September 8, 2020<\/a><\/p><\/blockquote>\n<p><script async src=\"https:\/\/platform.twitter.com\/widgets.js\" charset=\"utf-8\"><\/script><\/p>\n<ul>\n<li style=\"text-align: justify;\"><a href=\"https:\/\/dicodusport.fr\/blog\/tour-de-france-2020-profil-10eme-etape\/\" target=\"_blank\" rel=\"noopener noreferrer\"><strong>Tour de France 2020 : Le profil de la 10\u00e8me \u00e9tape<\/strong><\/a><\/li>\n<\/ul>\n<p><strong><em>Dicodusport<br \/>\n<a href=\"https:\/\/www.facebook.com\/dicodusport\/\" target=\"_blank\" rel=\"noopener noreferrer\"><img loading=\"lazy\" decoding=\"async\" class=\"alignnone wp-image-2909\" src=\"http:\/\/dicodusport.fr\/blog\/wp-content\/uploads\/2017\/07\/logo-facebook-150x150.png\" alt=\"\" width=\"40\" height=\"40\" \/><\/a><a href=\"https:\/\/twitter.com\/dicodusport\" target=\"_blank\" rel=\"noopener noreferrer\"><img loading=\"lazy\" decoding=\"async\" class=\"alignnone wp-image-2908\" src=\"http:\/\/dicodusport.fr\/blog\/wp-content\/uploads\/2017\/07\/logo-twitter-150x150.png\" alt=\"\" width=\"39\" height=\"39\" \/><\/a><\/em><\/strong><\/p>\n","protected":false},"excerpt":{"rendered":"<p>TOUR DE FRANCE 2020 &#8211; Ce mardi, avant le d\u00e9part de la 10\u00e8me \u00e9tape, ASO a annonc\u00e9 qu&rsquo;aucun coureur n&rsquo;a \u00e9t\u00e9 d\u00e9pist\u00e9 positif au Covid-19. Les 165 coureurs encore en course seront donc de la partie.<\/p>\n","protected":false},"author":4,"featured_media":76682,"comment_status":"open","ping_status":"closed","sticky":false,"template":"","format":"standard","meta":{"_acf_changed":false,"_daextam_enable_autolinks":"","footnotes":""},"categories":[46995],"tags":[],"class_list":["post-77408","post","type-post","status-publish","format-standard","has-post-thumbnail","hentry","category-tour-de-france"],"acf":[],"yoast_head":"<!-- This site is optimized with the Yoast SEO Premium plugin v26.7 (Yoast SEO v26.7) - https:\/\/yoast.com\/wordpress\/plugins\/seo\/ -->\n<title>Tour de France 2020 : Aucun coureur positif lors de la 1\u00e8re journ\u00e9e de repos<\/title>\n<meta name=\"description\" content=\"TOUR DE FRANCE 2020 - Ce mardi, avant le d\u00e9part de la 10\u00e8me \u00e9tape, ASO a annonc\u00e9 qu&#039;aucun coureur n&#039;a \u00e9t\u00e9 d\u00e9pist\u00e9 positif au Covid-19.\" \/>\n<meta name=\"robots\" content=\"index, follow, max-snippet:-1, max-image-preview:large, max-video-preview:-1\" \/>\n<link rel=\"canonical\" href=\"https:\/\/dicodusport.fr\/blog\/tour-de-france-2020-aucun-coureur-positif-1ere-journee-de-repos\/\" \/>\n<meta property=\"og:locale\" content=\"fr_FR\" \/>\n<meta property=\"og:type\" content=\"article\" \/>\n<meta property=\"og:title\" content=\"Tour de France 2020 : Aucun coureur positif lors de la 1\u00e8re journ\u00e9e de repos\" \/>\n<meta property=\"og:description\" content=\"TOUR DE FRANCE 2020 - Ce mardi, avant le d\u00e9part de la 10\u00e8me \u00e9tape, ASO a annonc\u00e9 qu&#039;aucun coureur n&#039;a \u00e9t\u00e9 d\u00e9pist\u00e9 positif au Covid-19.\" \/>\n<meta property=\"og:url\" content=\"https:\/\/dicodusport.fr\/blog\/tour-de-france-2020-aucun-coureur-positif-1ere-journee-de-repos\/\" \/>\n<meta property=\"og:site_name\" content=\"Dicodusport\" \/>\n<meta property=\"article:publisher\" content=\"https:\/\/www.facebook.com\/dicodusport\" \/>\n<meta property=\"article:author\" content=\"https:\/\/www.facebook.com\/florent.ostermann\" \/>\n<meta property=\"article:published_time\" content=\"2020-09-08T09:57:43+00:00\" \/>\n<meta property=\"article:modified_time\" content=\"2020-09-08T10:51:48+00:00\" \/>\n<meta property=\"og:image\" content=\"https:\/\/dicodusport.fr\/blog\/wp-content\/uploads\/2020\/09\/Les-primes-du-Tour-de-France-2020.png\" \/>\n\t<meta property=\"og:image:width\" content=\"800\" \/>\n\t<meta property=\"og:image:height\" content=\"445\" \/>\n\t<meta property=\"og:image:type\" content=\"image\/png\" \/>\n<meta name=\"author\" content=\"Flo Ostermann\" \/>\n<meta name=\"twitter:card\" content=\"summary_large_image\" \/>\n<meta name=\"twitter:title\" content=\"Tour de France 2020 : Aucun coureur positif lors de la 1\u00e8re journ\u00e9e de repos\" \/>\n<meta name=\"twitter:creator\" content=\"@https:\/\/twitter.com\/FlOstermann\" \/>\n<meta name=\"twitter:site\" content=\"@dicodusport\" \/>\n<script type=\"application\/ld+json\" class=\"yoast-schema-graph\">{\"@context\":\"https:\/\/schema.org\",\"@graph\":[{\"@type\":\"NewsArticle\",\"@id\":\"https:\/\/dicodusport.fr\/blog\/tour-de-france-2020-aucun-coureur-positif-1ere-journee-de-repos\/#article\",\"isPartOf\":{\"@id\":\"https:\/\/dicodusport.fr\/blog\/tour-de-france-2020-aucun-coureur-positif-1ere-journee-de-repos\/\"},\"author\":{\"name\":\"Flo Ostermann\",\"@id\":\"https:\/\/dicodusport.fr\/blog\/#\/schema\/person\/cb02af4c173ce4a653b55e9baf388d4a\"},\"headline\":\"Tour de France 2020 : Aucun coureur positif lors de la 1\u00e8re journ\u00e9e de repos\",\"datePublished\":\"2020-09-08T09:57:43+00:00\",\"dateModified\":\"2020-09-08T10:51:48+00:00\",\"mainEntityOfPage\":{\"@id\":\"https:\/\/dicodusport.fr\/blog\/tour-de-france-2020-aucun-coureur-positif-1ere-journee-de-repos\/\"},\"wordCount\":233,\"commentCount\":0,\"publisher\":{\"@id\":\"https:\/\/dicodusport.fr\/blog\/#organization\"},\"image\":{\"@id\":\"https:\/\/dicodusport.fr\/blog\/tour-de-france-2020-aucun-coureur-positif-1ere-journee-de-repos\/#primaryimage\"},\"thumbnailUrl\":\"https:\/\/dicodusport.fr\/blog\/wp-content\/uploads\/2020\/09\/Les-primes-du-Tour-de-France-2020.png\",\"articleSection\":[\"Tour de France\"],\"inLanguage\":\"fr-FR\",\"potentialAction\":[{\"@type\":\"CommentAction\",\"name\":\"Comment\",\"target\":[\"https:\/\/dicodusport.fr\/blog\/tour-de-france-2020-aucun-coureur-positif-1ere-journee-de-repos\/#respond\"]}],\"copyrightYear\":\"2020\",\"copyrightHolder\":{\"@id\":\"https:\/\/dicodusport.fr\/blog\/#organization\"}},{\"@type\":\"WebPage\",\"@id\":\"https:\/\/dicodusport.fr\/blog\/tour-de-france-2020-aucun-coureur-positif-1ere-journee-de-repos\/\",\"url\":\"https:\/\/dicodusport.fr\/blog\/tour-de-france-2020-aucun-coureur-positif-1ere-journee-de-repos\/\",\"name\":\"Tour de France 2020 : Aucun coureur positif lors de la 1\u00e8re journ\u00e9e de repos\",\"isPartOf\":{\"@id\":\"https:\/\/dicodusport.fr\/blog\/#website\"},\"primaryImageOfPage\":{\"@id\":\"https:\/\/dicodusport.fr\/blog\/tour-de-france-2020-aucun-coureur-positif-1ere-journee-de-repos\/#primaryimage\"},\"image\":{\"@id\":\"https:\/\/dicodusport.fr\/blog\/tour-de-france-2020-aucun-coureur-positif-1ere-journee-de-repos\/#primaryimage\"},\"thumbnailUrl\":\"https:\/\/dicodusport.fr\/blog\/wp-content\/uploads\/2020\/09\/Les-primes-du-Tour-de-France-2020.png\",\"datePublished\":\"2020-09-08T09:57:43+00:00\",\"dateModified\":\"2020-09-08T10:51:48+00:00\",\"description\":\"TOUR DE FRANCE 2020 - Ce mardi, avant le d\u00e9part de la 10\u00e8me \u00e9tape, ASO a annonc\u00e9 qu'aucun coureur n'a \u00e9t\u00e9 d\u00e9pist\u00e9 positif au Covid-19.\",\"breadcrumb\":{\"@id\":\"https:\/\/dicodusport.fr\/blog\/tour-de-france-2020-aucun-coureur-positif-1ere-journee-de-repos\/#breadcrumb\"},\"inLanguage\":\"fr-FR\",\"potentialAction\":[{\"@type\":\"ReadAction\",\"target\":[\"https:\/\/dicodusport.fr\/blog\/tour-de-france-2020-aucun-coureur-positif-1ere-journee-de-repos\/\"]}]},{\"@type\":\"ImageObject\",\"inLanguage\":\"fr-FR\",\"@id\":\"https:\/\/dicodusport.fr\/blog\/tour-de-france-2020-aucun-coureur-positif-1ere-journee-de-repos\/#primaryimage\",\"url\":\"https:\/\/dicodusport.fr\/blog\/wp-content\/uploads\/2020\/09\/Les-primes-du-Tour-de-France-2020.png\",\"contentUrl\":\"https:\/\/dicodusport.fr\/blog\/wp-content\/uploads\/2020\/09\/Les-primes-du-Tour-de-France-2020.png\",\"width\":800,\"height\":445,\"caption\":\"Tour de France 2020 : Aucun coureur positif lors de la 1\u00e8re journ\u00e9e de repos\"},{\"@type\":\"BreadcrumbList\",\"@id\":\"https:\/\/dicodusport.fr\/blog\/tour-de-france-2020-aucun-coureur-positif-1ere-journee-de-repos\/#breadcrumb\",\"itemListElement\":[{\"@type\":\"ListItem\",\"position\":1,\"name\":\"Accueil\",\"item\":\"https:\/\/dicodusport.fr\/blog\/\"},{\"@type\":\"ListItem\",\"position\":2,\"name\":\"Tour de France 2020 : Aucun coureur positif lors de la 1\u00e8re journ\u00e9e de repos\"}]},{\"@type\":\"WebSite\",\"@id\":\"https:\/\/dicodusport.fr\/blog\/#website\",\"url\":\"https:\/\/dicodusport.fr\/blog\/\",\"name\":\"Dicodusport\",\"description\":\"L&#039;encyclop\u00e9die de l&#039;actualit\u00e9 sportive\",\"publisher\":{\"@id\":\"https:\/\/dicodusport.fr\/blog\/#organization\"},\"potentialAction\":[{\"@type\":\"SearchAction\",\"target\":{\"@type\":\"EntryPoint\",\"urlTemplate\":\"https:\/\/dicodusport.fr\/blog\/?s={search_term_string}\"},\"query-input\":{\"@type\":\"PropertyValueSpecification\",\"valueRequired\":true,\"valueName\":\"search_term_string\"}}],\"inLanguage\":\"fr-FR\"},{\"@type\":\"NewsMediaOrganization\",\"@id\":\"https:\/\/dicodusport.fr\/blog\/#organization\",\"name\":\"Dicodusport\",\"url\":\"https:\/\/dicodusport.fr\/blog\/\",\"logo\":{\"@type\":\"ImageObject\",\"inLanguage\":\"fr-FR\",\"@id\":\"https:\/\/dicodusport.fr\/blog\/#\/schema\/logo\/image\/\",\"url\":\"https:\/\/dicodusport.fr\/blog\/wp-content\/uploads\/2020\/06\/cropped-LOGO-DICODUSPORT-2020-SANS-FOND-SANS-TEXTE.png\",\"contentUrl\":\"https:\/\/dicodusport.fr\/blog\/wp-content\/uploads\/2020\/06\/cropped-LOGO-DICODUSPORT-2020-SANS-FOND-SANS-TEXTE.png\",\"width\":512,\"height\":512,\"caption\":\"Dicodusport\"},\"image\":{\"@id\":\"https:\/\/dicodusport.fr\/blog\/#\/schema\/logo\/image\/\"},\"sameAs\":[\"https:\/\/www.facebook.com\/dicodusport\",\"https:\/\/x.com\/dicodusport\",\"https:\/\/www.instagram.com\/dicodusport\/\",\"https:\/\/www.youtube.com\/channel\/UC7V2KZ5sd3htJivAbA4ZG3w\"],\"description\":\"Dicodusport est l'encyclop\u00e9die de l'actualit\u00e9 sportive.\",\"email\":\"bonjour@dicodusport.fr\",\"legalName\":\"DICODUSPORT\",\"foundingDate\":\"2018-01-14\",\"vatID\":\"FR71834470973\",\"taxID\":\"83447097300043\",\"numberOfEmployees\":{\"@type\":\"QuantitativeValue\",\"minValue\":\"1\",\"maxValue\":\"10\"}},{\"@type\":\"Person\",\"@id\":\"https:\/\/dicodusport.fr\/blog\/#\/schema\/person\/cb02af4c173ce4a653b55e9baf388d4a\",\"name\":\"Flo Ostermann\",\"image\":{\"@type\":\"ImageObject\",\"inLanguage\":\"fr-FR\",\"@id\":\"https:\/\/dicodusport.fr\/blog\/#\/schema\/person\/image\/\",\"url\":\"https:\/\/dicodusport.fr\/blog\/wp-content\/uploads\/2021\/05\/Flo-Ostermann-150x150.jpg\",\"contentUrl\":\"https:\/\/dicodusport.fr\/blog\/wp-content\/uploads\/2021\/05\/Flo-Ostermann-150x150.jpg\",\"caption\":\"Flo Ostermann\"},\"description\":\"Journaliste\/R\u00e9dacteur depuis septembre 2015 - Mes premiers souvenirs dans le sport ? Les envol\u00e9es du Stade Toulousain et les duels Villeneuve-Schumacher et H\u00e4kkinen-Schumacher \u00e0 la fin des ann\u00e9es 90, la Coupe du monde de football en 1998, l\u2019exploit du XV de France face aux All Blacks en 1999, mais aussi Richard C\u0153ur de Lion qui vole sur les montagnes du Tour de France. Bien parti pour devenir professeur d\u2019EPS, les \u00e9v\u00e9nements de la vie (et la flemme d\u2019animer des s\u00e9ances de 3x500 m\u00e8tres toute ma vie) m\u2019ont conduit \u00e0 revoir mes plans. Me voil\u00e0 depuis fin 2017 sur Dicodusport, m\u00e9dia gr\u00e2ce (et pour) lequel je partage ma passion : le sport dans tous ses \u00e9tats. Le tout accompagn\u00e9 par les fous furieux et folles furieuses cit\u00e9s sur cette page !\",\"sameAs\":[\"https:\/\/www.facebook.com\/florent.ostermann\",\"https:\/\/x.com\/https:\/\/twitter.com\/FlOstermann\",\"admin\"],\"url\":\"https:\/\/dicodusport.fr\/blog\/author\/flo\/\"}]}<\/script>\n<!-- \/ Yoast SEO Premium plugin. -->","yoast_head_json":{"title":"Tour de France 2020 : Aucun coureur positif lors de la 1\u00e8re journ\u00e9e de repos","description":"TOUR DE FRANCE 2020 - Ce mardi, avant le d\u00e9part de la 10\u00e8me \u00e9tape, ASO a annonc\u00e9 qu'aucun coureur n'a \u00e9t\u00e9 d\u00e9pist\u00e9 positif au Covid-19.","robots":{"index":"index","follow":"follow","max-snippet":"max-snippet:-1","max-image-preview":"max-image-preview:large","max-video-preview":"max-video-preview:-1"},"canonical":"https:\/\/dicodusport.fr\/blog\/tour-de-france-2020-aucun-coureur-positif-1ere-journee-de-repos\/","og_locale":"fr_FR","og_type":"article","og_title":"Tour de France 2020 : Aucun coureur positif lors de la 1\u00e8re journ\u00e9e de repos","og_description":"TOUR DE FRANCE 2020 - Ce mardi, avant le d\u00e9part de la 10\u00e8me \u00e9tape, ASO a annonc\u00e9 qu'aucun coureur n'a \u00e9t\u00e9 d\u00e9pist\u00e9 positif au Covid-19.","og_url":"https:\/\/dicodusport.fr\/blog\/tour-de-france-2020-aucun-coureur-positif-1ere-journee-de-repos\/","og_site_name":"Dicodusport","article_publisher":"https:\/\/www.facebook.com\/dicodusport","article_author":"https:\/\/www.facebook.com\/florent.ostermann","article_published_time":"2020-09-08T09:57:43+00:00","article_modified_time":"2020-09-08T10:51:48+00:00","og_image":[{"width":800,"height":445,"url":"https:\/\/dicodusport.fr\/blog\/wp-content\/uploads\/2020\/09\/Les-primes-du-Tour-de-France-2020.png","type":"image\/png"}],"author":"Flo Ostermann","twitter_card":"summary_large_image","twitter_title":"Tour de France 2020 : Aucun coureur positif lors de la 1\u00e8re journ\u00e9e de repos","twitter_creator":"@https:\/\/twitter.com\/FlOstermann","twitter_site":"@dicodusport","schema":{"@context":"https:\/\/schema.org","@graph":[{"@type":"NewsArticle","@id":"https:\/\/dicodusport.fr\/blog\/tour-de-france-2020-aucun-coureur-positif-1ere-journee-de-repos\/#article","isPartOf":{"@id":"https:\/\/dicodusport.fr\/blog\/tour-de-france-2020-aucun-coureur-positif-1ere-journee-de-repos\/"},"author":{"name":"Flo Ostermann","@id":"https:\/\/dicodusport.fr\/blog\/#\/schema\/person\/cb02af4c173ce4a653b55e9baf388d4a"},"headline":"Tour de France 2020 : Aucun coureur positif lors de la 1\u00e8re journ\u00e9e de repos","datePublished":"2020-09-08T09:57:43+00:00","dateModified":"2020-09-08T10:51:48+00:00","mainEntityOfPage":{"@id":"https:\/\/dicodusport.fr\/blog\/tour-de-france-2020-aucun-coureur-positif-1ere-journee-de-repos\/"},"wordCount":233,"commentCount":0,"publisher":{"@id":"https:\/\/dicodusport.fr\/blog\/#organization"},"image":{"@id":"https:\/\/dicodusport.fr\/blog\/tour-de-france-2020-aucun-coureur-positif-1ere-journee-de-repos\/#primaryimage"},"thumbnailUrl":"https:\/\/dicodusport.fr\/blog\/wp-content\/uploads\/2020\/09\/Les-primes-du-Tour-de-France-2020.png","articleSection":["Tour de France"],"inLanguage":"fr-FR","potentialAction":[{"@type":"CommentAction","name":"Comment","target":["https:\/\/dicodusport.fr\/blog\/tour-de-france-2020-aucun-coureur-positif-1ere-journee-de-repos\/#respond"]}],"copyrightYear":"2020","copyrightHolder":{"@id":"https:\/\/dicodusport.fr\/blog\/#organization"}},{"@type":"WebPage","@id":"https:\/\/dicodusport.fr\/blog\/tour-de-france-2020-aucun-coureur-positif-1ere-journee-de-repos\/","url":"https:\/\/dicodusport.fr\/blog\/tour-de-france-2020-aucun-coureur-positif-1ere-journee-de-repos\/","name":"Tour de France 2020 : Aucun coureur positif lors de la 1\u00e8re journ\u00e9e de repos","isPartOf":{"@id":"https:\/\/dicodusport.fr\/blog\/#website"},"primaryImageOfPage":{"@id":"https:\/\/dicodusport.fr\/blog\/tour-de-france-2020-aucun-coureur-positif-1ere-journee-de-repos\/#primaryimage"},"image":{"@id":"https:\/\/dicodusport.fr\/blog\/tour-de-france-2020-aucun-coureur-positif-1ere-journee-de-repos\/#primaryimage"},"thumbnailUrl":"https:\/\/dicodusport.fr\/blog\/wp-content\/uploads\/2020\/09\/Les-primes-du-Tour-de-France-2020.png","datePublished":"2020-09-08T09:57:43+00:00","dateModified":"2020-09-08T10:51:48+00:00","description":"TOUR DE FRANCE 2020 - Ce mardi, avant le d\u00e9part de la 10\u00e8me \u00e9tape, ASO a annonc\u00e9 qu'aucun coureur n'a \u00e9t\u00e9 d\u00e9pist\u00e9 positif au Covid-19.","breadcrumb":{"@id":"https:\/\/dicodusport.fr\/blog\/tour-de-france-2020-aucun-coureur-positif-1ere-journee-de-repos\/#breadcrumb"},"inLanguage":"fr-FR","potentialAction":[{"@type":"ReadAction","target":["https:\/\/dicodusport.fr\/blog\/tour-de-france-2020-aucun-coureur-positif-1ere-journee-de-repos\/"]}]},{"@type":"ImageObject","inLanguage":"fr-FR","@id":"https:\/\/dicodusport.fr\/blog\/tour-de-france-2020-aucun-coureur-positif-1ere-journee-de-repos\/#primaryimage","url":"https:\/\/dicodusport.fr\/blog\/wp-content\/uploads\/2020\/09\/Les-primes-du-Tour-de-France-2020.png","contentUrl":"https:\/\/dicodusport.fr\/blog\/wp-content\/uploads\/2020\/09\/Les-primes-du-Tour-de-France-2020.png","width":800,"height":445,"caption":"Tour de France 2020 : Aucun coureur positif lors de la 1\u00e8re journ\u00e9e de repos"},{"@type":"BreadcrumbList","@id":"https:\/\/dicodusport.fr\/blog\/tour-de-france-2020-aucun-coureur-positif-1ere-journee-de-repos\/#breadcrumb","itemListElement":[{"@type":"ListItem","position":1,"name":"Accueil","item":"https:\/\/dicodusport.fr\/blog\/"},{"@type":"ListItem","position":2,"name":"Tour de France 2020 : Aucun coureur positif lors de la 1\u00e8re journ\u00e9e de repos"}]},{"@type":"WebSite","@id":"https:\/\/dicodusport.fr\/blog\/#website","url":"https:\/\/dicodusport.fr\/blog\/","name":"Dicodusport","description":"L&#039;encyclop\u00e9die de l&#039;actualit\u00e9 sportive","publisher":{"@id":"https:\/\/dicodusport.fr\/blog\/#organization"},"potentialAction":[{"@type":"SearchAction","target":{"@type":"EntryPoint","urlTemplate":"https:\/\/dicodusport.fr\/blog\/?s={search_term_string}"},"query-input":{"@type":"PropertyValueSpecification","valueRequired":true,"valueName":"search_term_string"}}],"inLanguage":"fr-FR"},{"@type":"NewsMediaOrganization","@id":"https:\/\/dicodusport.fr\/blog\/#organization","name":"Dicodusport","url":"https:\/\/dicodusport.fr\/blog\/","logo":{"@type":"ImageObject","inLanguage":"fr-FR","@id":"https:\/\/dicodusport.fr\/blog\/#\/schema\/logo\/image\/","url":"https:\/\/dicodusport.fr\/blog\/wp-content\/uploads\/2020\/06\/cropped-LOGO-DICODUSPORT-2020-SANS-FOND-SANS-TEXTE.png","contentUrl":"https:\/\/dicodusport.fr\/blog\/wp-content\/uploads\/2020\/06\/cropped-LOGO-DICODUSPORT-2020-SANS-FOND-SANS-TEXTE.png","width":512,"height":512,"caption":"Dicodusport"},"image":{"@id":"https:\/\/dicodusport.fr\/blog\/#\/schema\/logo\/image\/"},"sameAs":["https:\/\/www.facebook.com\/dicodusport","https:\/\/x.com\/dicodusport","https:\/\/www.instagram.com\/dicodusport\/","https:\/\/www.youtube.com\/channel\/UC7V2KZ5sd3htJivAbA4ZG3w"],"description":"Dicodusport est l'encyclop\u00e9die de l'actualit\u00e9 sportive.","email":"bonjour@dicodusport.fr","legalName":"DICODUSPORT","foundingDate":"2018-01-14","vatID":"FR71834470973","taxID":"83447097300043","numberOfEmployees":{"@type":"QuantitativeValue","minValue":"1","maxValue":"10"}},{"@type":"Person","@id":"https:\/\/dicodusport.fr\/blog\/#\/schema\/person\/cb02af4c173ce4a653b55e9baf388d4a","name":"Flo Ostermann","image":{"@type":"ImageObject","inLanguage":"fr-FR","@id":"https:\/\/dicodusport.fr\/blog\/#\/schema\/person\/image\/","url":"https:\/\/dicodusport.fr\/blog\/wp-content\/uploads\/2021\/05\/Flo-Ostermann-150x150.jpg","contentUrl":"https:\/\/dicodusport.fr\/blog\/wp-content\/uploads\/2021\/05\/Flo-Ostermann-150x150.jpg","caption":"Flo Ostermann"},"description":"Journaliste\/R\u00e9dacteur depuis septembre 2015 - Mes premiers souvenirs dans le sport ? Les envol\u00e9es du Stade Toulousain et les duels Villeneuve-Schumacher et H\u00e4kkinen-Schumacher \u00e0 la fin des ann\u00e9es 90, la Coupe du monde de football en 1998, l\u2019exploit du XV de France face aux All Blacks en 1999, mais aussi Richard C\u0153ur de Lion qui vole sur les montagnes du Tour de France. Bien parti pour devenir professeur d\u2019EPS, les \u00e9v\u00e9nements de la vie (et la flemme d\u2019animer des s\u00e9ances de 3x500 m\u00e8tres toute ma vie) m\u2019ont conduit \u00e0 revoir mes plans. Me voil\u00e0 depuis fin 2017 sur Dicodusport, m\u00e9dia gr\u00e2ce (et pour) lequel je partage ma passion : le sport dans tous ses \u00e9tats. Le tout accompagn\u00e9 par les fous furieux et folles furieuses cit\u00e9s sur cette page !","sameAs":["https:\/\/www.facebook.com\/florent.ostermann","https:\/\/x.com\/https:\/\/twitter.com\/FlOstermann","admin"],"url":"https:\/\/dicodusport.fr\/blog\/author\/flo\/"}]}},"_links":{"self":[{"href":"https:\/\/dicodusport.fr\/blog\/wp-json\/wp\/v2\/posts\/77408","targetHints":{"allow":["GET"]}}],"collection":[{"href":"https:\/\/dicodusport.fr\/blog\/wp-json\/wp\/v2\/posts"}],"about":[{"href":"https:\/\/dicodusport.fr\/blog\/wp-json\/wp\/v2\/types\/post"}],"author":[{"embeddable":true,"href":"https:\/\/dicodusport.fr\/blog\/wp-json\/wp\/v2\/users\/4"}],"replies":[{"embeddable":true,"href":"https:\/\/dicodusport.fr\/blog\/wp-json\/wp\/v2\/comments?post=77408"}],"version-history":[{"count":0,"href":"https:\/\/dicodusport.fr\/blog\/wp-json\/wp\/v2\/posts\/77408\/revisions"}],"wp:featuredmedia":[{"embeddable":true,"href":"https:\/\/dicodusport.fr\/blog\/wp-json\/wp\/v2\/media\/76682"}],"wp:attachment":[{"href":"https:\/\/dicodusport.fr\/blog\/wp-json\/wp\/v2\/media?parent=77408"}],"wp:term":[{"taxonomy":"category","embeddable":true,"href":"https:\/\/dicodusport.fr\/blog\/wp-json\/wp\/v2\/categories?post=77408"},{"taxonomy":"post_tag","embeddable":true,"href":"https:\/\/dicodusport.fr\/blog\/wp-json\/wp\/v2\/tags?post=77408"}],"curies":[{"name":"wp","href":"https:\/\/api.w.org\/{rel}","templated":true}]}}