{"id":77518,"date":"2020-09-09T14:15:03","date_gmt":"2020-09-09T12:15:03","guid":{"rendered":"http:\/\/dicodusport.fr\/blog\/?p=77518&#038;preview=true&#038;preview_id=77518"},"modified":"2020-09-11T10:17:00","modified_gmt":"2020-09-11T08:17:00","slug":"us-open-2020-carreno-busta-zverev-en-demi-finale","status":"publish","type":"post","link":"https:\/\/dicodusport.fr\/blog\/us-open-2020-carreno-busta-zverev-en-demi-finale\/","title":{"rendered":"US Open 2020 : Carreno Busta\/Zverev en demi-finale"},"content":{"rendered":"<p style=\"text-align: justify;\"><strong><em><a href=\"http:\/\/dicodusport.fr\/blog\/us-open-2020-le-tableau-hommes\/\" target=\"_blank\" rel=\"noopener noreferrer\">US Open<\/a> \u2013 La premi\u00e8re affiche des demi-finales hommes mettra donc aux prises Pablo Carreno Busta et Alexander Zverev.\u00a0<\/em><\/strong><\/p>\n<h2 style=\"text-align: justify;\">Surprenant Carreno Busta<\/h2>\n<p style=\"text-align: justify;\">Dans le quart de finale inattendu (on attendait Djokovic-Goffin), <strong>Pablo Carreno Busta<\/strong> est venu \u00e0 bout de Shapovalov : 3-6 7-6[5] 7-6[4] 0-6 6-3. Malgr\u00e9 ses <strong>26 aces<\/strong>, le Canadien qui a remport\u00e9 79% de ses points sur sa premi\u00e8re balle, n&rsquo;est pas parvenu \u00e0 prendre sa revanche sur celui qui l&rsquo;avait \u00e9limin\u00e9 en huiti\u00e8mes de finale en 2017. Pourtant gr\u00e2ce \u00e0 un bon service, c&rsquo;est Shapovalov qui a pris les devants, remportant la premi\u00e8re manche. Il a failli r\u00e9it\u00e9rer en breakant rapidement lors du deuxi\u00e8me set mais l&rsquo;Espagnol est parvenu \u00e0 recoller.<\/p>\n<p style=\"text-align: justify;\">C&rsquo;est au tie-break que la d\u00e9cision s&rsquo;est faite. Toujours imp\u00e9riaux sur leurs mises en jeu, c&rsquo;est \u00e9galement au tie-break que s&rsquo;est jou\u00e9 le troisi\u00e8me set. Denis Shapovalov a facilement remport\u00e9 le quatri\u00e8me set 6-0 et Carreno Busta qui avait une tension dans le bas du dos a fait appel au kin\u00e9. Et le r\u00e9sultat a \u00e9t\u00e9 efficace : \u201c<em>Le kin\u00e9 m&rsquo;a dit que je m&rsquo;\u00e9tais un peu bloqu\u00e9. Il a tent\u00e9 un truc et \u00e7a a plut\u00f4t bien fonctionn\u00e9, non ? Apr\u00e8s \u00e7a, je ne peux pas dire que j&rsquo;\u00e9tais 100 % car \u00e7a faisait pas loin de quatre heures que nous \u00e9tions sur le court, mais je pouvais jouer mon meilleur tennis. Bien s\u00fbr, un cinqui\u00e8me set, c&rsquo;est toujours stressant, surtout quand il y a une demi-finale de Grand Chelem derri\u00e8re. Mais je me sentais bien, j&rsquo;ai appr\u00e9ci\u00e9 ce moment. Ce n&rsquo;\u00e9tait pas facile car le match \u00e9tait une vraie bataille.\u201d <\/em>Il a pu repartir, plus conqu\u00e9rant, pour remporter le dernier set. C&rsquo;est sa <strong>deuxi\u00e8me demi-finale en Grand Chelem<\/strong> apr\u00e8s celle perdu ici-m\u00eame en 2017 face \u00e0 Anderson.<\/p>\n<h2 style=\"text-align: justify;\">Zverev au bout de l&rsquo;ennui<\/h2>\n<p style=\"text-align: justify;\">Que retirer du quart de finale entre <strong>Coric<\/strong> et <strong>Zverev<\/strong> ? Pas grand chose \u00e0 part que malheureusement pour lui, Coric risque de tra\u00eener encore un moment sa r\u00e9putation de joueur irr\u00e9gulier qui alterne les coups d&rsquo;\u00e9clat et les contre-performances. Si celui qui sera 26e mondial lundi affrontait le n\u00b010 mondial, le Croate avait largement les armes. Il a saut\u00e9 sur toutes les occasions au premier set pour rapidement mener 6-1 face \u00e0 un Zverev totalement amorphe. Il a m\u00eame men\u00e9 4-2 dans le deuxi\u00e8me set et l\u00e0, la machine s&rsquo;est gripp\u00e9e. Rattrap\u00e9 par l&rsquo;enjeu ? Il a fait plus de fautes qui ont redonn\u00e9 de la confiance \u00e0 l&rsquo;Allemand qui a arrach\u00e9 le tie-break.<\/p>\n<p style=\"text-align: justify;\">Plus solide sur les points importants, Zverev a remport\u00e9 le tie-break. Troisi\u00e8me manche : bis repetita. Zverev s&rsquo;est finalement impos\u00e9 1-6 7-6[5] 7-6[1] 6-3. Coric a laiss\u00e9 des forces au 3e tour face \u00e0 Tsitsipas. Mais il n&rsquo;avait pas trop eu \u00e0 puiser dans ses ressources face \u00e0 Thompson. Il pourra regretter d&rsquo;avoir laiss\u00e9 un Zverev totalement absent, revenir dans le match. Peut-\u00eatre que le spectre de l&rsquo;\u00e9limination de Djokovic et donc les possibilit\u00e9s encore plus r\u00e9alistes de victoire finale ont paralys\u00e9 les joueurs. En tout cas on a assist\u00e9 \u00e0 un <strong>match tr\u00e8s tendu<\/strong>, avec beaucoup trop de fautes directes, les deux joueurs se contentant de se renvoyer la balle \u00e0 multiple reprises. \u201c<em>Il a fallu que je sois un peu plus agressif apr\u00e8s mon entame, car ce que je faisais n\u2019\u00e9tait pas du niveau d\u2019un quart de finale de Grand Chelem<\/em>\u201d, a comment\u00e9 Zverev. <strong>Deuxi\u00e8me demi-finale de Grand Chelem<\/strong> de sa carri\u00e8re et de l&rsquo;ann\u00e9e pour Alexander Zverev. Face \u00e0 Carreno Busta, il faudra faire moins de doubles fautes (12) et rentrer directement dans le match.<\/p>\n<p><strong>Face \u00e0 face : 1 victoire pour Zverev en demi-finale \u00e0 Miami en 2018.<\/strong><\/p>\n<p style=\"text-align: justify;\"><strong>Le match aura lieu vendredi 11 septembre \u00e0 22h.<\/strong><\/p>\n<ul>\n<li style=\"text-align: justify;\"><strong>\u00c0 lire aussi &#8211; <a href=\"https:\/\/dicodusport.fr\/blog\/tennis-us-open-pronostic-pour-daniil-medvedev-dominic-thiem\/\" target=\"_blank\" rel=\"noopener noreferrer\">US Open : notre pronostic pour Daniil Medvedev \u2013 Dominic Thiem<\/a><\/strong><\/li>\n<\/ul>\n<p><strong><em>Arlette<br \/>\n<a href=\"https:\/\/twitter.com\/Shiclette94\" target=\"_blank\" rel=\"noopener noreferrer\"><img loading=\"lazy\" decoding=\"async\" class=\"alignnone wp-image-2908\" src=\"http:\/\/dicodusport.fr\/blog\/wp-content\/uploads\/2017\/07\/logo-twitter-150x150.png\" alt=\"\" width=\"39\" height=\"39\" \/><\/a><\/em><\/strong><\/p>\n","protected":false},"excerpt":{"rendered":"<p>La premi\u00e8re affiche des demi-finales de l&rsquo;US Open mettra donc aux prises Pablo Carreno Busta et Alexander Zverev.\u00a0<\/p>\n","protected":false},"author":12,"featured_media":77533,"comment_status":"open","ping_status":"closed","sticky":false,"template":"","format":"standard","meta":{"_acf_changed":false,"_daextam_enable_autolinks":"","footnotes":""},"categories":[2302],"tags":[4371,5951,1463],"class_list":["post-77518","post","type-post","status-publish","format-standard","has-post-thumbnail","hentry","category-tennis","tag-alexander-zverev","tag-pablo-carreno-busta","tag-us-open"],"acf":[],"yoast_head":"<!-- This site is optimized with the Yoast SEO Premium plugin v26.7 (Yoast SEO v26.7) - https:\/\/yoast.com\/wordpress\/plugins\/seo\/ -->\n<title>US Open 2020 : Carreno Busta\/Zverev en demi-finale<\/title>\n<meta name=\"description\" content=\"La premi\u00e8re affiche des demi-finales de l&#039;US Open mettra donc aux prises Pablo Carreno Busta et Alexander Zverev.\u00a0\" \/>\n<meta name=\"robots\" content=\"index, follow, max-snippet:-1, max-image-preview:large, max-video-preview:-1\" \/>\n<link rel=\"canonical\" href=\"https:\/\/dicodusport.fr\/blog\/us-open-2020-carreno-busta-zverev-en-demi-finale\/\" \/>\n<meta property=\"og:locale\" content=\"fr_FR\" \/>\n<meta property=\"og:type\" content=\"article\" \/>\n<meta property=\"og:title\" content=\"US Open 2020 : Carreno Busta\/Zverev, une demi-finale inattendue\" \/>\n<meta property=\"og:description\" content=\"La premi\u00e8re affiche des demi-finales de l&#039;US Open mettra donc aux prises Pablo Carreno Busta et Alexander Zverev.\u00a0\" \/>\n<meta property=\"og:url\" content=\"https:\/\/dicodusport.fr\/blog\/us-open-2020-carreno-busta-zverev-en-demi-finale\/\" \/>\n<meta property=\"og:site_name\" content=\"Dicodusport\" \/>\n<meta property=\"article:publisher\" content=\"https:\/\/www.facebook.com\/dicodusport\" \/>\n<meta property=\"article:published_time\" content=\"2020-09-09T12:15:03+00:00\" \/>\n<meta property=\"article:modified_time\" content=\"2020-09-11T08:17:00+00:00\" \/>\n<meta property=\"og:image\" content=\"https:\/\/dicodusport.fr\/blog\/wp-content\/uploads\/2020\/09\/Carreno-Busta-Zverev.jpg\" \/>\n\t<meta property=\"og:image:width\" content=\"800\" \/>\n\t<meta property=\"og:image:height\" content=\"440\" \/>\n\t<meta property=\"og:image:type\" content=\"image\/jpeg\" \/>\n<meta name=\"author\" content=\"Arlette Yeye\" \/>\n<meta name=\"twitter:card\" content=\"summary_large_image\" \/>\n<meta name=\"twitter:title\" content=\"US Open 2020 : Carreno Busta\/Zverev, une demi-finale inattendue\" \/>\n<meta name=\"twitter:creator\" content=\"@https:\/\/twitter.com\/Shiclette94\" \/>\n<meta name=\"twitter:site\" content=\"@dicodusport\" \/>\n<script type=\"application\/ld+json\" class=\"yoast-schema-graph\">{\"@context\":\"https:\/\/schema.org\",\"@graph\":[{\"@type\":\"NewsArticle\",\"@id\":\"https:\/\/dicodusport.fr\/blog\/us-open-2020-carreno-busta-zverev-en-demi-finale\/#article\",\"isPartOf\":{\"@id\":\"https:\/\/dicodusport.fr\/blog\/us-open-2020-carreno-busta-zverev-en-demi-finale\/\"},\"author\":{\"name\":\"Arlette Yeye\",\"@id\":\"https:\/\/dicodusport.fr\/blog\/#\/schema\/person\/cce96fa88785bd8573e3d43078ac8c79\"},\"headline\":\"US Open 2020 : Carreno Busta\/Zverev en demi-finale\",\"datePublished\":\"2020-09-09T12:15:03+00:00\",\"dateModified\":\"2020-09-11T08:17:00+00:00\",\"mainEntityOfPage\":{\"@id\":\"https:\/\/dicodusport.fr\/blog\/us-open-2020-carreno-busta-zverev-en-demi-finale\/\"},\"wordCount\":665,\"commentCount\":0,\"publisher\":{\"@id\":\"https:\/\/dicodusport.fr\/blog\/#organization\"},\"image\":{\"@id\":\"https:\/\/dicodusport.fr\/blog\/us-open-2020-carreno-busta-zverev-en-demi-finale\/#primaryimage\"},\"thumbnailUrl\":\"https:\/\/dicodusport.fr\/blog\/wp-content\/uploads\/2020\/09\/Carreno-Busta-Zverev.jpg\",\"keywords\":[\"Alexander Zverev\",\"Pablo Carreno Busta\",\"US Open\"],\"articleSection\":[\"Tennis\"],\"inLanguage\":\"fr-FR\",\"potentialAction\":[{\"@type\":\"CommentAction\",\"name\":\"Comment\",\"target\":[\"https:\/\/dicodusport.fr\/blog\/us-open-2020-carreno-busta-zverev-en-demi-finale\/#respond\"]}],\"copyrightYear\":\"2020\",\"copyrightHolder\":{\"@id\":\"https:\/\/dicodusport.fr\/blog\/#organization\"}},{\"@type\":\"WebPage\",\"@id\":\"https:\/\/dicodusport.fr\/blog\/us-open-2020-carreno-busta-zverev-en-demi-finale\/\",\"url\":\"https:\/\/dicodusport.fr\/blog\/us-open-2020-carreno-busta-zverev-en-demi-finale\/\",\"name\":\"US Open 2020 : Carreno Busta\/Zverev en demi-finale\",\"isPartOf\":{\"@id\":\"https:\/\/dicodusport.fr\/blog\/#website\"},\"primaryImageOfPage\":{\"@id\":\"https:\/\/dicodusport.fr\/blog\/us-open-2020-carreno-busta-zverev-en-demi-finale\/#primaryimage\"},\"image\":{\"@id\":\"https:\/\/dicodusport.fr\/blog\/us-open-2020-carreno-busta-zverev-en-demi-finale\/#primaryimage\"},\"thumbnailUrl\":\"https:\/\/dicodusport.fr\/blog\/wp-content\/uploads\/2020\/09\/Carreno-Busta-Zverev.jpg\",\"datePublished\":\"2020-09-09T12:15:03+00:00\",\"dateModified\":\"2020-09-11T08:17:00+00:00\",\"description\":\"La premi\u00e8re affiche des demi-finales de l'US Open mettra donc aux prises Pablo Carreno Busta et Alexander Zverev.\u00a0\",\"breadcrumb\":{\"@id\":\"https:\/\/dicodusport.fr\/blog\/us-open-2020-carreno-busta-zverev-en-demi-finale\/#breadcrumb\"},\"inLanguage\":\"fr-FR\",\"potentialAction\":[{\"@type\":\"ReadAction\",\"target\":[\"https:\/\/dicodusport.fr\/blog\/us-open-2020-carreno-busta-zverev-en-demi-finale\/\"]}]},{\"@type\":\"ImageObject\",\"inLanguage\":\"fr-FR\",\"@id\":\"https:\/\/dicodusport.fr\/blog\/us-open-2020-carreno-busta-zverev-en-demi-finale\/#primaryimage\",\"url\":\"https:\/\/dicodusport.fr\/blog\/wp-content\/uploads\/2020\/09\/Carreno-Busta-Zverev.jpg\",\"contentUrl\":\"https:\/\/dicodusport.fr\/blog\/wp-content\/uploads\/2020\/09\/Carreno-Busta-Zverev.jpg\",\"width\":800,\"height\":440},{\"@type\":\"BreadcrumbList\",\"@id\":\"https:\/\/dicodusport.fr\/blog\/us-open-2020-carreno-busta-zverev-en-demi-finale\/#breadcrumb\",\"itemListElement\":[{\"@type\":\"ListItem\",\"position\":1,\"name\":\"Accueil\",\"item\":\"https:\/\/dicodusport.fr\/blog\/\"},{\"@type\":\"ListItem\",\"position\":2,\"name\":\"US Open 2020 : Carreno Busta\/Zverev en demi-finale\"}]},{\"@type\":\"WebSite\",\"@id\":\"https:\/\/dicodusport.fr\/blog\/#website\",\"url\":\"https:\/\/dicodusport.fr\/blog\/\",\"name\":\"Dicodusport\",\"description\":\"L&#039;encyclop\u00e9die de l&#039;actualit\u00e9 sportive\",\"publisher\":{\"@id\":\"https:\/\/dicodusport.fr\/blog\/#organization\"},\"potentialAction\":[{\"@type\":\"SearchAction\",\"target\":{\"@type\":\"EntryPoint\",\"urlTemplate\":\"https:\/\/dicodusport.fr\/blog\/?s={search_term_string}\"},\"query-input\":{\"@type\":\"PropertyValueSpecification\",\"valueRequired\":true,\"valueName\":\"search_term_string\"}}],\"inLanguage\":\"fr-FR\"},{\"@type\":\"NewsMediaOrganization\",\"@id\":\"https:\/\/dicodusport.fr\/blog\/#organization\",\"name\":\"Dicodusport\",\"url\":\"https:\/\/dicodusport.fr\/blog\/\",\"logo\":{\"@type\":\"ImageObject\",\"inLanguage\":\"fr-FR\",\"@id\":\"https:\/\/dicodusport.fr\/blog\/#\/schema\/logo\/image\/\",\"url\":\"https:\/\/dicodusport.fr\/blog\/wp-content\/uploads\/2020\/06\/cropped-LOGO-DICODUSPORT-2020-SANS-FOND-SANS-TEXTE.png\",\"contentUrl\":\"https:\/\/dicodusport.fr\/blog\/wp-content\/uploads\/2020\/06\/cropped-LOGO-DICODUSPORT-2020-SANS-FOND-SANS-TEXTE.png\",\"width\":512,\"height\":512,\"caption\":\"Dicodusport\"},\"image\":{\"@id\":\"https:\/\/dicodusport.fr\/blog\/#\/schema\/logo\/image\/\"},\"sameAs\":[\"https:\/\/www.facebook.com\/dicodusport\",\"https:\/\/x.com\/dicodusport\",\"https:\/\/www.instagram.com\/dicodusport\/\",\"https:\/\/www.youtube.com\/channel\/UC7V2KZ5sd3htJivAbA4ZG3w\"],\"description\":\"Dicodusport est l'encyclop\u00e9die de l'actualit\u00e9 sportive.\",\"email\":\"bonjour@dicodusport.fr\",\"legalName\":\"DICODUSPORT\",\"foundingDate\":\"2018-01-14\",\"vatID\":\"FR71834470973\",\"taxID\":\"83447097300043\",\"numberOfEmployees\":{\"@type\":\"QuantitativeValue\",\"minValue\":\"1\",\"maxValue\":\"10\"}},{\"@type\":\"Person\",\"@id\":\"https:\/\/dicodusport.fr\/blog\/#\/schema\/person\/cce96fa88785bd8573e3d43078ac8c79\",\"name\":\"Arlette Yeye\",\"image\":{\"@type\":\"ImageObject\",\"inLanguage\":\"fr-FR\",\"@id\":\"https:\/\/dicodusport.fr\/blog\/#\/schema\/person\/image\/\",\"url\":\"https:\/\/secure.gravatar.com\/avatar\/dca4a6239e6d708e46c45d60e160de6c?s=96&d=wp_user_avatar&r=g\",\"contentUrl\":\"https:\/\/secure.gravatar.com\/avatar\/dca4a6239e6d708e46c45d60e160de6c?s=96&d=wp_user_avatar&r=g\",\"caption\":\"Arlette Yeye\"},\"description\":\"Journaliste\/r\u00e9dactrice depuis septembre 2015 - Supportrice de Chelsea, j'ai pour sports de pr\u00e9dilection le handball, l'athl\u00e9tisme et le tennis. Si je tweete plus vite que mon ombre, vous pouvez aussi me retrouver les week-ends sur les playgrounds de Bruxelles pour un petit foot ou basket entre potes. Parcourir la France, l'Europe et plus si affinit\u00e9s pour suivre mes sportifs pr\u00e9f\u00e9r\u00e9s ? Mon kif ! Et c'est avec plaisir que je partage les r\u00e9sultats des sports populaires mais \u00e9galement plus confidentiels pour Dicodusport.\",\"sameAs\":[\"https:\/\/x.com\/https:\/\/twitter.com\/Shiclette94\"],\"url\":\"https:\/\/dicodusport.fr\/blog\/author\/arlette\/\"}]}<\/script>\n<!-- \/ Yoast SEO Premium plugin. -->","yoast_head_json":{"title":"US Open 2020 : Carreno Busta\/Zverev en demi-finale","description":"La premi\u00e8re affiche des demi-finales de l'US Open mettra donc aux prises Pablo Carreno Busta et Alexander Zverev.\u00a0","robots":{"index":"index","follow":"follow","max-snippet":"max-snippet:-1","max-image-preview":"max-image-preview:large","max-video-preview":"max-video-preview:-1"},"canonical":"https:\/\/dicodusport.fr\/blog\/us-open-2020-carreno-busta-zverev-en-demi-finale\/","og_locale":"fr_FR","og_type":"article","og_title":"US Open 2020 : Carreno Busta\/Zverev, une demi-finale inattendue","og_description":"La premi\u00e8re affiche des demi-finales de l'US Open mettra donc aux prises Pablo Carreno Busta et Alexander Zverev.\u00a0","og_url":"https:\/\/dicodusport.fr\/blog\/us-open-2020-carreno-busta-zverev-en-demi-finale\/","og_site_name":"Dicodusport","article_publisher":"https:\/\/www.facebook.com\/dicodusport","article_published_time":"2020-09-09T12:15:03+00:00","article_modified_time":"2020-09-11T08:17:00+00:00","og_image":[{"width":800,"height":440,"url":"https:\/\/dicodusport.fr\/blog\/wp-content\/uploads\/2020\/09\/Carreno-Busta-Zverev.jpg","type":"image\/jpeg"}],"author":"Arlette Yeye","twitter_card":"summary_large_image","twitter_title":"US Open 2020 : Carreno Busta\/Zverev, une demi-finale inattendue","twitter_creator":"@https:\/\/twitter.com\/Shiclette94","twitter_site":"@dicodusport","schema":{"@context":"https:\/\/schema.org","@graph":[{"@type":"NewsArticle","@id":"https:\/\/dicodusport.fr\/blog\/us-open-2020-carreno-busta-zverev-en-demi-finale\/#article","isPartOf":{"@id":"https:\/\/dicodusport.fr\/blog\/us-open-2020-carreno-busta-zverev-en-demi-finale\/"},"author":{"name":"Arlette Yeye","@id":"https:\/\/dicodusport.fr\/blog\/#\/schema\/person\/cce96fa88785bd8573e3d43078ac8c79"},"headline":"US Open 2020 : Carreno Busta\/Zverev en demi-finale","datePublished":"2020-09-09T12:15:03+00:00","dateModified":"2020-09-11T08:17:00+00:00","mainEntityOfPage":{"@id":"https:\/\/dicodusport.fr\/blog\/us-open-2020-carreno-busta-zverev-en-demi-finale\/"},"wordCount":665,"commentCount":0,"publisher":{"@id":"https:\/\/dicodusport.fr\/blog\/#organization"},"image":{"@id":"https:\/\/dicodusport.fr\/blog\/us-open-2020-carreno-busta-zverev-en-demi-finale\/#primaryimage"},"thumbnailUrl":"https:\/\/dicodusport.fr\/blog\/wp-content\/uploads\/2020\/09\/Carreno-Busta-Zverev.jpg","keywords":["Alexander Zverev","Pablo Carreno Busta","US Open"],"articleSection":["Tennis"],"inLanguage":"fr-FR","potentialAction":[{"@type":"CommentAction","name":"Comment","target":["https:\/\/dicodusport.fr\/blog\/us-open-2020-carreno-busta-zverev-en-demi-finale\/#respond"]}],"copyrightYear":"2020","copyrightHolder":{"@id":"https:\/\/dicodusport.fr\/blog\/#organization"}},{"@type":"WebPage","@id":"https:\/\/dicodusport.fr\/blog\/us-open-2020-carreno-busta-zverev-en-demi-finale\/","url":"https:\/\/dicodusport.fr\/blog\/us-open-2020-carreno-busta-zverev-en-demi-finale\/","name":"US Open 2020 : Carreno Busta\/Zverev en demi-finale","isPartOf":{"@id":"https:\/\/dicodusport.fr\/blog\/#website"},"primaryImageOfPage":{"@id":"https:\/\/dicodusport.fr\/blog\/us-open-2020-carreno-busta-zverev-en-demi-finale\/#primaryimage"},"image":{"@id":"https:\/\/dicodusport.fr\/blog\/us-open-2020-carreno-busta-zverev-en-demi-finale\/#primaryimage"},"thumbnailUrl":"https:\/\/dicodusport.fr\/blog\/wp-content\/uploads\/2020\/09\/Carreno-Busta-Zverev.jpg","datePublished":"2020-09-09T12:15:03+00:00","dateModified":"2020-09-11T08:17:00+00:00","description":"La premi\u00e8re affiche des demi-finales de l'US Open mettra donc aux prises Pablo Carreno Busta et Alexander Zverev.\u00a0","breadcrumb":{"@id":"https:\/\/dicodusport.fr\/blog\/us-open-2020-carreno-busta-zverev-en-demi-finale\/#breadcrumb"},"inLanguage":"fr-FR","potentialAction":[{"@type":"ReadAction","target":["https:\/\/dicodusport.fr\/blog\/us-open-2020-carreno-busta-zverev-en-demi-finale\/"]}]},{"@type":"ImageObject","inLanguage":"fr-FR","@id":"https:\/\/dicodusport.fr\/blog\/us-open-2020-carreno-busta-zverev-en-demi-finale\/#primaryimage","url":"https:\/\/dicodusport.fr\/blog\/wp-content\/uploads\/2020\/09\/Carreno-Busta-Zverev.jpg","contentUrl":"https:\/\/dicodusport.fr\/blog\/wp-content\/uploads\/2020\/09\/Carreno-Busta-Zverev.jpg","width":800,"height":440},{"@type":"BreadcrumbList","@id":"https:\/\/dicodusport.fr\/blog\/us-open-2020-carreno-busta-zverev-en-demi-finale\/#breadcrumb","itemListElement":[{"@type":"ListItem","position":1,"name":"Accueil","item":"https:\/\/dicodusport.fr\/blog\/"},{"@type":"ListItem","position":2,"name":"US Open 2020 : Carreno Busta\/Zverev en demi-finale"}]},{"@type":"WebSite","@id":"https:\/\/dicodusport.fr\/blog\/#website","url":"https:\/\/dicodusport.fr\/blog\/","name":"Dicodusport","description":"L&#039;encyclop\u00e9die de l&#039;actualit\u00e9 sportive","publisher":{"@id":"https:\/\/dicodusport.fr\/blog\/#organization"},"potentialAction":[{"@type":"SearchAction","target":{"@type":"EntryPoint","urlTemplate":"https:\/\/dicodusport.fr\/blog\/?s={search_term_string}"},"query-input":{"@type":"PropertyValueSpecification","valueRequired":true,"valueName":"search_term_string"}}],"inLanguage":"fr-FR"},{"@type":"NewsMediaOrganization","@id":"https:\/\/dicodusport.fr\/blog\/#organization","name":"Dicodusport","url":"https:\/\/dicodusport.fr\/blog\/","logo":{"@type":"ImageObject","inLanguage":"fr-FR","@id":"https:\/\/dicodusport.fr\/blog\/#\/schema\/logo\/image\/","url":"https:\/\/dicodusport.fr\/blog\/wp-content\/uploads\/2020\/06\/cropped-LOGO-DICODUSPORT-2020-SANS-FOND-SANS-TEXTE.png","contentUrl":"https:\/\/dicodusport.fr\/blog\/wp-content\/uploads\/2020\/06\/cropped-LOGO-DICODUSPORT-2020-SANS-FOND-SANS-TEXTE.png","width":512,"height":512,"caption":"Dicodusport"},"image":{"@id":"https:\/\/dicodusport.fr\/blog\/#\/schema\/logo\/image\/"},"sameAs":["https:\/\/www.facebook.com\/dicodusport","https:\/\/x.com\/dicodusport","https:\/\/www.instagram.com\/dicodusport\/","https:\/\/www.youtube.com\/channel\/UC7V2KZ5sd3htJivAbA4ZG3w"],"description":"Dicodusport est l'encyclop\u00e9die de l'actualit\u00e9 sportive.","email":"bonjour@dicodusport.fr","legalName":"DICODUSPORT","foundingDate":"2018-01-14","vatID":"FR71834470973","taxID":"83447097300043","numberOfEmployees":{"@type":"QuantitativeValue","minValue":"1","maxValue":"10"}},{"@type":"Person","@id":"https:\/\/dicodusport.fr\/blog\/#\/schema\/person\/cce96fa88785bd8573e3d43078ac8c79","name":"Arlette Yeye","image":{"@type":"ImageObject","inLanguage":"fr-FR","@id":"https:\/\/dicodusport.fr\/blog\/#\/schema\/person\/image\/","url":"https:\/\/secure.gravatar.com\/avatar\/dca4a6239e6d708e46c45d60e160de6c?s=96&d=wp_user_avatar&r=g","contentUrl":"https:\/\/secure.gravatar.com\/avatar\/dca4a6239e6d708e46c45d60e160de6c?s=96&d=wp_user_avatar&r=g","caption":"Arlette Yeye"},"description":"Journaliste\/r\u00e9dactrice depuis septembre 2015 - Supportrice de Chelsea, j'ai pour sports de pr\u00e9dilection le handball, l'athl\u00e9tisme et le tennis. Si je tweete plus vite que mon ombre, vous pouvez aussi me retrouver les week-ends sur les playgrounds de Bruxelles pour un petit foot ou basket entre potes. Parcourir la France, l'Europe et plus si affinit\u00e9s pour suivre mes sportifs pr\u00e9f\u00e9r\u00e9s ? Mon kif ! Et c'est avec plaisir que je partage les r\u00e9sultats des sports populaires mais \u00e9galement plus confidentiels pour Dicodusport.","sameAs":["https:\/\/x.com\/https:\/\/twitter.com\/Shiclette94"],"url":"https:\/\/dicodusport.fr\/blog\/author\/arlette\/"}]}},"_links":{"self":[{"href":"https:\/\/dicodusport.fr\/blog\/wp-json\/wp\/v2\/posts\/77518","targetHints":{"allow":["GET"]}}],"collection":[{"href":"https:\/\/dicodusport.fr\/blog\/wp-json\/wp\/v2\/posts"}],"about":[{"href":"https:\/\/dicodusport.fr\/blog\/wp-json\/wp\/v2\/types\/post"}],"author":[{"embeddable":true,"href":"https:\/\/dicodusport.fr\/blog\/wp-json\/wp\/v2\/users\/12"}],"replies":[{"embeddable":true,"href":"https:\/\/dicodusport.fr\/blog\/wp-json\/wp\/v2\/comments?post=77518"}],"version-history":[{"count":0,"href":"https:\/\/dicodusport.fr\/blog\/wp-json\/wp\/v2\/posts\/77518\/revisions"}],"wp:featuredmedia":[{"embeddable":true,"href":"https:\/\/dicodusport.fr\/blog\/wp-json\/wp\/v2\/media\/77533"}],"wp:attachment":[{"href":"https:\/\/dicodusport.fr\/blog\/wp-json\/wp\/v2\/media?parent=77518"}],"wp:term":[{"taxonomy":"category","embeddable":true,"href":"https:\/\/dicodusport.fr\/blog\/wp-json\/wp\/v2\/categories?post=77518"},{"taxonomy":"post_tag","embeddable":true,"href":"https:\/\/dicodusport.fr\/blog\/wp-json\/wp\/v2\/tags?post=77518"}],"curies":[{"name":"wp","href":"https:\/\/api.w.org\/{rel}","templated":true}]}}