{"id":77571,"date":"2020-09-11T12:00:45","date_gmt":"2020-09-11T10:00:45","guid":{"rendered":"http:\/\/dicodusport.fr\/blog\/?p=77571&#038;preview=true&#038;preview_id=77571"},"modified":"2020-09-13T17:18:48","modified_gmt":"2020-09-13T15:18:48","slug":"athletisme-championnats-de-france-elite-espoirs-2020-programme-resultats","status":"publish","type":"post","link":"https:\/\/dicodusport.fr\/blog\/athletisme-championnats-de-france-elite-espoirs-2020-programme-resultats\/","title":{"rendered":"Athl\u00e9tisme &#8211; Championnats de France \u00c9lite et Espoirs 2020 : programme et r\u00e9sultats"},"content":{"rendered":"<p style=\"text-align: justify;\"><strong><em>Les <a href=\"https:\/\/www.athle.fr\/asp.net\/main.html\/html.aspx?htmlid=6058\" target=\"_blank\" rel=\"noopener noreferrer\">Championnats de France d&rsquo;athl\u00e9tisme \u00c9lite et Espoirs<\/a> se d\u00e9roulent ce week-end \u00e0 Albi. Voici le programme et les r\u00e9sultats.<\/em><\/strong><\/p>\n<h2 style=\"text-align: justify;\">Deux comp\u00e9titions en une<\/h2>\n<p style=\"text-align: justify;\">Les Championnats de France d&rsquo;athl\u00e9tisme \u00c9lite et Espoirs auront lieu les 1<strong>2 et 13 septembre<\/strong> au Stadium Municipal d&rsquo;Albi, avec du public. <strong>Albi<\/strong> fait partie des 4 villes privil\u00e9gi\u00e9es \u00e0 avoir accueilli 4 \u00e9ditions de championnats de France (2008, 2011, 2018 et 2020).<\/p>\n<p style=\"text-align: justify;\">Cette ann\u00e9e marque le <strong>centenaire<\/strong> de la F\u00e9d\u00e9ration. Ainsi, pour la premi\u00e8re fois, en raison de la pand\u00e9mie, les Championnats de France associeront athl\u00e8tes <strong>\u00e9lites et espoirs<\/strong>. Les (t\u00e9l\u00e9)spectateurs auront ainsi l&rsquo;occasion d&rsquo;assister au lancement de la <strong>g\u00e9n\u00e9ration 2024<\/strong> qui va d\u00e9fier l&rsquo;\u00e9lite de l&rsquo;athl\u00e9tisme tricolore. Il y aura un podium \u00ab\u00a0\u00e9lite\u00a0\u00bb et un podium \u00ab\u00a0espoirs\u00a0\u00bb pour chaque \u00e9preuve. Pour le 100 m, 200 m, 800 m, 100 m haies, 110 m haies, 400 m, et 400 m haies il y aura un minimum de 5 espoirs qualifi\u00e9s pour les finales A et B et 8 espoirs pour le 3000 m steeple et le 5000 m. Pour le 1500 m, le podium U23 sera attribu\u00e9 sur la finale A et \u00e9ventuellement compl\u00e9t\u00e9 sur la finale B.<\/p>\n<p style=\"text-align: justify;\">Un seul concours est organis\u00e9, regroupant les 16 athl\u00e8tes. Except\u00e9 pour les concours perche et hauteur, en finale, le nombre d\u2019athl\u00e8tes pouvant b\u00e9n\u00e9ficier des 3 essais suppl\u00e9mentaires, sera \u00e9ventuellement compl\u00e9t\u00e9 pour retenir au moins 5 athl\u00e8tes U23.<\/p>\n<h2>Retransmission<\/h2>\n<p style=\"text-align: justify;\">Pour la premi\u00e8re fois, la F\u00e9d\u00e9ration Fran\u00e7aise d\u2019Athl\u00e9tisme (FFA) propose une <strong>diffusion vid\u00e9o en int\u00e9gralit\u00e9<\/strong> de la comp\u00e9tition sur internet. Les championnats seront \u00e0 suivre sur <a href=\"http:\/\/athle.fr\" target=\"_blank\" rel=\"noopener noreferrer\">le site de la f\u00e9d\u00e9ration<\/a> et la <a href=\"https:\/\/www.youtube.com\/ffathletisme\" target=\"_blank\" rel=\"noopener noreferrer\">chaine YouTube de la FFA<\/a>. Les commentaires seront assur\u00e9s par des membres de la commission animation de la FFA, avec \u00e0 leurs c\u00f4t\u00e9s des entra\u00eeneurs et anciens athl\u00e8tes prestigieux.<\/p>\n<p style=\"text-align: justify;\">\u00c0 la t\u00e9l\u00e9vision les championnats seront \u00e0 suivre en clair sur <strong>La Cha\u00eene L&rsquo;\u00c9quipe<\/strong>. Aux commentaires, Fran\u00e7ois-Xavier de Chateaufort et Bouabdellah Tahri. C&rsquo;est la FFA qui sera en charge de la production du signal TV. Avec comme double objectif plus d&rsquo;immersion et d&rsquo;interaction : acc\u00e8s aux coulisses de la comp\u00e9tition et plus d&rsquo;interaction avec les athl\u00e8tes et leurs staffs.<\/p>\n<p style=\"text-align: justify;\"><strong>Samedi 12 septembre<\/strong><br \/>\nDe 14h \u00e0 21h sur internet<br \/>\nDe 18h \u00e0 20h sur La Cha\u00eene L&rsquo;\u00c9quipe<\/p>\n<p style=\"text-align: justify;\"><strong>Dimanche 13 septembre<\/strong><br \/>\nDe 9h \u00e0 17h sur internet<br \/>\nDe 14h45 \u00e0 16h45 sur La Cha\u00eene L&rsquo;\u00c9quipe<\/p>\n<h2 style=\"text-align: justify;\">Le programme complet<\/h2>\n<p style=\"text-align: justify;\"><div class=\"su-tabs su-tabs-style-default su-tabs-mobile-stack\" data-active=\"2\" data-scroll-offset=\"0\" data-anchor-in-url=\"no\"><div class=\"su-tabs-nav\"><span class=\"\" data-url=\"\" data-target=\"blank\" tabindex=\"0\" role=\"button\">Samedi 12 septembre<\/span><span class=\"\" data-url=\"\" data-target=\"blank\" tabindex=\"0\" role=\"button\">Dimanche 13 septembre<\/span><\/div><div class=\"su-tabs-panes\"><div class=\"su-tabs-pane su-u-clearfix su-u-trim\" data-title=\"Samedi 12 septembre\">\n<p style=\"text-align: justify;\"><strong>14h : finale marteau H<\/strong><br \/>\n<strong>14h40 :<\/strong> <a href=\"https:\/\/bases.athle.fr\/asp.net\/liste.aspx?frmbase=lives&amp;frmmode=1&amp;frmespace=0&amp;frmcompetition=238761&amp;frmepreuvem=400m+Haies+(91)+%2f+TCM\" target=\"_blank\" rel=\"noopener noreferrer\">s\u00e9ries 400 m haies H<\/a><br \/>\n<strong>15h12 :<\/strong> <a href=\"https:\/\/bases.athle.fr\/asp.net\/liste.aspx?frmbase=lives&amp;frmmode=1&amp;frmespace=0&amp;frmcompetition=238761&amp;frmepreuvem=400m+Haies+(76)+%2f+TCF\" target=\"_blank\" rel=\"noopener noreferrer\">s\u00e9ries 400 m haies F<\/a><br \/>\n<strong>15h15 : finale longueur F<br \/>\n15h42 : <\/strong><a href=\"https:\/\/bases.athle.fr\/asp.net\/liste.aspx?frmbase=lives&amp;frmmode=1&amp;frmespace=0&amp;frmcompetition=238761&amp;frmepreuvem=800m+%2f+TCF\" target=\"_blank\" rel=\"noopener noreferrer\">s\u00e9ries 800 m F<\/a><strong><br \/>\n16h05 :\u00a0 finale poids F<br \/>\n16h07 : <\/strong><a href=\"https:\/\/bases.athle.fr\/asp.net\/liste.aspx?frmbase=lives&amp;frmmode=1&amp;frmespace=0&amp;frmcompetition=238761&amp;frmepreuvem=400m+%2f+TCF\" target=\"_blank\" rel=\"noopener noreferrer\">s\u00e9ries 400 m F<\/a><strong><br \/>\n<\/strong><strong>16h30 : <\/strong><a href=\"https:\/\/bases.athle.fr\/asp.net\/liste.aspx?frmbase=lives&amp;frmmode=1&amp;frmespace=0&amp;frmcompetition=238761&amp;frmepreuvem=400m+%2f+TCM\" target=\"_blank\" rel=\"noopener noreferrer\">s\u00e9ries 400 m H<\/a><br \/>\n<strong>16h35 : finale javelot H<\/strong><br \/>\n<strong>16h51 :<\/strong> <a href=\"https:\/\/bases.athle.fr\/asp.net\/liste.aspx?frmbase=lives&amp;frmmode=1&amp;frmespace=0&amp;frmcompetition=238761&amp;frmepreuvem=800m+%2f+TCM\" target=\"_blank\" rel=\"noopener noreferrer\">s\u00e9ries 800 m H<\/a><br \/>\n<strong>16h55 : finale perche H<\/strong><br \/>\n<strong>17h : finale hauteur H<\/strong><br \/>\n<strong>17h15 : finale B 1500 m F<\/strong><br \/>\n<strong>17h36 : <\/strong><a href=\"https:\/\/bases.athle.fr\/asp.net\/liste.aspx?frmbase=lives&amp;frmmode=1&amp;frmespace=0&amp;frmcompetition=238761&amp;frmepreuvem=100m+Haies+(84)+%2f+TCF\" target=\"_blank\" rel=\"noopener noreferrer\">s\u00e9ries 100 m haies F<\/a><br \/>\n<strong>17h50 : finale triple saut H<\/strong><br \/>\n<strong>18h03 :<\/strong> <a href=\"https:\/\/bases.athle.fr\/asp.net\/liste.aspx?frmbase=lives&amp;frmmode=1&amp;frmespace=0&amp;frmcompetition=238761&amp;frmepreuvem=100m+%2f+TCM\" target=\"_blank\" rel=\"noopener noreferrer\">s\u00e9ries 100 m H<\/a><br \/>\n<strong>18h23 :<\/strong> <a href=\"https:\/\/bases.athle.fr\/asp.net\/liste.aspx?frmbase=lives&amp;frmmode=1&amp;frmespace=0&amp;frmcompetition=238761&amp;frmepreuvem=100m+%2f+TCF\" target=\"_blank\" rel=\"noopener noreferrer\">s\u00e9ries 100 m F<\/a><br \/>\n<strong>18h35 : finale poids H<\/strong><br \/>\n<strong>18h50 : finale 3000 m steeple<\/strong><br \/>\n<strong>19h05 : finale javelot F<\/strong><br \/>\n<strong>19h07 :\u00a0finale A 1500 m F<\/strong><br \/>\n<strong>19h23 : finale B 100 m haies F<\/strong><br \/>\n<strong>19h30 : finale A 100 m haies F<br \/>\n19h40 : finale A 100 m H<\/strong><br \/>\n<strong>19h50 : finale A 100 m F<\/strong><br \/>\n<strong>20h : finale B 100 m H<\/strong><br \/>\n<strong>20h10 : finale B 100 m F<br \/>\n20h25 : finale 5000 m F<\/strong><br \/>\n<strong>20h45 : finale 5000 m H<\/strong><\/p>\n<p style=\"text-align: justify;\"><\/div>\n<div class=\"su-tabs-pane su-u-clearfix su-u-trim\" data-title=\"Dimanche 13 septembre\">\n<p style=\"text-align: justify;\"><strong>9h : finale 10 km marche H<br \/>\n10h : finale 10 km marche F<\/strong><br \/>\n<strong>10h : finale marteau F<\/strong><br \/>\n<strong>11h40 :<\/strong> <strong>finale 3000 m steeple F<\/strong><br \/>\n<strong>11h55 :<\/strong>\u00a0<strong>finale longueur H<\/strong><br \/>\n<strong>12h : finale B 400 m haies H<\/strong><br \/>\n<strong>12h10 : finale A 400 m haies H<\/strong><br \/>\n<strong>12h25 : finale B 400 m haies F<br \/>\n12h35 : finale A<\/strong> <strong>400 m haies F<\/strong><br \/>\n<strong>12h40 : finale disque H<\/strong><br \/>\n<strong>12h48 : <\/strong><a href=\"https:\/\/bases.athle.fr\/asp.net\/liste.aspx?frmbase=lives&amp;frmmode=1&amp;frmespace=0&amp;frmcompetition=238761&amp;frmepreuvem=200m+%2f+TCF\" target=\"_blank\" rel=\"noopener noreferrer\">s\u00e9ries 200 m F<\/a><br \/>\n<strong>13h08 : <\/strong><a href=\"https:\/\/bases.athle.fr\/asp.net\/liste.aspx?frmbase=lives&amp;frmmode=1&amp;frmespace=0&amp;frmcompetition=238761&amp;frmepreuvem=200m+%2f+TCM\" target=\"_blank\" rel=\"noopener noreferrer\">s\u00e9ries 200 m H<\/a><br \/>\n<strong>13h30 : finale perche F<br \/>\n13h35 : finale B<\/strong> <strong>400 m\u00a0 F<\/strong><br \/>\n<strong>13h45 : finale B 400 m H<\/strong><br \/>\n<strong>14h : finale B<\/strong> <strong>800 m H<\/strong><br \/>\n<strong>14h10 : finale B<\/strong> <strong>800 m F<\/strong><br \/>\n<strong>14h25 : finale B<\/strong> <strong>200 m F<\/strong><br \/>\n<strong>14h30 : finale hauteur F<\/strong><br \/>\n<strong>14h35 : finale triple saut F<br \/>\n14h35 : finale B<\/strong> <strong>200 m H<\/strong><br \/>\n<strong>14h45 : finale A 200 m F<\/strong><br \/>\n<strong>14h53 : finale A<\/strong> <strong>200 m H<\/strong><br \/>\n<strong>15h06 : <\/strong><a href=\"https:\/\/bases.athle.fr\/asp.net\/liste.aspx?frmbase=lives&amp;frmmode=1&amp;frmespace=0&amp;frmcompetition=238761&amp;frmepreuvem=110m+Haies+(106)+%2f+TCM\" target=\"_blank\" rel=\"noopener noreferrer\">s\u00e9ries 110 m haies H<\/a><br \/>\n<strong>15h20 : finale disque F<\/strong><br \/>\n<strong>15h35 : finale A<\/strong> <strong>800 m F<\/strong><br \/>\n<strong>15h45 : finale A<\/strong> <strong>800 m<\/strong> H<br \/>\n<strong>15h55 : finale A<\/strong> <strong>400 m F<\/strong><br \/>\n<strong>16h05 : finale A<\/strong> <strong>400 m H<\/strong><br \/>\n<strong>16h20 : finale B<\/strong> <strong>1500 m H<\/strong><br \/>\n<strong>16h30 : finale A 1500 m H<\/strong><br \/>\n<strong>16h40 : finale A 110 m haies H<\/strong><br \/>\n<strong>16h50 : finale B 110 m haies H<br \/>\n<\/strong><\/p>\n<p style=\"text-align: justify;\"><\/div><\/div><\/div>\n<div class=\"su-spoiler su-spoiler-style-fancy su-spoiler-icon-chevron su-spoiler-closed\" data-scroll-offset=\"0\" data-anchor-in-url=\"no\"><div class=\"su-spoiler-title\" tabindex=\"0\" role=\"button\"><span class=\"su-spoiler-icon\"><\/span>R\u00e9sultats \u00c9lite<\/div><div class=\"su-spoiler-content su-u-clearfix su-u-trim\">\n<h3 style=\"text-align: justify;\">Femmes<\/h3>\n<table style=\"width: 800px; border-collapse: collapse;\">\n<tbody>\n<tr>\n<td style=\"text-align: center; width: 200px;\"><strong>\u00c9preuves<\/strong><\/td>\n<td style=\"background-color: #fff242; text-align: center; width: 200px;\"><strong>Or<\/strong><\/td>\n<td style=\"background-color: #a8a8a8; text-align: center; width: 200px;\"><strong>Argent<\/strong><\/td>\n<td style=\"background-color: #c97159; text-align: center; width: 200px;\"><strong>Bronze<\/strong><\/td>\n<\/tr>\n<tr>\n<td style=\"text-align: center; width: 200px;\"><strong>100 m<\/strong><\/td>\n<td style=\"text-align: center; width: 200px;\">Carolle Zahi<br \/>\n11\u203328 <strong>SB<\/strong><\/td>\n<td style=\"text-align: center; width: 200px;\">Wided Atatou<br \/>\n11\u203338 <strong>PB<\/strong><\/td>\n<td style=\"text-align: center; width: 200px;\">Jessie Saint-Marc<br \/>\n11\u203346 <strong>PB<\/strong><\/td>\n<\/tr>\n<tr>\n<td style=\"text-align: center; width: 200px;\"><strong>200 m<\/strong><\/td>\n<td style=\"text-align: center; width: 200px;\">Carolle Zahi<br \/>\n22\u203398 <strong>SB<\/strong><\/td>\n<td style=\"text-align: center; width: 200px;\">Wided Atatou<br \/>\n23\u203312 <strong>PB<\/strong><\/td>\n<td style=\"text-align: center; width: 200px;\">Maroussia Par\u00e9<br \/>\n23\u203350 <strong>SB<\/strong><\/td>\n<\/tr>\n<tr>\n<td style=\"text-align: center; width: 200px;\"><strong>400 m<\/strong><\/td>\n<td style=\"text-align: center; width: 200px;\">Sokhna Lacoste<br \/>\n52\u203348 <strong>PB<\/strong><\/td>\n<td style=\"text-align: center; width: 200px;\">Amandine Brossier<br \/>\n52\u203366 <strong>SB<\/strong><\/td>\n<td style=\"text-align: center; width: 200px;\">Diana Iscaye<br \/>\n52\u203393 <strong>SB<\/strong><\/td>\n<\/tr>\n<tr>\n<td style=\"text-align: center; width: 200px;\"><strong>800 m<\/strong><\/td>\n<td style=\"text-align: center; width: 200px;\">No\u00e9lie Yarigo<br \/>\n2\u203204\u203376<\/td>\n<td style=\"text-align: center; width: 200px;\">Cynthia Anais<br \/>\n2\u203205\u203328<\/td>\n<td style=\"text-align: center; width: 200px;\">Lena Kandissounon<br \/>\n2\u203205\u203330<\/td>\n<\/tr>\n<tr>\n<td style=\"text-align: center; width: 200px;\"><strong>1500 m<\/strong><\/td>\n<td style=\"text-align: center; width: 200px;\">B\u00e9r\u00e9nice Fulchiron<br \/>\n4\u203223\u203366<\/td>\n<td style=\"text-align: center; width: 200px;\">B\u00e9r\u00e9nice Cleyet-Merle<br \/>\n4\u203224\u203302<\/td>\n<td style=\"text-align: center; width: 200px;\">Marine Houel<br \/>\n4\u203224\u203397<\/td>\n<\/tr>\n<tr>\n<td style=\"text-align: center; width: 200px;\"><strong>5000 m<\/strong><\/td>\n<td style=\"text-align: center; width: 200px;\">Alessia Zarbo<br \/>\n15\u203256\u203346<\/td>\n<td style=\"text-align: center; width: 200px;\">Aude Korotchansky<br \/>\n15\u203258\u203358 <strong>PB<\/strong><\/td>\n<td style=\"text-align: center; width: 200px;\">Emeline Delanis<br \/>\n16\u203202\u203354 <strong>PB<\/strong><\/td>\n<\/tr>\n<tr>\n<td style=\"text-align: center; width: 200px;\"><strong>100 m haies<\/strong><\/td>\n<td style=\"text-align: center; width: 200px;\">Cyrena Samba Mayela<br \/>\n12\u203373 <strong>PB<\/strong><\/td>\n<td style=\"text-align: center; width: 200px;\">Solenn Compper<br \/>\n13\u203320 <strong>SB<\/strong><\/td>\n<td style=\"text-align: center; width: 200px;\">Fanny Quenot<br \/>\n13\u203336<\/td>\n<\/tr>\n<tr>\n<td style=\"text-align: center; width: 200px;\"><strong>400 m haies<\/strong><\/td>\n<td style=\"text-align: center; width: 200px;\">Farah Clerc<br \/>\n57\u203391 <strong>SB<\/strong><\/td>\n<td style=\"text-align: center; width: 200px;\">Shana Grebo<br \/>\n58\u203300<\/td>\n<td style=\"text-align: center; width: 200px;\">Meriem Sahnoune<br \/>\n58\u203332 <strong>PB<\/strong><\/td>\n<\/tr>\n<tr>\n<td style=\"text-align: center; width: 200px;\"><strong>3000 m steeple<\/strong><\/td>\n<td style=\"text-align: center; width: 200px;\">Alice Finot<br \/>\n10\u203201\u203358<\/td>\n<td style=\"text-align: center; width: 200px;\">Flavie Renouard<br \/>\n10\u203202\u203339<\/td>\n<td style=\"text-align: center; width: 200px;\">Claire Palou<br \/>\n10\u203202\u203354<\/td>\n<\/tr>\n<tr>\n<td style=\"text-align: center; width: 200px;\"><strong>10 km marche<\/strong><\/td>\n<td style=\"text-align: center; width: 200px;\">Elo\u00efse Terrec<br \/>\n45\u203235\u2033 <strong>PB<\/strong><\/td>\n<td style=\"text-align: center; width: 200px;\">Emilie Menuet<br \/>\n46\u203255\u2033 <strong>SB<\/strong><\/td>\n<td style=\"text-align: center; width: 200px;\">Camille Moutard<br \/>\n47\u203228\u2033 <strong>PB<\/strong><\/td>\n<\/tr>\n<tr>\n<td style=\"text-align: center; width: 200px;\"><strong>Saut en hauteur<\/strong><\/td>\n<td style=\"text-align: center; width: 200px;\">Sol\u00e8ne Gicquel<br \/>\n1m87 <strong>SB<\/strong><\/td>\n<td style=\"text-align: center; width: 200px;\">Claire Orcel<br \/>\n1m87<\/td>\n<td style=\"text-align: center; width: 200px;\">L\u00e9onie Cambours<br \/>\n1m83 <strong>SB<\/strong><\/td>\n<\/tr>\n<tr>\n<td style=\"text-align: center; width: 200px;\"><strong>Saut \u00e0 la perche<\/strong><\/td>\n<td style=\"text-align: center; width: 200px;\">Marion Lotout<br \/>\n4m55 <strong>SB<\/strong><\/td>\n<td style=\"text-align: center; width: 200px;\">Margot Chevrier<br \/>\n4m30<\/td>\n<td style=\"text-align: center; width: 200px;\">Mallaury Sautereau<br \/>\n4m20 <strong>SB<\/strong><\/td>\n<\/tr>\n<tr>\n<td style=\"text-align: center; width: 200px;\"><strong>Saut en longueur<\/strong><\/td>\n<td style=\"text-align: center; width: 200px;\">Eloyse Lesueur-Aymonin<br \/>\n6m44 <strong>SB<\/strong><\/td>\n<td style=\"text-align: center; width: 200px;\">Yanis David<br \/>\n6m35<\/td>\n<td style=\"text-align: center; width: 200px;\">Rougui Sow<br \/>\n6m28<\/td>\n<\/tr>\n<tr>\n<td style=\"text-align: center; width: 200px;\"><strong>Triple saut<\/strong><\/td>\n<td style=\"text-align: center; width: 200px;\">Jeanine Assani Issouf<br \/>\n13m59 <strong>SB<\/strong><\/td>\n<td style=\"text-align: center; width: 200px;\">Ilionis Guillaume<br \/>\n13m55 <strong>SB<\/strong><\/td>\n<td style=\"text-align: center; width: 200px;\">Sohane Aucagos<br \/>\n13m34 <strong>PB<\/strong><\/td>\n<\/tr>\n<tr>\n<td style=\"text-align: center; width: 200px;\"><strong>Lancer du poids<\/strong><\/td>\n<td style=\"text-align: center; width: 200px;\">Amanda Ngandu-Ntumba<br \/>\n16m01 <strong>PB<\/strong><\/td>\n<td style=\"text-align: center; width: 200px;\">Caroline M\u00e9tayer<br \/>\n15m02<\/td>\n<td style=\"text-align: center; width: 200px;\">Talia Solitude<br \/>\n13m67<\/td>\n<\/tr>\n<tr>\n<td style=\"text-align: center; width: 200px;\"><strong>Lancer du disque<\/strong><\/td>\n<td style=\"text-align: center; width: 200px;\">M\u00e9lina Robert-Michon<br \/>\n60m06<\/td>\n<td style=\"text-align: center; width: 200px;\">Ir\u00e8ne Donzelot<br \/>\n54m74<\/td>\n<td style=\"text-align: center; width: 200px;\">Amanda Ngandu-Ntumba<br \/>\n52m59<\/td>\n<\/tr>\n<tr>\n<td style=\"text-align: center; width: 200px;\"><strong>Lancer du marteau<\/strong><\/td>\n<td style=\"text-align: center; width: 200px;\">Alexandra Tavernier<br \/>\n72m76<\/td>\n<td style=\"text-align: center; width: 200px;\">Lorelei Taillandier<br \/>\n64m32 <strong>PB<\/strong><\/td>\n<td style=\"text-align: center; width: 200px;\">Rose Loga<br \/>\n63m98<\/td>\n<\/tr>\n<tr>\n<td style=\"text-align: center; width: 200px;\"><strong>Lancer du javelot<\/strong><\/td>\n<td style=\"text-align: center; width: 200px;\">Alexie Ala\u00efs<br \/>\n58m11<\/td>\n<td style=\"text-align: center; width: 200px;\">Jona Aigouy<br \/>\n56m09 <strong>PB<\/strong><\/td>\n<td style=\"text-align: center; width: 200px;\">Evelina Mendes<br \/>\n54m10<\/td>\n<\/tr>\n<\/tbody>\n<\/table>\n<h3 style=\"text-align: justify;\">Hommes<\/h3>\n<table style=\"width: 800px; border-collapse: collapse;\">\n<tbody>\n<tr>\n<td style=\"text-align: center; width: 200px;\"><strong>\u00c9preuves<\/strong><\/td>\n<td style=\"background-color: #fff242; text-align: center; width: 200px;\"><strong>Or<\/strong><\/td>\n<td style=\"background-color: #a8a8a8; text-align: center; width: 200px;\"><strong>Argent<\/strong><\/td>\n<td style=\"background-color: #c97159; text-align: center; width: 200px;\"><strong>Bronze<\/strong><\/td>\n<\/tr>\n<tr>\n<td style=\"text-align: center; width: 200px;\"><strong>100 m<\/strong><\/td>\n<td style=\"text-align: center; width: 200px;\">Mouhamadou Fall<br \/>\n10\u203316 <strong>SB<\/strong><\/td>\n<td style=\"text-align: center; width: 200px;\">Amaury Golitin<br \/>\n10\u203319 <strong>SB<\/strong><\/td>\n<td style=\"text-align: center; width: 200px;\">Dylan Rigot<br \/>\n10\u203330 <strong>SB<\/strong><\/td>\n<\/tr>\n<tr>\n<td style=\"text-align: center; width: 200px;\"><strong>200 m<\/strong><\/td>\n<td style=\"text-align: center; width: 200px;\">Amaury Golitin<br \/>\n20\u203367 <strong>PB<\/strong><\/td>\n<td style=\"text-align: center; width: 200px;\">Sasha Zhoya<br \/>\n20\u203368 <strong>PB<\/strong><\/td>\n<td style=\"text-align: center; width: 200px;\">Pablo Mateo<br \/>\n20\u203399<\/td>\n<\/tr>\n<tr>\n<td style=\"text-align: center; width: 200px;\"><strong>400 m<\/strong><\/td>\n<td style=\"text-align: center; width: 200px;\">Ludvy Vaillant<br \/>\n45\u203346 <strong>SB<\/strong><\/td>\n<td style=\"text-align: center; width: 200px;\">T\u00e9o Andant<br \/>\n46\u203380 P<strong>B<\/strong><\/td>\n<td style=\"text-align: center; width: 200px;\">Dylan Chesneau<br \/>\n47\u203308 <strong>PB<\/strong><\/td>\n<\/tr>\n<tr>\n<td style=\"text-align: center; width: 200px;\"><strong>800 m<\/strong><\/td>\n<td style=\"text-align: center; width: 200px;\">Benjamin Robert<br \/>\n1\u203248\u203368<\/td>\n<td style=\"text-align: center; width: 200px;\">Renaud Rosi\u00e8re<br \/>\n1\u203248\u203389<\/td>\n<td style=\"text-align: center; width: 200px;\">Julian Ranc<br \/>\n1\u203249\u203323<\/td>\n<\/tr>\n<tr>\n<td style=\"text-align: center; width: 200px;\"><strong>1500 m<\/strong><\/td>\n<td style=\"text-align: center; width: 200px;\">Alexis Miellet<br \/>\n3\u203240\u203392 <strong>SB<\/strong><\/td>\n<td style=\"text-align: center; width: 200px;\">Baptiste Mischler<br \/>\n3\u203240\u203397<\/td>\n<td style=\"text-align: center; width: 200px;\">Quentin Tison<br \/>\n3\u203241\u203317<\/td>\n<\/tr>\n<tr>\n<td style=\"text-align: center; width: 200px;\"><strong>5000 m<\/strong><\/td>\n<td style=\"text-align: center; width: 200px;\">Jimmy Gressier<br \/>\n13\u203233\u203308<\/td>\n<td style=\"text-align: center; width: 200px;\">Fabien Palcau<br \/>\n13\u203235\u203361 <strong>PB<\/strong><\/td>\n<td style=\"text-align: center; width: 200px;\">Dorian Coninx<br \/>\n13\u203240\u203311 <strong>PB<\/strong><\/td>\n<\/tr>\n<tr>\n<td style=\"text-align: center; width: 200px;\"><strong>110 m haies<\/strong><\/td>\n<td style=\"text-align: center; width: 200px;\">Wilhem Belocian<br \/>\n13\u203320<\/td>\n<td style=\"text-align: center; width: 200px;\">Jeanice Laviolette<br \/>\n13\u203352 <strong>PB<\/strong><\/td>\n<td style=\"text-align: center; width: 200px;\">Just Kwaou-Mathey<br \/>\n13\u203361 <strong>PB<\/strong><\/td>\n<\/tr>\n<tr>\n<td style=\"text-align: center; width: 200px;\"><strong>400 m haies<\/strong><\/td>\n<td style=\"text-align: center; width: 200px;\">Wilfried Happio<br \/>\n49\u203397<\/td>\n<td style=\"text-align: center; width: 200px;\">Edgar Levard<br \/>\n51\u203346 <strong>PB<\/strong><\/td>\n<td style=\"text-align: center; width: 200px;\">Rayan Duperme<br \/>\n51\u203367 <strong>PB<\/strong><\/td>\n<\/tr>\n<tr>\n<td style=\"text-align: center; width: 200px;\"><strong>3000 m steeple<\/strong><\/td>\n<td style=\"text-align: center; width: 200px;\">Djilali Bedrani<br \/>\n8\u203235\u203339<\/td>\n<td style=\"text-align: center; width: 200px;\">Mehdi Belhadj<br \/>\n8\u203240\u203389<\/td>\n<td style=\"text-align: center; width: 200px;\">Louis Gilavert<br \/>\n8\u203241\u203327<\/td>\n<\/tr>\n<tr>\n<td style=\"text-align: center; width: 200px;\"><strong>10 km marche<\/strong><\/td>\n<td style=\"text-align: center; width: 200px;\">Gabriel Bordier<br \/>\n39\u203217\u2033 <strong>PB<\/strong><\/td>\n<td style=\"text-align: center; width: 200px;\">David Kuster<br \/>\n42\u203201\u2033 <strong>SB<\/strong><\/td>\n<td style=\"text-align: center; width: 200px;\">Dimitri Durand<br \/>\n42\u203226\u2033 <strong>PB<\/strong><\/td>\n<\/tr>\n<tr>\n<td style=\"text-align: center; width: 200px;\"><strong>Saut en hauteur<\/strong><\/td>\n<td style=\"text-align: center; width: 200px;\">S\u00e9bastien Micheau<br \/>\n2m18<\/td>\n<td style=\"text-align: center; width: 200px;\">Raphael Moudoulou<br \/>\n2m15 <strong>PB<\/strong><\/td>\n<td style=\"text-align: center; width: 200px;\">Dorian Tharaud<br \/>\n2m12<\/td>\n<\/tr>\n<tr>\n<td style=\"text-align: center; width: 200px;\"><strong>Saut \u00e0 la perche<\/strong><\/td>\n<td style=\"text-align: center; width: 200px;\">Renaud Lavillenie<br \/>\n5m80 <strong>SB<\/strong><\/td>\n<td style=\"text-align: center; width: 200px;\">Valentin Lavillenie<br \/>\n5m70 <strong>SB<\/strong><\/td>\n<td style=\"text-align: center; width: 200px;\">Ethan Cormont<br \/>\n5m58 <strong>SB<\/strong><\/td>\n<\/tr>\n<tr>\n<td style=\"text-align: center; width: 200px;\"><strong>Saut en longueur<\/strong><\/td>\n<td style=\"text-align: center; width: 200px;\">Yann Randrianasolo<br \/>\n7m91<\/td>\n<td style=\"text-align: center; width: 200px;\">Al-Assane<br \/>\n7m83 <strong>PB<\/strong><\/td>\n<td style=\"text-align: center; width: 200px;\">Tom Campagne<br \/>\n7m80 <strong>SB<\/strong><\/td>\n<\/tr>\n<tr>\n<td style=\"text-align: center; width: 200px;\"><strong>Triple saut<\/strong><\/td>\n<td style=\"text-align: center; width: 200px;\">Jean-Marc Pontvianne<br \/>\n16m85<\/td>\n<td style=\"text-align: center; width: 200px;\">Enzo Hodebar<br \/>\n16m72 <strong>PB<\/strong><\/td>\n<td style=\"text-align: center; width: 200px;\">Benjamin Compaor\u00e9<br \/>\n16m68 <strong>SB<\/strong><\/td>\n<\/tr>\n<tr>\n<td style=\"text-align: center; width: 200px;\"><strong>Lancer du poids<\/strong><\/td>\n<td style=\"text-align: center; width: 200px;\">Fr\u00e9d\u00e9ric Dag\u00e9e<br \/>\n19m74 <strong>SB<\/strong><\/td>\n<td style=\"text-align: center; width: 200px;\">Antoine Duponchel<br \/>\n18m02 <strong>SB<\/strong><\/td>\n<td style=\"text-align: center; width: 200px;\">Yann Moisan<br \/>\n17m79 <strong>SB<\/strong><\/td>\n<\/tr>\n<tr>\n<td style=\"text-align: center; width: 200px;\"><strong>Lancer du disque<\/strong><\/td>\n<td style=\"text-align: center; width: 200px;\">Lolassonn Djouhan<br \/>\n60m07<\/td>\n<td style=\"text-align: center; width: 200px;\">Tom Reux<br \/>\n56m23<\/td>\n<td style=\"text-align: center; width: 200px;\">Dean-Nick Allen<br \/>\n53m<\/td>\n<\/tr>\n<tr>\n<td style=\"text-align: center; width: 200px;\"><strong>Lancer du marteau<\/strong><\/td>\n<td style=\"text-align: center; width: 200px;\">Quentin Bigot<br \/>\n75m65 <strong>SB<\/strong><\/td>\n<td style=\"text-align: center; width: 200px;\">Enguerrand Decroix Tetu<br \/>\n69m77<\/td>\n<td style=\"text-align: center; width: 200px;\">Jean-Baptiste Bruxelle<br \/>\n64m74 <strong>PB<\/strong><\/td>\n<\/tr>\n<tr>\n<td style=\"text-align: center; width: 200px;\"><strong>Lancer du javelot<\/strong><\/td>\n<td style=\"text-align: center; width: 200px;\">Lukas Moutarde<br \/>\n75m71 <strong>SB<\/strong><\/td>\n<td style=\"text-align: center; width: 200px;\">Teuraiterai Tupaia<br \/>\n73m07<\/td>\n<td style=\"text-align: center; width: 200px;\">Remi Conroy<br \/>\n71m76 <strong>SB<\/strong><\/td>\n<\/tr>\n<\/tbody>\n<\/table>\n<p>PB : Record personnel<br \/>\nSB : Meilleure performance personnelle de la saison<\/p>\n<\/div><\/div>\n<div class=\"su-spoiler su-spoiler-style-fancy su-spoiler-icon-chevron su-spoiler-closed\" data-scroll-offset=\"0\" data-anchor-in-url=\"no\"><div class=\"su-spoiler-title\" tabindex=\"0\" role=\"button\"><span class=\"su-spoiler-icon\"><\/span>R\u00e9sultats Espoirs<\/div><div class=\"su-spoiler-content su-u-clearfix su-u-trim\">\n<h3 style=\"text-align: justify;\">Femmes<\/h3>\n<table style=\"width: 800px; border-collapse: collapse;\">\n<tbody>\n<tr>\n<td style=\"text-align: center; width: 200px;\"><strong>\u00c9preuves<\/strong><\/td>\n<td style=\"background-color: #fff242; text-align: center; width: 200px;\"><strong>Or<\/strong><\/td>\n<td style=\"background-color: #a8a8a8; text-align: center; width: 200px;\"><strong>Argent<\/strong><\/td>\n<td style=\"background-color: #c97159; text-align: center; width: 200px;\"><strong>Bronze<\/strong><\/td>\n<\/tr>\n<tr>\n<td style=\"text-align: center; width: 200px;\"><strong>100 m<\/strong><\/td>\n<td style=\"text-align: center; width: 200px;\">Wided Atatou<br \/>\n11\u203338 <strong>PB<\/strong><\/td>\n<td style=\"text-align: center; width: 200px;\">Estelle Raffai<br \/>\n11\u203360 <strong>SB<\/strong><\/td>\n<td style=\"text-align: center; width: 200px;\">Mallory Leconte<br \/>\n11\u203369<\/td>\n<\/tr>\n<tr>\n<td style=\"text-align: center; width: 200px;\"><strong>200 m<\/strong><\/td>\n<td style=\"text-align: center; width: 200px;\">Wided Atatou<br \/>\n23\u203312 <strong>PB<\/strong><\/td>\n<td style=\"text-align: center; width: 200px;\">Estelle Raffai<br \/>\n23\u203365<\/td>\n<td style=\"text-align: center; width: 200px;\">Eloise De La Taille<br \/>\n24\u203333<\/td>\n<\/tr>\n<tr>\n<td style=\"text-align: center; width: 200px;\"><strong>400 m<\/strong><\/td>\n<td style=\"text-align: center; width: 200px;\">Sokhna Lacoste<br \/>\n52\u203348 <strong>PB<\/strong><\/td>\n<td style=\"text-align: center; width: 200px;\">Diana Iscaye<br \/>\n52\u203393 <strong>SB<\/strong><\/td>\n<td style=\"text-align: center; width: 200px;\">Kalyl Amaro<br \/>\n54\u203388<\/td>\n<\/tr>\n<tr>\n<td style=\"text-align: center; width: 200px;\"><strong>800 m<\/strong><\/td>\n<td style=\"width: 200px; text-align: center;\">Lena Kandissounon<br \/>\n2\u203205\u203330<\/td>\n<td style=\"width: 200px; text-align: center;\">Maeliss Trapeau<strong><br \/>\n<\/strong>2\u203205\u203379<strong><br \/>\n<\/strong><\/td>\n<td style=\"width: 200px; text-align: center;\">Sarah Madeleine<br \/>\n2\u203208\u203389<\/td>\n<\/tr>\n<tr>\n<td style=\"text-align: center; width: 200px;\"><strong>1500 m<\/strong><\/td>\n<td style=\"text-align: center; width: 200px;\">B\u00e9r\u00e9nice Fulchiron<br \/>\n4\u203223\u203366<\/td>\n<td style=\"text-align: center; width: 200px;\">Manon Guillermin<br \/>\n4\u203229\u203307<\/td>\n<td style=\"text-align: center; width: 200px;\">Alexa Lemaitre<br \/>\n4\u203229\u203381 <strong>SB<\/strong><\/td>\n<\/tr>\n<tr>\n<td style=\"text-align: center; width: 200px;\"><strong>5000 m<\/strong><\/td>\n<td style=\"text-align: center; width: 200px;\">M\u00e9lody Julien<br \/>\n16\u203218\u203354 <strong>PB<\/strong><\/td>\n<td style=\"text-align: center; width: 200px;\">Mathilde S\u00e9n\u00e9chal<br \/>\n16\u203233\u203325 <strong>SB<\/strong><\/td>\n<td style=\"text-align: center; width: 200px;\">M\u00e9line Rollin<br \/>\n16\u203248\u203323 <strong>SB<\/strong><\/td>\n<\/tr>\n<tr>\n<td style=\"text-align: center; width: 200px;\"><strong>100 m haies<\/strong><\/td>\n<td style=\"text-align: center; width: 200px;\">Cyrena Samba Mayela<br \/>\n12\u203373 <strong>PB<\/strong><\/td>\n<td style=\"text-align: center; width: 200px;\">Laeticia Bapte<br \/>\n13\u203343<\/td>\n<td style=\"text-align: center; width: 200px;\">C\u00e9lia Chausseray<br \/>\n13\u203373 <strong>PB<\/strong><\/td>\n<\/tr>\n<tr>\n<td style=\"text-align: center; width: 200px;\"><strong>400 m haies<\/strong><\/td>\n<td style=\"text-align: center; width: 200px;\">Shana Grebo<br \/>\n58\u203300<\/td>\n<td style=\"text-align: center; width: 200px;\">Agathe Guillemot<br \/>\n59\u203306<\/td>\n<td style=\"text-align: center; width: 200px;\">Naomi Ndukwe<br \/>\n61\u203368 <strong>SB<\/strong><\/td>\n<\/tr>\n<tr>\n<td style=\"text-align: center; width: 200px;\"><strong>3000 m steeple<\/strong><\/td>\n<td style=\"text-align: center; width: 200px;\">Flavie Renouard<br \/>\n10\u203202\u203339<\/td>\n<td style=\"text-align: center; width: 200px;\">Lucie Nivet<br \/>\n10\u203231\u203398 <strong>SB<\/strong><\/td>\n<td style=\"text-align: center; width: 200px;\">Marine Aubry<br \/>\n10\u203242\u203323 <strong>SB<\/strong><\/td>\n<\/tr>\n<tr>\n<td style=\"text-align: center; width: 200px;\"><strong>10 km marche<\/strong><\/td>\n<td style=\"text-align: center; width: 200px;\">Elo\u00efse Terrec<br \/>\n45\u203235\u2033 <strong>PB<\/strong><\/td>\n<td style=\"text-align: center; width: 200px;\">Marion Manaresi<br \/>\n52\u203209\u2033 <strong>SB<\/strong><\/td>\n<td style=\"text-align: center; width: 200px;\">Bertille Peslerbe<br \/>\n52\u203212\u2033 <strong>SB<\/strong><\/td>\n<\/tr>\n<tr>\n<td style=\"text-align: center; width: 200px;\"><strong>Saut en hauteur<\/strong><\/td>\n<td style=\"text-align: center; width: 200px;\">L\u00e9onie Cambours<br \/>\n1m83 <strong>SB<\/strong><\/td>\n<td style=\"text-align: center; width: 200px;\">Juliette Perez<br \/>\n1m79 <strong>SB<\/strong><\/td>\n<td style=\"text-align: center; width: 200px;\">L\u00e9a Loisy<br \/>\n1m76 <strong>PB<\/strong><\/td>\n<\/tr>\n<tr>\n<td style=\"text-align: center; width: 200px;\"><strong>Saut \u00e0 la perche<\/strong><\/td>\n<td style=\"text-align: center; width: 200px;\">Margot Chevrier<br \/>\n4m30<\/td>\n<td style=\"text-align: center; width: 200px;\">B\u00e9r\u00e9nice Petit 3m95<br \/>\nElodie Peyremorte 3m95<\/td>\n<td style=\"text-align: center; width: 200px;\">&#8211;<\/td>\n<\/tr>\n<tr>\n<td style=\"text-align: center; width: 200px;\"><strong>Saut en longueur<\/strong><\/td>\n<td style=\"text-align: center; width: 200px;\">Fiona Aholu-Futse<br \/>\n6m <strong>SB<\/strong><\/td>\n<td style=\"text-align: center; width: 200px;\">Emilie Jambon<br \/>\n5m67<\/td>\n<td style=\"text-align: center; width: 200px;\">Augustine Blanc-Boekholt<br \/>\n5m62<\/td>\n<\/tr>\n<tr>\n<td style=\"text-align: center; width: 200px;\"><strong>Triple saut<\/strong><\/td>\n<td style=\"text-align: center; width: 200px;\">Ilionis Guillaume<br \/>\n13m55 <strong>SB<\/strong><\/td>\n<td style=\"text-align: center; width: 200px;\">Edwige Gomis<br \/>\n12m60 <strong>SB<\/strong><\/td>\n<td style=\"text-align: center; width: 200px;\">Krys Vertot<br \/>\n12m48<\/td>\n<\/tr>\n<tr>\n<td style=\"text-align: center; width: 200px;\"><strong>Lancer du poids<\/strong><\/td>\n<td style=\"text-align: center; width: 200px;\">Amanda Ngandu-Ntumba<br \/>\n16m01 <strong>PB<\/strong><\/td>\n<td style=\"text-align: center; width: 200px;\">Alexandra Aubry<br \/>\n13m83 <strong>SB<\/strong><\/td>\n<td style=\"text-align: center; width: 200px;\">Mazarine Dria-Tehe<br \/>\n13m53 <strong>SB<\/strong><\/td>\n<\/tr>\n<tr>\n<td style=\"text-align: center; width: 200px;\"><strong>Lancer du disque<\/strong><\/td>\n<td style=\"text-align: center; width: 200px;\">Amanda Ngandu-Ntumba<br \/>\n52m59<\/td>\n<td style=\"text-align: center; width: 200px;\">Anne Pheulpin<br \/>\n47m15<\/td>\n<td style=\"text-align: center; width: 200px;\">Ma\u00eblle Philippe<br \/>\n45m07<\/td>\n<\/tr>\n<tr>\n<td style=\"text-align: center; width: 200px;\"><strong>Lancer du marteau<\/strong><\/td>\n<td style=\"text-align: center; width: 200px;\">Xena Ngomateke<br \/>\n61m50<\/td>\n<td style=\"text-align: center; width: 200px;\">Fatou Diocou<br \/>\n56m89 <strong>SB<\/strong><\/td>\n<td style=\"text-align: center; width: 200px;\">Marion Batifol<br \/>\n54m62 <strong>SB<\/strong><\/td>\n<\/tr>\n<tr>\n<td style=\"text-align: center; width: 200px;\"><strong>Lancer du javelot<\/strong><\/td>\n<td style=\"text-align: center; width: 200px;\">Jona Aigouy<br \/>\n56m09 <strong>PB<\/strong><\/td>\n<td style=\"text-align: center; width: 200px;\">Evelina Mendes<br \/>\n54m10<\/td>\n<td style=\"text-align: center; width: 200px;\">Camille Bouffart<br \/>\n47m98<\/td>\n<\/tr>\n<\/tbody>\n<\/table>\n<h3 style=\"text-align: justify;\">Hommes<\/h3>\n<table style=\"width: 800px; border-collapse: collapse;\">\n<tbody>\n<tr>\n<td style=\"text-align: center; width: 200px;\"><strong>\u00c9preuves<\/strong><\/td>\n<td style=\"background-color: #fff242; text-align: center; width: 200px;\"><strong>Or<br \/>\n<\/strong><\/td>\n<td style=\"background-color: #a8a8a8; text-align: center; width: 200px;\"><strong>Argent<\/strong><\/td>\n<td style=\"background-color: #c97159; text-align: center; width: 200px;\"><strong>Bronze<\/strong><\/td>\n<\/tr>\n<tr>\n<td style=\"text-align: center; width: 200px;\"><strong>100 m<\/strong><\/td>\n<td style=\"text-align: center; width: 200px;\">Dylan Vermont<br \/>\n10\u203339 <strong>PB<\/strong><\/td>\n<td style=\"text-align: center; width: 200px;\">Alexandre Ferrando<br \/>\n10\u203344 <strong>PB<\/strong><\/td>\n<td style=\"text-align: center; width: 200px;\">Ryan Zeze<br \/>\n10\u203345 <strong>SB<\/strong><\/td>\n<\/tr>\n<tr>\n<td style=\"text-align: center; width: 200px;\"><strong>200 m<\/strong><\/td>\n<td style=\"text-align: center; width: 200px;\">Ryan Zeze<br \/>\n21\u203304<\/td>\n<td style=\"text-align: center; width: 200px;\">Alexandre Ferrando<br \/>\n21\u203305<\/td>\n<td style=\"text-align: center; width: 200px;\">Maxime Lancelot<br \/>\n21\u203324<\/td>\n<\/tr>\n<tr>\n<td style=\"text-align: center; width: 200px;\"><strong>400 m<\/strong><\/td>\n<td style=\"width: 200px; text-align: center;\">T\u00e9o Andant<br \/>\n46\u203380 P<strong>B<\/strong><\/td>\n<td style=\"width: 200px; text-align: center;\">Dylan Chesneau<br \/>\n47\u203308 <strong>PB<\/strong><\/td>\n<td style=\"text-align: center; width: 200px;\">Hugo Baudu<br \/>\n47\u203366 <strong>SB<\/strong><\/td>\n<\/tr>\n<tr>\n<td style=\"text-align: center; width: 200px;\"><strong>800 m<\/strong><\/td>\n<td style=\"text-align: center; width: 200px;\">Benjamin Robert<br \/>\n1\u203248\u203368<\/td>\n<td style=\"text-align: center; width: 200px;\">Hugo Arlabosse<br \/>\n1\u203249\u203339 <strong>PB<\/strong><\/td>\n<td style=\"text-align: center; width: 200px;\">Romain Debes<br \/>\n1\u203249\u203373<\/td>\n<\/tr>\n<tr>\n<td style=\"text-align: center; width: 200px;\"><strong>1500 m<\/strong><\/td>\n<td style=\"text-align: center; width: 200px;\">Arthur Gervais<br \/>\n3\u203243\u203331<\/td>\n<td style=\"text-align: center; width: 200px;\">Yani Khelaf<br \/>\n3\u203244\u203321<\/td>\n<td style=\"text-align: center; width: 200px;\">Pierrik Jocteur-Monrozier<br \/>\n3\u203245\u203360<\/td>\n<\/tr>\n<tr>\n<td style=\"text-align: center; width: 200px;\"><strong>5000 m<\/strong><\/td>\n<td style=\"text-align: center; width: 200px;\">Etienne Daguinos<br \/>\n14\u203201\u203321 PB<\/td>\n<td style=\"text-align: center; width: 200px;\">Bastien Augusto<br \/>\n14\u203206\u203385 <strong>PB<\/strong><\/td>\n<td style=\"text-align: center; width: 200px;\">Th\u00e9o Rageot<br \/>\n14\u203208\u203317 <strong>PB<\/strong><\/td>\n<\/tr>\n<tr>\n<td style=\"text-align: center; width: 200px;\"><strong>110 m haies<\/strong><\/td>\n<td style=\"width: 200px; text-align: center;\">Jeanice Laviolette<br \/>\n13\u203352 <strong>PB<\/strong><\/td>\n<td style=\"width: 200px; text-align: center;\">Just Kwaou-Mathey<br \/>\n13\u203361 <strong>PB<\/strong><\/td>\n<td style=\"text-align: center; width: 200px;\">Matteo Ngo<br \/>\n14\u203302 <strong>SB<\/strong><\/td>\n<\/tr>\n<tr>\n<td style=\"text-align: center; width: 200px;\"><strong>400 m haies<\/strong><\/td>\n<td style=\"text-align: center; width: 200px;\">Wilfried Happio<br \/>\n49\u203397<\/td>\n<td style=\"text-align: center; width: 200px;\">Camille Schneider<br \/>\n52\u203341 <strong>PB<\/strong><\/td>\n<td style=\"text-align: center; width: 200px;\">Nicolas-Jean Moulin<br \/>\n52\u203344<\/td>\n<\/tr>\n<tr>\n<td style=\"text-align: center; width: 200px;\"><strong>3000 m steeple<\/strong><\/td>\n<td style=\"text-align: center; width: 200px;\">Louis Gilavert<br \/>\n8\u203241\u203327<\/td>\n<td style=\"text-align: center; width: 200px;\">Baptiste Coudert<br \/>\n9\u203204\u203345 <strong>PB<\/strong><\/td>\n<td style=\"text-align: center; width: 200px;\">Titouan Haan<br \/>\n9\u203207\u203395<\/td>\n<\/tr>\n<tr>\n<td style=\"text-align: center; width: 200px;\"><strong>10 km marche<\/strong><\/td>\n<td style=\"text-align: center; width: 200px;\">David Kuster<br \/>\n42\u203201\u2033 <strong>SB<\/strong><\/td>\n<td style=\"text-align: center; width: 200px;\">Hugo Lebon<br \/>\n45\u203223\u2033 <strong>PB<\/strong><\/td>\n<td style=\"text-align: center; width: 200px;\">Justin Bournier<br \/>\n46\u203236\u2033 <strong>SB<\/strong><\/td>\n<\/tr>\n<tr>\n<td style=\"text-align: center; width: 200px;\"><strong>Saut en hauteur<\/strong><\/td>\n<td style=\"text-align: center; width: 200px;\">S\u00e9bastien Micheau<br \/>\n2m18<\/td>\n<td style=\"text-align: center; width: 200px;\">Dorian Lairi<br \/>\n2m04<\/td>\n<td style=\"text-align: center; width: 200px;\">Cherubin Nsimba<br \/>\n2m04<\/td>\n<\/tr>\n<tr>\n<td style=\"text-align: center; width: 200px;\"><strong>Saut \u00e0 la perche<\/strong><\/td>\n<td style=\"text-align: center; width: 200px;\">Ethan Cormont<br \/>\n5m58 <strong>SB<\/strong><\/td>\n<td style=\"text-align: center; width: 200px;\">Matthias Orban<br \/>\n5m50 <strong>SB<\/strong><\/td>\n<td style=\"text-align: center; width: 200px;\">Thibaut Collet<br \/>\n5m50<\/td>\n<\/tr>\n<tr>\n<td style=\"text-align: center; width: 200px;\"><strong>Saut en longueur<\/strong><\/td>\n<td style=\"width: 200px; text-align: center;\">Al-Assane<br \/>\n7m83 <strong>PB<\/strong><\/td>\n<td style=\"width: 200px; text-align: center;\">Tom Campagne<br \/>\n7m80 <strong>SB<\/strong><\/td>\n<td style=\"text-align: center; width: 200px;\">Julien Pauthonnier<br \/>\n7m68 <strong>PB<\/strong><\/td>\n<\/tr>\n<tr>\n<td style=\"text-align: center; width: 200px;\"><strong>Triple saut<\/strong><\/td>\n<td style=\"text-align: center; width: 200px;\">Enzo Hodebar<br \/>\n16m72 <strong>PB<\/strong><\/td>\n<td style=\"text-align: center; width: 200px;\">Jonathan Seremes<br \/>\n16m13<\/td>\n<td style=\"text-align: center; width: 200px;\">Kevin Drila<br \/>\n15m68 <strong>SB<\/strong><\/td>\n<\/tr>\n<tr>\n<td style=\"text-align: center; width: 200px;\"><strong>Lancer du poids<\/strong><\/td>\n<td style=\"text-align: center; width: 200px;\">Earwyn Abdou<br \/>\n16m10 <strong>PB<\/strong><\/td>\n<td style=\"text-align: center; width: 200px;\">William Cadenat<br \/>\n15m78<\/td>\n<td style=\"text-align: center; width: 200px;\">William Huser<br \/>\n13m77 <strong>PB<\/strong><\/td>\n<\/tr>\n<tr>\n<td style=\"text-align: center; width: 200px;\"><strong>Lancer du disque<\/strong><\/td>\n<td style=\"text-align: center; width: 200px;\">Tom Reux<br \/>\n56m23<\/td>\n<td style=\"text-align: center; width: 200px;\">Matthieu Salcedo<br \/>\n47m51<\/td>\n<td style=\"text-align: center; width: 200px;\">William Cadenat<br \/>\n46m65<\/td>\n<\/tr>\n<tr>\n<td style=\"text-align: center; width: 200px;\"><strong>Lancer du marteau<\/strong><\/td>\n<td style=\"text-align: center; width: 200px;\">Yann Chaussinand<br \/>\n73m61 <strong>PB<\/strong><\/td>\n<td style=\"text-align: center; width: 200px;\">Hugo Tavernier<br \/>\n66m51 <strong>PB<\/strong><\/td>\n<td style=\"text-align: center; width: 200px;\">Earwyn Abdou<br \/>\n59m25<\/td>\n<\/tr>\n<tr>\n<td style=\"text-align: center; width: 200px;\"><strong>Lancer du javelot<\/strong><\/td>\n<td style=\"text-align: center; width: 200px;\">Lukas Moutarde<br \/>\n75m71 <strong>SB<\/strong><\/td>\n<td style=\"text-align: center; width: 200px;\">Teuraiterai Tupaia<br \/>\n73m07 <strong>PB<\/strong><\/td>\n<td style=\"text-align: center; width: 200px;\">Remi Conroy<br \/>\n71m76 <strong>SB<\/strong><\/td>\n<\/tr>\n<\/tbody>\n<\/table>\n<p>PB : Record personnel<br \/>\nSB : Meilleure performance personnelle de la saison<\/p>\n<\/div><\/div>\n<p style=\"text-align: justify;\"><strong><em>Arlette<br \/>\n<a href=\"http:\/\/twitter.com\/Shiclette94\"><img loading=\"lazy\" decoding=\"async\" class=\"alignnone size-full wp-image-2908\" src=\"http:\/\/dicodusport.fr\/blog\/wp-content\/uploads\/2017\/07\/logo-twitter-e1516110106986.png\" alt=\"\" width=\"39\" height=\"39\" \/><\/a><br \/>\n<\/em><\/strong><\/p>\n","protected":false},"excerpt":{"rendered":"<p>Les Championnats de France d&rsquo;athl\u00e9tisme \u00c9lite et Espoirs se d\u00e9roulent ce week-end \u00e0 Albi. Voici le programme et les r\u00e9sultats.<\/p>\n","protected":false},"author":12,"featured_media":77592,"comment_status":"open","ping_status":"closed","sticky":false,"template":"","format":"standard","meta":{"_acf_changed":false,"_daextam_enable_autolinks":"","footnotes":""},"categories":[2308],"tags":[143,8332],"class_list":["post-77571","post","type-post","status-publish","format-standard","has-post-thumbnail","hentry","category-athletisme","tag-athletisme","tag-championnats-de-france-elite-dathletisme"],"acf":[],"yoast_head":"<!-- This site is optimized with the Yoast SEO Premium plugin v26.7 (Yoast SEO v26.7) - https:\/\/yoast.com\/wordpress\/plugins\/seo\/ -->\n<title>Athl\u00e9tisme - Championnats de France \u00c9lite et Espoirs 2020 : programme et r\u00e9sultats<\/title>\n<meta name=\"description\" content=\"Les Championnats de France d&#039;athl\u00e9tisme \u00c9lite et Espoirs se d\u00e9roulent ce week-end \u00e0 Albi. Voici le programme et les r\u00e9sultats.\" \/>\n<meta name=\"robots\" content=\"index, follow, max-snippet:-1, max-image-preview:large, max-video-preview:-1\" \/>\n<link rel=\"canonical\" href=\"https:\/\/dicodusport.fr\/blog\/athletisme-championnats-de-france-elite-espoirs-2020-programme-resultats\/\" \/>\n<meta property=\"og:locale\" content=\"fr_FR\" \/>\n<meta property=\"og:type\" content=\"article\" \/>\n<meta property=\"og:title\" content=\"Athl\u00e9tisme - Championnats de France \u00c9lite et Espoirs 2020 : programme et r\u00e9sultats\" \/>\n<meta property=\"og:description\" content=\"Les Championnats de France d&#039;athl\u00e9tisme \u00c9lite et Espoirs se d\u00e9roulent ce week-end \u00e0 Albi. Voici le programme et les r\u00e9sultats.\" \/>\n<meta property=\"og:url\" content=\"https:\/\/dicodusport.fr\/blog\/athletisme-championnats-de-france-elite-espoirs-2020-programme-resultats\/\" \/>\n<meta property=\"og:site_name\" content=\"Dicodusport\" \/>\n<meta property=\"article:publisher\" content=\"https:\/\/www.facebook.com\/dicodusport\" \/>\n<meta property=\"article:published_time\" content=\"2020-09-11T10:00:45+00:00\" \/>\n<meta property=\"article:modified_time\" content=\"2020-09-13T15:18:48+00:00\" \/>\n<meta property=\"og:image\" content=\"https:\/\/dicodusport.fr\/blog\/wp-content\/uploads\/2020\/09\/Alexandra-Tavernier.jpg\" \/>\n\t<meta property=\"og:image:width\" content=\"800\" \/>\n\t<meta property=\"og:image:height\" content=\"440\" \/>\n\t<meta property=\"og:image:type\" content=\"image\/jpeg\" \/>\n<meta name=\"author\" content=\"Arlette Yeye\" \/>\n<meta name=\"twitter:card\" content=\"summary_large_image\" \/>\n<meta name=\"twitter:title\" content=\"Athl\u00e9tisme - Championnats de France \u00c9lite et Espoirs 2020 : programme et r\u00e9sultats\" \/>\n<meta name=\"twitter:creator\" content=\"@https:\/\/twitter.com\/Shiclette94\" \/>\n<meta name=\"twitter:site\" content=\"@dicodusport\" \/>\n<script type=\"application\/ld+json\" class=\"yoast-schema-graph\">{\"@context\":\"https:\/\/schema.org\",\"@graph\":[{\"@type\":\"NewsArticle\",\"@id\":\"https:\/\/dicodusport.fr\/blog\/athletisme-championnats-de-france-elite-espoirs-2020-programme-resultats\/#article\",\"isPartOf\":{\"@id\":\"https:\/\/dicodusport.fr\/blog\/athletisme-championnats-de-france-elite-espoirs-2020-programme-resultats\/\"},\"author\":{\"name\":\"Arlette Yeye\",\"@id\":\"https:\/\/dicodusport.fr\/blog\/#\/schema\/person\/cce96fa88785bd8573e3d43078ac8c79\"},\"headline\":\"Athl\u00e9tisme &#8211; Championnats de France \u00c9lite et Espoirs 2020 : programme et r\u00e9sultats\",\"datePublished\":\"2020-09-11T10:00:45+00:00\",\"dateModified\":\"2020-09-13T15:18:48+00:00\",\"mainEntityOfPage\":{\"@id\":\"https:\/\/dicodusport.fr\/blog\/athletisme-championnats-de-france-elite-espoirs-2020-programme-resultats\/\"},\"wordCount\":1679,\"commentCount\":1,\"publisher\":{\"@id\":\"https:\/\/dicodusport.fr\/blog\/#organization\"},\"image\":{\"@id\":\"https:\/\/dicodusport.fr\/blog\/athletisme-championnats-de-france-elite-espoirs-2020-programme-resultats\/#primaryimage\"},\"thumbnailUrl\":\"https:\/\/dicodusport.fr\/blog\/wp-content\/uploads\/2020\/09\/Alexandra-Tavernier.jpg\",\"keywords\":[\"Athl\u00e9tisme\",\"Championnats de France Elite d'athl\u00e9tisme\"],\"articleSection\":[\"Athl\u00e9tisme\"],\"inLanguage\":\"fr-FR\",\"potentialAction\":[{\"@type\":\"CommentAction\",\"name\":\"Comment\",\"target\":[\"https:\/\/dicodusport.fr\/blog\/athletisme-championnats-de-france-elite-espoirs-2020-programme-resultats\/#respond\"]}],\"copyrightYear\":\"2020\",\"copyrightHolder\":{\"@id\":\"https:\/\/dicodusport.fr\/blog\/#organization\"}},{\"@type\":\"WebPage\",\"@id\":\"https:\/\/dicodusport.fr\/blog\/athletisme-championnats-de-france-elite-espoirs-2020-programme-resultats\/\",\"url\":\"https:\/\/dicodusport.fr\/blog\/athletisme-championnats-de-france-elite-espoirs-2020-programme-resultats\/\",\"name\":\"Athl\u00e9tisme - Championnats de France \u00c9lite et Espoirs 2020 : programme et r\u00e9sultats\",\"isPartOf\":{\"@id\":\"https:\/\/dicodusport.fr\/blog\/#website\"},\"primaryImageOfPage\":{\"@id\":\"https:\/\/dicodusport.fr\/blog\/athletisme-championnats-de-france-elite-espoirs-2020-programme-resultats\/#primaryimage\"},\"image\":{\"@id\":\"https:\/\/dicodusport.fr\/blog\/athletisme-championnats-de-france-elite-espoirs-2020-programme-resultats\/#primaryimage\"},\"thumbnailUrl\":\"https:\/\/dicodusport.fr\/blog\/wp-content\/uploads\/2020\/09\/Alexandra-Tavernier.jpg\",\"datePublished\":\"2020-09-11T10:00:45+00:00\",\"dateModified\":\"2020-09-13T15:18:48+00:00\",\"description\":\"Les Championnats de France d'athl\u00e9tisme \u00c9lite et Espoirs se d\u00e9roulent ce week-end \u00e0 Albi. Voici le programme et les r\u00e9sultats.\",\"breadcrumb\":{\"@id\":\"https:\/\/dicodusport.fr\/blog\/athletisme-championnats-de-france-elite-espoirs-2020-programme-resultats\/#breadcrumb\"},\"inLanguage\":\"fr-FR\",\"potentialAction\":[{\"@type\":\"ReadAction\",\"target\":[\"https:\/\/dicodusport.fr\/blog\/athletisme-championnats-de-france-elite-espoirs-2020-programme-resultats\/\"]}]},{\"@type\":\"ImageObject\",\"inLanguage\":\"fr-FR\",\"@id\":\"https:\/\/dicodusport.fr\/blog\/athletisme-championnats-de-france-elite-espoirs-2020-programme-resultats\/#primaryimage\",\"url\":\"https:\/\/dicodusport.fr\/blog\/wp-content\/uploads\/2020\/09\/Alexandra-Tavernier.jpg\",\"contentUrl\":\"https:\/\/dicodusport.fr\/blog\/wp-content\/uploads\/2020\/09\/Alexandra-Tavernier.jpg\",\"width\":800,\"height\":440},{\"@type\":\"BreadcrumbList\",\"@id\":\"https:\/\/dicodusport.fr\/blog\/athletisme-championnats-de-france-elite-espoirs-2020-programme-resultats\/#breadcrumb\",\"itemListElement\":[{\"@type\":\"ListItem\",\"position\":1,\"name\":\"Accueil\",\"item\":\"https:\/\/dicodusport.fr\/blog\/\"},{\"@type\":\"ListItem\",\"position\":2,\"name\":\"Athl\u00e9tisme &#8211; Championnats de France \u00c9lite et Espoirs 2020 : programme et r\u00e9sultats\"}]},{\"@type\":\"WebSite\",\"@id\":\"https:\/\/dicodusport.fr\/blog\/#website\",\"url\":\"https:\/\/dicodusport.fr\/blog\/\",\"name\":\"Dicodusport\",\"description\":\"L&#039;encyclop\u00e9die de l&#039;actualit\u00e9 sportive\",\"publisher\":{\"@id\":\"https:\/\/dicodusport.fr\/blog\/#organization\"},\"potentialAction\":[{\"@type\":\"SearchAction\",\"target\":{\"@type\":\"EntryPoint\",\"urlTemplate\":\"https:\/\/dicodusport.fr\/blog\/?s={search_term_string}\"},\"query-input\":{\"@type\":\"PropertyValueSpecification\",\"valueRequired\":true,\"valueName\":\"search_term_string\"}}],\"inLanguage\":\"fr-FR\"},{\"@type\":\"NewsMediaOrganization\",\"@id\":\"https:\/\/dicodusport.fr\/blog\/#organization\",\"name\":\"Dicodusport\",\"url\":\"https:\/\/dicodusport.fr\/blog\/\",\"logo\":{\"@type\":\"ImageObject\",\"inLanguage\":\"fr-FR\",\"@id\":\"https:\/\/dicodusport.fr\/blog\/#\/schema\/logo\/image\/\",\"url\":\"https:\/\/dicodusport.fr\/blog\/wp-content\/uploads\/2020\/06\/cropped-LOGO-DICODUSPORT-2020-SANS-FOND-SANS-TEXTE.png\",\"contentUrl\":\"https:\/\/dicodusport.fr\/blog\/wp-content\/uploads\/2020\/06\/cropped-LOGO-DICODUSPORT-2020-SANS-FOND-SANS-TEXTE.png\",\"width\":512,\"height\":512,\"caption\":\"Dicodusport\"},\"image\":{\"@id\":\"https:\/\/dicodusport.fr\/blog\/#\/schema\/logo\/image\/\"},\"sameAs\":[\"https:\/\/www.facebook.com\/dicodusport\",\"https:\/\/x.com\/dicodusport\",\"https:\/\/www.instagram.com\/dicodusport\/\",\"https:\/\/www.youtube.com\/channel\/UC7V2KZ5sd3htJivAbA4ZG3w\"],\"description\":\"Dicodusport est l'encyclop\u00e9die de l'actualit\u00e9 sportive.\",\"email\":\"bonjour@dicodusport.fr\",\"legalName\":\"DICODUSPORT\",\"foundingDate\":\"2018-01-14\",\"vatID\":\"FR71834470973\",\"taxID\":\"83447097300043\",\"numberOfEmployees\":{\"@type\":\"QuantitativeValue\",\"minValue\":\"1\",\"maxValue\":\"10\"}},{\"@type\":\"Person\",\"@id\":\"https:\/\/dicodusport.fr\/blog\/#\/schema\/person\/cce96fa88785bd8573e3d43078ac8c79\",\"name\":\"Arlette Yeye\",\"image\":{\"@type\":\"ImageObject\",\"inLanguage\":\"fr-FR\",\"@id\":\"https:\/\/dicodusport.fr\/blog\/#\/schema\/person\/image\/\",\"url\":\"https:\/\/secure.gravatar.com\/avatar\/dca4a6239e6d708e46c45d60e160de6c?s=96&d=wp_user_avatar&r=g\",\"contentUrl\":\"https:\/\/secure.gravatar.com\/avatar\/dca4a6239e6d708e46c45d60e160de6c?s=96&d=wp_user_avatar&r=g\",\"caption\":\"Arlette Yeye\"},\"description\":\"Journaliste\/r\u00e9dactrice depuis septembre 2015 - Supportrice de Chelsea, j'ai pour sports de pr\u00e9dilection le handball, l'athl\u00e9tisme et le tennis. Si je tweete plus vite que mon ombre, vous pouvez aussi me retrouver les week-ends sur les playgrounds de Bruxelles pour un petit foot ou basket entre potes. Parcourir la France, l'Europe et plus si affinit\u00e9s pour suivre mes sportifs pr\u00e9f\u00e9r\u00e9s ? Mon kif ! Et c'est avec plaisir que je partage les r\u00e9sultats des sports populaires mais \u00e9galement plus confidentiels pour Dicodusport.\",\"sameAs\":[\"https:\/\/x.com\/https:\/\/twitter.com\/Shiclette94\"],\"url\":\"https:\/\/dicodusport.fr\/blog\/author\/arlette\/\"}]}<\/script>\n<!-- \/ Yoast SEO Premium plugin. -->","yoast_head_json":{"title":"Athl\u00e9tisme - Championnats de France \u00c9lite et Espoirs 2020 : programme et r\u00e9sultats","description":"Les Championnats de France d'athl\u00e9tisme \u00c9lite et Espoirs se d\u00e9roulent ce week-end \u00e0 Albi. Voici le programme et les r\u00e9sultats.","robots":{"index":"index","follow":"follow","max-snippet":"max-snippet:-1","max-image-preview":"max-image-preview:large","max-video-preview":"max-video-preview:-1"},"canonical":"https:\/\/dicodusport.fr\/blog\/athletisme-championnats-de-france-elite-espoirs-2020-programme-resultats\/","og_locale":"fr_FR","og_type":"article","og_title":"Athl\u00e9tisme - Championnats de France \u00c9lite et Espoirs 2020 : programme et r\u00e9sultats","og_description":"Les Championnats de France d'athl\u00e9tisme \u00c9lite et Espoirs se d\u00e9roulent ce week-end \u00e0 Albi. Voici le programme et les r\u00e9sultats.","og_url":"https:\/\/dicodusport.fr\/blog\/athletisme-championnats-de-france-elite-espoirs-2020-programme-resultats\/","og_site_name":"Dicodusport","article_publisher":"https:\/\/www.facebook.com\/dicodusport","article_published_time":"2020-09-11T10:00:45+00:00","article_modified_time":"2020-09-13T15:18:48+00:00","og_image":[{"width":800,"height":440,"url":"https:\/\/dicodusport.fr\/blog\/wp-content\/uploads\/2020\/09\/Alexandra-Tavernier.jpg","type":"image\/jpeg"}],"author":"Arlette Yeye","twitter_card":"summary_large_image","twitter_title":"Athl\u00e9tisme - Championnats de France \u00c9lite et Espoirs 2020 : programme et r\u00e9sultats","twitter_creator":"@https:\/\/twitter.com\/Shiclette94","twitter_site":"@dicodusport","schema":{"@context":"https:\/\/schema.org","@graph":[{"@type":"NewsArticle","@id":"https:\/\/dicodusport.fr\/blog\/athletisme-championnats-de-france-elite-espoirs-2020-programme-resultats\/#article","isPartOf":{"@id":"https:\/\/dicodusport.fr\/blog\/athletisme-championnats-de-france-elite-espoirs-2020-programme-resultats\/"},"author":{"name":"Arlette Yeye","@id":"https:\/\/dicodusport.fr\/blog\/#\/schema\/person\/cce96fa88785bd8573e3d43078ac8c79"},"headline":"Athl\u00e9tisme &#8211; Championnats de France \u00c9lite et Espoirs 2020 : programme et r\u00e9sultats","datePublished":"2020-09-11T10:00:45+00:00","dateModified":"2020-09-13T15:18:48+00:00","mainEntityOfPage":{"@id":"https:\/\/dicodusport.fr\/blog\/athletisme-championnats-de-france-elite-espoirs-2020-programme-resultats\/"},"wordCount":1679,"commentCount":1,"publisher":{"@id":"https:\/\/dicodusport.fr\/blog\/#organization"},"image":{"@id":"https:\/\/dicodusport.fr\/blog\/athletisme-championnats-de-france-elite-espoirs-2020-programme-resultats\/#primaryimage"},"thumbnailUrl":"https:\/\/dicodusport.fr\/blog\/wp-content\/uploads\/2020\/09\/Alexandra-Tavernier.jpg","keywords":["Athl\u00e9tisme","Championnats de France Elite d'athl\u00e9tisme"],"articleSection":["Athl\u00e9tisme"],"inLanguage":"fr-FR","potentialAction":[{"@type":"CommentAction","name":"Comment","target":["https:\/\/dicodusport.fr\/blog\/athletisme-championnats-de-france-elite-espoirs-2020-programme-resultats\/#respond"]}],"copyrightYear":"2020","copyrightHolder":{"@id":"https:\/\/dicodusport.fr\/blog\/#organization"}},{"@type":"WebPage","@id":"https:\/\/dicodusport.fr\/blog\/athletisme-championnats-de-france-elite-espoirs-2020-programme-resultats\/","url":"https:\/\/dicodusport.fr\/blog\/athletisme-championnats-de-france-elite-espoirs-2020-programme-resultats\/","name":"Athl\u00e9tisme - Championnats de France \u00c9lite et Espoirs 2020 : programme et r\u00e9sultats","isPartOf":{"@id":"https:\/\/dicodusport.fr\/blog\/#website"},"primaryImageOfPage":{"@id":"https:\/\/dicodusport.fr\/blog\/athletisme-championnats-de-france-elite-espoirs-2020-programme-resultats\/#primaryimage"},"image":{"@id":"https:\/\/dicodusport.fr\/blog\/athletisme-championnats-de-france-elite-espoirs-2020-programme-resultats\/#primaryimage"},"thumbnailUrl":"https:\/\/dicodusport.fr\/blog\/wp-content\/uploads\/2020\/09\/Alexandra-Tavernier.jpg","datePublished":"2020-09-11T10:00:45+00:00","dateModified":"2020-09-13T15:18:48+00:00","description":"Les Championnats de France d'athl\u00e9tisme \u00c9lite et Espoirs se d\u00e9roulent ce week-end \u00e0 Albi. Voici le programme et les r\u00e9sultats.","breadcrumb":{"@id":"https:\/\/dicodusport.fr\/blog\/athletisme-championnats-de-france-elite-espoirs-2020-programme-resultats\/#breadcrumb"},"inLanguage":"fr-FR","potentialAction":[{"@type":"ReadAction","target":["https:\/\/dicodusport.fr\/blog\/athletisme-championnats-de-france-elite-espoirs-2020-programme-resultats\/"]}]},{"@type":"ImageObject","inLanguage":"fr-FR","@id":"https:\/\/dicodusport.fr\/blog\/athletisme-championnats-de-france-elite-espoirs-2020-programme-resultats\/#primaryimage","url":"https:\/\/dicodusport.fr\/blog\/wp-content\/uploads\/2020\/09\/Alexandra-Tavernier.jpg","contentUrl":"https:\/\/dicodusport.fr\/blog\/wp-content\/uploads\/2020\/09\/Alexandra-Tavernier.jpg","width":800,"height":440},{"@type":"BreadcrumbList","@id":"https:\/\/dicodusport.fr\/blog\/athletisme-championnats-de-france-elite-espoirs-2020-programme-resultats\/#breadcrumb","itemListElement":[{"@type":"ListItem","position":1,"name":"Accueil","item":"https:\/\/dicodusport.fr\/blog\/"},{"@type":"ListItem","position":2,"name":"Athl\u00e9tisme &#8211; Championnats de France \u00c9lite et Espoirs 2020 : programme et r\u00e9sultats"}]},{"@type":"WebSite","@id":"https:\/\/dicodusport.fr\/blog\/#website","url":"https:\/\/dicodusport.fr\/blog\/","name":"Dicodusport","description":"L&#039;encyclop\u00e9die de l&#039;actualit\u00e9 sportive","publisher":{"@id":"https:\/\/dicodusport.fr\/blog\/#organization"},"potentialAction":[{"@type":"SearchAction","target":{"@type":"EntryPoint","urlTemplate":"https:\/\/dicodusport.fr\/blog\/?s={search_term_string}"},"query-input":{"@type":"PropertyValueSpecification","valueRequired":true,"valueName":"search_term_string"}}],"inLanguage":"fr-FR"},{"@type":"NewsMediaOrganization","@id":"https:\/\/dicodusport.fr\/blog\/#organization","name":"Dicodusport","url":"https:\/\/dicodusport.fr\/blog\/","logo":{"@type":"ImageObject","inLanguage":"fr-FR","@id":"https:\/\/dicodusport.fr\/blog\/#\/schema\/logo\/image\/","url":"https:\/\/dicodusport.fr\/blog\/wp-content\/uploads\/2020\/06\/cropped-LOGO-DICODUSPORT-2020-SANS-FOND-SANS-TEXTE.png","contentUrl":"https:\/\/dicodusport.fr\/blog\/wp-content\/uploads\/2020\/06\/cropped-LOGO-DICODUSPORT-2020-SANS-FOND-SANS-TEXTE.png","width":512,"height":512,"caption":"Dicodusport"},"image":{"@id":"https:\/\/dicodusport.fr\/blog\/#\/schema\/logo\/image\/"},"sameAs":["https:\/\/www.facebook.com\/dicodusport","https:\/\/x.com\/dicodusport","https:\/\/www.instagram.com\/dicodusport\/","https:\/\/www.youtube.com\/channel\/UC7V2KZ5sd3htJivAbA4ZG3w"],"description":"Dicodusport est l'encyclop\u00e9die de l'actualit\u00e9 sportive.","email":"bonjour@dicodusport.fr","legalName":"DICODUSPORT","foundingDate":"2018-01-14","vatID":"FR71834470973","taxID":"83447097300043","numberOfEmployees":{"@type":"QuantitativeValue","minValue":"1","maxValue":"10"}},{"@type":"Person","@id":"https:\/\/dicodusport.fr\/blog\/#\/schema\/person\/cce96fa88785bd8573e3d43078ac8c79","name":"Arlette Yeye","image":{"@type":"ImageObject","inLanguage":"fr-FR","@id":"https:\/\/dicodusport.fr\/blog\/#\/schema\/person\/image\/","url":"https:\/\/secure.gravatar.com\/avatar\/dca4a6239e6d708e46c45d60e160de6c?s=96&d=wp_user_avatar&r=g","contentUrl":"https:\/\/secure.gravatar.com\/avatar\/dca4a6239e6d708e46c45d60e160de6c?s=96&d=wp_user_avatar&r=g","caption":"Arlette Yeye"},"description":"Journaliste\/r\u00e9dactrice depuis septembre 2015 - Supportrice de Chelsea, j'ai pour sports de pr\u00e9dilection le handball, l'athl\u00e9tisme et le tennis. Si je tweete plus vite que mon ombre, vous pouvez aussi me retrouver les week-ends sur les playgrounds de Bruxelles pour un petit foot ou basket entre potes. Parcourir la France, l'Europe et plus si affinit\u00e9s pour suivre mes sportifs pr\u00e9f\u00e9r\u00e9s ? Mon kif ! Et c'est avec plaisir que je partage les r\u00e9sultats des sports populaires mais \u00e9galement plus confidentiels pour Dicodusport.","sameAs":["https:\/\/x.com\/https:\/\/twitter.com\/Shiclette94"],"url":"https:\/\/dicodusport.fr\/blog\/author\/arlette\/"}]}},"_links":{"self":[{"href":"https:\/\/dicodusport.fr\/blog\/wp-json\/wp\/v2\/posts\/77571","targetHints":{"allow":["GET"]}}],"collection":[{"href":"https:\/\/dicodusport.fr\/blog\/wp-json\/wp\/v2\/posts"}],"about":[{"href":"https:\/\/dicodusport.fr\/blog\/wp-json\/wp\/v2\/types\/post"}],"author":[{"embeddable":true,"href":"https:\/\/dicodusport.fr\/blog\/wp-json\/wp\/v2\/users\/12"}],"replies":[{"embeddable":true,"href":"https:\/\/dicodusport.fr\/blog\/wp-json\/wp\/v2\/comments?post=77571"}],"version-history":[{"count":0,"href":"https:\/\/dicodusport.fr\/blog\/wp-json\/wp\/v2\/posts\/77571\/revisions"}],"wp:featuredmedia":[{"embeddable":true,"href":"https:\/\/dicodusport.fr\/blog\/wp-json\/wp\/v2\/media\/77592"}],"wp:attachment":[{"href":"https:\/\/dicodusport.fr\/blog\/wp-json\/wp\/v2\/media?parent=77571"}],"wp:term":[{"taxonomy":"category","embeddable":true,"href":"https:\/\/dicodusport.fr\/blog\/wp-json\/wp\/v2\/categories?post=77571"},{"taxonomy":"post_tag","embeddable":true,"href":"https:\/\/dicodusport.fr\/blog\/wp-json\/wp\/v2\/tags?post=77571"}],"curies":[{"name":"wp","href":"https:\/\/api.w.org\/{rel}","templated":true}]}}