{"id":7767,"date":"2017-11-29T11:00:04","date_gmt":"2017-11-29T09:00:04","guid":{"rendered":"http:\/\/dicodusport.fr\/blog\/?p=7767"},"modified":"2018-06-05T11:26:47","modified_gmt":"2018-06-05T09:26:47","slug":"garde-peche-by-ati-fit-4-lhiver-ideal-perdre-poids","status":"publish","type":"post","link":"https:\/\/dicodusport.fr\/blog\/garde-peche-by-ati-fit-4-lhiver-ideal-perdre-poids\/","title":{"rendered":"Garde la p\u00eache by Ati Fit #4 : l&rsquo;hiver est id\u00e9al pour perdre du poids"},"content":{"rendered":"<p style=\"text-align: justify;\"><strong><em>Tous les mois, retrouvez \u00ab\u00a0<a href=\"http:\/\/dicodusport.fr\/blog\/garde-la-peche-by-ati-fit-tous-les-mois-sur-dicodusport-fr\/\"><span style=\"color: #0000ff;\">Garde la p\u00eache by Ati Fit<\/span><\/a>\u00a0\u00bb sur votre blog\u00a0<span style=\"color: #0000ff;\"><a style=\"color: #0000ff;\" href=\"http:\/\/dicodusport.fr\">dicodusport.fr<\/a><\/span>, la chronique qui va vous permettre de garder la forme toute l&rsquo;ann\u00e9e ! Pour la\u00a0quatri\u00e8me chronique, notre coach vous parle des param\u00e8tres qu&rsquo;il est\u00a0possible de contr\u00f4ler lors d&rsquo;une perte de poids.\u00a0<\/em><\/strong><\/p>\n<p style=\"text-align: justify;\">Froidement ? Le froid s\u2019installe pour de bon, \u00e7a va nous faire du bien cette fraicheur de bon matin. Ou pas. Le mois dernier, je vous parlais des personnes qui se focalisaient un peu trop sur les choses qu\u2019elles ne pouvaient pas contr\u00f4ler et pas assez sur ce qu\u2019elles devaient faire. Ce mois-ci, j\u2019ai envie de vous parler de la meilleure p\u00e9riode de l\u2019ann\u00e9e pour perdre du poids. Et c\u2019est maintenant ! Je vous vois d\u00e9j\u00e0 froncer des sourcils, mais je vous assure que si vous d\u00e9cidez de vous lancer maintenant, vous allez sortir de l\u2019hiver avec un corps au top !<\/p>\n<h4 style=\"text-align: justify;\">Voici les principales raisons :<\/h4>\n<p style=\"text-align: justify;\">1. Pas de stress, pas de pression quant \u00e0 l\u2019atteinte de l\u2019objectif : souvent, on se lance avant les vacances d\u2019\u00e9t\u00e9 ou \u00e0 la sortie de l\u2019hiver et on se rend compte que lorsqu\u2019on doit se mettre en short ou en t-shirt, on n\u2019est loin de se sentir \u00e0 l\u2019aise. On se rajoute une pression inutile et face au stress, le corps r\u00e9pond par des blocages ; il est donc plus difficile de perdre du poids.<\/p>\n<p style=\"text-align: justify;\">2. Personnellement, je trouve que c\u2019est la p\u00e9riode de l\u2019ann\u00e9e la plus riche en terme d\u2019aliments. Il y a toute une multitude de l\u00e9gumes, de fruits qui vont nous apporter un maximum de fibres essentielles pour faciliter notre perte de poids. On peut se faire des soupes, des gratin, entre autre.<\/p>\n<p style=\"text-align: justify;\">3. Le froid demande \u00e0 notre corps de constamment se mettre \u00e0 temp\u00e9rature, vous ne vous rendez m\u00eame pas compte que vous brulez plus de calories.<\/p>\n<p style=\"text-align: justify;\">4. Les journ\u00e9es paraissent plus courtes, on a moins de tentations \u00e0 se retrouver entres amis autour d\u2019un verre apr\u00e8s le travail.<\/p>\n<p style=\"text-align: justify;\">5. Les salles de sport sont vides, la plupart des gens reculent face au froid. Vous n\u2019\u00eates pas comme \u00e7a, donc \u00e0 vous les machines et les s\u00e9ances plus courtes !<\/p>\n<p style=\"text-align: justify;\">Vous \u00eates convaincus ? Voici comment bien se lancer.<\/p>\n<h4 style=\"text-align: justify;\">Sport : L\u2019elliptique<\/h4>\n<p style=\"text-align: justify;\">Si vous vous lancez maintenant, vous allez certainement vous demander comment d\u00e9buter et quels sont les exercices les plus efficaces ? Je vous invite \u00e0 lire <span style=\"color: #0000ff;\"><a style=\"color: #0000ff;\" href=\"https:\/\/dicodusport.fr\/blog\/garde-peche-by-ati-fit-3-lachez-prise\/\" target=\"_blank\" rel=\"noopener noreferrer\">la\u00a0chronique du mois dernier<\/a><\/span> pour avoir la r\u00e9ponse \u00e0 votre question !<\/p>\n<p style=\"text-align: justify;\">Vous pensez aux exercices cardio pour augmenter votre d\u00e9pense calorique ? Vous \u00eates sur la bonne voie, par contre ne faites pas cette erreur. Je vous propose le v\u00e9lo elliptique ! Pr\u00e9sent\u00e9 comme un outils parfait pour perdre du poids, il fait travailler l\u2019ensemble des muscles et faitt br\u00fbler autant de calories que les autres exercices cardio comme le v\u00e9lo ou la course sur tapis.<\/p>\n<p style=\"text-align: justify;\">B\u00e9mol, c\u2019est qu\u2019en \u00e9tant un exercice \u00ab port\u00e9 \u00bb, il serait logique que cela soit plus facile donc moins intensif. Une \u00e9tude a bien d\u00e9montr\u00e9 que pour la m\u00eame intensit\u00e9 et la m\u00eame dur\u00e9e d\u2019exercice, le v\u00e9lo elliptique fait consommer 42% de calories en moins que le v\u00e9lo ou la course \u00e0 pied. Donc si on estime qu\u2019on consomme en moyenne 300kcal en 20min de course (pour un sportif interm\u00e9diaire), il vous faudrait presque 35 \u00e0 40min pour consommer 300kcal en faisant du v\u00e9lo elliptique. Ne vous fiez pas au compteur sur la machine, il est totalement fauss\u00e9.<\/p>\n<p style=\"text-align: justify;\">Mon conseil est d\u2019int\u00e9grer un exercice cardio en fin de s\u00e9ance et de vous concentrer sur des exercices de musculation qui vont vous permettre d\u2019affiner et de tonifier les diff\u00e9rentes zones de votre corps. Le cardio viendra augmenter votre d\u00e9pense calorique : eux s\u00e9ances par semaine suffisent largement.<\/p>\n<h4 style=\"text-align: justify;\">Di\u00e9t\u00e9tique : Quels sont les meilleurs aliments pour perdre du poids ?<\/h4>\n<p style=\"text-align: justify;\">C\u2019est une question qui revient sans cesse et pour cause, on voit tellement de posts, d\u2019articles avec ces titres \u00abLes 8 aliments qui font perdre du poids \u00bb, \u00ab Les aliments naturels pour bruler de la graisse \u00bb.<\/p>\n<p style=\"text-align: justify;\">Tout cela vous m\u00e8ne dans une qu\u00eate \u00e0 la solution miracle. En perte de poids, seul le d\u00e9ficit calorique est ROI ! Autrement dit, si vous br\u00fblez plus de calories que vous n\u2019en consommez, vous perdrez du poids. Est-ce que vous pouvez manger du chocolat ? Oui totalement, je vais m\u00eame vous faire une confidence : le chocolat au lait est moins calorique que le chocolat noir. Clairement, aucun aliment ne fait grossir ou maigrir, tout est question de portion. Cependant, certains aliments sont plus sains que d\u2019autres. Si le chocolat noir est plus calorique, il est quand m\u00eame plus sain, ce choix vous appartient.<\/p>\n<p style=\"text-align: justify;\"><strong>Voici la m\u00e9thode pour calculer ses besoins :<\/strong><br \/>\n1. D\u00e9finissez votre total calorique journalier : (poids souhait\u00e9) * 25 = Total calorique max**<br \/>\n2. Cr\u00e9ez un d\u00e9ficit calorique de 250 \u00e0 500kcal par jour et tenez sur la dur\u00e9e.<\/p>\n<p style=\"text-align: justify;\">Ex : je p\u00e8se 85kilos et je veux en faire 72, je devrais consommer au maximum 75*25 = 1875kcal pour ne pas prendre de poids.<\/p>\n<p style=\"text-align: justify;\">** Cette m\u00e9thode ne prend pas en compte l\u2019activit\u00e9 au quotidien, votre masse musculaire. Il s\u2019agit d\u2019un calcul basique qui vous donnera une id\u00e9e de vos besoins.<\/p>\n<p style=\"text-align: justify;\"><strong>Maintenant, vous avez les principales cl\u00e9s pour vous lancer d\u00e8s aujourd\u2019hui. Ne repoussez pas \u00e0 plus tard ! Les f\u00eates de fin d\u2019ann\u00e9e ne sont pas des barri\u00e8res suffisamment solides pour vous faire \u00e9chouer.<\/strong><\/p>\n<p style=\"text-align: justify;\"><em><strong>Ati Fit Coaching<\/strong><br \/>\n<a href=\"https:\/\/www.atifit.fr\/\"><img loading=\"lazy\" decoding=\"async\" class=\"alignnone wp-image-5480\" src=\"http:\/\/dicodusport.fr\/blog\/wp-content\/uploads\/2017\/10\/logo-site-web-150x150.png\" alt=\"\" width=\"39\" height=\"39\" srcset=\"https:\/\/dicodusport.fr\/blog\/wp-content\/uploads\/2017\/10\/logo-site-web-150x150.png 150w, https:\/\/dicodusport.fr\/blog\/wp-content\/uploads\/2017\/10\/logo-site-web-300x300.png 300w, https:\/\/dicodusport.fr\/blog\/wp-content\/uploads\/2017\/10\/logo-site-web-768x768.png 768w, https:\/\/dicodusport.fr\/blog\/wp-content\/uploads\/2017\/10\/logo-site-web.png 800w\" sizes=\"auto, (max-width: 39px) 100vw, 39px\" \/><\/a><\/em><a style=\"color: #000000;\" href=\"https:\/\/twitter.com\/ati_fit3\" target=\"_blank\" rel=\"noopener noreferrer\"><img loading=\"lazy\" decoding=\"async\" class=\"alignnone wp-image-2908\" src=\"http:\/\/dicodusport.fr\/blog\/wp-content\/uploads\/2017\/07\/logo-twitter-150x150.png\" alt=\"\" width=\"39\" height=\"39\" \/><\/a><a style=\"color: #000000;\" href=\"https:\/\/www.facebook.com\/atifit3\/\" target=\"_blank\" rel=\"noopener noreferrer\"><img loading=\"lazy\" decoding=\"async\" class=\"alignnone wp-image-2909\" src=\"http:\/\/dicodusport.fr\/blog\/wp-content\/uploads\/2017\/07\/logo-facebook-150x150.png\" alt=\"\" width=\"40\" height=\"40\" \/><\/a><a style=\"color: #000000;\" href=\"https:\/\/www.instagram.com\/ati_coaching\/\" target=\"_blank\" rel=\"noopener noreferrer\"><img loading=\"lazy\" decoding=\"async\" class=\"alignnone wp-image-3709\" src=\"http:\/\/dicodusport.fr\/blog\/wp-content\/uploads\/2017\/08\/signature-instagram-150x150.png\" alt=\"\" width=\"40\" height=\"40\" srcset=\"https:\/\/dicodusport.fr\/blog\/wp-content\/uploads\/2017\/08\/signature-instagram-150x150.png 150w, https:\/\/dicodusport.fr\/blog\/wp-content\/uploads\/2017\/08\/signature-instagram.png 283w\" sizes=\"auto, (max-width: 40px) 100vw, 40px\" \/><\/a><\/p>\n","protected":false},"excerpt":{"rendered":"<p>Tous les mois, retrouvez \u00ab\u00a0Garde la p\u00eache by Ati Fit\u00a0\u00bb sur votre blog\u00a0dicodusport.fr, la chronique qui va vous permettre de garder la forme toute l&rsquo;ann\u00e9e ! Pour la\u00a0quatri\u00e8me chronique, notre coach vous parle des param\u00e8tres qu&rsquo;il est\u00a0possible de contr\u00f4ler lors d&rsquo;une perte de poids.\u00a0 Froidement ? Le froid s\u2019installe pour de bon, \u00e7a va nous [&hellip;]<\/p>\n","protected":false},"author":11,"featured_media":7768,"comment_status":"open","ping_status":"closed","sticky":false,"template":"","format":"standard","meta":{"_acf_changed":false,"_daextam_enable_autolinks":"","footnotes":""},"categories":[2,2316],"tags":[1700,1701],"class_list":["post-7767","post","type-post","status-publish","format-standard","has-post-thumbnail","hentry","category-actualites","category-tous-les-sports","tag-ati-fit","tag-coach-sportif"],"acf":[],"yoast_head":"<!-- This site is optimized with the Yoast SEO Premium plugin v26.7 (Yoast SEO v26.7) - https:\/\/yoast.com\/wordpress\/plugins\/seo\/ -->\n<title>Garde la p\u00eache by Ati Fit #4 : l&#039;hiver est id\u00e9al pour perdre du poids<\/title>\n<meta name=\"robots\" content=\"index, follow, max-snippet:-1, max-image-preview:large, max-video-preview:-1\" \/>\n<link rel=\"canonical\" href=\"https:\/\/dicodusport.fr\/blog\/garde-peche-by-ati-fit-4-lhiver-ideal-perdre-poids\/\" \/>\n<meta property=\"og:locale\" content=\"fr_FR\" \/>\n<meta property=\"og:type\" content=\"article\" \/>\n<meta property=\"og:title\" content=\"Garde la p\u00eache by Ati Fit #4 : l&#039;hiver est id\u00e9al pour perdre du poids\" \/>\n<meta property=\"og:description\" content=\"Tous les mois, retrouvez \u00ab\u00a0Garde la p\u00eache by Ati Fit\u00a0\u00bb sur votre blog\u00a0dicodusport.fr, la chronique qui va vous permettre de garder la forme toute l&rsquo;ann\u00e9e ! Pour la\u00a0quatri\u00e8me chronique, notre coach vous parle des param\u00e8tres qu&rsquo;il est\u00a0possible de contr\u00f4ler lors d&rsquo;une perte de poids.\u00a0 Froidement ? Le froid s\u2019installe pour de bon, \u00e7a va nous [&hellip;]\" \/>\n<meta property=\"og:url\" content=\"https:\/\/dicodusport.fr\/blog\/garde-peche-by-ati-fit-4-lhiver-ideal-perdre-poids\/\" \/>\n<meta property=\"og:site_name\" content=\"Dicodusport\" \/>\n<meta property=\"article:publisher\" content=\"https:\/\/www.facebook.com\/dicodusport\" \/>\n<meta property=\"article:published_time\" content=\"2017-11-29T09:00:04+00:00\" \/>\n<meta property=\"article:modified_time\" content=\"2018-06-05T09:26:47+00:00\" \/>\n<meta property=\"og:image\" content=\"https:\/\/dicodusport.fr\/blog\/wp-content\/uploads\/2017\/11\/Ati-fit-perte-de-poids-hiver.png\" \/>\n\t<meta property=\"og:image:width\" content=\"1200\" \/>\n\t<meta property=\"og:image:height\" content=\"670\" \/>\n\t<meta property=\"og:image:type\" content=\"image\/png\" \/>\n<meta name=\"author\" content=\"Ati Fit\" \/>\n<meta name=\"twitter:card\" content=\"summary_large_image\" \/>\n<meta name=\"twitter:creator\" content=\"@dicodusport\" \/>\n<meta name=\"twitter:site\" content=\"@dicodusport\" \/>\n<script type=\"application\/ld+json\" class=\"yoast-schema-graph\">{\"@context\":\"https:\/\/schema.org\",\"@graph\":[{\"@type\":\"NewsArticle\",\"@id\":\"https:\/\/dicodusport.fr\/blog\/garde-peche-by-ati-fit-4-lhiver-ideal-perdre-poids\/#article\",\"isPartOf\":{\"@id\":\"https:\/\/dicodusport.fr\/blog\/garde-peche-by-ati-fit-4-lhiver-ideal-perdre-poids\/\"},\"author\":{\"name\":\"Ati Fit\",\"@id\":\"https:\/\/dicodusport.fr\/blog\/#\/schema\/person\/421a0555bafd14589b6f8f7fb7f439a7\"},\"headline\":\"Garde la p\u00eache by Ati Fit #4 : l&rsquo;hiver est id\u00e9al pour perdre du poids\",\"datePublished\":\"2017-11-29T09:00:04+00:00\",\"dateModified\":\"2018-06-05T09:26:47+00:00\",\"mainEntityOfPage\":{\"@id\":\"https:\/\/dicodusport.fr\/blog\/garde-peche-by-ati-fit-4-lhiver-ideal-perdre-poids\/\"},\"wordCount\":961,\"commentCount\":0,\"publisher\":{\"@id\":\"https:\/\/dicodusport.fr\/blog\/#organization\"},\"image\":{\"@id\":\"https:\/\/dicodusport.fr\/blog\/garde-peche-by-ati-fit-4-lhiver-ideal-perdre-poids\/#primaryimage\"},\"thumbnailUrl\":\"https:\/\/dicodusport.fr\/blog\/wp-content\/uploads\/2017\/11\/Ati-fit-perte-de-poids-hiver.png\",\"keywords\":[\"ati fit\",\"coach sportif\"],\"articleSection\":[\"Actualit\u00e9s\",\"Sports\"],\"inLanguage\":\"fr-FR\",\"potentialAction\":[{\"@type\":\"CommentAction\",\"name\":\"Comment\",\"target\":[\"https:\/\/dicodusport.fr\/blog\/garde-peche-by-ati-fit-4-lhiver-ideal-perdre-poids\/#respond\"]}],\"copyrightYear\":\"2017\",\"copyrightHolder\":{\"@id\":\"https:\/\/dicodusport.fr\/blog\/#organization\"}},{\"@type\":\"WebPage\",\"@id\":\"https:\/\/dicodusport.fr\/blog\/garde-peche-by-ati-fit-4-lhiver-ideal-perdre-poids\/\",\"url\":\"https:\/\/dicodusport.fr\/blog\/garde-peche-by-ati-fit-4-lhiver-ideal-perdre-poids\/\",\"name\":\"Garde la p\u00eache by Ati Fit #4 : l'hiver est id\u00e9al pour perdre du poids\",\"isPartOf\":{\"@id\":\"https:\/\/dicodusport.fr\/blog\/#website\"},\"primaryImageOfPage\":{\"@id\":\"https:\/\/dicodusport.fr\/blog\/garde-peche-by-ati-fit-4-lhiver-ideal-perdre-poids\/#primaryimage\"},\"image\":{\"@id\":\"https:\/\/dicodusport.fr\/blog\/garde-peche-by-ati-fit-4-lhiver-ideal-perdre-poids\/#primaryimage\"},\"thumbnailUrl\":\"https:\/\/dicodusport.fr\/blog\/wp-content\/uploads\/2017\/11\/Ati-fit-perte-de-poids-hiver.png\",\"datePublished\":\"2017-11-29T09:00:04+00:00\",\"dateModified\":\"2018-06-05T09:26:47+00:00\",\"breadcrumb\":{\"@id\":\"https:\/\/dicodusport.fr\/blog\/garde-peche-by-ati-fit-4-lhiver-ideal-perdre-poids\/#breadcrumb\"},\"inLanguage\":\"fr-FR\",\"potentialAction\":[{\"@type\":\"ReadAction\",\"target\":[\"https:\/\/dicodusport.fr\/blog\/garde-peche-by-ati-fit-4-lhiver-ideal-perdre-poids\/\"]}]},{\"@type\":\"ImageObject\",\"inLanguage\":\"fr-FR\",\"@id\":\"https:\/\/dicodusport.fr\/blog\/garde-peche-by-ati-fit-4-lhiver-ideal-perdre-poids\/#primaryimage\",\"url\":\"https:\/\/dicodusport.fr\/blog\/wp-content\/uploads\/2017\/11\/Ati-fit-perte-de-poids-hiver.png\",\"contentUrl\":\"https:\/\/dicodusport.fr\/blog\/wp-content\/uploads\/2017\/11\/Ati-fit-perte-de-poids-hiver.png\",\"width\":1200,\"height\":670,\"caption\":\"Ati fit perte de poids hiver\"},{\"@type\":\"BreadcrumbList\",\"@id\":\"https:\/\/dicodusport.fr\/blog\/garde-peche-by-ati-fit-4-lhiver-ideal-perdre-poids\/#breadcrumb\",\"itemListElement\":[{\"@type\":\"ListItem\",\"position\":1,\"name\":\"Accueil\",\"item\":\"https:\/\/dicodusport.fr\/blog\/\"},{\"@type\":\"ListItem\",\"position\":2,\"name\":\"Garde la p\u00eache by Ati Fit #4 : l&rsquo;hiver est id\u00e9al pour perdre du poids\"}]},{\"@type\":\"WebSite\",\"@id\":\"https:\/\/dicodusport.fr\/blog\/#website\",\"url\":\"https:\/\/dicodusport.fr\/blog\/\",\"name\":\"Dicodusport\",\"description\":\"L&#039;encyclop\u00e9die de l&#039;actualit\u00e9 sportive\",\"publisher\":{\"@id\":\"https:\/\/dicodusport.fr\/blog\/#organization\"},\"potentialAction\":[{\"@type\":\"SearchAction\",\"target\":{\"@type\":\"EntryPoint\",\"urlTemplate\":\"https:\/\/dicodusport.fr\/blog\/?s={search_term_string}\"},\"query-input\":{\"@type\":\"PropertyValueSpecification\",\"valueRequired\":true,\"valueName\":\"search_term_string\"}}],\"inLanguage\":\"fr-FR\"},{\"@type\":\"NewsMediaOrganization\",\"@id\":\"https:\/\/dicodusport.fr\/blog\/#organization\",\"name\":\"Dicodusport\",\"url\":\"https:\/\/dicodusport.fr\/blog\/\",\"logo\":{\"@type\":\"ImageObject\",\"inLanguage\":\"fr-FR\",\"@id\":\"https:\/\/dicodusport.fr\/blog\/#\/schema\/logo\/image\/\",\"url\":\"https:\/\/dicodusport.fr\/blog\/wp-content\/uploads\/2020\/06\/cropped-LOGO-DICODUSPORT-2020-SANS-FOND-SANS-TEXTE.png\",\"contentUrl\":\"https:\/\/dicodusport.fr\/blog\/wp-content\/uploads\/2020\/06\/cropped-LOGO-DICODUSPORT-2020-SANS-FOND-SANS-TEXTE.png\",\"width\":512,\"height\":512,\"caption\":\"Dicodusport\"},\"image\":{\"@id\":\"https:\/\/dicodusport.fr\/blog\/#\/schema\/logo\/image\/\"},\"sameAs\":[\"https:\/\/www.facebook.com\/dicodusport\",\"https:\/\/x.com\/dicodusport\",\"https:\/\/www.instagram.com\/dicodusport\/\",\"https:\/\/www.youtube.com\/channel\/UC7V2KZ5sd3htJivAbA4ZG3w\"],\"description\":\"Dicodusport est l'encyclop\u00e9die de l'actualit\u00e9 sportive.\",\"email\":\"bonjour@dicodusport.fr\",\"legalName\":\"DICODUSPORT\",\"foundingDate\":\"2018-01-14\",\"vatID\":\"FR71834470973\",\"taxID\":\"83447097300043\",\"numberOfEmployees\":{\"@type\":\"QuantitativeValue\",\"minValue\":\"1\",\"maxValue\":\"10\"}},{\"@type\":\"Person\",\"@id\":\"https:\/\/dicodusport.fr\/blog\/#\/schema\/person\/421a0555bafd14589b6f8f7fb7f439a7\",\"name\":\"Ati Fit\",\"image\":{\"@type\":\"ImageObject\",\"inLanguage\":\"fr-FR\",\"@id\":\"https:\/\/dicodusport.fr\/blog\/#\/schema\/person\/image\/\",\"url\":\"https:\/\/dicodusport.fr\/blog\/wp-content\/uploads\/2018\/06\/User-blue-icon-150x150.png\",\"contentUrl\":\"https:\/\/dicodusport.fr\/blog\/wp-content\/uploads\/2018\/06\/User-blue-icon-150x150.png\",\"caption\":\"Ati Fit\"},\"url\":\"https:\/\/dicodusport.fr\/blog\/author\/ati-fit\/\"}]}<\/script>\n<!-- \/ Yoast SEO Premium plugin. -->","yoast_head_json":{"title":"Garde la p\u00eache by Ati Fit #4 : l'hiver est id\u00e9al pour perdre du poids","robots":{"index":"index","follow":"follow","max-snippet":"max-snippet:-1","max-image-preview":"max-image-preview:large","max-video-preview":"max-video-preview:-1"},"canonical":"https:\/\/dicodusport.fr\/blog\/garde-peche-by-ati-fit-4-lhiver-ideal-perdre-poids\/","og_locale":"fr_FR","og_type":"article","og_title":"Garde la p\u00eache by Ati Fit #4 : l'hiver est id\u00e9al pour perdre du poids","og_description":"Tous les mois, retrouvez \u00ab\u00a0Garde la p\u00eache by Ati Fit\u00a0\u00bb sur votre blog\u00a0dicodusport.fr, la chronique qui va vous permettre de garder la forme toute l&rsquo;ann\u00e9e ! Pour la\u00a0quatri\u00e8me chronique, notre coach vous parle des param\u00e8tres qu&rsquo;il est\u00a0possible de contr\u00f4ler lors d&rsquo;une perte de poids.\u00a0 Froidement ? Le froid s\u2019installe pour de bon, \u00e7a va nous [&hellip;]","og_url":"https:\/\/dicodusport.fr\/blog\/garde-peche-by-ati-fit-4-lhiver-ideal-perdre-poids\/","og_site_name":"Dicodusport","article_publisher":"https:\/\/www.facebook.com\/dicodusport","article_published_time":"2017-11-29T09:00:04+00:00","article_modified_time":"2018-06-05T09:26:47+00:00","og_image":[{"width":1200,"height":670,"url":"https:\/\/dicodusport.fr\/blog\/wp-content\/uploads\/2017\/11\/Ati-fit-perte-de-poids-hiver.png","type":"image\/png"}],"author":"Ati Fit","twitter_card":"summary_large_image","twitter_creator":"@dicodusport","twitter_site":"@dicodusport","schema":{"@context":"https:\/\/schema.org","@graph":[{"@type":"NewsArticle","@id":"https:\/\/dicodusport.fr\/blog\/garde-peche-by-ati-fit-4-lhiver-ideal-perdre-poids\/#article","isPartOf":{"@id":"https:\/\/dicodusport.fr\/blog\/garde-peche-by-ati-fit-4-lhiver-ideal-perdre-poids\/"},"author":{"name":"Ati Fit","@id":"https:\/\/dicodusport.fr\/blog\/#\/schema\/person\/421a0555bafd14589b6f8f7fb7f439a7"},"headline":"Garde la p\u00eache by Ati Fit #4 : l&rsquo;hiver est id\u00e9al pour perdre du poids","datePublished":"2017-11-29T09:00:04+00:00","dateModified":"2018-06-05T09:26:47+00:00","mainEntityOfPage":{"@id":"https:\/\/dicodusport.fr\/blog\/garde-peche-by-ati-fit-4-lhiver-ideal-perdre-poids\/"},"wordCount":961,"commentCount":0,"publisher":{"@id":"https:\/\/dicodusport.fr\/blog\/#organization"},"image":{"@id":"https:\/\/dicodusport.fr\/blog\/garde-peche-by-ati-fit-4-lhiver-ideal-perdre-poids\/#primaryimage"},"thumbnailUrl":"https:\/\/dicodusport.fr\/blog\/wp-content\/uploads\/2017\/11\/Ati-fit-perte-de-poids-hiver.png","keywords":["ati fit","coach sportif"],"articleSection":["Actualit\u00e9s","Sports"],"inLanguage":"fr-FR","potentialAction":[{"@type":"CommentAction","name":"Comment","target":["https:\/\/dicodusport.fr\/blog\/garde-peche-by-ati-fit-4-lhiver-ideal-perdre-poids\/#respond"]}],"copyrightYear":"2017","copyrightHolder":{"@id":"https:\/\/dicodusport.fr\/blog\/#organization"}},{"@type":"WebPage","@id":"https:\/\/dicodusport.fr\/blog\/garde-peche-by-ati-fit-4-lhiver-ideal-perdre-poids\/","url":"https:\/\/dicodusport.fr\/blog\/garde-peche-by-ati-fit-4-lhiver-ideal-perdre-poids\/","name":"Garde la p\u00eache by Ati Fit #4 : l'hiver est id\u00e9al pour perdre du poids","isPartOf":{"@id":"https:\/\/dicodusport.fr\/blog\/#website"},"primaryImageOfPage":{"@id":"https:\/\/dicodusport.fr\/blog\/garde-peche-by-ati-fit-4-lhiver-ideal-perdre-poids\/#primaryimage"},"image":{"@id":"https:\/\/dicodusport.fr\/blog\/garde-peche-by-ati-fit-4-lhiver-ideal-perdre-poids\/#primaryimage"},"thumbnailUrl":"https:\/\/dicodusport.fr\/blog\/wp-content\/uploads\/2017\/11\/Ati-fit-perte-de-poids-hiver.png","datePublished":"2017-11-29T09:00:04+00:00","dateModified":"2018-06-05T09:26:47+00:00","breadcrumb":{"@id":"https:\/\/dicodusport.fr\/blog\/garde-peche-by-ati-fit-4-lhiver-ideal-perdre-poids\/#breadcrumb"},"inLanguage":"fr-FR","potentialAction":[{"@type":"ReadAction","target":["https:\/\/dicodusport.fr\/blog\/garde-peche-by-ati-fit-4-lhiver-ideal-perdre-poids\/"]}]},{"@type":"ImageObject","inLanguage":"fr-FR","@id":"https:\/\/dicodusport.fr\/blog\/garde-peche-by-ati-fit-4-lhiver-ideal-perdre-poids\/#primaryimage","url":"https:\/\/dicodusport.fr\/blog\/wp-content\/uploads\/2017\/11\/Ati-fit-perte-de-poids-hiver.png","contentUrl":"https:\/\/dicodusport.fr\/blog\/wp-content\/uploads\/2017\/11\/Ati-fit-perte-de-poids-hiver.png","width":1200,"height":670,"caption":"Ati fit perte de poids hiver"},{"@type":"BreadcrumbList","@id":"https:\/\/dicodusport.fr\/blog\/garde-peche-by-ati-fit-4-lhiver-ideal-perdre-poids\/#breadcrumb","itemListElement":[{"@type":"ListItem","position":1,"name":"Accueil","item":"https:\/\/dicodusport.fr\/blog\/"},{"@type":"ListItem","position":2,"name":"Garde la p\u00eache by Ati Fit #4 : l&rsquo;hiver est id\u00e9al pour perdre du poids"}]},{"@type":"WebSite","@id":"https:\/\/dicodusport.fr\/blog\/#website","url":"https:\/\/dicodusport.fr\/blog\/","name":"Dicodusport","description":"L&#039;encyclop\u00e9die de l&#039;actualit\u00e9 sportive","publisher":{"@id":"https:\/\/dicodusport.fr\/blog\/#organization"},"potentialAction":[{"@type":"SearchAction","target":{"@type":"EntryPoint","urlTemplate":"https:\/\/dicodusport.fr\/blog\/?s={search_term_string}"},"query-input":{"@type":"PropertyValueSpecification","valueRequired":true,"valueName":"search_term_string"}}],"inLanguage":"fr-FR"},{"@type":"NewsMediaOrganization","@id":"https:\/\/dicodusport.fr\/blog\/#organization","name":"Dicodusport","url":"https:\/\/dicodusport.fr\/blog\/","logo":{"@type":"ImageObject","inLanguage":"fr-FR","@id":"https:\/\/dicodusport.fr\/blog\/#\/schema\/logo\/image\/","url":"https:\/\/dicodusport.fr\/blog\/wp-content\/uploads\/2020\/06\/cropped-LOGO-DICODUSPORT-2020-SANS-FOND-SANS-TEXTE.png","contentUrl":"https:\/\/dicodusport.fr\/blog\/wp-content\/uploads\/2020\/06\/cropped-LOGO-DICODUSPORT-2020-SANS-FOND-SANS-TEXTE.png","width":512,"height":512,"caption":"Dicodusport"},"image":{"@id":"https:\/\/dicodusport.fr\/blog\/#\/schema\/logo\/image\/"},"sameAs":["https:\/\/www.facebook.com\/dicodusport","https:\/\/x.com\/dicodusport","https:\/\/www.instagram.com\/dicodusport\/","https:\/\/www.youtube.com\/channel\/UC7V2KZ5sd3htJivAbA4ZG3w"],"description":"Dicodusport est l'encyclop\u00e9die de l'actualit\u00e9 sportive.","email":"bonjour@dicodusport.fr","legalName":"DICODUSPORT","foundingDate":"2018-01-14","vatID":"FR71834470973","taxID":"83447097300043","numberOfEmployees":{"@type":"QuantitativeValue","minValue":"1","maxValue":"10"}},{"@type":"Person","@id":"https:\/\/dicodusport.fr\/blog\/#\/schema\/person\/421a0555bafd14589b6f8f7fb7f439a7","name":"Ati Fit","image":{"@type":"ImageObject","inLanguage":"fr-FR","@id":"https:\/\/dicodusport.fr\/blog\/#\/schema\/person\/image\/","url":"https:\/\/dicodusport.fr\/blog\/wp-content\/uploads\/2018\/06\/User-blue-icon-150x150.png","contentUrl":"https:\/\/dicodusport.fr\/blog\/wp-content\/uploads\/2018\/06\/User-blue-icon-150x150.png","caption":"Ati Fit"},"url":"https:\/\/dicodusport.fr\/blog\/author\/ati-fit\/"}]}},"_links":{"self":[{"href":"https:\/\/dicodusport.fr\/blog\/wp-json\/wp\/v2\/posts\/7767","targetHints":{"allow":["GET"]}}],"collection":[{"href":"https:\/\/dicodusport.fr\/blog\/wp-json\/wp\/v2\/posts"}],"about":[{"href":"https:\/\/dicodusport.fr\/blog\/wp-json\/wp\/v2\/types\/post"}],"author":[{"embeddable":true,"href":"https:\/\/dicodusport.fr\/blog\/wp-json\/wp\/v2\/users\/11"}],"replies":[{"embeddable":true,"href":"https:\/\/dicodusport.fr\/blog\/wp-json\/wp\/v2\/comments?post=7767"}],"version-history":[{"count":0,"href":"https:\/\/dicodusport.fr\/blog\/wp-json\/wp\/v2\/posts\/7767\/revisions"}],"wp:featuredmedia":[{"embeddable":true,"href":"https:\/\/dicodusport.fr\/blog\/wp-json\/wp\/v2\/media\/7768"}],"wp:attachment":[{"href":"https:\/\/dicodusport.fr\/blog\/wp-json\/wp\/v2\/media?parent=7767"}],"wp:term":[{"taxonomy":"category","embeddable":true,"href":"https:\/\/dicodusport.fr\/blog\/wp-json\/wp\/v2\/categories?post=7767"},{"taxonomy":"post_tag","embeddable":true,"href":"https:\/\/dicodusport.fr\/blog\/wp-json\/wp\/v2\/tags?post=7767"}],"curies":[{"name":"wp","href":"https:\/\/api.w.org\/{rel}","templated":true}]}}