{"id":77686,"date":"2020-09-10T09:29:48","date_gmt":"2020-09-10T07:29:48","guid":{"rendered":"http:\/\/dicodusport.fr\/blog\/?p=77686&#038;preview=true&#038;preview_id=77686"},"modified":"2020-09-10T09:41:45","modified_gmt":"2020-09-10T07:41:45","slug":"f1-sebastian-vettel-rejoint-aston-martin","status":"publish","type":"post","link":"https:\/\/dicodusport.fr\/blog\/f1-sebastian-vettel-rejoint-aston-martin\/","title":{"rendered":"F1 : Sebastian Vettel rejoint Aston Martin"},"content":{"rendered":"<p style=\"text-align: justify;\"><strong><em>FORMULE 1 &#8211; Sebastian Vettel ne sera pas sans volant en 2021. Le pilote allemand de 33 ans vient de s&rsquo;engager avec Aston Martin.<\/em><\/strong><\/p>\n<p style=\"text-align: justify;\">Racing Point va devenir Aston Martin en 2021. Ce jeudi, cette derni\u00e8re a officialis\u00e9 l&rsquo;arriv\u00e9e de son pilote phare, avec la signature du quadruple champion du monde, <strong>Sebastian Vettel<\/strong>. En difficult\u00e9 avec Ferrari cette saison (13\u00e8me au championnat du monde), le pilote allemand se lance donc dans un nouveau challenge apr\u00e8s avoir \u00e9t\u00e9 pouss\u00e9 dehors par la Scuderia. Il fera \u00e9quipe avec le Canadien <strong>Lance Stroll<\/strong>, puisque <a href=\"https:\/\/fr.motorsport.com\/f1\/news\/perez-quittera-racing-point-2021\/\" target=\"_blank\" rel=\"noopener noreferrer\"><strong>Sergio Perez<\/strong> a annonc\u00e9 son d\u00e9part mercredi soir<\/a>. Au moment de s&rsquo;engager avec Aston Martin, <strong>Sebastian Vettel<\/strong> a justifi\u00e9 son choix.<\/p>\n<blockquote>\n<p style=\"text-align: justify;\">Je suis heureux de partager enfin cette nouvelle passionnante sur mon avenir. Je suis extr\u00eamement fier de dire que je deviendrai pilote Aston Martin en 2021. C&rsquo;est une nouvelle aventure pour moi avec un constructeur automobile vraiment l\u00e9gendaire. J&rsquo;ai \u00e9t\u00e9 impressionn\u00e9 par les r\u00e9sultats que l&rsquo;\u00e9quipe a obtenus cette ann\u00e9e et je pense que l&rsquo;avenir s&rsquo;annonce encore plus radieux.<\/p>\n<\/blockquote>\n<blockquote class=\"twitter-tweet\">\n<p dir=\"ltr\" lang=\"en\">CONFIRMED: Four-time <a href=\"https:\/\/twitter.com\/F1?ref_src=twsrc%5Etfw\">@F1<\/a> World Champion Sebastian Vettel signs up for 2021 and beyond &#x1f58b;&#xfe0f;<\/p>\n<p>Get the full story right here &#x2b07;&#xfe0f;<a href=\"https:\/\/t.co\/zI8JeBEemc\">https:\/\/t.co\/zI8JeBEemc<\/a> <a href=\"https:\/\/twitter.com\/hashtag\/F1?src=hash&amp;ref_src=twsrc%5Etfw\">#F1<\/a><\/p>\n<p>\u2014 BWT Racing Point F1 Team (@RacingPointF1) <a href=\"https:\/\/twitter.com\/RacingPointF1\/status\/1303952148875673600?ref_src=twsrc%5Etfw\">September 10, 2020<\/a><\/p><\/blockquote>\n<p><script async src=\"https:\/\/platform.twitter.com\/widgets.js\" charset=\"utf-8\"><\/script><\/p>\n<ul>\n<li style=\"text-align: justify;\"><strong>\u00c0 lire aussi &#8211; <a href=\"https:\/\/dicodusport.fr\/blog\/f1-salaires-pilotes-2020\/\" target=\"_blank\" rel=\"noopener noreferrer\">F1 : les salaires des pilotes en 2020<\/a><\/strong><\/li>\n<\/ul>\n<p><strong><em>Dicodusport<br \/>\n<a href=\"https:\/\/www.facebook.com\/dicodusport\/\" target=\"_blank\" rel=\"noopener noreferrer\"><img loading=\"lazy\" decoding=\"async\" class=\"alignnone wp-image-2909\" src=\"http:\/\/dicodusport.fr\/blog\/wp-content\/uploads\/2017\/07\/logo-facebook-150x150.png\" alt=\"\" width=\"40\" height=\"40\" \/><\/a><a href=\"https:\/\/twitter.com\/dicodusport\" target=\"_blank\" rel=\"noopener noreferrer\"><img loading=\"lazy\" decoding=\"async\" class=\"alignnone wp-image-2908\" src=\"http:\/\/dicodusport.fr\/blog\/wp-content\/uploads\/2017\/07\/logo-twitter-150x150.png\" alt=\"\" width=\"39\" height=\"39\" \/><\/a><\/em><\/strong><\/p>\n","protected":false},"excerpt":{"rendered":"<p>F1 &#8211; Sebastian Vettel ne sera pas sans volant en 2021. Le pilote allemand de 33 ans vient de s&rsquo;engager avec Aston Martin.<\/p>\n","protected":false},"author":1,"featured_media":77690,"comment_status":"open","ping_status":"closed","sticky":false,"template":"","format":"standard","meta":{"_acf_changed":false,"_daextam_enable_autolinks":"","footnotes":""},"categories":[8653],"tags":[11634,3166,5596,24],"class_list":["post-77686","post","type-post","status-publish","format-standard","has-post-thumbnail","hentry","category-formule-1","tag-aston-martin","tag-f1","tag-sebastian-vettel","tag-sport"],"acf":[],"yoast_head":"<!-- This site is optimized with the Yoast SEO Premium plugin v26.7 (Yoast SEO v26.7) - https:\/\/yoast.com\/wordpress\/plugins\/seo\/ -->\n<title>F1 : Sebastian Vettel rejoint Aston Martin<\/title>\n<meta name=\"description\" content=\"F1 - Sebastian Vettel ne sera pas sans volant en 2021. Le pilote allemand de 33 ans vient de s&#039;engager avec Aston Martin.\" \/>\n<meta name=\"robots\" content=\"index, follow, max-snippet:-1, max-image-preview:large, max-video-preview:-1\" \/>\n<link rel=\"canonical\" href=\"https:\/\/dicodusport.fr\/blog\/f1-sebastian-vettel-rejoint-aston-martin\/\" \/>\n<meta property=\"og:locale\" content=\"fr_FR\" \/>\n<meta property=\"og:type\" content=\"article\" \/>\n<meta property=\"og:title\" content=\"F1 : Sebastian Vettel rejoint Aston Martin\" \/>\n<meta property=\"og:description\" content=\"F1 - Sebastian Vettel ne sera pas sans volant en 2021. Le pilote allemand de 33 ans vient de s&#039;engager avec Aston Martin.\" \/>\n<meta property=\"og:url\" content=\"https:\/\/dicodusport.fr\/blog\/f1-sebastian-vettel-rejoint-aston-martin\/\" \/>\n<meta property=\"og:site_name\" content=\"Dicodusport\" \/>\n<meta property=\"article:publisher\" content=\"https:\/\/www.facebook.com\/dicodusport\" \/>\n<meta property=\"article:author\" content=\"https:\/\/www.facebook.com\/dicodusport\" \/>\n<meta property=\"article:published_time\" content=\"2020-09-10T07:29:48+00:00\" \/>\n<meta property=\"article:modified_time\" content=\"2020-09-10T07:41:45+00:00\" \/>\n<meta property=\"og:image\" content=\"https:\/\/dicodusport.fr\/blog\/wp-content\/uploads\/2020\/09\/F1-Sebastian-Vettel-rejoint-Aston-Martin.png\" \/>\n\t<meta property=\"og:image:width\" content=\"800\" \/>\n\t<meta property=\"og:image:height\" content=\"445\" \/>\n\t<meta property=\"og:image:type\" content=\"image\/png\" \/>\n<meta name=\"author\" content=\"Nicolas Jacquemard\" \/>\n<meta name=\"twitter:card\" content=\"summary_large_image\" \/>\n<meta name=\"twitter:title\" content=\"F1 : Sebastian Vettel rejoint Aston Martin\" \/>\n<meta name=\"twitter:creator\" content=\"@https:\/\/twitter.com\/Nico_Jacquemard\" \/>\n<meta name=\"twitter:site\" content=\"@dicodusport\" \/>\n<script type=\"application\/ld+json\" class=\"yoast-schema-graph\">{\"@context\":\"https:\/\/schema.org\",\"@graph\":[{\"@type\":\"NewsArticle\",\"@id\":\"https:\/\/dicodusport.fr\/blog\/f1-sebastian-vettel-rejoint-aston-martin\/#article\",\"isPartOf\":{\"@id\":\"https:\/\/dicodusport.fr\/blog\/f1-sebastian-vettel-rejoint-aston-martin\/\"},\"author\":{\"name\":\"Nicolas Jacquemard\",\"@id\":\"https:\/\/dicodusport.fr\/blog\/#\/schema\/person\/55dcb50ad410894e431ed812bbb70191\"},\"headline\":\"F1 : Sebastian Vettel rejoint Aston Martin\",\"datePublished\":\"2020-09-10T07:29:48+00:00\",\"dateModified\":\"2020-09-10T07:41:45+00:00\",\"mainEntityOfPage\":{\"@id\":\"https:\/\/dicodusport.fr\/blog\/f1-sebastian-vettel-rejoint-aston-martin\/\"},\"wordCount\":238,\"commentCount\":0,\"publisher\":{\"@id\":\"https:\/\/dicodusport.fr\/blog\/#organization\"},\"image\":{\"@id\":\"https:\/\/dicodusport.fr\/blog\/f1-sebastian-vettel-rejoint-aston-martin\/#primaryimage\"},\"thumbnailUrl\":\"https:\/\/dicodusport.fr\/blog\/wp-content\/uploads\/2020\/09\/F1-Sebastian-Vettel-rejoint-Aston-Martin.png\",\"keywords\":[\"Aston Martin\",\"F1\",\"Sebastian Vettel\",\"sport\"],\"articleSection\":[\"Formule 1\"],\"inLanguage\":\"fr-FR\",\"potentialAction\":[{\"@type\":\"CommentAction\",\"name\":\"Comment\",\"target\":[\"https:\/\/dicodusport.fr\/blog\/f1-sebastian-vettel-rejoint-aston-martin\/#respond\"]}],\"copyrightYear\":\"2020\",\"copyrightHolder\":{\"@id\":\"https:\/\/dicodusport.fr\/blog\/#organization\"}},{\"@type\":\"WebPage\",\"@id\":\"https:\/\/dicodusport.fr\/blog\/f1-sebastian-vettel-rejoint-aston-martin\/\",\"url\":\"https:\/\/dicodusport.fr\/blog\/f1-sebastian-vettel-rejoint-aston-martin\/\",\"name\":\"F1 : Sebastian Vettel rejoint Aston Martin\",\"isPartOf\":{\"@id\":\"https:\/\/dicodusport.fr\/blog\/#website\"},\"primaryImageOfPage\":{\"@id\":\"https:\/\/dicodusport.fr\/blog\/f1-sebastian-vettel-rejoint-aston-martin\/#primaryimage\"},\"image\":{\"@id\":\"https:\/\/dicodusport.fr\/blog\/f1-sebastian-vettel-rejoint-aston-martin\/#primaryimage\"},\"thumbnailUrl\":\"https:\/\/dicodusport.fr\/blog\/wp-content\/uploads\/2020\/09\/F1-Sebastian-Vettel-rejoint-Aston-Martin.png\",\"datePublished\":\"2020-09-10T07:29:48+00:00\",\"dateModified\":\"2020-09-10T07:41:45+00:00\",\"description\":\"F1 - Sebastian Vettel ne sera pas sans volant en 2021. Le pilote allemand de 33 ans vient de s'engager avec Aston Martin.\",\"breadcrumb\":{\"@id\":\"https:\/\/dicodusport.fr\/blog\/f1-sebastian-vettel-rejoint-aston-martin\/#breadcrumb\"},\"inLanguage\":\"fr-FR\",\"potentialAction\":[{\"@type\":\"ReadAction\",\"target\":[\"https:\/\/dicodusport.fr\/blog\/f1-sebastian-vettel-rejoint-aston-martin\/\"]}]},{\"@type\":\"ImageObject\",\"inLanguage\":\"fr-FR\",\"@id\":\"https:\/\/dicodusport.fr\/blog\/f1-sebastian-vettel-rejoint-aston-martin\/#primaryimage\",\"url\":\"https:\/\/dicodusport.fr\/blog\/wp-content\/uploads\/2020\/09\/F1-Sebastian-Vettel-rejoint-Aston-Martin.png\",\"contentUrl\":\"https:\/\/dicodusport.fr\/blog\/wp-content\/uploads\/2020\/09\/F1-Sebastian-Vettel-rejoint-Aston-Martin.png\",\"width\":800,\"height\":445,\"caption\":\"F1 - Sebastian Vettel rejoint Aston Martin\"},{\"@type\":\"BreadcrumbList\",\"@id\":\"https:\/\/dicodusport.fr\/blog\/f1-sebastian-vettel-rejoint-aston-martin\/#breadcrumb\",\"itemListElement\":[{\"@type\":\"ListItem\",\"position\":1,\"name\":\"Accueil\",\"item\":\"https:\/\/dicodusport.fr\/blog\/\"},{\"@type\":\"ListItem\",\"position\":2,\"name\":\"F1 : Sebastian Vettel rejoint Aston Martin\"}]},{\"@type\":\"WebSite\",\"@id\":\"https:\/\/dicodusport.fr\/blog\/#website\",\"url\":\"https:\/\/dicodusport.fr\/blog\/\",\"name\":\"Dicodusport\",\"description\":\"L&#039;encyclop\u00e9die de l&#039;actualit\u00e9 sportive\",\"publisher\":{\"@id\":\"https:\/\/dicodusport.fr\/blog\/#organization\"},\"potentialAction\":[{\"@type\":\"SearchAction\",\"target\":{\"@type\":\"EntryPoint\",\"urlTemplate\":\"https:\/\/dicodusport.fr\/blog\/?s={search_term_string}\"},\"query-input\":{\"@type\":\"PropertyValueSpecification\",\"valueRequired\":true,\"valueName\":\"search_term_string\"}}],\"inLanguage\":\"fr-FR\"},{\"@type\":\"NewsMediaOrganization\",\"@id\":\"https:\/\/dicodusport.fr\/blog\/#organization\",\"name\":\"Dicodusport\",\"url\":\"https:\/\/dicodusport.fr\/blog\/\",\"logo\":{\"@type\":\"ImageObject\",\"inLanguage\":\"fr-FR\",\"@id\":\"https:\/\/dicodusport.fr\/blog\/#\/schema\/logo\/image\/\",\"url\":\"https:\/\/dicodusport.fr\/blog\/wp-content\/uploads\/2020\/06\/cropped-LOGO-DICODUSPORT-2020-SANS-FOND-SANS-TEXTE.png\",\"contentUrl\":\"https:\/\/dicodusport.fr\/blog\/wp-content\/uploads\/2020\/06\/cropped-LOGO-DICODUSPORT-2020-SANS-FOND-SANS-TEXTE.png\",\"width\":512,\"height\":512,\"caption\":\"Dicodusport\"},\"image\":{\"@id\":\"https:\/\/dicodusport.fr\/blog\/#\/schema\/logo\/image\/\"},\"sameAs\":[\"https:\/\/www.facebook.com\/dicodusport\",\"https:\/\/x.com\/dicodusport\",\"https:\/\/www.instagram.com\/dicodusport\/\",\"https:\/\/www.youtube.com\/channel\/UC7V2KZ5sd3htJivAbA4ZG3w\"],\"description\":\"Dicodusport est l'encyclop\u00e9die de l'actualit\u00e9 sportive.\",\"email\":\"bonjour@dicodusport.fr\",\"legalName\":\"DICODUSPORT\",\"foundingDate\":\"2018-01-14\",\"vatID\":\"FR71834470973\",\"taxID\":\"83447097300043\",\"numberOfEmployees\":{\"@type\":\"QuantitativeValue\",\"minValue\":\"1\",\"maxValue\":\"10\"}},{\"@type\":\"Person\",\"@id\":\"https:\/\/dicodusport.fr\/blog\/#\/schema\/person\/55dcb50ad410894e431ed812bbb70191\",\"name\":\"Nicolas Jacquemard\",\"image\":{\"@type\":\"ImageObject\",\"inLanguage\":\"fr-FR\",\"@id\":\"https:\/\/dicodusport.fr\/blog\/#\/schema\/person\/image\/\",\"url\":\"https:\/\/dicodusport.fr\/blog\/wp-content\/uploads\/2021\/05\/Nicolas-Jacquemard-150x150.jpeg\",\"contentUrl\":\"https:\/\/dicodusport.fr\/blog\/wp-content\/uploads\/2021\/05\/Nicolas-Jacquemard-150x150.jpeg\",\"caption\":\"Nicolas Jacquemard\"},\"description\":\"Passionn\u00e9 de sport et entrepreneur depuis mes 18 ans, la cr\u00e9ation de Dicodusport m'a sembl\u00e9 \u00e9vidente pour participer \u00e0 la m\u00e9diatisation d'un plus grand nombre de sports. Le chemin est long mais avec une \u00e9quipe des plus motiv\u00e9es et les Jeux Olympiques de Paris 2024 en point de mire, nous y arriverons ! Journaliste dans le monde du sport depuis plus de 5 ans, je traite aussi bien de football, de rugby, de biathlon que de cyclisme.\",\"sameAs\":[\"https:\/\/www.facebook.com\/dicodusport\",\"https:\/\/x.com\/https:\/\/twitter.com\/Nico_Jacquemard\"],\"url\":\"https:\/\/dicodusport.fr\/blog\/author\/dicodusport\/\"}]}<\/script>\n<!-- \/ Yoast SEO Premium plugin. -->","yoast_head_json":{"title":"F1 : Sebastian Vettel rejoint Aston Martin","description":"F1 - Sebastian Vettel ne sera pas sans volant en 2021. Le pilote allemand de 33 ans vient de s'engager avec Aston Martin.","robots":{"index":"index","follow":"follow","max-snippet":"max-snippet:-1","max-image-preview":"max-image-preview:large","max-video-preview":"max-video-preview:-1"},"canonical":"https:\/\/dicodusport.fr\/blog\/f1-sebastian-vettel-rejoint-aston-martin\/","og_locale":"fr_FR","og_type":"article","og_title":"F1 : Sebastian Vettel rejoint Aston Martin","og_description":"F1 - Sebastian Vettel ne sera pas sans volant en 2021. Le pilote allemand de 33 ans vient de s'engager avec Aston Martin.","og_url":"https:\/\/dicodusport.fr\/blog\/f1-sebastian-vettel-rejoint-aston-martin\/","og_site_name":"Dicodusport","article_publisher":"https:\/\/www.facebook.com\/dicodusport","article_author":"https:\/\/www.facebook.com\/dicodusport","article_published_time":"2020-09-10T07:29:48+00:00","article_modified_time":"2020-09-10T07:41:45+00:00","og_image":[{"width":800,"height":445,"url":"https:\/\/dicodusport.fr\/blog\/wp-content\/uploads\/2020\/09\/F1-Sebastian-Vettel-rejoint-Aston-Martin.png","type":"image\/png"}],"author":"Nicolas Jacquemard","twitter_card":"summary_large_image","twitter_title":"F1 : Sebastian Vettel rejoint Aston Martin","twitter_creator":"@https:\/\/twitter.com\/Nico_Jacquemard","twitter_site":"@dicodusport","schema":{"@context":"https:\/\/schema.org","@graph":[{"@type":"NewsArticle","@id":"https:\/\/dicodusport.fr\/blog\/f1-sebastian-vettel-rejoint-aston-martin\/#article","isPartOf":{"@id":"https:\/\/dicodusport.fr\/blog\/f1-sebastian-vettel-rejoint-aston-martin\/"},"author":{"name":"Nicolas Jacquemard","@id":"https:\/\/dicodusport.fr\/blog\/#\/schema\/person\/55dcb50ad410894e431ed812bbb70191"},"headline":"F1 : Sebastian Vettel rejoint Aston Martin","datePublished":"2020-09-10T07:29:48+00:00","dateModified":"2020-09-10T07:41:45+00:00","mainEntityOfPage":{"@id":"https:\/\/dicodusport.fr\/blog\/f1-sebastian-vettel-rejoint-aston-martin\/"},"wordCount":238,"commentCount":0,"publisher":{"@id":"https:\/\/dicodusport.fr\/blog\/#organization"},"image":{"@id":"https:\/\/dicodusport.fr\/blog\/f1-sebastian-vettel-rejoint-aston-martin\/#primaryimage"},"thumbnailUrl":"https:\/\/dicodusport.fr\/blog\/wp-content\/uploads\/2020\/09\/F1-Sebastian-Vettel-rejoint-Aston-Martin.png","keywords":["Aston Martin","F1","Sebastian Vettel","sport"],"articleSection":["Formule 1"],"inLanguage":"fr-FR","potentialAction":[{"@type":"CommentAction","name":"Comment","target":["https:\/\/dicodusport.fr\/blog\/f1-sebastian-vettel-rejoint-aston-martin\/#respond"]}],"copyrightYear":"2020","copyrightHolder":{"@id":"https:\/\/dicodusport.fr\/blog\/#organization"}},{"@type":"WebPage","@id":"https:\/\/dicodusport.fr\/blog\/f1-sebastian-vettel-rejoint-aston-martin\/","url":"https:\/\/dicodusport.fr\/blog\/f1-sebastian-vettel-rejoint-aston-martin\/","name":"F1 : Sebastian Vettel rejoint Aston Martin","isPartOf":{"@id":"https:\/\/dicodusport.fr\/blog\/#website"},"primaryImageOfPage":{"@id":"https:\/\/dicodusport.fr\/blog\/f1-sebastian-vettel-rejoint-aston-martin\/#primaryimage"},"image":{"@id":"https:\/\/dicodusport.fr\/blog\/f1-sebastian-vettel-rejoint-aston-martin\/#primaryimage"},"thumbnailUrl":"https:\/\/dicodusport.fr\/blog\/wp-content\/uploads\/2020\/09\/F1-Sebastian-Vettel-rejoint-Aston-Martin.png","datePublished":"2020-09-10T07:29:48+00:00","dateModified":"2020-09-10T07:41:45+00:00","description":"F1 - Sebastian Vettel ne sera pas sans volant en 2021. Le pilote allemand de 33 ans vient de s'engager avec Aston Martin.","breadcrumb":{"@id":"https:\/\/dicodusport.fr\/blog\/f1-sebastian-vettel-rejoint-aston-martin\/#breadcrumb"},"inLanguage":"fr-FR","potentialAction":[{"@type":"ReadAction","target":["https:\/\/dicodusport.fr\/blog\/f1-sebastian-vettel-rejoint-aston-martin\/"]}]},{"@type":"ImageObject","inLanguage":"fr-FR","@id":"https:\/\/dicodusport.fr\/blog\/f1-sebastian-vettel-rejoint-aston-martin\/#primaryimage","url":"https:\/\/dicodusport.fr\/blog\/wp-content\/uploads\/2020\/09\/F1-Sebastian-Vettel-rejoint-Aston-Martin.png","contentUrl":"https:\/\/dicodusport.fr\/blog\/wp-content\/uploads\/2020\/09\/F1-Sebastian-Vettel-rejoint-Aston-Martin.png","width":800,"height":445,"caption":"F1 - Sebastian Vettel rejoint Aston Martin"},{"@type":"BreadcrumbList","@id":"https:\/\/dicodusport.fr\/blog\/f1-sebastian-vettel-rejoint-aston-martin\/#breadcrumb","itemListElement":[{"@type":"ListItem","position":1,"name":"Accueil","item":"https:\/\/dicodusport.fr\/blog\/"},{"@type":"ListItem","position":2,"name":"F1 : Sebastian Vettel rejoint Aston Martin"}]},{"@type":"WebSite","@id":"https:\/\/dicodusport.fr\/blog\/#website","url":"https:\/\/dicodusport.fr\/blog\/","name":"Dicodusport","description":"L&#039;encyclop\u00e9die de l&#039;actualit\u00e9 sportive","publisher":{"@id":"https:\/\/dicodusport.fr\/blog\/#organization"},"potentialAction":[{"@type":"SearchAction","target":{"@type":"EntryPoint","urlTemplate":"https:\/\/dicodusport.fr\/blog\/?s={search_term_string}"},"query-input":{"@type":"PropertyValueSpecification","valueRequired":true,"valueName":"search_term_string"}}],"inLanguage":"fr-FR"},{"@type":"NewsMediaOrganization","@id":"https:\/\/dicodusport.fr\/blog\/#organization","name":"Dicodusport","url":"https:\/\/dicodusport.fr\/blog\/","logo":{"@type":"ImageObject","inLanguage":"fr-FR","@id":"https:\/\/dicodusport.fr\/blog\/#\/schema\/logo\/image\/","url":"https:\/\/dicodusport.fr\/blog\/wp-content\/uploads\/2020\/06\/cropped-LOGO-DICODUSPORT-2020-SANS-FOND-SANS-TEXTE.png","contentUrl":"https:\/\/dicodusport.fr\/blog\/wp-content\/uploads\/2020\/06\/cropped-LOGO-DICODUSPORT-2020-SANS-FOND-SANS-TEXTE.png","width":512,"height":512,"caption":"Dicodusport"},"image":{"@id":"https:\/\/dicodusport.fr\/blog\/#\/schema\/logo\/image\/"},"sameAs":["https:\/\/www.facebook.com\/dicodusport","https:\/\/x.com\/dicodusport","https:\/\/www.instagram.com\/dicodusport\/","https:\/\/www.youtube.com\/channel\/UC7V2KZ5sd3htJivAbA4ZG3w"],"description":"Dicodusport est l'encyclop\u00e9die de l'actualit\u00e9 sportive.","email":"bonjour@dicodusport.fr","legalName":"DICODUSPORT","foundingDate":"2018-01-14","vatID":"FR71834470973","taxID":"83447097300043","numberOfEmployees":{"@type":"QuantitativeValue","minValue":"1","maxValue":"10"}},{"@type":"Person","@id":"https:\/\/dicodusport.fr\/blog\/#\/schema\/person\/55dcb50ad410894e431ed812bbb70191","name":"Nicolas Jacquemard","image":{"@type":"ImageObject","inLanguage":"fr-FR","@id":"https:\/\/dicodusport.fr\/blog\/#\/schema\/person\/image\/","url":"https:\/\/dicodusport.fr\/blog\/wp-content\/uploads\/2021\/05\/Nicolas-Jacquemard-150x150.jpeg","contentUrl":"https:\/\/dicodusport.fr\/blog\/wp-content\/uploads\/2021\/05\/Nicolas-Jacquemard-150x150.jpeg","caption":"Nicolas Jacquemard"},"description":"Passionn\u00e9 de sport et entrepreneur depuis mes 18 ans, la cr\u00e9ation de Dicodusport m'a sembl\u00e9 \u00e9vidente pour participer \u00e0 la m\u00e9diatisation d'un plus grand nombre de sports. Le chemin est long mais avec une \u00e9quipe des plus motiv\u00e9es et les Jeux Olympiques de Paris 2024 en point de mire, nous y arriverons ! Journaliste dans le monde du sport depuis plus de 5 ans, je traite aussi bien de football, de rugby, de biathlon que de cyclisme.","sameAs":["https:\/\/www.facebook.com\/dicodusport","https:\/\/x.com\/https:\/\/twitter.com\/Nico_Jacquemard"],"url":"https:\/\/dicodusport.fr\/blog\/author\/dicodusport\/"}]}},"_links":{"self":[{"href":"https:\/\/dicodusport.fr\/blog\/wp-json\/wp\/v2\/posts\/77686","targetHints":{"allow":["GET"]}}],"collection":[{"href":"https:\/\/dicodusport.fr\/blog\/wp-json\/wp\/v2\/posts"}],"about":[{"href":"https:\/\/dicodusport.fr\/blog\/wp-json\/wp\/v2\/types\/post"}],"author":[{"embeddable":true,"href":"https:\/\/dicodusport.fr\/blog\/wp-json\/wp\/v2\/users\/1"}],"replies":[{"embeddable":true,"href":"https:\/\/dicodusport.fr\/blog\/wp-json\/wp\/v2\/comments?post=77686"}],"version-history":[{"count":0,"href":"https:\/\/dicodusport.fr\/blog\/wp-json\/wp\/v2\/posts\/77686\/revisions"}],"wp:featuredmedia":[{"embeddable":true,"href":"https:\/\/dicodusport.fr\/blog\/wp-json\/wp\/v2\/media\/77690"}],"wp:attachment":[{"href":"https:\/\/dicodusport.fr\/blog\/wp-json\/wp\/v2\/media?parent=77686"}],"wp:term":[{"taxonomy":"category","embeddable":true,"href":"https:\/\/dicodusport.fr\/blog\/wp-json\/wp\/v2\/categories?post=77686"},{"taxonomy":"post_tag","embeddable":true,"href":"https:\/\/dicodusport.fr\/blog\/wp-json\/wp\/v2\/tags?post=77686"}],"curies":[{"name":"wp","href":"https:\/\/api.w.org\/{rel}","templated":true}]}}