{"id":78278,"date":"2020-09-14T10:11:10","date_gmt":"2020-09-14T08:11:10","guid":{"rendered":"http:\/\/dicodusport.fr\/blog\/?p=78278&#038;preview=true&#038;preview_id=78278"},"modified":"2020-09-14T10:11:10","modified_gmt":"2020-09-14T08:11:10","slug":"dominic-thiem-je-n-avais-pas-ete-aussi-tendu-depuis-tres-longtemps","status":"publish","type":"post","link":"https:\/\/dicodusport.fr\/blog\/dominic-thiem-je-n-avais-pas-ete-aussi-tendu-depuis-tres-longtemps\/","title":{"rendered":"Dominic Thiem : \u00ab\u00a0Je n&rsquo;avais pas \u00e9t\u00e9 aussi tendu depuis tr\u00e8s longtemps\u00a0\u00bb"},"content":{"rendered":"<p style=\"text-align: justify;\"><em><strong>TENNIS &#8211; <a href=\"https:\/\/dicodusport.fr\/blog\/us-open-dominic-thiem-soffre-son-premier-titre-en-grand-chelem\/\" target=\"_blank\" rel=\"noopener noreferrer\">Dominic Thiem est finalement sorti vainqueur de son bras de fer avec Alexander Zverev en finale de l&rsquo;US Open<\/a>. Au bout du suspense.<\/strong><\/em><\/p>\n<p style=\"text-align: justify;\">Domin\u00e9 pendant deux sets, <strong>Dominic Thiem<\/strong> a vu son adversaire servir pour le match dans la cinqui\u00e8me manche, avant de s&rsquo;imposer au jeu d\u00e9cisif. L&rsquo;Autrichien, heureux d&rsquo;avoir remport\u00e9 son premier Grand Chelem, a \u00e9voqu\u00e9 son stress dans des propos rapport\u00e9s par <a href=\"https:\/\/www.lequipe.fr\/Tennis\/Actualites\/Dominic-thiem-vainqueur-de-l-us-open-j-ai-accompli-l-objectif-d-une-vie\/1171587\" target=\"_blank\" rel=\"noopener noreferrer\">L&rsquo;\u00c9quipe<\/a>.<\/p>\n<blockquote><p>Physiquement, j&rsquo;\u00e9tais \u00e0 100%. J&rsquo;ai eu un souci au talon d&rsquo;Achille en demi-finale, mais c&rsquo;\u00e9tait r\u00e9gl\u00e9, je n&rsquo;ai ressenti aucune douleur. Non, le probl\u00e8me, c&rsquo;\u00e9tait mes nerfs. J&rsquo;\u00e9tais hyper tendu. Je n&rsquo;avais pas \u00e9t\u00e9 aussi tendu depuis tr\u00e8s longtemps. Je ne me souvenais plus de cette sensation. Je ne savais pas comment m&rsquo;en d\u00e9barrasser. Mais j&rsquo;ai r\u00e9ussi \u00e0 le faire dans le troisi\u00e8me set.<\/p><\/blockquote>\n<h2 style=\"text-align: justify;\">\u00ab J&rsquo;\u00e9tais tr\u00e8s proche de le faire, \u00e0 quelques jeux, quelques points m\u00eame \u00bb<\/h2>\n<p style=\"text-align: justify;\"><strong>Alexander Zverev<\/strong>, tr\u00e8s d\u00e9\u00e7u par cette cruelle d\u00e9faite, compte bien revenir pour remporter un Grand Chelem dans les prochains mois.<\/p>\n<blockquote>\n<p style=\"text-align: justify;\">Je n&rsquo;ai que 23 ans, j&rsquo;aurai encore des opportunit\u00e9s et c&rsquo;est ma conviction que je gagnerai un titre du Grand Chelem un jour. J&rsquo;\u00e9tais tr\u00e8s proche de le faire, \u00e0 quelques jeux, quelques points m\u00eame. Ce qui m&rsquo;\u00e9nerve le plus, c&rsquo;est surtout le cinqui\u00e8me set. J&rsquo;ai eu \u00e9norm\u00e9ment d&rsquo;opportunit\u00e9s mais je n&rsquo;ai pas su les concr\u00e9tiser.<\/p>\n<\/blockquote>\n<p><strong><em>Dicodusport<br \/>\n<a href=\"https:\/\/www.facebook.com\/dicodusport\/\" target=\"_blank\" rel=\"noopener noreferrer\"><img loading=\"lazy\" decoding=\"async\" class=\"alignnone wp-image-2909\" src=\"http:\/\/dicodusport.fr\/blog\/wp-content\/uploads\/2017\/07\/logo-facebook-150x150.png\" alt=\"\" width=\"40\" height=\"40\" \/><\/a><a href=\"https:\/\/twitter.com\/dicodusport\" target=\"_blank\" rel=\"noopener noreferrer\"><img loading=\"lazy\" decoding=\"async\" class=\"alignnone wp-image-2908\" src=\"http:\/\/dicodusport.fr\/blog\/wp-content\/uploads\/2017\/07\/logo-twitter-150x150.png\" alt=\"\" width=\"39\" height=\"39\" \/><\/a><\/em><\/strong><\/p>\n","protected":false},"excerpt":{"rendered":"<p>TENNIS &#8211; Dominic Thiem est finalement sorti vainqueur de son bras de fer avec Alexander Zverev en finale de l&rsquo;US Open. Au bout du suspense.<\/p>\n","protected":false},"author":1,"featured_media":78292,"comment_status":"open","ping_status":"closed","sticky":false,"template":"","format":"standard","meta":{"_acf_changed":false,"_daextam_enable_autolinks":"","footnotes":""},"categories":[2302],"tags":[3483,1463,4123],"class_list":["post-78278","post","type-post","status-publish","format-standard","has-post-thumbnail","hentry","category-tennis","tag-dominic-thiem","tag-us-open","tag-zverev"],"acf":[],"yoast_head":"<!-- This site is optimized with the Yoast SEO Premium plugin v26.7 (Yoast SEO v26.7) - https:\/\/yoast.com\/wordpress\/plugins\/seo\/ -->\n<title>Dominic Thiem : &quot;Je n&#039;avais pas \u00e9t\u00e9 aussi tendu depuis tr\u00e8s longtemps&quot;<\/title>\n<meta name=\"description\" content=\"TENNIS - Dominic Thiem est finalement sorti vainqueur de son bras de fer avec Alexander Zverev en finale de l&#039;US Open. Au bout du suspense.\" \/>\n<meta name=\"robots\" content=\"index, follow, max-snippet:-1, max-image-preview:large, max-video-preview:-1\" \/>\n<link rel=\"canonical\" href=\"https:\/\/dicodusport.fr\/blog\/dominic-thiem-je-n-avais-pas-ete-aussi-tendu-depuis-tres-longtemps\/\" \/>\n<meta property=\"og:locale\" content=\"fr_FR\" \/>\n<meta property=\"og:type\" content=\"article\" \/>\n<meta property=\"og:title\" content=\"Dominic Thiem : &quot;Je n&#039;avais pas \u00e9t\u00e9 aussi tendu depuis tr\u00e8s longtemps&quot;\" \/>\n<meta property=\"og:description\" content=\"TENNIS - Dominic Thiem est finalement sorti vainqueur de son bras de fer avec Alexander Zverev en finale de l&#039;US Open. Au bout du suspense.\" \/>\n<meta property=\"og:url\" content=\"https:\/\/dicodusport.fr\/blog\/dominic-thiem-je-n-avais-pas-ete-aussi-tendu-depuis-tres-longtemps\/\" \/>\n<meta property=\"og:site_name\" content=\"Dicodusport\" \/>\n<meta property=\"article:publisher\" content=\"https:\/\/www.facebook.com\/dicodusport\" \/>\n<meta property=\"article:author\" content=\"https:\/\/www.facebook.com\/dicodusport\" \/>\n<meta property=\"article:published_time\" content=\"2020-09-14T08:11:10+00:00\" \/>\n<meta property=\"og:image\" content=\"https:\/\/dicodusport.fr\/blog\/wp-content\/uploads\/2020\/09\/Dominic-Thiem-Je-navais-pas-\u00e9t\u00e9-aussi-tendu-depuis-tr\u00e8s-longtemps.png\" \/>\n\t<meta property=\"og:image:width\" content=\"800\" \/>\n\t<meta property=\"og:image:height\" content=\"445\" \/>\n\t<meta property=\"og:image:type\" content=\"image\/png\" \/>\n<meta name=\"author\" content=\"Nicolas Jacquemard\" \/>\n<meta name=\"twitter:card\" content=\"summary_large_image\" \/>\n<meta name=\"twitter:title\" content=\"Dominic Thiem : &quot;Je n&#039;avais pas \u00e9t\u00e9 aussi tendu depuis tr\u00e8s longtemps&quot;\" \/>\n<meta name=\"twitter:creator\" content=\"@https:\/\/twitter.com\/Nico_Jacquemard\" \/>\n<meta name=\"twitter:site\" content=\"@dicodusport\" \/>\n<script type=\"application\/ld+json\" class=\"yoast-schema-graph\">{\"@context\":\"https:\/\/schema.org\",\"@graph\":[{\"@type\":\"NewsArticle\",\"@id\":\"https:\/\/dicodusport.fr\/blog\/dominic-thiem-je-n-avais-pas-ete-aussi-tendu-depuis-tres-longtemps\/#article\",\"isPartOf\":{\"@id\":\"https:\/\/dicodusport.fr\/blog\/dominic-thiem-je-n-avais-pas-ete-aussi-tendu-depuis-tres-longtemps\/\"},\"author\":{\"name\":\"Nicolas Jacquemard\",\"@id\":\"https:\/\/dicodusport.fr\/blog\/#\/schema\/person\/55dcb50ad410894e431ed812bbb70191\"},\"headline\":\"Dominic Thiem : \u00ab\u00a0Je n&rsquo;avais pas \u00e9t\u00e9 aussi tendu depuis tr\u00e8s longtemps\u00a0\u00bb\",\"datePublished\":\"2020-09-14T08:11:10+00:00\",\"mainEntityOfPage\":{\"@id\":\"https:\/\/dicodusport.fr\/blog\/dominic-thiem-je-n-avais-pas-ete-aussi-tendu-depuis-tres-longtemps\/\"},\"wordCount\":273,\"commentCount\":0,\"publisher\":{\"@id\":\"https:\/\/dicodusport.fr\/blog\/#organization\"},\"image\":{\"@id\":\"https:\/\/dicodusport.fr\/blog\/dominic-thiem-je-n-avais-pas-ete-aussi-tendu-depuis-tres-longtemps\/#primaryimage\"},\"thumbnailUrl\":\"https:\/\/dicodusport.fr\/blog\/wp-content\/uploads\/2020\/09\/Dominic-Thiem-Je-navais-pas-\u00e9t\u00e9-aussi-tendu-depuis-tr\u00e8s-longtemps.png\",\"keywords\":[\"Dominic Thiem\",\"US Open\",\"Zverev\"],\"articleSection\":[\"Tennis\"],\"inLanguage\":\"fr-FR\",\"potentialAction\":[{\"@type\":\"CommentAction\",\"name\":\"Comment\",\"target\":[\"https:\/\/dicodusport.fr\/blog\/dominic-thiem-je-n-avais-pas-ete-aussi-tendu-depuis-tres-longtemps\/#respond\"]}],\"copyrightYear\":\"2020\",\"copyrightHolder\":{\"@id\":\"https:\/\/dicodusport.fr\/blog\/#organization\"}},{\"@type\":\"WebPage\",\"@id\":\"https:\/\/dicodusport.fr\/blog\/dominic-thiem-je-n-avais-pas-ete-aussi-tendu-depuis-tres-longtemps\/\",\"url\":\"https:\/\/dicodusport.fr\/blog\/dominic-thiem-je-n-avais-pas-ete-aussi-tendu-depuis-tres-longtemps\/\",\"name\":\"Dominic Thiem : \\\"Je n'avais pas \u00e9t\u00e9 aussi tendu depuis tr\u00e8s longtemps\\\"\",\"isPartOf\":{\"@id\":\"https:\/\/dicodusport.fr\/blog\/#website\"},\"primaryImageOfPage\":{\"@id\":\"https:\/\/dicodusport.fr\/blog\/dominic-thiem-je-n-avais-pas-ete-aussi-tendu-depuis-tres-longtemps\/#primaryimage\"},\"image\":{\"@id\":\"https:\/\/dicodusport.fr\/blog\/dominic-thiem-je-n-avais-pas-ete-aussi-tendu-depuis-tres-longtemps\/#primaryimage\"},\"thumbnailUrl\":\"https:\/\/dicodusport.fr\/blog\/wp-content\/uploads\/2020\/09\/Dominic-Thiem-Je-navais-pas-\u00e9t\u00e9-aussi-tendu-depuis-tr\u00e8s-longtemps.png\",\"datePublished\":\"2020-09-14T08:11:10+00:00\",\"description\":\"TENNIS - Dominic Thiem est finalement sorti vainqueur de son bras de fer avec Alexander Zverev en finale de l'US Open. Au bout du suspense.\",\"breadcrumb\":{\"@id\":\"https:\/\/dicodusport.fr\/blog\/dominic-thiem-je-n-avais-pas-ete-aussi-tendu-depuis-tres-longtemps\/#breadcrumb\"},\"inLanguage\":\"fr-FR\",\"potentialAction\":[{\"@type\":\"ReadAction\",\"target\":[\"https:\/\/dicodusport.fr\/blog\/dominic-thiem-je-n-avais-pas-ete-aussi-tendu-depuis-tres-longtemps\/\"]}]},{\"@type\":\"ImageObject\",\"inLanguage\":\"fr-FR\",\"@id\":\"https:\/\/dicodusport.fr\/blog\/dominic-thiem-je-n-avais-pas-ete-aussi-tendu-depuis-tres-longtemps\/#primaryimage\",\"url\":\"https:\/\/dicodusport.fr\/blog\/wp-content\/uploads\/2020\/09\/Dominic-Thiem-Je-navais-pas-\u00e9t\u00e9-aussi-tendu-depuis-tr\u00e8s-longtemps.png\",\"contentUrl\":\"https:\/\/dicodusport.fr\/blog\/wp-content\/uploads\/2020\/09\/Dominic-Thiem-Je-navais-pas-\u00e9t\u00e9-aussi-tendu-depuis-tr\u00e8s-longtemps.png\",\"width\":800,\"height\":445,\"caption\":\"Dominic Thiem : \\\"Je n'avais pas \u00e9t\u00e9 aussi tendu depuis tr\u00e8s longtemps\\\"\"},{\"@type\":\"BreadcrumbList\",\"@id\":\"https:\/\/dicodusport.fr\/blog\/dominic-thiem-je-n-avais-pas-ete-aussi-tendu-depuis-tres-longtemps\/#breadcrumb\",\"itemListElement\":[{\"@type\":\"ListItem\",\"position\":1,\"name\":\"Accueil\",\"item\":\"https:\/\/dicodusport.fr\/blog\/\"},{\"@type\":\"ListItem\",\"position\":2,\"name\":\"Dominic Thiem : \u00ab\u00a0Je n&rsquo;avais pas \u00e9t\u00e9 aussi tendu depuis tr\u00e8s longtemps\u00a0\u00bb\"}]},{\"@type\":\"WebSite\",\"@id\":\"https:\/\/dicodusport.fr\/blog\/#website\",\"url\":\"https:\/\/dicodusport.fr\/blog\/\",\"name\":\"Dicodusport\",\"description\":\"L&#039;encyclop\u00e9die de l&#039;actualit\u00e9 sportive\",\"publisher\":{\"@id\":\"https:\/\/dicodusport.fr\/blog\/#organization\"},\"potentialAction\":[{\"@type\":\"SearchAction\",\"target\":{\"@type\":\"EntryPoint\",\"urlTemplate\":\"https:\/\/dicodusport.fr\/blog\/?s={search_term_string}\"},\"query-input\":{\"@type\":\"PropertyValueSpecification\",\"valueRequired\":true,\"valueName\":\"search_term_string\"}}],\"inLanguage\":\"fr-FR\"},{\"@type\":\"NewsMediaOrganization\",\"@id\":\"https:\/\/dicodusport.fr\/blog\/#organization\",\"name\":\"Dicodusport\",\"url\":\"https:\/\/dicodusport.fr\/blog\/\",\"logo\":{\"@type\":\"ImageObject\",\"inLanguage\":\"fr-FR\",\"@id\":\"https:\/\/dicodusport.fr\/blog\/#\/schema\/logo\/image\/\",\"url\":\"https:\/\/dicodusport.fr\/blog\/wp-content\/uploads\/2020\/06\/cropped-LOGO-DICODUSPORT-2020-SANS-FOND-SANS-TEXTE.png\",\"contentUrl\":\"https:\/\/dicodusport.fr\/blog\/wp-content\/uploads\/2020\/06\/cropped-LOGO-DICODUSPORT-2020-SANS-FOND-SANS-TEXTE.png\",\"width\":512,\"height\":512,\"caption\":\"Dicodusport\"},\"image\":{\"@id\":\"https:\/\/dicodusport.fr\/blog\/#\/schema\/logo\/image\/\"},\"sameAs\":[\"https:\/\/www.facebook.com\/dicodusport\",\"https:\/\/x.com\/dicodusport\",\"https:\/\/www.instagram.com\/dicodusport\/\",\"https:\/\/www.youtube.com\/channel\/UC7V2KZ5sd3htJivAbA4ZG3w\"],\"description\":\"Dicodusport est l'encyclop\u00e9die de l'actualit\u00e9 sportive.\",\"email\":\"bonjour@dicodusport.fr\",\"legalName\":\"DICODUSPORT\",\"foundingDate\":\"2018-01-14\",\"vatID\":\"FR71834470973\",\"taxID\":\"83447097300043\",\"numberOfEmployees\":{\"@type\":\"QuantitativeValue\",\"minValue\":\"1\",\"maxValue\":\"10\"}},{\"@type\":\"Person\",\"@id\":\"https:\/\/dicodusport.fr\/blog\/#\/schema\/person\/55dcb50ad410894e431ed812bbb70191\",\"name\":\"Nicolas Jacquemard\",\"image\":{\"@type\":\"ImageObject\",\"inLanguage\":\"fr-FR\",\"@id\":\"https:\/\/dicodusport.fr\/blog\/#\/schema\/person\/image\/\",\"url\":\"https:\/\/dicodusport.fr\/blog\/wp-content\/uploads\/2021\/05\/Nicolas-Jacquemard-150x150.jpeg\",\"contentUrl\":\"https:\/\/dicodusport.fr\/blog\/wp-content\/uploads\/2021\/05\/Nicolas-Jacquemard-150x150.jpeg\",\"caption\":\"Nicolas Jacquemard\"},\"description\":\"Passionn\u00e9 de sport et entrepreneur depuis mes 18 ans, la cr\u00e9ation de Dicodusport m'a sembl\u00e9 \u00e9vidente pour participer \u00e0 la m\u00e9diatisation d'un plus grand nombre de sports. Le chemin est long mais avec une \u00e9quipe des plus motiv\u00e9es et les Jeux Olympiques de Paris 2024 en point de mire, nous y arriverons ! Journaliste dans le monde du sport depuis plus de 5 ans, je traite aussi bien de football, de rugby, de biathlon que de cyclisme.\",\"sameAs\":[\"https:\/\/www.facebook.com\/dicodusport\",\"https:\/\/x.com\/https:\/\/twitter.com\/Nico_Jacquemard\"],\"url\":\"https:\/\/dicodusport.fr\/blog\/author\/dicodusport\/\"}]}<\/script>\n<!-- \/ Yoast SEO Premium plugin. -->","yoast_head_json":{"title":"Dominic Thiem : \"Je n'avais pas \u00e9t\u00e9 aussi tendu depuis tr\u00e8s longtemps\"","description":"TENNIS - Dominic Thiem est finalement sorti vainqueur de son bras de fer avec Alexander Zverev en finale de l'US Open. Au bout du suspense.","robots":{"index":"index","follow":"follow","max-snippet":"max-snippet:-1","max-image-preview":"max-image-preview:large","max-video-preview":"max-video-preview:-1"},"canonical":"https:\/\/dicodusport.fr\/blog\/dominic-thiem-je-n-avais-pas-ete-aussi-tendu-depuis-tres-longtemps\/","og_locale":"fr_FR","og_type":"article","og_title":"Dominic Thiem : \"Je n'avais pas \u00e9t\u00e9 aussi tendu depuis tr\u00e8s longtemps\"","og_description":"TENNIS - Dominic Thiem est finalement sorti vainqueur de son bras de fer avec Alexander Zverev en finale de l'US Open. Au bout du suspense.","og_url":"https:\/\/dicodusport.fr\/blog\/dominic-thiem-je-n-avais-pas-ete-aussi-tendu-depuis-tres-longtemps\/","og_site_name":"Dicodusport","article_publisher":"https:\/\/www.facebook.com\/dicodusport","article_author":"https:\/\/www.facebook.com\/dicodusport","article_published_time":"2020-09-14T08:11:10+00:00","og_image":[{"width":800,"height":445,"url":"https:\/\/dicodusport.fr\/blog\/wp-content\/uploads\/2020\/09\/Dominic-Thiem-Je-navais-pas-\u00e9t\u00e9-aussi-tendu-depuis-tr\u00e8s-longtemps.png","type":"image\/png"}],"author":"Nicolas Jacquemard","twitter_card":"summary_large_image","twitter_title":"Dominic Thiem : \"Je n'avais pas \u00e9t\u00e9 aussi tendu depuis tr\u00e8s longtemps\"","twitter_creator":"@https:\/\/twitter.com\/Nico_Jacquemard","twitter_site":"@dicodusport","schema":{"@context":"https:\/\/schema.org","@graph":[{"@type":"NewsArticle","@id":"https:\/\/dicodusport.fr\/blog\/dominic-thiem-je-n-avais-pas-ete-aussi-tendu-depuis-tres-longtemps\/#article","isPartOf":{"@id":"https:\/\/dicodusport.fr\/blog\/dominic-thiem-je-n-avais-pas-ete-aussi-tendu-depuis-tres-longtemps\/"},"author":{"name":"Nicolas Jacquemard","@id":"https:\/\/dicodusport.fr\/blog\/#\/schema\/person\/55dcb50ad410894e431ed812bbb70191"},"headline":"Dominic Thiem : \u00ab\u00a0Je n&rsquo;avais pas \u00e9t\u00e9 aussi tendu depuis tr\u00e8s longtemps\u00a0\u00bb","datePublished":"2020-09-14T08:11:10+00:00","mainEntityOfPage":{"@id":"https:\/\/dicodusport.fr\/blog\/dominic-thiem-je-n-avais-pas-ete-aussi-tendu-depuis-tres-longtemps\/"},"wordCount":273,"commentCount":0,"publisher":{"@id":"https:\/\/dicodusport.fr\/blog\/#organization"},"image":{"@id":"https:\/\/dicodusport.fr\/blog\/dominic-thiem-je-n-avais-pas-ete-aussi-tendu-depuis-tres-longtemps\/#primaryimage"},"thumbnailUrl":"https:\/\/dicodusport.fr\/blog\/wp-content\/uploads\/2020\/09\/Dominic-Thiem-Je-navais-pas-\u00e9t\u00e9-aussi-tendu-depuis-tr\u00e8s-longtemps.png","keywords":["Dominic Thiem","US Open","Zverev"],"articleSection":["Tennis"],"inLanguage":"fr-FR","potentialAction":[{"@type":"CommentAction","name":"Comment","target":["https:\/\/dicodusport.fr\/blog\/dominic-thiem-je-n-avais-pas-ete-aussi-tendu-depuis-tres-longtemps\/#respond"]}],"copyrightYear":"2020","copyrightHolder":{"@id":"https:\/\/dicodusport.fr\/blog\/#organization"}},{"@type":"WebPage","@id":"https:\/\/dicodusport.fr\/blog\/dominic-thiem-je-n-avais-pas-ete-aussi-tendu-depuis-tres-longtemps\/","url":"https:\/\/dicodusport.fr\/blog\/dominic-thiem-je-n-avais-pas-ete-aussi-tendu-depuis-tres-longtemps\/","name":"Dominic Thiem : \"Je n'avais pas \u00e9t\u00e9 aussi tendu depuis tr\u00e8s longtemps\"","isPartOf":{"@id":"https:\/\/dicodusport.fr\/blog\/#website"},"primaryImageOfPage":{"@id":"https:\/\/dicodusport.fr\/blog\/dominic-thiem-je-n-avais-pas-ete-aussi-tendu-depuis-tres-longtemps\/#primaryimage"},"image":{"@id":"https:\/\/dicodusport.fr\/blog\/dominic-thiem-je-n-avais-pas-ete-aussi-tendu-depuis-tres-longtemps\/#primaryimage"},"thumbnailUrl":"https:\/\/dicodusport.fr\/blog\/wp-content\/uploads\/2020\/09\/Dominic-Thiem-Je-navais-pas-\u00e9t\u00e9-aussi-tendu-depuis-tr\u00e8s-longtemps.png","datePublished":"2020-09-14T08:11:10+00:00","description":"TENNIS - Dominic Thiem est finalement sorti vainqueur de son bras de fer avec Alexander Zverev en finale de l'US Open. Au bout du suspense.","breadcrumb":{"@id":"https:\/\/dicodusport.fr\/blog\/dominic-thiem-je-n-avais-pas-ete-aussi-tendu-depuis-tres-longtemps\/#breadcrumb"},"inLanguage":"fr-FR","potentialAction":[{"@type":"ReadAction","target":["https:\/\/dicodusport.fr\/blog\/dominic-thiem-je-n-avais-pas-ete-aussi-tendu-depuis-tres-longtemps\/"]}]},{"@type":"ImageObject","inLanguage":"fr-FR","@id":"https:\/\/dicodusport.fr\/blog\/dominic-thiem-je-n-avais-pas-ete-aussi-tendu-depuis-tres-longtemps\/#primaryimage","url":"https:\/\/dicodusport.fr\/blog\/wp-content\/uploads\/2020\/09\/Dominic-Thiem-Je-navais-pas-\u00e9t\u00e9-aussi-tendu-depuis-tr\u00e8s-longtemps.png","contentUrl":"https:\/\/dicodusport.fr\/blog\/wp-content\/uploads\/2020\/09\/Dominic-Thiem-Je-navais-pas-\u00e9t\u00e9-aussi-tendu-depuis-tr\u00e8s-longtemps.png","width":800,"height":445,"caption":"Dominic Thiem : \"Je n'avais pas \u00e9t\u00e9 aussi tendu depuis tr\u00e8s longtemps\""},{"@type":"BreadcrumbList","@id":"https:\/\/dicodusport.fr\/blog\/dominic-thiem-je-n-avais-pas-ete-aussi-tendu-depuis-tres-longtemps\/#breadcrumb","itemListElement":[{"@type":"ListItem","position":1,"name":"Accueil","item":"https:\/\/dicodusport.fr\/blog\/"},{"@type":"ListItem","position":2,"name":"Dominic Thiem : \u00ab\u00a0Je n&rsquo;avais pas \u00e9t\u00e9 aussi tendu depuis tr\u00e8s longtemps\u00a0\u00bb"}]},{"@type":"WebSite","@id":"https:\/\/dicodusport.fr\/blog\/#website","url":"https:\/\/dicodusport.fr\/blog\/","name":"Dicodusport","description":"L&#039;encyclop\u00e9die de l&#039;actualit\u00e9 sportive","publisher":{"@id":"https:\/\/dicodusport.fr\/blog\/#organization"},"potentialAction":[{"@type":"SearchAction","target":{"@type":"EntryPoint","urlTemplate":"https:\/\/dicodusport.fr\/blog\/?s={search_term_string}"},"query-input":{"@type":"PropertyValueSpecification","valueRequired":true,"valueName":"search_term_string"}}],"inLanguage":"fr-FR"},{"@type":"NewsMediaOrganization","@id":"https:\/\/dicodusport.fr\/blog\/#organization","name":"Dicodusport","url":"https:\/\/dicodusport.fr\/blog\/","logo":{"@type":"ImageObject","inLanguage":"fr-FR","@id":"https:\/\/dicodusport.fr\/blog\/#\/schema\/logo\/image\/","url":"https:\/\/dicodusport.fr\/blog\/wp-content\/uploads\/2020\/06\/cropped-LOGO-DICODUSPORT-2020-SANS-FOND-SANS-TEXTE.png","contentUrl":"https:\/\/dicodusport.fr\/blog\/wp-content\/uploads\/2020\/06\/cropped-LOGO-DICODUSPORT-2020-SANS-FOND-SANS-TEXTE.png","width":512,"height":512,"caption":"Dicodusport"},"image":{"@id":"https:\/\/dicodusport.fr\/blog\/#\/schema\/logo\/image\/"},"sameAs":["https:\/\/www.facebook.com\/dicodusport","https:\/\/x.com\/dicodusport","https:\/\/www.instagram.com\/dicodusport\/","https:\/\/www.youtube.com\/channel\/UC7V2KZ5sd3htJivAbA4ZG3w"],"description":"Dicodusport est l'encyclop\u00e9die de l'actualit\u00e9 sportive.","email":"bonjour@dicodusport.fr","legalName":"DICODUSPORT","foundingDate":"2018-01-14","vatID":"FR71834470973","taxID":"83447097300043","numberOfEmployees":{"@type":"QuantitativeValue","minValue":"1","maxValue":"10"}},{"@type":"Person","@id":"https:\/\/dicodusport.fr\/blog\/#\/schema\/person\/55dcb50ad410894e431ed812bbb70191","name":"Nicolas Jacquemard","image":{"@type":"ImageObject","inLanguage":"fr-FR","@id":"https:\/\/dicodusport.fr\/blog\/#\/schema\/person\/image\/","url":"https:\/\/dicodusport.fr\/blog\/wp-content\/uploads\/2021\/05\/Nicolas-Jacquemard-150x150.jpeg","contentUrl":"https:\/\/dicodusport.fr\/blog\/wp-content\/uploads\/2021\/05\/Nicolas-Jacquemard-150x150.jpeg","caption":"Nicolas Jacquemard"},"description":"Passionn\u00e9 de sport et entrepreneur depuis mes 18 ans, la cr\u00e9ation de Dicodusport m'a sembl\u00e9 \u00e9vidente pour participer \u00e0 la m\u00e9diatisation d'un plus grand nombre de sports. Le chemin est long mais avec une \u00e9quipe des plus motiv\u00e9es et les Jeux Olympiques de Paris 2024 en point de mire, nous y arriverons ! Journaliste dans le monde du sport depuis plus de 5 ans, je traite aussi bien de football, de rugby, de biathlon que de cyclisme.","sameAs":["https:\/\/www.facebook.com\/dicodusport","https:\/\/x.com\/https:\/\/twitter.com\/Nico_Jacquemard"],"url":"https:\/\/dicodusport.fr\/blog\/author\/dicodusport\/"}]}},"_links":{"self":[{"href":"https:\/\/dicodusport.fr\/blog\/wp-json\/wp\/v2\/posts\/78278","targetHints":{"allow":["GET"]}}],"collection":[{"href":"https:\/\/dicodusport.fr\/blog\/wp-json\/wp\/v2\/posts"}],"about":[{"href":"https:\/\/dicodusport.fr\/blog\/wp-json\/wp\/v2\/types\/post"}],"author":[{"embeddable":true,"href":"https:\/\/dicodusport.fr\/blog\/wp-json\/wp\/v2\/users\/1"}],"replies":[{"embeddable":true,"href":"https:\/\/dicodusport.fr\/blog\/wp-json\/wp\/v2\/comments?post=78278"}],"version-history":[{"count":0,"href":"https:\/\/dicodusport.fr\/blog\/wp-json\/wp\/v2\/posts\/78278\/revisions"}],"wp:featuredmedia":[{"embeddable":true,"href":"https:\/\/dicodusport.fr\/blog\/wp-json\/wp\/v2\/media\/78292"}],"wp:attachment":[{"href":"https:\/\/dicodusport.fr\/blog\/wp-json\/wp\/v2\/media?parent=78278"}],"wp:term":[{"taxonomy":"category","embeddable":true,"href":"https:\/\/dicodusport.fr\/blog\/wp-json\/wp\/v2\/categories?post=78278"},{"taxonomy":"post_tag","embeddable":true,"href":"https:\/\/dicodusport.fr\/blog\/wp-json\/wp\/v2\/tags?post=78278"}],"curies":[{"name":"wp","href":"https:\/\/api.w.org\/{rel}","templated":true}]}}