{"id":7845,"date":"2017-11-29T18:23:58","date_gmt":"2017-11-29T17:23:58","guid":{"rendered":"http:\/\/dicodusport.fr\/blog\/?p=7845"},"modified":"2017-11-30T11:03:35","modified_gmt":"2017-11-30T10:03:35","slug":"as-monaco-football-feminin-au-coeur-du-rocher-15-match-nul-premiere-district-impose","status":"publish","type":"post","link":"https:\/\/dicodusport.fr\/blog\/as-monaco-football-feminin-au-coeur-du-rocher-15-match-nul-premiere-district-impose\/","title":{"rendered":"AS Monaco Football F\u00e9minin, au c\u0153ur du rocher #15 : match nul pour l&rsquo;\u00e9quipe premi\u00e8re, la district s&rsquo;impose"},"content":{"rendered":"<p style=\"text-align: justify;\"><em><strong>Retrouvez toutes les semaines \u00ab\u00a0<span style=\"color: #0000ff;\"><a style=\"color: #0000ff;\" href=\"http:\/\/dicodusport.fr\/blog\/as-monaco-feminin-au-coeur-du-rocher-tous-les-mercredis-sur-dicodusport-fr\/\">AS Monaco Football F\u00e9minin, au c\u0153ur du rocher<\/a><\/span>\u00a0\u00bb, la chronique qui vous permettra de suivre, de l&rsquo;int\u00e9rieur, la vie du club f\u00e9minin de la principaut\u00e9. Dans ce nouvel \u00e9pisode, retour sur les matchs nuls de l&rsquo;\u00e9quipe premi\u00e8re et des U17 et les victoires de l&rsquo;\u00e9quipe District et des U15.<br \/>\n<\/strong><\/em><\/p>\n<h4 style=\"text-align: justify;\"><span style=\"color: #ff0000;\">\u2605<\/span>\u00a0\u00c9quipe premi\u00e8re<\/h4>\n<p style=\"text-align: justify;\">Ce dimanche, l\u2019ASMFF recevait \u00e0 domicile le FC Rousset pour la septi\u00e8me journ\u00e9e de championnat. St\u00e9phane Guigo revient sur le match : <em>\u00ab Gr\u00e2ce \u00e0 la victoire en Coupe de France de la semaine derni\u00e8re o\u00f9 nous nous \u00e9tions rassur\u00e9 d\u00e9fensivement, nous avons re\u00e7u le Rousset en championnat. Nous faisons un match solide et s\u00e9rieux, surtout tactiquement, et nous aurions pu gagner avec beaucoup plus de justesse technique. Mais en face, Le Rousset a \u00e9t\u00e9 tr\u00e8s fort dans l\u2019impact et aussi d\u00e9fensivement. Les d\u00e9fenses des deux \u00e9quipes ont pris le dessus sur les deux attaques . \u00bb<\/em><\/p>\n<p style=\"text-align: justify;\"><em>\u00ab Le r\u00e9sultat est mitig\u00e9 mais nous continuons notre progression, et je suis satisfait du contenu et de l\u2019implication des filles aussi bien durant les s\u00e9ances que les matchs. La semaine prochaine, nous nous d\u00e9placerons \u00e0 Marseille pour continuer le travail. \u00c0 noter l\u2019excellent \u00e9tat d\u2019esprit de la rencontre. Une pens\u00e9e pour Sabrina qui doit se faire op\u00e9rer des ligaments crois\u00e9s. Tout le club est avec elle. \u00bb<\/em><\/p>\n<h4 style=\"text-align: justify;\"><span style=\"color: #ff0000;\">\u2605<\/span>\u00a0\u00c9quipe District<\/h4>\n<p style=\"text-align: justify;\">Pour le cinqui\u00e8me match de la saison, l\u2019\u00e9quipe r\u00e9serve de l\u2019AS Monaco Football F\u00e9minin se d\u00e9pla\u00e7ait \u00e0 Draguignan dans le froid et le vent.<\/p>\n<p style=\"text-align: justify;\">Le coach, Cl\u00e9ment Blazquez, revient sur ce match : <em>\u00ab Pour ce match, nous voulions continuer sur notre lanc\u00e9e afin de maintenir la pression sur le leader Contes, qui avait gagn\u00e9 son match dans la matin\u00e9e. Notre adversaire du jour avait opt\u00e9 pour la tactique du bus devant le but. Leur marquage individuel nous a forc\u00e9 \u00e0 changer notre tactique \u00e9tablie en avant match. L\u2019adaptation des joueuses fut payante \u00e0 la demi-heure de jeu avec l\u2019ouverture du score d\u2019Amandine. En seconde mi-temps, alors que les esprits s\u2019\u00e9chauffaient quelque peu face \u00e0 l\u2019engagement physique et les maladresses de nos adversaires, les filles ont su se remettre la t\u00eate \u00e0 l\u2019endroit et Safa d\u2019un doubl\u00e9 portait le score \u00e0 0-3. <\/em><\/p>\n<p style=\"text-align: justify;\"><em>F\u00e9licitations aux joueuses pour leur sang froid face au jeux rugueux de l\u2019adversaire, en plus des conditions m\u00e9t\u00e9orologiques compliqu\u00e9es. Toutefois, il faut vite se remettre au travail pour tenir le rythme du leader Contes et surtout, \u00eatre pr\u00eat pour les deux prochains rendez-vous avec les \u00e9quipes du Var. \u00bb<\/em><\/p>\n<h4 style=\"text-align: justify;\"><span style=\"color: #ff0000;\">\u2605<\/span>\u00a0\u00c9quipe U17<\/h4>\n<p style=\"text-align: justify;\">Les U17 de l\u2019AS Monaco Football F\u00e9minin rencontrait l\u2019\u00c9toile de Menton pour leur cinqui\u00e8me match de championnat.\u00a0 Retour sur ce match avec le coach : <em>\u00ab C\u2019\u00e9tait le match au sommet entre le premier et le deuxi\u00e8me. Ce fut un beau match. Avec de l\u2019engagement et du suspense. \u00c0 chaque fois que l\u2019\u00c9toile de Menton \u00e9galisait, nous reprenions l\u2019avantage, dans un match dans l\u2019ensemble ma\u00eetris\u00e9, avec une belle \u00e9quipe de Menton et un beau collectif. Un coup du sort est venu g\u00e2cher notre match. En effet sur une action anodine en d\u00e9fense, nous perdons coup sur coup notre capitaine et tauli\u00e8re de notre d\u00e9fense centrale, et notre gardienne sur blessure. Nous menions alors quatre \u00e0 trois et il restait dix minutes sur un match que nous ma\u00eetrisions. Et l\u2019attaquante de Menton a fini par \u00e9galiser. Score final, 4-4.<\/em><\/p>\n<p><em> Je ne vais pas regarder le score aujourd\u2019hui. Les filles ont fait preuve de courage et de combativit\u00e9, et ont donn\u00e9 tout ce qu\u2019elles avaient sur les dix derni\u00e8res minutes. Avec un peu de chance, notre coup franc de la derni\u00e8re minute aurait pu nous permettre de l\u2019emporter. Lisa, Sophia Et Salma sortent donc bless\u00e9es du match. L\u00e0, je ne retiens que la sant\u00e9 de mes trois joueuses, qui finalement s\u2019en sortent bien. Pour elles, nous irons chercher la victoire en d\u00e9placement \u00e0 Carros. La coupure de deux semaines va aussi nous permettre de r\u00e9cup\u00e9rer. \u00bb<\/em><\/p>\n<h4 style=\"text-align: justify;\"><span style=\"color: #ff0000;\">\u2605<\/span>\u00a0\u00c9quipe U15<\/h4>\n<p style=\"text-align: justify;\">Les filles ont obtenu leur premi\u00e8re victoire en championnat en s\u2019imposant 3-6 contre US Cannes Bocca. L\u2019AS Monaco Football F\u00e9minin est \u00e0 la recherche d\u2019une gardienne pour la cat\u00e9gorie U15. Plus d\u2019informations <a href=\"http:\/\/asm-ff.com\/recherche-gardienne-u15\/\" target=\"_blank\" rel=\"noopener noreferrer\">ICI<\/a> !<\/p>\n<p style=\"text-align: justify;\"><em><strong>AS Monaco Football F\u00e9minin<br \/>\n<\/strong><\/em><a style=\"color: #000000;\" href=\"https:\/\/www.facebook.com\/ASMFootFeminin\/\" target=\"_blank\" rel=\"noopener noreferrer\"><img loading=\"lazy\" decoding=\"async\" class=\"alignnone wp-image-2909\" src=\"http:\/\/dicodusport.fr\/blog\/wp-content\/uploads\/2017\/07\/logo-facebook-150x150.png\" alt=\"\" width=\"40\" height=\"40\" \/><\/a><a style=\"color: #000000;\" href=\"https:\/\/twitter.com\/ASMFootFem\" target=\"_blank\" rel=\"noopener noreferrer\"><img loading=\"lazy\" decoding=\"async\" class=\"alignnone wp-image-2908\" src=\"http:\/\/dicodusport.fr\/blog\/wp-content\/uploads\/2017\/07\/logo-twitter-150x150.png\" alt=\"\" width=\"39\" height=\"39\" \/><\/a><\/p>\n<p style=\"text-align: justify;\"><a href=\"http:\/\/asm-ff.com\/\"><img loading=\"lazy\" decoding=\"async\" class=\"size-full wp-image-7848 aligncenter\" src=\"http:\/\/dicodusport.fr\/blog\/wp-content\/uploads\/2017\/11\/logo-ASM-FF.png\" alt=\"logo ASM FF\" width=\"118\" height=\"118\" \/><\/a><\/p>\n","protected":false},"excerpt":{"rendered":"<p>Retrouvez toutes les semaines \u00ab\u00a0AS Monaco Football F\u00e9minin, au c\u0153ur du rocher\u00a0\u00bb, la chronique qui vous permettra de suivre, de l&rsquo;int\u00e9rieur, la vie du club f\u00e9minin de la principaut\u00e9. Dans ce nouvel \u00e9pisode, retour sur les matchs nuls de l&rsquo;\u00e9quipe premi\u00e8re et des U17 et les victoires de l&rsquo;\u00e9quipe District et des U15. \u2605\u00a0\u00c9quipe premi\u00e8re [&hellip;]<\/p>\n","protected":false},"author":1,"featured_media":7850,"comment_status":"open","ping_status":"closed","sticky":false,"template":"","format":"standard","meta":{"_acf_changed":false,"_daextam_enable_autolinks":"","footnotes":""},"categories":[2301,2016],"tags":[1691,1690,75,1354],"class_list":["post-7845","post","type-post","status-publish","format-standard","has-post-thumbnail","hentry","category-football","category-nos-champions","tag-as-monaco","tag-as-monaco-feminin","tag-football","tag-football-feminin"],"acf":[],"yoast_head":"<!-- This site is optimized with the Yoast SEO Premium plugin v26.7 (Yoast SEO v26.7) - https:\/\/yoast.com\/wordpress\/plugins\/seo\/ -->\n<title>AS Monaco Football F\u00e9minin, au c\u0153ur du rocher #15 : match nul pour l&#039;\u00e9quipe premi\u00e8re, la district s&#039;impose<\/title>\n<meta name=\"robots\" content=\"index, follow, max-snippet:-1, max-image-preview:large, max-video-preview:-1\" \/>\n<link rel=\"canonical\" href=\"https:\/\/dicodusport.fr\/blog\/as-monaco-football-feminin-au-coeur-du-rocher-15-match-nul-premiere-district-impose\/\" \/>\n<meta property=\"og:locale\" content=\"fr_FR\" \/>\n<meta property=\"og:type\" content=\"article\" \/>\n<meta property=\"og:title\" content=\"AS Monaco Football F\u00e9minin, au c\u0153ur du rocher #15 : match nul pour l&#039;\u00e9quipe premi\u00e8re, la district s&#039;impose\" \/>\n<meta property=\"og:description\" content=\"Retrouvez toutes les semaines \u00ab\u00a0AS Monaco Football F\u00e9minin, au c\u0153ur du rocher\u00a0\u00bb, la chronique qui vous permettra de suivre, de l&rsquo;int\u00e9rieur, la vie du club f\u00e9minin de la principaut\u00e9. Dans ce nouvel \u00e9pisode, retour sur les matchs nuls de l&rsquo;\u00e9quipe premi\u00e8re et des U17 et les victoires de l&rsquo;\u00e9quipe District et des U15. \u2605\u00a0\u00c9quipe premi\u00e8re [&hellip;]\" \/>\n<meta property=\"og:url\" content=\"https:\/\/dicodusport.fr\/blog\/as-monaco-football-feminin-au-coeur-du-rocher-15-match-nul-premiere-district-impose\/\" \/>\n<meta property=\"og:site_name\" content=\"Dicodusport\" \/>\n<meta property=\"article:publisher\" content=\"https:\/\/www.facebook.com\/dicodusport\" \/>\n<meta property=\"article:author\" content=\"https:\/\/www.facebook.com\/dicodusport\" \/>\n<meta property=\"article:published_time\" content=\"2017-11-29T17:23:58+00:00\" \/>\n<meta property=\"article:modified_time\" content=\"2017-11-30T10:03:35+00:00\" \/>\n<meta property=\"og:image\" content=\"https:\/\/dicodusport.fr\/blog\/wp-content\/uploads\/2017\/11\/AS-Monaco-feminin-FC-Rousset.png\" \/>\n\t<meta property=\"og:image:width\" content=\"1200\" \/>\n\t<meta property=\"og:image:height\" content=\"670\" \/>\n\t<meta property=\"og:image:type\" content=\"image\/png\" \/>\n<meta name=\"author\" content=\"Nicolas Jacquemard\" \/>\n<meta name=\"twitter:card\" content=\"summary_large_image\" \/>\n<meta name=\"twitter:creator\" content=\"@https:\/\/twitter.com\/Nico_Jacquemard\" \/>\n<meta name=\"twitter:site\" content=\"@dicodusport\" \/>\n<script type=\"application\/ld+json\" class=\"yoast-schema-graph\">{\"@context\":\"https:\/\/schema.org\",\"@graph\":[{\"@type\":\"NewsArticle\",\"@id\":\"https:\/\/dicodusport.fr\/blog\/as-monaco-football-feminin-au-coeur-du-rocher-15-match-nul-premiere-district-impose\/#article\",\"isPartOf\":{\"@id\":\"https:\/\/dicodusport.fr\/blog\/as-monaco-football-feminin-au-coeur-du-rocher-15-match-nul-premiere-district-impose\/\"},\"author\":{\"name\":\"Nicolas Jacquemard\",\"@id\":\"https:\/\/dicodusport.fr\/blog\/#\/schema\/person\/55dcb50ad410894e431ed812bbb70191\"},\"headline\":\"AS Monaco Football F\u00e9minin, au c\u0153ur du rocher #15 : match nul pour l&rsquo;\u00e9quipe premi\u00e8re, la district s&rsquo;impose\",\"datePublished\":\"2017-11-29T17:23:58+00:00\",\"dateModified\":\"2017-11-30T10:03:35+00:00\",\"mainEntityOfPage\":{\"@id\":\"https:\/\/dicodusport.fr\/blog\/as-monaco-football-feminin-au-coeur-du-rocher-15-match-nul-premiere-district-impose\/\"},\"wordCount\":773,\"commentCount\":0,\"publisher\":{\"@id\":\"https:\/\/dicodusport.fr\/blog\/#organization\"},\"image\":{\"@id\":\"https:\/\/dicodusport.fr\/blog\/as-monaco-football-feminin-au-coeur-du-rocher-15-match-nul-premiere-district-impose\/#primaryimage\"},\"thumbnailUrl\":\"https:\/\/dicodusport.fr\/blog\/wp-content\/uploads\/2017\/11\/AS-Monaco-feminin-FC-Rousset.png\",\"keywords\":[\"AS Monaco\",\"AS Monaco f\u00e9minin\",\"Football\",\"football f\u00e9minin\"],\"articleSection\":[\"Football\",\"Nos champions\"],\"inLanguage\":\"fr-FR\",\"potentialAction\":[{\"@type\":\"CommentAction\",\"name\":\"Comment\",\"target\":[\"https:\/\/dicodusport.fr\/blog\/as-monaco-football-feminin-au-coeur-du-rocher-15-match-nul-premiere-district-impose\/#respond\"]}],\"copyrightYear\":\"2017\",\"copyrightHolder\":{\"@id\":\"https:\/\/dicodusport.fr\/blog\/#organization\"}},{\"@type\":\"WebPage\",\"@id\":\"https:\/\/dicodusport.fr\/blog\/as-monaco-football-feminin-au-coeur-du-rocher-15-match-nul-premiere-district-impose\/\",\"url\":\"https:\/\/dicodusport.fr\/blog\/as-monaco-football-feminin-au-coeur-du-rocher-15-match-nul-premiere-district-impose\/\",\"name\":\"AS Monaco Football F\u00e9minin, au c\u0153ur du rocher #15 : match nul pour l'\u00e9quipe premi\u00e8re, la district s'impose\",\"isPartOf\":{\"@id\":\"https:\/\/dicodusport.fr\/blog\/#website\"},\"primaryImageOfPage\":{\"@id\":\"https:\/\/dicodusport.fr\/blog\/as-monaco-football-feminin-au-coeur-du-rocher-15-match-nul-premiere-district-impose\/#primaryimage\"},\"image\":{\"@id\":\"https:\/\/dicodusport.fr\/blog\/as-monaco-football-feminin-au-coeur-du-rocher-15-match-nul-premiere-district-impose\/#primaryimage\"},\"thumbnailUrl\":\"https:\/\/dicodusport.fr\/blog\/wp-content\/uploads\/2017\/11\/AS-Monaco-feminin-FC-Rousset.png\",\"datePublished\":\"2017-11-29T17:23:58+00:00\",\"dateModified\":\"2017-11-30T10:03:35+00:00\",\"breadcrumb\":{\"@id\":\"https:\/\/dicodusport.fr\/blog\/as-monaco-football-feminin-au-coeur-du-rocher-15-match-nul-premiere-district-impose\/#breadcrumb\"},\"inLanguage\":\"fr-FR\",\"potentialAction\":[{\"@type\":\"ReadAction\",\"target\":[\"https:\/\/dicodusport.fr\/blog\/as-monaco-football-feminin-au-coeur-du-rocher-15-match-nul-premiere-district-impose\/\"]}]},{\"@type\":\"ImageObject\",\"inLanguage\":\"fr-FR\",\"@id\":\"https:\/\/dicodusport.fr\/blog\/as-monaco-football-feminin-au-coeur-du-rocher-15-match-nul-premiere-district-impose\/#primaryimage\",\"url\":\"https:\/\/dicodusport.fr\/blog\/wp-content\/uploads\/2017\/11\/AS-Monaco-feminin-FC-Rousset.png\",\"contentUrl\":\"https:\/\/dicodusport.fr\/blog\/wp-content\/uploads\/2017\/11\/AS-Monaco-feminin-FC-Rousset.png\",\"width\":1200,\"height\":670},{\"@type\":\"BreadcrumbList\",\"@id\":\"https:\/\/dicodusport.fr\/blog\/as-monaco-football-feminin-au-coeur-du-rocher-15-match-nul-premiere-district-impose\/#breadcrumb\",\"itemListElement\":[{\"@type\":\"ListItem\",\"position\":1,\"name\":\"Accueil\",\"item\":\"https:\/\/dicodusport.fr\/blog\/\"},{\"@type\":\"ListItem\",\"position\":2,\"name\":\"AS Monaco Football F\u00e9minin, au c\u0153ur du rocher #15 : match nul pour l&rsquo;\u00e9quipe premi\u00e8re, la district s&rsquo;impose\"}]},{\"@type\":\"WebSite\",\"@id\":\"https:\/\/dicodusport.fr\/blog\/#website\",\"url\":\"https:\/\/dicodusport.fr\/blog\/\",\"name\":\"Dicodusport\",\"description\":\"L&#039;encyclop\u00e9die de l&#039;actualit\u00e9 sportive\",\"publisher\":{\"@id\":\"https:\/\/dicodusport.fr\/blog\/#organization\"},\"potentialAction\":[{\"@type\":\"SearchAction\",\"target\":{\"@type\":\"EntryPoint\",\"urlTemplate\":\"https:\/\/dicodusport.fr\/blog\/?s={search_term_string}\"},\"query-input\":{\"@type\":\"PropertyValueSpecification\",\"valueRequired\":true,\"valueName\":\"search_term_string\"}}],\"inLanguage\":\"fr-FR\"},{\"@type\":\"NewsMediaOrganization\",\"@id\":\"https:\/\/dicodusport.fr\/blog\/#organization\",\"name\":\"Dicodusport\",\"url\":\"https:\/\/dicodusport.fr\/blog\/\",\"logo\":{\"@type\":\"ImageObject\",\"inLanguage\":\"fr-FR\",\"@id\":\"https:\/\/dicodusport.fr\/blog\/#\/schema\/logo\/image\/\",\"url\":\"https:\/\/dicodusport.fr\/blog\/wp-content\/uploads\/2020\/06\/cropped-LOGO-DICODUSPORT-2020-SANS-FOND-SANS-TEXTE.png\",\"contentUrl\":\"https:\/\/dicodusport.fr\/blog\/wp-content\/uploads\/2020\/06\/cropped-LOGO-DICODUSPORT-2020-SANS-FOND-SANS-TEXTE.png\",\"width\":512,\"height\":512,\"caption\":\"Dicodusport\"},\"image\":{\"@id\":\"https:\/\/dicodusport.fr\/blog\/#\/schema\/logo\/image\/\"},\"sameAs\":[\"https:\/\/www.facebook.com\/dicodusport\",\"https:\/\/x.com\/dicodusport\",\"https:\/\/www.instagram.com\/dicodusport\/\",\"https:\/\/www.youtube.com\/channel\/UC7V2KZ5sd3htJivAbA4ZG3w\"],\"description\":\"Dicodusport est l'encyclop\u00e9die de l'actualit\u00e9 sportive.\",\"email\":\"bonjour@dicodusport.fr\",\"legalName\":\"DICODUSPORT\",\"foundingDate\":\"2018-01-14\",\"vatID\":\"FR71834470973\",\"taxID\":\"83447097300043\",\"numberOfEmployees\":{\"@type\":\"QuantitativeValue\",\"minValue\":\"1\",\"maxValue\":\"10\"}},{\"@type\":\"Person\",\"@id\":\"https:\/\/dicodusport.fr\/blog\/#\/schema\/person\/55dcb50ad410894e431ed812bbb70191\",\"name\":\"Nicolas Jacquemard\",\"image\":{\"@type\":\"ImageObject\",\"inLanguage\":\"fr-FR\",\"@id\":\"https:\/\/dicodusport.fr\/blog\/#\/schema\/person\/image\/\",\"url\":\"https:\/\/dicodusport.fr\/blog\/wp-content\/uploads\/2021\/05\/Nicolas-Jacquemard-150x150.jpeg\",\"contentUrl\":\"https:\/\/dicodusport.fr\/blog\/wp-content\/uploads\/2021\/05\/Nicolas-Jacquemard-150x150.jpeg\",\"caption\":\"Nicolas Jacquemard\"},\"description\":\"Passionn\u00e9 de sport et entrepreneur depuis mes 18 ans, la cr\u00e9ation de Dicodusport m'a sembl\u00e9 \u00e9vidente pour participer \u00e0 la m\u00e9diatisation d'un plus grand nombre de sports. Le chemin est long mais avec une \u00e9quipe des plus motiv\u00e9es et les Jeux Olympiques de Paris 2024 en point de mire, nous y arriverons ! Journaliste dans le monde du sport depuis plus de 5 ans, je traite aussi bien de football, de rugby, de biathlon que de cyclisme.\",\"sameAs\":[\"https:\/\/www.facebook.com\/dicodusport\",\"https:\/\/x.com\/https:\/\/twitter.com\/Nico_Jacquemard\"],\"url\":\"https:\/\/dicodusport.fr\/blog\/author\/dicodusport\/\"}]}<\/script>\n<!-- \/ Yoast SEO Premium plugin. -->","yoast_head_json":{"title":"AS Monaco Football F\u00e9minin, au c\u0153ur du rocher #15 : match nul pour l'\u00e9quipe premi\u00e8re, la district s'impose","robots":{"index":"index","follow":"follow","max-snippet":"max-snippet:-1","max-image-preview":"max-image-preview:large","max-video-preview":"max-video-preview:-1"},"canonical":"https:\/\/dicodusport.fr\/blog\/as-monaco-football-feminin-au-coeur-du-rocher-15-match-nul-premiere-district-impose\/","og_locale":"fr_FR","og_type":"article","og_title":"AS Monaco Football F\u00e9minin, au c\u0153ur du rocher #15 : match nul pour l'\u00e9quipe premi\u00e8re, la district s'impose","og_description":"Retrouvez toutes les semaines \u00ab\u00a0AS Monaco Football F\u00e9minin, au c\u0153ur du rocher\u00a0\u00bb, la chronique qui vous permettra de suivre, de l&rsquo;int\u00e9rieur, la vie du club f\u00e9minin de la principaut\u00e9. Dans ce nouvel \u00e9pisode, retour sur les matchs nuls de l&rsquo;\u00e9quipe premi\u00e8re et des U17 et les victoires de l&rsquo;\u00e9quipe District et des U15. \u2605\u00a0\u00c9quipe premi\u00e8re [&hellip;]","og_url":"https:\/\/dicodusport.fr\/blog\/as-monaco-football-feminin-au-coeur-du-rocher-15-match-nul-premiere-district-impose\/","og_site_name":"Dicodusport","article_publisher":"https:\/\/www.facebook.com\/dicodusport","article_author":"https:\/\/www.facebook.com\/dicodusport","article_published_time":"2017-11-29T17:23:58+00:00","article_modified_time":"2017-11-30T10:03:35+00:00","og_image":[{"width":1200,"height":670,"url":"https:\/\/dicodusport.fr\/blog\/wp-content\/uploads\/2017\/11\/AS-Monaco-feminin-FC-Rousset.png","type":"image\/png"}],"author":"Nicolas Jacquemard","twitter_card":"summary_large_image","twitter_creator":"@https:\/\/twitter.com\/Nico_Jacquemard","twitter_site":"@dicodusport","schema":{"@context":"https:\/\/schema.org","@graph":[{"@type":"NewsArticle","@id":"https:\/\/dicodusport.fr\/blog\/as-monaco-football-feminin-au-coeur-du-rocher-15-match-nul-premiere-district-impose\/#article","isPartOf":{"@id":"https:\/\/dicodusport.fr\/blog\/as-monaco-football-feminin-au-coeur-du-rocher-15-match-nul-premiere-district-impose\/"},"author":{"name":"Nicolas Jacquemard","@id":"https:\/\/dicodusport.fr\/blog\/#\/schema\/person\/55dcb50ad410894e431ed812bbb70191"},"headline":"AS Monaco Football F\u00e9minin, au c\u0153ur du rocher #15 : match nul pour l&rsquo;\u00e9quipe premi\u00e8re, la district s&rsquo;impose","datePublished":"2017-11-29T17:23:58+00:00","dateModified":"2017-11-30T10:03:35+00:00","mainEntityOfPage":{"@id":"https:\/\/dicodusport.fr\/blog\/as-monaco-football-feminin-au-coeur-du-rocher-15-match-nul-premiere-district-impose\/"},"wordCount":773,"commentCount":0,"publisher":{"@id":"https:\/\/dicodusport.fr\/blog\/#organization"},"image":{"@id":"https:\/\/dicodusport.fr\/blog\/as-monaco-football-feminin-au-coeur-du-rocher-15-match-nul-premiere-district-impose\/#primaryimage"},"thumbnailUrl":"https:\/\/dicodusport.fr\/blog\/wp-content\/uploads\/2017\/11\/AS-Monaco-feminin-FC-Rousset.png","keywords":["AS Monaco","AS Monaco f\u00e9minin","Football","football f\u00e9minin"],"articleSection":["Football","Nos champions"],"inLanguage":"fr-FR","potentialAction":[{"@type":"CommentAction","name":"Comment","target":["https:\/\/dicodusport.fr\/blog\/as-monaco-football-feminin-au-coeur-du-rocher-15-match-nul-premiere-district-impose\/#respond"]}],"copyrightYear":"2017","copyrightHolder":{"@id":"https:\/\/dicodusport.fr\/blog\/#organization"}},{"@type":"WebPage","@id":"https:\/\/dicodusport.fr\/blog\/as-monaco-football-feminin-au-coeur-du-rocher-15-match-nul-premiere-district-impose\/","url":"https:\/\/dicodusport.fr\/blog\/as-monaco-football-feminin-au-coeur-du-rocher-15-match-nul-premiere-district-impose\/","name":"AS Monaco Football F\u00e9minin, au c\u0153ur du rocher #15 : match nul pour l'\u00e9quipe premi\u00e8re, la district s'impose","isPartOf":{"@id":"https:\/\/dicodusport.fr\/blog\/#website"},"primaryImageOfPage":{"@id":"https:\/\/dicodusport.fr\/blog\/as-monaco-football-feminin-au-coeur-du-rocher-15-match-nul-premiere-district-impose\/#primaryimage"},"image":{"@id":"https:\/\/dicodusport.fr\/blog\/as-monaco-football-feminin-au-coeur-du-rocher-15-match-nul-premiere-district-impose\/#primaryimage"},"thumbnailUrl":"https:\/\/dicodusport.fr\/blog\/wp-content\/uploads\/2017\/11\/AS-Monaco-feminin-FC-Rousset.png","datePublished":"2017-11-29T17:23:58+00:00","dateModified":"2017-11-30T10:03:35+00:00","breadcrumb":{"@id":"https:\/\/dicodusport.fr\/blog\/as-monaco-football-feminin-au-coeur-du-rocher-15-match-nul-premiere-district-impose\/#breadcrumb"},"inLanguage":"fr-FR","potentialAction":[{"@type":"ReadAction","target":["https:\/\/dicodusport.fr\/blog\/as-monaco-football-feminin-au-coeur-du-rocher-15-match-nul-premiere-district-impose\/"]}]},{"@type":"ImageObject","inLanguage":"fr-FR","@id":"https:\/\/dicodusport.fr\/blog\/as-monaco-football-feminin-au-coeur-du-rocher-15-match-nul-premiere-district-impose\/#primaryimage","url":"https:\/\/dicodusport.fr\/blog\/wp-content\/uploads\/2017\/11\/AS-Monaco-feminin-FC-Rousset.png","contentUrl":"https:\/\/dicodusport.fr\/blog\/wp-content\/uploads\/2017\/11\/AS-Monaco-feminin-FC-Rousset.png","width":1200,"height":670},{"@type":"BreadcrumbList","@id":"https:\/\/dicodusport.fr\/blog\/as-monaco-football-feminin-au-coeur-du-rocher-15-match-nul-premiere-district-impose\/#breadcrumb","itemListElement":[{"@type":"ListItem","position":1,"name":"Accueil","item":"https:\/\/dicodusport.fr\/blog\/"},{"@type":"ListItem","position":2,"name":"AS Monaco Football F\u00e9minin, au c\u0153ur du rocher #15 : match nul pour l&rsquo;\u00e9quipe premi\u00e8re, la district s&rsquo;impose"}]},{"@type":"WebSite","@id":"https:\/\/dicodusport.fr\/blog\/#website","url":"https:\/\/dicodusport.fr\/blog\/","name":"Dicodusport","description":"L&#039;encyclop\u00e9die de l&#039;actualit\u00e9 sportive","publisher":{"@id":"https:\/\/dicodusport.fr\/blog\/#organization"},"potentialAction":[{"@type":"SearchAction","target":{"@type":"EntryPoint","urlTemplate":"https:\/\/dicodusport.fr\/blog\/?s={search_term_string}"},"query-input":{"@type":"PropertyValueSpecification","valueRequired":true,"valueName":"search_term_string"}}],"inLanguage":"fr-FR"},{"@type":"NewsMediaOrganization","@id":"https:\/\/dicodusport.fr\/blog\/#organization","name":"Dicodusport","url":"https:\/\/dicodusport.fr\/blog\/","logo":{"@type":"ImageObject","inLanguage":"fr-FR","@id":"https:\/\/dicodusport.fr\/blog\/#\/schema\/logo\/image\/","url":"https:\/\/dicodusport.fr\/blog\/wp-content\/uploads\/2020\/06\/cropped-LOGO-DICODUSPORT-2020-SANS-FOND-SANS-TEXTE.png","contentUrl":"https:\/\/dicodusport.fr\/blog\/wp-content\/uploads\/2020\/06\/cropped-LOGO-DICODUSPORT-2020-SANS-FOND-SANS-TEXTE.png","width":512,"height":512,"caption":"Dicodusport"},"image":{"@id":"https:\/\/dicodusport.fr\/blog\/#\/schema\/logo\/image\/"},"sameAs":["https:\/\/www.facebook.com\/dicodusport","https:\/\/x.com\/dicodusport","https:\/\/www.instagram.com\/dicodusport\/","https:\/\/www.youtube.com\/channel\/UC7V2KZ5sd3htJivAbA4ZG3w"],"description":"Dicodusport est l'encyclop\u00e9die de l'actualit\u00e9 sportive.","email":"bonjour@dicodusport.fr","legalName":"DICODUSPORT","foundingDate":"2018-01-14","vatID":"FR71834470973","taxID":"83447097300043","numberOfEmployees":{"@type":"QuantitativeValue","minValue":"1","maxValue":"10"}},{"@type":"Person","@id":"https:\/\/dicodusport.fr\/blog\/#\/schema\/person\/55dcb50ad410894e431ed812bbb70191","name":"Nicolas Jacquemard","image":{"@type":"ImageObject","inLanguage":"fr-FR","@id":"https:\/\/dicodusport.fr\/blog\/#\/schema\/person\/image\/","url":"https:\/\/dicodusport.fr\/blog\/wp-content\/uploads\/2021\/05\/Nicolas-Jacquemard-150x150.jpeg","contentUrl":"https:\/\/dicodusport.fr\/blog\/wp-content\/uploads\/2021\/05\/Nicolas-Jacquemard-150x150.jpeg","caption":"Nicolas Jacquemard"},"description":"Passionn\u00e9 de sport et entrepreneur depuis mes 18 ans, la cr\u00e9ation de Dicodusport m'a sembl\u00e9 \u00e9vidente pour participer \u00e0 la m\u00e9diatisation d'un plus grand nombre de sports. Le chemin est long mais avec une \u00e9quipe des plus motiv\u00e9es et les Jeux Olympiques de Paris 2024 en point de mire, nous y arriverons ! Journaliste dans le monde du sport depuis plus de 5 ans, je traite aussi bien de football, de rugby, de biathlon que de cyclisme.","sameAs":["https:\/\/www.facebook.com\/dicodusport","https:\/\/x.com\/https:\/\/twitter.com\/Nico_Jacquemard"],"url":"https:\/\/dicodusport.fr\/blog\/author\/dicodusport\/"}]}},"_links":{"self":[{"href":"https:\/\/dicodusport.fr\/blog\/wp-json\/wp\/v2\/posts\/7845","targetHints":{"allow":["GET"]}}],"collection":[{"href":"https:\/\/dicodusport.fr\/blog\/wp-json\/wp\/v2\/posts"}],"about":[{"href":"https:\/\/dicodusport.fr\/blog\/wp-json\/wp\/v2\/types\/post"}],"author":[{"embeddable":true,"href":"https:\/\/dicodusport.fr\/blog\/wp-json\/wp\/v2\/users\/1"}],"replies":[{"embeddable":true,"href":"https:\/\/dicodusport.fr\/blog\/wp-json\/wp\/v2\/comments?post=7845"}],"version-history":[{"count":0,"href":"https:\/\/dicodusport.fr\/blog\/wp-json\/wp\/v2\/posts\/7845\/revisions"}],"wp:featuredmedia":[{"embeddable":true,"href":"https:\/\/dicodusport.fr\/blog\/wp-json\/wp\/v2\/media\/7850"}],"wp:attachment":[{"href":"https:\/\/dicodusport.fr\/blog\/wp-json\/wp\/v2\/media?parent=7845"}],"wp:term":[{"taxonomy":"category","embeddable":true,"href":"https:\/\/dicodusport.fr\/blog\/wp-json\/wp\/v2\/categories?post=7845"},{"taxonomy":"post_tag","embeddable":true,"href":"https:\/\/dicodusport.fr\/blog\/wp-json\/wp\/v2\/tags?post=7845"}],"curies":[{"name":"wp","href":"https:\/\/api.w.org\/{rel}","templated":true}]}}