{"id":78488,"date":"2020-09-16T11:49:44","date_gmt":"2020-09-16T09:49:44","guid":{"rendered":"http:\/\/dicodusport.fr\/blog\/?p=78488&#038;preview=true&#038;preview_id=78488"},"modified":"2020-09-16T12:02:13","modified_gmt":"2020-09-16T10:02:13","slug":"equipe-de-france-une-preselection-de-13-coureurs-pour-les-mondiaux-imola","status":"publish","type":"post","link":"https:\/\/dicodusport.fr\/blog\/equipe-de-france-une-preselection-de-13-coureurs-pour-les-mondiaux-imola\/","title":{"rendered":"\u00c9quipe de France : Une pr\u00e9-s\u00e9lection de 13 coureurs pour les Mondiaux d&rsquo;Imola"},"content":{"rendered":"<p style=\"text-align: justify;\"><em><b>CYCLISME &#8211; Thomas Voeckler a d\u00e9voil\u00e9 une pr\u00e9-s\u00e9lection de 13 coureurs pour les <a href=\"https:\/\/www.procyclingstats.com\/race\/world-championship\/2020\/overview\" target=\"_blank\" rel=\"noopener noreferrer\">championnats du monde de cyclisme<\/a> qui se disputeront \u00e0 Imola, fin septembre.\u00a0<\/b><\/em><\/p>\n<p style=\"text-align: justify;\">Le s\u00e9lectionneur fran\u00e7ais <strong>Thomas Voeckler<\/strong> d\u00e9signera 8 titulaires parmi la liste de 13 coureurs, o\u00f9 l&rsquo;on retrouve pour le moment <strong>Julian Alaphilippe<\/strong> mais aussi Thibaut Pinot.<\/p>\n<h2 style=\"text-align: justify;\">La liste de pr\u00e9s\u00e9lectionn\u00e9s<\/h2>\n<p style=\"text-align: justify;\"><strong>Julian Alaphilippe<\/strong> &#8211; DECEUNINCK \u2013 QUICK \u2013 STEP<br \/>\n<strong>Warren Barguil<\/strong> &#8211; TEAM ARKEA-SAMSIC<br \/>\n<strong>Julien Bernard<\/strong> &#8211; TREK \u2013 SEGAFREDO<br \/>\n<strong>Kenny Elissonde<\/strong> &#8211; TREK \u2013 SEGAFREDO<br \/>\n<strong>Valentin Madouas<\/strong> &#8211; GROUPAMA FDJ<br \/>\n<strong>Guillaume Martin<\/strong> &#8211; COFIDIS<br \/>\n<strong>Rudy Molard<\/strong> &#8211; GROUPAMA FDJ<br \/>\n<strong>Quentin Pacher<\/strong> &#8211; B&amp;B HOTELS VITAL CONCEPT<br \/>\n<strong>Pierre-Luc P\u00e9richon<\/strong> &#8211; COFIDIS<br \/>\n<strong>Nans Peters<\/strong> &#8211; AG2R LA MONDIALE<br \/>\n<strong>Thibaut Pinot<\/strong> &#8211; GROUPAMA FDJ<br \/>\n<strong>Pierre Rolland<\/strong> &#8211; B&amp;B HOTELS VITAL CONCEPT<br \/>\n<strong>Alexis Vuillermoz<\/strong> &#8211; AG2R LA MONDIALE<\/p>\n<p style=\"text-align: justify;\">Pour le contre-la-montre, le r\u00e9cent vice-champion d&rsquo;Europe <strong>R\u00e9mi Cavagna<\/strong> et <strong>Benjamin Thomas<\/strong> seront logiquement les repr\u00e9sentants fran\u00e7ais. C\u00f4t\u00e9 f\u00e9minines, <strong>Audrey Cordon-Ragot<\/strong> sera la chef de file, accompagn\u00e9e par <strong>Juliette Labous<\/strong>, <strong>Victorie Guilman<\/strong>, <strong>Sandra Levenez<\/strong>\u00a0 et <strong>Evita Muzic<\/strong>.<\/p>\n<blockquote class=\"twitter-tweet\">\n<p dir=\"ltr\" lang=\"fr\">Contre-la-montre, course en ligne dames : la grille de d\u00e9part se d\u00e9voile pour les Championnats du Monde \u00e0 <a href=\"https:\/\/twitter.com\/hashtag\/Imola2020?src=hash&amp;ref_src=twsrc%5Etfw\">#Imola2020<\/a> ! &#x1f308;<\/p>\n<p>La s\u00e9lection hommes d\u00e9finitive sera d\u00e9voil\u00e9e apr\u00e8s <a href=\"https:\/\/twitter.com\/LeTour?ref_src=twsrc%5Etfw\">@LeTour<\/a>, parmi les 13 coureurs pr\u00e9s\u00e9lectionn\u00e9s : <a href=\"https:\/\/t.co\/eMQPFKKuMe\">https:\/\/t.co\/eMQPFKKuMe<\/a> <a href=\"https:\/\/t.co\/xyKosEycvt\">pic.twitter.com\/xyKosEycvt<\/a><\/p>\n<p>\u2014 FFC (@FFCyclisme) <a href=\"https:\/\/twitter.com\/FFCyclisme\/status\/1306163771405148161?ref_src=twsrc%5Etfw\">September 16, 2020<\/a><\/p><\/blockquote>\n<p><script async src=\"https:\/\/platform.twitter.com\/widgets.js\" charset=\"utf-8\"><\/script><\/p>\n<p><strong><em>Dicodusport<br \/>\n<a href=\"https:\/\/www.facebook.com\/dicodusport\/\" target=\"_blank\" rel=\"noopener noreferrer\"><img loading=\"lazy\" decoding=\"async\" class=\"alignnone wp-image-2909\" src=\"http:\/\/dicodusport.fr\/blog\/wp-content\/uploads\/2017\/07\/logo-facebook-150x150.png\" alt=\"\" width=\"40\" height=\"40\" \/><\/a><a href=\"https:\/\/twitter.com\/dicodusport\" target=\"_blank\" rel=\"noopener noreferrer\"><img loading=\"lazy\" decoding=\"async\" class=\"alignnone wp-image-2908\" src=\"http:\/\/dicodusport.fr\/blog\/wp-content\/uploads\/2017\/07\/logo-twitter-150x150.png\" alt=\"\" width=\"39\" height=\"39\" \/><\/a><\/em><\/strong><\/p>\n","protected":false},"excerpt":{"rendered":"<p>CYCLISME &#8211; Thomas Voeckler a d\u00e9voil\u00e9 une pr\u00e9-s\u00e9lection de 13 coureurs pour les championnats du monde de cyclisme qui se disputeront \u00e0 Imola, fin septembre.\u00a0<\/p>\n","protected":false},"author":1,"featured_media":78492,"comment_status":"open","ping_status":"closed","sticky":false,"template":"","format":"standard","meta":{"_acf_changed":false,"_daextam_enable_autolinks":"","footnotes":""},"categories":[46994],"tags":[],"class_list":["post-78488","post","type-post","status-publish","format-standard","has-post-thumbnail","hentry","category-cyclisme-sur-route"],"acf":[],"yoast_head":"<!-- This site is optimized with the Yoast SEO Premium plugin v26.7 (Yoast SEO v26.7) - https:\/\/yoast.com\/wordpress\/plugins\/seo\/ -->\n<title>\u00c9quipe de France : Une pr\u00e9-s\u00e9lection de 13 coureurs pour les Mondiaux d&#039;Imola<\/title>\n<meta name=\"description\" content=\"CYCLISME - Thomas Voeckler a d\u00e9voil\u00e9 une pr\u00e9-s\u00e9lection de 13 coureurs pour les championnats du monde de cyclisme qui se disputeront \u00e0 Imola.\" \/>\n<meta name=\"robots\" content=\"index, follow, max-snippet:-1, max-image-preview:large, max-video-preview:-1\" \/>\n<link rel=\"canonical\" href=\"https:\/\/dicodusport.fr\/blog\/equipe-de-france-une-preselection-de-13-coureurs-pour-les-mondiaux-imola\/\" \/>\n<meta property=\"og:locale\" content=\"fr_FR\" \/>\n<meta property=\"og:type\" content=\"article\" \/>\n<meta property=\"og:title\" content=\"\u00c9quipe de France : Une pr\u00e9-s\u00e9lection de 13 coureurs pour les Mondiaux d&#039;Imola\" \/>\n<meta property=\"og:description\" content=\"CYCLISME - Thomas Voeckler a d\u00e9voil\u00e9 une pr\u00e9-s\u00e9lection de 13 coureurs pour les championnats du monde de cyclisme qui se disputeront \u00e0 Imola.\" \/>\n<meta property=\"og:url\" content=\"https:\/\/dicodusport.fr\/blog\/equipe-de-france-une-preselection-de-13-coureurs-pour-les-mondiaux-imola\/\" \/>\n<meta property=\"og:site_name\" content=\"Dicodusport\" \/>\n<meta property=\"article:publisher\" content=\"https:\/\/www.facebook.com\/dicodusport\" \/>\n<meta property=\"article:author\" content=\"https:\/\/www.facebook.com\/dicodusport\" \/>\n<meta property=\"article:published_time\" content=\"2020-09-16T09:49:44+00:00\" \/>\n<meta property=\"article:modified_time\" content=\"2020-09-16T10:02:13+00:00\" \/>\n<meta property=\"og:image\" content=\"https:\/\/dicodusport.fr\/blog\/wp-content\/uploads\/2020\/09\/\u00c9quipe-de-France-Une-pr\u00e9-s\u00e9lection-de-13-coureurs-pour-les-Mondiaux-dImola.png\" \/>\n\t<meta property=\"og:image:width\" content=\"800\" \/>\n\t<meta property=\"og:image:height\" content=\"445\" \/>\n\t<meta property=\"og:image:type\" content=\"image\/png\" \/>\n<meta name=\"author\" content=\"Nicolas Jacquemard\" \/>\n<meta name=\"twitter:card\" content=\"summary_large_image\" \/>\n<meta name=\"twitter:title\" content=\"\u00c9quipe de France : Une pr\u00e9-s\u00e9lection de 13 coureurs pour les Mondiaux d&#039;Imola\" \/>\n<meta name=\"twitter:creator\" content=\"@https:\/\/twitter.com\/Nico_Jacquemard\" \/>\n<meta name=\"twitter:site\" content=\"@dicodusport\" \/>\n<script type=\"application\/ld+json\" class=\"yoast-schema-graph\">{\"@context\":\"https:\/\/schema.org\",\"@graph\":[{\"@type\":\"NewsArticle\",\"@id\":\"https:\/\/dicodusport.fr\/blog\/equipe-de-france-une-preselection-de-13-coureurs-pour-les-mondiaux-imola\/#article\",\"isPartOf\":{\"@id\":\"https:\/\/dicodusport.fr\/blog\/equipe-de-france-une-preselection-de-13-coureurs-pour-les-mondiaux-imola\/\"},\"author\":{\"name\":\"Nicolas Jacquemard\",\"@id\":\"https:\/\/dicodusport.fr\/blog\/#\/schema\/person\/55dcb50ad410894e431ed812bbb70191\"},\"headline\":\"\u00c9quipe de France : Une pr\u00e9-s\u00e9lection de 13 coureurs pour les Mondiaux d&rsquo;Imola\",\"datePublished\":\"2020-09-16T09:49:44+00:00\",\"dateModified\":\"2020-09-16T10:02:13+00:00\",\"mainEntityOfPage\":{\"@id\":\"https:\/\/dicodusport.fr\/blog\/equipe-de-france-une-preselection-de-13-coureurs-pour-les-mondiaux-imola\/\"},\"wordCount\":250,\"commentCount\":0,\"publisher\":{\"@id\":\"https:\/\/dicodusport.fr\/blog\/#organization\"},\"image\":{\"@id\":\"https:\/\/dicodusport.fr\/blog\/equipe-de-france-une-preselection-de-13-coureurs-pour-les-mondiaux-imola\/#primaryimage\"},\"thumbnailUrl\":\"https:\/\/dicodusport.fr\/blog\/wp-content\/uploads\/2020\/09\/\u00c9quipe-de-France-Une-pr\u00e9-s\u00e9lection-de-13-coureurs-pour-les-Mondiaux-dImola.png\",\"articleSection\":[\"Cyclisme sur route\"],\"inLanguage\":\"fr-FR\",\"potentialAction\":[{\"@type\":\"CommentAction\",\"name\":\"Comment\",\"target\":[\"https:\/\/dicodusport.fr\/blog\/equipe-de-france-une-preselection-de-13-coureurs-pour-les-mondiaux-imola\/#respond\"]}],\"copyrightYear\":\"2020\",\"copyrightHolder\":{\"@id\":\"https:\/\/dicodusport.fr\/blog\/#organization\"}},{\"@type\":\"WebPage\",\"@id\":\"https:\/\/dicodusport.fr\/blog\/equipe-de-france-une-preselection-de-13-coureurs-pour-les-mondiaux-imola\/\",\"url\":\"https:\/\/dicodusport.fr\/blog\/equipe-de-france-une-preselection-de-13-coureurs-pour-les-mondiaux-imola\/\",\"name\":\"\u00c9quipe de France : Une pr\u00e9-s\u00e9lection de 13 coureurs pour les Mondiaux d'Imola\",\"isPartOf\":{\"@id\":\"https:\/\/dicodusport.fr\/blog\/#website\"},\"primaryImageOfPage\":{\"@id\":\"https:\/\/dicodusport.fr\/blog\/equipe-de-france-une-preselection-de-13-coureurs-pour-les-mondiaux-imola\/#primaryimage\"},\"image\":{\"@id\":\"https:\/\/dicodusport.fr\/blog\/equipe-de-france-une-preselection-de-13-coureurs-pour-les-mondiaux-imola\/#primaryimage\"},\"thumbnailUrl\":\"https:\/\/dicodusport.fr\/blog\/wp-content\/uploads\/2020\/09\/\u00c9quipe-de-France-Une-pr\u00e9-s\u00e9lection-de-13-coureurs-pour-les-Mondiaux-dImola.png\",\"datePublished\":\"2020-09-16T09:49:44+00:00\",\"dateModified\":\"2020-09-16T10:02:13+00:00\",\"description\":\"CYCLISME - Thomas Voeckler a d\u00e9voil\u00e9 une pr\u00e9-s\u00e9lection de 13 coureurs pour les championnats du monde de cyclisme qui se disputeront \u00e0 Imola.\",\"breadcrumb\":{\"@id\":\"https:\/\/dicodusport.fr\/blog\/equipe-de-france-une-preselection-de-13-coureurs-pour-les-mondiaux-imola\/#breadcrumb\"},\"inLanguage\":\"fr-FR\",\"potentialAction\":[{\"@type\":\"ReadAction\",\"target\":[\"https:\/\/dicodusport.fr\/blog\/equipe-de-france-une-preselection-de-13-coureurs-pour-les-mondiaux-imola\/\"]}]},{\"@type\":\"ImageObject\",\"inLanguage\":\"fr-FR\",\"@id\":\"https:\/\/dicodusport.fr\/blog\/equipe-de-france-une-preselection-de-13-coureurs-pour-les-mondiaux-imola\/#primaryimage\",\"url\":\"https:\/\/dicodusport.fr\/blog\/wp-content\/uploads\/2020\/09\/\u00c9quipe-de-France-Une-pr\u00e9-s\u00e9lection-de-13-coureurs-pour-les-Mondiaux-dImola.png\",\"contentUrl\":\"https:\/\/dicodusport.fr\/blog\/wp-content\/uploads\/2020\/09\/\u00c9quipe-de-France-Une-pr\u00e9-s\u00e9lection-de-13-coureurs-pour-les-Mondiaux-dImola.png\",\"width\":800,\"height\":445,\"caption\":\"\u00c9quipe de France : Une pr\u00e9-s\u00e9lection de 13 coureurs pour les Mondiaux d'Imola\"},{\"@type\":\"BreadcrumbList\",\"@id\":\"https:\/\/dicodusport.fr\/blog\/equipe-de-france-une-preselection-de-13-coureurs-pour-les-mondiaux-imola\/#breadcrumb\",\"itemListElement\":[{\"@type\":\"ListItem\",\"position\":1,\"name\":\"Accueil\",\"item\":\"https:\/\/dicodusport.fr\/blog\/\"},{\"@type\":\"ListItem\",\"position\":2,\"name\":\"\u00c9quipe de France : Une pr\u00e9-s\u00e9lection de 13 coureurs pour les Mondiaux d&rsquo;Imola\"}]},{\"@type\":\"WebSite\",\"@id\":\"https:\/\/dicodusport.fr\/blog\/#website\",\"url\":\"https:\/\/dicodusport.fr\/blog\/\",\"name\":\"Dicodusport\",\"description\":\"L&#039;encyclop\u00e9die de l&#039;actualit\u00e9 sportive\",\"publisher\":{\"@id\":\"https:\/\/dicodusport.fr\/blog\/#organization\"},\"potentialAction\":[{\"@type\":\"SearchAction\",\"target\":{\"@type\":\"EntryPoint\",\"urlTemplate\":\"https:\/\/dicodusport.fr\/blog\/?s={search_term_string}\"},\"query-input\":{\"@type\":\"PropertyValueSpecification\",\"valueRequired\":true,\"valueName\":\"search_term_string\"}}],\"inLanguage\":\"fr-FR\"},{\"@type\":\"NewsMediaOrganization\",\"@id\":\"https:\/\/dicodusport.fr\/blog\/#organization\",\"name\":\"Dicodusport\",\"url\":\"https:\/\/dicodusport.fr\/blog\/\",\"logo\":{\"@type\":\"ImageObject\",\"inLanguage\":\"fr-FR\",\"@id\":\"https:\/\/dicodusport.fr\/blog\/#\/schema\/logo\/image\/\",\"url\":\"https:\/\/dicodusport.fr\/blog\/wp-content\/uploads\/2020\/06\/cropped-LOGO-DICODUSPORT-2020-SANS-FOND-SANS-TEXTE.png\",\"contentUrl\":\"https:\/\/dicodusport.fr\/blog\/wp-content\/uploads\/2020\/06\/cropped-LOGO-DICODUSPORT-2020-SANS-FOND-SANS-TEXTE.png\",\"width\":512,\"height\":512,\"caption\":\"Dicodusport\"},\"image\":{\"@id\":\"https:\/\/dicodusport.fr\/blog\/#\/schema\/logo\/image\/\"},\"sameAs\":[\"https:\/\/www.facebook.com\/dicodusport\",\"https:\/\/x.com\/dicodusport\",\"https:\/\/www.instagram.com\/dicodusport\/\",\"https:\/\/www.youtube.com\/channel\/UC7V2KZ5sd3htJivAbA4ZG3w\"],\"description\":\"Dicodusport est l'encyclop\u00e9die de l'actualit\u00e9 sportive.\",\"email\":\"bonjour@dicodusport.fr\",\"legalName\":\"DICODUSPORT\",\"foundingDate\":\"2018-01-14\",\"vatID\":\"FR71834470973\",\"taxID\":\"83447097300043\",\"numberOfEmployees\":{\"@type\":\"QuantitativeValue\",\"minValue\":\"1\",\"maxValue\":\"10\"}},{\"@type\":\"Person\",\"@id\":\"https:\/\/dicodusport.fr\/blog\/#\/schema\/person\/55dcb50ad410894e431ed812bbb70191\",\"name\":\"Nicolas Jacquemard\",\"image\":{\"@type\":\"ImageObject\",\"inLanguage\":\"fr-FR\",\"@id\":\"https:\/\/dicodusport.fr\/blog\/#\/schema\/person\/image\/\",\"url\":\"https:\/\/dicodusport.fr\/blog\/wp-content\/uploads\/2021\/05\/Nicolas-Jacquemard-150x150.jpeg\",\"contentUrl\":\"https:\/\/dicodusport.fr\/blog\/wp-content\/uploads\/2021\/05\/Nicolas-Jacquemard-150x150.jpeg\",\"caption\":\"Nicolas Jacquemard\"},\"description\":\"Passionn\u00e9 de sport et entrepreneur depuis mes 18 ans, la cr\u00e9ation de Dicodusport m'a sembl\u00e9 \u00e9vidente pour participer \u00e0 la m\u00e9diatisation d'un plus grand nombre de sports. Le chemin est long mais avec une \u00e9quipe des plus motiv\u00e9es et les Jeux Olympiques de Paris 2024 en point de mire, nous y arriverons ! Journaliste dans le monde du sport depuis plus de 5 ans, je traite aussi bien de football, de rugby, de biathlon que de cyclisme.\",\"sameAs\":[\"https:\/\/www.facebook.com\/dicodusport\",\"https:\/\/x.com\/https:\/\/twitter.com\/Nico_Jacquemard\"],\"url\":\"https:\/\/dicodusport.fr\/blog\/author\/dicodusport\/\"}]}<\/script>\n<!-- \/ Yoast SEO Premium plugin. -->","yoast_head_json":{"title":"\u00c9quipe de France : Une pr\u00e9-s\u00e9lection de 13 coureurs pour les Mondiaux d'Imola","description":"CYCLISME - Thomas Voeckler a d\u00e9voil\u00e9 une pr\u00e9-s\u00e9lection de 13 coureurs pour les championnats du monde de cyclisme qui se disputeront \u00e0 Imola.","robots":{"index":"index","follow":"follow","max-snippet":"max-snippet:-1","max-image-preview":"max-image-preview:large","max-video-preview":"max-video-preview:-1"},"canonical":"https:\/\/dicodusport.fr\/blog\/equipe-de-france-une-preselection-de-13-coureurs-pour-les-mondiaux-imola\/","og_locale":"fr_FR","og_type":"article","og_title":"\u00c9quipe de France : Une pr\u00e9-s\u00e9lection de 13 coureurs pour les Mondiaux d'Imola","og_description":"CYCLISME - Thomas Voeckler a d\u00e9voil\u00e9 une pr\u00e9-s\u00e9lection de 13 coureurs pour les championnats du monde de cyclisme qui se disputeront \u00e0 Imola.","og_url":"https:\/\/dicodusport.fr\/blog\/equipe-de-france-une-preselection-de-13-coureurs-pour-les-mondiaux-imola\/","og_site_name":"Dicodusport","article_publisher":"https:\/\/www.facebook.com\/dicodusport","article_author":"https:\/\/www.facebook.com\/dicodusport","article_published_time":"2020-09-16T09:49:44+00:00","article_modified_time":"2020-09-16T10:02:13+00:00","og_image":[{"width":800,"height":445,"url":"https:\/\/dicodusport.fr\/blog\/wp-content\/uploads\/2020\/09\/\u00c9quipe-de-France-Une-pr\u00e9-s\u00e9lection-de-13-coureurs-pour-les-Mondiaux-dImola.png","type":"image\/png"}],"author":"Nicolas Jacquemard","twitter_card":"summary_large_image","twitter_title":"\u00c9quipe de France : Une pr\u00e9-s\u00e9lection de 13 coureurs pour les Mondiaux d'Imola","twitter_creator":"@https:\/\/twitter.com\/Nico_Jacquemard","twitter_site":"@dicodusport","schema":{"@context":"https:\/\/schema.org","@graph":[{"@type":"NewsArticle","@id":"https:\/\/dicodusport.fr\/blog\/equipe-de-france-une-preselection-de-13-coureurs-pour-les-mondiaux-imola\/#article","isPartOf":{"@id":"https:\/\/dicodusport.fr\/blog\/equipe-de-france-une-preselection-de-13-coureurs-pour-les-mondiaux-imola\/"},"author":{"name":"Nicolas Jacquemard","@id":"https:\/\/dicodusport.fr\/blog\/#\/schema\/person\/55dcb50ad410894e431ed812bbb70191"},"headline":"\u00c9quipe de France : Une pr\u00e9-s\u00e9lection de 13 coureurs pour les Mondiaux d&rsquo;Imola","datePublished":"2020-09-16T09:49:44+00:00","dateModified":"2020-09-16T10:02:13+00:00","mainEntityOfPage":{"@id":"https:\/\/dicodusport.fr\/blog\/equipe-de-france-une-preselection-de-13-coureurs-pour-les-mondiaux-imola\/"},"wordCount":250,"commentCount":0,"publisher":{"@id":"https:\/\/dicodusport.fr\/blog\/#organization"},"image":{"@id":"https:\/\/dicodusport.fr\/blog\/equipe-de-france-une-preselection-de-13-coureurs-pour-les-mondiaux-imola\/#primaryimage"},"thumbnailUrl":"https:\/\/dicodusport.fr\/blog\/wp-content\/uploads\/2020\/09\/\u00c9quipe-de-France-Une-pr\u00e9-s\u00e9lection-de-13-coureurs-pour-les-Mondiaux-dImola.png","articleSection":["Cyclisme sur route"],"inLanguage":"fr-FR","potentialAction":[{"@type":"CommentAction","name":"Comment","target":["https:\/\/dicodusport.fr\/blog\/equipe-de-france-une-preselection-de-13-coureurs-pour-les-mondiaux-imola\/#respond"]}],"copyrightYear":"2020","copyrightHolder":{"@id":"https:\/\/dicodusport.fr\/blog\/#organization"}},{"@type":"WebPage","@id":"https:\/\/dicodusport.fr\/blog\/equipe-de-france-une-preselection-de-13-coureurs-pour-les-mondiaux-imola\/","url":"https:\/\/dicodusport.fr\/blog\/equipe-de-france-une-preselection-de-13-coureurs-pour-les-mondiaux-imola\/","name":"\u00c9quipe de France : Une pr\u00e9-s\u00e9lection de 13 coureurs pour les Mondiaux d'Imola","isPartOf":{"@id":"https:\/\/dicodusport.fr\/blog\/#website"},"primaryImageOfPage":{"@id":"https:\/\/dicodusport.fr\/blog\/equipe-de-france-une-preselection-de-13-coureurs-pour-les-mondiaux-imola\/#primaryimage"},"image":{"@id":"https:\/\/dicodusport.fr\/blog\/equipe-de-france-une-preselection-de-13-coureurs-pour-les-mondiaux-imola\/#primaryimage"},"thumbnailUrl":"https:\/\/dicodusport.fr\/blog\/wp-content\/uploads\/2020\/09\/\u00c9quipe-de-France-Une-pr\u00e9-s\u00e9lection-de-13-coureurs-pour-les-Mondiaux-dImola.png","datePublished":"2020-09-16T09:49:44+00:00","dateModified":"2020-09-16T10:02:13+00:00","description":"CYCLISME - Thomas Voeckler a d\u00e9voil\u00e9 une pr\u00e9-s\u00e9lection de 13 coureurs pour les championnats du monde de cyclisme qui se disputeront \u00e0 Imola.","breadcrumb":{"@id":"https:\/\/dicodusport.fr\/blog\/equipe-de-france-une-preselection-de-13-coureurs-pour-les-mondiaux-imola\/#breadcrumb"},"inLanguage":"fr-FR","potentialAction":[{"@type":"ReadAction","target":["https:\/\/dicodusport.fr\/blog\/equipe-de-france-une-preselection-de-13-coureurs-pour-les-mondiaux-imola\/"]}]},{"@type":"ImageObject","inLanguage":"fr-FR","@id":"https:\/\/dicodusport.fr\/blog\/equipe-de-france-une-preselection-de-13-coureurs-pour-les-mondiaux-imola\/#primaryimage","url":"https:\/\/dicodusport.fr\/blog\/wp-content\/uploads\/2020\/09\/\u00c9quipe-de-France-Une-pr\u00e9-s\u00e9lection-de-13-coureurs-pour-les-Mondiaux-dImola.png","contentUrl":"https:\/\/dicodusport.fr\/blog\/wp-content\/uploads\/2020\/09\/\u00c9quipe-de-France-Une-pr\u00e9-s\u00e9lection-de-13-coureurs-pour-les-Mondiaux-dImola.png","width":800,"height":445,"caption":"\u00c9quipe de France : Une pr\u00e9-s\u00e9lection de 13 coureurs pour les Mondiaux d'Imola"},{"@type":"BreadcrumbList","@id":"https:\/\/dicodusport.fr\/blog\/equipe-de-france-une-preselection-de-13-coureurs-pour-les-mondiaux-imola\/#breadcrumb","itemListElement":[{"@type":"ListItem","position":1,"name":"Accueil","item":"https:\/\/dicodusport.fr\/blog\/"},{"@type":"ListItem","position":2,"name":"\u00c9quipe de France : Une pr\u00e9-s\u00e9lection de 13 coureurs pour les Mondiaux d&rsquo;Imola"}]},{"@type":"WebSite","@id":"https:\/\/dicodusport.fr\/blog\/#website","url":"https:\/\/dicodusport.fr\/blog\/","name":"Dicodusport","description":"L&#039;encyclop\u00e9die de l&#039;actualit\u00e9 sportive","publisher":{"@id":"https:\/\/dicodusport.fr\/blog\/#organization"},"potentialAction":[{"@type":"SearchAction","target":{"@type":"EntryPoint","urlTemplate":"https:\/\/dicodusport.fr\/blog\/?s={search_term_string}"},"query-input":{"@type":"PropertyValueSpecification","valueRequired":true,"valueName":"search_term_string"}}],"inLanguage":"fr-FR"},{"@type":"NewsMediaOrganization","@id":"https:\/\/dicodusport.fr\/blog\/#organization","name":"Dicodusport","url":"https:\/\/dicodusport.fr\/blog\/","logo":{"@type":"ImageObject","inLanguage":"fr-FR","@id":"https:\/\/dicodusport.fr\/blog\/#\/schema\/logo\/image\/","url":"https:\/\/dicodusport.fr\/blog\/wp-content\/uploads\/2020\/06\/cropped-LOGO-DICODUSPORT-2020-SANS-FOND-SANS-TEXTE.png","contentUrl":"https:\/\/dicodusport.fr\/blog\/wp-content\/uploads\/2020\/06\/cropped-LOGO-DICODUSPORT-2020-SANS-FOND-SANS-TEXTE.png","width":512,"height":512,"caption":"Dicodusport"},"image":{"@id":"https:\/\/dicodusport.fr\/blog\/#\/schema\/logo\/image\/"},"sameAs":["https:\/\/www.facebook.com\/dicodusport","https:\/\/x.com\/dicodusport","https:\/\/www.instagram.com\/dicodusport\/","https:\/\/www.youtube.com\/channel\/UC7V2KZ5sd3htJivAbA4ZG3w"],"description":"Dicodusport est l'encyclop\u00e9die de l'actualit\u00e9 sportive.","email":"bonjour@dicodusport.fr","legalName":"DICODUSPORT","foundingDate":"2018-01-14","vatID":"FR71834470973","taxID":"83447097300043","numberOfEmployees":{"@type":"QuantitativeValue","minValue":"1","maxValue":"10"}},{"@type":"Person","@id":"https:\/\/dicodusport.fr\/blog\/#\/schema\/person\/55dcb50ad410894e431ed812bbb70191","name":"Nicolas Jacquemard","image":{"@type":"ImageObject","inLanguage":"fr-FR","@id":"https:\/\/dicodusport.fr\/blog\/#\/schema\/person\/image\/","url":"https:\/\/dicodusport.fr\/blog\/wp-content\/uploads\/2021\/05\/Nicolas-Jacquemard-150x150.jpeg","contentUrl":"https:\/\/dicodusport.fr\/blog\/wp-content\/uploads\/2021\/05\/Nicolas-Jacquemard-150x150.jpeg","caption":"Nicolas Jacquemard"},"description":"Passionn\u00e9 de sport et entrepreneur depuis mes 18 ans, la cr\u00e9ation de Dicodusport m'a sembl\u00e9 \u00e9vidente pour participer \u00e0 la m\u00e9diatisation d'un plus grand nombre de sports. Le chemin est long mais avec une \u00e9quipe des plus motiv\u00e9es et les Jeux Olympiques de Paris 2024 en point de mire, nous y arriverons ! Journaliste dans le monde du sport depuis plus de 5 ans, je traite aussi bien de football, de rugby, de biathlon que de cyclisme.","sameAs":["https:\/\/www.facebook.com\/dicodusport","https:\/\/x.com\/https:\/\/twitter.com\/Nico_Jacquemard"],"url":"https:\/\/dicodusport.fr\/blog\/author\/dicodusport\/"}]}},"_links":{"self":[{"href":"https:\/\/dicodusport.fr\/blog\/wp-json\/wp\/v2\/posts\/78488","targetHints":{"allow":["GET"]}}],"collection":[{"href":"https:\/\/dicodusport.fr\/blog\/wp-json\/wp\/v2\/posts"}],"about":[{"href":"https:\/\/dicodusport.fr\/blog\/wp-json\/wp\/v2\/types\/post"}],"author":[{"embeddable":true,"href":"https:\/\/dicodusport.fr\/blog\/wp-json\/wp\/v2\/users\/1"}],"replies":[{"embeddable":true,"href":"https:\/\/dicodusport.fr\/blog\/wp-json\/wp\/v2\/comments?post=78488"}],"version-history":[{"count":0,"href":"https:\/\/dicodusport.fr\/blog\/wp-json\/wp\/v2\/posts\/78488\/revisions"}],"wp:featuredmedia":[{"embeddable":true,"href":"https:\/\/dicodusport.fr\/blog\/wp-json\/wp\/v2\/media\/78492"}],"wp:attachment":[{"href":"https:\/\/dicodusport.fr\/blog\/wp-json\/wp\/v2\/media?parent=78488"}],"wp:term":[{"taxonomy":"category","embeddable":true,"href":"https:\/\/dicodusport.fr\/blog\/wp-json\/wp\/v2\/categories?post=78488"},{"taxonomy":"post_tag","embeddable":true,"href":"https:\/\/dicodusport.fr\/blog\/wp-json\/wp\/v2\/tags?post=78488"}],"curies":[{"name":"wp","href":"https:\/\/api.w.org\/{rel}","templated":true}]}}