{"id":78512,"date":"2020-09-16T17:21:34","date_gmt":"2020-09-16T15:21:34","guid":{"rendered":"http:\/\/dicodusport.fr\/blog\/?p=78512&#038;preview=true&#038;preview_id=78512"},"modified":"2020-09-16T18:08:55","modified_gmt":"2020-09-16T16:08:55","slug":"tour-de-france-2020-miguel-angel-lopez-s-impose-au-sommet-col-de-la-loze-primoz-roglic-jaune","status":"publish","type":"post","link":"https:\/\/dicodusport.fr\/blog\/tour-de-france-2020-miguel-angel-lopez-s-impose-au-sommet-col-de-la-loze-primoz-roglic-jaune\/","title":{"rendered":"Tour de France 2020 : Miguel Angel Lopez s&rsquo;impose au sommet du Col de la Loze, Primoz Roglic reste en jaune"},"content":{"rendered":"<p style=\"text-align: justify;\"><em><a href=\"https:\/\/dicodusport.fr\/blog\/actualites\/cyclisme\/tour-de-france-2020\/\" target=\"_blank\" rel=\"noopener noreferrer\"><strong>TOUR DE FRANCE 2020<\/strong><\/a><b> &#8211; En grand grimpeur, Miguel Angel Lopez (Astana) a remport\u00e9 ce mercredi l&rsquo;\u00e9tape reine du Tour 2020, au sommet du Col de la Loze. Le Colombien s&rsquo;installe sur le podium, derri\u00e8re Primoz Roglic (Jumbo-Visma) qui a grappill\u00e9 sur Tadej Pogacar (UAE Team Emirates).<\/b><\/em><\/p>\n<p style=\"text-align: justify;\">On attendait cette 17\u00e8me \u00e9tape avec impatience, nous n&rsquo;avons pas \u00e9t\u00e9 d\u00e9\u00e7us. Ce mercredi, au sommet du Col de la Loze, le Colombien <strong>Miguel Angel Lopez<\/strong> s&rsquo;est impos\u00e9, au terme d&rsquo;une mont\u00e9e dantesque de par les pourcentages propos\u00e9s apr\u00e8s la station de M\u00e9ribel. Le grimpeur d&rsquo;Astana est sorti aux 2 km, dans les rampes les plus raides, pour l&#8217;emporter en solitaire. Ce succ\u00e8s lui permet de s&rsquo;installer sur le podium du Tour (3\u00e8me, \u00e0 1&rsquo;27 de Roglic), \u00e0 quatre journ\u00e9es de l&rsquo;arriv\u00e9e \u00e0 Paris, et de revenir \u00e0 29 secondes de <strong>Tadej Pogacar<\/strong> (UAE Team Emirates), troisi\u00e8me aujourd&rsquo;hui. Ce dernier conc\u00e8de 15 secondes au maillot jaune <strong>Primoz Roglic<\/strong>, deuxi\u00e8me derri\u00e8re Lopez au sommet de la Loze, et qui consolide donc son maillot jaune.<\/p>\n<blockquote class=\"twitter-tweet\">\n<p dir=\"ltr\" lang=\"fr\">Lopez s&rsquo;impose au sommet du col de la Loze devant Roglic et Pogacar ! Il signe une victoire de prestige et monte sur la troisi\u00e8me marche du podium. Roglic renforce sa tunique jaune <a href=\"https:\/\/twitter.com\/hashtag\/TDF2020?src=hash&amp;ref_src=twsrc%5Etfw\">#TDF2020<\/a><\/p>\n<p>&#x25b6; Suivez la course en direct : <a href=\"https:\/\/t.co\/G8YUr7GbUp\">https:\/\/t.co\/G8YUr7GbUp<\/a> <a href=\"https:\/\/t.co\/rIRX89oQYU\">pic.twitter.com\/rIRX89oQYU<\/a><\/p>\n<p>\u2014 France tv sport (@francetvsport) <a href=\"https:\/\/twitter.com\/francetvsport\/status\/1306252203242512384?ref_src=twsrc%5Etfw\">September 16, 2020<\/a><\/p><\/blockquote>\n<p style=\"text-align: justify;\"><script async src=\"https:\/\/platform.twitter.com\/widgets.js\" charset=\"utf-8\"><\/script><\/p>\n<h2 style=\"text-align: justify;\">Le num\u00e9ro de Carapaz, Alaphilippe encore \u00e0 l&rsquo;attaque<\/h2>\n<p style=\"text-align: justify;\">Cette 17\u00e8me \u00e9tape a \u00e9galement \u00e9t\u00e9 marqu\u00e9e par une \u00e9chapp\u00e9e au long cours, et qui a bien failli faire mouche. Aux avant-postes, <strong>Richard Carapaz<\/strong> (INEOS Grenadiers), <strong>Julian Alaphilippe<\/strong> (Deceuninck &#8211; Quick-Step), <strong>Dan Martin<\/strong> (Israel Start-Up Nation) ou encore <strong>Gorka Izagirre<\/strong> (Astana). L&rsquo;\u00c9quatorien de la formation britannique a tenu le plus longtemps \u00e0 l&rsquo;avant, en \u00e9tant repris \u00e0 3 km de l&rsquo;arriv\u00e9e, apr\u00e8s une \u00e9norme r\u00e9sistance. Demain, la <a href=\"https:\/\/dicodusport.fr\/blog\/tour-de-france-2020-profil-des-21-etapes\/18\/\" target=\"_blank\" rel=\"noopener noreferrer\">18\u00e8me \u00e9tape<\/a> longue de 167,5 km emm\u00e8nera le peloton \u00e0 La Roche-sur-Foron depuis M\u00e9ribel, avec 5 difficult\u00e9s au programme, dont quatre r\u00e9pertori\u00e9es au classement de la montagne.<\/p>\n<ul>\n<li><a href=\"https:\/\/dicodusport.fr\/blog\/tour-de-france-2020-le-classement-general-maillot-jaune\/\" target=\"_blank\" rel=\"noopener noreferrer\"><strong>Tour de France 2020 : le classement g\u00e9n\u00e9ral &#8211; Maillot jaune<\/strong><\/a><\/li>\n<li><a href=\"https:\/\/dicodusport.fr\/blog\/tour-de-france-2020-classement-17eme-etape\/\" target=\"_blank\" rel=\"noopener noreferrer\"><strong>Tour de France 2020 : le classement de la 17\u00e8me \u00e9tape<\/strong><\/a><\/li>\n<\/ul>\n<p><strong><em>Dicodusport<br \/>\n<a href=\"https:\/\/www.facebook.com\/dicodusport\/\" target=\"_blank\" rel=\"noopener noreferrer\"><img loading=\"lazy\" decoding=\"async\" class=\"alignnone wp-image-2909\" src=\"http:\/\/dicodusport.fr\/blog\/wp-content\/uploads\/2017\/07\/logo-facebook-150x150.png\" alt=\"\" width=\"40\" height=\"40\" \/><\/a><a href=\"https:\/\/twitter.com\/dicodusport\" target=\"_blank\" rel=\"noopener noreferrer\"><img loading=\"lazy\" decoding=\"async\" class=\"alignnone wp-image-2908\" src=\"http:\/\/dicodusport.fr\/blog\/wp-content\/uploads\/2017\/07\/logo-twitter-150x150.png\" alt=\"\" width=\"39\" height=\"39\" \/><\/a><\/em><\/strong><\/p>\n","protected":false},"excerpt":{"rendered":"<p>TOUR DE FRANCE 2020 &#8211; En grand grimpeur, Miguel Angel Lopez (Astana) a remport\u00e9 ce mercredi l&rsquo;\u00e9tape reine du Tour 2020, au sommet du Col de la Loze. Le Colombien s&rsquo;installe sur le podium, derri\u00e8re Primoz Roglic (Jumbo-Visma) qui a grappill\u00e9 sur Tadej Pogacar (UAE Team Emirates).<\/p>\n","protected":false},"author":4,"featured_media":78564,"comment_status":"open","ping_status":"closed","sticky":false,"template":"","format":"standard","meta":{"_acf_changed":false,"_daextam_enable_autolinks":"","footnotes":""},"categories":[46995],"tags":[24,1262],"class_list":["post-78512","post","type-post","status-publish","format-standard","has-post-thumbnail","hentry","category-tour-de-france","tag-sport","tag-tour-de-france"],"acf":[],"yoast_head":"<!-- This site is optimized with the Yoast SEO Premium plugin v26.7 (Yoast SEO v26.7) - https:\/\/yoast.com\/wordpress\/plugins\/seo\/ -->\n<title>Tour de France 2020 : Miguel Angel Lopez s&#039;impose au sommet du Col de la Loze, Primoz Roglic reste en jaune<\/title>\n<meta name=\"description\" content=\"TOUR DE FRANCE 2020 - En grand grimpeur, Miguel Angel Lopez (Astana) a remport\u00e9 ce mercredi la 17\u00e8me \u00e9tape du Tour.\" \/>\n<meta name=\"robots\" content=\"index, follow, max-snippet:-1, max-image-preview:large, max-video-preview:-1\" \/>\n<link rel=\"canonical\" href=\"https:\/\/dicodusport.fr\/blog\/tour-de-france-2020-miguel-angel-lopez-s-impose-au-sommet-col-de-la-loze-primoz-roglic-jaune\/\" \/>\n<meta property=\"og:locale\" content=\"fr_FR\" \/>\n<meta property=\"og:type\" content=\"article\" \/>\n<meta property=\"og:title\" content=\"Tour de France 2020 : Lopez s&#039;impose au sommet du Col de la Loze, Roglic reste en jaune\" \/>\n<meta property=\"og:description\" content=\"TOUR DE FRANCE 2020 - En grand grimpeur, Miguel Angel Lopez (Astana) a remport\u00e9 ce mercredi la 17\u00e8me \u00e9tape du Tour.\" \/>\n<meta property=\"og:url\" content=\"https:\/\/dicodusport.fr\/blog\/tour-de-france-2020-miguel-angel-lopez-s-impose-au-sommet-col-de-la-loze-primoz-roglic-jaune\/\" \/>\n<meta property=\"og:site_name\" content=\"Dicodusport\" \/>\n<meta property=\"article:publisher\" content=\"https:\/\/www.facebook.com\/dicodusport\" \/>\n<meta property=\"article:author\" content=\"https:\/\/www.facebook.com\/florent.ostermann\" \/>\n<meta property=\"article:published_time\" content=\"2020-09-16T15:21:34+00:00\" \/>\n<meta property=\"article:modified_time\" content=\"2020-09-16T16:08:55+00:00\" \/>\n<meta property=\"og:image\" content=\"https:\/\/dicodusport.fr\/blog\/wp-content\/uploads\/2020\/09\/Tour-de-France-2020-Miguel-Angel-Lopez-simpose-au-sommet-du-Col-de-la-Loze-Primoz-Roglic-reste-en-jaune.png\" \/>\n\t<meta property=\"og:image:width\" content=\"800\" \/>\n\t<meta property=\"og:image:height\" content=\"445\" \/>\n\t<meta property=\"og:image:type\" content=\"image\/png\" \/>\n<meta name=\"author\" content=\"Flo Ostermann\" \/>\n<meta name=\"twitter:card\" content=\"summary_large_image\" \/>\n<meta name=\"twitter:title\" content=\"Tour de France 2020 : Lopez s&#039;impose au sommet du Col de la Loze, Roglic reste en jaune\" \/>\n<meta name=\"twitter:creator\" content=\"@https:\/\/twitter.com\/FlOstermann\" \/>\n<meta name=\"twitter:site\" content=\"@dicodusport\" \/>\n<script type=\"application\/ld+json\" class=\"yoast-schema-graph\">{\"@context\":\"https:\/\/schema.org\",\"@graph\":[{\"@type\":\"NewsArticle\",\"@id\":\"https:\/\/dicodusport.fr\/blog\/tour-de-france-2020-miguel-angel-lopez-s-impose-au-sommet-col-de-la-loze-primoz-roglic-jaune\/#article\",\"isPartOf\":{\"@id\":\"https:\/\/dicodusport.fr\/blog\/tour-de-france-2020-miguel-angel-lopez-s-impose-au-sommet-col-de-la-loze-primoz-roglic-jaune\/\"},\"author\":{\"name\":\"Flo Ostermann\",\"@id\":\"https:\/\/dicodusport.fr\/blog\/#\/schema\/person\/cb02af4c173ce4a653b55e9baf388d4a\"},\"headline\":\"Tour de France 2020 : Miguel Angel Lopez s&rsquo;impose au sommet du Col de la Loze, Primoz Roglic reste en jaune\",\"datePublished\":\"2020-09-16T15:21:34+00:00\",\"dateModified\":\"2020-09-16T16:08:55+00:00\",\"mainEntityOfPage\":{\"@id\":\"https:\/\/dicodusport.fr\/blog\/tour-de-france-2020-miguel-angel-lopez-s-impose-au-sommet-col-de-la-loze-primoz-roglic-jaune\/\"},\"wordCount\":392,\"commentCount\":0,\"publisher\":{\"@id\":\"https:\/\/dicodusport.fr\/blog\/#organization\"},\"image\":{\"@id\":\"https:\/\/dicodusport.fr\/blog\/tour-de-france-2020-miguel-angel-lopez-s-impose-au-sommet-col-de-la-loze-primoz-roglic-jaune\/#primaryimage\"},\"thumbnailUrl\":\"https:\/\/dicodusport.fr\/blog\/wp-content\/uploads\/2020\/09\/Tour-de-France-2020-Miguel-Angel-Lopez-simpose-au-sommet-du-Col-de-la-Loze-Primoz-Roglic-reste-en-jaune.png\",\"keywords\":[\"sport\",\"Tour de France\"],\"articleSection\":[\"Tour de France\"],\"inLanguage\":\"fr-FR\",\"potentialAction\":[{\"@type\":\"CommentAction\",\"name\":\"Comment\",\"target\":[\"https:\/\/dicodusport.fr\/blog\/tour-de-france-2020-miguel-angel-lopez-s-impose-au-sommet-col-de-la-loze-primoz-roglic-jaune\/#respond\"]}],\"copyrightYear\":\"2020\",\"copyrightHolder\":{\"@id\":\"https:\/\/dicodusport.fr\/blog\/#organization\"}},{\"@type\":\"WebPage\",\"@id\":\"https:\/\/dicodusport.fr\/blog\/tour-de-france-2020-miguel-angel-lopez-s-impose-au-sommet-col-de-la-loze-primoz-roglic-jaune\/\",\"url\":\"https:\/\/dicodusport.fr\/blog\/tour-de-france-2020-miguel-angel-lopez-s-impose-au-sommet-col-de-la-loze-primoz-roglic-jaune\/\",\"name\":\"Tour de France 2020 : Miguel Angel Lopez s'impose au sommet du Col de la Loze, Primoz Roglic reste en jaune\",\"isPartOf\":{\"@id\":\"https:\/\/dicodusport.fr\/blog\/#website\"},\"primaryImageOfPage\":{\"@id\":\"https:\/\/dicodusport.fr\/blog\/tour-de-france-2020-miguel-angel-lopez-s-impose-au-sommet-col-de-la-loze-primoz-roglic-jaune\/#primaryimage\"},\"image\":{\"@id\":\"https:\/\/dicodusport.fr\/blog\/tour-de-france-2020-miguel-angel-lopez-s-impose-au-sommet-col-de-la-loze-primoz-roglic-jaune\/#primaryimage\"},\"thumbnailUrl\":\"https:\/\/dicodusport.fr\/blog\/wp-content\/uploads\/2020\/09\/Tour-de-France-2020-Miguel-Angel-Lopez-simpose-au-sommet-du-Col-de-la-Loze-Primoz-Roglic-reste-en-jaune.png\",\"datePublished\":\"2020-09-16T15:21:34+00:00\",\"dateModified\":\"2020-09-16T16:08:55+00:00\",\"description\":\"TOUR DE FRANCE 2020 - En grand grimpeur, Miguel Angel Lopez (Astana) a remport\u00e9 ce mercredi la 17\u00e8me \u00e9tape du Tour.\",\"breadcrumb\":{\"@id\":\"https:\/\/dicodusport.fr\/blog\/tour-de-france-2020-miguel-angel-lopez-s-impose-au-sommet-col-de-la-loze-primoz-roglic-jaune\/#breadcrumb\"},\"inLanguage\":\"fr-FR\",\"potentialAction\":[{\"@type\":\"ReadAction\",\"target\":[\"https:\/\/dicodusport.fr\/blog\/tour-de-france-2020-miguel-angel-lopez-s-impose-au-sommet-col-de-la-loze-primoz-roglic-jaune\/\"]}]},{\"@type\":\"ImageObject\",\"inLanguage\":\"fr-FR\",\"@id\":\"https:\/\/dicodusport.fr\/blog\/tour-de-france-2020-miguel-angel-lopez-s-impose-au-sommet-col-de-la-loze-primoz-roglic-jaune\/#primaryimage\",\"url\":\"https:\/\/dicodusport.fr\/blog\/wp-content\/uploads\/2020\/09\/Tour-de-France-2020-Miguel-Angel-Lopez-simpose-au-sommet-du-Col-de-la-Loze-Primoz-Roglic-reste-en-jaune.png\",\"contentUrl\":\"https:\/\/dicodusport.fr\/blog\/wp-content\/uploads\/2020\/09\/Tour-de-France-2020-Miguel-Angel-Lopez-simpose-au-sommet-du-Col-de-la-Loze-Primoz-Roglic-reste-en-jaune.png\",\"width\":800,\"height\":445,\"caption\":\"Tour de France 2020 : Miguel Angel Lopez s'impose au sommet du Col de la Loze, Primoz Roglic reste en jaune\"},{\"@type\":\"BreadcrumbList\",\"@id\":\"https:\/\/dicodusport.fr\/blog\/tour-de-france-2020-miguel-angel-lopez-s-impose-au-sommet-col-de-la-loze-primoz-roglic-jaune\/#breadcrumb\",\"itemListElement\":[{\"@type\":\"ListItem\",\"position\":1,\"name\":\"Accueil\",\"item\":\"https:\/\/dicodusport.fr\/blog\/\"},{\"@type\":\"ListItem\",\"position\":2,\"name\":\"Tour de France 2020 : Miguel Angel Lopez s&rsquo;impose au sommet du Col de la Loze, Primoz Roglic reste en jaune\"}]},{\"@type\":\"WebSite\",\"@id\":\"https:\/\/dicodusport.fr\/blog\/#website\",\"url\":\"https:\/\/dicodusport.fr\/blog\/\",\"name\":\"Dicodusport\",\"description\":\"L&#039;encyclop\u00e9die de l&#039;actualit\u00e9 sportive\",\"publisher\":{\"@id\":\"https:\/\/dicodusport.fr\/blog\/#organization\"},\"potentialAction\":[{\"@type\":\"SearchAction\",\"target\":{\"@type\":\"EntryPoint\",\"urlTemplate\":\"https:\/\/dicodusport.fr\/blog\/?s={search_term_string}\"},\"query-input\":{\"@type\":\"PropertyValueSpecification\",\"valueRequired\":true,\"valueName\":\"search_term_string\"}}],\"inLanguage\":\"fr-FR\"},{\"@type\":\"NewsMediaOrganization\",\"@id\":\"https:\/\/dicodusport.fr\/blog\/#organization\",\"name\":\"Dicodusport\",\"url\":\"https:\/\/dicodusport.fr\/blog\/\",\"logo\":{\"@type\":\"ImageObject\",\"inLanguage\":\"fr-FR\",\"@id\":\"https:\/\/dicodusport.fr\/blog\/#\/schema\/logo\/image\/\",\"url\":\"https:\/\/dicodusport.fr\/blog\/wp-content\/uploads\/2020\/06\/cropped-LOGO-DICODUSPORT-2020-SANS-FOND-SANS-TEXTE.png\",\"contentUrl\":\"https:\/\/dicodusport.fr\/blog\/wp-content\/uploads\/2020\/06\/cropped-LOGO-DICODUSPORT-2020-SANS-FOND-SANS-TEXTE.png\",\"width\":512,\"height\":512,\"caption\":\"Dicodusport\"},\"image\":{\"@id\":\"https:\/\/dicodusport.fr\/blog\/#\/schema\/logo\/image\/\"},\"sameAs\":[\"https:\/\/www.facebook.com\/dicodusport\",\"https:\/\/x.com\/dicodusport\",\"https:\/\/www.instagram.com\/dicodusport\/\",\"https:\/\/www.youtube.com\/channel\/UC7V2KZ5sd3htJivAbA4ZG3w\"],\"description\":\"Dicodusport est l'encyclop\u00e9die de l'actualit\u00e9 sportive.\",\"email\":\"bonjour@dicodusport.fr\",\"legalName\":\"DICODUSPORT\",\"foundingDate\":\"2018-01-14\",\"vatID\":\"FR71834470973\",\"taxID\":\"83447097300043\",\"numberOfEmployees\":{\"@type\":\"QuantitativeValue\",\"minValue\":\"1\",\"maxValue\":\"10\"}},{\"@type\":\"Person\",\"@id\":\"https:\/\/dicodusport.fr\/blog\/#\/schema\/person\/cb02af4c173ce4a653b55e9baf388d4a\",\"name\":\"Flo Ostermann\",\"image\":{\"@type\":\"ImageObject\",\"inLanguage\":\"fr-FR\",\"@id\":\"https:\/\/dicodusport.fr\/blog\/#\/schema\/person\/image\/\",\"url\":\"https:\/\/dicodusport.fr\/blog\/wp-content\/uploads\/2021\/05\/Flo-Ostermann-150x150.jpg\",\"contentUrl\":\"https:\/\/dicodusport.fr\/blog\/wp-content\/uploads\/2021\/05\/Flo-Ostermann-150x150.jpg\",\"caption\":\"Flo Ostermann\"},\"description\":\"Journaliste\/R\u00e9dacteur depuis septembre 2015 - Mes premiers souvenirs dans le sport ? Les envol\u00e9es du Stade Toulousain et les duels Villeneuve-Schumacher et H\u00e4kkinen-Schumacher \u00e0 la fin des ann\u00e9es 90, la Coupe du monde de football en 1998, l\u2019exploit du XV de France face aux All Blacks en 1999, mais aussi Richard C\u0153ur de Lion qui vole sur les montagnes du Tour de France. Bien parti pour devenir professeur d\u2019EPS, les \u00e9v\u00e9nements de la vie (et la flemme d\u2019animer des s\u00e9ances de 3x500 m\u00e8tres toute ma vie) m\u2019ont conduit \u00e0 revoir mes plans. Me voil\u00e0 depuis fin 2017 sur Dicodusport, m\u00e9dia gr\u00e2ce (et pour) lequel je partage ma passion : le sport dans tous ses \u00e9tats. Le tout accompagn\u00e9 par les fous furieux et folles furieuses cit\u00e9s sur cette page !\",\"sameAs\":[\"https:\/\/www.facebook.com\/florent.ostermann\",\"https:\/\/x.com\/https:\/\/twitter.com\/FlOstermann\",\"admin\"],\"url\":\"https:\/\/dicodusport.fr\/blog\/author\/flo\/\"}]}<\/script>\n<!-- \/ Yoast SEO Premium plugin. -->","yoast_head_json":{"title":"Tour de France 2020 : Miguel Angel Lopez s'impose au sommet du Col de la Loze, Primoz Roglic reste en jaune","description":"TOUR DE FRANCE 2020 - En grand grimpeur, Miguel Angel Lopez (Astana) a remport\u00e9 ce mercredi la 17\u00e8me \u00e9tape du Tour.","robots":{"index":"index","follow":"follow","max-snippet":"max-snippet:-1","max-image-preview":"max-image-preview:large","max-video-preview":"max-video-preview:-1"},"canonical":"https:\/\/dicodusport.fr\/blog\/tour-de-france-2020-miguel-angel-lopez-s-impose-au-sommet-col-de-la-loze-primoz-roglic-jaune\/","og_locale":"fr_FR","og_type":"article","og_title":"Tour de France 2020 : Lopez s'impose au sommet du Col de la Loze, Roglic reste en jaune","og_description":"TOUR DE FRANCE 2020 - En grand grimpeur, Miguel Angel Lopez (Astana) a remport\u00e9 ce mercredi la 17\u00e8me \u00e9tape du Tour.","og_url":"https:\/\/dicodusport.fr\/blog\/tour-de-france-2020-miguel-angel-lopez-s-impose-au-sommet-col-de-la-loze-primoz-roglic-jaune\/","og_site_name":"Dicodusport","article_publisher":"https:\/\/www.facebook.com\/dicodusport","article_author":"https:\/\/www.facebook.com\/florent.ostermann","article_published_time":"2020-09-16T15:21:34+00:00","article_modified_time":"2020-09-16T16:08:55+00:00","og_image":[{"width":800,"height":445,"url":"https:\/\/dicodusport.fr\/blog\/wp-content\/uploads\/2020\/09\/Tour-de-France-2020-Miguel-Angel-Lopez-simpose-au-sommet-du-Col-de-la-Loze-Primoz-Roglic-reste-en-jaune.png","type":"image\/png"}],"author":"Flo Ostermann","twitter_card":"summary_large_image","twitter_title":"Tour de France 2020 : Lopez s'impose au sommet du Col de la Loze, Roglic reste en jaune","twitter_creator":"@https:\/\/twitter.com\/FlOstermann","twitter_site":"@dicodusport","schema":{"@context":"https:\/\/schema.org","@graph":[{"@type":"NewsArticle","@id":"https:\/\/dicodusport.fr\/blog\/tour-de-france-2020-miguel-angel-lopez-s-impose-au-sommet-col-de-la-loze-primoz-roglic-jaune\/#article","isPartOf":{"@id":"https:\/\/dicodusport.fr\/blog\/tour-de-france-2020-miguel-angel-lopez-s-impose-au-sommet-col-de-la-loze-primoz-roglic-jaune\/"},"author":{"name":"Flo Ostermann","@id":"https:\/\/dicodusport.fr\/blog\/#\/schema\/person\/cb02af4c173ce4a653b55e9baf388d4a"},"headline":"Tour de France 2020 : Miguel Angel Lopez s&rsquo;impose au sommet du Col de la Loze, Primoz Roglic reste en jaune","datePublished":"2020-09-16T15:21:34+00:00","dateModified":"2020-09-16T16:08:55+00:00","mainEntityOfPage":{"@id":"https:\/\/dicodusport.fr\/blog\/tour-de-france-2020-miguel-angel-lopez-s-impose-au-sommet-col-de-la-loze-primoz-roglic-jaune\/"},"wordCount":392,"commentCount":0,"publisher":{"@id":"https:\/\/dicodusport.fr\/blog\/#organization"},"image":{"@id":"https:\/\/dicodusport.fr\/blog\/tour-de-france-2020-miguel-angel-lopez-s-impose-au-sommet-col-de-la-loze-primoz-roglic-jaune\/#primaryimage"},"thumbnailUrl":"https:\/\/dicodusport.fr\/blog\/wp-content\/uploads\/2020\/09\/Tour-de-France-2020-Miguel-Angel-Lopez-simpose-au-sommet-du-Col-de-la-Loze-Primoz-Roglic-reste-en-jaune.png","keywords":["sport","Tour de France"],"articleSection":["Tour de France"],"inLanguage":"fr-FR","potentialAction":[{"@type":"CommentAction","name":"Comment","target":["https:\/\/dicodusport.fr\/blog\/tour-de-france-2020-miguel-angel-lopez-s-impose-au-sommet-col-de-la-loze-primoz-roglic-jaune\/#respond"]}],"copyrightYear":"2020","copyrightHolder":{"@id":"https:\/\/dicodusport.fr\/blog\/#organization"}},{"@type":"WebPage","@id":"https:\/\/dicodusport.fr\/blog\/tour-de-france-2020-miguel-angel-lopez-s-impose-au-sommet-col-de-la-loze-primoz-roglic-jaune\/","url":"https:\/\/dicodusport.fr\/blog\/tour-de-france-2020-miguel-angel-lopez-s-impose-au-sommet-col-de-la-loze-primoz-roglic-jaune\/","name":"Tour de France 2020 : Miguel Angel Lopez s'impose au sommet du Col de la Loze, Primoz Roglic reste en jaune","isPartOf":{"@id":"https:\/\/dicodusport.fr\/blog\/#website"},"primaryImageOfPage":{"@id":"https:\/\/dicodusport.fr\/blog\/tour-de-france-2020-miguel-angel-lopez-s-impose-au-sommet-col-de-la-loze-primoz-roglic-jaune\/#primaryimage"},"image":{"@id":"https:\/\/dicodusport.fr\/blog\/tour-de-france-2020-miguel-angel-lopez-s-impose-au-sommet-col-de-la-loze-primoz-roglic-jaune\/#primaryimage"},"thumbnailUrl":"https:\/\/dicodusport.fr\/blog\/wp-content\/uploads\/2020\/09\/Tour-de-France-2020-Miguel-Angel-Lopez-simpose-au-sommet-du-Col-de-la-Loze-Primoz-Roglic-reste-en-jaune.png","datePublished":"2020-09-16T15:21:34+00:00","dateModified":"2020-09-16T16:08:55+00:00","description":"TOUR DE FRANCE 2020 - En grand grimpeur, Miguel Angel Lopez (Astana) a remport\u00e9 ce mercredi la 17\u00e8me \u00e9tape du Tour.","breadcrumb":{"@id":"https:\/\/dicodusport.fr\/blog\/tour-de-france-2020-miguel-angel-lopez-s-impose-au-sommet-col-de-la-loze-primoz-roglic-jaune\/#breadcrumb"},"inLanguage":"fr-FR","potentialAction":[{"@type":"ReadAction","target":["https:\/\/dicodusport.fr\/blog\/tour-de-france-2020-miguel-angel-lopez-s-impose-au-sommet-col-de-la-loze-primoz-roglic-jaune\/"]}]},{"@type":"ImageObject","inLanguage":"fr-FR","@id":"https:\/\/dicodusport.fr\/blog\/tour-de-france-2020-miguel-angel-lopez-s-impose-au-sommet-col-de-la-loze-primoz-roglic-jaune\/#primaryimage","url":"https:\/\/dicodusport.fr\/blog\/wp-content\/uploads\/2020\/09\/Tour-de-France-2020-Miguel-Angel-Lopez-simpose-au-sommet-du-Col-de-la-Loze-Primoz-Roglic-reste-en-jaune.png","contentUrl":"https:\/\/dicodusport.fr\/blog\/wp-content\/uploads\/2020\/09\/Tour-de-France-2020-Miguel-Angel-Lopez-simpose-au-sommet-du-Col-de-la-Loze-Primoz-Roglic-reste-en-jaune.png","width":800,"height":445,"caption":"Tour de France 2020 : Miguel Angel Lopez s'impose au sommet du Col de la Loze, Primoz Roglic reste en jaune"},{"@type":"BreadcrumbList","@id":"https:\/\/dicodusport.fr\/blog\/tour-de-france-2020-miguel-angel-lopez-s-impose-au-sommet-col-de-la-loze-primoz-roglic-jaune\/#breadcrumb","itemListElement":[{"@type":"ListItem","position":1,"name":"Accueil","item":"https:\/\/dicodusport.fr\/blog\/"},{"@type":"ListItem","position":2,"name":"Tour de France 2020 : Miguel Angel Lopez s&rsquo;impose au sommet du Col de la Loze, Primoz Roglic reste en jaune"}]},{"@type":"WebSite","@id":"https:\/\/dicodusport.fr\/blog\/#website","url":"https:\/\/dicodusport.fr\/blog\/","name":"Dicodusport","description":"L&#039;encyclop\u00e9die de l&#039;actualit\u00e9 sportive","publisher":{"@id":"https:\/\/dicodusport.fr\/blog\/#organization"},"potentialAction":[{"@type":"SearchAction","target":{"@type":"EntryPoint","urlTemplate":"https:\/\/dicodusport.fr\/blog\/?s={search_term_string}"},"query-input":{"@type":"PropertyValueSpecification","valueRequired":true,"valueName":"search_term_string"}}],"inLanguage":"fr-FR"},{"@type":"NewsMediaOrganization","@id":"https:\/\/dicodusport.fr\/blog\/#organization","name":"Dicodusport","url":"https:\/\/dicodusport.fr\/blog\/","logo":{"@type":"ImageObject","inLanguage":"fr-FR","@id":"https:\/\/dicodusport.fr\/blog\/#\/schema\/logo\/image\/","url":"https:\/\/dicodusport.fr\/blog\/wp-content\/uploads\/2020\/06\/cropped-LOGO-DICODUSPORT-2020-SANS-FOND-SANS-TEXTE.png","contentUrl":"https:\/\/dicodusport.fr\/blog\/wp-content\/uploads\/2020\/06\/cropped-LOGO-DICODUSPORT-2020-SANS-FOND-SANS-TEXTE.png","width":512,"height":512,"caption":"Dicodusport"},"image":{"@id":"https:\/\/dicodusport.fr\/blog\/#\/schema\/logo\/image\/"},"sameAs":["https:\/\/www.facebook.com\/dicodusport","https:\/\/x.com\/dicodusport","https:\/\/www.instagram.com\/dicodusport\/","https:\/\/www.youtube.com\/channel\/UC7V2KZ5sd3htJivAbA4ZG3w"],"description":"Dicodusport est l'encyclop\u00e9die de l'actualit\u00e9 sportive.","email":"bonjour@dicodusport.fr","legalName":"DICODUSPORT","foundingDate":"2018-01-14","vatID":"FR71834470973","taxID":"83447097300043","numberOfEmployees":{"@type":"QuantitativeValue","minValue":"1","maxValue":"10"}},{"@type":"Person","@id":"https:\/\/dicodusport.fr\/blog\/#\/schema\/person\/cb02af4c173ce4a653b55e9baf388d4a","name":"Flo Ostermann","image":{"@type":"ImageObject","inLanguage":"fr-FR","@id":"https:\/\/dicodusport.fr\/blog\/#\/schema\/person\/image\/","url":"https:\/\/dicodusport.fr\/blog\/wp-content\/uploads\/2021\/05\/Flo-Ostermann-150x150.jpg","contentUrl":"https:\/\/dicodusport.fr\/blog\/wp-content\/uploads\/2021\/05\/Flo-Ostermann-150x150.jpg","caption":"Flo Ostermann"},"description":"Journaliste\/R\u00e9dacteur depuis septembre 2015 - Mes premiers souvenirs dans le sport ? Les envol\u00e9es du Stade Toulousain et les duels Villeneuve-Schumacher et H\u00e4kkinen-Schumacher \u00e0 la fin des ann\u00e9es 90, la Coupe du monde de football en 1998, l\u2019exploit du XV de France face aux All Blacks en 1999, mais aussi Richard C\u0153ur de Lion qui vole sur les montagnes du Tour de France. Bien parti pour devenir professeur d\u2019EPS, les \u00e9v\u00e9nements de la vie (et la flemme d\u2019animer des s\u00e9ances de 3x500 m\u00e8tres toute ma vie) m\u2019ont conduit \u00e0 revoir mes plans. Me voil\u00e0 depuis fin 2017 sur Dicodusport, m\u00e9dia gr\u00e2ce (et pour) lequel je partage ma passion : le sport dans tous ses \u00e9tats. Le tout accompagn\u00e9 par les fous furieux et folles furieuses cit\u00e9s sur cette page !","sameAs":["https:\/\/www.facebook.com\/florent.ostermann","https:\/\/x.com\/https:\/\/twitter.com\/FlOstermann","admin"],"url":"https:\/\/dicodusport.fr\/blog\/author\/flo\/"}]}},"_links":{"self":[{"href":"https:\/\/dicodusport.fr\/blog\/wp-json\/wp\/v2\/posts\/78512","targetHints":{"allow":["GET"]}}],"collection":[{"href":"https:\/\/dicodusport.fr\/blog\/wp-json\/wp\/v2\/posts"}],"about":[{"href":"https:\/\/dicodusport.fr\/blog\/wp-json\/wp\/v2\/types\/post"}],"author":[{"embeddable":true,"href":"https:\/\/dicodusport.fr\/blog\/wp-json\/wp\/v2\/users\/4"}],"replies":[{"embeddable":true,"href":"https:\/\/dicodusport.fr\/blog\/wp-json\/wp\/v2\/comments?post=78512"}],"version-history":[{"count":0,"href":"https:\/\/dicodusport.fr\/blog\/wp-json\/wp\/v2\/posts\/78512\/revisions"}],"wp:featuredmedia":[{"embeddable":true,"href":"https:\/\/dicodusport.fr\/blog\/wp-json\/wp\/v2\/media\/78564"}],"wp:attachment":[{"href":"https:\/\/dicodusport.fr\/blog\/wp-json\/wp\/v2\/media?parent=78512"}],"wp:term":[{"taxonomy":"category","embeddable":true,"href":"https:\/\/dicodusport.fr\/blog\/wp-json\/wp\/v2\/categories?post=78512"},{"taxonomy":"post_tag","embeddable":true,"href":"https:\/\/dicodusport.fr\/blog\/wp-json\/wp\/v2\/tags?post=78512"}],"curies":[{"name":"wp","href":"https:\/\/api.w.org\/{rel}","templated":true}]}}