{"id":7858,"date":"2017-11-30T12:00:52","date_gmt":"2017-11-30T11:00:52","guid":{"rendered":"http:\/\/dicodusport.fr\/blog\/?p=7858"},"modified":"2017-11-30T16:07:17","modified_gmt":"2017-11-30T15:07:17","slug":"le-mois-de-sylvain-3-novembre-2017-performances-et-records-en-serie","status":"publish","type":"post","link":"https:\/\/dicodusport.fr\/blog\/le-mois-de-sylvain-3-novembre-2017-performances-et-records-en-serie\/","title":{"rendered":"Le Mois de Sylvain #3 &#8211; Novembre 2017 : performances et records en s\u00e9rie"},"content":{"rendered":"<p style=\"text-align: justify;\"><em><strong>Apr\u00e8s deux premiers \u00e9pisodes sur Sport-Inside, la s\u00e9rie Le Mois de Sylvain continue sur Dicodusport. En ce mois de novembre, nous avons eu droit \u00e0 de grandes joies, de grandes d\u00e9sillusions et des performances de tr\u00e8s haut niveau ! Au programme de ce 3e \u00e9pisode, il sera\u00a0question de tennis, de football, de patinage artistique, de foot US et de rugby !<\/strong><\/em><\/p>\n<h4 style=\"text-align: justify;\">La perf\u2019 : L\u2019Equipe de France de Coupe Davis<\/h4>\n<p style=\"text-align: justify;\">Ils l\u2019ont fait ! Apr\u00e8s 16 ans d\u2019attente et 3 finales perdues, l\u2019\u00e9quipe de France ram\u00e8ne enfin le saladier de la Coupe Davis \u00e0 la maison ! Dans un stade Pierre Mauroy bond\u00e9 (26 000 spectateurs de moyenne) et chauff\u00e9 \u00e0 blanc durant les trois jours de comp\u00e9tition, joueurs belges et fran\u00e7ais n\u2019ont rien l\u00e2ch\u00e9. Il aura fallu attendre la victoire de Lucas Pouille oppos\u00e9 \u00e0 Steve Darcis (6-3 6-1 6-0) dans le 5\u00e8me et dernier match de la finale pour conna\u00eetre le vainqueur de cette 96\u00e8me Coupe Davis, la 10\u00e8me de l\u2019Histoire du tennis fran\u00e7ais.<\/p>\n<h4>La contre perf\u2019 : Ciao la Nazionale<\/h4>\n<div id=\"attachment_7877\" style=\"width: 1070px\" class=\"wp-caption aligncenter\"><img loading=\"lazy\" decoding=\"async\" aria-describedby=\"caption-attachment-7877\" class=\"size-full wp-image-7877\" src=\"http:\/\/dicodusport.fr\/blog\/wp-content\/uploads\/2017\/11\/Buffon-et-lItalie-ne-feront-pas-la-coupe-du-monde-2018.jpg\" alt=\"\" width=\"1060\" height=\"600\" srcset=\"https:\/\/dicodusport.fr\/blog\/wp-content\/uploads\/2017\/11\/Buffon-et-lItalie-ne-feront-pas-la-coupe-du-monde-2018.jpg 1060w, https:\/\/dicodusport.fr\/blog\/wp-content\/uploads\/2017\/11\/Buffon-et-lItalie-ne-feront-pas-la-coupe-du-monde-2018-300x170.jpg 300w, https:\/\/dicodusport.fr\/blog\/wp-content\/uploads\/2017\/11\/Buffon-et-lItalie-ne-feront-pas-la-coupe-du-monde-2018-768x435.jpg 768w, https:\/\/dicodusport.fr\/blog\/wp-content\/uploads\/2017\/11\/Buffon-et-lItalie-ne-feront-pas-la-coupe-du-monde-2018-1024x580.jpg 1024w\" sizes=\"auto, (max-width: 1060px) 100vw, 1060px\" \/><p id=\"caption-attachment-7877\" class=\"wp-caption-text\">Buffon et l&rsquo;Italie ne verront pas la Russie &#8211; AP Photo\/Luca Bruno<\/p><\/div>\n<p style=\"text-align: justify;\">Bien plus qu\u2019une contre performance, c\u2019est un v\u00e9ritable cataclysme. Apr\u00e8s son \u00e9limination contre la Su\u00e8de en barrage (1-0 ; 0-0) l\u2019Italie ne participera pas \u00e0 la Coupe du Monde de football 2018, une premi\u00e8re depuis 1958 ! Entre la chute des droits TV, la prime vers\u00e9e aux f\u00e9d\u00e9rations des pays participants, les montants des sponsors de la Nazionale calcul\u00e9s selon les r\u00e9sultats de l\u2019\u00e9quipe, cette \u00e9limination repr\u00e9sente selon <em>Les Echos<\/em> un manque \u00e0 gagner de 10 milliards d\u2019euros pour le pays !<\/p>\n<p style=\"text-align: justify;\">C\u2019est donc un v\u00e9ritable psychodrame qui se joue en Italie, comme en t\u00e9moignent les larmes et les excuses de Gianluigi Buffon qui selon toute vraisemblance a disput\u00e9 le dernier match de sa carri\u00e8re sous le maillot italien. Cette l\u00e9gende du football m\u00e9ritait mieux que cette sortie par la petite porte&#8230;<\/p>\n<h4>Le chiffre : 201,98<\/h4>\n<div id=\"attachment_7888\" style=\"width: 650px\" class=\"wp-caption aligncenter\"><img loading=\"lazy\" decoding=\"async\" aria-describedby=\"caption-attachment-7888\" class=\"wp-image-7888 size-full\" src=\"http:\/\/dicodusport.fr\/blog\/wp-content\/uploads\/2017\/11\/Gabriella-Papadakis-et-Guillaume-Cizeron.jpg\" alt=\"\" width=\"640\" height=\"360\" srcset=\"https:\/\/dicodusport.fr\/blog\/wp-content\/uploads\/2017\/11\/Gabriella-Papadakis-et-Guillaume-Cizeron.jpg 640w, https:\/\/dicodusport.fr\/blog\/wp-content\/uploads\/2017\/11\/Gabriella-Papadakis-et-Guillaume-Cizeron-300x169.jpg 300w\" sizes=\"auto, (max-width: 640px) 100vw, 640px\" \/><p id=\"caption-attachment-7888\" class=\"wp-caption-text\">Nouveau record du monde pour le couple fran\u00e7ais &#8211; AFP<\/p><\/div>\n<p style=\"text-align: justify;\">Comme le nouveau record du monde de danse sur glace \u00e9tabli par Gabriella Papadakis et Guillaume Cizeron, le 18 novembre lors des Internationaux de France de patinage artistique. Le couple fran\u00e7ais bat ainsi son propre record \u00e9tabli, deux semaine plus t\u00f4t en Chine (200,43). Un record qui arrive \u00e0 point nomm\u00e9, \u00e0 quelques semaines des Jeux Olympiques d\u2019hiver de Pyeongchang.<\/p>\n<h4>L\u2019image<\/h4>\n<p><span class=\"jZrC6pWKdRfyFw1AE3tk2OYVLQM5ehq0NmsgJuGzSni9l74IxoX8\"><iframe loading=\"lazy\" title=\"217 Skydivers Break World Record\" width=\"740\" height=\"416\" src=\"https:\/\/www.youtube.com\/embed\/SJZ1b8-M4T4?feature=oembed\" frameborder=\"0\" allow=\"accelerometer; autoplay; clipboard-write; encrypted-media; gyroscope; picture-in-picture; web-share\" allowfullscreen><\/iframe><\/span><\/p>\n<p style=\"text-align: justify;\">Le 8 novembre dernier, 217 parachutistes dont 23 Fran\u00e7ais, ont \u00e9tabli un nouveau record de chute libre. Lanc\u00e9s \u00e0 190 km\/h dans le ciel de l\u2019Arizona, les 217 protagonistes ont encha\u00een\u00e9s trois figures cons\u00e9cutives, une premi\u00e8re mondiale. Des images \u00e9poustouflantes !<\/p>\n<h4>Le coup de c\u0153ur : Shaquem Griffin<\/h4>\n<div id=\"attachment_7878\" style=\"width: 2058px\" class=\"wp-caption aligncenter\"><img loading=\"lazy\" decoding=\"async\" aria-describedby=\"caption-attachment-7878\" class=\"size-full wp-image-7878\" src=\"http:\/\/dicodusport.fr\/blog\/wp-content\/uploads\/2017\/11\/Shaquem-Griffin-linebacker-UCF-Knights.jpg\" alt=\"\" width=\"2048\" height=\"1730\" srcset=\"https:\/\/dicodusport.fr\/blog\/wp-content\/uploads\/2017\/11\/Shaquem-Griffin-linebacker-UCF-Knights.jpg 2048w, https:\/\/dicodusport.fr\/blog\/wp-content\/uploads\/2017\/11\/Shaquem-Griffin-linebacker-UCF-Knights-300x253.jpg 300w, https:\/\/dicodusport.fr\/blog\/wp-content\/uploads\/2017\/11\/Shaquem-Griffin-linebacker-UCF-Knights-768x649.jpg 768w, https:\/\/dicodusport.fr\/blog\/wp-content\/uploads\/2017\/11\/Shaquem-Griffin-linebacker-UCF-Knights-1024x865.jpg 1024w\" sizes=\"auto, (max-width: 2048px) 100vw, 2048px\" \/><p id=\"caption-attachment-7878\" class=\"wp-caption-text\">Shaquem Griffin bient\u00f4t en NFL ? &#8211; Orlando Sentinel<\/p><\/div>\n<p style=\"text-align: justify;\">Le coup de c\u0153ur du mois revient \u00e0 Shaquem Griffin, linebacker des UFC Knights Football (championnat universitaire de football am\u00e9ricain). Shaquem Griffin est un jeune joueur prometteur comme tant d\u2019autres, \u00e0 une diff\u00e9rence pr\u00e8s : il lui manque une main ! Dans ce sport o\u00f9 les capacit\u00e9s physiques et athl\u00e9tiques sont d\u2019une importance capitale, il a \u00e9t\u00e9 \u00e9lu D\u00e9fenseur de l\u2019ann\u00e9e de sa conf\u00e9rence en 2016 et pourrait bien taper dans l\u2019\u0153il de plusieurs clubs de NFL s\u2019il r\u00e9alise \u00e0 nouveau une bonne saison. Affaire \u00e0 suivre\u2026<\/p>\n<h4 style=\"text-align: justify;\">La mauvaise nouvelle : Le ski fran\u00e7ais en deuil<\/h4>\n<div id=\"attachment_7881\" style=\"width: 1010px\" class=\"wp-caption aligncenter\"><img loading=\"lazy\" decoding=\"async\" aria-describedby=\"caption-attachment-7881\" class=\"size-full wp-image-7881\" src=\"http:\/\/dicodusport.fr\/blog\/wp-content\/uploads\/2017\/11\/David-Poisson-aux-Mondiaux-de-Schladming.jpg\" alt=\"\" width=\"1000\" height=\"625\" srcset=\"https:\/\/dicodusport.fr\/blog\/wp-content\/uploads\/2017\/11\/David-Poisson-aux-Mondiaux-de-Schladming.jpg 1000w, https:\/\/dicodusport.fr\/blog\/wp-content\/uploads\/2017\/11\/David-Poisson-aux-Mondiaux-de-Schladming-300x188.jpg 300w, https:\/\/dicodusport.fr\/blog\/wp-content\/uploads\/2017\/11\/David-Poisson-aux-Mondiaux-de-Schladming-768x480.jpg 768w\" sizes=\"auto, (max-width: 1000px) 100vw, 1000px\" \/><p id=\"caption-attachment-7881\" class=\"wp-caption-text\">David Poisson m\u00e9daill\u00e9 de Bronze aux Mondiaux de Scladming &#8211; <span class=\"article-full__image-author\">AFP\/ Olivier Morin<\/span><\/p><\/div>\n<p style=\"text-align: justify;\">David Poisson, descendeur fran\u00e7ais de 35 ans, est d\u00e9c\u00e9d\u00e9 le 13 novembre au Canada lors d\u2019un rassemblement avec l\u2019\u00e9quipe de France de ski avant l\u2019ouverture de la saison. David Poisson avait notamment remport\u00e9 la m\u00e9daille de bronze des Championnats du monde de descente en 2015. La r\u00e9daction de Dicodusport pr\u00e9sente ses condol\u00e9ances \u00e0 la famille et aux proches.<\/p>\n<h4>La bonne nouvelle : La France organisera la Coupe du Monde de rugby 2023<\/h4>\n<div id=\"attachment_7882\" style=\"width: 1060px\" class=\"wp-caption aligncenter\"><img loading=\"lazy\" decoding=\"async\" aria-describedby=\"caption-attachment-7882\" class=\"size-full wp-image-7882\" src=\"http:\/\/dicodusport.fr\/blog\/wp-content\/uploads\/2017\/11\/Coupe-du-monde-rugby-2023.jpg\" alt=\"\" width=\"1050\" height=\"590\" srcset=\"https:\/\/dicodusport.fr\/blog\/wp-content\/uploads\/2017\/11\/Coupe-du-monde-rugby-2023.jpg 1050w, https:\/\/dicodusport.fr\/blog\/wp-content\/uploads\/2017\/11\/Coupe-du-monde-rugby-2023-300x169.jpg 300w, https:\/\/dicodusport.fr\/blog\/wp-content\/uploads\/2017\/11\/Coupe-du-monde-rugby-2023-768x432.jpg 768w, https:\/\/dicodusport.fr\/blog\/wp-content\/uploads\/2017\/11\/Coupe-du-monde-rugby-2023-1024x575.jpg 1024w\" sizes=\"auto, (max-width: 1050px) 100vw, 1050px\" \/><p id=\"caption-attachment-7882\" class=\"wp-caption-text\">La France organisera la Coupe du Monde de rugby 2023 &#8211; AFP<\/p><\/div>\n<p style=\"text-align: justify;\">Cocorico ! Contre toute attente, la France organisera la Coupe du Monde 2023 de rugby \u00e0 XV ! Pourtant la France partait de loin : une candidature annonc\u00e9e \u00e0 tout juste un an du vote et surtout un rapport de la f\u00e9d\u00e9ration internationale recommandant la candidature de l\u2019Afrique du Sud. Au d\u00e9triment de la France et de l\u2019Irlande. La France et l\u2019Afrique du Sud sont sorties premi\u00e8res ex \u00e6quo du premier tour de scrutin, avec 18 voix, contre 8 pour l\u2019Irlande. Au second tour, la France a b\u00e9n\u00e9fici\u00e9 du report de vote irlandais et obtient 24 voix contre 15 pour l\u2019Afrique du Sud.<\/p>\n<p style=\"text-align: justify;\">La France organisera donc le deuxi\u00e8me Mondial de son histoire apr\u00e8s 2007. A l\u2019\u00e9poque, les Bleus s\u2019\u00e9taient inclin\u00e9s en demi-finale face \u00e0 l\u2019Angleterre (9-14) apr\u00e8s avoir \u00e9limin\u00e9 les All Blacks en quart (20-18). Le XV de France a donc six ans devant lui pour relever la t\u00eate s\u2019il souhaite faire au moins aussi bien.<\/p>\n<p style=\"text-align: justify;\"><em><strong>Sylvain Leleu<\/strong><br \/>\n<\/em><a style=\"color: #000000;\" href=\"https:\/\/www.facebook.com\/sylvain.leleu.31?ref=br_rs\" target=\"_blank\" rel=\"noopener noreferrer\"><img loading=\"lazy\" decoding=\"async\" class=\"alignnone wp-image-2909\" src=\"http:\/\/dicodusport.fr\/blog\/wp-content\/uploads\/2017\/07\/logo-facebook-150x150.png\" alt=\"\" width=\"40\" height=\"40\" \/><\/a><\/p>\n<p>&nbsp;<\/p>\n","protected":false},"excerpt":{"rendered":"<p>Apr\u00e8s deux premiers \u00e9pisodes sur Sport-Inside, la s\u00e9rie Le Mois de Sylvain continue sur Dicodusport. En ce mois de novembre, nous avons eu droit \u00e0 de grandes joies, de grandes d\u00e9sillusions et des performances de tr\u00e8s haut niveau ! Au programme de ce 3e \u00e9pisode, il sera\u00a0question de tennis, de football, de patinage artistique, de [&hellip;]<\/p>\n","protected":false},"author":26,"featured_media":7895,"comment_status":"open","ping_status":"closed","sticky":false,"template":"","format":"standard","meta":{"_acf_changed":false,"_daextam_enable_autolinks":"","footnotes":""},"categories":[2,2366],"tags":[519,2291,2292,662],"class_list":["post-7858","post","type-post","status-publish","format-standard","has-post-thumbnail","hentry","category-actualites","category-multisports","tag-football-americain","tag-gabriella-papadakis","tag-guillaume-cizeron","tag-parachutisme"],"acf":[],"yoast_head":"<!-- This site is optimized with the Yoast SEO Premium plugin v26.7 (Yoast SEO v26.7) - https:\/\/yoast.com\/wordpress\/plugins\/seo\/ -->\n<title>Le Mois de Sylvain #3 - Novembre 2017 : performances et records en s\u00e9rie<\/title>\n<meta name=\"description\" content=\"Au programme de ce 3e \u00e9pisode il sera question de tennis, de football, de patinage artistique, de foot US et de rugby !\" \/>\n<meta name=\"robots\" content=\"index, follow, max-snippet:-1, max-image-preview:large, max-video-preview:-1\" \/>\n<link rel=\"canonical\" href=\"https:\/\/dicodusport.fr\/blog\/le-mois-de-sylvain-3-novembre-2017-performances-et-records-en-serie\/\" \/>\n<meta property=\"og:locale\" content=\"fr_FR\" \/>\n<meta property=\"og:type\" content=\"article\" \/>\n<meta property=\"og:title\" content=\"Le Mois de Sylvain #3 - Novembre 2017 : performances et records en s\u00e9rie\" \/>\n<meta property=\"og:description\" content=\"Au programme de ce 3e \u00e9pisode il sera question de tennis, de football, de patinage artistique, de foot US et de rugby !\" \/>\n<meta property=\"og:url\" content=\"https:\/\/dicodusport.fr\/blog\/le-mois-de-sylvain-3-novembre-2017-performances-et-records-en-serie\/\" \/>\n<meta property=\"og:site_name\" content=\"Dicodusport\" \/>\n<meta property=\"article:publisher\" content=\"https:\/\/www.facebook.com\/dicodusport\" \/>\n<meta property=\"article:published_time\" content=\"2017-11-30T11:00:52+00:00\" \/>\n<meta property=\"article:modified_time\" content=\"2017-11-30T15:07:17+00:00\" \/>\n<meta property=\"og:image\" content=\"https:\/\/dicodusport.fr\/blog\/wp-content\/uploads\/2017\/11\/Coupe-Davis.png\" \/>\n\t<meta property=\"og:image:width\" content=\"1200\" \/>\n\t<meta property=\"og:image:height\" content=\"670\" \/>\n\t<meta property=\"og:image:type\" content=\"image\/png\" \/>\n<meta name=\"author\" content=\"Sylvain\" \/>\n<meta name=\"twitter:card\" content=\"summary_large_image\" \/>\n<meta name=\"twitter:creator\" content=\"@dicodusport\" \/>\n<meta name=\"twitter:site\" content=\"@dicodusport\" \/>\n<script type=\"application\/ld+json\" class=\"yoast-schema-graph\">{\"@context\":\"https:\/\/schema.org\",\"@graph\":[{\"@type\":\"NewsArticle\",\"@id\":\"https:\/\/dicodusport.fr\/blog\/le-mois-de-sylvain-3-novembre-2017-performances-et-records-en-serie\/#article\",\"isPartOf\":{\"@id\":\"https:\/\/dicodusport.fr\/blog\/le-mois-de-sylvain-3-novembre-2017-performances-et-records-en-serie\/\"},\"author\":{\"name\":\"Sylvain\",\"@id\":\"https:\/\/dicodusport.fr\/blog\/#\/schema\/person\/0b5160bdeebad496060fe9e40cebd0ba\"},\"headline\":\"Le Mois de Sylvain #3 &#8211; Novembre 2017 : performances et records en s\u00e9rie\",\"datePublished\":\"2017-11-30T11:00:52+00:00\",\"dateModified\":\"2017-11-30T15:07:17+00:00\",\"mainEntityOfPage\":{\"@id\":\"https:\/\/dicodusport.fr\/blog\/le-mois-de-sylvain-3-novembre-2017-performances-et-records-en-serie\/\"},\"wordCount\":901,\"commentCount\":0,\"publisher\":{\"@id\":\"https:\/\/dicodusport.fr\/blog\/#organization\"},\"image\":{\"@id\":\"https:\/\/dicodusport.fr\/blog\/le-mois-de-sylvain-3-novembre-2017-performances-et-records-en-serie\/#primaryimage\"},\"thumbnailUrl\":\"https:\/\/dicodusport.fr\/blog\/wp-content\/uploads\/2017\/11\/Coupe-Davis.png\",\"keywords\":[\"football am\u00e9ricain\",\"Gabriella Papadakis\",\"Guillaume Cizeron\",\"parachutisme\"],\"articleSection\":[\"Actualit\u00e9s\",\"Multisports\"],\"inLanguage\":\"fr-FR\",\"potentialAction\":[{\"@type\":\"CommentAction\",\"name\":\"Comment\",\"target\":[\"https:\/\/dicodusport.fr\/blog\/le-mois-de-sylvain-3-novembre-2017-performances-et-records-en-serie\/#respond\"]}],\"copyrightYear\":\"2017\",\"copyrightHolder\":{\"@id\":\"https:\/\/dicodusport.fr\/blog\/#organization\"}},{\"@type\":\"WebPage\",\"@id\":\"https:\/\/dicodusport.fr\/blog\/le-mois-de-sylvain-3-novembre-2017-performances-et-records-en-serie\/\",\"url\":\"https:\/\/dicodusport.fr\/blog\/le-mois-de-sylvain-3-novembre-2017-performances-et-records-en-serie\/\",\"name\":\"Le Mois de Sylvain #3 - Novembre 2017 : performances et records en s\u00e9rie\",\"isPartOf\":{\"@id\":\"https:\/\/dicodusport.fr\/blog\/#website\"},\"primaryImageOfPage\":{\"@id\":\"https:\/\/dicodusport.fr\/blog\/le-mois-de-sylvain-3-novembre-2017-performances-et-records-en-serie\/#primaryimage\"},\"image\":{\"@id\":\"https:\/\/dicodusport.fr\/blog\/le-mois-de-sylvain-3-novembre-2017-performances-et-records-en-serie\/#primaryimage\"},\"thumbnailUrl\":\"https:\/\/dicodusport.fr\/blog\/wp-content\/uploads\/2017\/11\/Coupe-Davis.png\",\"datePublished\":\"2017-11-30T11:00:52+00:00\",\"dateModified\":\"2017-11-30T15:07:17+00:00\",\"description\":\"Au programme de ce 3e \u00e9pisode il sera question de tennis, de football, de patinage artistique, de foot US et de rugby !\",\"breadcrumb\":{\"@id\":\"https:\/\/dicodusport.fr\/blog\/le-mois-de-sylvain-3-novembre-2017-performances-et-records-en-serie\/#breadcrumb\"},\"inLanguage\":\"fr-FR\",\"potentialAction\":[{\"@type\":\"ReadAction\",\"target\":[\"https:\/\/dicodusport.fr\/blog\/le-mois-de-sylvain-3-novembre-2017-performances-et-records-en-serie\/\"]}]},{\"@type\":\"ImageObject\",\"inLanguage\":\"fr-FR\",\"@id\":\"https:\/\/dicodusport.fr\/blog\/le-mois-de-sylvain-3-novembre-2017-performances-et-records-en-serie\/#primaryimage\",\"url\":\"https:\/\/dicodusport.fr\/blog\/wp-content\/uploads\/2017\/11\/Coupe-Davis.png\",\"contentUrl\":\"https:\/\/dicodusport.fr\/blog\/wp-content\/uploads\/2017\/11\/Coupe-Davis.png\",\"width\":1200,\"height\":670},{\"@type\":\"BreadcrumbList\",\"@id\":\"https:\/\/dicodusport.fr\/blog\/le-mois-de-sylvain-3-novembre-2017-performances-et-records-en-serie\/#breadcrumb\",\"itemListElement\":[{\"@type\":\"ListItem\",\"position\":1,\"name\":\"Accueil\",\"item\":\"https:\/\/dicodusport.fr\/blog\/\"},{\"@type\":\"ListItem\",\"position\":2,\"name\":\"Le Mois de Sylvain #3 &#8211; Novembre 2017 : performances et records en s\u00e9rie\"}]},{\"@type\":\"WebSite\",\"@id\":\"https:\/\/dicodusport.fr\/blog\/#website\",\"url\":\"https:\/\/dicodusport.fr\/blog\/\",\"name\":\"Dicodusport\",\"description\":\"L&#039;encyclop\u00e9die de l&#039;actualit\u00e9 sportive\",\"publisher\":{\"@id\":\"https:\/\/dicodusport.fr\/blog\/#organization\"},\"potentialAction\":[{\"@type\":\"SearchAction\",\"target\":{\"@type\":\"EntryPoint\",\"urlTemplate\":\"https:\/\/dicodusport.fr\/blog\/?s={search_term_string}\"},\"query-input\":{\"@type\":\"PropertyValueSpecification\",\"valueRequired\":true,\"valueName\":\"search_term_string\"}}],\"inLanguage\":\"fr-FR\"},{\"@type\":\"NewsMediaOrganization\",\"@id\":\"https:\/\/dicodusport.fr\/blog\/#organization\",\"name\":\"Dicodusport\",\"url\":\"https:\/\/dicodusport.fr\/blog\/\",\"logo\":{\"@type\":\"ImageObject\",\"inLanguage\":\"fr-FR\",\"@id\":\"https:\/\/dicodusport.fr\/blog\/#\/schema\/logo\/image\/\",\"url\":\"https:\/\/dicodusport.fr\/blog\/wp-content\/uploads\/2020\/06\/cropped-LOGO-DICODUSPORT-2020-SANS-FOND-SANS-TEXTE.png\",\"contentUrl\":\"https:\/\/dicodusport.fr\/blog\/wp-content\/uploads\/2020\/06\/cropped-LOGO-DICODUSPORT-2020-SANS-FOND-SANS-TEXTE.png\",\"width\":512,\"height\":512,\"caption\":\"Dicodusport\"},\"image\":{\"@id\":\"https:\/\/dicodusport.fr\/blog\/#\/schema\/logo\/image\/\"},\"sameAs\":[\"https:\/\/www.facebook.com\/dicodusport\",\"https:\/\/x.com\/dicodusport\",\"https:\/\/www.instagram.com\/dicodusport\/\",\"https:\/\/www.youtube.com\/channel\/UC7V2KZ5sd3htJivAbA4ZG3w\"],\"description\":\"Dicodusport est l'encyclop\u00e9die de l'actualit\u00e9 sportive.\",\"email\":\"bonjour@dicodusport.fr\",\"legalName\":\"DICODUSPORT\",\"foundingDate\":\"2018-01-14\",\"vatID\":\"FR71834470973\",\"taxID\":\"83447097300043\",\"numberOfEmployees\":{\"@type\":\"QuantitativeValue\",\"minValue\":\"1\",\"maxValue\":\"10\"}},{\"@type\":\"Person\",\"@id\":\"https:\/\/dicodusport.fr\/blog\/#\/schema\/person\/0b5160bdeebad496060fe9e40cebd0ba\",\"name\":\"Sylvain\",\"image\":{\"@type\":\"ImageObject\",\"inLanguage\":\"fr-FR\",\"@id\":\"https:\/\/dicodusport.fr\/blog\/#\/schema\/person\/image\/\",\"url\":\"https:\/\/dicodusport.fr\/blog\/wp-content\/uploads\/2018\/06\/User-blue-icon-150x150.png\",\"contentUrl\":\"https:\/\/dicodusport.fr\/blog\/wp-content\/uploads\/2018\/06\/User-blue-icon-150x150.png\",\"caption\":\"Sylvain\"},\"url\":\"https:\/\/dicodusport.fr\/blog\/author\/sylvain\/\"}]}<\/script>\n<!-- \/ Yoast SEO Premium plugin. -->","yoast_head_json":{"title":"Le Mois de Sylvain #3 - Novembre 2017 : performances et records en s\u00e9rie","description":"Au programme de ce 3e \u00e9pisode il sera question de tennis, de football, de patinage artistique, de foot US et de rugby !","robots":{"index":"index","follow":"follow","max-snippet":"max-snippet:-1","max-image-preview":"max-image-preview:large","max-video-preview":"max-video-preview:-1"},"canonical":"https:\/\/dicodusport.fr\/blog\/le-mois-de-sylvain-3-novembre-2017-performances-et-records-en-serie\/","og_locale":"fr_FR","og_type":"article","og_title":"Le Mois de Sylvain #3 - Novembre 2017 : performances et records en s\u00e9rie","og_description":"Au programme de ce 3e \u00e9pisode il sera question de tennis, de football, de patinage artistique, de foot US et de rugby !","og_url":"https:\/\/dicodusport.fr\/blog\/le-mois-de-sylvain-3-novembre-2017-performances-et-records-en-serie\/","og_site_name":"Dicodusport","article_publisher":"https:\/\/www.facebook.com\/dicodusport","article_published_time":"2017-11-30T11:00:52+00:00","article_modified_time":"2017-11-30T15:07:17+00:00","og_image":[{"width":1200,"height":670,"url":"https:\/\/dicodusport.fr\/blog\/wp-content\/uploads\/2017\/11\/Coupe-Davis.png","type":"image\/png"}],"author":"Sylvain","twitter_card":"summary_large_image","twitter_creator":"@dicodusport","twitter_site":"@dicodusport","schema":{"@context":"https:\/\/schema.org","@graph":[{"@type":"NewsArticle","@id":"https:\/\/dicodusport.fr\/blog\/le-mois-de-sylvain-3-novembre-2017-performances-et-records-en-serie\/#article","isPartOf":{"@id":"https:\/\/dicodusport.fr\/blog\/le-mois-de-sylvain-3-novembre-2017-performances-et-records-en-serie\/"},"author":{"name":"Sylvain","@id":"https:\/\/dicodusport.fr\/blog\/#\/schema\/person\/0b5160bdeebad496060fe9e40cebd0ba"},"headline":"Le Mois de Sylvain #3 &#8211; Novembre 2017 : performances et records en s\u00e9rie","datePublished":"2017-11-30T11:00:52+00:00","dateModified":"2017-11-30T15:07:17+00:00","mainEntityOfPage":{"@id":"https:\/\/dicodusport.fr\/blog\/le-mois-de-sylvain-3-novembre-2017-performances-et-records-en-serie\/"},"wordCount":901,"commentCount":0,"publisher":{"@id":"https:\/\/dicodusport.fr\/blog\/#organization"},"image":{"@id":"https:\/\/dicodusport.fr\/blog\/le-mois-de-sylvain-3-novembre-2017-performances-et-records-en-serie\/#primaryimage"},"thumbnailUrl":"https:\/\/dicodusport.fr\/blog\/wp-content\/uploads\/2017\/11\/Coupe-Davis.png","keywords":["football am\u00e9ricain","Gabriella Papadakis","Guillaume Cizeron","parachutisme"],"articleSection":["Actualit\u00e9s","Multisports"],"inLanguage":"fr-FR","potentialAction":[{"@type":"CommentAction","name":"Comment","target":["https:\/\/dicodusport.fr\/blog\/le-mois-de-sylvain-3-novembre-2017-performances-et-records-en-serie\/#respond"]}],"copyrightYear":"2017","copyrightHolder":{"@id":"https:\/\/dicodusport.fr\/blog\/#organization"}},{"@type":"WebPage","@id":"https:\/\/dicodusport.fr\/blog\/le-mois-de-sylvain-3-novembre-2017-performances-et-records-en-serie\/","url":"https:\/\/dicodusport.fr\/blog\/le-mois-de-sylvain-3-novembre-2017-performances-et-records-en-serie\/","name":"Le Mois de Sylvain #3 - Novembre 2017 : performances et records en s\u00e9rie","isPartOf":{"@id":"https:\/\/dicodusport.fr\/blog\/#website"},"primaryImageOfPage":{"@id":"https:\/\/dicodusport.fr\/blog\/le-mois-de-sylvain-3-novembre-2017-performances-et-records-en-serie\/#primaryimage"},"image":{"@id":"https:\/\/dicodusport.fr\/blog\/le-mois-de-sylvain-3-novembre-2017-performances-et-records-en-serie\/#primaryimage"},"thumbnailUrl":"https:\/\/dicodusport.fr\/blog\/wp-content\/uploads\/2017\/11\/Coupe-Davis.png","datePublished":"2017-11-30T11:00:52+00:00","dateModified":"2017-11-30T15:07:17+00:00","description":"Au programme de ce 3e \u00e9pisode il sera question de tennis, de football, de patinage artistique, de foot US et de rugby !","breadcrumb":{"@id":"https:\/\/dicodusport.fr\/blog\/le-mois-de-sylvain-3-novembre-2017-performances-et-records-en-serie\/#breadcrumb"},"inLanguage":"fr-FR","potentialAction":[{"@type":"ReadAction","target":["https:\/\/dicodusport.fr\/blog\/le-mois-de-sylvain-3-novembre-2017-performances-et-records-en-serie\/"]}]},{"@type":"ImageObject","inLanguage":"fr-FR","@id":"https:\/\/dicodusport.fr\/blog\/le-mois-de-sylvain-3-novembre-2017-performances-et-records-en-serie\/#primaryimage","url":"https:\/\/dicodusport.fr\/blog\/wp-content\/uploads\/2017\/11\/Coupe-Davis.png","contentUrl":"https:\/\/dicodusport.fr\/blog\/wp-content\/uploads\/2017\/11\/Coupe-Davis.png","width":1200,"height":670},{"@type":"BreadcrumbList","@id":"https:\/\/dicodusport.fr\/blog\/le-mois-de-sylvain-3-novembre-2017-performances-et-records-en-serie\/#breadcrumb","itemListElement":[{"@type":"ListItem","position":1,"name":"Accueil","item":"https:\/\/dicodusport.fr\/blog\/"},{"@type":"ListItem","position":2,"name":"Le Mois de Sylvain #3 &#8211; Novembre 2017 : performances et records en s\u00e9rie"}]},{"@type":"WebSite","@id":"https:\/\/dicodusport.fr\/blog\/#website","url":"https:\/\/dicodusport.fr\/blog\/","name":"Dicodusport","description":"L&#039;encyclop\u00e9die de l&#039;actualit\u00e9 sportive","publisher":{"@id":"https:\/\/dicodusport.fr\/blog\/#organization"},"potentialAction":[{"@type":"SearchAction","target":{"@type":"EntryPoint","urlTemplate":"https:\/\/dicodusport.fr\/blog\/?s={search_term_string}"},"query-input":{"@type":"PropertyValueSpecification","valueRequired":true,"valueName":"search_term_string"}}],"inLanguage":"fr-FR"},{"@type":"NewsMediaOrganization","@id":"https:\/\/dicodusport.fr\/blog\/#organization","name":"Dicodusport","url":"https:\/\/dicodusport.fr\/blog\/","logo":{"@type":"ImageObject","inLanguage":"fr-FR","@id":"https:\/\/dicodusport.fr\/blog\/#\/schema\/logo\/image\/","url":"https:\/\/dicodusport.fr\/blog\/wp-content\/uploads\/2020\/06\/cropped-LOGO-DICODUSPORT-2020-SANS-FOND-SANS-TEXTE.png","contentUrl":"https:\/\/dicodusport.fr\/blog\/wp-content\/uploads\/2020\/06\/cropped-LOGO-DICODUSPORT-2020-SANS-FOND-SANS-TEXTE.png","width":512,"height":512,"caption":"Dicodusport"},"image":{"@id":"https:\/\/dicodusport.fr\/blog\/#\/schema\/logo\/image\/"},"sameAs":["https:\/\/www.facebook.com\/dicodusport","https:\/\/x.com\/dicodusport","https:\/\/www.instagram.com\/dicodusport\/","https:\/\/www.youtube.com\/channel\/UC7V2KZ5sd3htJivAbA4ZG3w"],"description":"Dicodusport est l'encyclop\u00e9die de l'actualit\u00e9 sportive.","email":"bonjour@dicodusport.fr","legalName":"DICODUSPORT","foundingDate":"2018-01-14","vatID":"FR71834470973","taxID":"83447097300043","numberOfEmployees":{"@type":"QuantitativeValue","minValue":"1","maxValue":"10"}},{"@type":"Person","@id":"https:\/\/dicodusport.fr\/blog\/#\/schema\/person\/0b5160bdeebad496060fe9e40cebd0ba","name":"Sylvain","image":{"@type":"ImageObject","inLanguage":"fr-FR","@id":"https:\/\/dicodusport.fr\/blog\/#\/schema\/person\/image\/","url":"https:\/\/dicodusport.fr\/blog\/wp-content\/uploads\/2018\/06\/User-blue-icon-150x150.png","contentUrl":"https:\/\/dicodusport.fr\/blog\/wp-content\/uploads\/2018\/06\/User-blue-icon-150x150.png","caption":"Sylvain"},"url":"https:\/\/dicodusport.fr\/blog\/author\/sylvain\/"}]}},"_links":{"self":[{"href":"https:\/\/dicodusport.fr\/blog\/wp-json\/wp\/v2\/posts\/7858","targetHints":{"allow":["GET"]}}],"collection":[{"href":"https:\/\/dicodusport.fr\/blog\/wp-json\/wp\/v2\/posts"}],"about":[{"href":"https:\/\/dicodusport.fr\/blog\/wp-json\/wp\/v2\/types\/post"}],"author":[{"embeddable":true,"href":"https:\/\/dicodusport.fr\/blog\/wp-json\/wp\/v2\/users\/26"}],"replies":[{"embeddable":true,"href":"https:\/\/dicodusport.fr\/blog\/wp-json\/wp\/v2\/comments?post=7858"}],"version-history":[{"count":0,"href":"https:\/\/dicodusport.fr\/blog\/wp-json\/wp\/v2\/posts\/7858\/revisions"}],"wp:featuredmedia":[{"embeddable":true,"href":"https:\/\/dicodusport.fr\/blog\/wp-json\/wp\/v2\/media\/7895"}],"wp:attachment":[{"href":"https:\/\/dicodusport.fr\/blog\/wp-json\/wp\/v2\/media?parent=7858"}],"wp:term":[{"taxonomy":"category","embeddable":true,"href":"https:\/\/dicodusport.fr\/blog\/wp-json\/wp\/v2\/categories?post=7858"},{"taxonomy":"post_tag","embeddable":true,"href":"https:\/\/dicodusport.fr\/blog\/wp-json\/wp\/v2\/tags?post=7858"}],"curies":[{"name":"wp","href":"https:\/\/api.w.org\/{rel}","templated":true}]}}