{"id":78637,"date":"2020-09-17T16:01:55","date_gmt":"2020-09-17T14:01:55","guid":{"rendered":"http:\/\/dicodusport.fr\/blog\/?p=78637"},"modified":"2020-09-17T17:29:44","modified_gmt":"2020-09-17T15:29:44","slug":"ce-soir-le-stade-de-reims-retrouve-l-europe","status":"publish","type":"post","link":"https:\/\/dicodusport.fr\/blog\/ce-soir-le-stade-de-reims-retrouve-l-europe\/","title":{"rendered":"Ce soir, le Stade de Reims retrouve l\u2019Europe"},"content":{"rendered":"<p style=\"text-align: justify;\"><em><strong>Face au Servette de Gen\u00e8ve ce jeudi soir (20h45, RMC Sport 1), le Stade de Reims va pouvoir faire vibrer ses fans les plus nostalgiques. 57 ans apr\u00e8s leur dernier passage en Coupe d\u2019Europe, les R\u00e9mois tenteront de passer le deuxi\u00e8me tour pr\u00e9liminaire de la Ligue Europa sur un match unique en Suisse.<\/strong><\/em><\/p>\n<h2 style=\"text-align: justify;\">Se servir de l\u2019histoire<\/h2>\n<p style=\"text-align: justify;\">Qu\u2019on se le dise, le Stade de Reims est le \u00ab\u00a0poil \u00e0 gratter\u00a0\u00bb des costauds de la <b>Ligue 1 Uber Eats<\/b>. Les R\u00e9mois emmen\u00e9s par <b>David Guion<\/b> ont r\u00e9ussi la performance de finir 6<sup>\u00e8mes<\/sup> la saison pass\u00e9e en r\u00e9alisant des performances tr\u00e8s souvent solides. Une \u00ab\u00a0<em>place europ\u00e9enne m\u00e9rit\u00e9e<\/em>\u00a0\u00bb selon <b>Jean-Pierre Caillot<\/b>, le pr\u00e9sident r\u00e9mois. La qualification du \u00ab SDR \u00bb est l\u2019occasion de se rem\u00e9morer la r\u00e9ussite du pass\u00e9 mais aussi d\u2019ouvrir un nouveau chapitre, in\u00e9dit dans l\u2019histoire r\u00e9cente du club. Pour l\u2019anecdote, la derni\u00e8re fois que le <b>Stade de Reims<\/b> remportait une victoire sur le plan continental, <b>Raymond Kopa<\/b> marquait (14 novembre 1962 face \u00e0 l\u2019Austria de Vienne). Dans un contexte particulier et in\u00e9dit en <b>Ligue Europa<\/b> (huis clos, match unique), le <b>Stade de Reims<\/b> aura la mission de faire honneur \u00e0 ses anciens et de revenir avec la victoire du Stade de Gen\u00e8ve, o\u00f9 le <b>Servette<\/b> l\u2019attend.<\/p>\n<blockquote class=\"twitter-tweet\">\n<p dir=\"ltr\" lang=\"fr\">&#x1f4cc; Jour historique !<\/p>\n<p>Nos R\u00e9mois auront ce soir l&rsquo;opportunit\u00e9 de commencer \u00e0 \u00e9crire une nouvelle page de l&rsquo;histoire stadiste &#x270d;&#xfe0f;&#x1f534;&#x26aa;&#xfe0f;<\/p>\n<p>&#x1f4fa; <a href=\"https:\/\/twitter.com\/ServetteFC?ref_src=twsrc%5Etfw\">@ServetteFC<\/a> &#x1f19a; <a href=\"https:\/\/twitter.com\/hashtag\/SDR?src=hash&amp;ref_src=twsrc%5Etfw\">#SDR<\/a> (Q2 <a href=\"https:\/\/twitter.com\/EuropaLeague?ref_src=twsrc%5Etfw\">@EuropaLeague<\/a>), une rencontre \u00e0 suivre sur <a href=\"https:\/\/twitter.com\/RMCsport?ref_src=twsrc%5Etfw\">@RMCsport<\/a> <a href=\"https:\/\/t.co\/THg50MpocT\">pic.twitter.com\/THg50MpocT<\/a><\/p>\n<p>\u2014 Stade de Reims (@StadeDeReims) <a href=\"https:\/\/twitter.com\/StadeDeReims\/status\/1306491082621030400?ref_src=twsrc%5Etfw\">September 17, 2020<\/a><\/p><\/blockquote>\n<p><script async src=\"https:\/\/platform.twitter.com\/widgets.js\" charset=\"utf-8\"><\/script><\/p>\n<h2 style=\"text-align: justify;\">Monter le niveau d\u2019un cran<\/h2>\n<p style=\"text-align: justify;\">Avec un nul (face \u00e0 Monaco) et deux d\u00e9faites (contre Lille et Angers), le <b>Stade de Reims<\/b> a d\u00e9but\u00e9 timidement sa saison en <b>Ligue 1 Uber Eats<\/b>. L\u2019entra\u00eeneur r\u00e9mois, <b>David Guion<\/b>, ne cache pas les progr\u00e8s que son \u00e9quipe va devoir faire pour l\u2019emporter\u00a0: \u00ab\u00a0<em>On sait qu&rsquo;on a de la qualit\u00e9 mais il faut que les gar\u00e7ons \u00e9l\u00e8vent leur niveau de jeu. Il faudra \u00eatre pr\u00eat d\u00e8s le d\u00e9but et jusqu&rsquo;\u00e0 la fin\u00a0\u00bb.<\/em><\/p>\n<p style=\"text-align: justify;\">Champions de <b>Ligue 2<\/b> il y a encore 3 ans, les Champenois vont vivre un grand moment historique ce soir qui va permettre \u00e0 tout un effectif de grandir, de prendre de l\u2019exp\u00e9rience, face \u00e0 un <b>Servette de Gen\u00e8ve<\/b> en bonne forme (dernier 4<sup>\u00e8me<\/sup> du championnat suisse). Montrer aussi que l\u2019Europe fait partie de l\u2019ADN du <b>Stade de Reims<\/b>.<\/p>\n<p><em><strong>Romain Delanis<br \/>\n<\/strong><\/em><em><strong><a href=\"https:\/\/twitter.com\/RDelanis\" target=\"_blank\" rel=\"noopener noreferrer\"><img loading=\"lazy\" decoding=\"async\" class=\"alignnone wp-image-2908\" src=\"http:\/\/dicodusport.fr\/blog\/wp-content\/uploads\/2017\/07\/logo-twitter-150x150.png\" alt=\"\" width=\"39\" height=\"39\" \/><\/a><\/strong><\/em><\/p>\n","protected":false},"excerpt":{"rendered":"<p>Face au Servette de Gen\u00e8ve ce soir (20h45, RMC Sport 1), le Stade de Reims va pouvoir faire vibrer ses fans les plus nostalgiques.<\/p>\n","protected":false},"author":14,"featured_media":78658,"comment_status":"open","ping_status":"closed","sticky":false,"template":"","format":"standard","meta":{"_acf_changed":false,"_daextam_enable_autolinks":"","footnotes":""},"categories":[2301],"tags":[75,4437,24,7160],"class_list":["post-78637","post","type-post","status-publish","format-standard","has-post-thumbnail","hentry","category-football","tag-football","tag-ligue-europa","tag-sport","tag-stade-de-reims"],"acf":[],"yoast_head":"<!-- This site is optimized with the Yoast SEO Premium plugin v26.7 (Yoast SEO v26.7) - https:\/\/yoast.com\/wordpress\/plugins\/seo\/ -->\n<title>Ce soir, le Stade de Reims retrouve l\u2019Europe<\/title>\n<meta name=\"description\" content=\"Face au Servette de Gen\u00e8ve ce soir (20h45, RMC Sport 1), le Stade de Reims va pouvoir faire vibrer ses fans les plus nostalgiques.\" \/>\n<meta name=\"robots\" content=\"index, follow, max-snippet:-1, max-image-preview:large, max-video-preview:-1\" \/>\n<link rel=\"canonical\" href=\"https:\/\/dicodusport.fr\/blog\/ce-soir-le-stade-de-reims-retrouve-l-europe\/\" \/>\n<meta property=\"og:locale\" content=\"fr_FR\" \/>\n<meta property=\"og:type\" content=\"article\" \/>\n<meta property=\"og:title\" content=\"Ce soir, le Stade de Reims retrouve l\u2019Europe\" \/>\n<meta property=\"og:description\" content=\"Face au Servette de Gen\u00e8ve ce soir (20h45, RMC Sport 1), le Stade de Reims va pouvoir faire vibrer ses fans les plus nostalgiques.\" \/>\n<meta property=\"og:url\" content=\"https:\/\/dicodusport.fr\/blog\/ce-soir-le-stade-de-reims-retrouve-l-europe\/\" \/>\n<meta property=\"og:site_name\" content=\"Dicodusport\" \/>\n<meta property=\"article:publisher\" content=\"https:\/\/www.facebook.com\/dicodusport\" \/>\n<meta property=\"article:published_time\" content=\"2020-09-17T14:01:55+00:00\" \/>\n<meta property=\"article:modified_time\" content=\"2020-09-17T15:29:44+00:00\" \/>\n<meta property=\"og:image\" content=\"https:\/\/dicodusport.fr\/blog\/wp-content\/uploads\/2020\/09\/Ce-soir-le-Stade-de-Reims-retrouve-l\u2019Europe.png\" \/>\n\t<meta property=\"og:image:width\" content=\"800\" \/>\n\t<meta property=\"og:image:height\" content=\"445\" \/>\n\t<meta property=\"og:image:type\" content=\"image\/png\" \/>\n<meta name=\"author\" content=\"Romain Delanis\" \/>\n<meta name=\"twitter:card\" content=\"summary_large_image\" \/>\n<meta name=\"twitter:title\" content=\"Ce soir, le Stade de Reims retrouve l\u2019Europe\" \/>\n<meta name=\"twitter:creator\" content=\"@https:\/\/twitter.com\/RDelanis\" \/>\n<meta name=\"twitter:site\" content=\"@dicodusport\" \/>\n<script type=\"application\/ld+json\" class=\"yoast-schema-graph\">{\"@context\":\"https:\/\/schema.org\",\"@graph\":[{\"@type\":\"NewsArticle\",\"@id\":\"https:\/\/dicodusport.fr\/blog\/ce-soir-le-stade-de-reims-retrouve-l-europe\/#article\",\"isPartOf\":{\"@id\":\"https:\/\/dicodusport.fr\/blog\/ce-soir-le-stade-de-reims-retrouve-l-europe\/\"},\"author\":{\"name\":\"Romain Delanis\",\"@id\":\"https:\/\/dicodusport.fr\/blog\/#\/schema\/person\/8c78730a59f8a1e617f7a19026ebc14a\"},\"headline\":\"Ce soir, le Stade de Reims retrouve l\u2019Europe\",\"datePublished\":\"2020-09-17T14:01:55+00:00\",\"dateModified\":\"2020-09-17T15:29:44+00:00\",\"mainEntityOfPage\":{\"@id\":\"https:\/\/dicodusport.fr\/blog\/ce-soir-le-stade-de-reims-retrouve-l-europe\/\"},\"wordCount\":447,\"commentCount\":0,\"publisher\":{\"@id\":\"https:\/\/dicodusport.fr\/blog\/#organization\"},\"image\":{\"@id\":\"https:\/\/dicodusport.fr\/blog\/ce-soir-le-stade-de-reims-retrouve-l-europe\/#primaryimage\"},\"thumbnailUrl\":\"https:\/\/dicodusport.fr\/blog\/wp-content\/uploads\/2020\/09\/Ce-soir-le-Stade-de-Reims-retrouve-l\u2019Europe.png\",\"keywords\":[\"Football\",\"Ligue Europa\",\"sport\",\"Stade de Reims\"],\"articleSection\":[\"Football\"],\"inLanguage\":\"fr-FR\",\"potentialAction\":[{\"@type\":\"CommentAction\",\"name\":\"Comment\",\"target\":[\"https:\/\/dicodusport.fr\/blog\/ce-soir-le-stade-de-reims-retrouve-l-europe\/#respond\"]}],\"copyrightYear\":\"2020\",\"copyrightHolder\":{\"@id\":\"https:\/\/dicodusport.fr\/blog\/#organization\"}},{\"@type\":\"WebPage\",\"@id\":\"https:\/\/dicodusport.fr\/blog\/ce-soir-le-stade-de-reims-retrouve-l-europe\/\",\"url\":\"https:\/\/dicodusport.fr\/blog\/ce-soir-le-stade-de-reims-retrouve-l-europe\/\",\"name\":\"Ce soir, le Stade de Reims retrouve l\u2019Europe\",\"isPartOf\":{\"@id\":\"https:\/\/dicodusport.fr\/blog\/#website\"},\"primaryImageOfPage\":{\"@id\":\"https:\/\/dicodusport.fr\/blog\/ce-soir-le-stade-de-reims-retrouve-l-europe\/#primaryimage\"},\"image\":{\"@id\":\"https:\/\/dicodusport.fr\/blog\/ce-soir-le-stade-de-reims-retrouve-l-europe\/#primaryimage\"},\"thumbnailUrl\":\"https:\/\/dicodusport.fr\/blog\/wp-content\/uploads\/2020\/09\/Ce-soir-le-Stade-de-Reims-retrouve-l\u2019Europe.png\",\"datePublished\":\"2020-09-17T14:01:55+00:00\",\"dateModified\":\"2020-09-17T15:29:44+00:00\",\"description\":\"Face au Servette de Gen\u00e8ve ce soir (20h45, RMC Sport 1), le Stade de Reims va pouvoir faire vibrer ses fans les plus nostalgiques.\",\"breadcrumb\":{\"@id\":\"https:\/\/dicodusport.fr\/blog\/ce-soir-le-stade-de-reims-retrouve-l-europe\/#breadcrumb\"},\"inLanguage\":\"fr-FR\",\"potentialAction\":[{\"@type\":\"ReadAction\",\"target\":[\"https:\/\/dicodusport.fr\/blog\/ce-soir-le-stade-de-reims-retrouve-l-europe\/\"]}]},{\"@type\":\"ImageObject\",\"inLanguage\":\"fr-FR\",\"@id\":\"https:\/\/dicodusport.fr\/blog\/ce-soir-le-stade-de-reims-retrouve-l-europe\/#primaryimage\",\"url\":\"https:\/\/dicodusport.fr\/blog\/wp-content\/uploads\/2020\/09\/Ce-soir-le-Stade-de-Reims-retrouve-l\u2019Europe.png\",\"contentUrl\":\"https:\/\/dicodusport.fr\/blog\/wp-content\/uploads\/2020\/09\/Ce-soir-le-Stade-de-Reims-retrouve-l\u2019Europe.png\",\"width\":800,\"height\":445,\"caption\":\"Ce soir, le Stade de Reims retrouve l\u2019Europe\"},{\"@type\":\"BreadcrumbList\",\"@id\":\"https:\/\/dicodusport.fr\/blog\/ce-soir-le-stade-de-reims-retrouve-l-europe\/#breadcrumb\",\"itemListElement\":[{\"@type\":\"ListItem\",\"position\":1,\"name\":\"Accueil\",\"item\":\"https:\/\/dicodusport.fr\/blog\/\"},{\"@type\":\"ListItem\",\"position\":2,\"name\":\"Ce soir, le Stade de Reims retrouve l\u2019Europe\"}]},{\"@type\":\"WebSite\",\"@id\":\"https:\/\/dicodusport.fr\/blog\/#website\",\"url\":\"https:\/\/dicodusport.fr\/blog\/\",\"name\":\"Dicodusport\",\"description\":\"L&#039;encyclop\u00e9die de l&#039;actualit\u00e9 sportive\",\"publisher\":{\"@id\":\"https:\/\/dicodusport.fr\/blog\/#organization\"},\"potentialAction\":[{\"@type\":\"SearchAction\",\"target\":{\"@type\":\"EntryPoint\",\"urlTemplate\":\"https:\/\/dicodusport.fr\/blog\/?s={search_term_string}\"},\"query-input\":{\"@type\":\"PropertyValueSpecification\",\"valueRequired\":true,\"valueName\":\"search_term_string\"}}],\"inLanguage\":\"fr-FR\"},{\"@type\":\"NewsMediaOrganization\",\"@id\":\"https:\/\/dicodusport.fr\/blog\/#organization\",\"name\":\"Dicodusport\",\"url\":\"https:\/\/dicodusport.fr\/blog\/\",\"logo\":{\"@type\":\"ImageObject\",\"inLanguage\":\"fr-FR\",\"@id\":\"https:\/\/dicodusport.fr\/blog\/#\/schema\/logo\/image\/\",\"url\":\"https:\/\/dicodusport.fr\/blog\/wp-content\/uploads\/2020\/06\/cropped-LOGO-DICODUSPORT-2020-SANS-FOND-SANS-TEXTE.png\",\"contentUrl\":\"https:\/\/dicodusport.fr\/blog\/wp-content\/uploads\/2020\/06\/cropped-LOGO-DICODUSPORT-2020-SANS-FOND-SANS-TEXTE.png\",\"width\":512,\"height\":512,\"caption\":\"Dicodusport\"},\"image\":{\"@id\":\"https:\/\/dicodusport.fr\/blog\/#\/schema\/logo\/image\/\"},\"sameAs\":[\"https:\/\/www.facebook.com\/dicodusport\",\"https:\/\/x.com\/dicodusport\",\"https:\/\/www.instagram.com\/dicodusport\/\",\"https:\/\/www.youtube.com\/channel\/UC7V2KZ5sd3htJivAbA4ZG3w\"],\"description\":\"Dicodusport est l'encyclop\u00e9die de l'actualit\u00e9 sportive.\",\"email\":\"bonjour@dicodusport.fr\",\"legalName\":\"DICODUSPORT\",\"foundingDate\":\"2018-01-14\",\"vatID\":\"FR71834470973\",\"taxID\":\"83447097300043\",\"numberOfEmployees\":{\"@type\":\"QuantitativeValue\",\"minValue\":\"1\",\"maxValue\":\"10\"}},{\"@type\":\"Person\",\"@id\":\"https:\/\/dicodusport.fr\/blog\/#\/schema\/person\/8c78730a59f8a1e617f7a19026ebc14a\",\"name\":\"Romain Delanis\",\"image\":{\"@type\":\"ImageObject\",\"inLanguage\":\"fr-FR\",\"@id\":\"https:\/\/dicodusport.fr\/blog\/#\/schema\/person\/image\/\",\"url\":\"https:\/\/dicodusport.fr\/blog\/wp-content\/uploads\/2021\/05\/Romain-Delanis-150x150.jpg\",\"contentUrl\":\"https:\/\/dicodusport.fr\/blog\/wp-content\/uploads\/2021\/05\/Romain-Delanis-150x150.jpg\",\"caption\":\"Romain Delanis\"},\"description\":\"Journaliste\/R\u00e9dacteur depuis novembre 2015 - Capable de passer un samedi apr\u00e8s-midi devant la Ligue 2 puis le biathlon sans oublier la finale de l\u2019ATP Rotterdam, j\u2019aime aussi mettre mon r\u00e9veil pour me faire un Pistons\/Bulls qui rappelle de bons souvenirs. Tout cela, j\u2019ai choisi il y a maintenant quelques temps de vous le raconter avec Dicodusport, pour vous faire vivre ma passion parfois inconsid\u00e9r\u00e9e pour le sport en g\u00e9n\u00e9ral (mais surtout le foot faut se l\u2019avouer).\",\"sameAs\":[\"https:\/\/x.com\/https:\/\/twitter.com\/RDelanis\"],\"url\":\"https:\/\/dicodusport.fr\/blog\/author\/romain\/\"}]}<\/script>\n<!-- \/ Yoast SEO Premium plugin. -->","yoast_head_json":{"title":"Ce soir, le Stade de Reims retrouve l\u2019Europe","description":"Face au Servette de Gen\u00e8ve ce soir (20h45, RMC Sport 1), le Stade de Reims va pouvoir faire vibrer ses fans les plus nostalgiques.","robots":{"index":"index","follow":"follow","max-snippet":"max-snippet:-1","max-image-preview":"max-image-preview:large","max-video-preview":"max-video-preview:-1"},"canonical":"https:\/\/dicodusport.fr\/blog\/ce-soir-le-stade-de-reims-retrouve-l-europe\/","og_locale":"fr_FR","og_type":"article","og_title":"Ce soir, le Stade de Reims retrouve l\u2019Europe","og_description":"Face au Servette de Gen\u00e8ve ce soir (20h45, RMC Sport 1), le Stade de Reims va pouvoir faire vibrer ses fans les plus nostalgiques.","og_url":"https:\/\/dicodusport.fr\/blog\/ce-soir-le-stade-de-reims-retrouve-l-europe\/","og_site_name":"Dicodusport","article_publisher":"https:\/\/www.facebook.com\/dicodusport","article_published_time":"2020-09-17T14:01:55+00:00","article_modified_time":"2020-09-17T15:29:44+00:00","og_image":[{"width":800,"height":445,"url":"https:\/\/dicodusport.fr\/blog\/wp-content\/uploads\/2020\/09\/Ce-soir-le-Stade-de-Reims-retrouve-l\u2019Europe.png","type":"image\/png"}],"author":"Romain Delanis","twitter_card":"summary_large_image","twitter_title":"Ce soir, le Stade de Reims retrouve l\u2019Europe","twitter_creator":"@https:\/\/twitter.com\/RDelanis","twitter_site":"@dicodusport","schema":{"@context":"https:\/\/schema.org","@graph":[{"@type":"NewsArticle","@id":"https:\/\/dicodusport.fr\/blog\/ce-soir-le-stade-de-reims-retrouve-l-europe\/#article","isPartOf":{"@id":"https:\/\/dicodusport.fr\/blog\/ce-soir-le-stade-de-reims-retrouve-l-europe\/"},"author":{"name":"Romain Delanis","@id":"https:\/\/dicodusport.fr\/blog\/#\/schema\/person\/8c78730a59f8a1e617f7a19026ebc14a"},"headline":"Ce soir, le Stade de Reims retrouve l\u2019Europe","datePublished":"2020-09-17T14:01:55+00:00","dateModified":"2020-09-17T15:29:44+00:00","mainEntityOfPage":{"@id":"https:\/\/dicodusport.fr\/blog\/ce-soir-le-stade-de-reims-retrouve-l-europe\/"},"wordCount":447,"commentCount":0,"publisher":{"@id":"https:\/\/dicodusport.fr\/blog\/#organization"},"image":{"@id":"https:\/\/dicodusport.fr\/blog\/ce-soir-le-stade-de-reims-retrouve-l-europe\/#primaryimage"},"thumbnailUrl":"https:\/\/dicodusport.fr\/blog\/wp-content\/uploads\/2020\/09\/Ce-soir-le-Stade-de-Reims-retrouve-l\u2019Europe.png","keywords":["Football","Ligue Europa","sport","Stade de Reims"],"articleSection":["Football"],"inLanguage":"fr-FR","potentialAction":[{"@type":"CommentAction","name":"Comment","target":["https:\/\/dicodusport.fr\/blog\/ce-soir-le-stade-de-reims-retrouve-l-europe\/#respond"]}],"copyrightYear":"2020","copyrightHolder":{"@id":"https:\/\/dicodusport.fr\/blog\/#organization"}},{"@type":"WebPage","@id":"https:\/\/dicodusport.fr\/blog\/ce-soir-le-stade-de-reims-retrouve-l-europe\/","url":"https:\/\/dicodusport.fr\/blog\/ce-soir-le-stade-de-reims-retrouve-l-europe\/","name":"Ce soir, le Stade de Reims retrouve l\u2019Europe","isPartOf":{"@id":"https:\/\/dicodusport.fr\/blog\/#website"},"primaryImageOfPage":{"@id":"https:\/\/dicodusport.fr\/blog\/ce-soir-le-stade-de-reims-retrouve-l-europe\/#primaryimage"},"image":{"@id":"https:\/\/dicodusport.fr\/blog\/ce-soir-le-stade-de-reims-retrouve-l-europe\/#primaryimage"},"thumbnailUrl":"https:\/\/dicodusport.fr\/blog\/wp-content\/uploads\/2020\/09\/Ce-soir-le-Stade-de-Reims-retrouve-l\u2019Europe.png","datePublished":"2020-09-17T14:01:55+00:00","dateModified":"2020-09-17T15:29:44+00:00","description":"Face au Servette de Gen\u00e8ve ce soir (20h45, RMC Sport 1), le Stade de Reims va pouvoir faire vibrer ses fans les plus nostalgiques.","breadcrumb":{"@id":"https:\/\/dicodusport.fr\/blog\/ce-soir-le-stade-de-reims-retrouve-l-europe\/#breadcrumb"},"inLanguage":"fr-FR","potentialAction":[{"@type":"ReadAction","target":["https:\/\/dicodusport.fr\/blog\/ce-soir-le-stade-de-reims-retrouve-l-europe\/"]}]},{"@type":"ImageObject","inLanguage":"fr-FR","@id":"https:\/\/dicodusport.fr\/blog\/ce-soir-le-stade-de-reims-retrouve-l-europe\/#primaryimage","url":"https:\/\/dicodusport.fr\/blog\/wp-content\/uploads\/2020\/09\/Ce-soir-le-Stade-de-Reims-retrouve-l\u2019Europe.png","contentUrl":"https:\/\/dicodusport.fr\/blog\/wp-content\/uploads\/2020\/09\/Ce-soir-le-Stade-de-Reims-retrouve-l\u2019Europe.png","width":800,"height":445,"caption":"Ce soir, le Stade de Reims retrouve l\u2019Europe"},{"@type":"BreadcrumbList","@id":"https:\/\/dicodusport.fr\/blog\/ce-soir-le-stade-de-reims-retrouve-l-europe\/#breadcrumb","itemListElement":[{"@type":"ListItem","position":1,"name":"Accueil","item":"https:\/\/dicodusport.fr\/blog\/"},{"@type":"ListItem","position":2,"name":"Ce soir, le Stade de Reims retrouve l\u2019Europe"}]},{"@type":"WebSite","@id":"https:\/\/dicodusport.fr\/blog\/#website","url":"https:\/\/dicodusport.fr\/blog\/","name":"Dicodusport","description":"L&#039;encyclop\u00e9die de l&#039;actualit\u00e9 sportive","publisher":{"@id":"https:\/\/dicodusport.fr\/blog\/#organization"},"potentialAction":[{"@type":"SearchAction","target":{"@type":"EntryPoint","urlTemplate":"https:\/\/dicodusport.fr\/blog\/?s={search_term_string}"},"query-input":{"@type":"PropertyValueSpecification","valueRequired":true,"valueName":"search_term_string"}}],"inLanguage":"fr-FR"},{"@type":"NewsMediaOrganization","@id":"https:\/\/dicodusport.fr\/blog\/#organization","name":"Dicodusport","url":"https:\/\/dicodusport.fr\/blog\/","logo":{"@type":"ImageObject","inLanguage":"fr-FR","@id":"https:\/\/dicodusport.fr\/blog\/#\/schema\/logo\/image\/","url":"https:\/\/dicodusport.fr\/blog\/wp-content\/uploads\/2020\/06\/cropped-LOGO-DICODUSPORT-2020-SANS-FOND-SANS-TEXTE.png","contentUrl":"https:\/\/dicodusport.fr\/blog\/wp-content\/uploads\/2020\/06\/cropped-LOGO-DICODUSPORT-2020-SANS-FOND-SANS-TEXTE.png","width":512,"height":512,"caption":"Dicodusport"},"image":{"@id":"https:\/\/dicodusport.fr\/blog\/#\/schema\/logo\/image\/"},"sameAs":["https:\/\/www.facebook.com\/dicodusport","https:\/\/x.com\/dicodusport","https:\/\/www.instagram.com\/dicodusport\/","https:\/\/www.youtube.com\/channel\/UC7V2KZ5sd3htJivAbA4ZG3w"],"description":"Dicodusport est l'encyclop\u00e9die de l'actualit\u00e9 sportive.","email":"bonjour@dicodusport.fr","legalName":"DICODUSPORT","foundingDate":"2018-01-14","vatID":"FR71834470973","taxID":"83447097300043","numberOfEmployees":{"@type":"QuantitativeValue","minValue":"1","maxValue":"10"}},{"@type":"Person","@id":"https:\/\/dicodusport.fr\/blog\/#\/schema\/person\/8c78730a59f8a1e617f7a19026ebc14a","name":"Romain Delanis","image":{"@type":"ImageObject","inLanguage":"fr-FR","@id":"https:\/\/dicodusport.fr\/blog\/#\/schema\/person\/image\/","url":"https:\/\/dicodusport.fr\/blog\/wp-content\/uploads\/2021\/05\/Romain-Delanis-150x150.jpg","contentUrl":"https:\/\/dicodusport.fr\/blog\/wp-content\/uploads\/2021\/05\/Romain-Delanis-150x150.jpg","caption":"Romain Delanis"},"description":"Journaliste\/R\u00e9dacteur depuis novembre 2015 - Capable de passer un samedi apr\u00e8s-midi devant la Ligue 2 puis le biathlon sans oublier la finale de l\u2019ATP Rotterdam, j\u2019aime aussi mettre mon r\u00e9veil pour me faire un Pistons\/Bulls qui rappelle de bons souvenirs. Tout cela, j\u2019ai choisi il y a maintenant quelques temps de vous le raconter avec Dicodusport, pour vous faire vivre ma passion parfois inconsid\u00e9r\u00e9e pour le sport en g\u00e9n\u00e9ral (mais surtout le foot faut se l\u2019avouer).","sameAs":["https:\/\/x.com\/https:\/\/twitter.com\/RDelanis"],"url":"https:\/\/dicodusport.fr\/blog\/author\/romain\/"}]}},"_links":{"self":[{"href":"https:\/\/dicodusport.fr\/blog\/wp-json\/wp\/v2\/posts\/78637","targetHints":{"allow":["GET"]}}],"collection":[{"href":"https:\/\/dicodusport.fr\/blog\/wp-json\/wp\/v2\/posts"}],"about":[{"href":"https:\/\/dicodusport.fr\/blog\/wp-json\/wp\/v2\/types\/post"}],"author":[{"embeddable":true,"href":"https:\/\/dicodusport.fr\/blog\/wp-json\/wp\/v2\/users\/14"}],"replies":[{"embeddable":true,"href":"https:\/\/dicodusport.fr\/blog\/wp-json\/wp\/v2\/comments?post=78637"}],"version-history":[{"count":0,"href":"https:\/\/dicodusport.fr\/blog\/wp-json\/wp\/v2\/posts\/78637\/revisions"}],"wp:featuredmedia":[{"embeddable":true,"href":"https:\/\/dicodusport.fr\/blog\/wp-json\/wp\/v2\/media\/78658"}],"wp:attachment":[{"href":"https:\/\/dicodusport.fr\/blog\/wp-json\/wp\/v2\/media?parent=78637"}],"wp:term":[{"taxonomy":"category","embeddable":true,"href":"https:\/\/dicodusport.fr\/blog\/wp-json\/wp\/v2\/categories?post=78637"},{"taxonomy":"post_tag","embeddable":true,"href":"https:\/\/dicodusport.fr\/blog\/wp-json\/wp\/v2\/tags?post=78637"}],"curies":[{"name":"wp","href":"https:\/\/api.w.org\/{rel}","templated":true}]}}