{"id":78771,"date":"2020-09-18T11:53:04","date_gmt":"2020-09-18T09:53:04","guid":{"rendered":"http:\/\/dicodusport.fr\/blog\/?p=78771&#038;preview=true&#038;preview_id=78771"},"modified":"2020-09-18T13:40:34","modified_gmt":"2020-09-18T11:40:34","slug":"thibaut-pinot-forfait-pour-les-mondiaux-dimola","status":"publish","type":"post","link":"https:\/\/dicodusport.fr\/blog\/thibaut-pinot-forfait-pour-les-mondiaux-dimola\/","title":{"rendered":"Thibaut Pinot forfait pour les Mondiaux d&rsquo;Imola"},"content":{"rendered":"<p style=\"text-align: justify;\"><em><b>Alors qu&rsquo;il l&rsquo;avait inclus dans sa pr\u00e9-s\u00e9lection, Thomas Voeckler a expliqu\u00e9 \u00e0 l&rsquo;AFP que Thibaut pinot renon\u00e7ait \u00e0 participer aux championnats du monde \u00e0 Imola, le 27 septembre prochain.<\/b><\/em><\/p>\n<p style=\"text-align: justify;\">Touch\u00e9 au dos depuis la 1\u00e8re \u00e9tape, <a href=\"https:\/\/dicodusport.fr\/blog\/tour-de-france-les-amours-decus-de-thibaut-pinot-et-autres-histoires\/\" target=\"_blank\" rel=\"noopener noreferrer\"><strong>Thibaut Pinot<\/strong><\/a> (Groupama-FDJ) termine ce <a href=\"https:\/\/dicodusport.fr\/blog\/actualites\/cyclisme\/tour-de-france-2020\/\" target=\"_blank\" rel=\"noopener noreferrer\"><strong>Tour de France 2020<\/strong><\/a> tant bien que mal. Le Franc-Comtois pr\u00e9f\u00e8re renoncer aux <a href=\"https:\/\/dicodusport.fr\/blog\/actualites\/cyclisme\/imola-2020\/\" target=\"_blank\" rel=\"noopener noreferrer\"><strong>Mondiaux d&rsquo;Imola<\/strong><\/a>, pr\u00e9vus des 24 au 27 septembre. <strong>Thomas Voeckler<\/strong> l&rsquo;a d\u00e9clar\u00e9 \u00e0 l&rsquo;AFP ce vendredi matin.<\/p>\n<blockquote><p>Thibaut m&rsquo;a pr\u00e9venu ce matin, son dos le fait trop souffrir. Thibaut est honn\u00eate, il respecte l&rsquo;\u00e9quipe de France.<\/p><\/blockquote>\n<p style=\"text-align: justify;\">Avec ce forfait, en plus de celui de <strong>Romain Bardet<\/strong>, <strong>Julian Alaphilippe<\/strong> devrait \u00eatre le seul leader de l&rsquo;\u00e9quipe de France \u00e0 Imola, avec une \u00e9quipe d\u00e9vou\u00e9e \u00e0 sa cause pour le guider vers le titre.<\/p>\n<blockquote class=\"twitter-tweet\">\n<p dir=\"ltr\" lang=\"fr\">Thibaut Pinot est forfait pour <a href=\"https:\/\/twitter.com\/hashtag\/Imola2020?src=hash&amp;ref_src=twsrc%5Etfw\">#Imola2020<\/a> ! Le grimpeur fran\u00e7ais se ressent toujours de son dos et avait d\u00e9j\u00e0 annonc\u00e9 qu&rsquo;il ne souhaitait pas \u00ab\u00a0prendre la place\u00a0\u00bb d&rsquo;un gar\u00e7on plus en forme que lui.<\/p>\n<p>\u2014 Le Gruppetto (@LeGruppetto) <a href=\"https:\/\/twitter.com\/LeGruppetto\/status\/1306890080791953408?ref_src=twsrc%5Etfw\">September 18, 2020<\/a><\/p><\/blockquote>\n<p><script async src=\"https:\/\/platform.twitter.com\/widgets.js\" charset=\"utf-8\"><\/script><\/p>\n<p><strong><em>Dicodusport<br \/>\n<a href=\"https:\/\/www.facebook.com\/dicodusport\/\" target=\"_blank\" rel=\"noopener noreferrer\"><img loading=\"lazy\" decoding=\"async\" class=\"alignnone wp-image-2909\" src=\"http:\/\/dicodusport.fr\/blog\/wp-content\/uploads\/2017\/07\/logo-facebook-150x150.png\" alt=\"\" width=\"40\" height=\"40\" \/><\/a><a href=\"https:\/\/twitter.com\/dicodusport\" target=\"_blank\" rel=\"noopener noreferrer\"><img loading=\"lazy\" decoding=\"async\" class=\"alignnone wp-image-2908\" src=\"http:\/\/dicodusport.fr\/blog\/wp-content\/uploads\/2017\/07\/logo-twitter-150x150.png\" alt=\"\" width=\"39\" height=\"39\" \/><\/a><\/em><\/strong><\/p>\n","protected":false},"excerpt":{"rendered":"<p>Alors qu&rsquo;il l&rsquo;avait inclus dans sa pr\u00e9-s\u00e9lection, Thomas Voeckler a expliqu\u00e9 \u00e0 l&rsquo;AFP que Thibaut pinot renon\u00e7ait \u00e0 participer aux championnats du monde \u00e0 Imola, le 27 septembre prochain.<\/p>\n","protected":false},"author":1,"featured_media":77343,"comment_status":"open","ping_status":"closed","sticky":false,"template":"","format":"standard","meta":{"_acf_changed":false,"_daextam_enable_autolinks":"","footnotes":""},"categories":[46994],"tags":[30,4839,5218],"class_list":["post-78771","post","type-post","status-publish","format-standard","has-post-thumbnail","hentry","category-cyclisme-sur-route","tag-france","tag-thibaut-pinot","tag-thomas-voeckler"],"acf":[],"yoast_head":"<!-- This site is optimized with the Yoast SEO Premium plugin v26.7 (Yoast SEO v26.7) - https:\/\/yoast.com\/wordpress\/plugins\/seo\/ -->\n<title>Thibaut Pinot forfait pour les Mondiaux d&#039;Imola<\/title>\n<meta name=\"description\" content=\"Thomas Voeckler a expliqu\u00e9 \u00e0 l&#039;AFP que Thibaut pinot renon\u00e7ait \u00e0 participer aux championnats du monde \u00e0 Imola, le 27 septembre prochain.\" \/>\n<meta name=\"robots\" content=\"index, follow, max-snippet:-1, max-image-preview:large, max-video-preview:-1\" \/>\n<link rel=\"canonical\" href=\"https:\/\/dicodusport.fr\/blog\/thibaut-pinot-forfait-pour-les-mondiaux-dimola\/\" \/>\n<meta property=\"og:locale\" content=\"fr_FR\" \/>\n<meta property=\"og:type\" content=\"article\" \/>\n<meta property=\"og:title\" content=\"Thibaut Pinot forfait pour les Mondiaux d&#039;Imola\" \/>\n<meta property=\"og:description\" content=\"Thomas Voeckler a expliqu\u00e9 \u00e0 l&#039;AFP que Thibaut pinot renon\u00e7ait \u00e0 participer aux championnats du monde \u00e0 Imola, le 27 septembre prochain.\" \/>\n<meta property=\"og:url\" content=\"https:\/\/dicodusport.fr\/blog\/thibaut-pinot-forfait-pour-les-mondiaux-dimola\/\" \/>\n<meta property=\"og:site_name\" content=\"Dicodusport\" \/>\n<meta property=\"article:publisher\" content=\"https:\/\/www.facebook.com\/dicodusport\" \/>\n<meta property=\"article:author\" content=\"https:\/\/www.facebook.com\/dicodusport\" \/>\n<meta property=\"article:published_time\" content=\"2020-09-18T09:53:04+00:00\" \/>\n<meta property=\"article:modified_time\" content=\"2020-09-18T11:40:34+00:00\" \/>\n<meta property=\"og:image\" content=\"https:\/\/dicodusport.fr\/blog\/wp-content\/uploads\/2020\/09\/Tour-de-France-2020-Les-amours-d\u00e9\u00e7ues-de-Thibaut-Pinot-et-autres-histoires.png\" \/>\n\t<meta property=\"og:image:width\" content=\"800\" \/>\n\t<meta property=\"og:image:height\" content=\"445\" \/>\n\t<meta property=\"og:image:type\" content=\"image\/png\" \/>\n<meta name=\"author\" content=\"Nicolas Jacquemard\" \/>\n<meta name=\"twitter:card\" content=\"summary_large_image\" \/>\n<meta name=\"twitter:title\" content=\"Thibaut Pinot forfait pour les Mondiaux d&#039;Imola\" \/>\n<meta name=\"twitter:creator\" content=\"@https:\/\/twitter.com\/Nico_Jacquemard\" \/>\n<meta name=\"twitter:site\" content=\"@dicodusport\" \/>\n<script type=\"application\/ld+json\" class=\"yoast-schema-graph\">{\"@context\":\"https:\/\/schema.org\",\"@graph\":[{\"@type\":\"NewsArticle\",\"@id\":\"https:\/\/dicodusport.fr\/blog\/thibaut-pinot-forfait-pour-les-mondiaux-dimola\/#article\",\"isPartOf\":{\"@id\":\"https:\/\/dicodusport.fr\/blog\/thibaut-pinot-forfait-pour-les-mondiaux-dimola\/\"},\"author\":{\"name\":\"Nicolas Jacquemard\",\"@id\":\"https:\/\/dicodusport.fr\/blog\/#\/schema\/person\/55dcb50ad410894e431ed812bbb70191\"},\"headline\":\"Thibaut Pinot forfait pour les Mondiaux d&rsquo;Imola\",\"datePublished\":\"2020-09-18T09:53:04+00:00\",\"dateModified\":\"2020-09-18T11:40:34+00:00\",\"mainEntityOfPage\":{\"@id\":\"https:\/\/dicodusport.fr\/blog\/thibaut-pinot-forfait-pour-les-mondiaux-dimola\/\"},\"wordCount\":187,\"commentCount\":0,\"publisher\":{\"@id\":\"https:\/\/dicodusport.fr\/blog\/#organization\"},\"image\":{\"@id\":\"https:\/\/dicodusport.fr\/blog\/thibaut-pinot-forfait-pour-les-mondiaux-dimola\/#primaryimage\"},\"thumbnailUrl\":\"https:\/\/dicodusport.fr\/blog\/wp-content\/uploads\/2020\/09\/Tour-de-France-2020-Les-amours-d\u00e9\u00e7ues-de-Thibaut-Pinot-et-autres-histoires.png\",\"keywords\":[\"France\",\"Thibaut Pinot\",\"Thomas Voeckler\"],\"articleSection\":[\"Cyclisme sur route\"],\"inLanguage\":\"fr-FR\",\"potentialAction\":[{\"@type\":\"CommentAction\",\"name\":\"Comment\",\"target\":[\"https:\/\/dicodusport.fr\/blog\/thibaut-pinot-forfait-pour-les-mondiaux-dimola\/#respond\"]}],\"copyrightYear\":\"2020\",\"copyrightHolder\":{\"@id\":\"https:\/\/dicodusport.fr\/blog\/#organization\"}},{\"@type\":\"WebPage\",\"@id\":\"https:\/\/dicodusport.fr\/blog\/thibaut-pinot-forfait-pour-les-mondiaux-dimola\/\",\"url\":\"https:\/\/dicodusport.fr\/blog\/thibaut-pinot-forfait-pour-les-mondiaux-dimola\/\",\"name\":\"Thibaut Pinot forfait pour les Mondiaux d'Imola\",\"isPartOf\":{\"@id\":\"https:\/\/dicodusport.fr\/blog\/#website\"},\"primaryImageOfPage\":{\"@id\":\"https:\/\/dicodusport.fr\/blog\/thibaut-pinot-forfait-pour-les-mondiaux-dimola\/#primaryimage\"},\"image\":{\"@id\":\"https:\/\/dicodusport.fr\/blog\/thibaut-pinot-forfait-pour-les-mondiaux-dimola\/#primaryimage\"},\"thumbnailUrl\":\"https:\/\/dicodusport.fr\/blog\/wp-content\/uploads\/2020\/09\/Tour-de-France-2020-Les-amours-d\u00e9\u00e7ues-de-Thibaut-Pinot-et-autres-histoires.png\",\"datePublished\":\"2020-09-18T09:53:04+00:00\",\"dateModified\":\"2020-09-18T11:40:34+00:00\",\"description\":\"Thomas Voeckler a expliqu\u00e9 \u00e0 l'AFP que Thibaut pinot renon\u00e7ait \u00e0 participer aux championnats du monde \u00e0 Imola, le 27 septembre prochain.\",\"breadcrumb\":{\"@id\":\"https:\/\/dicodusport.fr\/blog\/thibaut-pinot-forfait-pour-les-mondiaux-dimola\/#breadcrumb\"},\"inLanguage\":\"fr-FR\",\"potentialAction\":[{\"@type\":\"ReadAction\",\"target\":[\"https:\/\/dicodusport.fr\/blog\/thibaut-pinot-forfait-pour-les-mondiaux-dimola\/\"]}]},{\"@type\":\"ImageObject\",\"inLanguage\":\"fr-FR\",\"@id\":\"https:\/\/dicodusport.fr\/blog\/thibaut-pinot-forfait-pour-les-mondiaux-dimola\/#primaryimage\",\"url\":\"https:\/\/dicodusport.fr\/blog\/wp-content\/uploads\/2020\/09\/Tour-de-France-2020-Les-amours-d\u00e9\u00e7ues-de-Thibaut-Pinot-et-autres-histoires.png\",\"contentUrl\":\"https:\/\/dicodusport.fr\/blog\/wp-content\/uploads\/2020\/09\/Tour-de-France-2020-Les-amours-d\u00e9\u00e7ues-de-Thibaut-Pinot-et-autres-histoires.png\",\"width\":800,\"height\":445,\"caption\":\"Thibaut Pinot forfait pour les Mondiaux d'Imola\"},{\"@type\":\"BreadcrumbList\",\"@id\":\"https:\/\/dicodusport.fr\/blog\/thibaut-pinot-forfait-pour-les-mondiaux-dimola\/#breadcrumb\",\"itemListElement\":[{\"@type\":\"ListItem\",\"position\":1,\"name\":\"Accueil\",\"item\":\"https:\/\/dicodusport.fr\/blog\/\"},{\"@type\":\"ListItem\",\"position\":2,\"name\":\"Thibaut Pinot forfait pour les Mondiaux d&rsquo;Imola\"}]},{\"@type\":\"WebSite\",\"@id\":\"https:\/\/dicodusport.fr\/blog\/#website\",\"url\":\"https:\/\/dicodusport.fr\/blog\/\",\"name\":\"Dicodusport\",\"description\":\"L&#039;encyclop\u00e9die de l&#039;actualit\u00e9 sportive\",\"publisher\":{\"@id\":\"https:\/\/dicodusport.fr\/blog\/#organization\"},\"potentialAction\":[{\"@type\":\"SearchAction\",\"target\":{\"@type\":\"EntryPoint\",\"urlTemplate\":\"https:\/\/dicodusport.fr\/blog\/?s={search_term_string}\"},\"query-input\":{\"@type\":\"PropertyValueSpecification\",\"valueRequired\":true,\"valueName\":\"search_term_string\"}}],\"inLanguage\":\"fr-FR\"},{\"@type\":\"NewsMediaOrganization\",\"@id\":\"https:\/\/dicodusport.fr\/blog\/#organization\",\"name\":\"Dicodusport\",\"url\":\"https:\/\/dicodusport.fr\/blog\/\",\"logo\":{\"@type\":\"ImageObject\",\"inLanguage\":\"fr-FR\",\"@id\":\"https:\/\/dicodusport.fr\/blog\/#\/schema\/logo\/image\/\",\"url\":\"https:\/\/dicodusport.fr\/blog\/wp-content\/uploads\/2020\/06\/cropped-LOGO-DICODUSPORT-2020-SANS-FOND-SANS-TEXTE.png\",\"contentUrl\":\"https:\/\/dicodusport.fr\/blog\/wp-content\/uploads\/2020\/06\/cropped-LOGO-DICODUSPORT-2020-SANS-FOND-SANS-TEXTE.png\",\"width\":512,\"height\":512,\"caption\":\"Dicodusport\"},\"image\":{\"@id\":\"https:\/\/dicodusport.fr\/blog\/#\/schema\/logo\/image\/\"},\"sameAs\":[\"https:\/\/www.facebook.com\/dicodusport\",\"https:\/\/x.com\/dicodusport\",\"https:\/\/www.instagram.com\/dicodusport\/\",\"https:\/\/www.youtube.com\/channel\/UC7V2KZ5sd3htJivAbA4ZG3w\"],\"description\":\"Dicodusport est l'encyclop\u00e9die de l'actualit\u00e9 sportive.\",\"email\":\"bonjour@dicodusport.fr\",\"legalName\":\"DICODUSPORT\",\"foundingDate\":\"2018-01-14\",\"vatID\":\"FR71834470973\",\"taxID\":\"83447097300043\",\"numberOfEmployees\":{\"@type\":\"QuantitativeValue\",\"minValue\":\"1\",\"maxValue\":\"10\"}},{\"@type\":\"Person\",\"@id\":\"https:\/\/dicodusport.fr\/blog\/#\/schema\/person\/55dcb50ad410894e431ed812bbb70191\",\"name\":\"Nicolas Jacquemard\",\"image\":{\"@type\":\"ImageObject\",\"inLanguage\":\"fr-FR\",\"@id\":\"https:\/\/dicodusport.fr\/blog\/#\/schema\/person\/image\/\",\"url\":\"https:\/\/dicodusport.fr\/blog\/wp-content\/uploads\/2021\/05\/Nicolas-Jacquemard-150x150.jpeg\",\"contentUrl\":\"https:\/\/dicodusport.fr\/blog\/wp-content\/uploads\/2021\/05\/Nicolas-Jacquemard-150x150.jpeg\",\"caption\":\"Nicolas Jacquemard\"},\"description\":\"Passionn\u00e9 de sport et entrepreneur depuis mes 18 ans, la cr\u00e9ation de Dicodusport m'a sembl\u00e9 \u00e9vidente pour participer \u00e0 la m\u00e9diatisation d'un plus grand nombre de sports. Le chemin est long mais avec une \u00e9quipe des plus motiv\u00e9es et les Jeux Olympiques de Paris 2024 en point de mire, nous y arriverons ! Journaliste dans le monde du sport depuis plus de 5 ans, je traite aussi bien de football, de rugby, de biathlon que de cyclisme.\",\"sameAs\":[\"https:\/\/www.facebook.com\/dicodusport\",\"https:\/\/x.com\/https:\/\/twitter.com\/Nico_Jacquemard\"],\"url\":\"https:\/\/dicodusport.fr\/blog\/author\/dicodusport\/\"}]}<\/script>\n<!-- \/ Yoast SEO Premium plugin. -->","yoast_head_json":{"title":"Thibaut Pinot forfait pour les Mondiaux d'Imola","description":"Thomas Voeckler a expliqu\u00e9 \u00e0 l'AFP que Thibaut pinot renon\u00e7ait \u00e0 participer aux championnats du monde \u00e0 Imola, le 27 septembre prochain.","robots":{"index":"index","follow":"follow","max-snippet":"max-snippet:-1","max-image-preview":"max-image-preview:large","max-video-preview":"max-video-preview:-1"},"canonical":"https:\/\/dicodusport.fr\/blog\/thibaut-pinot-forfait-pour-les-mondiaux-dimola\/","og_locale":"fr_FR","og_type":"article","og_title":"Thibaut Pinot forfait pour les Mondiaux d'Imola","og_description":"Thomas Voeckler a expliqu\u00e9 \u00e0 l'AFP que Thibaut pinot renon\u00e7ait \u00e0 participer aux championnats du monde \u00e0 Imola, le 27 septembre prochain.","og_url":"https:\/\/dicodusport.fr\/blog\/thibaut-pinot-forfait-pour-les-mondiaux-dimola\/","og_site_name":"Dicodusport","article_publisher":"https:\/\/www.facebook.com\/dicodusport","article_author":"https:\/\/www.facebook.com\/dicodusport","article_published_time":"2020-09-18T09:53:04+00:00","article_modified_time":"2020-09-18T11:40:34+00:00","og_image":[{"width":800,"height":445,"url":"https:\/\/dicodusport.fr\/blog\/wp-content\/uploads\/2020\/09\/Tour-de-France-2020-Les-amours-d\u00e9\u00e7ues-de-Thibaut-Pinot-et-autres-histoires.png","type":"image\/png"}],"author":"Nicolas Jacquemard","twitter_card":"summary_large_image","twitter_title":"Thibaut Pinot forfait pour les Mondiaux d'Imola","twitter_creator":"@https:\/\/twitter.com\/Nico_Jacquemard","twitter_site":"@dicodusport","schema":{"@context":"https:\/\/schema.org","@graph":[{"@type":"NewsArticle","@id":"https:\/\/dicodusport.fr\/blog\/thibaut-pinot-forfait-pour-les-mondiaux-dimola\/#article","isPartOf":{"@id":"https:\/\/dicodusport.fr\/blog\/thibaut-pinot-forfait-pour-les-mondiaux-dimola\/"},"author":{"name":"Nicolas Jacquemard","@id":"https:\/\/dicodusport.fr\/blog\/#\/schema\/person\/55dcb50ad410894e431ed812bbb70191"},"headline":"Thibaut Pinot forfait pour les Mondiaux d&rsquo;Imola","datePublished":"2020-09-18T09:53:04+00:00","dateModified":"2020-09-18T11:40:34+00:00","mainEntityOfPage":{"@id":"https:\/\/dicodusport.fr\/blog\/thibaut-pinot-forfait-pour-les-mondiaux-dimola\/"},"wordCount":187,"commentCount":0,"publisher":{"@id":"https:\/\/dicodusport.fr\/blog\/#organization"},"image":{"@id":"https:\/\/dicodusport.fr\/blog\/thibaut-pinot-forfait-pour-les-mondiaux-dimola\/#primaryimage"},"thumbnailUrl":"https:\/\/dicodusport.fr\/blog\/wp-content\/uploads\/2020\/09\/Tour-de-France-2020-Les-amours-d\u00e9\u00e7ues-de-Thibaut-Pinot-et-autres-histoires.png","keywords":["France","Thibaut Pinot","Thomas Voeckler"],"articleSection":["Cyclisme sur route"],"inLanguage":"fr-FR","potentialAction":[{"@type":"CommentAction","name":"Comment","target":["https:\/\/dicodusport.fr\/blog\/thibaut-pinot-forfait-pour-les-mondiaux-dimola\/#respond"]}],"copyrightYear":"2020","copyrightHolder":{"@id":"https:\/\/dicodusport.fr\/blog\/#organization"}},{"@type":"WebPage","@id":"https:\/\/dicodusport.fr\/blog\/thibaut-pinot-forfait-pour-les-mondiaux-dimola\/","url":"https:\/\/dicodusport.fr\/blog\/thibaut-pinot-forfait-pour-les-mondiaux-dimola\/","name":"Thibaut Pinot forfait pour les Mondiaux d'Imola","isPartOf":{"@id":"https:\/\/dicodusport.fr\/blog\/#website"},"primaryImageOfPage":{"@id":"https:\/\/dicodusport.fr\/blog\/thibaut-pinot-forfait-pour-les-mondiaux-dimola\/#primaryimage"},"image":{"@id":"https:\/\/dicodusport.fr\/blog\/thibaut-pinot-forfait-pour-les-mondiaux-dimola\/#primaryimage"},"thumbnailUrl":"https:\/\/dicodusport.fr\/blog\/wp-content\/uploads\/2020\/09\/Tour-de-France-2020-Les-amours-d\u00e9\u00e7ues-de-Thibaut-Pinot-et-autres-histoires.png","datePublished":"2020-09-18T09:53:04+00:00","dateModified":"2020-09-18T11:40:34+00:00","description":"Thomas Voeckler a expliqu\u00e9 \u00e0 l'AFP que Thibaut pinot renon\u00e7ait \u00e0 participer aux championnats du monde \u00e0 Imola, le 27 septembre prochain.","breadcrumb":{"@id":"https:\/\/dicodusport.fr\/blog\/thibaut-pinot-forfait-pour-les-mondiaux-dimola\/#breadcrumb"},"inLanguage":"fr-FR","potentialAction":[{"@type":"ReadAction","target":["https:\/\/dicodusport.fr\/blog\/thibaut-pinot-forfait-pour-les-mondiaux-dimola\/"]}]},{"@type":"ImageObject","inLanguage":"fr-FR","@id":"https:\/\/dicodusport.fr\/blog\/thibaut-pinot-forfait-pour-les-mondiaux-dimola\/#primaryimage","url":"https:\/\/dicodusport.fr\/blog\/wp-content\/uploads\/2020\/09\/Tour-de-France-2020-Les-amours-d\u00e9\u00e7ues-de-Thibaut-Pinot-et-autres-histoires.png","contentUrl":"https:\/\/dicodusport.fr\/blog\/wp-content\/uploads\/2020\/09\/Tour-de-France-2020-Les-amours-d\u00e9\u00e7ues-de-Thibaut-Pinot-et-autres-histoires.png","width":800,"height":445,"caption":"Thibaut Pinot forfait pour les Mondiaux d'Imola"},{"@type":"BreadcrumbList","@id":"https:\/\/dicodusport.fr\/blog\/thibaut-pinot-forfait-pour-les-mondiaux-dimola\/#breadcrumb","itemListElement":[{"@type":"ListItem","position":1,"name":"Accueil","item":"https:\/\/dicodusport.fr\/blog\/"},{"@type":"ListItem","position":2,"name":"Thibaut Pinot forfait pour les Mondiaux d&rsquo;Imola"}]},{"@type":"WebSite","@id":"https:\/\/dicodusport.fr\/blog\/#website","url":"https:\/\/dicodusport.fr\/blog\/","name":"Dicodusport","description":"L&#039;encyclop\u00e9die de l&#039;actualit\u00e9 sportive","publisher":{"@id":"https:\/\/dicodusport.fr\/blog\/#organization"},"potentialAction":[{"@type":"SearchAction","target":{"@type":"EntryPoint","urlTemplate":"https:\/\/dicodusport.fr\/blog\/?s={search_term_string}"},"query-input":{"@type":"PropertyValueSpecification","valueRequired":true,"valueName":"search_term_string"}}],"inLanguage":"fr-FR"},{"@type":"NewsMediaOrganization","@id":"https:\/\/dicodusport.fr\/blog\/#organization","name":"Dicodusport","url":"https:\/\/dicodusport.fr\/blog\/","logo":{"@type":"ImageObject","inLanguage":"fr-FR","@id":"https:\/\/dicodusport.fr\/blog\/#\/schema\/logo\/image\/","url":"https:\/\/dicodusport.fr\/blog\/wp-content\/uploads\/2020\/06\/cropped-LOGO-DICODUSPORT-2020-SANS-FOND-SANS-TEXTE.png","contentUrl":"https:\/\/dicodusport.fr\/blog\/wp-content\/uploads\/2020\/06\/cropped-LOGO-DICODUSPORT-2020-SANS-FOND-SANS-TEXTE.png","width":512,"height":512,"caption":"Dicodusport"},"image":{"@id":"https:\/\/dicodusport.fr\/blog\/#\/schema\/logo\/image\/"},"sameAs":["https:\/\/www.facebook.com\/dicodusport","https:\/\/x.com\/dicodusport","https:\/\/www.instagram.com\/dicodusport\/","https:\/\/www.youtube.com\/channel\/UC7V2KZ5sd3htJivAbA4ZG3w"],"description":"Dicodusport est l'encyclop\u00e9die de l'actualit\u00e9 sportive.","email":"bonjour@dicodusport.fr","legalName":"DICODUSPORT","foundingDate":"2018-01-14","vatID":"FR71834470973","taxID":"83447097300043","numberOfEmployees":{"@type":"QuantitativeValue","minValue":"1","maxValue":"10"}},{"@type":"Person","@id":"https:\/\/dicodusport.fr\/blog\/#\/schema\/person\/55dcb50ad410894e431ed812bbb70191","name":"Nicolas Jacquemard","image":{"@type":"ImageObject","inLanguage":"fr-FR","@id":"https:\/\/dicodusport.fr\/blog\/#\/schema\/person\/image\/","url":"https:\/\/dicodusport.fr\/blog\/wp-content\/uploads\/2021\/05\/Nicolas-Jacquemard-150x150.jpeg","contentUrl":"https:\/\/dicodusport.fr\/blog\/wp-content\/uploads\/2021\/05\/Nicolas-Jacquemard-150x150.jpeg","caption":"Nicolas Jacquemard"},"description":"Passionn\u00e9 de sport et entrepreneur depuis mes 18 ans, la cr\u00e9ation de Dicodusport m'a sembl\u00e9 \u00e9vidente pour participer \u00e0 la m\u00e9diatisation d'un plus grand nombre de sports. Le chemin est long mais avec une \u00e9quipe des plus motiv\u00e9es et les Jeux Olympiques de Paris 2024 en point de mire, nous y arriverons ! Journaliste dans le monde du sport depuis plus de 5 ans, je traite aussi bien de football, de rugby, de biathlon que de cyclisme.","sameAs":["https:\/\/www.facebook.com\/dicodusport","https:\/\/x.com\/https:\/\/twitter.com\/Nico_Jacquemard"],"url":"https:\/\/dicodusport.fr\/blog\/author\/dicodusport\/"}]}},"_links":{"self":[{"href":"https:\/\/dicodusport.fr\/blog\/wp-json\/wp\/v2\/posts\/78771","targetHints":{"allow":["GET"]}}],"collection":[{"href":"https:\/\/dicodusport.fr\/blog\/wp-json\/wp\/v2\/posts"}],"about":[{"href":"https:\/\/dicodusport.fr\/blog\/wp-json\/wp\/v2\/types\/post"}],"author":[{"embeddable":true,"href":"https:\/\/dicodusport.fr\/blog\/wp-json\/wp\/v2\/users\/1"}],"replies":[{"embeddable":true,"href":"https:\/\/dicodusport.fr\/blog\/wp-json\/wp\/v2\/comments?post=78771"}],"version-history":[{"count":0,"href":"https:\/\/dicodusport.fr\/blog\/wp-json\/wp\/v2\/posts\/78771\/revisions"}],"wp:featuredmedia":[{"embeddable":true,"href":"https:\/\/dicodusport.fr\/blog\/wp-json\/wp\/v2\/media\/77343"}],"wp:attachment":[{"href":"https:\/\/dicodusport.fr\/blog\/wp-json\/wp\/v2\/media?parent=78771"}],"wp:term":[{"taxonomy":"category","embeddable":true,"href":"https:\/\/dicodusport.fr\/blog\/wp-json\/wp\/v2\/categories?post=78771"},{"taxonomy":"post_tag","embeddable":true,"href":"https:\/\/dicodusport.fr\/blog\/wp-json\/wp\/v2\/tags?post=78771"}],"curies":[{"name":"wp","href":"https:\/\/api.w.org\/{rel}","templated":true}]}}