{"id":78851,"date":"2020-09-19T18:30:58","date_gmt":"2020-09-19T16:30:58","guid":{"rendered":"http:\/\/dicodusport.fr\/blog\/?p=78851&#038;preview=true&#038;preview_id=78851"},"modified":"2020-09-26T16:03:12","modified_gmt":"2020-09-26T14:03:12","slug":"wta-le-tableau-des-internationaux-de-strasbourg","status":"publish","type":"post","link":"https:\/\/dicodusport.fr\/blog\/wta-le-tableau-des-internationaux-de-strasbourg\/","title":{"rendered":"WTA \u2013 Le tableau des Internationaux de Strasbourg"},"content":{"rendered":"<p style=\"text-align: justify;\"><strong><em><a href=\"https:\/\/www.internationaux-strasbourg.fr\/fr\" target=\"_blank\" rel=\"noopener noreferrer\">Internationaux de Strasbourg<\/a> \u2013 Troisi\u00e8me et dernier tournoi sur terre battue avant Roland-Garros, le tournoi de Strasbourg se d\u00e9roule du 20 au 26 septembre. Qui succ\u00e9dera \u00e0 Yastremska ?<\/em><\/strong><\/p>\n<p style=\"text-align: justify;\">Dernier tournoi avant Roland-Garros, le tournoi international de Strasbourg accueillera des joueuses en qu\u00eate de rep\u00e8res sur terre. Plusieurs joueuses ont d\u2019ores et d\u00e9j\u00e0 d\u00e9clar\u00e9 forfait : Brady, Gorges, Kenin, Kontaveit, Putintseva, Riske, Sevastova, Saisai&#8230;<\/p>\n<p style=\"text-align: justify;\"><a href=\"https:\/\/www.wtatennis.com\/tournament\/406\/strasbourg\/2020\/draws\" target=\"_blank\" rel=\"noopener noreferrer\"><strong>Le tableau complet<\/strong><\/a><\/p>\n<h2>Finale<\/h2>\n<p><strong>Svitolina <\/strong>bat Rybakina 6-4 1-6 6-2<\/p>\n<h2 style=\"text-align: justify;\">Le tirage des Fran\u00e7aises<\/h2>\n<p style=\"text-align: justify;\"><strong>Aliz\u00e9 Cornet <\/strong>s&rsquo;est impos\u00e9e 6-3 6-4 face \u00e0 Polona Hercog puis inclin\u00e9e 3-6 6-7[8] face \u00e0 Elena Rybakina.<\/p>\n<p style=\"text-align: justify;\"><strong>Clara Burel <\/strong>s&rsquo;est impos\u00e9e 3-6 6-1 6-4 face \u00e0 Bondarenko puis inclin\u00e9e 3-6 6-7[3] face \u00e0 Zhang.<\/p>\n<p style=\"text-align: justify;\">Pour ses derniers Internationaux, <strong>Pauline Parmentier<\/strong> s&rsquo;est inclin\u00e9e 4-6 3-6 face \u00e0 Magda Linette.<\/p>\n<p>Lucky loser, <strong>Myrtille Georges<\/strong>, s&rsquo;est inclin\u00e9e 1-6 2-6 face \u00e0 Blinkova.<\/p>\n<p><strong><em>Arlette<br \/>\n<a href=\"https:\/\/twitter.com\/Shiclette94\" target=\"_blank\" rel=\"noopener noreferrer\"><img loading=\"lazy\" decoding=\"async\" class=\"alignnone wp-image-2908\" src=\"http:\/\/dicodusport.fr\/blog\/wp-content\/uploads\/2017\/07\/logo-twitter-150x150.png\" alt=\"\" width=\"39\" height=\"39\" \/><\/a><\/em><\/strong><\/p>\n","protected":false},"excerpt":{"rendered":"<p>Internationaux de Strasbourg \u2013 Troisi\u00e8me et dernier tournoi sur terre battue avant Roland-Garros, le tournoi de Strasbourg se d\u00e9roule du 20 au 26 septembre. Qui succ\u00e9dera \u00e0 Yastremska ?<\/p>\n","protected":false},"author":12,"featured_media":78850,"comment_status":"open","ping_status":"closed","sticky":false,"template":"","format":"standard","meta":{"_acf_changed":false,"_daextam_enable_autolinks":"","footnotes":""},"categories":[2302],"tags":[4785,4537,3759],"class_list":["post-78851","post","type-post","status-publish","format-standard","has-post-thumbnail","hentry","category-tennis","tag-alize-cornet","tag-internationaux-de-strasbourg","tag-pauline-parmentier"],"acf":[],"yoast_head":"<!-- This site is optimized with the Yoast SEO Premium plugin v26.7 (Yoast SEO v26.7) - https:\/\/yoast.com\/wordpress\/plugins\/seo\/ -->\n<title>WTA \u2013 Le tableau des Internationaux de Strasbourg<\/title>\n<meta name=\"description\" content=\"Troisi\u00e8me et dernier tournoi sur terre battue avant Roland-Garros, le tournoi d\u00e9butera dimanche. Qui succ\u00e9dera \u00e0 Yastremska ?\" \/>\n<meta name=\"robots\" content=\"index, follow, max-snippet:-1, max-image-preview:large, max-video-preview:-1\" \/>\n<link rel=\"canonical\" href=\"https:\/\/dicodusport.fr\/blog\/wta-le-tableau-des-internationaux-de-strasbourg\/\" \/>\n<meta property=\"og:locale\" content=\"fr_FR\" \/>\n<meta property=\"og:type\" content=\"article\" \/>\n<meta property=\"og:title\" content=\"WTA \u2013 Le tableau des Internationaux de Strasbourg\" \/>\n<meta property=\"og:description\" content=\"Troisi\u00e8me et dernier tournoi sur terre battue avant Roland-Garros, le tournoi d\u00e9butera dimanche. Qui succ\u00e9dera \u00e0 Yastremska ?\" \/>\n<meta property=\"og:url\" content=\"https:\/\/dicodusport.fr\/blog\/wta-le-tableau-des-internationaux-de-strasbourg\/\" \/>\n<meta property=\"og:site_name\" content=\"Dicodusport\" \/>\n<meta property=\"article:publisher\" content=\"https:\/\/www.facebook.com\/dicodusport\" \/>\n<meta property=\"article:published_time\" content=\"2020-09-19T16:30:58+00:00\" \/>\n<meta property=\"article:modified_time\" content=\"2020-09-26T14:03:12+00:00\" \/>\n<meta property=\"og:image\" content=\"https:\/\/dicodusport.fr\/blog\/wp-content\/uploads\/2020\/09\/Yastremska.jpeg\" \/>\n\t<meta property=\"og:image:width\" content=\"800\" \/>\n\t<meta property=\"og:image:height\" content=\"440\" \/>\n\t<meta property=\"og:image:type\" content=\"image\/jpeg\" \/>\n<meta name=\"author\" content=\"Arlette Yeye\" \/>\n<meta name=\"twitter:card\" content=\"summary_large_image\" \/>\n<meta name=\"twitter:title\" content=\"WTA \u2013 Le tableau des Internationaux de Strasbourg\" \/>\n<meta name=\"twitter:creator\" content=\"@https:\/\/twitter.com\/Shiclette94\" \/>\n<meta name=\"twitter:site\" content=\"@dicodusport\" \/>\n<script type=\"application\/ld+json\" class=\"yoast-schema-graph\">{\"@context\":\"https:\/\/schema.org\",\"@graph\":[{\"@type\":\"NewsArticle\",\"@id\":\"https:\/\/dicodusport.fr\/blog\/wta-le-tableau-des-internationaux-de-strasbourg\/#article\",\"isPartOf\":{\"@id\":\"https:\/\/dicodusport.fr\/blog\/wta-le-tableau-des-internationaux-de-strasbourg\/\"},\"author\":{\"name\":\"Arlette Yeye\",\"@id\":\"https:\/\/dicodusport.fr\/blog\/#\/schema\/person\/cce96fa88785bd8573e3d43078ac8c79\"},\"headline\":\"WTA \u2013 Le tableau des Internationaux de Strasbourg\",\"datePublished\":\"2020-09-19T16:30:58+00:00\",\"dateModified\":\"2020-09-26T14:03:12+00:00\",\"mainEntityOfPage\":{\"@id\":\"https:\/\/dicodusport.fr\/blog\/wta-le-tableau-des-internationaux-de-strasbourg\/\"},\"wordCount\":153,\"commentCount\":0,\"publisher\":{\"@id\":\"https:\/\/dicodusport.fr\/blog\/#organization\"},\"image\":{\"@id\":\"https:\/\/dicodusport.fr\/blog\/wta-le-tableau-des-internationaux-de-strasbourg\/#primaryimage\"},\"thumbnailUrl\":\"https:\/\/dicodusport.fr\/blog\/wp-content\/uploads\/2020\/09\/Yastremska.jpeg\",\"keywords\":[\"Aliz\u00e9 Cornet\",\"internationaux de strasbourg\",\"Pauline Parmentier\"],\"articleSection\":[\"Tennis\"],\"inLanguage\":\"fr-FR\",\"potentialAction\":[{\"@type\":\"CommentAction\",\"name\":\"Comment\",\"target\":[\"https:\/\/dicodusport.fr\/blog\/wta-le-tableau-des-internationaux-de-strasbourg\/#respond\"]}],\"copyrightYear\":\"2020\",\"copyrightHolder\":{\"@id\":\"https:\/\/dicodusport.fr\/blog\/#organization\"}},{\"@type\":\"WebPage\",\"@id\":\"https:\/\/dicodusport.fr\/blog\/wta-le-tableau-des-internationaux-de-strasbourg\/\",\"url\":\"https:\/\/dicodusport.fr\/blog\/wta-le-tableau-des-internationaux-de-strasbourg\/\",\"name\":\"WTA \u2013 Le tableau des Internationaux de Strasbourg\",\"isPartOf\":{\"@id\":\"https:\/\/dicodusport.fr\/blog\/#website\"},\"primaryImageOfPage\":{\"@id\":\"https:\/\/dicodusport.fr\/blog\/wta-le-tableau-des-internationaux-de-strasbourg\/#primaryimage\"},\"image\":{\"@id\":\"https:\/\/dicodusport.fr\/blog\/wta-le-tableau-des-internationaux-de-strasbourg\/#primaryimage\"},\"thumbnailUrl\":\"https:\/\/dicodusport.fr\/blog\/wp-content\/uploads\/2020\/09\/Yastremska.jpeg\",\"datePublished\":\"2020-09-19T16:30:58+00:00\",\"dateModified\":\"2020-09-26T14:03:12+00:00\",\"description\":\"Troisi\u00e8me et dernier tournoi sur terre battue avant Roland-Garros, le tournoi d\u00e9butera dimanche. Qui succ\u00e9dera \u00e0 Yastremska ?\",\"breadcrumb\":{\"@id\":\"https:\/\/dicodusport.fr\/blog\/wta-le-tableau-des-internationaux-de-strasbourg\/#breadcrumb\"},\"inLanguage\":\"fr-FR\",\"potentialAction\":[{\"@type\":\"ReadAction\",\"target\":[\"https:\/\/dicodusport.fr\/blog\/wta-le-tableau-des-internationaux-de-strasbourg\/\"]}]},{\"@type\":\"ImageObject\",\"inLanguage\":\"fr-FR\",\"@id\":\"https:\/\/dicodusport.fr\/blog\/wta-le-tableau-des-internationaux-de-strasbourg\/#primaryimage\",\"url\":\"https:\/\/dicodusport.fr\/blog\/wp-content\/uploads\/2020\/09\/Yastremska.jpeg\",\"contentUrl\":\"https:\/\/dicodusport.fr\/blog\/wp-content\/uploads\/2020\/09\/Yastremska.jpeg\",\"width\":800,\"height\":440},{\"@type\":\"BreadcrumbList\",\"@id\":\"https:\/\/dicodusport.fr\/blog\/wta-le-tableau-des-internationaux-de-strasbourg\/#breadcrumb\",\"itemListElement\":[{\"@type\":\"ListItem\",\"position\":1,\"name\":\"Accueil\",\"item\":\"https:\/\/dicodusport.fr\/blog\/\"},{\"@type\":\"ListItem\",\"position\":2,\"name\":\"WTA \u2013 Le tableau des Internationaux de Strasbourg\"}]},{\"@type\":\"WebSite\",\"@id\":\"https:\/\/dicodusport.fr\/blog\/#website\",\"url\":\"https:\/\/dicodusport.fr\/blog\/\",\"name\":\"Dicodusport\",\"description\":\"L&#039;encyclop\u00e9die de l&#039;actualit\u00e9 sportive\",\"publisher\":{\"@id\":\"https:\/\/dicodusport.fr\/blog\/#organization\"},\"potentialAction\":[{\"@type\":\"SearchAction\",\"target\":{\"@type\":\"EntryPoint\",\"urlTemplate\":\"https:\/\/dicodusport.fr\/blog\/?s={search_term_string}\"},\"query-input\":{\"@type\":\"PropertyValueSpecification\",\"valueRequired\":true,\"valueName\":\"search_term_string\"}}],\"inLanguage\":\"fr-FR\"},{\"@type\":\"NewsMediaOrganization\",\"@id\":\"https:\/\/dicodusport.fr\/blog\/#organization\",\"name\":\"Dicodusport\",\"url\":\"https:\/\/dicodusport.fr\/blog\/\",\"logo\":{\"@type\":\"ImageObject\",\"inLanguage\":\"fr-FR\",\"@id\":\"https:\/\/dicodusport.fr\/blog\/#\/schema\/logo\/image\/\",\"url\":\"https:\/\/dicodusport.fr\/blog\/wp-content\/uploads\/2020\/06\/cropped-LOGO-DICODUSPORT-2020-SANS-FOND-SANS-TEXTE.png\",\"contentUrl\":\"https:\/\/dicodusport.fr\/blog\/wp-content\/uploads\/2020\/06\/cropped-LOGO-DICODUSPORT-2020-SANS-FOND-SANS-TEXTE.png\",\"width\":512,\"height\":512,\"caption\":\"Dicodusport\"},\"image\":{\"@id\":\"https:\/\/dicodusport.fr\/blog\/#\/schema\/logo\/image\/\"},\"sameAs\":[\"https:\/\/www.facebook.com\/dicodusport\",\"https:\/\/x.com\/dicodusport\",\"https:\/\/www.instagram.com\/dicodusport\/\",\"https:\/\/www.youtube.com\/channel\/UC7V2KZ5sd3htJivAbA4ZG3w\"],\"description\":\"Dicodusport est l'encyclop\u00e9die de l'actualit\u00e9 sportive.\",\"email\":\"bonjour@dicodusport.fr\",\"legalName\":\"DICODUSPORT\",\"foundingDate\":\"2018-01-14\",\"vatID\":\"FR71834470973\",\"taxID\":\"83447097300043\",\"numberOfEmployees\":{\"@type\":\"QuantitativeValue\",\"minValue\":\"1\",\"maxValue\":\"10\"}},{\"@type\":\"Person\",\"@id\":\"https:\/\/dicodusport.fr\/blog\/#\/schema\/person\/cce96fa88785bd8573e3d43078ac8c79\",\"name\":\"Arlette Yeye\",\"image\":{\"@type\":\"ImageObject\",\"inLanguage\":\"fr-FR\",\"@id\":\"https:\/\/dicodusport.fr\/blog\/#\/schema\/person\/image\/\",\"url\":\"https:\/\/secure.gravatar.com\/avatar\/dca4a6239e6d708e46c45d60e160de6c?s=96&d=wp_user_avatar&r=g\",\"contentUrl\":\"https:\/\/secure.gravatar.com\/avatar\/dca4a6239e6d708e46c45d60e160de6c?s=96&d=wp_user_avatar&r=g\",\"caption\":\"Arlette Yeye\"},\"description\":\"Journaliste\/r\u00e9dactrice depuis septembre 2015 - Supportrice de Chelsea, j'ai pour sports de pr\u00e9dilection le handball, l'athl\u00e9tisme et le tennis. Si je tweete plus vite que mon ombre, vous pouvez aussi me retrouver les week-ends sur les playgrounds de Bruxelles pour un petit foot ou basket entre potes. Parcourir la France, l'Europe et plus si affinit\u00e9s pour suivre mes sportifs pr\u00e9f\u00e9r\u00e9s ? Mon kif ! Et c'est avec plaisir que je partage les r\u00e9sultats des sports populaires mais \u00e9galement plus confidentiels pour Dicodusport.\",\"sameAs\":[\"https:\/\/x.com\/https:\/\/twitter.com\/Shiclette94\"],\"url\":\"https:\/\/dicodusport.fr\/blog\/author\/arlette\/\"}]}<\/script>\n<!-- \/ Yoast SEO Premium plugin. -->","yoast_head_json":{"title":"WTA \u2013 Le tableau des Internationaux de Strasbourg","description":"Troisi\u00e8me et dernier tournoi sur terre battue avant Roland-Garros, le tournoi d\u00e9butera dimanche. Qui succ\u00e9dera \u00e0 Yastremska ?","robots":{"index":"index","follow":"follow","max-snippet":"max-snippet:-1","max-image-preview":"max-image-preview:large","max-video-preview":"max-video-preview:-1"},"canonical":"https:\/\/dicodusport.fr\/blog\/wta-le-tableau-des-internationaux-de-strasbourg\/","og_locale":"fr_FR","og_type":"article","og_title":"WTA \u2013 Le tableau des Internationaux de Strasbourg","og_description":"Troisi\u00e8me et dernier tournoi sur terre battue avant Roland-Garros, le tournoi d\u00e9butera dimanche. Qui succ\u00e9dera \u00e0 Yastremska ?","og_url":"https:\/\/dicodusport.fr\/blog\/wta-le-tableau-des-internationaux-de-strasbourg\/","og_site_name":"Dicodusport","article_publisher":"https:\/\/www.facebook.com\/dicodusport","article_published_time":"2020-09-19T16:30:58+00:00","article_modified_time":"2020-09-26T14:03:12+00:00","og_image":[{"width":800,"height":440,"url":"https:\/\/dicodusport.fr\/blog\/wp-content\/uploads\/2020\/09\/Yastremska.jpeg","type":"image\/jpeg"}],"author":"Arlette Yeye","twitter_card":"summary_large_image","twitter_title":"WTA \u2013 Le tableau des Internationaux de Strasbourg","twitter_creator":"@https:\/\/twitter.com\/Shiclette94","twitter_site":"@dicodusport","schema":{"@context":"https:\/\/schema.org","@graph":[{"@type":"NewsArticle","@id":"https:\/\/dicodusport.fr\/blog\/wta-le-tableau-des-internationaux-de-strasbourg\/#article","isPartOf":{"@id":"https:\/\/dicodusport.fr\/blog\/wta-le-tableau-des-internationaux-de-strasbourg\/"},"author":{"name":"Arlette Yeye","@id":"https:\/\/dicodusport.fr\/blog\/#\/schema\/person\/cce96fa88785bd8573e3d43078ac8c79"},"headline":"WTA \u2013 Le tableau des Internationaux de Strasbourg","datePublished":"2020-09-19T16:30:58+00:00","dateModified":"2020-09-26T14:03:12+00:00","mainEntityOfPage":{"@id":"https:\/\/dicodusport.fr\/blog\/wta-le-tableau-des-internationaux-de-strasbourg\/"},"wordCount":153,"commentCount":0,"publisher":{"@id":"https:\/\/dicodusport.fr\/blog\/#organization"},"image":{"@id":"https:\/\/dicodusport.fr\/blog\/wta-le-tableau-des-internationaux-de-strasbourg\/#primaryimage"},"thumbnailUrl":"https:\/\/dicodusport.fr\/blog\/wp-content\/uploads\/2020\/09\/Yastremska.jpeg","keywords":["Aliz\u00e9 Cornet","internationaux de strasbourg","Pauline Parmentier"],"articleSection":["Tennis"],"inLanguage":"fr-FR","potentialAction":[{"@type":"CommentAction","name":"Comment","target":["https:\/\/dicodusport.fr\/blog\/wta-le-tableau-des-internationaux-de-strasbourg\/#respond"]}],"copyrightYear":"2020","copyrightHolder":{"@id":"https:\/\/dicodusport.fr\/blog\/#organization"}},{"@type":"WebPage","@id":"https:\/\/dicodusport.fr\/blog\/wta-le-tableau-des-internationaux-de-strasbourg\/","url":"https:\/\/dicodusport.fr\/blog\/wta-le-tableau-des-internationaux-de-strasbourg\/","name":"WTA \u2013 Le tableau des Internationaux de Strasbourg","isPartOf":{"@id":"https:\/\/dicodusport.fr\/blog\/#website"},"primaryImageOfPage":{"@id":"https:\/\/dicodusport.fr\/blog\/wta-le-tableau-des-internationaux-de-strasbourg\/#primaryimage"},"image":{"@id":"https:\/\/dicodusport.fr\/blog\/wta-le-tableau-des-internationaux-de-strasbourg\/#primaryimage"},"thumbnailUrl":"https:\/\/dicodusport.fr\/blog\/wp-content\/uploads\/2020\/09\/Yastremska.jpeg","datePublished":"2020-09-19T16:30:58+00:00","dateModified":"2020-09-26T14:03:12+00:00","description":"Troisi\u00e8me et dernier tournoi sur terre battue avant Roland-Garros, le tournoi d\u00e9butera dimanche. Qui succ\u00e9dera \u00e0 Yastremska ?","breadcrumb":{"@id":"https:\/\/dicodusport.fr\/blog\/wta-le-tableau-des-internationaux-de-strasbourg\/#breadcrumb"},"inLanguage":"fr-FR","potentialAction":[{"@type":"ReadAction","target":["https:\/\/dicodusport.fr\/blog\/wta-le-tableau-des-internationaux-de-strasbourg\/"]}]},{"@type":"ImageObject","inLanguage":"fr-FR","@id":"https:\/\/dicodusport.fr\/blog\/wta-le-tableau-des-internationaux-de-strasbourg\/#primaryimage","url":"https:\/\/dicodusport.fr\/blog\/wp-content\/uploads\/2020\/09\/Yastremska.jpeg","contentUrl":"https:\/\/dicodusport.fr\/blog\/wp-content\/uploads\/2020\/09\/Yastremska.jpeg","width":800,"height":440},{"@type":"BreadcrumbList","@id":"https:\/\/dicodusport.fr\/blog\/wta-le-tableau-des-internationaux-de-strasbourg\/#breadcrumb","itemListElement":[{"@type":"ListItem","position":1,"name":"Accueil","item":"https:\/\/dicodusport.fr\/blog\/"},{"@type":"ListItem","position":2,"name":"WTA \u2013 Le tableau des Internationaux de Strasbourg"}]},{"@type":"WebSite","@id":"https:\/\/dicodusport.fr\/blog\/#website","url":"https:\/\/dicodusport.fr\/blog\/","name":"Dicodusport","description":"L&#039;encyclop\u00e9die de l&#039;actualit\u00e9 sportive","publisher":{"@id":"https:\/\/dicodusport.fr\/blog\/#organization"},"potentialAction":[{"@type":"SearchAction","target":{"@type":"EntryPoint","urlTemplate":"https:\/\/dicodusport.fr\/blog\/?s={search_term_string}"},"query-input":{"@type":"PropertyValueSpecification","valueRequired":true,"valueName":"search_term_string"}}],"inLanguage":"fr-FR"},{"@type":"NewsMediaOrganization","@id":"https:\/\/dicodusport.fr\/blog\/#organization","name":"Dicodusport","url":"https:\/\/dicodusport.fr\/blog\/","logo":{"@type":"ImageObject","inLanguage":"fr-FR","@id":"https:\/\/dicodusport.fr\/blog\/#\/schema\/logo\/image\/","url":"https:\/\/dicodusport.fr\/blog\/wp-content\/uploads\/2020\/06\/cropped-LOGO-DICODUSPORT-2020-SANS-FOND-SANS-TEXTE.png","contentUrl":"https:\/\/dicodusport.fr\/blog\/wp-content\/uploads\/2020\/06\/cropped-LOGO-DICODUSPORT-2020-SANS-FOND-SANS-TEXTE.png","width":512,"height":512,"caption":"Dicodusport"},"image":{"@id":"https:\/\/dicodusport.fr\/blog\/#\/schema\/logo\/image\/"},"sameAs":["https:\/\/www.facebook.com\/dicodusport","https:\/\/x.com\/dicodusport","https:\/\/www.instagram.com\/dicodusport\/","https:\/\/www.youtube.com\/channel\/UC7V2KZ5sd3htJivAbA4ZG3w"],"description":"Dicodusport est l'encyclop\u00e9die de l'actualit\u00e9 sportive.","email":"bonjour@dicodusport.fr","legalName":"DICODUSPORT","foundingDate":"2018-01-14","vatID":"FR71834470973","taxID":"83447097300043","numberOfEmployees":{"@type":"QuantitativeValue","minValue":"1","maxValue":"10"}},{"@type":"Person","@id":"https:\/\/dicodusport.fr\/blog\/#\/schema\/person\/cce96fa88785bd8573e3d43078ac8c79","name":"Arlette Yeye","image":{"@type":"ImageObject","inLanguage":"fr-FR","@id":"https:\/\/dicodusport.fr\/blog\/#\/schema\/person\/image\/","url":"https:\/\/secure.gravatar.com\/avatar\/dca4a6239e6d708e46c45d60e160de6c?s=96&d=wp_user_avatar&r=g","contentUrl":"https:\/\/secure.gravatar.com\/avatar\/dca4a6239e6d708e46c45d60e160de6c?s=96&d=wp_user_avatar&r=g","caption":"Arlette Yeye"},"description":"Journaliste\/r\u00e9dactrice depuis septembre 2015 - Supportrice de Chelsea, j'ai pour sports de pr\u00e9dilection le handball, l'athl\u00e9tisme et le tennis. Si je tweete plus vite que mon ombre, vous pouvez aussi me retrouver les week-ends sur les playgrounds de Bruxelles pour un petit foot ou basket entre potes. Parcourir la France, l'Europe et plus si affinit\u00e9s pour suivre mes sportifs pr\u00e9f\u00e9r\u00e9s ? Mon kif ! Et c'est avec plaisir que je partage les r\u00e9sultats des sports populaires mais \u00e9galement plus confidentiels pour Dicodusport.","sameAs":["https:\/\/x.com\/https:\/\/twitter.com\/Shiclette94"],"url":"https:\/\/dicodusport.fr\/blog\/author\/arlette\/"}]}},"_links":{"self":[{"href":"https:\/\/dicodusport.fr\/blog\/wp-json\/wp\/v2\/posts\/78851","targetHints":{"allow":["GET"]}}],"collection":[{"href":"https:\/\/dicodusport.fr\/blog\/wp-json\/wp\/v2\/posts"}],"about":[{"href":"https:\/\/dicodusport.fr\/blog\/wp-json\/wp\/v2\/types\/post"}],"author":[{"embeddable":true,"href":"https:\/\/dicodusport.fr\/blog\/wp-json\/wp\/v2\/users\/12"}],"replies":[{"embeddable":true,"href":"https:\/\/dicodusport.fr\/blog\/wp-json\/wp\/v2\/comments?post=78851"}],"version-history":[{"count":0,"href":"https:\/\/dicodusport.fr\/blog\/wp-json\/wp\/v2\/posts\/78851\/revisions"}],"wp:featuredmedia":[{"embeddable":true,"href":"https:\/\/dicodusport.fr\/blog\/wp-json\/wp\/v2\/media\/78850"}],"wp:attachment":[{"href":"https:\/\/dicodusport.fr\/blog\/wp-json\/wp\/v2\/media?parent=78851"}],"wp:term":[{"taxonomy":"category","embeddable":true,"href":"https:\/\/dicodusport.fr\/blog\/wp-json\/wp\/v2\/categories?post=78851"},{"taxonomy":"post_tag","embeddable":true,"href":"https:\/\/dicodusport.fr\/blog\/wp-json\/wp\/v2\/tags?post=78851"}],"curies":[{"name":"wp","href":"https:\/\/api.w.org\/{rel}","templated":true}]}}