{"id":79019,"date":"2020-09-19T23:59:32","date_gmt":"2020-09-19T21:59:32","guid":{"rendered":"http:\/\/dicodusport.fr\/blog\/?p=79019&#038;preview=true&#038;preview_id=79019"},"modified":"2021-05-11T17:08:14","modified_gmt":"2021-05-11T15:08:14","slug":"tour-de-france-2020-favoris-21eme-etape","status":"publish","type":"post","link":"https:\/\/dicodusport.fr\/blog\/tour-de-france-2020-favoris-21eme-etape\/","title":{"rendered":"Tour de France 2020 : nos favoris pour la 21\u00e8me \u00e9tape"},"content":{"rendered":"<p style=\"text-align: justify;\"><em><b>PRONOSTICS <\/b><a href=\"https:\/\/dicodusport.fr\/blog\/actualites\/cyclisme\/tour-de-france-2020\/\" target=\"_blank\" rel=\"noopener noreferrer\"><strong>TOUR DE FRANCE 2020<\/strong><\/a><b> &#8211; Apr\u00e8s la prise de pouvoir de Tadej Pogacar, les sprinteurs ont rendez-vous sur les Champs-\u00c9lys\u00e9es pour la 21\u00e8me \u00e9tape. D\u00e9couvrez nos deux favoris.<\/b><\/em><\/p>\n<h2 style=\"text-align: justify;\">Notre favori : Caleb Ewan<\/h2>\n<p style=\"text-align: justify;\">Vainqueur \u00e0 Paris l&rsquo;ann\u00e9e derni\u00e8re, le sprinteur australien a \u00e9t\u00e9 dans le dur ces derniers jours mais s&rsquo;est accroch\u00e9 pour aller chercher un deuxi\u00e8me succ\u00e8s sur les Champs-\u00c9lys\u00e9es. Il a montr\u00e9 qu&rsquo;il \u00e9tait le plus rapide quand il \u00e9tait bien plac\u00e9 sur ce Tour de France 2020.<\/p>\n<table style=\"width: 100%;\">\n<tbody>\n<tr style=\"height: 16px;\">\n<td style=\"border-color: #ffffff; background-color: #404040; width: 114.935%; text-align: left;\"><span style=\"font-size: 12px; color: #ffffff;\"><span style=\"font-size: 12px; color: #ffffff;\"><span style=\"font-size: 12px; color: #ffffff;\"><span style=\"font-size: 12px; color: #ffffff;\">Tour de France &#8211; 21\u00e8me \u00e9tape &#8211; Dimanche 20 septembre<\/span><\/span><\/span><\/span><\/td>\n<td style=\"border-color: #ffffff; background-color: #525252; width: 10%; text-align: center;\"><span style=\"font-size: 12px; color: #ffffff;\">1<\/span><\/td>\n<\/tr>\n<tr style=\"height: 24px;\">\n<td style=\"border-color: #ffffff; background-color: #ffffff; text-align: justify;\"><span style=\"font-size: 14px; color: #000000;\"><strong>Caleb Ewan<br \/>\n<\/strong><\/span><\/td>\n<td style=\"border-color: #ffffff; background-color: #ffffff;\"><span style=\"font-size: 10px;\"><a href=\"https:\/\/www.winamax.fr\/paris-sportifs\/match\/prelive\/100039?banid=33431\" class=\"su-button su-button-style-flat\" style=\"color:#FFFFFF;background-color:#b10e12;border-color:#8e0c0f;border-radius:5px\" target=\"_blank\" rel=\"noopener noreferrer\"><span style=\"color:#FFFFFF;padding:0px 16px;font-size:13px;line-height:26px;border-color:#c9575a;border-radius:5px;text-shadow:none\"> 3.80<\/span><\/a><\/span><\/td>\n<\/tr>\n<\/tbody>\n<\/table>\n<hr \/>\n<ul>\n<li style=\"text-align: justify;\"><strong>\u00c0 lire aussi &#8211; <a href=\"https:\/\/dicodusport.fr\/blog\/tour-de-france-2020-profil-21eme-etape\/\" target=\"_blank\" rel=\"noopener noreferrer\">Tour de France 2020 : le profil de la 21\u00e8me \u00e9tape<\/a><\/strong><\/li>\n<\/ul>\n<hr \/>\n<h2 style=\"text-align: justify;\">Notre coup \u00e0 tenter : Wout Van Aert<\/h2>\n<p style=\"text-align: justify;\">Tr\u00e8s impressionnant sur le contre-la-montre, le Belge est encore tr\u00e8s en forme sur cette fin de Grande Boucle. S&rsquo;il n&rsquo;est peut-\u00eatre pas le plus rapide, il peut remporter ce sprint sur la fra\u00eecheur.<\/p>\n<table style=\"width: 100%;\">\n<tbody>\n<tr style=\"height: 16px;\">\n<td style=\"border-color: #ffffff; background-color: #404040; width: 114.935%; text-align: left;\"><span style=\"font-size: 12px; color: #ffffff;\">Tour de France &#8211; 21\u00e8me \u00e9tape &#8211; Dimanche 20 septembre<\/span><\/td>\n<td style=\"border-color: #ffffff; background-color: #525252; width: 10%; text-align: center;\"><span style=\"font-size: 12px; color: #ffffff;\">1<\/span><\/td>\n<\/tr>\n<tr style=\"height: 24px;\">\n<td style=\"border-color: #ffffff; background-color: #ffffff; text-align: justify;\"><span style=\"font-size: 14px; color: #000000;\"><strong>Wout Van Aert<br \/>\n<\/strong><\/span><\/td>\n<td style=\"border-color: #ffffff; background-color: #ffffff;\"><span style=\"font-size: 10px;\"><a href=\"https:\/\/www.winamax.fr\/paris-sportifs\/match\/prelive\/100039?banid=33431\" class=\"su-button su-button-style-flat\" style=\"color:#FFFFFF;background-color:#b10e12;border-color:#8e0c0f;border-radius:5px\" target=\"_blank\" rel=\"noopener noreferrer\"><span style=\"color:#FFFFFF;padding:0px 16px;font-size:13px;line-height:26px;border-color:#c9575a;border-radius:5px;text-shadow:none\"> 6.25<\/span><\/a><\/span><\/td>\n<\/tr>\n<\/tbody>\n<\/table>\n<p><strong><em>Dicodusport<br \/>\n<a href=\"https:\/\/www.facebook.com\/dicodusport\/\" target=\"_blank\" rel=\"noopener noreferrer\"><img loading=\"lazy\" decoding=\"async\" class=\"alignnone wp-image-2909\" src=\"http:\/\/dicodusport.fr\/blog\/wp-content\/uploads\/2017\/07\/logo-facebook-150x150.png\" alt=\"\" width=\"40\" height=\"40\" \/><\/a><a href=\"https:\/\/twitter.com\/dicodusport\" target=\"_blank\" rel=\"noopener noreferrer\"><img loading=\"lazy\" decoding=\"async\" class=\"alignnone wp-image-2908\" src=\"http:\/\/dicodusport.fr\/blog\/wp-content\/uploads\/2017\/07\/logo-twitter-150x150.png\" alt=\"\" width=\"39\" height=\"39\" \/><\/a><\/em><\/strong><\/p>\n","protected":false},"excerpt":{"rendered":"<p>PRONOSTICS TOUR DE FRANCE 2020 &#8211; Apr\u00e8s la prise de pouvoir de Tadej Pogacar, les sprinteurs ont rendez-vous sur les Champs-\u00c9lys\u00e9es pour la 21\u00e8me \u00e9tape. D\u00e9couvrez nos deux favoris.<\/p>\n","protected":false},"author":1,"featured_media":77632,"comment_status":"open","ping_status":"closed","sticky":false,"template":"","format":"standard","meta":{"_acf_changed":false,"_daextam_enable_autolinks":"","footnotes":""},"categories":[46995],"tags":[1262],"class_list":["post-79019","post","type-post","status-publish","format-standard","has-post-thumbnail","hentry","category-tour-de-france","tag-tour-de-france"],"acf":[],"yoast_head":"<!-- This site is optimized with the Yoast SEO Premium plugin v26.7 (Yoast SEO v26.7) - https:\/\/yoast.com\/wordpress\/plugins\/seo\/ -->\n<title>Tour de France 2020 : nos favoris pour la 21\u00e8me \u00e9tape<\/title>\n<meta name=\"description\" content=\"PRONOSTICS TOUR DE FRANCE 2020 - Les sprinteurs ont rendez-vous sur les Champs-\u00c9lys\u00e9es pour la 21\u00e8me \u00e9tape. D\u00e9couvrez nos deux favoris.\" \/>\n<meta name=\"robots\" content=\"index, follow, max-snippet:-1, max-image-preview:large, max-video-preview:-1\" \/>\n<link rel=\"canonical\" href=\"https:\/\/dicodusport.fr\/blog\/tour-de-france-2020-favoris-21eme-etape\/\" \/>\n<meta property=\"og:locale\" content=\"fr_FR\" \/>\n<meta property=\"og:type\" content=\"article\" \/>\n<meta property=\"og:title\" content=\"Tour de France 2020 : nos favoris pour la 21\u00e8me \u00e9tape\" \/>\n<meta property=\"og:description\" content=\"PRONOSTICS TOUR DE FRANCE 2020 - Les sprinteurs ont rendez-vous sur les Champs-\u00c9lys\u00e9es pour la 21\u00e8me \u00e9tape. D\u00e9couvrez nos deux favoris.\" \/>\n<meta property=\"og:url\" content=\"https:\/\/dicodusport.fr\/blog\/tour-de-france-2020-favoris-21eme-etape\/\" \/>\n<meta property=\"og:site_name\" content=\"Dicodusport\" \/>\n<meta property=\"article:publisher\" content=\"https:\/\/www.facebook.com\/dicodusport\" \/>\n<meta property=\"article:author\" content=\"https:\/\/www.facebook.com\/dicodusport\" \/>\n<meta property=\"article:published_time\" content=\"2020-09-19T21:59:32+00:00\" \/>\n<meta property=\"article:modified_time\" content=\"2021-05-11T15:08:14+00:00\" \/>\n<meta property=\"og:image\" content=\"https:\/\/dicodusport.fr\/blog\/wp-content\/uploads\/2020\/09\/Tour-de-France-2020-Caleb-Ewan-simpose-dun-souffle-sur-la-11\u00e8me-\u00e9tape.png\" \/>\n\t<meta property=\"og:image:width\" content=\"800\" \/>\n\t<meta property=\"og:image:height\" content=\"445\" \/>\n\t<meta property=\"og:image:type\" content=\"image\/png\" \/>\n<meta name=\"author\" content=\"Nicolas Jacquemard\" \/>\n<meta name=\"twitter:card\" content=\"summary_large_image\" \/>\n<meta name=\"twitter:title\" content=\"Tour de France 2020 : nos favoris pour la 21\u00e8me \u00e9tape\" \/>\n<meta name=\"twitter:creator\" content=\"@https:\/\/twitter.com\/Nico_Jacquemard\" \/>\n<meta name=\"twitter:site\" content=\"@dicodusport\" \/>\n<script type=\"application\/ld+json\" class=\"yoast-schema-graph\">{\"@context\":\"https:\/\/schema.org\",\"@graph\":[{\"@type\":\"NewsArticle\",\"@id\":\"https:\/\/dicodusport.fr\/blog\/tour-de-france-2020-favoris-21eme-etape\/#article\",\"isPartOf\":{\"@id\":\"https:\/\/dicodusport.fr\/blog\/tour-de-france-2020-favoris-21eme-etape\/\"},\"author\":{\"name\":\"Nicolas Jacquemard\",\"@id\":\"https:\/\/dicodusport.fr\/blog\/#\/schema\/person\/55dcb50ad410894e431ed812bbb70191\"},\"headline\":\"Tour de France 2020 : nos favoris pour la 21\u00e8me \u00e9tape\",\"datePublished\":\"2020-09-19T21:59:32+00:00\",\"dateModified\":\"2021-05-11T15:08:14+00:00\",\"mainEntityOfPage\":{\"@id\":\"https:\/\/dicodusport.fr\/blog\/tour-de-france-2020-favoris-21eme-etape\/\"},\"wordCount\":224,\"commentCount\":0,\"publisher\":{\"@id\":\"https:\/\/dicodusport.fr\/blog\/#organization\"},\"image\":{\"@id\":\"https:\/\/dicodusport.fr\/blog\/tour-de-france-2020-favoris-21eme-etape\/#primaryimage\"},\"thumbnailUrl\":\"https:\/\/dicodusport.fr\/blog\/wp-content\/uploads\/2020\/09\/Tour-de-France-2020-Caleb-Ewan-simpose-dun-souffle-sur-la-11\u00e8me-\u00e9tape.png\",\"keywords\":[\"Tour de France\"],\"articleSection\":[\"Tour de France\"],\"inLanguage\":\"fr-FR\",\"potentialAction\":[{\"@type\":\"CommentAction\",\"name\":\"Comment\",\"target\":[\"https:\/\/dicodusport.fr\/blog\/tour-de-france-2020-favoris-21eme-etape\/#respond\"]}],\"copyrightYear\":\"2020\",\"copyrightHolder\":{\"@id\":\"https:\/\/dicodusport.fr\/blog\/#organization\"}},{\"@type\":\"WebPage\",\"@id\":\"https:\/\/dicodusport.fr\/blog\/tour-de-france-2020-favoris-21eme-etape\/\",\"url\":\"https:\/\/dicodusport.fr\/blog\/tour-de-france-2020-favoris-21eme-etape\/\",\"name\":\"Tour de France 2020 : nos favoris pour la 21\u00e8me \u00e9tape\",\"isPartOf\":{\"@id\":\"https:\/\/dicodusport.fr\/blog\/#website\"},\"primaryImageOfPage\":{\"@id\":\"https:\/\/dicodusport.fr\/blog\/tour-de-france-2020-favoris-21eme-etape\/#primaryimage\"},\"image\":{\"@id\":\"https:\/\/dicodusport.fr\/blog\/tour-de-france-2020-favoris-21eme-etape\/#primaryimage\"},\"thumbnailUrl\":\"https:\/\/dicodusport.fr\/blog\/wp-content\/uploads\/2020\/09\/Tour-de-France-2020-Caleb-Ewan-simpose-dun-souffle-sur-la-11\u00e8me-\u00e9tape.png\",\"datePublished\":\"2020-09-19T21:59:32+00:00\",\"dateModified\":\"2021-05-11T15:08:14+00:00\",\"description\":\"PRONOSTICS TOUR DE FRANCE 2020 - Les sprinteurs ont rendez-vous sur les Champs-\u00c9lys\u00e9es pour la 21\u00e8me \u00e9tape. D\u00e9couvrez nos deux favoris.\",\"breadcrumb\":{\"@id\":\"https:\/\/dicodusport.fr\/blog\/tour-de-france-2020-favoris-21eme-etape\/#breadcrumb\"},\"inLanguage\":\"fr-FR\",\"potentialAction\":[{\"@type\":\"ReadAction\",\"target\":[\"https:\/\/dicodusport.fr\/blog\/tour-de-france-2020-favoris-21eme-etape\/\"]}]},{\"@type\":\"ImageObject\",\"inLanguage\":\"fr-FR\",\"@id\":\"https:\/\/dicodusport.fr\/blog\/tour-de-france-2020-favoris-21eme-etape\/#primaryimage\",\"url\":\"https:\/\/dicodusport.fr\/blog\/wp-content\/uploads\/2020\/09\/Tour-de-France-2020-Caleb-Ewan-simpose-dun-souffle-sur-la-11\u00e8me-\u00e9tape.png\",\"contentUrl\":\"https:\/\/dicodusport.fr\/blog\/wp-content\/uploads\/2020\/09\/Tour-de-France-2020-Caleb-Ewan-simpose-dun-souffle-sur-la-11\u00e8me-\u00e9tape.png\",\"width\":800,\"height\":445,\"caption\":\"Tour de France 2020 : Caleb Ewan s'impose d'un souffle sur la 11\u00e8me \u00e9tape\"},{\"@type\":\"BreadcrumbList\",\"@id\":\"https:\/\/dicodusport.fr\/blog\/tour-de-france-2020-favoris-21eme-etape\/#breadcrumb\",\"itemListElement\":[{\"@type\":\"ListItem\",\"position\":1,\"name\":\"Accueil\",\"item\":\"https:\/\/dicodusport.fr\/blog\/\"},{\"@type\":\"ListItem\",\"position\":2,\"name\":\"Tour de France 2020 : nos favoris pour la 21\u00e8me \u00e9tape\"}]},{\"@type\":\"WebSite\",\"@id\":\"https:\/\/dicodusport.fr\/blog\/#website\",\"url\":\"https:\/\/dicodusport.fr\/blog\/\",\"name\":\"Dicodusport\",\"description\":\"L&#039;encyclop\u00e9die de l&#039;actualit\u00e9 sportive\",\"publisher\":{\"@id\":\"https:\/\/dicodusport.fr\/blog\/#organization\"},\"potentialAction\":[{\"@type\":\"SearchAction\",\"target\":{\"@type\":\"EntryPoint\",\"urlTemplate\":\"https:\/\/dicodusport.fr\/blog\/?s={search_term_string}\"},\"query-input\":{\"@type\":\"PropertyValueSpecification\",\"valueRequired\":true,\"valueName\":\"search_term_string\"}}],\"inLanguage\":\"fr-FR\"},{\"@type\":\"NewsMediaOrganization\",\"@id\":\"https:\/\/dicodusport.fr\/blog\/#organization\",\"name\":\"Dicodusport\",\"url\":\"https:\/\/dicodusport.fr\/blog\/\",\"logo\":{\"@type\":\"ImageObject\",\"inLanguage\":\"fr-FR\",\"@id\":\"https:\/\/dicodusport.fr\/blog\/#\/schema\/logo\/image\/\",\"url\":\"https:\/\/dicodusport.fr\/blog\/wp-content\/uploads\/2020\/06\/cropped-LOGO-DICODUSPORT-2020-SANS-FOND-SANS-TEXTE.png\",\"contentUrl\":\"https:\/\/dicodusport.fr\/blog\/wp-content\/uploads\/2020\/06\/cropped-LOGO-DICODUSPORT-2020-SANS-FOND-SANS-TEXTE.png\",\"width\":512,\"height\":512,\"caption\":\"Dicodusport\"},\"image\":{\"@id\":\"https:\/\/dicodusport.fr\/blog\/#\/schema\/logo\/image\/\"},\"sameAs\":[\"https:\/\/www.facebook.com\/dicodusport\",\"https:\/\/x.com\/dicodusport\",\"https:\/\/www.instagram.com\/dicodusport\/\",\"https:\/\/www.youtube.com\/channel\/UC7V2KZ5sd3htJivAbA4ZG3w\"],\"description\":\"Dicodusport est l'encyclop\u00e9die de l'actualit\u00e9 sportive.\",\"email\":\"bonjour@dicodusport.fr\",\"legalName\":\"DICODUSPORT\",\"foundingDate\":\"2018-01-14\",\"vatID\":\"FR71834470973\",\"taxID\":\"83447097300043\",\"numberOfEmployees\":{\"@type\":\"QuantitativeValue\",\"minValue\":\"1\",\"maxValue\":\"10\"}},{\"@type\":\"Person\",\"@id\":\"https:\/\/dicodusport.fr\/blog\/#\/schema\/person\/55dcb50ad410894e431ed812bbb70191\",\"name\":\"Nicolas Jacquemard\",\"image\":{\"@type\":\"ImageObject\",\"inLanguage\":\"fr-FR\",\"@id\":\"https:\/\/dicodusport.fr\/blog\/#\/schema\/person\/image\/\",\"url\":\"https:\/\/dicodusport.fr\/blog\/wp-content\/uploads\/2021\/05\/Nicolas-Jacquemard-150x150.jpeg\",\"contentUrl\":\"https:\/\/dicodusport.fr\/blog\/wp-content\/uploads\/2021\/05\/Nicolas-Jacquemard-150x150.jpeg\",\"caption\":\"Nicolas Jacquemard\"},\"description\":\"Passionn\u00e9 de sport et entrepreneur depuis mes 18 ans, la cr\u00e9ation de Dicodusport m'a sembl\u00e9 \u00e9vidente pour participer \u00e0 la m\u00e9diatisation d'un plus grand nombre de sports. Le chemin est long mais avec une \u00e9quipe des plus motiv\u00e9es et les Jeux Olympiques de Paris 2024 en point de mire, nous y arriverons ! Journaliste dans le monde du sport depuis plus de 5 ans, je traite aussi bien de football, de rugby, de biathlon que de cyclisme.\",\"sameAs\":[\"https:\/\/www.facebook.com\/dicodusport\",\"https:\/\/x.com\/https:\/\/twitter.com\/Nico_Jacquemard\"],\"url\":\"https:\/\/dicodusport.fr\/blog\/author\/dicodusport\/\"}]}<\/script>\n<!-- \/ Yoast SEO Premium plugin. -->","yoast_head_json":{"title":"Tour de France 2020 : nos favoris pour la 21\u00e8me \u00e9tape","description":"PRONOSTICS TOUR DE FRANCE 2020 - Les sprinteurs ont rendez-vous sur les Champs-\u00c9lys\u00e9es pour la 21\u00e8me \u00e9tape. D\u00e9couvrez nos deux favoris.","robots":{"index":"index","follow":"follow","max-snippet":"max-snippet:-1","max-image-preview":"max-image-preview:large","max-video-preview":"max-video-preview:-1"},"canonical":"https:\/\/dicodusport.fr\/blog\/tour-de-france-2020-favoris-21eme-etape\/","og_locale":"fr_FR","og_type":"article","og_title":"Tour de France 2020 : nos favoris pour la 21\u00e8me \u00e9tape","og_description":"PRONOSTICS TOUR DE FRANCE 2020 - Les sprinteurs ont rendez-vous sur les Champs-\u00c9lys\u00e9es pour la 21\u00e8me \u00e9tape. D\u00e9couvrez nos deux favoris.","og_url":"https:\/\/dicodusport.fr\/blog\/tour-de-france-2020-favoris-21eme-etape\/","og_site_name":"Dicodusport","article_publisher":"https:\/\/www.facebook.com\/dicodusport","article_author":"https:\/\/www.facebook.com\/dicodusport","article_published_time":"2020-09-19T21:59:32+00:00","article_modified_time":"2021-05-11T15:08:14+00:00","og_image":[{"width":800,"height":445,"url":"https:\/\/dicodusport.fr\/blog\/wp-content\/uploads\/2020\/09\/Tour-de-France-2020-Caleb-Ewan-simpose-dun-souffle-sur-la-11\u00e8me-\u00e9tape.png","type":"image\/png"}],"author":"Nicolas Jacquemard","twitter_card":"summary_large_image","twitter_title":"Tour de France 2020 : nos favoris pour la 21\u00e8me \u00e9tape","twitter_creator":"@https:\/\/twitter.com\/Nico_Jacquemard","twitter_site":"@dicodusport","schema":{"@context":"https:\/\/schema.org","@graph":[{"@type":"NewsArticle","@id":"https:\/\/dicodusport.fr\/blog\/tour-de-france-2020-favoris-21eme-etape\/#article","isPartOf":{"@id":"https:\/\/dicodusport.fr\/blog\/tour-de-france-2020-favoris-21eme-etape\/"},"author":{"name":"Nicolas Jacquemard","@id":"https:\/\/dicodusport.fr\/blog\/#\/schema\/person\/55dcb50ad410894e431ed812bbb70191"},"headline":"Tour de France 2020 : nos favoris pour la 21\u00e8me \u00e9tape","datePublished":"2020-09-19T21:59:32+00:00","dateModified":"2021-05-11T15:08:14+00:00","mainEntityOfPage":{"@id":"https:\/\/dicodusport.fr\/blog\/tour-de-france-2020-favoris-21eme-etape\/"},"wordCount":224,"commentCount":0,"publisher":{"@id":"https:\/\/dicodusport.fr\/blog\/#organization"},"image":{"@id":"https:\/\/dicodusport.fr\/blog\/tour-de-france-2020-favoris-21eme-etape\/#primaryimage"},"thumbnailUrl":"https:\/\/dicodusport.fr\/blog\/wp-content\/uploads\/2020\/09\/Tour-de-France-2020-Caleb-Ewan-simpose-dun-souffle-sur-la-11\u00e8me-\u00e9tape.png","keywords":["Tour de France"],"articleSection":["Tour de France"],"inLanguage":"fr-FR","potentialAction":[{"@type":"CommentAction","name":"Comment","target":["https:\/\/dicodusport.fr\/blog\/tour-de-france-2020-favoris-21eme-etape\/#respond"]}],"copyrightYear":"2020","copyrightHolder":{"@id":"https:\/\/dicodusport.fr\/blog\/#organization"}},{"@type":"WebPage","@id":"https:\/\/dicodusport.fr\/blog\/tour-de-france-2020-favoris-21eme-etape\/","url":"https:\/\/dicodusport.fr\/blog\/tour-de-france-2020-favoris-21eme-etape\/","name":"Tour de France 2020 : nos favoris pour la 21\u00e8me \u00e9tape","isPartOf":{"@id":"https:\/\/dicodusport.fr\/blog\/#website"},"primaryImageOfPage":{"@id":"https:\/\/dicodusport.fr\/blog\/tour-de-france-2020-favoris-21eme-etape\/#primaryimage"},"image":{"@id":"https:\/\/dicodusport.fr\/blog\/tour-de-france-2020-favoris-21eme-etape\/#primaryimage"},"thumbnailUrl":"https:\/\/dicodusport.fr\/blog\/wp-content\/uploads\/2020\/09\/Tour-de-France-2020-Caleb-Ewan-simpose-dun-souffle-sur-la-11\u00e8me-\u00e9tape.png","datePublished":"2020-09-19T21:59:32+00:00","dateModified":"2021-05-11T15:08:14+00:00","description":"PRONOSTICS TOUR DE FRANCE 2020 - Les sprinteurs ont rendez-vous sur les Champs-\u00c9lys\u00e9es pour la 21\u00e8me \u00e9tape. D\u00e9couvrez nos deux favoris.","breadcrumb":{"@id":"https:\/\/dicodusport.fr\/blog\/tour-de-france-2020-favoris-21eme-etape\/#breadcrumb"},"inLanguage":"fr-FR","potentialAction":[{"@type":"ReadAction","target":["https:\/\/dicodusport.fr\/blog\/tour-de-france-2020-favoris-21eme-etape\/"]}]},{"@type":"ImageObject","inLanguage":"fr-FR","@id":"https:\/\/dicodusport.fr\/blog\/tour-de-france-2020-favoris-21eme-etape\/#primaryimage","url":"https:\/\/dicodusport.fr\/blog\/wp-content\/uploads\/2020\/09\/Tour-de-France-2020-Caleb-Ewan-simpose-dun-souffle-sur-la-11\u00e8me-\u00e9tape.png","contentUrl":"https:\/\/dicodusport.fr\/blog\/wp-content\/uploads\/2020\/09\/Tour-de-France-2020-Caleb-Ewan-simpose-dun-souffle-sur-la-11\u00e8me-\u00e9tape.png","width":800,"height":445,"caption":"Tour de France 2020 : Caleb Ewan s'impose d'un souffle sur la 11\u00e8me \u00e9tape"},{"@type":"BreadcrumbList","@id":"https:\/\/dicodusport.fr\/blog\/tour-de-france-2020-favoris-21eme-etape\/#breadcrumb","itemListElement":[{"@type":"ListItem","position":1,"name":"Accueil","item":"https:\/\/dicodusport.fr\/blog\/"},{"@type":"ListItem","position":2,"name":"Tour de France 2020 : nos favoris pour la 21\u00e8me \u00e9tape"}]},{"@type":"WebSite","@id":"https:\/\/dicodusport.fr\/blog\/#website","url":"https:\/\/dicodusport.fr\/blog\/","name":"Dicodusport","description":"L&#039;encyclop\u00e9die de l&#039;actualit\u00e9 sportive","publisher":{"@id":"https:\/\/dicodusport.fr\/blog\/#organization"},"potentialAction":[{"@type":"SearchAction","target":{"@type":"EntryPoint","urlTemplate":"https:\/\/dicodusport.fr\/blog\/?s={search_term_string}"},"query-input":{"@type":"PropertyValueSpecification","valueRequired":true,"valueName":"search_term_string"}}],"inLanguage":"fr-FR"},{"@type":"NewsMediaOrganization","@id":"https:\/\/dicodusport.fr\/blog\/#organization","name":"Dicodusport","url":"https:\/\/dicodusport.fr\/blog\/","logo":{"@type":"ImageObject","inLanguage":"fr-FR","@id":"https:\/\/dicodusport.fr\/blog\/#\/schema\/logo\/image\/","url":"https:\/\/dicodusport.fr\/blog\/wp-content\/uploads\/2020\/06\/cropped-LOGO-DICODUSPORT-2020-SANS-FOND-SANS-TEXTE.png","contentUrl":"https:\/\/dicodusport.fr\/blog\/wp-content\/uploads\/2020\/06\/cropped-LOGO-DICODUSPORT-2020-SANS-FOND-SANS-TEXTE.png","width":512,"height":512,"caption":"Dicodusport"},"image":{"@id":"https:\/\/dicodusport.fr\/blog\/#\/schema\/logo\/image\/"},"sameAs":["https:\/\/www.facebook.com\/dicodusport","https:\/\/x.com\/dicodusport","https:\/\/www.instagram.com\/dicodusport\/","https:\/\/www.youtube.com\/channel\/UC7V2KZ5sd3htJivAbA4ZG3w"],"description":"Dicodusport est l'encyclop\u00e9die de l'actualit\u00e9 sportive.","email":"bonjour@dicodusport.fr","legalName":"DICODUSPORT","foundingDate":"2018-01-14","vatID":"FR71834470973","taxID":"83447097300043","numberOfEmployees":{"@type":"QuantitativeValue","minValue":"1","maxValue":"10"}},{"@type":"Person","@id":"https:\/\/dicodusport.fr\/blog\/#\/schema\/person\/55dcb50ad410894e431ed812bbb70191","name":"Nicolas Jacquemard","image":{"@type":"ImageObject","inLanguage":"fr-FR","@id":"https:\/\/dicodusport.fr\/blog\/#\/schema\/person\/image\/","url":"https:\/\/dicodusport.fr\/blog\/wp-content\/uploads\/2021\/05\/Nicolas-Jacquemard-150x150.jpeg","contentUrl":"https:\/\/dicodusport.fr\/blog\/wp-content\/uploads\/2021\/05\/Nicolas-Jacquemard-150x150.jpeg","caption":"Nicolas Jacquemard"},"description":"Passionn\u00e9 de sport et entrepreneur depuis mes 18 ans, la cr\u00e9ation de Dicodusport m'a sembl\u00e9 \u00e9vidente pour participer \u00e0 la m\u00e9diatisation d'un plus grand nombre de sports. Le chemin est long mais avec une \u00e9quipe des plus motiv\u00e9es et les Jeux Olympiques de Paris 2024 en point de mire, nous y arriverons ! Journaliste dans le monde du sport depuis plus de 5 ans, je traite aussi bien de football, de rugby, de biathlon que de cyclisme.","sameAs":["https:\/\/www.facebook.com\/dicodusport","https:\/\/x.com\/https:\/\/twitter.com\/Nico_Jacquemard"],"url":"https:\/\/dicodusport.fr\/blog\/author\/dicodusport\/"}]}},"_links":{"self":[{"href":"https:\/\/dicodusport.fr\/blog\/wp-json\/wp\/v2\/posts\/79019","targetHints":{"allow":["GET"]}}],"collection":[{"href":"https:\/\/dicodusport.fr\/blog\/wp-json\/wp\/v2\/posts"}],"about":[{"href":"https:\/\/dicodusport.fr\/blog\/wp-json\/wp\/v2\/types\/post"}],"author":[{"embeddable":true,"href":"https:\/\/dicodusport.fr\/blog\/wp-json\/wp\/v2\/users\/1"}],"replies":[{"embeddable":true,"href":"https:\/\/dicodusport.fr\/blog\/wp-json\/wp\/v2\/comments?post=79019"}],"version-history":[{"count":0,"href":"https:\/\/dicodusport.fr\/blog\/wp-json\/wp\/v2\/posts\/79019\/revisions"}],"wp:featuredmedia":[{"embeddable":true,"href":"https:\/\/dicodusport.fr\/blog\/wp-json\/wp\/v2\/media\/77632"}],"wp:attachment":[{"href":"https:\/\/dicodusport.fr\/blog\/wp-json\/wp\/v2\/media?parent=79019"}],"wp:term":[{"taxonomy":"category","embeddable":true,"href":"https:\/\/dicodusport.fr\/blog\/wp-json\/wp\/v2\/categories?post=79019"},{"taxonomy":"post_tag","embeddable":true,"href":"https:\/\/dicodusport.fr\/blog\/wp-json\/wp\/v2\/tags?post=79019"}],"curies":[{"name":"wp","href":"https:\/\/api.w.org\/{rel}","templated":true}]}}