{"id":7904,"date":"2017-11-30T16:00:40","date_gmt":"2017-11-30T15:00:40","guid":{"rendered":"http:\/\/dicodusport.fr\/blog\/?p=7904"},"modified":"2017-12-01T00:53:06","modified_gmt":"2017-11-30T23:53:06","slug":"thibaut-fauconnet-serenite-retrouvee","status":"publish","type":"post","link":"https:\/\/dicodusport.fr\/blog\/thibaut-fauconnet-serenite-retrouvee\/","title":{"rendered":"Thibaut Fauconnet, la s\u00e9r\u00e9nit\u00e9 retrouv\u00e9e"},"content":{"rendered":"<p style=\"text-align: justify;\"><strong><em>Rencontre avec Thibaut Fauconnet, leader de l&rsquo;\u00e9quipe de France de short-track, qui pr\u00e9pare ses derniers Jeux Olympiques.\u00a0<\/em><\/strong><\/p>\n<h5 style=\"text-align: justify;\">Thibaut, peux-tu te pr\u00e9senter en quelques mots ?<\/h5>\n<p style=\"text-align: justify;\">Thibaut Fauconnet, je fais du short-track, patinage de vitesse sur glace, et je suis membre de l&rsquo;\u00e9quipe de France Olympique.<\/p>\n<h5 style=\"text-align: justify;\">Tu reviens d\u2019Asie : comment cela s\u2019est pass\u00e9 sportivement l\u00e0-bas pour toi ?<\/h5>\n<p style=\"text-align: justify;\">A titre individuel, cela s&rsquo;est tr\u00e8s bien pass\u00e9, puisque j&rsquo;ai d\u00e9croch\u00e9 deux finales sur 1500 m\u00e8tres. Je n&rsquo;ai pas obtenu de podium malgr\u00e9\u00a0une troisi\u00e8me place, car j&rsquo;ai \u00e9cop\u00e9 d&rsquo;une p\u00e9nalit\u00e9 qui me classe finalement 6\u00e8me. Je suis vraiment dans la course aux Jeux Olympiques, je termine 10\u00e8me de la Coupe du Monde et je vais essayer de faire un bon r\u00e9sultat en Cor\u00e9e. Le point noir, c&rsquo;est le relais : avec mes jeunes co\u00e9quipiers, nous voulions nous qualifier pour Pyeongchang, mais nous avons \u00e9chou\u00e9. Il fallait finir dans les huit meilleurs \u00e9quipes mondiales et notre \u00e9quipe est encore jeune, mes co\u00e9quipiers ont 18 ans et se confrontent \u00e0 des patineurs de 30 ans. Nous avons une superbe \u00e9quipe et si les Jeux Olympiques avaient \u00e9t\u00e9 un an plus tard, nous aurions probablement r\u00e9ussi \u00e0 nous qualifier car ils m&rsquo;ont vraiment impressionn\u00e9 sur les derni\u00e8res manches de Coupe du Monde.<\/p>\n<h5 style=\"text-align: justify;\">Sur quelles courses seras-tu align\u00e9 et avec quels objectifs ?<\/h5>\n<p style=\"text-align: justify;\">La s\u00e9lection officielle n&rsquo;est pas tomb\u00e9e, donc je ne peux pas vraiment le dire.\u00a0Nous avons deux quotas pour cette olympiade, donc il y a des chances que je sois align\u00e9 sur 1500m, 1000m et 500m. Le 500, je l&rsquo;ai mis de c\u00f4t\u00e9 donc cela sera difficile de faire un r\u00e9sultat, mais\u00a0je\u00a0ferai mon maximum sur les trois courses pour \u00eatre performant. Ce sera ma troisi\u00e8me participation aux Jeux Olympiques et les fois pr\u00e9c\u00e9dentes, j&rsquo;y suis all\u00e9 avec de r\u00e9elles ambitions de m\u00e9dailles et cela n&rsquo;a pas fonctionn\u00e9. Donc cette ann\u00e9e, j&rsquo;aborde cela diff\u00e9remment avec moins de pression et je me satisferai d&rsquo;une place en finale.<\/p>\n<h5 style=\"text-align: justify;\">Quels sont tes objectifs avant les Jeux Olympiques ?<\/h5>\n<p style=\"text-align: justify;\">Il ne nous reste que les championnats d&rsquo;Europe mi-janvier, car la Coupe du Monde est termin\u00e9e. J&rsquo;essayerai d&rsquo;\u00eatre performant, m\u00eame si ce n&rsquo;est pas l&rsquo;objectif de la saison, et cela permettra de peaufiner les derniers r\u00e9glages.<\/p>\n<h5 style=\"text-align: justify;\">Une ann\u00e9e olympique, c\u2019est forcement sp\u00e9cial, comment t\u2019es-tu pr\u00e9par\u00e9 pour cela ?<\/h5>\n<p style=\"text-align: justify;\">En fait, ce n&rsquo;est pas en terme de saison mais plut\u00f4t en terme d&rsquo;olympiade que j&rsquo;ai compl\u00e8tement chang\u00e9 de pr\u00e9paration. Apr\u00e8s Sotchi en 2014, j&rsquo;\u00e9tais vraiment lessiv\u00e9 et j&rsquo;ai voulu me r\u00e9investir tout de suite dans l&rsquo;entra\u00eenement. Mais cela ne s&rsquo;est pas bien pass\u00e9, puisque je me suis bless\u00e9 aux Championnats d&rsquo;Europe en 2015 2015. Mon centre d&rsquo;entra\u00eenement m&rsquo;a propos\u00e9 de prendre du recul pour passer le concours de professeur de\u00a0sport afin d&rsquo;aviser par la suite. J&rsquo;ai obtenu ce concours et c&rsquo;est ce qui m&rsquo;a permis de changer ma vie et ma vision du sport, car j&rsquo;ai obtenu un poste dans la fonction publique\u00a0et cela m&rsquo;a apport\u00e9 beaucoup de s\u00e9r\u00e9nit\u00e9 \u00e0 titre personnel. J&rsquo;ai rapidement pu \u00eatre d\u00e9tach\u00e9 pour m&rsquo;entra\u00eener \u00e0 100%, donc c&rsquo;est un peu le poste r\u00eav\u00e9. J&rsquo;ai donc repris l&rsquo;entrainement progressivement pour arriver la saison pass\u00e9e en Coupe du Monde, o\u00f9 j&rsquo;ai termin\u00e9 \u00e0 la deuxi\u00e8me place mondiale avec plusieurs podiums \u00e0 la cl\u00e9. Et cela nous am\u00e8ne \u00e0 cette saison olympique o\u00f9 je suis beaucoup plus relax, j&rsquo;ai beaucoup moins de pression et c&rsquo;est b\u00e9n\u00e9fique pour mes performances. Je prends plus de plaisir, je suis plus rel\u00e2ch\u00e9 et cela m&rsquo;\u00e9vite de me crisper en course comme je pouvais le faire avant. Ce qui m&rsquo;a permis de continuer le haut-niveau, c&rsquo;est d&rsquo;avoir arr\u00eat\u00e9 pendant un an !<\/p>\n<p style=\"text-align: justify;\"><img loading=\"lazy\" decoding=\"async\" class=\"aligncenter size-full wp-image-7910\" src=\"http:\/\/dicodusport.fr\/blog\/wp-content\/uploads\/2017\/11\/Thibaut-Fauconnet-2.jpg\" alt=\"\" width=\"1729\" height=\"1547\" srcset=\"https:\/\/dicodusport.fr\/blog\/wp-content\/uploads\/2017\/11\/Thibaut-Fauconnet-2.jpg 1729w, https:\/\/dicodusport.fr\/blog\/wp-content\/uploads\/2017\/11\/Thibaut-Fauconnet-2-300x268.jpg 300w, https:\/\/dicodusport.fr\/blog\/wp-content\/uploads\/2017\/11\/Thibaut-Fauconnet-2-768x687.jpg 768w, https:\/\/dicodusport.fr\/blog\/wp-content\/uploads\/2017\/11\/Thibaut-Fauconnet-2-1024x916.jpg 1024w\" sizes=\"auto, (max-width: 1729px) 100vw, 1729px\" \/><\/p>\n<h5 style=\"text-align: justify;\">Avoir Martin Fourcade comme porte-drapeau,\u00a0\u00e7a a de la gueule non ?<\/h5>\n<p style=\"text-align: justify;\">Carr\u00e9ment. En plus de cela, Martin est un copain, il est de Font-Romeu o\u00f9 j&rsquo;habite, donc on essaye de se voir quand il rentre. Martin et m\u00eame son fr\u00e8re Simon, ce sont des mecs en or. Cela a vraiment de la gueule qu&rsquo;il soit porte drapeau car il marche sur l&rsquo;eau, l&rsquo;ann\u00e9e derni\u00e8re il a gagn\u00e9 14 courses quand ses rivaux en ont gagn\u00e9 2. Je suis ravi de pouvoir partager cette aventure olympique\u00a0avec Martin et tous les autres sportifs de l&rsquo;\u00e9quipe de France, c&rsquo;est une bouff\u00e9e d&rsquo;oxyg\u00e8ne !<\/p>\n<h5 style=\"text-align: justify;\">Apr\u00e8s cette saison et les Jeux Olympiques, est-ce que tu sais si tu vas continuer le short-track ?<\/h5>\n<p style=\"text-align: justify;\">C&rsquo;est toujours en r\u00e9flexion, nous ferons un point apr\u00e8s les Jeux Olympiques. Cela ne d\u00e9pend pas des r\u00e9sultats, mais je n&rsquo;ai pas envie de laisser quelque chose d&rsquo;inachev\u00e9. Notre \u00e9quipe est encore tr\u00e8s jeune et si on me le demande, je ferai peut-\u00eatre une saison de plus pour continuer et finir la transmission avec les jeunes. Mais c&rsquo;est s\u00fbr que la prochaine olympiade sera sans moi comme athl\u00e8te, en tant que membre du staff, on verra cela plus tard.<\/p>\n<h5 style=\"text-align: justify;\">Quel regard portes-tu sur le d\u00e9veloppement de ton sport en France ?<\/h5>\n<p style=\"text-align: justify;\">Le haut niveau va dans le bon sens, nos jeunes progressent \u00e9norm\u00e9ment, ils s&rsquo;investissent dans la pr\u00e9paration et dans la comp\u00e9tition, donc c&rsquo;est tr\u00e8s positif. Nous avons un beau centre d&rsquo;entra\u00eenement et un staff qui s&rsquo;\u00e9toffe, c&rsquo;est vraiment de bonnes choses pour le short-track fran\u00e7ais. Ensuite, si on parle du d\u00e9veloppement de masse, je pense qu&rsquo;il y a encore beaucoup de choses \u00e0 faire, notamment au niveau des clubs. C&rsquo;est facile de dire cela sans forc\u00e9ment avoir les solutions, c&rsquo;est un constat que je fais, je ne suis pas capable de faire forcement mieux.<\/p>\n<h5 style=\"text-align: justify;\">Si tu pouvais passer 30 minutes avec le sportif de ton choix ?<\/h5>\n<p style=\"text-align: justify;\">Eric Moussambani, car je trouve passionnant le parcours de ces sportifs qui ne sont pas les plus performants et j&rsquo;aimerais savoir comment il se pr\u00e9pare. Aujourd&rsquo;hui le tr\u00e8s haut niveau, je connais les m\u00e9canismes mais je trouverais int\u00e9ressant d&rsquo;en savoir plus sur des mecs comme lui qui ont beaucoup plus gal\u00e9r\u00e9.<\/p>\n<p style=\"text-align: justify;\"><em><strong>Nicolas Jacquemard<\/strong><br \/>\n<\/em><a style=\"color: #000000;\" href=\"https:\/\/twitter.com\/Nico_Jacquemard\" target=\"_blank\" rel=\"noopener noreferrer\"><img loading=\"lazy\" decoding=\"async\" class=\"alignnone wp-image-2908\" src=\"http:\/\/dicodusport.fr\/blog\/wp-content\/uploads\/2017\/07\/logo-twitter-150x150.png\" alt=\"\" width=\"39\" height=\"39\" \/><\/a><a style=\"color: #000000;\" href=\"https:\/\/www.facebook.com\/dicodusport\/\" target=\"_blank\" rel=\"noopener noreferrer\"><img loading=\"lazy\" decoding=\"async\" class=\"alignnone wp-image-2909\" src=\"http:\/\/dicodusport.fr\/blog\/wp-content\/uploads\/2017\/07\/logo-facebook-150x150.png\" alt=\"\" width=\"40\" height=\"40\" \/><\/a><\/p>\n","protected":false},"excerpt":{"rendered":"<p>Rencontre avec Thibaut Fauconnet, leader de l&rsquo;\u00e9quipe de France de short-track, qui pr\u00e9pare ses derniers Jeux Olympiques.\u00a0 Thibaut, peux-tu te pr\u00e9senter en quelques mots ? Thibaut Fauconnet, je fais du short-track, patinage de vitesse sur glace, et je suis membre de l&rsquo;\u00e9quipe de France Olympique. Tu reviens d\u2019Asie : comment cela s\u2019est pass\u00e9 sportivement l\u00e0-bas [&hellip;]<\/p>\n","protected":false},"author":1,"featured_media":7911,"comment_status":"open","ping_status":"closed","sticky":false,"template":"","format":"standard","meta":{"_acf_changed":false,"_daextam_enable_autolinks":"","footnotes":""},"categories":[2,2313],"tags":[2646,2645],"class_list":["post-7904","post","type-post","status-publish","format-standard","has-post-thumbnail","hentry","category-actualites","category-sports-dhiver","tag-short-track","tag-thibaut-fauconnet"],"acf":[],"yoast_head":"<!-- This site is optimized with the Yoast SEO Premium plugin v26.7 (Yoast SEO v26.7) - https:\/\/yoast.com\/wordpress\/plugins\/seo\/ -->\n<title>Thibaut Fauconnet, la s\u00e9r\u00e9nit\u00e9 retrouv\u00e9e<\/title>\n<meta name=\"description\" content=\"Rencontre avec Thibaut Fauconnet, leader de l&#039;\u00e9quipe de France de short-track, qui pr\u00e9pare ses derniers Jeux olympiques.\" \/>\n<meta name=\"robots\" content=\"index, follow, max-snippet:-1, max-image-preview:large, max-video-preview:-1\" \/>\n<link rel=\"canonical\" href=\"https:\/\/dicodusport.fr\/blog\/thibaut-fauconnet-serenite-retrouvee\/\" \/>\n<meta property=\"og:locale\" content=\"fr_FR\" \/>\n<meta property=\"og:type\" content=\"article\" \/>\n<meta property=\"og:title\" content=\"Thibaut Fauconnet, la s\u00e9r\u00e9nit\u00e9 retrouv\u00e9e\" \/>\n<meta property=\"og:description\" content=\"Rencontre avec Thibaut Fauconnet, leader de l&#039;\u00e9quipe de France de short-track, qui pr\u00e9pare ses derniers Jeux olympiques.\" \/>\n<meta property=\"og:url\" content=\"https:\/\/dicodusport.fr\/blog\/thibaut-fauconnet-serenite-retrouvee\/\" \/>\n<meta property=\"og:site_name\" content=\"Dicodusport\" \/>\n<meta property=\"article:publisher\" content=\"https:\/\/www.facebook.com\/dicodusport\" \/>\n<meta property=\"article:author\" content=\"https:\/\/www.facebook.com\/dicodusport\" \/>\n<meta property=\"article:published_time\" content=\"2017-11-30T15:00:40+00:00\" \/>\n<meta property=\"article:modified_time\" content=\"2017-11-30T23:53:06+00:00\" \/>\n<meta property=\"og:image\" content=\"https:\/\/dicodusport.fr\/blog\/wp-content\/uploads\/2017\/11\/Thibaut-Fauconnet.png\" \/>\n\t<meta property=\"og:image:width\" content=\"1200\" \/>\n\t<meta property=\"og:image:height\" content=\"670\" \/>\n\t<meta property=\"og:image:type\" content=\"image\/png\" \/>\n<meta name=\"author\" content=\"Nicolas Jacquemard\" \/>\n<meta name=\"twitter:card\" content=\"summary_large_image\" \/>\n<meta name=\"twitter:creator\" content=\"@https:\/\/twitter.com\/Nico_Jacquemard\" \/>\n<meta name=\"twitter:site\" content=\"@dicodusport\" \/>\n<script type=\"application\/ld+json\" class=\"yoast-schema-graph\">{\"@context\":\"https:\/\/schema.org\",\"@graph\":[{\"@type\":\"NewsArticle\",\"@id\":\"https:\/\/dicodusport.fr\/blog\/thibaut-fauconnet-serenite-retrouvee\/#article\",\"isPartOf\":{\"@id\":\"https:\/\/dicodusport.fr\/blog\/thibaut-fauconnet-serenite-retrouvee\/\"},\"author\":{\"name\":\"Nicolas Jacquemard\",\"@id\":\"https:\/\/dicodusport.fr\/blog\/#\/schema\/person\/55dcb50ad410894e431ed812bbb70191\"},\"headline\":\"Thibaut Fauconnet, la s\u00e9r\u00e9nit\u00e9 retrouv\u00e9e\",\"datePublished\":\"2017-11-30T15:00:40+00:00\",\"dateModified\":\"2017-11-30T23:53:06+00:00\",\"mainEntityOfPage\":{\"@id\":\"https:\/\/dicodusport.fr\/blog\/thibaut-fauconnet-serenite-retrouvee\/\"},\"wordCount\":1105,\"commentCount\":0,\"publisher\":{\"@id\":\"https:\/\/dicodusport.fr\/blog\/#organization\"},\"image\":{\"@id\":\"https:\/\/dicodusport.fr\/blog\/thibaut-fauconnet-serenite-retrouvee\/#primaryimage\"},\"thumbnailUrl\":\"https:\/\/dicodusport.fr\/blog\/wp-content\/uploads\/2017\/11\/Thibaut-Fauconnet.png\",\"keywords\":[\"short track\",\"Thibaut Fauconnet\"],\"articleSection\":[\"Actualit\u00e9s\",\"Sports d'hiver\"],\"inLanguage\":\"fr-FR\",\"potentialAction\":[{\"@type\":\"CommentAction\",\"name\":\"Comment\",\"target\":[\"https:\/\/dicodusport.fr\/blog\/thibaut-fauconnet-serenite-retrouvee\/#respond\"]}],\"copyrightYear\":\"2017\",\"copyrightHolder\":{\"@id\":\"https:\/\/dicodusport.fr\/blog\/#organization\"}},{\"@type\":\"WebPage\",\"@id\":\"https:\/\/dicodusport.fr\/blog\/thibaut-fauconnet-serenite-retrouvee\/\",\"url\":\"https:\/\/dicodusport.fr\/blog\/thibaut-fauconnet-serenite-retrouvee\/\",\"name\":\"Thibaut Fauconnet, la s\u00e9r\u00e9nit\u00e9 retrouv\u00e9e\",\"isPartOf\":{\"@id\":\"https:\/\/dicodusport.fr\/blog\/#website\"},\"primaryImageOfPage\":{\"@id\":\"https:\/\/dicodusport.fr\/blog\/thibaut-fauconnet-serenite-retrouvee\/#primaryimage\"},\"image\":{\"@id\":\"https:\/\/dicodusport.fr\/blog\/thibaut-fauconnet-serenite-retrouvee\/#primaryimage\"},\"thumbnailUrl\":\"https:\/\/dicodusport.fr\/blog\/wp-content\/uploads\/2017\/11\/Thibaut-Fauconnet.png\",\"datePublished\":\"2017-11-30T15:00:40+00:00\",\"dateModified\":\"2017-11-30T23:53:06+00:00\",\"description\":\"Rencontre avec Thibaut Fauconnet, leader de l'\u00e9quipe de France de short-track, qui pr\u00e9pare ses derniers Jeux olympiques.\",\"breadcrumb\":{\"@id\":\"https:\/\/dicodusport.fr\/blog\/thibaut-fauconnet-serenite-retrouvee\/#breadcrumb\"},\"inLanguage\":\"fr-FR\",\"potentialAction\":[{\"@type\":\"ReadAction\",\"target\":[\"https:\/\/dicodusport.fr\/blog\/thibaut-fauconnet-serenite-retrouvee\/\"]}]},{\"@type\":\"ImageObject\",\"inLanguage\":\"fr-FR\",\"@id\":\"https:\/\/dicodusport.fr\/blog\/thibaut-fauconnet-serenite-retrouvee\/#primaryimage\",\"url\":\"https:\/\/dicodusport.fr\/blog\/wp-content\/uploads\/2017\/11\/Thibaut-Fauconnet.png\",\"contentUrl\":\"https:\/\/dicodusport.fr\/blog\/wp-content\/uploads\/2017\/11\/Thibaut-Fauconnet.png\",\"width\":1200,\"height\":670},{\"@type\":\"BreadcrumbList\",\"@id\":\"https:\/\/dicodusport.fr\/blog\/thibaut-fauconnet-serenite-retrouvee\/#breadcrumb\",\"itemListElement\":[{\"@type\":\"ListItem\",\"position\":1,\"name\":\"Accueil\",\"item\":\"https:\/\/dicodusport.fr\/blog\/\"},{\"@type\":\"ListItem\",\"position\":2,\"name\":\"Thibaut Fauconnet, la s\u00e9r\u00e9nit\u00e9 retrouv\u00e9e\"}]},{\"@type\":\"WebSite\",\"@id\":\"https:\/\/dicodusport.fr\/blog\/#website\",\"url\":\"https:\/\/dicodusport.fr\/blog\/\",\"name\":\"Dicodusport\",\"description\":\"L&#039;encyclop\u00e9die de l&#039;actualit\u00e9 sportive\",\"publisher\":{\"@id\":\"https:\/\/dicodusport.fr\/blog\/#organization\"},\"potentialAction\":[{\"@type\":\"SearchAction\",\"target\":{\"@type\":\"EntryPoint\",\"urlTemplate\":\"https:\/\/dicodusport.fr\/blog\/?s={search_term_string}\"},\"query-input\":{\"@type\":\"PropertyValueSpecification\",\"valueRequired\":true,\"valueName\":\"search_term_string\"}}],\"inLanguage\":\"fr-FR\"},{\"@type\":\"NewsMediaOrganization\",\"@id\":\"https:\/\/dicodusport.fr\/blog\/#organization\",\"name\":\"Dicodusport\",\"url\":\"https:\/\/dicodusport.fr\/blog\/\",\"logo\":{\"@type\":\"ImageObject\",\"inLanguage\":\"fr-FR\",\"@id\":\"https:\/\/dicodusport.fr\/blog\/#\/schema\/logo\/image\/\",\"url\":\"https:\/\/dicodusport.fr\/blog\/wp-content\/uploads\/2020\/06\/cropped-LOGO-DICODUSPORT-2020-SANS-FOND-SANS-TEXTE.png\",\"contentUrl\":\"https:\/\/dicodusport.fr\/blog\/wp-content\/uploads\/2020\/06\/cropped-LOGO-DICODUSPORT-2020-SANS-FOND-SANS-TEXTE.png\",\"width\":512,\"height\":512,\"caption\":\"Dicodusport\"},\"image\":{\"@id\":\"https:\/\/dicodusport.fr\/blog\/#\/schema\/logo\/image\/\"},\"sameAs\":[\"https:\/\/www.facebook.com\/dicodusport\",\"https:\/\/x.com\/dicodusport\",\"https:\/\/www.instagram.com\/dicodusport\/\",\"https:\/\/www.youtube.com\/channel\/UC7V2KZ5sd3htJivAbA4ZG3w\"],\"description\":\"Dicodusport est l'encyclop\u00e9die de l'actualit\u00e9 sportive.\",\"email\":\"bonjour@dicodusport.fr\",\"legalName\":\"DICODUSPORT\",\"foundingDate\":\"2018-01-14\",\"vatID\":\"FR71834470973\",\"taxID\":\"83447097300043\",\"numberOfEmployees\":{\"@type\":\"QuantitativeValue\",\"minValue\":\"1\",\"maxValue\":\"10\"}},{\"@type\":\"Person\",\"@id\":\"https:\/\/dicodusport.fr\/blog\/#\/schema\/person\/55dcb50ad410894e431ed812bbb70191\",\"name\":\"Nicolas Jacquemard\",\"image\":{\"@type\":\"ImageObject\",\"inLanguage\":\"fr-FR\",\"@id\":\"https:\/\/dicodusport.fr\/blog\/#\/schema\/person\/image\/\",\"url\":\"https:\/\/dicodusport.fr\/blog\/wp-content\/uploads\/2021\/05\/Nicolas-Jacquemard-150x150.jpeg\",\"contentUrl\":\"https:\/\/dicodusport.fr\/blog\/wp-content\/uploads\/2021\/05\/Nicolas-Jacquemard-150x150.jpeg\",\"caption\":\"Nicolas Jacquemard\"},\"description\":\"Passionn\u00e9 de sport et entrepreneur depuis mes 18 ans, la cr\u00e9ation de Dicodusport m'a sembl\u00e9 \u00e9vidente pour participer \u00e0 la m\u00e9diatisation d'un plus grand nombre de sports. Le chemin est long mais avec une \u00e9quipe des plus motiv\u00e9es et les Jeux Olympiques de Paris 2024 en point de mire, nous y arriverons ! Journaliste dans le monde du sport depuis plus de 5 ans, je traite aussi bien de football, de rugby, de biathlon que de cyclisme.\",\"sameAs\":[\"https:\/\/www.facebook.com\/dicodusport\",\"https:\/\/x.com\/https:\/\/twitter.com\/Nico_Jacquemard\"],\"url\":\"https:\/\/dicodusport.fr\/blog\/author\/dicodusport\/\"}]}<\/script>\n<!-- \/ Yoast SEO Premium plugin. -->","yoast_head_json":{"title":"Thibaut Fauconnet, la s\u00e9r\u00e9nit\u00e9 retrouv\u00e9e","description":"Rencontre avec Thibaut Fauconnet, leader de l'\u00e9quipe de France de short-track, qui pr\u00e9pare ses derniers Jeux olympiques.","robots":{"index":"index","follow":"follow","max-snippet":"max-snippet:-1","max-image-preview":"max-image-preview:large","max-video-preview":"max-video-preview:-1"},"canonical":"https:\/\/dicodusport.fr\/blog\/thibaut-fauconnet-serenite-retrouvee\/","og_locale":"fr_FR","og_type":"article","og_title":"Thibaut Fauconnet, la s\u00e9r\u00e9nit\u00e9 retrouv\u00e9e","og_description":"Rencontre avec Thibaut Fauconnet, leader de l'\u00e9quipe de France de short-track, qui pr\u00e9pare ses derniers Jeux olympiques.","og_url":"https:\/\/dicodusport.fr\/blog\/thibaut-fauconnet-serenite-retrouvee\/","og_site_name":"Dicodusport","article_publisher":"https:\/\/www.facebook.com\/dicodusport","article_author":"https:\/\/www.facebook.com\/dicodusport","article_published_time":"2017-11-30T15:00:40+00:00","article_modified_time":"2017-11-30T23:53:06+00:00","og_image":[{"width":1200,"height":670,"url":"https:\/\/dicodusport.fr\/blog\/wp-content\/uploads\/2017\/11\/Thibaut-Fauconnet.png","type":"image\/png"}],"author":"Nicolas Jacquemard","twitter_card":"summary_large_image","twitter_creator":"@https:\/\/twitter.com\/Nico_Jacquemard","twitter_site":"@dicodusport","schema":{"@context":"https:\/\/schema.org","@graph":[{"@type":"NewsArticle","@id":"https:\/\/dicodusport.fr\/blog\/thibaut-fauconnet-serenite-retrouvee\/#article","isPartOf":{"@id":"https:\/\/dicodusport.fr\/blog\/thibaut-fauconnet-serenite-retrouvee\/"},"author":{"name":"Nicolas Jacquemard","@id":"https:\/\/dicodusport.fr\/blog\/#\/schema\/person\/55dcb50ad410894e431ed812bbb70191"},"headline":"Thibaut Fauconnet, la s\u00e9r\u00e9nit\u00e9 retrouv\u00e9e","datePublished":"2017-11-30T15:00:40+00:00","dateModified":"2017-11-30T23:53:06+00:00","mainEntityOfPage":{"@id":"https:\/\/dicodusport.fr\/blog\/thibaut-fauconnet-serenite-retrouvee\/"},"wordCount":1105,"commentCount":0,"publisher":{"@id":"https:\/\/dicodusport.fr\/blog\/#organization"},"image":{"@id":"https:\/\/dicodusport.fr\/blog\/thibaut-fauconnet-serenite-retrouvee\/#primaryimage"},"thumbnailUrl":"https:\/\/dicodusport.fr\/blog\/wp-content\/uploads\/2017\/11\/Thibaut-Fauconnet.png","keywords":["short track","Thibaut Fauconnet"],"articleSection":["Actualit\u00e9s","Sports d'hiver"],"inLanguage":"fr-FR","potentialAction":[{"@type":"CommentAction","name":"Comment","target":["https:\/\/dicodusport.fr\/blog\/thibaut-fauconnet-serenite-retrouvee\/#respond"]}],"copyrightYear":"2017","copyrightHolder":{"@id":"https:\/\/dicodusport.fr\/blog\/#organization"}},{"@type":"WebPage","@id":"https:\/\/dicodusport.fr\/blog\/thibaut-fauconnet-serenite-retrouvee\/","url":"https:\/\/dicodusport.fr\/blog\/thibaut-fauconnet-serenite-retrouvee\/","name":"Thibaut Fauconnet, la s\u00e9r\u00e9nit\u00e9 retrouv\u00e9e","isPartOf":{"@id":"https:\/\/dicodusport.fr\/blog\/#website"},"primaryImageOfPage":{"@id":"https:\/\/dicodusport.fr\/blog\/thibaut-fauconnet-serenite-retrouvee\/#primaryimage"},"image":{"@id":"https:\/\/dicodusport.fr\/blog\/thibaut-fauconnet-serenite-retrouvee\/#primaryimage"},"thumbnailUrl":"https:\/\/dicodusport.fr\/blog\/wp-content\/uploads\/2017\/11\/Thibaut-Fauconnet.png","datePublished":"2017-11-30T15:00:40+00:00","dateModified":"2017-11-30T23:53:06+00:00","description":"Rencontre avec Thibaut Fauconnet, leader de l'\u00e9quipe de France de short-track, qui pr\u00e9pare ses derniers Jeux olympiques.","breadcrumb":{"@id":"https:\/\/dicodusport.fr\/blog\/thibaut-fauconnet-serenite-retrouvee\/#breadcrumb"},"inLanguage":"fr-FR","potentialAction":[{"@type":"ReadAction","target":["https:\/\/dicodusport.fr\/blog\/thibaut-fauconnet-serenite-retrouvee\/"]}]},{"@type":"ImageObject","inLanguage":"fr-FR","@id":"https:\/\/dicodusport.fr\/blog\/thibaut-fauconnet-serenite-retrouvee\/#primaryimage","url":"https:\/\/dicodusport.fr\/blog\/wp-content\/uploads\/2017\/11\/Thibaut-Fauconnet.png","contentUrl":"https:\/\/dicodusport.fr\/blog\/wp-content\/uploads\/2017\/11\/Thibaut-Fauconnet.png","width":1200,"height":670},{"@type":"BreadcrumbList","@id":"https:\/\/dicodusport.fr\/blog\/thibaut-fauconnet-serenite-retrouvee\/#breadcrumb","itemListElement":[{"@type":"ListItem","position":1,"name":"Accueil","item":"https:\/\/dicodusport.fr\/blog\/"},{"@type":"ListItem","position":2,"name":"Thibaut Fauconnet, la s\u00e9r\u00e9nit\u00e9 retrouv\u00e9e"}]},{"@type":"WebSite","@id":"https:\/\/dicodusport.fr\/blog\/#website","url":"https:\/\/dicodusport.fr\/blog\/","name":"Dicodusport","description":"L&#039;encyclop\u00e9die de l&#039;actualit\u00e9 sportive","publisher":{"@id":"https:\/\/dicodusport.fr\/blog\/#organization"},"potentialAction":[{"@type":"SearchAction","target":{"@type":"EntryPoint","urlTemplate":"https:\/\/dicodusport.fr\/blog\/?s={search_term_string}"},"query-input":{"@type":"PropertyValueSpecification","valueRequired":true,"valueName":"search_term_string"}}],"inLanguage":"fr-FR"},{"@type":"NewsMediaOrganization","@id":"https:\/\/dicodusport.fr\/blog\/#organization","name":"Dicodusport","url":"https:\/\/dicodusport.fr\/blog\/","logo":{"@type":"ImageObject","inLanguage":"fr-FR","@id":"https:\/\/dicodusport.fr\/blog\/#\/schema\/logo\/image\/","url":"https:\/\/dicodusport.fr\/blog\/wp-content\/uploads\/2020\/06\/cropped-LOGO-DICODUSPORT-2020-SANS-FOND-SANS-TEXTE.png","contentUrl":"https:\/\/dicodusport.fr\/blog\/wp-content\/uploads\/2020\/06\/cropped-LOGO-DICODUSPORT-2020-SANS-FOND-SANS-TEXTE.png","width":512,"height":512,"caption":"Dicodusport"},"image":{"@id":"https:\/\/dicodusport.fr\/blog\/#\/schema\/logo\/image\/"},"sameAs":["https:\/\/www.facebook.com\/dicodusport","https:\/\/x.com\/dicodusport","https:\/\/www.instagram.com\/dicodusport\/","https:\/\/www.youtube.com\/channel\/UC7V2KZ5sd3htJivAbA4ZG3w"],"description":"Dicodusport est l'encyclop\u00e9die de l'actualit\u00e9 sportive.","email":"bonjour@dicodusport.fr","legalName":"DICODUSPORT","foundingDate":"2018-01-14","vatID":"FR71834470973","taxID":"83447097300043","numberOfEmployees":{"@type":"QuantitativeValue","minValue":"1","maxValue":"10"}},{"@type":"Person","@id":"https:\/\/dicodusport.fr\/blog\/#\/schema\/person\/55dcb50ad410894e431ed812bbb70191","name":"Nicolas Jacquemard","image":{"@type":"ImageObject","inLanguage":"fr-FR","@id":"https:\/\/dicodusport.fr\/blog\/#\/schema\/person\/image\/","url":"https:\/\/dicodusport.fr\/blog\/wp-content\/uploads\/2021\/05\/Nicolas-Jacquemard-150x150.jpeg","contentUrl":"https:\/\/dicodusport.fr\/blog\/wp-content\/uploads\/2021\/05\/Nicolas-Jacquemard-150x150.jpeg","caption":"Nicolas Jacquemard"},"description":"Passionn\u00e9 de sport et entrepreneur depuis mes 18 ans, la cr\u00e9ation de Dicodusport m'a sembl\u00e9 \u00e9vidente pour participer \u00e0 la m\u00e9diatisation d'un plus grand nombre de sports. Le chemin est long mais avec une \u00e9quipe des plus motiv\u00e9es et les Jeux Olympiques de Paris 2024 en point de mire, nous y arriverons ! Journaliste dans le monde du sport depuis plus de 5 ans, je traite aussi bien de football, de rugby, de biathlon que de cyclisme.","sameAs":["https:\/\/www.facebook.com\/dicodusport","https:\/\/x.com\/https:\/\/twitter.com\/Nico_Jacquemard"],"url":"https:\/\/dicodusport.fr\/blog\/author\/dicodusport\/"}]}},"_links":{"self":[{"href":"https:\/\/dicodusport.fr\/blog\/wp-json\/wp\/v2\/posts\/7904","targetHints":{"allow":["GET"]}}],"collection":[{"href":"https:\/\/dicodusport.fr\/blog\/wp-json\/wp\/v2\/posts"}],"about":[{"href":"https:\/\/dicodusport.fr\/blog\/wp-json\/wp\/v2\/types\/post"}],"author":[{"embeddable":true,"href":"https:\/\/dicodusport.fr\/blog\/wp-json\/wp\/v2\/users\/1"}],"replies":[{"embeddable":true,"href":"https:\/\/dicodusport.fr\/blog\/wp-json\/wp\/v2\/comments?post=7904"}],"version-history":[{"count":0,"href":"https:\/\/dicodusport.fr\/blog\/wp-json\/wp\/v2\/posts\/7904\/revisions"}],"wp:featuredmedia":[{"embeddable":true,"href":"https:\/\/dicodusport.fr\/blog\/wp-json\/wp\/v2\/media\/7911"}],"wp:attachment":[{"href":"https:\/\/dicodusport.fr\/blog\/wp-json\/wp\/v2\/media?parent=7904"}],"wp:term":[{"taxonomy":"category","embeddable":true,"href":"https:\/\/dicodusport.fr\/blog\/wp-json\/wp\/v2\/categories?post=7904"},{"taxonomy":"post_tag","embeddable":true,"href":"https:\/\/dicodusport.fr\/blog\/wp-json\/wp\/v2\/tags?post=7904"}],"curies":[{"name":"wp","href":"https:\/\/api.w.org\/{rel}","templated":true}]}}