{"id":79066,"date":"2020-09-20T11:51:57","date_gmt":"2020-09-20T09:51:57","guid":{"rendered":"http:\/\/dicodusport.fr\/blog\/?p=79066&#038;preview=true&#038;preview_id=79066"},"modified":"2020-09-20T13:37:40","modified_gmt":"2020-09-20T11:37:40","slug":"eddy-merckx-les-jumbo-ont-surtout-couru-betement","status":"publish","type":"post","link":"https:\/\/dicodusport.fr\/blog\/eddy-merckx-les-jumbo-ont-surtout-couru-betement\/","title":{"rendered":"Eddy Merckx : \u00ab\u00a0Les Jumbo ont surtout couru b\u00eatement\u00a0\u00bb"},"content":{"rendered":"<p style=\"text-align: justify;\"><strong><em><a href=\"https:\/\/dicodusport.fr\/blog\/actualites\/cyclisme\/tour-de-france-2020\/\" target=\"_blank\" rel=\"noopener noreferrer\">TOUR DE FRANCE 2020<\/a> &#8211; Dans un long entretien accord\u00e9 \u00e0 nos confr\u00e8res de <a href=\"https:\/\/www.lequipe.fr\/Cyclisme-sur-route\/Article\/Eddy-merckx-a-propos-de-la-victoire-de-tadej-pogacar-les-jumbo-l-ont-bien-cherche\/1173831\" target=\"_blank\" rel=\"noopener noreferrer\">L&rsquo;\u00c9quipe<\/a>, Eddy Merckx est revenu sur la prise de pouvoir de Tadej Pogacar lors du contre-la-montre de la Planche des Belles Filles.<\/em><\/strong><\/p>\n<p style=\"text-align: justify;\">Pour le champion belge <strong>Eddy Merckx<\/strong>, la performance du Slov\u00e8ne de 21 ans est impressionnante, mais la Jumbo-Visma n&rsquo;a pas fait le n\u00e9cessaire pour gagner ce <strong>Tour de France 2020<\/strong>.<\/p>\n<blockquote>\n<p style=\"text-align: justify;\">Les Jumbo ont surtout couru b\u00eatement. \u00c7a fait trois semaines qu&rsquo;on les voit rouler \u00e0 bloc, ne laissant rien passer. Ils ont domin\u00e9, tout contr\u00f4l\u00e9, mais ils ont oubli\u00e9 seulement un gars, ce petit jeune de 21 ans \u00e0 seulement 50\u2033. Quelle erreur de jugement ! Ils se sont pris \u00e0 leur propre pi\u00e8ge, cette d\u00e9faite, ils l&rsquo;ont bien cherch\u00e9e. Ils auraient d\u00fb comprendre que Pogacar n&rsquo;allait pas les attaquer, c&rsquo;\u00e9tait impossible de les pi\u00e9ger en montagne. Mais ils auraient d\u00fb essayer de le faire sauter bien avant pour avoir une marge suffisante. C&rsquo;est une bonne le\u00e7on de v\u00e9lo.<\/p>\n<\/blockquote>\n<p style=\"text-align: justify;\"><strong>Tadej Pogacar<\/strong> avait notamment perdu plus d&rsquo;une minute dans une bordure en d\u00e9but de <strong>Tour de France<\/strong> lors de la 7\u00e8me \u00e9tape, mais avait ensuite eu le champ libre sur la route de Loudenvielle. Le jeune Slov\u00e8ne avait alors pu faire une partie de son retard. <strong>Eddy Merckx<\/strong> reproche aussi \u00e0 <strong>Primoz Roglic<\/strong> de ne pas avoir plus tent\u00e9 de faire des \u00e9carts alors qu&rsquo;il semblait tr\u00e8s fort. En avait-il r\u00e9ellement les moyens ?<\/p>\n<blockquote class=\"twitter-tweet\">\n<p dir=\"ltr\" lang=\"fr\">Eddy Merckx, \u00e0 propos de la victoire de Tadej Pogacar : \u00abLes Jumbo l&rsquo;ont bien cherch\u00e9 !\u00bb \u2066<a href=\"https:\/\/twitter.com\/LeTour?ref_src=twsrc%5Etfw\">@LeTour<\/a>\u2069 <a href=\"https:\/\/twitter.com\/hashtag\/TDF2020?src=hash&amp;ref_src=twsrc%5Etfw\">#TDF2020<\/a> <a href=\"https:\/\/t.co\/5HaQqj1xLy\">https:\/\/t.co\/5HaQqj1xLy<\/a><\/p>\n<p>\u2014 Motte dit Fallize (@YMdF1954) <a href=\"https:\/\/twitter.com\/YMdF1954\/status\/1307574106515222535?ref_src=twsrc%5Etfw\">September 20, 2020<\/a><\/p><\/blockquote>\n<p style=\"text-align: justify;\"><script async src=\"https:\/\/platform.twitter.com\/widgets.js\" charset=\"utf-8\"><\/script><\/p>\n<p style=\"text-align: justify;\"><strong><em>Dicodusport<br \/>\n<a href=\"https:\/\/www.facebook.com\/dicodusport\/\" target=\"_blank\" rel=\"noopener noreferrer\"><img loading=\"lazy\" decoding=\"async\" class=\"alignnone wp-image-2909\" src=\"http:\/\/dicodusport.fr\/blog\/wp-content\/uploads\/2017\/07\/logo-facebook-150x150.png\" alt=\"\" width=\"40\" height=\"40\" \/><\/a><a href=\"https:\/\/twitter.com\/dicodusport\" target=\"_blank\" rel=\"noopener noreferrer\"><img loading=\"lazy\" decoding=\"async\" class=\"alignnone wp-image-2908\" src=\"http:\/\/dicodusport.fr\/blog\/wp-content\/uploads\/2017\/07\/logo-twitter-150x150.png\" alt=\"\" width=\"39\" height=\"39\" \/><\/a><\/em><\/strong><\/p>\n","protected":false},"excerpt":{"rendered":"<p>Dans un long entretien accord\u00e9 \u00e0 nos confr\u00e8res de L&rsquo;Equipe, Eddy Merckx est revenu sur la prise de pouvoir de Tadej Pogacar lors du contre-la-montre de la Planche des Belles Filles.<\/p>\n","protected":false},"author":1,"featured_media":79068,"comment_status":"open","ping_status":"closed","sticky":false,"template":"","format":"standard","meta":{"_acf_changed":false,"_daextam_enable_autolinks":"","footnotes":""},"categories":[46995],"tags":[9021,8551,1262],"class_list":["post-79066","post","type-post","status-publish","format-standard","has-post-thumbnail","hentry","category-tour-de-france","tag-eddy-merckx","tag-jumbo-visma","tag-tour-de-france"],"acf":[],"yoast_head":"<!-- This site is optimized with the Yoast SEO Premium plugin v26.7 (Yoast SEO v26.7) - https:\/\/yoast.com\/wordpress\/plugins\/seo\/ -->\n<title>Eddy Merckx : &quot;Les Jumbo ont surtout couru b\u00eatement&quot;<\/title>\n<meta name=\"description\" content=\"Dans un long entretien accord\u00e9 \u00e0 nos confr\u00e8res de L&#039;Equipe, Eddy Merckx est revenu sur la prise de pouvoir de Tadej Pogacar lors du contre-la-montre de la Planche des Belles Filles.\" \/>\n<meta name=\"robots\" content=\"index, follow, max-snippet:-1, max-image-preview:large, max-video-preview:-1\" \/>\n<link rel=\"canonical\" href=\"https:\/\/dicodusport.fr\/blog\/eddy-merckx-les-jumbo-ont-surtout-couru-betement\/\" \/>\n<meta property=\"og:locale\" content=\"fr_FR\" \/>\n<meta property=\"og:type\" content=\"article\" \/>\n<meta property=\"og:title\" content=\"Eddy Merckx : &quot;Les Jumbo ont surtout couru b\u00eatement&quot;\" \/>\n<meta property=\"og:description\" content=\"Dans un long entretien accord\u00e9 \u00e0 nos confr\u00e8res de L&#039;Equipe, Eddy Merckx est revenu sur la prise de pouvoir de Tadej Pogacar lors du contre-la-montre de la Planche des Belles Filles.\" \/>\n<meta property=\"og:url\" content=\"https:\/\/dicodusport.fr\/blog\/eddy-merckx-les-jumbo-ont-surtout-couru-betement\/\" \/>\n<meta property=\"og:site_name\" content=\"Dicodusport\" \/>\n<meta property=\"article:publisher\" content=\"https:\/\/www.facebook.com\/dicodusport\" \/>\n<meta property=\"article:author\" content=\"https:\/\/www.facebook.com\/dicodusport\" \/>\n<meta property=\"article:published_time\" content=\"2020-09-20T09:51:57+00:00\" \/>\n<meta property=\"article:modified_time\" content=\"2020-09-20T11:37:40+00:00\" \/>\n<meta property=\"og:image\" content=\"https:\/\/dicodusport.fr\/blog\/wp-content\/uploads\/2020\/09\/Eddy-Merckx.png\" \/>\n\t<meta property=\"og:image:width\" content=\"800\" \/>\n\t<meta property=\"og:image:height\" content=\"445\" \/>\n\t<meta property=\"og:image:type\" content=\"image\/png\" \/>\n<meta name=\"author\" content=\"Nicolas Jacquemard\" \/>\n<meta name=\"twitter:card\" content=\"summary_large_image\" \/>\n<meta name=\"twitter:title\" content=\"Eddy Merckx : &quot;Les Jumbo ont surtout couru b\u00eatement&quot;\" \/>\n<meta name=\"twitter:creator\" content=\"@https:\/\/twitter.com\/Nico_Jacquemard\" \/>\n<meta name=\"twitter:site\" content=\"@dicodusport\" \/>\n<script type=\"application\/ld+json\" class=\"yoast-schema-graph\">{\"@context\":\"https:\/\/schema.org\",\"@graph\":[{\"@type\":\"NewsArticle\",\"@id\":\"https:\/\/dicodusport.fr\/blog\/eddy-merckx-les-jumbo-ont-surtout-couru-betement\/#article\",\"isPartOf\":{\"@id\":\"https:\/\/dicodusport.fr\/blog\/eddy-merckx-les-jumbo-ont-surtout-couru-betement\/\"},\"author\":{\"name\":\"Nicolas Jacquemard\",\"@id\":\"https:\/\/dicodusport.fr\/blog\/#\/schema\/person\/55dcb50ad410894e431ed812bbb70191\"},\"headline\":\"Eddy Merckx : \u00ab\u00a0Les Jumbo ont surtout couru b\u00eatement\u00a0\u00bb\",\"datePublished\":\"2020-09-20T09:51:57+00:00\",\"dateModified\":\"2020-09-20T11:37:40+00:00\",\"mainEntityOfPage\":{\"@id\":\"https:\/\/dicodusport.fr\/blog\/eddy-merckx-les-jumbo-ont-surtout-couru-betement\/\"},\"wordCount\":288,\"commentCount\":0,\"publisher\":{\"@id\":\"https:\/\/dicodusport.fr\/blog\/#organization\"},\"image\":{\"@id\":\"https:\/\/dicodusport.fr\/blog\/eddy-merckx-les-jumbo-ont-surtout-couru-betement\/#primaryimage\"},\"thumbnailUrl\":\"https:\/\/dicodusport.fr\/blog\/wp-content\/uploads\/2020\/09\/Eddy-Merckx.png\",\"keywords\":[\"Eddy Merckx\",\"Jumbo-Visma\",\"Tour de France\"],\"articleSection\":[\"Tour de France\"],\"inLanguage\":\"fr-FR\",\"potentialAction\":[{\"@type\":\"CommentAction\",\"name\":\"Comment\",\"target\":[\"https:\/\/dicodusport.fr\/blog\/eddy-merckx-les-jumbo-ont-surtout-couru-betement\/#respond\"]}],\"copyrightYear\":\"2020\",\"copyrightHolder\":{\"@id\":\"https:\/\/dicodusport.fr\/blog\/#organization\"}},{\"@type\":\"WebPage\",\"@id\":\"https:\/\/dicodusport.fr\/blog\/eddy-merckx-les-jumbo-ont-surtout-couru-betement\/\",\"url\":\"https:\/\/dicodusport.fr\/blog\/eddy-merckx-les-jumbo-ont-surtout-couru-betement\/\",\"name\":\"Eddy Merckx : \\\"Les Jumbo ont surtout couru b\u00eatement\\\"\",\"isPartOf\":{\"@id\":\"https:\/\/dicodusport.fr\/blog\/#website\"},\"primaryImageOfPage\":{\"@id\":\"https:\/\/dicodusport.fr\/blog\/eddy-merckx-les-jumbo-ont-surtout-couru-betement\/#primaryimage\"},\"image\":{\"@id\":\"https:\/\/dicodusport.fr\/blog\/eddy-merckx-les-jumbo-ont-surtout-couru-betement\/#primaryimage\"},\"thumbnailUrl\":\"https:\/\/dicodusport.fr\/blog\/wp-content\/uploads\/2020\/09\/Eddy-Merckx.png\",\"datePublished\":\"2020-09-20T09:51:57+00:00\",\"dateModified\":\"2020-09-20T11:37:40+00:00\",\"description\":\"Dans un long entretien accord\u00e9 \u00e0 nos confr\u00e8res de L'Equipe, Eddy Merckx est revenu sur la prise de pouvoir de Tadej Pogacar lors du contre-la-montre de la Planche des Belles Filles.\",\"breadcrumb\":{\"@id\":\"https:\/\/dicodusport.fr\/blog\/eddy-merckx-les-jumbo-ont-surtout-couru-betement\/#breadcrumb\"},\"inLanguage\":\"fr-FR\",\"potentialAction\":[{\"@type\":\"ReadAction\",\"target\":[\"https:\/\/dicodusport.fr\/blog\/eddy-merckx-les-jumbo-ont-surtout-couru-betement\/\"]}]},{\"@type\":\"ImageObject\",\"inLanguage\":\"fr-FR\",\"@id\":\"https:\/\/dicodusport.fr\/blog\/eddy-merckx-les-jumbo-ont-surtout-couru-betement\/#primaryimage\",\"url\":\"https:\/\/dicodusport.fr\/blog\/wp-content\/uploads\/2020\/09\/Eddy-Merckx.png\",\"contentUrl\":\"https:\/\/dicodusport.fr\/blog\/wp-content\/uploads\/2020\/09\/Eddy-Merckx.png\",\"width\":800,\"height\":445},{\"@type\":\"BreadcrumbList\",\"@id\":\"https:\/\/dicodusport.fr\/blog\/eddy-merckx-les-jumbo-ont-surtout-couru-betement\/#breadcrumb\",\"itemListElement\":[{\"@type\":\"ListItem\",\"position\":1,\"name\":\"Accueil\",\"item\":\"https:\/\/dicodusport.fr\/blog\/\"},{\"@type\":\"ListItem\",\"position\":2,\"name\":\"Eddy Merckx : \u00ab\u00a0Les Jumbo ont surtout couru b\u00eatement\u00a0\u00bb\"}]},{\"@type\":\"WebSite\",\"@id\":\"https:\/\/dicodusport.fr\/blog\/#website\",\"url\":\"https:\/\/dicodusport.fr\/blog\/\",\"name\":\"Dicodusport\",\"description\":\"L&#039;encyclop\u00e9die de l&#039;actualit\u00e9 sportive\",\"publisher\":{\"@id\":\"https:\/\/dicodusport.fr\/blog\/#organization\"},\"potentialAction\":[{\"@type\":\"SearchAction\",\"target\":{\"@type\":\"EntryPoint\",\"urlTemplate\":\"https:\/\/dicodusport.fr\/blog\/?s={search_term_string}\"},\"query-input\":{\"@type\":\"PropertyValueSpecification\",\"valueRequired\":true,\"valueName\":\"search_term_string\"}}],\"inLanguage\":\"fr-FR\"},{\"@type\":\"NewsMediaOrganization\",\"@id\":\"https:\/\/dicodusport.fr\/blog\/#organization\",\"name\":\"Dicodusport\",\"url\":\"https:\/\/dicodusport.fr\/blog\/\",\"logo\":{\"@type\":\"ImageObject\",\"inLanguage\":\"fr-FR\",\"@id\":\"https:\/\/dicodusport.fr\/blog\/#\/schema\/logo\/image\/\",\"url\":\"https:\/\/dicodusport.fr\/blog\/wp-content\/uploads\/2020\/06\/cropped-LOGO-DICODUSPORT-2020-SANS-FOND-SANS-TEXTE.png\",\"contentUrl\":\"https:\/\/dicodusport.fr\/blog\/wp-content\/uploads\/2020\/06\/cropped-LOGO-DICODUSPORT-2020-SANS-FOND-SANS-TEXTE.png\",\"width\":512,\"height\":512,\"caption\":\"Dicodusport\"},\"image\":{\"@id\":\"https:\/\/dicodusport.fr\/blog\/#\/schema\/logo\/image\/\"},\"sameAs\":[\"https:\/\/www.facebook.com\/dicodusport\",\"https:\/\/x.com\/dicodusport\",\"https:\/\/www.instagram.com\/dicodusport\/\",\"https:\/\/www.youtube.com\/channel\/UC7V2KZ5sd3htJivAbA4ZG3w\"],\"description\":\"Dicodusport est l'encyclop\u00e9die de l'actualit\u00e9 sportive.\",\"email\":\"bonjour@dicodusport.fr\",\"legalName\":\"DICODUSPORT\",\"foundingDate\":\"2018-01-14\",\"vatID\":\"FR71834470973\",\"taxID\":\"83447097300043\",\"numberOfEmployees\":{\"@type\":\"QuantitativeValue\",\"minValue\":\"1\",\"maxValue\":\"10\"}},{\"@type\":\"Person\",\"@id\":\"https:\/\/dicodusport.fr\/blog\/#\/schema\/person\/55dcb50ad410894e431ed812bbb70191\",\"name\":\"Nicolas Jacquemard\",\"image\":{\"@type\":\"ImageObject\",\"inLanguage\":\"fr-FR\",\"@id\":\"https:\/\/dicodusport.fr\/blog\/#\/schema\/person\/image\/\",\"url\":\"https:\/\/dicodusport.fr\/blog\/wp-content\/uploads\/2021\/05\/Nicolas-Jacquemard-150x150.jpeg\",\"contentUrl\":\"https:\/\/dicodusport.fr\/blog\/wp-content\/uploads\/2021\/05\/Nicolas-Jacquemard-150x150.jpeg\",\"caption\":\"Nicolas Jacquemard\"},\"description\":\"Passionn\u00e9 de sport et entrepreneur depuis mes 18 ans, la cr\u00e9ation de Dicodusport m'a sembl\u00e9 \u00e9vidente pour participer \u00e0 la m\u00e9diatisation d'un plus grand nombre de sports. Le chemin est long mais avec une \u00e9quipe des plus motiv\u00e9es et les Jeux Olympiques de Paris 2024 en point de mire, nous y arriverons ! Journaliste dans le monde du sport depuis plus de 5 ans, je traite aussi bien de football, de rugby, de biathlon que de cyclisme.\",\"sameAs\":[\"https:\/\/www.facebook.com\/dicodusport\",\"https:\/\/x.com\/https:\/\/twitter.com\/Nico_Jacquemard\"],\"url\":\"https:\/\/dicodusport.fr\/blog\/author\/dicodusport\/\"}]}<\/script>\n<!-- \/ Yoast SEO Premium plugin. -->","yoast_head_json":{"title":"Eddy Merckx : \"Les Jumbo ont surtout couru b\u00eatement\"","description":"Dans un long entretien accord\u00e9 \u00e0 nos confr\u00e8res de L'Equipe, Eddy Merckx est revenu sur la prise de pouvoir de Tadej Pogacar lors du contre-la-montre de la Planche des Belles Filles.","robots":{"index":"index","follow":"follow","max-snippet":"max-snippet:-1","max-image-preview":"max-image-preview:large","max-video-preview":"max-video-preview:-1"},"canonical":"https:\/\/dicodusport.fr\/blog\/eddy-merckx-les-jumbo-ont-surtout-couru-betement\/","og_locale":"fr_FR","og_type":"article","og_title":"Eddy Merckx : \"Les Jumbo ont surtout couru b\u00eatement\"","og_description":"Dans un long entretien accord\u00e9 \u00e0 nos confr\u00e8res de L'Equipe, Eddy Merckx est revenu sur la prise de pouvoir de Tadej Pogacar lors du contre-la-montre de la Planche des Belles Filles.","og_url":"https:\/\/dicodusport.fr\/blog\/eddy-merckx-les-jumbo-ont-surtout-couru-betement\/","og_site_name":"Dicodusport","article_publisher":"https:\/\/www.facebook.com\/dicodusport","article_author":"https:\/\/www.facebook.com\/dicodusport","article_published_time":"2020-09-20T09:51:57+00:00","article_modified_time":"2020-09-20T11:37:40+00:00","og_image":[{"width":800,"height":445,"url":"https:\/\/dicodusport.fr\/blog\/wp-content\/uploads\/2020\/09\/Eddy-Merckx.png","type":"image\/png"}],"author":"Nicolas Jacquemard","twitter_card":"summary_large_image","twitter_title":"Eddy Merckx : \"Les Jumbo ont surtout couru b\u00eatement\"","twitter_creator":"@https:\/\/twitter.com\/Nico_Jacquemard","twitter_site":"@dicodusport","schema":{"@context":"https:\/\/schema.org","@graph":[{"@type":"NewsArticle","@id":"https:\/\/dicodusport.fr\/blog\/eddy-merckx-les-jumbo-ont-surtout-couru-betement\/#article","isPartOf":{"@id":"https:\/\/dicodusport.fr\/blog\/eddy-merckx-les-jumbo-ont-surtout-couru-betement\/"},"author":{"name":"Nicolas Jacquemard","@id":"https:\/\/dicodusport.fr\/blog\/#\/schema\/person\/55dcb50ad410894e431ed812bbb70191"},"headline":"Eddy Merckx : \u00ab\u00a0Les Jumbo ont surtout couru b\u00eatement\u00a0\u00bb","datePublished":"2020-09-20T09:51:57+00:00","dateModified":"2020-09-20T11:37:40+00:00","mainEntityOfPage":{"@id":"https:\/\/dicodusport.fr\/blog\/eddy-merckx-les-jumbo-ont-surtout-couru-betement\/"},"wordCount":288,"commentCount":0,"publisher":{"@id":"https:\/\/dicodusport.fr\/blog\/#organization"},"image":{"@id":"https:\/\/dicodusport.fr\/blog\/eddy-merckx-les-jumbo-ont-surtout-couru-betement\/#primaryimage"},"thumbnailUrl":"https:\/\/dicodusport.fr\/blog\/wp-content\/uploads\/2020\/09\/Eddy-Merckx.png","keywords":["Eddy Merckx","Jumbo-Visma","Tour de France"],"articleSection":["Tour de France"],"inLanguage":"fr-FR","potentialAction":[{"@type":"CommentAction","name":"Comment","target":["https:\/\/dicodusport.fr\/blog\/eddy-merckx-les-jumbo-ont-surtout-couru-betement\/#respond"]}],"copyrightYear":"2020","copyrightHolder":{"@id":"https:\/\/dicodusport.fr\/blog\/#organization"}},{"@type":"WebPage","@id":"https:\/\/dicodusport.fr\/blog\/eddy-merckx-les-jumbo-ont-surtout-couru-betement\/","url":"https:\/\/dicodusport.fr\/blog\/eddy-merckx-les-jumbo-ont-surtout-couru-betement\/","name":"Eddy Merckx : \"Les Jumbo ont surtout couru b\u00eatement\"","isPartOf":{"@id":"https:\/\/dicodusport.fr\/blog\/#website"},"primaryImageOfPage":{"@id":"https:\/\/dicodusport.fr\/blog\/eddy-merckx-les-jumbo-ont-surtout-couru-betement\/#primaryimage"},"image":{"@id":"https:\/\/dicodusport.fr\/blog\/eddy-merckx-les-jumbo-ont-surtout-couru-betement\/#primaryimage"},"thumbnailUrl":"https:\/\/dicodusport.fr\/blog\/wp-content\/uploads\/2020\/09\/Eddy-Merckx.png","datePublished":"2020-09-20T09:51:57+00:00","dateModified":"2020-09-20T11:37:40+00:00","description":"Dans un long entretien accord\u00e9 \u00e0 nos confr\u00e8res de L'Equipe, Eddy Merckx est revenu sur la prise de pouvoir de Tadej Pogacar lors du contre-la-montre de la Planche des Belles Filles.","breadcrumb":{"@id":"https:\/\/dicodusport.fr\/blog\/eddy-merckx-les-jumbo-ont-surtout-couru-betement\/#breadcrumb"},"inLanguage":"fr-FR","potentialAction":[{"@type":"ReadAction","target":["https:\/\/dicodusport.fr\/blog\/eddy-merckx-les-jumbo-ont-surtout-couru-betement\/"]}]},{"@type":"ImageObject","inLanguage":"fr-FR","@id":"https:\/\/dicodusport.fr\/blog\/eddy-merckx-les-jumbo-ont-surtout-couru-betement\/#primaryimage","url":"https:\/\/dicodusport.fr\/blog\/wp-content\/uploads\/2020\/09\/Eddy-Merckx.png","contentUrl":"https:\/\/dicodusport.fr\/blog\/wp-content\/uploads\/2020\/09\/Eddy-Merckx.png","width":800,"height":445},{"@type":"BreadcrumbList","@id":"https:\/\/dicodusport.fr\/blog\/eddy-merckx-les-jumbo-ont-surtout-couru-betement\/#breadcrumb","itemListElement":[{"@type":"ListItem","position":1,"name":"Accueil","item":"https:\/\/dicodusport.fr\/blog\/"},{"@type":"ListItem","position":2,"name":"Eddy Merckx : \u00ab\u00a0Les Jumbo ont surtout couru b\u00eatement\u00a0\u00bb"}]},{"@type":"WebSite","@id":"https:\/\/dicodusport.fr\/blog\/#website","url":"https:\/\/dicodusport.fr\/blog\/","name":"Dicodusport","description":"L&#039;encyclop\u00e9die de l&#039;actualit\u00e9 sportive","publisher":{"@id":"https:\/\/dicodusport.fr\/blog\/#organization"},"potentialAction":[{"@type":"SearchAction","target":{"@type":"EntryPoint","urlTemplate":"https:\/\/dicodusport.fr\/blog\/?s={search_term_string}"},"query-input":{"@type":"PropertyValueSpecification","valueRequired":true,"valueName":"search_term_string"}}],"inLanguage":"fr-FR"},{"@type":"NewsMediaOrganization","@id":"https:\/\/dicodusport.fr\/blog\/#organization","name":"Dicodusport","url":"https:\/\/dicodusport.fr\/blog\/","logo":{"@type":"ImageObject","inLanguage":"fr-FR","@id":"https:\/\/dicodusport.fr\/blog\/#\/schema\/logo\/image\/","url":"https:\/\/dicodusport.fr\/blog\/wp-content\/uploads\/2020\/06\/cropped-LOGO-DICODUSPORT-2020-SANS-FOND-SANS-TEXTE.png","contentUrl":"https:\/\/dicodusport.fr\/blog\/wp-content\/uploads\/2020\/06\/cropped-LOGO-DICODUSPORT-2020-SANS-FOND-SANS-TEXTE.png","width":512,"height":512,"caption":"Dicodusport"},"image":{"@id":"https:\/\/dicodusport.fr\/blog\/#\/schema\/logo\/image\/"},"sameAs":["https:\/\/www.facebook.com\/dicodusport","https:\/\/x.com\/dicodusport","https:\/\/www.instagram.com\/dicodusport\/","https:\/\/www.youtube.com\/channel\/UC7V2KZ5sd3htJivAbA4ZG3w"],"description":"Dicodusport est l'encyclop\u00e9die de l'actualit\u00e9 sportive.","email":"bonjour@dicodusport.fr","legalName":"DICODUSPORT","foundingDate":"2018-01-14","vatID":"FR71834470973","taxID":"83447097300043","numberOfEmployees":{"@type":"QuantitativeValue","minValue":"1","maxValue":"10"}},{"@type":"Person","@id":"https:\/\/dicodusport.fr\/blog\/#\/schema\/person\/55dcb50ad410894e431ed812bbb70191","name":"Nicolas Jacquemard","image":{"@type":"ImageObject","inLanguage":"fr-FR","@id":"https:\/\/dicodusport.fr\/blog\/#\/schema\/person\/image\/","url":"https:\/\/dicodusport.fr\/blog\/wp-content\/uploads\/2021\/05\/Nicolas-Jacquemard-150x150.jpeg","contentUrl":"https:\/\/dicodusport.fr\/blog\/wp-content\/uploads\/2021\/05\/Nicolas-Jacquemard-150x150.jpeg","caption":"Nicolas Jacquemard"},"description":"Passionn\u00e9 de sport et entrepreneur depuis mes 18 ans, la cr\u00e9ation de Dicodusport m'a sembl\u00e9 \u00e9vidente pour participer \u00e0 la m\u00e9diatisation d'un plus grand nombre de sports. Le chemin est long mais avec une \u00e9quipe des plus motiv\u00e9es et les Jeux Olympiques de Paris 2024 en point de mire, nous y arriverons ! Journaliste dans le monde du sport depuis plus de 5 ans, je traite aussi bien de football, de rugby, de biathlon que de cyclisme.","sameAs":["https:\/\/www.facebook.com\/dicodusport","https:\/\/x.com\/https:\/\/twitter.com\/Nico_Jacquemard"],"url":"https:\/\/dicodusport.fr\/blog\/author\/dicodusport\/"}]}},"_links":{"self":[{"href":"https:\/\/dicodusport.fr\/blog\/wp-json\/wp\/v2\/posts\/79066","targetHints":{"allow":["GET"]}}],"collection":[{"href":"https:\/\/dicodusport.fr\/blog\/wp-json\/wp\/v2\/posts"}],"about":[{"href":"https:\/\/dicodusport.fr\/blog\/wp-json\/wp\/v2\/types\/post"}],"author":[{"embeddable":true,"href":"https:\/\/dicodusport.fr\/blog\/wp-json\/wp\/v2\/users\/1"}],"replies":[{"embeddable":true,"href":"https:\/\/dicodusport.fr\/blog\/wp-json\/wp\/v2\/comments?post=79066"}],"version-history":[{"count":0,"href":"https:\/\/dicodusport.fr\/blog\/wp-json\/wp\/v2\/posts\/79066\/revisions"}],"wp:featuredmedia":[{"embeddable":true,"href":"https:\/\/dicodusport.fr\/blog\/wp-json\/wp\/v2\/media\/79068"}],"wp:attachment":[{"href":"https:\/\/dicodusport.fr\/blog\/wp-json\/wp\/v2\/media?parent=79066"}],"wp:term":[{"taxonomy":"category","embeddable":true,"href":"https:\/\/dicodusport.fr\/blog\/wp-json\/wp\/v2\/categories?post=79066"},{"taxonomy":"post_tag","embeddable":true,"href":"https:\/\/dicodusport.fr\/blog\/wp-json\/wp\/v2\/tags?post=79066"}],"curies":[{"name":"wp","href":"https:\/\/api.w.org\/{rel}","templated":true}]}}