{"id":79107,"date":"2020-09-20T19:13:51","date_gmt":"2020-09-20T17:13:51","guid":{"rendered":"http:\/\/dicodusport.fr\/blog\/?p=79107&#038;preview=true&#038;preview_id=79107"},"modified":"2020-09-21T08:06:28","modified_gmt":"2020-09-21T06:06:28","slug":"tour-de-france-2020-sam-bennett-remporte-21eme-etape-tadej-pogacar-sacre","status":"publish","type":"post","link":"https:\/\/dicodusport.fr\/blog\/tour-de-france-2020-sam-bennett-remporte-21eme-etape-tadej-pogacar-sacre\/","title":{"rendered":"Tour de France 2020 : Sam Bennett remporte la 21\u00e8me \u00e9tape, Tadej Pogacar sacr\u00e9"},"content":{"rendered":"<p style=\"text-align: justify;\"><em><a href=\"https:\/\/dicodusport.fr\/blog\/actualites\/cyclisme\/tour-de-france-2020\/\" target=\"_blank\" rel=\"noopener noreferrer\"><strong>TOUR DE FRANCE 2020<\/strong><\/a><b> &#8211; Parfaitement emmen\u00e9, le maillot vert Sam Bennett (Deceuninck &#8211; Quick-Step) a remport\u00e9 la 21\u00e8me et derni\u00e8re \u00e9tape du Tour 2020 sur les Champs-\u00c9lys\u00e9es. Maillot jaune depuis 24h, Tadej Pogacar (UAE Team Emirates) est sacr\u00e9, devenant le premier coureur slov\u00e8ne \u00e0 remporter la Grande Boucle, le plus jeune participant \u00e0 l&#8217;emporter depuis l&rsquo;apr\u00e8s-guerre.<\/b><\/em><\/p>\n<p style=\"text-align: justify;\">Comme pr\u00e9vu, la derni\u00e8re \u00e9tape du Tour 2020 s&rsquo;est jou\u00e9e au sprint. Comme un symbole, <strong>Sam Bennett<\/strong> (Deceuninck &#8211; Quick-Step) a remport\u00e9 cette 21\u00e8me \u00e9tape, maillot vert sur les \u00e9paules. L&rsquo;Irlandais devance le champion du monde <strong>Mads Pedersen<\/strong> (Trek-Segafredo) et son rival dans la lutte au classement par points, <strong>Peter Sagan<\/strong> (Bora-Hansgrohe). Premier Fran\u00e7ais, Hugo <strong>Hofstetter<\/strong> (Israel Start-Up Nation) prend la 8\u00e8me place, devant <strong>Bryan Coquard<\/strong> (B&amp;B Vital Concept).<\/p>\n<p style=\"text-align: justify;\">De son c\u00f4t\u00e9, <strong>Tadej Pogacar<\/strong> (UAE Team Emirates), 22 ans demain, est sacr\u00e9 sur cette Grande Boucle 2020. En jaune depuis samedi et son one man show sur le chrono de La Planche des Belles Filles, il devient le premier Slov\u00e8ne \u00e0 remporter le Tour. <strong>Primoz Roglic<\/strong> (Jumbo-Visma) et <strong>Richie Porte<\/strong> (Trek-Segafredo) compl\u00e8tent le podium.<\/p>\n<blockquote class=\"twitter-tweet\">\n<p dir=\"ltr\" lang=\"fr\">Victoire de Sam Bennett sur les Champs-Elys\u00e9es !<\/p>\n<p>L&rsquo;Irlandais n&rsquo;a laiss\u00e9 aucune chance \u00e0 ses adversaires dans la derni\u00e8re ligne droite ! Le maillot vert remporte sa 2e victoire d&rsquo;\u00e9tape sur le <a href=\"https:\/\/twitter.com\/hashtag\/TDF2020?src=hash&amp;ref_src=twsrc%5Etfw\">#TDF2020<\/a><\/p>\n<p>&#x25b6; Suivez le V\u00e9lo Club en direct : <a href=\"https:\/\/t.co\/4n1BOnYts3\">https:\/\/t.co\/4n1BOnYts3<\/a> <a href=\"https:\/\/t.co\/tdM82Oi5uO\">pic.twitter.com\/tdM82Oi5uO<\/a><\/p>\n<p>\u2014 France tv sport (@francetvsport) <a href=\"https:\/\/twitter.com\/francetvsport\/status\/1307729259373395970?ref_src=twsrc%5Etfw\">September 20, 2020<\/a><\/p><\/blockquote>\n<p><script async src=\"https:\/\/platform.twitter.com\/widgets.js\" charset=\"utf-8\"><\/script><\/p>\n<ul>\n<li><a href=\"https:\/\/dicodusport.fr\/blog\/tour-de-france-2020-le-classement-general-maillot-jaune\/\" target=\"_blank\" rel=\"noopener noreferrer\"><strong>Tour de France 2020 : le classement g\u00e9n\u00e9ral &#8211; Maillot jaune<\/strong><\/a><\/li>\n<li><a href=\"https:\/\/dicodusport.fr\/blog\/tour-de-france-2020-classement-21eme-etape\/\" target=\"_blank\" rel=\"noopener noreferrer\"><strong>Tour de France 2020 : le classement de la 21\u00e8me \u00e9tape<\/strong><\/a><\/li>\n<\/ul>\n<p><strong><em>Dicodusport<br \/>\n<a href=\"https:\/\/www.facebook.com\/dicodusport\/\" target=\"_blank\" rel=\"noopener noreferrer\"><img loading=\"lazy\" decoding=\"async\" class=\"alignnone wp-image-2909\" src=\"http:\/\/dicodusport.fr\/blog\/wp-content\/uploads\/2017\/07\/logo-facebook-150x150.png\" alt=\"\" width=\"40\" height=\"40\" \/><\/a><a href=\"https:\/\/twitter.com\/dicodusport\" target=\"_blank\" rel=\"noopener noreferrer\"><img loading=\"lazy\" decoding=\"async\" class=\"alignnone wp-image-2908\" src=\"http:\/\/dicodusport.fr\/blog\/wp-content\/uploads\/2017\/07\/logo-twitter-150x150.png\" alt=\"\" width=\"39\" height=\"39\" \/><\/a><\/em><\/strong><\/p>\n","protected":false},"excerpt":{"rendered":"<p>TOUR DE FRANCE 2020 &#8211; Parfaitement emmen\u00e9, le maillot vert Sam Bennett (Deceuninck &#8211; Quick-Step) a remport\u00e9 la 21\u00e8me et derni\u00e8re \u00e9tape du Tour 2020 sur les Champs-\u00c9lys\u00e9es. Maillot jaune depuis 24h, Tadej Pogacar (UAE Team Emirates) est sacr\u00e9, devenant le premier coureur slov\u00e8ne \u00e0 remporter la Grande Boucle, le plus jeune participant \u00e0 l&#8217;emporter depuis l&rsquo;apr\u00e8s-guerre.<\/p>\n","protected":false},"author":4,"featured_media":79154,"comment_status":"open","ping_status":"closed","sticky":false,"template":"","format":"standard","meta":{"_acf_changed":false,"_daextam_enable_autolinks":"","footnotes":""},"categories":[46995],"tags":[24,1262],"class_list":["post-79107","post","type-post","status-publish","format-standard","has-post-thumbnail","hentry","category-tour-de-france","tag-sport","tag-tour-de-france"],"acf":[],"yoast_head":"<!-- This site is optimized with the Yoast SEO Premium plugin v26.7 (Yoast SEO v26.7) - https:\/\/yoast.com\/wordpress\/plugins\/seo\/ -->\n<title>Tour de France 2020 : Sam Bennett remporte la 21\u00e8me \u00e9tape, Tadej Pogacar sacr\u00e9<\/title>\n<meta name=\"description\" content=\"TOUR DE FRANCE 2020 - Parfaitement emmen\u00e9, le maillot vert Sam Bennett (Deceuninck - Quick-Step) a remport\u00e9 la 21\u00e8me et derni\u00e8re \u00e9tape du Tour 2020 sur les Champs-\u00c9lys\u00e9es.\" \/>\n<meta name=\"robots\" content=\"index, follow, max-snippet:-1, max-image-preview:large, max-video-preview:-1\" \/>\n<link rel=\"canonical\" href=\"https:\/\/dicodusport.fr\/blog\/tour-de-france-2020-sam-bennett-remporte-21eme-etape-tadej-pogacar-sacre\/\" \/>\n<meta property=\"og:locale\" content=\"fr_FR\" \/>\n<meta property=\"og:type\" content=\"article\" \/>\n<meta property=\"og:title\" content=\"Tour de France 2020 : Sam Bennett remporte la 21\u00e8me \u00e9tape, Tadej Pogacar sacr\u00e9\" \/>\n<meta property=\"og:description\" content=\"TOUR DE FRANCE 2020 - Parfaitement emmen\u00e9, le maillot vert Sam Bennett (Deceuninck - Quick-Step) a remport\u00e9 la 21\u00e8me et derni\u00e8re \u00e9tape du Tour 2020 sur les Champs-\u00c9lys\u00e9es.\" \/>\n<meta property=\"og:url\" content=\"https:\/\/dicodusport.fr\/blog\/tour-de-france-2020-sam-bennett-remporte-21eme-etape-tadej-pogacar-sacre\/\" \/>\n<meta property=\"og:site_name\" content=\"Dicodusport\" \/>\n<meta property=\"article:publisher\" content=\"https:\/\/www.facebook.com\/dicodusport\" \/>\n<meta property=\"article:author\" content=\"https:\/\/www.facebook.com\/florent.ostermann\" \/>\n<meta property=\"article:published_time\" content=\"2020-09-20T17:13:51+00:00\" \/>\n<meta property=\"article:modified_time\" content=\"2020-09-21T06:06:28+00:00\" \/>\n<meta property=\"og:image\" content=\"https:\/\/dicodusport.fr\/blog\/wp-content\/uploads\/2020\/09\/Cyclisme-Tour-de-France-2020-Sam-Bennett-remporte-la-21\u00e8me-\u00e9tape-Tadej-Pogacar-sacr\u00e9.png\" \/>\n\t<meta property=\"og:image:width\" content=\"800\" \/>\n\t<meta property=\"og:image:height\" content=\"445\" \/>\n\t<meta property=\"og:image:type\" content=\"image\/png\" \/>\n<meta name=\"author\" content=\"Flo Ostermann\" \/>\n<meta name=\"twitter:card\" content=\"summary_large_image\" \/>\n<meta name=\"twitter:title\" content=\"Tour de France 2020 : Sam Bennett remporte la 21\u00e8me \u00e9tape, Tadej Pogacar sacr\u00e9\" \/>\n<meta name=\"twitter:creator\" content=\"@https:\/\/twitter.com\/FlOstermann\" \/>\n<meta name=\"twitter:site\" content=\"@dicodusport\" \/>\n<script type=\"application\/ld+json\" class=\"yoast-schema-graph\">{\"@context\":\"https:\/\/schema.org\",\"@graph\":[{\"@type\":\"NewsArticle\",\"@id\":\"https:\/\/dicodusport.fr\/blog\/tour-de-france-2020-sam-bennett-remporte-21eme-etape-tadej-pogacar-sacre\/#article\",\"isPartOf\":{\"@id\":\"https:\/\/dicodusport.fr\/blog\/tour-de-france-2020-sam-bennett-remporte-21eme-etape-tadej-pogacar-sacre\/\"},\"author\":{\"name\":\"Flo Ostermann\",\"@id\":\"https:\/\/dicodusport.fr\/blog\/#\/schema\/person\/cb02af4c173ce4a653b55e9baf388d4a\"},\"headline\":\"Tour de France 2020 : Sam Bennett remporte la 21\u00e8me \u00e9tape, Tadej Pogacar sacr\u00e9\",\"datePublished\":\"2020-09-20T17:13:51+00:00\",\"dateModified\":\"2020-09-21T06:06:28+00:00\",\"mainEntityOfPage\":{\"@id\":\"https:\/\/dicodusport.fr\/blog\/tour-de-france-2020-sam-bennett-remporte-21eme-etape-tadej-pogacar-sacre\/\"},\"wordCount\":284,\"commentCount\":0,\"publisher\":{\"@id\":\"https:\/\/dicodusport.fr\/blog\/#organization\"},\"image\":{\"@id\":\"https:\/\/dicodusport.fr\/blog\/tour-de-france-2020-sam-bennett-remporte-21eme-etape-tadej-pogacar-sacre\/#primaryimage\"},\"thumbnailUrl\":\"https:\/\/dicodusport.fr\/blog\/wp-content\/uploads\/2020\/09\/Cyclisme-Tour-de-France-2020-Sam-Bennett-remporte-la-21\u00e8me-\u00e9tape-Tadej-Pogacar-sacr\u00e9.png\",\"keywords\":[\"sport\",\"Tour de France\"],\"articleSection\":[\"Tour de France\"],\"inLanguage\":\"fr-FR\",\"potentialAction\":[{\"@type\":\"CommentAction\",\"name\":\"Comment\",\"target\":[\"https:\/\/dicodusport.fr\/blog\/tour-de-france-2020-sam-bennett-remporte-21eme-etape-tadej-pogacar-sacre\/#respond\"]}],\"copyrightYear\":\"2020\",\"copyrightHolder\":{\"@id\":\"https:\/\/dicodusport.fr\/blog\/#organization\"}},{\"@type\":\"WebPage\",\"@id\":\"https:\/\/dicodusport.fr\/blog\/tour-de-france-2020-sam-bennett-remporte-21eme-etape-tadej-pogacar-sacre\/\",\"url\":\"https:\/\/dicodusport.fr\/blog\/tour-de-france-2020-sam-bennett-remporte-21eme-etape-tadej-pogacar-sacre\/\",\"name\":\"Tour de France 2020 : Sam Bennett remporte la 21\u00e8me \u00e9tape, Tadej Pogacar sacr\u00e9\",\"isPartOf\":{\"@id\":\"https:\/\/dicodusport.fr\/blog\/#website\"},\"primaryImageOfPage\":{\"@id\":\"https:\/\/dicodusport.fr\/blog\/tour-de-france-2020-sam-bennett-remporte-21eme-etape-tadej-pogacar-sacre\/#primaryimage\"},\"image\":{\"@id\":\"https:\/\/dicodusport.fr\/blog\/tour-de-france-2020-sam-bennett-remporte-21eme-etape-tadej-pogacar-sacre\/#primaryimage\"},\"thumbnailUrl\":\"https:\/\/dicodusport.fr\/blog\/wp-content\/uploads\/2020\/09\/Cyclisme-Tour-de-France-2020-Sam-Bennett-remporte-la-21\u00e8me-\u00e9tape-Tadej-Pogacar-sacr\u00e9.png\",\"datePublished\":\"2020-09-20T17:13:51+00:00\",\"dateModified\":\"2020-09-21T06:06:28+00:00\",\"description\":\"TOUR DE FRANCE 2020 - Parfaitement emmen\u00e9, le maillot vert Sam Bennett (Deceuninck - Quick-Step) a remport\u00e9 la 21\u00e8me et derni\u00e8re \u00e9tape du Tour 2020 sur les Champs-\u00c9lys\u00e9es.\",\"breadcrumb\":{\"@id\":\"https:\/\/dicodusport.fr\/blog\/tour-de-france-2020-sam-bennett-remporte-21eme-etape-tadej-pogacar-sacre\/#breadcrumb\"},\"inLanguage\":\"fr-FR\",\"potentialAction\":[{\"@type\":\"ReadAction\",\"target\":[\"https:\/\/dicodusport.fr\/blog\/tour-de-france-2020-sam-bennett-remporte-21eme-etape-tadej-pogacar-sacre\/\"]}]},{\"@type\":\"ImageObject\",\"inLanguage\":\"fr-FR\",\"@id\":\"https:\/\/dicodusport.fr\/blog\/tour-de-france-2020-sam-bennett-remporte-21eme-etape-tadej-pogacar-sacre\/#primaryimage\",\"url\":\"https:\/\/dicodusport.fr\/blog\/wp-content\/uploads\/2020\/09\/Cyclisme-Tour-de-France-2020-Sam-Bennett-remporte-la-21\u00e8me-\u00e9tape-Tadej-Pogacar-sacr\u00e9.png\",\"contentUrl\":\"https:\/\/dicodusport.fr\/blog\/wp-content\/uploads\/2020\/09\/Cyclisme-Tour-de-France-2020-Sam-Bennett-remporte-la-21\u00e8me-\u00e9tape-Tadej-Pogacar-sacr\u00e9.png\",\"width\":800,\"height\":445,\"caption\":\"Cyclisme - Tour de France 2020 - Sam Bennett remporte la 21\u00e8me \u00e9tape, Tadej Pogacar sacr\u00e9\"},{\"@type\":\"BreadcrumbList\",\"@id\":\"https:\/\/dicodusport.fr\/blog\/tour-de-france-2020-sam-bennett-remporte-21eme-etape-tadej-pogacar-sacre\/#breadcrumb\",\"itemListElement\":[{\"@type\":\"ListItem\",\"position\":1,\"name\":\"Accueil\",\"item\":\"https:\/\/dicodusport.fr\/blog\/\"},{\"@type\":\"ListItem\",\"position\":2,\"name\":\"Tour de France 2020 : Sam Bennett remporte la 21\u00e8me \u00e9tape, Tadej Pogacar sacr\u00e9\"}]},{\"@type\":\"WebSite\",\"@id\":\"https:\/\/dicodusport.fr\/blog\/#website\",\"url\":\"https:\/\/dicodusport.fr\/blog\/\",\"name\":\"Dicodusport\",\"description\":\"L&#039;encyclop\u00e9die de l&#039;actualit\u00e9 sportive\",\"publisher\":{\"@id\":\"https:\/\/dicodusport.fr\/blog\/#organization\"},\"potentialAction\":[{\"@type\":\"SearchAction\",\"target\":{\"@type\":\"EntryPoint\",\"urlTemplate\":\"https:\/\/dicodusport.fr\/blog\/?s={search_term_string}\"},\"query-input\":{\"@type\":\"PropertyValueSpecification\",\"valueRequired\":true,\"valueName\":\"search_term_string\"}}],\"inLanguage\":\"fr-FR\"},{\"@type\":\"NewsMediaOrganization\",\"@id\":\"https:\/\/dicodusport.fr\/blog\/#organization\",\"name\":\"Dicodusport\",\"url\":\"https:\/\/dicodusport.fr\/blog\/\",\"logo\":{\"@type\":\"ImageObject\",\"inLanguage\":\"fr-FR\",\"@id\":\"https:\/\/dicodusport.fr\/blog\/#\/schema\/logo\/image\/\",\"url\":\"https:\/\/dicodusport.fr\/blog\/wp-content\/uploads\/2020\/06\/cropped-LOGO-DICODUSPORT-2020-SANS-FOND-SANS-TEXTE.png\",\"contentUrl\":\"https:\/\/dicodusport.fr\/blog\/wp-content\/uploads\/2020\/06\/cropped-LOGO-DICODUSPORT-2020-SANS-FOND-SANS-TEXTE.png\",\"width\":512,\"height\":512,\"caption\":\"Dicodusport\"},\"image\":{\"@id\":\"https:\/\/dicodusport.fr\/blog\/#\/schema\/logo\/image\/\"},\"sameAs\":[\"https:\/\/www.facebook.com\/dicodusport\",\"https:\/\/x.com\/dicodusport\",\"https:\/\/www.instagram.com\/dicodusport\/\",\"https:\/\/www.youtube.com\/channel\/UC7V2KZ5sd3htJivAbA4ZG3w\"],\"description\":\"Dicodusport est l'encyclop\u00e9die de l'actualit\u00e9 sportive.\",\"email\":\"bonjour@dicodusport.fr\",\"legalName\":\"DICODUSPORT\",\"foundingDate\":\"2018-01-14\",\"vatID\":\"FR71834470973\",\"taxID\":\"83447097300043\",\"numberOfEmployees\":{\"@type\":\"QuantitativeValue\",\"minValue\":\"1\",\"maxValue\":\"10\"}},{\"@type\":\"Person\",\"@id\":\"https:\/\/dicodusport.fr\/blog\/#\/schema\/person\/cb02af4c173ce4a653b55e9baf388d4a\",\"name\":\"Flo Ostermann\",\"image\":{\"@type\":\"ImageObject\",\"inLanguage\":\"fr-FR\",\"@id\":\"https:\/\/dicodusport.fr\/blog\/#\/schema\/person\/image\/\",\"url\":\"https:\/\/dicodusport.fr\/blog\/wp-content\/uploads\/2021\/05\/Flo-Ostermann-150x150.jpg\",\"contentUrl\":\"https:\/\/dicodusport.fr\/blog\/wp-content\/uploads\/2021\/05\/Flo-Ostermann-150x150.jpg\",\"caption\":\"Flo Ostermann\"},\"description\":\"Journaliste\/R\u00e9dacteur depuis septembre 2015 - Mes premiers souvenirs dans le sport ? Les envol\u00e9es du Stade Toulousain et les duels Villeneuve-Schumacher et H\u00e4kkinen-Schumacher \u00e0 la fin des ann\u00e9es 90, la Coupe du monde de football en 1998, l\u2019exploit du XV de France face aux All Blacks en 1999, mais aussi Richard C\u0153ur de Lion qui vole sur les montagnes du Tour de France. Bien parti pour devenir professeur d\u2019EPS, les \u00e9v\u00e9nements de la vie (et la flemme d\u2019animer des s\u00e9ances de 3x500 m\u00e8tres toute ma vie) m\u2019ont conduit \u00e0 revoir mes plans. Me voil\u00e0 depuis fin 2017 sur Dicodusport, m\u00e9dia gr\u00e2ce (et pour) lequel je partage ma passion : le sport dans tous ses \u00e9tats. Le tout accompagn\u00e9 par les fous furieux et folles furieuses cit\u00e9s sur cette page !\",\"sameAs\":[\"https:\/\/www.facebook.com\/florent.ostermann\",\"https:\/\/x.com\/https:\/\/twitter.com\/FlOstermann\",\"admin\"],\"url\":\"https:\/\/dicodusport.fr\/blog\/author\/flo\/\"}]}<\/script>\n<!-- \/ Yoast SEO Premium plugin. -->","yoast_head_json":{"title":"Tour de France 2020 : Sam Bennett remporte la 21\u00e8me \u00e9tape, Tadej Pogacar sacr\u00e9","description":"TOUR DE FRANCE 2020 - Parfaitement emmen\u00e9, le maillot vert Sam Bennett (Deceuninck - Quick-Step) a remport\u00e9 la 21\u00e8me et derni\u00e8re \u00e9tape du Tour 2020 sur les Champs-\u00c9lys\u00e9es.","robots":{"index":"index","follow":"follow","max-snippet":"max-snippet:-1","max-image-preview":"max-image-preview:large","max-video-preview":"max-video-preview:-1"},"canonical":"https:\/\/dicodusport.fr\/blog\/tour-de-france-2020-sam-bennett-remporte-21eme-etape-tadej-pogacar-sacre\/","og_locale":"fr_FR","og_type":"article","og_title":"Tour de France 2020 : Sam Bennett remporte la 21\u00e8me \u00e9tape, Tadej Pogacar sacr\u00e9","og_description":"TOUR DE FRANCE 2020 - Parfaitement emmen\u00e9, le maillot vert Sam Bennett (Deceuninck - Quick-Step) a remport\u00e9 la 21\u00e8me et derni\u00e8re \u00e9tape du Tour 2020 sur les Champs-\u00c9lys\u00e9es.","og_url":"https:\/\/dicodusport.fr\/blog\/tour-de-france-2020-sam-bennett-remporte-21eme-etape-tadej-pogacar-sacre\/","og_site_name":"Dicodusport","article_publisher":"https:\/\/www.facebook.com\/dicodusport","article_author":"https:\/\/www.facebook.com\/florent.ostermann","article_published_time":"2020-09-20T17:13:51+00:00","article_modified_time":"2020-09-21T06:06:28+00:00","og_image":[{"width":800,"height":445,"url":"https:\/\/dicodusport.fr\/blog\/wp-content\/uploads\/2020\/09\/Cyclisme-Tour-de-France-2020-Sam-Bennett-remporte-la-21\u00e8me-\u00e9tape-Tadej-Pogacar-sacr\u00e9.png","type":"image\/png"}],"author":"Flo Ostermann","twitter_card":"summary_large_image","twitter_title":"Tour de France 2020 : Sam Bennett remporte la 21\u00e8me \u00e9tape, Tadej Pogacar sacr\u00e9","twitter_creator":"@https:\/\/twitter.com\/FlOstermann","twitter_site":"@dicodusport","schema":{"@context":"https:\/\/schema.org","@graph":[{"@type":"NewsArticle","@id":"https:\/\/dicodusport.fr\/blog\/tour-de-france-2020-sam-bennett-remporte-21eme-etape-tadej-pogacar-sacre\/#article","isPartOf":{"@id":"https:\/\/dicodusport.fr\/blog\/tour-de-france-2020-sam-bennett-remporte-21eme-etape-tadej-pogacar-sacre\/"},"author":{"name":"Flo Ostermann","@id":"https:\/\/dicodusport.fr\/blog\/#\/schema\/person\/cb02af4c173ce4a653b55e9baf388d4a"},"headline":"Tour de France 2020 : Sam Bennett remporte la 21\u00e8me \u00e9tape, Tadej Pogacar sacr\u00e9","datePublished":"2020-09-20T17:13:51+00:00","dateModified":"2020-09-21T06:06:28+00:00","mainEntityOfPage":{"@id":"https:\/\/dicodusport.fr\/blog\/tour-de-france-2020-sam-bennett-remporte-21eme-etape-tadej-pogacar-sacre\/"},"wordCount":284,"commentCount":0,"publisher":{"@id":"https:\/\/dicodusport.fr\/blog\/#organization"},"image":{"@id":"https:\/\/dicodusport.fr\/blog\/tour-de-france-2020-sam-bennett-remporte-21eme-etape-tadej-pogacar-sacre\/#primaryimage"},"thumbnailUrl":"https:\/\/dicodusport.fr\/blog\/wp-content\/uploads\/2020\/09\/Cyclisme-Tour-de-France-2020-Sam-Bennett-remporte-la-21\u00e8me-\u00e9tape-Tadej-Pogacar-sacr\u00e9.png","keywords":["sport","Tour de France"],"articleSection":["Tour de France"],"inLanguage":"fr-FR","potentialAction":[{"@type":"CommentAction","name":"Comment","target":["https:\/\/dicodusport.fr\/blog\/tour-de-france-2020-sam-bennett-remporte-21eme-etape-tadej-pogacar-sacre\/#respond"]}],"copyrightYear":"2020","copyrightHolder":{"@id":"https:\/\/dicodusport.fr\/blog\/#organization"}},{"@type":"WebPage","@id":"https:\/\/dicodusport.fr\/blog\/tour-de-france-2020-sam-bennett-remporte-21eme-etape-tadej-pogacar-sacre\/","url":"https:\/\/dicodusport.fr\/blog\/tour-de-france-2020-sam-bennett-remporte-21eme-etape-tadej-pogacar-sacre\/","name":"Tour de France 2020 : Sam Bennett remporte la 21\u00e8me \u00e9tape, Tadej Pogacar sacr\u00e9","isPartOf":{"@id":"https:\/\/dicodusport.fr\/blog\/#website"},"primaryImageOfPage":{"@id":"https:\/\/dicodusport.fr\/blog\/tour-de-france-2020-sam-bennett-remporte-21eme-etape-tadej-pogacar-sacre\/#primaryimage"},"image":{"@id":"https:\/\/dicodusport.fr\/blog\/tour-de-france-2020-sam-bennett-remporte-21eme-etape-tadej-pogacar-sacre\/#primaryimage"},"thumbnailUrl":"https:\/\/dicodusport.fr\/blog\/wp-content\/uploads\/2020\/09\/Cyclisme-Tour-de-France-2020-Sam-Bennett-remporte-la-21\u00e8me-\u00e9tape-Tadej-Pogacar-sacr\u00e9.png","datePublished":"2020-09-20T17:13:51+00:00","dateModified":"2020-09-21T06:06:28+00:00","description":"TOUR DE FRANCE 2020 - Parfaitement emmen\u00e9, le maillot vert Sam Bennett (Deceuninck - Quick-Step) a remport\u00e9 la 21\u00e8me et derni\u00e8re \u00e9tape du Tour 2020 sur les Champs-\u00c9lys\u00e9es.","breadcrumb":{"@id":"https:\/\/dicodusport.fr\/blog\/tour-de-france-2020-sam-bennett-remporte-21eme-etape-tadej-pogacar-sacre\/#breadcrumb"},"inLanguage":"fr-FR","potentialAction":[{"@type":"ReadAction","target":["https:\/\/dicodusport.fr\/blog\/tour-de-france-2020-sam-bennett-remporte-21eme-etape-tadej-pogacar-sacre\/"]}]},{"@type":"ImageObject","inLanguage":"fr-FR","@id":"https:\/\/dicodusport.fr\/blog\/tour-de-france-2020-sam-bennett-remporte-21eme-etape-tadej-pogacar-sacre\/#primaryimage","url":"https:\/\/dicodusport.fr\/blog\/wp-content\/uploads\/2020\/09\/Cyclisme-Tour-de-France-2020-Sam-Bennett-remporte-la-21\u00e8me-\u00e9tape-Tadej-Pogacar-sacr\u00e9.png","contentUrl":"https:\/\/dicodusport.fr\/blog\/wp-content\/uploads\/2020\/09\/Cyclisme-Tour-de-France-2020-Sam-Bennett-remporte-la-21\u00e8me-\u00e9tape-Tadej-Pogacar-sacr\u00e9.png","width":800,"height":445,"caption":"Cyclisme - Tour de France 2020 - Sam Bennett remporte la 21\u00e8me \u00e9tape, Tadej Pogacar sacr\u00e9"},{"@type":"BreadcrumbList","@id":"https:\/\/dicodusport.fr\/blog\/tour-de-france-2020-sam-bennett-remporte-21eme-etape-tadej-pogacar-sacre\/#breadcrumb","itemListElement":[{"@type":"ListItem","position":1,"name":"Accueil","item":"https:\/\/dicodusport.fr\/blog\/"},{"@type":"ListItem","position":2,"name":"Tour de France 2020 : Sam Bennett remporte la 21\u00e8me \u00e9tape, Tadej Pogacar sacr\u00e9"}]},{"@type":"WebSite","@id":"https:\/\/dicodusport.fr\/blog\/#website","url":"https:\/\/dicodusport.fr\/blog\/","name":"Dicodusport","description":"L&#039;encyclop\u00e9die de l&#039;actualit\u00e9 sportive","publisher":{"@id":"https:\/\/dicodusport.fr\/blog\/#organization"},"potentialAction":[{"@type":"SearchAction","target":{"@type":"EntryPoint","urlTemplate":"https:\/\/dicodusport.fr\/blog\/?s={search_term_string}"},"query-input":{"@type":"PropertyValueSpecification","valueRequired":true,"valueName":"search_term_string"}}],"inLanguage":"fr-FR"},{"@type":"NewsMediaOrganization","@id":"https:\/\/dicodusport.fr\/blog\/#organization","name":"Dicodusport","url":"https:\/\/dicodusport.fr\/blog\/","logo":{"@type":"ImageObject","inLanguage":"fr-FR","@id":"https:\/\/dicodusport.fr\/blog\/#\/schema\/logo\/image\/","url":"https:\/\/dicodusport.fr\/blog\/wp-content\/uploads\/2020\/06\/cropped-LOGO-DICODUSPORT-2020-SANS-FOND-SANS-TEXTE.png","contentUrl":"https:\/\/dicodusport.fr\/blog\/wp-content\/uploads\/2020\/06\/cropped-LOGO-DICODUSPORT-2020-SANS-FOND-SANS-TEXTE.png","width":512,"height":512,"caption":"Dicodusport"},"image":{"@id":"https:\/\/dicodusport.fr\/blog\/#\/schema\/logo\/image\/"},"sameAs":["https:\/\/www.facebook.com\/dicodusport","https:\/\/x.com\/dicodusport","https:\/\/www.instagram.com\/dicodusport\/","https:\/\/www.youtube.com\/channel\/UC7V2KZ5sd3htJivAbA4ZG3w"],"description":"Dicodusport est l'encyclop\u00e9die de l'actualit\u00e9 sportive.","email":"bonjour@dicodusport.fr","legalName":"DICODUSPORT","foundingDate":"2018-01-14","vatID":"FR71834470973","taxID":"83447097300043","numberOfEmployees":{"@type":"QuantitativeValue","minValue":"1","maxValue":"10"}},{"@type":"Person","@id":"https:\/\/dicodusport.fr\/blog\/#\/schema\/person\/cb02af4c173ce4a653b55e9baf388d4a","name":"Flo Ostermann","image":{"@type":"ImageObject","inLanguage":"fr-FR","@id":"https:\/\/dicodusport.fr\/blog\/#\/schema\/person\/image\/","url":"https:\/\/dicodusport.fr\/blog\/wp-content\/uploads\/2021\/05\/Flo-Ostermann-150x150.jpg","contentUrl":"https:\/\/dicodusport.fr\/blog\/wp-content\/uploads\/2021\/05\/Flo-Ostermann-150x150.jpg","caption":"Flo Ostermann"},"description":"Journaliste\/R\u00e9dacteur depuis septembre 2015 - Mes premiers souvenirs dans le sport ? Les envol\u00e9es du Stade Toulousain et les duels Villeneuve-Schumacher et H\u00e4kkinen-Schumacher \u00e0 la fin des ann\u00e9es 90, la Coupe du monde de football en 1998, l\u2019exploit du XV de France face aux All Blacks en 1999, mais aussi Richard C\u0153ur de Lion qui vole sur les montagnes du Tour de France. Bien parti pour devenir professeur d\u2019EPS, les \u00e9v\u00e9nements de la vie (et la flemme d\u2019animer des s\u00e9ances de 3x500 m\u00e8tres toute ma vie) m\u2019ont conduit \u00e0 revoir mes plans. Me voil\u00e0 depuis fin 2017 sur Dicodusport, m\u00e9dia gr\u00e2ce (et pour) lequel je partage ma passion : le sport dans tous ses \u00e9tats. Le tout accompagn\u00e9 par les fous furieux et folles furieuses cit\u00e9s sur cette page !","sameAs":["https:\/\/www.facebook.com\/florent.ostermann","https:\/\/x.com\/https:\/\/twitter.com\/FlOstermann","admin"],"url":"https:\/\/dicodusport.fr\/blog\/author\/flo\/"}]}},"_links":{"self":[{"href":"https:\/\/dicodusport.fr\/blog\/wp-json\/wp\/v2\/posts\/79107","targetHints":{"allow":["GET"]}}],"collection":[{"href":"https:\/\/dicodusport.fr\/blog\/wp-json\/wp\/v2\/posts"}],"about":[{"href":"https:\/\/dicodusport.fr\/blog\/wp-json\/wp\/v2\/types\/post"}],"author":[{"embeddable":true,"href":"https:\/\/dicodusport.fr\/blog\/wp-json\/wp\/v2\/users\/4"}],"replies":[{"embeddable":true,"href":"https:\/\/dicodusport.fr\/blog\/wp-json\/wp\/v2\/comments?post=79107"}],"version-history":[{"count":0,"href":"https:\/\/dicodusport.fr\/blog\/wp-json\/wp\/v2\/posts\/79107\/revisions"}],"wp:featuredmedia":[{"embeddable":true,"href":"https:\/\/dicodusport.fr\/blog\/wp-json\/wp\/v2\/media\/79154"}],"wp:attachment":[{"href":"https:\/\/dicodusport.fr\/blog\/wp-json\/wp\/v2\/media?parent=79107"}],"wp:term":[{"taxonomy":"category","embeddable":true,"href":"https:\/\/dicodusport.fr\/blog\/wp-json\/wp\/v2\/categories?post=79107"},{"taxonomy":"post_tag","embeddable":true,"href":"https:\/\/dicodusport.fr\/blog\/wp-json\/wp\/v2\/tags?post=79107"}],"curies":[{"name":"wp","href":"https:\/\/api.w.org\/{rel}","templated":true}]}}