{"id":7913,"date":"2017-11-30T18:00:12","date_gmt":"2017-11-30T17:00:12","guid":{"rendered":"http:\/\/dicodusport.fr\/blog\/?p=7913"},"modified":"2018-02-20T16:19:54","modified_gmt":"2018-02-20T15:19:54","slug":"cecile-hernandez-determination-toute-epreuve-avant-pyeongchang","status":"publish","type":"post","link":"https:\/\/dicodusport.fr\/blog\/cecile-hernandez-determination-toute-epreuve-avant-pyeongchang\/","title":{"rendered":"C\u00e9cile Hernandez, une d\u00e9termination \u00e0 toute \u00e9preuve avant Pyeongchang"},"content":{"rendered":"<p style=\"text-align: justify;\"><em><strong>Trois ans apr\u00e8s sa m\u00e9daille d&rsquo;argent aux Jeux Paralympiques de Sotchi, C\u00e9cile Hernandez repart pour une nouvelle bataille \u00e0 Pyeongchang. A 43 ans, elle vise cette fois-ci un tout autre m\u00e9tal, le plus beau. Rencontre avec une athl\u00e8te et une maman qui a fait de sa maladie, la scl\u00e9rose en plaques, sa force au quotidien.<\/strong><\/em><\/p>\n<h5 style=\"text-align: justify;\">Peux-tu te pr\u00e9senter en quelques mots et nous raconter ton parcours ?<\/h5>\n<p style=\"text-align: justify;\">Je m\u2019appelle C\u00e9cile Hernandez, je vis \u00e0 Saint-Est\u00e8ve dans les Pyr\u00e9n\u00e9es-Orientales et je passe mes hivers dans la station des Angles dont je suis l\u2019ambassadrice. Je suis une passionn\u00e9e de sport depuis toute petite et de sports extr\u00eames en particulier. Je suis atteinte de scl\u00e9rose en plaques depuis 15 ans et je suis athl\u00e8te parasnowboard de l\u2019\u00e9quipe de France depuis trois ans. Je m\u2019implique beaucoup dans le militantisme sur le handicap invisible et la scl\u00e9rose en plaques. Et le meilleur pour la fin : je suis maman d\u2019une petite demoiselle de 10 ans.<\/p>\n<h5 style=\"text-align: justify;\">Tu l&rsquo;as dit auparavant, tu es atteinte de la scl\u00e9rose en plaques depuis 2002. La maladie est encore assez mal connue en France. Peux-tu nous dire en quoi le sport t&rsquo;a aid\u00e9e \u00e0 l&rsquo;accepter ?<\/h5>\n<p style=\"text-align: justify;\">Oui, j\u2019ai \u00e9t\u00e9 diagnostiqu\u00e9e en octobre 2002, et ce fut un vrai choc car je ne connaissais rien de cette maladie. Apr\u00e8s beaucoup de chemin fait de hauts et de bas, j\u2019ai accept\u00e9 cette SEP et aujourd\u2019hui, je vis non plus malgr\u00e9 la maladie mais avec la maladie. Le sport m\u2019a aid\u00e9e \u00e0 rebooster l\u2019estime que j\u2019avais de mon corps et de moi-m\u00eame. Il m\u2019a aussi aid\u00e9e \u00e0 \u00eatre plus endurante face aux caprices de la maladie et surtout \u00e0 renouer avec le sport de tr\u00e8s haut niveau. La SEP a donc \u00e9t\u00e9 au final une opportunit\u00e9 pour conna\u00eetre autre chose et pour vivre diff\u00e9remment.<\/p>\n<h5 style=\"text-align: justify;\">Qu&rsquo;est-ce que le sport t&rsquo;apporte aujourd&rsquo;hui, 15 ans apr\u00e8s l&rsquo;annonce de ta maladie ?<\/h5>\n<p style=\"text-align: justify;\">Le sport est exigeant et il m\u2019apporte beaucoup personnellement. Il me donne de belles armes pour faire face \u00e0 la maladie : la force de caract\u00e8re, la volont\u00e9 et l\u2019endurance. Ce sont des ressources dont je me sers non seulement dans le sport mais aussi dans la vie de tous les jours.<\/p>\n<h5 style=\"text-align: justify;\">Durant ta r\u00e9mission suite \u00e0 ta premi\u00e8re pouss\u00e9e, tu as beaucoup \u00e9crit. Cela t&rsquo;a \u00e9galement aid\u00e9e \u00e0 avancer ?<\/h5>\n<p style=\"text-align: justify;\">En effet, lorsque l&rsquo;on m\u2019a annonc\u00e9 ma maladie, on m\u2019a dit que je ne pourrais plus faire de sport. En \u00e9tant sportive, il me fallait trouver un exutoire pour \u00e9vacuer tout ce que j\u2019\u00e9tais en train de vivre et qui \u00e9tait en train de changer et bouleverser ma vie. J\u2019ai donc choisi de \u00ab boxer avec les mots \u00bb et je me suis \u00e9panouie l\u00e0-dedans. Mon premier livre, <em>La guerre des nerfs,<\/em> a \u00e9t\u00e9 comme une th\u00e9rapie pour moi.<\/p>\n<h5 style=\"text-align: justify;\">Tu as \u00e9galement comment\u00e9 les Jeux Paralympiques de Londres en 2012. Le journalisme te passionne-t-il ?<\/h5>\n<p style=\"text-align: justify;\">J\u2019ai toujours r\u00eav\u00e9 de faire du journalisme et mon handicap m\u2019a permis d\u2019int\u00e9grer de grands m\u00e9dias tels que Europe 1 ou Le Figaro. Le monde de l\u2019entreprise impose des quotas de personnes handicap\u00e9es et j\u2019ai jou\u00e9 sur \u00e7a pour r\u00e9aliser mon r\u00eave. Bien s\u00fbr, il a fallu du travail et acqu\u00e9rir des comp\u00e9tences mais en effet, c\u2019est un m\u00e9tier qui me passionne et en plus je pouvais parler du handicap, du handisport et faire conna\u00eetre un peu plus ce sujet. J\u2019ai donc pu vivre les Jeux Paralympiques de Londres en tant que journaliste et maintenant je suis pass\u00e9e de l\u2019autre c\u00f4t\u00e9 de la barri\u00e8re. Je connais les deux, et je trouve \u00e7a g\u00e9nial.<\/p>\n<h5 style=\"text-align: justify;\">Sportivement parlant, tu commences \u00e0 avoir un sacr\u00e9 palmar\u00e8s en snowboard. Quel est ton meilleur souvenir sur la planche ? De quel titre ou m\u00e9daille es-tu la plus fi\u00e8re ?<\/h5>\n<p style=\"text-align: justify;\">Merci ! Sotchi ! Car c\u2019est bien \u00e9videmment la m\u00e9daille la plus surprenante. Je retiens aussi mon titre de championne du Monde \u00e0 La Molina. J\u2019avais pass\u00e9 une sale semaine : clou\u00e9e au lit avec la grippe et j\u2019ai quand m\u00eame pris le d\u00e9part de la course pas au top de la forme, mais ma famille \u00e9tait l\u00e0. En voyant ma fille, j\u2019ai eu l\u2019impression que je n\u2019\u00e9tais plus du tout malade et que j\u2019\u00e9tais reboost\u00e9e comme jamais et j\u2019ai donc d\u00e9croch\u00e9 l\u2019or.<\/p>\n<p style=\"text-align: justify;\">Je suis fi\u00e8re de tous mes podiums, car ils sont l\u2019aboutissement d\u2019un travail et de sacrifices quotidiens. Bien s\u00fbr que je vise toujours la plus haute marche, mais il y a de la concurrence que je respecte. En comp\u00e9tition, je dois faire face \u00e0 une double adversit\u00e9, les autres rideuses et ma maladie qui fluctue au cours de la course.<\/p>\n<h5 style=\"text-align: justify;\">Les Jeux Paralympiques sont le point d&rsquo;orgue cette saison. Es-tu s\u00e9lectionn\u00e9e au jour d&rsquo;aujourd&rsquo;hui ? Si non, quelles sont les modalit\u00e9s pour l&rsquo;\u00eatre ?<\/h5>\n<p style=\"text-align: justify;\">Oui, je suis s\u00e9lectionn\u00e9e depuis fin septembre, et je pr\u00e9pare actuellement cette grande \u00e9ch\u00e9ance que sont les Jeux Paralympiques de Pyeongchang gr\u00e2ce \u00e0 mon contrat avec l\u2019\u00e9quipe de France Douane. Les modalit\u00e9s \u00e9taient de faire un podium lors des Mondiaux ou plusieurs podiums lors des Coupes du Monde.<\/p>\n<h5 style=\"text-align: justify;\">L&rsquo;or olympique est-il un objectif pour toi ?<\/h5>\n<p style=\"text-align: justify;\">Bien s\u00fbr ! J\u2019y pense tous les jours. Je ne pars pas en Cor\u00e9e pour y faire de la figuration, mais bel et bien pour y d\u00e9crocher une ou deux m\u00e9dailles. C\u2019est l\u2019objectif que j\u2019ai en ligne de mire, mais pour atteindre celui-ci, il faut d\u2019abord que je r\u00e9ussisse tous mes entrainements afin d\u2019arriver fin pr\u00eate pour prendre le d\u00e9part de cette comp\u00e9tition en mars prochain.<\/p>\n<h5 style=\"text-align: justify;\">Derni\u00e8re question : quels sont les conseils que tu pourrais donner \u00e0 des jeunes malades atteints de la scl\u00e9rose en plaques ?<\/h5>\n<p style=\"text-align: justify;\">Avec les 15 ann\u00e9es de recul que j\u2019ai sur la maladie, ce que je pourrais dire, c\u2019est qu&rsquo;il est important de vivre au-del\u00e0 des barri\u00e8res que nous impose la SEP. Il faut trouver son \u00e9quilibre malgr\u00e9 les difficult\u00e9s que l\u2019on conna\u00eet dans notre quotidien. Il est aussi important de bouger, chacun \u00e0 son rythme, mais bouger. Cela permet d\u2019entretenir une certaine condition physique mais aussi de ne pas perdre le lien social. Il est aussi important de respecter une bonne hygi\u00e8ne de vie dans son alimentation et son sommeil. Ce sont des petits trucs que j\u2019applique au quotidien et qui m\u2019aident beaucoup. Et pourquoi pas venir s&rsquo;essayer avec ou sans moi au snowboard. Mon souhait est de voir de plus en plus de personnes, quel que soit leur \u00e2ge, pratiquer cette discipline.<\/p>\n<p style=\"text-align: justify;\"><em><span style=\"color: #000000;\"><strong>Flo Ostermann<\/strong><\/span><\/em><em><br \/>\n<\/em><a href=\"https:\/\/www.facebook.com\/florent.ostermann\"><img loading=\"lazy\" decoding=\"async\" class=\"alignnone wp-image-2909\" src=\"http:\/\/dicodusport.fr\/blog\/wp-content\/uploads\/2017\/07\/logo-facebook-150x150.png\" alt=\"\" width=\"40\" height=\"40\" \/><\/a><a href=\"https:\/\/twitter.com\/SportInsideMag\"><img loading=\"lazy\" decoding=\"async\" class=\"alignnone wp-image-2908\" src=\"http:\/\/dicodusport.fr\/blog\/wp-content\/uploads\/2017\/07\/logo-twitter-150x150.png\" alt=\"\" width=\"39\" height=\"39\" \/><\/a><\/p>\n","protected":false},"excerpt":{"rendered":"<p>Trois ans apr\u00e8s sa m\u00e9daille d&rsquo;argent aux Jeux Paralympiques de Sotchi, C\u00e9cile Hernandez repart pour une nouvelle bataille \u00e0 Pyeongchang. A 43 ans, elle vise cette fois-ci un tout autre m\u00e9tal, le plus beau. Rencontre avec une athl\u00e8te et une maman qui a fait de sa maladie, la scl\u00e9rose en plaques, sa force au quotidien. [&hellip;]<\/p>\n","protected":false},"author":4,"featured_media":7916,"comment_status":"open","ping_status":"closed","sticky":false,"template":"","format":"standard","meta":{"_acf_changed":false,"_daextam_enable_autolinks":"","footnotes":""},"categories":[4,3588,2313],"tags":[2493,1265,1964,2654,783],"class_list":["post-7913","post","type-post","status-publish","format-standard","has-post-thumbnail","hentry","category-portraits","category-pyeongchang-2018","category-sports-dhiver","tag-cecile-hernandez","tag-handisport","tag-jeux-paralympiques","tag-pyeongchang","tag-snowboard"],"acf":[],"yoast_head":"<!-- This site is optimized with the Yoast SEO Premium plugin v26.7 (Yoast SEO v26.7) - https:\/\/yoast.com\/wordpress\/plugins\/seo\/ -->\n<title>C\u00e9cile Hernandez, une d\u00e9termination \u00e0 toute \u00e9preuve avant Pyeongchang<\/title>\n<meta name=\"description\" content=\"Rencontre avec C\u00e9cile Hernandez, qui \u00e0 43 ans, visera l&#039;or aux Jeux Paralympiques \u00e0 Pyeongchang, en mars prochain.\" \/>\n<meta name=\"robots\" content=\"index, follow, max-snippet:-1, max-image-preview:large, max-video-preview:-1\" \/>\n<link rel=\"canonical\" href=\"https:\/\/dicodusport.fr\/blog\/cecile-hernandez-determination-toute-epreuve-avant-pyeongchang\/\" \/>\n<meta property=\"og:locale\" content=\"fr_FR\" \/>\n<meta property=\"og:type\" content=\"article\" \/>\n<meta property=\"og:title\" content=\"C\u00e9cile Hernandez, une d\u00e9termination \u00e0 toute \u00e9preuve avant Pyeongchang\" \/>\n<meta property=\"og:description\" content=\"Rencontre avec C\u00e9cile Hernandez, qui \u00e0 43 ans, visera l&#039;or aux Jeux Paralympiques \u00e0 Pyeongchang, en mars prochain.\" \/>\n<meta property=\"og:url\" content=\"https:\/\/dicodusport.fr\/blog\/cecile-hernandez-determination-toute-epreuve-avant-pyeongchang\/\" \/>\n<meta property=\"og:site_name\" content=\"Dicodusport\" \/>\n<meta property=\"article:publisher\" content=\"https:\/\/www.facebook.com\/dicodusport\" \/>\n<meta property=\"article:author\" content=\"https:\/\/www.facebook.com\/florent.ostermann\" \/>\n<meta property=\"article:published_time\" content=\"2017-11-30T17:00:12+00:00\" \/>\n<meta property=\"article:modified_time\" content=\"2018-02-20T15:19:54+00:00\" \/>\n<meta property=\"og:image\" content=\"https:\/\/dicodusport.fr\/blog\/wp-content\/uploads\/2017\/11\/C\u00e9cile-Hernandez-\u00e0-Landgraaf.png\" \/>\n\t<meta property=\"og:image:width\" content=\"1200\" \/>\n\t<meta property=\"og:image:height\" content=\"670\" \/>\n\t<meta property=\"og:image:type\" content=\"image\/png\" \/>\n<meta name=\"author\" content=\"Flo Ostermann\" \/>\n<meta name=\"twitter:card\" content=\"summary_large_image\" \/>\n<meta name=\"twitter:creator\" content=\"@https:\/\/twitter.com\/FlOstermann\" \/>\n<meta name=\"twitter:site\" content=\"@dicodusport\" \/>\n<script type=\"application\/ld+json\" class=\"yoast-schema-graph\">{\"@context\":\"https:\/\/schema.org\",\"@graph\":[{\"@type\":\"NewsArticle\",\"@id\":\"https:\/\/dicodusport.fr\/blog\/cecile-hernandez-determination-toute-epreuve-avant-pyeongchang\/#article\",\"isPartOf\":{\"@id\":\"https:\/\/dicodusport.fr\/blog\/cecile-hernandez-determination-toute-epreuve-avant-pyeongchang\/\"},\"author\":{\"name\":\"Flo Ostermann\",\"@id\":\"https:\/\/dicodusport.fr\/blog\/#\/schema\/person\/cb02af4c173ce4a653b55e9baf388d4a\"},\"headline\":\"C\u00e9cile Hernandez, une d\u00e9termination \u00e0 toute \u00e9preuve avant Pyeongchang\",\"datePublished\":\"2017-11-30T17:00:12+00:00\",\"dateModified\":\"2018-02-20T15:19:54+00:00\",\"mainEntityOfPage\":{\"@id\":\"https:\/\/dicodusport.fr\/blog\/cecile-hernandez-determination-toute-epreuve-avant-pyeongchang\/\"},\"wordCount\":1186,\"commentCount\":0,\"publisher\":{\"@id\":\"https:\/\/dicodusport.fr\/blog\/#organization\"},\"image\":{\"@id\":\"https:\/\/dicodusport.fr\/blog\/cecile-hernandez-determination-toute-epreuve-avant-pyeongchang\/#primaryimage\"},\"thumbnailUrl\":\"https:\/\/dicodusport.fr\/blog\/wp-content\/uploads\/2017\/11\/C\u00e9cile-Hernandez-\u00e0-Landgraaf.png\",\"keywords\":[\"C\u00e9cile Hernandez\",\"handisport\",\"jeux paralympiques\",\"Pyeongchang\",\"snowboard\"],\"articleSection\":[\"Portraits\",\"Pyeongchang 2018\",\"Sports d'hiver\"],\"inLanguage\":\"fr-FR\",\"potentialAction\":[{\"@type\":\"CommentAction\",\"name\":\"Comment\",\"target\":[\"https:\/\/dicodusport.fr\/blog\/cecile-hernandez-determination-toute-epreuve-avant-pyeongchang\/#respond\"]}],\"copyrightYear\":\"2017\",\"copyrightHolder\":{\"@id\":\"https:\/\/dicodusport.fr\/blog\/#organization\"}},{\"@type\":\"WebPage\",\"@id\":\"https:\/\/dicodusport.fr\/blog\/cecile-hernandez-determination-toute-epreuve-avant-pyeongchang\/\",\"url\":\"https:\/\/dicodusport.fr\/blog\/cecile-hernandez-determination-toute-epreuve-avant-pyeongchang\/\",\"name\":\"C\u00e9cile Hernandez, une d\u00e9termination \u00e0 toute \u00e9preuve avant Pyeongchang\",\"isPartOf\":{\"@id\":\"https:\/\/dicodusport.fr\/blog\/#website\"},\"primaryImageOfPage\":{\"@id\":\"https:\/\/dicodusport.fr\/blog\/cecile-hernandez-determination-toute-epreuve-avant-pyeongchang\/#primaryimage\"},\"image\":{\"@id\":\"https:\/\/dicodusport.fr\/blog\/cecile-hernandez-determination-toute-epreuve-avant-pyeongchang\/#primaryimage\"},\"thumbnailUrl\":\"https:\/\/dicodusport.fr\/blog\/wp-content\/uploads\/2017\/11\/C\u00e9cile-Hernandez-\u00e0-Landgraaf.png\",\"datePublished\":\"2017-11-30T17:00:12+00:00\",\"dateModified\":\"2018-02-20T15:19:54+00:00\",\"description\":\"Rencontre avec C\u00e9cile Hernandez, qui \u00e0 43 ans, visera l'or aux Jeux Paralympiques \u00e0 Pyeongchang, en mars prochain.\",\"breadcrumb\":{\"@id\":\"https:\/\/dicodusport.fr\/blog\/cecile-hernandez-determination-toute-epreuve-avant-pyeongchang\/#breadcrumb\"},\"inLanguage\":\"fr-FR\",\"potentialAction\":[{\"@type\":\"ReadAction\",\"target\":[\"https:\/\/dicodusport.fr\/blog\/cecile-hernandez-determination-toute-epreuve-avant-pyeongchang\/\"]}]},{\"@type\":\"ImageObject\",\"inLanguage\":\"fr-FR\",\"@id\":\"https:\/\/dicodusport.fr\/blog\/cecile-hernandez-determination-toute-epreuve-avant-pyeongchang\/#primaryimage\",\"url\":\"https:\/\/dicodusport.fr\/blog\/wp-content\/uploads\/2017\/11\/C\u00e9cile-Hernandez-\u00e0-Landgraaf.png\",\"contentUrl\":\"https:\/\/dicodusport.fr\/blog\/wp-content\/uploads\/2017\/11\/C\u00e9cile-Hernandez-\u00e0-Landgraaf.png\",\"width\":1200,\"height\":670},{\"@type\":\"BreadcrumbList\",\"@id\":\"https:\/\/dicodusport.fr\/blog\/cecile-hernandez-determination-toute-epreuve-avant-pyeongchang\/#breadcrumb\",\"itemListElement\":[{\"@type\":\"ListItem\",\"position\":1,\"name\":\"Accueil\",\"item\":\"https:\/\/dicodusport.fr\/blog\/\"},{\"@type\":\"ListItem\",\"position\":2,\"name\":\"C\u00e9cile Hernandez, une d\u00e9termination \u00e0 toute \u00e9preuve avant Pyeongchang\"}]},{\"@type\":\"WebSite\",\"@id\":\"https:\/\/dicodusport.fr\/blog\/#website\",\"url\":\"https:\/\/dicodusport.fr\/blog\/\",\"name\":\"Dicodusport\",\"description\":\"L&#039;encyclop\u00e9die de l&#039;actualit\u00e9 sportive\",\"publisher\":{\"@id\":\"https:\/\/dicodusport.fr\/blog\/#organization\"},\"potentialAction\":[{\"@type\":\"SearchAction\",\"target\":{\"@type\":\"EntryPoint\",\"urlTemplate\":\"https:\/\/dicodusport.fr\/blog\/?s={search_term_string}\"},\"query-input\":{\"@type\":\"PropertyValueSpecification\",\"valueRequired\":true,\"valueName\":\"search_term_string\"}}],\"inLanguage\":\"fr-FR\"},{\"@type\":\"NewsMediaOrganization\",\"@id\":\"https:\/\/dicodusport.fr\/blog\/#organization\",\"name\":\"Dicodusport\",\"url\":\"https:\/\/dicodusport.fr\/blog\/\",\"logo\":{\"@type\":\"ImageObject\",\"inLanguage\":\"fr-FR\",\"@id\":\"https:\/\/dicodusport.fr\/blog\/#\/schema\/logo\/image\/\",\"url\":\"https:\/\/dicodusport.fr\/blog\/wp-content\/uploads\/2020\/06\/cropped-LOGO-DICODUSPORT-2020-SANS-FOND-SANS-TEXTE.png\",\"contentUrl\":\"https:\/\/dicodusport.fr\/blog\/wp-content\/uploads\/2020\/06\/cropped-LOGO-DICODUSPORT-2020-SANS-FOND-SANS-TEXTE.png\",\"width\":512,\"height\":512,\"caption\":\"Dicodusport\"},\"image\":{\"@id\":\"https:\/\/dicodusport.fr\/blog\/#\/schema\/logo\/image\/\"},\"sameAs\":[\"https:\/\/www.facebook.com\/dicodusport\",\"https:\/\/x.com\/dicodusport\",\"https:\/\/www.instagram.com\/dicodusport\/\",\"https:\/\/www.youtube.com\/channel\/UC7V2KZ5sd3htJivAbA4ZG3w\"],\"description\":\"Dicodusport est l'encyclop\u00e9die de l'actualit\u00e9 sportive.\",\"email\":\"bonjour@dicodusport.fr\",\"legalName\":\"DICODUSPORT\",\"foundingDate\":\"2018-01-14\",\"vatID\":\"FR71834470973\",\"taxID\":\"83447097300043\",\"numberOfEmployees\":{\"@type\":\"QuantitativeValue\",\"minValue\":\"1\",\"maxValue\":\"10\"}},{\"@type\":\"Person\",\"@id\":\"https:\/\/dicodusport.fr\/blog\/#\/schema\/person\/cb02af4c173ce4a653b55e9baf388d4a\",\"name\":\"Flo Ostermann\",\"image\":{\"@type\":\"ImageObject\",\"inLanguage\":\"fr-FR\",\"@id\":\"https:\/\/dicodusport.fr\/blog\/#\/schema\/person\/image\/\",\"url\":\"https:\/\/dicodusport.fr\/blog\/wp-content\/uploads\/2021\/05\/Flo-Ostermann-150x150.jpg\",\"contentUrl\":\"https:\/\/dicodusport.fr\/blog\/wp-content\/uploads\/2021\/05\/Flo-Ostermann-150x150.jpg\",\"caption\":\"Flo Ostermann\"},\"description\":\"Journaliste\/R\u00e9dacteur depuis septembre 2015 - Mes premiers souvenirs dans le sport ? Les envol\u00e9es du Stade Toulousain et les duels Villeneuve-Schumacher et H\u00e4kkinen-Schumacher \u00e0 la fin des ann\u00e9es 90, la Coupe du monde de football en 1998, l\u2019exploit du XV de France face aux All Blacks en 1999, mais aussi Richard C\u0153ur de Lion qui vole sur les montagnes du Tour de France. Bien parti pour devenir professeur d\u2019EPS, les \u00e9v\u00e9nements de la vie (et la flemme d\u2019animer des s\u00e9ances de 3x500 m\u00e8tres toute ma vie) m\u2019ont conduit \u00e0 revoir mes plans. Me voil\u00e0 depuis fin 2017 sur Dicodusport, m\u00e9dia gr\u00e2ce (et pour) lequel je partage ma passion : le sport dans tous ses \u00e9tats. Le tout accompagn\u00e9 par les fous furieux et folles furieuses cit\u00e9s sur cette page !\",\"sameAs\":[\"https:\/\/www.facebook.com\/florent.ostermann\",\"https:\/\/x.com\/https:\/\/twitter.com\/FlOstermann\",\"admin\"],\"url\":\"https:\/\/dicodusport.fr\/blog\/author\/flo\/\"}]}<\/script>\n<!-- \/ Yoast SEO Premium plugin. -->","yoast_head_json":{"title":"C\u00e9cile Hernandez, une d\u00e9termination \u00e0 toute \u00e9preuve avant Pyeongchang","description":"Rencontre avec C\u00e9cile Hernandez, qui \u00e0 43 ans, visera l'or aux Jeux Paralympiques \u00e0 Pyeongchang, en mars prochain.","robots":{"index":"index","follow":"follow","max-snippet":"max-snippet:-1","max-image-preview":"max-image-preview:large","max-video-preview":"max-video-preview:-1"},"canonical":"https:\/\/dicodusport.fr\/blog\/cecile-hernandez-determination-toute-epreuve-avant-pyeongchang\/","og_locale":"fr_FR","og_type":"article","og_title":"C\u00e9cile Hernandez, une d\u00e9termination \u00e0 toute \u00e9preuve avant Pyeongchang","og_description":"Rencontre avec C\u00e9cile Hernandez, qui \u00e0 43 ans, visera l'or aux Jeux Paralympiques \u00e0 Pyeongchang, en mars prochain.","og_url":"https:\/\/dicodusport.fr\/blog\/cecile-hernandez-determination-toute-epreuve-avant-pyeongchang\/","og_site_name":"Dicodusport","article_publisher":"https:\/\/www.facebook.com\/dicodusport","article_author":"https:\/\/www.facebook.com\/florent.ostermann","article_published_time":"2017-11-30T17:00:12+00:00","article_modified_time":"2018-02-20T15:19:54+00:00","og_image":[{"width":1200,"height":670,"url":"https:\/\/dicodusport.fr\/blog\/wp-content\/uploads\/2017\/11\/C\u00e9cile-Hernandez-\u00e0-Landgraaf.png","type":"image\/png"}],"author":"Flo Ostermann","twitter_card":"summary_large_image","twitter_creator":"@https:\/\/twitter.com\/FlOstermann","twitter_site":"@dicodusport","schema":{"@context":"https:\/\/schema.org","@graph":[{"@type":"NewsArticle","@id":"https:\/\/dicodusport.fr\/blog\/cecile-hernandez-determination-toute-epreuve-avant-pyeongchang\/#article","isPartOf":{"@id":"https:\/\/dicodusport.fr\/blog\/cecile-hernandez-determination-toute-epreuve-avant-pyeongchang\/"},"author":{"name":"Flo Ostermann","@id":"https:\/\/dicodusport.fr\/blog\/#\/schema\/person\/cb02af4c173ce4a653b55e9baf388d4a"},"headline":"C\u00e9cile Hernandez, une d\u00e9termination \u00e0 toute \u00e9preuve avant Pyeongchang","datePublished":"2017-11-30T17:00:12+00:00","dateModified":"2018-02-20T15:19:54+00:00","mainEntityOfPage":{"@id":"https:\/\/dicodusport.fr\/blog\/cecile-hernandez-determination-toute-epreuve-avant-pyeongchang\/"},"wordCount":1186,"commentCount":0,"publisher":{"@id":"https:\/\/dicodusport.fr\/blog\/#organization"},"image":{"@id":"https:\/\/dicodusport.fr\/blog\/cecile-hernandez-determination-toute-epreuve-avant-pyeongchang\/#primaryimage"},"thumbnailUrl":"https:\/\/dicodusport.fr\/blog\/wp-content\/uploads\/2017\/11\/C\u00e9cile-Hernandez-\u00e0-Landgraaf.png","keywords":["C\u00e9cile Hernandez","handisport","jeux paralympiques","Pyeongchang","snowboard"],"articleSection":["Portraits","Pyeongchang 2018","Sports d'hiver"],"inLanguage":"fr-FR","potentialAction":[{"@type":"CommentAction","name":"Comment","target":["https:\/\/dicodusport.fr\/blog\/cecile-hernandez-determination-toute-epreuve-avant-pyeongchang\/#respond"]}],"copyrightYear":"2017","copyrightHolder":{"@id":"https:\/\/dicodusport.fr\/blog\/#organization"}},{"@type":"WebPage","@id":"https:\/\/dicodusport.fr\/blog\/cecile-hernandez-determination-toute-epreuve-avant-pyeongchang\/","url":"https:\/\/dicodusport.fr\/blog\/cecile-hernandez-determination-toute-epreuve-avant-pyeongchang\/","name":"C\u00e9cile Hernandez, une d\u00e9termination \u00e0 toute \u00e9preuve avant Pyeongchang","isPartOf":{"@id":"https:\/\/dicodusport.fr\/blog\/#website"},"primaryImageOfPage":{"@id":"https:\/\/dicodusport.fr\/blog\/cecile-hernandez-determination-toute-epreuve-avant-pyeongchang\/#primaryimage"},"image":{"@id":"https:\/\/dicodusport.fr\/blog\/cecile-hernandez-determination-toute-epreuve-avant-pyeongchang\/#primaryimage"},"thumbnailUrl":"https:\/\/dicodusport.fr\/blog\/wp-content\/uploads\/2017\/11\/C\u00e9cile-Hernandez-\u00e0-Landgraaf.png","datePublished":"2017-11-30T17:00:12+00:00","dateModified":"2018-02-20T15:19:54+00:00","description":"Rencontre avec C\u00e9cile Hernandez, qui \u00e0 43 ans, visera l'or aux Jeux Paralympiques \u00e0 Pyeongchang, en mars prochain.","breadcrumb":{"@id":"https:\/\/dicodusport.fr\/blog\/cecile-hernandez-determination-toute-epreuve-avant-pyeongchang\/#breadcrumb"},"inLanguage":"fr-FR","potentialAction":[{"@type":"ReadAction","target":["https:\/\/dicodusport.fr\/blog\/cecile-hernandez-determination-toute-epreuve-avant-pyeongchang\/"]}]},{"@type":"ImageObject","inLanguage":"fr-FR","@id":"https:\/\/dicodusport.fr\/blog\/cecile-hernandez-determination-toute-epreuve-avant-pyeongchang\/#primaryimage","url":"https:\/\/dicodusport.fr\/blog\/wp-content\/uploads\/2017\/11\/C\u00e9cile-Hernandez-\u00e0-Landgraaf.png","contentUrl":"https:\/\/dicodusport.fr\/blog\/wp-content\/uploads\/2017\/11\/C\u00e9cile-Hernandez-\u00e0-Landgraaf.png","width":1200,"height":670},{"@type":"BreadcrumbList","@id":"https:\/\/dicodusport.fr\/blog\/cecile-hernandez-determination-toute-epreuve-avant-pyeongchang\/#breadcrumb","itemListElement":[{"@type":"ListItem","position":1,"name":"Accueil","item":"https:\/\/dicodusport.fr\/blog\/"},{"@type":"ListItem","position":2,"name":"C\u00e9cile Hernandez, une d\u00e9termination \u00e0 toute \u00e9preuve avant Pyeongchang"}]},{"@type":"WebSite","@id":"https:\/\/dicodusport.fr\/blog\/#website","url":"https:\/\/dicodusport.fr\/blog\/","name":"Dicodusport","description":"L&#039;encyclop\u00e9die de l&#039;actualit\u00e9 sportive","publisher":{"@id":"https:\/\/dicodusport.fr\/blog\/#organization"},"potentialAction":[{"@type":"SearchAction","target":{"@type":"EntryPoint","urlTemplate":"https:\/\/dicodusport.fr\/blog\/?s={search_term_string}"},"query-input":{"@type":"PropertyValueSpecification","valueRequired":true,"valueName":"search_term_string"}}],"inLanguage":"fr-FR"},{"@type":"NewsMediaOrganization","@id":"https:\/\/dicodusport.fr\/blog\/#organization","name":"Dicodusport","url":"https:\/\/dicodusport.fr\/blog\/","logo":{"@type":"ImageObject","inLanguage":"fr-FR","@id":"https:\/\/dicodusport.fr\/blog\/#\/schema\/logo\/image\/","url":"https:\/\/dicodusport.fr\/blog\/wp-content\/uploads\/2020\/06\/cropped-LOGO-DICODUSPORT-2020-SANS-FOND-SANS-TEXTE.png","contentUrl":"https:\/\/dicodusport.fr\/blog\/wp-content\/uploads\/2020\/06\/cropped-LOGO-DICODUSPORT-2020-SANS-FOND-SANS-TEXTE.png","width":512,"height":512,"caption":"Dicodusport"},"image":{"@id":"https:\/\/dicodusport.fr\/blog\/#\/schema\/logo\/image\/"},"sameAs":["https:\/\/www.facebook.com\/dicodusport","https:\/\/x.com\/dicodusport","https:\/\/www.instagram.com\/dicodusport\/","https:\/\/www.youtube.com\/channel\/UC7V2KZ5sd3htJivAbA4ZG3w"],"description":"Dicodusport est l'encyclop\u00e9die de l'actualit\u00e9 sportive.","email":"bonjour@dicodusport.fr","legalName":"DICODUSPORT","foundingDate":"2018-01-14","vatID":"FR71834470973","taxID":"83447097300043","numberOfEmployees":{"@type":"QuantitativeValue","minValue":"1","maxValue":"10"}},{"@type":"Person","@id":"https:\/\/dicodusport.fr\/blog\/#\/schema\/person\/cb02af4c173ce4a653b55e9baf388d4a","name":"Flo Ostermann","image":{"@type":"ImageObject","inLanguage":"fr-FR","@id":"https:\/\/dicodusport.fr\/blog\/#\/schema\/person\/image\/","url":"https:\/\/dicodusport.fr\/blog\/wp-content\/uploads\/2021\/05\/Flo-Ostermann-150x150.jpg","contentUrl":"https:\/\/dicodusport.fr\/blog\/wp-content\/uploads\/2021\/05\/Flo-Ostermann-150x150.jpg","caption":"Flo Ostermann"},"description":"Journaliste\/R\u00e9dacteur depuis septembre 2015 - Mes premiers souvenirs dans le sport ? Les envol\u00e9es du Stade Toulousain et les duels Villeneuve-Schumacher et H\u00e4kkinen-Schumacher \u00e0 la fin des ann\u00e9es 90, la Coupe du monde de football en 1998, l\u2019exploit du XV de France face aux All Blacks en 1999, mais aussi Richard C\u0153ur de Lion qui vole sur les montagnes du Tour de France. Bien parti pour devenir professeur d\u2019EPS, les \u00e9v\u00e9nements de la vie (et la flemme d\u2019animer des s\u00e9ances de 3x500 m\u00e8tres toute ma vie) m\u2019ont conduit \u00e0 revoir mes plans. Me voil\u00e0 depuis fin 2017 sur Dicodusport, m\u00e9dia gr\u00e2ce (et pour) lequel je partage ma passion : le sport dans tous ses \u00e9tats. Le tout accompagn\u00e9 par les fous furieux et folles furieuses cit\u00e9s sur cette page !","sameAs":["https:\/\/www.facebook.com\/florent.ostermann","https:\/\/x.com\/https:\/\/twitter.com\/FlOstermann","admin"],"url":"https:\/\/dicodusport.fr\/blog\/author\/flo\/"}]}},"_links":{"self":[{"href":"https:\/\/dicodusport.fr\/blog\/wp-json\/wp\/v2\/posts\/7913","targetHints":{"allow":["GET"]}}],"collection":[{"href":"https:\/\/dicodusport.fr\/blog\/wp-json\/wp\/v2\/posts"}],"about":[{"href":"https:\/\/dicodusport.fr\/blog\/wp-json\/wp\/v2\/types\/post"}],"author":[{"embeddable":true,"href":"https:\/\/dicodusport.fr\/blog\/wp-json\/wp\/v2\/users\/4"}],"replies":[{"embeddable":true,"href":"https:\/\/dicodusport.fr\/blog\/wp-json\/wp\/v2\/comments?post=7913"}],"version-history":[{"count":0,"href":"https:\/\/dicodusport.fr\/blog\/wp-json\/wp\/v2\/posts\/7913\/revisions"}],"wp:featuredmedia":[{"embeddable":true,"href":"https:\/\/dicodusport.fr\/blog\/wp-json\/wp\/v2\/media\/7916"}],"wp:attachment":[{"href":"https:\/\/dicodusport.fr\/blog\/wp-json\/wp\/v2\/media?parent=7913"}],"wp:term":[{"taxonomy":"category","embeddable":true,"href":"https:\/\/dicodusport.fr\/blog\/wp-json\/wp\/v2\/categories?post=7913"},{"taxonomy":"post_tag","embeddable":true,"href":"https:\/\/dicodusport.fr\/blog\/wp-json\/wp\/v2\/tags?post=7913"}],"curies":[{"name":"wp","href":"https:\/\/api.w.org\/{rel}","templated":true}]}}