{"id":79201,"date":"2020-09-21T15:01:12","date_gmt":"2020-09-21T13:01:12","guid":{"rendered":"http:\/\/dicodusport.fr\/blog\/?p=79201&#038;preview=true&#038;preview_id=79201"},"modified":"2020-09-21T16:48:07","modified_gmt":"2020-09-21T14:48:07","slug":"tour-de-france-2020-le-bilan-des-francais","status":"publish","type":"post","link":"https:\/\/dicodusport.fr\/blog\/tour-de-france-2020-le-bilan-des-francais\/","title":{"rendered":"Tour de France 2020 : Le bilan des Fran\u00e7ais"},"content":{"rendered":"<p style=\"text-align: justify;\"><strong><em>Le <a href=\"https:\/\/dicodusport.fr\/blog\/actualites\/cyclisme\/tour-de-france-2020\/\" target=\"_blank\" rel=\"noopener noreferrer\">Tour de France 2020<\/a> s&rsquo;est termin\u00e9 ce dimanche avec le sacre de Tadej Pogacar. C\u00f4t\u00e9 Fran\u00e7ais, quel bilan peut-on tirer, avec deux victoires d&rsquo;\u00e9tape, mais aucun coureur dans le Top 10 du g\u00e9n\u00e9ral ?<\/em><\/strong><\/p>\n<h2 style=\"text-align: justify;\">Les Fran\u00e7ais pour le classement g\u00e9n\u00e9ral<\/h2>\n<p style=\"text-align: justify;\">Pour <strong>Thibaut Pinot <\/strong>(Groupama-FDJ), une ann\u00e9e de travail s&rsquo;est effondr\u00e9e en quelques instants lors de la premi\u00e8re \u00e9tape et sa grosse chute \u00e0 trois kilom\u00e8tres de l&rsquo;arriv\u00e9e. Aurait-il pu jouer dans la cour des deux Slov\u00e8nes sans cette m\u00e9saventure ? On ne le saura jamais mais en faisant le dernier chrono \u00e0 domicile \u00e0 fond et malgr\u00e9 la douleur, il a montr\u00e9 qu&rsquo;il \u00e9tait meilleur que certains membres du Top 10.<\/p>\n<p style=\"text-align: justify;\"><strong>Romain Bardet<\/strong> (AG2R La Mondiale) \u00e9tait quatri\u00e8me du g\u00e9n\u00e9ral au moment de sa lourde chute sur la route du Puy Mary. S&rsquo;il \u00e9tait s\u00fbrement un peu juste pour le podium, il aurait pu viser un top 5 \u00e0 Paris, au regard de la forme affich\u00e9e en d\u00e9but de Tour de France. Le Normand <strong>Guillaume Martin<\/strong> (Cofidis) termine \u00e0 la onzi\u00e8me place et meilleur Fran\u00e7ais, apr\u00e8s un d\u00e9but de Tour tr\u00e8s r\u00e9ussi. Longtemps troisi\u00e8me du g\u00e9n\u00e9ral, il a cal\u00e9 dans l&rsquo;\u00e9tape du Puy Mary puis \u00e0 cause d&rsquo;un probl\u00e8me technique au pied du Grand Colombier, apr\u00e8s avoir \u00e9t\u00e9 au sol lors de l&rsquo;\u00e9tape des \u00celes. Le Top 10 lui file entre les doigts et s&rsquo;il \u00e9tait un peu juste pour se battre avec les meilleurs en fin de Tour, il a \u00e9t\u00e9 constant pendant trois semaines.<\/p>\n<p style=\"text-align: justify;\"><strong>Warren Barguil<\/strong> (Ark\u00e9a-Samsic) prend quant \u00e0 lui la quatorzi\u00e8me place, sans avoir vraiment jou\u00e9 le g\u00e9n\u00e9ral. De son propre aveu, \u00e0 court de forme, le co\u00e9quipier de Nairo Quintana n&rsquo;a pas pu vraiment peser sur la course.<\/p>\n<hr \/>\n<ul>\n<li style=\"text-align: justify;\"><strong>\u00c0 lire aussi &#8211; <a href=\"https:\/\/dicodusport.fr\/blog\/tour-de-france-2020-le-classement-general-maillot-jaune\/2\/#top10-francais\" target=\"_blank\" rel=\"noopener noreferrer\">Tour de France 2020 : le classement g\u00e9n\u00e9ral des Fran\u00e7ais<\/a><\/strong><\/li>\n<\/ul>\n<hr \/>\n<h2 style=\"text-align: justify;\">Les Fran\u00e7ais vainqueurs d&rsquo;\u00e9tape<\/h2>\n<p style=\"text-align: justify;\">Il avait coch\u00e9 la deuxi\u00e8me \u00e9tape et <strong>Julian Alaphillippe<\/strong> (Deceuninck &#8211; Quick-Step) ne s&rsquo;est une nouvelle fois pas manqu\u00e9. Parti avec Marc Hirschi et Adam Yates au pied du Col de Quatre Chemins, il a r\u00e9gl\u00e9 ses deux comp\u00e8res au sprint pour empocher un cinqui\u00e8me succ\u00e8s en trois ans sur les routes du Tour. La suite a \u00e9t\u00e9 plus compliqu\u00e9e pour l&rsquo;ancien num\u00e9ro un mondial, avec un bidon qui lui co\u00fbte la premi\u00e8re place du g\u00e9n\u00e9ral, avant de se porter souvent \u00e0 l&rsquo;offensive, mais pas avec les jambes de 2019. Un bon Tour de France malgr\u00e9 tout pour le puncheur tricolore.<\/p>\n<div id=\"attachment_76187\" style=\"width: 810px\" class=\"wp-caption aligncenter\"><img loading=\"lazy\" decoding=\"async\" aria-describedby=\"caption-attachment-76187\" class=\"size-full wp-image-76187\" src=\"http:\/\/dicodusport.fr\/blog\/wp-content\/uploads\/2020\/08\/Tour-de-France-2020-Julian-Alaphilippe-fait-coup-double-sur-la-2\u00e8me-\u00e9tape.png\" alt=\"Tour de France 2020 : Julian Alaphilippe fait coup double sur la 2\u00e8me \u00e9tape !\" width=\"800\" height=\"445\" srcset=\"https:\/\/dicodusport.fr\/blog\/wp-content\/uploads\/2020\/08\/Tour-de-France-2020-Julian-Alaphilippe-fait-coup-double-sur-la-2\u00e8me-\u00e9tape.png 800w, https:\/\/dicodusport.fr\/blog\/wp-content\/uploads\/2020\/08\/Tour-de-France-2020-Julian-Alaphilippe-fait-coup-double-sur-la-2\u00e8me-\u00e9tape-300x167.png 300w, https:\/\/dicodusport.fr\/blog\/wp-content\/uploads\/2020\/08\/Tour-de-France-2020-Julian-Alaphilippe-fait-coup-double-sur-la-2\u00e8me-\u00e9tape-768x427.png 768w\" sizes=\"auto, (max-width: 800px) 100vw, 800px\" \/><p id=\"caption-attachment-76187\" class=\"wp-caption-text\">Julian Alaphilippe fait coup double sur la 2\u00e8me \u00e9tape &#8211; AFP<\/p><\/div>\n<p style=\"text-align: justify;\">Enfin, quel num\u00e9ro de <strong>Nans Peters<\/strong> ! Le coureur AG2R La Mondiale avait d\u00e9j\u00e0 fait le coup en 2019 sur le Giro, il a remis \u00e7a sur l&rsquo;\u00e9tape de Loudenvielle, se jouant parfaitement du Russe Ilnur Zakarin dans la descente du Port de Bal\u00e8s puis dans le Col de Peyresourde.<\/p>\n<hr \/>\n<h2>Les Fran\u00e7ais pour les sprints<\/h2>\n<p style=\"text-align: justify;\"><strong>Bryan Coquard<\/strong> (B&amp;B Vital Concept) prend une belle quatri\u00e8me place au classement du maillot vert, apr\u00e8s un Tour de France r\u00e9gulier o\u00f9 il termine \u00e0 sept reprises dans le Top 10. Troisi\u00e8me \u00e0 Lavaur, il aurait aim\u00e9 aller en gagner une, mais il aura livr\u00e9 une prestation d&rsquo;ensemble int\u00e9ressante, sur la lanc\u00e9e de son championnat de France (2\u00e8me). L&rsquo;Alsacien <strong>Hugo Hofstetter<\/strong> (Israel Start-Up Nation) est l&rsquo;autre Tricolore qui s&rsquo;est le plus souvent m\u00eal\u00e9 \u00e0 la lutte pour les sprints, avec notamment un Top 5 \u00e0 la cl\u00e9. Avec des renforts dans l&#8217;emballage final, il aurait pu jouer plus souvent avec les meilleurs sprinteurs. Enfin, <strong>Cl\u00e9ment Venturini<\/strong> (AG2R La Mondiale) a aussi essay\u00e9 de faire jouer sa pointe de vitesse, mais il aura \u00e9t\u00e9 bien trop souvent esseul\u00e9 dans le final.<\/p>\n<hr \/>\n<h2>Et le reste du contingent tricolore ?<\/h2>\n<p style=\"text-align: justify;\">Porteur du maillot \u00e0 pois pendant quatorze jours, <strong>Beno\u00eet Cosnefroy<\/strong> (AG2R La Mondiale) a r\u00e9ussi son Tour de France malgr\u00e9 une condition loin d&rsquo;\u00eatre optimale. Le puncheur fran\u00e7ais s&rsquo;est battu avec ses armes avant de rendre sa tunique en derni\u00e8re semaine. Le presque v\u00e9t\u00e9ran <strong>Pierre Rolland<\/strong> (B&amp;B Vital Concept) a fait honneur \u00e0 l&rsquo;invitation de son \u00e9quipe en \u00e9tant souvent \u00e0 l&rsquo;avant, avec une belle deuxi\u00e8me place derri\u00e8re Marc Hirschi \u00e0 Sarran.<\/p>\n<p style=\"text-align: justify;\">Le Breton<strong> Valentin Madouas<\/strong> (Groupama-FDJ) a aussi (beaucoup) tent\u00e9 et a accroch\u00e9 une belle quatri\u00e8me place au Puy Mary, alors que son co\u00e9quipier <strong>David Gaudu<\/strong> ne s&rsquo;est jamais remis de sa chute \u00e0 Nice, abandonnant m\u00eame la route du Tour au cours de la 16\u00e8me \u00e9tape. <strong>Kenny Elissonde<\/strong> (Trek-Segafredo) a \u00e9t\u00e9 le plus fid\u00e8le lieutenant de Richie Porte et a forc\u00e9ment jou\u00e9 un r\u00f4le important dans le podium de l&rsquo;Australien. <strong>Quentin Pacher <\/strong>(B&amp;B Vital Concept), <strong>Nicolas Edet<\/strong> et <strong>Pierre Luc Perichon<\/strong> (Cofidis) ont aussi attaqu\u00e9 \u00e0 plusieurs reprises, sans parvenir \u00e0 monter sur le podium d&rsquo;une \u00e9tape.<\/p>\n<p style=\"text-align: justify;\">Enfin,<strong> R\u00e9mi Cavagna<\/strong> (Deceuninck &#8211; Quick-Step) a souvent travaill\u00e9 pour ses leaders et s&rsquo;est aussi fait plaisir sur les 19\u00e8me et 20\u00e8me \u00e9tape, avec un raid solitaire le vendredi vers Champagnole et un tr\u00e8s bon chrono le samedi vers La Planche des Belles Filles (6\u00e8me, meilleur temps durant 3h). Mention sp\u00e9ciale \u00e0 <strong>J\u00e9r\u00f4me Cousin<\/strong> (Total Direct \u00c9nergie) qui n&rsquo;a pas fini le Tour (hors-d\u00e9lais sur la 16\u00e8me \u00e9tape), mais qui aura fait un sacr\u00e9 raid solitaire en premi\u00e8re semaine.<\/p>\n<p><strong><em>Dicodusport<br \/>\n<a href=\"https:\/\/www.facebook.com\/dicodusport\/\" target=\"_blank\" rel=\"noopener noreferrer\"><img loading=\"lazy\" decoding=\"async\" class=\"alignnone wp-image-2909\" src=\"http:\/\/dicodusport.fr\/blog\/wp-content\/uploads\/2017\/07\/logo-facebook-150x150.png\" alt=\"\" width=\"40\" height=\"40\" \/><\/a><a href=\"https:\/\/twitter.com\/dicodusport\" target=\"_blank\" rel=\"noopener noreferrer\"><img loading=\"lazy\" decoding=\"async\" class=\"alignnone wp-image-2908\" src=\"http:\/\/dicodusport.fr\/blog\/wp-content\/uploads\/2017\/07\/logo-twitter-150x150.png\" alt=\"\" width=\"39\" height=\"39\" \/><\/a><\/em><\/strong><\/p>\n","protected":false},"excerpt":{"rendered":"<p>Le Tour de France 2020 s&rsquo;est termin\u00e9 ce dimanche avec le sacre de Tadej Pogacar. C\u00f4t\u00e9 Fran\u00e7ais, quel bilan peut-on tirer, avec deux victoires d&rsquo;\u00e9tape, mais aucun coureur dans le Top 10 du g\u00e9n\u00e9ral ?<\/p>\n","protected":false},"author":1,"featured_media":79230,"comment_status":"open","ping_status":"closed","sticky":false,"template":"","format":"standard","meta":{"_acf_changed":false,"_daextam_enable_autolinks":"","footnotes":""},"categories":[46995],"tags":[11473],"class_list":["post-79201","post","type-post","status-publish","format-standard","has-post-thumbnail","hentry","category-tour-de-france","tag-coureurs-francais"],"acf":[],"yoast_head":"<!-- This site is optimized with the Yoast SEO Premium plugin v26.7 (Yoast SEO v26.7) - https:\/\/yoast.com\/wordpress\/plugins\/seo\/ -->\n<title>Tour de France 2020 : Le bilan des Fran\u00e7ais<\/title>\n<meta name=\"description\" content=\"Le Tour de France 2020 s&#039;est termin\u00e9 ce dimanche avec le sacre de Tadej Pogacar. C\u00f4t\u00e9 Fran\u00e7ais, quel bilan peut-on tirer, avec deux victoires d&#039;\u00e9tape, mais aucun coureur dans le Top 10 du g\u00e9n\u00e9ral ?\" \/>\n<meta name=\"robots\" content=\"index, follow, max-snippet:-1, max-image-preview:large, max-video-preview:-1\" \/>\n<link rel=\"canonical\" href=\"https:\/\/dicodusport.fr\/blog\/tour-de-france-2020-le-bilan-des-francais\/\" \/>\n<meta property=\"og:locale\" content=\"fr_FR\" \/>\n<meta property=\"og:type\" content=\"article\" \/>\n<meta property=\"og:title\" content=\"Tour de France 2020 : Le bilan des Fran\u00e7ais\" \/>\n<meta property=\"og:description\" content=\"Le Tour de France 2020 s&#039;est termin\u00e9 ce dimanche avec le sacre de Tadej Pogacar. C\u00f4t\u00e9 Fran\u00e7ais, quel bilan peut-on tirer, avec deux victoires d&#039;\u00e9tape, mais aucun coureur dans le Top 10 du g\u00e9n\u00e9ral ?\" \/>\n<meta property=\"og:url\" content=\"https:\/\/dicodusport.fr\/blog\/tour-de-france-2020-le-bilan-des-francais\/\" \/>\n<meta property=\"og:site_name\" content=\"Dicodusport\" \/>\n<meta property=\"article:publisher\" content=\"https:\/\/www.facebook.com\/dicodusport\" \/>\n<meta property=\"article:author\" content=\"https:\/\/www.facebook.com\/dicodusport\" \/>\n<meta property=\"article:published_time\" content=\"2020-09-21T13:01:12+00:00\" \/>\n<meta property=\"article:modified_time\" content=\"2020-09-21T14:48:07+00:00\" \/>\n<meta property=\"og:image\" content=\"https:\/\/dicodusport.fr\/blog\/wp-content\/uploads\/2020\/09\/Tour-de-France-2020-Le-bilan-des-Fran\u00e7ais.png\" \/>\n\t<meta property=\"og:image:width\" content=\"800\" \/>\n\t<meta property=\"og:image:height\" content=\"445\" \/>\n\t<meta property=\"og:image:type\" content=\"image\/png\" \/>\n<meta name=\"author\" content=\"Nicolas Jacquemard\" \/>\n<meta name=\"twitter:card\" content=\"summary_large_image\" \/>\n<meta name=\"twitter:title\" content=\"Tour de France 2020 : Le bilan des Fran\u00e7ais\" \/>\n<meta name=\"twitter:creator\" content=\"@https:\/\/twitter.com\/Nico_Jacquemard\" \/>\n<meta name=\"twitter:site\" content=\"@dicodusport\" \/>\n<script type=\"application\/ld+json\" class=\"yoast-schema-graph\">{\"@context\":\"https:\/\/schema.org\",\"@graph\":[{\"@type\":\"NewsArticle\",\"@id\":\"https:\/\/dicodusport.fr\/blog\/tour-de-france-2020-le-bilan-des-francais\/#article\",\"isPartOf\":{\"@id\":\"https:\/\/dicodusport.fr\/blog\/tour-de-france-2020-le-bilan-des-francais\/\"},\"author\":{\"name\":\"Nicolas Jacquemard\",\"@id\":\"https:\/\/dicodusport.fr\/blog\/#\/schema\/person\/55dcb50ad410894e431ed812bbb70191\"},\"headline\":\"Tour de France 2020 : Le bilan des Fran\u00e7ais\",\"datePublished\":\"2020-09-21T13:01:12+00:00\",\"dateModified\":\"2020-09-21T14:48:07+00:00\",\"mainEntityOfPage\":{\"@id\":\"https:\/\/dicodusport.fr\/blog\/tour-de-france-2020-le-bilan-des-francais\/\"},\"wordCount\":957,\"commentCount\":0,\"publisher\":{\"@id\":\"https:\/\/dicodusport.fr\/blog\/#organization\"},\"image\":{\"@id\":\"https:\/\/dicodusport.fr\/blog\/tour-de-france-2020-le-bilan-des-francais\/#primaryimage\"},\"thumbnailUrl\":\"https:\/\/dicodusport.fr\/blog\/wp-content\/uploads\/2020\/09\/Tour-de-France-2020-Le-bilan-des-Fran\u00e7ais.png\",\"keywords\":[\"Coureurs fran\u00e7ais\"],\"articleSection\":[\"Tour de France\"],\"inLanguage\":\"fr-FR\",\"potentialAction\":[{\"@type\":\"CommentAction\",\"name\":\"Comment\",\"target\":[\"https:\/\/dicodusport.fr\/blog\/tour-de-france-2020-le-bilan-des-francais\/#respond\"]}],\"copyrightYear\":\"2020\",\"copyrightHolder\":{\"@id\":\"https:\/\/dicodusport.fr\/blog\/#organization\"}},{\"@type\":\"WebPage\",\"@id\":\"https:\/\/dicodusport.fr\/blog\/tour-de-france-2020-le-bilan-des-francais\/\",\"url\":\"https:\/\/dicodusport.fr\/blog\/tour-de-france-2020-le-bilan-des-francais\/\",\"name\":\"Tour de France 2020 : Le bilan des Fran\u00e7ais\",\"isPartOf\":{\"@id\":\"https:\/\/dicodusport.fr\/blog\/#website\"},\"primaryImageOfPage\":{\"@id\":\"https:\/\/dicodusport.fr\/blog\/tour-de-france-2020-le-bilan-des-francais\/#primaryimage\"},\"image\":{\"@id\":\"https:\/\/dicodusport.fr\/blog\/tour-de-france-2020-le-bilan-des-francais\/#primaryimage\"},\"thumbnailUrl\":\"https:\/\/dicodusport.fr\/blog\/wp-content\/uploads\/2020\/09\/Tour-de-France-2020-Le-bilan-des-Fran\u00e7ais.png\",\"datePublished\":\"2020-09-21T13:01:12+00:00\",\"dateModified\":\"2020-09-21T14:48:07+00:00\",\"description\":\"Le Tour de France 2020 s'est termin\u00e9 ce dimanche avec le sacre de Tadej Pogacar. C\u00f4t\u00e9 Fran\u00e7ais, quel bilan peut-on tirer, avec deux victoires d'\u00e9tape, mais aucun coureur dans le Top 10 du g\u00e9n\u00e9ral ?\",\"breadcrumb\":{\"@id\":\"https:\/\/dicodusport.fr\/blog\/tour-de-france-2020-le-bilan-des-francais\/#breadcrumb\"},\"inLanguage\":\"fr-FR\",\"potentialAction\":[{\"@type\":\"ReadAction\",\"target\":[\"https:\/\/dicodusport.fr\/blog\/tour-de-france-2020-le-bilan-des-francais\/\"]}]},{\"@type\":\"ImageObject\",\"inLanguage\":\"fr-FR\",\"@id\":\"https:\/\/dicodusport.fr\/blog\/tour-de-france-2020-le-bilan-des-francais\/#primaryimage\",\"url\":\"https:\/\/dicodusport.fr\/blog\/wp-content\/uploads\/2020\/09\/Tour-de-France-2020-Le-bilan-des-Fran\u00e7ais.png\",\"contentUrl\":\"https:\/\/dicodusport.fr\/blog\/wp-content\/uploads\/2020\/09\/Tour-de-France-2020-Le-bilan-des-Fran\u00e7ais.png\",\"width\":800,\"height\":445,\"caption\":\"Tour de France 2020 - Le bilan des Fran\u00e7ais\"},{\"@type\":\"BreadcrumbList\",\"@id\":\"https:\/\/dicodusport.fr\/blog\/tour-de-france-2020-le-bilan-des-francais\/#breadcrumb\",\"itemListElement\":[{\"@type\":\"ListItem\",\"position\":1,\"name\":\"Accueil\",\"item\":\"https:\/\/dicodusport.fr\/blog\/\"},{\"@type\":\"ListItem\",\"position\":2,\"name\":\"Tour de France 2020 : Le bilan des Fran\u00e7ais\"}]},{\"@type\":\"WebSite\",\"@id\":\"https:\/\/dicodusport.fr\/blog\/#website\",\"url\":\"https:\/\/dicodusport.fr\/blog\/\",\"name\":\"Dicodusport\",\"description\":\"L&#039;encyclop\u00e9die de l&#039;actualit\u00e9 sportive\",\"publisher\":{\"@id\":\"https:\/\/dicodusport.fr\/blog\/#organization\"},\"potentialAction\":[{\"@type\":\"SearchAction\",\"target\":{\"@type\":\"EntryPoint\",\"urlTemplate\":\"https:\/\/dicodusport.fr\/blog\/?s={search_term_string}\"},\"query-input\":{\"@type\":\"PropertyValueSpecification\",\"valueRequired\":true,\"valueName\":\"search_term_string\"}}],\"inLanguage\":\"fr-FR\"},{\"@type\":\"NewsMediaOrganization\",\"@id\":\"https:\/\/dicodusport.fr\/blog\/#organization\",\"name\":\"Dicodusport\",\"url\":\"https:\/\/dicodusport.fr\/blog\/\",\"logo\":{\"@type\":\"ImageObject\",\"inLanguage\":\"fr-FR\",\"@id\":\"https:\/\/dicodusport.fr\/blog\/#\/schema\/logo\/image\/\",\"url\":\"https:\/\/dicodusport.fr\/blog\/wp-content\/uploads\/2020\/06\/cropped-LOGO-DICODUSPORT-2020-SANS-FOND-SANS-TEXTE.png\",\"contentUrl\":\"https:\/\/dicodusport.fr\/blog\/wp-content\/uploads\/2020\/06\/cropped-LOGO-DICODUSPORT-2020-SANS-FOND-SANS-TEXTE.png\",\"width\":512,\"height\":512,\"caption\":\"Dicodusport\"},\"image\":{\"@id\":\"https:\/\/dicodusport.fr\/blog\/#\/schema\/logo\/image\/\"},\"sameAs\":[\"https:\/\/www.facebook.com\/dicodusport\",\"https:\/\/x.com\/dicodusport\",\"https:\/\/www.instagram.com\/dicodusport\/\",\"https:\/\/www.youtube.com\/channel\/UC7V2KZ5sd3htJivAbA4ZG3w\"],\"description\":\"Dicodusport est l'encyclop\u00e9die de l'actualit\u00e9 sportive.\",\"email\":\"bonjour@dicodusport.fr\",\"legalName\":\"DICODUSPORT\",\"foundingDate\":\"2018-01-14\",\"vatID\":\"FR71834470973\",\"taxID\":\"83447097300043\",\"numberOfEmployees\":{\"@type\":\"QuantitativeValue\",\"minValue\":\"1\",\"maxValue\":\"10\"}},{\"@type\":\"Person\",\"@id\":\"https:\/\/dicodusport.fr\/blog\/#\/schema\/person\/55dcb50ad410894e431ed812bbb70191\",\"name\":\"Nicolas Jacquemard\",\"image\":{\"@type\":\"ImageObject\",\"inLanguage\":\"fr-FR\",\"@id\":\"https:\/\/dicodusport.fr\/blog\/#\/schema\/person\/image\/\",\"url\":\"https:\/\/dicodusport.fr\/blog\/wp-content\/uploads\/2021\/05\/Nicolas-Jacquemard-150x150.jpeg\",\"contentUrl\":\"https:\/\/dicodusport.fr\/blog\/wp-content\/uploads\/2021\/05\/Nicolas-Jacquemard-150x150.jpeg\",\"caption\":\"Nicolas Jacquemard\"},\"description\":\"Passionn\u00e9 de sport et entrepreneur depuis mes 18 ans, la cr\u00e9ation de Dicodusport m'a sembl\u00e9 \u00e9vidente pour participer \u00e0 la m\u00e9diatisation d'un plus grand nombre de sports. Le chemin est long mais avec une \u00e9quipe des plus motiv\u00e9es et les Jeux Olympiques de Paris 2024 en point de mire, nous y arriverons ! Journaliste dans le monde du sport depuis plus de 5 ans, je traite aussi bien de football, de rugby, de biathlon que de cyclisme.\",\"sameAs\":[\"https:\/\/www.facebook.com\/dicodusport\",\"https:\/\/x.com\/https:\/\/twitter.com\/Nico_Jacquemard\"],\"url\":\"https:\/\/dicodusport.fr\/blog\/author\/dicodusport\/\"}]}<\/script>\n<!-- \/ Yoast SEO Premium plugin. -->","yoast_head_json":{"title":"Tour de France 2020 : Le bilan des Fran\u00e7ais","description":"Le Tour de France 2020 s'est termin\u00e9 ce dimanche avec le sacre de Tadej Pogacar. C\u00f4t\u00e9 Fran\u00e7ais, quel bilan peut-on tirer, avec deux victoires d'\u00e9tape, mais aucun coureur dans le Top 10 du g\u00e9n\u00e9ral ?","robots":{"index":"index","follow":"follow","max-snippet":"max-snippet:-1","max-image-preview":"max-image-preview:large","max-video-preview":"max-video-preview:-1"},"canonical":"https:\/\/dicodusport.fr\/blog\/tour-de-france-2020-le-bilan-des-francais\/","og_locale":"fr_FR","og_type":"article","og_title":"Tour de France 2020 : Le bilan des Fran\u00e7ais","og_description":"Le Tour de France 2020 s'est termin\u00e9 ce dimanche avec le sacre de Tadej Pogacar. C\u00f4t\u00e9 Fran\u00e7ais, quel bilan peut-on tirer, avec deux victoires d'\u00e9tape, mais aucun coureur dans le Top 10 du g\u00e9n\u00e9ral ?","og_url":"https:\/\/dicodusport.fr\/blog\/tour-de-france-2020-le-bilan-des-francais\/","og_site_name":"Dicodusport","article_publisher":"https:\/\/www.facebook.com\/dicodusport","article_author":"https:\/\/www.facebook.com\/dicodusport","article_published_time":"2020-09-21T13:01:12+00:00","article_modified_time":"2020-09-21T14:48:07+00:00","og_image":[{"width":800,"height":445,"url":"https:\/\/dicodusport.fr\/blog\/wp-content\/uploads\/2020\/09\/Tour-de-France-2020-Le-bilan-des-Fran\u00e7ais.png","type":"image\/png"}],"author":"Nicolas Jacquemard","twitter_card":"summary_large_image","twitter_title":"Tour de France 2020 : Le bilan des Fran\u00e7ais","twitter_creator":"@https:\/\/twitter.com\/Nico_Jacquemard","twitter_site":"@dicodusport","schema":{"@context":"https:\/\/schema.org","@graph":[{"@type":"NewsArticle","@id":"https:\/\/dicodusport.fr\/blog\/tour-de-france-2020-le-bilan-des-francais\/#article","isPartOf":{"@id":"https:\/\/dicodusport.fr\/blog\/tour-de-france-2020-le-bilan-des-francais\/"},"author":{"name":"Nicolas Jacquemard","@id":"https:\/\/dicodusport.fr\/blog\/#\/schema\/person\/55dcb50ad410894e431ed812bbb70191"},"headline":"Tour de France 2020 : Le bilan des Fran\u00e7ais","datePublished":"2020-09-21T13:01:12+00:00","dateModified":"2020-09-21T14:48:07+00:00","mainEntityOfPage":{"@id":"https:\/\/dicodusport.fr\/blog\/tour-de-france-2020-le-bilan-des-francais\/"},"wordCount":957,"commentCount":0,"publisher":{"@id":"https:\/\/dicodusport.fr\/blog\/#organization"},"image":{"@id":"https:\/\/dicodusport.fr\/blog\/tour-de-france-2020-le-bilan-des-francais\/#primaryimage"},"thumbnailUrl":"https:\/\/dicodusport.fr\/blog\/wp-content\/uploads\/2020\/09\/Tour-de-France-2020-Le-bilan-des-Fran\u00e7ais.png","keywords":["Coureurs fran\u00e7ais"],"articleSection":["Tour de France"],"inLanguage":"fr-FR","potentialAction":[{"@type":"CommentAction","name":"Comment","target":["https:\/\/dicodusport.fr\/blog\/tour-de-france-2020-le-bilan-des-francais\/#respond"]}],"copyrightYear":"2020","copyrightHolder":{"@id":"https:\/\/dicodusport.fr\/blog\/#organization"}},{"@type":"WebPage","@id":"https:\/\/dicodusport.fr\/blog\/tour-de-france-2020-le-bilan-des-francais\/","url":"https:\/\/dicodusport.fr\/blog\/tour-de-france-2020-le-bilan-des-francais\/","name":"Tour de France 2020 : Le bilan des Fran\u00e7ais","isPartOf":{"@id":"https:\/\/dicodusport.fr\/blog\/#website"},"primaryImageOfPage":{"@id":"https:\/\/dicodusport.fr\/blog\/tour-de-france-2020-le-bilan-des-francais\/#primaryimage"},"image":{"@id":"https:\/\/dicodusport.fr\/blog\/tour-de-france-2020-le-bilan-des-francais\/#primaryimage"},"thumbnailUrl":"https:\/\/dicodusport.fr\/blog\/wp-content\/uploads\/2020\/09\/Tour-de-France-2020-Le-bilan-des-Fran\u00e7ais.png","datePublished":"2020-09-21T13:01:12+00:00","dateModified":"2020-09-21T14:48:07+00:00","description":"Le Tour de France 2020 s'est termin\u00e9 ce dimanche avec le sacre de Tadej Pogacar. C\u00f4t\u00e9 Fran\u00e7ais, quel bilan peut-on tirer, avec deux victoires d'\u00e9tape, mais aucun coureur dans le Top 10 du g\u00e9n\u00e9ral ?","breadcrumb":{"@id":"https:\/\/dicodusport.fr\/blog\/tour-de-france-2020-le-bilan-des-francais\/#breadcrumb"},"inLanguage":"fr-FR","potentialAction":[{"@type":"ReadAction","target":["https:\/\/dicodusport.fr\/blog\/tour-de-france-2020-le-bilan-des-francais\/"]}]},{"@type":"ImageObject","inLanguage":"fr-FR","@id":"https:\/\/dicodusport.fr\/blog\/tour-de-france-2020-le-bilan-des-francais\/#primaryimage","url":"https:\/\/dicodusport.fr\/blog\/wp-content\/uploads\/2020\/09\/Tour-de-France-2020-Le-bilan-des-Fran\u00e7ais.png","contentUrl":"https:\/\/dicodusport.fr\/blog\/wp-content\/uploads\/2020\/09\/Tour-de-France-2020-Le-bilan-des-Fran\u00e7ais.png","width":800,"height":445,"caption":"Tour de France 2020 - Le bilan des Fran\u00e7ais"},{"@type":"BreadcrumbList","@id":"https:\/\/dicodusport.fr\/blog\/tour-de-france-2020-le-bilan-des-francais\/#breadcrumb","itemListElement":[{"@type":"ListItem","position":1,"name":"Accueil","item":"https:\/\/dicodusport.fr\/blog\/"},{"@type":"ListItem","position":2,"name":"Tour de France 2020 : Le bilan des Fran\u00e7ais"}]},{"@type":"WebSite","@id":"https:\/\/dicodusport.fr\/blog\/#website","url":"https:\/\/dicodusport.fr\/blog\/","name":"Dicodusport","description":"L&#039;encyclop\u00e9die de l&#039;actualit\u00e9 sportive","publisher":{"@id":"https:\/\/dicodusport.fr\/blog\/#organization"},"potentialAction":[{"@type":"SearchAction","target":{"@type":"EntryPoint","urlTemplate":"https:\/\/dicodusport.fr\/blog\/?s={search_term_string}"},"query-input":{"@type":"PropertyValueSpecification","valueRequired":true,"valueName":"search_term_string"}}],"inLanguage":"fr-FR"},{"@type":"NewsMediaOrganization","@id":"https:\/\/dicodusport.fr\/blog\/#organization","name":"Dicodusport","url":"https:\/\/dicodusport.fr\/blog\/","logo":{"@type":"ImageObject","inLanguage":"fr-FR","@id":"https:\/\/dicodusport.fr\/blog\/#\/schema\/logo\/image\/","url":"https:\/\/dicodusport.fr\/blog\/wp-content\/uploads\/2020\/06\/cropped-LOGO-DICODUSPORT-2020-SANS-FOND-SANS-TEXTE.png","contentUrl":"https:\/\/dicodusport.fr\/blog\/wp-content\/uploads\/2020\/06\/cropped-LOGO-DICODUSPORT-2020-SANS-FOND-SANS-TEXTE.png","width":512,"height":512,"caption":"Dicodusport"},"image":{"@id":"https:\/\/dicodusport.fr\/blog\/#\/schema\/logo\/image\/"},"sameAs":["https:\/\/www.facebook.com\/dicodusport","https:\/\/x.com\/dicodusport","https:\/\/www.instagram.com\/dicodusport\/","https:\/\/www.youtube.com\/channel\/UC7V2KZ5sd3htJivAbA4ZG3w"],"description":"Dicodusport est l'encyclop\u00e9die de l'actualit\u00e9 sportive.","email":"bonjour@dicodusport.fr","legalName":"DICODUSPORT","foundingDate":"2018-01-14","vatID":"FR71834470973","taxID":"83447097300043","numberOfEmployees":{"@type":"QuantitativeValue","minValue":"1","maxValue":"10"}},{"@type":"Person","@id":"https:\/\/dicodusport.fr\/blog\/#\/schema\/person\/55dcb50ad410894e431ed812bbb70191","name":"Nicolas Jacquemard","image":{"@type":"ImageObject","inLanguage":"fr-FR","@id":"https:\/\/dicodusport.fr\/blog\/#\/schema\/person\/image\/","url":"https:\/\/dicodusport.fr\/blog\/wp-content\/uploads\/2021\/05\/Nicolas-Jacquemard-150x150.jpeg","contentUrl":"https:\/\/dicodusport.fr\/blog\/wp-content\/uploads\/2021\/05\/Nicolas-Jacquemard-150x150.jpeg","caption":"Nicolas Jacquemard"},"description":"Passionn\u00e9 de sport et entrepreneur depuis mes 18 ans, la cr\u00e9ation de Dicodusport m'a sembl\u00e9 \u00e9vidente pour participer \u00e0 la m\u00e9diatisation d'un plus grand nombre de sports. Le chemin est long mais avec une \u00e9quipe des plus motiv\u00e9es et les Jeux Olympiques de Paris 2024 en point de mire, nous y arriverons ! Journaliste dans le monde du sport depuis plus de 5 ans, je traite aussi bien de football, de rugby, de biathlon que de cyclisme.","sameAs":["https:\/\/www.facebook.com\/dicodusport","https:\/\/x.com\/https:\/\/twitter.com\/Nico_Jacquemard"],"url":"https:\/\/dicodusport.fr\/blog\/author\/dicodusport\/"}]}},"_links":{"self":[{"href":"https:\/\/dicodusport.fr\/blog\/wp-json\/wp\/v2\/posts\/79201","targetHints":{"allow":["GET"]}}],"collection":[{"href":"https:\/\/dicodusport.fr\/blog\/wp-json\/wp\/v2\/posts"}],"about":[{"href":"https:\/\/dicodusport.fr\/blog\/wp-json\/wp\/v2\/types\/post"}],"author":[{"embeddable":true,"href":"https:\/\/dicodusport.fr\/blog\/wp-json\/wp\/v2\/users\/1"}],"replies":[{"embeddable":true,"href":"https:\/\/dicodusport.fr\/blog\/wp-json\/wp\/v2\/comments?post=79201"}],"version-history":[{"count":0,"href":"https:\/\/dicodusport.fr\/blog\/wp-json\/wp\/v2\/posts\/79201\/revisions"}],"wp:featuredmedia":[{"embeddable":true,"href":"https:\/\/dicodusport.fr\/blog\/wp-json\/wp\/v2\/media\/79230"}],"wp:attachment":[{"href":"https:\/\/dicodusport.fr\/blog\/wp-json\/wp\/v2\/media?parent=79201"}],"wp:term":[{"taxonomy":"category","embeddable":true,"href":"https:\/\/dicodusport.fr\/blog\/wp-json\/wp\/v2\/categories?post=79201"},{"taxonomy":"post_tag","embeddable":true,"href":"https:\/\/dicodusport.fr\/blog\/wp-json\/wp\/v2\/tags?post=79201"}],"curies":[{"name":"wp","href":"https:\/\/api.w.org\/{rel}","templated":true}]}}