{"id":79389,"date":"2020-09-23T08:07:01","date_gmt":"2020-09-23T06:07:01","guid":{"rendered":"https:\/\/dicodusport.fr\/blog\/?p=79389&#038;preview=true&#038;preview_id=79389"},"modified":"2020-09-23T11:31:30","modified_gmt":"2020-09-23T09:31:30","slug":"nairo-quintana-confirme-etre-vise-par-une-enquete-et-declare-qu-il-ne-s-est-jamais-dope","status":"publish","type":"post","link":"https:\/\/dicodusport.fr\/blog\/nairo-quintana-confirme-etre-vise-par-une-enquete-et-declare-qu-il-ne-s-est-jamais-dope\/","title":{"rendered":"Nairo Quintana confirme \u00eatre vis\u00e9 par une enqu\u00eate et d\u00e9clare qu&rsquo;il ne s&rsquo;est jamais dop\u00e9"},"content":{"rendered":"<p style=\"text-align: justify;\"><strong><em>CYCLISME &#8211; Le Colombien Nairo Quintana a r\u00e9agi sur son compte Twitter ce mardi. Vis\u00e9 par une enqu\u00eate pour soup\u00e7ons de dopage, le 17\u00e8me du dernier <a href=\"https:\/\/dicodusport.fr\/blog\/tour-de-france-2020-le-classement-general-maillot-jaune\/\" target=\"_blank\" rel=\"noopener noreferrer\">Tour de France<\/a> nie avoir eu recours \u00e0 des m\u00e9thodes interdites, que ce soit r\u00e9cemment ou tout au long de sa carri\u00e8re.<\/em><\/strong><\/p>\n<p style=\"text-align: justify;\">Attaqu\u00e9, <strong>Nairo Quintana<\/strong> a r\u00e9pondu ce mardi, via une d\u00e9claration solennelle sur son compte Twitter. Le Colombien est, pour rappel, vis\u00e9 par une enqu\u00eate ouverte par le p\u00f4le sant\u00e9 publique du parquet de Marseille, portant sur des soup\u00e7ons de dopage. Cette enqu\u00eate a \u00e9t\u00e9 initi\u00e9e suite \u00e0 la perquisition r\u00e9alis\u00e9e par l&rsquo;<strong>OCLAESP<\/strong> (Office Central de Lutte contre les Atteintes \u00e0 l\u2019Environnement et la Sant\u00e9 Publique) la semaine derni\u00e8re, au sein de l&rsquo;h\u00f4tel de la formation Ark\u00e9a-Samsic \u00e0 M\u00e9ribel. Les chambres des fr\u00e8res <strong>Quintana<\/strong>, Nairo et Dayer, ainsi que celle de Winner Anacona ont \u00e9t\u00e9 visit\u00e9es.<\/p>\n<h2 style=\"text-align: justify;\">La d\u00e9claration de Nairo Quintana<\/h2>\n<div class=\"Article__paragraph\">\n<div class=\"Paragraph\" data-v-6c09f22b=\"\">\n<blockquote>\n<p class=\"Paragraph__content\" style=\"text-align: justify;\" data-v-6c09f22b=\"\">Les autorit\u00e9s ont visit\u00e9 ma chambre et y ont trouv\u00e9 des compl\u00e9ments alimentaires riches en vitamines parfaitement l\u00e9gaux bien que non connus des autorit\u00e9s fran\u00e7aises. Je veux confirmer qu&rsquo;il n&rsquo;y avait aucune substance dopante. [&#8230;] Je veux \u00e9galement clarifier un malentendu : durant le r\u00e9cent Tour de France comme durant toute ma carri\u00e8re, je n&rsquo;ai jamais consult\u00e9 de m\u00e9decin ou personnel externes \u00e0 l&rsquo;\u00e9quipe. [&#8230;] Moi, Nairo Quintana, ai \u00e9t\u00e9 un coureur propre durant toute ma vie sportive et j&rsquo;ai un passeport biologique impeccable. Je veux dire \u00e0 l&rsquo;opinion publique, \u00e0 mes fans et aux suiveurs du cyclisme que jamais dans ma carri\u00e8re, en junior, moins de 23 ans et en professionnel, je n&rsquo;ai utilis\u00e9 de substances ill\u00e9gales qui am\u00e9lioreraient mes performances sportives et trahiraient les valeurs du sport. &#8211; <strong>Propos traduits par <a href=\"https:\/\/www.lequipe.fr\/Cyclisme-sur-route\/Actualites\/Nairo-quintana-confirme-etre-vise-par-l-enquete-et-se-defend-de-tout-dopage\/1174915\" target=\"_blank\" rel=\"noopener noreferrer\">L&rsquo;\u00c9quipe<\/a><\/strong><\/p>\n<\/blockquote>\n<blockquote class=\"twitter-tweet\">\n<p dir=\"ltr\" lang=\"pt\">Comunicado oficial. <a href=\"https:\/\/t.co\/1Vj5kHwxD8\">pic.twitter.com\/1Vj5kHwxD8<\/a><\/p>\n<p>\u2014 NairoQuinCo (@NairoQuinCo) <a href=\"https:\/\/twitter.com\/NairoQuinCo\/status\/1308527661229248512?ref_src=twsrc%5Etfw\">September 22, 2020<\/a><\/p><\/blockquote>\n<p><script async src=\"https:\/\/platform.twitter.com\/widgets.js\" charset=\"utf-8\"><\/script><\/p>\n<\/div>\n<\/div>\n<p style=\"text-align: justify;\">Pour rappel, lundi soir, on apprenait que <em>\u00ab pr\u00e8s de 100 millilitres de s\u00e9rum physiologique et du mat\u00e9riel d\u2019injection ont ainsi \u00e9t\u00e9 retrouv\u00e9s dans certaines affaires personnelles \u00bb<\/em>, selon la procureure Dominique Laurens. Le s\u00e9rum physiologique, compos\u00e9 de chlorure de sodium, permettrait de diluer l&rsquo;absorption de substances interdites, mais aussi de baisser le volume de globules rouges. Ce mardi soir, <strong>Fredy Abella<\/strong>, m\u00e9decin proche de <strong>Nairo Quintana<\/strong> et engag\u00e9 \u00e0 titre exceptionnel pour la Grande Boucle ainsi que <strong>Mikel Otero (ex-Movistar)<\/strong>, d\u00e9sormais kin\u00e9sith\u00e9rapeute au sein de la formation d&rsquo;Emmanuel Hubert, ont vu leur garde \u00e0 vue prendre fin. Nairo Quintana, comme son fr\u00e8re Dayer, ont \u00e9t\u00e9 entendus en audition libre dans la journ\u00e9e de lundi.<\/p>\n<p><strong><em>Dicodusport<br \/>\n<a href=\"https:\/\/www.facebook.com\/dicodusport\/\" target=\"_blank\" rel=\"noopener noreferrer\"><img loading=\"lazy\" decoding=\"async\" class=\"alignnone wp-image-2909\" src=\"http:\/\/dicodusport.fr\/blog\/wp-content\/uploads\/2017\/07\/logo-facebook-150x150.png\" alt=\"\" width=\"40\" height=\"40\" \/><\/a><a href=\"https:\/\/twitter.com\/dicodusport\" target=\"_blank\" rel=\"noopener noreferrer\"><img loading=\"lazy\" decoding=\"async\" class=\"alignnone wp-image-2908\" src=\"http:\/\/dicodusport.fr\/blog\/wp-content\/uploads\/2017\/07\/logo-twitter-150x150.png\" alt=\"\" width=\"39\" height=\"39\" \/><\/a><\/em><\/strong><\/p>\n","protected":false},"excerpt":{"rendered":"<p>CYCLISME &#8211; Le Colombien Nairo Quintana a r\u00e9agi sur son compte Twitter ce mardi. Vis\u00e9 par une enqu\u00eate pour soup\u00e7ons de dopage, le 17\u00e8me du dernier Tour de France nie avoir eu recours \u00e0 des m\u00e9thodes interdites, que ce soit r\u00e9cemment ou tout au long de sa carri\u00e8re.<\/p>\n","protected":false},"author":4,"featured_media":79391,"comment_status":"open","ping_status":"closed","sticky":false,"template":"","format":"standard","meta":{"_acf_changed":false,"_daextam_enable_autolinks":"","footnotes":""},"categories":[2307],"tags":[574,2886,5377],"class_list":["post-79389","post","type-post","status-publish","format-standard","has-post-thumbnail","hentry","category-cyclisme","tag-cyclisme","tag-dopage","tag-nairo-quintana"],"acf":[],"yoast_head":"<!-- This site is optimized with the Yoast SEO Premium plugin v26.7 (Yoast SEO v26.7) - https:\/\/yoast.com\/wordpress\/plugins\/seo\/ -->\n<title>Nairo Quintana confirme \u00eatre vis\u00e9 par une enqu\u00eate et d\u00e9clare qu&#039;il ne s&#039;est jamais dop\u00e9<\/title>\n<meta name=\"description\" content=\"CYCLISME - Vis\u00e9 par une enqu\u00eate pour soup\u00e7ons de dopage, Le Colombien Nairo Quintana a r\u00e9agi sur son compte Twitter ce mardi.\" \/>\n<meta name=\"robots\" content=\"index, follow, max-snippet:-1, max-image-preview:large, max-video-preview:-1\" \/>\n<link rel=\"canonical\" href=\"https:\/\/dicodusport.fr\/blog\/nairo-quintana-confirme-etre-vise-par-une-enquete-et-declare-qu-il-ne-s-est-jamais-dope\/\" \/>\n<meta property=\"og:locale\" content=\"fr_FR\" \/>\n<meta property=\"og:type\" content=\"article\" \/>\n<meta property=\"og:title\" content=\"Nairo Quintana confirme \u00eatre vis\u00e9 par une enqu\u00eate et d\u00e9clare qu&#039;il ne s&#039;est jamais dop\u00e9\" \/>\n<meta property=\"og:description\" content=\"CYCLISME - Vis\u00e9 par une enqu\u00eate pour soup\u00e7ons de dopage, Le Colombien Nairo Quintana a r\u00e9agi sur son compte Twitter ce mardi.\" \/>\n<meta property=\"og:url\" content=\"https:\/\/dicodusport.fr\/blog\/nairo-quintana-confirme-etre-vise-par-une-enquete-et-declare-qu-il-ne-s-est-jamais-dope\/\" \/>\n<meta property=\"og:site_name\" content=\"Dicodusport\" \/>\n<meta property=\"article:publisher\" content=\"https:\/\/www.facebook.com\/dicodusport\" \/>\n<meta property=\"article:author\" content=\"https:\/\/www.facebook.com\/florent.ostermann\" \/>\n<meta property=\"article:published_time\" content=\"2020-09-23T06:07:01+00:00\" \/>\n<meta property=\"article:modified_time\" content=\"2020-09-23T09:31:30+00:00\" \/>\n<meta property=\"og:image\" content=\"https:\/\/dicodusport.fr\/blog\/wp-content\/uploads\/2020\/09\/Nairo-Quintana-confirme-\u00eatre-vis\u00e9-par-une-enqu\u00eate-et-d\u00e9clare-quil-ne-sest-jamais-dop\u00e9.png\" \/>\n\t<meta property=\"og:image:width\" content=\"800\" \/>\n\t<meta property=\"og:image:height\" content=\"445\" \/>\n\t<meta property=\"og:image:type\" content=\"image\/png\" \/>\n<meta name=\"author\" content=\"Flo Ostermann\" \/>\n<meta name=\"twitter:card\" content=\"summary_large_image\" \/>\n<meta name=\"twitter:title\" content=\"Nairo Quintana confirme \u00eatre vis\u00e9 par une enqu\u00eate et d\u00e9clare qu&#039;il ne s&#039;est jamais dop\u00e9\" \/>\n<meta name=\"twitter:creator\" content=\"@https:\/\/twitter.com\/FlOstermann\" \/>\n<meta name=\"twitter:site\" content=\"@dicodusport\" \/>\n<script type=\"application\/ld+json\" class=\"yoast-schema-graph\">{\"@context\":\"https:\/\/schema.org\",\"@graph\":[{\"@type\":\"NewsArticle\",\"@id\":\"https:\/\/dicodusport.fr\/blog\/nairo-quintana-confirme-etre-vise-par-une-enquete-et-declare-qu-il-ne-s-est-jamais-dope\/#article\",\"isPartOf\":{\"@id\":\"https:\/\/dicodusport.fr\/blog\/nairo-quintana-confirme-etre-vise-par-une-enquete-et-declare-qu-il-ne-s-est-jamais-dope\/\"},\"author\":{\"name\":\"Flo Ostermann\",\"@id\":\"https:\/\/dicodusport.fr\/blog\/#\/schema\/person\/cb02af4c173ce4a653b55e9baf388d4a\"},\"headline\":\"Nairo Quintana confirme \u00eatre vis\u00e9 par une enqu\u00eate et d\u00e9clare qu&rsquo;il ne s&rsquo;est jamais dop\u00e9\",\"datePublished\":\"2020-09-23T06:07:01+00:00\",\"dateModified\":\"2020-09-23T09:31:30+00:00\",\"mainEntityOfPage\":{\"@id\":\"https:\/\/dicodusport.fr\/blog\/nairo-quintana-confirme-etre-vise-par-une-enquete-et-declare-qu-il-ne-s-est-jamais-dope\/\"},\"wordCount\":469,\"commentCount\":0,\"publisher\":{\"@id\":\"https:\/\/dicodusport.fr\/blog\/#organization\"},\"image\":{\"@id\":\"https:\/\/dicodusport.fr\/blog\/nairo-quintana-confirme-etre-vise-par-une-enquete-et-declare-qu-il-ne-s-est-jamais-dope\/#primaryimage\"},\"thumbnailUrl\":\"https:\/\/dicodusport.fr\/blog\/wp-content\/uploads\/2020\/09\/Nairo-Quintana-confirme-\u00eatre-vis\u00e9-par-une-enqu\u00eate-et-d\u00e9clare-quil-ne-sest-jamais-dop\u00e9.png\",\"keywords\":[\"Cyclisme\",\"dopage\",\"Nairo Quintana\"],\"articleSection\":[\"Cyclisme\"],\"inLanguage\":\"fr-FR\",\"potentialAction\":[{\"@type\":\"CommentAction\",\"name\":\"Comment\",\"target\":[\"https:\/\/dicodusport.fr\/blog\/nairo-quintana-confirme-etre-vise-par-une-enquete-et-declare-qu-il-ne-s-est-jamais-dope\/#respond\"]}],\"copyrightYear\":\"2020\",\"copyrightHolder\":{\"@id\":\"https:\/\/dicodusport.fr\/blog\/#organization\"}},{\"@type\":\"WebPage\",\"@id\":\"https:\/\/dicodusport.fr\/blog\/nairo-quintana-confirme-etre-vise-par-une-enquete-et-declare-qu-il-ne-s-est-jamais-dope\/\",\"url\":\"https:\/\/dicodusport.fr\/blog\/nairo-quintana-confirme-etre-vise-par-une-enquete-et-declare-qu-il-ne-s-est-jamais-dope\/\",\"name\":\"Nairo Quintana confirme \u00eatre vis\u00e9 par une enqu\u00eate et d\u00e9clare qu'il ne s'est jamais dop\u00e9\",\"isPartOf\":{\"@id\":\"https:\/\/dicodusport.fr\/blog\/#website\"},\"primaryImageOfPage\":{\"@id\":\"https:\/\/dicodusport.fr\/blog\/nairo-quintana-confirme-etre-vise-par-une-enquete-et-declare-qu-il-ne-s-est-jamais-dope\/#primaryimage\"},\"image\":{\"@id\":\"https:\/\/dicodusport.fr\/blog\/nairo-quintana-confirme-etre-vise-par-une-enquete-et-declare-qu-il-ne-s-est-jamais-dope\/#primaryimage\"},\"thumbnailUrl\":\"https:\/\/dicodusport.fr\/blog\/wp-content\/uploads\/2020\/09\/Nairo-Quintana-confirme-\u00eatre-vis\u00e9-par-une-enqu\u00eate-et-d\u00e9clare-quil-ne-sest-jamais-dop\u00e9.png\",\"datePublished\":\"2020-09-23T06:07:01+00:00\",\"dateModified\":\"2020-09-23T09:31:30+00:00\",\"description\":\"CYCLISME - Vis\u00e9 par une enqu\u00eate pour soup\u00e7ons de dopage, Le Colombien Nairo Quintana a r\u00e9agi sur son compte Twitter ce mardi.\",\"breadcrumb\":{\"@id\":\"https:\/\/dicodusport.fr\/blog\/nairo-quintana-confirme-etre-vise-par-une-enquete-et-declare-qu-il-ne-s-est-jamais-dope\/#breadcrumb\"},\"inLanguage\":\"fr-FR\",\"potentialAction\":[{\"@type\":\"ReadAction\",\"target\":[\"https:\/\/dicodusport.fr\/blog\/nairo-quintana-confirme-etre-vise-par-une-enquete-et-declare-qu-il-ne-s-est-jamais-dope\/\"]}]},{\"@type\":\"ImageObject\",\"inLanguage\":\"fr-FR\",\"@id\":\"https:\/\/dicodusport.fr\/blog\/nairo-quintana-confirme-etre-vise-par-une-enquete-et-declare-qu-il-ne-s-est-jamais-dope\/#primaryimage\",\"url\":\"https:\/\/dicodusport.fr\/blog\/wp-content\/uploads\/2020\/09\/Nairo-Quintana-confirme-\u00eatre-vis\u00e9-par-une-enqu\u00eate-et-d\u00e9clare-quil-ne-sest-jamais-dop\u00e9.png\",\"contentUrl\":\"https:\/\/dicodusport.fr\/blog\/wp-content\/uploads\/2020\/09\/Nairo-Quintana-confirme-\u00eatre-vis\u00e9-par-une-enqu\u00eate-et-d\u00e9clare-quil-ne-sest-jamais-dop\u00e9.png\",\"width\":800,\"height\":445,\"caption\":\"Nairo Quintana - Photo Icon Sport\"},{\"@type\":\"BreadcrumbList\",\"@id\":\"https:\/\/dicodusport.fr\/blog\/nairo-quintana-confirme-etre-vise-par-une-enquete-et-declare-qu-il-ne-s-est-jamais-dope\/#breadcrumb\",\"itemListElement\":[{\"@type\":\"ListItem\",\"position\":1,\"name\":\"Accueil\",\"item\":\"https:\/\/dicodusport.fr\/blog\/\"},{\"@type\":\"ListItem\",\"position\":2,\"name\":\"Nairo Quintana confirme \u00eatre vis\u00e9 par une enqu\u00eate et d\u00e9clare qu&rsquo;il ne s&rsquo;est jamais dop\u00e9\"}]},{\"@type\":\"WebSite\",\"@id\":\"https:\/\/dicodusport.fr\/blog\/#website\",\"url\":\"https:\/\/dicodusport.fr\/blog\/\",\"name\":\"Dicodusport\",\"description\":\"L&#039;encyclop\u00e9die de l&#039;actualit\u00e9 sportive\",\"publisher\":{\"@id\":\"https:\/\/dicodusport.fr\/blog\/#organization\"},\"potentialAction\":[{\"@type\":\"SearchAction\",\"target\":{\"@type\":\"EntryPoint\",\"urlTemplate\":\"https:\/\/dicodusport.fr\/blog\/?s={search_term_string}\"},\"query-input\":{\"@type\":\"PropertyValueSpecification\",\"valueRequired\":true,\"valueName\":\"search_term_string\"}}],\"inLanguage\":\"fr-FR\"},{\"@type\":\"NewsMediaOrganization\",\"@id\":\"https:\/\/dicodusport.fr\/blog\/#organization\",\"name\":\"Dicodusport\",\"url\":\"https:\/\/dicodusport.fr\/blog\/\",\"logo\":{\"@type\":\"ImageObject\",\"inLanguage\":\"fr-FR\",\"@id\":\"https:\/\/dicodusport.fr\/blog\/#\/schema\/logo\/image\/\",\"url\":\"https:\/\/dicodusport.fr\/blog\/wp-content\/uploads\/2020\/06\/cropped-LOGO-DICODUSPORT-2020-SANS-FOND-SANS-TEXTE.png\",\"contentUrl\":\"https:\/\/dicodusport.fr\/blog\/wp-content\/uploads\/2020\/06\/cropped-LOGO-DICODUSPORT-2020-SANS-FOND-SANS-TEXTE.png\",\"width\":512,\"height\":512,\"caption\":\"Dicodusport\"},\"image\":{\"@id\":\"https:\/\/dicodusport.fr\/blog\/#\/schema\/logo\/image\/\"},\"sameAs\":[\"https:\/\/www.facebook.com\/dicodusport\",\"https:\/\/x.com\/dicodusport\",\"https:\/\/www.instagram.com\/dicodusport\/\",\"https:\/\/www.youtube.com\/channel\/UC7V2KZ5sd3htJivAbA4ZG3w\"],\"description\":\"Dicodusport est l'encyclop\u00e9die de l'actualit\u00e9 sportive.\",\"email\":\"bonjour@dicodusport.fr\",\"legalName\":\"DICODUSPORT\",\"foundingDate\":\"2018-01-14\",\"vatID\":\"FR71834470973\",\"taxID\":\"83447097300043\",\"numberOfEmployees\":{\"@type\":\"QuantitativeValue\",\"minValue\":\"1\",\"maxValue\":\"10\"}},{\"@type\":\"Person\",\"@id\":\"https:\/\/dicodusport.fr\/blog\/#\/schema\/person\/cb02af4c173ce4a653b55e9baf388d4a\",\"name\":\"Flo Ostermann\",\"image\":{\"@type\":\"ImageObject\",\"inLanguage\":\"fr-FR\",\"@id\":\"https:\/\/dicodusport.fr\/blog\/#\/schema\/person\/image\/\",\"url\":\"https:\/\/dicodusport.fr\/blog\/wp-content\/uploads\/2021\/05\/Flo-Ostermann-150x150.jpg\",\"contentUrl\":\"https:\/\/dicodusport.fr\/blog\/wp-content\/uploads\/2021\/05\/Flo-Ostermann-150x150.jpg\",\"caption\":\"Flo Ostermann\"},\"description\":\"Journaliste\/R\u00e9dacteur depuis septembre 2015 - Mes premiers souvenirs dans le sport ? Les envol\u00e9es du Stade Toulousain et les duels Villeneuve-Schumacher et H\u00e4kkinen-Schumacher \u00e0 la fin des ann\u00e9es 90, la Coupe du monde de football en 1998, l\u2019exploit du XV de France face aux All Blacks en 1999, mais aussi Richard C\u0153ur de Lion qui vole sur les montagnes du Tour de France. Bien parti pour devenir professeur d\u2019EPS, les \u00e9v\u00e9nements de la vie (et la flemme d\u2019animer des s\u00e9ances de 3x500 m\u00e8tres toute ma vie) m\u2019ont conduit \u00e0 revoir mes plans. Me voil\u00e0 depuis fin 2017 sur Dicodusport, m\u00e9dia gr\u00e2ce (et pour) lequel je partage ma passion : le sport dans tous ses \u00e9tats. Le tout accompagn\u00e9 par les fous furieux et folles furieuses cit\u00e9s sur cette page !\",\"sameAs\":[\"https:\/\/www.facebook.com\/florent.ostermann\",\"https:\/\/x.com\/https:\/\/twitter.com\/FlOstermann\",\"admin\"],\"url\":\"https:\/\/dicodusport.fr\/blog\/author\/flo\/\"}]}<\/script>\n<!-- \/ Yoast SEO Premium plugin. -->","yoast_head_json":{"title":"Nairo Quintana confirme \u00eatre vis\u00e9 par une enqu\u00eate et d\u00e9clare qu'il ne s'est jamais dop\u00e9","description":"CYCLISME - Vis\u00e9 par une enqu\u00eate pour soup\u00e7ons de dopage, Le Colombien Nairo Quintana a r\u00e9agi sur son compte Twitter ce mardi.","robots":{"index":"index","follow":"follow","max-snippet":"max-snippet:-1","max-image-preview":"max-image-preview:large","max-video-preview":"max-video-preview:-1"},"canonical":"https:\/\/dicodusport.fr\/blog\/nairo-quintana-confirme-etre-vise-par-une-enquete-et-declare-qu-il-ne-s-est-jamais-dope\/","og_locale":"fr_FR","og_type":"article","og_title":"Nairo Quintana confirme \u00eatre vis\u00e9 par une enqu\u00eate et d\u00e9clare qu'il ne s'est jamais dop\u00e9","og_description":"CYCLISME - Vis\u00e9 par une enqu\u00eate pour soup\u00e7ons de dopage, Le Colombien Nairo Quintana a r\u00e9agi sur son compte Twitter ce mardi.","og_url":"https:\/\/dicodusport.fr\/blog\/nairo-quintana-confirme-etre-vise-par-une-enquete-et-declare-qu-il-ne-s-est-jamais-dope\/","og_site_name":"Dicodusport","article_publisher":"https:\/\/www.facebook.com\/dicodusport","article_author":"https:\/\/www.facebook.com\/florent.ostermann","article_published_time":"2020-09-23T06:07:01+00:00","article_modified_time":"2020-09-23T09:31:30+00:00","og_image":[{"width":800,"height":445,"url":"https:\/\/dicodusport.fr\/blog\/wp-content\/uploads\/2020\/09\/Nairo-Quintana-confirme-\u00eatre-vis\u00e9-par-une-enqu\u00eate-et-d\u00e9clare-quil-ne-sest-jamais-dop\u00e9.png","type":"image\/png"}],"author":"Flo Ostermann","twitter_card":"summary_large_image","twitter_title":"Nairo Quintana confirme \u00eatre vis\u00e9 par une enqu\u00eate et d\u00e9clare qu'il ne s'est jamais dop\u00e9","twitter_creator":"@https:\/\/twitter.com\/FlOstermann","twitter_site":"@dicodusport","schema":{"@context":"https:\/\/schema.org","@graph":[{"@type":"NewsArticle","@id":"https:\/\/dicodusport.fr\/blog\/nairo-quintana-confirme-etre-vise-par-une-enquete-et-declare-qu-il-ne-s-est-jamais-dope\/#article","isPartOf":{"@id":"https:\/\/dicodusport.fr\/blog\/nairo-quintana-confirme-etre-vise-par-une-enquete-et-declare-qu-il-ne-s-est-jamais-dope\/"},"author":{"name":"Flo Ostermann","@id":"https:\/\/dicodusport.fr\/blog\/#\/schema\/person\/cb02af4c173ce4a653b55e9baf388d4a"},"headline":"Nairo Quintana confirme \u00eatre vis\u00e9 par une enqu\u00eate et d\u00e9clare qu&rsquo;il ne s&rsquo;est jamais dop\u00e9","datePublished":"2020-09-23T06:07:01+00:00","dateModified":"2020-09-23T09:31:30+00:00","mainEntityOfPage":{"@id":"https:\/\/dicodusport.fr\/blog\/nairo-quintana-confirme-etre-vise-par-une-enquete-et-declare-qu-il-ne-s-est-jamais-dope\/"},"wordCount":469,"commentCount":0,"publisher":{"@id":"https:\/\/dicodusport.fr\/blog\/#organization"},"image":{"@id":"https:\/\/dicodusport.fr\/blog\/nairo-quintana-confirme-etre-vise-par-une-enquete-et-declare-qu-il-ne-s-est-jamais-dope\/#primaryimage"},"thumbnailUrl":"https:\/\/dicodusport.fr\/blog\/wp-content\/uploads\/2020\/09\/Nairo-Quintana-confirme-\u00eatre-vis\u00e9-par-une-enqu\u00eate-et-d\u00e9clare-quil-ne-sest-jamais-dop\u00e9.png","keywords":["Cyclisme","dopage","Nairo Quintana"],"articleSection":["Cyclisme"],"inLanguage":"fr-FR","potentialAction":[{"@type":"CommentAction","name":"Comment","target":["https:\/\/dicodusport.fr\/blog\/nairo-quintana-confirme-etre-vise-par-une-enquete-et-declare-qu-il-ne-s-est-jamais-dope\/#respond"]}],"copyrightYear":"2020","copyrightHolder":{"@id":"https:\/\/dicodusport.fr\/blog\/#organization"}},{"@type":"WebPage","@id":"https:\/\/dicodusport.fr\/blog\/nairo-quintana-confirme-etre-vise-par-une-enquete-et-declare-qu-il-ne-s-est-jamais-dope\/","url":"https:\/\/dicodusport.fr\/blog\/nairo-quintana-confirme-etre-vise-par-une-enquete-et-declare-qu-il-ne-s-est-jamais-dope\/","name":"Nairo Quintana confirme \u00eatre vis\u00e9 par une enqu\u00eate et d\u00e9clare qu'il ne s'est jamais dop\u00e9","isPartOf":{"@id":"https:\/\/dicodusport.fr\/blog\/#website"},"primaryImageOfPage":{"@id":"https:\/\/dicodusport.fr\/blog\/nairo-quintana-confirme-etre-vise-par-une-enquete-et-declare-qu-il-ne-s-est-jamais-dope\/#primaryimage"},"image":{"@id":"https:\/\/dicodusport.fr\/blog\/nairo-quintana-confirme-etre-vise-par-une-enquete-et-declare-qu-il-ne-s-est-jamais-dope\/#primaryimage"},"thumbnailUrl":"https:\/\/dicodusport.fr\/blog\/wp-content\/uploads\/2020\/09\/Nairo-Quintana-confirme-\u00eatre-vis\u00e9-par-une-enqu\u00eate-et-d\u00e9clare-quil-ne-sest-jamais-dop\u00e9.png","datePublished":"2020-09-23T06:07:01+00:00","dateModified":"2020-09-23T09:31:30+00:00","description":"CYCLISME - Vis\u00e9 par une enqu\u00eate pour soup\u00e7ons de dopage, Le Colombien Nairo Quintana a r\u00e9agi sur son compte Twitter ce mardi.","breadcrumb":{"@id":"https:\/\/dicodusport.fr\/blog\/nairo-quintana-confirme-etre-vise-par-une-enquete-et-declare-qu-il-ne-s-est-jamais-dope\/#breadcrumb"},"inLanguage":"fr-FR","potentialAction":[{"@type":"ReadAction","target":["https:\/\/dicodusport.fr\/blog\/nairo-quintana-confirme-etre-vise-par-une-enquete-et-declare-qu-il-ne-s-est-jamais-dope\/"]}]},{"@type":"ImageObject","inLanguage":"fr-FR","@id":"https:\/\/dicodusport.fr\/blog\/nairo-quintana-confirme-etre-vise-par-une-enquete-et-declare-qu-il-ne-s-est-jamais-dope\/#primaryimage","url":"https:\/\/dicodusport.fr\/blog\/wp-content\/uploads\/2020\/09\/Nairo-Quintana-confirme-\u00eatre-vis\u00e9-par-une-enqu\u00eate-et-d\u00e9clare-quil-ne-sest-jamais-dop\u00e9.png","contentUrl":"https:\/\/dicodusport.fr\/blog\/wp-content\/uploads\/2020\/09\/Nairo-Quintana-confirme-\u00eatre-vis\u00e9-par-une-enqu\u00eate-et-d\u00e9clare-quil-ne-sest-jamais-dop\u00e9.png","width":800,"height":445,"caption":"Nairo Quintana - Photo Icon Sport"},{"@type":"BreadcrumbList","@id":"https:\/\/dicodusport.fr\/blog\/nairo-quintana-confirme-etre-vise-par-une-enquete-et-declare-qu-il-ne-s-est-jamais-dope\/#breadcrumb","itemListElement":[{"@type":"ListItem","position":1,"name":"Accueil","item":"https:\/\/dicodusport.fr\/blog\/"},{"@type":"ListItem","position":2,"name":"Nairo Quintana confirme \u00eatre vis\u00e9 par une enqu\u00eate et d\u00e9clare qu&rsquo;il ne s&rsquo;est jamais dop\u00e9"}]},{"@type":"WebSite","@id":"https:\/\/dicodusport.fr\/blog\/#website","url":"https:\/\/dicodusport.fr\/blog\/","name":"Dicodusport","description":"L&#039;encyclop\u00e9die de l&#039;actualit\u00e9 sportive","publisher":{"@id":"https:\/\/dicodusport.fr\/blog\/#organization"},"potentialAction":[{"@type":"SearchAction","target":{"@type":"EntryPoint","urlTemplate":"https:\/\/dicodusport.fr\/blog\/?s={search_term_string}"},"query-input":{"@type":"PropertyValueSpecification","valueRequired":true,"valueName":"search_term_string"}}],"inLanguage":"fr-FR"},{"@type":"NewsMediaOrganization","@id":"https:\/\/dicodusport.fr\/blog\/#organization","name":"Dicodusport","url":"https:\/\/dicodusport.fr\/blog\/","logo":{"@type":"ImageObject","inLanguage":"fr-FR","@id":"https:\/\/dicodusport.fr\/blog\/#\/schema\/logo\/image\/","url":"https:\/\/dicodusport.fr\/blog\/wp-content\/uploads\/2020\/06\/cropped-LOGO-DICODUSPORT-2020-SANS-FOND-SANS-TEXTE.png","contentUrl":"https:\/\/dicodusport.fr\/blog\/wp-content\/uploads\/2020\/06\/cropped-LOGO-DICODUSPORT-2020-SANS-FOND-SANS-TEXTE.png","width":512,"height":512,"caption":"Dicodusport"},"image":{"@id":"https:\/\/dicodusport.fr\/blog\/#\/schema\/logo\/image\/"},"sameAs":["https:\/\/www.facebook.com\/dicodusport","https:\/\/x.com\/dicodusport","https:\/\/www.instagram.com\/dicodusport\/","https:\/\/www.youtube.com\/channel\/UC7V2KZ5sd3htJivAbA4ZG3w"],"description":"Dicodusport est l'encyclop\u00e9die de l'actualit\u00e9 sportive.","email":"bonjour@dicodusport.fr","legalName":"DICODUSPORT","foundingDate":"2018-01-14","vatID":"FR71834470973","taxID":"83447097300043","numberOfEmployees":{"@type":"QuantitativeValue","minValue":"1","maxValue":"10"}},{"@type":"Person","@id":"https:\/\/dicodusport.fr\/blog\/#\/schema\/person\/cb02af4c173ce4a653b55e9baf388d4a","name":"Flo Ostermann","image":{"@type":"ImageObject","inLanguage":"fr-FR","@id":"https:\/\/dicodusport.fr\/blog\/#\/schema\/person\/image\/","url":"https:\/\/dicodusport.fr\/blog\/wp-content\/uploads\/2021\/05\/Flo-Ostermann-150x150.jpg","contentUrl":"https:\/\/dicodusport.fr\/blog\/wp-content\/uploads\/2021\/05\/Flo-Ostermann-150x150.jpg","caption":"Flo Ostermann"},"description":"Journaliste\/R\u00e9dacteur depuis septembre 2015 - Mes premiers souvenirs dans le sport ? Les envol\u00e9es du Stade Toulousain et les duels Villeneuve-Schumacher et H\u00e4kkinen-Schumacher \u00e0 la fin des ann\u00e9es 90, la Coupe du monde de football en 1998, l\u2019exploit du XV de France face aux All Blacks en 1999, mais aussi Richard C\u0153ur de Lion qui vole sur les montagnes du Tour de France. Bien parti pour devenir professeur d\u2019EPS, les \u00e9v\u00e9nements de la vie (et la flemme d\u2019animer des s\u00e9ances de 3x500 m\u00e8tres toute ma vie) m\u2019ont conduit \u00e0 revoir mes plans. Me voil\u00e0 depuis fin 2017 sur Dicodusport, m\u00e9dia gr\u00e2ce (et pour) lequel je partage ma passion : le sport dans tous ses \u00e9tats. Le tout accompagn\u00e9 par les fous furieux et folles furieuses cit\u00e9s sur cette page !","sameAs":["https:\/\/www.facebook.com\/florent.ostermann","https:\/\/x.com\/https:\/\/twitter.com\/FlOstermann","admin"],"url":"https:\/\/dicodusport.fr\/blog\/author\/flo\/"}]}},"_links":{"self":[{"href":"https:\/\/dicodusport.fr\/blog\/wp-json\/wp\/v2\/posts\/79389","targetHints":{"allow":["GET"]}}],"collection":[{"href":"https:\/\/dicodusport.fr\/blog\/wp-json\/wp\/v2\/posts"}],"about":[{"href":"https:\/\/dicodusport.fr\/blog\/wp-json\/wp\/v2\/types\/post"}],"author":[{"embeddable":true,"href":"https:\/\/dicodusport.fr\/blog\/wp-json\/wp\/v2\/users\/4"}],"replies":[{"embeddable":true,"href":"https:\/\/dicodusport.fr\/blog\/wp-json\/wp\/v2\/comments?post=79389"}],"version-history":[{"count":0,"href":"https:\/\/dicodusport.fr\/blog\/wp-json\/wp\/v2\/posts\/79389\/revisions"}],"wp:featuredmedia":[{"embeddable":true,"href":"https:\/\/dicodusport.fr\/blog\/wp-json\/wp\/v2\/media\/79391"}],"wp:attachment":[{"href":"https:\/\/dicodusport.fr\/blog\/wp-json\/wp\/v2\/media?parent=79389"}],"wp:term":[{"taxonomy":"category","embeddable":true,"href":"https:\/\/dicodusport.fr\/blog\/wp-json\/wp\/v2\/categories?post=79389"},{"taxonomy":"post_tag","embeddable":true,"href":"https:\/\/dicodusport.fr\/blog\/wp-json\/wp\/v2\/tags?post=79389"}],"curies":[{"name":"wp","href":"https:\/\/api.w.org\/{rel}","templated":true}]}}