{"id":79397,"date":"2020-09-23T08:41:56","date_gmt":"2020-09-23T06:41:56","guid":{"rendered":"https:\/\/dicodusport.fr\/blog\/?p=79397&#038;preview=true&#038;preview_id=79397"},"modified":"2020-09-23T08:41:56","modified_gmt":"2020-09-23T06:41:56","slug":"moto-gp-grand-prix-de-catalogne-2020-programme-tv-complet","status":"publish","type":"post","link":"https:\/\/dicodusport.fr\/blog\/moto-gp-grand-prix-de-catalogne-2020-programme-tv-complet\/","title":{"rendered":"Moto GP &#8211; Grand Prix de Catalogne 2020 : le programme TV complet"},"content":{"rendered":"<p style=\"text-align: justify;\"><em><b><a href=\"https:\/\/dicodusport.fr\/blog\/tag\/moto-gp\/\" target=\"_blank\" rel=\"noopener noreferrer\">MOTO GP<\/a> &#8211; Huiti\u00e8me manche du championnat du monde 2020, avec le <a href=\"https:\/\/fr.motorsport.com\/motogp\/event\/gp-de-catalogne-452275\/452275\/\" target=\"_blank\" rel=\"noopener noreferrer\">Grand Prix de Catalogne<\/a> \u00e0 Barcelone. Le programme TV complet.<\/b><\/em><\/p>\n<h2 style=\"text-align: justify;\">Le programme TV du Grand Prix de Catalogne<\/h2>\n<h3 style=\"text-align: justify;\">Vendredi 25 septembre 2020<\/h3>\n<p style=\"text-align: justify;\"><strong>9h45 :<\/strong> FP1 (Canal + D\u00e9cal\u00e9)<br \/>\n<strong>14h :<\/strong> FP2 (Canal + D\u00e9cal\u00e9)<\/p>\n<h3 style=\"text-align: justify;\">Samedi 26 septembre 2020<\/h3>\n<p style=\"text-align: justify;\"><strong>9h45 :<\/strong> FP3 (Canal +)<br \/>\n<strong>13h25 :<\/strong> FP4 (Canal + D\u00e9cal\u00e9)<br \/>\n<strong>14h05 :<\/strong> Qualifications (Canal + D\u00e9cal\u00e9)<\/p>\n<h3 style=\"text-align: justify;\">Dimanche 27 septembre 2020<\/h3>\n<p style=\"text-align: justify;\"><strong>10h35 :<\/strong> Warm-up (Canal + D\u00e9cal\u00e9)<br \/>\n<strong>14h15 :<\/strong> La Grille (Canal + D\u00e9cal\u00e9)<br \/>\n<strong>14h55 :<\/strong> D\u00e9part de la course \u00e0 15h (Canal +)<br \/>\n<strong>15h55 :<\/strong> Le podium (Canal +)<\/p>\n<ul>\n<li style=\"text-align: justify;\"><strong>\u00c0 lire aussi &#8211; <a href=\"https:\/\/dicodusport.fr\/blog\/moto-gp-10-pilotes-les-mieux-payes-en-2020\/\" target=\"_blank\" rel=\"noopener noreferrer\">Moto GP : Les 10 pilotes les mieux pay\u00e9s en 2020<\/a><\/strong><\/li>\n<\/ul>\n<p><strong><em>Dicodusport<br \/>\n<a href=\"https:\/\/www.facebook.com\/dicodusport\/\" target=\"_blank\" rel=\"noopener noreferrer\"><img loading=\"lazy\" decoding=\"async\" class=\"alignnone wp-image-2909\" src=\"http:\/\/dicodusport.fr\/blog\/wp-content\/uploads\/2017\/07\/logo-facebook-150x150.png\" alt=\"\" width=\"40\" height=\"40\" \/><\/a><a href=\"https:\/\/twitter.com\/dicodusport\" target=\"_blank\" rel=\"noopener noreferrer\"><img loading=\"lazy\" decoding=\"async\" class=\"alignnone wp-image-2908\" src=\"http:\/\/dicodusport.fr\/blog\/wp-content\/uploads\/2017\/07\/logo-twitter-150x150.png\" alt=\"\" width=\"39\" height=\"39\" \/><\/a><\/em><\/strong><\/p>\n","protected":false},"excerpt":{"rendered":"<p>MOTO GP &#8211; Huiti\u00e8me manche du championnat du monde 2020, avec le Grand Prix de Catalogne \u00e0 Barcelone. Le programme TV complet.<\/p>\n","protected":false},"author":4,"featured_media":79398,"comment_status":"open","ping_status":"closed","sticky":false,"template":"","format":"standard","meta":{"_acf_changed":false,"_daextam_enable_autolinks":"","footnotes":""},"categories":[8671],"tags":[11776,4736],"class_list":["post-79397","post","type-post","status-publish","format-standard","has-post-thumbnail","hentry","category-moto","tag-grand-prix-de-catalogne","tag-moto-gp"],"acf":[],"yoast_head":"<!-- This site is optimized with the Yoast SEO Premium plugin v26.7 (Yoast SEO v26.7) - https:\/\/yoast.com\/wordpress\/plugins\/seo\/ -->\n<title>Moto GP - Grand Prix de Catalogne 2020 : le programme TV complet<\/title>\n<meta name=\"description\" content=\"MOTO GP - Huiti\u00e8me manche du championnat du monde 2020, avec le Grand Prix de Catalogne \u00e0 Barcelone. Le programme TV complet.\" \/>\n<meta name=\"robots\" content=\"index, follow, max-snippet:-1, max-image-preview:large, max-video-preview:-1\" \/>\n<link rel=\"canonical\" href=\"https:\/\/dicodusport.fr\/blog\/moto-gp-grand-prix-de-catalogne-2020-programme-tv-complet\/\" \/>\n<meta property=\"og:locale\" content=\"fr_FR\" \/>\n<meta property=\"og:type\" content=\"article\" \/>\n<meta property=\"og:title\" content=\"Moto GP - Grand Prix de Catalogne 2020 : le programme TV complet\" \/>\n<meta property=\"og:description\" content=\"MOTO GP - Huiti\u00e8me manche du championnat du monde 2020, avec le Grand Prix de Catalogne \u00e0 Barcelone. Le programme TV complet.\" \/>\n<meta property=\"og:url\" content=\"https:\/\/dicodusport.fr\/blog\/moto-gp-grand-prix-de-catalogne-2020-programme-tv-complet\/\" \/>\n<meta property=\"og:site_name\" content=\"Dicodusport\" \/>\n<meta property=\"article:publisher\" content=\"https:\/\/www.facebook.com\/dicodusport\" \/>\n<meta property=\"article:author\" content=\"https:\/\/www.facebook.com\/florent.ostermann\" \/>\n<meta property=\"article:published_time\" content=\"2020-09-23T06:41:56+00:00\" \/>\n<meta property=\"og:image\" content=\"https:\/\/dicodusport.fr\/blog\/wp-content\/uploads\/2020\/09\/Moto-GP-Grand-Prix-de-Catalogne-2020-Le-programme-TV-complet.png\" \/>\n\t<meta property=\"og:image:width\" content=\"800\" \/>\n\t<meta property=\"og:image:height\" content=\"445\" \/>\n\t<meta property=\"og:image:type\" content=\"image\/png\" \/>\n<meta name=\"author\" content=\"Flo Ostermann\" \/>\n<meta name=\"twitter:card\" content=\"summary_large_image\" \/>\n<meta name=\"twitter:title\" content=\"Moto GP - Grand Prix de Catalogne 2020 : le programme TV complet\" \/>\n<meta name=\"twitter:creator\" content=\"@https:\/\/twitter.com\/FlOstermann\" \/>\n<meta name=\"twitter:site\" content=\"@dicodusport\" \/>\n<script type=\"application\/ld+json\" class=\"yoast-schema-graph\">{\"@context\":\"https:\/\/schema.org\",\"@graph\":[{\"@type\":\"NewsArticle\",\"@id\":\"https:\/\/dicodusport.fr\/blog\/moto-gp-grand-prix-de-catalogne-2020-programme-tv-complet\/#article\",\"isPartOf\":{\"@id\":\"https:\/\/dicodusport.fr\/blog\/moto-gp-grand-prix-de-catalogne-2020-programme-tv-complet\/\"},\"author\":{\"name\":\"Flo Ostermann\",\"@id\":\"https:\/\/dicodusport.fr\/blog\/#\/schema\/person\/cb02af4c173ce4a653b55e9baf388d4a\"},\"headline\":\"Moto GP &#8211; Grand Prix de Catalogne 2020 : le programme TV complet\",\"datePublished\":\"2020-09-23T06:41:56+00:00\",\"mainEntityOfPage\":{\"@id\":\"https:\/\/dicodusport.fr\/blog\/moto-gp-grand-prix-de-catalogne-2020-programme-tv-complet\/\"},\"wordCount\":105,\"commentCount\":0,\"publisher\":{\"@id\":\"https:\/\/dicodusport.fr\/blog\/#organization\"},\"image\":{\"@id\":\"https:\/\/dicodusport.fr\/blog\/moto-gp-grand-prix-de-catalogne-2020-programme-tv-complet\/#primaryimage\"},\"thumbnailUrl\":\"https:\/\/dicodusport.fr\/blog\/wp-content\/uploads\/2020\/09\/Moto-GP-Grand-Prix-de-Catalogne-2020-Le-programme-TV-complet.png\",\"keywords\":[\"Grand Prix de Catalogne\",\"Moto GP\"],\"articleSection\":[\"Moto\"],\"inLanguage\":\"fr-FR\",\"potentialAction\":[{\"@type\":\"CommentAction\",\"name\":\"Comment\",\"target\":[\"https:\/\/dicodusport.fr\/blog\/moto-gp-grand-prix-de-catalogne-2020-programme-tv-complet\/#respond\"]}],\"copyrightYear\":\"2020\",\"copyrightHolder\":{\"@id\":\"https:\/\/dicodusport.fr\/blog\/#organization\"}},{\"@type\":\"WebPage\",\"@id\":\"https:\/\/dicodusport.fr\/blog\/moto-gp-grand-prix-de-catalogne-2020-programme-tv-complet\/\",\"url\":\"https:\/\/dicodusport.fr\/blog\/moto-gp-grand-prix-de-catalogne-2020-programme-tv-complet\/\",\"name\":\"Moto GP - Grand Prix de Catalogne 2020 : le programme TV complet\",\"isPartOf\":{\"@id\":\"https:\/\/dicodusport.fr\/blog\/#website\"},\"primaryImageOfPage\":{\"@id\":\"https:\/\/dicodusport.fr\/blog\/moto-gp-grand-prix-de-catalogne-2020-programme-tv-complet\/#primaryimage\"},\"image\":{\"@id\":\"https:\/\/dicodusport.fr\/blog\/moto-gp-grand-prix-de-catalogne-2020-programme-tv-complet\/#primaryimage\"},\"thumbnailUrl\":\"https:\/\/dicodusport.fr\/blog\/wp-content\/uploads\/2020\/09\/Moto-GP-Grand-Prix-de-Catalogne-2020-Le-programme-TV-complet.png\",\"datePublished\":\"2020-09-23T06:41:56+00:00\",\"description\":\"MOTO GP - Huiti\u00e8me manche du championnat du monde 2020, avec le Grand Prix de Catalogne \u00e0 Barcelone. Le programme TV complet.\",\"breadcrumb\":{\"@id\":\"https:\/\/dicodusport.fr\/blog\/moto-gp-grand-prix-de-catalogne-2020-programme-tv-complet\/#breadcrumb\"},\"inLanguage\":\"fr-FR\",\"potentialAction\":[{\"@type\":\"ReadAction\",\"target\":[\"https:\/\/dicodusport.fr\/blog\/moto-gp-grand-prix-de-catalogne-2020-programme-tv-complet\/\"]}]},{\"@type\":\"ImageObject\",\"inLanguage\":\"fr-FR\",\"@id\":\"https:\/\/dicodusport.fr\/blog\/moto-gp-grand-prix-de-catalogne-2020-programme-tv-complet\/#primaryimage\",\"url\":\"https:\/\/dicodusport.fr\/blog\/wp-content\/uploads\/2020\/09\/Moto-GP-Grand-Prix-de-Catalogne-2020-Le-programme-TV-complet.png\",\"contentUrl\":\"https:\/\/dicodusport.fr\/blog\/wp-content\/uploads\/2020\/09\/Moto-GP-Grand-Prix-de-Catalogne-2020-Le-programme-TV-complet.png\",\"width\":800,\"height\":445,\"caption\":\"Moto GP - Grand Prix de Catalogne 2020 : le programme TV complet\"},{\"@type\":\"BreadcrumbList\",\"@id\":\"https:\/\/dicodusport.fr\/blog\/moto-gp-grand-prix-de-catalogne-2020-programme-tv-complet\/#breadcrumb\",\"itemListElement\":[{\"@type\":\"ListItem\",\"position\":1,\"name\":\"Accueil\",\"item\":\"https:\/\/dicodusport.fr\/blog\/\"},{\"@type\":\"ListItem\",\"position\":2,\"name\":\"Moto GP &#8211; Grand Prix de Catalogne 2020 : le programme TV complet\"}]},{\"@type\":\"WebSite\",\"@id\":\"https:\/\/dicodusport.fr\/blog\/#website\",\"url\":\"https:\/\/dicodusport.fr\/blog\/\",\"name\":\"Dicodusport\",\"description\":\"L&#039;encyclop\u00e9die de l&#039;actualit\u00e9 sportive\",\"publisher\":{\"@id\":\"https:\/\/dicodusport.fr\/blog\/#organization\"},\"potentialAction\":[{\"@type\":\"SearchAction\",\"target\":{\"@type\":\"EntryPoint\",\"urlTemplate\":\"https:\/\/dicodusport.fr\/blog\/?s={search_term_string}\"},\"query-input\":{\"@type\":\"PropertyValueSpecification\",\"valueRequired\":true,\"valueName\":\"search_term_string\"}}],\"inLanguage\":\"fr-FR\"},{\"@type\":\"NewsMediaOrganization\",\"@id\":\"https:\/\/dicodusport.fr\/blog\/#organization\",\"name\":\"Dicodusport\",\"url\":\"https:\/\/dicodusport.fr\/blog\/\",\"logo\":{\"@type\":\"ImageObject\",\"inLanguage\":\"fr-FR\",\"@id\":\"https:\/\/dicodusport.fr\/blog\/#\/schema\/logo\/image\/\",\"url\":\"https:\/\/dicodusport.fr\/blog\/wp-content\/uploads\/2020\/06\/cropped-LOGO-DICODUSPORT-2020-SANS-FOND-SANS-TEXTE.png\",\"contentUrl\":\"https:\/\/dicodusport.fr\/blog\/wp-content\/uploads\/2020\/06\/cropped-LOGO-DICODUSPORT-2020-SANS-FOND-SANS-TEXTE.png\",\"width\":512,\"height\":512,\"caption\":\"Dicodusport\"},\"image\":{\"@id\":\"https:\/\/dicodusport.fr\/blog\/#\/schema\/logo\/image\/\"},\"sameAs\":[\"https:\/\/www.facebook.com\/dicodusport\",\"https:\/\/x.com\/dicodusport\",\"https:\/\/www.instagram.com\/dicodusport\/\",\"https:\/\/www.youtube.com\/channel\/UC7V2KZ5sd3htJivAbA4ZG3w\"],\"description\":\"Dicodusport est l'encyclop\u00e9die de l'actualit\u00e9 sportive.\",\"email\":\"bonjour@dicodusport.fr\",\"legalName\":\"DICODUSPORT\",\"foundingDate\":\"2018-01-14\",\"vatID\":\"FR71834470973\",\"taxID\":\"83447097300043\",\"numberOfEmployees\":{\"@type\":\"QuantitativeValue\",\"minValue\":\"1\",\"maxValue\":\"10\"}},{\"@type\":\"Person\",\"@id\":\"https:\/\/dicodusport.fr\/blog\/#\/schema\/person\/cb02af4c173ce4a653b55e9baf388d4a\",\"name\":\"Flo Ostermann\",\"image\":{\"@type\":\"ImageObject\",\"inLanguage\":\"fr-FR\",\"@id\":\"https:\/\/dicodusport.fr\/blog\/#\/schema\/person\/image\/\",\"url\":\"https:\/\/dicodusport.fr\/blog\/wp-content\/uploads\/2021\/05\/Flo-Ostermann-150x150.jpg\",\"contentUrl\":\"https:\/\/dicodusport.fr\/blog\/wp-content\/uploads\/2021\/05\/Flo-Ostermann-150x150.jpg\",\"caption\":\"Flo Ostermann\"},\"description\":\"Journaliste\/R\u00e9dacteur depuis septembre 2015 - Mes premiers souvenirs dans le sport ? Les envol\u00e9es du Stade Toulousain et les duels Villeneuve-Schumacher et H\u00e4kkinen-Schumacher \u00e0 la fin des ann\u00e9es 90, la Coupe du monde de football en 1998, l\u2019exploit du XV de France face aux All Blacks en 1999, mais aussi Richard C\u0153ur de Lion qui vole sur les montagnes du Tour de France. Bien parti pour devenir professeur d\u2019EPS, les \u00e9v\u00e9nements de la vie (et la flemme d\u2019animer des s\u00e9ances de 3x500 m\u00e8tres toute ma vie) m\u2019ont conduit \u00e0 revoir mes plans. Me voil\u00e0 depuis fin 2017 sur Dicodusport, m\u00e9dia gr\u00e2ce (et pour) lequel je partage ma passion : le sport dans tous ses \u00e9tats. Le tout accompagn\u00e9 par les fous furieux et folles furieuses cit\u00e9s sur cette page !\",\"sameAs\":[\"https:\/\/www.facebook.com\/florent.ostermann\",\"https:\/\/x.com\/https:\/\/twitter.com\/FlOstermann\",\"admin\"],\"url\":\"https:\/\/dicodusport.fr\/blog\/author\/flo\/\"}]}<\/script>\n<!-- \/ Yoast SEO Premium plugin. -->","yoast_head_json":{"title":"Moto GP - Grand Prix de Catalogne 2020 : le programme TV complet","description":"MOTO GP - Huiti\u00e8me manche du championnat du monde 2020, avec le Grand Prix de Catalogne \u00e0 Barcelone. Le programme TV complet.","robots":{"index":"index","follow":"follow","max-snippet":"max-snippet:-1","max-image-preview":"max-image-preview:large","max-video-preview":"max-video-preview:-1"},"canonical":"https:\/\/dicodusport.fr\/blog\/moto-gp-grand-prix-de-catalogne-2020-programme-tv-complet\/","og_locale":"fr_FR","og_type":"article","og_title":"Moto GP - Grand Prix de Catalogne 2020 : le programme TV complet","og_description":"MOTO GP - Huiti\u00e8me manche du championnat du monde 2020, avec le Grand Prix de Catalogne \u00e0 Barcelone. Le programme TV complet.","og_url":"https:\/\/dicodusport.fr\/blog\/moto-gp-grand-prix-de-catalogne-2020-programme-tv-complet\/","og_site_name":"Dicodusport","article_publisher":"https:\/\/www.facebook.com\/dicodusport","article_author":"https:\/\/www.facebook.com\/florent.ostermann","article_published_time":"2020-09-23T06:41:56+00:00","og_image":[{"width":800,"height":445,"url":"https:\/\/dicodusport.fr\/blog\/wp-content\/uploads\/2020\/09\/Moto-GP-Grand-Prix-de-Catalogne-2020-Le-programme-TV-complet.png","type":"image\/png"}],"author":"Flo Ostermann","twitter_card":"summary_large_image","twitter_title":"Moto GP - Grand Prix de Catalogne 2020 : le programme TV complet","twitter_creator":"@https:\/\/twitter.com\/FlOstermann","twitter_site":"@dicodusport","schema":{"@context":"https:\/\/schema.org","@graph":[{"@type":"NewsArticle","@id":"https:\/\/dicodusport.fr\/blog\/moto-gp-grand-prix-de-catalogne-2020-programme-tv-complet\/#article","isPartOf":{"@id":"https:\/\/dicodusport.fr\/blog\/moto-gp-grand-prix-de-catalogne-2020-programme-tv-complet\/"},"author":{"name":"Flo Ostermann","@id":"https:\/\/dicodusport.fr\/blog\/#\/schema\/person\/cb02af4c173ce4a653b55e9baf388d4a"},"headline":"Moto GP &#8211; Grand Prix de Catalogne 2020 : le programme TV complet","datePublished":"2020-09-23T06:41:56+00:00","mainEntityOfPage":{"@id":"https:\/\/dicodusport.fr\/blog\/moto-gp-grand-prix-de-catalogne-2020-programme-tv-complet\/"},"wordCount":105,"commentCount":0,"publisher":{"@id":"https:\/\/dicodusport.fr\/blog\/#organization"},"image":{"@id":"https:\/\/dicodusport.fr\/blog\/moto-gp-grand-prix-de-catalogne-2020-programme-tv-complet\/#primaryimage"},"thumbnailUrl":"https:\/\/dicodusport.fr\/blog\/wp-content\/uploads\/2020\/09\/Moto-GP-Grand-Prix-de-Catalogne-2020-Le-programme-TV-complet.png","keywords":["Grand Prix de Catalogne","Moto GP"],"articleSection":["Moto"],"inLanguage":"fr-FR","potentialAction":[{"@type":"CommentAction","name":"Comment","target":["https:\/\/dicodusport.fr\/blog\/moto-gp-grand-prix-de-catalogne-2020-programme-tv-complet\/#respond"]}],"copyrightYear":"2020","copyrightHolder":{"@id":"https:\/\/dicodusport.fr\/blog\/#organization"}},{"@type":"WebPage","@id":"https:\/\/dicodusport.fr\/blog\/moto-gp-grand-prix-de-catalogne-2020-programme-tv-complet\/","url":"https:\/\/dicodusport.fr\/blog\/moto-gp-grand-prix-de-catalogne-2020-programme-tv-complet\/","name":"Moto GP - Grand Prix de Catalogne 2020 : le programme TV complet","isPartOf":{"@id":"https:\/\/dicodusport.fr\/blog\/#website"},"primaryImageOfPage":{"@id":"https:\/\/dicodusport.fr\/blog\/moto-gp-grand-prix-de-catalogne-2020-programme-tv-complet\/#primaryimage"},"image":{"@id":"https:\/\/dicodusport.fr\/blog\/moto-gp-grand-prix-de-catalogne-2020-programme-tv-complet\/#primaryimage"},"thumbnailUrl":"https:\/\/dicodusport.fr\/blog\/wp-content\/uploads\/2020\/09\/Moto-GP-Grand-Prix-de-Catalogne-2020-Le-programme-TV-complet.png","datePublished":"2020-09-23T06:41:56+00:00","description":"MOTO GP - Huiti\u00e8me manche du championnat du monde 2020, avec le Grand Prix de Catalogne \u00e0 Barcelone. Le programme TV complet.","breadcrumb":{"@id":"https:\/\/dicodusport.fr\/blog\/moto-gp-grand-prix-de-catalogne-2020-programme-tv-complet\/#breadcrumb"},"inLanguage":"fr-FR","potentialAction":[{"@type":"ReadAction","target":["https:\/\/dicodusport.fr\/blog\/moto-gp-grand-prix-de-catalogne-2020-programme-tv-complet\/"]}]},{"@type":"ImageObject","inLanguage":"fr-FR","@id":"https:\/\/dicodusport.fr\/blog\/moto-gp-grand-prix-de-catalogne-2020-programme-tv-complet\/#primaryimage","url":"https:\/\/dicodusport.fr\/blog\/wp-content\/uploads\/2020\/09\/Moto-GP-Grand-Prix-de-Catalogne-2020-Le-programme-TV-complet.png","contentUrl":"https:\/\/dicodusport.fr\/blog\/wp-content\/uploads\/2020\/09\/Moto-GP-Grand-Prix-de-Catalogne-2020-Le-programme-TV-complet.png","width":800,"height":445,"caption":"Moto GP - Grand Prix de Catalogne 2020 : le programme TV complet"},{"@type":"BreadcrumbList","@id":"https:\/\/dicodusport.fr\/blog\/moto-gp-grand-prix-de-catalogne-2020-programme-tv-complet\/#breadcrumb","itemListElement":[{"@type":"ListItem","position":1,"name":"Accueil","item":"https:\/\/dicodusport.fr\/blog\/"},{"@type":"ListItem","position":2,"name":"Moto GP &#8211; Grand Prix de Catalogne 2020 : le programme TV complet"}]},{"@type":"WebSite","@id":"https:\/\/dicodusport.fr\/blog\/#website","url":"https:\/\/dicodusport.fr\/blog\/","name":"Dicodusport","description":"L&#039;encyclop\u00e9die de l&#039;actualit\u00e9 sportive","publisher":{"@id":"https:\/\/dicodusport.fr\/blog\/#organization"},"potentialAction":[{"@type":"SearchAction","target":{"@type":"EntryPoint","urlTemplate":"https:\/\/dicodusport.fr\/blog\/?s={search_term_string}"},"query-input":{"@type":"PropertyValueSpecification","valueRequired":true,"valueName":"search_term_string"}}],"inLanguage":"fr-FR"},{"@type":"NewsMediaOrganization","@id":"https:\/\/dicodusport.fr\/blog\/#organization","name":"Dicodusport","url":"https:\/\/dicodusport.fr\/blog\/","logo":{"@type":"ImageObject","inLanguage":"fr-FR","@id":"https:\/\/dicodusport.fr\/blog\/#\/schema\/logo\/image\/","url":"https:\/\/dicodusport.fr\/blog\/wp-content\/uploads\/2020\/06\/cropped-LOGO-DICODUSPORT-2020-SANS-FOND-SANS-TEXTE.png","contentUrl":"https:\/\/dicodusport.fr\/blog\/wp-content\/uploads\/2020\/06\/cropped-LOGO-DICODUSPORT-2020-SANS-FOND-SANS-TEXTE.png","width":512,"height":512,"caption":"Dicodusport"},"image":{"@id":"https:\/\/dicodusport.fr\/blog\/#\/schema\/logo\/image\/"},"sameAs":["https:\/\/www.facebook.com\/dicodusport","https:\/\/x.com\/dicodusport","https:\/\/www.instagram.com\/dicodusport\/","https:\/\/www.youtube.com\/channel\/UC7V2KZ5sd3htJivAbA4ZG3w"],"description":"Dicodusport est l'encyclop\u00e9die de l'actualit\u00e9 sportive.","email":"bonjour@dicodusport.fr","legalName":"DICODUSPORT","foundingDate":"2018-01-14","vatID":"FR71834470973","taxID":"83447097300043","numberOfEmployees":{"@type":"QuantitativeValue","minValue":"1","maxValue":"10"}},{"@type":"Person","@id":"https:\/\/dicodusport.fr\/blog\/#\/schema\/person\/cb02af4c173ce4a653b55e9baf388d4a","name":"Flo Ostermann","image":{"@type":"ImageObject","inLanguage":"fr-FR","@id":"https:\/\/dicodusport.fr\/blog\/#\/schema\/person\/image\/","url":"https:\/\/dicodusport.fr\/blog\/wp-content\/uploads\/2021\/05\/Flo-Ostermann-150x150.jpg","contentUrl":"https:\/\/dicodusport.fr\/blog\/wp-content\/uploads\/2021\/05\/Flo-Ostermann-150x150.jpg","caption":"Flo Ostermann"},"description":"Journaliste\/R\u00e9dacteur depuis septembre 2015 - Mes premiers souvenirs dans le sport ? Les envol\u00e9es du Stade Toulousain et les duels Villeneuve-Schumacher et H\u00e4kkinen-Schumacher \u00e0 la fin des ann\u00e9es 90, la Coupe du monde de football en 1998, l\u2019exploit du XV de France face aux All Blacks en 1999, mais aussi Richard C\u0153ur de Lion qui vole sur les montagnes du Tour de France. Bien parti pour devenir professeur d\u2019EPS, les \u00e9v\u00e9nements de la vie (et la flemme d\u2019animer des s\u00e9ances de 3x500 m\u00e8tres toute ma vie) m\u2019ont conduit \u00e0 revoir mes plans. Me voil\u00e0 depuis fin 2017 sur Dicodusport, m\u00e9dia gr\u00e2ce (et pour) lequel je partage ma passion : le sport dans tous ses \u00e9tats. Le tout accompagn\u00e9 par les fous furieux et folles furieuses cit\u00e9s sur cette page !","sameAs":["https:\/\/www.facebook.com\/florent.ostermann","https:\/\/x.com\/https:\/\/twitter.com\/FlOstermann","admin"],"url":"https:\/\/dicodusport.fr\/blog\/author\/flo\/"}]}},"_links":{"self":[{"href":"https:\/\/dicodusport.fr\/blog\/wp-json\/wp\/v2\/posts\/79397","targetHints":{"allow":["GET"]}}],"collection":[{"href":"https:\/\/dicodusport.fr\/blog\/wp-json\/wp\/v2\/posts"}],"about":[{"href":"https:\/\/dicodusport.fr\/blog\/wp-json\/wp\/v2\/types\/post"}],"author":[{"embeddable":true,"href":"https:\/\/dicodusport.fr\/blog\/wp-json\/wp\/v2\/users\/4"}],"replies":[{"embeddable":true,"href":"https:\/\/dicodusport.fr\/blog\/wp-json\/wp\/v2\/comments?post=79397"}],"version-history":[{"count":0,"href":"https:\/\/dicodusport.fr\/blog\/wp-json\/wp\/v2\/posts\/79397\/revisions"}],"wp:featuredmedia":[{"embeddable":true,"href":"https:\/\/dicodusport.fr\/blog\/wp-json\/wp\/v2\/media\/79398"}],"wp:attachment":[{"href":"https:\/\/dicodusport.fr\/blog\/wp-json\/wp\/v2\/media?parent=79397"}],"wp:term":[{"taxonomy":"category","embeddable":true,"href":"https:\/\/dicodusport.fr\/blog\/wp-json\/wp\/v2\/categories?post=79397"},{"taxonomy":"post_tag","embeddable":true,"href":"https:\/\/dicodusport.fr\/blog\/wp-json\/wp\/v2\/tags?post=79397"}],"curies":[{"name":"wp","href":"https:\/\/api.w.org\/{rel}","templated":true}]}}