{"id":79434,"date":"2020-09-23T13:54:19","date_gmt":"2020-09-23T11:54:19","guid":{"rendered":"https:\/\/dicodusport.fr\/blog\/?p=79434&#038;preview=true&#038;preview_id=79434"},"modified":"2020-09-24T09:24:08","modified_gmt":"2020-09-24T07:24:08","slug":"cyclisme-championnats-du-monde-2020-profil-contre-la-montre","status":"publish","type":"post","link":"https:\/\/dicodusport.fr\/blog\/cyclisme-championnats-du-monde-2020-profil-contre-la-montre\/","title":{"rendered":"Cyclisme \u2013 Championnats du monde 2020 : Le profil du contre-la-montre"},"content":{"rendered":"<p style=\"text-align: justify;\"><a href=\"https:\/\/dicodusport.fr\/blog\/cyclisme-sur-route-2020-championnats-du-monde-2020-programme-complet\/\" target=\"_blank\" rel=\"noopener noreferrer\"><strong><em>CHAMPIONNATS DU MONDE SUR ROUTE \u2013 IMOLA 2020<\/em><\/strong><\/a> <strong><em>&#8211; Cette ann\u00e9e, femmes et hommes disputeront le contre-la-montre sur la m\u00eame distance (31,7 km), et le m\u00eame trac\u00e9. Le profil du chrono.<\/em><\/strong><\/p>\n<div id=\"attachment_79435\" style=\"width: 1410px\" class=\"wp-caption aligncenter\"><img loading=\"lazy\" decoding=\"async\" aria-describedby=\"caption-attachment-79435\" class=\"size-full wp-image-79435\" src=\"https:\/\/dicodusport.fr\/blog\/wp-content\/uploads\/2020\/09\/Cyclisme-Championnats-du-monde-2020-Le-profil-du-contre-la-montre.png\" alt=\"Cyclisme - Championnats du monde 2020 - Le profil du contre-la-montre\" width=\"1400\" height=\"825\" srcset=\"https:\/\/dicodusport.fr\/blog\/wp-content\/uploads\/2020\/09\/Cyclisme-Championnats-du-monde-2020-Le-profil-du-contre-la-montre.png 1400w, https:\/\/dicodusport.fr\/blog\/wp-content\/uploads\/2020\/09\/Cyclisme-Championnats-du-monde-2020-Le-profil-du-contre-la-montre-300x177.png 300w, https:\/\/dicodusport.fr\/blog\/wp-content\/uploads\/2020\/09\/Cyclisme-Championnats-du-monde-2020-Le-profil-du-contre-la-montre-1024x603.png 1024w, https:\/\/dicodusport.fr\/blog\/wp-content\/uploads\/2020\/09\/Cyclisme-Championnats-du-monde-2020-Le-profil-du-contre-la-montre-768x453.png 768w\" sizes=\"auto, (max-width: 1400px) 100vw, 1400px\" \/><p id=\"caption-attachment-79435\" class=\"wp-caption-text\">Cyclisme &#8211; Championnats du monde 2020 &#8211; Le profil du contre-la-montre &#8211; La Flamme Rouge<\/p><\/div>\n<ul>\n<li style=\"text-align: justify;\"><strong>\u00c0 lire aussi &#8211; <a href=\"https:\/\/dicodusport.fr\/blog\/cyclisme-championnats-du-monde-2020-contre-la-montre-femmes-ordre-et-horaires-de-depart\/\" target=\"_blank\" rel=\"noopener noreferrer\">Championnats du monde 2020 \u2013 Contre-la-montre femmes : Ordre et horaires de d\u00e9part<\/a><\/strong><\/li>\n<li style=\"text-align: justify;\"><strong>\u00c0 lire aussi &#8211;\u00a0<a href=\"https:\/\/dicodusport.fr\/blog\/cyclisme-championnats-du-monde-2020-contre-la-montre-femmes-nos-favorites\/\" target=\"_blank\" rel=\"noopener noreferrer\">Championnats du monde 2020 \u2013 Contre-la-montre femmes : nos favorites<\/a><\/strong><\/li>\n<li style=\"text-align: justify;\"><strong>\u00c0 lire aussi &#8211; <a href=\"https:\/\/dicodusport.fr\/blog\/cyclisme-championnats-du-monde-2020-programme-tv-complet\/\" target=\"_blank\" rel=\"noopener noreferrer\">Championnats du monde 2020 : le programme TV complet<\/a><\/strong><\/li>\n<\/ul>\n<p><strong><em>Dicodusport<br \/>\n<a href=\"https:\/\/www.facebook.com\/dicodusport\/\" target=\"_blank\" rel=\"noopener noreferrer\"><img loading=\"lazy\" decoding=\"async\" class=\"alignnone wp-image-2909\" src=\"http:\/\/dicodusport.fr\/blog\/wp-content\/uploads\/2017\/07\/logo-facebook-150x150.png\" alt=\"\" width=\"40\" height=\"40\" \/><\/a><a href=\"https:\/\/twitter.com\/dicodusport\" target=\"_blank\" rel=\"noopener noreferrer\"><img loading=\"lazy\" decoding=\"async\" class=\"alignnone wp-image-2908\" src=\"http:\/\/dicodusport.fr\/blog\/wp-content\/uploads\/2017\/07\/logo-twitter-150x150.png\" alt=\"\" width=\"39\" height=\"39\" \/><\/a><\/em><\/strong><\/p>\n","protected":false},"excerpt":{"rendered":"<p>CHAMPIONNATS DU MONDE SUR ROUTE \u2013 IMOLA 2020 &#8211; Cette ann\u00e9e, femmes et hommes disputeront le contre-la-montre sur la m\u00eame distance (31,7 km), et le m\u00eame trac\u00e9. Le profil du chrono.<\/p>\n","protected":false},"author":4,"featured_media":79436,"comment_status":"open","ping_status":"closed","sticky":false,"template":"","format":"standard","meta":{"_acf_changed":false,"_daextam_enable_autolinks":"","footnotes":""},"categories":[46994],"tags":[],"class_list":["post-79434","post","type-post","status-publish","format-standard","has-post-thumbnail","hentry","category-cyclisme-sur-route"],"acf":[],"yoast_head":"<!-- This site is optimized with the Yoast SEO Premium plugin v26.7 (Yoast SEO v26.7) - https:\/\/yoast.com\/wordpress\/plugins\/seo\/ -->\n<title>Cyclisme \u2013 Championnats du monde 2020 : Le profil du contre-la-montre<\/title>\n<meta name=\"description\" content=\"CHAMPIONNATS DU MONDE SUR ROUTE \u2013 IMOLA 2020 - Femmes et hommes disputeront le m\u00eame contre-la-montre (31,7 km). Le profil du chrono.\" \/>\n<meta name=\"robots\" content=\"index, follow, max-snippet:-1, max-image-preview:large, max-video-preview:-1\" \/>\n<link rel=\"canonical\" href=\"https:\/\/dicodusport.fr\/blog\/cyclisme-championnats-du-monde-2020-profil-contre-la-montre\/\" \/>\n<meta property=\"og:locale\" content=\"fr_FR\" \/>\n<meta property=\"og:type\" content=\"article\" \/>\n<meta property=\"og:title\" content=\"Cyclisme \u2013 Championnats du monde 2020 : Le profil du contre-la-montre\" \/>\n<meta property=\"og:description\" content=\"CHAMPIONNATS DU MONDE SUR ROUTE \u2013 IMOLA 2020 - Femmes et hommes disputeront le m\u00eame contre-la-montre (31,7 km). Le profil du chrono.\" \/>\n<meta property=\"og:url\" content=\"https:\/\/dicodusport.fr\/blog\/cyclisme-championnats-du-monde-2020-profil-contre-la-montre\/\" \/>\n<meta property=\"og:site_name\" content=\"Dicodusport\" \/>\n<meta property=\"article:publisher\" content=\"https:\/\/www.facebook.com\/dicodusport\" \/>\n<meta property=\"article:author\" content=\"https:\/\/www.facebook.com\/florent.ostermann\" \/>\n<meta property=\"article:published_time\" content=\"2020-09-23T11:54:19+00:00\" \/>\n<meta property=\"article:modified_time\" content=\"2020-09-24T07:24:08+00:00\" \/>\n<meta property=\"og:image\" content=\"https:\/\/dicodusport.fr\/blog\/wp-content\/uploads\/2020\/09\/Cyclisme-\u2013-Championnats-du-monde-2020-Le-profil-du-contre-la-montre.png\" \/>\n\t<meta property=\"og:image:width\" content=\"1200\" \/>\n\t<meta property=\"og:image:height\" content=\"670\" \/>\n\t<meta property=\"og:image:type\" content=\"image\/png\" \/>\n<meta name=\"author\" content=\"Flo Ostermann\" \/>\n<meta name=\"twitter:card\" content=\"summary_large_image\" \/>\n<meta name=\"twitter:title\" content=\"Cyclisme \u2013 Championnats du monde 2020 : Le profil du contre-la-montre\" \/>\n<meta name=\"twitter:creator\" content=\"@https:\/\/twitter.com\/FlOstermann\" \/>\n<meta name=\"twitter:site\" content=\"@dicodusport\" \/>\n<script type=\"application\/ld+json\" class=\"yoast-schema-graph\">{\"@context\":\"https:\/\/schema.org\",\"@graph\":[{\"@type\":\"NewsArticle\",\"@id\":\"https:\/\/dicodusport.fr\/blog\/cyclisme-championnats-du-monde-2020-profil-contre-la-montre\/#article\",\"isPartOf\":{\"@id\":\"https:\/\/dicodusport.fr\/blog\/cyclisme-championnats-du-monde-2020-profil-contre-la-montre\/\"},\"author\":{\"name\":\"Flo Ostermann\",\"@id\":\"https:\/\/dicodusport.fr\/blog\/#\/schema\/person\/cb02af4c173ce4a653b55e9baf388d4a\"},\"headline\":\"Cyclisme \u2013 Championnats du monde 2020 : Le profil du contre-la-montre\",\"datePublished\":\"2020-09-23T11:54:19+00:00\",\"dateModified\":\"2020-09-24T07:24:08+00:00\",\"mainEntityOfPage\":{\"@id\":\"https:\/\/dicodusport.fr\/blog\/cyclisme-championnats-du-monde-2020-profil-contre-la-montre\/\"},\"wordCount\":95,\"commentCount\":0,\"publisher\":{\"@id\":\"https:\/\/dicodusport.fr\/blog\/#organization\"},\"image\":{\"@id\":\"https:\/\/dicodusport.fr\/blog\/cyclisme-championnats-du-monde-2020-profil-contre-la-montre\/#primaryimage\"},\"thumbnailUrl\":\"https:\/\/dicodusport.fr\/blog\/wp-content\/uploads\/2020\/09\/Cyclisme-\u2013-Championnats-du-monde-2020-Le-profil-du-contre-la-montre.png\",\"articleSection\":[\"Cyclisme sur route\"],\"inLanguage\":\"fr-FR\",\"potentialAction\":[{\"@type\":\"CommentAction\",\"name\":\"Comment\",\"target\":[\"https:\/\/dicodusport.fr\/blog\/cyclisme-championnats-du-monde-2020-profil-contre-la-montre\/#respond\"]}],\"copyrightYear\":\"2020\",\"copyrightHolder\":{\"@id\":\"https:\/\/dicodusport.fr\/blog\/#organization\"}},{\"@type\":\"WebPage\",\"@id\":\"https:\/\/dicodusport.fr\/blog\/cyclisme-championnats-du-monde-2020-profil-contre-la-montre\/\",\"url\":\"https:\/\/dicodusport.fr\/blog\/cyclisme-championnats-du-monde-2020-profil-contre-la-montre\/\",\"name\":\"Cyclisme \u2013 Championnats du monde 2020 : Le profil du contre-la-montre\",\"isPartOf\":{\"@id\":\"https:\/\/dicodusport.fr\/blog\/#website\"},\"primaryImageOfPage\":{\"@id\":\"https:\/\/dicodusport.fr\/blog\/cyclisme-championnats-du-monde-2020-profil-contre-la-montre\/#primaryimage\"},\"image\":{\"@id\":\"https:\/\/dicodusport.fr\/blog\/cyclisme-championnats-du-monde-2020-profil-contre-la-montre\/#primaryimage\"},\"thumbnailUrl\":\"https:\/\/dicodusport.fr\/blog\/wp-content\/uploads\/2020\/09\/Cyclisme-\u2013-Championnats-du-monde-2020-Le-profil-du-contre-la-montre.png\",\"datePublished\":\"2020-09-23T11:54:19+00:00\",\"dateModified\":\"2020-09-24T07:24:08+00:00\",\"description\":\"CHAMPIONNATS DU MONDE SUR ROUTE \u2013 IMOLA 2020 - Femmes et hommes disputeront le m\u00eame contre-la-montre (31,7 km). Le profil du chrono.\",\"breadcrumb\":{\"@id\":\"https:\/\/dicodusport.fr\/blog\/cyclisme-championnats-du-monde-2020-profil-contre-la-montre\/#breadcrumb\"},\"inLanguage\":\"fr-FR\",\"potentialAction\":[{\"@type\":\"ReadAction\",\"target\":[\"https:\/\/dicodusport.fr\/blog\/cyclisme-championnats-du-monde-2020-profil-contre-la-montre\/\"]}]},{\"@type\":\"ImageObject\",\"inLanguage\":\"fr-FR\",\"@id\":\"https:\/\/dicodusport.fr\/blog\/cyclisme-championnats-du-monde-2020-profil-contre-la-montre\/#primaryimage\",\"url\":\"https:\/\/dicodusport.fr\/blog\/wp-content\/uploads\/2020\/09\/Cyclisme-\u2013-Championnats-du-monde-2020-Le-profil-du-contre-la-montre.png\",\"contentUrl\":\"https:\/\/dicodusport.fr\/blog\/wp-content\/uploads\/2020\/09\/Cyclisme-\u2013-Championnats-du-monde-2020-Le-profil-du-contre-la-montre.png\",\"width\":1200,\"height\":670,\"caption\":\"Cyclisme \u2013 Championnats du monde 2020 - Le profil du contre-la-montre\"},{\"@type\":\"BreadcrumbList\",\"@id\":\"https:\/\/dicodusport.fr\/blog\/cyclisme-championnats-du-monde-2020-profil-contre-la-montre\/#breadcrumb\",\"itemListElement\":[{\"@type\":\"ListItem\",\"position\":1,\"name\":\"Accueil\",\"item\":\"https:\/\/dicodusport.fr\/blog\/\"},{\"@type\":\"ListItem\",\"position\":2,\"name\":\"Cyclisme \u2013 Championnats du monde 2020 : Le profil du contre-la-montre\"}]},{\"@type\":\"WebSite\",\"@id\":\"https:\/\/dicodusport.fr\/blog\/#website\",\"url\":\"https:\/\/dicodusport.fr\/blog\/\",\"name\":\"Dicodusport\",\"description\":\"L&#039;encyclop\u00e9die de l&#039;actualit\u00e9 sportive\",\"publisher\":{\"@id\":\"https:\/\/dicodusport.fr\/blog\/#organization\"},\"potentialAction\":[{\"@type\":\"SearchAction\",\"target\":{\"@type\":\"EntryPoint\",\"urlTemplate\":\"https:\/\/dicodusport.fr\/blog\/?s={search_term_string}\"},\"query-input\":{\"@type\":\"PropertyValueSpecification\",\"valueRequired\":true,\"valueName\":\"search_term_string\"}}],\"inLanguage\":\"fr-FR\"},{\"@type\":\"NewsMediaOrganization\",\"@id\":\"https:\/\/dicodusport.fr\/blog\/#organization\",\"name\":\"Dicodusport\",\"url\":\"https:\/\/dicodusport.fr\/blog\/\",\"logo\":{\"@type\":\"ImageObject\",\"inLanguage\":\"fr-FR\",\"@id\":\"https:\/\/dicodusport.fr\/blog\/#\/schema\/logo\/image\/\",\"url\":\"https:\/\/dicodusport.fr\/blog\/wp-content\/uploads\/2020\/06\/cropped-LOGO-DICODUSPORT-2020-SANS-FOND-SANS-TEXTE.png\",\"contentUrl\":\"https:\/\/dicodusport.fr\/blog\/wp-content\/uploads\/2020\/06\/cropped-LOGO-DICODUSPORT-2020-SANS-FOND-SANS-TEXTE.png\",\"width\":512,\"height\":512,\"caption\":\"Dicodusport\"},\"image\":{\"@id\":\"https:\/\/dicodusport.fr\/blog\/#\/schema\/logo\/image\/\"},\"sameAs\":[\"https:\/\/www.facebook.com\/dicodusport\",\"https:\/\/x.com\/dicodusport\",\"https:\/\/www.instagram.com\/dicodusport\/\",\"https:\/\/www.youtube.com\/channel\/UC7V2KZ5sd3htJivAbA4ZG3w\"],\"description\":\"Dicodusport est l'encyclop\u00e9die de l'actualit\u00e9 sportive.\",\"email\":\"bonjour@dicodusport.fr\",\"legalName\":\"DICODUSPORT\",\"foundingDate\":\"2018-01-14\",\"vatID\":\"FR71834470973\",\"taxID\":\"83447097300043\",\"numberOfEmployees\":{\"@type\":\"QuantitativeValue\",\"minValue\":\"1\",\"maxValue\":\"10\"}},{\"@type\":\"Person\",\"@id\":\"https:\/\/dicodusport.fr\/blog\/#\/schema\/person\/cb02af4c173ce4a653b55e9baf388d4a\",\"name\":\"Flo Ostermann\",\"image\":{\"@type\":\"ImageObject\",\"inLanguage\":\"fr-FR\",\"@id\":\"https:\/\/dicodusport.fr\/blog\/#\/schema\/person\/image\/\",\"url\":\"https:\/\/dicodusport.fr\/blog\/wp-content\/uploads\/2021\/05\/Flo-Ostermann-150x150.jpg\",\"contentUrl\":\"https:\/\/dicodusport.fr\/blog\/wp-content\/uploads\/2021\/05\/Flo-Ostermann-150x150.jpg\",\"caption\":\"Flo Ostermann\"},\"description\":\"Journaliste\/R\u00e9dacteur depuis septembre 2015 - Mes premiers souvenirs dans le sport ? Les envol\u00e9es du Stade Toulousain et les duels Villeneuve-Schumacher et H\u00e4kkinen-Schumacher \u00e0 la fin des ann\u00e9es 90, la Coupe du monde de football en 1998, l\u2019exploit du XV de France face aux All Blacks en 1999, mais aussi Richard C\u0153ur de Lion qui vole sur les montagnes du Tour de France. Bien parti pour devenir professeur d\u2019EPS, les \u00e9v\u00e9nements de la vie (et la flemme d\u2019animer des s\u00e9ances de 3x500 m\u00e8tres toute ma vie) m\u2019ont conduit \u00e0 revoir mes plans. Me voil\u00e0 depuis fin 2017 sur Dicodusport, m\u00e9dia gr\u00e2ce (et pour) lequel je partage ma passion : le sport dans tous ses \u00e9tats. Le tout accompagn\u00e9 par les fous furieux et folles furieuses cit\u00e9s sur cette page !\",\"sameAs\":[\"https:\/\/www.facebook.com\/florent.ostermann\",\"https:\/\/x.com\/https:\/\/twitter.com\/FlOstermann\",\"admin\"],\"url\":\"https:\/\/dicodusport.fr\/blog\/author\/flo\/\"}]}<\/script>\n<!-- \/ Yoast SEO Premium plugin. -->","yoast_head_json":{"title":"Cyclisme \u2013 Championnats du monde 2020 : Le profil du contre-la-montre","description":"CHAMPIONNATS DU MONDE SUR ROUTE \u2013 IMOLA 2020 - Femmes et hommes disputeront le m\u00eame contre-la-montre (31,7 km). Le profil du chrono.","robots":{"index":"index","follow":"follow","max-snippet":"max-snippet:-1","max-image-preview":"max-image-preview:large","max-video-preview":"max-video-preview:-1"},"canonical":"https:\/\/dicodusport.fr\/blog\/cyclisme-championnats-du-monde-2020-profil-contre-la-montre\/","og_locale":"fr_FR","og_type":"article","og_title":"Cyclisme \u2013 Championnats du monde 2020 : Le profil du contre-la-montre","og_description":"CHAMPIONNATS DU MONDE SUR ROUTE \u2013 IMOLA 2020 - Femmes et hommes disputeront le m\u00eame contre-la-montre (31,7 km). Le profil du chrono.","og_url":"https:\/\/dicodusport.fr\/blog\/cyclisme-championnats-du-monde-2020-profil-contre-la-montre\/","og_site_name":"Dicodusport","article_publisher":"https:\/\/www.facebook.com\/dicodusport","article_author":"https:\/\/www.facebook.com\/florent.ostermann","article_published_time":"2020-09-23T11:54:19+00:00","article_modified_time":"2020-09-24T07:24:08+00:00","og_image":[{"width":1200,"height":670,"url":"https:\/\/dicodusport.fr\/blog\/wp-content\/uploads\/2020\/09\/Cyclisme-\u2013-Championnats-du-monde-2020-Le-profil-du-contre-la-montre.png","type":"image\/png"}],"author":"Flo Ostermann","twitter_card":"summary_large_image","twitter_title":"Cyclisme \u2013 Championnats du monde 2020 : Le profil du contre-la-montre","twitter_creator":"@https:\/\/twitter.com\/FlOstermann","twitter_site":"@dicodusport","schema":{"@context":"https:\/\/schema.org","@graph":[{"@type":"NewsArticle","@id":"https:\/\/dicodusport.fr\/blog\/cyclisme-championnats-du-monde-2020-profil-contre-la-montre\/#article","isPartOf":{"@id":"https:\/\/dicodusport.fr\/blog\/cyclisme-championnats-du-monde-2020-profil-contre-la-montre\/"},"author":{"name":"Flo Ostermann","@id":"https:\/\/dicodusport.fr\/blog\/#\/schema\/person\/cb02af4c173ce4a653b55e9baf388d4a"},"headline":"Cyclisme \u2013 Championnats du monde 2020 : Le profil du contre-la-montre","datePublished":"2020-09-23T11:54:19+00:00","dateModified":"2020-09-24T07:24:08+00:00","mainEntityOfPage":{"@id":"https:\/\/dicodusport.fr\/blog\/cyclisme-championnats-du-monde-2020-profil-contre-la-montre\/"},"wordCount":95,"commentCount":0,"publisher":{"@id":"https:\/\/dicodusport.fr\/blog\/#organization"},"image":{"@id":"https:\/\/dicodusport.fr\/blog\/cyclisme-championnats-du-monde-2020-profil-contre-la-montre\/#primaryimage"},"thumbnailUrl":"https:\/\/dicodusport.fr\/blog\/wp-content\/uploads\/2020\/09\/Cyclisme-\u2013-Championnats-du-monde-2020-Le-profil-du-contre-la-montre.png","articleSection":["Cyclisme sur route"],"inLanguage":"fr-FR","potentialAction":[{"@type":"CommentAction","name":"Comment","target":["https:\/\/dicodusport.fr\/blog\/cyclisme-championnats-du-monde-2020-profil-contre-la-montre\/#respond"]}],"copyrightYear":"2020","copyrightHolder":{"@id":"https:\/\/dicodusport.fr\/blog\/#organization"}},{"@type":"WebPage","@id":"https:\/\/dicodusport.fr\/blog\/cyclisme-championnats-du-monde-2020-profil-contre-la-montre\/","url":"https:\/\/dicodusport.fr\/blog\/cyclisme-championnats-du-monde-2020-profil-contre-la-montre\/","name":"Cyclisme \u2013 Championnats du monde 2020 : Le profil du contre-la-montre","isPartOf":{"@id":"https:\/\/dicodusport.fr\/blog\/#website"},"primaryImageOfPage":{"@id":"https:\/\/dicodusport.fr\/blog\/cyclisme-championnats-du-monde-2020-profil-contre-la-montre\/#primaryimage"},"image":{"@id":"https:\/\/dicodusport.fr\/blog\/cyclisme-championnats-du-monde-2020-profil-contre-la-montre\/#primaryimage"},"thumbnailUrl":"https:\/\/dicodusport.fr\/blog\/wp-content\/uploads\/2020\/09\/Cyclisme-\u2013-Championnats-du-monde-2020-Le-profil-du-contre-la-montre.png","datePublished":"2020-09-23T11:54:19+00:00","dateModified":"2020-09-24T07:24:08+00:00","description":"CHAMPIONNATS DU MONDE SUR ROUTE \u2013 IMOLA 2020 - Femmes et hommes disputeront le m\u00eame contre-la-montre (31,7 km). Le profil du chrono.","breadcrumb":{"@id":"https:\/\/dicodusport.fr\/blog\/cyclisme-championnats-du-monde-2020-profil-contre-la-montre\/#breadcrumb"},"inLanguage":"fr-FR","potentialAction":[{"@type":"ReadAction","target":["https:\/\/dicodusport.fr\/blog\/cyclisme-championnats-du-monde-2020-profil-contre-la-montre\/"]}]},{"@type":"ImageObject","inLanguage":"fr-FR","@id":"https:\/\/dicodusport.fr\/blog\/cyclisme-championnats-du-monde-2020-profil-contre-la-montre\/#primaryimage","url":"https:\/\/dicodusport.fr\/blog\/wp-content\/uploads\/2020\/09\/Cyclisme-\u2013-Championnats-du-monde-2020-Le-profil-du-contre-la-montre.png","contentUrl":"https:\/\/dicodusport.fr\/blog\/wp-content\/uploads\/2020\/09\/Cyclisme-\u2013-Championnats-du-monde-2020-Le-profil-du-contre-la-montre.png","width":1200,"height":670,"caption":"Cyclisme \u2013 Championnats du monde 2020 - Le profil du contre-la-montre"},{"@type":"BreadcrumbList","@id":"https:\/\/dicodusport.fr\/blog\/cyclisme-championnats-du-monde-2020-profil-contre-la-montre\/#breadcrumb","itemListElement":[{"@type":"ListItem","position":1,"name":"Accueil","item":"https:\/\/dicodusport.fr\/blog\/"},{"@type":"ListItem","position":2,"name":"Cyclisme \u2013 Championnats du monde 2020 : Le profil du contre-la-montre"}]},{"@type":"WebSite","@id":"https:\/\/dicodusport.fr\/blog\/#website","url":"https:\/\/dicodusport.fr\/blog\/","name":"Dicodusport","description":"L&#039;encyclop\u00e9die de l&#039;actualit\u00e9 sportive","publisher":{"@id":"https:\/\/dicodusport.fr\/blog\/#organization"},"potentialAction":[{"@type":"SearchAction","target":{"@type":"EntryPoint","urlTemplate":"https:\/\/dicodusport.fr\/blog\/?s={search_term_string}"},"query-input":{"@type":"PropertyValueSpecification","valueRequired":true,"valueName":"search_term_string"}}],"inLanguage":"fr-FR"},{"@type":"NewsMediaOrganization","@id":"https:\/\/dicodusport.fr\/blog\/#organization","name":"Dicodusport","url":"https:\/\/dicodusport.fr\/blog\/","logo":{"@type":"ImageObject","inLanguage":"fr-FR","@id":"https:\/\/dicodusport.fr\/blog\/#\/schema\/logo\/image\/","url":"https:\/\/dicodusport.fr\/blog\/wp-content\/uploads\/2020\/06\/cropped-LOGO-DICODUSPORT-2020-SANS-FOND-SANS-TEXTE.png","contentUrl":"https:\/\/dicodusport.fr\/blog\/wp-content\/uploads\/2020\/06\/cropped-LOGO-DICODUSPORT-2020-SANS-FOND-SANS-TEXTE.png","width":512,"height":512,"caption":"Dicodusport"},"image":{"@id":"https:\/\/dicodusport.fr\/blog\/#\/schema\/logo\/image\/"},"sameAs":["https:\/\/www.facebook.com\/dicodusport","https:\/\/x.com\/dicodusport","https:\/\/www.instagram.com\/dicodusport\/","https:\/\/www.youtube.com\/channel\/UC7V2KZ5sd3htJivAbA4ZG3w"],"description":"Dicodusport est l'encyclop\u00e9die de l'actualit\u00e9 sportive.","email":"bonjour@dicodusport.fr","legalName":"DICODUSPORT","foundingDate":"2018-01-14","vatID":"FR71834470973","taxID":"83447097300043","numberOfEmployees":{"@type":"QuantitativeValue","minValue":"1","maxValue":"10"}},{"@type":"Person","@id":"https:\/\/dicodusport.fr\/blog\/#\/schema\/person\/cb02af4c173ce4a653b55e9baf388d4a","name":"Flo Ostermann","image":{"@type":"ImageObject","inLanguage":"fr-FR","@id":"https:\/\/dicodusport.fr\/blog\/#\/schema\/person\/image\/","url":"https:\/\/dicodusport.fr\/blog\/wp-content\/uploads\/2021\/05\/Flo-Ostermann-150x150.jpg","contentUrl":"https:\/\/dicodusport.fr\/blog\/wp-content\/uploads\/2021\/05\/Flo-Ostermann-150x150.jpg","caption":"Flo Ostermann"},"description":"Journaliste\/R\u00e9dacteur depuis septembre 2015 - Mes premiers souvenirs dans le sport ? Les envol\u00e9es du Stade Toulousain et les duels Villeneuve-Schumacher et H\u00e4kkinen-Schumacher \u00e0 la fin des ann\u00e9es 90, la Coupe du monde de football en 1998, l\u2019exploit du XV de France face aux All Blacks en 1999, mais aussi Richard C\u0153ur de Lion qui vole sur les montagnes du Tour de France. Bien parti pour devenir professeur d\u2019EPS, les \u00e9v\u00e9nements de la vie (et la flemme d\u2019animer des s\u00e9ances de 3x500 m\u00e8tres toute ma vie) m\u2019ont conduit \u00e0 revoir mes plans. Me voil\u00e0 depuis fin 2017 sur Dicodusport, m\u00e9dia gr\u00e2ce (et pour) lequel je partage ma passion : le sport dans tous ses \u00e9tats. Le tout accompagn\u00e9 par les fous furieux et folles furieuses cit\u00e9s sur cette page !","sameAs":["https:\/\/www.facebook.com\/florent.ostermann","https:\/\/x.com\/https:\/\/twitter.com\/FlOstermann","admin"],"url":"https:\/\/dicodusport.fr\/blog\/author\/flo\/"}]}},"_links":{"self":[{"href":"https:\/\/dicodusport.fr\/blog\/wp-json\/wp\/v2\/posts\/79434","targetHints":{"allow":["GET"]}}],"collection":[{"href":"https:\/\/dicodusport.fr\/blog\/wp-json\/wp\/v2\/posts"}],"about":[{"href":"https:\/\/dicodusport.fr\/blog\/wp-json\/wp\/v2\/types\/post"}],"author":[{"embeddable":true,"href":"https:\/\/dicodusport.fr\/blog\/wp-json\/wp\/v2\/users\/4"}],"replies":[{"embeddable":true,"href":"https:\/\/dicodusport.fr\/blog\/wp-json\/wp\/v2\/comments?post=79434"}],"version-history":[{"count":0,"href":"https:\/\/dicodusport.fr\/blog\/wp-json\/wp\/v2\/posts\/79434\/revisions"}],"wp:featuredmedia":[{"embeddable":true,"href":"https:\/\/dicodusport.fr\/blog\/wp-json\/wp\/v2\/media\/79436"}],"wp:attachment":[{"href":"https:\/\/dicodusport.fr\/blog\/wp-json\/wp\/v2\/media?parent=79434"}],"wp:term":[{"taxonomy":"category","embeddable":true,"href":"https:\/\/dicodusport.fr\/blog\/wp-json\/wp\/v2\/categories?post=79434"},{"taxonomy":"post_tag","embeddable":true,"href":"https:\/\/dicodusport.fr\/blog\/wp-json\/wp\/v2\/tags?post=79434"}],"curies":[{"name":"wp","href":"https:\/\/api.w.org\/{rel}","templated":true}]}}