{"id":79484,"date":"2020-09-23T20:45:45","date_gmt":"2020-09-23T18:45:45","guid":{"rendered":"https:\/\/dicodusport.fr\/blog\/?p=79484&#038;preview=true&#038;preview_id=79484"},"modified":"2020-09-24T09:26:01","modified_gmt":"2020-09-24T07:26:01","slug":"cyclisme-championnats-du-monde-2020-contre-la-montre-femmes-ordre-et-horaires-de-depart","status":"publish","type":"post","link":"https:\/\/dicodusport.fr\/blog\/cyclisme-championnats-du-monde-2020-contre-la-montre-femmes-ordre-et-horaires-de-depart\/","title":{"rendered":"Championnats du monde 2020 &#8211; Contre-la-montre femmes : Ordre et horaires de d\u00e9part"},"content":{"rendered":"<p style=\"text-align: justify;\"><strong><em><a href=\"https:\/\/dicodusport.fr\/blog\/cyclisme-sur-route-2020-championnats-du-monde-2020-programme-complet\/\" target=\"_blank\" rel=\"noopener noreferrer\">CHAMPIONNATS DU MONDE SUR ROUTE &#8211; IMOLA 2020<\/a> &#8211; Ce jeudi se d\u00e9roule le contre-la-montre femmes des Mondiaux. D\u00e9couvrez l&rsquo;ordre et les horaires de d\u00e9part.<\/em><\/strong><\/p>\n<table class=\"basic \" style=\"width: 800px;\">\n<tbody>\n<tr class=\" \">\n<td class=\" \">1<\/td>\n<td class=\" \">14:40:00<\/td>\n<td class=\" \">\u00a0<span class=\"uppercase\">JOSEPH<\/span>\u00a0Amber<\/td>\n<td class=\" \">Barbade<\/td>\n<\/tr>\n<tr class=\" \">\n<td class=\" \">2<\/td>\n<td class=\" \">14:41:30<\/td>\n<td class=\" \">\u00a0<span class=\"uppercase\">P\u00c1LSD\u00d3TTIR<\/span>\u00a0Margr\u00e9t<\/td>\n<td class=\" \">Islande<\/td>\n<\/tr>\n<tr class=\" \">\n<td class=\" \">3<\/td>\n<td class=\" \">14:43:00<\/td>\n<td class=\" \">\u00a0<span class=\"uppercase\">MACHACOVA<\/span>\u00a0Jarmila<\/td>\n<td class=\" \">R\u00e9publique Tch\u00e8que<\/td>\n<\/tr>\n<tr class=\" \">\n<td class=\" \">4<\/td>\n<td class=\" \">14:44:30<\/td>\n<td class=\" \">\u00a0<span class=\"uppercase\">KONONENKO<\/span>\u00a0Valeriya<\/td>\n<td class=\" \">Ukraine<\/td>\n<\/tr>\n<tr class=\" \">\n<td class=\" \">5<\/td>\n<td class=\" \">14:46:00<\/td>\n<td class=\" \">\u00a0<span class=\"uppercase\">HARVEY<\/span>\u00a0Mikayla<\/td>\n<td class=\" \">Nouvelle-Z\u00e9lande<\/td>\n<\/tr>\n<tr class=\" \">\n<td class=\" \">6<\/td>\n<td class=\" \">14:47:30<\/td>\n<td class=\" \">\u00a0<span class=\"uppercase\">DUYCK<\/span>\u00a0Ann-Sophie<\/td>\n<td class=\" \">Belgique<\/td>\n<\/tr>\n<tr class=\" \">\n<td class=\" \">7<\/td>\n<td class=\" \">14:49:00<\/td>\n<td class=\" \">\u00a0<span class=\"uppercase\">MARTIN<\/span>\u00a0Sara<\/td>\n<td class=\" \">Espagne<\/td>\n<\/tr>\n<tr class=\" \">\n<td class=\" \">8<\/td>\n<td class=\" \">14:50:30<\/td>\n<td class=\" \">\u00a0<span class=\"uppercase\">BANKS<\/span>\u00a0Elizabeth<\/td>\n<td class=\" \">Grande-Bretagne<\/td>\n<\/tr>\n<tr class=\" \">\n<td class=\" \">9<\/td>\n<td class=\" \">14:52:00<\/td>\n<td class=\" \">\u00a0<span class=\"uppercase\">NORSGAARD<\/span>\u00a0Emma Cecilie<\/td>\n<td class=\" \">Danemark<\/td>\n<\/tr>\n<tr class=\" \">\n<td class=\" \">10<\/td>\n<td class=\" \">14:53:30<\/td>\n<td class=\" \">\u00a0<span class=\"uppercase\">CANUEL<\/span>\u00a0Karol-Ann<\/td>\n<td class=\" \">Canada<\/td>\n<\/tr>\n<tr class=\" \">\n<td class=\" \">11<\/td>\n<td class=\" \">14:55:00<\/td>\n<td class=\" \">\u00a0<span class=\"uppercase\">CORDON-RAGOT<\/span>\u00a0Audrey<\/td>\n<td class=\" \">France<\/td>\n<\/tr>\n<tr class=\" \">\n<td class=\" \">12<\/td>\n<td class=\" \">14:56:30<\/td>\n<td class=\" \">\u00a0<span class=\"uppercase\">GUAZZINI<\/span>\u00a0Vittoria<\/td>\n<td class=\" \">Italie<\/td>\n<\/tr>\n<tr class=\" \">\n<td class=\" \">13<\/td>\n<td class=\" \">14:58:00<\/td>\n<td class=\" \">\u00a0<span class=\"uppercase\">KR\u00d6GER<\/span>\u00a0Mieke<\/td>\n<td class=\" \">Allemagne<\/td>\n<\/tr>\n<tr class=\" \">\n<td class=\" \">14<\/td>\n<td class=\" \">14:59:30<\/td>\n<td class=\" \">\u00a0<span class=\"uppercase\">ES-SAD<\/span>\u00a0Siham<\/td>\n<td class=\" \">Maroc<\/td>\n<\/tr>\n<tr class=\" \">\n<td class=\" \">15<\/td>\n<td class=\" \">15:01:00<\/td>\n<td class=\" \">\u00a0<span class=\"uppercase\">GEBRU<\/span>\u00a0Eyeru Tesfoam<\/td>\n<td class=\" \">\u00c9thiopie<\/td>\n<\/tr>\n<tr class=\" \">\n<td class=\" \">16<\/td>\n<td class=\" \">15:02:30<\/td>\n<td class=\" \">\u00a0<span class=\"uppercase\">YAPURA<\/span>\u00a0Fernanda<\/td>\n<td class=\" \">Argentine<\/td>\n<\/tr>\n<tr class=\" \">\n<td class=\" \">17<\/td>\n<td class=\" \">15:04:00<\/td>\n<td class=\" \">\u00a0<span class=\"uppercase\">RO\u017dLAPA<\/span>\u00a0Dana<\/td>\n<td class=\" \">Lettonie<\/td>\n<\/tr>\n<tr class=\" \">\n<td class=\" \">18<\/td>\n<td class=\" \">15:05:30<\/td>\n<td class=\" \">\u00a0<span class=\"uppercase\">YONAMINE<\/span>\u00a0Eri<\/td>\n<td class=\" \">Japon<\/td>\n<\/tr>\n<tr class=\" \">\n<td class=\" \">19<\/td>\n<td class=\" \">15:07:00<\/td>\n<td class=\" \">\u00a0<span class=\"uppercase\">GAFINOVITZ<\/span>\u00a0Rotem<\/td>\n<td class=\" \">Isra\u00ebl<\/td>\n<\/tr>\n<tr class=\" \">\n<td class=\" \">20<\/td>\n<td class=\" \">15:08:30<\/td>\n<td class=\" \">\u00a0<span class=\"uppercase\">STEPHENS<\/span>\u00a0Lauren<\/td>\n<td class=\" \">USA<\/td>\n<\/tr>\n<tr class=\" \">\n<td class=\" \">21<\/td>\n<td class=\" \">15:10:00<\/td>\n<td class=\" \">\u00a0<span class=\"uppercase\">CAMPBELL<\/span>\u00a0Teniel<\/td>\n<td class=\" \">Trinidad et Tobago<\/td>\n<\/tr>\n<tr class=\" \">\n<td class=\" \">22<\/td>\n<td class=\" \">15:11:30<\/td>\n<td class=\" \">\u00a0<span class=\"uppercase\">BJORNSD\u00d3TTIR<\/span>\u00a0Agusta Edda<\/td>\n<td class=\" \">Islande<\/td>\n<\/tr>\n<tr class=\" \">\n<td class=\" \">23<\/td>\n<td class=\" \">15:13:00<\/td>\n<td class=\" \">\u00a0<span class=\"uppercase\">KORVASOV\u00c1<\/span>\u00a0Tereza<\/td>\n<td class=\" \">R\u00e9publique Tch\u00e8que<\/td>\n<\/tr>\n<tr class=\" \">\n<td class=\" \">24<\/td>\n<td class=\" \">15:14:30<\/td>\n<td class=\" \">\u00a0<span class=\"uppercase\">GEDRAITYT\u0116<\/span>\u00a0Akvil\u0117<\/td>\n<td class=\" \">Lituanie<\/td>\n<\/tr>\n<tr class=\" \">\n<td class=\" \">25<\/td>\n<td class=\" \">15:16:00<\/td>\n<td class=\" \">\u00a0<span class=\"uppercase\">FABER<\/span>\u00a0Claire<\/td>\n<td class=\" \">Luxembourg<\/td>\n<\/tr>\n<tr class=\" \">\n<td class=\" \">26<\/td>\n<td class=\" \">15:17:30<\/td>\n<td class=\" \">\u00a0<span class=\"uppercase\">JONKER<\/span>\u00a0Kerry<\/td>\n<td class=\" \">Afrique du Sud<\/td>\n<\/tr>\n<tr class=\" \">\n<td class=\" \">27<\/td>\n<td class=\" \">15:19:00<\/td>\n<td class=\" \">\u00a0<span class=\"uppercase\">SHEKEL<\/span>\u00a0Olga<\/td>\n<td class=\" \">Ukraine<\/td>\n<\/tr>\n<tr class=\" \">\n<td class=\" \">28<\/td>\n<td class=\" \">15:20:30<\/td>\n<td class=\" \">\u00a0<span class=\"uppercase\">BUJAK<\/span>\u00a0Eugenia<\/td>\n<td class=\" \">Slov\u00e9nie<\/td>\n<\/tr>\n<tr class=\" \">\n<td class=\" \">29<\/td>\n<td class=\" \">15:22:00<\/td>\n<td class=\" \">\u00a0<span class=\"uppercase\">SIERRA<\/span>\u00a0Arlenis<\/td>\n<td class=\" \">Cuba<\/td>\n<\/tr>\n<tr class=\" \">\n<td class=\" \">30<\/td>\n<td class=\" \">15:23:30<\/td>\n<td class=\" \">\u00a0<span class=\"uppercase\">WILLIAMS<\/span>\u00a0Georgia<\/td>\n<td class=\" \">Nouvelle-Z\u00e9lande<\/td>\n<\/tr>\n<tr class=\" \">\n<td class=\" \">31<\/td>\n<td class=\" \">15:25:00<\/td>\n<td class=\" \">\u00a0<span class=\"uppercase\">VAN DE VEL<\/span>\u00a0Sara<\/td>\n<td class=\" \">Belgique<\/td>\n<\/tr>\n<tr class=\" \">\n<td class=\" \">32<\/td>\n<td class=\" \">15:26:30<\/td>\n<td class=\" \">\u00a0<span class=\"uppercase\">OYARBIDE<\/span>\u00a0Lourdes<\/td>\n<td class=\" \">Espagne<\/td>\n<\/tr>\n<tr class=\" \">\n<td class=\" \">33<\/td>\n<td class=\" \">15:28:00<\/td>\n<td class=\" \">\u00a0<span class=\"uppercase\">BROWN<\/span>\u00a0Grace<\/td>\n<td class=\" \">Australie<\/td>\n<\/tr>\n<tr class=\" \">\n<td class=\" \">34<\/td>\n<td class=\" \">15:29:30<\/td>\n<td class=\" \">\u00a0<span class=\"uppercase\">KIESENHOFER<\/span>\u00a0Anna<\/td>\n<td class=\" \">Autriche<\/td>\n<\/tr>\n<tr class=\" \">\n<td class=\" \">35<\/td>\n<td class=\" \">15:31:00<\/td>\n<td class=\" \">\u00a0<span class=\"uppercase\">BARNES<\/span>\u00a0Alice<\/td>\n<td class=\" \">Grande-Bretagne<\/td>\n<\/tr>\n<tr class=\" \">\n<td class=\" \">36<\/td>\n<td class=\" \">15:32:30<\/td>\n<td class=\" \">\u00a0<span class=\"uppercase\">MATHIESEN<\/span>\u00a0Pernille<\/td>\n<td class=\" \">Danemark<\/td>\n<\/tr>\n<tr class=\" \">\n<td class=\" \">37<\/td>\n<td class=\" \">15:34:00<\/td>\n<td class=\" \">\u00a0<span class=\"uppercase\">SOTO<\/span>\u00a0Catalina Anais<\/td>\n<td class=\" \">Chili<\/td>\n<\/tr>\n<tr class=\" \">\n<td class=\" \">38<\/td>\n<td class=\" \">15:35:30<\/td>\n<td class=\" \">\u00a0<span class=\"uppercase\">NORD\u00c9N<\/span>\u00a0Lisa<\/td>\n<td class=\" \">Su\u00e8de<\/td>\n<\/tr>\n<tr class=\" \">\n<td class=\" \">39<\/td>\n<td class=\" \">15:37:00<\/td>\n<td class=\" \">\u00a0<span class=\"uppercase\">KIRCHMANN<\/span>\u00a0Leah<\/td>\n<td class=\" \">Canada<\/td>\n<\/tr>\n<tr class=\" \">\n<td class=\" \">40<\/td>\n<td class=\" \">15:38:30<\/td>\n<td class=\" \">\u00a0<span class=\"uppercase\">GAREEVA<\/span>\u00a0Aigul<\/td>\n<td class=\" \">Russie<\/td>\n<\/tr>\n<tr class=\" \">\n<td class=\" \">41<\/td>\n<td class=\" \">15:40:00<\/td>\n<td class=\" \">\u00a0<span class=\"uppercase\">VAN DIJK<\/span>\u00a0Ellen<\/td>\n<td class=\" \">Pays-Bas<\/td>\n<\/tr>\n<tr class=\" \">\n<td class=\" \">42<\/td>\n<td class=\" \">15:41:30<\/td>\n<td class=\" \">\u00a0<span class=\"uppercase\">NEBEN<\/span>\u00a0Amber<\/td>\n<td class=\" \">USA<\/td>\n<\/tr>\n<tr class=\" \">\n<td class=\" \">43<\/td>\n<td class=\" \">15:43:00<\/td>\n<td class=\" \">\u00a0<span class=\"uppercase\">ZABELINSKAYA<\/span>\u00a0Olga<\/td>\n<td class=\" \">Ouzb\u00e9kistan<\/td>\n<\/tr>\n<tr class=\" \">\n<td class=\" \">44<\/td>\n<td class=\" \">15:44:30<\/td>\n<td class=\" \">\u00a0<span class=\"uppercase\">PLICHTA<\/span>\u00a0Anna<\/td>\n<td class=\" \">Pologne<\/td>\n<\/tr>\n<tr class=\" \">\n<td class=\" \">45<\/td>\n<td class=\" \">15:46:00<\/td>\n<td class=\" \">\u00a0<span class=\"uppercase\">LABOUS<\/span>\u00a0Juliette<\/td>\n<td class=\" \">France<\/td>\n<\/tr>\n<tr class=\" \">\n<td class=\" \">46<\/td>\n<td class=\" \">15:47:30<\/td>\n<td class=\" \">\u00a0<span class=\"uppercase\">BUSSI<\/span>\u00a0Vittoria<\/td>\n<td class=\" \">Italie<\/td>\n<\/tr>\n<tr class=\" \">\n<td class=\" \">47<\/td>\n<td class=\" \">15:49:00<\/td>\n<td class=\" \">\u00a0<span class=\"uppercase\">AMIALIUSIK<\/span>\u00a0Alena<\/td>\n<td class=\" \">Bi\u00e9lorussie<\/td>\n<\/tr>\n<tr class=\" \">\n<td class=\" \">48<\/td>\n<td class=\" \">15:50:30<\/td>\n<td class=\" \">\u00a0<span class=\"uppercase\">BRENNAUER<\/span>\u00a0Lisa<\/td>\n<td class=\" \">Allemagne<\/td>\n<\/tr>\n<tr class=\" \">\n<td class=\" \">49<\/td>\n<td class=\" \">15:52:00<\/td>\n<td class=\" \">\u00a0<span class=\"uppercase\">REUSSER<\/span>\u00a0Marlen<\/td>\n<td class=\" \">Suisse<\/td>\n<\/tr>\n<tr class=\" \">\n<td class=\" \">50<\/td>\n<td class=\" \">15:53:30<\/td>\n<td class=\" \">\u00a0<span class=\"uppercase\">VAN DER BREGGEN<\/span>\u00a0Anna<\/td>\n<td class=\" \">Pays-Bas<\/td>\n<\/tr>\n<tr class=\" \">\n<td class=\" \">51<\/td>\n<td class=\" \">15:55:00<\/td>\n<td class=\" \">\u00a0<span class=\"uppercase\">DYGERT-OWEN<\/span>\u00a0Chloe<\/td>\n<td class=\" \">USA<\/td>\n<\/tr>\n<\/tbody>\n<\/table>\n<ul>\n<li style=\"text-align: justify;\"><strong>\u00c0 lire aussi &#8211; <a href=\"https:\/\/dicodusport.fr\/blog\/cyclisme-championnats-du-monde-2020-contre-la-montre-femmes-ordre-et-horaires-de-depart\/\" target=\"_blank\" rel=\"noopener noreferrer\">Championnats du monde 2020 : Le profil du contre-la-montre<\/a><\/strong><\/li>\n<li><strong>\u00c0 lire aussi &#8211; <a href=\"https:\/\/dicodusport.fr\/blog\/cyclisme-championnats-du-monde-2020-contre-la-montre-femmes-nos-favorites\/\" target=\"_blank\" rel=\"noopener noreferrer\">Championnats du monde 2020 \u2013 Contre-la-montre femmes : nos favorites<\/a><\/strong><\/li>\n<\/ul>\n<p><strong><em>Dicodusport<br \/>\n<a href=\"https:\/\/www.facebook.com\/dicodusport\/\" target=\"_blank\" rel=\"noopener noreferrer\"><img loading=\"lazy\" decoding=\"async\" class=\"alignnone wp-image-2909\" src=\"http:\/\/dicodusport.fr\/blog\/wp-content\/uploads\/2017\/07\/logo-facebook-150x150.png\" alt=\"\" width=\"40\" height=\"40\" \/><\/a><a href=\"https:\/\/twitter.com\/dicodusport\" target=\"_blank\" rel=\"noopener noreferrer\"><img loading=\"lazy\" decoding=\"async\" class=\"alignnone wp-image-2908\" src=\"http:\/\/dicodusport.fr\/blog\/wp-content\/uploads\/2017\/07\/logo-twitter-150x150.png\" alt=\"\" width=\"39\" height=\"39\" \/><\/a><\/em><\/strong><\/p>\n","protected":false},"excerpt":{"rendered":"<p>CHAMPIONNATS DU MONDE SUR ROUTE &#8211; IMOLA 2020 &#8211; Ce jeudi se d\u00e9roule le contre-la-montre femmes des Mondiaux. D\u00e9couvrez l&rsquo;ordre et les horaires de d\u00e9part.<\/p>\n","protected":false},"author":4,"featured_media":79495,"comment_status":"open","ping_status":"closed","sticky":false,"template":"","format":"standard","meta":{"_acf_changed":false,"_daextam_enable_autolinks":"","footnotes":""},"categories":[46994],"tags":[],"class_list":["post-79484","post","type-post","status-publish","format-standard","has-post-thumbnail","hentry","category-cyclisme-sur-route"],"acf":[],"yoast_head":"<!-- This site is optimized with the Yoast SEO Premium plugin v26.7 (Yoast SEO v26.7) - https:\/\/yoast.com\/wordpress\/plugins\/seo\/ -->\n<title>Championnats du monde 2020 - Contre-la-montre femmes : Ordre et horaires de d\u00e9part<\/title>\n<meta name=\"description\" content=\"CHAMPIONNATS DU MONDE SUR ROUTE - IMOLA 2020 - D\u00e9couvrez l&#039;ordre et les horaires de d\u00e9part du contre-la-montre dames des Mondiaux.\" \/>\n<meta name=\"robots\" content=\"index, follow, max-snippet:-1, max-image-preview:large, max-video-preview:-1\" \/>\n<link rel=\"canonical\" href=\"https:\/\/dicodusport.fr\/blog\/cyclisme-championnats-du-monde-2020-contre-la-montre-femmes-ordre-et-horaires-de-depart\/\" \/>\n<meta property=\"og:locale\" content=\"fr_FR\" \/>\n<meta property=\"og:type\" content=\"article\" \/>\n<meta property=\"og:title\" content=\"Championnats du monde 2020 : Ordre et horaires de d\u00e9part du contre-la-montre femmes\" \/>\n<meta property=\"og:description\" content=\"CHAMPIONNATS DU MONDE SUR ROUTE - IMOLA 2020 - D\u00e9couvrez l&#039;ordre et les horaires de d\u00e9part du contre-la-montre dames des Mondiaux.\" \/>\n<meta property=\"og:url\" content=\"https:\/\/dicodusport.fr\/blog\/cyclisme-championnats-du-monde-2020-contre-la-montre-femmes-ordre-et-horaires-de-depart\/\" \/>\n<meta property=\"og:site_name\" content=\"Dicodusport\" \/>\n<meta property=\"article:publisher\" content=\"https:\/\/www.facebook.com\/dicodusport\" \/>\n<meta property=\"article:author\" content=\"https:\/\/www.facebook.com\/florent.ostermann\" \/>\n<meta property=\"article:published_time\" content=\"2020-09-23T18:45:45+00:00\" \/>\n<meta property=\"article:modified_time\" content=\"2020-09-24T07:26:01+00:00\" \/>\n<meta property=\"og:image\" content=\"https:\/\/dicodusport.fr\/blog\/wp-content\/uploads\/2020\/09\/Championnats-du-monde-2020-Contre-la-montre-femmes-Ordre-et-horaires-de-d\u00e9part.png\" \/>\n\t<meta property=\"og:image:width\" content=\"800\" \/>\n\t<meta property=\"og:image:height\" content=\"445\" \/>\n\t<meta property=\"og:image:type\" content=\"image\/png\" \/>\n<meta name=\"author\" content=\"Flo Ostermann\" \/>\n<meta name=\"twitter:card\" content=\"summary_large_image\" \/>\n<meta name=\"twitter:title\" content=\"Championnats du monde 2020 : Ordre et horaires de d\u00e9part du contre-la-montre femmes\" \/>\n<meta name=\"twitter:creator\" content=\"@https:\/\/twitter.com\/FlOstermann\" \/>\n<meta name=\"twitter:site\" content=\"@dicodusport\" \/>\n<script type=\"application\/ld+json\" class=\"yoast-schema-graph\">{\"@context\":\"https:\/\/schema.org\",\"@graph\":[{\"@type\":\"NewsArticle\",\"@id\":\"https:\/\/dicodusport.fr\/blog\/cyclisme-championnats-du-monde-2020-contre-la-montre-femmes-ordre-et-horaires-de-depart\/#article\",\"isPartOf\":{\"@id\":\"https:\/\/dicodusport.fr\/blog\/cyclisme-championnats-du-monde-2020-contre-la-montre-femmes-ordre-et-horaires-de-depart\/\"},\"author\":{\"name\":\"Flo Ostermann\",\"@id\":\"https:\/\/dicodusport.fr\/blog\/#\/schema\/person\/cb02af4c173ce4a653b55e9baf388d4a\"},\"headline\":\"Championnats du monde 2020 &#8211; Contre-la-montre femmes : Ordre et horaires de d\u00e9part\",\"datePublished\":\"2020-09-23T18:45:45+00:00\",\"dateModified\":\"2020-09-24T07:26:01+00:00\",\"mainEntityOfPage\":{\"@id\":\"https:\/\/dicodusport.fr\/blog\/cyclisme-championnats-du-monde-2020-contre-la-montre-femmes-ordre-et-horaires-de-depart\/\"},\"wordCount\":247,\"commentCount\":0,\"publisher\":{\"@id\":\"https:\/\/dicodusport.fr\/blog\/#organization\"},\"image\":{\"@id\":\"https:\/\/dicodusport.fr\/blog\/cyclisme-championnats-du-monde-2020-contre-la-montre-femmes-ordre-et-horaires-de-depart\/#primaryimage\"},\"thumbnailUrl\":\"https:\/\/dicodusport.fr\/blog\/wp-content\/uploads\/2020\/09\/Championnats-du-monde-2020-Contre-la-montre-femmes-Ordre-et-horaires-de-d\u00e9part.png\",\"articleSection\":[\"Cyclisme sur route\"],\"inLanguage\":\"fr-FR\",\"potentialAction\":[{\"@type\":\"CommentAction\",\"name\":\"Comment\",\"target\":[\"https:\/\/dicodusport.fr\/blog\/cyclisme-championnats-du-monde-2020-contre-la-montre-femmes-ordre-et-horaires-de-depart\/#respond\"]}],\"copyrightYear\":\"2020\",\"copyrightHolder\":{\"@id\":\"https:\/\/dicodusport.fr\/blog\/#organization\"}},{\"@type\":\"WebPage\",\"@id\":\"https:\/\/dicodusport.fr\/blog\/cyclisme-championnats-du-monde-2020-contre-la-montre-femmes-ordre-et-horaires-de-depart\/\",\"url\":\"https:\/\/dicodusport.fr\/blog\/cyclisme-championnats-du-monde-2020-contre-la-montre-femmes-ordre-et-horaires-de-depart\/\",\"name\":\"Championnats du monde 2020 - Contre-la-montre femmes : Ordre et horaires de d\u00e9part\",\"isPartOf\":{\"@id\":\"https:\/\/dicodusport.fr\/blog\/#website\"},\"primaryImageOfPage\":{\"@id\":\"https:\/\/dicodusport.fr\/blog\/cyclisme-championnats-du-monde-2020-contre-la-montre-femmes-ordre-et-horaires-de-depart\/#primaryimage\"},\"image\":{\"@id\":\"https:\/\/dicodusport.fr\/blog\/cyclisme-championnats-du-monde-2020-contre-la-montre-femmes-ordre-et-horaires-de-depart\/#primaryimage\"},\"thumbnailUrl\":\"https:\/\/dicodusport.fr\/blog\/wp-content\/uploads\/2020\/09\/Championnats-du-monde-2020-Contre-la-montre-femmes-Ordre-et-horaires-de-d\u00e9part.png\",\"datePublished\":\"2020-09-23T18:45:45+00:00\",\"dateModified\":\"2020-09-24T07:26:01+00:00\",\"description\":\"CHAMPIONNATS DU MONDE SUR ROUTE - IMOLA 2020 - D\u00e9couvrez l'ordre et les horaires de d\u00e9part du contre-la-montre dames des Mondiaux.\",\"breadcrumb\":{\"@id\":\"https:\/\/dicodusport.fr\/blog\/cyclisme-championnats-du-monde-2020-contre-la-montre-femmes-ordre-et-horaires-de-depart\/#breadcrumb\"},\"inLanguage\":\"fr-FR\",\"potentialAction\":[{\"@type\":\"ReadAction\",\"target\":[\"https:\/\/dicodusport.fr\/blog\/cyclisme-championnats-du-monde-2020-contre-la-montre-femmes-ordre-et-horaires-de-depart\/\"]}]},{\"@type\":\"ImageObject\",\"inLanguage\":\"fr-FR\",\"@id\":\"https:\/\/dicodusport.fr\/blog\/cyclisme-championnats-du-monde-2020-contre-la-montre-femmes-ordre-et-horaires-de-depart\/#primaryimage\",\"url\":\"https:\/\/dicodusport.fr\/blog\/wp-content\/uploads\/2020\/09\/Championnats-du-monde-2020-Contre-la-montre-femmes-Ordre-et-horaires-de-d\u00e9part.png\",\"contentUrl\":\"https:\/\/dicodusport.fr\/blog\/wp-content\/uploads\/2020\/09\/Championnats-du-monde-2020-Contre-la-montre-femmes-Ordre-et-horaires-de-d\u00e9part.png\",\"width\":800,\"height\":445,\"caption\":\"Championnats du monde 2020 - Contre-la-montre femmes : Ordre et horaires de d\u00e9part\"},{\"@type\":\"BreadcrumbList\",\"@id\":\"https:\/\/dicodusport.fr\/blog\/cyclisme-championnats-du-monde-2020-contre-la-montre-femmes-ordre-et-horaires-de-depart\/#breadcrumb\",\"itemListElement\":[{\"@type\":\"ListItem\",\"position\":1,\"name\":\"Accueil\",\"item\":\"https:\/\/dicodusport.fr\/blog\/\"},{\"@type\":\"ListItem\",\"position\":2,\"name\":\"Championnats du monde 2020 &#8211; Contre-la-montre femmes : Ordre et horaires de d\u00e9part\"}]},{\"@type\":\"WebSite\",\"@id\":\"https:\/\/dicodusport.fr\/blog\/#website\",\"url\":\"https:\/\/dicodusport.fr\/blog\/\",\"name\":\"Dicodusport\",\"description\":\"L&#039;encyclop\u00e9die de l&#039;actualit\u00e9 sportive\",\"publisher\":{\"@id\":\"https:\/\/dicodusport.fr\/blog\/#organization\"},\"potentialAction\":[{\"@type\":\"SearchAction\",\"target\":{\"@type\":\"EntryPoint\",\"urlTemplate\":\"https:\/\/dicodusport.fr\/blog\/?s={search_term_string}\"},\"query-input\":{\"@type\":\"PropertyValueSpecification\",\"valueRequired\":true,\"valueName\":\"search_term_string\"}}],\"inLanguage\":\"fr-FR\"},{\"@type\":\"NewsMediaOrganization\",\"@id\":\"https:\/\/dicodusport.fr\/blog\/#organization\",\"name\":\"Dicodusport\",\"url\":\"https:\/\/dicodusport.fr\/blog\/\",\"logo\":{\"@type\":\"ImageObject\",\"inLanguage\":\"fr-FR\",\"@id\":\"https:\/\/dicodusport.fr\/blog\/#\/schema\/logo\/image\/\",\"url\":\"https:\/\/dicodusport.fr\/blog\/wp-content\/uploads\/2020\/06\/cropped-LOGO-DICODUSPORT-2020-SANS-FOND-SANS-TEXTE.png\",\"contentUrl\":\"https:\/\/dicodusport.fr\/blog\/wp-content\/uploads\/2020\/06\/cropped-LOGO-DICODUSPORT-2020-SANS-FOND-SANS-TEXTE.png\",\"width\":512,\"height\":512,\"caption\":\"Dicodusport\"},\"image\":{\"@id\":\"https:\/\/dicodusport.fr\/blog\/#\/schema\/logo\/image\/\"},\"sameAs\":[\"https:\/\/www.facebook.com\/dicodusport\",\"https:\/\/x.com\/dicodusport\",\"https:\/\/www.instagram.com\/dicodusport\/\",\"https:\/\/www.youtube.com\/channel\/UC7V2KZ5sd3htJivAbA4ZG3w\"],\"description\":\"Dicodusport est l'encyclop\u00e9die de l'actualit\u00e9 sportive.\",\"email\":\"bonjour@dicodusport.fr\",\"legalName\":\"DICODUSPORT\",\"foundingDate\":\"2018-01-14\",\"vatID\":\"FR71834470973\",\"taxID\":\"83447097300043\",\"numberOfEmployees\":{\"@type\":\"QuantitativeValue\",\"minValue\":\"1\",\"maxValue\":\"10\"}},{\"@type\":\"Person\",\"@id\":\"https:\/\/dicodusport.fr\/blog\/#\/schema\/person\/cb02af4c173ce4a653b55e9baf388d4a\",\"name\":\"Flo Ostermann\",\"image\":{\"@type\":\"ImageObject\",\"inLanguage\":\"fr-FR\",\"@id\":\"https:\/\/dicodusport.fr\/blog\/#\/schema\/person\/image\/\",\"url\":\"https:\/\/dicodusport.fr\/blog\/wp-content\/uploads\/2021\/05\/Flo-Ostermann-150x150.jpg\",\"contentUrl\":\"https:\/\/dicodusport.fr\/blog\/wp-content\/uploads\/2021\/05\/Flo-Ostermann-150x150.jpg\",\"caption\":\"Flo Ostermann\"},\"description\":\"Journaliste\/R\u00e9dacteur depuis septembre 2015 - Mes premiers souvenirs dans le sport ? Les envol\u00e9es du Stade Toulousain et les duels Villeneuve-Schumacher et H\u00e4kkinen-Schumacher \u00e0 la fin des ann\u00e9es 90, la Coupe du monde de football en 1998, l\u2019exploit du XV de France face aux All Blacks en 1999, mais aussi Richard C\u0153ur de Lion qui vole sur les montagnes du Tour de France. Bien parti pour devenir professeur d\u2019EPS, les \u00e9v\u00e9nements de la vie (et la flemme d\u2019animer des s\u00e9ances de 3x500 m\u00e8tres toute ma vie) m\u2019ont conduit \u00e0 revoir mes plans. Me voil\u00e0 depuis fin 2017 sur Dicodusport, m\u00e9dia gr\u00e2ce (et pour) lequel je partage ma passion : le sport dans tous ses \u00e9tats. Le tout accompagn\u00e9 par les fous furieux et folles furieuses cit\u00e9s sur cette page !\",\"sameAs\":[\"https:\/\/www.facebook.com\/florent.ostermann\",\"https:\/\/x.com\/https:\/\/twitter.com\/FlOstermann\",\"admin\"],\"url\":\"https:\/\/dicodusport.fr\/blog\/author\/flo\/\"}]}<\/script>\n<!-- \/ Yoast SEO Premium plugin. -->","yoast_head_json":{"title":"Championnats du monde 2020 - Contre-la-montre femmes : Ordre et horaires de d\u00e9part","description":"CHAMPIONNATS DU MONDE SUR ROUTE - IMOLA 2020 - D\u00e9couvrez l'ordre et les horaires de d\u00e9part du contre-la-montre dames des Mondiaux.","robots":{"index":"index","follow":"follow","max-snippet":"max-snippet:-1","max-image-preview":"max-image-preview:large","max-video-preview":"max-video-preview:-1"},"canonical":"https:\/\/dicodusport.fr\/blog\/cyclisme-championnats-du-monde-2020-contre-la-montre-femmes-ordre-et-horaires-de-depart\/","og_locale":"fr_FR","og_type":"article","og_title":"Championnats du monde 2020 : Ordre et horaires de d\u00e9part du contre-la-montre femmes","og_description":"CHAMPIONNATS DU MONDE SUR ROUTE - IMOLA 2020 - D\u00e9couvrez l'ordre et les horaires de d\u00e9part du contre-la-montre dames des Mondiaux.","og_url":"https:\/\/dicodusport.fr\/blog\/cyclisme-championnats-du-monde-2020-contre-la-montre-femmes-ordre-et-horaires-de-depart\/","og_site_name":"Dicodusport","article_publisher":"https:\/\/www.facebook.com\/dicodusport","article_author":"https:\/\/www.facebook.com\/florent.ostermann","article_published_time":"2020-09-23T18:45:45+00:00","article_modified_time":"2020-09-24T07:26:01+00:00","og_image":[{"width":800,"height":445,"url":"https:\/\/dicodusport.fr\/blog\/wp-content\/uploads\/2020\/09\/Championnats-du-monde-2020-Contre-la-montre-femmes-Ordre-et-horaires-de-d\u00e9part.png","type":"image\/png"}],"author":"Flo Ostermann","twitter_card":"summary_large_image","twitter_title":"Championnats du monde 2020 : Ordre et horaires de d\u00e9part du contre-la-montre femmes","twitter_creator":"@https:\/\/twitter.com\/FlOstermann","twitter_site":"@dicodusport","schema":{"@context":"https:\/\/schema.org","@graph":[{"@type":"NewsArticle","@id":"https:\/\/dicodusport.fr\/blog\/cyclisme-championnats-du-monde-2020-contre-la-montre-femmes-ordre-et-horaires-de-depart\/#article","isPartOf":{"@id":"https:\/\/dicodusport.fr\/blog\/cyclisme-championnats-du-monde-2020-contre-la-montre-femmes-ordre-et-horaires-de-depart\/"},"author":{"name":"Flo Ostermann","@id":"https:\/\/dicodusport.fr\/blog\/#\/schema\/person\/cb02af4c173ce4a653b55e9baf388d4a"},"headline":"Championnats du monde 2020 &#8211; Contre-la-montre femmes : Ordre et horaires de d\u00e9part","datePublished":"2020-09-23T18:45:45+00:00","dateModified":"2020-09-24T07:26:01+00:00","mainEntityOfPage":{"@id":"https:\/\/dicodusport.fr\/blog\/cyclisme-championnats-du-monde-2020-contre-la-montre-femmes-ordre-et-horaires-de-depart\/"},"wordCount":247,"commentCount":0,"publisher":{"@id":"https:\/\/dicodusport.fr\/blog\/#organization"},"image":{"@id":"https:\/\/dicodusport.fr\/blog\/cyclisme-championnats-du-monde-2020-contre-la-montre-femmes-ordre-et-horaires-de-depart\/#primaryimage"},"thumbnailUrl":"https:\/\/dicodusport.fr\/blog\/wp-content\/uploads\/2020\/09\/Championnats-du-monde-2020-Contre-la-montre-femmes-Ordre-et-horaires-de-d\u00e9part.png","articleSection":["Cyclisme sur route"],"inLanguage":"fr-FR","potentialAction":[{"@type":"CommentAction","name":"Comment","target":["https:\/\/dicodusport.fr\/blog\/cyclisme-championnats-du-monde-2020-contre-la-montre-femmes-ordre-et-horaires-de-depart\/#respond"]}],"copyrightYear":"2020","copyrightHolder":{"@id":"https:\/\/dicodusport.fr\/blog\/#organization"}},{"@type":"WebPage","@id":"https:\/\/dicodusport.fr\/blog\/cyclisme-championnats-du-monde-2020-contre-la-montre-femmes-ordre-et-horaires-de-depart\/","url":"https:\/\/dicodusport.fr\/blog\/cyclisme-championnats-du-monde-2020-contre-la-montre-femmes-ordre-et-horaires-de-depart\/","name":"Championnats du monde 2020 - Contre-la-montre femmes : Ordre et horaires de d\u00e9part","isPartOf":{"@id":"https:\/\/dicodusport.fr\/blog\/#website"},"primaryImageOfPage":{"@id":"https:\/\/dicodusport.fr\/blog\/cyclisme-championnats-du-monde-2020-contre-la-montre-femmes-ordre-et-horaires-de-depart\/#primaryimage"},"image":{"@id":"https:\/\/dicodusport.fr\/blog\/cyclisme-championnats-du-monde-2020-contre-la-montre-femmes-ordre-et-horaires-de-depart\/#primaryimage"},"thumbnailUrl":"https:\/\/dicodusport.fr\/blog\/wp-content\/uploads\/2020\/09\/Championnats-du-monde-2020-Contre-la-montre-femmes-Ordre-et-horaires-de-d\u00e9part.png","datePublished":"2020-09-23T18:45:45+00:00","dateModified":"2020-09-24T07:26:01+00:00","description":"CHAMPIONNATS DU MONDE SUR ROUTE - IMOLA 2020 - D\u00e9couvrez l'ordre et les horaires de d\u00e9part du contre-la-montre dames des Mondiaux.","breadcrumb":{"@id":"https:\/\/dicodusport.fr\/blog\/cyclisme-championnats-du-monde-2020-contre-la-montre-femmes-ordre-et-horaires-de-depart\/#breadcrumb"},"inLanguage":"fr-FR","potentialAction":[{"@type":"ReadAction","target":["https:\/\/dicodusport.fr\/blog\/cyclisme-championnats-du-monde-2020-contre-la-montre-femmes-ordre-et-horaires-de-depart\/"]}]},{"@type":"ImageObject","inLanguage":"fr-FR","@id":"https:\/\/dicodusport.fr\/blog\/cyclisme-championnats-du-monde-2020-contre-la-montre-femmes-ordre-et-horaires-de-depart\/#primaryimage","url":"https:\/\/dicodusport.fr\/blog\/wp-content\/uploads\/2020\/09\/Championnats-du-monde-2020-Contre-la-montre-femmes-Ordre-et-horaires-de-d\u00e9part.png","contentUrl":"https:\/\/dicodusport.fr\/blog\/wp-content\/uploads\/2020\/09\/Championnats-du-monde-2020-Contre-la-montre-femmes-Ordre-et-horaires-de-d\u00e9part.png","width":800,"height":445,"caption":"Championnats du monde 2020 - Contre-la-montre femmes : Ordre et horaires de d\u00e9part"},{"@type":"BreadcrumbList","@id":"https:\/\/dicodusport.fr\/blog\/cyclisme-championnats-du-monde-2020-contre-la-montre-femmes-ordre-et-horaires-de-depart\/#breadcrumb","itemListElement":[{"@type":"ListItem","position":1,"name":"Accueil","item":"https:\/\/dicodusport.fr\/blog\/"},{"@type":"ListItem","position":2,"name":"Championnats du monde 2020 &#8211; Contre-la-montre femmes : Ordre et horaires de d\u00e9part"}]},{"@type":"WebSite","@id":"https:\/\/dicodusport.fr\/blog\/#website","url":"https:\/\/dicodusport.fr\/blog\/","name":"Dicodusport","description":"L&#039;encyclop\u00e9die de l&#039;actualit\u00e9 sportive","publisher":{"@id":"https:\/\/dicodusport.fr\/blog\/#organization"},"potentialAction":[{"@type":"SearchAction","target":{"@type":"EntryPoint","urlTemplate":"https:\/\/dicodusport.fr\/blog\/?s={search_term_string}"},"query-input":{"@type":"PropertyValueSpecification","valueRequired":true,"valueName":"search_term_string"}}],"inLanguage":"fr-FR"},{"@type":"NewsMediaOrganization","@id":"https:\/\/dicodusport.fr\/blog\/#organization","name":"Dicodusport","url":"https:\/\/dicodusport.fr\/blog\/","logo":{"@type":"ImageObject","inLanguage":"fr-FR","@id":"https:\/\/dicodusport.fr\/blog\/#\/schema\/logo\/image\/","url":"https:\/\/dicodusport.fr\/blog\/wp-content\/uploads\/2020\/06\/cropped-LOGO-DICODUSPORT-2020-SANS-FOND-SANS-TEXTE.png","contentUrl":"https:\/\/dicodusport.fr\/blog\/wp-content\/uploads\/2020\/06\/cropped-LOGO-DICODUSPORT-2020-SANS-FOND-SANS-TEXTE.png","width":512,"height":512,"caption":"Dicodusport"},"image":{"@id":"https:\/\/dicodusport.fr\/blog\/#\/schema\/logo\/image\/"},"sameAs":["https:\/\/www.facebook.com\/dicodusport","https:\/\/x.com\/dicodusport","https:\/\/www.instagram.com\/dicodusport\/","https:\/\/www.youtube.com\/channel\/UC7V2KZ5sd3htJivAbA4ZG3w"],"description":"Dicodusport est l'encyclop\u00e9die de l'actualit\u00e9 sportive.","email":"bonjour@dicodusport.fr","legalName":"DICODUSPORT","foundingDate":"2018-01-14","vatID":"FR71834470973","taxID":"83447097300043","numberOfEmployees":{"@type":"QuantitativeValue","minValue":"1","maxValue":"10"}},{"@type":"Person","@id":"https:\/\/dicodusport.fr\/blog\/#\/schema\/person\/cb02af4c173ce4a653b55e9baf388d4a","name":"Flo Ostermann","image":{"@type":"ImageObject","inLanguage":"fr-FR","@id":"https:\/\/dicodusport.fr\/blog\/#\/schema\/person\/image\/","url":"https:\/\/dicodusport.fr\/blog\/wp-content\/uploads\/2021\/05\/Flo-Ostermann-150x150.jpg","contentUrl":"https:\/\/dicodusport.fr\/blog\/wp-content\/uploads\/2021\/05\/Flo-Ostermann-150x150.jpg","caption":"Flo Ostermann"},"description":"Journaliste\/R\u00e9dacteur depuis septembre 2015 - Mes premiers souvenirs dans le sport ? Les envol\u00e9es du Stade Toulousain et les duels Villeneuve-Schumacher et H\u00e4kkinen-Schumacher \u00e0 la fin des ann\u00e9es 90, la Coupe du monde de football en 1998, l\u2019exploit du XV de France face aux All Blacks en 1999, mais aussi Richard C\u0153ur de Lion qui vole sur les montagnes du Tour de France. Bien parti pour devenir professeur d\u2019EPS, les \u00e9v\u00e9nements de la vie (et la flemme d\u2019animer des s\u00e9ances de 3x500 m\u00e8tres toute ma vie) m\u2019ont conduit \u00e0 revoir mes plans. Me voil\u00e0 depuis fin 2017 sur Dicodusport, m\u00e9dia gr\u00e2ce (et pour) lequel je partage ma passion : le sport dans tous ses \u00e9tats. Le tout accompagn\u00e9 par les fous furieux et folles furieuses cit\u00e9s sur cette page !","sameAs":["https:\/\/www.facebook.com\/florent.ostermann","https:\/\/x.com\/https:\/\/twitter.com\/FlOstermann","admin"],"url":"https:\/\/dicodusport.fr\/blog\/author\/flo\/"}]}},"_links":{"self":[{"href":"https:\/\/dicodusport.fr\/blog\/wp-json\/wp\/v2\/posts\/79484","targetHints":{"allow":["GET"]}}],"collection":[{"href":"https:\/\/dicodusport.fr\/blog\/wp-json\/wp\/v2\/posts"}],"about":[{"href":"https:\/\/dicodusport.fr\/blog\/wp-json\/wp\/v2\/types\/post"}],"author":[{"embeddable":true,"href":"https:\/\/dicodusport.fr\/blog\/wp-json\/wp\/v2\/users\/4"}],"replies":[{"embeddable":true,"href":"https:\/\/dicodusport.fr\/blog\/wp-json\/wp\/v2\/comments?post=79484"}],"version-history":[{"count":0,"href":"https:\/\/dicodusport.fr\/blog\/wp-json\/wp\/v2\/posts\/79484\/revisions"}],"wp:featuredmedia":[{"embeddable":true,"href":"https:\/\/dicodusport.fr\/blog\/wp-json\/wp\/v2\/media\/79495"}],"wp:attachment":[{"href":"https:\/\/dicodusport.fr\/blog\/wp-json\/wp\/v2\/media?parent=79484"}],"wp:term":[{"taxonomy":"category","embeddable":true,"href":"https:\/\/dicodusport.fr\/blog\/wp-json\/wp\/v2\/categories?post=79484"},{"taxonomy":"post_tag","embeddable":true,"href":"https:\/\/dicodusport.fr\/blog\/wp-json\/wp\/v2\/tags?post=79484"}],"curies":[{"name":"wp","href":"https:\/\/api.w.org\/{rel}","templated":true}]}}