{"id":79577,"date":"2020-09-24T17:48:14","date_gmt":"2020-09-24T15:48:14","guid":{"rendered":"https:\/\/dicodusport.fr\/blog\/?p=79577"},"modified":"2020-10-01T19:49:44","modified_gmt":"2020-10-01T17:49:44","slug":"edouard-mendy-a-chelsea-histoire-ascension-eclair","status":"publish","type":"post","link":"https:\/\/dicodusport.fr\/blog\/edouard-mendy-a-chelsea-histoire-ascension-eclair\/","title":{"rendered":"Edouard Mendy \u00e0 Chelsea, l&rsquo;histoire d&rsquo;une ascension \u00e9clair"},"content":{"rendered":"<p style=\"text-align: justify;\"><em><strong>Le gardien du Stade Rennais, Edouard Mendy (28 ans) s\u2019est engag\u00e9 avec Chelsea cette semaine. Une transaction de 24 millions \u20ac (+ 6M\u20ac de bonus) et un contrat de 5 ans. Arriv\u00e9 l\u2019\u00e9t\u00e9 dernier de Reims pour 4 millions \u20ac, le portier s\u00e9n\u00e9galais arrive en Angleterre au sommet d\u2019une carri\u00e8re \u00e0 la trajectoire \u00e9tonnante.<\/strong><\/em><\/p>\n<h2 style=\"text-align: justify;\">Du Havre \u00e0 Marseille, jusqu\u2019\u00e0 Londres<\/h2>\n<p style=\"text-align: justify;\">Apr\u00e8s<b> Petr Cech<\/b> en 2004, il est le deuxi\u00e8me gardien rennais \u00e0 rejoindre <b>Chelsea<\/b>. On souhaite \u00e0 <b>Edouard Mendy<\/b> exactement la m\u00eame r\u00e9ussite que son pr\u00e9d\u00e9cesseur sur ses 5 prochaines ann\u00e9es en terres londoniennes. Apr\u00e8s une saison 2017-2018 ponctu\u00e9e du titre de Champion de Ligue 2 pour Reims, le natif de Montivilliers dans la banlieue du Havre aura mis tout le monde d\u2019accord en une saison et demie de Ligue 1. Tant avec le <b>Stade de Reims<\/b> qu\u2019avec le <b>Stade Rennais<\/b>.<\/p>\n<p style=\"text-align: justify;\">A <b>Chelsea<\/b>, <b>Mendy<\/b> aura la lourde t\u00e2che de succ\u00e9der ou de concurrencer le gardien espagnol <b>Kepa Arrizabalaga<\/b>. Ce dernier est arriv\u00e9 en 2018 pour 80 millions \u20ac (gardien le plus cher au monde) et n\u2019a jamais r\u00e9ussi \u00e0 satisfaire et rassurer les Blues. Avant cela, l\u2019ancien portier rennais aura eu une carri\u00e8re plut\u00f4t \u00e9tonnante. En effet, form\u00e9 dans la p\u00e9pini\u00e8re de talents que repr\u00e9sentent les quartiers du Havre (Caucriauville, centre de formation du HAC puis les Municipaux du Havre jusqu\u2019en 2011), il d\u00e9barque en National \u00e0 Cherbourg dans la Manche en tant que N\u00b03. Rep\u00e9r\u00e9 par l\u2019<b>Olympique de Marseille<\/b> suite \u00e0 ses bonnes prestations, <b>Edouard Mendy<\/b> s\u2019engage en 2015 avec le club phoc\u00e9en pour \u00eatre 3<sup>\u00e8me<\/sup> gardien. Ce qui lui offrira son premier contrat professionnel \u00e0 Reims la saison d\u2019apr\u00e8s\u2026 vous connaissez la suite.<\/p>\n<blockquote class=\"twitter-tweet\">\n<p dir=\"ltr\" lang=\"fr\">Quelle ascension pour \u00c9douard Mendy &#x1f1f8;&#x1f1f3; :<\/p>\n<p>\u2022 2015: ch\u00f4mage<\/p>\n<p>\u2022 2016: transf\u00e9r\u00e9 de la r\u00e9serve de l\u2019OM \u00e0 Reims<\/p>\n<p>\u2022 2019: transf\u00e9r\u00e9 de Reims \u00e0 Rennes.<\/p>\n<p>\u2022 2020: joue la C3 et qualifi\u00e9 en C1<\/p>\n<p>\u2022 2020: signature \u00e0 Chelsea <a href=\"https:\/\/t.co\/MEt3iVHtxE\">pic.twitter.com\/MEt3iVHtxE<\/a><\/p>\n<p>\u2014 BeFoot (@_BeFoot) <a href=\"https:\/\/twitter.com\/_BeFoot\/status\/1309066445175873538?ref_src=twsrc%5Etfw\">September 24, 2020<\/a><\/p><\/blockquote>\n<p><script async src=\"https:\/\/platform.twitter.com\/widgets.js\" charset=\"utf-8\"><\/script><\/p>\n<h2 style=\"text-align: justify;\">Sous le feu des projecteurs\u00a0!<\/h2>\n<p style=\"text-align: justify;\">Titulaire avec le <b>S\u00e9n\u00e9gal<\/b> avant qu\u2019il ne se blesse lors de la <b>CAN 2019<\/b>, <b>Edouard Mendy<\/b> conna\u00eet une explosion sur le tard. Le longiligne (1m97) et technique nouveau gardien de <b>Chelsea<\/b> va d\u00e9couvrir un championnat o\u00f9 les gardiens sont fortement scrut\u00e9s et surtout sollicit\u00e9s. Gardien le plus cher de l\u2019histoire de la Ligue 1 mais aussi d\u2019Afrique, <strong>Edouard Mendy<\/strong> doit encore se souvenir de son ann\u00e9e de ch\u00f4mage en 2014. Dans le football, tout va tr\u00e8s vite et surtout rien n&rsquo;est impossible.<\/p>\n<p><em><strong>Romain Delanis<br \/>\n<\/strong><\/em><em><strong><a href=\"https:\/\/twitter.com\/RDelanis\" target=\"_blank\" rel=\"noopener noreferrer\"><img loading=\"lazy\" decoding=\"async\" class=\"alignnone wp-image-2908\" src=\"http:\/\/dicodusport.fr\/blog\/wp-content\/uploads\/2017\/07\/logo-twitter-150x150.png\" alt=\"\" width=\"39\" height=\"39\" \/><\/a><\/strong><\/em><\/p>\n","protected":false},"excerpt":{"rendered":"<p>Le gardien de Rennes, Edouard Mendy s\u2019est engag\u00e9 avec Chelsea pour un transfert de 24 millions \u20ac (+ 6M\u20ac de bonus) et une dur\u00e9e de 5 ans.<\/p>\n","protected":false},"author":14,"featured_media":79588,"comment_status":"open","ping_status":"closed","sticky":false,"template":"","format":"standard","meta":{"_acf_changed":false,"_daextam_enable_autolinks":"","footnotes":""},"categories":[2301],"tags":[6230,7824,75,7160,1865],"class_list":["post-79577","post","type-post","status-publish","format-standard","has-post-thumbnail","hentry","category-football","tag-chelsea-football-club","tag-edouard-mendy","tag-football","tag-stade-de-reims","tag-stade-rennais"],"acf":[],"yoast_head":"<!-- This site is optimized with the Yoast SEO Premium plugin v26.7 (Yoast SEO v26.7) - https:\/\/yoast.com\/wordpress\/plugins\/seo\/ -->\n<title>Edouard Mendy \u00e0 Chelsea, l&#039;histoire d&#039;une ascension \u00e9clair<\/title>\n<meta name=\"description\" content=\"Le gardien de Rennes, Edouard Mendy s\u2019est engag\u00e9 avec Chelsea pour un transfert de 24 millions \u20ac (+ 6M\u20ac de bonus) et une dur\u00e9e de 5 ans.\" \/>\n<meta name=\"robots\" content=\"index, follow, max-snippet:-1, max-image-preview:large, max-video-preview:-1\" \/>\n<link rel=\"canonical\" href=\"https:\/\/dicodusport.fr\/blog\/edouard-mendy-a-chelsea-histoire-ascension-eclair\/\" \/>\n<meta property=\"og:locale\" content=\"fr_FR\" \/>\n<meta property=\"og:type\" content=\"article\" \/>\n<meta property=\"og:title\" content=\"Edouard Mendy \u00e0 Chelsea, l&#039;histoire d&#039;une ascension \u00e9clair\" \/>\n<meta property=\"og:description\" content=\"Le gardien de Rennes, Edouard Mendy s\u2019est engag\u00e9 avec Chelsea pour un transfert de 24 millions \u20ac (+ 6M\u20ac de bonus) et une dur\u00e9e de 5 ans.\" \/>\n<meta property=\"og:url\" content=\"https:\/\/dicodusport.fr\/blog\/edouard-mendy-a-chelsea-histoire-ascension-eclair\/\" \/>\n<meta property=\"og:site_name\" content=\"Dicodusport\" \/>\n<meta property=\"article:publisher\" content=\"https:\/\/www.facebook.com\/dicodusport\" \/>\n<meta property=\"article:published_time\" content=\"2020-09-24T15:48:14+00:00\" \/>\n<meta property=\"article:modified_time\" content=\"2020-10-01T17:49:44+00:00\" \/>\n<meta property=\"og:image\" content=\"https:\/\/dicodusport.fr\/blog\/wp-content\/uploads\/2020\/09\/Edouard-Mendy-\u00e0-Chelsea-lhistoire-dune-ascension-\u00e9clair.png\" \/>\n\t<meta property=\"og:image:width\" content=\"800\" \/>\n\t<meta property=\"og:image:height\" content=\"445\" \/>\n\t<meta property=\"og:image:type\" content=\"image\/png\" \/>\n<meta name=\"author\" content=\"Romain Delanis\" \/>\n<meta name=\"twitter:card\" content=\"summary_large_image\" \/>\n<meta name=\"twitter:title\" content=\"Edouard Mendy \u00e0 Chelsea, l&#039;histoire d&#039;une ascension \u00e9clair\" \/>\n<meta name=\"twitter:creator\" content=\"@https:\/\/twitter.com\/RDelanis\" \/>\n<meta name=\"twitter:site\" content=\"@dicodusport\" \/>\n<script type=\"application\/ld+json\" class=\"yoast-schema-graph\">{\"@context\":\"https:\/\/schema.org\",\"@graph\":[{\"@type\":\"NewsArticle\",\"@id\":\"https:\/\/dicodusport.fr\/blog\/edouard-mendy-a-chelsea-histoire-ascension-eclair\/#article\",\"isPartOf\":{\"@id\":\"https:\/\/dicodusport.fr\/blog\/edouard-mendy-a-chelsea-histoire-ascension-eclair\/\"},\"author\":{\"name\":\"Romain Delanis\",\"@id\":\"https:\/\/dicodusport.fr\/blog\/#\/schema\/person\/8c78730a59f8a1e617f7a19026ebc14a\"},\"headline\":\"Edouard Mendy \u00e0 Chelsea, l&rsquo;histoire d&rsquo;une ascension \u00e9clair\",\"datePublished\":\"2020-09-24T15:48:14+00:00\",\"dateModified\":\"2020-10-01T17:49:44+00:00\",\"mainEntityOfPage\":{\"@id\":\"https:\/\/dicodusport.fr\/blog\/edouard-mendy-a-chelsea-histoire-ascension-eclair\/\"},\"wordCount\":439,\"commentCount\":0,\"publisher\":{\"@id\":\"https:\/\/dicodusport.fr\/blog\/#organization\"},\"image\":{\"@id\":\"https:\/\/dicodusport.fr\/blog\/edouard-mendy-a-chelsea-histoire-ascension-eclair\/#primaryimage\"},\"thumbnailUrl\":\"https:\/\/dicodusport.fr\/blog\/wp-content\/uploads\/2020\/09\/Edouard-Mendy-\u00e0-Chelsea-lhistoire-dune-ascension-\u00e9clair.png\",\"keywords\":[\"Chelsea Football Club\",\"Edouard Mendy\",\"Football\",\"Stade de Reims\",\"Stade rennais\"],\"articleSection\":[\"Football\"],\"inLanguage\":\"fr-FR\",\"potentialAction\":[{\"@type\":\"CommentAction\",\"name\":\"Comment\",\"target\":[\"https:\/\/dicodusport.fr\/blog\/edouard-mendy-a-chelsea-histoire-ascension-eclair\/#respond\"]}],\"copyrightYear\":\"2020\",\"copyrightHolder\":{\"@id\":\"https:\/\/dicodusport.fr\/blog\/#organization\"}},{\"@type\":\"WebPage\",\"@id\":\"https:\/\/dicodusport.fr\/blog\/edouard-mendy-a-chelsea-histoire-ascension-eclair\/\",\"url\":\"https:\/\/dicodusport.fr\/blog\/edouard-mendy-a-chelsea-histoire-ascension-eclair\/\",\"name\":\"Edouard Mendy \u00e0 Chelsea, l'histoire d'une ascension \u00e9clair\",\"isPartOf\":{\"@id\":\"https:\/\/dicodusport.fr\/blog\/#website\"},\"primaryImageOfPage\":{\"@id\":\"https:\/\/dicodusport.fr\/blog\/edouard-mendy-a-chelsea-histoire-ascension-eclair\/#primaryimage\"},\"image\":{\"@id\":\"https:\/\/dicodusport.fr\/blog\/edouard-mendy-a-chelsea-histoire-ascension-eclair\/#primaryimage\"},\"thumbnailUrl\":\"https:\/\/dicodusport.fr\/blog\/wp-content\/uploads\/2020\/09\/Edouard-Mendy-\u00e0-Chelsea-lhistoire-dune-ascension-\u00e9clair.png\",\"datePublished\":\"2020-09-24T15:48:14+00:00\",\"dateModified\":\"2020-10-01T17:49:44+00:00\",\"description\":\"Le gardien de Rennes, Edouard Mendy s\u2019est engag\u00e9 avec Chelsea pour un transfert de 24 millions \u20ac (+ 6M\u20ac de bonus) et une dur\u00e9e de 5 ans.\",\"breadcrumb\":{\"@id\":\"https:\/\/dicodusport.fr\/blog\/edouard-mendy-a-chelsea-histoire-ascension-eclair\/#breadcrumb\"},\"inLanguage\":\"fr-FR\",\"potentialAction\":[{\"@type\":\"ReadAction\",\"target\":[\"https:\/\/dicodusport.fr\/blog\/edouard-mendy-a-chelsea-histoire-ascension-eclair\/\"]}]},{\"@type\":\"ImageObject\",\"inLanguage\":\"fr-FR\",\"@id\":\"https:\/\/dicodusport.fr\/blog\/edouard-mendy-a-chelsea-histoire-ascension-eclair\/#primaryimage\",\"url\":\"https:\/\/dicodusport.fr\/blog\/wp-content\/uploads\/2020\/09\/Edouard-Mendy-\u00e0-Chelsea-lhistoire-dune-ascension-\u00e9clair.png\",\"contentUrl\":\"https:\/\/dicodusport.fr\/blog\/wp-content\/uploads\/2020\/09\/Edouard-Mendy-\u00e0-Chelsea-lhistoire-dune-ascension-\u00e9clair.png\",\"width\":800,\"height\":445,\"caption\":\"Edouard Mendy \u00e0 Chelsea, l'histoire d'une ascension \u00e9clair\"},{\"@type\":\"BreadcrumbList\",\"@id\":\"https:\/\/dicodusport.fr\/blog\/edouard-mendy-a-chelsea-histoire-ascension-eclair\/#breadcrumb\",\"itemListElement\":[{\"@type\":\"ListItem\",\"position\":1,\"name\":\"Accueil\",\"item\":\"https:\/\/dicodusport.fr\/blog\/\"},{\"@type\":\"ListItem\",\"position\":2,\"name\":\"Edouard Mendy \u00e0 Chelsea, l&rsquo;histoire d&rsquo;une ascension \u00e9clair\"}]},{\"@type\":\"WebSite\",\"@id\":\"https:\/\/dicodusport.fr\/blog\/#website\",\"url\":\"https:\/\/dicodusport.fr\/blog\/\",\"name\":\"Dicodusport\",\"description\":\"L&#039;encyclop\u00e9die de l&#039;actualit\u00e9 sportive\",\"publisher\":{\"@id\":\"https:\/\/dicodusport.fr\/blog\/#organization\"},\"potentialAction\":[{\"@type\":\"SearchAction\",\"target\":{\"@type\":\"EntryPoint\",\"urlTemplate\":\"https:\/\/dicodusport.fr\/blog\/?s={search_term_string}\"},\"query-input\":{\"@type\":\"PropertyValueSpecification\",\"valueRequired\":true,\"valueName\":\"search_term_string\"}}],\"inLanguage\":\"fr-FR\"},{\"@type\":\"NewsMediaOrganization\",\"@id\":\"https:\/\/dicodusport.fr\/blog\/#organization\",\"name\":\"Dicodusport\",\"url\":\"https:\/\/dicodusport.fr\/blog\/\",\"logo\":{\"@type\":\"ImageObject\",\"inLanguage\":\"fr-FR\",\"@id\":\"https:\/\/dicodusport.fr\/blog\/#\/schema\/logo\/image\/\",\"url\":\"https:\/\/dicodusport.fr\/blog\/wp-content\/uploads\/2020\/06\/cropped-LOGO-DICODUSPORT-2020-SANS-FOND-SANS-TEXTE.png\",\"contentUrl\":\"https:\/\/dicodusport.fr\/blog\/wp-content\/uploads\/2020\/06\/cropped-LOGO-DICODUSPORT-2020-SANS-FOND-SANS-TEXTE.png\",\"width\":512,\"height\":512,\"caption\":\"Dicodusport\"},\"image\":{\"@id\":\"https:\/\/dicodusport.fr\/blog\/#\/schema\/logo\/image\/\"},\"sameAs\":[\"https:\/\/www.facebook.com\/dicodusport\",\"https:\/\/x.com\/dicodusport\",\"https:\/\/www.instagram.com\/dicodusport\/\",\"https:\/\/www.youtube.com\/channel\/UC7V2KZ5sd3htJivAbA4ZG3w\"],\"description\":\"Dicodusport est l'encyclop\u00e9die de l'actualit\u00e9 sportive.\",\"email\":\"bonjour@dicodusport.fr\",\"legalName\":\"DICODUSPORT\",\"foundingDate\":\"2018-01-14\",\"vatID\":\"FR71834470973\",\"taxID\":\"83447097300043\",\"numberOfEmployees\":{\"@type\":\"QuantitativeValue\",\"minValue\":\"1\",\"maxValue\":\"10\"}},{\"@type\":\"Person\",\"@id\":\"https:\/\/dicodusport.fr\/blog\/#\/schema\/person\/8c78730a59f8a1e617f7a19026ebc14a\",\"name\":\"Romain Delanis\",\"image\":{\"@type\":\"ImageObject\",\"inLanguage\":\"fr-FR\",\"@id\":\"https:\/\/dicodusport.fr\/blog\/#\/schema\/person\/image\/\",\"url\":\"https:\/\/dicodusport.fr\/blog\/wp-content\/uploads\/2021\/05\/Romain-Delanis-150x150.jpg\",\"contentUrl\":\"https:\/\/dicodusport.fr\/blog\/wp-content\/uploads\/2021\/05\/Romain-Delanis-150x150.jpg\",\"caption\":\"Romain Delanis\"},\"description\":\"Journaliste\/R\u00e9dacteur depuis novembre 2015 - Capable de passer un samedi apr\u00e8s-midi devant la Ligue 2 puis le biathlon sans oublier la finale de l\u2019ATP Rotterdam, j\u2019aime aussi mettre mon r\u00e9veil pour me faire un Pistons\/Bulls qui rappelle de bons souvenirs. Tout cela, j\u2019ai choisi il y a maintenant quelques temps de vous le raconter avec Dicodusport, pour vous faire vivre ma passion parfois inconsid\u00e9r\u00e9e pour le sport en g\u00e9n\u00e9ral (mais surtout le foot faut se l\u2019avouer).\",\"sameAs\":[\"https:\/\/x.com\/https:\/\/twitter.com\/RDelanis\"],\"url\":\"https:\/\/dicodusport.fr\/blog\/author\/romain\/\"}]}<\/script>\n<!-- \/ Yoast SEO Premium plugin. -->","yoast_head_json":{"title":"Edouard Mendy \u00e0 Chelsea, l'histoire d'une ascension \u00e9clair","description":"Le gardien de Rennes, Edouard Mendy s\u2019est engag\u00e9 avec Chelsea pour un transfert de 24 millions \u20ac (+ 6M\u20ac de bonus) et une dur\u00e9e de 5 ans.","robots":{"index":"index","follow":"follow","max-snippet":"max-snippet:-1","max-image-preview":"max-image-preview:large","max-video-preview":"max-video-preview:-1"},"canonical":"https:\/\/dicodusport.fr\/blog\/edouard-mendy-a-chelsea-histoire-ascension-eclair\/","og_locale":"fr_FR","og_type":"article","og_title":"Edouard Mendy \u00e0 Chelsea, l'histoire d'une ascension \u00e9clair","og_description":"Le gardien de Rennes, Edouard Mendy s\u2019est engag\u00e9 avec Chelsea pour un transfert de 24 millions \u20ac (+ 6M\u20ac de bonus) et une dur\u00e9e de 5 ans.","og_url":"https:\/\/dicodusport.fr\/blog\/edouard-mendy-a-chelsea-histoire-ascension-eclair\/","og_site_name":"Dicodusport","article_publisher":"https:\/\/www.facebook.com\/dicodusport","article_published_time":"2020-09-24T15:48:14+00:00","article_modified_time":"2020-10-01T17:49:44+00:00","og_image":[{"width":800,"height":445,"url":"https:\/\/dicodusport.fr\/blog\/wp-content\/uploads\/2020\/09\/Edouard-Mendy-\u00e0-Chelsea-lhistoire-dune-ascension-\u00e9clair.png","type":"image\/png"}],"author":"Romain Delanis","twitter_card":"summary_large_image","twitter_title":"Edouard Mendy \u00e0 Chelsea, l'histoire d'une ascension \u00e9clair","twitter_creator":"@https:\/\/twitter.com\/RDelanis","twitter_site":"@dicodusport","schema":{"@context":"https:\/\/schema.org","@graph":[{"@type":"NewsArticle","@id":"https:\/\/dicodusport.fr\/blog\/edouard-mendy-a-chelsea-histoire-ascension-eclair\/#article","isPartOf":{"@id":"https:\/\/dicodusport.fr\/blog\/edouard-mendy-a-chelsea-histoire-ascension-eclair\/"},"author":{"name":"Romain Delanis","@id":"https:\/\/dicodusport.fr\/blog\/#\/schema\/person\/8c78730a59f8a1e617f7a19026ebc14a"},"headline":"Edouard Mendy \u00e0 Chelsea, l&rsquo;histoire d&rsquo;une ascension \u00e9clair","datePublished":"2020-09-24T15:48:14+00:00","dateModified":"2020-10-01T17:49:44+00:00","mainEntityOfPage":{"@id":"https:\/\/dicodusport.fr\/blog\/edouard-mendy-a-chelsea-histoire-ascension-eclair\/"},"wordCount":439,"commentCount":0,"publisher":{"@id":"https:\/\/dicodusport.fr\/blog\/#organization"},"image":{"@id":"https:\/\/dicodusport.fr\/blog\/edouard-mendy-a-chelsea-histoire-ascension-eclair\/#primaryimage"},"thumbnailUrl":"https:\/\/dicodusport.fr\/blog\/wp-content\/uploads\/2020\/09\/Edouard-Mendy-\u00e0-Chelsea-lhistoire-dune-ascension-\u00e9clair.png","keywords":["Chelsea Football Club","Edouard Mendy","Football","Stade de Reims","Stade rennais"],"articleSection":["Football"],"inLanguage":"fr-FR","potentialAction":[{"@type":"CommentAction","name":"Comment","target":["https:\/\/dicodusport.fr\/blog\/edouard-mendy-a-chelsea-histoire-ascension-eclair\/#respond"]}],"copyrightYear":"2020","copyrightHolder":{"@id":"https:\/\/dicodusport.fr\/blog\/#organization"}},{"@type":"WebPage","@id":"https:\/\/dicodusport.fr\/blog\/edouard-mendy-a-chelsea-histoire-ascension-eclair\/","url":"https:\/\/dicodusport.fr\/blog\/edouard-mendy-a-chelsea-histoire-ascension-eclair\/","name":"Edouard Mendy \u00e0 Chelsea, l'histoire d'une ascension \u00e9clair","isPartOf":{"@id":"https:\/\/dicodusport.fr\/blog\/#website"},"primaryImageOfPage":{"@id":"https:\/\/dicodusport.fr\/blog\/edouard-mendy-a-chelsea-histoire-ascension-eclair\/#primaryimage"},"image":{"@id":"https:\/\/dicodusport.fr\/blog\/edouard-mendy-a-chelsea-histoire-ascension-eclair\/#primaryimage"},"thumbnailUrl":"https:\/\/dicodusport.fr\/blog\/wp-content\/uploads\/2020\/09\/Edouard-Mendy-\u00e0-Chelsea-lhistoire-dune-ascension-\u00e9clair.png","datePublished":"2020-09-24T15:48:14+00:00","dateModified":"2020-10-01T17:49:44+00:00","description":"Le gardien de Rennes, Edouard Mendy s\u2019est engag\u00e9 avec Chelsea pour un transfert de 24 millions \u20ac (+ 6M\u20ac de bonus) et une dur\u00e9e de 5 ans.","breadcrumb":{"@id":"https:\/\/dicodusport.fr\/blog\/edouard-mendy-a-chelsea-histoire-ascension-eclair\/#breadcrumb"},"inLanguage":"fr-FR","potentialAction":[{"@type":"ReadAction","target":["https:\/\/dicodusport.fr\/blog\/edouard-mendy-a-chelsea-histoire-ascension-eclair\/"]}]},{"@type":"ImageObject","inLanguage":"fr-FR","@id":"https:\/\/dicodusport.fr\/blog\/edouard-mendy-a-chelsea-histoire-ascension-eclair\/#primaryimage","url":"https:\/\/dicodusport.fr\/blog\/wp-content\/uploads\/2020\/09\/Edouard-Mendy-\u00e0-Chelsea-lhistoire-dune-ascension-\u00e9clair.png","contentUrl":"https:\/\/dicodusport.fr\/blog\/wp-content\/uploads\/2020\/09\/Edouard-Mendy-\u00e0-Chelsea-lhistoire-dune-ascension-\u00e9clair.png","width":800,"height":445,"caption":"Edouard Mendy \u00e0 Chelsea, l'histoire d'une ascension \u00e9clair"},{"@type":"BreadcrumbList","@id":"https:\/\/dicodusport.fr\/blog\/edouard-mendy-a-chelsea-histoire-ascension-eclair\/#breadcrumb","itemListElement":[{"@type":"ListItem","position":1,"name":"Accueil","item":"https:\/\/dicodusport.fr\/blog\/"},{"@type":"ListItem","position":2,"name":"Edouard Mendy \u00e0 Chelsea, l&rsquo;histoire d&rsquo;une ascension \u00e9clair"}]},{"@type":"WebSite","@id":"https:\/\/dicodusport.fr\/blog\/#website","url":"https:\/\/dicodusport.fr\/blog\/","name":"Dicodusport","description":"L&#039;encyclop\u00e9die de l&#039;actualit\u00e9 sportive","publisher":{"@id":"https:\/\/dicodusport.fr\/blog\/#organization"},"potentialAction":[{"@type":"SearchAction","target":{"@type":"EntryPoint","urlTemplate":"https:\/\/dicodusport.fr\/blog\/?s={search_term_string}"},"query-input":{"@type":"PropertyValueSpecification","valueRequired":true,"valueName":"search_term_string"}}],"inLanguage":"fr-FR"},{"@type":"NewsMediaOrganization","@id":"https:\/\/dicodusport.fr\/blog\/#organization","name":"Dicodusport","url":"https:\/\/dicodusport.fr\/blog\/","logo":{"@type":"ImageObject","inLanguage":"fr-FR","@id":"https:\/\/dicodusport.fr\/blog\/#\/schema\/logo\/image\/","url":"https:\/\/dicodusport.fr\/blog\/wp-content\/uploads\/2020\/06\/cropped-LOGO-DICODUSPORT-2020-SANS-FOND-SANS-TEXTE.png","contentUrl":"https:\/\/dicodusport.fr\/blog\/wp-content\/uploads\/2020\/06\/cropped-LOGO-DICODUSPORT-2020-SANS-FOND-SANS-TEXTE.png","width":512,"height":512,"caption":"Dicodusport"},"image":{"@id":"https:\/\/dicodusport.fr\/blog\/#\/schema\/logo\/image\/"},"sameAs":["https:\/\/www.facebook.com\/dicodusport","https:\/\/x.com\/dicodusport","https:\/\/www.instagram.com\/dicodusport\/","https:\/\/www.youtube.com\/channel\/UC7V2KZ5sd3htJivAbA4ZG3w"],"description":"Dicodusport est l'encyclop\u00e9die de l'actualit\u00e9 sportive.","email":"bonjour@dicodusport.fr","legalName":"DICODUSPORT","foundingDate":"2018-01-14","vatID":"FR71834470973","taxID":"83447097300043","numberOfEmployees":{"@type":"QuantitativeValue","minValue":"1","maxValue":"10"}},{"@type":"Person","@id":"https:\/\/dicodusport.fr\/blog\/#\/schema\/person\/8c78730a59f8a1e617f7a19026ebc14a","name":"Romain Delanis","image":{"@type":"ImageObject","inLanguage":"fr-FR","@id":"https:\/\/dicodusport.fr\/blog\/#\/schema\/person\/image\/","url":"https:\/\/dicodusport.fr\/blog\/wp-content\/uploads\/2021\/05\/Romain-Delanis-150x150.jpg","contentUrl":"https:\/\/dicodusport.fr\/blog\/wp-content\/uploads\/2021\/05\/Romain-Delanis-150x150.jpg","caption":"Romain Delanis"},"description":"Journaliste\/R\u00e9dacteur depuis novembre 2015 - Capable de passer un samedi apr\u00e8s-midi devant la Ligue 2 puis le biathlon sans oublier la finale de l\u2019ATP Rotterdam, j\u2019aime aussi mettre mon r\u00e9veil pour me faire un Pistons\/Bulls qui rappelle de bons souvenirs. Tout cela, j\u2019ai choisi il y a maintenant quelques temps de vous le raconter avec Dicodusport, pour vous faire vivre ma passion parfois inconsid\u00e9r\u00e9e pour le sport en g\u00e9n\u00e9ral (mais surtout le foot faut se l\u2019avouer).","sameAs":["https:\/\/x.com\/https:\/\/twitter.com\/RDelanis"],"url":"https:\/\/dicodusport.fr\/blog\/author\/romain\/"}]}},"_links":{"self":[{"href":"https:\/\/dicodusport.fr\/blog\/wp-json\/wp\/v2\/posts\/79577","targetHints":{"allow":["GET"]}}],"collection":[{"href":"https:\/\/dicodusport.fr\/blog\/wp-json\/wp\/v2\/posts"}],"about":[{"href":"https:\/\/dicodusport.fr\/blog\/wp-json\/wp\/v2\/types\/post"}],"author":[{"embeddable":true,"href":"https:\/\/dicodusport.fr\/blog\/wp-json\/wp\/v2\/users\/14"}],"replies":[{"embeddable":true,"href":"https:\/\/dicodusport.fr\/blog\/wp-json\/wp\/v2\/comments?post=79577"}],"version-history":[{"count":0,"href":"https:\/\/dicodusport.fr\/blog\/wp-json\/wp\/v2\/posts\/79577\/revisions"}],"wp:featuredmedia":[{"embeddable":true,"href":"https:\/\/dicodusport.fr\/blog\/wp-json\/wp\/v2\/media\/79588"}],"wp:attachment":[{"href":"https:\/\/dicodusport.fr\/blog\/wp-json\/wp\/v2\/media?parent=79577"}],"wp:term":[{"taxonomy":"category","embeddable":true,"href":"https:\/\/dicodusport.fr\/blog\/wp-json\/wp\/v2\/categories?post=79577"},{"taxonomy":"post_tag","embeddable":true,"href":"https:\/\/dicodusport.fr\/blog\/wp-json\/wp\/v2\/tags?post=79577"}],"curies":[{"name":"wp","href":"https:\/\/api.w.org\/{rel}","templated":true}]}}