{"id":79966,"date":"2020-09-27T21:48:21","date_gmt":"2020-09-27T19:48:21","guid":{"rendered":"https:\/\/dicodusport.fr\/blog\/?p=79966&#038;preview=true&#038;preview_id=79966"},"modified":"2020-09-27T21:54:16","modified_gmt":"2020-09-27T19:54:16","slug":"roland-garros-2020-ce-quil-faut-retenir-de-la-premiere-journee","status":"publish","type":"post","link":"https:\/\/dicodusport.fr\/blog\/roland-garros-2020-ce-quil-faut-retenir-de-la-premiere-journee\/","title":{"rendered":"Roland-Garros 2020 Ce qu&rsquo;il faut retenir de la premi\u00e8re journ\u00e9e"},"content":{"rendered":"<p style=\"text-align: justify;\"><strong><em>\u00c7a y est ! Le tournoi de Roland-Garros a d\u00e9but\u00e9. Voil\u00e0 ce qu&rsquo;il faut retenir de la premi\u00e8re journ\u00e9e.<br \/>\n<\/em><\/strong><\/p>\n<h2 style=\"text-align: justify;\">La pluie d&rsquo;entr\u00e9e<em><br \/>\n<\/em><\/h2>\n<p>C&rsquo;\u00e9tait attendu : le temps sera maussade les deux prochaines semaines. D\u00e8s les premiers jeux des premiers matchs, la pluie s&rsquo;est invit\u00e9e, provoquant des coupures, sauf sur le court Philippe-Chatrier, maintenant pourvu d&rsquo;un toit. Cela a fortement agac\u00e9 les joueurs, \u00e0 commencer par <a href=\"https:\/\/dicodusport.fr\/blog\/video-roland-garros-2020-victoria-azarenka-quitte-le-court-a-cause-du-froid\/\" target=\"_blank\" rel=\"noopener noreferrer\"><strong>Azarenka<\/strong><\/a> qui ne voulait pas attendre dans le froid lors de l&rsquo;interruption. Sur le Simonne-Mathieu, apr\u00e8s deux glissades de Mertens, les joueuses sont \u00e9galement rentr\u00e9es aux vestiaires. Qu&rsquo;on se le dise, avec des nouvelles balles et ces conditions de jeu difficiles, il pourrait y avoir des surprises. <a href=\"https:\/\/www.7sur7.be\/tennis\/mertens-qui-a-battu-gasparyan-a-paris-la-plus-intelligente-a-un-avantage~ae3c891a\/\" target=\"_blank\" rel=\"noopener noreferrer\">Comme l&rsquo;a dit la Belge<\/a>, ce ne sera peut-\u00eatre pas la meilleure joueuse mais celle qui arrivera le mieux \u00e0 s&rsquo;adapter qui l&#8217;emportera.<\/p>\n<h2>Des t\u00eates de s\u00e9rie \u00e0 la trappe<\/h2>\n<p>Coup de th\u00e9\u00e2tre sur le Chatrier : pour le premier match de la journ\u00e9e, <a href=\"https:\/\/dicodusport.fr\/blog\/roland-garros-2020-david-goffin-battu-dentree-par-jannik-sinner\/\" target=\"_blank\" rel=\"noopener noreferrer\"><strong>Sinner<\/strong> s&rsquo;offrait <strong>Goffin 7-5 6-0 6-3<\/strong><\/a>. Le Belge, t\u00eate de s\u00e9rie n\u00b011 s&rsquo;est dit <em>\u2018d\u00e9motiv\u00e9 et fatigu\u00e9 mentalement\u2019<\/em>.<\/p>\n<p><strong>Caroline Garcia<\/strong> a dout\u00e9 face \u00e0 <strong>Anett Kontaveit<\/strong> mais elle est parvenue \u00e0 <a href=\"https:\/\/dicodusport.fr\/blog\/roland-garros-2020-caroline-garcia-ecarte-anett-kontaveit\/\" target=\"_blank\" rel=\"noopener noreferrer\">\u00e9liminer la t\u00eate de s\u00e9rie n\u00b017<\/a> en trois sets : 6-4 3-6 6-4.<\/p>\n<p style=\"text-align: justify;\">\u00c9limin\u00e9e au 1er tour des qualifications l&rsquo;ann\u00e9e derni\u00e8re, <strong>Cori Gauff<\/strong> jouait son premier match du tableau principal \u00e0 Roland-Garros chez les seniors. Et c&rsquo;est une belle premi\u00e8re avec une <a href=\"https:\/\/dicodusport.fr\/blog\/roland-garros-2020-cori-gauff-soffre-johanna-konta\/\" target=\"_blank\" rel=\"noopener noreferrer\">victoire 6-3 6-3 face \u00e0 la t\u00eate de s\u00e9rie n\u00b09<\/a>, <strong>Johanna Konta<\/strong>.<\/p>\n<p style=\"text-align: justify;\"><strong>Borna Coric<\/strong> n&rsquo;y arrive toujours pas en Grand Chelem. T\u00eate de s\u00e9rie n\u00b024, il s&rsquo;est inclin\u00e9 4-6 6-3 3-6 4-6 face \u00e0 <strong>Norbert Gombos<\/strong>, 106e mondial.<\/p>\n<p style=\"text-align: justify;\"><strong>Alex De Minaur<\/strong>, n&rsquo;est pas parvenu \u00e0 encha\u00eener apr\u00e8s son quart de finale \u00e0 l&rsquo;US Open. Comme \u00e0 Rome, il s&rsquo;incline au premier tour. Cette fois face \u00e0 l&rsquo;Italien <strong>Marco Cecchinato<\/strong>, issu des qualifications (6-7[11] 4-6 0-6).<\/p>\n<p>Grosse victoire de l&rsquo;Australienne<strong> Daria Gavrilova<\/strong>. La joueuse retomb\u00e9e \u00e0 la 788e place mondiale n&rsquo;avait quasiment plus jou\u00e9 depuis l&rsquo;US Open 2019 en raison de blessures. Elle n&rsquo;avait disput\u00e9 qu&rsquo;un tournoi ITF mi-septembre. \u00c0 Roland-Garros, elle s&rsquo;est impos\u00e9e face \u00e0 la t\u00eate de s\u00e9rie n\u00b024 Dayana Yastremska 6-4 6-3.<\/p>\n<h2>Des victoires surprises<\/h2>\n<p style=\"text-align: justify;\">Les deux premiers vainqueurs de ce tournoi 2020 ont donc cr\u00e9\u00e9 la surprise. Et <a href=\"https:\/\/dicodusport.fr\/blog\/roland-garros-2020-kamilla-rakhimova-soffre-shelby-rogers\/\" target=\"_blank\" rel=\"noopener noreferrer\"><strong>Kamilla Rakhimova<\/strong><\/a> a \u00e9t\u00e9 la premi\u00e8re. Si <strong>Shelby Rogers<\/strong> n&rsquo;\u00e9tait pas t\u00eate de s\u00e9rie, c&rsquo;est tout de m\u00eame 127 places qui s\u00e9paraient les deux joueuses.<\/p>\n<p style=\"text-align: justify;\"><strong>Astra Sharma<\/strong>, 134e mondiale et issue des qualifications, s&rsquo;est impos\u00e9e 6-3 2-6 7-5 face \u00e0 <strong>Anna Blinkova<\/strong>, 59e mondiale.<\/p>\n<p style=\"text-align: justify;\"><strong>Sebastian Kord<\/strong>a, 20 ans est un jeune joueur am\u00e9ricain, fils de Regina Kordova et Petr Korda, anciens joueurs de tennis tch\u00e8ques. Pour sa premi\u00e8re participation \u00e0 Roland-Garros, le joueur issu des qualifications (211e mondial) s&rsquo;est impos\u00e9 face \u00e0 l&rsquo;Italien <strong>Andreas Seppi<\/strong> (97e mondial) 6-2 4-6 6-3 6-3.<\/p>\n<p><strong>Kaia Kanepi<\/strong> fait de la r\u00e9sistance. Face \u00e0 la jeune <strong>Bouzkova<\/strong> qui jouait son deuxi\u00e8me Roland-Garros, elle s&rsquo;est impos\u00e9e 4-6 6-4 6-2.<\/p>\n<h2>Un choc qui fait pschit<\/h2>\n<p>Il n&rsquo;y a pas eu match entre Murray et Wawrinka. Le Suisse a laiss\u00e9 peu d&rsquo;espoirs au Britannique : victoire 6-1 6-3 6-2.<\/p>\n<h2>C\u00f4t\u00e9 Fran\u00e7ais<\/h2>\n<p style=\"text-align: justify;\">Ils \u00e9taient 7 sur les courts aujourd&rsquo;hui. Caroline Garcia s&rsquo;est donc impos\u00e9e face \u00e0 Anett Kontaveit.<\/p>\n<p>Chez les hommes : 3 d\u00e9faites, 2 victoires et 1 match suspendu.<\/p>\n<p><strong>Benjamin Bonz<\/strong>i s&rsquo;est impos\u00e9 6-2 6-4 4-6 6-4 face \u00e0 Emil Ruusuvuori. Au prochain tour, il affrontera Sinner, tombeur de Goffin.<\/p>\n<p><strong>Benoit Paire<\/strong> s&rsquo;est impos\u00e9 7-5 6-4 6-4 face \u00e0 Soonwoo Kwon. Au prochain tour, il affrontera Federico Coria.<\/p>\n<p style=\"text-align: justify;\">Le match entre <strong>Corentin Moutet<\/strong> et <strong>Lorenzo Giustino<\/strong> a \u00e9t\u00e9 interrompu et reprendra demain. Apr\u00e8s avoir remport\u00e9 le 1er set 6-0, le Fran\u00e7ais a perdu le deuxi\u00e8me 6-7[7] et est men\u00e9 dans la troisi\u00e8me manche 3-4 avec service \u00e0 suivre pour l&rsquo;Italien.<\/p>\n<p>Apr\u00e8s avoir servi pour le match, J\u00e9r\u00e9my<strong> Chardy<\/strong> s&rsquo;est inclin\u00e9 6-3 6-4 6-7[6] 4-6 8-10 face \u00e0 Jurij Rodionov.<\/p>\n<p><strong>Elliott Benchetrit<\/strong> s&rsquo;est inclin\u00e9 4-6 1-6 3-6 face \u00e0 John Isner, t\u00eate de s\u00e9rie n\u00b021.<\/p>\n<p><strong>Antoine Hoang<\/strong> s&rsquo;est inclin\u00e9 2-6 6-3 1-6 1-6 face \u00e0 Dominik Koepfer.<\/p>\n<p><strong><em>Dicodusport<br \/>\n<a href=\"https:\/\/www.facebook.com\/dicodusport\/\" target=\"_blank\" rel=\"noopener noreferrer\"><img loading=\"lazy\" decoding=\"async\" class=\"alignnone wp-image-2909\" src=\"http:\/\/dicodusport.fr\/blog\/wp-content\/uploads\/2017\/07\/logo-facebook-150x150.png\" alt=\"\" width=\"40\" height=\"40\" \/><\/a><a href=\"https:\/\/twitter.com\/dicodusport\" target=\"_blank\" rel=\"noopener noreferrer\"><img loading=\"lazy\" decoding=\"async\" class=\"alignnone wp-image-2908\" src=\"http:\/\/dicodusport.fr\/blog\/wp-content\/uploads\/2017\/07\/logo-twitter-150x150.png\" alt=\"\" width=\"39\" height=\"39\" \/><\/a><\/em><\/strong><\/p>\n","protected":false},"excerpt":{"rendered":"<p>\u00c7a y est ! Le tournoi de Roland-Garros a d\u00e9but\u00e9. Ce qu&rsquo;il faut retenir de la premi\u00e8re journ\u00e9e.<\/p>\n","protected":false},"author":12,"featured_media":80094,"comment_status":"open","ping_status":"closed","sticky":false,"template":"","format":"standard","meta":{"_acf_changed":false,"_daextam_enable_autolinks":"","footnotes":""},"categories":[2302],"tags":[3222,2000,3306,9192,11824],"class_list":["post-79966","post","type-post","status-publish","format-standard","has-post-thumbnail","hentry","category-tennis","tag-andy-murray","tag-caroline-garcia","tag-david-goffin","tag-jannik-sinner","tag-sebastian-korda"],"acf":[],"yoast_head":"<!-- This site is optimized with the Yoast SEO Premium plugin v26.7 (Yoast SEO v26.7) - https:\/\/yoast.com\/wordpress\/plugins\/seo\/ -->\n<title>Roland-Garros 2020 Ce qu&#039;il faut retenir de la premi\u00e8re journ\u00e9e<\/title>\n<meta name=\"description\" content=\"\u00c7a y est ! Le tournoi de Roland-Garros a d\u00e9but\u00e9. Voici les principales informations de la premi\u00e8re journ\u00e9e.\" \/>\n<meta name=\"robots\" content=\"index, follow, max-snippet:-1, max-image-preview:large, max-video-preview:-1\" \/>\n<link rel=\"canonical\" href=\"https:\/\/dicodusport.fr\/blog\/roland-garros-2020-ce-quil-faut-retenir-de-la-premiere-journee\/\" \/>\n<meta property=\"og:locale\" content=\"fr_FR\" \/>\n<meta property=\"og:type\" content=\"article\" \/>\n<meta property=\"og:title\" content=\"Roland-Garros 2020 Ce qu&#039;il faut retenir de la premi\u00e8re journ\u00e9e\" \/>\n<meta property=\"og:description\" content=\"\u00c7a y est ! Le tournoi de Roland-Garros a d\u00e9but\u00e9. Voici les principales informations de la premi\u00e8re journ\u00e9e.\" \/>\n<meta property=\"og:url\" content=\"https:\/\/dicodusport.fr\/blog\/roland-garros-2020-ce-quil-faut-retenir-de-la-premiere-journee\/\" \/>\n<meta property=\"og:site_name\" content=\"Dicodusport\" \/>\n<meta property=\"article:publisher\" content=\"https:\/\/www.facebook.com\/dicodusport\" \/>\n<meta property=\"article:published_time\" content=\"2020-09-27T19:48:21+00:00\" \/>\n<meta property=\"article:modified_time\" content=\"2020-09-27T19:54:16+00:00\" \/>\n<meta property=\"og:image\" content=\"https:\/\/dicodusport.fr\/blog\/wp-content\/uploads\/2020\/09\/Goffin.jpg\" \/>\n\t<meta property=\"og:image:width\" content=\"800\" \/>\n\t<meta property=\"og:image:height\" content=\"440\" \/>\n\t<meta property=\"og:image:type\" content=\"image\/jpeg\" \/>\n<meta name=\"author\" content=\"Arlette Yeye\" \/>\n<meta name=\"twitter:card\" content=\"summary_large_image\" \/>\n<meta name=\"twitter:title\" content=\"Roland-Garros 2020 Ce qu&#039;il faut retenir de la premi\u00e8re journ\u00e9e\" \/>\n<meta name=\"twitter:creator\" content=\"@https:\/\/twitter.com\/Shiclette94\" \/>\n<meta name=\"twitter:site\" content=\"@dicodusport\" \/>\n<script type=\"application\/ld+json\" class=\"yoast-schema-graph\">{\"@context\":\"https:\/\/schema.org\",\"@graph\":[{\"@type\":\"NewsArticle\",\"@id\":\"https:\/\/dicodusport.fr\/blog\/roland-garros-2020-ce-quil-faut-retenir-de-la-premiere-journee\/#article\",\"isPartOf\":{\"@id\":\"https:\/\/dicodusport.fr\/blog\/roland-garros-2020-ce-quil-faut-retenir-de-la-premiere-journee\/\"},\"author\":{\"name\":\"Arlette Yeye\",\"@id\":\"https:\/\/dicodusport.fr\/blog\/#\/schema\/person\/cce96fa88785bd8573e3d43078ac8c79\"},\"headline\":\"Roland-Garros 2020 Ce qu&rsquo;il faut retenir de la premi\u00e8re journ\u00e9e\",\"datePublished\":\"2020-09-27T19:48:21+00:00\",\"dateModified\":\"2020-09-27T19:54:16+00:00\",\"mainEntityOfPage\":{\"@id\":\"https:\/\/dicodusport.fr\/blog\/roland-garros-2020-ce-quil-faut-retenir-de-la-premiere-journee\/\"},\"wordCount\":740,\"commentCount\":0,\"publisher\":{\"@id\":\"https:\/\/dicodusport.fr\/blog\/#organization\"},\"image\":{\"@id\":\"https:\/\/dicodusport.fr\/blog\/roland-garros-2020-ce-quil-faut-retenir-de-la-premiere-journee\/#primaryimage\"},\"thumbnailUrl\":\"https:\/\/dicodusport.fr\/blog\/wp-content\/uploads\/2020\/09\/Goffin.jpg\",\"keywords\":[\"Andy Murray\",\"Caroline Garcia\",\"David Goffin\",\"Jannik Sinner\",\"Sebastian Korda\"],\"articleSection\":[\"Tennis\"],\"inLanguage\":\"fr-FR\",\"potentialAction\":[{\"@type\":\"CommentAction\",\"name\":\"Comment\",\"target\":[\"https:\/\/dicodusport.fr\/blog\/roland-garros-2020-ce-quil-faut-retenir-de-la-premiere-journee\/#respond\"]}],\"copyrightYear\":\"2020\",\"copyrightHolder\":{\"@id\":\"https:\/\/dicodusport.fr\/blog\/#organization\"}},{\"@type\":\"WebPage\",\"@id\":\"https:\/\/dicodusport.fr\/blog\/roland-garros-2020-ce-quil-faut-retenir-de-la-premiere-journee\/\",\"url\":\"https:\/\/dicodusport.fr\/blog\/roland-garros-2020-ce-quil-faut-retenir-de-la-premiere-journee\/\",\"name\":\"Roland-Garros 2020 Ce qu'il faut retenir de la premi\u00e8re journ\u00e9e\",\"isPartOf\":{\"@id\":\"https:\/\/dicodusport.fr\/blog\/#website\"},\"primaryImageOfPage\":{\"@id\":\"https:\/\/dicodusport.fr\/blog\/roland-garros-2020-ce-quil-faut-retenir-de-la-premiere-journee\/#primaryimage\"},\"image\":{\"@id\":\"https:\/\/dicodusport.fr\/blog\/roland-garros-2020-ce-quil-faut-retenir-de-la-premiere-journee\/#primaryimage\"},\"thumbnailUrl\":\"https:\/\/dicodusport.fr\/blog\/wp-content\/uploads\/2020\/09\/Goffin.jpg\",\"datePublished\":\"2020-09-27T19:48:21+00:00\",\"dateModified\":\"2020-09-27T19:54:16+00:00\",\"description\":\"\u00c7a y est ! Le tournoi de Roland-Garros a d\u00e9but\u00e9. Voici les principales informations de la premi\u00e8re journ\u00e9e.\",\"breadcrumb\":{\"@id\":\"https:\/\/dicodusport.fr\/blog\/roland-garros-2020-ce-quil-faut-retenir-de-la-premiere-journee\/#breadcrumb\"},\"inLanguage\":\"fr-FR\",\"potentialAction\":[{\"@type\":\"ReadAction\",\"target\":[\"https:\/\/dicodusport.fr\/blog\/roland-garros-2020-ce-quil-faut-retenir-de-la-premiere-journee\/\"]}]},{\"@type\":\"ImageObject\",\"inLanguage\":\"fr-FR\",\"@id\":\"https:\/\/dicodusport.fr\/blog\/roland-garros-2020-ce-quil-faut-retenir-de-la-premiere-journee\/#primaryimage\",\"url\":\"https:\/\/dicodusport.fr\/blog\/wp-content\/uploads\/2020\/09\/Goffin.jpg\",\"contentUrl\":\"https:\/\/dicodusport.fr\/blog\/wp-content\/uploads\/2020\/09\/Goffin.jpg\",\"width\":800,\"height\":440},{\"@type\":\"BreadcrumbList\",\"@id\":\"https:\/\/dicodusport.fr\/blog\/roland-garros-2020-ce-quil-faut-retenir-de-la-premiere-journee\/#breadcrumb\",\"itemListElement\":[{\"@type\":\"ListItem\",\"position\":1,\"name\":\"Accueil\",\"item\":\"https:\/\/dicodusport.fr\/blog\/\"},{\"@type\":\"ListItem\",\"position\":2,\"name\":\"Roland-Garros 2020 Ce qu&rsquo;il faut retenir de la premi\u00e8re journ\u00e9e\"}]},{\"@type\":\"WebSite\",\"@id\":\"https:\/\/dicodusport.fr\/blog\/#website\",\"url\":\"https:\/\/dicodusport.fr\/blog\/\",\"name\":\"Dicodusport\",\"description\":\"L&#039;encyclop\u00e9die de l&#039;actualit\u00e9 sportive\",\"publisher\":{\"@id\":\"https:\/\/dicodusport.fr\/blog\/#organization\"},\"potentialAction\":[{\"@type\":\"SearchAction\",\"target\":{\"@type\":\"EntryPoint\",\"urlTemplate\":\"https:\/\/dicodusport.fr\/blog\/?s={search_term_string}\"},\"query-input\":{\"@type\":\"PropertyValueSpecification\",\"valueRequired\":true,\"valueName\":\"search_term_string\"}}],\"inLanguage\":\"fr-FR\"},{\"@type\":\"NewsMediaOrganization\",\"@id\":\"https:\/\/dicodusport.fr\/blog\/#organization\",\"name\":\"Dicodusport\",\"url\":\"https:\/\/dicodusport.fr\/blog\/\",\"logo\":{\"@type\":\"ImageObject\",\"inLanguage\":\"fr-FR\",\"@id\":\"https:\/\/dicodusport.fr\/blog\/#\/schema\/logo\/image\/\",\"url\":\"https:\/\/dicodusport.fr\/blog\/wp-content\/uploads\/2020\/06\/cropped-LOGO-DICODUSPORT-2020-SANS-FOND-SANS-TEXTE.png\",\"contentUrl\":\"https:\/\/dicodusport.fr\/blog\/wp-content\/uploads\/2020\/06\/cropped-LOGO-DICODUSPORT-2020-SANS-FOND-SANS-TEXTE.png\",\"width\":512,\"height\":512,\"caption\":\"Dicodusport\"},\"image\":{\"@id\":\"https:\/\/dicodusport.fr\/blog\/#\/schema\/logo\/image\/\"},\"sameAs\":[\"https:\/\/www.facebook.com\/dicodusport\",\"https:\/\/x.com\/dicodusport\",\"https:\/\/www.instagram.com\/dicodusport\/\",\"https:\/\/www.youtube.com\/channel\/UC7V2KZ5sd3htJivAbA4ZG3w\"],\"description\":\"Dicodusport est l'encyclop\u00e9die de l'actualit\u00e9 sportive.\",\"email\":\"bonjour@dicodusport.fr\",\"legalName\":\"DICODUSPORT\",\"foundingDate\":\"2018-01-14\",\"vatID\":\"FR71834470973\",\"taxID\":\"83447097300043\",\"numberOfEmployees\":{\"@type\":\"QuantitativeValue\",\"minValue\":\"1\",\"maxValue\":\"10\"}},{\"@type\":\"Person\",\"@id\":\"https:\/\/dicodusport.fr\/blog\/#\/schema\/person\/cce96fa88785bd8573e3d43078ac8c79\",\"name\":\"Arlette Yeye\",\"image\":{\"@type\":\"ImageObject\",\"inLanguage\":\"fr-FR\",\"@id\":\"https:\/\/dicodusport.fr\/blog\/#\/schema\/person\/image\/\",\"url\":\"https:\/\/secure.gravatar.com\/avatar\/dca4a6239e6d708e46c45d60e160de6c?s=96&d=wp_user_avatar&r=g\",\"contentUrl\":\"https:\/\/secure.gravatar.com\/avatar\/dca4a6239e6d708e46c45d60e160de6c?s=96&d=wp_user_avatar&r=g\",\"caption\":\"Arlette Yeye\"},\"description\":\"Journaliste\/r\u00e9dactrice depuis septembre 2015 - Supportrice de Chelsea, j'ai pour sports de pr\u00e9dilection le handball, l'athl\u00e9tisme et le tennis. Si je tweete plus vite que mon ombre, vous pouvez aussi me retrouver les week-ends sur les playgrounds de Bruxelles pour un petit foot ou basket entre potes. Parcourir la France, l'Europe et plus si affinit\u00e9s pour suivre mes sportifs pr\u00e9f\u00e9r\u00e9s ? Mon kif ! Et c'est avec plaisir que je partage les r\u00e9sultats des sports populaires mais \u00e9galement plus confidentiels pour Dicodusport.\",\"sameAs\":[\"https:\/\/x.com\/https:\/\/twitter.com\/Shiclette94\"],\"url\":\"https:\/\/dicodusport.fr\/blog\/author\/arlette\/\"}]}<\/script>\n<!-- \/ Yoast SEO Premium plugin. -->","yoast_head_json":{"title":"Roland-Garros 2020 Ce qu'il faut retenir de la premi\u00e8re journ\u00e9e","description":"\u00c7a y est ! Le tournoi de Roland-Garros a d\u00e9but\u00e9. Voici les principales informations de la premi\u00e8re journ\u00e9e.","robots":{"index":"index","follow":"follow","max-snippet":"max-snippet:-1","max-image-preview":"max-image-preview:large","max-video-preview":"max-video-preview:-1"},"canonical":"https:\/\/dicodusport.fr\/blog\/roland-garros-2020-ce-quil-faut-retenir-de-la-premiere-journee\/","og_locale":"fr_FR","og_type":"article","og_title":"Roland-Garros 2020 Ce qu'il faut retenir de la premi\u00e8re journ\u00e9e","og_description":"\u00c7a y est ! Le tournoi de Roland-Garros a d\u00e9but\u00e9. Voici les principales informations de la premi\u00e8re journ\u00e9e.","og_url":"https:\/\/dicodusport.fr\/blog\/roland-garros-2020-ce-quil-faut-retenir-de-la-premiere-journee\/","og_site_name":"Dicodusport","article_publisher":"https:\/\/www.facebook.com\/dicodusport","article_published_time":"2020-09-27T19:48:21+00:00","article_modified_time":"2020-09-27T19:54:16+00:00","og_image":[{"width":800,"height":440,"url":"https:\/\/dicodusport.fr\/blog\/wp-content\/uploads\/2020\/09\/Goffin.jpg","type":"image\/jpeg"}],"author":"Arlette Yeye","twitter_card":"summary_large_image","twitter_title":"Roland-Garros 2020 Ce qu'il faut retenir de la premi\u00e8re journ\u00e9e","twitter_creator":"@https:\/\/twitter.com\/Shiclette94","twitter_site":"@dicodusport","schema":{"@context":"https:\/\/schema.org","@graph":[{"@type":"NewsArticle","@id":"https:\/\/dicodusport.fr\/blog\/roland-garros-2020-ce-quil-faut-retenir-de-la-premiere-journee\/#article","isPartOf":{"@id":"https:\/\/dicodusport.fr\/blog\/roland-garros-2020-ce-quil-faut-retenir-de-la-premiere-journee\/"},"author":{"name":"Arlette Yeye","@id":"https:\/\/dicodusport.fr\/blog\/#\/schema\/person\/cce96fa88785bd8573e3d43078ac8c79"},"headline":"Roland-Garros 2020 Ce qu&rsquo;il faut retenir de la premi\u00e8re journ\u00e9e","datePublished":"2020-09-27T19:48:21+00:00","dateModified":"2020-09-27T19:54:16+00:00","mainEntityOfPage":{"@id":"https:\/\/dicodusport.fr\/blog\/roland-garros-2020-ce-quil-faut-retenir-de-la-premiere-journee\/"},"wordCount":740,"commentCount":0,"publisher":{"@id":"https:\/\/dicodusport.fr\/blog\/#organization"},"image":{"@id":"https:\/\/dicodusport.fr\/blog\/roland-garros-2020-ce-quil-faut-retenir-de-la-premiere-journee\/#primaryimage"},"thumbnailUrl":"https:\/\/dicodusport.fr\/blog\/wp-content\/uploads\/2020\/09\/Goffin.jpg","keywords":["Andy Murray","Caroline Garcia","David Goffin","Jannik Sinner","Sebastian Korda"],"articleSection":["Tennis"],"inLanguage":"fr-FR","potentialAction":[{"@type":"CommentAction","name":"Comment","target":["https:\/\/dicodusport.fr\/blog\/roland-garros-2020-ce-quil-faut-retenir-de-la-premiere-journee\/#respond"]}],"copyrightYear":"2020","copyrightHolder":{"@id":"https:\/\/dicodusport.fr\/blog\/#organization"}},{"@type":"WebPage","@id":"https:\/\/dicodusport.fr\/blog\/roland-garros-2020-ce-quil-faut-retenir-de-la-premiere-journee\/","url":"https:\/\/dicodusport.fr\/blog\/roland-garros-2020-ce-quil-faut-retenir-de-la-premiere-journee\/","name":"Roland-Garros 2020 Ce qu'il faut retenir de la premi\u00e8re journ\u00e9e","isPartOf":{"@id":"https:\/\/dicodusport.fr\/blog\/#website"},"primaryImageOfPage":{"@id":"https:\/\/dicodusport.fr\/blog\/roland-garros-2020-ce-quil-faut-retenir-de-la-premiere-journee\/#primaryimage"},"image":{"@id":"https:\/\/dicodusport.fr\/blog\/roland-garros-2020-ce-quil-faut-retenir-de-la-premiere-journee\/#primaryimage"},"thumbnailUrl":"https:\/\/dicodusport.fr\/blog\/wp-content\/uploads\/2020\/09\/Goffin.jpg","datePublished":"2020-09-27T19:48:21+00:00","dateModified":"2020-09-27T19:54:16+00:00","description":"\u00c7a y est ! Le tournoi de Roland-Garros a d\u00e9but\u00e9. Voici les principales informations de la premi\u00e8re journ\u00e9e.","breadcrumb":{"@id":"https:\/\/dicodusport.fr\/blog\/roland-garros-2020-ce-quil-faut-retenir-de-la-premiere-journee\/#breadcrumb"},"inLanguage":"fr-FR","potentialAction":[{"@type":"ReadAction","target":["https:\/\/dicodusport.fr\/blog\/roland-garros-2020-ce-quil-faut-retenir-de-la-premiere-journee\/"]}]},{"@type":"ImageObject","inLanguage":"fr-FR","@id":"https:\/\/dicodusport.fr\/blog\/roland-garros-2020-ce-quil-faut-retenir-de-la-premiere-journee\/#primaryimage","url":"https:\/\/dicodusport.fr\/blog\/wp-content\/uploads\/2020\/09\/Goffin.jpg","contentUrl":"https:\/\/dicodusport.fr\/blog\/wp-content\/uploads\/2020\/09\/Goffin.jpg","width":800,"height":440},{"@type":"BreadcrumbList","@id":"https:\/\/dicodusport.fr\/blog\/roland-garros-2020-ce-quil-faut-retenir-de-la-premiere-journee\/#breadcrumb","itemListElement":[{"@type":"ListItem","position":1,"name":"Accueil","item":"https:\/\/dicodusport.fr\/blog\/"},{"@type":"ListItem","position":2,"name":"Roland-Garros 2020 Ce qu&rsquo;il faut retenir de la premi\u00e8re journ\u00e9e"}]},{"@type":"WebSite","@id":"https:\/\/dicodusport.fr\/blog\/#website","url":"https:\/\/dicodusport.fr\/blog\/","name":"Dicodusport","description":"L&#039;encyclop\u00e9die de l&#039;actualit\u00e9 sportive","publisher":{"@id":"https:\/\/dicodusport.fr\/blog\/#organization"},"potentialAction":[{"@type":"SearchAction","target":{"@type":"EntryPoint","urlTemplate":"https:\/\/dicodusport.fr\/blog\/?s={search_term_string}"},"query-input":{"@type":"PropertyValueSpecification","valueRequired":true,"valueName":"search_term_string"}}],"inLanguage":"fr-FR"},{"@type":"NewsMediaOrganization","@id":"https:\/\/dicodusport.fr\/blog\/#organization","name":"Dicodusport","url":"https:\/\/dicodusport.fr\/blog\/","logo":{"@type":"ImageObject","inLanguage":"fr-FR","@id":"https:\/\/dicodusport.fr\/blog\/#\/schema\/logo\/image\/","url":"https:\/\/dicodusport.fr\/blog\/wp-content\/uploads\/2020\/06\/cropped-LOGO-DICODUSPORT-2020-SANS-FOND-SANS-TEXTE.png","contentUrl":"https:\/\/dicodusport.fr\/blog\/wp-content\/uploads\/2020\/06\/cropped-LOGO-DICODUSPORT-2020-SANS-FOND-SANS-TEXTE.png","width":512,"height":512,"caption":"Dicodusport"},"image":{"@id":"https:\/\/dicodusport.fr\/blog\/#\/schema\/logo\/image\/"},"sameAs":["https:\/\/www.facebook.com\/dicodusport","https:\/\/x.com\/dicodusport","https:\/\/www.instagram.com\/dicodusport\/","https:\/\/www.youtube.com\/channel\/UC7V2KZ5sd3htJivAbA4ZG3w"],"description":"Dicodusport est l'encyclop\u00e9die de l'actualit\u00e9 sportive.","email":"bonjour@dicodusport.fr","legalName":"DICODUSPORT","foundingDate":"2018-01-14","vatID":"FR71834470973","taxID":"83447097300043","numberOfEmployees":{"@type":"QuantitativeValue","minValue":"1","maxValue":"10"}},{"@type":"Person","@id":"https:\/\/dicodusport.fr\/blog\/#\/schema\/person\/cce96fa88785bd8573e3d43078ac8c79","name":"Arlette Yeye","image":{"@type":"ImageObject","inLanguage":"fr-FR","@id":"https:\/\/dicodusport.fr\/blog\/#\/schema\/person\/image\/","url":"https:\/\/secure.gravatar.com\/avatar\/dca4a6239e6d708e46c45d60e160de6c?s=96&d=wp_user_avatar&r=g","contentUrl":"https:\/\/secure.gravatar.com\/avatar\/dca4a6239e6d708e46c45d60e160de6c?s=96&d=wp_user_avatar&r=g","caption":"Arlette Yeye"},"description":"Journaliste\/r\u00e9dactrice depuis septembre 2015 - Supportrice de Chelsea, j'ai pour sports de pr\u00e9dilection le handball, l'athl\u00e9tisme et le tennis. Si je tweete plus vite que mon ombre, vous pouvez aussi me retrouver les week-ends sur les playgrounds de Bruxelles pour un petit foot ou basket entre potes. Parcourir la France, l'Europe et plus si affinit\u00e9s pour suivre mes sportifs pr\u00e9f\u00e9r\u00e9s ? Mon kif ! Et c'est avec plaisir que je partage les r\u00e9sultats des sports populaires mais \u00e9galement plus confidentiels pour Dicodusport.","sameAs":["https:\/\/x.com\/https:\/\/twitter.com\/Shiclette94"],"url":"https:\/\/dicodusport.fr\/blog\/author\/arlette\/"}]}},"_links":{"self":[{"href":"https:\/\/dicodusport.fr\/blog\/wp-json\/wp\/v2\/posts\/79966","targetHints":{"allow":["GET"]}}],"collection":[{"href":"https:\/\/dicodusport.fr\/blog\/wp-json\/wp\/v2\/posts"}],"about":[{"href":"https:\/\/dicodusport.fr\/blog\/wp-json\/wp\/v2\/types\/post"}],"author":[{"embeddable":true,"href":"https:\/\/dicodusport.fr\/blog\/wp-json\/wp\/v2\/users\/12"}],"replies":[{"embeddable":true,"href":"https:\/\/dicodusport.fr\/blog\/wp-json\/wp\/v2\/comments?post=79966"}],"version-history":[{"count":0,"href":"https:\/\/dicodusport.fr\/blog\/wp-json\/wp\/v2\/posts\/79966\/revisions"}],"wp:featuredmedia":[{"embeddable":true,"href":"https:\/\/dicodusport.fr\/blog\/wp-json\/wp\/v2\/media\/80094"}],"wp:attachment":[{"href":"https:\/\/dicodusport.fr\/blog\/wp-json\/wp\/v2\/media?parent=79966"}],"wp:term":[{"taxonomy":"category","embeddable":true,"href":"https:\/\/dicodusport.fr\/blog\/wp-json\/wp\/v2\/categories?post=79966"},{"taxonomy":"post_tag","embeddable":true,"href":"https:\/\/dicodusport.fr\/blog\/wp-json\/wp\/v2\/tags?post=79966"}],"curies":[{"name":"wp","href":"https:\/\/api.w.org\/{rel}","templated":true}]}}