{"id":79983,"date":"2020-09-27T15:41:54","date_gmt":"2020-09-27T13:41:54","guid":{"rendered":"https:\/\/dicodusport.fr\/blog\/?p=79983&#038;preview=true&#038;preview_id=79983"},"modified":"2020-09-27T18:57:01","modified_gmt":"2020-09-27T16:57:01","slug":"moto-gp-grand-prix-de-catalogne-fabio-quartararo-s-impose-en-patron","status":"publish","type":"post","link":"https:\/\/dicodusport.fr\/blog\/moto-gp-grand-prix-de-catalogne-fabio-quartararo-s-impose-en-patron\/","title":{"rendered":"Grand Prix de Catalogne : Fabio Quartararo s&rsquo;impose en patron"},"content":{"rendered":"<p style=\"text-align: justify;\"><strong><em><a href=\"https:\/\/dicodusport.fr\/blog\/moto-gp-grand-prix-de-catalogne-2020-programme-tv-complet\/\" target=\"_blank\" rel=\"noopener noreferrer\">MOTO GP &#8211; GRAND PRIX DE CATALOGNE<\/a> &#8211; D\u00e9j\u00e0 vainqueur \u00e0 Jerez lors des Grands Prix d&rsquo;Espagne et d&rsquo;Andalousie, Fabio Quartararo (Petronas Yamaha) r\u00e9cidive sur le sol espagnol ! Le Fran\u00e7ais a remport\u00e9 ce dimanche le Grand Prix de Catalogne \u00e0 Barcelone. Le tout en r\u00e9alisant une excellente op\u00e9ration dans la course au titre mondial.<\/em><\/strong><\/p>\n<p style=\"text-align: justify;\">Et de trois pour <strong>Fabio Quartararo<\/strong> ! Le pilote fran\u00e7ais de 21 ans a enlev\u00e9 ce dimanche le <strong>Grand Prix de Catalogne<\/strong> \u00e0 Barcelone, son troisi\u00e8me succ\u00e8s cette saison. Le Ni\u00e7ois, qui aime d\u00e9cid\u00e9ment bien l&rsquo;Espagne apr\u00e8s ses deux victoires \u00e0 Jerez, a r\u00e9alis\u00e9 une course des plus solides pour l&#8217;emporter devant les deux Suzuki de <strong>Joan Mir<\/strong> et <strong>Alex Rins<\/strong>.<\/p>\n<p style=\"text-align: justify;\">Le Tricolore, parti en deuxi\u00e8me position sur la grille de d\u00e9part, a \u00e9t\u00e9 doubl\u00e9 d\u00e8s les premiers hectom\u00e8tres par <strong>Valentino Rossi<\/strong>, pendant que <strong>Franco Morbidelli<\/strong> gardait le lead. Quartararo, plus rapide, passait son futur rempla\u00e7ant chez Petronas Yamaha, avant de se d\u00e9faire de <strong>Morbidelli<\/strong>, son actuel co\u00e9quipier, pour ne plus jamais quitter la t\u00eate de la course. Derri\u00e8re, une faute de <strong>Franco Morbidelli<\/strong>, puis le crash de Rossi \u00e0 10 tours de la fin de la course, permettaient aux Suzuki supersoniques de <strong>Mir<\/strong> et <strong>Rins<\/strong> de revenir en force, se jouant de Franco Morbidelli.<\/p>\n<blockquote class=\"twitter-tweet\">\n<p dir=\"ltr\" lang=\"fr\">VICTOIRE DE FABIO QUARTARARO &#x1f499;&#x1f90d;&#x2764;&#xfe0f;<\/p>\n<p>Le Fran\u00e7ais s&rsquo;impose pour la troisi\u00e8me fois et prend la t\u00eate du championnat du monde avec 108 points ! &#x1f3c6;&#x1f525;&#x1f3c1;<\/p>\n<p>&#x27a1;&#xfe0f; <a href=\"https:\/\/t.co\/6vTgdTN2gP\">https:\/\/t.co\/6vTgdTN2gP<\/a> | <a href=\"https:\/\/twitter.com\/hashtag\/CatalanGP?src=hash&amp;ref_src=twsrc%5Etfw\">#CatalanGP<\/a> | <a href=\"https:\/\/twitter.com\/hashtag\/MotoGP?src=hash&amp;ref_src=twsrc%5Etfw\">#MotoGP<\/a> <a href=\"https:\/\/t.co\/N9CCE1y1II\">pic.twitter.com\/N9CCE1y1II<\/a><\/p>\n<p>\u2014 CANAL+ MotoGP&#x2122; (@CanalplusMotoGP) <a href=\"https:\/\/twitter.com\/CanalplusMotoGP\/status\/1310215156107018241?ref_src=twsrc%5Etfw\">September 27, 2020<\/a><\/p><\/blockquote>\n<p><script async src=\"https:\/\/platform.twitter.com\/widgets.js\" charset=\"utf-8\"><\/script><\/p>\n<h2 style=\"text-align: justify;\">Le coup parfait de Quartararo<\/h2>\n<p style=\"text-align: justify;\">Et pas qu&rsquo;un peu ! Car outre sa troisi\u00e8me victoire en cat\u00e9gorie reine, <strong>Fabio Quartararo<\/strong> r\u00e9alise \u00e9galement l&rsquo;op\u00e9ration r\u00eav\u00e9e dans la course au titre mondial. <strong>Andrea Dovizioso<\/strong> (Ducati) au sol d\u00e8s le premier tour en compagnie de <strong>Johann Zarco<\/strong>, <strong>Maverick Vinales<\/strong> (Yamaha Factory) seulement 9\u00e8me, le Fran\u00e7ais compte ce soir 108 points au classement du championnat du monde. Soit huit unit\u00e9s de plus que <strong>Joan Mir<\/strong> (Suzuki), 18 points d&rsquo;avance sur <strong>Vinales<\/strong> et 24 sur <strong>Dovizioso<\/strong>. Une tr\u00e8s bonne nouvelle, \u00e0 six courses de la fin de la saison.<\/p>\n<ul>\n<li style=\"text-align: justify;\"><a href=\"https:\/\/fr.motorsport.com\/motogp\/standings\/\" target=\"_blank\" rel=\"noopener noreferrer\"><strong>Moto GP : Classement du championnats du monde des pilotes<\/strong><\/a><\/li>\n<\/ul>\n<p><strong><em>Dicodusport<br \/>\n<a href=\"https:\/\/www.facebook.com\/dicodusport\/\" target=\"_blank\" rel=\"noopener noreferrer\"><img loading=\"lazy\" decoding=\"async\" class=\"alignnone wp-image-2909\" src=\"http:\/\/dicodusport.fr\/blog\/wp-content\/uploads\/2017\/07\/logo-facebook-150x150.png\" alt=\"\" width=\"40\" height=\"40\" \/><\/a><a href=\"https:\/\/twitter.com\/dicodusport\" target=\"_blank\" rel=\"noopener noreferrer\"><img loading=\"lazy\" decoding=\"async\" class=\"alignnone wp-image-2908\" src=\"http:\/\/dicodusport.fr\/blog\/wp-content\/uploads\/2017\/07\/logo-twitter-150x150.png\" alt=\"\" width=\"39\" height=\"39\" \/><\/a><\/em><\/strong><\/p>\n","protected":false},"excerpt":{"rendered":"<p>MOTO GP &#8211; GRAND PRIX DE CATALOGNE &#8211; D\u00e9j\u00e0 vainqueur \u00e0 Jerez lors des Grands Prix d&rsquo;Espagne et d&rsquo;Andalousie, Fabio Quartararo (Petronas Yamaha) r\u00e9cidive sur le sol espagnol ! Le Fran\u00e7ais a remport\u00e9 ce dimanche le Grand Prix de Catalogne \u00e0 Barcelone.\u00a0<\/p>\n","protected":false},"author":4,"featured_media":79988,"comment_status":"open","ping_status":"closed","sticky":false,"template":"","format":"standard","meta":{"_acf_changed":false,"_daextam_enable_autolinks":"","footnotes":""},"categories":[8671],"tags":[11776,4736,24],"class_list":["post-79983","post","type-post","status-publish","format-standard","has-post-thumbnail","hentry","category-moto","tag-grand-prix-de-catalogne","tag-moto-gp","tag-sport"],"acf":[],"yoast_head":"<!-- This site is optimized with the Yoast SEO Premium plugin v26.7 (Yoast SEO v26.7) - https:\/\/yoast.com\/wordpress\/plugins\/seo\/ -->\n<title>Grand Prix de Catalogne : Fabio Quartararo s&#039;impose en patron<\/title>\n<meta name=\"description\" content=\"MOTO GP - GRAND PRIX DE CATALOGNE - Fabio Quartararo (Petronas Yamaha) a remport\u00e9 ce dimanche le Grand Prix de Catalogne \u00e0 Barcelone.\" \/>\n<meta name=\"robots\" content=\"index, follow, max-snippet:-1, max-image-preview:large, max-video-preview:-1\" \/>\n<link rel=\"canonical\" href=\"https:\/\/dicodusport.fr\/blog\/moto-gp-grand-prix-de-catalogne-fabio-quartararo-s-impose-en-patron\/\" \/>\n<meta property=\"og:locale\" content=\"fr_FR\" \/>\n<meta property=\"og:type\" content=\"article\" \/>\n<meta property=\"og:title\" content=\"Grand Prix de Catalogne : Fabio Quartararo s&#039;impose en patron\" \/>\n<meta property=\"og:description\" content=\"MOTO GP - GRAND PRIX DE CATALOGNE - Fabio Quartararo (Petronas Yamaha) a remport\u00e9 ce dimanche le Grand Prix de Catalogne \u00e0 Barcelone.\" \/>\n<meta property=\"og:url\" content=\"https:\/\/dicodusport.fr\/blog\/moto-gp-grand-prix-de-catalogne-fabio-quartararo-s-impose-en-patron\/\" \/>\n<meta property=\"og:site_name\" content=\"Dicodusport\" \/>\n<meta property=\"article:publisher\" content=\"https:\/\/www.facebook.com\/dicodusport\" \/>\n<meta property=\"article:author\" content=\"https:\/\/www.facebook.com\/florent.ostermann\" \/>\n<meta property=\"article:published_time\" content=\"2020-09-27T13:41:54+00:00\" \/>\n<meta property=\"article:modified_time\" content=\"2020-09-27T16:57:01+00:00\" \/>\n<meta property=\"og:image\" content=\"https:\/\/dicodusport.fr\/blog\/wp-content\/uploads\/2020\/09\/Grand-Prix-de-Catalogne-Fabio-Quartararo-simpose-en-patron.png\" \/>\n\t<meta property=\"og:image:width\" content=\"800\" \/>\n\t<meta property=\"og:image:height\" content=\"445\" \/>\n\t<meta property=\"og:image:type\" content=\"image\/png\" \/>\n<meta name=\"author\" content=\"Flo Ostermann\" \/>\n<meta name=\"twitter:card\" content=\"summary_large_image\" \/>\n<meta name=\"twitter:title\" content=\"Grand Prix de Catalogne : Fabio Quartararo s&#039;impose en patron\" \/>\n<meta name=\"twitter:creator\" content=\"@https:\/\/twitter.com\/FlOstermann\" \/>\n<meta name=\"twitter:site\" content=\"@dicodusport\" \/>\n<script type=\"application\/ld+json\" class=\"yoast-schema-graph\">{\"@context\":\"https:\/\/schema.org\",\"@graph\":[{\"@type\":\"NewsArticle\",\"@id\":\"https:\/\/dicodusport.fr\/blog\/moto-gp-grand-prix-de-catalogne-fabio-quartararo-s-impose-en-patron\/#article\",\"isPartOf\":{\"@id\":\"https:\/\/dicodusport.fr\/blog\/moto-gp-grand-prix-de-catalogne-fabio-quartararo-s-impose-en-patron\/\"},\"author\":{\"name\":\"Flo Ostermann\",\"@id\":\"https:\/\/dicodusport.fr\/blog\/#\/schema\/person\/cb02af4c173ce4a653b55e9baf388d4a\"},\"headline\":\"Grand Prix de Catalogne : Fabio Quartararo s&rsquo;impose en patron\",\"datePublished\":\"2020-09-27T13:41:54+00:00\",\"dateModified\":\"2020-09-27T16:57:01+00:00\",\"mainEntityOfPage\":{\"@id\":\"https:\/\/dicodusport.fr\/blog\/moto-gp-grand-prix-de-catalogne-fabio-quartararo-s-impose-en-patron\/\"},\"wordCount\":413,\"commentCount\":0,\"publisher\":{\"@id\":\"https:\/\/dicodusport.fr\/blog\/#organization\"},\"image\":{\"@id\":\"https:\/\/dicodusport.fr\/blog\/moto-gp-grand-prix-de-catalogne-fabio-quartararo-s-impose-en-patron\/#primaryimage\"},\"thumbnailUrl\":\"https:\/\/dicodusport.fr\/blog\/wp-content\/uploads\/2020\/09\/Grand-Prix-de-Catalogne-Fabio-Quartararo-simpose-en-patron.png\",\"keywords\":[\"Grand Prix de Catalogne\",\"Moto GP\",\"sport\"],\"articleSection\":[\"Moto\"],\"inLanguage\":\"fr-FR\",\"potentialAction\":[{\"@type\":\"CommentAction\",\"name\":\"Comment\",\"target\":[\"https:\/\/dicodusport.fr\/blog\/moto-gp-grand-prix-de-catalogne-fabio-quartararo-s-impose-en-patron\/#respond\"]}],\"copyrightYear\":\"2020\",\"copyrightHolder\":{\"@id\":\"https:\/\/dicodusport.fr\/blog\/#organization\"}},{\"@type\":\"WebPage\",\"@id\":\"https:\/\/dicodusport.fr\/blog\/moto-gp-grand-prix-de-catalogne-fabio-quartararo-s-impose-en-patron\/\",\"url\":\"https:\/\/dicodusport.fr\/blog\/moto-gp-grand-prix-de-catalogne-fabio-quartararo-s-impose-en-patron\/\",\"name\":\"Grand Prix de Catalogne : Fabio Quartararo s'impose en patron\",\"isPartOf\":{\"@id\":\"https:\/\/dicodusport.fr\/blog\/#website\"},\"primaryImageOfPage\":{\"@id\":\"https:\/\/dicodusport.fr\/blog\/moto-gp-grand-prix-de-catalogne-fabio-quartararo-s-impose-en-patron\/#primaryimage\"},\"image\":{\"@id\":\"https:\/\/dicodusport.fr\/blog\/moto-gp-grand-prix-de-catalogne-fabio-quartararo-s-impose-en-patron\/#primaryimage\"},\"thumbnailUrl\":\"https:\/\/dicodusport.fr\/blog\/wp-content\/uploads\/2020\/09\/Grand-Prix-de-Catalogne-Fabio-Quartararo-simpose-en-patron.png\",\"datePublished\":\"2020-09-27T13:41:54+00:00\",\"dateModified\":\"2020-09-27T16:57:01+00:00\",\"description\":\"MOTO GP - GRAND PRIX DE CATALOGNE - Fabio Quartararo (Petronas Yamaha) a remport\u00e9 ce dimanche le Grand Prix de Catalogne \u00e0 Barcelone.\",\"breadcrumb\":{\"@id\":\"https:\/\/dicodusport.fr\/blog\/moto-gp-grand-prix-de-catalogne-fabio-quartararo-s-impose-en-patron\/#breadcrumb\"},\"inLanguage\":\"fr-FR\",\"potentialAction\":[{\"@type\":\"ReadAction\",\"target\":[\"https:\/\/dicodusport.fr\/blog\/moto-gp-grand-prix-de-catalogne-fabio-quartararo-s-impose-en-patron\/\"]}]},{\"@type\":\"ImageObject\",\"inLanguage\":\"fr-FR\",\"@id\":\"https:\/\/dicodusport.fr\/blog\/moto-gp-grand-prix-de-catalogne-fabio-quartararo-s-impose-en-patron\/#primaryimage\",\"url\":\"https:\/\/dicodusport.fr\/blog\/wp-content\/uploads\/2020\/09\/Grand-Prix-de-Catalogne-Fabio-Quartararo-simpose-en-patron.png\",\"contentUrl\":\"https:\/\/dicodusport.fr\/blog\/wp-content\/uploads\/2020\/09\/Grand-Prix-de-Catalogne-Fabio-Quartararo-simpose-en-patron.png\",\"width\":800,\"height\":445,\"caption\":\"Grand Prix de Catalogne : Fabio Quartararo s'impose en patron\"},{\"@type\":\"BreadcrumbList\",\"@id\":\"https:\/\/dicodusport.fr\/blog\/moto-gp-grand-prix-de-catalogne-fabio-quartararo-s-impose-en-patron\/#breadcrumb\",\"itemListElement\":[{\"@type\":\"ListItem\",\"position\":1,\"name\":\"Accueil\",\"item\":\"https:\/\/dicodusport.fr\/blog\/\"},{\"@type\":\"ListItem\",\"position\":2,\"name\":\"Grand Prix de Catalogne : Fabio Quartararo s&rsquo;impose en patron\"}]},{\"@type\":\"WebSite\",\"@id\":\"https:\/\/dicodusport.fr\/blog\/#website\",\"url\":\"https:\/\/dicodusport.fr\/blog\/\",\"name\":\"Dicodusport\",\"description\":\"L&#039;encyclop\u00e9die de l&#039;actualit\u00e9 sportive\",\"publisher\":{\"@id\":\"https:\/\/dicodusport.fr\/blog\/#organization\"},\"potentialAction\":[{\"@type\":\"SearchAction\",\"target\":{\"@type\":\"EntryPoint\",\"urlTemplate\":\"https:\/\/dicodusport.fr\/blog\/?s={search_term_string}\"},\"query-input\":{\"@type\":\"PropertyValueSpecification\",\"valueRequired\":true,\"valueName\":\"search_term_string\"}}],\"inLanguage\":\"fr-FR\"},{\"@type\":\"NewsMediaOrganization\",\"@id\":\"https:\/\/dicodusport.fr\/blog\/#organization\",\"name\":\"Dicodusport\",\"url\":\"https:\/\/dicodusport.fr\/blog\/\",\"logo\":{\"@type\":\"ImageObject\",\"inLanguage\":\"fr-FR\",\"@id\":\"https:\/\/dicodusport.fr\/blog\/#\/schema\/logo\/image\/\",\"url\":\"https:\/\/dicodusport.fr\/blog\/wp-content\/uploads\/2020\/06\/cropped-LOGO-DICODUSPORT-2020-SANS-FOND-SANS-TEXTE.png\",\"contentUrl\":\"https:\/\/dicodusport.fr\/blog\/wp-content\/uploads\/2020\/06\/cropped-LOGO-DICODUSPORT-2020-SANS-FOND-SANS-TEXTE.png\",\"width\":512,\"height\":512,\"caption\":\"Dicodusport\"},\"image\":{\"@id\":\"https:\/\/dicodusport.fr\/blog\/#\/schema\/logo\/image\/\"},\"sameAs\":[\"https:\/\/www.facebook.com\/dicodusport\",\"https:\/\/x.com\/dicodusport\",\"https:\/\/www.instagram.com\/dicodusport\/\",\"https:\/\/www.youtube.com\/channel\/UC7V2KZ5sd3htJivAbA4ZG3w\"],\"description\":\"Dicodusport est l'encyclop\u00e9die de l'actualit\u00e9 sportive.\",\"email\":\"bonjour@dicodusport.fr\",\"legalName\":\"DICODUSPORT\",\"foundingDate\":\"2018-01-14\",\"vatID\":\"FR71834470973\",\"taxID\":\"83447097300043\",\"numberOfEmployees\":{\"@type\":\"QuantitativeValue\",\"minValue\":\"1\",\"maxValue\":\"10\"}},{\"@type\":\"Person\",\"@id\":\"https:\/\/dicodusport.fr\/blog\/#\/schema\/person\/cb02af4c173ce4a653b55e9baf388d4a\",\"name\":\"Flo Ostermann\",\"image\":{\"@type\":\"ImageObject\",\"inLanguage\":\"fr-FR\",\"@id\":\"https:\/\/dicodusport.fr\/blog\/#\/schema\/person\/image\/\",\"url\":\"https:\/\/dicodusport.fr\/blog\/wp-content\/uploads\/2021\/05\/Flo-Ostermann-150x150.jpg\",\"contentUrl\":\"https:\/\/dicodusport.fr\/blog\/wp-content\/uploads\/2021\/05\/Flo-Ostermann-150x150.jpg\",\"caption\":\"Flo Ostermann\"},\"description\":\"Journaliste\/R\u00e9dacteur depuis septembre 2015 - Mes premiers souvenirs dans le sport ? Les envol\u00e9es du Stade Toulousain et les duels Villeneuve-Schumacher et H\u00e4kkinen-Schumacher \u00e0 la fin des ann\u00e9es 90, la Coupe du monde de football en 1998, l\u2019exploit du XV de France face aux All Blacks en 1999, mais aussi Richard C\u0153ur de Lion qui vole sur les montagnes du Tour de France. Bien parti pour devenir professeur d\u2019EPS, les \u00e9v\u00e9nements de la vie (et la flemme d\u2019animer des s\u00e9ances de 3x500 m\u00e8tres toute ma vie) m\u2019ont conduit \u00e0 revoir mes plans. Me voil\u00e0 depuis fin 2017 sur Dicodusport, m\u00e9dia gr\u00e2ce (et pour) lequel je partage ma passion : le sport dans tous ses \u00e9tats. Le tout accompagn\u00e9 par les fous furieux et folles furieuses cit\u00e9s sur cette page !\",\"sameAs\":[\"https:\/\/www.facebook.com\/florent.ostermann\",\"https:\/\/x.com\/https:\/\/twitter.com\/FlOstermann\",\"admin\"],\"url\":\"https:\/\/dicodusport.fr\/blog\/author\/flo\/\"}]}<\/script>\n<!-- \/ Yoast SEO Premium plugin. -->","yoast_head_json":{"title":"Grand Prix de Catalogne : Fabio Quartararo s'impose en patron","description":"MOTO GP - GRAND PRIX DE CATALOGNE - Fabio Quartararo (Petronas Yamaha) a remport\u00e9 ce dimanche le Grand Prix de Catalogne \u00e0 Barcelone.","robots":{"index":"index","follow":"follow","max-snippet":"max-snippet:-1","max-image-preview":"max-image-preview:large","max-video-preview":"max-video-preview:-1"},"canonical":"https:\/\/dicodusport.fr\/blog\/moto-gp-grand-prix-de-catalogne-fabio-quartararo-s-impose-en-patron\/","og_locale":"fr_FR","og_type":"article","og_title":"Grand Prix de Catalogne : Fabio Quartararo s'impose en patron","og_description":"MOTO GP - GRAND PRIX DE CATALOGNE - Fabio Quartararo (Petronas Yamaha) a remport\u00e9 ce dimanche le Grand Prix de Catalogne \u00e0 Barcelone.","og_url":"https:\/\/dicodusport.fr\/blog\/moto-gp-grand-prix-de-catalogne-fabio-quartararo-s-impose-en-patron\/","og_site_name":"Dicodusport","article_publisher":"https:\/\/www.facebook.com\/dicodusport","article_author":"https:\/\/www.facebook.com\/florent.ostermann","article_published_time":"2020-09-27T13:41:54+00:00","article_modified_time":"2020-09-27T16:57:01+00:00","og_image":[{"width":800,"height":445,"url":"https:\/\/dicodusport.fr\/blog\/wp-content\/uploads\/2020\/09\/Grand-Prix-de-Catalogne-Fabio-Quartararo-simpose-en-patron.png","type":"image\/png"}],"author":"Flo Ostermann","twitter_card":"summary_large_image","twitter_title":"Grand Prix de Catalogne : Fabio Quartararo s'impose en patron","twitter_creator":"@https:\/\/twitter.com\/FlOstermann","twitter_site":"@dicodusport","schema":{"@context":"https:\/\/schema.org","@graph":[{"@type":"NewsArticle","@id":"https:\/\/dicodusport.fr\/blog\/moto-gp-grand-prix-de-catalogne-fabio-quartararo-s-impose-en-patron\/#article","isPartOf":{"@id":"https:\/\/dicodusport.fr\/blog\/moto-gp-grand-prix-de-catalogne-fabio-quartararo-s-impose-en-patron\/"},"author":{"name":"Flo Ostermann","@id":"https:\/\/dicodusport.fr\/blog\/#\/schema\/person\/cb02af4c173ce4a653b55e9baf388d4a"},"headline":"Grand Prix de Catalogne : Fabio Quartararo s&rsquo;impose en patron","datePublished":"2020-09-27T13:41:54+00:00","dateModified":"2020-09-27T16:57:01+00:00","mainEntityOfPage":{"@id":"https:\/\/dicodusport.fr\/blog\/moto-gp-grand-prix-de-catalogne-fabio-quartararo-s-impose-en-patron\/"},"wordCount":413,"commentCount":0,"publisher":{"@id":"https:\/\/dicodusport.fr\/blog\/#organization"},"image":{"@id":"https:\/\/dicodusport.fr\/blog\/moto-gp-grand-prix-de-catalogne-fabio-quartararo-s-impose-en-patron\/#primaryimage"},"thumbnailUrl":"https:\/\/dicodusport.fr\/blog\/wp-content\/uploads\/2020\/09\/Grand-Prix-de-Catalogne-Fabio-Quartararo-simpose-en-patron.png","keywords":["Grand Prix de Catalogne","Moto GP","sport"],"articleSection":["Moto"],"inLanguage":"fr-FR","potentialAction":[{"@type":"CommentAction","name":"Comment","target":["https:\/\/dicodusport.fr\/blog\/moto-gp-grand-prix-de-catalogne-fabio-quartararo-s-impose-en-patron\/#respond"]}],"copyrightYear":"2020","copyrightHolder":{"@id":"https:\/\/dicodusport.fr\/blog\/#organization"}},{"@type":"WebPage","@id":"https:\/\/dicodusport.fr\/blog\/moto-gp-grand-prix-de-catalogne-fabio-quartararo-s-impose-en-patron\/","url":"https:\/\/dicodusport.fr\/blog\/moto-gp-grand-prix-de-catalogne-fabio-quartararo-s-impose-en-patron\/","name":"Grand Prix de Catalogne : Fabio Quartararo s'impose en patron","isPartOf":{"@id":"https:\/\/dicodusport.fr\/blog\/#website"},"primaryImageOfPage":{"@id":"https:\/\/dicodusport.fr\/blog\/moto-gp-grand-prix-de-catalogne-fabio-quartararo-s-impose-en-patron\/#primaryimage"},"image":{"@id":"https:\/\/dicodusport.fr\/blog\/moto-gp-grand-prix-de-catalogne-fabio-quartararo-s-impose-en-patron\/#primaryimage"},"thumbnailUrl":"https:\/\/dicodusport.fr\/blog\/wp-content\/uploads\/2020\/09\/Grand-Prix-de-Catalogne-Fabio-Quartararo-simpose-en-patron.png","datePublished":"2020-09-27T13:41:54+00:00","dateModified":"2020-09-27T16:57:01+00:00","description":"MOTO GP - GRAND PRIX DE CATALOGNE - Fabio Quartararo (Petronas Yamaha) a remport\u00e9 ce dimanche le Grand Prix de Catalogne \u00e0 Barcelone.","breadcrumb":{"@id":"https:\/\/dicodusport.fr\/blog\/moto-gp-grand-prix-de-catalogne-fabio-quartararo-s-impose-en-patron\/#breadcrumb"},"inLanguage":"fr-FR","potentialAction":[{"@type":"ReadAction","target":["https:\/\/dicodusport.fr\/blog\/moto-gp-grand-prix-de-catalogne-fabio-quartararo-s-impose-en-patron\/"]}]},{"@type":"ImageObject","inLanguage":"fr-FR","@id":"https:\/\/dicodusport.fr\/blog\/moto-gp-grand-prix-de-catalogne-fabio-quartararo-s-impose-en-patron\/#primaryimage","url":"https:\/\/dicodusport.fr\/blog\/wp-content\/uploads\/2020\/09\/Grand-Prix-de-Catalogne-Fabio-Quartararo-simpose-en-patron.png","contentUrl":"https:\/\/dicodusport.fr\/blog\/wp-content\/uploads\/2020\/09\/Grand-Prix-de-Catalogne-Fabio-Quartararo-simpose-en-patron.png","width":800,"height":445,"caption":"Grand Prix de Catalogne : Fabio Quartararo s'impose en patron"},{"@type":"BreadcrumbList","@id":"https:\/\/dicodusport.fr\/blog\/moto-gp-grand-prix-de-catalogne-fabio-quartararo-s-impose-en-patron\/#breadcrumb","itemListElement":[{"@type":"ListItem","position":1,"name":"Accueil","item":"https:\/\/dicodusport.fr\/blog\/"},{"@type":"ListItem","position":2,"name":"Grand Prix de Catalogne : Fabio Quartararo s&rsquo;impose en patron"}]},{"@type":"WebSite","@id":"https:\/\/dicodusport.fr\/blog\/#website","url":"https:\/\/dicodusport.fr\/blog\/","name":"Dicodusport","description":"L&#039;encyclop\u00e9die de l&#039;actualit\u00e9 sportive","publisher":{"@id":"https:\/\/dicodusport.fr\/blog\/#organization"},"potentialAction":[{"@type":"SearchAction","target":{"@type":"EntryPoint","urlTemplate":"https:\/\/dicodusport.fr\/blog\/?s={search_term_string}"},"query-input":{"@type":"PropertyValueSpecification","valueRequired":true,"valueName":"search_term_string"}}],"inLanguage":"fr-FR"},{"@type":"NewsMediaOrganization","@id":"https:\/\/dicodusport.fr\/blog\/#organization","name":"Dicodusport","url":"https:\/\/dicodusport.fr\/blog\/","logo":{"@type":"ImageObject","inLanguage":"fr-FR","@id":"https:\/\/dicodusport.fr\/blog\/#\/schema\/logo\/image\/","url":"https:\/\/dicodusport.fr\/blog\/wp-content\/uploads\/2020\/06\/cropped-LOGO-DICODUSPORT-2020-SANS-FOND-SANS-TEXTE.png","contentUrl":"https:\/\/dicodusport.fr\/blog\/wp-content\/uploads\/2020\/06\/cropped-LOGO-DICODUSPORT-2020-SANS-FOND-SANS-TEXTE.png","width":512,"height":512,"caption":"Dicodusport"},"image":{"@id":"https:\/\/dicodusport.fr\/blog\/#\/schema\/logo\/image\/"},"sameAs":["https:\/\/www.facebook.com\/dicodusport","https:\/\/x.com\/dicodusport","https:\/\/www.instagram.com\/dicodusport\/","https:\/\/www.youtube.com\/channel\/UC7V2KZ5sd3htJivAbA4ZG3w"],"description":"Dicodusport est l'encyclop\u00e9die de l'actualit\u00e9 sportive.","email":"bonjour@dicodusport.fr","legalName":"DICODUSPORT","foundingDate":"2018-01-14","vatID":"FR71834470973","taxID":"83447097300043","numberOfEmployees":{"@type":"QuantitativeValue","minValue":"1","maxValue":"10"}},{"@type":"Person","@id":"https:\/\/dicodusport.fr\/blog\/#\/schema\/person\/cb02af4c173ce4a653b55e9baf388d4a","name":"Flo Ostermann","image":{"@type":"ImageObject","inLanguage":"fr-FR","@id":"https:\/\/dicodusport.fr\/blog\/#\/schema\/person\/image\/","url":"https:\/\/dicodusport.fr\/blog\/wp-content\/uploads\/2021\/05\/Flo-Ostermann-150x150.jpg","contentUrl":"https:\/\/dicodusport.fr\/blog\/wp-content\/uploads\/2021\/05\/Flo-Ostermann-150x150.jpg","caption":"Flo Ostermann"},"description":"Journaliste\/R\u00e9dacteur depuis septembre 2015 - Mes premiers souvenirs dans le sport ? Les envol\u00e9es du Stade Toulousain et les duels Villeneuve-Schumacher et H\u00e4kkinen-Schumacher \u00e0 la fin des ann\u00e9es 90, la Coupe du monde de football en 1998, l\u2019exploit du XV de France face aux All Blacks en 1999, mais aussi Richard C\u0153ur de Lion qui vole sur les montagnes du Tour de France. Bien parti pour devenir professeur d\u2019EPS, les \u00e9v\u00e9nements de la vie (et la flemme d\u2019animer des s\u00e9ances de 3x500 m\u00e8tres toute ma vie) m\u2019ont conduit \u00e0 revoir mes plans. Me voil\u00e0 depuis fin 2017 sur Dicodusport, m\u00e9dia gr\u00e2ce (et pour) lequel je partage ma passion : le sport dans tous ses \u00e9tats. Le tout accompagn\u00e9 par les fous furieux et folles furieuses cit\u00e9s sur cette page !","sameAs":["https:\/\/www.facebook.com\/florent.ostermann","https:\/\/x.com\/https:\/\/twitter.com\/FlOstermann","admin"],"url":"https:\/\/dicodusport.fr\/blog\/author\/flo\/"}]}},"_links":{"self":[{"href":"https:\/\/dicodusport.fr\/blog\/wp-json\/wp\/v2\/posts\/79983","targetHints":{"allow":["GET"]}}],"collection":[{"href":"https:\/\/dicodusport.fr\/blog\/wp-json\/wp\/v2\/posts"}],"about":[{"href":"https:\/\/dicodusport.fr\/blog\/wp-json\/wp\/v2\/types\/post"}],"author":[{"embeddable":true,"href":"https:\/\/dicodusport.fr\/blog\/wp-json\/wp\/v2\/users\/4"}],"replies":[{"embeddable":true,"href":"https:\/\/dicodusport.fr\/blog\/wp-json\/wp\/v2\/comments?post=79983"}],"version-history":[{"count":0,"href":"https:\/\/dicodusport.fr\/blog\/wp-json\/wp\/v2\/posts\/79983\/revisions"}],"wp:featuredmedia":[{"embeddable":true,"href":"https:\/\/dicodusport.fr\/blog\/wp-json\/wp\/v2\/media\/79988"}],"wp:attachment":[{"href":"https:\/\/dicodusport.fr\/blog\/wp-json\/wp\/v2\/media?parent=79983"}],"wp:term":[{"taxonomy":"category","embeddable":true,"href":"https:\/\/dicodusport.fr\/blog\/wp-json\/wp\/v2\/categories?post=79983"},{"taxonomy":"post_tag","embeddable":true,"href":"https:\/\/dicodusport.fr\/blog\/wp-json\/wp\/v2\/tags?post=79983"}],"curies":[{"name":"wp","href":"https:\/\/api.w.org\/{rel}","templated":true}]}}