{"id":80233,"date":"2020-09-29T14:21:17","date_gmt":"2020-09-29T12:21:17","guid":{"rendered":"https:\/\/dicodusport.fr\/blog\/?p=80233"},"modified":"2020-09-29T14:27:09","modified_gmt":"2020-09-29T12:27:09","slug":"la-releve-au-fc-barcelone-se-nomme-ansu-fati","status":"publish","type":"post","link":"https:\/\/dicodusport.fr\/blog\/la-releve-au-fc-barcelone-se-nomme-ansu-fati\/","title":{"rendered":"La rel\u00e8ve au FC Barcelone se nomme Ansu Fati"},"content":{"rendered":"<p style=\"text-align: justify;\"><em><strong>Brillant pour la premi\u00e8re sortie du FC Barcelone ce week-end face \u00e0 Villareal (4-0), le jeune Ansu Fati (17 ans) a \u00e9bloui toute la Catalogne. International espagnol depuis peu, Ansu Fati accumule les superlatifs depuis ses d\u00e9buts avec le Bar\u00e7a.<\/strong><\/em><\/p>\n<h2 style=\"text-align: justify;\">\u00ab\u00a0Un talent \u00e9norme\u00a0\u00bb<\/h2>\n<p style=\"text-align: justify;\">Son nouvel entra\u00eeneur au <b>FC Barcelone<\/b>, <b>Ronald Koeman<\/b>, ne s\u2019\u00e9tait pas tromp\u00e9 avant la rencontre face \u00e0 <b>Villareal<\/b> lors de la 1<sup>\u00e8re<\/sup> journ\u00e9e de <b>Liga<\/b>. Sans h\u00e9siter, le technicien hollandais a plac\u00e9 sa jeune p\u00e9pite au sein du 11 de d\u00e9part. Une titularisation autour du trio <b>Messi<\/b>, <b>Coutinho<\/b> et <b>Griezmann<\/b>. Avec 2 buts et un p\u00e9nalty provoqu\u00e9, <b>Ansu Fati<\/b> a r\u00e9gal\u00e9 ses co\u00e9quipiers ainsi que le football espagnol. Au point d\u2019apparaitre en une de plusieurs journaux en Espagne. Dans un <b>FC Barcelone<\/b> plus inspir\u00e9 que sur ses derni\u00e8res sorties, le natif de Guin\u00e9e-Bissau s\u2019est \u00e9clat\u00e9 montrant sa palette footballistique d\u00e9j\u00e0 tr\u00e8s compl\u00e8te pour son \u00e2ge. L\u2019\u00e9closion fulgurante d\u2019<b>Ansu Fati<\/b> donne du baume au c\u0153ur en Catalogne apr\u00e8s le passage d\u00e9licat de Quique Seti\u00e8n \u00e0 la t\u00eate de l&rsquo;\u00e9quipe.<\/p>\n<div id=\"attachment_80239\" style=\"width: 786px\" class=\"wp-caption aligncenter\"><img loading=\"lazy\" decoding=\"async\" aria-describedby=\"caption-attachment-80239\" class=\"size-full wp-image-80239\" src=\"https:\/\/dicodusport.fr\/blog\/wp-content\/uploads\/2020\/09\/Ansu-Fati-Espagne.jpg\" alt=\"\" width=\"776\" height=\"517\" srcset=\"https:\/\/dicodusport.fr\/blog\/wp-content\/uploads\/2020\/09\/Ansu-Fati-Espagne.jpg 776w, https:\/\/dicodusport.fr\/blog\/wp-content\/uploads\/2020\/09\/Ansu-Fati-Espagne-300x200.jpg 300w, https:\/\/dicodusport.fr\/blog\/wp-content\/uploads\/2020\/09\/Ansu-Fati-Espagne-768x512.jpg 768w\" sizes=\"auto, (max-width: 776px) 100vw, 776px\" \/><p id=\"caption-attachment-80239\" class=\"wp-caption-text\">Lors de la rencontre face \u00e0 l&rsquo;Ukraine (3-0) d\u00e9but septembre, Ansu Fati est devenu le plus jeune buteur de l&rsquo;histoire de la s\u00e9lection espagnole &#8211; AFP<\/p><\/div>\n<h2 style=\"text-align: justify;\">Quelle \u00e9volution pour Ansu Fati\u00a0?<\/h2>\n<p style=\"text-align: justify;\">Sa t\u00eate de bambin rappelle aussi son jeune \u00e2ge et tout le travail qu\u2019il reste \u00e0 accomplir. Sur et en dehors du terrain. L\u2019ailier de 17 ans, form\u00e9 \u00e0 la <strong>Masia<\/strong>, est d\u00e9j\u00e0 plus que verrouill\u00e9 par le <strong>FC Barcelone<\/strong>. Ses performances tant au <strong>FC Barcelone<\/strong> qu\u2019avec la <strong>Roja<\/strong> font d\u00e9j\u00e0 de lui un atout non-n\u00e9gligeable au sein des deux \u00e9quipes. Et ce pour sa deuxi\u00e8me saison en professionnel.<\/p>\n<p style=\"text-align: justify;\">\u00c0 16 ans, <strong>Ansu Fati<\/strong> devient le 3<sup>\u00e8me<\/sup> plus jeune joueur \u00e0 porter le maillot du<strong> FC Barcelone<\/strong>. D\u00e9j\u00e0 buteur en s\u00e9lection, adoub\u00e9 par <strong>Lionel Messi<\/strong>, l\u2019ailier barcelonais est li\u00e9 au club catalan jusqu\u2019en 2022. Et ce avec une option de 2 ann\u00e9es suppl\u00e9mentaires et une clause estim\u00e9e \u00e0 400 millions \u20ac ! Un verrouillage en r\u00e8gle pour la p\u00e9pite du <strong>FC Barcelone<\/strong>, encadr\u00e9e et conseill\u00e9e par le sulfureux agent <strong>Jorge Mendes<\/strong>. Si le r\u00eave d\u2019<strong>Ansu Fati<\/strong> \u00ab\u00a0<em>de jouer avec Messi<\/em>\u00a0\u00bb est maintenant r\u00e9alis\u00e9, il nous tarde d\u2019observer la courbe d\u2019\u00e9volution de nouveau h\u00e9ros en Catalogne. Juste pour information, depuis ses d\u00e9buts avec le <strong>FC Barcelone<\/strong>, <strong>Ansu Fati<\/strong> a d\u00e9j\u00e0 marqu\u00e9 10 buts \u2026 en 15 tirs\u00a0!<\/p>\n<blockquote class=\"twitter-tweet\">\n<p dir=\"ltr\" lang=\"fr\">Le Bar\u00e7a a rejet\u00e9 l&rsquo;offre de 136M\u00a3 de Man Utd pour Ansu Fati avant que le prodige ne signe un nouveau contrat.<\/p>\n<p>Selon Catalunya Radio, les Red Devils \u00e9taient alors pr\u00eats \u00e0 payer la clause de Fati de 154M\u00a3 jusqu&rsquo;\u00e0 ce que le Bar\u00e7a leur informe qu&rsquo;il \u00e9tait pass\u00e9 \u00e0 363M\u00a3 &#x1f9d0; <a href=\"https:\/\/t.co\/f9g8rrjB42\">pic.twitter.com\/f9g8rrjB42<\/a><\/p>\n<p>\u2014 Goal France &#x1f1eb;&#x1f1f7; (@GoalFrance) <a href=\"https:\/\/twitter.com\/GoalFrance\/status\/1310854325103722496?ref_src=twsrc%5Etfw\">September 29, 2020<\/a><\/p><\/blockquote>\n<p><script async src=\"https:\/\/platform.twitter.com\/widgets.js\" charset=\"utf-8\"><\/script><\/p>\n<p><em><strong>Romain Delanis<br \/>\n<\/strong><\/em><em><strong><a href=\"https:\/\/twitter.com\/RDelanis\" target=\"_blank\" rel=\"noopener noreferrer\"><img loading=\"lazy\" decoding=\"async\" class=\"alignnone wp-image-2908\" src=\"http:\/\/dicodusport.fr\/blog\/wp-content\/uploads\/2017\/07\/logo-twitter-150x150.png\" alt=\"\" width=\"39\" height=\"39\" \/><\/a><\/strong><\/em><\/p>\n<p>&nbsp;<\/p>\n","protected":false},"excerpt":{"rendered":"<p>Brillant pour la premi\u00e8re sortie du FC Barcelone ce week-end face \u00e0 Villarreal (4-0), le jeune Ansu Fati (17 ans) a \u00e9bloui toute la Catalogne. International espagnol depuis peu, Ansu Fati accumule les superlatifs depuis ses d\u00e9buts avec le Bar\u00e7a.<\/p>\n","protected":false},"author":14,"featured_media":80250,"comment_status":"open","ping_status":"closed","sticky":false,"template":"","format":"standard","meta":{"_acf_changed":false,"_daextam_enable_autolinks":"","footnotes":""},"categories":[2301],"tags":[359,4203,75,4204,24],"class_list":["post-80233","post","type-post","status-publish","format-standard","has-post-thumbnail","hentry","category-football","tag-espagne","tag-fc-barcelone","tag-football","tag-liga","tag-sport"],"acf":[],"yoast_head":"<!-- This site is optimized with the Yoast SEO Premium plugin v26.7 (Yoast SEO v26.7) - https:\/\/yoast.com\/wordpress\/plugins\/seo\/ -->\n<title>La rel\u00e8ve au FC Barcelone se nomme Ansu Fati<\/title>\n<meta name=\"description\" content=\"Brillant pour la premi\u00e8re sortie du FC Barcelone ce week-end face \u00e0 Villarreal (4-0), le jeune Ansu Fati (17 ans) a \u00e9bloui toute la Catalogne.\" \/>\n<meta name=\"robots\" content=\"index, follow, max-snippet:-1, max-image-preview:large, max-video-preview:-1\" \/>\n<link rel=\"canonical\" href=\"https:\/\/dicodusport.fr\/blog\/la-releve-au-fc-barcelone-se-nomme-ansu-fati\/\" \/>\n<meta property=\"og:locale\" content=\"fr_FR\" \/>\n<meta property=\"og:type\" content=\"article\" \/>\n<meta property=\"og:title\" content=\"La rel\u00e8ve au FC Barcelone se nomme Ansu Fati\" \/>\n<meta property=\"og:description\" content=\"Brillant pour la premi\u00e8re sortie du FC Barcelone ce week-end face \u00e0 Villarreal (4-0), le jeune Ansu Fati (17 ans) a \u00e9bloui toute la Catalogne.\" \/>\n<meta property=\"og:url\" content=\"https:\/\/dicodusport.fr\/blog\/la-releve-au-fc-barcelone-se-nomme-ansu-fati\/\" \/>\n<meta property=\"og:site_name\" content=\"Dicodusport\" \/>\n<meta property=\"article:publisher\" content=\"https:\/\/www.facebook.com\/dicodusport\" \/>\n<meta property=\"article:published_time\" content=\"2020-09-29T12:21:17+00:00\" \/>\n<meta property=\"article:modified_time\" content=\"2020-09-29T12:27:09+00:00\" \/>\n<meta property=\"og:image\" content=\"https:\/\/dicodusport.fr\/blog\/wp-content\/uploads\/2020\/09\/La-rel\u00e8ve-au-FC-Barcelone-se-nomme-Ansu-Fati.png\" \/>\n\t<meta property=\"og:image:width\" content=\"800\" \/>\n\t<meta property=\"og:image:height\" content=\"445\" \/>\n\t<meta property=\"og:image:type\" content=\"image\/png\" \/>\n<meta name=\"author\" content=\"Romain Delanis\" \/>\n<meta name=\"twitter:card\" content=\"summary_large_image\" \/>\n<meta name=\"twitter:title\" content=\"La rel\u00e8ve au FC Barcelone se nomme Ansu Fati\" \/>\n<meta name=\"twitter:creator\" content=\"@https:\/\/twitter.com\/RDelanis\" \/>\n<meta name=\"twitter:site\" content=\"@dicodusport\" \/>\n<script type=\"application\/ld+json\" class=\"yoast-schema-graph\">{\"@context\":\"https:\/\/schema.org\",\"@graph\":[{\"@type\":\"NewsArticle\",\"@id\":\"https:\/\/dicodusport.fr\/blog\/la-releve-au-fc-barcelone-se-nomme-ansu-fati\/#article\",\"isPartOf\":{\"@id\":\"https:\/\/dicodusport.fr\/blog\/la-releve-au-fc-barcelone-se-nomme-ansu-fati\/\"},\"author\":{\"name\":\"Romain Delanis\",\"@id\":\"https:\/\/dicodusport.fr\/blog\/#\/schema\/person\/8c78730a59f8a1e617f7a19026ebc14a\"},\"headline\":\"La rel\u00e8ve au FC Barcelone se nomme Ansu Fati\",\"datePublished\":\"2020-09-29T12:21:17+00:00\",\"dateModified\":\"2020-09-29T12:27:09+00:00\",\"mainEntityOfPage\":{\"@id\":\"https:\/\/dicodusport.fr\/blog\/la-releve-au-fc-barcelone-se-nomme-ansu-fati\/\"},\"wordCount\":517,\"commentCount\":0,\"publisher\":{\"@id\":\"https:\/\/dicodusport.fr\/blog\/#organization\"},\"image\":{\"@id\":\"https:\/\/dicodusport.fr\/blog\/la-releve-au-fc-barcelone-se-nomme-ansu-fati\/#primaryimage\"},\"thumbnailUrl\":\"https:\/\/dicodusport.fr\/blog\/wp-content\/uploads\/2020\/09\/La-rel\u00e8ve-au-FC-Barcelone-se-nomme-Ansu-Fati.png\",\"keywords\":[\"Espagne\",\"FC Barcelone\",\"Football\",\"Liga\",\"sport\"],\"articleSection\":[\"Football\"],\"inLanguage\":\"fr-FR\",\"potentialAction\":[{\"@type\":\"CommentAction\",\"name\":\"Comment\",\"target\":[\"https:\/\/dicodusport.fr\/blog\/la-releve-au-fc-barcelone-se-nomme-ansu-fati\/#respond\"]}],\"copyrightYear\":\"2020\",\"copyrightHolder\":{\"@id\":\"https:\/\/dicodusport.fr\/blog\/#organization\"}},{\"@type\":\"WebPage\",\"@id\":\"https:\/\/dicodusport.fr\/blog\/la-releve-au-fc-barcelone-se-nomme-ansu-fati\/\",\"url\":\"https:\/\/dicodusport.fr\/blog\/la-releve-au-fc-barcelone-se-nomme-ansu-fati\/\",\"name\":\"La rel\u00e8ve au FC Barcelone se nomme Ansu Fati\",\"isPartOf\":{\"@id\":\"https:\/\/dicodusport.fr\/blog\/#website\"},\"primaryImageOfPage\":{\"@id\":\"https:\/\/dicodusport.fr\/blog\/la-releve-au-fc-barcelone-se-nomme-ansu-fati\/#primaryimage\"},\"image\":{\"@id\":\"https:\/\/dicodusport.fr\/blog\/la-releve-au-fc-barcelone-se-nomme-ansu-fati\/#primaryimage\"},\"thumbnailUrl\":\"https:\/\/dicodusport.fr\/blog\/wp-content\/uploads\/2020\/09\/La-rel\u00e8ve-au-FC-Barcelone-se-nomme-Ansu-Fati.png\",\"datePublished\":\"2020-09-29T12:21:17+00:00\",\"dateModified\":\"2020-09-29T12:27:09+00:00\",\"description\":\"Brillant pour la premi\u00e8re sortie du FC Barcelone ce week-end face \u00e0 Villarreal (4-0), le jeune Ansu Fati (17 ans) a \u00e9bloui toute la Catalogne.\",\"breadcrumb\":{\"@id\":\"https:\/\/dicodusport.fr\/blog\/la-releve-au-fc-barcelone-se-nomme-ansu-fati\/#breadcrumb\"},\"inLanguage\":\"fr-FR\",\"potentialAction\":[{\"@type\":\"ReadAction\",\"target\":[\"https:\/\/dicodusport.fr\/blog\/la-releve-au-fc-barcelone-se-nomme-ansu-fati\/\"]}]},{\"@type\":\"ImageObject\",\"inLanguage\":\"fr-FR\",\"@id\":\"https:\/\/dicodusport.fr\/blog\/la-releve-au-fc-barcelone-se-nomme-ansu-fati\/#primaryimage\",\"url\":\"https:\/\/dicodusport.fr\/blog\/wp-content\/uploads\/2020\/09\/La-rel\u00e8ve-au-FC-Barcelone-se-nomme-Ansu-Fati.png\",\"contentUrl\":\"https:\/\/dicodusport.fr\/blog\/wp-content\/uploads\/2020\/09\/La-rel\u00e8ve-au-FC-Barcelone-se-nomme-Ansu-Fati.png\",\"width\":800,\"height\":445,\"caption\":\"La rel\u00e8ve au FC Barcelone se nomme Ansu Fati\"},{\"@type\":\"BreadcrumbList\",\"@id\":\"https:\/\/dicodusport.fr\/blog\/la-releve-au-fc-barcelone-se-nomme-ansu-fati\/#breadcrumb\",\"itemListElement\":[{\"@type\":\"ListItem\",\"position\":1,\"name\":\"Accueil\",\"item\":\"https:\/\/dicodusport.fr\/blog\/\"},{\"@type\":\"ListItem\",\"position\":2,\"name\":\"La rel\u00e8ve au FC Barcelone se nomme Ansu Fati\"}]},{\"@type\":\"WebSite\",\"@id\":\"https:\/\/dicodusport.fr\/blog\/#website\",\"url\":\"https:\/\/dicodusport.fr\/blog\/\",\"name\":\"Dicodusport\",\"description\":\"L&#039;encyclop\u00e9die de l&#039;actualit\u00e9 sportive\",\"publisher\":{\"@id\":\"https:\/\/dicodusport.fr\/blog\/#organization\"},\"potentialAction\":[{\"@type\":\"SearchAction\",\"target\":{\"@type\":\"EntryPoint\",\"urlTemplate\":\"https:\/\/dicodusport.fr\/blog\/?s={search_term_string}\"},\"query-input\":{\"@type\":\"PropertyValueSpecification\",\"valueRequired\":true,\"valueName\":\"search_term_string\"}}],\"inLanguage\":\"fr-FR\"},{\"@type\":\"NewsMediaOrganization\",\"@id\":\"https:\/\/dicodusport.fr\/blog\/#organization\",\"name\":\"Dicodusport\",\"url\":\"https:\/\/dicodusport.fr\/blog\/\",\"logo\":{\"@type\":\"ImageObject\",\"inLanguage\":\"fr-FR\",\"@id\":\"https:\/\/dicodusport.fr\/blog\/#\/schema\/logo\/image\/\",\"url\":\"https:\/\/dicodusport.fr\/blog\/wp-content\/uploads\/2020\/06\/cropped-LOGO-DICODUSPORT-2020-SANS-FOND-SANS-TEXTE.png\",\"contentUrl\":\"https:\/\/dicodusport.fr\/blog\/wp-content\/uploads\/2020\/06\/cropped-LOGO-DICODUSPORT-2020-SANS-FOND-SANS-TEXTE.png\",\"width\":512,\"height\":512,\"caption\":\"Dicodusport\"},\"image\":{\"@id\":\"https:\/\/dicodusport.fr\/blog\/#\/schema\/logo\/image\/\"},\"sameAs\":[\"https:\/\/www.facebook.com\/dicodusport\",\"https:\/\/x.com\/dicodusport\",\"https:\/\/www.instagram.com\/dicodusport\/\",\"https:\/\/www.youtube.com\/channel\/UC7V2KZ5sd3htJivAbA4ZG3w\"],\"description\":\"Dicodusport est l'encyclop\u00e9die de l'actualit\u00e9 sportive.\",\"email\":\"bonjour@dicodusport.fr\",\"legalName\":\"DICODUSPORT\",\"foundingDate\":\"2018-01-14\",\"vatID\":\"FR71834470973\",\"taxID\":\"83447097300043\",\"numberOfEmployees\":{\"@type\":\"QuantitativeValue\",\"minValue\":\"1\",\"maxValue\":\"10\"}},{\"@type\":\"Person\",\"@id\":\"https:\/\/dicodusport.fr\/blog\/#\/schema\/person\/8c78730a59f8a1e617f7a19026ebc14a\",\"name\":\"Romain Delanis\",\"image\":{\"@type\":\"ImageObject\",\"inLanguage\":\"fr-FR\",\"@id\":\"https:\/\/dicodusport.fr\/blog\/#\/schema\/person\/image\/\",\"url\":\"https:\/\/dicodusport.fr\/blog\/wp-content\/uploads\/2021\/05\/Romain-Delanis-150x150.jpg\",\"contentUrl\":\"https:\/\/dicodusport.fr\/blog\/wp-content\/uploads\/2021\/05\/Romain-Delanis-150x150.jpg\",\"caption\":\"Romain Delanis\"},\"description\":\"Journaliste\/R\u00e9dacteur depuis novembre 2015 - Capable de passer un samedi apr\u00e8s-midi devant la Ligue 2 puis le biathlon sans oublier la finale de l\u2019ATP Rotterdam, j\u2019aime aussi mettre mon r\u00e9veil pour me faire un Pistons\/Bulls qui rappelle de bons souvenirs. Tout cela, j\u2019ai choisi il y a maintenant quelques temps de vous le raconter avec Dicodusport, pour vous faire vivre ma passion parfois inconsid\u00e9r\u00e9e pour le sport en g\u00e9n\u00e9ral (mais surtout le foot faut se l\u2019avouer).\",\"sameAs\":[\"https:\/\/x.com\/https:\/\/twitter.com\/RDelanis\"],\"url\":\"https:\/\/dicodusport.fr\/blog\/author\/romain\/\"}]}<\/script>\n<!-- \/ Yoast SEO Premium plugin. -->","yoast_head_json":{"title":"La rel\u00e8ve au FC Barcelone se nomme Ansu Fati","description":"Brillant pour la premi\u00e8re sortie du FC Barcelone ce week-end face \u00e0 Villarreal (4-0), le jeune Ansu Fati (17 ans) a \u00e9bloui toute la Catalogne.","robots":{"index":"index","follow":"follow","max-snippet":"max-snippet:-1","max-image-preview":"max-image-preview:large","max-video-preview":"max-video-preview:-1"},"canonical":"https:\/\/dicodusport.fr\/blog\/la-releve-au-fc-barcelone-se-nomme-ansu-fati\/","og_locale":"fr_FR","og_type":"article","og_title":"La rel\u00e8ve au FC Barcelone se nomme Ansu Fati","og_description":"Brillant pour la premi\u00e8re sortie du FC Barcelone ce week-end face \u00e0 Villarreal (4-0), le jeune Ansu Fati (17 ans) a \u00e9bloui toute la Catalogne.","og_url":"https:\/\/dicodusport.fr\/blog\/la-releve-au-fc-barcelone-se-nomme-ansu-fati\/","og_site_name":"Dicodusport","article_publisher":"https:\/\/www.facebook.com\/dicodusport","article_published_time":"2020-09-29T12:21:17+00:00","article_modified_time":"2020-09-29T12:27:09+00:00","og_image":[{"width":800,"height":445,"url":"https:\/\/dicodusport.fr\/blog\/wp-content\/uploads\/2020\/09\/La-rel\u00e8ve-au-FC-Barcelone-se-nomme-Ansu-Fati.png","type":"image\/png"}],"author":"Romain Delanis","twitter_card":"summary_large_image","twitter_title":"La rel\u00e8ve au FC Barcelone se nomme Ansu Fati","twitter_creator":"@https:\/\/twitter.com\/RDelanis","twitter_site":"@dicodusport","schema":{"@context":"https:\/\/schema.org","@graph":[{"@type":"NewsArticle","@id":"https:\/\/dicodusport.fr\/blog\/la-releve-au-fc-barcelone-se-nomme-ansu-fati\/#article","isPartOf":{"@id":"https:\/\/dicodusport.fr\/blog\/la-releve-au-fc-barcelone-se-nomme-ansu-fati\/"},"author":{"name":"Romain Delanis","@id":"https:\/\/dicodusport.fr\/blog\/#\/schema\/person\/8c78730a59f8a1e617f7a19026ebc14a"},"headline":"La rel\u00e8ve au FC Barcelone se nomme Ansu Fati","datePublished":"2020-09-29T12:21:17+00:00","dateModified":"2020-09-29T12:27:09+00:00","mainEntityOfPage":{"@id":"https:\/\/dicodusport.fr\/blog\/la-releve-au-fc-barcelone-se-nomme-ansu-fati\/"},"wordCount":517,"commentCount":0,"publisher":{"@id":"https:\/\/dicodusport.fr\/blog\/#organization"},"image":{"@id":"https:\/\/dicodusport.fr\/blog\/la-releve-au-fc-barcelone-se-nomme-ansu-fati\/#primaryimage"},"thumbnailUrl":"https:\/\/dicodusport.fr\/blog\/wp-content\/uploads\/2020\/09\/La-rel\u00e8ve-au-FC-Barcelone-se-nomme-Ansu-Fati.png","keywords":["Espagne","FC Barcelone","Football","Liga","sport"],"articleSection":["Football"],"inLanguage":"fr-FR","potentialAction":[{"@type":"CommentAction","name":"Comment","target":["https:\/\/dicodusport.fr\/blog\/la-releve-au-fc-barcelone-se-nomme-ansu-fati\/#respond"]}],"copyrightYear":"2020","copyrightHolder":{"@id":"https:\/\/dicodusport.fr\/blog\/#organization"}},{"@type":"WebPage","@id":"https:\/\/dicodusport.fr\/blog\/la-releve-au-fc-barcelone-se-nomme-ansu-fati\/","url":"https:\/\/dicodusport.fr\/blog\/la-releve-au-fc-barcelone-se-nomme-ansu-fati\/","name":"La rel\u00e8ve au FC Barcelone se nomme Ansu Fati","isPartOf":{"@id":"https:\/\/dicodusport.fr\/blog\/#website"},"primaryImageOfPage":{"@id":"https:\/\/dicodusport.fr\/blog\/la-releve-au-fc-barcelone-se-nomme-ansu-fati\/#primaryimage"},"image":{"@id":"https:\/\/dicodusport.fr\/blog\/la-releve-au-fc-barcelone-se-nomme-ansu-fati\/#primaryimage"},"thumbnailUrl":"https:\/\/dicodusport.fr\/blog\/wp-content\/uploads\/2020\/09\/La-rel\u00e8ve-au-FC-Barcelone-se-nomme-Ansu-Fati.png","datePublished":"2020-09-29T12:21:17+00:00","dateModified":"2020-09-29T12:27:09+00:00","description":"Brillant pour la premi\u00e8re sortie du FC Barcelone ce week-end face \u00e0 Villarreal (4-0), le jeune Ansu Fati (17 ans) a \u00e9bloui toute la Catalogne.","breadcrumb":{"@id":"https:\/\/dicodusport.fr\/blog\/la-releve-au-fc-barcelone-se-nomme-ansu-fati\/#breadcrumb"},"inLanguage":"fr-FR","potentialAction":[{"@type":"ReadAction","target":["https:\/\/dicodusport.fr\/blog\/la-releve-au-fc-barcelone-se-nomme-ansu-fati\/"]}]},{"@type":"ImageObject","inLanguage":"fr-FR","@id":"https:\/\/dicodusport.fr\/blog\/la-releve-au-fc-barcelone-se-nomme-ansu-fati\/#primaryimage","url":"https:\/\/dicodusport.fr\/blog\/wp-content\/uploads\/2020\/09\/La-rel\u00e8ve-au-FC-Barcelone-se-nomme-Ansu-Fati.png","contentUrl":"https:\/\/dicodusport.fr\/blog\/wp-content\/uploads\/2020\/09\/La-rel\u00e8ve-au-FC-Barcelone-se-nomme-Ansu-Fati.png","width":800,"height":445,"caption":"La rel\u00e8ve au FC Barcelone se nomme Ansu Fati"},{"@type":"BreadcrumbList","@id":"https:\/\/dicodusport.fr\/blog\/la-releve-au-fc-barcelone-se-nomme-ansu-fati\/#breadcrumb","itemListElement":[{"@type":"ListItem","position":1,"name":"Accueil","item":"https:\/\/dicodusport.fr\/blog\/"},{"@type":"ListItem","position":2,"name":"La rel\u00e8ve au FC Barcelone se nomme Ansu Fati"}]},{"@type":"WebSite","@id":"https:\/\/dicodusport.fr\/blog\/#website","url":"https:\/\/dicodusport.fr\/blog\/","name":"Dicodusport","description":"L&#039;encyclop\u00e9die de l&#039;actualit\u00e9 sportive","publisher":{"@id":"https:\/\/dicodusport.fr\/blog\/#organization"},"potentialAction":[{"@type":"SearchAction","target":{"@type":"EntryPoint","urlTemplate":"https:\/\/dicodusport.fr\/blog\/?s={search_term_string}"},"query-input":{"@type":"PropertyValueSpecification","valueRequired":true,"valueName":"search_term_string"}}],"inLanguage":"fr-FR"},{"@type":"NewsMediaOrganization","@id":"https:\/\/dicodusport.fr\/blog\/#organization","name":"Dicodusport","url":"https:\/\/dicodusport.fr\/blog\/","logo":{"@type":"ImageObject","inLanguage":"fr-FR","@id":"https:\/\/dicodusport.fr\/blog\/#\/schema\/logo\/image\/","url":"https:\/\/dicodusport.fr\/blog\/wp-content\/uploads\/2020\/06\/cropped-LOGO-DICODUSPORT-2020-SANS-FOND-SANS-TEXTE.png","contentUrl":"https:\/\/dicodusport.fr\/blog\/wp-content\/uploads\/2020\/06\/cropped-LOGO-DICODUSPORT-2020-SANS-FOND-SANS-TEXTE.png","width":512,"height":512,"caption":"Dicodusport"},"image":{"@id":"https:\/\/dicodusport.fr\/blog\/#\/schema\/logo\/image\/"},"sameAs":["https:\/\/www.facebook.com\/dicodusport","https:\/\/x.com\/dicodusport","https:\/\/www.instagram.com\/dicodusport\/","https:\/\/www.youtube.com\/channel\/UC7V2KZ5sd3htJivAbA4ZG3w"],"description":"Dicodusport est l'encyclop\u00e9die de l'actualit\u00e9 sportive.","email":"bonjour@dicodusport.fr","legalName":"DICODUSPORT","foundingDate":"2018-01-14","vatID":"FR71834470973","taxID":"83447097300043","numberOfEmployees":{"@type":"QuantitativeValue","minValue":"1","maxValue":"10"}},{"@type":"Person","@id":"https:\/\/dicodusport.fr\/blog\/#\/schema\/person\/8c78730a59f8a1e617f7a19026ebc14a","name":"Romain Delanis","image":{"@type":"ImageObject","inLanguage":"fr-FR","@id":"https:\/\/dicodusport.fr\/blog\/#\/schema\/person\/image\/","url":"https:\/\/dicodusport.fr\/blog\/wp-content\/uploads\/2021\/05\/Romain-Delanis-150x150.jpg","contentUrl":"https:\/\/dicodusport.fr\/blog\/wp-content\/uploads\/2021\/05\/Romain-Delanis-150x150.jpg","caption":"Romain Delanis"},"description":"Journaliste\/R\u00e9dacteur depuis novembre 2015 - Capable de passer un samedi apr\u00e8s-midi devant la Ligue 2 puis le biathlon sans oublier la finale de l\u2019ATP Rotterdam, j\u2019aime aussi mettre mon r\u00e9veil pour me faire un Pistons\/Bulls qui rappelle de bons souvenirs. Tout cela, j\u2019ai choisi il y a maintenant quelques temps de vous le raconter avec Dicodusport, pour vous faire vivre ma passion parfois inconsid\u00e9r\u00e9e pour le sport en g\u00e9n\u00e9ral (mais surtout le foot faut se l\u2019avouer).","sameAs":["https:\/\/x.com\/https:\/\/twitter.com\/RDelanis"],"url":"https:\/\/dicodusport.fr\/blog\/author\/romain\/"}]}},"_links":{"self":[{"href":"https:\/\/dicodusport.fr\/blog\/wp-json\/wp\/v2\/posts\/80233","targetHints":{"allow":["GET"]}}],"collection":[{"href":"https:\/\/dicodusport.fr\/blog\/wp-json\/wp\/v2\/posts"}],"about":[{"href":"https:\/\/dicodusport.fr\/blog\/wp-json\/wp\/v2\/types\/post"}],"author":[{"embeddable":true,"href":"https:\/\/dicodusport.fr\/blog\/wp-json\/wp\/v2\/users\/14"}],"replies":[{"embeddable":true,"href":"https:\/\/dicodusport.fr\/blog\/wp-json\/wp\/v2\/comments?post=80233"}],"version-history":[{"count":0,"href":"https:\/\/dicodusport.fr\/blog\/wp-json\/wp\/v2\/posts\/80233\/revisions"}],"wp:featuredmedia":[{"embeddable":true,"href":"https:\/\/dicodusport.fr\/blog\/wp-json\/wp\/v2\/media\/80250"}],"wp:attachment":[{"href":"https:\/\/dicodusport.fr\/blog\/wp-json\/wp\/v2\/media?parent=80233"}],"wp:term":[{"taxonomy":"category","embeddable":true,"href":"https:\/\/dicodusport.fr\/blog\/wp-json\/wp\/v2\/categories?post=80233"},{"taxonomy":"post_tag","embeddable":true,"href":"https:\/\/dicodusport.fr\/blog\/wp-json\/wp\/v2\/tags?post=80233"}],"curies":[{"name":"wp","href":"https:\/\/api.w.org\/{rel}","templated":true}]}}