{"id":80287,"date":"2020-09-29T18:29:50","date_gmt":"2020-09-29T16:29:50","guid":{"rendered":"https:\/\/dicodusport.fr\/blog\/?p=80287&#038;preview=true&#038;preview_id=80287"},"modified":"2020-09-30T08:21:32","modified_gmt":"2020-09-30T06:21:32","slug":"vtt-cross-country-nove-mesto-koretzky-marotte-sur-la-boite-short-track-ulloa-arevola-vainqueur","status":"publish","type":"post","link":"https:\/\/dicodusport.fr\/blog\/vtt-cross-country-nove-mesto-koretzky-marotte-sur-la-boite-short-track-ulloa-arevola-vainqueur\/","title":{"rendered":"VTT Cross-country &#8211; Nove Mesto : Koretzky et Marotte sur la bo\u00eete sur la short-track, Ulloa Arevola vainqueur"},"content":{"rendered":"<p style=\"text-align: justify;\"><strong><em><a href=\"https:\/\/dicodusport.fr\/blog\/actualites\/cyclisme\/vtt\/\" target=\"_blank\" rel=\"noopener noreferrer\">VTT<\/a> &#8211; Le Mexicain Jose Gerardo Ulloa Arevola a cr\u00e9\u00e9 la surprise ce mardi, en remportant la 1\u00e8re short-track de la Coupe du monde de Nove Mesto (R\u00e9publique Tch\u00e8que). Comme chez les dames avec <a href=\"https:\/\/dicodusport.fr\/blog\/vtt-cross-country-coupe-du-monde-nove-mesto-pauline-ferrand-prevot-et-loana-lecomte-podium-evie-richards-s-impose\/\" target=\"_blank\" rel=\"noopener noreferrer\">Pauline Ferrand-Pr\u00e9vot et Loana Lecomte<\/a>, deux Tricolores compl\u00e8tent le podium : Victor Koretzky et Maxime Marotte. Hors du coup, l&rsquo;octuple champion du monde, Nino Schurter, termine 29\u00e8me.<\/em><\/strong><\/p>\n<div id=\"attachment_80290\" style=\"width: 766px\" class=\"wp-caption aligncenter\"><img loading=\"lazy\" decoding=\"async\" aria-describedby=\"caption-attachment-80290\" class=\"size-full wp-image-80290\" src=\"https:\/\/dicodusport.fr\/blog\/wp-content\/uploads\/2020\/09\/Classement-de-la-1\u00e8re-short-track-hommes-\u00e0-Nove-Mesto.png\" alt=\"Classement de la 1\u00e8re short-track hommes \u00e0 Nove Mesto\" width=\"756\" height=\"626\" srcset=\"https:\/\/dicodusport.fr\/blog\/wp-content\/uploads\/2020\/09\/Classement-de-la-1\u00e8re-short-track-hommes-\u00e0-Nove-Mesto.png 756w, https:\/\/dicodusport.fr\/blog\/wp-content\/uploads\/2020\/09\/Classement-de-la-1\u00e8re-short-track-hommes-\u00e0-Nove-Mesto-300x248.png 300w\" sizes=\"auto, (max-width: 756px) 100vw, 756px\" \/><p id=\"caption-attachment-80290\" class=\"wp-caption-text\">Classement de la 1\u00e8re short-track hommes \u00e0 Nove Mesto<\/p><\/div>\n<p><strong><em>Dicodusport<br \/>\n<a href=\"https:\/\/www.facebook.com\/dicodusport\/\" target=\"_blank\" rel=\"noopener noreferrer\"><img loading=\"lazy\" decoding=\"async\" class=\"alignnone wp-image-2909\" src=\"http:\/\/dicodusport.fr\/blog\/wp-content\/uploads\/2017\/07\/logo-facebook-150x150.png\" alt=\"\" width=\"40\" height=\"40\" \/><\/a><a href=\"https:\/\/twitter.com\/dicodusport\" target=\"_blank\" rel=\"noopener noreferrer\"><img loading=\"lazy\" decoding=\"async\" class=\"alignnone wp-image-2908\" src=\"http:\/\/dicodusport.fr\/blog\/wp-content\/uploads\/2017\/07\/logo-twitter-150x150.png\" alt=\"\" width=\"39\" height=\"39\" \/><\/a><\/em><\/strong><\/p>\n","protected":false},"excerpt":{"rendered":"<p>VTT &#8211; Le Mexicain Jose Gerardo Ulloa Arevola a cr\u00e9\u00e9 la surprise ce mardi, en remportant la 1\u00e8re short-track de la Coupe du monde de Nove Mesto (R\u00e9publique Tch\u00e8que). Comme chez les dames avec Pauline Ferrand-Pr\u00e9vot et Loana Lecomte, deux Tricolores compl\u00e8tent le podium : Victor Koretzky et Maxime Marotte. Hors du coup, l&rsquo;octuple champion du monde, Nino Schurter, termine 29\u00e8me.<\/p>\n","protected":false},"author":4,"featured_media":80291,"comment_status":"open","ping_status":"closed","sticky":false,"template":"","format":"standard","meta":{"_acf_changed":false,"_daextam_enable_autolinks":"","footnotes":""},"categories":[10279],"tags":[11873,6928,692,4111],"class_list":["post-80287","post","type-post","status-publish","format-standard","has-post-thumbnail","hentry","category-vtt","tag-coupe-du-monde-de-vtt","tag-nove-mesto","tag-vtt","tag-vtt-cross-country"],"acf":[],"yoast_head":"<!-- This site is optimized with the Yoast SEO Premium plugin v26.7 (Yoast SEO v26.7) - https:\/\/yoast.com\/wordpress\/plugins\/seo\/ -->\n<title>VTT Cross-country - Nove Mesto : Koretzky et Marotte sur la bo\u00eete sur la short-track, Ulloa Arevola vainqueur<\/title>\n<meta name=\"description\" content=\"VTT - Le Mexicain Jose Gerardo Ulloa Arevola a cr\u00e9\u00e9 la surprise ce mardi, en remportant la 1\u00e8re short-track de la Coupe du monde de Nove Mesto (R\u00e9publique Tch\u00e8que).\" \/>\n<meta name=\"robots\" content=\"index, follow, max-snippet:-1, max-image-preview:large, max-video-preview:-1\" \/>\n<link rel=\"canonical\" href=\"https:\/\/dicodusport.fr\/blog\/vtt-cross-country-nove-mesto-koretzky-marotte-sur-la-boite-short-track-ulloa-arevola-vainqueur\/\" \/>\n<meta property=\"og:locale\" content=\"fr_FR\" \/>\n<meta property=\"og:type\" content=\"article\" \/>\n<meta property=\"og:title\" content=\"VTT - Nove Mesto : Koretzky et Marotte sur la bo\u00eete sur la short-track, Ulloa Arevola vainqueur\" \/>\n<meta property=\"og:description\" content=\"VTT - Le Mexicain Jose Gerardo Ulloa Arevola a cr\u00e9\u00e9 la surprise ce mardi, en remportant la 1\u00e8re short-track de la Coupe du monde de Nove Mesto (R\u00e9publique Tch\u00e8que).\" \/>\n<meta property=\"og:url\" content=\"https:\/\/dicodusport.fr\/blog\/vtt-cross-country-nove-mesto-koretzky-marotte-sur-la-boite-short-track-ulloa-arevola-vainqueur\/\" \/>\n<meta property=\"og:site_name\" content=\"Dicodusport\" \/>\n<meta property=\"article:publisher\" content=\"https:\/\/www.facebook.com\/dicodusport\" \/>\n<meta property=\"article:author\" content=\"https:\/\/www.facebook.com\/florent.ostermann\" \/>\n<meta property=\"article:published_time\" content=\"2020-09-29T16:29:50+00:00\" \/>\n<meta property=\"article:modified_time\" content=\"2020-09-30T06:21:32+00:00\" \/>\n<meta property=\"og:image\" content=\"https:\/\/dicodusport.fr\/blog\/wp-content\/uploads\/2020\/09\/VTT-Cross-country-Nove-Mesto-Koretzky-et-Marotte-sur-la-bo\u00eete-sur-la-short-track-Ulloa-Arevola-vainqueur.png\" \/>\n\t<meta property=\"og:image:width\" content=\"800\" \/>\n\t<meta property=\"og:image:height\" content=\"445\" \/>\n\t<meta property=\"og:image:type\" content=\"image\/png\" \/>\n<meta name=\"author\" content=\"Flo Ostermann\" \/>\n<meta name=\"twitter:card\" content=\"summary_large_image\" \/>\n<meta name=\"twitter:title\" content=\"VTT - Nove Mesto : Koretzky et Marotte sur la bo\u00eete sur la short-track, Ulloa Arevola vainqueur\" \/>\n<meta name=\"twitter:creator\" content=\"@https:\/\/twitter.com\/FlOstermann\" \/>\n<meta name=\"twitter:site\" content=\"@dicodusport\" \/>\n<script type=\"application\/ld+json\" class=\"yoast-schema-graph\">{\"@context\":\"https:\/\/schema.org\",\"@graph\":[{\"@type\":\"NewsArticle\",\"@id\":\"https:\/\/dicodusport.fr\/blog\/vtt-cross-country-nove-mesto-koretzky-marotte-sur-la-boite-short-track-ulloa-arevola-vainqueur\/#article\",\"isPartOf\":{\"@id\":\"https:\/\/dicodusport.fr\/blog\/vtt-cross-country-nove-mesto-koretzky-marotte-sur-la-boite-short-track-ulloa-arevola-vainqueur\/\"},\"author\":{\"name\":\"Flo Ostermann\",\"@id\":\"https:\/\/dicodusport.fr\/blog\/#\/schema\/person\/cb02af4c173ce4a653b55e9baf388d4a\"},\"headline\":\"VTT Cross-country &#8211; Nove Mesto : Koretzky et Marotte sur la bo\u00eete sur la short-track, Ulloa Arevola vainqueur\",\"datePublished\":\"2020-09-29T16:29:50+00:00\",\"dateModified\":\"2020-09-30T06:21:32+00:00\",\"mainEntityOfPage\":{\"@id\":\"https:\/\/dicodusport.fr\/blog\/vtt-cross-country-nove-mesto-koretzky-marotte-sur-la-boite-short-track-ulloa-arevola-vainqueur\/\"},\"wordCount\":99,\"commentCount\":0,\"publisher\":{\"@id\":\"https:\/\/dicodusport.fr\/blog\/#organization\"},\"image\":{\"@id\":\"https:\/\/dicodusport.fr\/blog\/vtt-cross-country-nove-mesto-koretzky-marotte-sur-la-boite-short-track-ulloa-arevola-vainqueur\/#primaryimage\"},\"thumbnailUrl\":\"https:\/\/dicodusport.fr\/blog\/wp-content\/uploads\/2020\/09\/VTT-Cross-country-Nove-Mesto-Koretzky-et-Marotte-sur-la-bo\u00eete-sur-la-short-track-Ulloa-Arevola-vainqueur.png\",\"keywords\":[\"Coupe du monde de VTT\",\"Nove Mesto\",\"VTT\",\"VTT cross country\"],\"articleSection\":[\"VTT\"],\"inLanguage\":\"fr-FR\",\"potentialAction\":[{\"@type\":\"CommentAction\",\"name\":\"Comment\",\"target\":[\"https:\/\/dicodusport.fr\/blog\/vtt-cross-country-nove-mesto-koretzky-marotte-sur-la-boite-short-track-ulloa-arevola-vainqueur\/#respond\"]}],\"copyrightYear\":\"2020\",\"copyrightHolder\":{\"@id\":\"https:\/\/dicodusport.fr\/blog\/#organization\"}},{\"@type\":\"WebPage\",\"@id\":\"https:\/\/dicodusport.fr\/blog\/vtt-cross-country-nove-mesto-koretzky-marotte-sur-la-boite-short-track-ulloa-arevola-vainqueur\/\",\"url\":\"https:\/\/dicodusport.fr\/blog\/vtt-cross-country-nove-mesto-koretzky-marotte-sur-la-boite-short-track-ulloa-arevola-vainqueur\/\",\"name\":\"VTT Cross-country - Nove Mesto : Koretzky et Marotte sur la bo\u00eete sur la short-track, Ulloa Arevola vainqueur\",\"isPartOf\":{\"@id\":\"https:\/\/dicodusport.fr\/blog\/#website\"},\"primaryImageOfPage\":{\"@id\":\"https:\/\/dicodusport.fr\/blog\/vtt-cross-country-nove-mesto-koretzky-marotte-sur-la-boite-short-track-ulloa-arevola-vainqueur\/#primaryimage\"},\"image\":{\"@id\":\"https:\/\/dicodusport.fr\/blog\/vtt-cross-country-nove-mesto-koretzky-marotte-sur-la-boite-short-track-ulloa-arevola-vainqueur\/#primaryimage\"},\"thumbnailUrl\":\"https:\/\/dicodusport.fr\/blog\/wp-content\/uploads\/2020\/09\/VTT-Cross-country-Nove-Mesto-Koretzky-et-Marotte-sur-la-bo\u00eete-sur-la-short-track-Ulloa-Arevola-vainqueur.png\",\"datePublished\":\"2020-09-29T16:29:50+00:00\",\"dateModified\":\"2020-09-30T06:21:32+00:00\",\"description\":\"VTT - Le Mexicain Jose Gerardo Ulloa Arevola a cr\u00e9\u00e9 la surprise ce mardi, en remportant la 1\u00e8re short-track de la Coupe du monde de Nove Mesto (R\u00e9publique Tch\u00e8que).\",\"breadcrumb\":{\"@id\":\"https:\/\/dicodusport.fr\/blog\/vtt-cross-country-nove-mesto-koretzky-marotte-sur-la-boite-short-track-ulloa-arevola-vainqueur\/#breadcrumb\"},\"inLanguage\":\"fr-FR\",\"potentialAction\":[{\"@type\":\"ReadAction\",\"target\":[\"https:\/\/dicodusport.fr\/blog\/vtt-cross-country-nove-mesto-koretzky-marotte-sur-la-boite-short-track-ulloa-arevola-vainqueur\/\"]}]},{\"@type\":\"ImageObject\",\"inLanguage\":\"fr-FR\",\"@id\":\"https:\/\/dicodusport.fr\/blog\/vtt-cross-country-nove-mesto-koretzky-marotte-sur-la-boite-short-track-ulloa-arevola-vainqueur\/#primaryimage\",\"url\":\"https:\/\/dicodusport.fr\/blog\/wp-content\/uploads\/2020\/09\/VTT-Cross-country-Nove-Mesto-Koretzky-et-Marotte-sur-la-bo\u00eete-sur-la-short-track-Ulloa-Arevola-vainqueur.png\",\"contentUrl\":\"https:\/\/dicodusport.fr\/blog\/wp-content\/uploads\/2020\/09\/VTT-Cross-country-Nove-Mesto-Koretzky-et-Marotte-sur-la-bo\u00eete-sur-la-short-track-Ulloa-Arevola-vainqueur.png\",\"width\":800,\"height\":445,\"caption\":\"VTT Cross-country - Nove Mesto - Koretzky et Marotte sur la bo\u00eete sur la short-track, Ulloa Arevola vainqueur\"},{\"@type\":\"BreadcrumbList\",\"@id\":\"https:\/\/dicodusport.fr\/blog\/vtt-cross-country-nove-mesto-koretzky-marotte-sur-la-boite-short-track-ulloa-arevola-vainqueur\/#breadcrumb\",\"itemListElement\":[{\"@type\":\"ListItem\",\"position\":1,\"name\":\"Accueil\",\"item\":\"https:\/\/dicodusport.fr\/blog\/\"},{\"@type\":\"ListItem\",\"position\":2,\"name\":\"VTT Cross-country &#8211; Nove Mesto : Koretzky et Marotte sur la bo\u00eete sur la short-track, Ulloa Arevola vainqueur\"}]},{\"@type\":\"WebSite\",\"@id\":\"https:\/\/dicodusport.fr\/blog\/#website\",\"url\":\"https:\/\/dicodusport.fr\/blog\/\",\"name\":\"Dicodusport\",\"description\":\"L&#039;encyclop\u00e9die de l&#039;actualit\u00e9 sportive\",\"publisher\":{\"@id\":\"https:\/\/dicodusport.fr\/blog\/#organization\"},\"potentialAction\":[{\"@type\":\"SearchAction\",\"target\":{\"@type\":\"EntryPoint\",\"urlTemplate\":\"https:\/\/dicodusport.fr\/blog\/?s={search_term_string}\"},\"query-input\":{\"@type\":\"PropertyValueSpecification\",\"valueRequired\":true,\"valueName\":\"search_term_string\"}}],\"inLanguage\":\"fr-FR\"},{\"@type\":\"NewsMediaOrganization\",\"@id\":\"https:\/\/dicodusport.fr\/blog\/#organization\",\"name\":\"Dicodusport\",\"url\":\"https:\/\/dicodusport.fr\/blog\/\",\"logo\":{\"@type\":\"ImageObject\",\"inLanguage\":\"fr-FR\",\"@id\":\"https:\/\/dicodusport.fr\/blog\/#\/schema\/logo\/image\/\",\"url\":\"https:\/\/dicodusport.fr\/blog\/wp-content\/uploads\/2020\/06\/cropped-LOGO-DICODUSPORT-2020-SANS-FOND-SANS-TEXTE.png\",\"contentUrl\":\"https:\/\/dicodusport.fr\/blog\/wp-content\/uploads\/2020\/06\/cropped-LOGO-DICODUSPORT-2020-SANS-FOND-SANS-TEXTE.png\",\"width\":512,\"height\":512,\"caption\":\"Dicodusport\"},\"image\":{\"@id\":\"https:\/\/dicodusport.fr\/blog\/#\/schema\/logo\/image\/\"},\"sameAs\":[\"https:\/\/www.facebook.com\/dicodusport\",\"https:\/\/x.com\/dicodusport\",\"https:\/\/www.instagram.com\/dicodusport\/\",\"https:\/\/www.youtube.com\/channel\/UC7V2KZ5sd3htJivAbA4ZG3w\"],\"description\":\"Dicodusport est l'encyclop\u00e9die de l'actualit\u00e9 sportive.\",\"email\":\"bonjour@dicodusport.fr\",\"legalName\":\"DICODUSPORT\",\"foundingDate\":\"2018-01-14\",\"vatID\":\"FR71834470973\",\"taxID\":\"83447097300043\",\"numberOfEmployees\":{\"@type\":\"QuantitativeValue\",\"minValue\":\"1\",\"maxValue\":\"10\"}},{\"@type\":\"Person\",\"@id\":\"https:\/\/dicodusport.fr\/blog\/#\/schema\/person\/cb02af4c173ce4a653b55e9baf388d4a\",\"name\":\"Flo Ostermann\",\"image\":{\"@type\":\"ImageObject\",\"inLanguage\":\"fr-FR\",\"@id\":\"https:\/\/dicodusport.fr\/blog\/#\/schema\/person\/image\/\",\"url\":\"https:\/\/dicodusport.fr\/blog\/wp-content\/uploads\/2021\/05\/Flo-Ostermann-150x150.jpg\",\"contentUrl\":\"https:\/\/dicodusport.fr\/blog\/wp-content\/uploads\/2021\/05\/Flo-Ostermann-150x150.jpg\",\"caption\":\"Flo Ostermann\"},\"description\":\"Journaliste\/R\u00e9dacteur depuis septembre 2015 - Mes premiers souvenirs dans le sport ? Les envol\u00e9es du Stade Toulousain et les duels Villeneuve-Schumacher et H\u00e4kkinen-Schumacher \u00e0 la fin des ann\u00e9es 90, la Coupe du monde de football en 1998, l\u2019exploit du XV de France face aux All Blacks en 1999, mais aussi Richard C\u0153ur de Lion qui vole sur les montagnes du Tour de France. Bien parti pour devenir professeur d\u2019EPS, les \u00e9v\u00e9nements de la vie (et la flemme d\u2019animer des s\u00e9ances de 3x500 m\u00e8tres toute ma vie) m\u2019ont conduit \u00e0 revoir mes plans. Me voil\u00e0 depuis fin 2017 sur Dicodusport, m\u00e9dia gr\u00e2ce (et pour) lequel je partage ma passion : le sport dans tous ses \u00e9tats. Le tout accompagn\u00e9 par les fous furieux et folles furieuses cit\u00e9s sur cette page !\",\"sameAs\":[\"https:\/\/www.facebook.com\/florent.ostermann\",\"https:\/\/x.com\/https:\/\/twitter.com\/FlOstermann\",\"admin\"],\"url\":\"https:\/\/dicodusport.fr\/blog\/author\/flo\/\"}]}<\/script>\n<!-- \/ Yoast SEO Premium plugin. -->","yoast_head_json":{"title":"VTT Cross-country - Nove Mesto : Koretzky et Marotte sur la bo\u00eete sur la short-track, Ulloa Arevola vainqueur","description":"VTT - Le Mexicain Jose Gerardo Ulloa Arevola a cr\u00e9\u00e9 la surprise ce mardi, en remportant la 1\u00e8re short-track de la Coupe du monde de Nove Mesto (R\u00e9publique Tch\u00e8que).","robots":{"index":"index","follow":"follow","max-snippet":"max-snippet:-1","max-image-preview":"max-image-preview:large","max-video-preview":"max-video-preview:-1"},"canonical":"https:\/\/dicodusport.fr\/blog\/vtt-cross-country-nove-mesto-koretzky-marotte-sur-la-boite-short-track-ulloa-arevola-vainqueur\/","og_locale":"fr_FR","og_type":"article","og_title":"VTT - Nove Mesto : Koretzky et Marotte sur la bo\u00eete sur la short-track, Ulloa Arevola vainqueur","og_description":"VTT - Le Mexicain Jose Gerardo Ulloa Arevola a cr\u00e9\u00e9 la surprise ce mardi, en remportant la 1\u00e8re short-track de la Coupe du monde de Nove Mesto (R\u00e9publique Tch\u00e8que).","og_url":"https:\/\/dicodusport.fr\/blog\/vtt-cross-country-nove-mesto-koretzky-marotte-sur-la-boite-short-track-ulloa-arevola-vainqueur\/","og_site_name":"Dicodusport","article_publisher":"https:\/\/www.facebook.com\/dicodusport","article_author":"https:\/\/www.facebook.com\/florent.ostermann","article_published_time":"2020-09-29T16:29:50+00:00","article_modified_time":"2020-09-30T06:21:32+00:00","og_image":[{"width":800,"height":445,"url":"https:\/\/dicodusport.fr\/blog\/wp-content\/uploads\/2020\/09\/VTT-Cross-country-Nove-Mesto-Koretzky-et-Marotte-sur-la-bo\u00eete-sur-la-short-track-Ulloa-Arevola-vainqueur.png","type":"image\/png"}],"author":"Flo Ostermann","twitter_card":"summary_large_image","twitter_title":"VTT - Nove Mesto : Koretzky et Marotte sur la bo\u00eete sur la short-track, Ulloa Arevola vainqueur","twitter_creator":"@https:\/\/twitter.com\/FlOstermann","twitter_site":"@dicodusport","schema":{"@context":"https:\/\/schema.org","@graph":[{"@type":"NewsArticle","@id":"https:\/\/dicodusport.fr\/blog\/vtt-cross-country-nove-mesto-koretzky-marotte-sur-la-boite-short-track-ulloa-arevola-vainqueur\/#article","isPartOf":{"@id":"https:\/\/dicodusport.fr\/blog\/vtt-cross-country-nove-mesto-koretzky-marotte-sur-la-boite-short-track-ulloa-arevola-vainqueur\/"},"author":{"name":"Flo Ostermann","@id":"https:\/\/dicodusport.fr\/blog\/#\/schema\/person\/cb02af4c173ce4a653b55e9baf388d4a"},"headline":"VTT Cross-country &#8211; Nove Mesto : Koretzky et Marotte sur la bo\u00eete sur la short-track, Ulloa Arevola vainqueur","datePublished":"2020-09-29T16:29:50+00:00","dateModified":"2020-09-30T06:21:32+00:00","mainEntityOfPage":{"@id":"https:\/\/dicodusport.fr\/blog\/vtt-cross-country-nove-mesto-koretzky-marotte-sur-la-boite-short-track-ulloa-arevola-vainqueur\/"},"wordCount":99,"commentCount":0,"publisher":{"@id":"https:\/\/dicodusport.fr\/blog\/#organization"},"image":{"@id":"https:\/\/dicodusport.fr\/blog\/vtt-cross-country-nove-mesto-koretzky-marotte-sur-la-boite-short-track-ulloa-arevola-vainqueur\/#primaryimage"},"thumbnailUrl":"https:\/\/dicodusport.fr\/blog\/wp-content\/uploads\/2020\/09\/VTT-Cross-country-Nove-Mesto-Koretzky-et-Marotte-sur-la-bo\u00eete-sur-la-short-track-Ulloa-Arevola-vainqueur.png","keywords":["Coupe du monde de VTT","Nove Mesto","VTT","VTT cross country"],"articleSection":["VTT"],"inLanguage":"fr-FR","potentialAction":[{"@type":"CommentAction","name":"Comment","target":["https:\/\/dicodusport.fr\/blog\/vtt-cross-country-nove-mesto-koretzky-marotte-sur-la-boite-short-track-ulloa-arevola-vainqueur\/#respond"]}],"copyrightYear":"2020","copyrightHolder":{"@id":"https:\/\/dicodusport.fr\/blog\/#organization"}},{"@type":"WebPage","@id":"https:\/\/dicodusport.fr\/blog\/vtt-cross-country-nove-mesto-koretzky-marotte-sur-la-boite-short-track-ulloa-arevola-vainqueur\/","url":"https:\/\/dicodusport.fr\/blog\/vtt-cross-country-nove-mesto-koretzky-marotte-sur-la-boite-short-track-ulloa-arevola-vainqueur\/","name":"VTT Cross-country - Nove Mesto : Koretzky et Marotte sur la bo\u00eete sur la short-track, Ulloa Arevola vainqueur","isPartOf":{"@id":"https:\/\/dicodusport.fr\/blog\/#website"},"primaryImageOfPage":{"@id":"https:\/\/dicodusport.fr\/blog\/vtt-cross-country-nove-mesto-koretzky-marotte-sur-la-boite-short-track-ulloa-arevola-vainqueur\/#primaryimage"},"image":{"@id":"https:\/\/dicodusport.fr\/blog\/vtt-cross-country-nove-mesto-koretzky-marotte-sur-la-boite-short-track-ulloa-arevola-vainqueur\/#primaryimage"},"thumbnailUrl":"https:\/\/dicodusport.fr\/blog\/wp-content\/uploads\/2020\/09\/VTT-Cross-country-Nove-Mesto-Koretzky-et-Marotte-sur-la-bo\u00eete-sur-la-short-track-Ulloa-Arevola-vainqueur.png","datePublished":"2020-09-29T16:29:50+00:00","dateModified":"2020-09-30T06:21:32+00:00","description":"VTT - Le Mexicain Jose Gerardo Ulloa Arevola a cr\u00e9\u00e9 la surprise ce mardi, en remportant la 1\u00e8re short-track de la Coupe du monde de Nove Mesto (R\u00e9publique Tch\u00e8que).","breadcrumb":{"@id":"https:\/\/dicodusport.fr\/blog\/vtt-cross-country-nove-mesto-koretzky-marotte-sur-la-boite-short-track-ulloa-arevola-vainqueur\/#breadcrumb"},"inLanguage":"fr-FR","potentialAction":[{"@type":"ReadAction","target":["https:\/\/dicodusport.fr\/blog\/vtt-cross-country-nove-mesto-koretzky-marotte-sur-la-boite-short-track-ulloa-arevola-vainqueur\/"]}]},{"@type":"ImageObject","inLanguage":"fr-FR","@id":"https:\/\/dicodusport.fr\/blog\/vtt-cross-country-nove-mesto-koretzky-marotte-sur-la-boite-short-track-ulloa-arevola-vainqueur\/#primaryimage","url":"https:\/\/dicodusport.fr\/blog\/wp-content\/uploads\/2020\/09\/VTT-Cross-country-Nove-Mesto-Koretzky-et-Marotte-sur-la-bo\u00eete-sur-la-short-track-Ulloa-Arevola-vainqueur.png","contentUrl":"https:\/\/dicodusport.fr\/blog\/wp-content\/uploads\/2020\/09\/VTT-Cross-country-Nove-Mesto-Koretzky-et-Marotte-sur-la-bo\u00eete-sur-la-short-track-Ulloa-Arevola-vainqueur.png","width":800,"height":445,"caption":"VTT Cross-country - Nove Mesto - Koretzky et Marotte sur la bo\u00eete sur la short-track, Ulloa Arevola vainqueur"},{"@type":"BreadcrumbList","@id":"https:\/\/dicodusport.fr\/blog\/vtt-cross-country-nove-mesto-koretzky-marotte-sur-la-boite-short-track-ulloa-arevola-vainqueur\/#breadcrumb","itemListElement":[{"@type":"ListItem","position":1,"name":"Accueil","item":"https:\/\/dicodusport.fr\/blog\/"},{"@type":"ListItem","position":2,"name":"VTT Cross-country &#8211; Nove Mesto : Koretzky et Marotte sur la bo\u00eete sur la short-track, Ulloa Arevola vainqueur"}]},{"@type":"WebSite","@id":"https:\/\/dicodusport.fr\/blog\/#website","url":"https:\/\/dicodusport.fr\/blog\/","name":"Dicodusport","description":"L&#039;encyclop\u00e9die de l&#039;actualit\u00e9 sportive","publisher":{"@id":"https:\/\/dicodusport.fr\/blog\/#organization"},"potentialAction":[{"@type":"SearchAction","target":{"@type":"EntryPoint","urlTemplate":"https:\/\/dicodusport.fr\/blog\/?s={search_term_string}"},"query-input":{"@type":"PropertyValueSpecification","valueRequired":true,"valueName":"search_term_string"}}],"inLanguage":"fr-FR"},{"@type":"NewsMediaOrganization","@id":"https:\/\/dicodusport.fr\/blog\/#organization","name":"Dicodusport","url":"https:\/\/dicodusport.fr\/blog\/","logo":{"@type":"ImageObject","inLanguage":"fr-FR","@id":"https:\/\/dicodusport.fr\/blog\/#\/schema\/logo\/image\/","url":"https:\/\/dicodusport.fr\/blog\/wp-content\/uploads\/2020\/06\/cropped-LOGO-DICODUSPORT-2020-SANS-FOND-SANS-TEXTE.png","contentUrl":"https:\/\/dicodusport.fr\/blog\/wp-content\/uploads\/2020\/06\/cropped-LOGO-DICODUSPORT-2020-SANS-FOND-SANS-TEXTE.png","width":512,"height":512,"caption":"Dicodusport"},"image":{"@id":"https:\/\/dicodusport.fr\/blog\/#\/schema\/logo\/image\/"},"sameAs":["https:\/\/www.facebook.com\/dicodusport","https:\/\/x.com\/dicodusport","https:\/\/www.instagram.com\/dicodusport\/","https:\/\/www.youtube.com\/channel\/UC7V2KZ5sd3htJivAbA4ZG3w"],"description":"Dicodusport est l'encyclop\u00e9die de l'actualit\u00e9 sportive.","email":"bonjour@dicodusport.fr","legalName":"DICODUSPORT","foundingDate":"2018-01-14","vatID":"FR71834470973","taxID":"83447097300043","numberOfEmployees":{"@type":"QuantitativeValue","minValue":"1","maxValue":"10"}},{"@type":"Person","@id":"https:\/\/dicodusport.fr\/blog\/#\/schema\/person\/cb02af4c173ce4a653b55e9baf388d4a","name":"Flo Ostermann","image":{"@type":"ImageObject","inLanguage":"fr-FR","@id":"https:\/\/dicodusport.fr\/blog\/#\/schema\/person\/image\/","url":"https:\/\/dicodusport.fr\/blog\/wp-content\/uploads\/2021\/05\/Flo-Ostermann-150x150.jpg","contentUrl":"https:\/\/dicodusport.fr\/blog\/wp-content\/uploads\/2021\/05\/Flo-Ostermann-150x150.jpg","caption":"Flo Ostermann"},"description":"Journaliste\/R\u00e9dacteur depuis septembre 2015 - Mes premiers souvenirs dans le sport ? Les envol\u00e9es du Stade Toulousain et les duels Villeneuve-Schumacher et H\u00e4kkinen-Schumacher \u00e0 la fin des ann\u00e9es 90, la Coupe du monde de football en 1998, l\u2019exploit du XV de France face aux All Blacks en 1999, mais aussi Richard C\u0153ur de Lion qui vole sur les montagnes du Tour de France. Bien parti pour devenir professeur d\u2019EPS, les \u00e9v\u00e9nements de la vie (et la flemme d\u2019animer des s\u00e9ances de 3x500 m\u00e8tres toute ma vie) m\u2019ont conduit \u00e0 revoir mes plans. Me voil\u00e0 depuis fin 2017 sur Dicodusport, m\u00e9dia gr\u00e2ce (et pour) lequel je partage ma passion : le sport dans tous ses \u00e9tats. Le tout accompagn\u00e9 par les fous furieux et folles furieuses cit\u00e9s sur cette page !","sameAs":["https:\/\/www.facebook.com\/florent.ostermann","https:\/\/x.com\/https:\/\/twitter.com\/FlOstermann","admin"],"url":"https:\/\/dicodusport.fr\/blog\/author\/flo\/"}]}},"_links":{"self":[{"href":"https:\/\/dicodusport.fr\/blog\/wp-json\/wp\/v2\/posts\/80287","targetHints":{"allow":["GET"]}}],"collection":[{"href":"https:\/\/dicodusport.fr\/blog\/wp-json\/wp\/v2\/posts"}],"about":[{"href":"https:\/\/dicodusport.fr\/blog\/wp-json\/wp\/v2\/types\/post"}],"author":[{"embeddable":true,"href":"https:\/\/dicodusport.fr\/blog\/wp-json\/wp\/v2\/users\/4"}],"replies":[{"embeddable":true,"href":"https:\/\/dicodusport.fr\/blog\/wp-json\/wp\/v2\/comments?post=80287"}],"version-history":[{"count":0,"href":"https:\/\/dicodusport.fr\/blog\/wp-json\/wp\/v2\/posts\/80287\/revisions"}],"wp:featuredmedia":[{"embeddable":true,"href":"https:\/\/dicodusport.fr\/blog\/wp-json\/wp\/v2\/media\/80291"}],"wp:attachment":[{"href":"https:\/\/dicodusport.fr\/blog\/wp-json\/wp\/v2\/media?parent=80287"}],"wp:term":[{"taxonomy":"category","embeddable":true,"href":"https:\/\/dicodusport.fr\/blog\/wp-json\/wp\/v2\/categories?post=80287"},{"taxonomy":"post_tag","embeddable":true,"href":"https:\/\/dicodusport.fr\/blog\/wp-json\/wp\/v2\/tags?post=80287"}],"curies":[{"name":"wp","href":"https:\/\/api.w.org\/{rel}","templated":true}]}}