{"id":80355,"date":"2020-10-01T11:39:55","date_gmt":"2020-10-01T09:39:55","guid":{"rendered":"https:\/\/dicodusport.fr\/blog\/?p=80355&#038;preview=true&#038;preview_id=80355"},"modified":"2020-10-02T11:50:56","modified_gmt":"2020-10-02T09:50:56","slug":"tour-d-italie-2020-nos-5-favoris-maillot-rose-classement-general","status":"publish","type":"post","link":"https:\/\/dicodusport.fr\/blog\/tour-d-italie-2020-nos-5-favoris-maillot-rose-classement-general\/","title":{"rendered":"Tour d&rsquo;Italie 2020 : nos 5 favoris pour le maillot rose du classement g\u00e9n\u00e9ral"},"content":{"rendered":"<p style=\"text-align: justify;\"><b><i>TOUR D&rsquo;ITALIE 2020 &#8211; La 103\u00e8me \u00e9dition du Giro d\u00e9bute ce samedi 3 octobre. D\u00e9couvrez nos 5 favoris pour la victoire finale \u00e0 Milan.<\/i><\/b><\/p>\n<h2 style=\"text-align: justify;\">Simon Yates (Grande-Bretagne)<\/h2>\n<p style=\"text-align: justify;\"><strong>\u00c9quipe :<\/strong> Mitchelton-Scott<\/p>\n<div id=\"attachment_80510\" style=\"width: 810px\" class=\"wp-caption aligncenter\"><img loading=\"lazy\" decoding=\"async\" aria-describedby=\"caption-attachment-80510\" class=\"wp-image-80510 size-full\" src=\"https:\/\/dicodusport.fr\/blog\/wp-content\/uploads\/2020\/09\/Simon-Yates-Keystone.png\" alt=\"Simon Yates - Keystone\" width=\"800\" height=\"445\" srcset=\"https:\/\/dicodusport.fr\/blog\/wp-content\/uploads\/2020\/09\/Simon-Yates-Keystone.png 800w, https:\/\/dicodusport.fr\/blog\/wp-content\/uploads\/2020\/09\/Simon-Yates-Keystone-300x167.png 300w, https:\/\/dicodusport.fr\/blog\/wp-content\/uploads\/2020\/09\/Simon-Yates-Keystone-768x427.png 768w\" sizes=\"auto, (max-width: 800px) 100vw, 800px\" \/><p id=\"caption-attachment-80510\" class=\"wp-caption-text\">Simon Yates &#8211; Keystone<\/p><\/div>\n<p style=\"text-align: justify;\">Apr\u00e8s avoir explos\u00e9 lors de la 19\u00e8me \u00e9tape du Giro 2018 alors qu&rsquo;il survolait les d\u00e9bats, <a href=\"https:\/\/www.procyclingstats.com\/rider\/simon-yates\/\" target=\"_blank\" rel=\"noopener noreferrer\"><strong>Simon Yates<\/strong><\/a> \u00e9tait revenu sur les routes italiennes en 2019 pour s&rsquo;imposer. Encore manqu\u00e9, avec une 8\u00e8me place finale d\u00e9cevante. En 2020, le Britannique de 28 ans va retenter sa chance. Seul hic, les 65 km de chrono au menu de ce 103\u00e8me Giro. Le leader de la Mitchelton-Scott devra faire la diff\u00e9rence en montage s&rsquo;il veut remporter son deuxi\u00e8me Grand Tour, deux ans apr\u00e8s avoir enlev\u00e9 la Vuelta. En tout cas, son succ\u00e8s au g\u00e9n\u00e9ral de Tirreno-Adriatico lui a sans doute donn\u00e9 de la confiance.<\/p>\n<table style=\"width: 100%;\">\n<tbody>\n<tr style=\"height: 16px;\">\n<td style=\"border-color: #ffffff; background-color: #404040; width: 114.935%; text-align: left;\"><span style=\"font-size: 12px; color: #ffffff;\">Tour d&rsquo;Italie &#8211; Maillot rose du classement g\u00e9n\u00e9ral<\/span><\/td>\n<td style=\"border-color: #ffffff; background-color: #525252; width: 10%; text-align: center;\"><span style=\"font-size: 12px; color: #ffffff;\">1<\/span><\/td>\n<\/tr>\n<tr style=\"height: 24px;\">\n<td style=\"border-color: #ffffff; background-color: #ffffff; text-align: justify;\"><span style=\"font-size: 14px; color: #000000;\"><strong>Simon Yates<\/strong><\/span><\/td>\n<td style=\"border-color: #ffffff; background-color: #ffffff;\"><span style=\"font-size: 10px;\"><a href=\"https:\/\/www.winamax.fr\/paris-sportifs\/match\/prelive\/1000006822?banid=33431\" class=\"su-button su-button-style-flat\" style=\"color:#FFFFFF;background-color:#b10e12;border-color:#8e0c0f;border-radius:5px\" target=\"_blank\" rel=\"noopener noreferrer\"><span style=\"color:#FFFFFF;padding:0px 16px;font-size:13px;line-height:26px;border-color:#c9575a;border-radius:5px;text-shadow:none\"> 4.10<\/span><\/a><\/span><\/td>\n<\/tr>\n<\/tbody>\n<\/table>\n<p style=\"text-align: center;\"><a href=\"http:\/\/dicodusport.fr\/blog\/tour-d-italie-2020-nos-5-favoris-maillot-rose-classement-general\/2\/#deux\" class=\"su-button su-button-style-flat\" style=\"color:#FFFFFF;background-color:#005f9b;border-color:#004c7c;border-radius:4px\" target=\"_self\"><span style=\"color:#FFFFFF;padding:0px 20px;font-size:16px;line-height:32px;border-color:#4d8fb9;border-radius:4px;text-shadow:none\"> Suivant<\/span><\/a><!--nextpage--><\/p>\n<h2 style=\"text-align: justify;\"><a id=\"deux\"><\/a>Geraint Thomas (Grande-Bretagne)<\/h2>\n<p style=\"text-align: justify;\"><strong>\u00c9quipe :<\/strong> INEOS Grenadiers<\/p>\n<div id=\"attachment_80508\" style=\"width: 810px\" class=\"wp-caption aligncenter\"><img loading=\"lazy\" decoding=\"async\" aria-describedby=\"caption-attachment-80508\" class=\"wp-image-80508 size-full\" src=\"https:\/\/dicodusport.fr\/blog\/wp-content\/uploads\/2020\/09\/Geraint-Thomas-Getty-Images.png\" alt=\"Geraint Thomas - Getty Images\" width=\"800\" height=\"445\" srcset=\"https:\/\/dicodusport.fr\/blog\/wp-content\/uploads\/2020\/09\/Geraint-Thomas-Getty-Images.png 800w, https:\/\/dicodusport.fr\/blog\/wp-content\/uploads\/2020\/09\/Geraint-Thomas-Getty-Images-300x167.png 300w, https:\/\/dicodusport.fr\/blog\/wp-content\/uploads\/2020\/09\/Geraint-Thomas-Getty-Images-768x427.png 768w\" sizes=\"auto, (max-width: 800px) 100vw, 800px\" \/><p id=\"caption-attachment-80508\" class=\"wp-caption-text\">Geraint Thomas &#8211; Getty Images<\/p><\/div>\n<p style=\"text-align: justify;\">Venu pour l&#8217;emporter au g\u00e9n\u00e9ral en 2017, <a href=\"https:\/\/www.procyclingstats.com\/rider\/geraint-thomas\" target=\"_blank\" rel=\"noopener noreferrer\"><strong>Geraint Thomas<\/strong><\/a> avait vite d\u00e9chant\u00e9, en chutant lourdement lors de la 9\u00e8me \u00e9tape. Cette ann\u00e9e, \u00e9vinc\u00e9 de la s\u00e9lection pour le Tour de France, le vainqueur de la Grande Boucle 2018 a fait du Giro, par la force des choses, son principal objectif de la saison 2020. Solide sur Tirreno-Adriatico (2\u00e8me), il va devoir, \u00e0 l&rsquo;inverse de son compatriote Simon Yates, faire la diff\u00e9rence sur les 65 kilom\u00e8tres de contre-la-montre. Ensuite, il devra g\u00e9rer en haute-montagne. Oui, on se dirige probablement vers un duel 100% britannique sur ce Giro.<\/p>\n<table style=\"width: 100%;\">\n<tbody>\n<tr style=\"height: 16px;\">\n<td style=\"border-color: #ffffff; background-color: #404040; width: 114.935%; text-align: left;\"><span style=\"font-size: 12px; color: #ffffff;\">Tour d&rsquo;Italie &#8211; Maillot rose du classement g\u00e9n\u00e9ral<\/span><\/td>\n<td style=\"border-color: #ffffff; background-color: #525252; width: 10%; text-align: center;\"><span style=\"font-size: 12px; color: #ffffff;\">1<\/span><\/td>\n<\/tr>\n<tr style=\"height: 24px;\">\n<td style=\"border-color: #ffffff; background-color: #ffffff; text-align: justify;\"><span style=\"color: #000000;\"><span style=\"font-size: 14px;\"><b>Geraint Thomas<\/b><\/span><\/span><\/td>\n<td style=\"border-color: #ffffff; background-color: #ffffff;\"><span style=\"font-size: 10px;\"><a href=\"https:\/\/www.winamax.fr\/paris-sportifs\/match\/prelive\/1000006822?banid=33431\" class=\"su-button su-button-style-flat\" style=\"color:#FFFFFF;background-color:#b10e12;border-color:#8e0c0f;border-radius:5px\" target=\"_blank\" rel=\"noopener noreferrer\"><span style=\"color:#FFFFFF;padding:0px 16px;font-size:13px;line-height:26px;border-color:#c9575a;border-radius:5px;text-shadow:none\"> 2.00<\/span><\/a><\/span><\/td>\n<\/tr>\n<\/tbody>\n<\/table>\n<p style=\"text-align: center;\"><a href=\"http:\/\/dicodusport.fr\/blog\/tour-d-italie-2020-nos-5-favoris-maillot-rose-classement-general\/3\/#trois\" class=\"su-button su-button-style-flat\" style=\"color:#FFFFFF;background-color:#005f9b;border-color:#004c7c;border-radius:4px\" target=\"_self\"><span style=\"color:#FFFFFF;padding:0px 20px;font-size:16px;line-height:32px;border-color:#4d8fb9;border-radius:4px;text-shadow:none\"> Suivant<\/span><\/a>\n<hr \/>\n<ul>\n<li style=\"text-align: justify;\"><strong>\u00c0 lire aussi &#8211; <a href=\"https:\/\/dicodusport.fr\/blog\/tour-d-italie-2020-profil-des-21-etapes\/\" target=\"_blank\" rel=\"noopener noreferrer\">Tour d\u2019Italie 2020 : Le profil des 21 \u00e9tapes<\/a><\/strong><\/li>\n<\/ul>\n<hr \/>\n<p><!--nextpage--><\/p>\n<h2 style=\"text-align: justify;\"><a id=\"trois\"><\/a>Jakob Fuglsang (Danemark)<\/h2>\n<p style=\"text-align: justify;\"><strong>\u00c9quipe :<\/strong> Astana<\/p>\n<div id=\"attachment_74539\" style=\"width: 810px\" class=\"wp-caption aligncenter\"><img loading=\"lazy\" decoding=\"async\" aria-describedby=\"caption-attachment-74539\" class=\"wp-image-74539 size-full\" src=\"https:\/\/dicodusport.fr\/blog\/wp-content\/uploads\/2020\/08\/Tour-de-Lombardie-2020-Jakob-Fuglsang-enl\u00e8ve-un-deuxi\u00e8me-Monument.png\" alt=\"Tour de Lombardie 2020 - Jakob Fuglsang enl\u00e8ve un deuxi\u00e8me Monument\" width=\"800\" height=\"445\" srcset=\"https:\/\/dicodusport.fr\/blog\/wp-content\/uploads\/2020\/08\/Tour-de-Lombardie-2020-Jakob-Fuglsang-enl\u00e8ve-un-deuxi\u00e8me-Monument.png 800w, https:\/\/dicodusport.fr\/blog\/wp-content\/uploads\/2020\/08\/Tour-de-Lombardie-2020-Jakob-Fuglsang-enl\u00e8ve-un-deuxi\u00e8me-Monument-300x167.png 300w, https:\/\/dicodusport.fr\/blog\/wp-content\/uploads\/2020\/08\/Tour-de-Lombardie-2020-Jakob-Fuglsang-enl\u00e8ve-un-deuxi\u00e8me-Monument-768x427.png 768w\" sizes=\"auto, (max-width: 800px) 100vw, 800px\" \/><p id=\"caption-attachment-74539\" class=\"wp-caption-text\">Jakob Fuglsang &#8211; AFP<\/p><\/div>\n<p style=\"text-align: justify;\"><a href=\"https:\/\/dicodusport.fr\/blog\/tour-de-lombardie-jakob-fuglsand-enleve-deuxieme-monument\/\" target=\"_blank\" rel=\"noopener noreferrer\">Vainqueur du Tour de Lombardie<\/a> au mois d&rsquo;ao\u00fbt, <a href=\"https:\/\/www.procyclingstats.com\/rider\/jakob-fuglsang\" target=\"_blank\" rel=\"noopener noreferrer\"><strong>Jakob Fuglsang<\/strong><\/a> veut se r\u00e9concilier avec les Grands Tours. Le Danois n&rsquo;a jamais fait mieux qu&rsquo;une 7\u00e8me place sur une course de trois semaines, c&rsquo;\u00e9tait sur le Tour 2013. Douzi\u00e8me sur le Giro 2016 pour sa seule participation, il partagera le r\u00f4le de co-leader avec le surprenant russe Aleksandr Vlasov. \u00c0 35 ans, c&rsquo;est sans doute l&rsquo;ann\u00e9e ou jamais pour lui. Sa 5\u00e8me place sur les Mondiaux atteste de sa belle forme ascendante, apr\u00e8s un Tirreno-Adriatico mitig\u00e9.<\/p>\n<table style=\"width: 100%;\">\n<tbody>\n<tr style=\"height: 16px;\">\n<td style=\"border-color: #ffffff; background-color: #404040; width: 114.935%; text-align: left;\"><span style=\"font-size: 12px; color: #ffffff;\">Tour d&rsquo;Italie &#8211; Maillot rose du classement g\u00e9n\u00e9ral<\/span><\/td>\n<td style=\"border-color: #ffffff; background-color: #525252; width: 10%; text-align: center;\"><span style=\"font-size: 12px; color: #ffffff;\">1<\/span><\/td>\n<\/tr>\n<tr style=\"height: 24px;\">\n<td style=\"border-color: #ffffff; background-color: #ffffff; text-align: justify;\"><span style=\"font-size: 14px; color: #000000;\"><strong>Jakob Fuglsang<\/strong><\/span><\/td>\n<td style=\"border-color: #ffffff; background-color: #ffffff;\"><span style=\"font-size: 10px;\"><a href=\"https:\/\/www.winamax.fr\/paris-sportifs\/match\/prelive\/1000006822?banid=33431\" class=\"su-button su-button-style-flat\" style=\"color:#FFFFFF;background-color:#b10e12;border-color:#8e0c0f;border-radius:5px\" target=\"_blank\" rel=\"noopener noreferrer\"><span style=\"color:#FFFFFF;padding:0px 16px;font-size:13px;line-height:26px;border-color:#c9575a;border-radius:5px;text-shadow:none\"> 6.50<\/span><\/a><\/span><\/td>\n<\/tr>\n<\/tbody>\n<\/table>\n<p style=\"text-align: center;\"><a href=\"http:\/\/dicodusport.fr\/blog\/tour-d-italie-2020-nos-5-favoris-maillot-rose-classement-general\/4\/#quatre\" class=\"su-button su-button-style-flat\" style=\"color:#FFFFFF;background-color:#005f9b;border-color:#004c7c;border-radius:4px\" target=\"_self\"><span style=\"color:#FFFFFF;padding:0px 20px;font-size:16px;line-height:32px;border-color:#4d8fb9;border-radius:4px;text-shadow:none\"> Suivant<\/span><\/a>\n<p><!--nextpage--><\/p>\n<h2 style=\"text-align: justify;\"><a id=\"quatre\"><\/a>Steven Kruijswijk (Pays-Bas)<\/h2>\n<p style=\"text-align: justify;\"><strong>\u00c9quipe :<\/strong> Jumbo-Visma<\/p>\n<div id=\"attachment_80511\" style=\"width: 810px\" class=\"wp-caption aligncenter\"><img loading=\"lazy\" decoding=\"async\" aria-describedby=\"caption-attachment-80511\" class=\"wp-image-80511 size-full\" src=\"https:\/\/dicodusport.fr\/blog\/wp-content\/uploads\/2020\/09\/Steven-Kruijswijk-Jumbo-Visma.png\" alt=\"Steven Kruijswijk - Jumbo-Visma\" width=\"800\" height=\"445\" srcset=\"https:\/\/dicodusport.fr\/blog\/wp-content\/uploads\/2020\/09\/Steven-Kruijswijk-Jumbo-Visma.png 800w, https:\/\/dicodusport.fr\/blog\/wp-content\/uploads\/2020\/09\/Steven-Kruijswijk-Jumbo-Visma-300x167.png 300w, https:\/\/dicodusport.fr\/blog\/wp-content\/uploads\/2020\/09\/Steven-Kruijswijk-Jumbo-Visma-768x427.png 768w\" sizes=\"auto, (max-width: 800px) 100vw, 800px\" \/><p id=\"caption-attachment-80511\" class=\"wp-caption-text\">Steven Kruijswijk &#8211; Jumbo-Visma<\/p><\/div>\n<p style=\"text-align: justify;\">Au sol sur le Dauphin\u00e9, <a href=\"https:\/\/www.procyclingstats.com\/rider\/steven-kruijswijk\" target=\"_blank\" rel=\"noopener noreferrer\"><strong>Steven Kruijswijk<\/strong><\/a> a d\u00fb faire une croix sur le Tour de France. Le voil\u00e0 d\u00e9sormais propuls\u00e9 leader de la Jumbo-Visma pour le Giro. Pass\u00e9 tout pr\u00e8s de la victoire sur le Tour d&rsquo;Italie en 2016 avant de chuter \u00e0 deux jours de l&rsquo;arriv\u00e9e, le N\u00e9erlandais s&rsquo;avance comme un vrai pr\u00e9tendant au titre. Les 65 km de chrono lui vont comme un gant et ses qualit\u00e9s en montagne sur le papier font de lui l&rsquo;un des plus grands adversaires du duo Yates-Thomas. Reste \u00e0 savoir d\u00e9sormais quel sera son \u00e9tat de forme, lui qui n&rsquo;a pas vraiment de rep\u00e8res en 2020.<\/p>\n<table style=\"width: 100%;\">\n<tbody>\n<tr style=\"height: 16px;\">\n<td style=\"border-color: #ffffff; background-color: #404040; width: 114.935%; text-align: left;\"><span style=\"font-size: 12px; color: #ffffff;\">Tour d&rsquo;Italie- Maillot rose du classement g\u00e9n\u00e9ral<\/span><\/td>\n<td style=\"border-color: #ffffff; background-color: #525252; width: 10%; text-align: center;\"><span style=\"font-size: 12px; color: #ffffff;\">1<\/span><\/td>\n<\/tr>\n<tr style=\"height: 24px;\">\n<td style=\"border-color: #ffffff; background-color: #ffffff; text-align: justify;\"><span style=\"font-size: 14px; color: #000000;\"><strong>Steven Kruijswijk<\/strong><\/span><\/td>\n<td style=\"border-color: #ffffff; background-color: #ffffff;\"><span style=\"font-size: 10px;\"><a href=\"https:\/\/www.winamax.fr\/paris-sportifs\/match\/prelive\/1000006822?banid=33431\" class=\"su-button su-button-style-flat\" style=\"color:#FFFFFF;background-color:#b10e12;border-color:#8e0c0f;border-radius:5px\" target=\"_blank\" rel=\"noopener noreferrer\"><span style=\"color:#FFFFFF;padding:0px 16px;font-size:13px;line-height:26px;border-color:#c9575a;border-radius:5px;text-shadow:none\"> 7.00<\/span><\/a><\/span><\/td>\n<\/tr>\n<\/tbody>\n<\/table>\n<p style=\"text-align: center;\"><a href=\"http:\/\/dicodusport.fr\/blog\/tour-d-italie-2020-nos-5-favoris-maillot-rose-classement-general\/5\/#cinq\" class=\"su-button su-button-style-flat\" style=\"color:#FFFFFF;background-color:#005f9b;border-color:#004c7c;border-radius:4px\" target=\"_self\"><span style=\"color:#FFFFFF;padding:0px 20px;font-size:16px;line-height:32px;border-color:#4d8fb9;border-radius:4px;text-shadow:none\"> Suivant<\/span><\/a>\n<p><!--nextpage--><\/p>\n<h2 style=\"text-align: justify;\"><a id=\"cinq\"><\/a>Rafal Majka (Pologne)<\/h2>\n<p><strong>\u00c9quipe :<\/strong> Bora-Hansgrohe<\/p>\n<div id=\"attachment_80509\" style=\"width: 810px\" class=\"wp-caption aligncenter\"><img loading=\"lazy\" decoding=\"async\" aria-describedby=\"caption-attachment-80509\" class=\"size-full wp-image-80509\" src=\"https:\/\/dicodusport.fr\/blog\/wp-content\/uploads\/2020\/09\/Rafal-Majka-Bora-Hansgrohe.png\" alt=\"Rafal Majka - Bora-Hansgrohe\" width=\"800\" height=\"445\" srcset=\"https:\/\/dicodusport.fr\/blog\/wp-content\/uploads\/2020\/09\/Rafal-Majka-Bora-Hansgrohe.png 800w, https:\/\/dicodusport.fr\/blog\/wp-content\/uploads\/2020\/09\/Rafal-Majka-Bora-Hansgrohe-300x167.png 300w, https:\/\/dicodusport.fr\/blog\/wp-content\/uploads\/2020\/09\/Rafal-Majka-Bora-Hansgrohe-768x427.png 768w\" sizes=\"auto, (max-width: 800px) 100vw, 800px\" \/><p id=\"caption-attachment-80509\" class=\"wp-caption-text\">Rafal Majka &#8211; Bora-Hansgrohe<\/p><\/div>\n<p style=\"text-align: justify;\">Au milieu d&rsquo;un plateau peu relev\u00e9 sur le papier, <a href=\"https:\/\/www.procyclingstats.com\/rider\/rafal-majka\" target=\"_blank\" rel=\"noopener noreferrer\"><strong>Rafal Majka<\/strong><\/a> tient l\u00e0 une vraie chance de jouer sa carte pour le g\u00e9n\u00e9ral. Pour le moment, il a jou\u00e9 plac\u00e9 sur le Tour d&rsquo;Italie (5\u00e8me en 2016, 6\u00e8me en 2014 et 2019, 7\u00e8me en 2013) et pourrait monter de plusieurs crans en cette ann\u00e9e si particuli\u00e8re. Troisi\u00e8me de Tirreno-Adriatico, le Polonais sera \u00e0 suivre de pr\u00e8s.<\/p>\n<table style=\"width: 100%;\">\n<tbody>\n<tr style=\"height: 16px;\">\n<td style=\"border-color: #ffffff; background-color: #404040; width: 114.935%; text-align: left;\"><span style=\"font-size: 12px; color: #ffffff;\">Tour d&rsquo;Italie &#8211; Maillot rose du classement g\u00e9n\u00e9ral<\/span><\/td>\n<td style=\"border-color: #ffffff; background-color: #525252; width: 10%; text-align: center;\"><span style=\"font-size: 12px; color: #ffffff;\">1<\/span><\/td>\n<\/tr>\n<tr style=\"height: 24px;\">\n<td style=\"border-color: #ffffff; background-color: #ffffff; text-align: justify;\"><span style=\"font-size: 14px; color: #000000;\"><strong>Rafal Majka<\/strong><\/span><\/td>\n<td style=\"border-color: #ffffff; background-color: #ffffff;\"><span style=\"font-size: 10px;\"><a href=\"https:\/\/www.winamax.fr\/paris-sportifs\/match\/prelive\/1000006822?banid=33431\" class=\"su-button su-button-style-flat\" style=\"color:#FFFFFF;background-color:#b10e12;border-color:#8e0c0f;border-radius:5px\" target=\"_blank\" rel=\"noopener noreferrer\"><span style=\"color:#FFFFFF;padding:0px 16px;font-size:13px;line-height:26px;border-color:#c9575a;border-radius:5px;text-shadow:none\"> 23<\/span><\/a><\/span><\/td>\n<\/tr>\n<\/tbody>\n<\/table>\n<p style=\"text-align: center;\"><a href=\"http:\/\/dicodusport.fr\/blog\/tour-d-italie-2020-nos-5-favoris-maillot-rose-classement-general\" class=\"su-button su-button-style-flat\" style=\"color:#FFFFFF;background-color:#005f9b;border-color:#004c7c;border-radius:4px\" target=\"_self\"><span style=\"color:#FFFFFF;padding:0px 20px;font-size:16px;line-height:32px;border-color:#4d8fb9;border-radius:4px;text-shadow:none\"> Revenir au d\u00e9but<\/span><\/a>\n<p><strong><em>Dicodusport<br \/>\n<a href=\"https:\/\/www.facebook.com\/dicodusport\/\" target=\"_blank\" rel=\"noopener noreferrer\"><img loading=\"lazy\" decoding=\"async\" class=\"alignnone wp-image-2909\" src=\"http:\/\/dicodusport.fr\/blog\/wp-content\/uploads\/2017\/07\/logo-facebook-150x150.png\" alt=\"\" width=\"40\" height=\"40\" \/><\/a><a href=\"https:\/\/twitter.com\/dicodusport\" target=\"_blank\" rel=\"noopener noreferrer\"><img loading=\"lazy\" decoding=\"async\" class=\"alignnone wp-image-2908\" src=\"http:\/\/dicodusport.fr\/blog\/wp-content\/uploads\/2017\/07\/logo-twitter-150x150.png\" alt=\"\" width=\"39\" height=\"39\" \/><\/a><\/em><\/strong><\/p>\n<p>&nbsp;<\/p>\n<p style=\"text-align: center;\">\n","protected":false},"excerpt":{"rendered":"<p>TOUR D&rsquo;ITALIE 2020 &#8211; La 103\u00e8me \u00e9dition du Giro d\u00e9bute ce samedi 3 octobre. D\u00e9couvrez nos 5 favoris pour la victoire finale \u00e0 Milan.<\/p>\n","protected":false},"author":4,"featured_media":80510,"comment_status":"open","ping_status":"closed","sticky":false,"template":"","format":"standard","meta":{"_acf_changed":false,"_daextam_enable_autolinks":"","footnotes":""},"categories":[47041],"tags":[24],"class_list":["post-80355","post","type-post","status-publish","format-standard","has-post-thumbnail","hentry","category-tour-d-italie","tag-sport"],"acf":[],"yoast_head":"<!-- This site is optimized with the Yoast SEO Premium plugin v26.7 (Yoast SEO v26.7) - https:\/\/yoast.com\/wordpress\/plugins\/seo\/ -->\n<title>Tour d&#039;Italie 2020 : nos 5 favoris pour le maillot rose du classement g\u00e9n\u00e9ral<\/title>\n<meta name=\"description\" content=\"TOUR D&#039;ITALIE 2020 - La 103\u00e8me \u00e9dition du Giro d\u00e9bute ce samedi 3 octobre. D\u00e9couvrez nos 5 favoris pour la victoire finale \u00e0 Milan.\" \/>\n<meta name=\"robots\" content=\"index, follow, max-snippet:-1, max-image-preview:large, max-video-preview:-1\" \/>\n<link rel=\"canonical\" href=\"https:\/\/dicodusport.fr\/blog\/tour-d-italie-2020-nos-5-favoris-maillot-rose-classement-general\/\" \/>\n<link rel=\"next\" href=\"https:\/\/dicodusport.fr\/blog\/tour-d-italie-2020-nos-5-favoris-maillot-rose-classement-general\/2\/\" \/>\n<meta property=\"og:locale\" content=\"fr_FR\" \/>\n<meta property=\"og:type\" content=\"article\" \/>\n<meta property=\"og:title\" content=\"Tour d&#039;Italie 2020 : nos 5 favoris pour le maillot rose du classement g\u00e9n\u00e9ral\" \/>\n<meta property=\"og:description\" content=\"TOUR D&#039;ITALIE 2020 - La 103\u00e8me \u00e9dition du Giro d\u00e9bute ce samedi 3 octobre. D\u00e9couvrez nos 5 favoris pour la victoire finale \u00e0 Milan.\" \/>\n<meta property=\"og:url\" content=\"https:\/\/dicodusport.fr\/blog\/tour-d-italie-2020-nos-5-favoris-maillot-rose-classement-general\/\" \/>\n<meta property=\"og:site_name\" content=\"Dicodusport\" \/>\n<meta property=\"article:publisher\" content=\"https:\/\/www.facebook.com\/dicodusport\" \/>\n<meta property=\"article:author\" content=\"https:\/\/www.facebook.com\/florent.ostermann\" \/>\n<meta property=\"article:published_time\" content=\"2020-10-01T09:39:55+00:00\" \/>\n<meta property=\"article:modified_time\" content=\"2020-10-02T09:50:56+00:00\" \/>\n<meta property=\"og:image\" content=\"https:\/\/dicodusport.fr\/blog\/wp-content\/uploads\/2020\/09\/Simon-Yates-Keystone.png\" \/>\n\t<meta property=\"og:image:width\" content=\"800\" \/>\n\t<meta property=\"og:image:height\" content=\"445\" \/>\n\t<meta property=\"og:image:type\" content=\"image\/png\" \/>\n<meta name=\"author\" content=\"Flo Ostermann\" \/>\n<meta name=\"twitter:card\" content=\"summary_large_image\" \/>\n<meta name=\"twitter:title\" content=\"Tour d&#039;Italie 2020 : nos 5 favoris pour le maillot rose du classement g\u00e9n\u00e9ral\" \/>\n<meta name=\"twitter:creator\" content=\"@https:\/\/twitter.com\/FlOstermann\" \/>\n<meta name=\"twitter:site\" content=\"@dicodusport\" \/>\n<script type=\"application\/ld+json\" class=\"yoast-schema-graph\">{\"@context\":\"https:\/\/schema.org\",\"@graph\":[{\"@type\":\"NewsArticle\",\"@id\":\"https:\/\/dicodusport.fr\/blog\/tour-d-italie-2020-nos-5-favoris-maillot-rose-classement-general\/#article\",\"isPartOf\":{\"@id\":\"https:\/\/dicodusport.fr\/blog\/tour-d-italie-2020-nos-5-favoris-maillot-rose-classement-general\/\"},\"author\":{\"name\":\"Flo Ostermann\",\"@id\":\"https:\/\/dicodusport.fr\/blog\/#\/schema\/person\/cb02af4c173ce4a653b55e9baf388d4a\"},\"headline\":\"Tour d&rsquo;Italie 2020 : nos 5 favoris pour le maillot rose du classement g\u00e9n\u00e9ral\",\"datePublished\":\"2020-10-01T09:39:55+00:00\",\"dateModified\":\"2020-10-02T09:50:56+00:00\",\"mainEntityOfPage\":{\"@id\":\"https:\/\/dicodusport.fr\/blog\/tour-d-italie-2020-nos-5-favoris-maillot-rose-classement-general\/\"},\"wordCount\":896,\"commentCount\":2,\"publisher\":{\"@id\":\"https:\/\/dicodusport.fr\/blog\/#organization\"},\"image\":{\"@id\":\"https:\/\/dicodusport.fr\/blog\/tour-d-italie-2020-nos-5-favoris-maillot-rose-classement-general\/#primaryimage\"},\"thumbnailUrl\":\"https:\/\/dicodusport.fr\/blog\/wp-content\/uploads\/2020\/09\/Simon-Yates-Keystone.png\",\"keywords\":[\"sport\"],\"articleSection\":[\"Tour d'Italie\"],\"inLanguage\":\"fr-FR\",\"potentialAction\":[{\"@type\":\"CommentAction\",\"name\":\"Comment\",\"target\":[\"https:\/\/dicodusport.fr\/blog\/tour-d-italie-2020-nos-5-favoris-maillot-rose-classement-general\/#respond\"]}],\"copyrightYear\":\"2020\",\"copyrightHolder\":{\"@id\":\"https:\/\/dicodusport.fr\/blog\/#organization\"}},{\"@type\":\"WebPage\",\"@id\":\"https:\/\/dicodusport.fr\/blog\/tour-d-italie-2020-nos-5-favoris-maillot-rose-classement-general\/\",\"url\":\"https:\/\/dicodusport.fr\/blog\/tour-d-italie-2020-nos-5-favoris-maillot-rose-classement-general\/\",\"name\":\"Tour d'Italie 2020 : nos 5 favoris pour le maillot rose du classement g\u00e9n\u00e9ral\",\"isPartOf\":{\"@id\":\"https:\/\/dicodusport.fr\/blog\/#website\"},\"primaryImageOfPage\":{\"@id\":\"https:\/\/dicodusport.fr\/blog\/tour-d-italie-2020-nos-5-favoris-maillot-rose-classement-general\/#primaryimage\"},\"image\":{\"@id\":\"https:\/\/dicodusport.fr\/blog\/tour-d-italie-2020-nos-5-favoris-maillot-rose-classement-general\/#primaryimage\"},\"thumbnailUrl\":\"https:\/\/dicodusport.fr\/blog\/wp-content\/uploads\/2020\/09\/Simon-Yates-Keystone.png\",\"datePublished\":\"2020-10-01T09:39:55+00:00\",\"dateModified\":\"2020-10-02T09:50:56+00:00\",\"description\":\"TOUR D'ITALIE 2020 - La 103\u00e8me \u00e9dition du Giro d\u00e9bute ce samedi 3 octobre. D\u00e9couvrez nos 5 favoris pour la victoire finale \u00e0 Milan.\",\"inLanguage\":\"fr-FR\",\"potentialAction\":[{\"@type\":\"ReadAction\",\"target\":[\"https:\/\/dicodusport.fr\/blog\/tour-d-italie-2020-nos-5-favoris-maillot-rose-classement-general\/\"]}]},{\"@type\":\"ImageObject\",\"inLanguage\":\"fr-FR\",\"@id\":\"https:\/\/dicodusport.fr\/blog\/tour-d-italie-2020-nos-5-favoris-maillot-rose-classement-general\/#primaryimage\",\"url\":\"https:\/\/dicodusport.fr\/blog\/wp-content\/uploads\/2020\/09\/Simon-Yates-Keystone.png\",\"contentUrl\":\"https:\/\/dicodusport.fr\/blog\/wp-content\/uploads\/2020\/09\/Simon-Yates-Keystone.png\",\"width\":800,\"height\":445,\"caption\":\"Tour d'Italie 2020 : nos favoris pour la 3\u00e8me \u00e9tape\"},{\"@type\":\"WebSite\",\"@id\":\"https:\/\/dicodusport.fr\/blog\/#website\",\"url\":\"https:\/\/dicodusport.fr\/blog\/\",\"name\":\"Dicodusport\",\"description\":\"L&#039;encyclop\u00e9die de l&#039;actualit\u00e9 sportive\",\"publisher\":{\"@id\":\"https:\/\/dicodusport.fr\/blog\/#organization\"},\"potentialAction\":[{\"@type\":\"SearchAction\",\"target\":{\"@type\":\"EntryPoint\",\"urlTemplate\":\"https:\/\/dicodusport.fr\/blog\/?s={search_term_string}\"},\"query-input\":{\"@type\":\"PropertyValueSpecification\",\"valueRequired\":true,\"valueName\":\"search_term_string\"}}],\"inLanguage\":\"fr-FR\"},{\"@type\":\"NewsMediaOrganization\",\"@id\":\"https:\/\/dicodusport.fr\/blog\/#organization\",\"name\":\"Dicodusport\",\"url\":\"https:\/\/dicodusport.fr\/blog\/\",\"logo\":{\"@type\":\"ImageObject\",\"inLanguage\":\"fr-FR\",\"@id\":\"https:\/\/dicodusport.fr\/blog\/#\/schema\/logo\/image\/\",\"url\":\"https:\/\/dicodusport.fr\/blog\/wp-content\/uploads\/2020\/06\/cropped-LOGO-DICODUSPORT-2020-SANS-FOND-SANS-TEXTE.png\",\"contentUrl\":\"https:\/\/dicodusport.fr\/blog\/wp-content\/uploads\/2020\/06\/cropped-LOGO-DICODUSPORT-2020-SANS-FOND-SANS-TEXTE.png\",\"width\":512,\"height\":512,\"caption\":\"Dicodusport\"},\"image\":{\"@id\":\"https:\/\/dicodusport.fr\/blog\/#\/schema\/logo\/image\/\"},\"sameAs\":[\"https:\/\/www.facebook.com\/dicodusport\",\"https:\/\/x.com\/dicodusport\",\"https:\/\/www.instagram.com\/dicodusport\/\",\"https:\/\/www.youtube.com\/channel\/UC7V2KZ5sd3htJivAbA4ZG3w\"],\"description\":\"Dicodusport est l'encyclop\u00e9die de l'actualit\u00e9 sportive.\",\"email\":\"bonjour@dicodusport.fr\",\"legalName\":\"DICODUSPORT\",\"foundingDate\":\"2018-01-14\",\"vatID\":\"FR71834470973\",\"taxID\":\"83447097300043\",\"numberOfEmployees\":{\"@type\":\"QuantitativeValue\",\"minValue\":\"1\",\"maxValue\":\"10\"}},{\"@type\":\"Person\",\"@id\":\"https:\/\/dicodusport.fr\/blog\/#\/schema\/person\/cb02af4c173ce4a653b55e9baf388d4a\",\"name\":\"Flo Ostermann\",\"image\":{\"@type\":\"ImageObject\",\"inLanguage\":\"fr-FR\",\"@id\":\"https:\/\/dicodusport.fr\/blog\/#\/schema\/person\/image\/\",\"url\":\"https:\/\/dicodusport.fr\/blog\/wp-content\/uploads\/2021\/05\/Flo-Ostermann-150x150.jpg\",\"contentUrl\":\"https:\/\/dicodusport.fr\/blog\/wp-content\/uploads\/2021\/05\/Flo-Ostermann-150x150.jpg\",\"caption\":\"Flo Ostermann\"},\"description\":\"Journaliste\/R\u00e9dacteur depuis septembre 2015 - Mes premiers souvenirs dans le sport ? Les envol\u00e9es du Stade Toulousain et les duels Villeneuve-Schumacher et H\u00e4kkinen-Schumacher \u00e0 la fin des ann\u00e9es 90, la Coupe du monde de football en 1998, l\u2019exploit du XV de France face aux All Blacks en 1999, mais aussi Richard C\u0153ur de Lion qui vole sur les montagnes du Tour de France. Bien parti pour devenir professeur d\u2019EPS, les \u00e9v\u00e9nements de la vie (et la flemme d\u2019animer des s\u00e9ances de 3x500 m\u00e8tres toute ma vie) m\u2019ont conduit \u00e0 revoir mes plans. Me voil\u00e0 depuis fin 2017 sur Dicodusport, m\u00e9dia gr\u00e2ce (et pour) lequel je partage ma passion : le sport dans tous ses \u00e9tats. Le tout accompagn\u00e9 par les fous furieux et folles furieuses cit\u00e9s sur cette page !\",\"sameAs\":[\"https:\/\/www.facebook.com\/florent.ostermann\",\"https:\/\/x.com\/https:\/\/twitter.com\/FlOstermann\",\"admin\"],\"url\":\"https:\/\/dicodusport.fr\/blog\/author\/flo\/\"}]}<\/script>\n<!-- \/ Yoast SEO Premium plugin. -->","yoast_head_json":{"title":"Tour d'Italie 2020 : nos 5 favoris pour le maillot rose du classement g\u00e9n\u00e9ral","description":"TOUR D'ITALIE 2020 - La 103\u00e8me \u00e9dition du Giro d\u00e9bute ce samedi 3 octobre. D\u00e9couvrez nos 5 favoris pour la victoire finale \u00e0 Milan.","robots":{"index":"index","follow":"follow","max-snippet":"max-snippet:-1","max-image-preview":"max-image-preview:large","max-video-preview":"max-video-preview:-1"},"canonical":"https:\/\/dicodusport.fr\/blog\/tour-d-italie-2020-nos-5-favoris-maillot-rose-classement-general\/","next":"https:\/\/dicodusport.fr\/blog\/tour-d-italie-2020-nos-5-favoris-maillot-rose-classement-general\/2\/","og_locale":"fr_FR","og_type":"article","og_title":"Tour d'Italie 2020 : nos 5 favoris pour le maillot rose du classement g\u00e9n\u00e9ral","og_description":"TOUR D'ITALIE 2020 - La 103\u00e8me \u00e9dition du Giro d\u00e9bute ce samedi 3 octobre. D\u00e9couvrez nos 5 favoris pour la victoire finale \u00e0 Milan.","og_url":"https:\/\/dicodusport.fr\/blog\/tour-d-italie-2020-nos-5-favoris-maillot-rose-classement-general\/","og_site_name":"Dicodusport","article_publisher":"https:\/\/www.facebook.com\/dicodusport","article_author":"https:\/\/www.facebook.com\/florent.ostermann","article_published_time":"2020-10-01T09:39:55+00:00","article_modified_time":"2020-10-02T09:50:56+00:00","og_image":[{"width":800,"height":445,"url":"https:\/\/dicodusport.fr\/blog\/wp-content\/uploads\/2020\/09\/Simon-Yates-Keystone.png","type":"image\/png"}],"author":"Flo Ostermann","twitter_card":"summary_large_image","twitter_title":"Tour d'Italie 2020 : nos 5 favoris pour le maillot rose du classement g\u00e9n\u00e9ral","twitter_creator":"@https:\/\/twitter.com\/FlOstermann","twitter_site":"@dicodusport","schema":{"@context":"https:\/\/schema.org","@graph":[{"@type":"NewsArticle","@id":"https:\/\/dicodusport.fr\/blog\/tour-d-italie-2020-nos-5-favoris-maillot-rose-classement-general\/#article","isPartOf":{"@id":"https:\/\/dicodusport.fr\/blog\/tour-d-italie-2020-nos-5-favoris-maillot-rose-classement-general\/"},"author":{"name":"Flo Ostermann","@id":"https:\/\/dicodusport.fr\/blog\/#\/schema\/person\/cb02af4c173ce4a653b55e9baf388d4a"},"headline":"Tour d&rsquo;Italie 2020 : nos 5 favoris pour le maillot rose du classement g\u00e9n\u00e9ral","datePublished":"2020-10-01T09:39:55+00:00","dateModified":"2020-10-02T09:50:56+00:00","mainEntityOfPage":{"@id":"https:\/\/dicodusport.fr\/blog\/tour-d-italie-2020-nos-5-favoris-maillot-rose-classement-general\/"},"wordCount":896,"commentCount":2,"publisher":{"@id":"https:\/\/dicodusport.fr\/blog\/#organization"},"image":{"@id":"https:\/\/dicodusport.fr\/blog\/tour-d-italie-2020-nos-5-favoris-maillot-rose-classement-general\/#primaryimage"},"thumbnailUrl":"https:\/\/dicodusport.fr\/blog\/wp-content\/uploads\/2020\/09\/Simon-Yates-Keystone.png","keywords":["sport"],"articleSection":["Tour d'Italie"],"inLanguage":"fr-FR","potentialAction":[{"@type":"CommentAction","name":"Comment","target":["https:\/\/dicodusport.fr\/blog\/tour-d-italie-2020-nos-5-favoris-maillot-rose-classement-general\/#respond"]}],"copyrightYear":"2020","copyrightHolder":{"@id":"https:\/\/dicodusport.fr\/blog\/#organization"}},{"@type":"WebPage","@id":"https:\/\/dicodusport.fr\/blog\/tour-d-italie-2020-nos-5-favoris-maillot-rose-classement-general\/","url":"https:\/\/dicodusport.fr\/blog\/tour-d-italie-2020-nos-5-favoris-maillot-rose-classement-general\/","name":"Tour d'Italie 2020 : nos 5 favoris pour le maillot rose du classement g\u00e9n\u00e9ral","isPartOf":{"@id":"https:\/\/dicodusport.fr\/blog\/#website"},"primaryImageOfPage":{"@id":"https:\/\/dicodusport.fr\/blog\/tour-d-italie-2020-nos-5-favoris-maillot-rose-classement-general\/#primaryimage"},"image":{"@id":"https:\/\/dicodusport.fr\/blog\/tour-d-italie-2020-nos-5-favoris-maillot-rose-classement-general\/#primaryimage"},"thumbnailUrl":"https:\/\/dicodusport.fr\/blog\/wp-content\/uploads\/2020\/09\/Simon-Yates-Keystone.png","datePublished":"2020-10-01T09:39:55+00:00","dateModified":"2020-10-02T09:50:56+00:00","description":"TOUR D'ITALIE 2020 - La 103\u00e8me \u00e9dition du Giro d\u00e9bute ce samedi 3 octobre. D\u00e9couvrez nos 5 favoris pour la victoire finale \u00e0 Milan.","inLanguage":"fr-FR","potentialAction":[{"@type":"ReadAction","target":["https:\/\/dicodusport.fr\/blog\/tour-d-italie-2020-nos-5-favoris-maillot-rose-classement-general\/"]}]},{"@type":"ImageObject","inLanguage":"fr-FR","@id":"https:\/\/dicodusport.fr\/blog\/tour-d-italie-2020-nos-5-favoris-maillot-rose-classement-general\/#primaryimage","url":"https:\/\/dicodusport.fr\/blog\/wp-content\/uploads\/2020\/09\/Simon-Yates-Keystone.png","contentUrl":"https:\/\/dicodusport.fr\/blog\/wp-content\/uploads\/2020\/09\/Simon-Yates-Keystone.png","width":800,"height":445,"caption":"Tour d'Italie 2020 : nos favoris pour la 3\u00e8me \u00e9tape"},{"@type":"WebSite","@id":"https:\/\/dicodusport.fr\/blog\/#website","url":"https:\/\/dicodusport.fr\/blog\/","name":"Dicodusport","description":"L&#039;encyclop\u00e9die de l&#039;actualit\u00e9 sportive","publisher":{"@id":"https:\/\/dicodusport.fr\/blog\/#organization"},"potentialAction":[{"@type":"SearchAction","target":{"@type":"EntryPoint","urlTemplate":"https:\/\/dicodusport.fr\/blog\/?s={search_term_string}"},"query-input":{"@type":"PropertyValueSpecification","valueRequired":true,"valueName":"search_term_string"}}],"inLanguage":"fr-FR"},{"@type":"NewsMediaOrganization","@id":"https:\/\/dicodusport.fr\/blog\/#organization","name":"Dicodusport","url":"https:\/\/dicodusport.fr\/blog\/","logo":{"@type":"ImageObject","inLanguage":"fr-FR","@id":"https:\/\/dicodusport.fr\/blog\/#\/schema\/logo\/image\/","url":"https:\/\/dicodusport.fr\/blog\/wp-content\/uploads\/2020\/06\/cropped-LOGO-DICODUSPORT-2020-SANS-FOND-SANS-TEXTE.png","contentUrl":"https:\/\/dicodusport.fr\/blog\/wp-content\/uploads\/2020\/06\/cropped-LOGO-DICODUSPORT-2020-SANS-FOND-SANS-TEXTE.png","width":512,"height":512,"caption":"Dicodusport"},"image":{"@id":"https:\/\/dicodusport.fr\/blog\/#\/schema\/logo\/image\/"},"sameAs":["https:\/\/www.facebook.com\/dicodusport","https:\/\/x.com\/dicodusport","https:\/\/www.instagram.com\/dicodusport\/","https:\/\/www.youtube.com\/channel\/UC7V2KZ5sd3htJivAbA4ZG3w"],"description":"Dicodusport est l'encyclop\u00e9die de l'actualit\u00e9 sportive.","email":"bonjour@dicodusport.fr","legalName":"DICODUSPORT","foundingDate":"2018-01-14","vatID":"FR71834470973","taxID":"83447097300043","numberOfEmployees":{"@type":"QuantitativeValue","minValue":"1","maxValue":"10"}},{"@type":"Person","@id":"https:\/\/dicodusport.fr\/blog\/#\/schema\/person\/cb02af4c173ce4a653b55e9baf388d4a","name":"Flo Ostermann","image":{"@type":"ImageObject","inLanguage":"fr-FR","@id":"https:\/\/dicodusport.fr\/blog\/#\/schema\/person\/image\/","url":"https:\/\/dicodusport.fr\/blog\/wp-content\/uploads\/2021\/05\/Flo-Ostermann-150x150.jpg","contentUrl":"https:\/\/dicodusport.fr\/blog\/wp-content\/uploads\/2021\/05\/Flo-Ostermann-150x150.jpg","caption":"Flo Ostermann"},"description":"Journaliste\/R\u00e9dacteur depuis septembre 2015 - Mes premiers souvenirs dans le sport ? Les envol\u00e9es du Stade Toulousain et les duels Villeneuve-Schumacher et H\u00e4kkinen-Schumacher \u00e0 la fin des ann\u00e9es 90, la Coupe du monde de football en 1998, l\u2019exploit du XV de France face aux All Blacks en 1999, mais aussi Richard C\u0153ur de Lion qui vole sur les montagnes du Tour de France. Bien parti pour devenir professeur d\u2019EPS, les \u00e9v\u00e9nements de la vie (et la flemme d\u2019animer des s\u00e9ances de 3x500 m\u00e8tres toute ma vie) m\u2019ont conduit \u00e0 revoir mes plans. Me voil\u00e0 depuis fin 2017 sur Dicodusport, m\u00e9dia gr\u00e2ce (et pour) lequel je partage ma passion : le sport dans tous ses \u00e9tats. Le tout accompagn\u00e9 par les fous furieux et folles furieuses cit\u00e9s sur cette page !","sameAs":["https:\/\/www.facebook.com\/florent.ostermann","https:\/\/x.com\/https:\/\/twitter.com\/FlOstermann","admin"],"url":"https:\/\/dicodusport.fr\/blog\/author\/flo\/"}]}},"_links":{"self":[{"href":"https:\/\/dicodusport.fr\/blog\/wp-json\/wp\/v2\/posts\/80355","targetHints":{"allow":["GET"]}}],"collection":[{"href":"https:\/\/dicodusport.fr\/blog\/wp-json\/wp\/v2\/posts"}],"about":[{"href":"https:\/\/dicodusport.fr\/blog\/wp-json\/wp\/v2\/types\/post"}],"author":[{"embeddable":true,"href":"https:\/\/dicodusport.fr\/blog\/wp-json\/wp\/v2\/users\/4"}],"replies":[{"embeddable":true,"href":"https:\/\/dicodusport.fr\/blog\/wp-json\/wp\/v2\/comments?post=80355"}],"version-history":[{"count":0,"href":"https:\/\/dicodusport.fr\/blog\/wp-json\/wp\/v2\/posts\/80355\/revisions"}],"wp:featuredmedia":[{"embeddable":true,"href":"https:\/\/dicodusport.fr\/blog\/wp-json\/wp\/v2\/media\/80510"}],"wp:attachment":[{"href":"https:\/\/dicodusport.fr\/blog\/wp-json\/wp\/v2\/media?parent=80355"}],"wp:term":[{"taxonomy":"category","embeddable":true,"href":"https:\/\/dicodusport.fr\/blog\/wp-json\/wp\/v2\/categories?post=80355"},{"taxonomy":"post_tag","embeddable":true,"href":"https:\/\/dicodusport.fr\/blog\/wp-json\/wp\/v2\/tags?post=80355"}],"curies":[{"name":"wp","href":"https:\/\/api.w.org\/{rel}","templated":true}]}}