{"id":80402,"date":"2020-09-30T14:14:59","date_gmt":"2020-09-30T12:14:59","guid":{"rendered":"https:\/\/dicodusport.fr\/blog\/?p=80402&#038;preview=true&#038;preview_id=80402"},"modified":"2020-09-30T20:06:14","modified_gmt":"2020-09-30T18:06:14","slug":"roland-garros-sebastian-korda-fait-tomber-john-isner","status":"publish","type":"post","link":"https:\/\/dicodusport.fr\/blog\/roland-garros-sebastian-korda-fait-tomber-john-isner\/","title":{"rendered":"Roland-Garros \u2013 Sebastian Korda fait tomber John Isner !"},"content":{"rendered":"<p style=\"text-align: justify;\"><strong><em><a href=\"https:\/\/dicodusport.fr\/blog\/roland-garros-2020-le-tableau-hommes\/\" target=\"_blank\" rel=\"noopener noreferrer\">Roland-Garros 2020<\/a> \u2013 Nouvelle performance de l&rsquo;Am\u00e9ricain Sebastian Korda ! Au deuxi\u00e8me tour, il vient de faire tomber John Isner en 4 sets 6-4 6-4 2-6 6-4.<\/em><\/strong><\/p>\n<p style=\"text-align: justify;\">Tr\u00e8s bel exploit pour <strong>Sebastian Korda<\/strong> (213<sup>e<\/sup> mondial) qui s&rsquo;est qualifi\u00e9 pour le troisi\u00e8me tour de Roland-Garros. Apr\u00e8s avoir \u00e9limin\u00e9 l&rsquo;Italien <strong>Andreas Seppi<\/strong> (n\u00b098), il s&rsquo;est offert la t\u00eate de s\u00e9rie n\u00b021 du tournoi, son compatriote <strong>John Isner<\/strong>.<\/p>\n<p style=\"text-align: justify;\">Un break \u00e0 chaque fois en d\u00e9but de set auront permis au jeune Am\u00e9ricain de rapidement prendre les devants. Men\u00e9 2 sets \u00e0 rien, Isner a rectifi\u00e9 le tir en\u00a0 am\u00e9liorant sa premi\u00e8re balle pour remporter la troisi\u00e8me manche. Mais il en fallait plus pour perturber Korda. Alors que pour la troisi\u00e8me fois il avait fait le break \u00e0 2-1, il a conc\u00e9d\u00e9 le break deux jeux plus tard mais a de nouveau pris le service du g\u00e9ant am\u00e9ricain. Il n&rsquo;a plus l\u00e2ch\u00e9 son avantage pour remporter son 2e match en Grand Chelem. Il est le premier joueur n\u00e9 en 2000 \u00e0 rejoindre le troisi\u00e8me tour \u00e0 Roland-Garros.<\/p>\n<h2>Korda se fait un pr\u00e9nom<\/h2>\n<p style=\"text-align: justify;\">Sebastian Korda est le fils de <strong>Regina Kordova<\/strong> et <strong>Petr Korda<\/strong>, anciens joueurs de tennis tch\u00e8ques. Son p\u00e8re, ancien num\u00e9ro 2 mondial a notamment remport\u00e9 l&rsquo;Open d&rsquo;Australie en simple en 1998 et en double en 1996. Coach\u00e9 par son p\u00e8re, finaliste en 1992 Porte d&rsquo;Auteuil, sa surface pr\u00e9f\u00e9r\u00e9e est la terre battue. Les pr\u00e9cieux conseils de celui-ci l&rsquo;ont bien aid\u00e9 d\u00e8s les qualifications.<\/p>\n<p style=\"text-align: justify;\">Mais il n&rsquo;y a pas que le tennis chez les Korda. Ses deux grandes s\u0153urs Nelly et Jessica sont des joueuses de <strong>golf<\/strong> : \u201c<em>Mes grandes s\u0153urs m&rsquo;inspirent, elles r\u00e9alisent une bonne saison aussi. Nous sommes toujours en contact. On parle toujours de la fa\u00e7on dont nous pouvons nous am\u00e9liorer. Mes s\u0153urs m&rsquo;aident beaucoup et je les aide beaucoup.\u201d<\/em><\/p>\n<p style=\"text-align: justify;\">Le vainqueur de l&rsquo;<strong>Open d&rsquo;Australie junior en 2018<\/strong> affrontera Kukushkin ou Martinez au troisi\u00e8me tour.<\/p>\n<ul>\n<li style=\"text-align: justify;\"><strong><a href=\"https:\/\/dicodusport.fr\/blog\/roland-garros-2020-le-programme-des-matchs-du-mercredi-30-septembre\/\" target=\"_blank\" rel=\"noopener noreferrer\">Le programme des matchs du jour<\/a><\/strong><\/li>\n<\/ul>\n<p><strong><em>Dicodusport<br \/>\n<a href=\"https:\/\/www.facebook.com\/dicodusport\/\" target=\"_blank\" rel=\"noopener noreferrer\"><img loading=\"lazy\" decoding=\"async\" class=\"alignnone wp-image-2909\" src=\"http:\/\/dicodusport.fr\/blog\/wp-content\/uploads\/2017\/07\/logo-facebook-150x150.png\" alt=\"\" width=\"40\" height=\"40\" \/><\/a><a href=\"https:\/\/twitter.com\/dicodusport\" target=\"_blank\" rel=\"noopener noreferrer\"><img loading=\"lazy\" decoding=\"async\" class=\"alignnone wp-image-2908\" src=\"http:\/\/dicodusport.fr\/blog\/wp-content\/uploads\/2017\/07\/logo-twitter-150x150.png\" alt=\"\" width=\"39\" height=\"39\" \/><\/a><\/em><\/strong><\/p>\n","protected":false},"excerpt":{"rendered":"<p>Roland-Garros 2020 \u2013 Nouvelle performance de l&rsquo;Am\u00e9ricain Sebastian Korda ! Au deuxi\u00e8me tour, il vient de faire tomber John Isner en 4 sets 6-4 6-4 2-6 6-4.<\/p>\n","protected":false},"author":12,"featured_media":80406,"comment_status":"open","ping_status":"closed","sticky":false,"template":"","format":"standard","meta":{"_acf_changed":false,"_daextam_enable_autolinks":"","footnotes":""},"categories":[47090],"tags":[4639,159,11824],"class_list":["post-80402","post","type-post","status-publish","format-standard","has-post-thumbnail","hentry","category-roland-garros","tag-john-isner","tag-roland-garros","tag-sebastian-korda"],"acf":[],"yoast_head":"<!-- This site is optimized with the Yoast SEO Premium plugin v26.7 (Yoast SEO v26.7) - https:\/\/yoast.com\/wordpress\/plugins\/seo\/ -->\n<title>Roland-Garros \u2013 Sebastian Korda fait tomber John Isner !<\/title>\n<meta name=\"description\" content=\"Nouvelle performance de l&#039;Am\u00e9ricain Sebastian Korda ! Au deuxi\u00e8me tour, il vient de faire tomber John Isner en 4 sets 6-4 6-4 2-6 6-4.\" \/>\n<meta name=\"robots\" content=\"index, follow, max-snippet:-1, max-image-preview:large, max-video-preview:-1\" \/>\n<link rel=\"canonical\" href=\"https:\/\/dicodusport.fr\/blog\/roland-garros-sebastian-korda-fait-tomber-john-isner\/\" \/>\n<meta property=\"og:locale\" content=\"fr_FR\" \/>\n<meta property=\"og:type\" content=\"article\" \/>\n<meta property=\"og:title\" content=\"Roland-Garros \u2013 Sebastian Korda fait tomber John Isner !\" \/>\n<meta property=\"og:description\" content=\"Nouvelle performance de l&#039;Am\u00e9ricain Sebastian Korda ! Au deuxi\u00e8me tour, il vient de faire tomber John Isner en 4 sets 6-4 6-4 2-6 6-4.\" \/>\n<meta property=\"og:url\" content=\"https:\/\/dicodusport.fr\/blog\/roland-garros-sebastian-korda-fait-tomber-john-isner\/\" \/>\n<meta property=\"og:site_name\" content=\"Dicodusport\" \/>\n<meta property=\"article:publisher\" content=\"https:\/\/www.facebook.com\/dicodusport\" \/>\n<meta property=\"article:published_time\" content=\"2020-09-30T12:14:59+00:00\" \/>\n<meta property=\"article:modified_time\" content=\"2020-09-30T18:06:14+00:00\" \/>\n<meta property=\"og:image\" content=\"https:\/\/dicodusport.fr\/blog\/wp-content\/uploads\/2020\/09\/Sebastian-Korda.jpg\" \/>\n\t<meta property=\"og:image:width\" content=\"800\" \/>\n\t<meta property=\"og:image:height\" content=\"440\" \/>\n\t<meta property=\"og:image:type\" content=\"image\/jpeg\" \/>\n<meta name=\"author\" content=\"Arlette Yeye\" \/>\n<meta name=\"twitter:card\" content=\"summary_large_image\" \/>\n<meta name=\"twitter:title\" content=\"Roland-Garros \u2013 Sebastian Korda fait tomber John Isner !\" \/>\n<meta name=\"twitter:creator\" content=\"@https:\/\/twitter.com\/Shiclette94\" \/>\n<meta name=\"twitter:site\" content=\"@dicodusport\" \/>\n<script type=\"application\/ld+json\" class=\"yoast-schema-graph\">{\"@context\":\"https:\/\/schema.org\",\"@graph\":[{\"@type\":\"NewsArticle\",\"@id\":\"https:\/\/dicodusport.fr\/blog\/roland-garros-sebastian-korda-fait-tomber-john-isner\/#article\",\"isPartOf\":{\"@id\":\"https:\/\/dicodusport.fr\/blog\/roland-garros-sebastian-korda-fait-tomber-john-isner\/\"},\"author\":{\"name\":\"Arlette Yeye\",\"@id\":\"https:\/\/dicodusport.fr\/blog\/#\/schema\/person\/cce96fa88785bd8573e3d43078ac8c79\"},\"headline\":\"Roland-Garros \u2013 Sebastian Korda fait tomber John Isner !\",\"datePublished\":\"2020-09-30T12:14:59+00:00\",\"dateModified\":\"2020-09-30T18:06:14+00:00\",\"mainEntityOfPage\":{\"@id\":\"https:\/\/dicodusport.fr\/blog\/roland-garros-sebastian-korda-fait-tomber-john-isner\/\"},\"wordCount\":361,\"commentCount\":0,\"publisher\":{\"@id\":\"https:\/\/dicodusport.fr\/blog\/#organization\"},\"image\":{\"@id\":\"https:\/\/dicodusport.fr\/blog\/roland-garros-sebastian-korda-fait-tomber-john-isner\/#primaryimage\"},\"thumbnailUrl\":\"https:\/\/dicodusport.fr\/blog\/wp-content\/uploads\/2020\/09\/Sebastian-Korda.jpg\",\"keywords\":[\"John Isner\",\"Roland-Garros\",\"Sebastian Korda\"],\"articleSection\":[\"Roland-Garros\"],\"inLanguage\":\"fr-FR\",\"potentialAction\":[{\"@type\":\"CommentAction\",\"name\":\"Comment\",\"target\":[\"https:\/\/dicodusport.fr\/blog\/roland-garros-sebastian-korda-fait-tomber-john-isner\/#respond\"]}],\"copyrightYear\":\"2020\",\"copyrightHolder\":{\"@id\":\"https:\/\/dicodusport.fr\/blog\/#organization\"}},{\"@type\":\"WebPage\",\"@id\":\"https:\/\/dicodusport.fr\/blog\/roland-garros-sebastian-korda-fait-tomber-john-isner\/\",\"url\":\"https:\/\/dicodusport.fr\/blog\/roland-garros-sebastian-korda-fait-tomber-john-isner\/\",\"name\":\"Roland-Garros \u2013 Sebastian Korda fait tomber John Isner !\",\"isPartOf\":{\"@id\":\"https:\/\/dicodusport.fr\/blog\/#website\"},\"primaryImageOfPage\":{\"@id\":\"https:\/\/dicodusport.fr\/blog\/roland-garros-sebastian-korda-fait-tomber-john-isner\/#primaryimage\"},\"image\":{\"@id\":\"https:\/\/dicodusport.fr\/blog\/roland-garros-sebastian-korda-fait-tomber-john-isner\/#primaryimage\"},\"thumbnailUrl\":\"https:\/\/dicodusport.fr\/blog\/wp-content\/uploads\/2020\/09\/Sebastian-Korda.jpg\",\"datePublished\":\"2020-09-30T12:14:59+00:00\",\"dateModified\":\"2020-09-30T18:06:14+00:00\",\"description\":\"Nouvelle performance de l'Am\u00e9ricain Sebastian Korda ! Au deuxi\u00e8me tour, il vient de faire tomber John Isner en 4 sets 6-4 6-4 2-6 6-4.\",\"breadcrumb\":{\"@id\":\"https:\/\/dicodusport.fr\/blog\/roland-garros-sebastian-korda-fait-tomber-john-isner\/#breadcrumb\"},\"inLanguage\":\"fr-FR\",\"potentialAction\":[{\"@type\":\"ReadAction\",\"target\":[\"https:\/\/dicodusport.fr\/blog\/roland-garros-sebastian-korda-fait-tomber-john-isner\/\"]}]},{\"@type\":\"ImageObject\",\"inLanguage\":\"fr-FR\",\"@id\":\"https:\/\/dicodusport.fr\/blog\/roland-garros-sebastian-korda-fait-tomber-john-isner\/#primaryimage\",\"url\":\"https:\/\/dicodusport.fr\/blog\/wp-content\/uploads\/2020\/09\/Sebastian-Korda.jpg\",\"contentUrl\":\"https:\/\/dicodusport.fr\/blog\/wp-content\/uploads\/2020\/09\/Sebastian-Korda.jpg\",\"width\":800,\"height\":440},{\"@type\":\"BreadcrumbList\",\"@id\":\"https:\/\/dicodusport.fr\/blog\/roland-garros-sebastian-korda-fait-tomber-john-isner\/#breadcrumb\",\"itemListElement\":[{\"@type\":\"ListItem\",\"position\":1,\"name\":\"Accueil\",\"item\":\"https:\/\/dicodusport.fr\/blog\/\"},{\"@type\":\"ListItem\",\"position\":2,\"name\":\"Roland-Garros \u2013 Sebastian Korda fait tomber John Isner !\"}]},{\"@type\":\"WebSite\",\"@id\":\"https:\/\/dicodusport.fr\/blog\/#website\",\"url\":\"https:\/\/dicodusport.fr\/blog\/\",\"name\":\"Dicodusport\",\"description\":\"L&#039;encyclop\u00e9die de l&#039;actualit\u00e9 sportive\",\"publisher\":{\"@id\":\"https:\/\/dicodusport.fr\/blog\/#organization\"},\"potentialAction\":[{\"@type\":\"SearchAction\",\"target\":{\"@type\":\"EntryPoint\",\"urlTemplate\":\"https:\/\/dicodusport.fr\/blog\/?s={search_term_string}\"},\"query-input\":{\"@type\":\"PropertyValueSpecification\",\"valueRequired\":true,\"valueName\":\"search_term_string\"}}],\"inLanguage\":\"fr-FR\"},{\"@type\":\"NewsMediaOrganization\",\"@id\":\"https:\/\/dicodusport.fr\/blog\/#organization\",\"name\":\"Dicodusport\",\"url\":\"https:\/\/dicodusport.fr\/blog\/\",\"logo\":{\"@type\":\"ImageObject\",\"inLanguage\":\"fr-FR\",\"@id\":\"https:\/\/dicodusport.fr\/blog\/#\/schema\/logo\/image\/\",\"url\":\"https:\/\/dicodusport.fr\/blog\/wp-content\/uploads\/2020\/06\/cropped-LOGO-DICODUSPORT-2020-SANS-FOND-SANS-TEXTE.png\",\"contentUrl\":\"https:\/\/dicodusport.fr\/blog\/wp-content\/uploads\/2020\/06\/cropped-LOGO-DICODUSPORT-2020-SANS-FOND-SANS-TEXTE.png\",\"width\":512,\"height\":512,\"caption\":\"Dicodusport\"},\"image\":{\"@id\":\"https:\/\/dicodusport.fr\/blog\/#\/schema\/logo\/image\/\"},\"sameAs\":[\"https:\/\/www.facebook.com\/dicodusport\",\"https:\/\/x.com\/dicodusport\",\"https:\/\/www.instagram.com\/dicodusport\/\",\"https:\/\/www.youtube.com\/channel\/UC7V2KZ5sd3htJivAbA4ZG3w\"],\"description\":\"Dicodusport est l'encyclop\u00e9die de l'actualit\u00e9 sportive.\",\"email\":\"bonjour@dicodusport.fr\",\"legalName\":\"DICODUSPORT\",\"foundingDate\":\"2018-01-14\",\"vatID\":\"FR71834470973\",\"taxID\":\"83447097300043\",\"numberOfEmployees\":{\"@type\":\"QuantitativeValue\",\"minValue\":\"1\",\"maxValue\":\"10\"}},{\"@type\":\"Person\",\"@id\":\"https:\/\/dicodusport.fr\/blog\/#\/schema\/person\/cce96fa88785bd8573e3d43078ac8c79\",\"name\":\"Arlette Yeye\",\"image\":{\"@type\":\"ImageObject\",\"inLanguage\":\"fr-FR\",\"@id\":\"https:\/\/dicodusport.fr\/blog\/#\/schema\/person\/image\/\",\"url\":\"https:\/\/secure.gravatar.com\/avatar\/dca4a6239e6d708e46c45d60e160de6c?s=96&d=wp_user_avatar&r=g\",\"contentUrl\":\"https:\/\/secure.gravatar.com\/avatar\/dca4a6239e6d708e46c45d60e160de6c?s=96&d=wp_user_avatar&r=g\",\"caption\":\"Arlette Yeye\"},\"description\":\"Journaliste\/r\u00e9dactrice depuis septembre 2015 - Supportrice de Chelsea, j'ai pour sports de pr\u00e9dilection le handball, l'athl\u00e9tisme et le tennis. Si je tweete plus vite que mon ombre, vous pouvez aussi me retrouver les week-ends sur les playgrounds de Bruxelles pour un petit foot ou basket entre potes. Parcourir la France, l'Europe et plus si affinit\u00e9s pour suivre mes sportifs pr\u00e9f\u00e9r\u00e9s ? Mon kif ! Et c'est avec plaisir que je partage les r\u00e9sultats des sports populaires mais \u00e9galement plus confidentiels pour Dicodusport.\",\"sameAs\":[\"https:\/\/x.com\/https:\/\/twitter.com\/Shiclette94\"],\"url\":\"https:\/\/dicodusport.fr\/blog\/author\/arlette\/\"}]}<\/script>\n<!-- \/ Yoast SEO Premium plugin. -->","yoast_head_json":{"title":"Roland-Garros \u2013 Sebastian Korda fait tomber John Isner !","description":"Nouvelle performance de l'Am\u00e9ricain Sebastian Korda ! Au deuxi\u00e8me tour, il vient de faire tomber John Isner en 4 sets 6-4 6-4 2-6 6-4.","robots":{"index":"index","follow":"follow","max-snippet":"max-snippet:-1","max-image-preview":"max-image-preview:large","max-video-preview":"max-video-preview:-1"},"canonical":"https:\/\/dicodusport.fr\/blog\/roland-garros-sebastian-korda-fait-tomber-john-isner\/","og_locale":"fr_FR","og_type":"article","og_title":"Roland-Garros \u2013 Sebastian Korda fait tomber John Isner !","og_description":"Nouvelle performance de l'Am\u00e9ricain Sebastian Korda ! Au deuxi\u00e8me tour, il vient de faire tomber John Isner en 4 sets 6-4 6-4 2-6 6-4.","og_url":"https:\/\/dicodusport.fr\/blog\/roland-garros-sebastian-korda-fait-tomber-john-isner\/","og_site_name":"Dicodusport","article_publisher":"https:\/\/www.facebook.com\/dicodusport","article_published_time":"2020-09-30T12:14:59+00:00","article_modified_time":"2020-09-30T18:06:14+00:00","og_image":[{"width":800,"height":440,"url":"https:\/\/dicodusport.fr\/blog\/wp-content\/uploads\/2020\/09\/Sebastian-Korda.jpg","type":"image\/jpeg"}],"author":"Arlette Yeye","twitter_card":"summary_large_image","twitter_title":"Roland-Garros \u2013 Sebastian Korda fait tomber John Isner !","twitter_creator":"@https:\/\/twitter.com\/Shiclette94","twitter_site":"@dicodusport","schema":{"@context":"https:\/\/schema.org","@graph":[{"@type":"NewsArticle","@id":"https:\/\/dicodusport.fr\/blog\/roland-garros-sebastian-korda-fait-tomber-john-isner\/#article","isPartOf":{"@id":"https:\/\/dicodusport.fr\/blog\/roland-garros-sebastian-korda-fait-tomber-john-isner\/"},"author":{"name":"Arlette Yeye","@id":"https:\/\/dicodusport.fr\/blog\/#\/schema\/person\/cce96fa88785bd8573e3d43078ac8c79"},"headline":"Roland-Garros \u2013 Sebastian Korda fait tomber John Isner !","datePublished":"2020-09-30T12:14:59+00:00","dateModified":"2020-09-30T18:06:14+00:00","mainEntityOfPage":{"@id":"https:\/\/dicodusport.fr\/blog\/roland-garros-sebastian-korda-fait-tomber-john-isner\/"},"wordCount":361,"commentCount":0,"publisher":{"@id":"https:\/\/dicodusport.fr\/blog\/#organization"},"image":{"@id":"https:\/\/dicodusport.fr\/blog\/roland-garros-sebastian-korda-fait-tomber-john-isner\/#primaryimage"},"thumbnailUrl":"https:\/\/dicodusport.fr\/blog\/wp-content\/uploads\/2020\/09\/Sebastian-Korda.jpg","keywords":["John Isner","Roland-Garros","Sebastian Korda"],"articleSection":["Roland-Garros"],"inLanguage":"fr-FR","potentialAction":[{"@type":"CommentAction","name":"Comment","target":["https:\/\/dicodusport.fr\/blog\/roland-garros-sebastian-korda-fait-tomber-john-isner\/#respond"]}],"copyrightYear":"2020","copyrightHolder":{"@id":"https:\/\/dicodusport.fr\/blog\/#organization"}},{"@type":"WebPage","@id":"https:\/\/dicodusport.fr\/blog\/roland-garros-sebastian-korda-fait-tomber-john-isner\/","url":"https:\/\/dicodusport.fr\/blog\/roland-garros-sebastian-korda-fait-tomber-john-isner\/","name":"Roland-Garros \u2013 Sebastian Korda fait tomber John Isner !","isPartOf":{"@id":"https:\/\/dicodusport.fr\/blog\/#website"},"primaryImageOfPage":{"@id":"https:\/\/dicodusport.fr\/blog\/roland-garros-sebastian-korda-fait-tomber-john-isner\/#primaryimage"},"image":{"@id":"https:\/\/dicodusport.fr\/blog\/roland-garros-sebastian-korda-fait-tomber-john-isner\/#primaryimage"},"thumbnailUrl":"https:\/\/dicodusport.fr\/blog\/wp-content\/uploads\/2020\/09\/Sebastian-Korda.jpg","datePublished":"2020-09-30T12:14:59+00:00","dateModified":"2020-09-30T18:06:14+00:00","description":"Nouvelle performance de l'Am\u00e9ricain Sebastian Korda ! Au deuxi\u00e8me tour, il vient de faire tomber John Isner en 4 sets 6-4 6-4 2-6 6-4.","breadcrumb":{"@id":"https:\/\/dicodusport.fr\/blog\/roland-garros-sebastian-korda-fait-tomber-john-isner\/#breadcrumb"},"inLanguage":"fr-FR","potentialAction":[{"@type":"ReadAction","target":["https:\/\/dicodusport.fr\/blog\/roland-garros-sebastian-korda-fait-tomber-john-isner\/"]}]},{"@type":"ImageObject","inLanguage":"fr-FR","@id":"https:\/\/dicodusport.fr\/blog\/roland-garros-sebastian-korda-fait-tomber-john-isner\/#primaryimage","url":"https:\/\/dicodusport.fr\/blog\/wp-content\/uploads\/2020\/09\/Sebastian-Korda.jpg","contentUrl":"https:\/\/dicodusport.fr\/blog\/wp-content\/uploads\/2020\/09\/Sebastian-Korda.jpg","width":800,"height":440},{"@type":"BreadcrumbList","@id":"https:\/\/dicodusport.fr\/blog\/roland-garros-sebastian-korda-fait-tomber-john-isner\/#breadcrumb","itemListElement":[{"@type":"ListItem","position":1,"name":"Accueil","item":"https:\/\/dicodusport.fr\/blog\/"},{"@type":"ListItem","position":2,"name":"Roland-Garros \u2013 Sebastian Korda fait tomber John Isner !"}]},{"@type":"WebSite","@id":"https:\/\/dicodusport.fr\/blog\/#website","url":"https:\/\/dicodusport.fr\/blog\/","name":"Dicodusport","description":"L&#039;encyclop\u00e9die de l&#039;actualit\u00e9 sportive","publisher":{"@id":"https:\/\/dicodusport.fr\/blog\/#organization"},"potentialAction":[{"@type":"SearchAction","target":{"@type":"EntryPoint","urlTemplate":"https:\/\/dicodusport.fr\/blog\/?s={search_term_string}"},"query-input":{"@type":"PropertyValueSpecification","valueRequired":true,"valueName":"search_term_string"}}],"inLanguage":"fr-FR"},{"@type":"NewsMediaOrganization","@id":"https:\/\/dicodusport.fr\/blog\/#organization","name":"Dicodusport","url":"https:\/\/dicodusport.fr\/blog\/","logo":{"@type":"ImageObject","inLanguage":"fr-FR","@id":"https:\/\/dicodusport.fr\/blog\/#\/schema\/logo\/image\/","url":"https:\/\/dicodusport.fr\/blog\/wp-content\/uploads\/2020\/06\/cropped-LOGO-DICODUSPORT-2020-SANS-FOND-SANS-TEXTE.png","contentUrl":"https:\/\/dicodusport.fr\/blog\/wp-content\/uploads\/2020\/06\/cropped-LOGO-DICODUSPORT-2020-SANS-FOND-SANS-TEXTE.png","width":512,"height":512,"caption":"Dicodusport"},"image":{"@id":"https:\/\/dicodusport.fr\/blog\/#\/schema\/logo\/image\/"},"sameAs":["https:\/\/www.facebook.com\/dicodusport","https:\/\/x.com\/dicodusport","https:\/\/www.instagram.com\/dicodusport\/","https:\/\/www.youtube.com\/channel\/UC7V2KZ5sd3htJivAbA4ZG3w"],"description":"Dicodusport est l'encyclop\u00e9die de l'actualit\u00e9 sportive.","email":"bonjour@dicodusport.fr","legalName":"DICODUSPORT","foundingDate":"2018-01-14","vatID":"FR71834470973","taxID":"83447097300043","numberOfEmployees":{"@type":"QuantitativeValue","minValue":"1","maxValue":"10"}},{"@type":"Person","@id":"https:\/\/dicodusport.fr\/blog\/#\/schema\/person\/cce96fa88785bd8573e3d43078ac8c79","name":"Arlette Yeye","image":{"@type":"ImageObject","inLanguage":"fr-FR","@id":"https:\/\/dicodusport.fr\/blog\/#\/schema\/person\/image\/","url":"https:\/\/secure.gravatar.com\/avatar\/dca4a6239e6d708e46c45d60e160de6c?s=96&d=wp_user_avatar&r=g","contentUrl":"https:\/\/secure.gravatar.com\/avatar\/dca4a6239e6d708e46c45d60e160de6c?s=96&d=wp_user_avatar&r=g","caption":"Arlette Yeye"},"description":"Journaliste\/r\u00e9dactrice depuis septembre 2015 - Supportrice de Chelsea, j'ai pour sports de pr\u00e9dilection le handball, l'athl\u00e9tisme et le tennis. Si je tweete plus vite que mon ombre, vous pouvez aussi me retrouver les week-ends sur les playgrounds de Bruxelles pour un petit foot ou basket entre potes. Parcourir la France, l'Europe et plus si affinit\u00e9s pour suivre mes sportifs pr\u00e9f\u00e9r\u00e9s ? Mon kif ! Et c'est avec plaisir que je partage les r\u00e9sultats des sports populaires mais \u00e9galement plus confidentiels pour Dicodusport.","sameAs":["https:\/\/x.com\/https:\/\/twitter.com\/Shiclette94"],"url":"https:\/\/dicodusport.fr\/blog\/author\/arlette\/"}]}},"_links":{"self":[{"href":"https:\/\/dicodusport.fr\/blog\/wp-json\/wp\/v2\/posts\/80402","targetHints":{"allow":["GET"]}}],"collection":[{"href":"https:\/\/dicodusport.fr\/blog\/wp-json\/wp\/v2\/posts"}],"about":[{"href":"https:\/\/dicodusport.fr\/blog\/wp-json\/wp\/v2\/types\/post"}],"author":[{"embeddable":true,"href":"https:\/\/dicodusport.fr\/blog\/wp-json\/wp\/v2\/users\/12"}],"replies":[{"embeddable":true,"href":"https:\/\/dicodusport.fr\/blog\/wp-json\/wp\/v2\/comments?post=80402"}],"version-history":[{"count":0,"href":"https:\/\/dicodusport.fr\/blog\/wp-json\/wp\/v2\/posts\/80402\/revisions"}],"wp:featuredmedia":[{"embeddable":true,"href":"https:\/\/dicodusport.fr\/blog\/wp-json\/wp\/v2\/media\/80406"}],"wp:attachment":[{"href":"https:\/\/dicodusport.fr\/blog\/wp-json\/wp\/v2\/media?parent=80402"}],"wp:term":[{"taxonomy":"category","embeddable":true,"href":"https:\/\/dicodusport.fr\/blog\/wp-json\/wp\/v2\/categories?post=80402"},{"taxonomy":"post_tag","embeddable":true,"href":"https:\/\/dicodusport.fr\/blog\/wp-json\/wp\/v2\/tags?post=80402"}],"curies":[{"name":"wp","href":"https:\/\/api.w.org\/{rel}","templated":true}]}}