{"id":8042,"date":"2017-12-04T12:00:11","date_gmt":"2017-12-04T11:00:11","guid":{"rendered":"http:\/\/dicodusport.fr\/blog\/?p=8042"},"modified":"2017-12-06T10:33:32","modified_gmt":"2017-12-06T09:33:32","slug":"de-autre-cote-pas-de-tir-1-emilien-jacquelin-nouveau-biathlete-arene","status":"publish","type":"post","link":"https:\/\/dicodusport.fr\/blog\/de-autre-cote-pas-de-tir-1-emilien-jacquelin-nouveau-biathlete-arene\/","title":{"rendered":"De l&rsquo;autre c\u00f4t\u00e9 du pas de tir #1 : Emilien Jacquelin, nouveau biathl\u00e8te dans l&rsquo;ar\u00e8ne !"},"content":{"rendered":"<p style=\"text-align: justify;\"><em><strong>\u00c0 22 ans, Emilien Jacquelin est le nouveau visage fran\u00e7ais en Coupe du Monde cette saison. Apr\u00e8s une victoire en IBU Cup \u00e0 Sjusj\u00f8en, il a particip\u00e9 ce week-end \u00e0 <a href=\"http:\/\/dicodusport.fr\/blog\/biathlon-saison-2017-2018-de-biathlon\/\">la premi\u00e8re date de la saison de Biathlon<\/a>, \u00e0\u00a0\u00d6stersund. Une premi\u00e8re r\u00e9ussie pour l&rsquo;Is\u00e9rois que nous avons pu interviewer.<br \/>\n<\/strong><\/em><\/p>\n<hr \/>\n<h5 style=\"text-align: justify;\">28\u00e8me de la poursuite, apr\u00e8s une 37\u00e8me place au sprint, c\u2019est une remont\u00e9e plut\u00f4t sympathique pour une 1\u00e8re exp\u00e9rience en Coupe du Monde\u00a0?<\/h5>\n<p style=\"text-align: justify;\">Je suis vraiment satisfait de ma course, j\u2019ai retrouv\u00e9 de bonnes sensations sur les skis que j\u2019avais eu sur les derni\u00e8res semaines mais pas sur l\u2019individuelle et le sprint. Donc je suis vraiment content de cette performance, du plaisir que j\u2019ai pris sur la piste et le pas de tir \u00e0 c\u00f4toyer des gens que je regardais encore \u00e0 la t\u00e9l\u00e9 il y a un an.<\/p>\n<h5 style=\"text-align: justify;\">Un peu plus de difficult\u00e9s sur le tir debout\u00a0?<\/h5>\n<p style=\"text-align: justify;\">En effet, il y avait un peu plus de vent donc c\u2019\u00e9tait un peu plus compliqu\u00e9, m\u00eame dans la t\u00eate et surtout sur le dernier tir o\u00f9 autour de moi de tr\u00e8s bons athl\u00e8tes ont mis en place des tirs assez rapides. M\u00eame si j\u2019ai voulu rester sur mon sch\u00e9ma, \u00e7a m\u2019a plus d\u00e9stabilis\u00e9 qu\u2019autre chose, donc un peu de d\u00e9ception mais la course reste bonne quand m\u00eame\u00a0!<\/p>\n<h5 style=\"text-align: justify;\">23 points au g\u00e9n\u00e9ral apr\u00e8s les \u00e9preuves d\u2019\u00d6stersund, vous en esp\u00e9riez autant\u00a0?<\/h5>\n<p style=\"text-align: justify;\">Pour un premier week-end en Coupe du Monde c\u2019est plut\u00f4t pas mal oui. L\u2019individuelle \u00e7a a \u00e9t\u00e9 compliqu\u00e9 sur les skis, j\u2019ai eu du mal \u00e0 prendre le rythme, mais je suis content de mon tir (une faute seulement NDLR) pour une premi\u00e8re course en Coupe du Monde. C\u2019est pas forc\u00e9ment \u00e9vident, il faut rester seulement sur les choses qu\u2019on sait faire et ne pas essayer de se faire prendre par les \u00e9v\u00e8nements, mais en tout cas j\u2019\u00e9tais content de mon niveau sur le tir\u00a0!<\/p>\n<h5 style=\"text-align: justify;\">Votre axe de progression cette saison, il sera un peu plus sur les skis que sur le tir du coup ?<\/h5>\n<p style=\"text-align: justify;\">Il y a toujours moyen de progresser sur ces deux aspects, notamment sur mes tirs de la poursuite o\u00f9 j\u2019ai eu un peu plus de stress pour jouer un bon r\u00e9sultat. Apr\u00e8s pour passer un cap en Coupe du Monde, il va falloir encore que je progresse sur le skis pour \u00eatre dans le coup les prochaines fois.<\/p>\n<h5 style=\"text-align: justify;\">Justement, vous serez pr\u00e9sent \u00e0 Hochfilzen cette semaine pour la suite de la saison, quel est votre objectif\u00a0?<\/h5>\n<p style=\"text-align: justify;\">C\u2019est un plaisir de continuer une semaine de plus au plus haut niveau\u00a0! \u00c9videmment il faut prendre les courses au jour le jour, mais l\u2019objectif derri\u00e8re, c\u2019est aussi d\u2019aller si possible au Grand Bornand (\u00e9preuves du 14 au 17 d\u00e9cembre) pour courir \u00e0 la maison devant son public. Cela serait une exp\u00e9rience de dingue et inoubliable, mais pour \u00e7a il va falloir faire des courses pleines comme j\u2019ai essay\u00e9 de faire ce week-end et on fera les calculs \u00e0 la fin.<\/p>\n<h5 style=\"text-align: justify;\">Dans la course \u00e0 la 6\u00e8me place fran\u00e7aise, o\u00f9 vous situez-vous par rapport \u00e0 des gar\u00e7ons comme Fabien Claude, Antonin Guigonnat ou Aristide B\u00e8gue\u00a0?<\/h5>\n<p style=\"text-align: justify;\">On a tous des qualit\u00e9s diff\u00e9rentes mais on est tous capables de performer, que ce soit en IBU Cup ou en Coupe du Monde. Aujourd\u2019hui, je suis 28\u00e8me sur la poursuite mais les trois autres auraient \u00e9t\u00e9 capables de faire la m\u00eame chose, donc il faut rester humble et faire preuve d\u2019humilit\u00e9. L\u2019an dernier c\u2019est Fabien (Claude) qui \u00e9tait \u00e0 ma place, aujourd\u2019hui \u00e7a tourne, mais on aura tous notre chance dans les ann\u00e9es \u00e0 venir\u00a0!<\/p>\n<h5 style=\"text-align: justify;\">Dans le cas o\u00f9 vous redescendez ponctuellement en IBU Cup, l\u2019objectif sera de faire mieux que l\u2019an dernier (5\u00e8me du g\u00e9n\u00e9ral)\u00a0?<\/h5>\n<p style=\"text-align: justify;\">D\u00e8s le d\u00e9but de saison, l\u2019objectif pour moi c\u2019\u00e9tait de gagner une ou plusieurs courses IBU et de monter en Coupe du Monde. C\u2019est d\u00e9j\u00e0 deux choses de faites, apr\u00e8s la victoire \u00e0 Sjusjoen et ce week-end \u00e0 \u00d6stersund. Apr\u00e8s \u00eatre dans le top 5 ou le top 3 de l\u2019IBU, \u00e7a serait un bel objectif m\u00eame si je vais rater la prochaine \u00e9tape en \u00e9tant en Coupe du Monde, mais c\u2019est faisable et \u00e7a reste un super objectif. M\u00eame si je redescends en IBU Cup, je serai toujours motiv\u00e9 pour l\u2019atteindre\u00a0!<\/p>\n<hr \/>\n<p style=\"text-align: justify;\"><em><strong>35\u00e8me sur l&rsquo;individuelle, 37\u00e8me sur le sprint et 28\u00e8me sur la poursuite pour ses 3 premi\u00e8res courses au plus haut niveau. Des r\u00e9sultats plus qu&rsquo;honorables pour Emilien Jacquelin qui poursuivra son apprentissage de la Coupe du Monde d\u00e8s vendredi \u00e0 Hochfilzen !<\/strong><\/em><\/p>\n<p style=\"text-align: justify;\"><em><strong><em>Mathieu Veillon<\/em><br \/>\n<a style=\"color: #000000;\" href=\"https:\/\/twitter.com\/MathieuVeillon\" target=\"_blank\" rel=\"noopener noreferrer\"><img loading=\"lazy\" decoding=\"async\" class=\"alignnone wp-image-2908\" src=\"http:\/\/dicodusport.fr\/blog\/wp-content\/uploads\/2017\/07\/logo-twitter-150x150.png\" alt=\"\" width=\"39\" height=\"39\" \/><\/a><\/strong><\/em><\/p>\n","protected":false},"excerpt":{"rendered":"<p>\u00c0 22 ans, Emilien Jacquelin est le nouveau visage fran\u00e7ais en Coupe du Monde cette saison. Apr\u00e8s une victoire en IBU Cup \u00e0 Sjusj\u00f8en, il a particip\u00e9 ce week-end \u00e0 la premi\u00e8re date de la saison de Biathlon, \u00e0\u00a0\u00d6stersund. Une premi\u00e8re r\u00e9ussie pour l&rsquo;Is\u00e9rois que nous avons pu interviewer. 28\u00e8me de la poursuite, apr\u00e8s une [&hellip;]<\/p>\n","protected":false},"author":21,"featured_media":8050,"comment_status":"open","ping_status":"closed","sticky":false,"template":"","format":"standard","meta":{"_acf_changed":false,"_daextam_enable_autolinks":"","footnotes":""},"categories":[2,2426,2313],"tags":[2427,2695,2692,2694,2696,2693],"class_list":["post-8042","post","type-post","status-publish","format-standard","has-post-thumbnail","hentry","category-actualites","category-biathlon","category-sports-dhiver","tag-biathlon","tag-coupe-du-monde-de-biathlon","tag-emilien-jacquelin","tag-ibu","tag-ibu-cup","tag-jacquelin"],"acf":[],"yoast_head":"<!-- This site is optimized with the Yoast SEO Premium plugin v26.7 (Yoast SEO v26.7) - https:\/\/yoast.com\/wordpress\/plugins\/seo\/ -->\n<title>De l&#039;autre c\u00f4t\u00e9 du pas de tir : Emilien Jacquelin, un nouveau biathl\u00e8te<\/title>\n<meta name=\"description\" content=\"\u00c0 22 ans, Emilien Jacquelin est le nouveau visage fran\u00e7ais en coupe du monde cette saison. Nous avons pu interviewer l&#039;Is\u00e9rois apr\u00e8s son week-end r\u00e9ussi !\" \/>\n<meta name=\"robots\" content=\"index, follow, max-snippet:-1, max-image-preview:large, max-video-preview:-1\" \/>\n<link rel=\"canonical\" href=\"https:\/\/dicodusport.fr\/blog\/de-autre-cote-pas-de-tir-1-emilien-jacquelin-nouveau-biathlete-arene\/\" \/>\n<meta property=\"og:locale\" content=\"fr_FR\" \/>\n<meta property=\"og:type\" content=\"article\" \/>\n<meta property=\"og:title\" content=\"De l&#039;autre c\u00f4t\u00e9 du pas de tir #1 : Emilien Jacquelin, nouveau biathl\u00e8te dans l&#039;ar\u00e8ne !\" \/>\n<meta property=\"og:description\" content=\"\u00c0 22 ans, Emilien Jacquelin est le nouveau visage fran\u00e7ais en coupe du monde cette saison. Nous avons pu interviewer l&#039;Is\u00e9rois apr\u00e8s son week-end r\u00e9ussi !\" \/>\n<meta property=\"og:url\" content=\"https:\/\/dicodusport.fr\/blog\/de-autre-cote-pas-de-tir-1-emilien-jacquelin-nouveau-biathlete-arene\/\" \/>\n<meta property=\"og:site_name\" content=\"Dicodusport\" \/>\n<meta property=\"article:publisher\" content=\"https:\/\/www.facebook.com\/dicodusport\" \/>\n<meta property=\"article:published_time\" content=\"2017-12-04T11:00:11+00:00\" \/>\n<meta property=\"article:modified_time\" content=\"2017-12-06T09:33:32+00:00\" \/>\n<meta property=\"og:image\" content=\"https:\/\/dicodusport.fr\/blog\/wp-content\/uploads\/2017\/12\/Emilien-Jacquelin-un-nouveau-biathl\u00e8te.png\" \/>\n\t<meta property=\"og:image:width\" content=\"1433\" \/>\n\t<meta property=\"og:image:height\" content=\"792\" \/>\n\t<meta property=\"og:image:type\" content=\"image\/png\" \/>\n<meta name=\"author\" content=\"Mathieu Veillon\" \/>\n<meta name=\"twitter:card\" content=\"summary_large_image\" \/>\n<meta name=\"twitter:creator\" content=\"@https:\/\/twitter.com\/MathieuVeillon\" \/>\n<meta name=\"twitter:site\" content=\"@dicodusport\" \/>\n<script type=\"application\/ld+json\" class=\"yoast-schema-graph\">{\"@context\":\"https:\/\/schema.org\",\"@graph\":[{\"@type\":\"NewsArticle\",\"@id\":\"https:\/\/dicodusport.fr\/blog\/de-autre-cote-pas-de-tir-1-emilien-jacquelin-nouveau-biathlete-arene\/#article\",\"isPartOf\":{\"@id\":\"https:\/\/dicodusport.fr\/blog\/de-autre-cote-pas-de-tir-1-emilien-jacquelin-nouveau-biathlete-arene\/\"},\"author\":{\"name\":\"Mathieu Veillon\",\"@id\":\"https:\/\/dicodusport.fr\/blog\/#\/schema\/person\/9731cdc747db1ceb457a2bfa9180a806\"},\"headline\":\"De l&rsquo;autre c\u00f4t\u00e9 du pas de tir #1 : Emilien Jacquelin, nouveau biathl\u00e8te dans l&rsquo;ar\u00e8ne !\",\"datePublished\":\"2017-12-04T11:00:11+00:00\",\"dateModified\":\"2017-12-06T09:33:32+00:00\",\"mainEntityOfPage\":{\"@id\":\"https:\/\/dicodusport.fr\/blog\/de-autre-cote-pas-de-tir-1-emilien-jacquelin-nouveau-biathlete-arene\/\"},\"wordCount\":835,\"commentCount\":0,\"publisher\":{\"@id\":\"https:\/\/dicodusport.fr\/blog\/#organization\"},\"image\":{\"@id\":\"https:\/\/dicodusport.fr\/blog\/de-autre-cote-pas-de-tir-1-emilien-jacquelin-nouveau-biathlete-arene\/#primaryimage\"},\"thumbnailUrl\":\"https:\/\/dicodusport.fr\/blog\/wp-content\/uploads\/2017\/12\/Emilien-Jacquelin-un-nouveau-biathl\u00e8te.png\",\"keywords\":[\"Biathlon\",\"Coupe du monde de Biathlon\",\"Emilien Jacquelin\",\"IBU\",\"IBU Cup\",\"Jacquelin\"],\"articleSection\":[\"Actualit\u00e9s\",\"Biathlon\",\"Sports d'hiver\"],\"inLanguage\":\"fr-FR\",\"potentialAction\":[{\"@type\":\"CommentAction\",\"name\":\"Comment\",\"target\":[\"https:\/\/dicodusport.fr\/blog\/de-autre-cote-pas-de-tir-1-emilien-jacquelin-nouveau-biathlete-arene\/#respond\"]}],\"copyrightYear\":\"2017\",\"copyrightHolder\":{\"@id\":\"https:\/\/dicodusport.fr\/blog\/#organization\"}},{\"@type\":\"WebPage\",\"@id\":\"https:\/\/dicodusport.fr\/blog\/de-autre-cote-pas-de-tir-1-emilien-jacquelin-nouveau-biathlete-arene\/\",\"url\":\"https:\/\/dicodusport.fr\/blog\/de-autre-cote-pas-de-tir-1-emilien-jacquelin-nouveau-biathlete-arene\/\",\"name\":\"De l'autre c\u00f4t\u00e9 du pas de tir : Emilien Jacquelin, un nouveau biathl\u00e8te\",\"isPartOf\":{\"@id\":\"https:\/\/dicodusport.fr\/blog\/#website\"},\"primaryImageOfPage\":{\"@id\":\"https:\/\/dicodusport.fr\/blog\/de-autre-cote-pas-de-tir-1-emilien-jacquelin-nouveau-biathlete-arene\/#primaryimage\"},\"image\":{\"@id\":\"https:\/\/dicodusport.fr\/blog\/de-autre-cote-pas-de-tir-1-emilien-jacquelin-nouveau-biathlete-arene\/#primaryimage\"},\"thumbnailUrl\":\"https:\/\/dicodusport.fr\/blog\/wp-content\/uploads\/2017\/12\/Emilien-Jacquelin-un-nouveau-biathl\u00e8te.png\",\"datePublished\":\"2017-12-04T11:00:11+00:00\",\"dateModified\":\"2017-12-06T09:33:32+00:00\",\"description\":\"\u00c0 22 ans, Emilien Jacquelin est le nouveau visage fran\u00e7ais en coupe du monde cette saison. Nous avons pu interviewer l'Is\u00e9rois apr\u00e8s son week-end r\u00e9ussi !\",\"breadcrumb\":{\"@id\":\"https:\/\/dicodusport.fr\/blog\/de-autre-cote-pas-de-tir-1-emilien-jacquelin-nouveau-biathlete-arene\/#breadcrumb\"},\"inLanguage\":\"fr-FR\",\"potentialAction\":[{\"@type\":\"ReadAction\",\"target\":[\"https:\/\/dicodusport.fr\/blog\/de-autre-cote-pas-de-tir-1-emilien-jacquelin-nouveau-biathlete-arene\/\"]}]},{\"@type\":\"ImageObject\",\"inLanguage\":\"fr-FR\",\"@id\":\"https:\/\/dicodusport.fr\/blog\/de-autre-cote-pas-de-tir-1-emilien-jacquelin-nouveau-biathlete-arene\/#primaryimage\",\"url\":\"https:\/\/dicodusport.fr\/blog\/wp-content\/uploads\/2017\/12\/Emilien-Jacquelin-un-nouveau-biathl\u00e8te.png\",\"contentUrl\":\"https:\/\/dicodusport.fr\/blog\/wp-content\/uploads\/2017\/12\/Emilien-Jacquelin-un-nouveau-biathl\u00e8te.png\",\"width\":1433,\"height\":792,\"caption\":\"Emilien Jacquelin lors de sa victoire \u00e0 Sjusj\u00f8en\"},{\"@type\":\"BreadcrumbList\",\"@id\":\"https:\/\/dicodusport.fr\/blog\/de-autre-cote-pas-de-tir-1-emilien-jacquelin-nouveau-biathlete-arene\/#breadcrumb\",\"itemListElement\":[{\"@type\":\"ListItem\",\"position\":1,\"name\":\"Accueil\",\"item\":\"https:\/\/dicodusport.fr\/blog\/\"},{\"@type\":\"ListItem\",\"position\":2,\"name\":\"De l&rsquo;autre c\u00f4t\u00e9 du pas de tir #1 : Emilien Jacquelin, nouveau biathl\u00e8te dans l&rsquo;ar\u00e8ne !\"}]},{\"@type\":\"WebSite\",\"@id\":\"https:\/\/dicodusport.fr\/blog\/#website\",\"url\":\"https:\/\/dicodusport.fr\/blog\/\",\"name\":\"Dicodusport\",\"description\":\"L&#039;encyclop\u00e9die de l&#039;actualit\u00e9 sportive\",\"publisher\":{\"@id\":\"https:\/\/dicodusport.fr\/blog\/#organization\"},\"potentialAction\":[{\"@type\":\"SearchAction\",\"target\":{\"@type\":\"EntryPoint\",\"urlTemplate\":\"https:\/\/dicodusport.fr\/blog\/?s={search_term_string}\"},\"query-input\":{\"@type\":\"PropertyValueSpecification\",\"valueRequired\":true,\"valueName\":\"search_term_string\"}}],\"inLanguage\":\"fr-FR\"},{\"@type\":\"NewsMediaOrganization\",\"@id\":\"https:\/\/dicodusport.fr\/blog\/#organization\",\"name\":\"Dicodusport\",\"url\":\"https:\/\/dicodusport.fr\/blog\/\",\"logo\":{\"@type\":\"ImageObject\",\"inLanguage\":\"fr-FR\",\"@id\":\"https:\/\/dicodusport.fr\/blog\/#\/schema\/logo\/image\/\",\"url\":\"https:\/\/dicodusport.fr\/blog\/wp-content\/uploads\/2020\/06\/cropped-LOGO-DICODUSPORT-2020-SANS-FOND-SANS-TEXTE.png\",\"contentUrl\":\"https:\/\/dicodusport.fr\/blog\/wp-content\/uploads\/2020\/06\/cropped-LOGO-DICODUSPORT-2020-SANS-FOND-SANS-TEXTE.png\",\"width\":512,\"height\":512,\"caption\":\"Dicodusport\"},\"image\":{\"@id\":\"https:\/\/dicodusport.fr\/blog\/#\/schema\/logo\/image\/\"},\"sameAs\":[\"https:\/\/www.facebook.com\/dicodusport\",\"https:\/\/x.com\/dicodusport\",\"https:\/\/www.instagram.com\/dicodusport\/\",\"https:\/\/www.youtube.com\/channel\/UC7V2KZ5sd3htJivAbA4ZG3w\"],\"description\":\"Dicodusport est l'encyclop\u00e9die de l'actualit\u00e9 sportive.\",\"email\":\"bonjour@dicodusport.fr\",\"legalName\":\"DICODUSPORT\",\"foundingDate\":\"2018-01-14\",\"vatID\":\"FR71834470973\",\"taxID\":\"83447097300043\",\"numberOfEmployees\":{\"@type\":\"QuantitativeValue\",\"minValue\":\"1\",\"maxValue\":\"10\"}},{\"@type\":\"Person\",\"@id\":\"https:\/\/dicodusport.fr\/blog\/#\/schema\/person\/9731cdc747db1ceb457a2bfa9180a806\",\"name\":\"Mathieu Veillon\",\"image\":{\"@type\":\"ImageObject\",\"inLanguage\":\"fr-FR\",\"@id\":\"https:\/\/dicodusport.fr\/blog\/#\/schema\/person\/image\/\",\"url\":\"https:\/\/dicodusport.fr\/blog\/wp-content\/uploads\/2021\/05\/Mathieu-Veillon-150x150.jpg\",\"contentUrl\":\"https:\/\/dicodusport.fr\/blog\/wp-content\/uploads\/2021\/05\/Mathieu-Veillon-150x150.jpg\",\"caption\":\"Mathieu Veillon\"},\"description\":\"Journaliste\/r\u00e9dacteur depuis septembre 2015 - Ma d\u00e9finition du bonheur ? Une galette-saucisse au Roazhon Park ou un caf\u00e9 devant un Lakers\/Celtics au petit matin. Fid\u00e8le membre de la team insomniaque de la r\u00e9dac, j\u2019ai le pouvoir de rester \u00e9veill\u00e9 jusqu\u2019\u00e0 l\u2019aube pour faire vivre aux lecteurs ma passion du sport. Ainsi, j\u2019\u00e9cris principalement sur la NBA, le biathlon, le cyclisme ou encore la F1. Comptez dans mes exploits sportifs le fait d\u2019avoir fait gagner le Tour de France 2018 \u00e0 Tony Gallopin sur Pro Cycling Manager, ou encore d\u2019avoir men\u00e9 l\u2019\u00e9quipe nationale de Bretagne en finale de Coupe du monde sur Football Manager.\",\"sameAs\":[\"https:\/\/x.com\/https:\/\/twitter.com\/MathieuVeillon\"],\"url\":\"https:\/\/dicodusport.fr\/blog\/author\/mathieu\/\"}]}<\/script>\n<!-- \/ Yoast SEO Premium plugin. -->","yoast_head_json":{"title":"De l'autre c\u00f4t\u00e9 du pas de tir : Emilien Jacquelin, un nouveau biathl\u00e8te","description":"\u00c0 22 ans, Emilien Jacquelin est le nouveau visage fran\u00e7ais en coupe du monde cette saison. Nous avons pu interviewer l'Is\u00e9rois apr\u00e8s son week-end r\u00e9ussi !","robots":{"index":"index","follow":"follow","max-snippet":"max-snippet:-1","max-image-preview":"max-image-preview:large","max-video-preview":"max-video-preview:-1"},"canonical":"https:\/\/dicodusport.fr\/blog\/de-autre-cote-pas-de-tir-1-emilien-jacquelin-nouveau-biathlete-arene\/","og_locale":"fr_FR","og_type":"article","og_title":"De l'autre c\u00f4t\u00e9 du pas de tir #1 : Emilien Jacquelin, nouveau biathl\u00e8te dans l'ar\u00e8ne !","og_description":"\u00c0 22 ans, Emilien Jacquelin est le nouveau visage fran\u00e7ais en coupe du monde cette saison. Nous avons pu interviewer l'Is\u00e9rois apr\u00e8s son week-end r\u00e9ussi !","og_url":"https:\/\/dicodusport.fr\/blog\/de-autre-cote-pas-de-tir-1-emilien-jacquelin-nouveau-biathlete-arene\/","og_site_name":"Dicodusport","article_publisher":"https:\/\/www.facebook.com\/dicodusport","article_published_time":"2017-12-04T11:00:11+00:00","article_modified_time":"2017-12-06T09:33:32+00:00","og_image":[{"width":1433,"height":792,"url":"https:\/\/dicodusport.fr\/blog\/wp-content\/uploads\/2017\/12\/Emilien-Jacquelin-un-nouveau-biathl\u00e8te.png","type":"image\/png"}],"author":"Mathieu Veillon","twitter_card":"summary_large_image","twitter_creator":"@https:\/\/twitter.com\/MathieuVeillon","twitter_site":"@dicodusport","schema":{"@context":"https:\/\/schema.org","@graph":[{"@type":"NewsArticle","@id":"https:\/\/dicodusport.fr\/blog\/de-autre-cote-pas-de-tir-1-emilien-jacquelin-nouveau-biathlete-arene\/#article","isPartOf":{"@id":"https:\/\/dicodusport.fr\/blog\/de-autre-cote-pas-de-tir-1-emilien-jacquelin-nouveau-biathlete-arene\/"},"author":{"name":"Mathieu Veillon","@id":"https:\/\/dicodusport.fr\/blog\/#\/schema\/person\/9731cdc747db1ceb457a2bfa9180a806"},"headline":"De l&rsquo;autre c\u00f4t\u00e9 du pas de tir #1 : Emilien Jacquelin, nouveau biathl\u00e8te dans l&rsquo;ar\u00e8ne !","datePublished":"2017-12-04T11:00:11+00:00","dateModified":"2017-12-06T09:33:32+00:00","mainEntityOfPage":{"@id":"https:\/\/dicodusport.fr\/blog\/de-autre-cote-pas-de-tir-1-emilien-jacquelin-nouveau-biathlete-arene\/"},"wordCount":835,"commentCount":0,"publisher":{"@id":"https:\/\/dicodusport.fr\/blog\/#organization"},"image":{"@id":"https:\/\/dicodusport.fr\/blog\/de-autre-cote-pas-de-tir-1-emilien-jacquelin-nouveau-biathlete-arene\/#primaryimage"},"thumbnailUrl":"https:\/\/dicodusport.fr\/blog\/wp-content\/uploads\/2017\/12\/Emilien-Jacquelin-un-nouveau-biathl\u00e8te.png","keywords":["Biathlon","Coupe du monde de Biathlon","Emilien Jacquelin","IBU","IBU Cup","Jacquelin"],"articleSection":["Actualit\u00e9s","Biathlon","Sports d'hiver"],"inLanguage":"fr-FR","potentialAction":[{"@type":"CommentAction","name":"Comment","target":["https:\/\/dicodusport.fr\/blog\/de-autre-cote-pas-de-tir-1-emilien-jacquelin-nouveau-biathlete-arene\/#respond"]}],"copyrightYear":"2017","copyrightHolder":{"@id":"https:\/\/dicodusport.fr\/blog\/#organization"}},{"@type":"WebPage","@id":"https:\/\/dicodusport.fr\/blog\/de-autre-cote-pas-de-tir-1-emilien-jacquelin-nouveau-biathlete-arene\/","url":"https:\/\/dicodusport.fr\/blog\/de-autre-cote-pas-de-tir-1-emilien-jacquelin-nouveau-biathlete-arene\/","name":"De l'autre c\u00f4t\u00e9 du pas de tir : Emilien Jacquelin, un nouveau biathl\u00e8te","isPartOf":{"@id":"https:\/\/dicodusport.fr\/blog\/#website"},"primaryImageOfPage":{"@id":"https:\/\/dicodusport.fr\/blog\/de-autre-cote-pas-de-tir-1-emilien-jacquelin-nouveau-biathlete-arene\/#primaryimage"},"image":{"@id":"https:\/\/dicodusport.fr\/blog\/de-autre-cote-pas-de-tir-1-emilien-jacquelin-nouveau-biathlete-arene\/#primaryimage"},"thumbnailUrl":"https:\/\/dicodusport.fr\/blog\/wp-content\/uploads\/2017\/12\/Emilien-Jacquelin-un-nouveau-biathl\u00e8te.png","datePublished":"2017-12-04T11:00:11+00:00","dateModified":"2017-12-06T09:33:32+00:00","description":"\u00c0 22 ans, Emilien Jacquelin est le nouveau visage fran\u00e7ais en coupe du monde cette saison. Nous avons pu interviewer l'Is\u00e9rois apr\u00e8s son week-end r\u00e9ussi !","breadcrumb":{"@id":"https:\/\/dicodusport.fr\/blog\/de-autre-cote-pas-de-tir-1-emilien-jacquelin-nouveau-biathlete-arene\/#breadcrumb"},"inLanguage":"fr-FR","potentialAction":[{"@type":"ReadAction","target":["https:\/\/dicodusport.fr\/blog\/de-autre-cote-pas-de-tir-1-emilien-jacquelin-nouveau-biathlete-arene\/"]}]},{"@type":"ImageObject","inLanguage":"fr-FR","@id":"https:\/\/dicodusport.fr\/blog\/de-autre-cote-pas-de-tir-1-emilien-jacquelin-nouveau-biathlete-arene\/#primaryimage","url":"https:\/\/dicodusport.fr\/blog\/wp-content\/uploads\/2017\/12\/Emilien-Jacquelin-un-nouveau-biathl\u00e8te.png","contentUrl":"https:\/\/dicodusport.fr\/blog\/wp-content\/uploads\/2017\/12\/Emilien-Jacquelin-un-nouveau-biathl\u00e8te.png","width":1433,"height":792,"caption":"Emilien Jacquelin lors de sa victoire \u00e0 Sjusj\u00f8en"},{"@type":"BreadcrumbList","@id":"https:\/\/dicodusport.fr\/blog\/de-autre-cote-pas-de-tir-1-emilien-jacquelin-nouveau-biathlete-arene\/#breadcrumb","itemListElement":[{"@type":"ListItem","position":1,"name":"Accueil","item":"https:\/\/dicodusport.fr\/blog\/"},{"@type":"ListItem","position":2,"name":"De l&rsquo;autre c\u00f4t\u00e9 du pas de tir #1 : Emilien Jacquelin, nouveau biathl\u00e8te dans l&rsquo;ar\u00e8ne !"}]},{"@type":"WebSite","@id":"https:\/\/dicodusport.fr\/blog\/#website","url":"https:\/\/dicodusport.fr\/blog\/","name":"Dicodusport","description":"L&#039;encyclop\u00e9die de l&#039;actualit\u00e9 sportive","publisher":{"@id":"https:\/\/dicodusport.fr\/blog\/#organization"},"potentialAction":[{"@type":"SearchAction","target":{"@type":"EntryPoint","urlTemplate":"https:\/\/dicodusport.fr\/blog\/?s={search_term_string}"},"query-input":{"@type":"PropertyValueSpecification","valueRequired":true,"valueName":"search_term_string"}}],"inLanguage":"fr-FR"},{"@type":"NewsMediaOrganization","@id":"https:\/\/dicodusport.fr\/blog\/#organization","name":"Dicodusport","url":"https:\/\/dicodusport.fr\/blog\/","logo":{"@type":"ImageObject","inLanguage":"fr-FR","@id":"https:\/\/dicodusport.fr\/blog\/#\/schema\/logo\/image\/","url":"https:\/\/dicodusport.fr\/blog\/wp-content\/uploads\/2020\/06\/cropped-LOGO-DICODUSPORT-2020-SANS-FOND-SANS-TEXTE.png","contentUrl":"https:\/\/dicodusport.fr\/blog\/wp-content\/uploads\/2020\/06\/cropped-LOGO-DICODUSPORT-2020-SANS-FOND-SANS-TEXTE.png","width":512,"height":512,"caption":"Dicodusport"},"image":{"@id":"https:\/\/dicodusport.fr\/blog\/#\/schema\/logo\/image\/"},"sameAs":["https:\/\/www.facebook.com\/dicodusport","https:\/\/x.com\/dicodusport","https:\/\/www.instagram.com\/dicodusport\/","https:\/\/www.youtube.com\/channel\/UC7V2KZ5sd3htJivAbA4ZG3w"],"description":"Dicodusport est l'encyclop\u00e9die de l'actualit\u00e9 sportive.","email":"bonjour@dicodusport.fr","legalName":"DICODUSPORT","foundingDate":"2018-01-14","vatID":"FR71834470973","taxID":"83447097300043","numberOfEmployees":{"@type":"QuantitativeValue","minValue":"1","maxValue":"10"}},{"@type":"Person","@id":"https:\/\/dicodusport.fr\/blog\/#\/schema\/person\/9731cdc747db1ceb457a2bfa9180a806","name":"Mathieu Veillon","image":{"@type":"ImageObject","inLanguage":"fr-FR","@id":"https:\/\/dicodusport.fr\/blog\/#\/schema\/person\/image\/","url":"https:\/\/dicodusport.fr\/blog\/wp-content\/uploads\/2021\/05\/Mathieu-Veillon-150x150.jpg","contentUrl":"https:\/\/dicodusport.fr\/blog\/wp-content\/uploads\/2021\/05\/Mathieu-Veillon-150x150.jpg","caption":"Mathieu Veillon"},"description":"Journaliste\/r\u00e9dacteur depuis septembre 2015 - Ma d\u00e9finition du bonheur ? Une galette-saucisse au Roazhon Park ou un caf\u00e9 devant un Lakers\/Celtics au petit matin. Fid\u00e8le membre de la team insomniaque de la r\u00e9dac, j\u2019ai le pouvoir de rester \u00e9veill\u00e9 jusqu\u2019\u00e0 l\u2019aube pour faire vivre aux lecteurs ma passion du sport. Ainsi, j\u2019\u00e9cris principalement sur la NBA, le biathlon, le cyclisme ou encore la F1. Comptez dans mes exploits sportifs le fait d\u2019avoir fait gagner le Tour de France 2018 \u00e0 Tony Gallopin sur Pro Cycling Manager, ou encore d\u2019avoir men\u00e9 l\u2019\u00e9quipe nationale de Bretagne en finale de Coupe du monde sur Football Manager.","sameAs":["https:\/\/x.com\/https:\/\/twitter.com\/MathieuVeillon"],"url":"https:\/\/dicodusport.fr\/blog\/author\/mathieu\/"}]}},"_links":{"self":[{"href":"https:\/\/dicodusport.fr\/blog\/wp-json\/wp\/v2\/posts\/8042","targetHints":{"allow":["GET"]}}],"collection":[{"href":"https:\/\/dicodusport.fr\/blog\/wp-json\/wp\/v2\/posts"}],"about":[{"href":"https:\/\/dicodusport.fr\/blog\/wp-json\/wp\/v2\/types\/post"}],"author":[{"embeddable":true,"href":"https:\/\/dicodusport.fr\/blog\/wp-json\/wp\/v2\/users\/21"}],"replies":[{"embeddable":true,"href":"https:\/\/dicodusport.fr\/blog\/wp-json\/wp\/v2\/comments?post=8042"}],"version-history":[{"count":0,"href":"https:\/\/dicodusport.fr\/blog\/wp-json\/wp\/v2\/posts\/8042\/revisions"}],"wp:featuredmedia":[{"embeddable":true,"href":"https:\/\/dicodusport.fr\/blog\/wp-json\/wp\/v2\/media\/8050"}],"wp:attachment":[{"href":"https:\/\/dicodusport.fr\/blog\/wp-json\/wp\/v2\/media?parent=8042"}],"wp:term":[{"taxonomy":"category","embeddable":true,"href":"https:\/\/dicodusport.fr\/blog\/wp-json\/wp\/v2\/categories?post=8042"},{"taxonomy":"post_tag","embeddable":true,"href":"https:\/\/dicodusport.fr\/blog\/wp-json\/wp\/v2\/tags?post=8042"}],"curies":[{"name":"wp","href":"https:\/\/api.w.org\/{rel}","templated":true}]}}