{"id":80457,"date":"2020-09-30T16:26:41","date_gmt":"2020-09-30T14:26:41","guid":{"rendered":"https:\/\/dicodusport.fr\/blog\/?p=80457&#038;preview=true&#038;preview_id=80457"},"modified":"2020-09-30T16:48:45","modified_gmt":"2020-09-30T14:48:45","slug":"fleche-wallonne-2020-course-hommes-marc-hirschi-s-impose-devant-benoit-cosnefroy","status":"publish","type":"post","link":"https:\/\/dicodusport.fr\/blog\/fleche-wallonne-2020-course-hommes-marc-hirschi-s-impose-devant-benoit-cosnefroy\/","title":{"rendered":"Fl\u00e8che Wallonne 2020 &#8211; Course hommes : Marc Hirschi s&rsquo;impose devant Beno\u00eet Cosnefroy"},"content":{"rendered":"<p style=\"text-align: justify;\"><strong><em>CYCLISME &#8211; Au sommet du Mur de Huy, Marc Hirschi (Sunweb) a remport\u00e9 ce mercredi la Fl\u00e8che Wallonne. Le Suisse, vainqueur d&rsquo;\u00e9tape sur le Tour de France, devance Beno\u00eet Cosnefroy (AG2R La Mondiale) et Michael Woods (EF Pro Cycling).<\/em><\/strong><\/p>\n<p style=\"text-align: justify;\"><strong>Marc Hirschi<\/strong> persiste et signe. \u00c0 22 ans, le Suisse de la Sunweb vient de remporter sa premi\u00e8re grande classique, avec une victoire en patron au sommet du Mur de Huy sur la Fl\u00e8che Wallonne. <a href=\"https:\/\/dicodusport.fr\/blog\/tour-de-france-2020-marc-hirschi-s-impose-en-solitaire-12-eme-etape\/\" target=\"_blank\" rel=\"noopener noreferrer\">Vainqueur d&rsquo;\u00e9tape \u00e0 Sarran sur le Tour de France<\/a> et m\u00e9daill\u00e9 de bronze aux Mondiaux d&rsquo;Imola dimanche dernier, <strong>Hirschi<\/strong> devance sur la ligne un excellent <strong>Beno\u00eet Cosnefroy<\/strong> (AG2R La Mondiale) et le Canadien <strong>Michael Woods<\/strong> (EF Pro Cycling), qui a attaqu\u00e9 en premier \u00e0 300 m\u00e8tres de la ligne d&rsquo;arriv\u00e9e.<\/p>\n<p style=\"text-align: justify;\"><strong>Warren Barguil<\/strong> (Ark\u00e9a-Samsic) prend une belle 4\u00e8me place. Annonc\u00e9 parmi les favoris, le vainqueur du Tour 2020, <strong>Tadej Pogacar<\/strong> (UAE Team Emirates), a coinc\u00e9 dans le final et se classe 9\u00e8me. Dimanche, tout ce petit monde se retrouvera sur Li\u00e8ge-Bastogne-Li\u00e8ge, o\u00f9 <strong>Marc Hirschi<\/strong> sera l&rsquo;un des grands favoris, aux c\u00f4t\u00e9s du champion du monde et double vainqueur sortant de la Fl\u00e8che Wallonne, <strong>Julian Alaphilippe<\/strong>.<\/p>\n<h2 style=\"text-align: justify;\">L&rsquo;arriv\u00e9e de la Fl\u00e8che Wallonne 2020 en vid\u00e9o<\/h2>\n<blockquote class=\"twitter-tweet\">\n<p dir=\"ltr\" lang=\"fr\">Marc Hirschi, la r\u00e9v\u00e9lation du Tour de France, remporte la <a href=\"https:\/\/twitter.com\/flechewallonne?ref_src=twsrc%5Etfw\">@flechewallonne<\/a> au sommet du Mur de Huy. Benoit Cosnefroy termine dauphin et Michael Woods compl\u00e8te le podium. <a href=\"https:\/\/t.co\/4kT0TZNbPA\">pic.twitter.com\/4kT0TZNbPA<\/a><\/p>\n<p>\u2014 France tv sport (@francetvsport) <a href=\"https:\/\/twitter.com\/francetvsport\/status\/1311312251933126656?ref_src=twsrc%5Etfw\">September 30, 2020<\/a><\/p><\/blockquote>\n<p><script async src=\"https:\/\/platform.twitter.com\/widgets.js\" charset=\"utf-8\"><\/script><\/p>\n<ul>\n<li style=\"text-align: justify;\"><a href=\"https:\/\/dicodusport.fr\/blog\/la-fleche-wallonne-2020-classement-course-hommes\/\" target=\"_blank\" rel=\"noopener noreferrer\"><strong>Le classement de la Fl\u00e8che Wallonne 2020<\/strong><\/a><\/li>\n<\/ul>\n<p><strong><em>Dicodusport<br \/>\n<a href=\"https:\/\/www.facebook.com\/dicodusport\/\" target=\"_blank\" rel=\"noopener noreferrer\"><img loading=\"lazy\" decoding=\"async\" class=\"alignnone wp-image-2909\" src=\"http:\/\/dicodusport.fr\/blog\/wp-content\/uploads\/2017\/07\/logo-facebook-150x150.png\" alt=\"\" width=\"40\" height=\"40\" \/><\/a><a href=\"https:\/\/twitter.com\/dicodusport\" target=\"_blank\" rel=\"noopener noreferrer\"><img loading=\"lazy\" decoding=\"async\" class=\"alignnone wp-image-2908\" src=\"http:\/\/dicodusport.fr\/blog\/wp-content\/uploads\/2017\/07\/logo-twitter-150x150.png\" alt=\"\" width=\"39\" height=\"39\" \/><\/a><\/em><\/strong><\/p>\n","protected":false},"excerpt":{"rendered":"<p>CYCLISME &#8211; Au sommet du Mur de Huy, Marc Hirschi (Sunweb) a remport\u00e9 ce mercredi la Fl\u00e8che Wallonne. Le Suisse, vainqueur d&rsquo;\u00e9tape sur le Tour de France, devance Beno\u00eet Cosnefroy (AG2R La Mondiale) et Michael Woods (EF Pro Cycling).<\/p>\n","protected":false},"author":4,"featured_media":80474,"comment_status":"open","ping_status":"closed","sticky":false,"template":"","format":"standard","meta":{"_acf_changed":false,"_daextam_enable_autolinks":"","footnotes":""},"categories":[2307],"tags":[],"class_list":["post-80457","post","type-post","status-publish","format-standard","has-post-thumbnail","hentry","category-cyclisme"],"acf":[],"yoast_head":"<!-- This site is optimized with the Yoast SEO Premium plugin v26.7 (Yoast SEO v26.7) - https:\/\/yoast.com\/wordpress\/plugins\/seo\/ -->\n<title>Fl\u00e8che Wallonne 2020 - Course hommes : Marc Hirschi s&#039;impose devant Beno\u00eet Cosnefroy<\/title>\n<meta name=\"description\" content=\"CYCLISME - Au sommet du Mur de Huy, Marc Hirschi (Sunweb) a remport\u00e9 ce mercredi la Fl\u00e8che Wallonne. Beno\u00eet Cosnefroy est deuxi\u00e8me.\" \/>\n<meta name=\"robots\" content=\"index, follow, max-snippet:-1, max-image-preview:large, max-video-preview:-1\" \/>\n<link rel=\"canonical\" href=\"https:\/\/dicodusport.fr\/blog\/fleche-wallonne-2020-course-hommes-marc-hirschi-s-impose-devant-benoit-cosnefroy\/\" \/>\n<meta property=\"og:locale\" content=\"fr_FR\" \/>\n<meta property=\"og:type\" content=\"article\" \/>\n<meta property=\"og:title\" content=\"Cyclisme : Marc Hirschi remporte la Fl\u00e8che Wallonne devant Beno\u00eet Cosnefroy\" \/>\n<meta property=\"og:description\" content=\"CYCLISME - Au sommet du Mur de Huy, Marc Hirschi (Sunweb) a remport\u00e9 ce mercredi la Fl\u00e8che Wallonne. Beno\u00eet Cosnefroy est deuxi\u00e8me.\" \/>\n<meta property=\"og:url\" content=\"https:\/\/dicodusport.fr\/blog\/fleche-wallonne-2020-course-hommes-marc-hirschi-s-impose-devant-benoit-cosnefroy\/\" \/>\n<meta property=\"og:site_name\" content=\"Dicodusport\" \/>\n<meta property=\"article:publisher\" content=\"https:\/\/www.facebook.com\/dicodusport\" \/>\n<meta property=\"article:author\" content=\"https:\/\/www.facebook.com\/florent.ostermann\" \/>\n<meta property=\"article:published_time\" content=\"2020-09-30T14:26:41+00:00\" \/>\n<meta property=\"article:modified_time\" content=\"2020-09-30T14:48:45+00:00\" \/>\n<meta property=\"og:image\" content=\"https:\/\/dicodusport.fr\/blog\/wp-content\/uploads\/2020\/09\/Fl\u00e8che-Wallonne-2020-Course-hommes-Marc-Hirschi-simpose-devant-Beno\u00eet-Cosnefroy.png\" \/>\n\t<meta property=\"og:image:width\" content=\"800\" \/>\n\t<meta property=\"og:image:height\" content=\"445\" \/>\n\t<meta property=\"og:image:type\" content=\"image\/png\" \/>\n<meta name=\"author\" content=\"Flo Ostermann\" \/>\n<meta name=\"twitter:card\" content=\"summary_large_image\" \/>\n<meta name=\"twitter:title\" content=\"Cyclisme : Marc Hirschi remporte la Fl\u00e8che Wallonne devant Beno\u00eet Cosnefroy\" \/>\n<meta name=\"twitter:creator\" content=\"@https:\/\/twitter.com\/FlOstermann\" \/>\n<meta name=\"twitter:site\" content=\"@dicodusport\" \/>\n<script type=\"application\/ld+json\" class=\"yoast-schema-graph\">{\"@context\":\"https:\/\/schema.org\",\"@graph\":[{\"@type\":\"NewsArticle\",\"@id\":\"https:\/\/dicodusport.fr\/blog\/fleche-wallonne-2020-course-hommes-marc-hirschi-s-impose-devant-benoit-cosnefroy\/#article\",\"isPartOf\":{\"@id\":\"https:\/\/dicodusport.fr\/blog\/fleche-wallonne-2020-course-hommes-marc-hirschi-s-impose-devant-benoit-cosnefroy\/\"},\"author\":{\"name\":\"Flo Ostermann\",\"@id\":\"https:\/\/dicodusport.fr\/blog\/#\/schema\/person\/cb02af4c173ce4a653b55e9baf388d4a\"},\"headline\":\"Fl\u00e8che Wallonne 2020 &#8211; Course hommes : Marc Hirschi s&rsquo;impose devant Beno\u00eet Cosnefroy\",\"datePublished\":\"2020-09-30T14:26:41+00:00\",\"dateModified\":\"2020-09-30T14:48:45+00:00\",\"mainEntityOfPage\":{\"@id\":\"https:\/\/dicodusport.fr\/blog\/fleche-wallonne-2020-course-hommes-marc-hirschi-s-impose-devant-benoit-cosnefroy\/\"},\"wordCount\":276,\"commentCount\":0,\"publisher\":{\"@id\":\"https:\/\/dicodusport.fr\/blog\/#organization\"},\"image\":{\"@id\":\"https:\/\/dicodusport.fr\/blog\/fleche-wallonne-2020-course-hommes-marc-hirschi-s-impose-devant-benoit-cosnefroy\/#primaryimage\"},\"thumbnailUrl\":\"https:\/\/dicodusport.fr\/blog\/wp-content\/uploads\/2020\/09\/Fl\u00e8che-Wallonne-2020-Course-hommes-Marc-Hirschi-simpose-devant-Beno\u00eet-Cosnefroy.png\",\"articleSection\":[\"Cyclisme\"],\"inLanguage\":\"fr-FR\",\"potentialAction\":[{\"@type\":\"CommentAction\",\"name\":\"Comment\",\"target\":[\"https:\/\/dicodusport.fr\/blog\/fleche-wallonne-2020-course-hommes-marc-hirschi-s-impose-devant-benoit-cosnefroy\/#respond\"]}],\"copyrightYear\":\"2020\",\"copyrightHolder\":{\"@id\":\"https:\/\/dicodusport.fr\/blog\/#organization\"}},{\"@type\":\"WebPage\",\"@id\":\"https:\/\/dicodusport.fr\/blog\/fleche-wallonne-2020-course-hommes-marc-hirschi-s-impose-devant-benoit-cosnefroy\/\",\"url\":\"https:\/\/dicodusport.fr\/blog\/fleche-wallonne-2020-course-hommes-marc-hirschi-s-impose-devant-benoit-cosnefroy\/\",\"name\":\"Fl\u00e8che Wallonne 2020 - Course hommes : Marc Hirschi s'impose devant Beno\u00eet Cosnefroy\",\"isPartOf\":{\"@id\":\"https:\/\/dicodusport.fr\/blog\/#website\"},\"primaryImageOfPage\":{\"@id\":\"https:\/\/dicodusport.fr\/blog\/fleche-wallonne-2020-course-hommes-marc-hirschi-s-impose-devant-benoit-cosnefroy\/#primaryimage\"},\"image\":{\"@id\":\"https:\/\/dicodusport.fr\/blog\/fleche-wallonne-2020-course-hommes-marc-hirschi-s-impose-devant-benoit-cosnefroy\/#primaryimage\"},\"thumbnailUrl\":\"https:\/\/dicodusport.fr\/blog\/wp-content\/uploads\/2020\/09\/Fl\u00e8che-Wallonne-2020-Course-hommes-Marc-Hirschi-simpose-devant-Beno\u00eet-Cosnefroy.png\",\"datePublished\":\"2020-09-30T14:26:41+00:00\",\"dateModified\":\"2020-09-30T14:48:45+00:00\",\"description\":\"CYCLISME - Au sommet du Mur de Huy, Marc Hirschi (Sunweb) a remport\u00e9 ce mercredi la Fl\u00e8che Wallonne. Beno\u00eet Cosnefroy est deuxi\u00e8me.\",\"breadcrumb\":{\"@id\":\"https:\/\/dicodusport.fr\/blog\/fleche-wallonne-2020-course-hommes-marc-hirschi-s-impose-devant-benoit-cosnefroy\/#breadcrumb\"},\"inLanguage\":\"fr-FR\",\"potentialAction\":[{\"@type\":\"ReadAction\",\"target\":[\"https:\/\/dicodusport.fr\/blog\/fleche-wallonne-2020-course-hommes-marc-hirschi-s-impose-devant-benoit-cosnefroy\/\"]}]},{\"@type\":\"ImageObject\",\"inLanguage\":\"fr-FR\",\"@id\":\"https:\/\/dicodusport.fr\/blog\/fleche-wallonne-2020-course-hommes-marc-hirschi-s-impose-devant-benoit-cosnefroy\/#primaryimage\",\"url\":\"https:\/\/dicodusport.fr\/blog\/wp-content\/uploads\/2020\/09\/Fl\u00e8che-Wallonne-2020-Course-hommes-Marc-Hirschi-simpose-devant-Beno\u00eet-Cosnefroy.png\",\"contentUrl\":\"https:\/\/dicodusport.fr\/blog\/wp-content\/uploads\/2020\/09\/Fl\u00e8che-Wallonne-2020-Course-hommes-Marc-Hirschi-simpose-devant-Beno\u00eet-Cosnefroy.png\",\"width\":800,\"height\":445,\"caption\":\"Fl\u00e8che Wallonne 2020 - Course hommes - Marc Hirschi s'impose devant Beno\u00eet Cosnefroy\"},{\"@type\":\"BreadcrumbList\",\"@id\":\"https:\/\/dicodusport.fr\/blog\/fleche-wallonne-2020-course-hommes-marc-hirschi-s-impose-devant-benoit-cosnefroy\/#breadcrumb\",\"itemListElement\":[{\"@type\":\"ListItem\",\"position\":1,\"name\":\"Accueil\",\"item\":\"https:\/\/dicodusport.fr\/blog\/\"},{\"@type\":\"ListItem\",\"position\":2,\"name\":\"Fl\u00e8che Wallonne 2020 &#8211; Course hommes : Marc Hirschi s&rsquo;impose devant Beno\u00eet Cosnefroy\"}]},{\"@type\":\"WebSite\",\"@id\":\"https:\/\/dicodusport.fr\/blog\/#website\",\"url\":\"https:\/\/dicodusport.fr\/blog\/\",\"name\":\"Dicodusport\",\"description\":\"L&#039;encyclop\u00e9die de l&#039;actualit\u00e9 sportive\",\"publisher\":{\"@id\":\"https:\/\/dicodusport.fr\/blog\/#organization\"},\"potentialAction\":[{\"@type\":\"SearchAction\",\"target\":{\"@type\":\"EntryPoint\",\"urlTemplate\":\"https:\/\/dicodusport.fr\/blog\/?s={search_term_string}\"},\"query-input\":{\"@type\":\"PropertyValueSpecification\",\"valueRequired\":true,\"valueName\":\"search_term_string\"}}],\"inLanguage\":\"fr-FR\"},{\"@type\":\"NewsMediaOrganization\",\"@id\":\"https:\/\/dicodusport.fr\/blog\/#organization\",\"name\":\"Dicodusport\",\"url\":\"https:\/\/dicodusport.fr\/blog\/\",\"logo\":{\"@type\":\"ImageObject\",\"inLanguage\":\"fr-FR\",\"@id\":\"https:\/\/dicodusport.fr\/blog\/#\/schema\/logo\/image\/\",\"url\":\"https:\/\/dicodusport.fr\/blog\/wp-content\/uploads\/2020\/06\/cropped-LOGO-DICODUSPORT-2020-SANS-FOND-SANS-TEXTE.png\",\"contentUrl\":\"https:\/\/dicodusport.fr\/blog\/wp-content\/uploads\/2020\/06\/cropped-LOGO-DICODUSPORT-2020-SANS-FOND-SANS-TEXTE.png\",\"width\":512,\"height\":512,\"caption\":\"Dicodusport\"},\"image\":{\"@id\":\"https:\/\/dicodusport.fr\/blog\/#\/schema\/logo\/image\/\"},\"sameAs\":[\"https:\/\/www.facebook.com\/dicodusport\",\"https:\/\/x.com\/dicodusport\",\"https:\/\/www.instagram.com\/dicodusport\/\",\"https:\/\/www.youtube.com\/channel\/UC7V2KZ5sd3htJivAbA4ZG3w\"],\"description\":\"Dicodusport est l'encyclop\u00e9die de l'actualit\u00e9 sportive.\",\"email\":\"bonjour@dicodusport.fr\",\"legalName\":\"DICODUSPORT\",\"foundingDate\":\"2018-01-14\",\"vatID\":\"FR71834470973\",\"taxID\":\"83447097300043\",\"numberOfEmployees\":{\"@type\":\"QuantitativeValue\",\"minValue\":\"1\",\"maxValue\":\"10\"}},{\"@type\":\"Person\",\"@id\":\"https:\/\/dicodusport.fr\/blog\/#\/schema\/person\/cb02af4c173ce4a653b55e9baf388d4a\",\"name\":\"Flo Ostermann\",\"image\":{\"@type\":\"ImageObject\",\"inLanguage\":\"fr-FR\",\"@id\":\"https:\/\/dicodusport.fr\/blog\/#\/schema\/person\/image\/\",\"url\":\"https:\/\/dicodusport.fr\/blog\/wp-content\/uploads\/2021\/05\/Flo-Ostermann-150x150.jpg\",\"contentUrl\":\"https:\/\/dicodusport.fr\/blog\/wp-content\/uploads\/2021\/05\/Flo-Ostermann-150x150.jpg\",\"caption\":\"Flo Ostermann\"},\"description\":\"Journaliste\/R\u00e9dacteur depuis septembre 2015 - Mes premiers souvenirs dans le sport ? Les envol\u00e9es du Stade Toulousain et les duels Villeneuve-Schumacher et H\u00e4kkinen-Schumacher \u00e0 la fin des ann\u00e9es 90, la Coupe du monde de football en 1998, l\u2019exploit du XV de France face aux All Blacks en 1999, mais aussi Richard C\u0153ur de Lion qui vole sur les montagnes du Tour de France. Bien parti pour devenir professeur d\u2019EPS, les \u00e9v\u00e9nements de la vie (et la flemme d\u2019animer des s\u00e9ances de 3x500 m\u00e8tres toute ma vie) m\u2019ont conduit \u00e0 revoir mes plans. Me voil\u00e0 depuis fin 2017 sur Dicodusport, m\u00e9dia gr\u00e2ce (et pour) lequel je partage ma passion : le sport dans tous ses \u00e9tats. Le tout accompagn\u00e9 par les fous furieux et folles furieuses cit\u00e9s sur cette page !\",\"sameAs\":[\"https:\/\/www.facebook.com\/florent.ostermann\",\"https:\/\/x.com\/https:\/\/twitter.com\/FlOstermann\",\"admin\"],\"url\":\"https:\/\/dicodusport.fr\/blog\/author\/flo\/\"}]}<\/script>\n<!-- \/ Yoast SEO Premium plugin. -->","yoast_head_json":{"title":"Fl\u00e8che Wallonne 2020 - Course hommes : Marc Hirschi s'impose devant Beno\u00eet Cosnefroy","description":"CYCLISME - Au sommet du Mur de Huy, Marc Hirschi (Sunweb) a remport\u00e9 ce mercredi la Fl\u00e8che Wallonne. Beno\u00eet Cosnefroy est deuxi\u00e8me.","robots":{"index":"index","follow":"follow","max-snippet":"max-snippet:-1","max-image-preview":"max-image-preview:large","max-video-preview":"max-video-preview:-1"},"canonical":"https:\/\/dicodusport.fr\/blog\/fleche-wallonne-2020-course-hommes-marc-hirschi-s-impose-devant-benoit-cosnefroy\/","og_locale":"fr_FR","og_type":"article","og_title":"Cyclisme : Marc Hirschi remporte la Fl\u00e8che Wallonne devant Beno\u00eet Cosnefroy","og_description":"CYCLISME - Au sommet du Mur de Huy, Marc Hirschi (Sunweb) a remport\u00e9 ce mercredi la Fl\u00e8che Wallonne. Beno\u00eet Cosnefroy est deuxi\u00e8me.","og_url":"https:\/\/dicodusport.fr\/blog\/fleche-wallonne-2020-course-hommes-marc-hirschi-s-impose-devant-benoit-cosnefroy\/","og_site_name":"Dicodusport","article_publisher":"https:\/\/www.facebook.com\/dicodusport","article_author":"https:\/\/www.facebook.com\/florent.ostermann","article_published_time":"2020-09-30T14:26:41+00:00","article_modified_time":"2020-09-30T14:48:45+00:00","og_image":[{"width":800,"height":445,"url":"https:\/\/dicodusport.fr\/blog\/wp-content\/uploads\/2020\/09\/Fl\u00e8che-Wallonne-2020-Course-hommes-Marc-Hirschi-simpose-devant-Beno\u00eet-Cosnefroy.png","type":"image\/png"}],"author":"Flo Ostermann","twitter_card":"summary_large_image","twitter_title":"Cyclisme : Marc Hirschi remporte la Fl\u00e8che Wallonne devant Beno\u00eet Cosnefroy","twitter_creator":"@https:\/\/twitter.com\/FlOstermann","twitter_site":"@dicodusport","schema":{"@context":"https:\/\/schema.org","@graph":[{"@type":"NewsArticle","@id":"https:\/\/dicodusport.fr\/blog\/fleche-wallonne-2020-course-hommes-marc-hirschi-s-impose-devant-benoit-cosnefroy\/#article","isPartOf":{"@id":"https:\/\/dicodusport.fr\/blog\/fleche-wallonne-2020-course-hommes-marc-hirschi-s-impose-devant-benoit-cosnefroy\/"},"author":{"name":"Flo Ostermann","@id":"https:\/\/dicodusport.fr\/blog\/#\/schema\/person\/cb02af4c173ce4a653b55e9baf388d4a"},"headline":"Fl\u00e8che Wallonne 2020 &#8211; Course hommes : Marc Hirschi s&rsquo;impose devant Beno\u00eet Cosnefroy","datePublished":"2020-09-30T14:26:41+00:00","dateModified":"2020-09-30T14:48:45+00:00","mainEntityOfPage":{"@id":"https:\/\/dicodusport.fr\/blog\/fleche-wallonne-2020-course-hommes-marc-hirschi-s-impose-devant-benoit-cosnefroy\/"},"wordCount":276,"commentCount":0,"publisher":{"@id":"https:\/\/dicodusport.fr\/blog\/#organization"},"image":{"@id":"https:\/\/dicodusport.fr\/blog\/fleche-wallonne-2020-course-hommes-marc-hirschi-s-impose-devant-benoit-cosnefroy\/#primaryimage"},"thumbnailUrl":"https:\/\/dicodusport.fr\/blog\/wp-content\/uploads\/2020\/09\/Fl\u00e8che-Wallonne-2020-Course-hommes-Marc-Hirschi-simpose-devant-Beno\u00eet-Cosnefroy.png","articleSection":["Cyclisme"],"inLanguage":"fr-FR","potentialAction":[{"@type":"CommentAction","name":"Comment","target":["https:\/\/dicodusport.fr\/blog\/fleche-wallonne-2020-course-hommes-marc-hirschi-s-impose-devant-benoit-cosnefroy\/#respond"]}],"copyrightYear":"2020","copyrightHolder":{"@id":"https:\/\/dicodusport.fr\/blog\/#organization"}},{"@type":"WebPage","@id":"https:\/\/dicodusport.fr\/blog\/fleche-wallonne-2020-course-hommes-marc-hirschi-s-impose-devant-benoit-cosnefroy\/","url":"https:\/\/dicodusport.fr\/blog\/fleche-wallonne-2020-course-hommes-marc-hirschi-s-impose-devant-benoit-cosnefroy\/","name":"Fl\u00e8che Wallonne 2020 - Course hommes : Marc Hirschi s'impose devant Beno\u00eet Cosnefroy","isPartOf":{"@id":"https:\/\/dicodusport.fr\/blog\/#website"},"primaryImageOfPage":{"@id":"https:\/\/dicodusport.fr\/blog\/fleche-wallonne-2020-course-hommes-marc-hirschi-s-impose-devant-benoit-cosnefroy\/#primaryimage"},"image":{"@id":"https:\/\/dicodusport.fr\/blog\/fleche-wallonne-2020-course-hommes-marc-hirschi-s-impose-devant-benoit-cosnefroy\/#primaryimage"},"thumbnailUrl":"https:\/\/dicodusport.fr\/blog\/wp-content\/uploads\/2020\/09\/Fl\u00e8che-Wallonne-2020-Course-hommes-Marc-Hirschi-simpose-devant-Beno\u00eet-Cosnefroy.png","datePublished":"2020-09-30T14:26:41+00:00","dateModified":"2020-09-30T14:48:45+00:00","description":"CYCLISME - Au sommet du Mur de Huy, Marc Hirschi (Sunweb) a remport\u00e9 ce mercredi la Fl\u00e8che Wallonne. Beno\u00eet Cosnefroy est deuxi\u00e8me.","breadcrumb":{"@id":"https:\/\/dicodusport.fr\/blog\/fleche-wallonne-2020-course-hommes-marc-hirschi-s-impose-devant-benoit-cosnefroy\/#breadcrumb"},"inLanguage":"fr-FR","potentialAction":[{"@type":"ReadAction","target":["https:\/\/dicodusport.fr\/blog\/fleche-wallonne-2020-course-hommes-marc-hirschi-s-impose-devant-benoit-cosnefroy\/"]}]},{"@type":"ImageObject","inLanguage":"fr-FR","@id":"https:\/\/dicodusport.fr\/blog\/fleche-wallonne-2020-course-hommes-marc-hirschi-s-impose-devant-benoit-cosnefroy\/#primaryimage","url":"https:\/\/dicodusport.fr\/blog\/wp-content\/uploads\/2020\/09\/Fl\u00e8che-Wallonne-2020-Course-hommes-Marc-Hirschi-simpose-devant-Beno\u00eet-Cosnefroy.png","contentUrl":"https:\/\/dicodusport.fr\/blog\/wp-content\/uploads\/2020\/09\/Fl\u00e8che-Wallonne-2020-Course-hommes-Marc-Hirschi-simpose-devant-Beno\u00eet-Cosnefroy.png","width":800,"height":445,"caption":"Fl\u00e8che Wallonne 2020 - Course hommes - Marc Hirschi s'impose devant Beno\u00eet Cosnefroy"},{"@type":"BreadcrumbList","@id":"https:\/\/dicodusport.fr\/blog\/fleche-wallonne-2020-course-hommes-marc-hirschi-s-impose-devant-benoit-cosnefroy\/#breadcrumb","itemListElement":[{"@type":"ListItem","position":1,"name":"Accueil","item":"https:\/\/dicodusport.fr\/blog\/"},{"@type":"ListItem","position":2,"name":"Fl\u00e8che Wallonne 2020 &#8211; Course hommes : Marc Hirschi s&rsquo;impose devant Beno\u00eet Cosnefroy"}]},{"@type":"WebSite","@id":"https:\/\/dicodusport.fr\/blog\/#website","url":"https:\/\/dicodusport.fr\/blog\/","name":"Dicodusport","description":"L&#039;encyclop\u00e9die de l&#039;actualit\u00e9 sportive","publisher":{"@id":"https:\/\/dicodusport.fr\/blog\/#organization"},"potentialAction":[{"@type":"SearchAction","target":{"@type":"EntryPoint","urlTemplate":"https:\/\/dicodusport.fr\/blog\/?s={search_term_string}"},"query-input":{"@type":"PropertyValueSpecification","valueRequired":true,"valueName":"search_term_string"}}],"inLanguage":"fr-FR"},{"@type":"NewsMediaOrganization","@id":"https:\/\/dicodusport.fr\/blog\/#organization","name":"Dicodusport","url":"https:\/\/dicodusport.fr\/blog\/","logo":{"@type":"ImageObject","inLanguage":"fr-FR","@id":"https:\/\/dicodusport.fr\/blog\/#\/schema\/logo\/image\/","url":"https:\/\/dicodusport.fr\/blog\/wp-content\/uploads\/2020\/06\/cropped-LOGO-DICODUSPORT-2020-SANS-FOND-SANS-TEXTE.png","contentUrl":"https:\/\/dicodusport.fr\/blog\/wp-content\/uploads\/2020\/06\/cropped-LOGO-DICODUSPORT-2020-SANS-FOND-SANS-TEXTE.png","width":512,"height":512,"caption":"Dicodusport"},"image":{"@id":"https:\/\/dicodusport.fr\/blog\/#\/schema\/logo\/image\/"},"sameAs":["https:\/\/www.facebook.com\/dicodusport","https:\/\/x.com\/dicodusport","https:\/\/www.instagram.com\/dicodusport\/","https:\/\/www.youtube.com\/channel\/UC7V2KZ5sd3htJivAbA4ZG3w"],"description":"Dicodusport est l'encyclop\u00e9die de l'actualit\u00e9 sportive.","email":"bonjour@dicodusport.fr","legalName":"DICODUSPORT","foundingDate":"2018-01-14","vatID":"FR71834470973","taxID":"83447097300043","numberOfEmployees":{"@type":"QuantitativeValue","minValue":"1","maxValue":"10"}},{"@type":"Person","@id":"https:\/\/dicodusport.fr\/blog\/#\/schema\/person\/cb02af4c173ce4a653b55e9baf388d4a","name":"Flo Ostermann","image":{"@type":"ImageObject","inLanguage":"fr-FR","@id":"https:\/\/dicodusport.fr\/blog\/#\/schema\/person\/image\/","url":"https:\/\/dicodusport.fr\/blog\/wp-content\/uploads\/2021\/05\/Flo-Ostermann-150x150.jpg","contentUrl":"https:\/\/dicodusport.fr\/blog\/wp-content\/uploads\/2021\/05\/Flo-Ostermann-150x150.jpg","caption":"Flo Ostermann"},"description":"Journaliste\/R\u00e9dacteur depuis septembre 2015 - Mes premiers souvenirs dans le sport ? Les envol\u00e9es du Stade Toulousain et les duels Villeneuve-Schumacher et H\u00e4kkinen-Schumacher \u00e0 la fin des ann\u00e9es 90, la Coupe du monde de football en 1998, l\u2019exploit du XV de France face aux All Blacks en 1999, mais aussi Richard C\u0153ur de Lion qui vole sur les montagnes du Tour de France. Bien parti pour devenir professeur d\u2019EPS, les \u00e9v\u00e9nements de la vie (et la flemme d\u2019animer des s\u00e9ances de 3x500 m\u00e8tres toute ma vie) m\u2019ont conduit \u00e0 revoir mes plans. Me voil\u00e0 depuis fin 2017 sur Dicodusport, m\u00e9dia gr\u00e2ce (et pour) lequel je partage ma passion : le sport dans tous ses \u00e9tats. Le tout accompagn\u00e9 par les fous furieux et folles furieuses cit\u00e9s sur cette page !","sameAs":["https:\/\/www.facebook.com\/florent.ostermann","https:\/\/x.com\/https:\/\/twitter.com\/FlOstermann","admin"],"url":"https:\/\/dicodusport.fr\/blog\/author\/flo\/"}]}},"_links":{"self":[{"href":"https:\/\/dicodusport.fr\/blog\/wp-json\/wp\/v2\/posts\/80457","targetHints":{"allow":["GET"]}}],"collection":[{"href":"https:\/\/dicodusport.fr\/blog\/wp-json\/wp\/v2\/posts"}],"about":[{"href":"https:\/\/dicodusport.fr\/blog\/wp-json\/wp\/v2\/types\/post"}],"author":[{"embeddable":true,"href":"https:\/\/dicodusport.fr\/blog\/wp-json\/wp\/v2\/users\/4"}],"replies":[{"embeddable":true,"href":"https:\/\/dicodusport.fr\/blog\/wp-json\/wp\/v2\/comments?post=80457"}],"version-history":[{"count":0,"href":"https:\/\/dicodusport.fr\/blog\/wp-json\/wp\/v2\/posts\/80457\/revisions"}],"wp:featuredmedia":[{"embeddable":true,"href":"https:\/\/dicodusport.fr\/blog\/wp-json\/wp\/v2\/media\/80474"}],"wp:attachment":[{"href":"https:\/\/dicodusport.fr\/blog\/wp-json\/wp\/v2\/media?parent=80457"}],"wp:term":[{"taxonomy":"category","embeddable":true,"href":"https:\/\/dicodusport.fr\/blog\/wp-json\/wp\/v2\/categories?post=80457"},{"taxonomy":"post_tag","embeddable":true,"href":"https:\/\/dicodusport.fr\/blog\/wp-json\/wp\/v2\/tags?post=80457"}],"curies":[{"name":"wp","href":"https:\/\/api.w.org\/{rel}","templated":true}]}}