{"id":80580,"date":"2020-10-01T13:46:34","date_gmt":"2020-10-01T11:46:34","guid":{"rendered":"https:\/\/dicodusport.fr\/blog\/?p=80580&#038;preview=true&#038;preview_id=80580"},"modified":"2020-10-01T14:56:38","modified_gmt":"2020-10-01T12:56:38","slug":"vtt-cross-country-nove-mesto-loana-lecomte-s-impose-pauline-ferrand-prevot-3eme","status":"publish","type":"post","link":"https:\/\/dicodusport.fr\/blog\/vtt-cross-country-nove-mesto-loana-lecomte-s-impose-pauline-ferrand-prevot-3eme\/","title":{"rendered":"VTT Cross-country &#8211; Nove Mesto : Loana Lecomte s&rsquo;impose, Pauline Ferrand-Pr\u00e9vot 3\u00e8me"},"content":{"rendered":"<p style=\"text-align: justify;\"><strong><em><a href=\"https:\/\/dicodusport.fr\/blog\/actualites\/cyclisme\/vtt\/\" target=\"_blank\" rel=\"noopener noreferrer\">VTT<\/a> &#8211; \u00c0 21 ans, et pour sa premi\u00e8re Coupe du monde XCO en \u00e9lites, Loana Lecomte s&rsquo;est impos\u00e9e \u00e0 Nove Mesto. La native d&rsquo;Annecy, troisi\u00e8me de la short-track mardi, devance la N\u00e9erlandaise Anne Terpstra et la championne du monde Pauline Ferrand-Pr\u00e9vot. L\u00e9na G\u00e9rault, championne de France en titre, prend la quatri\u00e8me place.<\/em><\/strong><\/p>\n<p style=\"text-align: justify;\">Incroyable victoire de <strong>Loana Lecomte<\/strong> ! \u00c0 21 ans, et pour sa premi\u00e8re manche de <strong>Coupe du monde de VTT cross-country \u00e9lites<\/strong> au format olympique, la championne de France espoirs, m\u00e9daill\u00e9e de bronze lors des Mondiaux dans la m\u00eame cat\u00e9gorie en 2019, s&rsquo;est impos\u00e9e ce jeudi \u00e0 Nove Mesto. La native d&rsquo;Annecy, troisi\u00e8me de la short-track mardi, n&rsquo;a quasiment pas quitt\u00e9 la roue de <strong>Pauline Ferrand-Pr\u00e9vo<\/strong>t jusqu&rsquo;\u00e0 mi-course, avant de s&rsquo;isoler seule en t\u00eate. <strong>Lecomte<\/strong> a ainsi lev\u00e9 les bras en solitaire au terme des cinq tours du circuit tch\u00e8que.<\/p>\n<h2 style=\"text-align: justify;\">Pauline Ferrand-Pr\u00e9vot troisi\u00e8me<\/h2>\n<p style=\"text-align: justify;\">Apr\u00e8s un d\u00e9part tr\u00e8s rapide, <strong>Pauline Ferrand-Pr\u00e9vot<\/strong> a donc ensuite stagn\u00e9. La championne du monde, en forme n\u00e9anmoins \u00e0 une semaine des Mondiaux, a laiss\u00e9 partir sa cadette, avant de voir revenir sur elle la N\u00e9erlandaise <strong>Anne Terpstra<\/strong> dans le dernier tour. Cette derni\u00e8re termine deuxi\u00e8me (+ 31 secondes), devant <em>PFP<\/em> (+37 secondes). Les Fran\u00e7aises ont r\u00e9alis\u00e9 la course presque parfaite, puisque la championne de France <strong>L\u00e9na G\u00e9rault<\/strong> prend la 4\u00e8me place (+ 1&rsquo;15). \u00c0 noter la contre-performance de la num\u00e9ro une mondiale, la Suissesse <strong>Jolanda Neff<\/strong>, seulement 17\u00e8me \u00e0 plus de quatre minutes.<\/p>\n<h2 style=\"text-align: justify;\">Le top 15 de la course<\/h2>\n<div id=\"attachment_80589\" style=\"width: 1045px\" class=\"wp-caption aligncenter\"><img loading=\"lazy\" decoding=\"async\" aria-describedby=\"caption-attachment-80589\" class=\"size-full wp-image-80589\" src=\"https:\/\/dicodusport.fr\/blog\/wp-content\/uploads\/2020\/10\/Classement-de-la-premi\u00e8re-course-VTT-XCO-de-Nove-Mesto-UCI.png\" alt=\"Classement de la premi\u00e8re course VTT XCO de Nove Mesto - UCI\" width=\"1035\" height=\"542\" srcset=\"https:\/\/dicodusport.fr\/blog\/wp-content\/uploads\/2020\/10\/Classement-de-la-premi\u00e8re-course-VTT-XCO-de-Nove-Mesto-UCI.png 1035w, https:\/\/dicodusport.fr\/blog\/wp-content\/uploads\/2020\/10\/Classement-de-la-premi\u00e8re-course-VTT-XCO-de-Nove-Mesto-UCI-300x157.png 300w, https:\/\/dicodusport.fr\/blog\/wp-content\/uploads\/2020\/10\/Classement-de-la-premi\u00e8re-course-VTT-XCO-de-Nove-Mesto-UCI-1024x536.png 1024w, https:\/\/dicodusport.fr\/blog\/wp-content\/uploads\/2020\/10\/Classement-de-la-premi\u00e8re-course-VTT-XCO-de-Nove-Mesto-UCI-768x402.png 768w\" sizes=\"auto, (max-width: 1035px) 100vw, 1035px\" \/><p id=\"caption-attachment-80589\" class=\"wp-caption-text\">Classement de la premi\u00e8re course VTT XCO de Nove Mesto &#8211; UCI<\/p><\/div>\n<p><strong><em>Dicodusport<br \/>\n<a href=\"https:\/\/www.facebook.com\/dicodusport\/\" target=\"_blank\" rel=\"noopener noreferrer\"><img loading=\"lazy\" decoding=\"async\" class=\"alignnone wp-image-2909\" src=\"http:\/\/dicodusport.fr\/blog\/wp-content\/uploads\/2017\/07\/logo-facebook-150x150.png\" alt=\"\" width=\"40\" height=\"40\" \/><\/a><a href=\"https:\/\/twitter.com\/dicodusport\" target=\"_blank\" rel=\"noopener noreferrer\"><img loading=\"lazy\" decoding=\"async\" class=\"alignnone wp-image-2908\" src=\"http:\/\/dicodusport.fr\/blog\/wp-content\/uploads\/2017\/07\/logo-twitter-150x150.png\" alt=\"\" width=\"39\" height=\"39\" \/><\/a><\/em><\/strong><\/p>\n","protected":false},"excerpt":{"rendered":"<p>VTT &#8211; \u00c0 21 ans, et pour sa premi\u00e8re Coupe du monde XCO en \u00e9lites, Loana Lecomte s&rsquo;est impos\u00e9e \u00e0 Nove Mesto. La native d&rsquo;Annecy, troisi\u00e8me de la short-track mardi, devance la N\u00e9erlandaise Anne Terpstra et la championne du monde Pauline Ferrand-Pr\u00e9vot.<\/p>\n","protected":false},"author":4,"featured_media":80587,"comment_status":"open","ping_status":"closed","sticky":false,"template":"","format":"standard","meta":{"_acf_changed":false,"_daextam_enable_autolinks":"","footnotes":""},"categories":[10279],"tags":[11873,6928,24,692,4111],"class_list":["post-80580","post","type-post","status-publish","format-standard","has-post-thumbnail","hentry","category-vtt","tag-coupe-du-monde-de-vtt","tag-nove-mesto","tag-sport","tag-vtt","tag-vtt-cross-country"],"acf":[],"yoast_head":"<!-- This site is optimized with the Yoast SEO Premium plugin v26.7 (Yoast SEO v26.7) - https:\/\/yoast.com\/wordpress\/plugins\/seo\/ -->\n<title>VTT Cross-country - Nove Mesto : Loana Lecomte s&#039;impose, Pauline Ferrand-Pr\u00e9vot 3\u00e8me<\/title>\n<meta name=\"description\" content=\"VTT - \u00c0 21 ans, et pour sa premi\u00e8re Coupe du monde XCO en \u00e9lites, Loana Lecomte s&#039;est impos\u00e9e \u00e0 Nove Mesto.\" \/>\n<meta name=\"robots\" content=\"index, follow, max-snippet:-1, max-image-preview:large, max-video-preview:-1\" \/>\n<link rel=\"canonical\" href=\"https:\/\/dicodusport.fr\/blog\/vtt-cross-country-nove-mesto-loana-lecomte-s-impose-pauline-ferrand-prevot-3eme\/\" \/>\n<meta property=\"og:locale\" content=\"fr_FR\" \/>\n<meta property=\"og:type\" content=\"article\" \/>\n<meta property=\"og:title\" content=\"VTT Cross-country - Nove Mesto : Loana Lecomte s&#039;impose, Ferrand-Pr\u00e9vot 3\u00e8me\" \/>\n<meta property=\"og:description\" content=\"VTT - \u00c0 21 ans, et pour sa premi\u00e8re Coupe du monde XCO en \u00e9lites, Loana Lecomte s&#039;est impos\u00e9e \u00e0 Nove Mesto.\" \/>\n<meta property=\"og:url\" content=\"https:\/\/dicodusport.fr\/blog\/vtt-cross-country-nove-mesto-loana-lecomte-s-impose-pauline-ferrand-prevot-3eme\/\" \/>\n<meta property=\"og:site_name\" content=\"Dicodusport\" \/>\n<meta property=\"article:publisher\" content=\"https:\/\/www.facebook.com\/dicodusport\" \/>\n<meta property=\"article:author\" content=\"https:\/\/www.facebook.com\/florent.ostermann\" \/>\n<meta property=\"article:published_time\" content=\"2020-10-01T11:46:34+00:00\" \/>\n<meta property=\"article:modified_time\" content=\"2020-10-01T12:56:38+00:00\" \/>\n<meta property=\"og:image\" content=\"https:\/\/dicodusport.fr\/blog\/wp-content\/uploads\/2020\/10\/VTT-Cross-country-Nove-Mesto-Loana-Lecomte-simpose-Pauline-Ferrand-Pr\u00e9vot-3\u00e8me.png\" \/>\n\t<meta property=\"og:image:width\" content=\"800\" \/>\n\t<meta property=\"og:image:height\" content=\"445\" \/>\n\t<meta property=\"og:image:type\" content=\"image\/png\" \/>\n<meta name=\"author\" content=\"Flo Ostermann\" \/>\n<meta name=\"twitter:card\" content=\"summary_large_image\" \/>\n<meta name=\"twitter:title\" content=\"VTT Cross-country - Nove Mesto : Loana Lecomte s&#039;impose, Ferrand-Pr\u00e9vot 3\u00e8me\" \/>\n<meta name=\"twitter:creator\" content=\"@https:\/\/twitter.com\/FlOstermann\" \/>\n<meta name=\"twitter:site\" content=\"@dicodusport\" \/>\n<script type=\"application\/ld+json\" class=\"yoast-schema-graph\">{\"@context\":\"https:\/\/schema.org\",\"@graph\":[{\"@type\":\"NewsArticle\",\"@id\":\"https:\/\/dicodusport.fr\/blog\/vtt-cross-country-nove-mesto-loana-lecomte-s-impose-pauline-ferrand-prevot-3eme\/#article\",\"isPartOf\":{\"@id\":\"https:\/\/dicodusport.fr\/blog\/vtt-cross-country-nove-mesto-loana-lecomte-s-impose-pauline-ferrand-prevot-3eme\/\"},\"author\":{\"name\":\"Flo Ostermann\",\"@id\":\"https:\/\/dicodusport.fr\/blog\/#\/schema\/person\/cb02af4c173ce4a653b55e9baf388d4a\"},\"headline\":\"VTT Cross-country &#8211; Nove Mesto : Loana Lecomte s&rsquo;impose, Pauline Ferrand-Pr\u00e9vot 3\u00e8me\",\"datePublished\":\"2020-10-01T11:46:34+00:00\",\"dateModified\":\"2020-10-01T12:56:38+00:00\",\"mainEntityOfPage\":{\"@id\":\"https:\/\/dicodusport.fr\/blog\/vtt-cross-country-nove-mesto-loana-lecomte-s-impose-pauline-ferrand-prevot-3eme\/\"},\"wordCount\":302,\"commentCount\":0,\"publisher\":{\"@id\":\"https:\/\/dicodusport.fr\/blog\/#organization\"},\"image\":{\"@id\":\"https:\/\/dicodusport.fr\/blog\/vtt-cross-country-nove-mesto-loana-lecomte-s-impose-pauline-ferrand-prevot-3eme\/#primaryimage\"},\"thumbnailUrl\":\"https:\/\/dicodusport.fr\/blog\/wp-content\/uploads\/2020\/10\/VTT-Cross-country-Nove-Mesto-Loana-Lecomte-simpose-Pauline-Ferrand-Pr\u00e9vot-3\u00e8me.png\",\"keywords\":[\"Coupe du monde de VTT\",\"Nove Mesto\",\"sport\",\"VTT\",\"VTT cross country\"],\"articleSection\":[\"VTT\"],\"inLanguage\":\"fr-FR\",\"potentialAction\":[{\"@type\":\"CommentAction\",\"name\":\"Comment\",\"target\":[\"https:\/\/dicodusport.fr\/blog\/vtt-cross-country-nove-mesto-loana-lecomte-s-impose-pauline-ferrand-prevot-3eme\/#respond\"]}],\"copyrightYear\":\"2020\",\"copyrightHolder\":{\"@id\":\"https:\/\/dicodusport.fr\/blog\/#organization\"}},{\"@type\":\"WebPage\",\"@id\":\"https:\/\/dicodusport.fr\/blog\/vtt-cross-country-nove-mesto-loana-lecomte-s-impose-pauline-ferrand-prevot-3eme\/\",\"url\":\"https:\/\/dicodusport.fr\/blog\/vtt-cross-country-nove-mesto-loana-lecomte-s-impose-pauline-ferrand-prevot-3eme\/\",\"name\":\"VTT Cross-country - Nove Mesto : Loana Lecomte s'impose, Pauline Ferrand-Pr\u00e9vot 3\u00e8me\",\"isPartOf\":{\"@id\":\"https:\/\/dicodusport.fr\/blog\/#website\"},\"primaryImageOfPage\":{\"@id\":\"https:\/\/dicodusport.fr\/blog\/vtt-cross-country-nove-mesto-loana-lecomte-s-impose-pauline-ferrand-prevot-3eme\/#primaryimage\"},\"image\":{\"@id\":\"https:\/\/dicodusport.fr\/blog\/vtt-cross-country-nove-mesto-loana-lecomte-s-impose-pauline-ferrand-prevot-3eme\/#primaryimage\"},\"thumbnailUrl\":\"https:\/\/dicodusport.fr\/blog\/wp-content\/uploads\/2020\/10\/VTT-Cross-country-Nove-Mesto-Loana-Lecomte-simpose-Pauline-Ferrand-Pr\u00e9vot-3\u00e8me.png\",\"datePublished\":\"2020-10-01T11:46:34+00:00\",\"dateModified\":\"2020-10-01T12:56:38+00:00\",\"description\":\"VTT - \u00c0 21 ans, et pour sa premi\u00e8re Coupe du monde XCO en \u00e9lites, Loana Lecomte s'est impos\u00e9e \u00e0 Nove Mesto.\",\"breadcrumb\":{\"@id\":\"https:\/\/dicodusport.fr\/blog\/vtt-cross-country-nove-mesto-loana-lecomte-s-impose-pauline-ferrand-prevot-3eme\/#breadcrumb\"},\"inLanguage\":\"fr-FR\",\"potentialAction\":[{\"@type\":\"ReadAction\",\"target\":[\"https:\/\/dicodusport.fr\/blog\/vtt-cross-country-nove-mesto-loana-lecomte-s-impose-pauline-ferrand-prevot-3eme\/\"]}]},{\"@type\":\"ImageObject\",\"inLanguage\":\"fr-FR\",\"@id\":\"https:\/\/dicodusport.fr\/blog\/vtt-cross-country-nove-mesto-loana-lecomte-s-impose-pauline-ferrand-prevot-3eme\/#primaryimage\",\"url\":\"https:\/\/dicodusport.fr\/blog\/wp-content\/uploads\/2020\/10\/VTT-Cross-country-Nove-Mesto-Loana-Lecomte-simpose-Pauline-Ferrand-Pr\u00e9vot-3\u00e8me.png\",\"contentUrl\":\"https:\/\/dicodusport.fr\/blog\/wp-content\/uploads\/2020\/10\/VTT-Cross-country-Nove-Mesto-Loana-Lecomte-simpose-Pauline-Ferrand-Pr\u00e9vot-3\u00e8me.png\",\"width\":800,\"height\":445,\"caption\":\"VTT Cross-country - Nove Mesto : Loana Lecomte s'impose, Ferrand-Pr\u00e9vot 3\u00e8me\"},{\"@type\":\"BreadcrumbList\",\"@id\":\"https:\/\/dicodusport.fr\/blog\/vtt-cross-country-nove-mesto-loana-lecomte-s-impose-pauline-ferrand-prevot-3eme\/#breadcrumb\",\"itemListElement\":[{\"@type\":\"ListItem\",\"position\":1,\"name\":\"Accueil\",\"item\":\"https:\/\/dicodusport.fr\/blog\/\"},{\"@type\":\"ListItem\",\"position\":2,\"name\":\"VTT Cross-country &#8211; Nove Mesto : Loana Lecomte s&rsquo;impose, Pauline Ferrand-Pr\u00e9vot 3\u00e8me\"}]},{\"@type\":\"WebSite\",\"@id\":\"https:\/\/dicodusport.fr\/blog\/#website\",\"url\":\"https:\/\/dicodusport.fr\/blog\/\",\"name\":\"Dicodusport\",\"description\":\"L&#039;encyclop\u00e9die de l&#039;actualit\u00e9 sportive\",\"publisher\":{\"@id\":\"https:\/\/dicodusport.fr\/blog\/#organization\"},\"potentialAction\":[{\"@type\":\"SearchAction\",\"target\":{\"@type\":\"EntryPoint\",\"urlTemplate\":\"https:\/\/dicodusport.fr\/blog\/?s={search_term_string}\"},\"query-input\":{\"@type\":\"PropertyValueSpecification\",\"valueRequired\":true,\"valueName\":\"search_term_string\"}}],\"inLanguage\":\"fr-FR\"},{\"@type\":\"NewsMediaOrganization\",\"@id\":\"https:\/\/dicodusport.fr\/blog\/#organization\",\"name\":\"Dicodusport\",\"url\":\"https:\/\/dicodusport.fr\/blog\/\",\"logo\":{\"@type\":\"ImageObject\",\"inLanguage\":\"fr-FR\",\"@id\":\"https:\/\/dicodusport.fr\/blog\/#\/schema\/logo\/image\/\",\"url\":\"https:\/\/dicodusport.fr\/blog\/wp-content\/uploads\/2020\/06\/cropped-LOGO-DICODUSPORT-2020-SANS-FOND-SANS-TEXTE.png\",\"contentUrl\":\"https:\/\/dicodusport.fr\/blog\/wp-content\/uploads\/2020\/06\/cropped-LOGO-DICODUSPORT-2020-SANS-FOND-SANS-TEXTE.png\",\"width\":512,\"height\":512,\"caption\":\"Dicodusport\"},\"image\":{\"@id\":\"https:\/\/dicodusport.fr\/blog\/#\/schema\/logo\/image\/\"},\"sameAs\":[\"https:\/\/www.facebook.com\/dicodusport\",\"https:\/\/x.com\/dicodusport\",\"https:\/\/www.instagram.com\/dicodusport\/\",\"https:\/\/www.youtube.com\/channel\/UC7V2KZ5sd3htJivAbA4ZG3w\"],\"description\":\"Dicodusport est l'encyclop\u00e9die de l'actualit\u00e9 sportive.\",\"email\":\"bonjour@dicodusport.fr\",\"legalName\":\"DICODUSPORT\",\"foundingDate\":\"2018-01-14\",\"vatID\":\"FR71834470973\",\"taxID\":\"83447097300043\",\"numberOfEmployees\":{\"@type\":\"QuantitativeValue\",\"minValue\":\"1\",\"maxValue\":\"10\"}},{\"@type\":\"Person\",\"@id\":\"https:\/\/dicodusport.fr\/blog\/#\/schema\/person\/cb02af4c173ce4a653b55e9baf388d4a\",\"name\":\"Flo Ostermann\",\"image\":{\"@type\":\"ImageObject\",\"inLanguage\":\"fr-FR\",\"@id\":\"https:\/\/dicodusport.fr\/blog\/#\/schema\/person\/image\/\",\"url\":\"https:\/\/dicodusport.fr\/blog\/wp-content\/uploads\/2021\/05\/Flo-Ostermann-150x150.jpg\",\"contentUrl\":\"https:\/\/dicodusport.fr\/blog\/wp-content\/uploads\/2021\/05\/Flo-Ostermann-150x150.jpg\",\"caption\":\"Flo Ostermann\"},\"description\":\"Journaliste\/R\u00e9dacteur depuis septembre 2015 - Mes premiers souvenirs dans le sport ? Les envol\u00e9es du Stade Toulousain et les duels Villeneuve-Schumacher et H\u00e4kkinen-Schumacher \u00e0 la fin des ann\u00e9es 90, la Coupe du monde de football en 1998, l\u2019exploit du XV de France face aux All Blacks en 1999, mais aussi Richard C\u0153ur de Lion qui vole sur les montagnes du Tour de France. Bien parti pour devenir professeur d\u2019EPS, les \u00e9v\u00e9nements de la vie (et la flemme d\u2019animer des s\u00e9ances de 3x500 m\u00e8tres toute ma vie) m\u2019ont conduit \u00e0 revoir mes plans. Me voil\u00e0 depuis fin 2017 sur Dicodusport, m\u00e9dia gr\u00e2ce (et pour) lequel je partage ma passion : le sport dans tous ses \u00e9tats. Le tout accompagn\u00e9 par les fous furieux et folles furieuses cit\u00e9s sur cette page !\",\"sameAs\":[\"https:\/\/www.facebook.com\/florent.ostermann\",\"https:\/\/x.com\/https:\/\/twitter.com\/FlOstermann\",\"admin\"],\"url\":\"https:\/\/dicodusport.fr\/blog\/author\/flo\/\"}]}<\/script>\n<!-- \/ Yoast SEO Premium plugin. -->","yoast_head_json":{"title":"VTT Cross-country - Nove Mesto : Loana Lecomte s'impose, Pauline Ferrand-Pr\u00e9vot 3\u00e8me","description":"VTT - \u00c0 21 ans, et pour sa premi\u00e8re Coupe du monde XCO en \u00e9lites, Loana Lecomte s'est impos\u00e9e \u00e0 Nove Mesto.","robots":{"index":"index","follow":"follow","max-snippet":"max-snippet:-1","max-image-preview":"max-image-preview:large","max-video-preview":"max-video-preview:-1"},"canonical":"https:\/\/dicodusport.fr\/blog\/vtt-cross-country-nove-mesto-loana-lecomte-s-impose-pauline-ferrand-prevot-3eme\/","og_locale":"fr_FR","og_type":"article","og_title":"VTT Cross-country - Nove Mesto : Loana Lecomte s'impose, Ferrand-Pr\u00e9vot 3\u00e8me","og_description":"VTT - \u00c0 21 ans, et pour sa premi\u00e8re Coupe du monde XCO en \u00e9lites, Loana Lecomte s'est impos\u00e9e \u00e0 Nove Mesto.","og_url":"https:\/\/dicodusport.fr\/blog\/vtt-cross-country-nove-mesto-loana-lecomte-s-impose-pauline-ferrand-prevot-3eme\/","og_site_name":"Dicodusport","article_publisher":"https:\/\/www.facebook.com\/dicodusport","article_author":"https:\/\/www.facebook.com\/florent.ostermann","article_published_time":"2020-10-01T11:46:34+00:00","article_modified_time":"2020-10-01T12:56:38+00:00","og_image":[{"width":800,"height":445,"url":"https:\/\/dicodusport.fr\/blog\/wp-content\/uploads\/2020\/10\/VTT-Cross-country-Nove-Mesto-Loana-Lecomte-simpose-Pauline-Ferrand-Pr\u00e9vot-3\u00e8me.png","type":"image\/png"}],"author":"Flo Ostermann","twitter_card":"summary_large_image","twitter_title":"VTT Cross-country - Nove Mesto : Loana Lecomte s'impose, Ferrand-Pr\u00e9vot 3\u00e8me","twitter_creator":"@https:\/\/twitter.com\/FlOstermann","twitter_site":"@dicodusport","schema":{"@context":"https:\/\/schema.org","@graph":[{"@type":"NewsArticle","@id":"https:\/\/dicodusport.fr\/blog\/vtt-cross-country-nove-mesto-loana-lecomte-s-impose-pauline-ferrand-prevot-3eme\/#article","isPartOf":{"@id":"https:\/\/dicodusport.fr\/blog\/vtt-cross-country-nove-mesto-loana-lecomte-s-impose-pauline-ferrand-prevot-3eme\/"},"author":{"name":"Flo Ostermann","@id":"https:\/\/dicodusport.fr\/blog\/#\/schema\/person\/cb02af4c173ce4a653b55e9baf388d4a"},"headline":"VTT Cross-country &#8211; Nove Mesto : Loana Lecomte s&rsquo;impose, Pauline Ferrand-Pr\u00e9vot 3\u00e8me","datePublished":"2020-10-01T11:46:34+00:00","dateModified":"2020-10-01T12:56:38+00:00","mainEntityOfPage":{"@id":"https:\/\/dicodusport.fr\/blog\/vtt-cross-country-nove-mesto-loana-lecomte-s-impose-pauline-ferrand-prevot-3eme\/"},"wordCount":302,"commentCount":0,"publisher":{"@id":"https:\/\/dicodusport.fr\/blog\/#organization"},"image":{"@id":"https:\/\/dicodusport.fr\/blog\/vtt-cross-country-nove-mesto-loana-lecomte-s-impose-pauline-ferrand-prevot-3eme\/#primaryimage"},"thumbnailUrl":"https:\/\/dicodusport.fr\/blog\/wp-content\/uploads\/2020\/10\/VTT-Cross-country-Nove-Mesto-Loana-Lecomte-simpose-Pauline-Ferrand-Pr\u00e9vot-3\u00e8me.png","keywords":["Coupe du monde de VTT","Nove Mesto","sport","VTT","VTT cross country"],"articleSection":["VTT"],"inLanguage":"fr-FR","potentialAction":[{"@type":"CommentAction","name":"Comment","target":["https:\/\/dicodusport.fr\/blog\/vtt-cross-country-nove-mesto-loana-lecomte-s-impose-pauline-ferrand-prevot-3eme\/#respond"]}],"copyrightYear":"2020","copyrightHolder":{"@id":"https:\/\/dicodusport.fr\/blog\/#organization"}},{"@type":"WebPage","@id":"https:\/\/dicodusport.fr\/blog\/vtt-cross-country-nove-mesto-loana-lecomte-s-impose-pauline-ferrand-prevot-3eme\/","url":"https:\/\/dicodusport.fr\/blog\/vtt-cross-country-nove-mesto-loana-lecomte-s-impose-pauline-ferrand-prevot-3eme\/","name":"VTT Cross-country - Nove Mesto : Loana Lecomte s'impose, Pauline Ferrand-Pr\u00e9vot 3\u00e8me","isPartOf":{"@id":"https:\/\/dicodusport.fr\/blog\/#website"},"primaryImageOfPage":{"@id":"https:\/\/dicodusport.fr\/blog\/vtt-cross-country-nove-mesto-loana-lecomte-s-impose-pauline-ferrand-prevot-3eme\/#primaryimage"},"image":{"@id":"https:\/\/dicodusport.fr\/blog\/vtt-cross-country-nove-mesto-loana-lecomte-s-impose-pauline-ferrand-prevot-3eme\/#primaryimage"},"thumbnailUrl":"https:\/\/dicodusport.fr\/blog\/wp-content\/uploads\/2020\/10\/VTT-Cross-country-Nove-Mesto-Loana-Lecomte-simpose-Pauline-Ferrand-Pr\u00e9vot-3\u00e8me.png","datePublished":"2020-10-01T11:46:34+00:00","dateModified":"2020-10-01T12:56:38+00:00","description":"VTT - \u00c0 21 ans, et pour sa premi\u00e8re Coupe du monde XCO en \u00e9lites, Loana Lecomte s'est impos\u00e9e \u00e0 Nove Mesto.","breadcrumb":{"@id":"https:\/\/dicodusport.fr\/blog\/vtt-cross-country-nove-mesto-loana-lecomte-s-impose-pauline-ferrand-prevot-3eme\/#breadcrumb"},"inLanguage":"fr-FR","potentialAction":[{"@type":"ReadAction","target":["https:\/\/dicodusport.fr\/blog\/vtt-cross-country-nove-mesto-loana-lecomte-s-impose-pauline-ferrand-prevot-3eme\/"]}]},{"@type":"ImageObject","inLanguage":"fr-FR","@id":"https:\/\/dicodusport.fr\/blog\/vtt-cross-country-nove-mesto-loana-lecomte-s-impose-pauline-ferrand-prevot-3eme\/#primaryimage","url":"https:\/\/dicodusport.fr\/blog\/wp-content\/uploads\/2020\/10\/VTT-Cross-country-Nove-Mesto-Loana-Lecomte-simpose-Pauline-Ferrand-Pr\u00e9vot-3\u00e8me.png","contentUrl":"https:\/\/dicodusport.fr\/blog\/wp-content\/uploads\/2020\/10\/VTT-Cross-country-Nove-Mesto-Loana-Lecomte-simpose-Pauline-Ferrand-Pr\u00e9vot-3\u00e8me.png","width":800,"height":445,"caption":"VTT Cross-country - Nove Mesto : Loana Lecomte s'impose, Ferrand-Pr\u00e9vot 3\u00e8me"},{"@type":"BreadcrumbList","@id":"https:\/\/dicodusport.fr\/blog\/vtt-cross-country-nove-mesto-loana-lecomte-s-impose-pauline-ferrand-prevot-3eme\/#breadcrumb","itemListElement":[{"@type":"ListItem","position":1,"name":"Accueil","item":"https:\/\/dicodusport.fr\/blog\/"},{"@type":"ListItem","position":2,"name":"VTT Cross-country &#8211; Nove Mesto : Loana Lecomte s&rsquo;impose, Pauline Ferrand-Pr\u00e9vot 3\u00e8me"}]},{"@type":"WebSite","@id":"https:\/\/dicodusport.fr\/blog\/#website","url":"https:\/\/dicodusport.fr\/blog\/","name":"Dicodusport","description":"L&#039;encyclop\u00e9die de l&#039;actualit\u00e9 sportive","publisher":{"@id":"https:\/\/dicodusport.fr\/blog\/#organization"},"potentialAction":[{"@type":"SearchAction","target":{"@type":"EntryPoint","urlTemplate":"https:\/\/dicodusport.fr\/blog\/?s={search_term_string}"},"query-input":{"@type":"PropertyValueSpecification","valueRequired":true,"valueName":"search_term_string"}}],"inLanguage":"fr-FR"},{"@type":"NewsMediaOrganization","@id":"https:\/\/dicodusport.fr\/blog\/#organization","name":"Dicodusport","url":"https:\/\/dicodusport.fr\/blog\/","logo":{"@type":"ImageObject","inLanguage":"fr-FR","@id":"https:\/\/dicodusport.fr\/blog\/#\/schema\/logo\/image\/","url":"https:\/\/dicodusport.fr\/blog\/wp-content\/uploads\/2020\/06\/cropped-LOGO-DICODUSPORT-2020-SANS-FOND-SANS-TEXTE.png","contentUrl":"https:\/\/dicodusport.fr\/blog\/wp-content\/uploads\/2020\/06\/cropped-LOGO-DICODUSPORT-2020-SANS-FOND-SANS-TEXTE.png","width":512,"height":512,"caption":"Dicodusport"},"image":{"@id":"https:\/\/dicodusport.fr\/blog\/#\/schema\/logo\/image\/"},"sameAs":["https:\/\/www.facebook.com\/dicodusport","https:\/\/x.com\/dicodusport","https:\/\/www.instagram.com\/dicodusport\/","https:\/\/www.youtube.com\/channel\/UC7V2KZ5sd3htJivAbA4ZG3w"],"description":"Dicodusport est l'encyclop\u00e9die de l'actualit\u00e9 sportive.","email":"bonjour@dicodusport.fr","legalName":"DICODUSPORT","foundingDate":"2018-01-14","vatID":"FR71834470973","taxID":"83447097300043","numberOfEmployees":{"@type":"QuantitativeValue","minValue":"1","maxValue":"10"}},{"@type":"Person","@id":"https:\/\/dicodusport.fr\/blog\/#\/schema\/person\/cb02af4c173ce4a653b55e9baf388d4a","name":"Flo Ostermann","image":{"@type":"ImageObject","inLanguage":"fr-FR","@id":"https:\/\/dicodusport.fr\/blog\/#\/schema\/person\/image\/","url":"https:\/\/dicodusport.fr\/blog\/wp-content\/uploads\/2021\/05\/Flo-Ostermann-150x150.jpg","contentUrl":"https:\/\/dicodusport.fr\/blog\/wp-content\/uploads\/2021\/05\/Flo-Ostermann-150x150.jpg","caption":"Flo Ostermann"},"description":"Journaliste\/R\u00e9dacteur depuis septembre 2015 - Mes premiers souvenirs dans le sport ? Les envol\u00e9es du Stade Toulousain et les duels Villeneuve-Schumacher et H\u00e4kkinen-Schumacher \u00e0 la fin des ann\u00e9es 90, la Coupe du monde de football en 1998, l\u2019exploit du XV de France face aux All Blacks en 1999, mais aussi Richard C\u0153ur de Lion qui vole sur les montagnes du Tour de France. Bien parti pour devenir professeur d\u2019EPS, les \u00e9v\u00e9nements de la vie (et la flemme d\u2019animer des s\u00e9ances de 3x500 m\u00e8tres toute ma vie) m\u2019ont conduit \u00e0 revoir mes plans. Me voil\u00e0 depuis fin 2017 sur Dicodusport, m\u00e9dia gr\u00e2ce (et pour) lequel je partage ma passion : le sport dans tous ses \u00e9tats. Le tout accompagn\u00e9 par les fous furieux et folles furieuses cit\u00e9s sur cette page !","sameAs":["https:\/\/www.facebook.com\/florent.ostermann","https:\/\/x.com\/https:\/\/twitter.com\/FlOstermann","admin"],"url":"https:\/\/dicodusport.fr\/blog\/author\/flo\/"}]}},"_links":{"self":[{"href":"https:\/\/dicodusport.fr\/blog\/wp-json\/wp\/v2\/posts\/80580","targetHints":{"allow":["GET"]}}],"collection":[{"href":"https:\/\/dicodusport.fr\/blog\/wp-json\/wp\/v2\/posts"}],"about":[{"href":"https:\/\/dicodusport.fr\/blog\/wp-json\/wp\/v2\/types\/post"}],"author":[{"embeddable":true,"href":"https:\/\/dicodusport.fr\/blog\/wp-json\/wp\/v2\/users\/4"}],"replies":[{"embeddable":true,"href":"https:\/\/dicodusport.fr\/blog\/wp-json\/wp\/v2\/comments?post=80580"}],"version-history":[{"count":0,"href":"https:\/\/dicodusport.fr\/blog\/wp-json\/wp\/v2\/posts\/80580\/revisions"}],"wp:featuredmedia":[{"embeddable":true,"href":"https:\/\/dicodusport.fr\/blog\/wp-json\/wp\/v2\/media\/80587"}],"wp:attachment":[{"href":"https:\/\/dicodusport.fr\/blog\/wp-json\/wp\/v2\/media?parent=80580"}],"wp:term":[{"taxonomy":"category","embeddable":true,"href":"https:\/\/dicodusport.fr\/blog\/wp-json\/wp\/v2\/categories?post=80580"},{"taxonomy":"post_tag","embeddable":true,"href":"https:\/\/dicodusport.fr\/blog\/wp-json\/wp\/v2\/tags?post=80580"}],"curies":[{"name":"wp","href":"https:\/\/api.w.org\/{rel}","templated":true}]}}