{"id":80598,"date":"2020-10-02T09:29:55","date_gmt":"2020-10-02T07:29:55","guid":{"rendered":"https:\/\/dicodusport.fr\/blog\/?p=80598&#038;preview=true&#038;preview_id=80598"},"modified":"2020-10-02T16:43:08","modified_gmt":"2020-10-02T14:43:08","slug":"tour-d-italie-2020-profil-des-21-etapes","status":"publish","type":"post","link":"https:\/\/dicodusport.fr\/blog\/tour-d-italie-2020-profil-des-21-etapes\/","title":{"rendered":"Tour d&rsquo;Italie 2020 : Le profil des 21 \u00e9tapes"},"content":{"rendered":"<p style=\"text-align: justify;\"><em><strong>CYCLISME &#8211; La <a href=\"https:\/\/www.procyclingstats.com\/race\/giro-d-italia\/2020\/overview\" target=\"_blank\" rel=\"noopener noreferrer\">103\u00e8me \u00e9dition du Tour d&rsquo;Italie<\/a> d\u00e9bute ce samedi 3 octobre. D\u00e9couvrez le profil des 21 \u00e9tapes du Giro 2020.<\/strong><\/em><\/p>\n<h2 style=\"text-align: justify;\"><strong><span style=\"font-size: 24px;\">1\u00e8re \u00e9tape : Monreale &#8211; Palermo &#8211; CLM Individuel (Samedi 3 octobre)<\/span><\/strong><\/h2>\n<p style=\"text-align: justify;\">CLM individuel plat d&rsquo;une distance de 15,1 km.<\/p>\n<p><img loading=\"lazy\" decoding=\"async\" class=\"wp-image-80600 size-full\" src=\"https:\/\/dicodusport.fr\/blog\/wp-content\/uploads\/2020\/10\/Profil-1\u00e8re-\u00e9tape-Tour-dItalie-2020.jpg\" alt=\"Profil 1\u00e8re \u00e9tape Tour d'Italie 2020\" width=\"1280\" height=\"852\" \/><\/p>\n<p style=\"text-align: center;\"><a href=\"http:\/\/dicodusport.fr\/blog\/tour-d-italie-2020-profil-des-21-etapes\/2\/#deux\" class=\"su-button su-button-style-flat\" style=\"color:#FFFFFF;background-color:#0057ae;border-color:#00468c;border-radius:4px\" target=\"_self\"><span style=\"color:#FFFFFF;padding:0px 22px;font-size:17px;line-height:34px;border-color:#4d8ac7;border-radius:4px;text-shadow:none\"> <strong>2\u00e8me \u00e9tape<\/strong><\/span><\/a>\n<ul>\n<li style=\"text-align: justify;\"><strong>\u00c0 lire aussi &#8211; <a href=\"https:\/\/dicodusport.fr\/blog\/tour-d-italie-2020-programme-tv-complet\/\" target=\"_blank\" rel=\"noopener noreferrer\">Tour d\u2019Italie 2020 : Le programme TV complet<\/a><\/strong><\/li>\n<\/ul>\n<p style=\"text-align: center;\"><!--nextpage--><\/p>\n<h2 style=\"text-align: justify;\"><a id=\"deux\"><\/a><strong><span style=\"font-size: 24px;\">2\u00e8me \u00e9tape : Alcamo &#8211; Agrigento (Dimanche 4 octobre)<\/span><\/strong><\/h2>\n<p style=\"text-align: justify;\">\u00c9tape accident\u00e9e d&rsquo;une distance de 149 km.<\/p>\n<p><img loading=\"lazy\" decoding=\"async\" class=\"aligncenter wp-image-80601 size-full\" src=\"https:\/\/dicodusport.fr\/blog\/wp-content\/uploads\/2020\/10\/Profil-2\u00e8me-\u00e9tape-Tour-dItalie-2020.jpg\" alt=\"Profil 2\u00e8me \u00e9tape Tour d'Italie 2020\" width=\"1280\" height=\"852\" srcset=\"https:\/\/dicodusport.fr\/blog\/wp-content\/uploads\/2020\/10\/Profil-2\u00e8me-\u00e9tape-Tour-dItalie-2020.jpg 1280w, https:\/\/dicodusport.fr\/blog\/wp-content\/uploads\/2020\/10\/Profil-2\u00e8me-\u00e9tape-Tour-dItalie-2020-300x200.jpg 300w, https:\/\/dicodusport.fr\/blog\/wp-content\/uploads\/2020\/10\/Profil-2\u00e8me-\u00e9tape-Tour-dItalie-2020-1024x682.jpg 1024w, https:\/\/dicodusport.fr\/blog\/wp-content\/uploads\/2020\/10\/Profil-2\u00e8me-\u00e9tape-Tour-dItalie-2020-768x511.jpg 768w\" sizes=\"auto, (max-width: 1280px) 100vw, 1280px\" \/><\/p>\n<p style=\"text-align: center;\"><a href=\"http:\/\/dicodusport.fr\/blog\/tour-d-italie-2020-profil-des-21-etapes\/3\/#trois\" class=\"su-button su-button-style-flat\" style=\"color:#FFFFFF;background-color:#0057ae;border-color:#00468c;border-radius:4px\" target=\"_self\"><span style=\"color:#FFFFFF;padding:0px 22px;font-size:17px;line-height:34px;border-color:#4d8ac7;border-radius:4px;text-shadow:none\"> <strong>3\u00e8me \u00e9tape<\/strong><\/span><\/a>\n<p><!--nextpage--><\/p>\n<h2 style=\"text-align: justify;\"><a id=\"trois\"><\/a><strong><span style=\"font-size: 24px;\">3\u00e8me \u00e9tape : Enna\u00a0&#8211;\u00a0Etna (Linguaglossa Piano Provenzana) (Lundi 5 octobre)<\/span><\/strong><\/h2>\n<p style=\"text-align: justify;\">\u00c9tape de montagne d&rsquo;une distance de 150 km.<\/p>\n<p><img loading=\"lazy\" decoding=\"async\" class=\"aligncenter wp-image-80602 size-full\" src=\"https:\/\/dicodusport.fr\/blog\/wp-content\/uploads\/2020\/10\/Profil-3\u00e8me-\u00e9tape-Tour-dItalie-2020.jpg\" alt=\"Profil 3\u00e8me \u00e9tape Tour d'Italie 2020\" width=\"1280\" height=\"852\" srcset=\"https:\/\/dicodusport.fr\/blog\/wp-content\/uploads\/2020\/10\/Profil-3\u00e8me-\u00e9tape-Tour-dItalie-2020.jpg 1280w, https:\/\/dicodusport.fr\/blog\/wp-content\/uploads\/2020\/10\/Profil-3\u00e8me-\u00e9tape-Tour-dItalie-2020-300x200.jpg 300w, https:\/\/dicodusport.fr\/blog\/wp-content\/uploads\/2020\/10\/Profil-3\u00e8me-\u00e9tape-Tour-dItalie-2020-1024x682.jpg 1024w, https:\/\/dicodusport.fr\/blog\/wp-content\/uploads\/2020\/10\/Profil-3\u00e8me-\u00e9tape-Tour-dItalie-2020-768x511.jpg 768w\" sizes=\"auto, (max-width: 1280px) 100vw, 1280px\" \/><\/p>\n<p style=\"text-align: center;\"><a href=\"http:\/\/dicodusport.fr\/blog\/tour-d-italie-2020-profil-des-21-etapes\/4\/#quatre\" class=\"su-button su-button-style-flat\" style=\"color:#FFFFFF;background-color:#0057ae;border-color:#00468c;border-radius:4px\" target=\"_self\"><span style=\"color:#FFFFFF;padding:0px 22px;font-size:17px;line-height:34px;border-color:#4d8ac7;border-radius:4px;text-shadow:none\"> <strong>4\u00e8me \u00e9tape<\/strong><\/span><\/a>\n<p><!--nextpage--><\/p>\n<h2 style=\"text-align: justify;\"><a id=\"quatre\"><\/a><strong><span style=\"font-size: 24px;\">4\u00e8me \u00e9tape : Catania &#8211; Villafranca Tirrena (Mardi 6 octobre)<\/span><\/strong><\/h2>\n<p>\u00c9tape de moyenne montagne d&rsquo;une distance de 140 km.<\/p>\n<p><img loading=\"lazy\" decoding=\"async\" class=\"aligncenter wp-image-80603 size-full\" src=\"https:\/\/dicodusport.fr\/blog\/wp-content\/uploads\/2020\/10\/Profil-4\u00e8me-\u00e9tape-Tour-dItalie-2020.jpg\" alt=\"Profil 4\u00e8me \u00e9tape Tour d'Italie 2020\" width=\"1280\" height=\"852\" srcset=\"https:\/\/dicodusport.fr\/blog\/wp-content\/uploads\/2020\/10\/Profil-4\u00e8me-\u00e9tape-Tour-dItalie-2020.jpg 1280w, https:\/\/dicodusport.fr\/blog\/wp-content\/uploads\/2020\/10\/Profil-4\u00e8me-\u00e9tape-Tour-dItalie-2020-300x200.jpg 300w, https:\/\/dicodusport.fr\/blog\/wp-content\/uploads\/2020\/10\/Profil-4\u00e8me-\u00e9tape-Tour-dItalie-2020-1024x682.jpg 1024w, https:\/\/dicodusport.fr\/blog\/wp-content\/uploads\/2020\/10\/Profil-4\u00e8me-\u00e9tape-Tour-dItalie-2020-768x511.jpg 768w\" sizes=\"auto, (max-width: 1280px) 100vw, 1280px\" \/><\/p>\n<p style=\"text-align: center;\"><a href=\"http:\/\/dicodusport.fr\/blog\/tour-d-italie-2020-profil-des-21-etapes\/5\/#cinq\" class=\"su-button su-button-style-flat\" style=\"color:#FFFFFF;background-color:#0057ae;border-color:#00468c;border-radius:4px\" target=\"_self\"><span style=\"color:#FFFFFF;padding:0px 22px;font-size:17px;line-height:34px;border-color:#4d8ac7;border-radius:4px;text-shadow:none\"> <strong>5\u00e8me \u00e9tape<\/strong><\/span><\/a>\n<p><!--nextpage--><\/p>\n<h2 style=\"text-align: justify;\"><a id=\"cinq\"><\/a><strong><span style=\"font-size: 24px;\">5\u00e8me \u00e9tape : Mileto &#8211; Camigliatello Silano (Mercredi 7 octobre)<\/span><\/strong><\/h2>\n<p style=\"text-align: justify;\">\u00c9tape de montagne d&rsquo;une distance de 225 km.<\/p>\n<p><img loading=\"lazy\" decoding=\"async\" class=\"aligncenter wp-image-80604 size-full\" src=\"https:\/\/dicodusport.fr\/blog\/wp-content\/uploads\/2020\/10\/Profil-5\u00e8me-\u00e9tape-Tour-dItalie-2020.jpg\" alt=\"Profil 5\u00e8me \u00e9tape Tour d'Italie 2020\" width=\"1280\" height=\"852\" srcset=\"https:\/\/dicodusport.fr\/blog\/wp-content\/uploads\/2020\/10\/Profil-5\u00e8me-\u00e9tape-Tour-dItalie-2020.jpg 1280w, https:\/\/dicodusport.fr\/blog\/wp-content\/uploads\/2020\/10\/Profil-5\u00e8me-\u00e9tape-Tour-dItalie-2020-300x200.jpg 300w, https:\/\/dicodusport.fr\/blog\/wp-content\/uploads\/2020\/10\/Profil-5\u00e8me-\u00e9tape-Tour-dItalie-2020-1024x682.jpg 1024w, https:\/\/dicodusport.fr\/blog\/wp-content\/uploads\/2020\/10\/Profil-5\u00e8me-\u00e9tape-Tour-dItalie-2020-768x511.jpg 768w\" sizes=\"auto, (max-width: 1280px) 100vw, 1280px\" \/><\/p>\n<p style=\"text-align: center;\"><a href=\"http:\/\/dicodusport.fr\/blog\/tour-d-italie-2020-profil-des-21-etapes\/6\/#six\" class=\"su-button su-button-style-flat\" style=\"color:#FFFFFF;background-color:#0057ae;border-color:#00468c;border-radius:4px\" target=\"_self\"><span style=\"color:#FFFFFF;padding:0px 22px;font-size:17px;line-height:34px;border-color:#4d8ac7;border-radius:4px;text-shadow:none\"> <strong>6\u00e8me \u00e9tape<\/strong><\/span><\/a><!--nextpage--><\/p>\n<h2 style=\"text-align: justify;\"><a id=\"six\"><\/a><strong><span style=\"font-size: 24px;\">6\u00e8me \u00e9tape : Castrovillari &#8211; Matera (Jeudi 8 octobre)<\/span><\/strong><\/h2>\n<p style=\"text-align: justify;\">\u00c9tape vallonn\u00e9e d&rsquo;une distance de 188 km.<\/p>\n<p><img loading=\"lazy\" decoding=\"async\" class=\"aligncenter wp-image-80605 size-full\" src=\"https:\/\/dicodusport.fr\/blog\/wp-content\/uploads\/2020\/10\/Profil-6\u00e8me-\u00e9tape-Tour-dItalie-2020.jpg\" alt=\"Profil 6\u00e8me \u00e9tape Tour d'Italie 2020\" width=\"1280\" height=\"852\" srcset=\"https:\/\/dicodusport.fr\/blog\/wp-content\/uploads\/2020\/10\/Profil-6\u00e8me-\u00e9tape-Tour-dItalie-2020.jpg 1280w, https:\/\/dicodusport.fr\/blog\/wp-content\/uploads\/2020\/10\/Profil-6\u00e8me-\u00e9tape-Tour-dItalie-2020-300x200.jpg 300w, https:\/\/dicodusport.fr\/blog\/wp-content\/uploads\/2020\/10\/Profil-6\u00e8me-\u00e9tape-Tour-dItalie-2020-1024x682.jpg 1024w, https:\/\/dicodusport.fr\/blog\/wp-content\/uploads\/2020\/10\/Profil-6\u00e8me-\u00e9tape-Tour-dItalie-2020-768x511.jpg 768w\" sizes=\"auto, (max-width: 1280px) 100vw, 1280px\" \/><\/p>\n<p style=\"text-align: center;\"><a href=\"http:\/\/dicodusport.fr\/blog\/tour-d-italie-2020-profil-des-21-etapes\/7\/#sept\" class=\"su-button su-button-style-flat\" style=\"color:#FFFFFF;background-color:#0057ae;border-color:#00468c;border-radius:4px\" target=\"_self\"><span style=\"color:#FFFFFF;padding:0px 22px;font-size:17px;line-height:34px;border-color:#4d8ac7;border-radius:4px;text-shadow:none\"> <strong>7\u00e8me \u00e9tape<\/strong><\/span><\/a><!--nextpage--><\/p>\n<h2 style=\"text-align: justify;\"><a id=\"sept\"><\/a>7\u00e8me \u00e9tape : <strong>Matera &#8211; Brindisi<\/strong> (Vendredi 9 octobre)<\/h2>\n<p style=\"text-align: justify;\">\u00c9tape plate d&rsquo;une distance de 143 km.<\/p>\n<p><img loading=\"lazy\" decoding=\"async\" class=\"aligncenter wp-image-80606 size-full\" src=\"https:\/\/dicodusport.fr\/blog\/wp-content\/uploads\/2020\/10\/Profil-7\u00e8me-\u00e9tape-Tour-dItalie-2020.jpg\" alt=\"Profil 7\u00e8me \u00e9tape Tour d'Italie 2020\" width=\"1280\" height=\"852\" srcset=\"https:\/\/dicodusport.fr\/blog\/wp-content\/uploads\/2020\/10\/Profil-7\u00e8me-\u00e9tape-Tour-dItalie-2020.jpg 1280w, https:\/\/dicodusport.fr\/blog\/wp-content\/uploads\/2020\/10\/Profil-7\u00e8me-\u00e9tape-Tour-dItalie-2020-300x200.jpg 300w, https:\/\/dicodusport.fr\/blog\/wp-content\/uploads\/2020\/10\/Profil-7\u00e8me-\u00e9tape-Tour-dItalie-2020-1024x682.jpg 1024w, https:\/\/dicodusport.fr\/blog\/wp-content\/uploads\/2020\/10\/Profil-7\u00e8me-\u00e9tape-Tour-dItalie-2020-768x511.jpg 768w\" sizes=\"auto, (max-width: 1280px) 100vw, 1280px\" \/><\/p>\n<p style=\"text-align: center;\"><a href=\"http:\/\/dicodusport.fr\/blog\/tour-d-italie-2020-profil-des-21-etapes\/8\/#huit\" class=\"su-button su-button-style-flat\" style=\"color:#FFFFFF;background-color:#0057ae;border-color:#00468c;border-radius:4px\" target=\"_self\"><span style=\"color:#FFFFFF;padding:0px 22px;font-size:17px;line-height:34px;border-color:#4d8ac7;border-radius:4px;text-shadow:none\"> <strong>8\u00e8me \u00e9tape<\/strong><\/span><\/a>\n<p><!--nextpage--><\/p>\n<h2 style=\"text-align: justify;\"><a id=\"huit\"><\/a>8\u00e8me \u00e9tape : <strong>Giovinazzo &#8211; Vieste<\/strong> (Samedi 10 octobre)<\/h2>\n<p style=\"text-align: justify;\">\u00c9tape accident\u00e9e d&rsquo;une distance de 200 km.<\/p>\n<p><img loading=\"lazy\" decoding=\"async\" class=\"aligncenter wp-image-80607 size-full\" src=\"https:\/\/dicodusport.fr\/blog\/wp-content\/uploads\/2020\/10\/Profil-8\u00e8me-\u00e9tape-Tour-dItalie-2020.jpg\" alt=\"Profil 8\u00e8me \u00e9tape Tour d'Italie 2020\" width=\"1280\" height=\"852\" srcset=\"https:\/\/dicodusport.fr\/blog\/wp-content\/uploads\/2020\/10\/Profil-8\u00e8me-\u00e9tape-Tour-dItalie-2020.jpg 1280w, https:\/\/dicodusport.fr\/blog\/wp-content\/uploads\/2020\/10\/Profil-8\u00e8me-\u00e9tape-Tour-dItalie-2020-300x200.jpg 300w, https:\/\/dicodusport.fr\/blog\/wp-content\/uploads\/2020\/10\/Profil-8\u00e8me-\u00e9tape-Tour-dItalie-2020-1024x682.jpg 1024w, https:\/\/dicodusport.fr\/blog\/wp-content\/uploads\/2020\/10\/Profil-8\u00e8me-\u00e9tape-Tour-dItalie-2020-768x511.jpg 768w\" sizes=\"auto, (max-width: 1280px) 100vw, 1280px\" \/><\/p>\n<p style=\"text-align: center;\"><a href=\"http:\/\/dicodusport.fr\/blog\/tour-d-italie-2020-profil-des-21-etapes\/9\/#neuf\" class=\"su-button su-button-style-flat\" style=\"color:#FFFFFF;background-color:#0057ae;border-color:#00468c;border-radius:4px\" target=\"_self\"><span style=\"color:#FFFFFF;padding:0px 22px;font-size:17px;line-height:34px;border-color:#4d8ac7;border-radius:4px;text-shadow:none\"> <strong>9\u00e8me \u00e9tape<\/strong><\/span><\/a>\n<p><!--nextpage--><\/p>\n<h2 style=\"text-align: justify;\"><a id=\"neuf\"><\/a>9\u00e8me \u00e9tape : <strong>San Salvo &#8211; Roccaraso<\/strong> (Dimanche 11 octobre)<\/h2>\n<p style=\"text-align: justify;\">\u00c9tape de montagne d&rsquo;une distance de 208 km.<\/p>\n<p><img loading=\"lazy\" decoding=\"async\" class=\"aligncenter wp-image-80608 size-full\" src=\"https:\/\/dicodusport.fr\/blog\/wp-content\/uploads\/2020\/10\/Profil-9\u00e8me-\u00e9tape-Tour-dItalie-2020.jpg\" alt=\"Profil 9\u00e8me \u00e9tape Tour d'Italie 2020\" width=\"1280\" height=\"852\" srcset=\"https:\/\/dicodusport.fr\/blog\/wp-content\/uploads\/2020\/10\/Profil-9\u00e8me-\u00e9tape-Tour-dItalie-2020.jpg 1280w, https:\/\/dicodusport.fr\/blog\/wp-content\/uploads\/2020\/10\/Profil-9\u00e8me-\u00e9tape-Tour-dItalie-2020-300x200.jpg 300w, https:\/\/dicodusport.fr\/blog\/wp-content\/uploads\/2020\/10\/Profil-9\u00e8me-\u00e9tape-Tour-dItalie-2020-1024x682.jpg 1024w, https:\/\/dicodusport.fr\/blog\/wp-content\/uploads\/2020\/10\/Profil-9\u00e8me-\u00e9tape-Tour-dItalie-2020-768x511.jpg 768w\" sizes=\"auto, (max-width: 1280px) 100vw, 1280px\" \/><\/p>\n<p style=\"text-align: center;\"><a href=\"http:\/\/dicodusport.fr\/blog\/tour-d-italie-2020-profil-des-21-etapes\/10\/#dix\" class=\"su-button su-button-style-flat\" style=\"color:#FFFFFF;background-color:#0057ae;border-color:#00468c;border-radius:4px\" target=\"_self\"><span style=\"color:#FFFFFF;padding:0px 22px;font-size:17px;line-height:34px;border-color:#4d8ac7;border-radius:4px;text-shadow:none\"> <strong>10\u00e8me \u00e9tape<\/strong><\/span><\/a>\n<p style=\"text-align: center;\"><!--nextpage--><\/p>\n<h2 style=\"text-align: justify;\"><a id=\"dix\"><\/a>10\u00e8me \u00e9tape : <strong>Lanciano &#8211; Tortoreto<\/strong>\u00a0(Mardi 13 octobre)<\/h2>\n<p style=\"text-align: justify;\">\u00c9tape accident\u00e9e d&rsquo;une distance de 177 km.<\/p>\n<p><img loading=\"lazy\" decoding=\"async\" class=\"aligncenter wp-image-80609 size-full\" src=\"https:\/\/dicodusport.fr\/blog\/wp-content\/uploads\/2020\/10\/Profil-10\u00e8me-\u00e9tape-Tour-dItalie-2020.jpg\" alt=\"Profil 10\u00e8me \u00e9tape Tour d'Italie 2020\" width=\"1280\" height=\"852\" srcset=\"https:\/\/dicodusport.fr\/blog\/wp-content\/uploads\/2020\/10\/Profil-10\u00e8me-\u00e9tape-Tour-dItalie-2020.jpg 1280w, https:\/\/dicodusport.fr\/blog\/wp-content\/uploads\/2020\/10\/Profil-10\u00e8me-\u00e9tape-Tour-dItalie-2020-300x200.jpg 300w, https:\/\/dicodusport.fr\/blog\/wp-content\/uploads\/2020\/10\/Profil-10\u00e8me-\u00e9tape-Tour-dItalie-2020-1024x682.jpg 1024w, https:\/\/dicodusport.fr\/blog\/wp-content\/uploads\/2020\/10\/Profil-10\u00e8me-\u00e9tape-Tour-dItalie-2020-768x511.jpg 768w\" sizes=\"auto, (max-width: 1280px) 100vw, 1280px\" \/><\/p>\n<p style=\"text-align: center;\"><a href=\"http:\/\/dicodusport.fr\/blog\/tour-d-italie-2020-profil-des-21-etapes\/11\/#onze\" class=\"su-button su-button-style-flat\" style=\"color:#FFFFFF;background-color:#0057ae;border-color:#00468c;border-radius:4px\" target=\"_self\"><span style=\"color:#FFFFFF;padding:0px 22px;font-size:17px;line-height:34px;border-color:#4d8ac7;border-radius:4px;text-shadow:none\"> <strong>11\u00e8me \u00e9tape<\/strong><\/span><\/a>\n<p><!--nextpage--><\/p>\n<h2 style=\"text-align: justify;\"><a id=\"onze\"><\/a>11\u00e8me \u00e9tape : <strong>Porto Sant&rsquo;Elpidio &#8211; Rimini<\/strong> (Mercredi 14 octobre)<\/h2>\n<p style=\"text-align: justify;\">\u00c9tape plate d&rsquo;une distance de 182 km.<\/p>\n<p><img loading=\"lazy\" decoding=\"async\" class=\"aligncenter wp-image-80610 size-full\" src=\"https:\/\/dicodusport.fr\/blog\/wp-content\/uploads\/2020\/10\/Profil-11\u00e8me-\u00e9tape-Tour-dItalie-2020.jpg\" alt=\"Profil 11\u00e8me \u00e9tape Tour d'Italie 2020\" width=\"1280\" height=\"852\" srcset=\"https:\/\/dicodusport.fr\/blog\/wp-content\/uploads\/2020\/10\/Profil-11\u00e8me-\u00e9tape-Tour-dItalie-2020.jpg 1280w, https:\/\/dicodusport.fr\/blog\/wp-content\/uploads\/2020\/10\/Profil-11\u00e8me-\u00e9tape-Tour-dItalie-2020-300x200.jpg 300w, https:\/\/dicodusport.fr\/blog\/wp-content\/uploads\/2020\/10\/Profil-11\u00e8me-\u00e9tape-Tour-dItalie-2020-1024x682.jpg 1024w, https:\/\/dicodusport.fr\/blog\/wp-content\/uploads\/2020\/10\/Profil-11\u00e8me-\u00e9tape-Tour-dItalie-2020-768x511.jpg 768w\" sizes=\"auto, (max-width: 1280px) 100vw, 1280px\" \/><\/p>\n<p style=\"text-align: center;\"><a href=\"http:\/\/dicodusport.fr\/blog\/tour-d-italie-2020-profil-des-21-etapes\/12\/#douze\" class=\"su-button su-button-style-flat\" style=\"color:#FFFFFF;background-color:#0057ae;border-color:#00468c;border-radius:4px\" target=\"_self\"><span style=\"color:#FFFFFF;padding:0px 22px;font-size:17px;line-height:34px;border-color:#4d8ac7;border-radius:4px;text-shadow:none\"> <strong>12\u00e8me \u00e9tape<\/strong><\/span><\/a><!--nextpage--><\/p>\n<h2 style=\"text-align: justify;\"><a id=\"douze\"><\/a>12\u00e8me \u00e9tape : <strong>Cesenatico &#8211; Cesenatico<\/strong> (Jeudi 15 octobre)<\/h2>\n<p style=\"text-align: justify;\">\u00c9tape vallonn\u00e9e d&rsquo;une distance de 204 km.<\/p>\n<p><img loading=\"lazy\" decoding=\"async\" class=\"aligncenter wp-image-80611 size-full\" src=\"https:\/\/dicodusport.fr\/blog\/wp-content\/uploads\/2020\/10\/Profil-12\u00e8me-\u00e9tape-Tour-dItalie-2020.jpg\" alt=\"Profil 12\u00e8me \u00e9tape Tour d'Italie 2020\" width=\"1280\" height=\"852\" srcset=\"https:\/\/dicodusport.fr\/blog\/wp-content\/uploads\/2020\/10\/Profil-12\u00e8me-\u00e9tape-Tour-dItalie-2020.jpg 1280w, https:\/\/dicodusport.fr\/blog\/wp-content\/uploads\/2020\/10\/Profil-12\u00e8me-\u00e9tape-Tour-dItalie-2020-300x200.jpg 300w, https:\/\/dicodusport.fr\/blog\/wp-content\/uploads\/2020\/10\/Profil-12\u00e8me-\u00e9tape-Tour-dItalie-2020-1024x682.jpg 1024w, https:\/\/dicodusport.fr\/blog\/wp-content\/uploads\/2020\/10\/Profil-12\u00e8me-\u00e9tape-Tour-dItalie-2020-768x511.jpg 768w\" sizes=\"auto, (max-width: 1280px) 100vw, 1280px\" \/><\/p>\n<p style=\"text-align: center;\"><a href=\"http:\/\/dicodusport.fr\/blog\/tour-d-italie-2020-profil-des-21-etapes\/13\/#treize\" class=\"su-button su-button-style-flat\" style=\"color:#FFFFFF;background-color:#0057ae;border-color:#00468c;border-radius:4px\" target=\"_self\"><span style=\"color:#FFFFFF;padding:0px 22px;font-size:17px;line-height:34px;border-color:#4d8ac7;border-radius:4px;text-shadow:none\"> <strong>13\u00e8me \u00e9tape<\/strong><\/span><\/a><!--nextpage--><\/p>\n<h2 style=\"text-align: justify;\"><a id=\"treize\"><\/a>13\u00e8me \u00e9tape : <strong>Cervia &#8211; Monselice<\/strong> (Vendredi 16 octobre)<\/h2>\n<p style=\"text-align: justify;\">\u00c9tape plate d&rsquo;une distance de 192 km.<\/p>\n<p><img loading=\"lazy\" decoding=\"async\" class=\"aligncenter wp-image-80612 size-full\" src=\"https:\/\/dicodusport.fr\/blog\/wp-content\/uploads\/2020\/10\/Profil-13\u00e8me-\u00e9tape-Tour-dItalie-2020.jpg\" alt=\"Profil 13\u00e8me \u00e9tape Tour d'Italie 2020\" width=\"1280\" height=\"852\" srcset=\"https:\/\/dicodusport.fr\/blog\/wp-content\/uploads\/2020\/10\/Profil-13\u00e8me-\u00e9tape-Tour-dItalie-2020.jpg 1280w, https:\/\/dicodusport.fr\/blog\/wp-content\/uploads\/2020\/10\/Profil-13\u00e8me-\u00e9tape-Tour-dItalie-2020-300x200.jpg 300w, https:\/\/dicodusport.fr\/blog\/wp-content\/uploads\/2020\/10\/Profil-13\u00e8me-\u00e9tape-Tour-dItalie-2020-1024x682.jpg 1024w, https:\/\/dicodusport.fr\/blog\/wp-content\/uploads\/2020\/10\/Profil-13\u00e8me-\u00e9tape-Tour-dItalie-2020-768x511.jpg 768w\" sizes=\"auto, (max-width: 1280px) 100vw, 1280px\" \/><\/p>\n<p style=\"text-align: center;\"><a href=\"http:\/\/dicodusport.fr\/blog\/tour-d-italie-2020-profil-des-21-etapes\/14\/#quatorze\" class=\"su-button su-button-style-flat\" style=\"color:#FFFFFF;background-color:#0057ae;border-color:#00468c;border-radius:4px\" target=\"_self\"><span style=\"color:#FFFFFF;padding:0px 22px;font-size:17px;line-height:34px;border-color:#4d8ac7;border-radius:4px;text-shadow:none\"> <strong>14\u00e8me \u00e9tape<\/strong><\/span><\/a>\n<p><!--nextpage--><\/p>\n<h2 style=\"text-align: justify;\"><a id=\"quatorze\"><\/a>14\u00e8me \u00e9tape &#8211; CLM Individuel : <strong>Conegliano &#8211; Valdobbiadene<\/strong> (Samedi 17 octobre)<\/h2>\n<p style=\"text-align: justify;\">CLM Individuel plat d&rsquo;une distance de 34,1 km.<\/p>\n<p><img loading=\"lazy\" decoding=\"async\" class=\"aligncenter wp-image-80613 size-full\" src=\"https:\/\/dicodusport.fr\/blog\/wp-content\/uploads\/2020\/10\/Profil-14\u00e8me-\u00e9tape-Tour-dItalie-2020.jpg\" alt=\"Profil 14\u00e8me \u00e9tape Tour d'Italie 2020\" width=\"1280\" height=\"852\" srcset=\"https:\/\/dicodusport.fr\/blog\/wp-content\/uploads\/2020\/10\/Profil-14\u00e8me-\u00e9tape-Tour-dItalie-2020.jpg 1280w, https:\/\/dicodusport.fr\/blog\/wp-content\/uploads\/2020\/10\/Profil-14\u00e8me-\u00e9tape-Tour-dItalie-2020-300x200.jpg 300w, https:\/\/dicodusport.fr\/blog\/wp-content\/uploads\/2020\/10\/Profil-14\u00e8me-\u00e9tape-Tour-dItalie-2020-1024x682.jpg 1024w, https:\/\/dicodusport.fr\/blog\/wp-content\/uploads\/2020\/10\/Profil-14\u00e8me-\u00e9tape-Tour-dItalie-2020-768x511.jpg 768w\" sizes=\"auto, (max-width: 1280px) 100vw, 1280px\" \/><\/p>\n<p style=\"text-align: center;\"><a href=\"http:\/\/dicodusport.fr\/blog\/tour-d-italie-2020-profil-des-21-etapes\/15\/#quinze\" class=\"su-button su-button-style-flat\" style=\"color:#FFFFFF;background-color:#0057ae;border-color:#00468c;border-radius:4px\" target=\"_self\"><span style=\"color:#FFFFFF;padding:0px 22px;font-size:17px;line-height:34px;border-color:#4d8ac7;border-radius:4px;text-shadow:none\"> <strong>15\u00e8me \u00e9tape<\/strong><\/span><\/a>\n<p><!--nextpage--><\/p>\n<h2 style=\"text-align: justify;\"><a id=\"quinze\"><\/a>15\u00e8me \u00e9tape : <strong>Base Aerea Rivolto &#8211; Piancavallo<\/strong> (Dimanche 18 octobre)<\/h2>\n<p style=\"text-align: justify;\">\u00c9tape de montagne d&rsquo;une distance de 185 km.<\/p>\n<p><img loading=\"lazy\" decoding=\"async\" class=\"aligncenter wp-image-80614 size-full\" src=\"https:\/\/dicodusport.fr\/blog\/wp-content\/uploads\/2020\/10\/Profil-15\u00e8me-\u00e9tape-Tour-dItalie-2020.jpg\" alt=\"Profil 15\u00e8me \u00e9tape Tour d'Italie 2020\" width=\"1280\" height=\"852\" srcset=\"https:\/\/dicodusport.fr\/blog\/wp-content\/uploads\/2020\/10\/Profil-15\u00e8me-\u00e9tape-Tour-dItalie-2020.jpg 1280w, https:\/\/dicodusport.fr\/blog\/wp-content\/uploads\/2020\/10\/Profil-15\u00e8me-\u00e9tape-Tour-dItalie-2020-300x200.jpg 300w, https:\/\/dicodusport.fr\/blog\/wp-content\/uploads\/2020\/10\/Profil-15\u00e8me-\u00e9tape-Tour-dItalie-2020-1024x682.jpg 1024w, https:\/\/dicodusport.fr\/blog\/wp-content\/uploads\/2020\/10\/Profil-15\u00e8me-\u00e9tape-Tour-dItalie-2020-768x511.jpg 768w\" sizes=\"auto, (max-width: 1280px) 100vw, 1280px\" \/><\/p>\n<p style=\"text-align: center;\"><a href=\"http:\/\/dicodusport.fr\/blog\/tour-d-italie-2020-profil-des-21-etapes\/16\/#seize\" class=\"su-button su-button-style-flat\" style=\"color:#FFFFFF;background-color:#0057ae;border-color:#00468c;border-radius:4px\" target=\"_self\"><span style=\"color:#FFFFFF;padding:0px 22px;font-size:17px;line-height:34px;border-color:#4d8ac7;border-radius:4px;text-shadow:none\"> <strong>16\u00e8me \u00e9tape<\/strong><\/span><\/a>\n<p><!--nextpage--><\/p>\n<h2 style=\"text-align: justify;\"><a id=\"seize\"><\/a>16\u00e8me \u00e9tape : <strong>Udine &#8211; San Daniele Del Friuli<\/strong> (Mardi 20 octobre)<\/h2>\n<p style=\"text-align: justify;\">\u00c9tape accident\u00e9e d&rsquo;une distance de 229 km.<\/p>\n<p><img loading=\"lazy\" decoding=\"async\" class=\"aligncenter wp-image-80615 size-full\" src=\"https:\/\/dicodusport.fr\/blog\/wp-content\/uploads\/2020\/10\/Profil-16\u00e8me-\u00e9tape-Tour-dItalie-2020.jpg\" alt=\"Profil 16\u00e8me \u00e9tape Tour d'Italie 2020\" width=\"1280\" height=\"852\" srcset=\"https:\/\/dicodusport.fr\/blog\/wp-content\/uploads\/2020\/10\/Profil-16\u00e8me-\u00e9tape-Tour-dItalie-2020.jpg 1280w, https:\/\/dicodusport.fr\/blog\/wp-content\/uploads\/2020\/10\/Profil-16\u00e8me-\u00e9tape-Tour-dItalie-2020-300x200.jpg 300w, https:\/\/dicodusport.fr\/blog\/wp-content\/uploads\/2020\/10\/Profil-16\u00e8me-\u00e9tape-Tour-dItalie-2020-1024x682.jpg 1024w, https:\/\/dicodusport.fr\/blog\/wp-content\/uploads\/2020\/10\/Profil-16\u00e8me-\u00e9tape-Tour-dItalie-2020-768x511.jpg 768w\" sizes=\"auto, (max-width: 1280px) 100vw, 1280px\" \/><\/p>\n<p style=\"text-align: center;\"><a href=\"http:\/\/dicodusport.fr\/blog\/tour-d-italie-2020-profil-des-21-etapes\/17\/#dixsept\" class=\"su-button su-button-style-flat\" style=\"color:#FFFFFF;background-color:#0057ae;border-color:#00468c;border-radius:4px\" target=\"_self\"><span style=\"color:#FFFFFF;padding:0px 22px;font-size:17px;line-height:34px;border-color:#4d8ac7;border-radius:4px;text-shadow:none\"> <strong>17\u00e8me \u00e9tape<\/strong><\/span><\/a>\n<p><!--nextpage--><\/p>\n<h2 style=\"text-align: justify;\"><a id=\"dixsept\"><\/a>17\u00e8me \u00e9tape : <strong>Bassano del Grappa\u00a0&#8211; Madonna di Campiglio<\/strong> (Mercredi 21 octobre)<\/h2>\n<p style=\"text-align: justify;\">\u00c9tape de montagne d&rsquo;une distance de 203 km.<\/p>\n<p><img loading=\"lazy\" decoding=\"async\" class=\"aligncenter wp-image-80616 size-full\" src=\"https:\/\/dicodusport.fr\/blog\/wp-content\/uploads\/2020\/10\/Profil-17\u00e8me-\u00e9tape-Tour-dItalie-2020.jpg\" alt=\"Profil 17\u00e8me \u00e9tape Tour d'Italie 2020\" width=\"1280\" height=\"852\" srcset=\"https:\/\/dicodusport.fr\/blog\/wp-content\/uploads\/2020\/10\/Profil-17\u00e8me-\u00e9tape-Tour-dItalie-2020.jpg 1280w, https:\/\/dicodusport.fr\/blog\/wp-content\/uploads\/2020\/10\/Profil-17\u00e8me-\u00e9tape-Tour-dItalie-2020-300x200.jpg 300w, https:\/\/dicodusport.fr\/blog\/wp-content\/uploads\/2020\/10\/Profil-17\u00e8me-\u00e9tape-Tour-dItalie-2020-1024x682.jpg 1024w, https:\/\/dicodusport.fr\/blog\/wp-content\/uploads\/2020\/10\/Profil-17\u00e8me-\u00e9tape-Tour-dItalie-2020-768x511.jpg 768w\" sizes=\"auto, (max-width: 1280px) 100vw, 1280px\" \/><\/p>\n<p style=\"text-align: center;\"><a href=\"http:\/\/dicodusport.fr\/blog\/tour-d-italie-2020-profil-des-21-etapes\/18\/#dixhuit\" class=\"su-button su-button-style-flat\" style=\"color:#FFFFFF;background-color:#0057ae;border-color:#00468c;border-radius:4px\" target=\"_self\"><span style=\"color:#FFFFFF;padding:0px 22px;font-size:17px;line-height:34px;border-color:#4d8ac7;border-radius:4px;text-shadow:none\"> <strong>18\u00e8me \u00e9tape<\/strong><\/span><\/a><!--nextpage--><\/p>\n<h2 style=\"text-align: justify;\"><a id=\"dixhuit\"><\/a>18\u00e8me \u00e9tape : <strong>Pinzolo &#8211; Laghi di Cancano<\/strong> (Jeudi 22 octobre)<\/h2>\n<p style=\"text-align: justify;\">\u00c9tape de haute-montagne d&rsquo;une distance de 207 km.<\/p>\n<p><img loading=\"lazy\" decoding=\"async\" class=\"aligncenter wp-image-80617 size-full\" src=\"https:\/\/dicodusport.fr\/blog\/wp-content\/uploads\/2020\/10\/Profil-18\u00e8me-\u00e9tape-Tour-dItalie-2020.jpg\" alt=\"Profil 18\u00e8me \u00e9tape Tour d'Italie 2020\" width=\"1280\" height=\"852\" srcset=\"https:\/\/dicodusport.fr\/blog\/wp-content\/uploads\/2020\/10\/Profil-18\u00e8me-\u00e9tape-Tour-dItalie-2020.jpg 1280w, https:\/\/dicodusport.fr\/blog\/wp-content\/uploads\/2020\/10\/Profil-18\u00e8me-\u00e9tape-Tour-dItalie-2020-300x200.jpg 300w, https:\/\/dicodusport.fr\/blog\/wp-content\/uploads\/2020\/10\/Profil-18\u00e8me-\u00e9tape-Tour-dItalie-2020-1024x682.jpg 1024w, https:\/\/dicodusport.fr\/blog\/wp-content\/uploads\/2020\/10\/Profil-18\u00e8me-\u00e9tape-Tour-dItalie-2020-768x511.jpg 768w\" sizes=\"auto, (max-width: 1280px) 100vw, 1280px\" \/><\/p>\n<p style=\"text-align: center;\"><a href=\"http:\/\/dicodusport.fr\/blog\/tour-d-italie-2020-profil-des-21-etapes\/19\/#dixneuf\" class=\"su-button su-button-style-flat\" style=\"color:#FFFFFF;background-color:#0057ae;border-color:#00468c;border-radius:4px\" target=\"_self\"><span style=\"color:#FFFFFF;padding:0px 22px;font-size:17px;line-height:34px;border-color:#4d8ac7;border-radius:4px;text-shadow:none\"> <strong>19\u00e8me \u00e9tape<\/strong><\/span><\/a><!--nextpage--><\/p>\n<h2 style=\"text-align: justify;\"><a id=\"dixneuf\"><\/a>19\u00e8me \u00e9tape : <strong>Morbegno &#8211; Asti<\/strong> (Vendredi 23 octobre)<\/h2>\n<p style=\"text-align: justify;\">\u00c9tape plate d&rsquo;une distance de 253 km.<\/p>\n<p><img loading=\"lazy\" decoding=\"async\" class=\"aligncenter wp-image-80618 size-full\" src=\"https:\/\/dicodusport.fr\/blog\/wp-content\/uploads\/2020\/10\/Profil-19\u00e8me-\u00e9tape-Tour-dItalie-2020.jpg\" alt=\"Profil 19\u00e8me \u00e9tape Tour d'Italie 2020\" width=\"1280\" height=\"852\" srcset=\"https:\/\/dicodusport.fr\/blog\/wp-content\/uploads\/2020\/10\/Profil-19\u00e8me-\u00e9tape-Tour-dItalie-2020.jpg 1280w, https:\/\/dicodusport.fr\/blog\/wp-content\/uploads\/2020\/10\/Profil-19\u00e8me-\u00e9tape-Tour-dItalie-2020-300x200.jpg 300w, https:\/\/dicodusport.fr\/blog\/wp-content\/uploads\/2020\/10\/Profil-19\u00e8me-\u00e9tape-Tour-dItalie-2020-1024x682.jpg 1024w, https:\/\/dicodusport.fr\/blog\/wp-content\/uploads\/2020\/10\/Profil-19\u00e8me-\u00e9tape-Tour-dItalie-2020-768x511.jpg 768w\" sizes=\"auto, (max-width: 1280px) 100vw, 1280px\" \/><\/p>\n<p style=\"text-align: center;\"><a href=\"http:\/\/dicodusport.fr\/blog\/tour-d-italie-2020-profil-des-21-etapes\/20\/#vingt\" class=\"su-button su-button-style-flat\" style=\"color:#FFFFFF;background-color:#0057ae;border-color:#00468c;border-radius:4px\" target=\"_self\"><span style=\"color:#FFFFFF;padding:0px 22px;font-size:17px;line-height:34px;border-color:#4d8ac7;border-radius:4px;text-shadow:none\"> <strong>20\u00e8me \u00e9tape<\/strong><\/span><\/a>\n<p><!--nextpage--><\/p>\n<h2 style=\"text-align: justify;\"><a id=\"vingt\"><\/a>20\u00e8me \u00e9tape : <strong>Alba &#8211; Sestri\u00e8re<\/strong> (Samedi 24 octobre)<\/h2>\n<p style=\"text-align: justify;\">\u00c9tape de haute-montagne d&rsquo;une distance de 198 km.<\/p>\n<p><img loading=\"lazy\" decoding=\"async\" class=\"aligncenter wp-image-80619 size-full\" src=\"https:\/\/dicodusport.fr\/blog\/wp-content\/uploads\/2020\/10\/Profil-20\u00e8me-\u00e9tape-Tour-dItalie-2020.jpg\" alt=\"Profil 20\u00e8me \u00e9tape Tour d'Italie 2020\" width=\"1280\" height=\"852\" srcset=\"https:\/\/dicodusport.fr\/blog\/wp-content\/uploads\/2020\/10\/Profil-20\u00e8me-\u00e9tape-Tour-dItalie-2020.jpg 1280w, https:\/\/dicodusport.fr\/blog\/wp-content\/uploads\/2020\/10\/Profil-20\u00e8me-\u00e9tape-Tour-dItalie-2020-300x200.jpg 300w, https:\/\/dicodusport.fr\/blog\/wp-content\/uploads\/2020\/10\/Profil-20\u00e8me-\u00e9tape-Tour-dItalie-2020-1024x682.jpg 1024w, https:\/\/dicodusport.fr\/blog\/wp-content\/uploads\/2020\/10\/Profil-20\u00e8me-\u00e9tape-Tour-dItalie-2020-768x511.jpg 768w\" sizes=\"auto, (max-width: 1280px) 100vw, 1280px\" \/><\/p>\n<p style=\"text-align: center;\"><a href=\"http:\/\/dicodusport.fr\/blog\/tour-d-italie-2020-profil-des-21-etapes\/21\/#vingtetun\" class=\"su-button su-button-style-flat\" style=\"color:#FFFFFF;background-color:#0057ae;border-color:#00468c;border-radius:4px\" target=\"_self\"><span style=\"color:#FFFFFF;padding:0px 22px;font-size:17px;line-height:34px;border-color:#4d8ac7;border-radius:4px;text-shadow:none\"> <strong>21\u00e8me \u00e9tape<\/strong><\/span><\/a>\n<p><!--nextpage--><\/p>\n<h2 style=\"text-align: justify;\"><a id=\"neuf\"><\/a>21\u00e8me \u00e9tape : <strong>Cernusco Sul Naviglio &#8211; Milan<\/strong>\u00a0(Dimanche 25 octobre)<\/h2>\n<p style=\"text-align: justify;\">CLM Individuel plat de 15,7 km.<\/p>\n<p><img loading=\"lazy\" decoding=\"async\" class=\"aligncenter wp-image-80620 size-full\" src=\"https:\/\/dicodusport.fr\/blog\/wp-content\/uploads\/2020\/10\/Profil-21\u00e8me-\u00e9tape-Tour-dItalie-2020.jpg\" alt=\"Profil 21\u00e8me \u00e9tape Tour d'Italie 2020\" width=\"1280\" height=\"852\" srcset=\"https:\/\/dicodusport.fr\/blog\/wp-content\/uploads\/2020\/10\/Profil-21\u00e8me-\u00e9tape-Tour-dItalie-2020.jpg 1280w, https:\/\/dicodusport.fr\/blog\/wp-content\/uploads\/2020\/10\/Profil-21\u00e8me-\u00e9tape-Tour-dItalie-2020-300x200.jpg 300w, https:\/\/dicodusport.fr\/blog\/wp-content\/uploads\/2020\/10\/Profil-21\u00e8me-\u00e9tape-Tour-dItalie-2020-1024x682.jpg 1024w, https:\/\/dicodusport.fr\/blog\/wp-content\/uploads\/2020\/10\/Profil-21\u00e8me-\u00e9tape-Tour-dItalie-2020-768x511.jpg 768w\" sizes=\"auto, (max-width: 1280px) 100vw, 1280px\" \/><\/p>\n<p style=\"text-align: center;\"><a href=\"http:\/\/dicodusport.fr\/blog\/tour-d-italie-2020-profil-des-21-etapes\/\" class=\"su-button su-button-style-flat\" style=\"color:#FFFFFF;background-color:#0057ae;border-color:#00468c;border-radius:4px\" target=\"_self\"><span style=\"color:#FFFFFF;padding:0px 22px;font-size:17px;line-height:34px;border-color:#4d8ac7;border-radius:4px;text-shadow:none\"> <strong>Revenir au d\u00e9but<\/strong><\/span><\/a>\n<p><strong><em>Dicodusport<br \/>\n<a href=\"https:\/\/www.facebook.com\/dicodusport\/\" target=\"_blank\" rel=\"noopener noreferrer\"><img loading=\"lazy\" decoding=\"async\" class=\"alignnone wp-image-2909\" src=\"http:\/\/dicodusport.fr\/blog\/wp-content\/uploads\/2017\/07\/logo-facebook-150x150.png\" alt=\"\" width=\"40\" height=\"40\" \/><\/a><a href=\"https:\/\/twitter.com\/dicodusport\" target=\"_blank\" rel=\"noopener noreferrer\"><img loading=\"lazy\" decoding=\"async\" class=\"alignnone wp-image-2908\" src=\"http:\/\/dicodusport.fr\/blog\/wp-content\/uploads\/2017\/07\/logo-twitter-150x150.png\" alt=\"\" width=\"39\" height=\"39\" \/><\/a><\/em><\/strong><\/p>\n","protected":false},"excerpt":{"rendered":"<p>CYCLISME &#8211; La 103\u00e8me \u00e9dition du Tour d&rsquo;Italie d\u00e9bute ce samedi 3 octobre. D\u00e9couvrez le profil des 21 \u00e9tapes du Giro 2020.<\/p>\n","protected":false},"author":4,"featured_media":80689,"comment_status":"open","ping_status":"closed","sticky":false,"template":"","format":"standard","meta":{"_acf_changed":false,"_daextam_enable_autolinks":"","footnotes":""},"categories":[47041],"tags":[2830],"class_list":["post-80598","post","type-post","status-publish","format-standard","has-post-thumbnail","hentry","category-tour-d-italie","tag-giro"],"acf":[],"yoast_head":"<!-- This site is optimized with the Yoast SEO Premium plugin v26.7 (Yoast SEO v26.7) - https:\/\/yoast.com\/wordpress\/plugins\/seo\/ -->\n<title>Tour d&#039;Italie 2020 : Le profil des 21 \u00e9tapes<\/title>\n<meta name=\"description\" content=\"CYCLISME - La 103\u00e8me \u00e9dition du Tour d&#039;Italie d\u00e9bute ce samedi 3 octobre. D\u00e9couvrez le profil des 21 \u00e9tapes du Giro 2020.\" \/>\n<meta name=\"robots\" content=\"index, follow, max-snippet:-1, max-image-preview:large, max-video-preview:-1\" \/>\n<link rel=\"canonical\" href=\"https:\/\/dicodusport.fr\/blog\/tour-d-italie-2020-profil-des-21-etapes\/\" \/>\n<link rel=\"next\" href=\"https:\/\/dicodusport.fr\/blog\/tour-d-italie-2020-profil-des-21-etapes\/2\/\" \/>\n<meta property=\"og:locale\" content=\"fr_FR\" \/>\n<meta property=\"og:type\" content=\"article\" \/>\n<meta property=\"og:title\" content=\"Tour d&#039;Italie 2020 : Le profil des 21 \u00e9tapes\" \/>\n<meta property=\"og:description\" content=\"CYCLISME - La 103\u00e8me \u00e9dition du Tour d&#039;Italie d\u00e9bute ce samedi 3 octobre. D\u00e9couvrez le profil des 21 \u00e9tapes du Giro 2020.\" \/>\n<meta property=\"og:url\" content=\"https:\/\/dicodusport.fr\/blog\/tour-d-italie-2020-profil-des-21-etapes\/\" \/>\n<meta property=\"og:site_name\" content=\"Dicodusport\" \/>\n<meta property=\"article:publisher\" content=\"https:\/\/www.facebook.com\/dicodusport\" \/>\n<meta property=\"article:author\" content=\"https:\/\/www.facebook.com\/florent.ostermann\" \/>\n<meta property=\"article:published_time\" content=\"2020-10-02T07:29:55+00:00\" \/>\n<meta property=\"article:modified_time\" content=\"2020-10-02T14:43:08+00:00\" \/>\n<meta property=\"og:image\" content=\"https:\/\/dicodusport.fr\/blog\/wp-content\/uploads\/2020\/10\/Tour-dItalie-2020-Le-profil-des-21-\u00e9tapes.png\" \/>\n\t<meta property=\"og:image:width\" content=\"1200\" \/>\n\t<meta property=\"og:image:height\" content=\"670\" \/>\n\t<meta property=\"og:image:type\" content=\"image\/png\" \/>\n<meta name=\"author\" content=\"Flo Ostermann\" \/>\n<meta name=\"twitter:card\" content=\"summary_large_image\" \/>\n<meta name=\"twitter:title\" content=\"Tour d&#039;Italie 2020 : Le profil des 21 \u00e9tapes\" \/>\n<meta name=\"twitter:creator\" content=\"@https:\/\/twitter.com\/FlOstermann\" \/>\n<meta name=\"twitter:site\" content=\"@dicodusport\" \/>\n<script type=\"application\/ld+json\" class=\"yoast-schema-graph\">{\"@context\":\"https:\/\/schema.org\",\"@graph\":[{\"@type\":\"NewsArticle\",\"@id\":\"https:\/\/dicodusport.fr\/blog\/tour-d-italie-2020-profil-des-21-etapes\/#article\",\"isPartOf\":{\"@id\":\"https:\/\/dicodusport.fr\/blog\/tour-d-italie-2020-profil-des-21-etapes\/\"},\"author\":{\"name\":\"Flo Ostermann\",\"@id\":\"https:\/\/dicodusport.fr\/blog\/#\/schema\/person\/cb02af4c173ce4a653b55e9baf388d4a\"},\"headline\":\"Tour d&rsquo;Italie 2020 : Le profil des 21 \u00e9tapes\",\"datePublished\":\"2020-10-02T07:29:55+00:00\",\"dateModified\":\"2020-10-02T14:43:08+00:00\",\"mainEntityOfPage\":{\"@id\":\"https:\/\/dicodusport.fr\/blog\/tour-d-italie-2020-profil-des-21-etapes\/\"},\"wordCount\":819,\"commentCount\":0,\"publisher\":{\"@id\":\"https:\/\/dicodusport.fr\/blog\/#organization\"},\"image\":{\"@id\":\"https:\/\/dicodusport.fr\/blog\/tour-d-italie-2020-profil-des-21-etapes\/#primaryimage\"},\"thumbnailUrl\":\"https:\/\/dicodusport.fr\/blog\/wp-content\/uploads\/2020\/10\/Tour-dItalie-2020-Le-profil-des-21-\u00e9tapes.png\",\"keywords\":[\"Giro\"],\"articleSection\":[\"Tour d'Italie\"],\"inLanguage\":\"fr-FR\",\"potentialAction\":[{\"@type\":\"CommentAction\",\"name\":\"Comment\",\"target\":[\"https:\/\/dicodusport.fr\/blog\/tour-d-italie-2020-profil-des-21-etapes\/#respond\"]}],\"copyrightYear\":\"2020\",\"copyrightHolder\":{\"@id\":\"https:\/\/dicodusport.fr\/blog\/#organization\"}},{\"@type\":\"WebPage\",\"@id\":\"https:\/\/dicodusport.fr\/blog\/tour-d-italie-2020-profil-des-21-etapes\/\",\"url\":\"https:\/\/dicodusport.fr\/blog\/tour-d-italie-2020-profil-des-21-etapes\/\",\"name\":\"Tour d'Italie 2020 : Le profil des 21 \u00e9tapes\",\"isPartOf\":{\"@id\":\"https:\/\/dicodusport.fr\/blog\/#website\"},\"primaryImageOfPage\":{\"@id\":\"https:\/\/dicodusport.fr\/blog\/tour-d-italie-2020-profil-des-21-etapes\/#primaryimage\"},\"image\":{\"@id\":\"https:\/\/dicodusport.fr\/blog\/tour-d-italie-2020-profil-des-21-etapes\/#primaryimage\"},\"thumbnailUrl\":\"https:\/\/dicodusport.fr\/blog\/wp-content\/uploads\/2020\/10\/Tour-dItalie-2020-Le-profil-des-21-\u00e9tapes.png\",\"datePublished\":\"2020-10-02T07:29:55+00:00\",\"dateModified\":\"2020-10-02T14:43:08+00:00\",\"description\":\"CYCLISME - La 103\u00e8me \u00e9dition du Tour d'Italie d\u00e9bute ce samedi 3 octobre. D\u00e9couvrez le profil des 21 \u00e9tapes du Giro 2020.\",\"inLanguage\":\"fr-FR\",\"potentialAction\":[{\"@type\":\"ReadAction\",\"target\":[\"https:\/\/dicodusport.fr\/blog\/tour-d-italie-2020-profil-des-21-etapes\/\"]}]},{\"@type\":\"ImageObject\",\"inLanguage\":\"fr-FR\",\"@id\":\"https:\/\/dicodusport.fr\/blog\/tour-d-italie-2020-profil-des-21-etapes\/#primaryimage\",\"url\":\"https:\/\/dicodusport.fr\/blog\/wp-content\/uploads\/2020\/10\/Tour-dItalie-2020-Le-profil-des-21-\u00e9tapes.png\",\"contentUrl\":\"https:\/\/dicodusport.fr\/blog\/wp-content\/uploads\/2020\/10\/Tour-dItalie-2020-Le-profil-des-21-\u00e9tapes.png\",\"width\":1200,\"height\":670,\"caption\":\"Tour d'Italie 2020 - Le profil des 21 \u00e9tapes\"},{\"@type\":\"WebSite\",\"@id\":\"https:\/\/dicodusport.fr\/blog\/#website\",\"url\":\"https:\/\/dicodusport.fr\/blog\/\",\"name\":\"Dicodusport\",\"description\":\"L&#039;encyclop\u00e9die de l&#039;actualit\u00e9 sportive\",\"publisher\":{\"@id\":\"https:\/\/dicodusport.fr\/blog\/#organization\"},\"potentialAction\":[{\"@type\":\"SearchAction\",\"target\":{\"@type\":\"EntryPoint\",\"urlTemplate\":\"https:\/\/dicodusport.fr\/blog\/?s={search_term_string}\"},\"query-input\":{\"@type\":\"PropertyValueSpecification\",\"valueRequired\":true,\"valueName\":\"search_term_string\"}}],\"inLanguage\":\"fr-FR\"},{\"@type\":\"NewsMediaOrganization\",\"@id\":\"https:\/\/dicodusport.fr\/blog\/#organization\",\"name\":\"Dicodusport\",\"url\":\"https:\/\/dicodusport.fr\/blog\/\",\"logo\":{\"@type\":\"ImageObject\",\"inLanguage\":\"fr-FR\",\"@id\":\"https:\/\/dicodusport.fr\/blog\/#\/schema\/logo\/image\/\",\"url\":\"https:\/\/dicodusport.fr\/blog\/wp-content\/uploads\/2020\/06\/cropped-LOGO-DICODUSPORT-2020-SANS-FOND-SANS-TEXTE.png\",\"contentUrl\":\"https:\/\/dicodusport.fr\/blog\/wp-content\/uploads\/2020\/06\/cropped-LOGO-DICODUSPORT-2020-SANS-FOND-SANS-TEXTE.png\",\"width\":512,\"height\":512,\"caption\":\"Dicodusport\"},\"image\":{\"@id\":\"https:\/\/dicodusport.fr\/blog\/#\/schema\/logo\/image\/\"},\"sameAs\":[\"https:\/\/www.facebook.com\/dicodusport\",\"https:\/\/x.com\/dicodusport\",\"https:\/\/www.instagram.com\/dicodusport\/\",\"https:\/\/www.youtube.com\/channel\/UC7V2KZ5sd3htJivAbA4ZG3w\"],\"description\":\"Dicodusport est l'encyclop\u00e9die de l'actualit\u00e9 sportive.\",\"email\":\"bonjour@dicodusport.fr\",\"legalName\":\"DICODUSPORT\",\"foundingDate\":\"2018-01-14\",\"vatID\":\"FR71834470973\",\"taxID\":\"83447097300043\",\"numberOfEmployees\":{\"@type\":\"QuantitativeValue\",\"minValue\":\"1\",\"maxValue\":\"10\"}},{\"@type\":\"Person\",\"@id\":\"https:\/\/dicodusport.fr\/blog\/#\/schema\/person\/cb02af4c173ce4a653b55e9baf388d4a\",\"name\":\"Flo Ostermann\",\"image\":{\"@type\":\"ImageObject\",\"inLanguage\":\"fr-FR\",\"@id\":\"https:\/\/dicodusport.fr\/blog\/#\/schema\/person\/image\/\",\"url\":\"https:\/\/dicodusport.fr\/blog\/wp-content\/uploads\/2021\/05\/Flo-Ostermann-150x150.jpg\",\"contentUrl\":\"https:\/\/dicodusport.fr\/blog\/wp-content\/uploads\/2021\/05\/Flo-Ostermann-150x150.jpg\",\"caption\":\"Flo Ostermann\"},\"description\":\"Journaliste\/R\u00e9dacteur depuis septembre 2015 - Mes premiers souvenirs dans le sport ? Les envol\u00e9es du Stade Toulousain et les duels Villeneuve-Schumacher et H\u00e4kkinen-Schumacher \u00e0 la fin des ann\u00e9es 90, la Coupe du monde de football en 1998, l\u2019exploit du XV de France face aux All Blacks en 1999, mais aussi Richard C\u0153ur de Lion qui vole sur les montagnes du Tour de France. Bien parti pour devenir professeur d\u2019EPS, les \u00e9v\u00e9nements de la vie (et la flemme d\u2019animer des s\u00e9ances de 3x500 m\u00e8tres toute ma vie) m\u2019ont conduit \u00e0 revoir mes plans. Me voil\u00e0 depuis fin 2017 sur Dicodusport, m\u00e9dia gr\u00e2ce (et pour) lequel je partage ma passion : le sport dans tous ses \u00e9tats. Le tout accompagn\u00e9 par les fous furieux et folles furieuses cit\u00e9s sur cette page !\",\"sameAs\":[\"https:\/\/www.facebook.com\/florent.ostermann\",\"https:\/\/x.com\/https:\/\/twitter.com\/FlOstermann\",\"admin\"],\"url\":\"https:\/\/dicodusport.fr\/blog\/author\/flo\/\"}]}<\/script>\n<!-- \/ Yoast SEO Premium plugin. -->","yoast_head_json":{"title":"Tour d'Italie 2020 : Le profil des 21 \u00e9tapes","description":"CYCLISME - La 103\u00e8me \u00e9dition du Tour d'Italie d\u00e9bute ce samedi 3 octobre. D\u00e9couvrez le profil des 21 \u00e9tapes du Giro 2020.","robots":{"index":"index","follow":"follow","max-snippet":"max-snippet:-1","max-image-preview":"max-image-preview:large","max-video-preview":"max-video-preview:-1"},"canonical":"https:\/\/dicodusport.fr\/blog\/tour-d-italie-2020-profil-des-21-etapes\/","next":"https:\/\/dicodusport.fr\/blog\/tour-d-italie-2020-profil-des-21-etapes\/2\/","og_locale":"fr_FR","og_type":"article","og_title":"Tour d'Italie 2020 : Le profil des 21 \u00e9tapes","og_description":"CYCLISME - La 103\u00e8me \u00e9dition du Tour d'Italie d\u00e9bute ce samedi 3 octobre. D\u00e9couvrez le profil des 21 \u00e9tapes du Giro 2020.","og_url":"https:\/\/dicodusport.fr\/blog\/tour-d-italie-2020-profil-des-21-etapes\/","og_site_name":"Dicodusport","article_publisher":"https:\/\/www.facebook.com\/dicodusport","article_author":"https:\/\/www.facebook.com\/florent.ostermann","article_published_time":"2020-10-02T07:29:55+00:00","article_modified_time":"2020-10-02T14:43:08+00:00","og_image":[{"width":1200,"height":670,"url":"https:\/\/dicodusport.fr\/blog\/wp-content\/uploads\/2020\/10\/Tour-dItalie-2020-Le-profil-des-21-\u00e9tapes.png","type":"image\/png"}],"author":"Flo Ostermann","twitter_card":"summary_large_image","twitter_title":"Tour d'Italie 2020 : Le profil des 21 \u00e9tapes","twitter_creator":"@https:\/\/twitter.com\/FlOstermann","twitter_site":"@dicodusport","schema":{"@context":"https:\/\/schema.org","@graph":[{"@type":"NewsArticle","@id":"https:\/\/dicodusport.fr\/blog\/tour-d-italie-2020-profil-des-21-etapes\/#article","isPartOf":{"@id":"https:\/\/dicodusport.fr\/blog\/tour-d-italie-2020-profil-des-21-etapes\/"},"author":{"name":"Flo Ostermann","@id":"https:\/\/dicodusport.fr\/blog\/#\/schema\/person\/cb02af4c173ce4a653b55e9baf388d4a"},"headline":"Tour d&rsquo;Italie 2020 : Le profil des 21 \u00e9tapes","datePublished":"2020-10-02T07:29:55+00:00","dateModified":"2020-10-02T14:43:08+00:00","mainEntityOfPage":{"@id":"https:\/\/dicodusport.fr\/blog\/tour-d-italie-2020-profil-des-21-etapes\/"},"wordCount":819,"commentCount":0,"publisher":{"@id":"https:\/\/dicodusport.fr\/blog\/#organization"},"image":{"@id":"https:\/\/dicodusport.fr\/blog\/tour-d-italie-2020-profil-des-21-etapes\/#primaryimage"},"thumbnailUrl":"https:\/\/dicodusport.fr\/blog\/wp-content\/uploads\/2020\/10\/Tour-dItalie-2020-Le-profil-des-21-\u00e9tapes.png","keywords":["Giro"],"articleSection":["Tour d'Italie"],"inLanguage":"fr-FR","potentialAction":[{"@type":"CommentAction","name":"Comment","target":["https:\/\/dicodusport.fr\/blog\/tour-d-italie-2020-profil-des-21-etapes\/#respond"]}],"copyrightYear":"2020","copyrightHolder":{"@id":"https:\/\/dicodusport.fr\/blog\/#organization"}},{"@type":"WebPage","@id":"https:\/\/dicodusport.fr\/blog\/tour-d-italie-2020-profil-des-21-etapes\/","url":"https:\/\/dicodusport.fr\/blog\/tour-d-italie-2020-profil-des-21-etapes\/","name":"Tour d'Italie 2020 : Le profil des 21 \u00e9tapes","isPartOf":{"@id":"https:\/\/dicodusport.fr\/blog\/#website"},"primaryImageOfPage":{"@id":"https:\/\/dicodusport.fr\/blog\/tour-d-italie-2020-profil-des-21-etapes\/#primaryimage"},"image":{"@id":"https:\/\/dicodusport.fr\/blog\/tour-d-italie-2020-profil-des-21-etapes\/#primaryimage"},"thumbnailUrl":"https:\/\/dicodusport.fr\/blog\/wp-content\/uploads\/2020\/10\/Tour-dItalie-2020-Le-profil-des-21-\u00e9tapes.png","datePublished":"2020-10-02T07:29:55+00:00","dateModified":"2020-10-02T14:43:08+00:00","description":"CYCLISME - La 103\u00e8me \u00e9dition du Tour d'Italie d\u00e9bute ce samedi 3 octobre. D\u00e9couvrez le profil des 21 \u00e9tapes du Giro 2020.","inLanguage":"fr-FR","potentialAction":[{"@type":"ReadAction","target":["https:\/\/dicodusport.fr\/blog\/tour-d-italie-2020-profil-des-21-etapes\/"]}]},{"@type":"ImageObject","inLanguage":"fr-FR","@id":"https:\/\/dicodusport.fr\/blog\/tour-d-italie-2020-profil-des-21-etapes\/#primaryimage","url":"https:\/\/dicodusport.fr\/blog\/wp-content\/uploads\/2020\/10\/Tour-dItalie-2020-Le-profil-des-21-\u00e9tapes.png","contentUrl":"https:\/\/dicodusport.fr\/blog\/wp-content\/uploads\/2020\/10\/Tour-dItalie-2020-Le-profil-des-21-\u00e9tapes.png","width":1200,"height":670,"caption":"Tour d'Italie 2020 - Le profil des 21 \u00e9tapes"},{"@type":"WebSite","@id":"https:\/\/dicodusport.fr\/blog\/#website","url":"https:\/\/dicodusport.fr\/blog\/","name":"Dicodusport","description":"L&#039;encyclop\u00e9die de l&#039;actualit\u00e9 sportive","publisher":{"@id":"https:\/\/dicodusport.fr\/blog\/#organization"},"potentialAction":[{"@type":"SearchAction","target":{"@type":"EntryPoint","urlTemplate":"https:\/\/dicodusport.fr\/blog\/?s={search_term_string}"},"query-input":{"@type":"PropertyValueSpecification","valueRequired":true,"valueName":"search_term_string"}}],"inLanguage":"fr-FR"},{"@type":"NewsMediaOrganization","@id":"https:\/\/dicodusport.fr\/blog\/#organization","name":"Dicodusport","url":"https:\/\/dicodusport.fr\/blog\/","logo":{"@type":"ImageObject","inLanguage":"fr-FR","@id":"https:\/\/dicodusport.fr\/blog\/#\/schema\/logo\/image\/","url":"https:\/\/dicodusport.fr\/blog\/wp-content\/uploads\/2020\/06\/cropped-LOGO-DICODUSPORT-2020-SANS-FOND-SANS-TEXTE.png","contentUrl":"https:\/\/dicodusport.fr\/blog\/wp-content\/uploads\/2020\/06\/cropped-LOGO-DICODUSPORT-2020-SANS-FOND-SANS-TEXTE.png","width":512,"height":512,"caption":"Dicodusport"},"image":{"@id":"https:\/\/dicodusport.fr\/blog\/#\/schema\/logo\/image\/"},"sameAs":["https:\/\/www.facebook.com\/dicodusport","https:\/\/x.com\/dicodusport","https:\/\/www.instagram.com\/dicodusport\/","https:\/\/www.youtube.com\/channel\/UC7V2KZ5sd3htJivAbA4ZG3w"],"description":"Dicodusport est l'encyclop\u00e9die de l'actualit\u00e9 sportive.","email":"bonjour@dicodusport.fr","legalName":"DICODUSPORT","foundingDate":"2018-01-14","vatID":"FR71834470973","taxID":"83447097300043","numberOfEmployees":{"@type":"QuantitativeValue","minValue":"1","maxValue":"10"}},{"@type":"Person","@id":"https:\/\/dicodusport.fr\/blog\/#\/schema\/person\/cb02af4c173ce4a653b55e9baf388d4a","name":"Flo Ostermann","image":{"@type":"ImageObject","inLanguage":"fr-FR","@id":"https:\/\/dicodusport.fr\/blog\/#\/schema\/person\/image\/","url":"https:\/\/dicodusport.fr\/blog\/wp-content\/uploads\/2021\/05\/Flo-Ostermann-150x150.jpg","contentUrl":"https:\/\/dicodusport.fr\/blog\/wp-content\/uploads\/2021\/05\/Flo-Ostermann-150x150.jpg","caption":"Flo Ostermann"},"description":"Journaliste\/R\u00e9dacteur depuis septembre 2015 - Mes premiers souvenirs dans le sport ? Les envol\u00e9es du Stade Toulousain et les duels Villeneuve-Schumacher et H\u00e4kkinen-Schumacher \u00e0 la fin des ann\u00e9es 90, la Coupe du monde de football en 1998, l\u2019exploit du XV de France face aux All Blacks en 1999, mais aussi Richard C\u0153ur de Lion qui vole sur les montagnes du Tour de France. Bien parti pour devenir professeur d\u2019EPS, les \u00e9v\u00e9nements de la vie (et la flemme d\u2019animer des s\u00e9ances de 3x500 m\u00e8tres toute ma vie) m\u2019ont conduit \u00e0 revoir mes plans. Me voil\u00e0 depuis fin 2017 sur Dicodusport, m\u00e9dia gr\u00e2ce (et pour) lequel je partage ma passion : le sport dans tous ses \u00e9tats. Le tout accompagn\u00e9 par les fous furieux et folles furieuses cit\u00e9s sur cette page !","sameAs":["https:\/\/www.facebook.com\/florent.ostermann","https:\/\/x.com\/https:\/\/twitter.com\/FlOstermann","admin"],"url":"https:\/\/dicodusport.fr\/blog\/author\/flo\/"}]}},"_links":{"self":[{"href":"https:\/\/dicodusport.fr\/blog\/wp-json\/wp\/v2\/posts\/80598","targetHints":{"allow":["GET"]}}],"collection":[{"href":"https:\/\/dicodusport.fr\/blog\/wp-json\/wp\/v2\/posts"}],"about":[{"href":"https:\/\/dicodusport.fr\/blog\/wp-json\/wp\/v2\/types\/post"}],"author":[{"embeddable":true,"href":"https:\/\/dicodusport.fr\/blog\/wp-json\/wp\/v2\/users\/4"}],"replies":[{"embeddable":true,"href":"https:\/\/dicodusport.fr\/blog\/wp-json\/wp\/v2\/comments?post=80598"}],"version-history":[{"count":0,"href":"https:\/\/dicodusport.fr\/blog\/wp-json\/wp\/v2\/posts\/80598\/revisions"}],"wp:featuredmedia":[{"embeddable":true,"href":"https:\/\/dicodusport.fr\/blog\/wp-json\/wp\/v2\/media\/80689"}],"wp:attachment":[{"href":"https:\/\/dicodusport.fr\/blog\/wp-json\/wp\/v2\/media?parent=80598"}],"wp:term":[{"taxonomy":"category","embeddable":true,"href":"https:\/\/dicodusport.fr\/blog\/wp-json\/wp\/v2\/categories?post=80598"},{"taxonomy":"post_tag","embeddable":true,"href":"https:\/\/dicodusport.fr\/blog\/wp-json\/wp\/v2\/tags?post=80598"}],"curies":[{"name":"wp","href":"https:\/\/api.w.org\/{rel}","templated":true}]}}