{"id":80702,"date":"2020-10-02T10:53:57","date_gmt":"2020-10-02T08:53:57","guid":{"rendered":"https:\/\/dicodusport.fr\/blog\/?p=80702&#038;preview=true&#038;preview_id=80702"},"modified":"2020-10-02T12:14:27","modified_gmt":"2020-10-02T10:14:27","slug":"formule-1-honda-va-se-retirer-a-l-issue-de-la-saison-2021","status":"publish","type":"post","link":"https:\/\/dicodusport.fr\/blog\/formule-1-honda-va-se-retirer-a-l-issue-de-la-saison-2021\/","title":{"rendered":"Formule 1 : Honda va se retirer \u00e0 l&rsquo;issue de la saison 2021"},"content":{"rendered":"<p style=\"text-align: justify;\"><strong><em><a href=\"https:\/\/dicodusport.fr\/blog\/actualites\/sports-mecaniques\/formule-1\/\" target=\"_blank\" rel=\"noopener noreferrer\">FORMULE 1<\/a> &#8211; Surprise ce vendredi matin ! Le motoriste Honda a annonc\u00e9 qu&rsquo;il se retirerait de la F1 \u00e0 l&rsquo;issue de la saison 2020. Les \u00e9curies Red Bull et AlphaTauri se retrouveront sans moteurs, \u00e0 l&rsquo;aube de la saison 2022.<\/em><\/strong><\/p>\n<p style=\"text-align: justify;\"><strong>Honda<\/strong> quittera la F1 fin 2021. Le motoriste nippon a annonc\u00e9 ce vendredi matin la fin de son engagement \u00e0 l&rsquo;issue de la saison prochaine. Revenue en <strong>Formule 1<\/strong> en 2015 aux c\u00f4t\u00e9s de <strong>McLaren<\/strong>, la marque japonaise avait ensuite fourni l&rsquo;\u00e9curie <strong>Toro Rosso<\/strong> (actuelle <strong>AlphaTauri<\/strong>), avant d&rsquo;\u00e9quiper \u00e9galement les <strong>Red Bull<\/strong>. D\u00e9sormais, les deux team de la maison Red Bull vont devoir faire face \u00e0 un casse-t\u00eate : Ferrari, Mercedes ou Renault pour 2022 ?<\/p>\n<blockquote class=\"twitter-tweet\">\n<p dir=\"ltr\" lang=\"en\">Honda to Conclude Participation in FIA Formula One World Championship.<\/p>\n<p>\u2014 Honda Racing F1 (@HondaRacingF1) <a href=\"https:\/\/twitter.com\/HondaRacingF1\/status\/1311939127177351168?ref_src=twsrc%5Etfw\">October 2, 2020<\/a><\/p><\/blockquote>\n<p><script async src=\"https:\/\/platform.twitter.com\/widgets.js\" charset=\"utf-8\"><\/script><\/p>\n<h2 style=\"text-align: justify;\">Les raisons du d\u00e9part d&rsquo;Honda fin 2021<\/h2>\n<blockquote>\n<p style=\"text-align: justify;\">Honda doit diriger ses ressources vers la recherche et le d\u00e9veloppement de la future unit\u00e9 de puissance et des technologies de l&rsquo;\u00e9nergie, notamment les v\u00e9hicules \u00e0 hydrog\u00e8ne et les batteries des v\u00e9hicules \u00e9lectriques, qui seront au c\u0153ur des technologies z\u00e9ro \u00e9mission. \u00c0 cette fin, Honda a pris la d\u00e9cision de conclure sa participation en F1. Afin de r\u00e9pondre aux attentes de ses fans, Honda collaborera avec Red Bull Racing et la Scuderia AlphaTauri pour continuer \u00e0 concourir avec tous ses efforts et s&rsquo;efforcer d&rsquo;obtenir plus de victoires jusqu&rsquo;\u00e0 la fin de la saison 2021 &#8211; <strong>Communiqu\u00e9 de Honda traduit par Eurosport<\/strong><\/p>\n<\/blockquote>\n<p><strong><em>Dicodusport<br \/>\n<a href=\"https:\/\/www.facebook.com\/dicodusport\/\" target=\"_blank\" rel=\"noopener noreferrer\"><img loading=\"lazy\" decoding=\"async\" class=\"alignnone wp-image-2909\" src=\"http:\/\/dicodusport.fr\/blog\/wp-content\/uploads\/2017\/07\/logo-facebook-150x150.png\" alt=\"\" width=\"40\" height=\"40\" \/><\/a><a href=\"https:\/\/twitter.com\/dicodusport\" target=\"_blank\" rel=\"noopener noreferrer\"><img loading=\"lazy\" decoding=\"async\" class=\"alignnone wp-image-2908\" src=\"http:\/\/dicodusport.fr\/blog\/wp-content\/uploads\/2017\/07\/logo-twitter-150x150.png\" alt=\"\" width=\"39\" height=\"39\" \/><\/a><\/em><\/strong><\/p>\n","protected":false},"excerpt":{"rendered":"<p>FORMULE 1 &#8211; Surprise ce vendredi matin ! Le motoriste Honda a annonc\u00e9 qu&rsquo;il se retirerait de la F1 \u00e0 l&rsquo;issue de la saison 2020. Les \u00e9curies Red Bull et AlphaTauri se retrouveront sans moteurs, \u00e0 l&rsquo;aube de la saison 2022.<\/p>\n","protected":false},"author":4,"featured_media":73817,"comment_status":"open","ping_status":"closed","sticky":false,"template":"","format":"standard","meta":{"_acf_changed":false,"_daextam_enable_autolinks":"","footnotes":""},"categories":[8653],"tags":[3166,2065,9032,7445],"class_list":["post-80702","post","type-post","status-publish","format-standard","has-post-thumbnail","hentry","category-formule-1","tag-f1","tag-formule-1","tag-honda","tag-red-bull"],"acf":[],"yoast_head":"<!-- This site is optimized with the Yoast SEO Premium plugin v26.7 (Yoast SEO v26.7) - https:\/\/yoast.com\/wordpress\/plugins\/seo\/ -->\n<title>Formule 1 : Honda va se retirer \u00e0 l&#039;issue de la saison 2021<\/title>\n<meta name=\"description\" content=\"FORMULE 1 - Surprise ce vendredi matin ! Le motoriste Honda a annonc\u00e9 qu&#039;il se retirerait de la F1 \u00e0 l&#039;issue de la saison 2020.\" \/>\n<meta name=\"robots\" content=\"index, follow, max-snippet:-1, max-image-preview:large, max-video-preview:-1\" \/>\n<link rel=\"canonical\" href=\"https:\/\/dicodusport.fr\/blog\/formule-1-honda-va-se-retirer-a-l-issue-de-la-saison-2021\/\" \/>\n<meta property=\"og:locale\" content=\"fr_FR\" \/>\n<meta property=\"og:type\" content=\"article\" \/>\n<meta property=\"og:title\" content=\"Formule 1 : Honda va se retirer \u00e0 l&#039;issue de la saison 2021\" \/>\n<meta property=\"og:description\" content=\"FORMULE 1 - Surprise ce vendredi matin ! Le motoriste Honda a annonc\u00e9 qu&#039;il se retirerait de la F1 \u00e0 l&#039;issue de la saison 2020.\" \/>\n<meta property=\"og:url\" content=\"https:\/\/dicodusport.fr\/blog\/formule-1-honda-va-se-retirer-a-l-issue-de-la-saison-2021\/\" \/>\n<meta property=\"og:site_name\" content=\"Dicodusport\" \/>\n<meta property=\"article:publisher\" content=\"https:\/\/www.facebook.com\/dicodusport\" \/>\n<meta property=\"article:author\" content=\"https:\/\/www.facebook.com\/florent.ostermann\" \/>\n<meta property=\"article:published_time\" content=\"2020-10-02T08:53:57+00:00\" \/>\n<meta property=\"article:modified_time\" content=\"2020-10-02T10:14:27+00:00\" \/>\n<meta property=\"og:image\" content=\"https:\/\/dicodusport.fr\/blog\/wp-content\/uploads\/2020\/08\/Grand-Prix-du-70\u00e8me-anniversaire-Max-Verstappen-simpose-devant-les-Mercedes.png\" \/>\n\t<meta property=\"og:image:width\" content=\"800\" \/>\n\t<meta property=\"og:image:height\" content=\"445\" \/>\n\t<meta property=\"og:image:type\" content=\"image\/png\" \/>\n<meta name=\"author\" content=\"Flo Ostermann\" \/>\n<meta name=\"twitter:card\" content=\"summary_large_image\" \/>\n<meta name=\"twitter:title\" content=\"Formule 1 : Honda va se retirer \u00e0 l&#039;issue de la saison 2021\" \/>\n<meta name=\"twitter:creator\" content=\"@https:\/\/twitter.com\/FlOstermann\" \/>\n<meta name=\"twitter:site\" content=\"@dicodusport\" \/>\n<script type=\"application\/ld+json\" class=\"yoast-schema-graph\">{\"@context\":\"https:\/\/schema.org\",\"@graph\":[{\"@type\":\"NewsArticle\",\"@id\":\"https:\/\/dicodusport.fr\/blog\/formule-1-honda-va-se-retirer-a-l-issue-de-la-saison-2021\/#article\",\"isPartOf\":{\"@id\":\"https:\/\/dicodusport.fr\/blog\/formule-1-honda-va-se-retirer-a-l-issue-de-la-saison-2021\/\"},\"author\":{\"name\":\"Flo Ostermann\",\"@id\":\"https:\/\/dicodusport.fr\/blog\/#\/schema\/person\/cb02af4c173ce4a653b55e9baf388d4a\"},\"headline\":\"Formule 1 : Honda va se retirer \u00e0 l&rsquo;issue de la saison 2021\",\"datePublished\":\"2020-10-02T08:53:57+00:00\",\"dateModified\":\"2020-10-02T10:14:27+00:00\",\"mainEntityOfPage\":{\"@id\":\"https:\/\/dicodusport.fr\/blog\/formule-1-honda-va-se-retirer-a-l-issue-de-la-saison-2021\/\"},\"wordCount\":255,\"commentCount\":0,\"publisher\":{\"@id\":\"https:\/\/dicodusport.fr\/blog\/#organization\"},\"image\":{\"@id\":\"https:\/\/dicodusport.fr\/blog\/formule-1-honda-va-se-retirer-a-l-issue-de-la-saison-2021\/#primaryimage\"},\"thumbnailUrl\":\"https:\/\/dicodusport.fr\/blog\/wp-content\/uploads\/2020\/08\/Grand-Prix-du-70\u00e8me-anniversaire-Max-Verstappen-simpose-devant-les-Mercedes.png\",\"keywords\":[\"F1\",\"Formule 1\",\"Honda\",\"Red Bull\"],\"articleSection\":[\"Formule 1\"],\"inLanguage\":\"fr-FR\",\"potentialAction\":[{\"@type\":\"CommentAction\",\"name\":\"Comment\",\"target\":[\"https:\/\/dicodusport.fr\/blog\/formule-1-honda-va-se-retirer-a-l-issue-de-la-saison-2021\/#respond\"]}],\"copyrightYear\":\"2020\",\"copyrightHolder\":{\"@id\":\"https:\/\/dicodusport.fr\/blog\/#organization\"}},{\"@type\":\"WebPage\",\"@id\":\"https:\/\/dicodusport.fr\/blog\/formule-1-honda-va-se-retirer-a-l-issue-de-la-saison-2021\/\",\"url\":\"https:\/\/dicodusport.fr\/blog\/formule-1-honda-va-se-retirer-a-l-issue-de-la-saison-2021\/\",\"name\":\"Formule 1 : Honda va se retirer \u00e0 l'issue de la saison 2021\",\"isPartOf\":{\"@id\":\"https:\/\/dicodusport.fr\/blog\/#website\"},\"primaryImageOfPage\":{\"@id\":\"https:\/\/dicodusport.fr\/blog\/formule-1-honda-va-se-retirer-a-l-issue-de-la-saison-2021\/#primaryimage\"},\"image\":{\"@id\":\"https:\/\/dicodusport.fr\/blog\/formule-1-honda-va-se-retirer-a-l-issue-de-la-saison-2021\/#primaryimage\"},\"thumbnailUrl\":\"https:\/\/dicodusport.fr\/blog\/wp-content\/uploads\/2020\/08\/Grand-Prix-du-70\u00e8me-anniversaire-Max-Verstappen-simpose-devant-les-Mercedes.png\",\"datePublished\":\"2020-10-02T08:53:57+00:00\",\"dateModified\":\"2020-10-02T10:14:27+00:00\",\"description\":\"FORMULE 1 - Surprise ce vendredi matin ! Le motoriste Honda a annonc\u00e9 qu'il se retirerait de la F1 \u00e0 l'issue de la saison 2020.\",\"breadcrumb\":{\"@id\":\"https:\/\/dicodusport.fr\/blog\/formule-1-honda-va-se-retirer-a-l-issue-de-la-saison-2021\/#breadcrumb\"},\"inLanguage\":\"fr-FR\",\"potentialAction\":[{\"@type\":\"ReadAction\",\"target\":[\"https:\/\/dicodusport.fr\/blog\/formule-1-honda-va-se-retirer-a-l-issue-de-la-saison-2021\/\"]}]},{\"@type\":\"ImageObject\",\"inLanguage\":\"fr-FR\",\"@id\":\"https:\/\/dicodusport.fr\/blog\/formule-1-honda-va-se-retirer-a-l-issue-de-la-saison-2021\/#primaryimage\",\"url\":\"https:\/\/dicodusport.fr\/blog\/wp-content\/uploads\/2020\/08\/Grand-Prix-du-70\u00e8me-anniversaire-Max-Verstappen-simpose-devant-les-Mercedes.png\",\"contentUrl\":\"https:\/\/dicodusport.fr\/blog\/wp-content\/uploads\/2020\/08\/Grand-Prix-du-70\u00e8me-anniversaire-Max-Verstappen-simpose-devant-les-Mercedes.png\",\"width\":800,\"height\":445,\"caption\":\"Photo Red Bull\"},{\"@type\":\"BreadcrumbList\",\"@id\":\"https:\/\/dicodusport.fr\/blog\/formule-1-honda-va-se-retirer-a-l-issue-de-la-saison-2021\/#breadcrumb\",\"itemListElement\":[{\"@type\":\"ListItem\",\"position\":1,\"name\":\"Accueil\",\"item\":\"https:\/\/dicodusport.fr\/blog\/\"},{\"@type\":\"ListItem\",\"position\":2,\"name\":\"Formule 1 : Honda va se retirer \u00e0 l&rsquo;issue de la saison 2021\"}]},{\"@type\":\"WebSite\",\"@id\":\"https:\/\/dicodusport.fr\/blog\/#website\",\"url\":\"https:\/\/dicodusport.fr\/blog\/\",\"name\":\"Dicodusport\",\"description\":\"L&#039;encyclop\u00e9die de l&#039;actualit\u00e9 sportive\",\"publisher\":{\"@id\":\"https:\/\/dicodusport.fr\/blog\/#organization\"},\"potentialAction\":[{\"@type\":\"SearchAction\",\"target\":{\"@type\":\"EntryPoint\",\"urlTemplate\":\"https:\/\/dicodusport.fr\/blog\/?s={search_term_string}\"},\"query-input\":{\"@type\":\"PropertyValueSpecification\",\"valueRequired\":true,\"valueName\":\"search_term_string\"}}],\"inLanguage\":\"fr-FR\"},{\"@type\":\"NewsMediaOrganization\",\"@id\":\"https:\/\/dicodusport.fr\/blog\/#organization\",\"name\":\"Dicodusport\",\"url\":\"https:\/\/dicodusport.fr\/blog\/\",\"logo\":{\"@type\":\"ImageObject\",\"inLanguage\":\"fr-FR\",\"@id\":\"https:\/\/dicodusport.fr\/blog\/#\/schema\/logo\/image\/\",\"url\":\"https:\/\/dicodusport.fr\/blog\/wp-content\/uploads\/2020\/06\/cropped-LOGO-DICODUSPORT-2020-SANS-FOND-SANS-TEXTE.png\",\"contentUrl\":\"https:\/\/dicodusport.fr\/blog\/wp-content\/uploads\/2020\/06\/cropped-LOGO-DICODUSPORT-2020-SANS-FOND-SANS-TEXTE.png\",\"width\":512,\"height\":512,\"caption\":\"Dicodusport\"},\"image\":{\"@id\":\"https:\/\/dicodusport.fr\/blog\/#\/schema\/logo\/image\/\"},\"sameAs\":[\"https:\/\/www.facebook.com\/dicodusport\",\"https:\/\/x.com\/dicodusport\",\"https:\/\/www.instagram.com\/dicodusport\/\",\"https:\/\/www.youtube.com\/channel\/UC7V2KZ5sd3htJivAbA4ZG3w\"],\"description\":\"Dicodusport est l'encyclop\u00e9die de l'actualit\u00e9 sportive.\",\"email\":\"bonjour@dicodusport.fr\",\"legalName\":\"DICODUSPORT\",\"foundingDate\":\"2018-01-14\",\"vatID\":\"FR71834470973\",\"taxID\":\"83447097300043\",\"numberOfEmployees\":{\"@type\":\"QuantitativeValue\",\"minValue\":\"1\",\"maxValue\":\"10\"}},{\"@type\":\"Person\",\"@id\":\"https:\/\/dicodusport.fr\/blog\/#\/schema\/person\/cb02af4c173ce4a653b55e9baf388d4a\",\"name\":\"Flo Ostermann\",\"image\":{\"@type\":\"ImageObject\",\"inLanguage\":\"fr-FR\",\"@id\":\"https:\/\/dicodusport.fr\/blog\/#\/schema\/person\/image\/\",\"url\":\"https:\/\/dicodusport.fr\/blog\/wp-content\/uploads\/2021\/05\/Flo-Ostermann-150x150.jpg\",\"contentUrl\":\"https:\/\/dicodusport.fr\/blog\/wp-content\/uploads\/2021\/05\/Flo-Ostermann-150x150.jpg\",\"caption\":\"Flo Ostermann\"},\"description\":\"Journaliste\/R\u00e9dacteur depuis septembre 2015 - Mes premiers souvenirs dans le sport ? Les envol\u00e9es du Stade Toulousain et les duels Villeneuve-Schumacher et H\u00e4kkinen-Schumacher \u00e0 la fin des ann\u00e9es 90, la Coupe du monde de football en 1998, l\u2019exploit du XV de France face aux All Blacks en 1999, mais aussi Richard C\u0153ur de Lion qui vole sur les montagnes du Tour de France. Bien parti pour devenir professeur d\u2019EPS, les \u00e9v\u00e9nements de la vie (et la flemme d\u2019animer des s\u00e9ances de 3x500 m\u00e8tres toute ma vie) m\u2019ont conduit \u00e0 revoir mes plans. Me voil\u00e0 depuis fin 2017 sur Dicodusport, m\u00e9dia gr\u00e2ce (et pour) lequel je partage ma passion : le sport dans tous ses \u00e9tats. Le tout accompagn\u00e9 par les fous furieux et folles furieuses cit\u00e9s sur cette page !\",\"sameAs\":[\"https:\/\/www.facebook.com\/florent.ostermann\",\"https:\/\/x.com\/https:\/\/twitter.com\/FlOstermann\",\"admin\"],\"url\":\"https:\/\/dicodusport.fr\/blog\/author\/flo\/\"}]}<\/script>\n<!-- \/ Yoast SEO Premium plugin. -->","yoast_head_json":{"title":"Formule 1 : Honda va se retirer \u00e0 l'issue de la saison 2021","description":"FORMULE 1 - Surprise ce vendredi matin ! Le motoriste Honda a annonc\u00e9 qu'il se retirerait de la F1 \u00e0 l'issue de la saison 2020.","robots":{"index":"index","follow":"follow","max-snippet":"max-snippet:-1","max-image-preview":"max-image-preview:large","max-video-preview":"max-video-preview:-1"},"canonical":"https:\/\/dicodusport.fr\/blog\/formule-1-honda-va-se-retirer-a-l-issue-de-la-saison-2021\/","og_locale":"fr_FR","og_type":"article","og_title":"Formule 1 : Honda va se retirer \u00e0 l'issue de la saison 2021","og_description":"FORMULE 1 - Surprise ce vendredi matin ! Le motoriste Honda a annonc\u00e9 qu'il se retirerait de la F1 \u00e0 l'issue de la saison 2020.","og_url":"https:\/\/dicodusport.fr\/blog\/formule-1-honda-va-se-retirer-a-l-issue-de-la-saison-2021\/","og_site_name":"Dicodusport","article_publisher":"https:\/\/www.facebook.com\/dicodusport","article_author":"https:\/\/www.facebook.com\/florent.ostermann","article_published_time":"2020-10-02T08:53:57+00:00","article_modified_time":"2020-10-02T10:14:27+00:00","og_image":[{"width":800,"height":445,"url":"https:\/\/dicodusport.fr\/blog\/wp-content\/uploads\/2020\/08\/Grand-Prix-du-70\u00e8me-anniversaire-Max-Verstappen-simpose-devant-les-Mercedes.png","type":"image\/png"}],"author":"Flo Ostermann","twitter_card":"summary_large_image","twitter_title":"Formule 1 : Honda va se retirer \u00e0 l'issue de la saison 2021","twitter_creator":"@https:\/\/twitter.com\/FlOstermann","twitter_site":"@dicodusport","schema":{"@context":"https:\/\/schema.org","@graph":[{"@type":"NewsArticle","@id":"https:\/\/dicodusport.fr\/blog\/formule-1-honda-va-se-retirer-a-l-issue-de-la-saison-2021\/#article","isPartOf":{"@id":"https:\/\/dicodusport.fr\/blog\/formule-1-honda-va-se-retirer-a-l-issue-de-la-saison-2021\/"},"author":{"name":"Flo Ostermann","@id":"https:\/\/dicodusport.fr\/blog\/#\/schema\/person\/cb02af4c173ce4a653b55e9baf388d4a"},"headline":"Formule 1 : Honda va se retirer \u00e0 l&rsquo;issue de la saison 2021","datePublished":"2020-10-02T08:53:57+00:00","dateModified":"2020-10-02T10:14:27+00:00","mainEntityOfPage":{"@id":"https:\/\/dicodusport.fr\/blog\/formule-1-honda-va-se-retirer-a-l-issue-de-la-saison-2021\/"},"wordCount":255,"commentCount":0,"publisher":{"@id":"https:\/\/dicodusport.fr\/blog\/#organization"},"image":{"@id":"https:\/\/dicodusport.fr\/blog\/formule-1-honda-va-se-retirer-a-l-issue-de-la-saison-2021\/#primaryimage"},"thumbnailUrl":"https:\/\/dicodusport.fr\/blog\/wp-content\/uploads\/2020\/08\/Grand-Prix-du-70\u00e8me-anniversaire-Max-Verstappen-simpose-devant-les-Mercedes.png","keywords":["F1","Formule 1","Honda","Red Bull"],"articleSection":["Formule 1"],"inLanguage":"fr-FR","potentialAction":[{"@type":"CommentAction","name":"Comment","target":["https:\/\/dicodusport.fr\/blog\/formule-1-honda-va-se-retirer-a-l-issue-de-la-saison-2021\/#respond"]}],"copyrightYear":"2020","copyrightHolder":{"@id":"https:\/\/dicodusport.fr\/blog\/#organization"}},{"@type":"WebPage","@id":"https:\/\/dicodusport.fr\/blog\/formule-1-honda-va-se-retirer-a-l-issue-de-la-saison-2021\/","url":"https:\/\/dicodusport.fr\/blog\/formule-1-honda-va-se-retirer-a-l-issue-de-la-saison-2021\/","name":"Formule 1 : Honda va se retirer \u00e0 l'issue de la saison 2021","isPartOf":{"@id":"https:\/\/dicodusport.fr\/blog\/#website"},"primaryImageOfPage":{"@id":"https:\/\/dicodusport.fr\/blog\/formule-1-honda-va-se-retirer-a-l-issue-de-la-saison-2021\/#primaryimage"},"image":{"@id":"https:\/\/dicodusport.fr\/blog\/formule-1-honda-va-se-retirer-a-l-issue-de-la-saison-2021\/#primaryimage"},"thumbnailUrl":"https:\/\/dicodusport.fr\/blog\/wp-content\/uploads\/2020\/08\/Grand-Prix-du-70\u00e8me-anniversaire-Max-Verstappen-simpose-devant-les-Mercedes.png","datePublished":"2020-10-02T08:53:57+00:00","dateModified":"2020-10-02T10:14:27+00:00","description":"FORMULE 1 - Surprise ce vendredi matin ! Le motoriste Honda a annonc\u00e9 qu'il se retirerait de la F1 \u00e0 l'issue de la saison 2020.","breadcrumb":{"@id":"https:\/\/dicodusport.fr\/blog\/formule-1-honda-va-se-retirer-a-l-issue-de-la-saison-2021\/#breadcrumb"},"inLanguage":"fr-FR","potentialAction":[{"@type":"ReadAction","target":["https:\/\/dicodusport.fr\/blog\/formule-1-honda-va-se-retirer-a-l-issue-de-la-saison-2021\/"]}]},{"@type":"ImageObject","inLanguage":"fr-FR","@id":"https:\/\/dicodusport.fr\/blog\/formule-1-honda-va-se-retirer-a-l-issue-de-la-saison-2021\/#primaryimage","url":"https:\/\/dicodusport.fr\/blog\/wp-content\/uploads\/2020\/08\/Grand-Prix-du-70\u00e8me-anniversaire-Max-Verstappen-simpose-devant-les-Mercedes.png","contentUrl":"https:\/\/dicodusport.fr\/blog\/wp-content\/uploads\/2020\/08\/Grand-Prix-du-70\u00e8me-anniversaire-Max-Verstappen-simpose-devant-les-Mercedes.png","width":800,"height":445,"caption":"Photo Red Bull"},{"@type":"BreadcrumbList","@id":"https:\/\/dicodusport.fr\/blog\/formule-1-honda-va-se-retirer-a-l-issue-de-la-saison-2021\/#breadcrumb","itemListElement":[{"@type":"ListItem","position":1,"name":"Accueil","item":"https:\/\/dicodusport.fr\/blog\/"},{"@type":"ListItem","position":2,"name":"Formule 1 : Honda va se retirer \u00e0 l&rsquo;issue de la saison 2021"}]},{"@type":"WebSite","@id":"https:\/\/dicodusport.fr\/blog\/#website","url":"https:\/\/dicodusport.fr\/blog\/","name":"Dicodusport","description":"L&#039;encyclop\u00e9die de l&#039;actualit\u00e9 sportive","publisher":{"@id":"https:\/\/dicodusport.fr\/blog\/#organization"},"potentialAction":[{"@type":"SearchAction","target":{"@type":"EntryPoint","urlTemplate":"https:\/\/dicodusport.fr\/blog\/?s={search_term_string}"},"query-input":{"@type":"PropertyValueSpecification","valueRequired":true,"valueName":"search_term_string"}}],"inLanguage":"fr-FR"},{"@type":"NewsMediaOrganization","@id":"https:\/\/dicodusport.fr\/blog\/#organization","name":"Dicodusport","url":"https:\/\/dicodusport.fr\/blog\/","logo":{"@type":"ImageObject","inLanguage":"fr-FR","@id":"https:\/\/dicodusport.fr\/blog\/#\/schema\/logo\/image\/","url":"https:\/\/dicodusport.fr\/blog\/wp-content\/uploads\/2020\/06\/cropped-LOGO-DICODUSPORT-2020-SANS-FOND-SANS-TEXTE.png","contentUrl":"https:\/\/dicodusport.fr\/blog\/wp-content\/uploads\/2020\/06\/cropped-LOGO-DICODUSPORT-2020-SANS-FOND-SANS-TEXTE.png","width":512,"height":512,"caption":"Dicodusport"},"image":{"@id":"https:\/\/dicodusport.fr\/blog\/#\/schema\/logo\/image\/"},"sameAs":["https:\/\/www.facebook.com\/dicodusport","https:\/\/x.com\/dicodusport","https:\/\/www.instagram.com\/dicodusport\/","https:\/\/www.youtube.com\/channel\/UC7V2KZ5sd3htJivAbA4ZG3w"],"description":"Dicodusport est l'encyclop\u00e9die de l'actualit\u00e9 sportive.","email":"bonjour@dicodusport.fr","legalName":"DICODUSPORT","foundingDate":"2018-01-14","vatID":"FR71834470973","taxID":"83447097300043","numberOfEmployees":{"@type":"QuantitativeValue","minValue":"1","maxValue":"10"}},{"@type":"Person","@id":"https:\/\/dicodusport.fr\/blog\/#\/schema\/person\/cb02af4c173ce4a653b55e9baf388d4a","name":"Flo Ostermann","image":{"@type":"ImageObject","inLanguage":"fr-FR","@id":"https:\/\/dicodusport.fr\/blog\/#\/schema\/person\/image\/","url":"https:\/\/dicodusport.fr\/blog\/wp-content\/uploads\/2021\/05\/Flo-Ostermann-150x150.jpg","contentUrl":"https:\/\/dicodusport.fr\/blog\/wp-content\/uploads\/2021\/05\/Flo-Ostermann-150x150.jpg","caption":"Flo Ostermann"},"description":"Journaliste\/R\u00e9dacteur depuis septembre 2015 - Mes premiers souvenirs dans le sport ? Les envol\u00e9es du Stade Toulousain et les duels Villeneuve-Schumacher et H\u00e4kkinen-Schumacher \u00e0 la fin des ann\u00e9es 90, la Coupe du monde de football en 1998, l\u2019exploit du XV de France face aux All Blacks en 1999, mais aussi Richard C\u0153ur de Lion qui vole sur les montagnes du Tour de France. Bien parti pour devenir professeur d\u2019EPS, les \u00e9v\u00e9nements de la vie (et la flemme d\u2019animer des s\u00e9ances de 3x500 m\u00e8tres toute ma vie) m\u2019ont conduit \u00e0 revoir mes plans. Me voil\u00e0 depuis fin 2017 sur Dicodusport, m\u00e9dia gr\u00e2ce (et pour) lequel je partage ma passion : le sport dans tous ses \u00e9tats. Le tout accompagn\u00e9 par les fous furieux et folles furieuses cit\u00e9s sur cette page !","sameAs":["https:\/\/www.facebook.com\/florent.ostermann","https:\/\/x.com\/https:\/\/twitter.com\/FlOstermann","admin"],"url":"https:\/\/dicodusport.fr\/blog\/author\/flo\/"}]}},"_links":{"self":[{"href":"https:\/\/dicodusport.fr\/blog\/wp-json\/wp\/v2\/posts\/80702","targetHints":{"allow":["GET"]}}],"collection":[{"href":"https:\/\/dicodusport.fr\/blog\/wp-json\/wp\/v2\/posts"}],"about":[{"href":"https:\/\/dicodusport.fr\/blog\/wp-json\/wp\/v2\/types\/post"}],"author":[{"embeddable":true,"href":"https:\/\/dicodusport.fr\/blog\/wp-json\/wp\/v2\/users\/4"}],"replies":[{"embeddable":true,"href":"https:\/\/dicodusport.fr\/blog\/wp-json\/wp\/v2\/comments?post=80702"}],"version-history":[{"count":0,"href":"https:\/\/dicodusport.fr\/blog\/wp-json\/wp\/v2\/posts\/80702\/revisions"}],"wp:featuredmedia":[{"embeddable":true,"href":"https:\/\/dicodusport.fr\/blog\/wp-json\/wp\/v2\/media\/73817"}],"wp:attachment":[{"href":"https:\/\/dicodusport.fr\/blog\/wp-json\/wp\/v2\/media?parent=80702"}],"wp:term":[{"taxonomy":"category","embeddable":true,"href":"https:\/\/dicodusport.fr\/blog\/wp-json\/wp\/v2\/categories?post=80702"},{"taxonomy":"post_tag","embeddable":true,"href":"https:\/\/dicodusport.fr\/blog\/wp-json\/wp\/v2\/tags?post=80702"}],"curies":[{"name":"wp","href":"https:\/\/api.w.org\/{rel}","templated":true}]}}