{"id":8075,"date":"2017-12-04T10:30:55","date_gmt":"2017-12-04T09:30:55","guid":{"rendered":"http:\/\/dicodusport.fr\/blog\/?p=8075"},"modified":"2017-12-04T10:49:48","modified_gmt":"2017-12-04T09:49:48","slug":"romane-dicko-continuer-a-travailler-confirmer-2018","status":"publish","type":"post","link":"https:\/\/dicodusport.fr\/blog\/romane-dicko-continuer-a-travailler-confirmer-2018\/","title":{"rendered":"Romane Dicko, continuer \u00e0 travailler pour confirmer en 2018"},"content":{"rendered":"<p style=\"text-align: justify;\"><em><strong>Nous avons rencontr\u00e9 Romane Dicko, jeune championne fran\u00e7aise de judo, qui veut continuer \u00e0 travailler dur pour atteindre les sommets du judo fran\u00e7ais et mondial.\u00a0<\/strong><\/em><\/p>\n<h5 style=\"text-align: justify;\">Romane, peux-tu te pr\u00e9senter en quelques mots ?<\/h5>\n<p style=\"text-align: justify;\">Romane Dicko, j&rsquo;ai 18 ans, je fais du judo \u00e0 haut niveau, puisque je suis interne \u00e0 l&rsquo;INSEP depuis un peu plus d&rsquo;un an.<\/p>\n<h5 style=\"text-align: justify;\">Comment et \u00e0 quel \u00e2ge as-tu commenc\u00e9 le judo ?<\/h5>\n<p style=\"text-align: justify;\">J&rsquo;ai commenc\u00e9 \u00e0 13 ans et demi, juste apr\u00e8s les Jeux Olympiques de Londres que j&rsquo;ai regard\u00e9 avec mon p\u00e8re. Nous avons vu ensemble la 3\u00e8me place d&rsquo;Audrey Tcheum\u00e9o et il m&rsquo;a propos\u00e9 de faire du judo. Sachant que certains de mes amis en faisaient d\u00e9j\u00e0 \u00e0 l&rsquo;\u00e9poque et que j&rsquo;aimais le sport, je me suis laiss\u00e9e tenter.<\/p>\n<h5 style=\"text-align: justify;\">A l\u2019heure actuelle, quel est le meilleur souvenir que le judo t\u2019ait procur\u00e9 ?<\/h5>\n<p style=\"text-align: justify;\">Les championnats du Monde par \u00e9quipes cette ann\u00e9e ! C&rsquo;\u00e9tait ma premi\u00e8re s\u00e9lection en championnat chez les seniors, nous avons d\u00e9croch\u00e9 une m\u00e9daille de bronze et j&rsquo;ai ramen\u00e9 le point de la victoire \u00e0 l&rsquo;\u00e9quipe ! Je suis tr\u00e8s fi\u00e8re d&rsquo;avoir particip\u00e9 \u00e0 l&rsquo;obtention de cette m\u00e9daille et de pouvoir combattre aux c\u00f4t\u00e9s de judokas comme Cyrille Maret.<\/p>\n<h5 style=\"text-align: justify;\">Quel bilan fais-tu de ton ann\u00e9e 2017 ?<\/h5>\n<p style=\"text-align: justify;\">J&rsquo;ai commenc\u00e9 par un titre de championne de France premi\u00e8re division alors que j&rsquo;\u00e9tais seulement cadette. Je ne m&rsquo;attendais pas \u00e0 ce r\u00e9sultat donc cela a \u00e9t\u00e9 une belle exp\u00e9rience. Ensuite Bercy, m\u00eame si je me fais \u00e9liminer au premier tour, cela a vraiment \u00e9t\u00e9 enrichissant de pouvoir participer \u00e0 ce tournoi et j&rsquo;ai d\u00e9j\u00e0 envie d&rsquo;y revenir.\u00a0 En mars, je me suis bless\u00e9e et cela m&rsquo;a \u00e9loign\u00e9 des tatamis durant trois ou quatre mois ; j&rsquo;ai donc rat\u00e9 des belles comp\u00e9titions mais j&rsquo;ai quand m\u00eame bien travaill\u00e9 sur cette p\u00e9riode pour revenir en forme. Pour mon retour, je remporte la Coupe d&rsquo;Europe de Berlin et j&rsquo;enchaine avec la m\u00e9daille de bronze aux championnats du Monde par \u00e9quipes. Il y a eu ensuite mon titre aux championnats d&rsquo;Europe juniors et l&rsquo;\u00e9limination au premier tour des championnats du Monde juniors. J&rsquo;ai eu un tirage difficile pour cette comp\u00e9tition, mais je reviendrai plus forte sur les Mondiaux juniors l&rsquo;ann\u00e9e prochaine. Pour finir, il y a eu cette 5\u00e8me place aux championnats du Monde\u00a0toutes cat\u00e9gories, c&rsquo;est toujours frustrant de terminer au pied du podium mais c&rsquo;\u00e9tait vraiment les meilleurs judokas en face de moi. Globalement, c&rsquo;est une tr\u00e8s bonne saison avec quelques petites d\u00e9ceptions au milieu !<\/p>\n<h5 style=\"text-align: justify;\">Nous t\u2019avons senti tr\u00e8s d\u00e9\u00e7ue apr\u00e8s ta 5\u00e8me place mondiale toutes cat\u00e9gories. Avec un peu de recul, que penses-tu de cette performance ?<\/h5>\n<p style=\"text-align: justify;\">Je pense que pour avancer, il faut savoir relativiser nos d\u00e9faites ! Avec un peu de recul, je prends vraiment conscience que c&rsquo;\u00e9tait une autre dimension, une comp\u00e9tition exceptionnelle et je suis contente en tant que junior premi\u00e8re ann\u00e9e de prendre une 5\u00e8me place en perdant contre une championne Olympique. Mais je ne peux pas \u00eatre pleinement satisfaite de finir au pied du podium, c&rsquo;est une place toujours tr\u00e8s difficile.<\/p>\n<h5 style=\"text-align: justify;\">Tu as parl\u00e9 de tes difficult\u00e9s au sol, comme les expliques-tu ? Un manque d\u2019exp\u00e9rience d\u00fb \u00e0 ton jeune \u00e2ge ?<\/h5>\n<p style=\"text-align: justify;\">Je pense que pour le sol, \u00e7a va venir au fur et \u00e0 mesure en travaillant. A l&rsquo;entra\u00eenement, on travaille plus l&rsquo;aspect debout car c&rsquo;est dans cette position qu&rsquo;on est le plus souvent en combat. A moi de travailler ma technique et d&#8217;emmagasiner de l&rsquo;exp\u00e9rience \u00e0 ce niveau-l\u00e0 pour combler mon retard.<\/p>\n<h5 style=\"text-align: justify;\">Quels sont tes prochains objectifs sportifs ?<\/h5>\n<p style=\"text-align: justify;\">J&rsquo;ai envie de prendre ma revanche aux championnats du Monde juniors. Ensuite dans la cat\u00e9gorie s\u00e9nior, avec le d\u00e9part d&rsquo;Emilie And\u00e9ol, il y a une place \u00e0 prendre sur la sc\u00e8ne internationale et nous sommes trois filles \u00e0 pouvoir y pr\u00e9tendre : Anne Fatoumata M&rsquo;Bairo, Julia Tolofua et moi.\u00a0Je vais essayer de bien travailler et d&rsquo;\u00eatre la meilleure pour d\u00e9crocher une s\u00e9lection aux championnats du Monde et d&rsquo;Europe.<\/p>\n<h5 style=\"text-align: justify;\">Paris 2024, tu auras 25 ans, c\u2019est forc\u00e9ment dans un coin de ta t\u00eate ?<\/h5>\n<p style=\"text-align: justify;\">C&rsquo;est encore tr\u00e8s loin, m\u00eame Tokyo 2020 c&rsquo;est loin ! Mais oui, c&rsquo;est dans un petit coin de ma t\u00eate car des Jeux Olympiques en France, c&rsquo;est exceptionnel, surtout 100 ans apr\u00e8s les pr\u00e9c\u00e9dents. Il y a de grosses \u00e9ch\u00e9ances avant donc je pr\u00e9f\u00e8re ne pas trop y penser.<\/p>\n<h5 style=\"text-align: justify;\">Un mot sur Teddy Riner, 10 titres de champion du Monde, 2 titre olympiques, qu\u2019est ce que cela repr\u00e9sente pour toi ?<\/h5>\n<p style=\"text-align: justify;\">C&rsquo;est le plus grand judoka de l&rsquo;histoire de notre sport avec un palmar\u00e8s incroyable. Il est vraiment hors norme, personne n&rsquo;a r\u00e9ussi par le pass\u00e9 \u00e0 faire ce qu&rsquo;il fait. En tant que judoka, on a tous envie de se nourrir de son exp\u00e9rience pour progresser.<\/p>\n<p style=\"text-align: justify;\"><em><strong>Nicolas Jacquemard<\/strong><br \/>\n<\/em><a style=\"color: #000000;\" href=\"https:\/\/twitter.com\/Nico_Jacquemard\" target=\"_blank\" rel=\"noopener noreferrer\"><img loading=\"lazy\" decoding=\"async\" class=\"alignnone wp-image-2908\" src=\"http:\/\/dicodusport.fr\/blog\/wp-content\/uploads\/2017\/07\/logo-twitter-150x150.png\" alt=\"\" width=\"39\" height=\"39\" \/><\/a><a style=\"color: #000000;\" href=\"https:\/\/www.facebook.com\/dicodusport\/\" target=\"_blank\" rel=\"noopener noreferrer\"><img loading=\"lazy\" decoding=\"async\" class=\"alignnone wp-image-2909\" src=\"http:\/\/dicodusport.fr\/blog\/wp-content\/uploads\/2017\/07\/logo-facebook-150x150.png\" alt=\"\" width=\"40\" height=\"40\" \/><\/a><\/p>\n","protected":false},"excerpt":{"rendered":"<p>Nous avons rencontr\u00e9 Romane Dicko, jeune championne fran\u00e7aise de judo, qui veut continuer \u00e0 travailler dur pour atteindre les sommets du judo fran\u00e7ais et mondial.\u00a0 Romane, peux-tu te pr\u00e9senter en quelques mots ? Romane Dicko, j&rsquo;ai 18 ans, je fais du judo \u00e0 haut niveau, puisque je suis interne \u00e0 l&rsquo;INSEP depuis un peu plus [&hellip;]<\/p>\n","protected":false},"author":1,"featured_media":8076,"comment_status":"open","ping_status":"closed","sticky":false,"template":"","format":"standard","meta":{"_acf_changed":false,"_daextam_enable_autolinks":"","footnotes":""},"categories":[4,2310],"tags":[68,2379,1787],"class_list":["post-8075","post","type-post","status-publish","format-standard","has-post-thumbnail","hentry","category-portraits","category-sports-de-combat","tag-judo","tag-romane-dicko","tag-teddy-riner"],"acf":[],"yoast_head":"<!-- This site is optimized with the Yoast SEO Premium plugin v26.7 (Yoast SEO v26.7) - https:\/\/yoast.com\/wordpress\/plugins\/seo\/ -->\n<title>Romane Dicko, continuer \u00e0 travailler pour confirmer en 2018<\/title>\n<meta name=\"description\" content=\"Nous avons rencontr\u00e9 Romane Dicko, jeune championne fran\u00e7aise de judo, qui veut continuer de travailler dur pour atteindre les sommets du judo mondial.\" \/>\n<meta name=\"robots\" content=\"index, follow, max-snippet:-1, max-image-preview:large, max-video-preview:-1\" \/>\n<link rel=\"canonical\" href=\"https:\/\/dicodusport.fr\/blog\/romane-dicko-continuer-a-travailler-confirmer-2018\/\" \/>\n<meta property=\"og:locale\" content=\"fr_FR\" \/>\n<meta property=\"og:type\" content=\"article\" \/>\n<meta property=\"og:title\" content=\"Romane Dicko, continuer \u00e0 travailler pour confirmer en 2018\" \/>\n<meta property=\"og:description\" content=\"Nous avons rencontr\u00e9 Romane Dicko, jeune championne fran\u00e7aise de judo, qui veut continuer de travailler dur pour atteindre les sommets du judo mondial.\" \/>\n<meta property=\"og:url\" content=\"https:\/\/dicodusport.fr\/blog\/romane-dicko-continuer-a-travailler-confirmer-2018\/\" \/>\n<meta property=\"og:site_name\" content=\"Dicodusport\" \/>\n<meta property=\"article:publisher\" content=\"https:\/\/www.facebook.com\/dicodusport\" \/>\n<meta property=\"article:author\" content=\"https:\/\/www.facebook.com\/dicodusport\" \/>\n<meta property=\"article:published_time\" content=\"2017-12-04T09:30:55+00:00\" \/>\n<meta property=\"article:modified_time\" content=\"2017-12-04T09:49:48+00:00\" \/>\n<meta property=\"og:image\" content=\"https:\/\/dicodusport.fr\/blog\/wp-content\/uploads\/2017\/12\/Romane-Dicko.png\" \/>\n\t<meta property=\"og:image:width\" content=\"1200\" \/>\n\t<meta property=\"og:image:height\" content=\"670\" \/>\n\t<meta property=\"og:image:type\" content=\"image\/png\" \/>\n<meta name=\"author\" content=\"Nicolas Jacquemard\" \/>\n<meta name=\"twitter:card\" content=\"summary_large_image\" \/>\n<meta name=\"twitter:creator\" content=\"@https:\/\/twitter.com\/Nico_Jacquemard\" \/>\n<meta name=\"twitter:site\" content=\"@dicodusport\" \/>\n<script type=\"application\/ld+json\" class=\"yoast-schema-graph\">{\"@context\":\"https:\/\/schema.org\",\"@graph\":[{\"@type\":\"NewsArticle\",\"@id\":\"https:\/\/dicodusport.fr\/blog\/romane-dicko-continuer-a-travailler-confirmer-2018\/#article\",\"isPartOf\":{\"@id\":\"https:\/\/dicodusport.fr\/blog\/romane-dicko-continuer-a-travailler-confirmer-2018\/\"},\"author\":{\"name\":\"Nicolas Jacquemard\",\"@id\":\"https:\/\/dicodusport.fr\/blog\/#\/schema\/person\/55dcb50ad410894e431ed812bbb70191\"},\"headline\":\"Romane Dicko, continuer \u00e0 travailler pour confirmer en 2018\",\"datePublished\":\"2017-12-04T09:30:55+00:00\",\"dateModified\":\"2017-12-04T09:49:48+00:00\",\"mainEntityOfPage\":{\"@id\":\"https:\/\/dicodusport.fr\/blog\/romane-dicko-continuer-a-travailler-confirmer-2018\/\"},\"wordCount\":879,\"commentCount\":0,\"publisher\":{\"@id\":\"https:\/\/dicodusport.fr\/blog\/#organization\"},\"image\":{\"@id\":\"https:\/\/dicodusport.fr\/blog\/romane-dicko-continuer-a-travailler-confirmer-2018\/#primaryimage\"},\"thumbnailUrl\":\"https:\/\/dicodusport.fr\/blog\/wp-content\/uploads\/2017\/12\/Romane-Dicko.png\",\"keywords\":[\"Judo\",\"Romane Dicko\",\"Teddy Riner\"],\"articleSection\":[\"Portraits\",\"Sports de combat\"],\"inLanguage\":\"fr-FR\",\"potentialAction\":[{\"@type\":\"CommentAction\",\"name\":\"Comment\",\"target\":[\"https:\/\/dicodusport.fr\/blog\/romane-dicko-continuer-a-travailler-confirmer-2018\/#respond\"]}],\"copyrightYear\":\"2017\",\"copyrightHolder\":{\"@id\":\"https:\/\/dicodusport.fr\/blog\/#organization\"}},{\"@type\":\"WebPage\",\"@id\":\"https:\/\/dicodusport.fr\/blog\/romane-dicko-continuer-a-travailler-confirmer-2018\/\",\"url\":\"https:\/\/dicodusport.fr\/blog\/romane-dicko-continuer-a-travailler-confirmer-2018\/\",\"name\":\"Romane Dicko, continuer \u00e0 travailler pour confirmer en 2018\",\"isPartOf\":{\"@id\":\"https:\/\/dicodusport.fr\/blog\/#website\"},\"primaryImageOfPage\":{\"@id\":\"https:\/\/dicodusport.fr\/blog\/romane-dicko-continuer-a-travailler-confirmer-2018\/#primaryimage\"},\"image\":{\"@id\":\"https:\/\/dicodusport.fr\/blog\/romane-dicko-continuer-a-travailler-confirmer-2018\/#primaryimage\"},\"thumbnailUrl\":\"https:\/\/dicodusport.fr\/blog\/wp-content\/uploads\/2017\/12\/Romane-Dicko.png\",\"datePublished\":\"2017-12-04T09:30:55+00:00\",\"dateModified\":\"2017-12-04T09:49:48+00:00\",\"description\":\"Nous avons rencontr\u00e9 Romane Dicko, jeune championne fran\u00e7aise de judo, qui veut continuer de travailler dur pour atteindre les sommets du judo mondial.\",\"breadcrumb\":{\"@id\":\"https:\/\/dicodusport.fr\/blog\/romane-dicko-continuer-a-travailler-confirmer-2018\/#breadcrumb\"},\"inLanguage\":\"fr-FR\",\"potentialAction\":[{\"@type\":\"ReadAction\",\"target\":[\"https:\/\/dicodusport.fr\/blog\/romane-dicko-continuer-a-travailler-confirmer-2018\/\"]}]},{\"@type\":\"ImageObject\",\"inLanguage\":\"fr-FR\",\"@id\":\"https:\/\/dicodusport.fr\/blog\/romane-dicko-continuer-a-travailler-confirmer-2018\/#primaryimage\",\"url\":\"https:\/\/dicodusport.fr\/blog\/wp-content\/uploads\/2017\/12\/Romane-Dicko.png\",\"contentUrl\":\"https:\/\/dicodusport.fr\/blog\/wp-content\/uploads\/2017\/12\/Romane-Dicko.png\",\"width\":1200,\"height\":670},{\"@type\":\"BreadcrumbList\",\"@id\":\"https:\/\/dicodusport.fr\/blog\/romane-dicko-continuer-a-travailler-confirmer-2018\/#breadcrumb\",\"itemListElement\":[{\"@type\":\"ListItem\",\"position\":1,\"name\":\"Accueil\",\"item\":\"https:\/\/dicodusport.fr\/blog\/\"},{\"@type\":\"ListItem\",\"position\":2,\"name\":\"Romane Dicko, continuer \u00e0 travailler pour confirmer en 2018\"}]},{\"@type\":\"WebSite\",\"@id\":\"https:\/\/dicodusport.fr\/blog\/#website\",\"url\":\"https:\/\/dicodusport.fr\/blog\/\",\"name\":\"Dicodusport\",\"description\":\"L&#039;encyclop\u00e9die de l&#039;actualit\u00e9 sportive\",\"publisher\":{\"@id\":\"https:\/\/dicodusport.fr\/blog\/#organization\"},\"potentialAction\":[{\"@type\":\"SearchAction\",\"target\":{\"@type\":\"EntryPoint\",\"urlTemplate\":\"https:\/\/dicodusport.fr\/blog\/?s={search_term_string}\"},\"query-input\":{\"@type\":\"PropertyValueSpecification\",\"valueRequired\":true,\"valueName\":\"search_term_string\"}}],\"inLanguage\":\"fr-FR\"},{\"@type\":\"NewsMediaOrganization\",\"@id\":\"https:\/\/dicodusport.fr\/blog\/#organization\",\"name\":\"Dicodusport\",\"url\":\"https:\/\/dicodusport.fr\/blog\/\",\"logo\":{\"@type\":\"ImageObject\",\"inLanguage\":\"fr-FR\",\"@id\":\"https:\/\/dicodusport.fr\/blog\/#\/schema\/logo\/image\/\",\"url\":\"https:\/\/dicodusport.fr\/blog\/wp-content\/uploads\/2020\/06\/cropped-LOGO-DICODUSPORT-2020-SANS-FOND-SANS-TEXTE.png\",\"contentUrl\":\"https:\/\/dicodusport.fr\/blog\/wp-content\/uploads\/2020\/06\/cropped-LOGO-DICODUSPORT-2020-SANS-FOND-SANS-TEXTE.png\",\"width\":512,\"height\":512,\"caption\":\"Dicodusport\"},\"image\":{\"@id\":\"https:\/\/dicodusport.fr\/blog\/#\/schema\/logo\/image\/\"},\"sameAs\":[\"https:\/\/www.facebook.com\/dicodusport\",\"https:\/\/x.com\/dicodusport\",\"https:\/\/www.instagram.com\/dicodusport\/\",\"https:\/\/www.youtube.com\/channel\/UC7V2KZ5sd3htJivAbA4ZG3w\"],\"description\":\"Dicodusport est l'encyclop\u00e9die de l'actualit\u00e9 sportive.\",\"email\":\"bonjour@dicodusport.fr\",\"legalName\":\"DICODUSPORT\",\"foundingDate\":\"2018-01-14\",\"vatID\":\"FR71834470973\",\"taxID\":\"83447097300043\",\"numberOfEmployees\":{\"@type\":\"QuantitativeValue\",\"minValue\":\"1\",\"maxValue\":\"10\"}},{\"@type\":\"Person\",\"@id\":\"https:\/\/dicodusport.fr\/blog\/#\/schema\/person\/55dcb50ad410894e431ed812bbb70191\",\"name\":\"Nicolas Jacquemard\",\"image\":{\"@type\":\"ImageObject\",\"inLanguage\":\"fr-FR\",\"@id\":\"https:\/\/dicodusport.fr\/blog\/#\/schema\/person\/image\/\",\"url\":\"https:\/\/dicodusport.fr\/blog\/wp-content\/uploads\/2021\/05\/Nicolas-Jacquemard-150x150.jpeg\",\"contentUrl\":\"https:\/\/dicodusport.fr\/blog\/wp-content\/uploads\/2021\/05\/Nicolas-Jacquemard-150x150.jpeg\",\"caption\":\"Nicolas Jacquemard\"},\"description\":\"Passionn\u00e9 de sport et entrepreneur depuis mes 18 ans, la cr\u00e9ation de Dicodusport m'a sembl\u00e9 \u00e9vidente pour participer \u00e0 la m\u00e9diatisation d'un plus grand nombre de sports. Le chemin est long mais avec une \u00e9quipe des plus motiv\u00e9es et les Jeux Olympiques de Paris 2024 en point de mire, nous y arriverons ! Journaliste dans le monde du sport depuis plus de 5 ans, je traite aussi bien de football, de rugby, de biathlon que de cyclisme.\",\"sameAs\":[\"https:\/\/www.facebook.com\/dicodusport\",\"https:\/\/x.com\/https:\/\/twitter.com\/Nico_Jacquemard\"],\"url\":\"https:\/\/dicodusport.fr\/blog\/author\/dicodusport\/\"}]}<\/script>\n<!-- \/ Yoast SEO Premium plugin. -->","yoast_head_json":{"title":"Romane Dicko, continuer \u00e0 travailler pour confirmer en 2018","description":"Nous avons rencontr\u00e9 Romane Dicko, jeune championne fran\u00e7aise de judo, qui veut continuer de travailler dur pour atteindre les sommets du judo mondial.","robots":{"index":"index","follow":"follow","max-snippet":"max-snippet:-1","max-image-preview":"max-image-preview:large","max-video-preview":"max-video-preview:-1"},"canonical":"https:\/\/dicodusport.fr\/blog\/romane-dicko-continuer-a-travailler-confirmer-2018\/","og_locale":"fr_FR","og_type":"article","og_title":"Romane Dicko, continuer \u00e0 travailler pour confirmer en 2018","og_description":"Nous avons rencontr\u00e9 Romane Dicko, jeune championne fran\u00e7aise de judo, qui veut continuer de travailler dur pour atteindre les sommets du judo mondial.","og_url":"https:\/\/dicodusport.fr\/blog\/romane-dicko-continuer-a-travailler-confirmer-2018\/","og_site_name":"Dicodusport","article_publisher":"https:\/\/www.facebook.com\/dicodusport","article_author":"https:\/\/www.facebook.com\/dicodusport","article_published_time":"2017-12-04T09:30:55+00:00","article_modified_time":"2017-12-04T09:49:48+00:00","og_image":[{"width":1200,"height":670,"url":"https:\/\/dicodusport.fr\/blog\/wp-content\/uploads\/2017\/12\/Romane-Dicko.png","type":"image\/png"}],"author":"Nicolas Jacquemard","twitter_card":"summary_large_image","twitter_creator":"@https:\/\/twitter.com\/Nico_Jacquemard","twitter_site":"@dicodusport","schema":{"@context":"https:\/\/schema.org","@graph":[{"@type":"NewsArticle","@id":"https:\/\/dicodusport.fr\/blog\/romane-dicko-continuer-a-travailler-confirmer-2018\/#article","isPartOf":{"@id":"https:\/\/dicodusport.fr\/blog\/romane-dicko-continuer-a-travailler-confirmer-2018\/"},"author":{"name":"Nicolas Jacquemard","@id":"https:\/\/dicodusport.fr\/blog\/#\/schema\/person\/55dcb50ad410894e431ed812bbb70191"},"headline":"Romane Dicko, continuer \u00e0 travailler pour confirmer en 2018","datePublished":"2017-12-04T09:30:55+00:00","dateModified":"2017-12-04T09:49:48+00:00","mainEntityOfPage":{"@id":"https:\/\/dicodusport.fr\/blog\/romane-dicko-continuer-a-travailler-confirmer-2018\/"},"wordCount":879,"commentCount":0,"publisher":{"@id":"https:\/\/dicodusport.fr\/blog\/#organization"},"image":{"@id":"https:\/\/dicodusport.fr\/blog\/romane-dicko-continuer-a-travailler-confirmer-2018\/#primaryimage"},"thumbnailUrl":"https:\/\/dicodusport.fr\/blog\/wp-content\/uploads\/2017\/12\/Romane-Dicko.png","keywords":["Judo","Romane Dicko","Teddy Riner"],"articleSection":["Portraits","Sports de combat"],"inLanguage":"fr-FR","potentialAction":[{"@type":"CommentAction","name":"Comment","target":["https:\/\/dicodusport.fr\/blog\/romane-dicko-continuer-a-travailler-confirmer-2018\/#respond"]}],"copyrightYear":"2017","copyrightHolder":{"@id":"https:\/\/dicodusport.fr\/blog\/#organization"}},{"@type":"WebPage","@id":"https:\/\/dicodusport.fr\/blog\/romane-dicko-continuer-a-travailler-confirmer-2018\/","url":"https:\/\/dicodusport.fr\/blog\/romane-dicko-continuer-a-travailler-confirmer-2018\/","name":"Romane Dicko, continuer \u00e0 travailler pour confirmer en 2018","isPartOf":{"@id":"https:\/\/dicodusport.fr\/blog\/#website"},"primaryImageOfPage":{"@id":"https:\/\/dicodusport.fr\/blog\/romane-dicko-continuer-a-travailler-confirmer-2018\/#primaryimage"},"image":{"@id":"https:\/\/dicodusport.fr\/blog\/romane-dicko-continuer-a-travailler-confirmer-2018\/#primaryimage"},"thumbnailUrl":"https:\/\/dicodusport.fr\/blog\/wp-content\/uploads\/2017\/12\/Romane-Dicko.png","datePublished":"2017-12-04T09:30:55+00:00","dateModified":"2017-12-04T09:49:48+00:00","description":"Nous avons rencontr\u00e9 Romane Dicko, jeune championne fran\u00e7aise de judo, qui veut continuer de travailler dur pour atteindre les sommets du judo mondial.","breadcrumb":{"@id":"https:\/\/dicodusport.fr\/blog\/romane-dicko-continuer-a-travailler-confirmer-2018\/#breadcrumb"},"inLanguage":"fr-FR","potentialAction":[{"@type":"ReadAction","target":["https:\/\/dicodusport.fr\/blog\/romane-dicko-continuer-a-travailler-confirmer-2018\/"]}]},{"@type":"ImageObject","inLanguage":"fr-FR","@id":"https:\/\/dicodusport.fr\/blog\/romane-dicko-continuer-a-travailler-confirmer-2018\/#primaryimage","url":"https:\/\/dicodusport.fr\/blog\/wp-content\/uploads\/2017\/12\/Romane-Dicko.png","contentUrl":"https:\/\/dicodusport.fr\/blog\/wp-content\/uploads\/2017\/12\/Romane-Dicko.png","width":1200,"height":670},{"@type":"BreadcrumbList","@id":"https:\/\/dicodusport.fr\/blog\/romane-dicko-continuer-a-travailler-confirmer-2018\/#breadcrumb","itemListElement":[{"@type":"ListItem","position":1,"name":"Accueil","item":"https:\/\/dicodusport.fr\/blog\/"},{"@type":"ListItem","position":2,"name":"Romane Dicko, continuer \u00e0 travailler pour confirmer en 2018"}]},{"@type":"WebSite","@id":"https:\/\/dicodusport.fr\/blog\/#website","url":"https:\/\/dicodusport.fr\/blog\/","name":"Dicodusport","description":"L&#039;encyclop\u00e9die de l&#039;actualit\u00e9 sportive","publisher":{"@id":"https:\/\/dicodusport.fr\/blog\/#organization"},"potentialAction":[{"@type":"SearchAction","target":{"@type":"EntryPoint","urlTemplate":"https:\/\/dicodusport.fr\/blog\/?s={search_term_string}"},"query-input":{"@type":"PropertyValueSpecification","valueRequired":true,"valueName":"search_term_string"}}],"inLanguage":"fr-FR"},{"@type":"NewsMediaOrganization","@id":"https:\/\/dicodusport.fr\/blog\/#organization","name":"Dicodusport","url":"https:\/\/dicodusport.fr\/blog\/","logo":{"@type":"ImageObject","inLanguage":"fr-FR","@id":"https:\/\/dicodusport.fr\/blog\/#\/schema\/logo\/image\/","url":"https:\/\/dicodusport.fr\/blog\/wp-content\/uploads\/2020\/06\/cropped-LOGO-DICODUSPORT-2020-SANS-FOND-SANS-TEXTE.png","contentUrl":"https:\/\/dicodusport.fr\/blog\/wp-content\/uploads\/2020\/06\/cropped-LOGO-DICODUSPORT-2020-SANS-FOND-SANS-TEXTE.png","width":512,"height":512,"caption":"Dicodusport"},"image":{"@id":"https:\/\/dicodusport.fr\/blog\/#\/schema\/logo\/image\/"},"sameAs":["https:\/\/www.facebook.com\/dicodusport","https:\/\/x.com\/dicodusport","https:\/\/www.instagram.com\/dicodusport\/","https:\/\/www.youtube.com\/channel\/UC7V2KZ5sd3htJivAbA4ZG3w"],"description":"Dicodusport est l'encyclop\u00e9die de l'actualit\u00e9 sportive.","email":"bonjour@dicodusport.fr","legalName":"DICODUSPORT","foundingDate":"2018-01-14","vatID":"FR71834470973","taxID":"83447097300043","numberOfEmployees":{"@type":"QuantitativeValue","minValue":"1","maxValue":"10"}},{"@type":"Person","@id":"https:\/\/dicodusport.fr\/blog\/#\/schema\/person\/55dcb50ad410894e431ed812bbb70191","name":"Nicolas Jacquemard","image":{"@type":"ImageObject","inLanguage":"fr-FR","@id":"https:\/\/dicodusport.fr\/blog\/#\/schema\/person\/image\/","url":"https:\/\/dicodusport.fr\/blog\/wp-content\/uploads\/2021\/05\/Nicolas-Jacquemard-150x150.jpeg","contentUrl":"https:\/\/dicodusport.fr\/blog\/wp-content\/uploads\/2021\/05\/Nicolas-Jacquemard-150x150.jpeg","caption":"Nicolas Jacquemard"},"description":"Passionn\u00e9 de sport et entrepreneur depuis mes 18 ans, la cr\u00e9ation de Dicodusport m'a sembl\u00e9 \u00e9vidente pour participer \u00e0 la m\u00e9diatisation d'un plus grand nombre de sports. Le chemin est long mais avec une \u00e9quipe des plus motiv\u00e9es et les Jeux Olympiques de Paris 2024 en point de mire, nous y arriverons ! Journaliste dans le monde du sport depuis plus de 5 ans, je traite aussi bien de football, de rugby, de biathlon que de cyclisme.","sameAs":["https:\/\/www.facebook.com\/dicodusport","https:\/\/x.com\/https:\/\/twitter.com\/Nico_Jacquemard"],"url":"https:\/\/dicodusport.fr\/blog\/author\/dicodusport\/"}]}},"_links":{"self":[{"href":"https:\/\/dicodusport.fr\/blog\/wp-json\/wp\/v2\/posts\/8075","targetHints":{"allow":["GET"]}}],"collection":[{"href":"https:\/\/dicodusport.fr\/blog\/wp-json\/wp\/v2\/posts"}],"about":[{"href":"https:\/\/dicodusport.fr\/blog\/wp-json\/wp\/v2\/types\/post"}],"author":[{"embeddable":true,"href":"https:\/\/dicodusport.fr\/blog\/wp-json\/wp\/v2\/users\/1"}],"replies":[{"embeddable":true,"href":"https:\/\/dicodusport.fr\/blog\/wp-json\/wp\/v2\/comments?post=8075"}],"version-history":[{"count":0,"href":"https:\/\/dicodusport.fr\/blog\/wp-json\/wp\/v2\/posts\/8075\/revisions"}],"wp:featuredmedia":[{"embeddable":true,"href":"https:\/\/dicodusport.fr\/blog\/wp-json\/wp\/v2\/media\/8076"}],"wp:attachment":[{"href":"https:\/\/dicodusport.fr\/blog\/wp-json\/wp\/v2\/media?parent=8075"}],"wp:term":[{"taxonomy":"category","embeddable":true,"href":"https:\/\/dicodusport.fr\/blog\/wp-json\/wp\/v2\/categories?post=8075"},{"taxonomy":"post_tag","embeddable":true,"href":"https:\/\/dicodusport.fr\/blog\/wp-json\/wp\/v2\/tags?post=8075"}],"curies":[{"name":"wp","href":"https:\/\/api.w.org\/{rel}","templated":true}]}}