{"id":80754,"date":"2020-10-02T16:28:13","date_gmt":"2020-10-02T14:28:13","guid":{"rendered":"https:\/\/dicodusport.fr\/blog\/?p=80754&#038;preview=true&#038;preview_id=80754"},"modified":"2020-10-02T16:46:15","modified_gmt":"2020-10-02T14:46:15","slug":"tour-d-italie-2020-programme-tv-complet","status":"publish","type":"post","link":"https:\/\/dicodusport.fr\/blog\/tour-d-italie-2020-programme-tv-complet\/","title":{"rendered":"Tour d&rsquo;Italie 2020 : Le programme TV complet"},"content":{"rendered":"<p style=\"text-align: justify;\"><strong><em><a href=\"https:\/\/dicodusport.fr\/blog\/actualites\/cyclisme\/tour-d-italie-2020\/\" target=\"_blank\" rel=\"noopener noreferrer\">TOUR D&rsquo;ITALIE 2020<\/a> &#8211; La 103\u00e8me \u00e9dition du Giro d\u00e9bute ce samedi 3 octobre. D\u00e9couvrez le programme TV complet, avec la date et horaires des prises d&rsquo;antenne de La Cha\u00eene L&rsquo;\u00c9quipe.<\/em><\/strong><\/p>\n<h2 style=\"text-align: justify;\">Comment regarder le Tour d&rsquo;Italie 2020 ? Le programme TV complet !<\/h2>\n<h3 style=\"text-align: justify;\">1\u00e8re \u00e9tape &#8211; Samedi 3 octobre &#8211; <span style=\"color: #ff0000;\"><a style=\"color: #ff0000;\" href=\"https:\/\/dicodusport.fr\/blog\/tour-d-italie-2020-profil-des-21-etapes\/\" target=\"_blank\" rel=\"noopener noreferrer\">Profil<\/a><\/span><\/h3>\n<p style=\"text-align: justify;\"><strong>La Cha\u00eene L&rsquo;\u00c9quipe :<\/strong> 12h00<\/p>\n<hr \/>\n<h3 style=\"text-align: justify;\">2\u00e8me \u00e9tape &#8211; Dimanche 4 octobre &#8211; <span style=\"color: #ff0000;\"><a style=\"color: #ff0000;\" href=\"https:\/\/dicodusport.fr\/blog\/tour-d-italie-2020-profil-des-21-etapes\/2\/#deux\" target=\"_blank\" rel=\"noopener noreferrer\">Profil<\/a><\/span><\/h3>\n<p style=\"text-align: justify;\"><strong>La Cha\u00eene L&rsquo;\u00c9quipe :<\/strong> 13h25<\/p>\n<hr \/>\n<h3 style=\"text-align: justify;\">3\u00e8me \u00e9tape &#8211; Lundi 5 octobre &#8211; <span style=\"color: #ff0000;\"><a style=\"color: #ff0000;\" href=\"https:\/\/dicodusport.fr\/blog\/tour-d-italie-2020-profil-des-21-etapes\/3\/#trois\" target=\"_blank\" rel=\"noopener noreferrer\">Profil<\/a><\/span><\/h3>\n<p style=\"text-align: justify;\"><strong>La Cha\u00eene L&rsquo;\u00c9quipe :<\/strong> 12h00<\/p>\n<hr \/>\n<h3 style=\"text-align: justify;\">4\u00e8me \u00e9tape &#8211; Mardi 6 octobre &#8211; <span style=\"color: #ff0000;\"><a style=\"color: #ff0000;\" href=\"https:\/\/dicodusport.fr\/blog\/tour-d-italie-2020-profil-des-21-etapes\/4\/#quatre\" target=\"_blank\" rel=\"noopener noreferrer\">Profil<\/a><\/span><\/h3>\n<p style=\"text-align: justify;\"><strong>La Cha\u00eene L&rsquo;\u00c9quipe :<\/strong> 12h15<\/p>\n<hr \/>\n<h3 style=\"text-align: justify;\">5\u00e8me \u00e9tape &#8211; Mercredi 7 octobre &#8211; <span style=\"color: #ff0000;\"><a style=\"color: #ff0000;\" href=\"https:\/\/dicodusport.fr\/blog\/tour-d-italie-2020-profil-des-21-etapes\/5\/#cinq\" target=\"_blank\" rel=\"noopener noreferrer\">Profil<\/a><\/span><\/h3>\n<p style=\"text-align: justify;\"><strong>La Cha\u00eene L&rsquo;\u00c9quipe :<\/strong> 12h00<\/p>\n<hr \/>\n<h3 style=\"text-align: justify;\">6\u00e8me \u00e9tape &#8211; Jeudi 8 octobre &#8211; <span style=\"color: #ff0000;\"><a style=\"color: #ff0000;\" href=\"https:\/\/dicodusport.fr\/blog\/tour-d-italie-2020-profil-des-21-etapes\/6\/#six\" target=\"_blank\" rel=\"noopener noreferrer\">Profil<\/a><\/span><\/h3>\n<p style=\"text-align: justify;\"><strong>La Cha\u00eene L&rsquo;\u00c9quipe :<\/strong> 12h00<\/p>\n<p style=\"text-align: justify;\"><em>Suite du programme disponible prochainement<\/em><\/p>\n<ul>\n<li style=\"text-align: justify;\"><strong>\u00c0 lire aussi &#8211; <a href=\"https:\/\/dicodusport.fr\/blog\/cyclisme-15-coureurs-mieux-payes-peloton-2020\/\" target=\"_blank\" rel=\"noopener noreferrer\">Cyclisme : Les 15 coureurs les mieux pay\u00e9s du peloton en 2020<\/a><\/strong><\/li>\n<\/ul>\n<p><strong><em>Dicodusport<br \/>\n<a href=\"https:\/\/www.facebook.com\/dicodusport\/\" target=\"_blank\" rel=\"noopener noreferrer\"><img loading=\"lazy\" decoding=\"async\" class=\"alignnone wp-image-2909\" src=\"http:\/\/dicodusport.fr\/blog\/wp-content\/uploads\/2017\/07\/logo-facebook-150x150.png\" alt=\"\" width=\"40\" height=\"40\" \/><\/a><a href=\"https:\/\/twitter.com\/dicodusport\" target=\"_blank\" rel=\"noopener noreferrer\"><img loading=\"lazy\" decoding=\"async\" class=\"alignnone wp-image-2908\" src=\"http:\/\/dicodusport.fr\/blog\/wp-content\/uploads\/2017\/07\/logo-twitter-150x150.png\" alt=\"\" width=\"39\" height=\"39\" \/><\/a><\/em><\/strong><\/p>\n","protected":false},"excerpt":{"rendered":"<p>TOUR D&rsquo;ITALIE 2020 &#8211; La 103\u00e8me \u00e9dition du Giro d\u00e9bute ce samedi 3 octobre. D\u00e9couvrez le programme TV complet, avec la date et horaires des prises d&rsquo;antenne de La Cha\u00eene L&rsquo;\u00c9quipe.<\/p>\n","protected":false},"author":4,"featured_media":80756,"comment_status":"open","ping_status":"closed","sticky":false,"template":"","format":"standard","meta":{"_acf_changed":false,"_daextam_enable_autolinks":"","footnotes":""},"categories":[47041],"tags":[],"class_list":["post-80754","post","type-post","status-publish","format-standard","has-post-thumbnail","hentry","category-tour-d-italie"],"acf":[],"yoast_head":"<!-- This site is optimized with the Yoast SEO Premium plugin v26.7 (Yoast SEO v26.7) - https:\/\/yoast.com\/wordpress\/plugins\/seo\/ -->\n<title>Tour d&#039;Italie 2020 : Le programme TV complet<\/title>\n<meta name=\"description\" content=\"TOUR D&#039;ITALIE 2020 - La 103\u00e8me \u00e9dition du Giro d\u00e9bute ce samedi 3 octobre. D\u00e9couvrez le programme TV complet.\" \/>\n<meta name=\"robots\" content=\"index, follow, max-snippet:-1, max-image-preview:large, max-video-preview:-1\" \/>\n<link rel=\"canonical\" href=\"https:\/\/dicodusport.fr\/blog\/tour-d-italie-2020-programme-tv-complet\/\" \/>\n<meta property=\"og:locale\" content=\"fr_FR\" \/>\n<meta property=\"og:type\" content=\"article\" \/>\n<meta property=\"og:title\" content=\"Tour d&#039;Italie 2020 : Le programme TV complet\" \/>\n<meta property=\"og:description\" content=\"TOUR D&#039;ITALIE 2020 - La 103\u00e8me \u00e9dition du Giro d\u00e9bute ce samedi 3 octobre. D\u00e9couvrez le programme TV complet.\" \/>\n<meta property=\"og:url\" content=\"https:\/\/dicodusport.fr\/blog\/tour-d-italie-2020-programme-tv-complet\/\" \/>\n<meta property=\"og:site_name\" content=\"Dicodusport\" \/>\n<meta property=\"article:publisher\" content=\"https:\/\/www.facebook.com\/dicodusport\" \/>\n<meta property=\"article:author\" content=\"https:\/\/www.facebook.com\/florent.ostermann\" \/>\n<meta property=\"article:published_time\" content=\"2020-10-02T14:28:13+00:00\" \/>\n<meta property=\"article:modified_time\" content=\"2020-10-02T14:46:15+00:00\" \/>\n<meta property=\"og:image\" content=\"https:\/\/dicodusport.fr\/blog\/wp-content\/uploads\/2020\/10\/Tour-dItalie-2020-Le-programme-TV-complet.png\" \/>\n\t<meta property=\"og:image:width\" content=\"1200\" \/>\n\t<meta property=\"og:image:height\" content=\"670\" \/>\n\t<meta property=\"og:image:type\" content=\"image\/png\" \/>\n<meta name=\"author\" content=\"Flo Ostermann\" \/>\n<meta name=\"twitter:card\" content=\"summary_large_image\" \/>\n<meta name=\"twitter:title\" content=\"Tour d&#039;Italie 2020 : Le programme TV complet\" \/>\n<meta name=\"twitter:creator\" content=\"@https:\/\/twitter.com\/FlOstermann\" \/>\n<meta name=\"twitter:site\" content=\"@dicodusport\" \/>\n<script type=\"application\/ld+json\" class=\"yoast-schema-graph\">{\"@context\":\"https:\/\/schema.org\",\"@graph\":[{\"@type\":\"NewsArticle\",\"@id\":\"https:\/\/dicodusport.fr\/blog\/tour-d-italie-2020-programme-tv-complet\/#article\",\"isPartOf\":{\"@id\":\"https:\/\/dicodusport.fr\/blog\/tour-d-italie-2020-programme-tv-complet\/\"},\"author\":{\"name\":\"Flo Ostermann\",\"@id\":\"https:\/\/dicodusport.fr\/blog\/#\/schema\/person\/cb02af4c173ce4a653b55e9baf388d4a\"},\"headline\":\"Tour d&rsquo;Italie 2020 : Le programme TV complet\",\"datePublished\":\"2020-10-02T14:28:13+00:00\",\"dateModified\":\"2020-10-02T14:46:15+00:00\",\"mainEntityOfPage\":{\"@id\":\"https:\/\/dicodusport.fr\/blog\/tour-d-italie-2020-programme-tv-complet\/\"},\"wordCount\":149,\"commentCount\":1,\"publisher\":{\"@id\":\"https:\/\/dicodusport.fr\/blog\/#organization\"},\"image\":{\"@id\":\"https:\/\/dicodusport.fr\/blog\/tour-d-italie-2020-programme-tv-complet\/#primaryimage\"},\"thumbnailUrl\":\"https:\/\/dicodusport.fr\/blog\/wp-content\/uploads\/2020\/10\/Tour-dItalie-2020-Le-programme-TV-complet.png\",\"articleSection\":[\"Tour d'Italie\"],\"inLanguage\":\"fr-FR\",\"potentialAction\":[{\"@type\":\"CommentAction\",\"name\":\"Comment\",\"target\":[\"https:\/\/dicodusport.fr\/blog\/tour-d-italie-2020-programme-tv-complet\/#respond\"]}],\"copyrightYear\":\"2020\",\"copyrightHolder\":{\"@id\":\"https:\/\/dicodusport.fr\/blog\/#organization\"}},{\"@type\":\"WebPage\",\"@id\":\"https:\/\/dicodusport.fr\/blog\/tour-d-italie-2020-programme-tv-complet\/\",\"url\":\"https:\/\/dicodusport.fr\/blog\/tour-d-italie-2020-programme-tv-complet\/\",\"name\":\"Tour d'Italie 2020 : Le programme TV complet\",\"isPartOf\":{\"@id\":\"https:\/\/dicodusport.fr\/blog\/#website\"},\"primaryImageOfPage\":{\"@id\":\"https:\/\/dicodusport.fr\/blog\/tour-d-italie-2020-programme-tv-complet\/#primaryimage\"},\"image\":{\"@id\":\"https:\/\/dicodusport.fr\/blog\/tour-d-italie-2020-programme-tv-complet\/#primaryimage\"},\"thumbnailUrl\":\"https:\/\/dicodusport.fr\/blog\/wp-content\/uploads\/2020\/10\/Tour-dItalie-2020-Le-programme-TV-complet.png\",\"datePublished\":\"2020-10-02T14:28:13+00:00\",\"dateModified\":\"2020-10-02T14:46:15+00:00\",\"description\":\"TOUR D'ITALIE 2020 - La 103\u00e8me \u00e9dition du Giro d\u00e9bute ce samedi 3 octobre. D\u00e9couvrez le programme TV complet.\",\"breadcrumb\":{\"@id\":\"https:\/\/dicodusport.fr\/blog\/tour-d-italie-2020-programme-tv-complet\/#breadcrumb\"},\"inLanguage\":\"fr-FR\",\"potentialAction\":[{\"@type\":\"ReadAction\",\"target\":[\"https:\/\/dicodusport.fr\/blog\/tour-d-italie-2020-programme-tv-complet\/\"]}]},{\"@type\":\"ImageObject\",\"inLanguage\":\"fr-FR\",\"@id\":\"https:\/\/dicodusport.fr\/blog\/tour-d-italie-2020-programme-tv-complet\/#primaryimage\",\"url\":\"https:\/\/dicodusport.fr\/blog\/wp-content\/uploads\/2020\/10\/Tour-dItalie-2020-Le-programme-TV-complet.png\",\"contentUrl\":\"https:\/\/dicodusport.fr\/blog\/wp-content\/uploads\/2020\/10\/Tour-dItalie-2020-Le-programme-TV-complet.png\",\"width\":1200,\"height\":670,\"caption\":\"Tour d'Italie 2020 : Le programme TV complet\"},{\"@type\":\"BreadcrumbList\",\"@id\":\"https:\/\/dicodusport.fr\/blog\/tour-d-italie-2020-programme-tv-complet\/#breadcrumb\",\"itemListElement\":[{\"@type\":\"ListItem\",\"position\":1,\"name\":\"Accueil\",\"item\":\"https:\/\/dicodusport.fr\/blog\/\"},{\"@type\":\"ListItem\",\"position\":2,\"name\":\"Tour d&rsquo;Italie 2020 : Le programme TV complet\"}]},{\"@type\":\"WebSite\",\"@id\":\"https:\/\/dicodusport.fr\/blog\/#website\",\"url\":\"https:\/\/dicodusport.fr\/blog\/\",\"name\":\"Dicodusport\",\"description\":\"L&#039;encyclop\u00e9die de l&#039;actualit\u00e9 sportive\",\"publisher\":{\"@id\":\"https:\/\/dicodusport.fr\/blog\/#organization\"},\"potentialAction\":[{\"@type\":\"SearchAction\",\"target\":{\"@type\":\"EntryPoint\",\"urlTemplate\":\"https:\/\/dicodusport.fr\/blog\/?s={search_term_string}\"},\"query-input\":{\"@type\":\"PropertyValueSpecification\",\"valueRequired\":true,\"valueName\":\"search_term_string\"}}],\"inLanguage\":\"fr-FR\"},{\"@type\":\"NewsMediaOrganization\",\"@id\":\"https:\/\/dicodusport.fr\/blog\/#organization\",\"name\":\"Dicodusport\",\"url\":\"https:\/\/dicodusport.fr\/blog\/\",\"logo\":{\"@type\":\"ImageObject\",\"inLanguage\":\"fr-FR\",\"@id\":\"https:\/\/dicodusport.fr\/blog\/#\/schema\/logo\/image\/\",\"url\":\"https:\/\/dicodusport.fr\/blog\/wp-content\/uploads\/2020\/06\/cropped-LOGO-DICODUSPORT-2020-SANS-FOND-SANS-TEXTE.png\",\"contentUrl\":\"https:\/\/dicodusport.fr\/blog\/wp-content\/uploads\/2020\/06\/cropped-LOGO-DICODUSPORT-2020-SANS-FOND-SANS-TEXTE.png\",\"width\":512,\"height\":512,\"caption\":\"Dicodusport\"},\"image\":{\"@id\":\"https:\/\/dicodusport.fr\/blog\/#\/schema\/logo\/image\/\"},\"sameAs\":[\"https:\/\/www.facebook.com\/dicodusport\",\"https:\/\/x.com\/dicodusport\",\"https:\/\/www.instagram.com\/dicodusport\/\",\"https:\/\/www.youtube.com\/channel\/UC7V2KZ5sd3htJivAbA4ZG3w\"],\"description\":\"Dicodusport est l'encyclop\u00e9die de l'actualit\u00e9 sportive.\",\"email\":\"bonjour@dicodusport.fr\",\"legalName\":\"DICODUSPORT\",\"foundingDate\":\"2018-01-14\",\"vatID\":\"FR71834470973\",\"taxID\":\"83447097300043\",\"numberOfEmployees\":{\"@type\":\"QuantitativeValue\",\"minValue\":\"1\",\"maxValue\":\"10\"}},{\"@type\":\"Person\",\"@id\":\"https:\/\/dicodusport.fr\/blog\/#\/schema\/person\/cb02af4c173ce4a653b55e9baf388d4a\",\"name\":\"Flo Ostermann\",\"image\":{\"@type\":\"ImageObject\",\"inLanguage\":\"fr-FR\",\"@id\":\"https:\/\/dicodusport.fr\/blog\/#\/schema\/person\/image\/\",\"url\":\"https:\/\/dicodusport.fr\/blog\/wp-content\/uploads\/2021\/05\/Flo-Ostermann-150x150.jpg\",\"contentUrl\":\"https:\/\/dicodusport.fr\/blog\/wp-content\/uploads\/2021\/05\/Flo-Ostermann-150x150.jpg\",\"caption\":\"Flo Ostermann\"},\"description\":\"Journaliste\/R\u00e9dacteur depuis septembre 2015 - Mes premiers souvenirs dans le sport ? Les envol\u00e9es du Stade Toulousain et les duels Villeneuve-Schumacher et H\u00e4kkinen-Schumacher \u00e0 la fin des ann\u00e9es 90, la Coupe du monde de football en 1998, l\u2019exploit du XV de France face aux All Blacks en 1999, mais aussi Richard C\u0153ur de Lion qui vole sur les montagnes du Tour de France. Bien parti pour devenir professeur d\u2019EPS, les \u00e9v\u00e9nements de la vie (et la flemme d\u2019animer des s\u00e9ances de 3x500 m\u00e8tres toute ma vie) m\u2019ont conduit \u00e0 revoir mes plans. Me voil\u00e0 depuis fin 2017 sur Dicodusport, m\u00e9dia gr\u00e2ce (et pour) lequel je partage ma passion : le sport dans tous ses \u00e9tats. Le tout accompagn\u00e9 par les fous furieux et folles furieuses cit\u00e9s sur cette page !\",\"sameAs\":[\"https:\/\/www.facebook.com\/florent.ostermann\",\"https:\/\/x.com\/https:\/\/twitter.com\/FlOstermann\",\"admin\"],\"url\":\"https:\/\/dicodusport.fr\/blog\/author\/flo\/\"}]}<\/script>\n<!-- \/ Yoast SEO Premium plugin. -->","yoast_head_json":{"title":"Tour d'Italie 2020 : Le programme TV complet","description":"TOUR D'ITALIE 2020 - La 103\u00e8me \u00e9dition du Giro d\u00e9bute ce samedi 3 octobre. D\u00e9couvrez le programme TV complet.","robots":{"index":"index","follow":"follow","max-snippet":"max-snippet:-1","max-image-preview":"max-image-preview:large","max-video-preview":"max-video-preview:-1"},"canonical":"https:\/\/dicodusport.fr\/blog\/tour-d-italie-2020-programme-tv-complet\/","og_locale":"fr_FR","og_type":"article","og_title":"Tour d'Italie 2020 : Le programme TV complet","og_description":"TOUR D'ITALIE 2020 - La 103\u00e8me \u00e9dition du Giro d\u00e9bute ce samedi 3 octobre. D\u00e9couvrez le programme TV complet.","og_url":"https:\/\/dicodusport.fr\/blog\/tour-d-italie-2020-programme-tv-complet\/","og_site_name":"Dicodusport","article_publisher":"https:\/\/www.facebook.com\/dicodusport","article_author":"https:\/\/www.facebook.com\/florent.ostermann","article_published_time":"2020-10-02T14:28:13+00:00","article_modified_time":"2020-10-02T14:46:15+00:00","og_image":[{"width":1200,"height":670,"url":"https:\/\/dicodusport.fr\/blog\/wp-content\/uploads\/2020\/10\/Tour-dItalie-2020-Le-programme-TV-complet.png","type":"image\/png"}],"author":"Flo Ostermann","twitter_card":"summary_large_image","twitter_title":"Tour d'Italie 2020 : Le programme TV complet","twitter_creator":"@https:\/\/twitter.com\/FlOstermann","twitter_site":"@dicodusport","schema":{"@context":"https:\/\/schema.org","@graph":[{"@type":"NewsArticle","@id":"https:\/\/dicodusport.fr\/blog\/tour-d-italie-2020-programme-tv-complet\/#article","isPartOf":{"@id":"https:\/\/dicodusport.fr\/blog\/tour-d-italie-2020-programme-tv-complet\/"},"author":{"name":"Flo Ostermann","@id":"https:\/\/dicodusport.fr\/blog\/#\/schema\/person\/cb02af4c173ce4a653b55e9baf388d4a"},"headline":"Tour d&rsquo;Italie 2020 : Le programme TV complet","datePublished":"2020-10-02T14:28:13+00:00","dateModified":"2020-10-02T14:46:15+00:00","mainEntityOfPage":{"@id":"https:\/\/dicodusport.fr\/blog\/tour-d-italie-2020-programme-tv-complet\/"},"wordCount":149,"commentCount":1,"publisher":{"@id":"https:\/\/dicodusport.fr\/blog\/#organization"},"image":{"@id":"https:\/\/dicodusport.fr\/blog\/tour-d-italie-2020-programme-tv-complet\/#primaryimage"},"thumbnailUrl":"https:\/\/dicodusport.fr\/blog\/wp-content\/uploads\/2020\/10\/Tour-dItalie-2020-Le-programme-TV-complet.png","articleSection":["Tour d'Italie"],"inLanguage":"fr-FR","potentialAction":[{"@type":"CommentAction","name":"Comment","target":["https:\/\/dicodusport.fr\/blog\/tour-d-italie-2020-programme-tv-complet\/#respond"]}],"copyrightYear":"2020","copyrightHolder":{"@id":"https:\/\/dicodusport.fr\/blog\/#organization"}},{"@type":"WebPage","@id":"https:\/\/dicodusport.fr\/blog\/tour-d-italie-2020-programme-tv-complet\/","url":"https:\/\/dicodusport.fr\/blog\/tour-d-italie-2020-programme-tv-complet\/","name":"Tour d'Italie 2020 : Le programme TV complet","isPartOf":{"@id":"https:\/\/dicodusport.fr\/blog\/#website"},"primaryImageOfPage":{"@id":"https:\/\/dicodusport.fr\/blog\/tour-d-italie-2020-programme-tv-complet\/#primaryimage"},"image":{"@id":"https:\/\/dicodusport.fr\/blog\/tour-d-italie-2020-programme-tv-complet\/#primaryimage"},"thumbnailUrl":"https:\/\/dicodusport.fr\/blog\/wp-content\/uploads\/2020\/10\/Tour-dItalie-2020-Le-programme-TV-complet.png","datePublished":"2020-10-02T14:28:13+00:00","dateModified":"2020-10-02T14:46:15+00:00","description":"TOUR D'ITALIE 2020 - La 103\u00e8me \u00e9dition du Giro d\u00e9bute ce samedi 3 octobre. D\u00e9couvrez le programme TV complet.","breadcrumb":{"@id":"https:\/\/dicodusport.fr\/blog\/tour-d-italie-2020-programme-tv-complet\/#breadcrumb"},"inLanguage":"fr-FR","potentialAction":[{"@type":"ReadAction","target":["https:\/\/dicodusport.fr\/blog\/tour-d-italie-2020-programme-tv-complet\/"]}]},{"@type":"ImageObject","inLanguage":"fr-FR","@id":"https:\/\/dicodusport.fr\/blog\/tour-d-italie-2020-programme-tv-complet\/#primaryimage","url":"https:\/\/dicodusport.fr\/blog\/wp-content\/uploads\/2020\/10\/Tour-dItalie-2020-Le-programme-TV-complet.png","contentUrl":"https:\/\/dicodusport.fr\/blog\/wp-content\/uploads\/2020\/10\/Tour-dItalie-2020-Le-programme-TV-complet.png","width":1200,"height":670,"caption":"Tour d'Italie 2020 : Le programme TV complet"},{"@type":"BreadcrumbList","@id":"https:\/\/dicodusport.fr\/blog\/tour-d-italie-2020-programme-tv-complet\/#breadcrumb","itemListElement":[{"@type":"ListItem","position":1,"name":"Accueil","item":"https:\/\/dicodusport.fr\/blog\/"},{"@type":"ListItem","position":2,"name":"Tour d&rsquo;Italie 2020 : Le programme TV complet"}]},{"@type":"WebSite","@id":"https:\/\/dicodusport.fr\/blog\/#website","url":"https:\/\/dicodusport.fr\/blog\/","name":"Dicodusport","description":"L&#039;encyclop\u00e9die de l&#039;actualit\u00e9 sportive","publisher":{"@id":"https:\/\/dicodusport.fr\/blog\/#organization"},"potentialAction":[{"@type":"SearchAction","target":{"@type":"EntryPoint","urlTemplate":"https:\/\/dicodusport.fr\/blog\/?s={search_term_string}"},"query-input":{"@type":"PropertyValueSpecification","valueRequired":true,"valueName":"search_term_string"}}],"inLanguage":"fr-FR"},{"@type":"NewsMediaOrganization","@id":"https:\/\/dicodusport.fr\/blog\/#organization","name":"Dicodusport","url":"https:\/\/dicodusport.fr\/blog\/","logo":{"@type":"ImageObject","inLanguage":"fr-FR","@id":"https:\/\/dicodusport.fr\/blog\/#\/schema\/logo\/image\/","url":"https:\/\/dicodusport.fr\/blog\/wp-content\/uploads\/2020\/06\/cropped-LOGO-DICODUSPORT-2020-SANS-FOND-SANS-TEXTE.png","contentUrl":"https:\/\/dicodusport.fr\/blog\/wp-content\/uploads\/2020\/06\/cropped-LOGO-DICODUSPORT-2020-SANS-FOND-SANS-TEXTE.png","width":512,"height":512,"caption":"Dicodusport"},"image":{"@id":"https:\/\/dicodusport.fr\/blog\/#\/schema\/logo\/image\/"},"sameAs":["https:\/\/www.facebook.com\/dicodusport","https:\/\/x.com\/dicodusport","https:\/\/www.instagram.com\/dicodusport\/","https:\/\/www.youtube.com\/channel\/UC7V2KZ5sd3htJivAbA4ZG3w"],"description":"Dicodusport est l'encyclop\u00e9die de l'actualit\u00e9 sportive.","email":"bonjour@dicodusport.fr","legalName":"DICODUSPORT","foundingDate":"2018-01-14","vatID":"FR71834470973","taxID":"83447097300043","numberOfEmployees":{"@type":"QuantitativeValue","minValue":"1","maxValue":"10"}},{"@type":"Person","@id":"https:\/\/dicodusport.fr\/blog\/#\/schema\/person\/cb02af4c173ce4a653b55e9baf388d4a","name":"Flo Ostermann","image":{"@type":"ImageObject","inLanguage":"fr-FR","@id":"https:\/\/dicodusport.fr\/blog\/#\/schema\/person\/image\/","url":"https:\/\/dicodusport.fr\/blog\/wp-content\/uploads\/2021\/05\/Flo-Ostermann-150x150.jpg","contentUrl":"https:\/\/dicodusport.fr\/blog\/wp-content\/uploads\/2021\/05\/Flo-Ostermann-150x150.jpg","caption":"Flo Ostermann"},"description":"Journaliste\/R\u00e9dacteur depuis septembre 2015 - Mes premiers souvenirs dans le sport ? Les envol\u00e9es du Stade Toulousain et les duels Villeneuve-Schumacher et H\u00e4kkinen-Schumacher \u00e0 la fin des ann\u00e9es 90, la Coupe du monde de football en 1998, l\u2019exploit du XV de France face aux All Blacks en 1999, mais aussi Richard C\u0153ur de Lion qui vole sur les montagnes du Tour de France. Bien parti pour devenir professeur d\u2019EPS, les \u00e9v\u00e9nements de la vie (et la flemme d\u2019animer des s\u00e9ances de 3x500 m\u00e8tres toute ma vie) m\u2019ont conduit \u00e0 revoir mes plans. Me voil\u00e0 depuis fin 2017 sur Dicodusport, m\u00e9dia gr\u00e2ce (et pour) lequel je partage ma passion : le sport dans tous ses \u00e9tats. Le tout accompagn\u00e9 par les fous furieux et folles furieuses cit\u00e9s sur cette page !","sameAs":["https:\/\/www.facebook.com\/florent.ostermann","https:\/\/x.com\/https:\/\/twitter.com\/FlOstermann","admin"],"url":"https:\/\/dicodusport.fr\/blog\/author\/flo\/"}]}},"_links":{"self":[{"href":"https:\/\/dicodusport.fr\/blog\/wp-json\/wp\/v2\/posts\/80754","targetHints":{"allow":["GET"]}}],"collection":[{"href":"https:\/\/dicodusport.fr\/blog\/wp-json\/wp\/v2\/posts"}],"about":[{"href":"https:\/\/dicodusport.fr\/blog\/wp-json\/wp\/v2\/types\/post"}],"author":[{"embeddable":true,"href":"https:\/\/dicodusport.fr\/blog\/wp-json\/wp\/v2\/users\/4"}],"replies":[{"embeddable":true,"href":"https:\/\/dicodusport.fr\/blog\/wp-json\/wp\/v2\/comments?post=80754"}],"version-history":[{"count":0,"href":"https:\/\/dicodusport.fr\/blog\/wp-json\/wp\/v2\/posts\/80754\/revisions"}],"wp:featuredmedia":[{"embeddable":true,"href":"https:\/\/dicodusport.fr\/blog\/wp-json\/wp\/v2\/media\/80756"}],"wp:attachment":[{"href":"https:\/\/dicodusport.fr\/blog\/wp-json\/wp\/v2\/media?parent=80754"}],"wp:term":[{"taxonomy":"category","embeddable":true,"href":"https:\/\/dicodusport.fr\/blog\/wp-json\/wp\/v2\/categories?post=80754"},{"taxonomy":"post_tag","embeddable":true,"href":"https:\/\/dicodusport.fr\/blog\/wp-json\/wp\/v2\/tags?post=80754"}],"curies":[{"name":"wp","href":"https:\/\/api.w.org\/{rel}","templated":true}]}}