{"id":80764,"date":"2020-10-02T17:33:30","date_gmt":"2020-10-02T15:33:30","guid":{"rendered":"https:\/\/dicodusport.fr\/blog\/?p=80764&#038;preview=true&#038;preview_id=80764"},"modified":"2020-10-02T18:45:00","modified_gmt":"2020-10-02T16:45:00","slug":"vtt-cross-country-nove-mesto-pauline-ferrand-prevot-devancee-par-evie-richards-2eme-short-track","status":"publish","type":"post","link":"https:\/\/dicodusport.fr\/blog\/vtt-cross-country-nove-mesto-pauline-ferrand-prevot-devancee-par-evie-richards-2eme-short-track\/","title":{"rendered":"VTT Cross-country &#8211; Nove Mesto : Pauline Ferrand-Pr\u00e9vot devanc\u00e9e par Evie Richards sur la 2\u00e8me short-track"},"content":{"rendered":"<p style=\"text-align: justify;\"><strong><em><a href=\"https:\/\/dicodusport.fr\/blog\/actualites\/cyclisme\/vtt\/\" target=\"_blank\" rel=\"noopener noreferrer\">VTT<\/a> &#8211; Comme lors de <a href=\"https:\/\/dicodusport.fr\/blog\/vtt-cross-country-coupe-du-monde-nove-mesto-pauline-ferrand-prevot-et-loana-lecomte-podium-evie-richards-s-impose\/\" target=\"_blank\" rel=\"noopener noreferrer\">la premi\u00e8re short-track mardi<\/a>, la Britannique Evie Richards, 23 ans, s&rsquo;est impos\u00e9e \u00e0 Nove Mesto (R\u00e9publique Tch\u00e8que). Elle devance une nouvelle fois Pauline Ferrand-Pr\u00e9vot. La championne d&rsquo;Autriche, Laura Stigger, compl\u00e8te le podium.<\/em><\/strong><\/p>\n<p style=\"text-align: justify;\">Comme un air de d\u00e9j\u00e0 vu. Ce vendredi, pour la deuxi\u00e8me short-track de la <strong>Coupe du monde de Nove Mesto<\/strong>, <strong>Pauline Ferrand-Pr\u00e9vot<\/strong> (Canyon) s&rsquo;est comport\u00e9e en patronne, en courant \u00e0 l&rsquo;avant durant les sept tours. Et comme mardi, la Fran\u00e7aise a d\u00fb s&rsquo;incliner face \u00e0 la fougue de la jeune britannique <strong>Evie Richards<\/strong> (23 ans). Cette derni\u00e8re, qui a pourtant chut\u00e9 \u00e0 l&rsquo;entame de la derni\u00e8re boucle, a r\u00e9alis\u00e9 une grande remont\u00e9e pour r\u00e9sister ensuite \u00e0 la championne du monde dans la derni\u00e8re ligne droite. <em>PFP<\/em>, enferm\u00e9e par Richards dans les derniers m\u00e8tres, d\u00e9croch\u00e9 n\u00e9anmoins un troisi\u00e8me podium en trois courses.<\/p>\n<p style=\"text-align: justify;\">Laur\u00e9ate de la course XCO hier, <strong>Loana Lecomte<\/strong> (Team Massi) confirme avec une belle 5\u00e8me place.<\/p>\n<h2 style=\"text-align: justify;\">Le classement de la 2\u00e8me short-track femmes de Nove Mesto<\/h2>\n<blockquote class=\"twitter-tweet\">\n<p dir=\"ltr\" lang=\"en\">Nove Mesto <a href=\"https:\/\/twitter.com\/hashtag\/MBWorldCup?src=hash&amp;ref_src=twsrc%5Etfw\">#MBWorldCup<\/a><br \/>\nWomen&rsquo;s Short Track finish<br \/>\nRichards wins again <a href=\"https:\/\/t.co\/fqHAcjh0Mc\">pic.twitter.com\/fqHAcjh0Mc<\/a><\/p>\n<p>\u2014 Canadian Cyclist (@cdncyclist) <a href=\"https:\/\/twitter.com\/cdncyclist\/status\/1312050139041849349?ref_src=twsrc%5Etfw\">October 2, 2020<\/a><\/p><\/blockquote>\n<p><script async src=\"https:\/\/platform.twitter.com\/widgets.js\" charset=\"utf-8\"><\/script><\/p>\n<p><strong><em>Dicodusport<br \/>\n<a href=\"https:\/\/www.facebook.com\/dicodusport\/\" target=\"_blank\" rel=\"noopener noreferrer\"><img loading=\"lazy\" decoding=\"async\" class=\"alignnone wp-image-2909\" src=\"http:\/\/dicodusport.fr\/blog\/wp-content\/uploads\/2017\/07\/logo-facebook-150x150.png\" alt=\"\" width=\"40\" height=\"40\" \/><\/a><a href=\"https:\/\/twitter.com\/dicodusport\" target=\"_blank\" rel=\"noopener noreferrer\"><img loading=\"lazy\" decoding=\"async\" class=\"alignnone wp-image-2908\" src=\"http:\/\/dicodusport.fr\/blog\/wp-content\/uploads\/2017\/07\/logo-twitter-150x150.png\" alt=\"\" width=\"39\" height=\"39\" \/><\/a><\/em><\/strong><\/p>\n","protected":false},"excerpt":{"rendered":"<p>VTT &#8211; Comme lors de la premi\u00e8re short-track mardi, la Britannique Evie Richards, 23 ans, s&rsquo;est impos\u00e9e \u00e0 Nove Mesto (R\u00e9publique Tch\u00e8que). Elle devance une nouvelle fois Pauline Ferrand-Pr\u00e9vot.<\/p>\n","protected":false},"author":4,"featured_media":80777,"comment_status":"open","ping_status":"closed","sticky":false,"template":"","format":"standard","meta":{"_acf_changed":false,"_daextam_enable_autolinks":"","footnotes":""},"categories":[10279],"tags":[11873,6928,692,4111],"class_list":["post-80764","post","type-post","status-publish","format-standard","has-post-thumbnail","hentry","category-vtt","tag-coupe-du-monde-de-vtt","tag-nove-mesto","tag-vtt","tag-vtt-cross-country"],"acf":[],"yoast_head":"<!-- This site is optimized with the Yoast SEO Premium plugin v26.7 (Yoast SEO v26.7) - https:\/\/yoast.com\/wordpress\/plugins\/seo\/ -->\n<title>VTT Cross-country - Nove Mesto : Pauline Ferrand-Pr\u00e9vot devanc\u00e9e par Evie Richards sur la 2\u00e8me short-track<\/title>\n<meta name=\"description\" content=\"VTT - Comme lors de la premi\u00e8re short-track mardi, la Britannique Evie Richards, 23 ans, s&#039;est impos\u00e9e \u00e0 Nove Mesto (R\u00e9publique Tch\u00e8que).\" \/>\n<meta name=\"robots\" content=\"index, follow, max-snippet:-1, max-image-preview:large, max-video-preview:-1\" \/>\n<link rel=\"canonical\" href=\"https:\/\/dicodusport.fr\/blog\/vtt-cross-country-nove-mesto-pauline-ferrand-prevot-devancee-par-evie-richards-2eme-short-track\/\" \/>\n<meta property=\"og:locale\" content=\"fr_FR\" \/>\n<meta property=\"og:type\" content=\"article\" \/>\n<meta property=\"og:title\" content=\"VTT - Nove Mesto : Pauline Ferrand-Pr\u00e9vot (encore) devanc\u00e9e par Richards sur la 2\u00e8me short-track\" \/>\n<meta property=\"og:description\" content=\"VTT - Comme lors de la premi\u00e8re short-track mardi, la Britannique Evie Richards, 23 ans, s&#039;est impos\u00e9e \u00e0 Nove Mesto (R\u00e9publique Tch\u00e8que).\" \/>\n<meta property=\"og:url\" content=\"https:\/\/dicodusport.fr\/blog\/vtt-cross-country-nove-mesto-pauline-ferrand-prevot-devancee-par-evie-richards-2eme-short-track\/\" \/>\n<meta property=\"og:site_name\" content=\"Dicodusport\" \/>\n<meta property=\"article:publisher\" content=\"https:\/\/www.facebook.com\/dicodusport\" \/>\n<meta property=\"article:author\" content=\"https:\/\/www.facebook.com\/florent.ostermann\" \/>\n<meta property=\"article:published_time\" content=\"2020-10-02T15:33:30+00:00\" \/>\n<meta property=\"article:modified_time\" content=\"2020-10-02T16:45:00+00:00\" \/>\n<meta property=\"og:image\" content=\"https:\/\/dicodusport.fr\/blog\/wp-content\/uploads\/2020\/10\/VTT-Cross-country-Nove-Mesto-Pauline-Ferrand-Pr\u00e9vot-devanc\u00e9e-par-Evie-Richards-sur-la-2\u00e8me-short-track.png\" \/>\n\t<meta property=\"og:image:width\" content=\"800\" \/>\n\t<meta property=\"og:image:height\" content=\"445\" \/>\n\t<meta property=\"og:image:type\" content=\"image\/png\" \/>\n<meta name=\"author\" content=\"Flo Ostermann\" \/>\n<meta name=\"twitter:card\" content=\"summary_large_image\" \/>\n<meta name=\"twitter:title\" content=\"VTT - Nove Mesto : Pauline Ferrand-Pr\u00e9vot (encore) devanc\u00e9e par Richards sur la 2\u00e8me short-track\" \/>\n<meta name=\"twitter:creator\" content=\"@https:\/\/twitter.com\/FlOstermann\" \/>\n<meta name=\"twitter:site\" content=\"@dicodusport\" \/>\n<script type=\"application\/ld+json\" class=\"yoast-schema-graph\">{\"@context\":\"https:\/\/schema.org\",\"@graph\":[{\"@type\":\"NewsArticle\",\"@id\":\"https:\/\/dicodusport.fr\/blog\/vtt-cross-country-nove-mesto-pauline-ferrand-prevot-devancee-par-evie-richards-2eme-short-track\/#article\",\"isPartOf\":{\"@id\":\"https:\/\/dicodusport.fr\/blog\/vtt-cross-country-nove-mesto-pauline-ferrand-prevot-devancee-par-evie-richards-2eme-short-track\/\"},\"author\":{\"name\":\"Flo Ostermann\",\"@id\":\"https:\/\/dicodusport.fr\/blog\/#\/schema\/person\/cb02af4c173ce4a653b55e9baf388d4a\"},\"headline\":\"VTT Cross-country &#8211; Nove Mesto : Pauline Ferrand-Pr\u00e9vot devanc\u00e9e par Evie Richards sur la 2\u00e8me short-track\",\"datePublished\":\"2020-10-02T15:33:30+00:00\",\"dateModified\":\"2020-10-02T16:45:00+00:00\",\"mainEntityOfPage\":{\"@id\":\"https:\/\/dicodusport.fr\/blog\/vtt-cross-country-nove-mesto-pauline-ferrand-prevot-devancee-par-evie-richards-2eme-short-track\/\"},\"wordCount\":224,\"commentCount\":0,\"publisher\":{\"@id\":\"https:\/\/dicodusport.fr\/blog\/#organization\"},\"image\":{\"@id\":\"https:\/\/dicodusport.fr\/blog\/vtt-cross-country-nove-mesto-pauline-ferrand-prevot-devancee-par-evie-richards-2eme-short-track\/#primaryimage\"},\"thumbnailUrl\":\"https:\/\/dicodusport.fr\/blog\/wp-content\/uploads\/2020\/10\/VTT-Cross-country-Nove-Mesto-Pauline-Ferrand-Pr\u00e9vot-devanc\u00e9e-par-Evie-Richards-sur-la-2\u00e8me-short-track.png\",\"keywords\":[\"Coupe du monde de VTT\",\"Nove Mesto\",\"VTT\",\"VTT cross country\"],\"articleSection\":[\"VTT\"],\"inLanguage\":\"fr-FR\",\"potentialAction\":[{\"@type\":\"CommentAction\",\"name\":\"Comment\",\"target\":[\"https:\/\/dicodusport.fr\/blog\/vtt-cross-country-nove-mesto-pauline-ferrand-prevot-devancee-par-evie-richards-2eme-short-track\/#respond\"]}],\"copyrightYear\":\"2020\",\"copyrightHolder\":{\"@id\":\"https:\/\/dicodusport.fr\/blog\/#organization\"}},{\"@type\":\"WebPage\",\"@id\":\"https:\/\/dicodusport.fr\/blog\/vtt-cross-country-nove-mesto-pauline-ferrand-prevot-devancee-par-evie-richards-2eme-short-track\/\",\"url\":\"https:\/\/dicodusport.fr\/blog\/vtt-cross-country-nove-mesto-pauline-ferrand-prevot-devancee-par-evie-richards-2eme-short-track\/\",\"name\":\"VTT Cross-country - Nove Mesto : Pauline Ferrand-Pr\u00e9vot devanc\u00e9e par Evie Richards sur la 2\u00e8me short-track\",\"isPartOf\":{\"@id\":\"https:\/\/dicodusport.fr\/blog\/#website\"},\"primaryImageOfPage\":{\"@id\":\"https:\/\/dicodusport.fr\/blog\/vtt-cross-country-nove-mesto-pauline-ferrand-prevot-devancee-par-evie-richards-2eme-short-track\/#primaryimage\"},\"image\":{\"@id\":\"https:\/\/dicodusport.fr\/blog\/vtt-cross-country-nove-mesto-pauline-ferrand-prevot-devancee-par-evie-richards-2eme-short-track\/#primaryimage\"},\"thumbnailUrl\":\"https:\/\/dicodusport.fr\/blog\/wp-content\/uploads\/2020\/10\/VTT-Cross-country-Nove-Mesto-Pauline-Ferrand-Pr\u00e9vot-devanc\u00e9e-par-Evie-Richards-sur-la-2\u00e8me-short-track.png\",\"datePublished\":\"2020-10-02T15:33:30+00:00\",\"dateModified\":\"2020-10-02T16:45:00+00:00\",\"description\":\"VTT - Comme lors de la premi\u00e8re short-track mardi, la Britannique Evie Richards, 23 ans, s'est impos\u00e9e \u00e0 Nove Mesto (R\u00e9publique Tch\u00e8que).\",\"breadcrumb\":{\"@id\":\"https:\/\/dicodusport.fr\/blog\/vtt-cross-country-nove-mesto-pauline-ferrand-prevot-devancee-par-evie-richards-2eme-short-track\/#breadcrumb\"},\"inLanguage\":\"fr-FR\",\"potentialAction\":[{\"@type\":\"ReadAction\",\"target\":[\"https:\/\/dicodusport.fr\/blog\/vtt-cross-country-nove-mesto-pauline-ferrand-prevot-devancee-par-evie-richards-2eme-short-track\/\"]}]},{\"@type\":\"ImageObject\",\"inLanguage\":\"fr-FR\",\"@id\":\"https:\/\/dicodusport.fr\/blog\/vtt-cross-country-nove-mesto-pauline-ferrand-prevot-devancee-par-evie-richards-2eme-short-track\/#primaryimage\",\"url\":\"https:\/\/dicodusport.fr\/blog\/wp-content\/uploads\/2020\/10\/VTT-Cross-country-Nove-Mesto-Pauline-Ferrand-Pr\u00e9vot-devanc\u00e9e-par-Evie-Richards-sur-la-2\u00e8me-short-track.png\",\"contentUrl\":\"https:\/\/dicodusport.fr\/blog\/wp-content\/uploads\/2020\/10\/VTT-Cross-country-Nove-Mesto-Pauline-Ferrand-Pr\u00e9vot-devanc\u00e9e-par-Evie-Richards-sur-la-2\u00e8me-short-track.png\",\"width\":800,\"height\":445,\"caption\":\"VTT Cross-country : Pauline Ferrand-Pr\u00e9vot sacr\u00e9e championne d'Europe\"},{\"@type\":\"BreadcrumbList\",\"@id\":\"https:\/\/dicodusport.fr\/blog\/vtt-cross-country-nove-mesto-pauline-ferrand-prevot-devancee-par-evie-richards-2eme-short-track\/#breadcrumb\",\"itemListElement\":[{\"@type\":\"ListItem\",\"position\":1,\"name\":\"Accueil\",\"item\":\"https:\/\/dicodusport.fr\/blog\/\"},{\"@type\":\"ListItem\",\"position\":2,\"name\":\"VTT Cross-country &#8211; Nove Mesto : Pauline Ferrand-Pr\u00e9vot devanc\u00e9e par Evie Richards sur la 2\u00e8me short-track\"}]},{\"@type\":\"WebSite\",\"@id\":\"https:\/\/dicodusport.fr\/blog\/#website\",\"url\":\"https:\/\/dicodusport.fr\/blog\/\",\"name\":\"Dicodusport\",\"description\":\"L&#039;encyclop\u00e9die de l&#039;actualit\u00e9 sportive\",\"publisher\":{\"@id\":\"https:\/\/dicodusport.fr\/blog\/#organization\"},\"potentialAction\":[{\"@type\":\"SearchAction\",\"target\":{\"@type\":\"EntryPoint\",\"urlTemplate\":\"https:\/\/dicodusport.fr\/blog\/?s={search_term_string}\"},\"query-input\":{\"@type\":\"PropertyValueSpecification\",\"valueRequired\":true,\"valueName\":\"search_term_string\"}}],\"inLanguage\":\"fr-FR\"},{\"@type\":\"NewsMediaOrganization\",\"@id\":\"https:\/\/dicodusport.fr\/blog\/#organization\",\"name\":\"Dicodusport\",\"url\":\"https:\/\/dicodusport.fr\/blog\/\",\"logo\":{\"@type\":\"ImageObject\",\"inLanguage\":\"fr-FR\",\"@id\":\"https:\/\/dicodusport.fr\/blog\/#\/schema\/logo\/image\/\",\"url\":\"https:\/\/dicodusport.fr\/blog\/wp-content\/uploads\/2020\/06\/cropped-LOGO-DICODUSPORT-2020-SANS-FOND-SANS-TEXTE.png\",\"contentUrl\":\"https:\/\/dicodusport.fr\/blog\/wp-content\/uploads\/2020\/06\/cropped-LOGO-DICODUSPORT-2020-SANS-FOND-SANS-TEXTE.png\",\"width\":512,\"height\":512,\"caption\":\"Dicodusport\"},\"image\":{\"@id\":\"https:\/\/dicodusport.fr\/blog\/#\/schema\/logo\/image\/\"},\"sameAs\":[\"https:\/\/www.facebook.com\/dicodusport\",\"https:\/\/x.com\/dicodusport\",\"https:\/\/www.instagram.com\/dicodusport\/\",\"https:\/\/www.youtube.com\/channel\/UC7V2KZ5sd3htJivAbA4ZG3w\"],\"description\":\"Dicodusport est l'encyclop\u00e9die de l'actualit\u00e9 sportive.\",\"email\":\"bonjour@dicodusport.fr\",\"legalName\":\"DICODUSPORT\",\"foundingDate\":\"2018-01-14\",\"vatID\":\"FR71834470973\",\"taxID\":\"83447097300043\",\"numberOfEmployees\":{\"@type\":\"QuantitativeValue\",\"minValue\":\"1\",\"maxValue\":\"10\"}},{\"@type\":\"Person\",\"@id\":\"https:\/\/dicodusport.fr\/blog\/#\/schema\/person\/cb02af4c173ce4a653b55e9baf388d4a\",\"name\":\"Flo Ostermann\",\"image\":{\"@type\":\"ImageObject\",\"inLanguage\":\"fr-FR\",\"@id\":\"https:\/\/dicodusport.fr\/blog\/#\/schema\/person\/image\/\",\"url\":\"https:\/\/dicodusport.fr\/blog\/wp-content\/uploads\/2021\/05\/Flo-Ostermann-150x150.jpg\",\"contentUrl\":\"https:\/\/dicodusport.fr\/blog\/wp-content\/uploads\/2021\/05\/Flo-Ostermann-150x150.jpg\",\"caption\":\"Flo Ostermann\"},\"description\":\"Journaliste\/R\u00e9dacteur depuis septembre 2015 - Mes premiers souvenirs dans le sport ? Les envol\u00e9es du Stade Toulousain et les duels Villeneuve-Schumacher et H\u00e4kkinen-Schumacher \u00e0 la fin des ann\u00e9es 90, la Coupe du monde de football en 1998, l\u2019exploit du XV de France face aux All Blacks en 1999, mais aussi Richard C\u0153ur de Lion qui vole sur les montagnes du Tour de France. Bien parti pour devenir professeur d\u2019EPS, les \u00e9v\u00e9nements de la vie (et la flemme d\u2019animer des s\u00e9ances de 3x500 m\u00e8tres toute ma vie) m\u2019ont conduit \u00e0 revoir mes plans. Me voil\u00e0 depuis fin 2017 sur Dicodusport, m\u00e9dia gr\u00e2ce (et pour) lequel je partage ma passion : le sport dans tous ses \u00e9tats. Le tout accompagn\u00e9 par les fous furieux et folles furieuses cit\u00e9s sur cette page !\",\"sameAs\":[\"https:\/\/www.facebook.com\/florent.ostermann\",\"https:\/\/x.com\/https:\/\/twitter.com\/FlOstermann\",\"admin\"],\"url\":\"https:\/\/dicodusport.fr\/blog\/author\/flo\/\"}]}<\/script>\n<!-- \/ Yoast SEO Premium plugin. -->","yoast_head_json":{"title":"VTT Cross-country - Nove Mesto : Pauline Ferrand-Pr\u00e9vot devanc\u00e9e par Evie Richards sur la 2\u00e8me short-track","description":"VTT - Comme lors de la premi\u00e8re short-track mardi, la Britannique Evie Richards, 23 ans, s'est impos\u00e9e \u00e0 Nove Mesto (R\u00e9publique Tch\u00e8que).","robots":{"index":"index","follow":"follow","max-snippet":"max-snippet:-1","max-image-preview":"max-image-preview:large","max-video-preview":"max-video-preview:-1"},"canonical":"https:\/\/dicodusport.fr\/blog\/vtt-cross-country-nove-mesto-pauline-ferrand-prevot-devancee-par-evie-richards-2eme-short-track\/","og_locale":"fr_FR","og_type":"article","og_title":"VTT - Nove Mesto : Pauline Ferrand-Pr\u00e9vot (encore) devanc\u00e9e par Richards sur la 2\u00e8me short-track","og_description":"VTT - Comme lors de la premi\u00e8re short-track mardi, la Britannique Evie Richards, 23 ans, s'est impos\u00e9e \u00e0 Nove Mesto (R\u00e9publique Tch\u00e8que).","og_url":"https:\/\/dicodusport.fr\/blog\/vtt-cross-country-nove-mesto-pauline-ferrand-prevot-devancee-par-evie-richards-2eme-short-track\/","og_site_name":"Dicodusport","article_publisher":"https:\/\/www.facebook.com\/dicodusport","article_author":"https:\/\/www.facebook.com\/florent.ostermann","article_published_time":"2020-10-02T15:33:30+00:00","article_modified_time":"2020-10-02T16:45:00+00:00","og_image":[{"width":800,"height":445,"url":"https:\/\/dicodusport.fr\/blog\/wp-content\/uploads\/2020\/10\/VTT-Cross-country-Nove-Mesto-Pauline-Ferrand-Pr\u00e9vot-devanc\u00e9e-par-Evie-Richards-sur-la-2\u00e8me-short-track.png","type":"image\/png"}],"author":"Flo Ostermann","twitter_card":"summary_large_image","twitter_title":"VTT - Nove Mesto : Pauline Ferrand-Pr\u00e9vot (encore) devanc\u00e9e par Richards sur la 2\u00e8me short-track","twitter_creator":"@https:\/\/twitter.com\/FlOstermann","twitter_site":"@dicodusport","schema":{"@context":"https:\/\/schema.org","@graph":[{"@type":"NewsArticle","@id":"https:\/\/dicodusport.fr\/blog\/vtt-cross-country-nove-mesto-pauline-ferrand-prevot-devancee-par-evie-richards-2eme-short-track\/#article","isPartOf":{"@id":"https:\/\/dicodusport.fr\/blog\/vtt-cross-country-nove-mesto-pauline-ferrand-prevot-devancee-par-evie-richards-2eme-short-track\/"},"author":{"name":"Flo Ostermann","@id":"https:\/\/dicodusport.fr\/blog\/#\/schema\/person\/cb02af4c173ce4a653b55e9baf388d4a"},"headline":"VTT Cross-country &#8211; Nove Mesto : Pauline Ferrand-Pr\u00e9vot devanc\u00e9e par Evie Richards sur la 2\u00e8me short-track","datePublished":"2020-10-02T15:33:30+00:00","dateModified":"2020-10-02T16:45:00+00:00","mainEntityOfPage":{"@id":"https:\/\/dicodusport.fr\/blog\/vtt-cross-country-nove-mesto-pauline-ferrand-prevot-devancee-par-evie-richards-2eme-short-track\/"},"wordCount":224,"commentCount":0,"publisher":{"@id":"https:\/\/dicodusport.fr\/blog\/#organization"},"image":{"@id":"https:\/\/dicodusport.fr\/blog\/vtt-cross-country-nove-mesto-pauline-ferrand-prevot-devancee-par-evie-richards-2eme-short-track\/#primaryimage"},"thumbnailUrl":"https:\/\/dicodusport.fr\/blog\/wp-content\/uploads\/2020\/10\/VTT-Cross-country-Nove-Mesto-Pauline-Ferrand-Pr\u00e9vot-devanc\u00e9e-par-Evie-Richards-sur-la-2\u00e8me-short-track.png","keywords":["Coupe du monde de VTT","Nove Mesto","VTT","VTT cross country"],"articleSection":["VTT"],"inLanguage":"fr-FR","potentialAction":[{"@type":"CommentAction","name":"Comment","target":["https:\/\/dicodusport.fr\/blog\/vtt-cross-country-nove-mesto-pauline-ferrand-prevot-devancee-par-evie-richards-2eme-short-track\/#respond"]}],"copyrightYear":"2020","copyrightHolder":{"@id":"https:\/\/dicodusport.fr\/blog\/#organization"}},{"@type":"WebPage","@id":"https:\/\/dicodusport.fr\/blog\/vtt-cross-country-nove-mesto-pauline-ferrand-prevot-devancee-par-evie-richards-2eme-short-track\/","url":"https:\/\/dicodusport.fr\/blog\/vtt-cross-country-nove-mesto-pauline-ferrand-prevot-devancee-par-evie-richards-2eme-short-track\/","name":"VTT Cross-country - Nove Mesto : Pauline Ferrand-Pr\u00e9vot devanc\u00e9e par Evie Richards sur la 2\u00e8me short-track","isPartOf":{"@id":"https:\/\/dicodusport.fr\/blog\/#website"},"primaryImageOfPage":{"@id":"https:\/\/dicodusport.fr\/blog\/vtt-cross-country-nove-mesto-pauline-ferrand-prevot-devancee-par-evie-richards-2eme-short-track\/#primaryimage"},"image":{"@id":"https:\/\/dicodusport.fr\/blog\/vtt-cross-country-nove-mesto-pauline-ferrand-prevot-devancee-par-evie-richards-2eme-short-track\/#primaryimage"},"thumbnailUrl":"https:\/\/dicodusport.fr\/blog\/wp-content\/uploads\/2020\/10\/VTT-Cross-country-Nove-Mesto-Pauline-Ferrand-Pr\u00e9vot-devanc\u00e9e-par-Evie-Richards-sur-la-2\u00e8me-short-track.png","datePublished":"2020-10-02T15:33:30+00:00","dateModified":"2020-10-02T16:45:00+00:00","description":"VTT - Comme lors de la premi\u00e8re short-track mardi, la Britannique Evie Richards, 23 ans, s'est impos\u00e9e \u00e0 Nove Mesto (R\u00e9publique Tch\u00e8que).","breadcrumb":{"@id":"https:\/\/dicodusport.fr\/blog\/vtt-cross-country-nove-mesto-pauline-ferrand-prevot-devancee-par-evie-richards-2eme-short-track\/#breadcrumb"},"inLanguage":"fr-FR","potentialAction":[{"@type":"ReadAction","target":["https:\/\/dicodusport.fr\/blog\/vtt-cross-country-nove-mesto-pauline-ferrand-prevot-devancee-par-evie-richards-2eme-short-track\/"]}]},{"@type":"ImageObject","inLanguage":"fr-FR","@id":"https:\/\/dicodusport.fr\/blog\/vtt-cross-country-nove-mesto-pauline-ferrand-prevot-devancee-par-evie-richards-2eme-short-track\/#primaryimage","url":"https:\/\/dicodusport.fr\/blog\/wp-content\/uploads\/2020\/10\/VTT-Cross-country-Nove-Mesto-Pauline-Ferrand-Pr\u00e9vot-devanc\u00e9e-par-Evie-Richards-sur-la-2\u00e8me-short-track.png","contentUrl":"https:\/\/dicodusport.fr\/blog\/wp-content\/uploads\/2020\/10\/VTT-Cross-country-Nove-Mesto-Pauline-Ferrand-Pr\u00e9vot-devanc\u00e9e-par-Evie-Richards-sur-la-2\u00e8me-short-track.png","width":800,"height":445,"caption":"VTT Cross-country : Pauline Ferrand-Pr\u00e9vot sacr\u00e9e championne d'Europe"},{"@type":"BreadcrumbList","@id":"https:\/\/dicodusport.fr\/blog\/vtt-cross-country-nove-mesto-pauline-ferrand-prevot-devancee-par-evie-richards-2eme-short-track\/#breadcrumb","itemListElement":[{"@type":"ListItem","position":1,"name":"Accueil","item":"https:\/\/dicodusport.fr\/blog\/"},{"@type":"ListItem","position":2,"name":"VTT Cross-country &#8211; Nove Mesto : Pauline Ferrand-Pr\u00e9vot devanc\u00e9e par Evie Richards sur la 2\u00e8me short-track"}]},{"@type":"WebSite","@id":"https:\/\/dicodusport.fr\/blog\/#website","url":"https:\/\/dicodusport.fr\/blog\/","name":"Dicodusport","description":"L&#039;encyclop\u00e9die de l&#039;actualit\u00e9 sportive","publisher":{"@id":"https:\/\/dicodusport.fr\/blog\/#organization"},"potentialAction":[{"@type":"SearchAction","target":{"@type":"EntryPoint","urlTemplate":"https:\/\/dicodusport.fr\/blog\/?s={search_term_string}"},"query-input":{"@type":"PropertyValueSpecification","valueRequired":true,"valueName":"search_term_string"}}],"inLanguage":"fr-FR"},{"@type":"NewsMediaOrganization","@id":"https:\/\/dicodusport.fr\/blog\/#organization","name":"Dicodusport","url":"https:\/\/dicodusport.fr\/blog\/","logo":{"@type":"ImageObject","inLanguage":"fr-FR","@id":"https:\/\/dicodusport.fr\/blog\/#\/schema\/logo\/image\/","url":"https:\/\/dicodusport.fr\/blog\/wp-content\/uploads\/2020\/06\/cropped-LOGO-DICODUSPORT-2020-SANS-FOND-SANS-TEXTE.png","contentUrl":"https:\/\/dicodusport.fr\/blog\/wp-content\/uploads\/2020\/06\/cropped-LOGO-DICODUSPORT-2020-SANS-FOND-SANS-TEXTE.png","width":512,"height":512,"caption":"Dicodusport"},"image":{"@id":"https:\/\/dicodusport.fr\/blog\/#\/schema\/logo\/image\/"},"sameAs":["https:\/\/www.facebook.com\/dicodusport","https:\/\/x.com\/dicodusport","https:\/\/www.instagram.com\/dicodusport\/","https:\/\/www.youtube.com\/channel\/UC7V2KZ5sd3htJivAbA4ZG3w"],"description":"Dicodusport est l'encyclop\u00e9die de l'actualit\u00e9 sportive.","email":"bonjour@dicodusport.fr","legalName":"DICODUSPORT","foundingDate":"2018-01-14","vatID":"FR71834470973","taxID":"83447097300043","numberOfEmployees":{"@type":"QuantitativeValue","minValue":"1","maxValue":"10"}},{"@type":"Person","@id":"https:\/\/dicodusport.fr\/blog\/#\/schema\/person\/cb02af4c173ce4a653b55e9baf388d4a","name":"Flo Ostermann","image":{"@type":"ImageObject","inLanguage":"fr-FR","@id":"https:\/\/dicodusport.fr\/blog\/#\/schema\/person\/image\/","url":"https:\/\/dicodusport.fr\/blog\/wp-content\/uploads\/2021\/05\/Flo-Ostermann-150x150.jpg","contentUrl":"https:\/\/dicodusport.fr\/blog\/wp-content\/uploads\/2021\/05\/Flo-Ostermann-150x150.jpg","caption":"Flo Ostermann"},"description":"Journaliste\/R\u00e9dacteur depuis septembre 2015 - Mes premiers souvenirs dans le sport ? Les envol\u00e9es du Stade Toulousain et les duels Villeneuve-Schumacher et H\u00e4kkinen-Schumacher \u00e0 la fin des ann\u00e9es 90, la Coupe du monde de football en 1998, l\u2019exploit du XV de France face aux All Blacks en 1999, mais aussi Richard C\u0153ur de Lion qui vole sur les montagnes du Tour de France. Bien parti pour devenir professeur d\u2019EPS, les \u00e9v\u00e9nements de la vie (et la flemme d\u2019animer des s\u00e9ances de 3x500 m\u00e8tres toute ma vie) m\u2019ont conduit \u00e0 revoir mes plans. Me voil\u00e0 depuis fin 2017 sur Dicodusport, m\u00e9dia gr\u00e2ce (et pour) lequel je partage ma passion : le sport dans tous ses \u00e9tats. Le tout accompagn\u00e9 par les fous furieux et folles furieuses cit\u00e9s sur cette page !","sameAs":["https:\/\/www.facebook.com\/florent.ostermann","https:\/\/x.com\/https:\/\/twitter.com\/FlOstermann","admin"],"url":"https:\/\/dicodusport.fr\/blog\/author\/flo\/"}]}},"_links":{"self":[{"href":"https:\/\/dicodusport.fr\/blog\/wp-json\/wp\/v2\/posts\/80764","targetHints":{"allow":["GET"]}}],"collection":[{"href":"https:\/\/dicodusport.fr\/blog\/wp-json\/wp\/v2\/posts"}],"about":[{"href":"https:\/\/dicodusport.fr\/blog\/wp-json\/wp\/v2\/types\/post"}],"author":[{"embeddable":true,"href":"https:\/\/dicodusport.fr\/blog\/wp-json\/wp\/v2\/users\/4"}],"replies":[{"embeddable":true,"href":"https:\/\/dicodusport.fr\/blog\/wp-json\/wp\/v2\/comments?post=80764"}],"version-history":[{"count":0,"href":"https:\/\/dicodusport.fr\/blog\/wp-json\/wp\/v2\/posts\/80764\/revisions"}],"wp:featuredmedia":[{"embeddable":true,"href":"https:\/\/dicodusport.fr\/blog\/wp-json\/wp\/v2\/media\/80777"}],"wp:attachment":[{"href":"https:\/\/dicodusport.fr\/blog\/wp-json\/wp\/v2\/media?parent=80764"}],"wp:term":[{"taxonomy":"category","embeddable":true,"href":"https:\/\/dicodusport.fr\/blog\/wp-json\/wp\/v2\/categories?post=80764"},{"taxonomy":"post_tag","embeddable":true,"href":"https:\/\/dicodusport.fr\/blog\/wp-json\/wp\/v2\/tags?post=80764"}],"curies":[{"name":"wp","href":"https:\/\/api.w.org\/{rel}","templated":true}]}}