{"id":81014,"date":"2020-10-04T08:48:21","date_gmt":"2020-10-04T06:48:21","guid":{"rendered":"https:\/\/dicodusport.fr\/blog\/?p=81014&#038;preview=true&#038;preview_id=81014"},"modified":"2020-10-04T08:48:21","modified_gmt":"2020-10-04T06:48:21","slug":"liege-bastogne-liege-2020-liste-des-engages","status":"publish","type":"post","link":"https:\/\/dicodusport.fr\/blog\/liege-bastogne-liege-2020-liste-des-engages\/","title":{"rendered":"Li\u00e8ge-Bastogne-Li\u00e8ge 2020 : la liste des engag\u00e9s"},"content":{"rendered":"<p style=\"text-align: justify;\"><strong><em>LI\u00c8GE-BASTOGNE-LI\u00c8GE 2020 \u2013 La 106\u00e8me \u00e9dition de la Doyenne des Classiques se d\u00e9roule ce dimanche 4 octobre. D\u00e9couvrez la startlist de l&rsquo;\u00e9preuve.<\/em><\/strong><\/p>\n<h3>Deceuninck &#8211; Quick-Step<\/h3>\n<p>1 ALAPHILIPPE Julian<br \/>\n2 BAGIOLI Andrea<br \/>\n3 CAVAGNA R\u00e9mi<br \/>\n4 DECLERCQ Tim<br \/>\n5 DEVENYNS Dries<br \/>\n6 JUNGELS Bob<br \/>\n7 VANSEVENANT Mauri<\/p>\n<h3>Astana<\/h3>\n<p>11 FRAILE Omar<br \/>\n12 DE VREESE Laurens<br \/>\n13 HOULE Hugo<br \/>\n14 IZAGIRRE Gorka<br \/>\n15 KUDUS Merhawi<br \/>\n16 MARTINELLI Davide<br \/>\n17 S\u00c1NCHEZ Luis Le\u00f3n<\/p>\n<h3>BORA-Hansgrohe<\/h3>\n<p>21 SCHACHMANN Maximilian<br \/>\n22 GATTO Oscar<br \/>\n23 K\u00c4MNA Lennard<br \/>\n24 LAAS Martin<br \/>\n25 MCCARTHY Jay<br \/>\n26 SAGAN Juraj<br \/>\n27 SCHELLING Ide<\/p>\n<h3>Mitchelton-SCOTT<\/h3>\n<p>31 YATES Adam<br \/>\n32 ALBASINI Michael<br \/>\n33 GRMAY Tsgabu<br \/>\n34 IMPEY Daryl<br \/>\n35 JUUL-JENSEN Christopher<br \/>\n36 PE\u00c1K Barnab\u00e1s<br \/>\n37 SCHULTZ Nick<\/p>\n<h3>EF Pro Cycling<\/h3>\n<p>41 WOODS Michael<br \/>\n42 BETTIOL Alberto<br \/>\n43 HOWES Alex<br \/>\n44 KEUKELEIRE Jens<br \/>\n45 MART\u00cdNEZ Daniel<br \/>\n46 POWLESS Neilson<br \/>\n47 UR\u00c1N Rigoberto<\/p>\n<h3>Groupama-FDJ<\/h3>\n<p>51 MADOUAS Valentin<br \/>\n52 ARMIRAIL Bruno<br \/>\n53 BONNET William<br \/>\n54 LADAGNOUS Matthieu<br \/>\n55 MOLARD Rudy<br \/>\n56 ROUX Anthony<br \/>\n57 SEIGLE Romain<\/p>\n<h3>Movistar<\/h3>\n<p>61 VERONA Carlos<br \/>\n62 ALBA Juan Diego<br \/>\n63 ARCAS Jorge<br \/>\n64 ELOSEGUI Inigo<br \/>\n65 ERVITI Imanol<br \/>\n66 JORGENSON Matteo<br \/>\n67 PRADES Eduard<\/p>\n<h3>Ark\u00e9a-Samsic<\/h3>\n<p>71 BARGUIL Warren<br \/>\n72 ANACONA Winner<br \/>\n73 BONNAMOUR Franck<br \/>\n74 DECLERCQ Benjamin<br \/>\n75 OWSIAN Lukasz<br \/>\n76 PICHON Laurent<br \/>\n77 SWIFT Connor<\/p>\n<h3>Bahrain-McLaren<\/h3>\n<p>81 LANDA Mikel<br \/>\n82 BUITRAGO Santiago<br \/>\n83 CARUSO Damiano<br \/>\n84 INKELAAR Kevin<br \/>\n85 MOHORIC Matej<br \/>\n86 POELS Wout<br \/>\n87 TEUNS Dylan<\/p>\n<h3>Lotto Soudal<\/h3>\n<p>91 WELLENS Tim<br \/>\n92 DEWULF Stan<br \/>\n93 FRISON Frederik<br \/>\n94 GOOSSENS Kobe<br \/>\n95 MERTZ R\u00e9my<br \/>\n96 VAN DER SANDE Tosh<br \/>\n97 VAN MOER Brent<\/p>\n<h3>Jumbo-Visma<\/h3>\n<p>101 ROGLIC Primoz<br \/>\n102 DE PLUS Laurens<br \/>\n103 DUMOULIN Tom<br \/>\n104 HOFSTEDE Lennard<br \/>\n105 LEEZER Tom<br \/>\n106 MARTENS Paul<br \/>\n107 VINGEGAARD Jonas<\/p>\n<h3>UAE Team Emirates<\/h3>\n<p>111 POGACAR Tadej<br \/>\n112 ARDILA Andr\u00e9s Camilo<br \/>\n113 COSTA Rui<br \/>\n114 HENAO Sergio<br \/>\n115 MUNOZ Cristian Camilo<br \/>\n116 POLANC Jan<br \/>\n117 RAVASI Edward<\/p>\n<h3>Circus-Wanty Gobert<\/h3>\n<p>121 BAKELANTS Jan<br \/>\n122 DEGAND Thomas<br \/>\n123 DOUBEY Fabien<br \/>\n124 LAMMERTINK Maurits<br \/>\n125 PETILLI Simone<br \/>\n126 VAN MELSEN K\u00e9vin<br \/>\n127 VLIEGEN Lo\u00efc<\/p>\n<hr \/>\n<ul>\n<li style=\"text-align: justify;\"><strong>\u00c0 lire aussi &#8211; <a href=\"https:\/\/dicodusport.fr\/blog\/liege-bastogne-liege-2020-profil-de-la-course\/\" target=\"_blank\" rel=\"noopener noreferrer\">Li\u00e8ge-Bastogne-Li\u00e8ge 2020 : le profil de la course<\/a><\/strong><\/li>\n<\/ul>\n<hr \/>\n<h3>AG2R La Mondiale<\/h3>\n<p>131 COSNEFROY Beno\u00eet<br \/>\n132 CHAMPOUSSIN Cl\u00e9ment<br \/>\n133 CHEREL Mika\u00ebl<br \/>\n134 FRANK Mathias<br \/>\n135 GODON Dorian<br \/>\n136 JAUREGUI Quentin<br \/>\n137 VUILLERMOZ Alexis<\/p>\n<h3>Cofidis<\/h3>\n<p>141 MARTIN Guillaume<br \/>\n142 BARCEL\u00d3 Fernando<br \/>\n143 HERRADA Jes\u00fas<br \/>\n144 HERRADA Jos\u00e9<br \/>\n145 LAFAY Victor<br \/>\n146 MAT\u00c9 Luis \u00c1ngel<br \/>\n147 P\u00c9RICHON Pierre-Luc<\/p>\n<h3>Trek-Segafredo<\/h3>\n<p>151 PORTE Richie<br \/>\n152 KAMP Alexander<br \/>\n153 KIRSCH Alex<br \/>\n154 L\u00d3PEZ Juan Pedro<br \/>\n155 PEDERSEN Mads<br \/>\n156 RIES Michel<br \/>\n157 SKUJINS Toms<\/p>\n<h3>Sunweb<\/h3>\n<p>161 HIRSCHI Marc<br \/>\n162 ARENSMAN Thymen<br \/>\n163 BENOOT Tiesj<br \/>\n164 DONOVAN Mark<br \/>\n165 POWER Robert<br \/>\n166 STORER Michael<br \/>\n167 VAN WILDER Ilan<\/p>\n<h3>INEOS Grenadiers<\/h3>\n<p>171 KWIATKOWSKI Michal<br \/>\n172 FROOME Chris<br \/>\n173 GOLAS Michal<br \/>\n174 HAYTER Ethan<br \/>\n175 HENAO Sebasti\u00e1n<br \/>\n176 SOSA Iv\u00e1n<br \/>\n177 WURF Cameron<\/p>\n<h3>Alpecin-Fenix<\/h3>\n<p>181 VAN DER POEL Mathieu<br \/>\n182 SBARAGLI Kristian<br \/>\n183 THWAITES Scott<br \/>\n184 TULETT Ben<br \/>\n185 VAKOC Petr<br \/>\n186 VERGAERDE Otto<br \/>\n187 VERVAEKE Louis<\/p>\n<h3>CCC Team<\/h3>\n<p>191 VAN AVERMAET Greg<br \/>\n192 BARTA Will<br \/>\n193 DE MARCHI Alessandro<br \/>\n194 GESCHKE Simon<br \/>\n195 HIRT Jan<br \/>\n196 SCH\u00c4R Michael<br \/>\n197 ZIMMERMANN Georg<\/p>\n<h3>Bingoal-Wallonie Bruxelles<\/h3>\n<p>201 VANENDERT Jelle<br \/>\n202 HUYS Laurens<br \/>\n203 LIETAER Eliot<br \/>\n204 LIVYNS Arjen<br \/>\n205 MOLLY Kenny<br \/>\n206 PAASSCHENS Mathijs<br \/>\n207 PEYSKENS Dimitri<\/p>\n<h3>Israel Start-Up Nation<\/h3>\n<p>211 MARTIN Dan<br \/>\n212 GOLDSTEIN Omer<br \/>\n213 HOLLENSTEIN Reto<br \/>\n214 NEILANDS Krists<br \/>\n215 PICCOLI James<br \/>\n216 SCHELLING Patrick<br \/>\n217 SUTHERLAND Rory<\/p>\n<h3>Total Direct Energie<\/h3>\n<p>221 BURGAUDEAU Mathieu<br \/>\n222 FERRON Valentin<br \/>\n223 GAILLARD Marlon<br \/>\n224 GRELLIER Fabien<br \/>\n225 HIVERT Jonathan<br \/>\n226 OURSELIN Paul<br \/>\n227 SIMON Julien<\/p>\n<h3>NTT Pro Cycling<\/h3>\n<p>231 KING Ben<br \/>\n232 BARBERO Carlos<br \/>\n233 BATTISTELLA Samuele<br \/>\n234 GASPAROTTO Enrico<br \/>\n235 VALGREN Michael<br \/>\n236 KREUZIGER Roman<br \/>\n237 M\u00c4DER Gino<\/p>\n<h3>Sport Vlaanderen-Baloise<\/h3>\n<p>241 SPRENGERS Thomas<br \/>\n242 DE VYLDER Lindsay<br \/>\n243 DELTOMBE Kevin<br \/>\n244 GHYS Robbe<br \/>\n245 MERTENS Julian<br \/>\n246 PLANCKAERT Emiel<br \/>\n247 VAN POUCKE Aaron<\/p>\n<ul>\n<li style=\"text-align: justify;\"><strong>\u00c0 lire aussi &#8211; <a href=\"https:\/\/dicodusport.fr\/blog\/liege-bastogne-liege-2020-nos-favoris\/\" target=\"_blank\" rel=\"noopener noreferrer\">Li\u00e8ge-Bastogne-Li\u00e8ge 2020 : nos favoris<\/a><\/strong><\/li>\n<\/ul>\n<p><strong><em>Dicodusport<br \/>\n<a href=\"https:\/\/www.facebook.com\/dicodusport\/\" target=\"_blank\" rel=\"noopener noreferrer\"><img loading=\"lazy\" decoding=\"async\" class=\"alignnone wp-image-2909\" src=\"http:\/\/dicodusport.fr\/blog\/wp-content\/uploads\/2017\/07\/logo-facebook-150x150.png\" alt=\"\" width=\"40\" height=\"40\" \/><\/a><a href=\"https:\/\/twitter.com\/dicodusport\" target=\"_blank\" rel=\"noopener noreferrer\"><img loading=\"lazy\" decoding=\"async\" class=\"alignnone wp-image-2908\" src=\"http:\/\/dicodusport.fr\/blog\/wp-content\/uploads\/2017\/07\/logo-twitter-150x150.png\" alt=\"\" width=\"39\" height=\"39\" \/><\/a><\/em><\/strong><\/p>\n","protected":false},"excerpt":{"rendered":"<p>LI\u00c8GE-BASTOGNE-LI\u00c8GE 2020 \u2013 La 106\u00e8me \u00e9dition de la Doyenne des Classiques se d\u00e9roule ce dimanche 4 octobre. D\u00e9couvrez la startlist de l&rsquo;\u00e9preuve.<\/p>\n","protected":false},"author":4,"featured_media":81016,"comment_status":"open","ping_status":"closed","sticky":false,"template":"","format":"standard","meta":{"_acf_changed":false,"_daextam_enable_autolinks":"","footnotes":""},"categories":[2307],"tags":[4165],"class_list":["post-81014","post","type-post","status-publish","format-standard","has-post-thumbnail","hentry","category-cyclisme","tag-liege-bastogne-liege"],"acf":[],"yoast_head":"<!-- This site is optimized with the Yoast SEO Premium plugin v26.7 (Yoast SEO v26.7) - https:\/\/yoast.com\/wordpress\/plugins\/seo\/ -->\n<title>Li\u00e8ge-Bastogne-Li\u00e8ge 2020 : la liste des engag\u00e9s<\/title>\n<meta name=\"description\" content=\"LI\u00c8GE-BASTOGNE-LI\u00c8GE 2020 \u2013 La 106\u00e8me \u00e9dition de la Doyenne des Classiques se d\u00e9roule ce dimanche. D\u00e9couvrez la startlist de l&#039;\u00e9preuve.\" \/>\n<meta name=\"robots\" content=\"index, follow, max-snippet:-1, max-image-preview:large, max-video-preview:-1\" \/>\n<link rel=\"canonical\" href=\"https:\/\/dicodusport.fr\/blog\/liege-bastogne-liege-2020-liste-des-engages\/\" \/>\n<meta property=\"og:locale\" content=\"fr_FR\" \/>\n<meta property=\"og:type\" content=\"article\" \/>\n<meta property=\"og:title\" content=\"Li\u00e8ge-Bastogne-Li\u00e8ge 2020 : la liste des engag\u00e9s\" \/>\n<meta property=\"og:description\" content=\"LI\u00c8GE-BASTOGNE-LI\u00c8GE 2020 \u2013 La 106\u00e8me \u00e9dition de la Doyenne des Classiques se d\u00e9roule ce dimanche. D\u00e9couvrez la startlist de l&#039;\u00e9preuve.\" \/>\n<meta property=\"og:url\" content=\"https:\/\/dicodusport.fr\/blog\/liege-bastogne-liege-2020-liste-des-engages\/\" \/>\n<meta property=\"og:site_name\" content=\"Dicodusport\" \/>\n<meta property=\"article:publisher\" content=\"https:\/\/www.facebook.com\/dicodusport\" \/>\n<meta property=\"article:author\" content=\"https:\/\/www.facebook.com\/florent.ostermann\" \/>\n<meta property=\"article:published_time\" content=\"2020-10-04T06:48:21+00:00\" \/>\n<meta property=\"og:image\" content=\"https:\/\/dicodusport.fr\/blog\/wp-content\/uploads\/2020\/10\/Li\u00e8ge-Bastogne-Li\u00e8ge-2020-La-liste-des-engag\u00e9s.png\" \/>\n\t<meta property=\"og:image:width\" content=\"1200\" \/>\n\t<meta property=\"og:image:height\" content=\"670\" \/>\n\t<meta property=\"og:image:type\" content=\"image\/png\" \/>\n<meta name=\"author\" content=\"Flo Ostermann\" \/>\n<meta name=\"twitter:card\" content=\"summary_large_image\" \/>\n<meta name=\"twitter:title\" content=\"Li\u00e8ge-Bastogne-Li\u00e8ge 2020 : la liste des engag\u00e9s\" \/>\n<meta name=\"twitter:creator\" content=\"@https:\/\/twitter.com\/FlOstermann\" \/>\n<meta name=\"twitter:site\" content=\"@dicodusport\" \/>\n<script type=\"application\/ld+json\" class=\"yoast-schema-graph\">{\"@context\":\"https:\/\/schema.org\",\"@graph\":[{\"@type\":\"NewsArticle\",\"@id\":\"https:\/\/dicodusport.fr\/blog\/liege-bastogne-liege-2020-liste-des-engages\/#article\",\"isPartOf\":{\"@id\":\"https:\/\/dicodusport.fr\/blog\/liege-bastogne-liege-2020-liste-des-engages\/\"},\"author\":{\"name\":\"Flo Ostermann\",\"@id\":\"https:\/\/dicodusport.fr\/blog\/#\/schema\/person\/cb02af4c173ce4a653b55e9baf388d4a\"},\"headline\":\"Li\u00e8ge-Bastogne-Li\u00e8ge 2020 : la liste des engag\u00e9s\",\"datePublished\":\"2020-10-04T06:48:21+00:00\",\"mainEntityOfPage\":{\"@id\":\"https:\/\/dicodusport.fr\/blog\/liege-bastogne-liege-2020-liste-des-engages\/\"},\"wordCount\":490,\"commentCount\":0,\"publisher\":{\"@id\":\"https:\/\/dicodusport.fr\/blog\/#organization\"},\"image\":{\"@id\":\"https:\/\/dicodusport.fr\/blog\/liege-bastogne-liege-2020-liste-des-engages\/#primaryimage\"},\"thumbnailUrl\":\"https:\/\/dicodusport.fr\/blog\/wp-content\/uploads\/2020\/10\/Li\u00e8ge-Bastogne-Li\u00e8ge-2020-La-liste-des-engag\u00e9s.png\",\"keywords\":[\"Li\u00e8ge-Bastogne-Li\u00e8ge\"],\"articleSection\":[\"Cyclisme\"],\"inLanguage\":\"fr-FR\",\"potentialAction\":[{\"@type\":\"CommentAction\",\"name\":\"Comment\",\"target\":[\"https:\/\/dicodusport.fr\/blog\/liege-bastogne-liege-2020-liste-des-engages\/#respond\"]}],\"copyrightYear\":\"2020\",\"copyrightHolder\":{\"@id\":\"https:\/\/dicodusport.fr\/blog\/#organization\"}},{\"@type\":\"WebPage\",\"@id\":\"https:\/\/dicodusport.fr\/blog\/liege-bastogne-liege-2020-liste-des-engages\/\",\"url\":\"https:\/\/dicodusport.fr\/blog\/liege-bastogne-liege-2020-liste-des-engages\/\",\"name\":\"Li\u00e8ge-Bastogne-Li\u00e8ge 2020 : la liste des engag\u00e9s\",\"isPartOf\":{\"@id\":\"https:\/\/dicodusport.fr\/blog\/#website\"},\"primaryImageOfPage\":{\"@id\":\"https:\/\/dicodusport.fr\/blog\/liege-bastogne-liege-2020-liste-des-engages\/#primaryimage\"},\"image\":{\"@id\":\"https:\/\/dicodusport.fr\/blog\/liege-bastogne-liege-2020-liste-des-engages\/#primaryimage\"},\"thumbnailUrl\":\"https:\/\/dicodusport.fr\/blog\/wp-content\/uploads\/2020\/10\/Li\u00e8ge-Bastogne-Li\u00e8ge-2020-La-liste-des-engag\u00e9s.png\",\"datePublished\":\"2020-10-04T06:48:21+00:00\",\"description\":\"LI\u00c8GE-BASTOGNE-LI\u00c8GE 2020 \u2013 La 106\u00e8me \u00e9dition de la Doyenne des Classiques se d\u00e9roule ce dimanche. D\u00e9couvrez la startlist de l'\u00e9preuve.\",\"breadcrumb\":{\"@id\":\"https:\/\/dicodusport.fr\/blog\/liege-bastogne-liege-2020-liste-des-engages\/#breadcrumb\"},\"inLanguage\":\"fr-FR\",\"potentialAction\":[{\"@type\":\"ReadAction\",\"target\":[\"https:\/\/dicodusport.fr\/blog\/liege-bastogne-liege-2020-liste-des-engages\/\"]}]},{\"@type\":\"ImageObject\",\"inLanguage\":\"fr-FR\",\"@id\":\"https:\/\/dicodusport.fr\/blog\/liege-bastogne-liege-2020-liste-des-engages\/#primaryimage\",\"url\":\"https:\/\/dicodusport.fr\/blog\/wp-content\/uploads\/2020\/10\/Li\u00e8ge-Bastogne-Li\u00e8ge-2020-La-liste-des-engag\u00e9s.png\",\"contentUrl\":\"https:\/\/dicodusport.fr\/blog\/wp-content\/uploads\/2020\/10\/Li\u00e8ge-Bastogne-Li\u00e8ge-2020-La-liste-des-engag\u00e9s.png\",\"width\":1200,\"height\":670,\"caption\":\"Li\u00e8ge-Bastogne-Li\u00e8ge 2020 : la liste des engag\u00e9s\"},{\"@type\":\"BreadcrumbList\",\"@id\":\"https:\/\/dicodusport.fr\/blog\/liege-bastogne-liege-2020-liste-des-engages\/#breadcrumb\",\"itemListElement\":[{\"@type\":\"ListItem\",\"position\":1,\"name\":\"Accueil\",\"item\":\"https:\/\/dicodusport.fr\/blog\/\"},{\"@type\":\"ListItem\",\"position\":2,\"name\":\"Li\u00e8ge-Bastogne-Li\u00e8ge 2020 : la liste des engag\u00e9s\"}]},{\"@type\":\"WebSite\",\"@id\":\"https:\/\/dicodusport.fr\/blog\/#website\",\"url\":\"https:\/\/dicodusport.fr\/blog\/\",\"name\":\"Dicodusport\",\"description\":\"L&#039;encyclop\u00e9die de l&#039;actualit\u00e9 sportive\",\"publisher\":{\"@id\":\"https:\/\/dicodusport.fr\/blog\/#organization\"},\"potentialAction\":[{\"@type\":\"SearchAction\",\"target\":{\"@type\":\"EntryPoint\",\"urlTemplate\":\"https:\/\/dicodusport.fr\/blog\/?s={search_term_string}\"},\"query-input\":{\"@type\":\"PropertyValueSpecification\",\"valueRequired\":true,\"valueName\":\"search_term_string\"}}],\"inLanguage\":\"fr-FR\"},{\"@type\":\"NewsMediaOrganization\",\"@id\":\"https:\/\/dicodusport.fr\/blog\/#organization\",\"name\":\"Dicodusport\",\"url\":\"https:\/\/dicodusport.fr\/blog\/\",\"logo\":{\"@type\":\"ImageObject\",\"inLanguage\":\"fr-FR\",\"@id\":\"https:\/\/dicodusport.fr\/blog\/#\/schema\/logo\/image\/\",\"url\":\"https:\/\/dicodusport.fr\/blog\/wp-content\/uploads\/2020\/06\/cropped-LOGO-DICODUSPORT-2020-SANS-FOND-SANS-TEXTE.png\",\"contentUrl\":\"https:\/\/dicodusport.fr\/blog\/wp-content\/uploads\/2020\/06\/cropped-LOGO-DICODUSPORT-2020-SANS-FOND-SANS-TEXTE.png\",\"width\":512,\"height\":512,\"caption\":\"Dicodusport\"},\"image\":{\"@id\":\"https:\/\/dicodusport.fr\/blog\/#\/schema\/logo\/image\/\"},\"sameAs\":[\"https:\/\/www.facebook.com\/dicodusport\",\"https:\/\/x.com\/dicodusport\",\"https:\/\/www.instagram.com\/dicodusport\/\",\"https:\/\/www.youtube.com\/channel\/UC7V2KZ5sd3htJivAbA4ZG3w\"],\"description\":\"Dicodusport est l'encyclop\u00e9die de l'actualit\u00e9 sportive.\",\"email\":\"bonjour@dicodusport.fr\",\"legalName\":\"DICODUSPORT\",\"foundingDate\":\"2018-01-14\",\"vatID\":\"FR71834470973\",\"taxID\":\"83447097300043\",\"numberOfEmployees\":{\"@type\":\"QuantitativeValue\",\"minValue\":\"1\",\"maxValue\":\"10\"}},{\"@type\":\"Person\",\"@id\":\"https:\/\/dicodusport.fr\/blog\/#\/schema\/person\/cb02af4c173ce4a653b55e9baf388d4a\",\"name\":\"Flo Ostermann\",\"image\":{\"@type\":\"ImageObject\",\"inLanguage\":\"fr-FR\",\"@id\":\"https:\/\/dicodusport.fr\/blog\/#\/schema\/person\/image\/\",\"url\":\"https:\/\/dicodusport.fr\/blog\/wp-content\/uploads\/2021\/05\/Flo-Ostermann-150x150.jpg\",\"contentUrl\":\"https:\/\/dicodusport.fr\/blog\/wp-content\/uploads\/2021\/05\/Flo-Ostermann-150x150.jpg\",\"caption\":\"Flo Ostermann\"},\"description\":\"Journaliste\/R\u00e9dacteur depuis septembre 2015 - Mes premiers souvenirs dans le sport ? Les envol\u00e9es du Stade Toulousain et les duels Villeneuve-Schumacher et H\u00e4kkinen-Schumacher \u00e0 la fin des ann\u00e9es 90, la Coupe du monde de football en 1998, l\u2019exploit du XV de France face aux All Blacks en 1999, mais aussi Richard C\u0153ur de Lion qui vole sur les montagnes du Tour de France. Bien parti pour devenir professeur d\u2019EPS, les \u00e9v\u00e9nements de la vie (et la flemme d\u2019animer des s\u00e9ances de 3x500 m\u00e8tres toute ma vie) m\u2019ont conduit \u00e0 revoir mes plans. Me voil\u00e0 depuis fin 2017 sur Dicodusport, m\u00e9dia gr\u00e2ce (et pour) lequel je partage ma passion : le sport dans tous ses \u00e9tats. Le tout accompagn\u00e9 par les fous furieux et folles furieuses cit\u00e9s sur cette page !\",\"sameAs\":[\"https:\/\/www.facebook.com\/florent.ostermann\",\"https:\/\/x.com\/https:\/\/twitter.com\/FlOstermann\",\"admin\"],\"url\":\"https:\/\/dicodusport.fr\/blog\/author\/flo\/\"}]}<\/script>\n<!-- \/ Yoast SEO Premium plugin. -->","yoast_head_json":{"title":"Li\u00e8ge-Bastogne-Li\u00e8ge 2020 : la liste des engag\u00e9s","description":"LI\u00c8GE-BASTOGNE-LI\u00c8GE 2020 \u2013 La 106\u00e8me \u00e9dition de la Doyenne des Classiques se d\u00e9roule ce dimanche. D\u00e9couvrez la startlist de l'\u00e9preuve.","robots":{"index":"index","follow":"follow","max-snippet":"max-snippet:-1","max-image-preview":"max-image-preview:large","max-video-preview":"max-video-preview:-1"},"canonical":"https:\/\/dicodusport.fr\/blog\/liege-bastogne-liege-2020-liste-des-engages\/","og_locale":"fr_FR","og_type":"article","og_title":"Li\u00e8ge-Bastogne-Li\u00e8ge 2020 : la liste des engag\u00e9s","og_description":"LI\u00c8GE-BASTOGNE-LI\u00c8GE 2020 \u2013 La 106\u00e8me \u00e9dition de la Doyenne des Classiques se d\u00e9roule ce dimanche. D\u00e9couvrez la startlist de l'\u00e9preuve.","og_url":"https:\/\/dicodusport.fr\/blog\/liege-bastogne-liege-2020-liste-des-engages\/","og_site_name":"Dicodusport","article_publisher":"https:\/\/www.facebook.com\/dicodusport","article_author":"https:\/\/www.facebook.com\/florent.ostermann","article_published_time":"2020-10-04T06:48:21+00:00","og_image":[{"width":1200,"height":670,"url":"https:\/\/dicodusport.fr\/blog\/wp-content\/uploads\/2020\/10\/Li\u00e8ge-Bastogne-Li\u00e8ge-2020-La-liste-des-engag\u00e9s.png","type":"image\/png"}],"author":"Flo Ostermann","twitter_card":"summary_large_image","twitter_title":"Li\u00e8ge-Bastogne-Li\u00e8ge 2020 : la liste des engag\u00e9s","twitter_creator":"@https:\/\/twitter.com\/FlOstermann","twitter_site":"@dicodusport","schema":{"@context":"https:\/\/schema.org","@graph":[{"@type":"NewsArticle","@id":"https:\/\/dicodusport.fr\/blog\/liege-bastogne-liege-2020-liste-des-engages\/#article","isPartOf":{"@id":"https:\/\/dicodusport.fr\/blog\/liege-bastogne-liege-2020-liste-des-engages\/"},"author":{"name":"Flo Ostermann","@id":"https:\/\/dicodusport.fr\/blog\/#\/schema\/person\/cb02af4c173ce4a653b55e9baf388d4a"},"headline":"Li\u00e8ge-Bastogne-Li\u00e8ge 2020 : la liste des engag\u00e9s","datePublished":"2020-10-04T06:48:21+00:00","mainEntityOfPage":{"@id":"https:\/\/dicodusport.fr\/blog\/liege-bastogne-liege-2020-liste-des-engages\/"},"wordCount":490,"commentCount":0,"publisher":{"@id":"https:\/\/dicodusport.fr\/blog\/#organization"},"image":{"@id":"https:\/\/dicodusport.fr\/blog\/liege-bastogne-liege-2020-liste-des-engages\/#primaryimage"},"thumbnailUrl":"https:\/\/dicodusport.fr\/blog\/wp-content\/uploads\/2020\/10\/Li\u00e8ge-Bastogne-Li\u00e8ge-2020-La-liste-des-engag\u00e9s.png","keywords":["Li\u00e8ge-Bastogne-Li\u00e8ge"],"articleSection":["Cyclisme"],"inLanguage":"fr-FR","potentialAction":[{"@type":"CommentAction","name":"Comment","target":["https:\/\/dicodusport.fr\/blog\/liege-bastogne-liege-2020-liste-des-engages\/#respond"]}],"copyrightYear":"2020","copyrightHolder":{"@id":"https:\/\/dicodusport.fr\/blog\/#organization"}},{"@type":"WebPage","@id":"https:\/\/dicodusport.fr\/blog\/liege-bastogne-liege-2020-liste-des-engages\/","url":"https:\/\/dicodusport.fr\/blog\/liege-bastogne-liege-2020-liste-des-engages\/","name":"Li\u00e8ge-Bastogne-Li\u00e8ge 2020 : la liste des engag\u00e9s","isPartOf":{"@id":"https:\/\/dicodusport.fr\/blog\/#website"},"primaryImageOfPage":{"@id":"https:\/\/dicodusport.fr\/blog\/liege-bastogne-liege-2020-liste-des-engages\/#primaryimage"},"image":{"@id":"https:\/\/dicodusport.fr\/blog\/liege-bastogne-liege-2020-liste-des-engages\/#primaryimage"},"thumbnailUrl":"https:\/\/dicodusport.fr\/blog\/wp-content\/uploads\/2020\/10\/Li\u00e8ge-Bastogne-Li\u00e8ge-2020-La-liste-des-engag\u00e9s.png","datePublished":"2020-10-04T06:48:21+00:00","description":"LI\u00c8GE-BASTOGNE-LI\u00c8GE 2020 \u2013 La 106\u00e8me \u00e9dition de la Doyenne des Classiques se d\u00e9roule ce dimanche. D\u00e9couvrez la startlist de l'\u00e9preuve.","breadcrumb":{"@id":"https:\/\/dicodusport.fr\/blog\/liege-bastogne-liege-2020-liste-des-engages\/#breadcrumb"},"inLanguage":"fr-FR","potentialAction":[{"@type":"ReadAction","target":["https:\/\/dicodusport.fr\/blog\/liege-bastogne-liege-2020-liste-des-engages\/"]}]},{"@type":"ImageObject","inLanguage":"fr-FR","@id":"https:\/\/dicodusport.fr\/blog\/liege-bastogne-liege-2020-liste-des-engages\/#primaryimage","url":"https:\/\/dicodusport.fr\/blog\/wp-content\/uploads\/2020\/10\/Li\u00e8ge-Bastogne-Li\u00e8ge-2020-La-liste-des-engag\u00e9s.png","contentUrl":"https:\/\/dicodusport.fr\/blog\/wp-content\/uploads\/2020\/10\/Li\u00e8ge-Bastogne-Li\u00e8ge-2020-La-liste-des-engag\u00e9s.png","width":1200,"height":670,"caption":"Li\u00e8ge-Bastogne-Li\u00e8ge 2020 : la liste des engag\u00e9s"},{"@type":"BreadcrumbList","@id":"https:\/\/dicodusport.fr\/blog\/liege-bastogne-liege-2020-liste-des-engages\/#breadcrumb","itemListElement":[{"@type":"ListItem","position":1,"name":"Accueil","item":"https:\/\/dicodusport.fr\/blog\/"},{"@type":"ListItem","position":2,"name":"Li\u00e8ge-Bastogne-Li\u00e8ge 2020 : la liste des engag\u00e9s"}]},{"@type":"WebSite","@id":"https:\/\/dicodusport.fr\/blog\/#website","url":"https:\/\/dicodusport.fr\/blog\/","name":"Dicodusport","description":"L&#039;encyclop\u00e9die de l&#039;actualit\u00e9 sportive","publisher":{"@id":"https:\/\/dicodusport.fr\/blog\/#organization"},"potentialAction":[{"@type":"SearchAction","target":{"@type":"EntryPoint","urlTemplate":"https:\/\/dicodusport.fr\/blog\/?s={search_term_string}"},"query-input":{"@type":"PropertyValueSpecification","valueRequired":true,"valueName":"search_term_string"}}],"inLanguage":"fr-FR"},{"@type":"NewsMediaOrganization","@id":"https:\/\/dicodusport.fr\/blog\/#organization","name":"Dicodusport","url":"https:\/\/dicodusport.fr\/blog\/","logo":{"@type":"ImageObject","inLanguage":"fr-FR","@id":"https:\/\/dicodusport.fr\/blog\/#\/schema\/logo\/image\/","url":"https:\/\/dicodusport.fr\/blog\/wp-content\/uploads\/2020\/06\/cropped-LOGO-DICODUSPORT-2020-SANS-FOND-SANS-TEXTE.png","contentUrl":"https:\/\/dicodusport.fr\/blog\/wp-content\/uploads\/2020\/06\/cropped-LOGO-DICODUSPORT-2020-SANS-FOND-SANS-TEXTE.png","width":512,"height":512,"caption":"Dicodusport"},"image":{"@id":"https:\/\/dicodusport.fr\/blog\/#\/schema\/logo\/image\/"},"sameAs":["https:\/\/www.facebook.com\/dicodusport","https:\/\/x.com\/dicodusport","https:\/\/www.instagram.com\/dicodusport\/","https:\/\/www.youtube.com\/channel\/UC7V2KZ5sd3htJivAbA4ZG3w"],"description":"Dicodusport est l'encyclop\u00e9die de l'actualit\u00e9 sportive.","email":"bonjour@dicodusport.fr","legalName":"DICODUSPORT","foundingDate":"2018-01-14","vatID":"FR71834470973","taxID":"83447097300043","numberOfEmployees":{"@type":"QuantitativeValue","minValue":"1","maxValue":"10"}},{"@type":"Person","@id":"https:\/\/dicodusport.fr\/blog\/#\/schema\/person\/cb02af4c173ce4a653b55e9baf388d4a","name":"Flo Ostermann","image":{"@type":"ImageObject","inLanguage":"fr-FR","@id":"https:\/\/dicodusport.fr\/blog\/#\/schema\/person\/image\/","url":"https:\/\/dicodusport.fr\/blog\/wp-content\/uploads\/2021\/05\/Flo-Ostermann-150x150.jpg","contentUrl":"https:\/\/dicodusport.fr\/blog\/wp-content\/uploads\/2021\/05\/Flo-Ostermann-150x150.jpg","caption":"Flo Ostermann"},"description":"Journaliste\/R\u00e9dacteur depuis septembre 2015 - Mes premiers souvenirs dans le sport ? Les envol\u00e9es du Stade Toulousain et les duels Villeneuve-Schumacher et H\u00e4kkinen-Schumacher \u00e0 la fin des ann\u00e9es 90, la Coupe du monde de football en 1998, l\u2019exploit du XV de France face aux All Blacks en 1999, mais aussi Richard C\u0153ur de Lion qui vole sur les montagnes du Tour de France. Bien parti pour devenir professeur d\u2019EPS, les \u00e9v\u00e9nements de la vie (et la flemme d\u2019animer des s\u00e9ances de 3x500 m\u00e8tres toute ma vie) m\u2019ont conduit \u00e0 revoir mes plans. Me voil\u00e0 depuis fin 2017 sur Dicodusport, m\u00e9dia gr\u00e2ce (et pour) lequel je partage ma passion : le sport dans tous ses \u00e9tats. Le tout accompagn\u00e9 par les fous furieux et folles furieuses cit\u00e9s sur cette page !","sameAs":["https:\/\/www.facebook.com\/florent.ostermann","https:\/\/x.com\/https:\/\/twitter.com\/FlOstermann","admin"],"url":"https:\/\/dicodusport.fr\/blog\/author\/flo\/"}]}},"_links":{"self":[{"href":"https:\/\/dicodusport.fr\/blog\/wp-json\/wp\/v2\/posts\/81014","targetHints":{"allow":["GET"]}}],"collection":[{"href":"https:\/\/dicodusport.fr\/blog\/wp-json\/wp\/v2\/posts"}],"about":[{"href":"https:\/\/dicodusport.fr\/blog\/wp-json\/wp\/v2\/types\/post"}],"author":[{"embeddable":true,"href":"https:\/\/dicodusport.fr\/blog\/wp-json\/wp\/v2\/users\/4"}],"replies":[{"embeddable":true,"href":"https:\/\/dicodusport.fr\/blog\/wp-json\/wp\/v2\/comments?post=81014"}],"version-history":[{"count":0,"href":"https:\/\/dicodusport.fr\/blog\/wp-json\/wp\/v2\/posts\/81014\/revisions"}],"wp:featuredmedia":[{"embeddable":true,"href":"https:\/\/dicodusport.fr\/blog\/wp-json\/wp\/v2\/media\/81016"}],"wp:attachment":[{"href":"https:\/\/dicodusport.fr\/blog\/wp-json\/wp\/v2\/media?parent=81014"}],"wp:term":[{"taxonomy":"category","embeddable":true,"href":"https:\/\/dicodusport.fr\/blog\/wp-json\/wp\/v2\/categories?post=81014"},{"taxonomy":"post_tag","embeddable":true,"href":"https:\/\/dicodusport.fr\/blog\/wp-json\/wp\/v2\/tags?post=81014"}],"curies":[{"name":"wp","href":"https:\/\/api.w.org\/{rel}","templated":true}]}}