{"id":81462,"date":"2020-10-06T16:01:02","date_gmt":"2020-10-06T14:01:02","guid":{"rendered":"https:\/\/dicodusport.fr\/blog\/?p=81462&#038;preview=true&#038;preview_id=81462"},"modified":"2020-10-06T18:17:12","modified_gmt":"2020-10-06T16:17:12","slug":"tour-d-italie-2020-arnaud-demare-devance-peter-sagan-sur-la-4eme-etape","status":"publish","type":"post","link":"https:\/\/dicodusport.fr\/blog\/tour-d-italie-2020-arnaud-demare-devance-peter-sagan-sur-la-4eme-etape\/","title":{"rendered":"Tour d&rsquo;Italie 2020 : Arnaud D\u00e9mare devance Peter Sagan sur la 4\u00e8me \u00e9tape"},"content":{"rendered":"<p style=\"text-align: justify;\"><strong><em><a href=\"https:\/\/dicodusport.fr\/blog\/actualites\/cyclisme\/tour-d-italie-2020\/\" target=\"_blank\" rel=\"noopener noreferrer\">TOUR D&rsquo;ITALIE 2020<\/a> &#8211; Au terme d&rsquo;un sprint d\u00e9cousu, Arnaud D\u00e9mare (Groupama-FDJ) a remport\u00e9 ce mardi la 4\u00e8me \u00e9tape du Giro, \u00e0 Villafranca Tirrena. Il devance d&rsquo;un cheveu Peter Sagan (Bora-Hansgrohe) et Davide Ballerini (Deceuninck &#8211; Quick-Step). C&rsquo;est la deuxi\u00e8me victoire du Picard sur les routes du Tour d&rsquo;Italie.<\/em><\/strong><\/p>\n<p style=\"text-align: justify;\">Et de 11 ! Ce mardi, <strong>Arnaud D\u00e9mare<\/strong> (Groupama-FDJ) a enlev\u00e9 sa 11\u00e8me victoire de la saison, et m\u00eame son 11\u00e8me succ\u00e8s depuis le restart depuis d\u00e9but ao\u00fbt. Au sprint, le Picard a devanc\u00e9 d&rsquo;un rien un <strong>Peter Sagan<\/strong> (Bora-Hansgrohe) qui a d\u00e9marr\u00e9 le premier, avant d&rsquo;\u00eatre coiff\u00e9 sur la ligne par le champion de France. <strong>Davide Ballerini<\/strong> (Deceuninck &#8211; Quick-Step) est troisi\u00e8me.<\/p>\n<h2><strong>Du grand D\u00e9mare<\/strong><\/h2>\n<p style=\"text-align: justify;\">Ce mardi, on a vite compris que le Fran\u00e7ais \u00e9tait dans un grand jour. Dans la Portella Mandrazzi, seule difficult\u00e9 du jour, un col de 15 km \u00e0 4,5 % de moyenne, il a parfaitement g\u00e9r\u00e9 sa mont\u00e9e aux c\u00f4t\u00e9s de ses co\u00e9quipiers de la Groupama-FDJ pendant que des sprinteurs comme <strong>Fernando Gaviria<\/strong> ou <strong>Elia Viviani<\/strong> \u00e9taient l\u00e2ch\u00e9s sous le tempo intense de la Bora-Hansgrohe de Peter Sagan. <strong>D\u00e9mare<\/strong> d\u00e9croche sa deuxi\u00e8me victoire d&rsquo;\u00e9tape sur un Tour d&rsquo;Italie, apr\u00e8s son sprint victorieux lors de la 10\u00e8me \u00e9tape l&rsquo;an dernier. Il devient ainsi le premier champion de France \u00e0 s&rsquo;imposer sur le Giro depuis Laurent Jalabert, en 1999.<\/p>\n<blockquote class=\"twitter-tweet\">\n<p dir=\"ltr\" lang=\"fr\">Arnaud D\u00e9mare s&rsquo;impose d&rsquo;un cheveu sur la quatri\u00e8me \u00e9tape du Giro ! &#x1f1eb;&#x1f1f7; Le sprinteur fran\u00e7ais s&rsquo;impose devant Peter Sagan, il a fallu plusieurs minutes pour d\u00e9signer le Fran\u00e7ais vainqueur !<\/p>\n<p>Suivez le direct &gt; <a href=\"https:\/\/t.co\/QPLMX4KNzI\">https:\/\/t.co\/QPLMX4KNzI<\/a> <a href=\"https:\/\/twitter.com\/hashtag\/lequipeGIRO?src=hash&amp;ref_src=twsrc%5Etfw\">#lequipeGIRO<\/a> <a href=\"https:\/\/twitter.com\/hashtag\/CaVaFrotter?src=hash&amp;ref_src=twsrc%5Etfw\">#CaVaFrotter<\/a> <a href=\"https:\/\/t.co\/rXAUgr07V6\">pic.twitter.com\/rXAUgr07V6<\/a><\/p>\n<p>\u2014 la chaine L&rsquo;\u00c9quipe (@lachainelequipe) <a href=\"https:\/\/twitter.com\/lachainelequipe\/status\/1313479955636989952?ref_src=twsrc%5Etfw\">October 6, 2020<\/a><\/p><\/blockquote>\n<p><script async src=\"https:\/\/platform.twitter.com\/widgets.js\" charset=\"utf-8\"><\/script><\/p>\n<h2 style=\"text-align: justify;\">Le top 10 de la 4\u00e8me \u00e9tape du Giro 2020<\/h2>\n<blockquote class=\"twitter-tweet\">\n<p dir=\"ltr\" lang=\"fr\">Le top 10 de cette 4e \u00e9tape et son arriv\u00e9e \u00e0 Villafranca Tirrena. Nouvelle deuxi\u00e8me place pour Peter Sagan qui n&rsquo;a plus gagn\u00e9 depuis le 10 juillet 2019 et sa victoire \u00e0 Colmar sur le Tour de France. Matthews en retrait. <a href=\"https:\/\/twitter.com\/hashtag\/Giro?src=hash&amp;ref_src=twsrc%5Etfw\">#Giro<\/a> <a href=\"https:\/\/t.co\/6fVq9KpYNW\">pic.twitter.com\/6fVq9KpYNW<\/a><\/p>\n<p>\u2014 Le Gruppetto (@LeGruppetto) <a href=\"https:\/\/twitter.com\/LeGruppetto\/status\/1313480006450982913?ref_src=twsrc%5Etfw\">October 6, 2020<\/a><\/p><\/blockquote>\n<p><script async src=\"https:\/\/platform.twitter.com\/widgets.js\" charset=\"utf-8\"><\/script><\/p>\n<ul>\n<li style=\"text-align: justify;\"><a href=\"https:\/\/dicodusport.fr\/blog\/tour-d-italie-2020-classement-4eme-etape\/\" target=\"_blank\" rel=\"noopener noreferrer\"><strong>Tour d&rsquo;Italie 2020 : le classement de la 4\u00e8me \u00e9tape<\/strong><\/a><\/li>\n<li style=\"text-align: justify;\"><a href=\"https:\/\/dicodusport.fr\/blog\/tour-d-italie-2020-classement-general-maillot-rose\/\" target=\"_blank\" rel=\"noopener noreferrer\"><strong>Tour d&rsquo;Italie 2020 : le classement g\u00e9n\u00e9ral &#8211; Maillot rose<\/strong><\/a><\/li>\n<\/ul>\n<p><strong><em>Dicodusport<br \/>\n<a href=\"https:\/\/www.facebook.com\/dicodusport\/\" target=\"_blank\" rel=\"noopener noreferrer\"><img loading=\"lazy\" decoding=\"async\" class=\"alignnone wp-image-2909\" src=\"http:\/\/dicodusport.fr\/blog\/wp-content\/uploads\/2017\/07\/logo-facebook-150x150.png\" alt=\"\" width=\"40\" height=\"40\" \/><\/a><a href=\"https:\/\/twitter.com\/dicodusport\" target=\"_blank\" rel=\"noopener noreferrer\"><img loading=\"lazy\" decoding=\"async\" class=\"alignnone wp-image-2908\" src=\"http:\/\/dicodusport.fr\/blog\/wp-content\/uploads\/2017\/07\/logo-twitter-150x150.png\" alt=\"\" width=\"39\" height=\"39\" \/><\/a><\/em><\/strong><\/p>\n","protected":false},"excerpt":{"rendered":"<p>TOUR D&rsquo;ITALIE 2020 &#8211; Au terme d&rsquo;un sprint d\u00e9cousu, Arnaud D\u00e9mare (Groupama-FDJ) a remport\u00e9 ce mardi la 4\u00e8me \u00e9tape du Giro, \u00e0 Villafranca Tirrena. Il devance d&rsquo;un cheveu Peter Sagan (Bora-Hansgrohe) et Davide Ballerini (Deceuninck &#8211; Quick-Step).\u00a0<\/p>\n","protected":false},"author":4,"featured_media":81502,"comment_status":"open","ping_status":"closed","sticky":false,"template":"","format":"standard","meta":{"_acf_changed":false,"_daextam_enable_autolinks":"","footnotes":""},"categories":[47041],"tags":[2830,24],"class_list":["post-81462","post","type-post","status-publish","format-standard","has-post-thumbnail","hentry","category-tour-d-italie","tag-giro","tag-sport"],"acf":[],"yoast_head":"<!-- This site is optimized with the Yoast SEO Premium plugin v26.7 (Yoast SEO v26.7) - https:\/\/yoast.com\/wordpress\/plugins\/seo\/ -->\n<title>Tour d&#039;Italie 2020 : Arnaud D\u00e9mare devance Peter Sagan sur la 4\u00e8me \u00e9tape<\/title>\n<meta name=\"description\" content=\"TOUR D&#039;ITALIE 2020 - Au terme d&#039;un sprint d\u00e9cousu, Arnaud D\u00e9mare (Groupama-FDJ) a remport\u00e9 ce mardi la 4\u00e8me \u00e9tape du Giro, \u00e0 Villafranca Tirrena.\" \/>\n<meta name=\"robots\" content=\"index, follow, max-snippet:-1, max-image-preview:large, max-video-preview:-1\" \/>\n<link rel=\"canonical\" href=\"https:\/\/dicodusport.fr\/blog\/tour-d-italie-2020-arnaud-demare-devance-peter-sagan-sur-la-4eme-etape\/\" \/>\n<meta property=\"og:locale\" content=\"fr_FR\" \/>\n<meta property=\"og:type\" content=\"article\" \/>\n<meta property=\"og:title\" content=\"Tour d&#039;Italie 2020 : Arnaud D\u00e9mare devance Peter Sagan sur la 4\u00e8me \u00e9tape\" \/>\n<meta property=\"og:description\" content=\"TOUR D&#039;ITALIE 2020 - Au terme d&#039;un sprint d\u00e9cousu, Arnaud D\u00e9mare (Groupama-FDJ) a remport\u00e9 ce mardi la 4\u00e8me \u00e9tape du Giro, \u00e0 Villafranca Tirrena.\" \/>\n<meta property=\"og:url\" content=\"https:\/\/dicodusport.fr\/blog\/tour-d-italie-2020-arnaud-demare-devance-peter-sagan-sur-la-4eme-etape\/\" \/>\n<meta property=\"og:site_name\" content=\"Dicodusport\" \/>\n<meta property=\"article:publisher\" content=\"https:\/\/www.facebook.com\/dicodusport\" \/>\n<meta property=\"article:author\" content=\"https:\/\/www.facebook.com\/florent.ostermann\" \/>\n<meta property=\"article:published_time\" content=\"2020-10-06T14:01:02+00:00\" \/>\n<meta property=\"article:modified_time\" content=\"2020-10-06T16:17:12+00:00\" \/>\n<meta property=\"og:image\" content=\"https:\/\/dicodusport.fr\/blog\/wp-content\/uploads\/2020\/10\/Tour-dItalie-2020-Arnaud-D\u00e9mare-devance-Peter-Sagan-sur-la-4\u00e8me-\u00e9tape.png\" \/>\n\t<meta property=\"og:image:width\" content=\"800\" \/>\n\t<meta property=\"og:image:height\" content=\"445\" \/>\n\t<meta property=\"og:image:type\" content=\"image\/png\" \/>\n<meta name=\"author\" content=\"Flo Ostermann\" \/>\n<meta name=\"twitter:card\" content=\"summary_large_image\" \/>\n<meta name=\"twitter:title\" content=\"Tour d&#039;Italie 2020 : Arnaud D\u00e9mare devance Peter Sagan sur la 4\u00e8me \u00e9tape\" \/>\n<meta name=\"twitter:creator\" content=\"@https:\/\/twitter.com\/FlOstermann\" \/>\n<meta name=\"twitter:site\" content=\"@dicodusport\" \/>\n<script type=\"application\/ld+json\" class=\"yoast-schema-graph\">{\"@context\":\"https:\/\/schema.org\",\"@graph\":[{\"@type\":\"NewsArticle\",\"@id\":\"https:\/\/dicodusport.fr\/blog\/tour-d-italie-2020-arnaud-demare-devance-peter-sagan-sur-la-4eme-etape\/#article\",\"isPartOf\":{\"@id\":\"https:\/\/dicodusport.fr\/blog\/tour-d-italie-2020-arnaud-demare-devance-peter-sagan-sur-la-4eme-etape\/\"},\"author\":{\"name\":\"Flo Ostermann\",\"@id\":\"https:\/\/dicodusport.fr\/blog\/#\/schema\/person\/cb02af4c173ce4a653b55e9baf388d4a\"},\"headline\":\"Tour d&rsquo;Italie 2020 : Arnaud D\u00e9mare devance Peter Sagan sur la 4\u00e8me \u00e9tape\",\"datePublished\":\"2020-10-06T14:01:02+00:00\",\"dateModified\":\"2020-10-06T16:17:12+00:00\",\"mainEntityOfPage\":{\"@id\":\"https:\/\/dicodusport.fr\/blog\/tour-d-italie-2020-arnaud-demare-devance-peter-sagan-sur-la-4eme-etape\/\"},\"wordCount\":401,\"commentCount\":0,\"publisher\":{\"@id\":\"https:\/\/dicodusport.fr\/blog\/#organization\"},\"image\":{\"@id\":\"https:\/\/dicodusport.fr\/blog\/tour-d-italie-2020-arnaud-demare-devance-peter-sagan-sur-la-4eme-etape\/#primaryimage\"},\"thumbnailUrl\":\"https:\/\/dicodusport.fr\/blog\/wp-content\/uploads\/2020\/10\/Tour-dItalie-2020-Arnaud-D\u00e9mare-devance-Peter-Sagan-sur-la-4\u00e8me-\u00e9tape.png\",\"keywords\":[\"Giro\",\"sport\"],\"articleSection\":[\"Tour d'Italie\"],\"inLanguage\":\"fr-FR\",\"potentialAction\":[{\"@type\":\"CommentAction\",\"name\":\"Comment\",\"target\":[\"https:\/\/dicodusport.fr\/blog\/tour-d-italie-2020-arnaud-demare-devance-peter-sagan-sur-la-4eme-etape\/#respond\"]}],\"copyrightYear\":\"2020\",\"copyrightHolder\":{\"@id\":\"https:\/\/dicodusport.fr\/blog\/#organization\"}},{\"@type\":\"WebPage\",\"@id\":\"https:\/\/dicodusport.fr\/blog\/tour-d-italie-2020-arnaud-demare-devance-peter-sagan-sur-la-4eme-etape\/\",\"url\":\"https:\/\/dicodusport.fr\/blog\/tour-d-italie-2020-arnaud-demare-devance-peter-sagan-sur-la-4eme-etape\/\",\"name\":\"Tour d'Italie 2020 : Arnaud D\u00e9mare devance Peter Sagan sur la 4\u00e8me \u00e9tape\",\"isPartOf\":{\"@id\":\"https:\/\/dicodusport.fr\/blog\/#website\"},\"primaryImageOfPage\":{\"@id\":\"https:\/\/dicodusport.fr\/blog\/tour-d-italie-2020-arnaud-demare-devance-peter-sagan-sur-la-4eme-etape\/#primaryimage\"},\"image\":{\"@id\":\"https:\/\/dicodusport.fr\/blog\/tour-d-italie-2020-arnaud-demare-devance-peter-sagan-sur-la-4eme-etape\/#primaryimage\"},\"thumbnailUrl\":\"https:\/\/dicodusport.fr\/blog\/wp-content\/uploads\/2020\/10\/Tour-dItalie-2020-Arnaud-D\u00e9mare-devance-Peter-Sagan-sur-la-4\u00e8me-\u00e9tape.png\",\"datePublished\":\"2020-10-06T14:01:02+00:00\",\"dateModified\":\"2020-10-06T16:17:12+00:00\",\"description\":\"TOUR D'ITALIE 2020 - Au terme d'un sprint d\u00e9cousu, Arnaud D\u00e9mare (Groupama-FDJ) a remport\u00e9 ce mardi la 4\u00e8me \u00e9tape du Giro, \u00e0 Villafranca Tirrena.\",\"breadcrumb\":{\"@id\":\"https:\/\/dicodusport.fr\/blog\/tour-d-italie-2020-arnaud-demare-devance-peter-sagan-sur-la-4eme-etape\/#breadcrumb\"},\"inLanguage\":\"fr-FR\",\"potentialAction\":[{\"@type\":\"ReadAction\",\"target\":[\"https:\/\/dicodusport.fr\/blog\/tour-d-italie-2020-arnaud-demare-devance-peter-sagan-sur-la-4eme-etape\/\"]}]},{\"@type\":\"ImageObject\",\"inLanguage\":\"fr-FR\",\"@id\":\"https:\/\/dicodusport.fr\/blog\/tour-d-italie-2020-arnaud-demare-devance-peter-sagan-sur-la-4eme-etape\/#primaryimage\",\"url\":\"https:\/\/dicodusport.fr\/blog\/wp-content\/uploads\/2020\/10\/Tour-dItalie-2020-Arnaud-D\u00e9mare-devance-Peter-Sagan-sur-la-4\u00e8me-\u00e9tape.png\",\"contentUrl\":\"https:\/\/dicodusport.fr\/blog\/wp-content\/uploads\/2020\/10\/Tour-dItalie-2020-Arnaud-D\u00e9mare-devance-Peter-Sagan-sur-la-4\u00e8me-\u00e9tape.png\",\"width\":800,\"height\":445,\"caption\":\"Arnaud D\u00e9mare au top sur le Giro - Twitter Giro d'Italia\"},{\"@type\":\"BreadcrumbList\",\"@id\":\"https:\/\/dicodusport.fr\/blog\/tour-d-italie-2020-arnaud-demare-devance-peter-sagan-sur-la-4eme-etape\/#breadcrumb\",\"itemListElement\":[{\"@type\":\"ListItem\",\"position\":1,\"name\":\"Accueil\",\"item\":\"https:\/\/dicodusport.fr\/blog\/\"},{\"@type\":\"ListItem\",\"position\":2,\"name\":\"Tour d&rsquo;Italie 2020 : Arnaud D\u00e9mare devance Peter Sagan sur la 4\u00e8me \u00e9tape\"}]},{\"@type\":\"WebSite\",\"@id\":\"https:\/\/dicodusport.fr\/blog\/#website\",\"url\":\"https:\/\/dicodusport.fr\/blog\/\",\"name\":\"Dicodusport\",\"description\":\"L&#039;encyclop\u00e9die de l&#039;actualit\u00e9 sportive\",\"publisher\":{\"@id\":\"https:\/\/dicodusport.fr\/blog\/#organization\"},\"potentialAction\":[{\"@type\":\"SearchAction\",\"target\":{\"@type\":\"EntryPoint\",\"urlTemplate\":\"https:\/\/dicodusport.fr\/blog\/?s={search_term_string}\"},\"query-input\":{\"@type\":\"PropertyValueSpecification\",\"valueRequired\":true,\"valueName\":\"search_term_string\"}}],\"inLanguage\":\"fr-FR\"},{\"@type\":\"NewsMediaOrganization\",\"@id\":\"https:\/\/dicodusport.fr\/blog\/#organization\",\"name\":\"Dicodusport\",\"url\":\"https:\/\/dicodusport.fr\/blog\/\",\"logo\":{\"@type\":\"ImageObject\",\"inLanguage\":\"fr-FR\",\"@id\":\"https:\/\/dicodusport.fr\/blog\/#\/schema\/logo\/image\/\",\"url\":\"https:\/\/dicodusport.fr\/blog\/wp-content\/uploads\/2020\/06\/cropped-LOGO-DICODUSPORT-2020-SANS-FOND-SANS-TEXTE.png\",\"contentUrl\":\"https:\/\/dicodusport.fr\/blog\/wp-content\/uploads\/2020\/06\/cropped-LOGO-DICODUSPORT-2020-SANS-FOND-SANS-TEXTE.png\",\"width\":512,\"height\":512,\"caption\":\"Dicodusport\"},\"image\":{\"@id\":\"https:\/\/dicodusport.fr\/blog\/#\/schema\/logo\/image\/\"},\"sameAs\":[\"https:\/\/www.facebook.com\/dicodusport\",\"https:\/\/x.com\/dicodusport\",\"https:\/\/www.instagram.com\/dicodusport\/\",\"https:\/\/www.youtube.com\/channel\/UC7V2KZ5sd3htJivAbA4ZG3w\"],\"description\":\"Dicodusport est l'encyclop\u00e9die de l'actualit\u00e9 sportive.\",\"email\":\"bonjour@dicodusport.fr\",\"legalName\":\"DICODUSPORT\",\"foundingDate\":\"2018-01-14\",\"vatID\":\"FR71834470973\",\"taxID\":\"83447097300043\",\"numberOfEmployees\":{\"@type\":\"QuantitativeValue\",\"minValue\":\"1\",\"maxValue\":\"10\"}},{\"@type\":\"Person\",\"@id\":\"https:\/\/dicodusport.fr\/blog\/#\/schema\/person\/cb02af4c173ce4a653b55e9baf388d4a\",\"name\":\"Flo Ostermann\",\"image\":{\"@type\":\"ImageObject\",\"inLanguage\":\"fr-FR\",\"@id\":\"https:\/\/dicodusport.fr\/blog\/#\/schema\/person\/image\/\",\"url\":\"https:\/\/dicodusport.fr\/blog\/wp-content\/uploads\/2021\/05\/Flo-Ostermann-150x150.jpg\",\"contentUrl\":\"https:\/\/dicodusport.fr\/blog\/wp-content\/uploads\/2021\/05\/Flo-Ostermann-150x150.jpg\",\"caption\":\"Flo Ostermann\"},\"description\":\"Journaliste\/R\u00e9dacteur depuis septembre 2015 - Mes premiers souvenirs dans le sport ? Les envol\u00e9es du Stade Toulousain et les duels Villeneuve-Schumacher et H\u00e4kkinen-Schumacher \u00e0 la fin des ann\u00e9es 90, la Coupe du monde de football en 1998, l\u2019exploit du XV de France face aux All Blacks en 1999, mais aussi Richard C\u0153ur de Lion qui vole sur les montagnes du Tour de France. Bien parti pour devenir professeur d\u2019EPS, les \u00e9v\u00e9nements de la vie (et la flemme d\u2019animer des s\u00e9ances de 3x500 m\u00e8tres toute ma vie) m\u2019ont conduit \u00e0 revoir mes plans. Me voil\u00e0 depuis fin 2017 sur Dicodusport, m\u00e9dia gr\u00e2ce (et pour) lequel je partage ma passion : le sport dans tous ses \u00e9tats. Le tout accompagn\u00e9 par les fous furieux et folles furieuses cit\u00e9s sur cette page !\",\"sameAs\":[\"https:\/\/www.facebook.com\/florent.ostermann\",\"https:\/\/x.com\/https:\/\/twitter.com\/FlOstermann\",\"admin\"],\"url\":\"https:\/\/dicodusport.fr\/blog\/author\/flo\/\"}]}<\/script>\n<!-- \/ Yoast SEO Premium plugin. -->","yoast_head_json":{"title":"Tour d'Italie 2020 : Arnaud D\u00e9mare devance Peter Sagan sur la 4\u00e8me \u00e9tape","description":"TOUR D'ITALIE 2020 - Au terme d'un sprint d\u00e9cousu, Arnaud D\u00e9mare (Groupama-FDJ) a remport\u00e9 ce mardi la 4\u00e8me \u00e9tape du Giro, \u00e0 Villafranca Tirrena.","robots":{"index":"index","follow":"follow","max-snippet":"max-snippet:-1","max-image-preview":"max-image-preview:large","max-video-preview":"max-video-preview:-1"},"canonical":"https:\/\/dicodusport.fr\/blog\/tour-d-italie-2020-arnaud-demare-devance-peter-sagan-sur-la-4eme-etape\/","og_locale":"fr_FR","og_type":"article","og_title":"Tour d'Italie 2020 : Arnaud D\u00e9mare devance Peter Sagan sur la 4\u00e8me \u00e9tape","og_description":"TOUR D'ITALIE 2020 - Au terme d'un sprint d\u00e9cousu, Arnaud D\u00e9mare (Groupama-FDJ) a remport\u00e9 ce mardi la 4\u00e8me \u00e9tape du Giro, \u00e0 Villafranca Tirrena.","og_url":"https:\/\/dicodusport.fr\/blog\/tour-d-italie-2020-arnaud-demare-devance-peter-sagan-sur-la-4eme-etape\/","og_site_name":"Dicodusport","article_publisher":"https:\/\/www.facebook.com\/dicodusport","article_author":"https:\/\/www.facebook.com\/florent.ostermann","article_published_time":"2020-10-06T14:01:02+00:00","article_modified_time":"2020-10-06T16:17:12+00:00","og_image":[{"width":800,"height":445,"url":"https:\/\/dicodusport.fr\/blog\/wp-content\/uploads\/2020\/10\/Tour-dItalie-2020-Arnaud-D\u00e9mare-devance-Peter-Sagan-sur-la-4\u00e8me-\u00e9tape.png","type":"image\/png"}],"author":"Flo Ostermann","twitter_card":"summary_large_image","twitter_title":"Tour d'Italie 2020 : Arnaud D\u00e9mare devance Peter Sagan sur la 4\u00e8me \u00e9tape","twitter_creator":"@https:\/\/twitter.com\/FlOstermann","twitter_site":"@dicodusport","schema":{"@context":"https:\/\/schema.org","@graph":[{"@type":"NewsArticle","@id":"https:\/\/dicodusport.fr\/blog\/tour-d-italie-2020-arnaud-demare-devance-peter-sagan-sur-la-4eme-etape\/#article","isPartOf":{"@id":"https:\/\/dicodusport.fr\/blog\/tour-d-italie-2020-arnaud-demare-devance-peter-sagan-sur-la-4eme-etape\/"},"author":{"name":"Flo Ostermann","@id":"https:\/\/dicodusport.fr\/blog\/#\/schema\/person\/cb02af4c173ce4a653b55e9baf388d4a"},"headline":"Tour d&rsquo;Italie 2020 : Arnaud D\u00e9mare devance Peter Sagan sur la 4\u00e8me \u00e9tape","datePublished":"2020-10-06T14:01:02+00:00","dateModified":"2020-10-06T16:17:12+00:00","mainEntityOfPage":{"@id":"https:\/\/dicodusport.fr\/blog\/tour-d-italie-2020-arnaud-demare-devance-peter-sagan-sur-la-4eme-etape\/"},"wordCount":401,"commentCount":0,"publisher":{"@id":"https:\/\/dicodusport.fr\/blog\/#organization"},"image":{"@id":"https:\/\/dicodusport.fr\/blog\/tour-d-italie-2020-arnaud-demare-devance-peter-sagan-sur-la-4eme-etape\/#primaryimage"},"thumbnailUrl":"https:\/\/dicodusport.fr\/blog\/wp-content\/uploads\/2020\/10\/Tour-dItalie-2020-Arnaud-D\u00e9mare-devance-Peter-Sagan-sur-la-4\u00e8me-\u00e9tape.png","keywords":["Giro","sport"],"articleSection":["Tour d'Italie"],"inLanguage":"fr-FR","potentialAction":[{"@type":"CommentAction","name":"Comment","target":["https:\/\/dicodusport.fr\/blog\/tour-d-italie-2020-arnaud-demare-devance-peter-sagan-sur-la-4eme-etape\/#respond"]}],"copyrightYear":"2020","copyrightHolder":{"@id":"https:\/\/dicodusport.fr\/blog\/#organization"}},{"@type":"WebPage","@id":"https:\/\/dicodusport.fr\/blog\/tour-d-italie-2020-arnaud-demare-devance-peter-sagan-sur-la-4eme-etape\/","url":"https:\/\/dicodusport.fr\/blog\/tour-d-italie-2020-arnaud-demare-devance-peter-sagan-sur-la-4eme-etape\/","name":"Tour d'Italie 2020 : Arnaud D\u00e9mare devance Peter Sagan sur la 4\u00e8me \u00e9tape","isPartOf":{"@id":"https:\/\/dicodusport.fr\/blog\/#website"},"primaryImageOfPage":{"@id":"https:\/\/dicodusport.fr\/blog\/tour-d-italie-2020-arnaud-demare-devance-peter-sagan-sur-la-4eme-etape\/#primaryimage"},"image":{"@id":"https:\/\/dicodusport.fr\/blog\/tour-d-italie-2020-arnaud-demare-devance-peter-sagan-sur-la-4eme-etape\/#primaryimage"},"thumbnailUrl":"https:\/\/dicodusport.fr\/blog\/wp-content\/uploads\/2020\/10\/Tour-dItalie-2020-Arnaud-D\u00e9mare-devance-Peter-Sagan-sur-la-4\u00e8me-\u00e9tape.png","datePublished":"2020-10-06T14:01:02+00:00","dateModified":"2020-10-06T16:17:12+00:00","description":"TOUR D'ITALIE 2020 - Au terme d'un sprint d\u00e9cousu, Arnaud D\u00e9mare (Groupama-FDJ) a remport\u00e9 ce mardi la 4\u00e8me \u00e9tape du Giro, \u00e0 Villafranca Tirrena.","breadcrumb":{"@id":"https:\/\/dicodusport.fr\/blog\/tour-d-italie-2020-arnaud-demare-devance-peter-sagan-sur-la-4eme-etape\/#breadcrumb"},"inLanguage":"fr-FR","potentialAction":[{"@type":"ReadAction","target":["https:\/\/dicodusport.fr\/blog\/tour-d-italie-2020-arnaud-demare-devance-peter-sagan-sur-la-4eme-etape\/"]}]},{"@type":"ImageObject","inLanguage":"fr-FR","@id":"https:\/\/dicodusport.fr\/blog\/tour-d-italie-2020-arnaud-demare-devance-peter-sagan-sur-la-4eme-etape\/#primaryimage","url":"https:\/\/dicodusport.fr\/blog\/wp-content\/uploads\/2020\/10\/Tour-dItalie-2020-Arnaud-D\u00e9mare-devance-Peter-Sagan-sur-la-4\u00e8me-\u00e9tape.png","contentUrl":"https:\/\/dicodusport.fr\/blog\/wp-content\/uploads\/2020\/10\/Tour-dItalie-2020-Arnaud-D\u00e9mare-devance-Peter-Sagan-sur-la-4\u00e8me-\u00e9tape.png","width":800,"height":445,"caption":"Arnaud D\u00e9mare au top sur le Giro - Twitter Giro d'Italia"},{"@type":"BreadcrumbList","@id":"https:\/\/dicodusport.fr\/blog\/tour-d-italie-2020-arnaud-demare-devance-peter-sagan-sur-la-4eme-etape\/#breadcrumb","itemListElement":[{"@type":"ListItem","position":1,"name":"Accueil","item":"https:\/\/dicodusport.fr\/blog\/"},{"@type":"ListItem","position":2,"name":"Tour d&rsquo;Italie 2020 : Arnaud D\u00e9mare devance Peter Sagan sur la 4\u00e8me \u00e9tape"}]},{"@type":"WebSite","@id":"https:\/\/dicodusport.fr\/blog\/#website","url":"https:\/\/dicodusport.fr\/blog\/","name":"Dicodusport","description":"L&#039;encyclop\u00e9die de l&#039;actualit\u00e9 sportive","publisher":{"@id":"https:\/\/dicodusport.fr\/blog\/#organization"},"potentialAction":[{"@type":"SearchAction","target":{"@type":"EntryPoint","urlTemplate":"https:\/\/dicodusport.fr\/blog\/?s={search_term_string}"},"query-input":{"@type":"PropertyValueSpecification","valueRequired":true,"valueName":"search_term_string"}}],"inLanguage":"fr-FR"},{"@type":"NewsMediaOrganization","@id":"https:\/\/dicodusport.fr\/blog\/#organization","name":"Dicodusport","url":"https:\/\/dicodusport.fr\/blog\/","logo":{"@type":"ImageObject","inLanguage":"fr-FR","@id":"https:\/\/dicodusport.fr\/blog\/#\/schema\/logo\/image\/","url":"https:\/\/dicodusport.fr\/blog\/wp-content\/uploads\/2020\/06\/cropped-LOGO-DICODUSPORT-2020-SANS-FOND-SANS-TEXTE.png","contentUrl":"https:\/\/dicodusport.fr\/blog\/wp-content\/uploads\/2020\/06\/cropped-LOGO-DICODUSPORT-2020-SANS-FOND-SANS-TEXTE.png","width":512,"height":512,"caption":"Dicodusport"},"image":{"@id":"https:\/\/dicodusport.fr\/blog\/#\/schema\/logo\/image\/"},"sameAs":["https:\/\/www.facebook.com\/dicodusport","https:\/\/x.com\/dicodusport","https:\/\/www.instagram.com\/dicodusport\/","https:\/\/www.youtube.com\/channel\/UC7V2KZ5sd3htJivAbA4ZG3w"],"description":"Dicodusport est l'encyclop\u00e9die de l'actualit\u00e9 sportive.","email":"bonjour@dicodusport.fr","legalName":"DICODUSPORT","foundingDate":"2018-01-14","vatID":"FR71834470973","taxID":"83447097300043","numberOfEmployees":{"@type":"QuantitativeValue","minValue":"1","maxValue":"10"}},{"@type":"Person","@id":"https:\/\/dicodusport.fr\/blog\/#\/schema\/person\/cb02af4c173ce4a653b55e9baf388d4a","name":"Flo Ostermann","image":{"@type":"ImageObject","inLanguage":"fr-FR","@id":"https:\/\/dicodusport.fr\/blog\/#\/schema\/person\/image\/","url":"https:\/\/dicodusport.fr\/blog\/wp-content\/uploads\/2021\/05\/Flo-Ostermann-150x150.jpg","contentUrl":"https:\/\/dicodusport.fr\/blog\/wp-content\/uploads\/2021\/05\/Flo-Ostermann-150x150.jpg","caption":"Flo Ostermann"},"description":"Journaliste\/R\u00e9dacteur depuis septembre 2015 - Mes premiers souvenirs dans le sport ? Les envol\u00e9es du Stade Toulousain et les duels Villeneuve-Schumacher et H\u00e4kkinen-Schumacher \u00e0 la fin des ann\u00e9es 90, la Coupe du monde de football en 1998, l\u2019exploit du XV de France face aux All Blacks en 1999, mais aussi Richard C\u0153ur de Lion qui vole sur les montagnes du Tour de France. Bien parti pour devenir professeur d\u2019EPS, les \u00e9v\u00e9nements de la vie (et la flemme d\u2019animer des s\u00e9ances de 3x500 m\u00e8tres toute ma vie) m\u2019ont conduit \u00e0 revoir mes plans. Me voil\u00e0 depuis fin 2017 sur Dicodusport, m\u00e9dia gr\u00e2ce (et pour) lequel je partage ma passion : le sport dans tous ses \u00e9tats. Le tout accompagn\u00e9 par les fous furieux et folles furieuses cit\u00e9s sur cette page !","sameAs":["https:\/\/www.facebook.com\/florent.ostermann","https:\/\/x.com\/https:\/\/twitter.com\/FlOstermann","admin"],"url":"https:\/\/dicodusport.fr\/blog\/author\/flo\/"}]}},"_links":{"self":[{"href":"https:\/\/dicodusport.fr\/blog\/wp-json\/wp\/v2\/posts\/81462","targetHints":{"allow":["GET"]}}],"collection":[{"href":"https:\/\/dicodusport.fr\/blog\/wp-json\/wp\/v2\/posts"}],"about":[{"href":"https:\/\/dicodusport.fr\/blog\/wp-json\/wp\/v2\/types\/post"}],"author":[{"embeddable":true,"href":"https:\/\/dicodusport.fr\/blog\/wp-json\/wp\/v2\/users\/4"}],"replies":[{"embeddable":true,"href":"https:\/\/dicodusport.fr\/blog\/wp-json\/wp\/v2\/comments?post=81462"}],"version-history":[{"count":0,"href":"https:\/\/dicodusport.fr\/blog\/wp-json\/wp\/v2\/posts\/81462\/revisions"}],"wp:featuredmedia":[{"embeddable":true,"href":"https:\/\/dicodusport.fr\/blog\/wp-json\/wp\/v2\/media\/81502"}],"wp:attachment":[{"href":"https:\/\/dicodusport.fr\/blog\/wp-json\/wp\/v2\/media?parent=81462"}],"wp:term":[{"taxonomy":"category","embeddable":true,"href":"https:\/\/dicodusport.fr\/blog\/wp-json\/wp\/v2\/categories?post=81462"},{"taxonomy":"post_tag","embeddable":true,"href":"https:\/\/dicodusport.fr\/blog\/wp-json\/wp\/v2\/tags?post=81462"}],"curies":[{"name":"wp","href":"https:\/\/api.w.org\/{rel}","templated":true}]}}