{"id":8180,"date":"2017-12-06T12:00:38","date_gmt":"2017-12-06T11:00:38","guid":{"rendered":"http:\/\/dicodusport.fr\/blog\/?p=8180"},"modified":"2017-12-06T11:19:02","modified_gmt":"2017-12-06T10:19:02","slug":"face-a-face-bruno-genesio-merite-t-detre-autant-critique","status":"publish","type":"post","link":"https:\/\/dicodusport.fr\/blog\/face-a-face-bruno-genesio-merite-t-detre-autant-critique\/","title":{"rendered":"Face \u00e0 face : Bruno G\u00e9n\u00e9sio m\u00e9rite-t-il d&rsquo;\u00eatre autant critiqu\u00e9 ?"},"content":{"rendered":"<p style=\"text-align: justify;\"><em><b>Chaque mercredi, les r\u00e9dacteurs de Dicodusport\u00a0entrent sur le ring et s\u2019affrontent dans un\u00a0<\/b><a style=\"font-weight: bold;\" href=\"https:\/\/dicodusport.fr\/blog\/face-a-face\/\">Face \u00e0 Face<\/a><b>\u00a0autour d\u2019un sujet d\u2019actualit\u00e9. Dans ce un-contre-un engag\u00e9, chaque r\u00e9dacteur ou r\u00e9dactrice tentera de convaincre son adversaire ainsi que vous, cher lecteur, qu\u2019il m\u00e9rite de remporter ce Face \u00e0 Face. Un arbitre sera alors charg\u00e9 de les d\u00e9partager et de d\u00e9signer un vainqueur. Cette semaine, le d\u00e9bat porte sur la cr\u00e9dibilit\u00e9 de l\u2019entra\u00eeneur\u00a0de l&rsquo;Olympique Lyonnais, Bruno G\u00e9n\u00e9sio.<\/b><\/em><\/p>\n<hr \/>\n<p style=\"text-align: justify;\"><img loading=\"lazy\" decoding=\"async\" class=\"wp-image-7009 size-medium aligncenter\" src=\"http:\/\/dicodusport.fr\/blog\/wp-content\/uploads\/2017\/11\/Florent-300x300.jpg\" alt=\"\" width=\"300\" height=\"300\" srcset=\"https:\/\/dicodusport.fr\/blog\/wp-content\/uploads\/2017\/11\/Florent-300x300.jpg 300w, https:\/\/dicodusport.fr\/blog\/wp-content\/uploads\/2017\/11\/Florent-150x150.jpg 150w, https:\/\/dicodusport.fr\/blog\/wp-content\/uploads\/2017\/11\/Florent-768x768.jpg 768w, https:\/\/dicodusport.fr\/blog\/wp-content\/uploads\/2017\/11\/Florent.jpg 864w\" sizes=\"auto, (max-width: 300px) 100vw, 300px\" \/><\/p>\n<h4 style=\"text-align: justify;\"><\/h4>\n<h4 style=\"text-align: justify;\">&#x1f44d;\u00a0Florent pense que G\u00e9n\u00e9sio\u00a0a su faire taire les critiques.<\/h4>\n<p style=\"text-align: justify;\">Non, Bruno G\u00e9n\u00e9sio ne m\u00e9rite pas d\u2019\u00eatre autant critiqu\u00e9.<\/p>\n<p style=\"text-align: justify;\">Et pour cause, le technicien lyonnais a des faits qui parlent pour lui. Depuis le 17 septembre dernier et un dernier revers contre le PSG (2-0), Les Lyonnais ne cessent d\u2019impressionner et sont deuxi\u00e8mes au classement de la Ligue 1, \u00e0 9 points des Parisiens. Fortement remis en cause il y a encore quelques mois, il a r\u00e9ussi \u00e0 mettre en place un syst\u00e8me de jeu des plus efficaces, tout en manageant \u00e0 la perfection des joueurs en difficult\u00e9 \u00e0 un moment donn\u00e9, comme Memphis et Fekir, intenables depuis fin septembre. Avec une s\u00e9rie de 12 matchs sans d\u00e9faite entre le 17 septembre et fin novembre et une d\u00e9faite contre Lille, Lyon et G\u00e9n\u00e9sio ont clairement remis les pendules \u00e0 l\u2019heure.<\/p>\n<p style=\"text-align: justify;\">Et puis, lorsqu\u2019on lui pose la question sur les nombreuses critiques qu\u2019il a essuy\u00e9es en conf\u00e9rence de presse, Bruno G\u00e9n\u00e9sio dit n\u2019avoir \u00ab\u00a0aucune amertume envers qui que ce soit\u00a0\u00bb. Signe d\u2019un entra\u00eeneur d\u2019une grande intelligence, il admet que \u00ab\u00a0chacun a le droit de s\u2019exprimer\u00a0\u00bb. Accepter la critique, se remettre en question et avoir des r\u00e9sultats, tout en gardant l\u2019ensemble du groupe rhodanien concern\u00e9, comment peut-on encore tirer sur Bruno G\u00e9n\u00e9sio. J\u2019attends tes arguments Monsieur Grincheux\u00a0!<\/p>\n<hr \/>\n<p><img loading=\"lazy\" decoding=\"async\" class=\"aligncenter\" src=\"http:\/\/dicodusport.fr\/blog\/wp-content\/uploads\/2017\/11\/13103514_1438538792838834_234590514593084736_n-300x300.jpg\" alt=\"\" width=\"300\" height=\"300\" \/><\/p>\n<h4 style=\"text-align: justify;\"><\/h4>\n<h4 style=\"text-align: justify;\">&#x1f44e; Pour Mathieu, pas l&rsquo;ombre d&rsquo;un doute, G\u00e9n\u00e9sio n&rsquo;a pas les \u00e9paules.<\/h4>\n<p style=\"text-align: justify;\">Tout d\u2019abord dans ce d\u00e9bat, anticipons deux arguments adverses\u00a0: le bilan comptable de l\u2019OL en Ligue 1 est certes bon (2<sup>\u00e8me<\/sup>) mais ce qui compte ici n\u2019est pas le r\u00e9sultat mais la mani\u00e8re dont Bruno G\u00e9n\u00e9sio coache l\u2019effectif, on y viendra. Ensuite oui il est beaucoup critiqu\u00e9, trop selon Flo, mais en Ligue 1 aujourd\u2019hui l\u2019exigence est primordiale envers les coachs, surtout quand ils disposent d\u2019un tel effectif.<\/p>\n<p style=\"text-align: justify;\">Justement cet effectif est, apr\u00e8s le pillage de Monaco cet \u00e9t\u00e9, le 2\u00e8me meilleur de Ligue 1, avec des joueurs de ballons \u00e0 gogo. Comment expliquer alors le faible niveau tactique et technique produit par le collectif\u00a0? Sans les talentueuses individualit\u00e9s lyonnaises comme Fekir, Mariano ou Cornet, cela serait plus compliqu\u00e9.<\/p>\n<p style=\"text-align: justify;\">Concr\u00e8tement, l\u2019OL dispose d\u2019un effectif qui aime prendre les espaces et jouer sur la vitesse individuelle de ses joueurs. Le coach a ici un r\u00f4le beaucoup plus mineur dans les r\u00e9sultats de son \u00e9quipe car ils sont dus aux bonnes performances ou pas de ses individualit\u00e9s offensives. C\u2019est l\u2019inverse des tacticiens comme Guardiola, Bielsa, ou au niveau fran\u00e7ais Christian Gourcuff qui travaillent d\u2019abord sur le collectif.<\/p>\n<p style=\"text-align: justify;\">C\u2019est finalement l\u00e0 o\u00f9 le bat blesse\u00a0: \u00ab\u00a0Pep\u00a0\u00bb Genesio est sans doute un bon entra\u00eeneur pour une \u00e9quipe moyenne de Ligue 1, mais il n\u2019est pas \u00e0 la hauteur de l\u2019effectif lyonnais et surtout de ce qu\u2019il en fait (seulement 2<sup>\u00e8me<\/sup> du groupe en Ligue Europa \u00e9galement). Alors s\u2019il m\u00e9rite d\u2019\u00eatre critiqu\u00e9 autant, et c\u2019est le cas selon moi, Jean-Michel Aulas devrait lui all\u00e9ger ce poids et trouver un entra\u00eeneur de renom pour lui succ\u00e9der.<\/p>\n<hr \/>\n<h4 style=\"text-align: justify;\"><strong>Verdict de l\u2019arbitre :<\/strong><\/h4>\n<p style=\"text-align: justify;\">Et il sera sans appel.<\/p>\n<p style=\"text-align: justify;\"><strong>Mathieu\u00a0<\/strong>pense que l&rsquo;effectif de Lyon est le deuxi\u00e8me de Ligue 1, ce qui est juste. Pour une quasi-totalit\u00e9 des observateurs, l&rsquo;effectif lyonnais se situe qualitativement entre la 2nde et la 4\u00e8me place, au duel avec Monaco et Marseille. Pourquoi alors s&rsquo;acharner sur le \u00ab\u00a0niveau tactique\u00a0\u00bb de l&rsquo;\u00e9quipe alors qu&rsquo;elle est peut-\u00eatre la plus belle \u00e0 voir jouer dans notre championnat ? Et qu&rsquo;elle se situe justement \u00e0 la deuxi\u00e8me place du classement actuel ? Il soul\u00e8ve aussi la chance des Lyonnais de pouvoir compter sur certaines individualit\u00e9s (en \u00e9voquant Maxwell Cornet, bon depuis seulement quelques matches) ce qui est le cas de tous les grands clubs d&rsquo;Europe.<\/p>\n<p style=\"text-align: justify;\">De l&rsquo;autre c\u00f4t\u00e9 du ring, <strong>Florent<\/strong> soul\u00e8ve des points int\u00e9ressants. Il \u00e9voque le cas F\u00e9kir, revenu \u00e0 son meilleur niveau depuis l&rsquo;intersaison. Nul doute que le brassard de capitaine et les mots de G\u00e9n\u00e9sio ont pes\u00e9 dans la balance. Que dire alors du cas Depay. M\u00e9diocre en d\u00e9but de saison, l&rsquo;entra\u00eeneur des Gones n&rsquo;a pas h\u00e9sit\u00e9 \u00e0 mettre en tribune son \u00e9l\u00e9ment le plus co\u00fbteux de l&rsquo;effectif. R\u00e9sultat, Memphis montre de semaine en semaine l&rsquo;\u00e9tendue de son talent, individuel et collectif.<br \/>\nAutre point tr\u00e8s important, Florent a parl\u00e9 de l&rsquo;attitude de Bruno G\u00e9n\u00e9sio vis-\u00e0-vis des critiques qu&rsquo;il a subies, principalement l&rsquo;an dernier. Il est possible de retrouver son entretien avec Daniel Riolo, l&rsquo;un des premiers \u00e0 avoir demand\u00e9\u00a0un entra\u00eeneur de renom \u00e0 sa place, comme le souhaite Mathieu. Dans cette interview, G\u00e9n\u00e9sio reprend les points \u00e9voqu\u00e9s par Florent, il se livre et nous montre un comportement exemplaire (contrairement \u00e0 Dupraz).<\/p>\n<p style=\"text-align: justify;\">Si Bruno G\u00e9n\u00e9sio n&rsquo;est peut-\u00eatre pas le fin tacticien attendu par ses d\u00e9tracteurs, il ne faut pas oublier que son v\u00e9ritable m\u00e9tier est celui d&rsquo;entra\u00eeneur-adjoint, \u00e0 qui on livre les s\u00e9ances de travail en semaine et aupr\u00e8s des joueurs toute l&rsquo;ann\u00e9e. Un exemple frappant est l&rsquo;arriv\u00e9e des joueurs lyonnais apr\u00e8s la pause. G\u00e9n\u00e9sio insiste pour que les Gones reviennent 5 minutes plus t\u00f4t et s&rsquo;\u00e9chauffent tous ensemble, afin de pas\u00a0\u00eatre froids au coup de sifflet de l&rsquo;arbitre.<br \/>\nC&rsquo;est peut-\u00eatre \u00e7a la touche G\u00e9n\u00e9sio. Un entra\u00eeneur\u00a0aux c\u00f4t\u00e9s de ses joueurs, affectif et droit. La m\u00e9thode ne marchait peut-\u00eatre pas l&rsquo;an dernier, elle fonctionne \u00e0 merveille cette ann\u00e9e avec en plus, un effectif remani\u00e9, nouveau.<\/p>\n<p style=\"text-align: justify;\">La victoire revient logiquement \u00e0 <strong>Florent<\/strong>.<\/p>\n<p style=\"text-align: justify;\"><em><strong><span style=\"color: #000000;\">Benjamin Douarre<\/span><\/strong><\/em><em><strong><br \/>\n<a href=\"https:\/\/twitter.com\/BDouarre\" target=\"_blank\" rel=\"noopener noreferrer\"><img loading=\"lazy\" decoding=\"async\" class=\"alignnone wp-image-2908\" src=\"http:\/\/dicodusport.fr\/blog\/wp-content\/uploads\/2017\/07\/logo-twitter-150x150.png\" alt=\"\" width=\"39\" height=\"39\" \/><\/a><\/strong><\/em><\/p>\n","protected":false},"excerpt":{"rendered":"<p>Chaque mercredi, les r\u00e9dacteurs de Dicodusport\u00a0entrent sur le ring et s\u2019affrontent dans un\u00a0Face \u00e0 Face\u00a0autour d\u2019un sujet d\u2019actualit\u00e9. Dans ce un-contre-un engag\u00e9, chaque r\u00e9dacteur ou r\u00e9dactrice tentera de convaincre son adversaire ainsi que vous, cher lecteur, qu\u2019il m\u00e9rite de remporter ce Face \u00e0 Face. Un arbitre sera alors charg\u00e9 de les d\u00e9partager et de d\u00e9signer [&hellip;]<\/p>\n","protected":false},"author":19,"featured_media":8176,"comment_status":"open","ping_status":"closed","sticky":false,"template":"","format":"standard","meta":{"_acf_changed":false,"_daextam_enable_autolinks":"","footnotes":""},"categories":[2348,2301],"tags":[2734,2420,2422,75,1554,449,1145,1146],"class_list":["post-8180","post","type-post","status-publish","format-standard","has-post-thumbnail","hentry","category-face-a-face","category-football","tag-aulas","tag-debat","tag-face-a-face","tag-football","tag-ligue-1","tag-lyon","tag-ol","tag-olympique-lyonnais"],"acf":[],"yoast_head":"<!-- This site is optimized with the Yoast SEO Premium plugin v26.7 (Yoast SEO v26.7) - https:\/\/yoast.com\/wordpress\/plugins\/seo\/ -->\n<title>Face \u00e0 face : Bruno G\u00e9n\u00e9sio m\u00e9rite-t-il d&#039;\u00eatre autant critiqu\u00e9 ?<\/title>\n<meta name=\"description\" content=\"Cette semaine, le d\u00e9bat porte sur la cr\u00e9dibilit\u00e9 de l\u2019entra\u00eeneur de l&#039;Olympique Lyonnais, Bruno G\u00e9n\u00e9sio.\" \/>\n<meta name=\"robots\" content=\"index, follow, max-snippet:-1, max-image-preview:large, max-video-preview:-1\" \/>\n<link rel=\"canonical\" href=\"https:\/\/dicodusport.fr\/blog\/face-a-face-bruno-genesio-merite-t-detre-autant-critique\/\" \/>\n<meta property=\"og:locale\" content=\"fr_FR\" \/>\n<meta property=\"og:type\" content=\"article\" \/>\n<meta property=\"og:title\" content=\"Face \u00e0 face : Bruno G\u00e9n\u00e9sio m\u00e9rite-t-il d&#039;\u00eatre autant critiqu\u00e9 ?\" \/>\n<meta property=\"og:description\" content=\"Cette semaine, le d\u00e9bat porte sur la cr\u00e9dibilit\u00e9 de l\u2019entra\u00eeneur de l&#039;Olympique Lyonnais, Bruno G\u00e9n\u00e9sio.\" \/>\n<meta property=\"og:url\" content=\"https:\/\/dicodusport.fr\/blog\/face-a-face-bruno-genesio-merite-t-detre-autant-critique\/\" \/>\n<meta property=\"og:site_name\" content=\"Dicodusport\" \/>\n<meta property=\"article:publisher\" content=\"https:\/\/www.facebook.com\/dicodusport\" \/>\n<meta property=\"article:published_time\" content=\"2017-12-06T11:00:38+00:00\" \/>\n<meta property=\"og:image\" content=\"https:\/\/dicodusport.fr\/blog\/wp-content\/uploads\/2017\/12\/Bruno-G\u00e9n\u00e9sio-fait-taire-les-critiques.png\" \/>\n\t<meta property=\"og:image:width\" content=\"1200\" \/>\n\t<meta property=\"og:image:height\" content=\"670\" \/>\n\t<meta property=\"og:image:type\" content=\"image\/png\" \/>\n<meta name=\"author\" content=\"Benjamin\" \/>\n<meta name=\"twitter:card\" content=\"summary_large_image\" \/>\n<meta name=\"twitter:creator\" content=\"@dicodusport\" \/>\n<meta name=\"twitter:site\" content=\"@dicodusport\" \/>\n<script type=\"application\/ld+json\" class=\"yoast-schema-graph\">{\"@context\":\"https:\/\/schema.org\",\"@graph\":[{\"@type\":\"NewsArticle\",\"@id\":\"https:\/\/dicodusport.fr\/blog\/face-a-face-bruno-genesio-merite-t-detre-autant-critique\/#article\",\"isPartOf\":{\"@id\":\"https:\/\/dicodusport.fr\/blog\/face-a-face-bruno-genesio-merite-t-detre-autant-critique\/\"},\"author\":{\"name\":\"Benjamin\",\"@id\":\"https:\/\/dicodusport.fr\/blog\/#\/schema\/person\/202a0039759f44af4077cc19cf41bbc6\"},\"headline\":\"Face \u00e0 face : Bruno G\u00e9n\u00e9sio m\u00e9rite-t-il d&rsquo;\u00eatre autant critiqu\u00e9 ?\",\"datePublished\":\"2017-12-06T11:00:38+00:00\",\"mainEntityOfPage\":{\"@id\":\"https:\/\/dicodusport.fr\/blog\/face-a-face-bruno-genesio-merite-t-detre-autant-critique\/\"},\"wordCount\":1103,\"commentCount\":0,\"publisher\":{\"@id\":\"https:\/\/dicodusport.fr\/blog\/#organization\"},\"image\":{\"@id\":\"https:\/\/dicodusport.fr\/blog\/face-a-face-bruno-genesio-merite-t-detre-autant-critique\/#primaryimage\"},\"thumbnailUrl\":\"https:\/\/dicodusport.fr\/blog\/wp-content\/uploads\/2017\/12\/Bruno-G\u00e9n\u00e9sio-fait-taire-les-critiques.png\",\"keywords\":[\"Aulas\",\"D\u00e9bat\",\"face \u00e0 face\",\"Football\",\"Ligue 1\",\"Lyon\",\"OL\",\"Olympique lyonnais\"],\"articleSection\":[\"Face \u00e0 face\",\"Football\"],\"inLanguage\":\"fr-FR\",\"potentialAction\":[{\"@type\":\"CommentAction\",\"name\":\"Comment\",\"target\":[\"https:\/\/dicodusport.fr\/blog\/face-a-face-bruno-genesio-merite-t-detre-autant-critique\/#respond\"]}],\"copyrightYear\":\"2017\",\"copyrightHolder\":{\"@id\":\"https:\/\/dicodusport.fr\/blog\/#organization\"}},{\"@type\":\"WebPage\",\"@id\":\"https:\/\/dicodusport.fr\/blog\/face-a-face-bruno-genesio-merite-t-detre-autant-critique\/\",\"url\":\"https:\/\/dicodusport.fr\/blog\/face-a-face-bruno-genesio-merite-t-detre-autant-critique\/\",\"name\":\"Face \u00e0 face : Bruno G\u00e9n\u00e9sio m\u00e9rite-t-il d'\u00eatre autant critiqu\u00e9 ?\",\"isPartOf\":{\"@id\":\"https:\/\/dicodusport.fr\/blog\/#website\"},\"primaryImageOfPage\":{\"@id\":\"https:\/\/dicodusport.fr\/blog\/face-a-face-bruno-genesio-merite-t-detre-autant-critique\/#primaryimage\"},\"image\":{\"@id\":\"https:\/\/dicodusport.fr\/blog\/face-a-face-bruno-genesio-merite-t-detre-autant-critique\/#primaryimage\"},\"thumbnailUrl\":\"https:\/\/dicodusport.fr\/blog\/wp-content\/uploads\/2017\/12\/Bruno-G\u00e9n\u00e9sio-fait-taire-les-critiques.png\",\"datePublished\":\"2017-12-06T11:00:38+00:00\",\"description\":\"Cette semaine, le d\u00e9bat porte sur la cr\u00e9dibilit\u00e9 de l\u2019entra\u00eeneur de l'Olympique Lyonnais, Bruno G\u00e9n\u00e9sio.\",\"breadcrumb\":{\"@id\":\"https:\/\/dicodusport.fr\/blog\/face-a-face-bruno-genesio-merite-t-detre-autant-critique\/#breadcrumb\"},\"inLanguage\":\"fr-FR\",\"potentialAction\":[{\"@type\":\"ReadAction\",\"target\":[\"https:\/\/dicodusport.fr\/blog\/face-a-face-bruno-genesio-merite-t-detre-autant-critique\/\"]}]},{\"@type\":\"ImageObject\",\"inLanguage\":\"fr-FR\",\"@id\":\"https:\/\/dicodusport.fr\/blog\/face-a-face-bruno-genesio-merite-t-detre-autant-critique\/#primaryimage\",\"url\":\"https:\/\/dicodusport.fr\/blog\/wp-content\/uploads\/2017\/12\/Bruno-G\u00e9n\u00e9sio-fait-taire-les-critiques.png\",\"contentUrl\":\"https:\/\/dicodusport.fr\/blog\/wp-content\/uploads\/2017\/12\/Bruno-G\u00e9n\u00e9sio-fait-taire-les-critiques.png\",\"width\":1200,\"height\":670},{\"@type\":\"BreadcrumbList\",\"@id\":\"https:\/\/dicodusport.fr\/blog\/face-a-face-bruno-genesio-merite-t-detre-autant-critique\/#breadcrumb\",\"itemListElement\":[{\"@type\":\"ListItem\",\"position\":1,\"name\":\"Accueil\",\"item\":\"https:\/\/dicodusport.fr\/blog\/\"},{\"@type\":\"ListItem\",\"position\":2,\"name\":\"Face \u00e0 face : Bruno G\u00e9n\u00e9sio m\u00e9rite-t-il d&rsquo;\u00eatre autant critiqu\u00e9 ?\"}]},{\"@type\":\"WebSite\",\"@id\":\"https:\/\/dicodusport.fr\/blog\/#website\",\"url\":\"https:\/\/dicodusport.fr\/blog\/\",\"name\":\"Dicodusport\",\"description\":\"L&#039;encyclop\u00e9die de l&#039;actualit\u00e9 sportive\",\"publisher\":{\"@id\":\"https:\/\/dicodusport.fr\/blog\/#organization\"},\"potentialAction\":[{\"@type\":\"SearchAction\",\"target\":{\"@type\":\"EntryPoint\",\"urlTemplate\":\"https:\/\/dicodusport.fr\/blog\/?s={search_term_string}\"},\"query-input\":{\"@type\":\"PropertyValueSpecification\",\"valueRequired\":true,\"valueName\":\"search_term_string\"}}],\"inLanguage\":\"fr-FR\"},{\"@type\":\"NewsMediaOrganization\",\"@id\":\"https:\/\/dicodusport.fr\/blog\/#organization\",\"name\":\"Dicodusport\",\"url\":\"https:\/\/dicodusport.fr\/blog\/\",\"logo\":{\"@type\":\"ImageObject\",\"inLanguage\":\"fr-FR\",\"@id\":\"https:\/\/dicodusport.fr\/blog\/#\/schema\/logo\/image\/\",\"url\":\"https:\/\/dicodusport.fr\/blog\/wp-content\/uploads\/2020\/06\/cropped-LOGO-DICODUSPORT-2020-SANS-FOND-SANS-TEXTE.png\",\"contentUrl\":\"https:\/\/dicodusport.fr\/blog\/wp-content\/uploads\/2020\/06\/cropped-LOGO-DICODUSPORT-2020-SANS-FOND-SANS-TEXTE.png\",\"width\":512,\"height\":512,\"caption\":\"Dicodusport\"},\"image\":{\"@id\":\"https:\/\/dicodusport.fr\/blog\/#\/schema\/logo\/image\/\"},\"sameAs\":[\"https:\/\/www.facebook.com\/dicodusport\",\"https:\/\/x.com\/dicodusport\",\"https:\/\/www.instagram.com\/dicodusport\/\",\"https:\/\/www.youtube.com\/channel\/UC7V2KZ5sd3htJivAbA4ZG3w\"],\"description\":\"Dicodusport est l'encyclop\u00e9die de l'actualit\u00e9 sportive.\",\"email\":\"bonjour@dicodusport.fr\",\"legalName\":\"DICODUSPORT\",\"foundingDate\":\"2018-01-14\",\"vatID\":\"FR71834470973\",\"taxID\":\"83447097300043\",\"numberOfEmployees\":{\"@type\":\"QuantitativeValue\",\"minValue\":\"1\",\"maxValue\":\"10\"}},{\"@type\":\"Person\",\"@id\":\"https:\/\/dicodusport.fr\/blog\/#\/schema\/person\/202a0039759f44af4077cc19cf41bbc6\",\"name\":\"Benjamin\",\"image\":{\"@type\":\"ImageObject\",\"inLanguage\":\"fr-FR\",\"@id\":\"https:\/\/dicodusport.fr\/blog\/#\/schema\/person\/image\/\",\"url\":\"https:\/\/dicodusport.fr\/blog\/wp-content\/uploads\/2018\/06\/User-blue-icon-150x150.png\",\"contentUrl\":\"https:\/\/dicodusport.fr\/blog\/wp-content\/uploads\/2018\/06\/User-blue-icon-150x150.png\",\"caption\":\"Benjamin\"},\"url\":\"https:\/\/dicodusport.fr\/blog\/author\/benjamin\/\"}]}<\/script>\n<!-- \/ Yoast SEO Premium plugin. -->","yoast_head_json":{"title":"Face \u00e0 face : Bruno G\u00e9n\u00e9sio m\u00e9rite-t-il d'\u00eatre autant critiqu\u00e9 ?","description":"Cette semaine, le d\u00e9bat porte sur la cr\u00e9dibilit\u00e9 de l\u2019entra\u00eeneur de l'Olympique Lyonnais, Bruno G\u00e9n\u00e9sio.","robots":{"index":"index","follow":"follow","max-snippet":"max-snippet:-1","max-image-preview":"max-image-preview:large","max-video-preview":"max-video-preview:-1"},"canonical":"https:\/\/dicodusport.fr\/blog\/face-a-face-bruno-genesio-merite-t-detre-autant-critique\/","og_locale":"fr_FR","og_type":"article","og_title":"Face \u00e0 face : Bruno G\u00e9n\u00e9sio m\u00e9rite-t-il d'\u00eatre autant critiqu\u00e9 ?","og_description":"Cette semaine, le d\u00e9bat porte sur la cr\u00e9dibilit\u00e9 de l\u2019entra\u00eeneur de l'Olympique Lyonnais, Bruno G\u00e9n\u00e9sio.","og_url":"https:\/\/dicodusport.fr\/blog\/face-a-face-bruno-genesio-merite-t-detre-autant-critique\/","og_site_name":"Dicodusport","article_publisher":"https:\/\/www.facebook.com\/dicodusport","article_published_time":"2017-12-06T11:00:38+00:00","og_image":[{"width":1200,"height":670,"url":"https:\/\/dicodusport.fr\/blog\/wp-content\/uploads\/2017\/12\/Bruno-G\u00e9n\u00e9sio-fait-taire-les-critiques.png","type":"image\/png"}],"author":"Benjamin","twitter_card":"summary_large_image","twitter_creator":"@dicodusport","twitter_site":"@dicodusport","schema":{"@context":"https:\/\/schema.org","@graph":[{"@type":"NewsArticle","@id":"https:\/\/dicodusport.fr\/blog\/face-a-face-bruno-genesio-merite-t-detre-autant-critique\/#article","isPartOf":{"@id":"https:\/\/dicodusport.fr\/blog\/face-a-face-bruno-genesio-merite-t-detre-autant-critique\/"},"author":{"name":"Benjamin","@id":"https:\/\/dicodusport.fr\/blog\/#\/schema\/person\/202a0039759f44af4077cc19cf41bbc6"},"headline":"Face \u00e0 face : Bruno G\u00e9n\u00e9sio m\u00e9rite-t-il d&rsquo;\u00eatre autant critiqu\u00e9 ?","datePublished":"2017-12-06T11:00:38+00:00","mainEntityOfPage":{"@id":"https:\/\/dicodusport.fr\/blog\/face-a-face-bruno-genesio-merite-t-detre-autant-critique\/"},"wordCount":1103,"commentCount":0,"publisher":{"@id":"https:\/\/dicodusport.fr\/blog\/#organization"},"image":{"@id":"https:\/\/dicodusport.fr\/blog\/face-a-face-bruno-genesio-merite-t-detre-autant-critique\/#primaryimage"},"thumbnailUrl":"https:\/\/dicodusport.fr\/blog\/wp-content\/uploads\/2017\/12\/Bruno-G\u00e9n\u00e9sio-fait-taire-les-critiques.png","keywords":["Aulas","D\u00e9bat","face \u00e0 face","Football","Ligue 1","Lyon","OL","Olympique lyonnais"],"articleSection":["Face \u00e0 face","Football"],"inLanguage":"fr-FR","potentialAction":[{"@type":"CommentAction","name":"Comment","target":["https:\/\/dicodusport.fr\/blog\/face-a-face-bruno-genesio-merite-t-detre-autant-critique\/#respond"]}],"copyrightYear":"2017","copyrightHolder":{"@id":"https:\/\/dicodusport.fr\/blog\/#organization"}},{"@type":"WebPage","@id":"https:\/\/dicodusport.fr\/blog\/face-a-face-bruno-genesio-merite-t-detre-autant-critique\/","url":"https:\/\/dicodusport.fr\/blog\/face-a-face-bruno-genesio-merite-t-detre-autant-critique\/","name":"Face \u00e0 face : Bruno G\u00e9n\u00e9sio m\u00e9rite-t-il d'\u00eatre autant critiqu\u00e9 ?","isPartOf":{"@id":"https:\/\/dicodusport.fr\/blog\/#website"},"primaryImageOfPage":{"@id":"https:\/\/dicodusport.fr\/blog\/face-a-face-bruno-genesio-merite-t-detre-autant-critique\/#primaryimage"},"image":{"@id":"https:\/\/dicodusport.fr\/blog\/face-a-face-bruno-genesio-merite-t-detre-autant-critique\/#primaryimage"},"thumbnailUrl":"https:\/\/dicodusport.fr\/blog\/wp-content\/uploads\/2017\/12\/Bruno-G\u00e9n\u00e9sio-fait-taire-les-critiques.png","datePublished":"2017-12-06T11:00:38+00:00","description":"Cette semaine, le d\u00e9bat porte sur la cr\u00e9dibilit\u00e9 de l\u2019entra\u00eeneur de l'Olympique Lyonnais, Bruno G\u00e9n\u00e9sio.","breadcrumb":{"@id":"https:\/\/dicodusport.fr\/blog\/face-a-face-bruno-genesio-merite-t-detre-autant-critique\/#breadcrumb"},"inLanguage":"fr-FR","potentialAction":[{"@type":"ReadAction","target":["https:\/\/dicodusport.fr\/blog\/face-a-face-bruno-genesio-merite-t-detre-autant-critique\/"]}]},{"@type":"ImageObject","inLanguage":"fr-FR","@id":"https:\/\/dicodusport.fr\/blog\/face-a-face-bruno-genesio-merite-t-detre-autant-critique\/#primaryimage","url":"https:\/\/dicodusport.fr\/blog\/wp-content\/uploads\/2017\/12\/Bruno-G\u00e9n\u00e9sio-fait-taire-les-critiques.png","contentUrl":"https:\/\/dicodusport.fr\/blog\/wp-content\/uploads\/2017\/12\/Bruno-G\u00e9n\u00e9sio-fait-taire-les-critiques.png","width":1200,"height":670},{"@type":"BreadcrumbList","@id":"https:\/\/dicodusport.fr\/blog\/face-a-face-bruno-genesio-merite-t-detre-autant-critique\/#breadcrumb","itemListElement":[{"@type":"ListItem","position":1,"name":"Accueil","item":"https:\/\/dicodusport.fr\/blog\/"},{"@type":"ListItem","position":2,"name":"Face \u00e0 face : Bruno G\u00e9n\u00e9sio m\u00e9rite-t-il d&rsquo;\u00eatre autant critiqu\u00e9 ?"}]},{"@type":"WebSite","@id":"https:\/\/dicodusport.fr\/blog\/#website","url":"https:\/\/dicodusport.fr\/blog\/","name":"Dicodusport","description":"L&#039;encyclop\u00e9die de l&#039;actualit\u00e9 sportive","publisher":{"@id":"https:\/\/dicodusport.fr\/blog\/#organization"},"potentialAction":[{"@type":"SearchAction","target":{"@type":"EntryPoint","urlTemplate":"https:\/\/dicodusport.fr\/blog\/?s={search_term_string}"},"query-input":{"@type":"PropertyValueSpecification","valueRequired":true,"valueName":"search_term_string"}}],"inLanguage":"fr-FR"},{"@type":"NewsMediaOrganization","@id":"https:\/\/dicodusport.fr\/blog\/#organization","name":"Dicodusport","url":"https:\/\/dicodusport.fr\/blog\/","logo":{"@type":"ImageObject","inLanguage":"fr-FR","@id":"https:\/\/dicodusport.fr\/blog\/#\/schema\/logo\/image\/","url":"https:\/\/dicodusport.fr\/blog\/wp-content\/uploads\/2020\/06\/cropped-LOGO-DICODUSPORT-2020-SANS-FOND-SANS-TEXTE.png","contentUrl":"https:\/\/dicodusport.fr\/blog\/wp-content\/uploads\/2020\/06\/cropped-LOGO-DICODUSPORT-2020-SANS-FOND-SANS-TEXTE.png","width":512,"height":512,"caption":"Dicodusport"},"image":{"@id":"https:\/\/dicodusport.fr\/blog\/#\/schema\/logo\/image\/"},"sameAs":["https:\/\/www.facebook.com\/dicodusport","https:\/\/x.com\/dicodusport","https:\/\/www.instagram.com\/dicodusport\/","https:\/\/www.youtube.com\/channel\/UC7V2KZ5sd3htJivAbA4ZG3w"],"description":"Dicodusport est l'encyclop\u00e9die de l'actualit\u00e9 sportive.","email":"bonjour@dicodusport.fr","legalName":"DICODUSPORT","foundingDate":"2018-01-14","vatID":"FR71834470973","taxID":"83447097300043","numberOfEmployees":{"@type":"QuantitativeValue","minValue":"1","maxValue":"10"}},{"@type":"Person","@id":"https:\/\/dicodusport.fr\/blog\/#\/schema\/person\/202a0039759f44af4077cc19cf41bbc6","name":"Benjamin","image":{"@type":"ImageObject","inLanguage":"fr-FR","@id":"https:\/\/dicodusport.fr\/blog\/#\/schema\/person\/image\/","url":"https:\/\/dicodusport.fr\/blog\/wp-content\/uploads\/2018\/06\/User-blue-icon-150x150.png","contentUrl":"https:\/\/dicodusport.fr\/blog\/wp-content\/uploads\/2018\/06\/User-blue-icon-150x150.png","caption":"Benjamin"},"url":"https:\/\/dicodusport.fr\/blog\/author\/benjamin\/"}]}},"_links":{"self":[{"href":"https:\/\/dicodusport.fr\/blog\/wp-json\/wp\/v2\/posts\/8180","targetHints":{"allow":["GET"]}}],"collection":[{"href":"https:\/\/dicodusport.fr\/blog\/wp-json\/wp\/v2\/posts"}],"about":[{"href":"https:\/\/dicodusport.fr\/blog\/wp-json\/wp\/v2\/types\/post"}],"author":[{"embeddable":true,"href":"https:\/\/dicodusport.fr\/blog\/wp-json\/wp\/v2\/users\/19"}],"replies":[{"embeddable":true,"href":"https:\/\/dicodusport.fr\/blog\/wp-json\/wp\/v2\/comments?post=8180"}],"version-history":[{"count":0,"href":"https:\/\/dicodusport.fr\/blog\/wp-json\/wp\/v2\/posts\/8180\/revisions"}],"wp:featuredmedia":[{"embeddable":true,"href":"https:\/\/dicodusport.fr\/blog\/wp-json\/wp\/v2\/media\/8176"}],"wp:attachment":[{"href":"https:\/\/dicodusport.fr\/blog\/wp-json\/wp\/v2\/media?parent=8180"}],"wp:term":[{"taxonomy":"category","embeddable":true,"href":"https:\/\/dicodusport.fr\/blog\/wp-json\/wp\/v2\/categories?post=8180"},{"taxonomy":"post_tag","embeddable":true,"href":"https:\/\/dicodusport.fr\/blog\/wp-json\/wp\/v2\/tags?post=8180"}],"curies":[{"name":"wp","href":"https:\/\/api.w.org\/{rel}","templated":true}]}}