{"id":81944,"date":"2020-10-09T11:12:44","date_gmt":"2020-10-09T09:12:44","guid":{"rendered":"https:\/\/dicodusport.fr\/blog\/?p=81944&#038;preview=true&#038;preview_id=81944"},"modified":"2020-10-09T11:57:31","modified_gmt":"2020-10-09T09:57:31","slug":"mauvaise-nouvelle-paris-roubaix-2020-annule","status":"publish","type":"post","link":"https:\/\/dicodusport.fr\/blog\/mauvaise-nouvelle-paris-roubaix-2020-annule\/","title":{"rendered":"Mauvaise nouvelle : Paris-Roubaix 2020 annul\u00e9"},"content":{"rendered":"<p style=\"text-align: justify;\"><strong><em>CYCLISME &#8211; Ce vendredi matin, ASO a annonc\u00e9 dans un communiqu\u00e9 l&rsquo;annulation de l&rsquo;\u00e9dition 2020 de Paris-Roubaix, en raison de la crise sanitaire.<\/em><\/strong><\/p>\n<p style=\"text-align: justify;\">On le craignait, c&rsquo;est d\u00e9sormais act\u00e9. <strong>Paris-Roubaix 2020<\/strong> n&rsquo;aura pas lieu le 25 octobre prochain. \u00c0 la demande des autorit\u00e9s, ASO est contraint d&rsquo;annuler la 118\u00e8me \u00e9dition de la Reine des Classiques. <a href=\"https:\/\/dicodusport.fr\/blog\/paris-roubaix-2020-en-sursis\/\" target=\"_blank\" rel=\"noopener noreferrer\">En sursis apr\u00e8s les d\u00e9clarations du Pr\u00e9fet du Nord Michel Lalande<\/a>, fin septembre, les organisateurs de l&rsquo;Enfer du Nord, \u00e0 la demande donc du Pr\u00e9fet des Hauts-de-France, ont \u00e9galement pris cette d\u00e9cision apr\u00e8s le passage de la m\u00e9tropole lilloise en alerte maximale concernant la Covid-19. La premi\u00e8re \u00e9dition du <strong>Paris-Roubaix f\u00e9minin<\/strong>, pr\u00e9vue au matin du 25 octobre, est \u00e9galement annul\u00e9e.<\/p>\n<blockquote class=\"twitter-tweet\">\n<p dir=\"ltr\" lang=\"fr\">Official Communication: see you on the 11th April 2021<\/p>\n<p>Communiqu\u00e9 officiel : rendez-vous le 11 avril 2021 !<a href=\"https:\/\/twitter.com\/hashtag\/ParisRoubaix?src=hash&amp;ref_src=twsrc%5Etfw\">#ParisRoubaix<\/a> <a href=\"https:\/\/t.co\/g1ao7F9ZG3\">pic.twitter.com\/g1ao7F9ZG3<\/a><\/p>\n<p>\u2014 Paris-Roubaix (@Paris_Roubaix) <a href=\"https:\/\/twitter.com\/Paris_Roubaix\/status\/1314490793210515456?ref_src=twsrc%5Etfw\">October 9, 2020<\/a><\/p><\/blockquote>\n<p><script async src=\"https:\/\/platform.twitter.com\/widgets.js\" charset=\"utf-8\"><\/script><\/p>\n<p style=\"text-align: justify;\">ASO donne rendez-vous le 11 avril 2021, pour, on l&rsquo;esp\u00e8re, la tenue de la 188\u00e8me \u00e9dition de Paris-Roubaix.<\/p>\n<p><strong><em>Dicodusport<br \/>\n<a href=\"https:\/\/www.facebook.com\/dicodusport\/\" target=\"_blank\" rel=\"noopener noreferrer\"><img loading=\"lazy\" decoding=\"async\" class=\"alignnone wp-image-2909\" src=\"http:\/\/dicodusport.fr\/blog\/wp-content\/uploads\/2017\/07\/logo-facebook-150x150.png\" alt=\"\" width=\"40\" height=\"40\" \/><\/a><a href=\"https:\/\/twitter.com\/dicodusport\" target=\"_blank\" rel=\"noopener noreferrer\"><img loading=\"lazy\" decoding=\"async\" class=\"alignnone wp-image-2908\" src=\"http:\/\/dicodusport.fr\/blog\/wp-content\/uploads\/2017\/07\/logo-twitter-150x150.png\" alt=\"\" width=\"39\" height=\"39\" \/><\/a><\/em><\/strong><\/p>\n","protected":false},"excerpt":{"rendered":"<p>CYCLISME &#8211; Ce vendredi matin, ASO a annonc\u00e9 l&rsquo;annulation de l&rsquo;\u00e9dition 2020 de Paris-Roubaix, en raison de la crise sanitaire.<\/p>\n","protected":false},"author":4,"featured_media":81955,"comment_status":"open","ping_status":"closed","sticky":false,"template":"","format":"standard","meta":{"_acf_changed":false,"_daextam_enable_autolinks":"","footnotes":""},"categories":[2307],"tags":[4164],"class_list":["post-81944","post","type-post","status-publish","format-standard","has-post-thumbnail","hentry","category-cyclisme","tag-paris-roubaix"],"acf":[],"yoast_head":"<!-- This site is optimized with the Yoast SEO Premium plugin v26.7 (Yoast SEO v26.7) - https:\/\/yoast.com\/wordpress\/plugins\/seo\/ -->\n<title>Mauvaise nouvelle : Paris-Roubaix 2020 annul\u00e9<\/title>\n<meta name=\"description\" content=\"CYCLISME - Ce vendredi matin, ASO a annonc\u00e9 l&#039;annulation de l&#039;\u00e9dition 2020 de Paris-Roubaix, en raison de la crise sanitaire.\" \/>\n<meta name=\"robots\" content=\"index, follow, max-snippet:-1, max-image-preview:large, max-video-preview:-1\" \/>\n<link rel=\"canonical\" href=\"https:\/\/dicodusport.fr\/blog\/mauvaise-nouvelle-paris-roubaix-2020-annule\/\" \/>\n<meta property=\"og:locale\" content=\"fr_FR\" \/>\n<meta property=\"og:type\" content=\"article\" \/>\n<meta property=\"og:title\" content=\"Mauvaise nouvelle : Paris-Roubaix 2020 annul\u00e9\" \/>\n<meta property=\"og:description\" content=\"CYCLISME - Ce vendredi matin, ASO a annonc\u00e9 l&#039;annulation de l&#039;\u00e9dition 2020 de Paris-Roubaix, en raison de la crise sanitaire.\" \/>\n<meta property=\"og:url\" content=\"https:\/\/dicodusport.fr\/blog\/mauvaise-nouvelle-paris-roubaix-2020-annule\/\" \/>\n<meta property=\"og:site_name\" content=\"Dicodusport\" \/>\n<meta property=\"article:publisher\" content=\"https:\/\/www.facebook.com\/dicodusport\" \/>\n<meta property=\"article:author\" content=\"https:\/\/www.facebook.com\/florent.ostermann\" \/>\n<meta property=\"article:published_time\" content=\"2020-10-09T09:12:44+00:00\" \/>\n<meta property=\"article:modified_time\" content=\"2020-10-09T09:57:31+00:00\" \/>\n<meta property=\"og:image\" content=\"https:\/\/dicodusport.fr\/blog\/wp-content\/uploads\/2020\/10\/Mauvaise-nouvelle-Paris-Roubaix-2020-annul\u00e9.png\" \/>\n\t<meta property=\"og:image:width\" content=\"800\" \/>\n\t<meta property=\"og:image:height\" content=\"445\" \/>\n\t<meta property=\"og:image:type\" content=\"image\/png\" \/>\n<meta name=\"author\" content=\"Flo Ostermann\" \/>\n<meta name=\"twitter:card\" content=\"summary_large_image\" \/>\n<meta name=\"twitter:title\" content=\"Mauvaise nouvelle : Paris-Roubaix 2020 annul\u00e9\" \/>\n<meta name=\"twitter:creator\" content=\"@https:\/\/twitter.com\/FlOstermann\" \/>\n<meta name=\"twitter:site\" content=\"@dicodusport\" \/>\n<script type=\"application\/ld+json\" class=\"yoast-schema-graph\">{\"@context\":\"https:\/\/schema.org\",\"@graph\":[{\"@type\":\"NewsArticle\",\"@id\":\"https:\/\/dicodusport.fr\/blog\/mauvaise-nouvelle-paris-roubaix-2020-annule\/#article\",\"isPartOf\":{\"@id\":\"https:\/\/dicodusport.fr\/blog\/mauvaise-nouvelle-paris-roubaix-2020-annule\/\"},\"author\":{\"name\":\"Flo Ostermann\",\"@id\":\"https:\/\/dicodusport.fr\/blog\/#\/schema\/person\/cb02af4c173ce4a653b55e9baf388d4a\"},\"headline\":\"Mauvaise nouvelle : Paris-Roubaix 2020 annul\u00e9\",\"datePublished\":\"2020-10-09T09:12:44+00:00\",\"dateModified\":\"2020-10-09T09:57:31+00:00\",\"mainEntityOfPage\":{\"@id\":\"https:\/\/dicodusport.fr\/blog\/mauvaise-nouvelle-paris-roubaix-2020-annule\/\"},\"wordCount\":176,\"commentCount\":0,\"publisher\":{\"@id\":\"https:\/\/dicodusport.fr\/blog\/#organization\"},\"image\":{\"@id\":\"https:\/\/dicodusport.fr\/blog\/mauvaise-nouvelle-paris-roubaix-2020-annule\/#primaryimage\"},\"thumbnailUrl\":\"https:\/\/dicodusport.fr\/blog\/wp-content\/uploads\/2020\/10\/Mauvaise-nouvelle-Paris-Roubaix-2020-annul\u00e9.png\",\"keywords\":[\"Paris-Roubaix\"],\"articleSection\":[\"Cyclisme\"],\"inLanguage\":\"fr-FR\",\"potentialAction\":[{\"@type\":\"CommentAction\",\"name\":\"Comment\",\"target\":[\"https:\/\/dicodusport.fr\/blog\/mauvaise-nouvelle-paris-roubaix-2020-annule\/#respond\"]}],\"copyrightYear\":\"2020\",\"copyrightHolder\":{\"@id\":\"https:\/\/dicodusport.fr\/blog\/#organization\"}},{\"@type\":\"WebPage\",\"@id\":\"https:\/\/dicodusport.fr\/blog\/mauvaise-nouvelle-paris-roubaix-2020-annule\/\",\"url\":\"https:\/\/dicodusport.fr\/blog\/mauvaise-nouvelle-paris-roubaix-2020-annule\/\",\"name\":\"Mauvaise nouvelle : Paris-Roubaix 2020 annul\u00e9\",\"isPartOf\":{\"@id\":\"https:\/\/dicodusport.fr\/blog\/#website\"},\"primaryImageOfPage\":{\"@id\":\"https:\/\/dicodusport.fr\/blog\/mauvaise-nouvelle-paris-roubaix-2020-annule\/#primaryimage\"},\"image\":{\"@id\":\"https:\/\/dicodusport.fr\/blog\/mauvaise-nouvelle-paris-roubaix-2020-annule\/#primaryimage\"},\"thumbnailUrl\":\"https:\/\/dicodusport.fr\/blog\/wp-content\/uploads\/2020\/10\/Mauvaise-nouvelle-Paris-Roubaix-2020-annul\u00e9.png\",\"datePublished\":\"2020-10-09T09:12:44+00:00\",\"dateModified\":\"2020-10-09T09:57:31+00:00\",\"description\":\"CYCLISME - Ce vendredi matin, ASO a annonc\u00e9 l'annulation de l'\u00e9dition 2020 de Paris-Roubaix, en raison de la crise sanitaire.\",\"breadcrumb\":{\"@id\":\"https:\/\/dicodusport.fr\/blog\/mauvaise-nouvelle-paris-roubaix-2020-annule\/#breadcrumb\"},\"inLanguage\":\"fr-FR\",\"potentialAction\":[{\"@type\":\"ReadAction\",\"target\":[\"https:\/\/dicodusport.fr\/blog\/mauvaise-nouvelle-paris-roubaix-2020-annule\/\"]}]},{\"@type\":\"ImageObject\",\"inLanguage\":\"fr-FR\",\"@id\":\"https:\/\/dicodusport.fr\/blog\/mauvaise-nouvelle-paris-roubaix-2020-annule\/#primaryimage\",\"url\":\"https:\/\/dicodusport.fr\/blog\/wp-content\/uploads\/2020\/10\/Mauvaise-nouvelle-Paris-Roubaix-2020-annul\u00e9.png\",\"contentUrl\":\"https:\/\/dicodusport.fr\/blog\/wp-content\/uploads\/2020\/10\/Mauvaise-nouvelle-Paris-Roubaix-2020-annul\u00e9.png\",\"width\":800,\"height\":445,\"caption\":\"Mauvaise nouvelle - Paris-Roubaix 2020 annul\u00e9\"},{\"@type\":\"BreadcrumbList\",\"@id\":\"https:\/\/dicodusport.fr\/blog\/mauvaise-nouvelle-paris-roubaix-2020-annule\/#breadcrumb\",\"itemListElement\":[{\"@type\":\"ListItem\",\"position\":1,\"name\":\"Accueil\",\"item\":\"https:\/\/dicodusport.fr\/blog\/\"},{\"@type\":\"ListItem\",\"position\":2,\"name\":\"Mauvaise nouvelle : Paris-Roubaix 2020 annul\u00e9\"}]},{\"@type\":\"WebSite\",\"@id\":\"https:\/\/dicodusport.fr\/blog\/#website\",\"url\":\"https:\/\/dicodusport.fr\/blog\/\",\"name\":\"Dicodusport\",\"description\":\"L&#039;encyclop\u00e9die de l&#039;actualit\u00e9 sportive\",\"publisher\":{\"@id\":\"https:\/\/dicodusport.fr\/blog\/#organization\"},\"potentialAction\":[{\"@type\":\"SearchAction\",\"target\":{\"@type\":\"EntryPoint\",\"urlTemplate\":\"https:\/\/dicodusport.fr\/blog\/?s={search_term_string}\"},\"query-input\":{\"@type\":\"PropertyValueSpecification\",\"valueRequired\":true,\"valueName\":\"search_term_string\"}}],\"inLanguage\":\"fr-FR\"},{\"@type\":\"NewsMediaOrganization\",\"@id\":\"https:\/\/dicodusport.fr\/blog\/#organization\",\"name\":\"Dicodusport\",\"url\":\"https:\/\/dicodusport.fr\/blog\/\",\"logo\":{\"@type\":\"ImageObject\",\"inLanguage\":\"fr-FR\",\"@id\":\"https:\/\/dicodusport.fr\/blog\/#\/schema\/logo\/image\/\",\"url\":\"https:\/\/dicodusport.fr\/blog\/wp-content\/uploads\/2020\/06\/cropped-LOGO-DICODUSPORT-2020-SANS-FOND-SANS-TEXTE.png\",\"contentUrl\":\"https:\/\/dicodusport.fr\/blog\/wp-content\/uploads\/2020\/06\/cropped-LOGO-DICODUSPORT-2020-SANS-FOND-SANS-TEXTE.png\",\"width\":512,\"height\":512,\"caption\":\"Dicodusport\"},\"image\":{\"@id\":\"https:\/\/dicodusport.fr\/blog\/#\/schema\/logo\/image\/\"},\"sameAs\":[\"https:\/\/www.facebook.com\/dicodusport\",\"https:\/\/x.com\/dicodusport\",\"https:\/\/www.instagram.com\/dicodusport\/\",\"https:\/\/www.youtube.com\/channel\/UC7V2KZ5sd3htJivAbA4ZG3w\"],\"description\":\"Dicodusport est l'encyclop\u00e9die de l'actualit\u00e9 sportive.\",\"email\":\"bonjour@dicodusport.fr\",\"legalName\":\"DICODUSPORT\",\"foundingDate\":\"2018-01-14\",\"vatID\":\"FR71834470973\",\"taxID\":\"83447097300043\",\"numberOfEmployees\":{\"@type\":\"QuantitativeValue\",\"minValue\":\"1\",\"maxValue\":\"10\"}},{\"@type\":\"Person\",\"@id\":\"https:\/\/dicodusport.fr\/blog\/#\/schema\/person\/cb02af4c173ce4a653b55e9baf388d4a\",\"name\":\"Flo Ostermann\",\"image\":{\"@type\":\"ImageObject\",\"inLanguage\":\"fr-FR\",\"@id\":\"https:\/\/dicodusport.fr\/blog\/#\/schema\/person\/image\/\",\"url\":\"https:\/\/dicodusport.fr\/blog\/wp-content\/uploads\/2021\/05\/Flo-Ostermann-150x150.jpg\",\"contentUrl\":\"https:\/\/dicodusport.fr\/blog\/wp-content\/uploads\/2021\/05\/Flo-Ostermann-150x150.jpg\",\"caption\":\"Flo Ostermann\"},\"description\":\"Journaliste\/R\u00e9dacteur depuis septembre 2015 - Mes premiers souvenirs dans le sport ? Les envol\u00e9es du Stade Toulousain et les duels Villeneuve-Schumacher et H\u00e4kkinen-Schumacher \u00e0 la fin des ann\u00e9es 90, la Coupe du monde de football en 1998, l\u2019exploit du XV de France face aux All Blacks en 1999, mais aussi Richard C\u0153ur de Lion qui vole sur les montagnes du Tour de France. Bien parti pour devenir professeur d\u2019EPS, les \u00e9v\u00e9nements de la vie (et la flemme d\u2019animer des s\u00e9ances de 3x500 m\u00e8tres toute ma vie) m\u2019ont conduit \u00e0 revoir mes plans. Me voil\u00e0 depuis fin 2017 sur Dicodusport, m\u00e9dia gr\u00e2ce (et pour) lequel je partage ma passion : le sport dans tous ses \u00e9tats. Le tout accompagn\u00e9 par les fous furieux et folles furieuses cit\u00e9s sur cette page !\",\"sameAs\":[\"https:\/\/www.facebook.com\/florent.ostermann\",\"https:\/\/x.com\/https:\/\/twitter.com\/FlOstermann\",\"admin\"],\"url\":\"https:\/\/dicodusport.fr\/blog\/author\/flo\/\"}]}<\/script>\n<!-- \/ Yoast SEO Premium plugin. -->","yoast_head_json":{"title":"Mauvaise nouvelle : Paris-Roubaix 2020 annul\u00e9","description":"CYCLISME - Ce vendredi matin, ASO a annonc\u00e9 l'annulation de l'\u00e9dition 2020 de Paris-Roubaix, en raison de la crise sanitaire.","robots":{"index":"index","follow":"follow","max-snippet":"max-snippet:-1","max-image-preview":"max-image-preview:large","max-video-preview":"max-video-preview:-1"},"canonical":"https:\/\/dicodusport.fr\/blog\/mauvaise-nouvelle-paris-roubaix-2020-annule\/","og_locale":"fr_FR","og_type":"article","og_title":"Mauvaise nouvelle : Paris-Roubaix 2020 annul\u00e9","og_description":"CYCLISME - Ce vendredi matin, ASO a annonc\u00e9 l'annulation de l'\u00e9dition 2020 de Paris-Roubaix, en raison de la crise sanitaire.","og_url":"https:\/\/dicodusport.fr\/blog\/mauvaise-nouvelle-paris-roubaix-2020-annule\/","og_site_name":"Dicodusport","article_publisher":"https:\/\/www.facebook.com\/dicodusport","article_author":"https:\/\/www.facebook.com\/florent.ostermann","article_published_time":"2020-10-09T09:12:44+00:00","article_modified_time":"2020-10-09T09:57:31+00:00","og_image":[{"width":800,"height":445,"url":"https:\/\/dicodusport.fr\/blog\/wp-content\/uploads\/2020\/10\/Mauvaise-nouvelle-Paris-Roubaix-2020-annul\u00e9.png","type":"image\/png"}],"author":"Flo Ostermann","twitter_card":"summary_large_image","twitter_title":"Mauvaise nouvelle : Paris-Roubaix 2020 annul\u00e9","twitter_creator":"@https:\/\/twitter.com\/FlOstermann","twitter_site":"@dicodusport","schema":{"@context":"https:\/\/schema.org","@graph":[{"@type":"NewsArticle","@id":"https:\/\/dicodusport.fr\/blog\/mauvaise-nouvelle-paris-roubaix-2020-annule\/#article","isPartOf":{"@id":"https:\/\/dicodusport.fr\/blog\/mauvaise-nouvelle-paris-roubaix-2020-annule\/"},"author":{"name":"Flo Ostermann","@id":"https:\/\/dicodusport.fr\/blog\/#\/schema\/person\/cb02af4c173ce4a653b55e9baf388d4a"},"headline":"Mauvaise nouvelle : Paris-Roubaix 2020 annul\u00e9","datePublished":"2020-10-09T09:12:44+00:00","dateModified":"2020-10-09T09:57:31+00:00","mainEntityOfPage":{"@id":"https:\/\/dicodusport.fr\/blog\/mauvaise-nouvelle-paris-roubaix-2020-annule\/"},"wordCount":176,"commentCount":0,"publisher":{"@id":"https:\/\/dicodusport.fr\/blog\/#organization"},"image":{"@id":"https:\/\/dicodusport.fr\/blog\/mauvaise-nouvelle-paris-roubaix-2020-annule\/#primaryimage"},"thumbnailUrl":"https:\/\/dicodusport.fr\/blog\/wp-content\/uploads\/2020\/10\/Mauvaise-nouvelle-Paris-Roubaix-2020-annul\u00e9.png","keywords":["Paris-Roubaix"],"articleSection":["Cyclisme"],"inLanguage":"fr-FR","potentialAction":[{"@type":"CommentAction","name":"Comment","target":["https:\/\/dicodusport.fr\/blog\/mauvaise-nouvelle-paris-roubaix-2020-annule\/#respond"]}],"copyrightYear":"2020","copyrightHolder":{"@id":"https:\/\/dicodusport.fr\/blog\/#organization"}},{"@type":"WebPage","@id":"https:\/\/dicodusport.fr\/blog\/mauvaise-nouvelle-paris-roubaix-2020-annule\/","url":"https:\/\/dicodusport.fr\/blog\/mauvaise-nouvelle-paris-roubaix-2020-annule\/","name":"Mauvaise nouvelle : Paris-Roubaix 2020 annul\u00e9","isPartOf":{"@id":"https:\/\/dicodusport.fr\/blog\/#website"},"primaryImageOfPage":{"@id":"https:\/\/dicodusport.fr\/blog\/mauvaise-nouvelle-paris-roubaix-2020-annule\/#primaryimage"},"image":{"@id":"https:\/\/dicodusport.fr\/blog\/mauvaise-nouvelle-paris-roubaix-2020-annule\/#primaryimage"},"thumbnailUrl":"https:\/\/dicodusport.fr\/blog\/wp-content\/uploads\/2020\/10\/Mauvaise-nouvelle-Paris-Roubaix-2020-annul\u00e9.png","datePublished":"2020-10-09T09:12:44+00:00","dateModified":"2020-10-09T09:57:31+00:00","description":"CYCLISME - Ce vendredi matin, ASO a annonc\u00e9 l'annulation de l'\u00e9dition 2020 de Paris-Roubaix, en raison de la crise sanitaire.","breadcrumb":{"@id":"https:\/\/dicodusport.fr\/blog\/mauvaise-nouvelle-paris-roubaix-2020-annule\/#breadcrumb"},"inLanguage":"fr-FR","potentialAction":[{"@type":"ReadAction","target":["https:\/\/dicodusport.fr\/blog\/mauvaise-nouvelle-paris-roubaix-2020-annule\/"]}]},{"@type":"ImageObject","inLanguage":"fr-FR","@id":"https:\/\/dicodusport.fr\/blog\/mauvaise-nouvelle-paris-roubaix-2020-annule\/#primaryimage","url":"https:\/\/dicodusport.fr\/blog\/wp-content\/uploads\/2020\/10\/Mauvaise-nouvelle-Paris-Roubaix-2020-annul\u00e9.png","contentUrl":"https:\/\/dicodusport.fr\/blog\/wp-content\/uploads\/2020\/10\/Mauvaise-nouvelle-Paris-Roubaix-2020-annul\u00e9.png","width":800,"height":445,"caption":"Mauvaise nouvelle - Paris-Roubaix 2020 annul\u00e9"},{"@type":"BreadcrumbList","@id":"https:\/\/dicodusport.fr\/blog\/mauvaise-nouvelle-paris-roubaix-2020-annule\/#breadcrumb","itemListElement":[{"@type":"ListItem","position":1,"name":"Accueil","item":"https:\/\/dicodusport.fr\/blog\/"},{"@type":"ListItem","position":2,"name":"Mauvaise nouvelle : Paris-Roubaix 2020 annul\u00e9"}]},{"@type":"WebSite","@id":"https:\/\/dicodusport.fr\/blog\/#website","url":"https:\/\/dicodusport.fr\/blog\/","name":"Dicodusport","description":"L&#039;encyclop\u00e9die de l&#039;actualit\u00e9 sportive","publisher":{"@id":"https:\/\/dicodusport.fr\/blog\/#organization"},"potentialAction":[{"@type":"SearchAction","target":{"@type":"EntryPoint","urlTemplate":"https:\/\/dicodusport.fr\/blog\/?s={search_term_string}"},"query-input":{"@type":"PropertyValueSpecification","valueRequired":true,"valueName":"search_term_string"}}],"inLanguage":"fr-FR"},{"@type":"NewsMediaOrganization","@id":"https:\/\/dicodusport.fr\/blog\/#organization","name":"Dicodusport","url":"https:\/\/dicodusport.fr\/blog\/","logo":{"@type":"ImageObject","inLanguage":"fr-FR","@id":"https:\/\/dicodusport.fr\/blog\/#\/schema\/logo\/image\/","url":"https:\/\/dicodusport.fr\/blog\/wp-content\/uploads\/2020\/06\/cropped-LOGO-DICODUSPORT-2020-SANS-FOND-SANS-TEXTE.png","contentUrl":"https:\/\/dicodusport.fr\/blog\/wp-content\/uploads\/2020\/06\/cropped-LOGO-DICODUSPORT-2020-SANS-FOND-SANS-TEXTE.png","width":512,"height":512,"caption":"Dicodusport"},"image":{"@id":"https:\/\/dicodusport.fr\/blog\/#\/schema\/logo\/image\/"},"sameAs":["https:\/\/www.facebook.com\/dicodusport","https:\/\/x.com\/dicodusport","https:\/\/www.instagram.com\/dicodusport\/","https:\/\/www.youtube.com\/channel\/UC7V2KZ5sd3htJivAbA4ZG3w"],"description":"Dicodusport est l'encyclop\u00e9die de l'actualit\u00e9 sportive.","email":"bonjour@dicodusport.fr","legalName":"DICODUSPORT","foundingDate":"2018-01-14","vatID":"FR71834470973","taxID":"83447097300043","numberOfEmployees":{"@type":"QuantitativeValue","minValue":"1","maxValue":"10"}},{"@type":"Person","@id":"https:\/\/dicodusport.fr\/blog\/#\/schema\/person\/cb02af4c173ce4a653b55e9baf388d4a","name":"Flo Ostermann","image":{"@type":"ImageObject","inLanguage":"fr-FR","@id":"https:\/\/dicodusport.fr\/blog\/#\/schema\/person\/image\/","url":"https:\/\/dicodusport.fr\/blog\/wp-content\/uploads\/2021\/05\/Flo-Ostermann-150x150.jpg","contentUrl":"https:\/\/dicodusport.fr\/blog\/wp-content\/uploads\/2021\/05\/Flo-Ostermann-150x150.jpg","caption":"Flo Ostermann"},"description":"Journaliste\/R\u00e9dacteur depuis septembre 2015 - Mes premiers souvenirs dans le sport ? Les envol\u00e9es du Stade Toulousain et les duels Villeneuve-Schumacher et H\u00e4kkinen-Schumacher \u00e0 la fin des ann\u00e9es 90, la Coupe du monde de football en 1998, l\u2019exploit du XV de France face aux All Blacks en 1999, mais aussi Richard C\u0153ur de Lion qui vole sur les montagnes du Tour de France. Bien parti pour devenir professeur d\u2019EPS, les \u00e9v\u00e9nements de la vie (et la flemme d\u2019animer des s\u00e9ances de 3x500 m\u00e8tres toute ma vie) m\u2019ont conduit \u00e0 revoir mes plans. Me voil\u00e0 depuis fin 2017 sur Dicodusport, m\u00e9dia gr\u00e2ce (et pour) lequel je partage ma passion : le sport dans tous ses \u00e9tats. Le tout accompagn\u00e9 par les fous furieux et folles furieuses cit\u00e9s sur cette page !","sameAs":["https:\/\/www.facebook.com\/florent.ostermann","https:\/\/x.com\/https:\/\/twitter.com\/FlOstermann","admin"],"url":"https:\/\/dicodusport.fr\/blog\/author\/flo\/"}]}},"_links":{"self":[{"href":"https:\/\/dicodusport.fr\/blog\/wp-json\/wp\/v2\/posts\/81944","targetHints":{"allow":["GET"]}}],"collection":[{"href":"https:\/\/dicodusport.fr\/blog\/wp-json\/wp\/v2\/posts"}],"about":[{"href":"https:\/\/dicodusport.fr\/blog\/wp-json\/wp\/v2\/types\/post"}],"author":[{"embeddable":true,"href":"https:\/\/dicodusport.fr\/blog\/wp-json\/wp\/v2\/users\/4"}],"replies":[{"embeddable":true,"href":"https:\/\/dicodusport.fr\/blog\/wp-json\/wp\/v2\/comments?post=81944"}],"version-history":[{"count":0,"href":"https:\/\/dicodusport.fr\/blog\/wp-json\/wp\/v2\/posts\/81944\/revisions"}],"wp:featuredmedia":[{"embeddable":true,"href":"https:\/\/dicodusport.fr\/blog\/wp-json\/wp\/v2\/media\/81955"}],"wp:attachment":[{"href":"https:\/\/dicodusport.fr\/blog\/wp-json\/wp\/v2\/media?parent=81944"}],"wp:term":[{"taxonomy":"category","embeddable":true,"href":"https:\/\/dicodusport.fr\/blog\/wp-json\/wp\/v2\/categories?post=81944"},{"taxonomy":"post_tag","embeddable":true,"href":"https:\/\/dicodusport.fr\/blog\/wp-json\/wp\/v2\/tags?post=81944"}],"curies":[{"name":"wp","href":"https:\/\/api.w.org\/{rel}","templated":true}]}}