{"id":82091,"date":"2020-10-10T11:13:56","date_gmt":"2020-10-10T09:13:56","guid":{"rendered":"https:\/\/dicodusport.fr\/blog\/?p=82091&#038;preview=true&#038;preview_id=82091"},"modified":"2020-10-10T13:26:37","modified_gmt":"2020-10-10T11:26:37","slug":"vtt-cross-country-loana-lecomte-sacree-championne-du-monde-espoirs","status":"publish","type":"post","link":"https:\/\/dicodusport.fr\/blog\/vtt-cross-country-loana-lecomte-sacree-championne-du-monde-espoirs\/","title":{"rendered":"VTT Cross-country : Loana Lecomte sacr\u00e9e championne du monde espoirs"},"content":{"rendered":"<p style=\"text-align: justify;\"><strong><em><a href=\"https:\/\/dicodusport.fr\/blog\/vtt-mountain-bike-championnats-du-monde-2020-programme-complet\/\" target=\"_blank\" rel=\"noopener noreferrer\">VTT MOUNTAIN BIKE &#8211; CHAMPIONNATS DU MONDE 2020<\/a> &#8211; \u00c0 21 ans, Loana Lecomte est devenue ce samedi championne du monde espoirs en VTT Cross-country. Sur le circuit de Leogang (Autriche), la Fran\u00e7aise, laur\u00e9ate de sa premi\u00e8re manche de Coupe du monde \u00e0 Nove Mesto il y a 10 jours, a domin\u00e9 la course de bout en bout. Sur la ligne, elle devance la Hongroise <b>Kata Blanka Vas et la N\u00e9erlandaise Ceylin Alvarado, sacr\u00e9e championne du monde de cyclo-cross l&rsquo;hiver dernier.<\/b><\/em><\/strong><\/p>\n<p style=\"text-align: justify;\">On n&rsquo;arr\u00eate plus <strong>Loana Lecomte<\/strong> ! Ce samedi, la Fran\u00e7aise de 21 ans est devenue championne du monde U23 de VTT cross-country \u00e0 Leogang (Autriche). <a href=\"https:\/\/dicodusport.fr\/blog\/vtt-cross-country-nove-mesto-loana-lecomte-s-impose-pauline-ferrand-prevot-3eme\/\" target=\"_blank\" rel=\"noopener noreferrer\"><strong>Laur\u00e9ate de la premi\u00e8re Coupe du monde de Nove Mesto il y a 10 jours<\/strong><\/a> pour sa premi\u00e8re participation en \u00e9lites, la native d&rsquo;Annecy a domin\u00e9 la course du d\u00e9part jusqu&rsquo;\u00e0 l&rsquo;arriv\u00e9e, en faisant cavali\u00e8re seule du startloop au dernier des quatre tours.<\/p>\n<h2 style=\"text-align: justify;\">Une d\u00e9monstration<\/h2>\n<p style=\"text-align: justify;\">\u00c0 l&rsquo;arriv\u00e9e, la Tricolore devance la Hongroise <strong>Kata Blanka Vas<\/strong> (+1&rsquo;11). Cette derni\u00e8re a d\u00e9j\u00e0 \u00e9t\u00e9 devanc\u00e9e par une Fran\u00e7aise lors des championnats du monde espoirs de cyclo-cross en f\u00e9vrier dernier, <a href=\"https:\/\/dicodusport.fr\/blog\/championnats-du-monde-2020-u23-marion-norbert-riberolle-sacree-dubendorf\/\" target=\"_blank\" rel=\"noopener noreferrer\">en la personne de Marion Norbert-Riberolle<\/a>. Troisi\u00e8me, la championne du monde \u00e9lites de cyclo-cross, la N\u00e9erlandaise <strong>Ceylin Alvarado<\/strong> (+2&rsquo;42). Autre pilote tricolore pr\u00e9tendante au podium, <strong>H\u00e9l\u00e8ne Clauzel<\/strong> termine 11\u00e8me. \u00c0 noter que <strong>Loana Lecomte<\/strong>, en bronze l&rsquo;an dernier au Canada, devient la deuxi\u00e8me Fran\u00e7aise \u00e0 rafler le sacre mondial chez les espoirs, apr\u00e8s une certaine <strong>Julie Bresset<\/strong> en 2011. L&rsquo;ann\u00e9e suivante, Bresset \u00e9tait devenue championne olympique \u00e0 Londres. Bis repetita pour Lecomte \u00e0 Tokyo ?<\/p>\n<blockquote class=\"twitter-tweet\">\n<p dir=\"ltr\" lang=\"en\">UCI U23 XCO WORLD TITLE goes to <a href=\"https:\/\/twitter.com\/LoanaLecomte?ref_src=twsrc%5Etfw\">@LoanaLecomte<\/a> from France &#x1f1eb;&#x1f1f7;<\/p>\n<p>Dominating performance!!&#x1f947; <a href=\"https:\/\/twitter.com\/hashtag\/Leogang202?src=hash&amp;ref_src=twsrc%5Etfw\">#Leogang202<\/a> \u00bb <a href=\"https:\/\/t.co\/Y3rxC0O013\">pic.twitter.com\/Y3rxC0O013<\/a><\/p>\n<p>\u2014 UCI MTB (@UCI_MTB) <a href=\"https:\/\/twitter.com\/UCI_MTB\/status\/1314857009913769984?ref_src=twsrc%5Etfw\">October 10, 2020<\/a><\/p><\/blockquote>\n<p><script async src=\"https:\/\/platform.twitter.com\/widgets.js\" charset=\"utf-8\"><\/script><\/p>\n<ul>\n<li style=\"text-align: justify;\"><a href=\"https:\/\/www.tissottiming.com\/2020\/mtbwch\/fr-fr\/default\/Stage\/13\/Results\" target=\"_blank\" rel=\"noopener noreferrer\"><strong>Le classement complet des championnats du monde de VTT XCO espoirs dames 2020<\/strong><\/a><\/li>\n<\/ul>\n<p><strong><em>Dicodusport<br \/>\n<a href=\"https:\/\/www.facebook.com\/dicodusport\/\" target=\"_blank\" rel=\"noopener noreferrer\"><img loading=\"lazy\" decoding=\"async\" class=\"alignnone wp-image-2909\" src=\"http:\/\/dicodusport.fr\/blog\/wp-content\/uploads\/2017\/07\/logo-facebook-150x150.png\" alt=\"\" width=\"40\" height=\"40\" \/><\/a><a href=\"https:\/\/twitter.com\/dicodusport\" target=\"_blank\" rel=\"noopener noreferrer\"><img loading=\"lazy\" decoding=\"async\" class=\"alignnone wp-image-2908\" src=\"http:\/\/dicodusport.fr\/blog\/wp-content\/uploads\/2017\/07\/logo-twitter-150x150.png\" alt=\"\" width=\"39\" height=\"39\" \/><\/a><\/em><\/strong><\/p>\n","protected":false},"excerpt":{"rendered":"<p>VTT MOUNTAIN BIKE &#8211; CHAMPIONNATS DU MONDE 2020 &#8211; \u00c0 21 ans, Loana Lecomte est devenue ce samedi championne du monde espoirs en VTT Cross-country. Sur le circuit de Leogang (Autriche), la Fran\u00e7aise, laur\u00e9ate de sa premi\u00e8re manche de Coupe du monde \u00e0 Nove Mesto il y a 10 jours, a domin\u00e9 la course de bout en bout.<\/p>\n","protected":false},"author":4,"featured_media":82104,"comment_status":"open","ping_status":"closed","sticky":false,"template":"","format":"standard","meta":{"_acf_changed":false,"_daextam_enable_autolinks":"","footnotes":""},"categories":[10279],"tags":[24,11960],"class_list":["post-82091","post","type-post","status-publish","format-standard","has-post-thumbnail","hentry","category-vtt","tag-sport","tag-vtt-mountain-bike"],"acf":[],"yoast_head":"<!-- This site is optimized with the Yoast SEO Premium plugin v26.7 (Yoast SEO v26.7) - https:\/\/yoast.com\/wordpress\/plugins\/seo\/ -->\n<title>VTT Cross-country : Loana Lecomte sacr\u00e9e championne du monde espoirs<\/title>\n<meta name=\"description\" content=\"VTT MOUNTAIN BIKE - CHAMPIONNATS DU MONDE 2020 - Loana Lecomte est devenue ce samedi championne du monde espoirs en VTT Cross-country.\" \/>\n<meta name=\"robots\" content=\"index, follow, max-snippet:-1, max-image-preview:large, max-video-preview:-1\" \/>\n<link rel=\"canonical\" href=\"https:\/\/dicodusport.fr\/blog\/vtt-cross-country-loana-lecomte-sacree-championne-du-monde-espoirs\/\" \/>\n<meta property=\"og:locale\" content=\"fr_FR\" \/>\n<meta property=\"og:type\" content=\"article\" \/>\n<meta property=\"og:title\" content=\"VTT Cross-country : Loana Lecomte sacr\u00e9e championne du monde espoirs\" \/>\n<meta property=\"og:description\" content=\"VTT MOUNTAIN BIKE - CHAMPIONNATS DU MONDE 2020 - Loana Lecomte est devenue ce samedi championne du monde espoirs en VTT Cross-country.\" \/>\n<meta property=\"og:url\" content=\"https:\/\/dicodusport.fr\/blog\/vtt-cross-country-loana-lecomte-sacree-championne-du-monde-espoirs\/\" \/>\n<meta property=\"og:site_name\" content=\"Dicodusport\" \/>\n<meta property=\"article:publisher\" content=\"https:\/\/www.facebook.com\/dicodusport\" \/>\n<meta property=\"article:author\" content=\"https:\/\/www.facebook.com\/florent.ostermann\" \/>\n<meta property=\"article:published_time\" content=\"2020-10-10T09:13:56+00:00\" \/>\n<meta property=\"article:modified_time\" content=\"2020-10-10T11:26:37+00:00\" \/>\n<meta property=\"og:image\" content=\"https:\/\/dicodusport.fr\/blog\/wp-content\/uploads\/2020\/10\/VTT-Mountain-Bike-XCO-Loana-Lecomte-sacr\u00e9e-championne-du-monde-espoirs-1.png\" \/>\n\t<meta property=\"og:image:width\" content=\"800\" \/>\n\t<meta property=\"og:image:height\" content=\"445\" \/>\n\t<meta property=\"og:image:type\" content=\"image\/png\" \/>\n<meta name=\"author\" content=\"Flo Ostermann\" \/>\n<meta name=\"twitter:card\" content=\"summary_large_image\" \/>\n<meta name=\"twitter:title\" content=\"VTT Cross-country : Loana Lecomte sacr\u00e9e championne du monde espoirs\" \/>\n<meta name=\"twitter:creator\" content=\"@https:\/\/twitter.com\/FlOstermann\" \/>\n<meta name=\"twitter:site\" content=\"@dicodusport\" \/>\n<script type=\"application\/ld+json\" class=\"yoast-schema-graph\">{\"@context\":\"https:\/\/schema.org\",\"@graph\":[{\"@type\":\"NewsArticle\",\"@id\":\"https:\/\/dicodusport.fr\/blog\/vtt-cross-country-loana-lecomte-sacree-championne-du-monde-espoirs\/#article\",\"isPartOf\":{\"@id\":\"https:\/\/dicodusport.fr\/blog\/vtt-cross-country-loana-lecomte-sacree-championne-du-monde-espoirs\/\"},\"author\":{\"name\":\"Flo Ostermann\",\"@id\":\"https:\/\/dicodusport.fr\/blog\/#\/schema\/person\/cb02af4c173ce4a653b55e9baf388d4a\"},\"headline\":\"VTT Cross-country : Loana Lecomte sacr\u00e9e championne du monde espoirs\",\"datePublished\":\"2020-10-10T09:13:56+00:00\",\"dateModified\":\"2020-10-10T11:26:37+00:00\",\"mainEntityOfPage\":{\"@id\":\"https:\/\/dicodusport.fr\/blog\/vtt-cross-country-loana-lecomte-sacree-championne-du-monde-espoirs\/\"},\"wordCount\":330,\"commentCount\":0,\"publisher\":{\"@id\":\"https:\/\/dicodusport.fr\/blog\/#organization\"},\"image\":{\"@id\":\"https:\/\/dicodusport.fr\/blog\/vtt-cross-country-loana-lecomte-sacree-championne-du-monde-espoirs\/#primaryimage\"},\"thumbnailUrl\":\"https:\/\/dicodusport.fr\/blog\/wp-content\/uploads\/2020\/10\/VTT-Mountain-Bike-XCO-Loana-Lecomte-sacr\u00e9e-championne-du-monde-espoirs-1.png\",\"keywords\":[\"sport\",\"VTT Mountain Bike\"],\"articleSection\":[\"VTT\"],\"inLanguage\":\"fr-FR\",\"potentialAction\":[{\"@type\":\"CommentAction\",\"name\":\"Comment\",\"target\":[\"https:\/\/dicodusport.fr\/blog\/vtt-cross-country-loana-lecomte-sacree-championne-du-monde-espoirs\/#respond\"]}],\"copyrightYear\":\"2020\",\"copyrightHolder\":{\"@id\":\"https:\/\/dicodusport.fr\/blog\/#organization\"}},{\"@type\":\"WebPage\",\"@id\":\"https:\/\/dicodusport.fr\/blog\/vtt-cross-country-loana-lecomte-sacree-championne-du-monde-espoirs\/\",\"url\":\"https:\/\/dicodusport.fr\/blog\/vtt-cross-country-loana-lecomte-sacree-championne-du-monde-espoirs\/\",\"name\":\"VTT Cross-country : Loana Lecomte sacr\u00e9e championne du monde espoirs\",\"isPartOf\":{\"@id\":\"https:\/\/dicodusport.fr\/blog\/#website\"},\"primaryImageOfPage\":{\"@id\":\"https:\/\/dicodusport.fr\/blog\/vtt-cross-country-loana-lecomte-sacree-championne-du-monde-espoirs\/#primaryimage\"},\"image\":{\"@id\":\"https:\/\/dicodusport.fr\/blog\/vtt-cross-country-loana-lecomte-sacree-championne-du-monde-espoirs\/#primaryimage\"},\"thumbnailUrl\":\"https:\/\/dicodusport.fr\/blog\/wp-content\/uploads\/2020\/10\/VTT-Mountain-Bike-XCO-Loana-Lecomte-sacr\u00e9e-championne-du-monde-espoirs-1.png\",\"datePublished\":\"2020-10-10T09:13:56+00:00\",\"dateModified\":\"2020-10-10T11:26:37+00:00\",\"description\":\"VTT MOUNTAIN BIKE - CHAMPIONNATS DU MONDE 2020 - Loana Lecomte est devenue ce samedi championne du monde espoirs en VTT Cross-country.\",\"breadcrumb\":{\"@id\":\"https:\/\/dicodusport.fr\/blog\/vtt-cross-country-loana-lecomte-sacree-championne-du-monde-espoirs\/#breadcrumb\"},\"inLanguage\":\"fr-FR\",\"potentialAction\":[{\"@type\":\"ReadAction\",\"target\":[\"https:\/\/dicodusport.fr\/blog\/vtt-cross-country-loana-lecomte-sacree-championne-du-monde-espoirs\/\"]}]},{\"@type\":\"ImageObject\",\"inLanguage\":\"fr-FR\",\"@id\":\"https:\/\/dicodusport.fr\/blog\/vtt-cross-country-loana-lecomte-sacree-championne-du-monde-espoirs\/#primaryimage\",\"url\":\"https:\/\/dicodusport.fr\/blog\/wp-content\/uploads\/2020\/10\/VTT-Mountain-Bike-XCO-Loana-Lecomte-sacr\u00e9e-championne-du-monde-espoirs-1.png\",\"contentUrl\":\"https:\/\/dicodusport.fr\/blog\/wp-content\/uploads\/2020\/10\/VTT-Mountain-Bike-XCO-Loana-Lecomte-sacr\u00e9e-championne-du-monde-espoirs-1.png\",\"width\":800,\"height\":445,\"caption\":\"VTT - Mountain Bike XCO - Loana Lecomte sacr\u00e9e championne du monde espoirs\"},{\"@type\":\"BreadcrumbList\",\"@id\":\"https:\/\/dicodusport.fr\/blog\/vtt-cross-country-loana-lecomte-sacree-championne-du-monde-espoirs\/#breadcrumb\",\"itemListElement\":[{\"@type\":\"ListItem\",\"position\":1,\"name\":\"Accueil\",\"item\":\"https:\/\/dicodusport.fr\/blog\/\"},{\"@type\":\"ListItem\",\"position\":2,\"name\":\"VTT Cross-country : Loana Lecomte sacr\u00e9e championne du monde espoirs\"}]},{\"@type\":\"WebSite\",\"@id\":\"https:\/\/dicodusport.fr\/blog\/#website\",\"url\":\"https:\/\/dicodusport.fr\/blog\/\",\"name\":\"Dicodusport\",\"description\":\"L&#039;encyclop\u00e9die de l&#039;actualit\u00e9 sportive\",\"publisher\":{\"@id\":\"https:\/\/dicodusport.fr\/blog\/#organization\"},\"potentialAction\":[{\"@type\":\"SearchAction\",\"target\":{\"@type\":\"EntryPoint\",\"urlTemplate\":\"https:\/\/dicodusport.fr\/blog\/?s={search_term_string}\"},\"query-input\":{\"@type\":\"PropertyValueSpecification\",\"valueRequired\":true,\"valueName\":\"search_term_string\"}}],\"inLanguage\":\"fr-FR\"},{\"@type\":\"NewsMediaOrganization\",\"@id\":\"https:\/\/dicodusport.fr\/blog\/#organization\",\"name\":\"Dicodusport\",\"url\":\"https:\/\/dicodusport.fr\/blog\/\",\"logo\":{\"@type\":\"ImageObject\",\"inLanguage\":\"fr-FR\",\"@id\":\"https:\/\/dicodusport.fr\/blog\/#\/schema\/logo\/image\/\",\"url\":\"https:\/\/dicodusport.fr\/blog\/wp-content\/uploads\/2020\/06\/cropped-LOGO-DICODUSPORT-2020-SANS-FOND-SANS-TEXTE.png\",\"contentUrl\":\"https:\/\/dicodusport.fr\/blog\/wp-content\/uploads\/2020\/06\/cropped-LOGO-DICODUSPORT-2020-SANS-FOND-SANS-TEXTE.png\",\"width\":512,\"height\":512,\"caption\":\"Dicodusport\"},\"image\":{\"@id\":\"https:\/\/dicodusport.fr\/blog\/#\/schema\/logo\/image\/\"},\"sameAs\":[\"https:\/\/www.facebook.com\/dicodusport\",\"https:\/\/x.com\/dicodusport\",\"https:\/\/www.instagram.com\/dicodusport\/\",\"https:\/\/www.youtube.com\/channel\/UC7V2KZ5sd3htJivAbA4ZG3w\"],\"description\":\"Dicodusport est l'encyclop\u00e9die de l'actualit\u00e9 sportive.\",\"email\":\"bonjour@dicodusport.fr\",\"legalName\":\"DICODUSPORT\",\"foundingDate\":\"2018-01-14\",\"vatID\":\"FR71834470973\",\"taxID\":\"83447097300043\",\"numberOfEmployees\":{\"@type\":\"QuantitativeValue\",\"minValue\":\"1\",\"maxValue\":\"10\"}},{\"@type\":\"Person\",\"@id\":\"https:\/\/dicodusport.fr\/blog\/#\/schema\/person\/cb02af4c173ce4a653b55e9baf388d4a\",\"name\":\"Flo Ostermann\",\"image\":{\"@type\":\"ImageObject\",\"inLanguage\":\"fr-FR\",\"@id\":\"https:\/\/dicodusport.fr\/blog\/#\/schema\/person\/image\/\",\"url\":\"https:\/\/dicodusport.fr\/blog\/wp-content\/uploads\/2021\/05\/Flo-Ostermann-150x150.jpg\",\"contentUrl\":\"https:\/\/dicodusport.fr\/blog\/wp-content\/uploads\/2021\/05\/Flo-Ostermann-150x150.jpg\",\"caption\":\"Flo Ostermann\"},\"description\":\"Journaliste\/R\u00e9dacteur depuis septembre 2015 - Mes premiers souvenirs dans le sport ? Les envol\u00e9es du Stade Toulousain et les duels Villeneuve-Schumacher et H\u00e4kkinen-Schumacher \u00e0 la fin des ann\u00e9es 90, la Coupe du monde de football en 1998, l\u2019exploit du XV de France face aux All Blacks en 1999, mais aussi Richard C\u0153ur de Lion qui vole sur les montagnes du Tour de France. Bien parti pour devenir professeur d\u2019EPS, les \u00e9v\u00e9nements de la vie (et la flemme d\u2019animer des s\u00e9ances de 3x500 m\u00e8tres toute ma vie) m\u2019ont conduit \u00e0 revoir mes plans. Me voil\u00e0 depuis fin 2017 sur Dicodusport, m\u00e9dia gr\u00e2ce (et pour) lequel je partage ma passion : le sport dans tous ses \u00e9tats. Le tout accompagn\u00e9 par les fous furieux et folles furieuses cit\u00e9s sur cette page !\",\"sameAs\":[\"https:\/\/www.facebook.com\/florent.ostermann\",\"https:\/\/x.com\/https:\/\/twitter.com\/FlOstermann\",\"admin\"],\"url\":\"https:\/\/dicodusport.fr\/blog\/author\/flo\/\"}]}<\/script>\n<!-- \/ Yoast SEO Premium plugin. -->","yoast_head_json":{"title":"VTT Cross-country : Loana Lecomte sacr\u00e9e championne du monde espoirs","description":"VTT MOUNTAIN BIKE - CHAMPIONNATS DU MONDE 2020 - Loana Lecomte est devenue ce samedi championne du monde espoirs en VTT Cross-country.","robots":{"index":"index","follow":"follow","max-snippet":"max-snippet:-1","max-image-preview":"max-image-preview:large","max-video-preview":"max-video-preview:-1"},"canonical":"https:\/\/dicodusport.fr\/blog\/vtt-cross-country-loana-lecomte-sacree-championne-du-monde-espoirs\/","og_locale":"fr_FR","og_type":"article","og_title":"VTT Cross-country : Loana Lecomte sacr\u00e9e championne du monde espoirs","og_description":"VTT MOUNTAIN BIKE - CHAMPIONNATS DU MONDE 2020 - Loana Lecomte est devenue ce samedi championne du monde espoirs en VTT Cross-country.","og_url":"https:\/\/dicodusport.fr\/blog\/vtt-cross-country-loana-lecomte-sacree-championne-du-monde-espoirs\/","og_site_name":"Dicodusport","article_publisher":"https:\/\/www.facebook.com\/dicodusport","article_author":"https:\/\/www.facebook.com\/florent.ostermann","article_published_time":"2020-10-10T09:13:56+00:00","article_modified_time":"2020-10-10T11:26:37+00:00","og_image":[{"width":800,"height":445,"url":"https:\/\/dicodusport.fr\/blog\/wp-content\/uploads\/2020\/10\/VTT-Mountain-Bike-XCO-Loana-Lecomte-sacr\u00e9e-championne-du-monde-espoirs-1.png","type":"image\/png"}],"author":"Flo Ostermann","twitter_card":"summary_large_image","twitter_title":"VTT Cross-country : Loana Lecomte sacr\u00e9e championne du monde espoirs","twitter_creator":"@https:\/\/twitter.com\/FlOstermann","twitter_site":"@dicodusport","schema":{"@context":"https:\/\/schema.org","@graph":[{"@type":"NewsArticle","@id":"https:\/\/dicodusport.fr\/blog\/vtt-cross-country-loana-lecomte-sacree-championne-du-monde-espoirs\/#article","isPartOf":{"@id":"https:\/\/dicodusport.fr\/blog\/vtt-cross-country-loana-lecomte-sacree-championne-du-monde-espoirs\/"},"author":{"name":"Flo Ostermann","@id":"https:\/\/dicodusport.fr\/blog\/#\/schema\/person\/cb02af4c173ce4a653b55e9baf388d4a"},"headline":"VTT Cross-country : Loana Lecomte sacr\u00e9e championne du monde espoirs","datePublished":"2020-10-10T09:13:56+00:00","dateModified":"2020-10-10T11:26:37+00:00","mainEntityOfPage":{"@id":"https:\/\/dicodusport.fr\/blog\/vtt-cross-country-loana-lecomte-sacree-championne-du-monde-espoirs\/"},"wordCount":330,"commentCount":0,"publisher":{"@id":"https:\/\/dicodusport.fr\/blog\/#organization"},"image":{"@id":"https:\/\/dicodusport.fr\/blog\/vtt-cross-country-loana-lecomte-sacree-championne-du-monde-espoirs\/#primaryimage"},"thumbnailUrl":"https:\/\/dicodusport.fr\/blog\/wp-content\/uploads\/2020\/10\/VTT-Mountain-Bike-XCO-Loana-Lecomte-sacr\u00e9e-championne-du-monde-espoirs-1.png","keywords":["sport","VTT Mountain Bike"],"articleSection":["VTT"],"inLanguage":"fr-FR","potentialAction":[{"@type":"CommentAction","name":"Comment","target":["https:\/\/dicodusport.fr\/blog\/vtt-cross-country-loana-lecomte-sacree-championne-du-monde-espoirs\/#respond"]}],"copyrightYear":"2020","copyrightHolder":{"@id":"https:\/\/dicodusport.fr\/blog\/#organization"}},{"@type":"WebPage","@id":"https:\/\/dicodusport.fr\/blog\/vtt-cross-country-loana-lecomte-sacree-championne-du-monde-espoirs\/","url":"https:\/\/dicodusport.fr\/blog\/vtt-cross-country-loana-lecomte-sacree-championne-du-monde-espoirs\/","name":"VTT Cross-country : Loana Lecomte sacr\u00e9e championne du monde espoirs","isPartOf":{"@id":"https:\/\/dicodusport.fr\/blog\/#website"},"primaryImageOfPage":{"@id":"https:\/\/dicodusport.fr\/blog\/vtt-cross-country-loana-lecomte-sacree-championne-du-monde-espoirs\/#primaryimage"},"image":{"@id":"https:\/\/dicodusport.fr\/blog\/vtt-cross-country-loana-lecomte-sacree-championne-du-monde-espoirs\/#primaryimage"},"thumbnailUrl":"https:\/\/dicodusport.fr\/blog\/wp-content\/uploads\/2020\/10\/VTT-Mountain-Bike-XCO-Loana-Lecomte-sacr\u00e9e-championne-du-monde-espoirs-1.png","datePublished":"2020-10-10T09:13:56+00:00","dateModified":"2020-10-10T11:26:37+00:00","description":"VTT MOUNTAIN BIKE - CHAMPIONNATS DU MONDE 2020 - Loana Lecomte est devenue ce samedi championne du monde espoirs en VTT Cross-country.","breadcrumb":{"@id":"https:\/\/dicodusport.fr\/blog\/vtt-cross-country-loana-lecomte-sacree-championne-du-monde-espoirs\/#breadcrumb"},"inLanguage":"fr-FR","potentialAction":[{"@type":"ReadAction","target":["https:\/\/dicodusport.fr\/blog\/vtt-cross-country-loana-lecomte-sacree-championne-du-monde-espoirs\/"]}]},{"@type":"ImageObject","inLanguage":"fr-FR","@id":"https:\/\/dicodusport.fr\/blog\/vtt-cross-country-loana-lecomte-sacree-championne-du-monde-espoirs\/#primaryimage","url":"https:\/\/dicodusport.fr\/blog\/wp-content\/uploads\/2020\/10\/VTT-Mountain-Bike-XCO-Loana-Lecomte-sacr\u00e9e-championne-du-monde-espoirs-1.png","contentUrl":"https:\/\/dicodusport.fr\/blog\/wp-content\/uploads\/2020\/10\/VTT-Mountain-Bike-XCO-Loana-Lecomte-sacr\u00e9e-championne-du-monde-espoirs-1.png","width":800,"height":445,"caption":"VTT - Mountain Bike XCO - Loana Lecomte sacr\u00e9e championne du monde espoirs"},{"@type":"BreadcrumbList","@id":"https:\/\/dicodusport.fr\/blog\/vtt-cross-country-loana-lecomte-sacree-championne-du-monde-espoirs\/#breadcrumb","itemListElement":[{"@type":"ListItem","position":1,"name":"Accueil","item":"https:\/\/dicodusport.fr\/blog\/"},{"@type":"ListItem","position":2,"name":"VTT Cross-country : Loana Lecomte sacr\u00e9e championne du monde espoirs"}]},{"@type":"WebSite","@id":"https:\/\/dicodusport.fr\/blog\/#website","url":"https:\/\/dicodusport.fr\/blog\/","name":"Dicodusport","description":"L&#039;encyclop\u00e9die de l&#039;actualit\u00e9 sportive","publisher":{"@id":"https:\/\/dicodusport.fr\/blog\/#organization"},"potentialAction":[{"@type":"SearchAction","target":{"@type":"EntryPoint","urlTemplate":"https:\/\/dicodusport.fr\/blog\/?s={search_term_string}"},"query-input":{"@type":"PropertyValueSpecification","valueRequired":true,"valueName":"search_term_string"}}],"inLanguage":"fr-FR"},{"@type":"NewsMediaOrganization","@id":"https:\/\/dicodusport.fr\/blog\/#organization","name":"Dicodusport","url":"https:\/\/dicodusport.fr\/blog\/","logo":{"@type":"ImageObject","inLanguage":"fr-FR","@id":"https:\/\/dicodusport.fr\/blog\/#\/schema\/logo\/image\/","url":"https:\/\/dicodusport.fr\/blog\/wp-content\/uploads\/2020\/06\/cropped-LOGO-DICODUSPORT-2020-SANS-FOND-SANS-TEXTE.png","contentUrl":"https:\/\/dicodusport.fr\/blog\/wp-content\/uploads\/2020\/06\/cropped-LOGO-DICODUSPORT-2020-SANS-FOND-SANS-TEXTE.png","width":512,"height":512,"caption":"Dicodusport"},"image":{"@id":"https:\/\/dicodusport.fr\/blog\/#\/schema\/logo\/image\/"},"sameAs":["https:\/\/www.facebook.com\/dicodusport","https:\/\/x.com\/dicodusport","https:\/\/www.instagram.com\/dicodusport\/","https:\/\/www.youtube.com\/channel\/UC7V2KZ5sd3htJivAbA4ZG3w"],"description":"Dicodusport est l'encyclop\u00e9die de l'actualit\u00e9 sportive.","email":"bonjour@dicodusport.fr","legalName":"DICODUSPORT","foundingDate":"2018-01-14","vatID":"FR71834470973","taxID":"83447097300043","numberOfEmployees":{"@type":"QuantitativeValue","minValue":"1","maxValue":"10"}},{"@type":"Person","@id":"https:\/\/dicodusport.fr\/blog\/#\/schema\/person\/cb02af4c173ce4a653b55e9baf388d4a","name":"Flo Ostermann","image":{"@type":"ImageObject","inLanguage":"fr-FR","@id":"https:\/\/dicodusport.fr\/blog\/#\/schema\/person\/image\/","url":"https:\/\/dicodusport.fr\/blog\/wp-content\/uploads\/2021\/05\/Flo-Ostermann-150x150.jpg","contentUrl":"https:\/\/dicodusport.fr\/blog\/wp-content\/uploads\/2021\/05\/Flo-Ostermann-150x150.jpg","caption":"Flo Ostermann"},"description":"Journaliste\/R\u00e9dacteur depuis septembre 2015 - Mes premiers souvenirs dans le sport ? Les envol\u00e9es du Stade Toulousain et les duels Villeneuve-Schumacher et H\u00e4kkinen-Schumacher \u00e0 la fin des ann\u00e9es 90, la Coupe du monde de football en 1998, l\u2019exploit du XV de France face aux All Blacks en 1999, mais aussi Richard C\u0153ur de Lion qui vole sur les montagnes du Tour de France. Bien parti pour devenir professeur d\u2019EPS, les \u00e9v\u00e9nements de la vie (et la flemme d\u2019animer des s\u00e9ances de 3x500 m\u00e8tres toute ma vie) m\u2019ont conduit \u00e0 revoir mes plans. Me voil\u00e0 depuis fin 2017 sur Dicodusport, m\u00e9dia gr\u00e2ce (et pour) lequel je partage ma passion : le sport dans tous ses \u00e9tats. Le tout accompagn\u00e9 par les fous furieux et folles furieuses cit\u00e9s sur cette page !","sameAs":["https:\/\/www.facebook.com\/florent.ostermann","https:\/\/x.com\/https:\/\/twitter.com\/FlOstermann","admin"],"url":"https:\/\/dicodusport.fr\/blog\/author\/flo\/"}]}},"_links":{"self":[{"href":"https:\/\/dicodusport.fr\/blog\/wp-json\/wp\/v2\/posts\/82091","targetHints":{"allow":["GET"]}}],"collection":[{"href":"https:\/\/dicodusport.fr\/blog\/wp-json\/wp\/v2\/posts"}],"about":[{"href":"https:\/\/dicodusport.fr\/blog\/wp-json\/wp\/v2\/types\/post"}],"author":[{"embeddable":true,"href":"https:\/\/dicodusport.fr\/blog\/wp-json\/wp\/v2\/users\/4"}],"replies":[{"embeddable":true,"href":"https:\/\/dicodusport.fr\/blog\/wp-json\/wp\/v2\/comments?post=82091"}],"version-history":[{"count":0,"href":"https:\/\/dicodusport.fr\/blog\/wp-json\/wp\/v2\/posts\/82091\/revisions"}],"wp:featuredmedia":[{"embeddable":true,"href":"https:\/\/dicodusport.fr\/blog\/wp-json\/wp\/v2\/media\/82104"}],"wp:attachment":[{"href":"https:\/\/dicodusport.fr\/blog\/wp-json\/wp\/v2\/media?parent=82091"}],"wp:term":[{"taxonomy":"category","embeddable":true,"href":"https:\/\/dicodusport.fr\/blog\/wp-json\/wp\/v2\/categories?post=82091"},{"taxonomy":"post_tag","embeddable":true,"href":"https:\/\/dicodusport.fr\/blog\/wp-json\/wp\/v2\/tags?post=82091"}],"curies":[{"name":"wp","href":"https:\/\/api.w.org\/{rel}","templated":true}]}}