{"id":82292,"date":"2020-10-11T12:16:28","date_gmt":"2020-10-11T10:16:28","guid":{"rendered":"https:\/\/dicodusport.fr\/blog\/?p=82292&#038;preview=true&#038;preview_id=82292"},"modified":"2020-10-11T18:00:29","modified_gmt":"2020-10-11T16:00:29","slug":"vtt-descente-lauryne-chappaz-championne-du-monde-chez-les-juniors","status":"publish","type":"post","link":"https:\/\/dicodusport.fr\/blog\/vtt-descente-lauryne-chappaz-championne-du-monde-chez-les-juniors\/","title":{"rendered":"VTT Descente : Lauryne Chappaz championne du monde chez les juniors"},"content":{"rendered":"<p style=\"text-align: justify;\"><strong><em><a href=\"https:\/\/dicodusport.fr\/blog\/vtt-mountain-bike-championnats-du-monde-2020-programme-complet\/\" target=\"_blank\" rel=\"noopener noreferrer\">VTT MOUNTAIN BIKE &#8211; CHAMPIONNATS DU MONDE 2020<\/a> &#8211; Nouveau titre pour l&rsquo;\u00e9quipe de France \u00e0 Leogang ! Lauryne Chappaz, 18 ans, a d\u00e9croch\u00e9 le titre mondial en VTT Descente ce dimanche matin. Une deuxi\u00e8me Fran\u00e7aise est mont\u00e9e sur le podium, avec la m\u00e9daille de bronze glan\u00e9e par Leona Pierrini.<\/em><\/strong><\/p>\n<p style=\"text-align: justify;\">Sixi\u00e8me titre pour l&rsquo;\u00e9quipe de France de VTT en Autriche. Apr\u00e8s la razzia en cross-country ce samedi avec <a href=\"https:\/\/dicodusport.fr\/blog\/vtt-cross-country-loana-lecomte-sacree-championne-du-monde-espoirs\/\" target=\"_blank\" rel=\"noopener noreferrer\"><strong>Loana Lecomte<\/strong><\/a>, <a href=\"https:\/\/dicodusport.fr\/blog\/vtt-cross-country-pauline-ferrand-prevot-decroche-un-troisieme-titre-mondial\/\" target=\"_blank\" rel=\"noopener noreferrer\"><strong>Pauline Ferrand-Pr\u00e9vot<\/strong><\/a> et <a href=\"https:\/\/dicodusport.fr\/blog\/vtt-cross-country-jordan-sarrou-devient-champion-du-monde-a-leogang\/\" target=\"_blank\" rel=\"noopener noreferrer\"><strong>Jordan Sarrou<\/strong><\/a>, <strong>Lauryne Chappaz<\/strong>, 18 ans, a d\u00e9croch\u00e9 le titre mondial chez les juniors ce dimanche. Apr\u00e8s une saison 2019 plus qu&rsquo;encourageante en Coupe du monde juniors (6 top 5, dont un podium), la jeune Tricolore remporte le titre supr\u00eame. Derri\u00e8re elle, l&rsquo;Autrichienne <strong>Sophie Gutohrle<\/strong> prend l&rsquo;argent \u00e0 domicile, \u00e0 plus de 46 secondes de Chappaz. La France parvient m\u00eame \u00e0 placer une deuxi\u00e8me pilote sur la bo\u00eete, puisque <strong>Leona Pierrini<\/strong> s&rsquo;adjuge le bronze.<\/p>\n<p style=\"text-align: justify;\">Avec ces deux nouvelles m\u00e9dailles, l&rsquo;\u00e9quipe de France en est d\u00e9sormais \u00e0 10 breloques r\u00e9colt\u00e9es, donc 6 en or. Le tout avant les descentes \u00e9lites de ce dimanche apr\u00e8s-midi.<\/p>\n<blockquote class=\"twitter-tweet\">\n<p dir=\"ltr\" lang=\"de\">Women Junior DHI Podium<\/p>\n<p>&#x1f947; Lauryne Chappaz &#x1f1eb;&#x1f1f7;<br \/>\n&#x1f948; Sophie Gutohrle &#x1f1e6;&#x1f1f9;<br \/>\n&#x1f949; Leona Pierrini &#x1f1eb;&#x1f1f7;<br \/>\n<a href=\"https:\/\/twitter.com\/hashtag\/Leogang2020?src=hash&amp;ref_src=twsrc%5Etfw\">#Leogang2020<\/a> <a href=\"https:\/\/t.co\/kpvGTz622M\">pic.twitter.com\/kpvGTz622M<\/a><\/p>\n<p>\u2014 UCI MTB (@UCI_MTB) <a href=\"https:\/\/twitter.com\/UCI_MTB\/status\/1315229768099360775?ref_src=twsrc%5Etfw\">October 11, 2020<\/a><\/p><\/blockquote>\n<p><script async src=\"https:\/\/platform.twitter.com\/widgets.js\" charset=\"utf-8\"><\/script><\/p>\n<ul>\n<li style=\"text-align: justify;\"><a href=\"https:\/\/www.tissottiming.com\/2020\/mtbwch\/fr-fr\/default\/Stage\/12\/Results\" target=\"_blank\" rel=\"noopener noreferrer\"><strong>Le classement des championnats du monde 2020 de VTT Descentes juniors femmes<\/strong><\/a><\/li>\n<\/ul>\n<p><strong><em>Dicodusport<br \/>\n<a href=\"https:\/\/www.facebook.com\/dicodusport\/\" target=\"_blank\" rel=\"noopener noreferrer\"><img loading=\"lazy\" decoding=\"async\" class=\"alignnone wp-image-2909\" src=\"http:\/\/dicodusport.fr\/blog\/wp-content\/uploads\/2017\/07\/logo-facebook-150x150.png\" alt=\"\" width=\"40\" height=\"40\" \/><\/a><a href=\"https:\/\/twitter.com\/dicodusport\" target=\"_blank\" rel=\"noopener noreferrer\"><img loading=\"lazy\" decoding=\"async\" class=\"alignnone wp-image-2908\" src=\"http:\/\/dicodusport.fr\/blog\/wp-content\/uploads\/2017\/07\/logo-twitter-150x150.png\" alt=\"\" width=\"39\" height=\"39\" \/><\/a><\/em><\/strong><\/p>\n","protected":false},"excerpt":{"rendered":"<p>VTT MOUNTAIN BIKE &#8211; CHAMPIONNATS DU MONDE 2020 &#8211; Nouveau titre pour l&rsquo;\u00e9quipe de France \u00e0 Leogang ! Lauryne Chappaz, 18 ans, a d\u00e9croch\u00e9 le titre mondial en VTT Descente ce dimanche matin. Une deuxi\u00e8me Fran\u00e7aise est mont\u00e9e sur le podium, avec la m\u00e9daille de bronze glan\u00e9e par Leona Pierrini.<\/p>\n","protected":false},"author":4,"featured_media":82294,"comment_status":"open","ping_status":"closed","sticky":false,"template":"","format":"standard","meta":{"_acf_changed":false,"_daextam_enable_autolinks":"","footnotes":""},"categories":[10279],"tags":[24,7768,11960],"class_list":["post-82292","post","type-post","status-publish","format-standard","has-post-thumbnail","hentry","category-vtt","tag-sport","tag-vtt-descente","tag-vtt-mountain-bike"],"acf":[],"yoast_head":"<!-- This site is optimized with the Yoast SEO Premium plugin v26.7 (Yoast SEO v26.7) - https:\/\/yoast.com\/wordpress\/plugins\/seo\/ -->\n<title>VTT Descente : Lauryne Chappaz championne du monde chez les juniors<\/title>\n<meta name=\"description\" content=\"VTT MOUNTAIN BIKE - CHAMPIONNATS DU MONDE 2020 - Lauryne Chappaz, 18 ans, a d\u00e9croch\u00e9 le titre mondial en VTT Descente ce dimanche matin.\" \/>\n<meta name=\"robots\" content=\"index, follow, max-snippet:-1, max-image-preview:large, max-video-preview:-1\" \/>\n<link rel=\"canonical\" href=\"https:\/\/dicodusport.fr\/blog\/vtt-descente-lauryne-chappaz-championne-du-monde-chez-les-juniors\/\" \/>\n<meta property=\"og:locale\" content=\"fr_FR\" \/>\n<meta property=\"og:type\" content=\"article\" \/>\n<meta property=\"og:title\" content=\"VTT Descente : Lauryne Chappaz championne du monde chez les juniors\" \/>\n<meta property=\"og:description\" content=\"VTT MOUNTAIN BIKE - CHAMPIONNATS DU MONDE 2020 - Lauryne Chappaz, 18 ans, a d\u00e9croch\u00e9 le titre mondial en VTT Descente ce dimanche matin.\" \/>\n<meta property=\"og:url\" content=\"https:\/\/dicodusport.fr\/blog\/vtt-descente-lauryne-chappaz-championne-du-monde-chez-les-juniors\/\" \/>\n<meta property=\"og:site_name\" content=\"Dicodusport\" \/>\n<meta property=\"article:publisher\" content=\"https:\/\/www.facebook.com\/dicodusport\" \/>\n<meta property=\"article:author\" content=\"https:\/\/www.facebook.com\/florent.ostermann\" \/>\n<meta property=\"article:published_time\" content=\"2020-10-11T10:16:28+00:00\" \/>\n<meta property=\"article:modified_time\" content=\"2020-10-11T16:00:29+00:00\" \/>\n<meta property=\"og:image\" content=\"https:\/\/dicodusport.fr\/blog\/wp-content\/uploads\/2020\/10\/VTT-Descente-_-Lauryne-Chappaz-championne-du-monde-chez-les-juniors.png\" \/>\n\t<meta property=\"og:image:width\" content=\"800\" \/>\n\t<meta property=\"og:image:height\" content=\"445\" \/>\n\t<meta property=\"og:image:type\" content=\"image\/png\" \/>\n<meta name=\"author\" content=\"Flo Ostermann\" \/>\n<meta name=\"twitter:card\" content=\"summary_large_image\" \/>\n<meta name=\"twitter:title\" content=\"VTT Descente : Lauryne Chappaz championne du monde chez les juniors\" \/>\n<meta name=\"twitter:creator\" content=\"@https:\/\/twitter.com\/FlOstermann\" \/>\n<meta name=\"twitter:site\" content=\"@dicodusport\" \/>\n<script type=\"application\/ld+json\" class=\"yoast-schema-graph\">{\"@context\":\"https:\/\/schema.org\",\"@graph\":[{\"@type\":\"NewsArticle\",\"@id\":\"https:\/\/dicodusport.fr\/blog\/vtt-descente-lauryne-chappaz-championne-du-monde-chez-les-juniors\/#article\",\"isPartOf\":{\"@id\":\"https:\/\/dicodusport.fr\/blog\/vtt-descente-lauryne-chappaz-championne-du-monde-chez-les-juniors\/\"},\"author\":{\"name\":\"Flo Ostermann\",\"@id\":\"https:\/\/dicodusport.fr\/blog\/#\/schema\/person\/cb02af4c173ce4a653b55e9baf388d4a\"},\"headline\":\"VTT Descente : Lauryne Chappaz championne du monde chez les juniors\",\"datePublished\":\"2020-10-11T10:16:28+00:00\",\"dateModified\":\"2020-10-11T16:00:29+00:00\",\"mainEntityOfPage\":{\"@id\":\"https:\/\/dicodusport.fr\/blog\/vtt-descente-lauryne-chappaz-championne-du-monde-chez-les-juniors\/\"},\"wordCount\":256,\"commentCount\":0,\"publisher\":{\"@id\":\"https:\/\/dicodusport.fr\/blog\/#organization\"},\"image\":{\"@id\":\"https:\/\/dicodusport.fr\/blog\/vtt-descente-lauryne-chappaz-championne-du-monde-chez-les-juniors\/#primaryimage\"},\"thumbnailUrl\":\"https:\/\/dicodusport.fr\/blog\/wp-content\/uploads\/2020\/10\/VTT-Descente-_-Lauryne-Chappaz-championne-du-monde-chez-les-juniors.png\",\"keywords\":[\"sport\",\"VTT Descente\",\"VTT Mountain Bike\"],\"articleSection\":[\"VTT\"],\"inLanguage\":\"fr-FR\",\"potentialAction\":[{\"@type\":\"CommentAction\",\"name\":\"Comment\",\"target\":[\"https:\/\/dicodusport.fr\/blog\/vtt-descente-lauryne-chappaz-championne-du-monde-chez-les-juniors\/#respond\"]}],\"copyrightYear\":\"2020\",\"copyrightHolder\":{\"@id\":\"https:\/\/dicodusport.fr\/blog\/#organization\"}},{\"@type\":\"WebPage\",\"@id\":\"https:\/\/dicodusport.fr\/blog\/vtt-descente-lauryne-chappaz-championne-du-monde-chez-les-juniors\/\",\"url\":\"https:\/\/dicodusport.fr\/blog\/vtt-descente-lauryne-chappaz-championne-du-monde-chez-les-juniors\/\",\"name\":\"VTT Descente : Lauryne Chappaz championne du monde chez les juniors\",\"isPartOf\":{\"@id\":\"https:\/\/dicodusport.fr\/blog\/#website\"},\"primaryImageOfPage\":{\"@id\":\"https:\/\/dicodusport.fr\/blog\/vtt-descente-lauryne-chappaz-championne-du-monde-chez-les-juniors\/#primaryimage\"},\"image\":{\"@id\":\"https:\/\/dicodusport.fr\/blog\/vtt-descente-lauryne-chappaz-championne-du-monde-chez-les-juniors\/#primaryimage\"},\"thumbnailUrl\":\"https:\/\/dicodusport.fr\/blog\/wp-content\/uploads\/2020\/10\/VTT-Descente-_-Lauryne-Chappaz-championne-du-monde-chez-les-juniors.png\",\"datePublished\":\"2020-10-11T10:16:28+00:00\",\"dateModified\":\"2020-10-11T16:00:29+00:00\",\"description\":\"VTT MOUNTAIN BIKE - CHAMPIONNATS DU MONDE 2020 - Lauryne Chappaz, 18 ans, a d\u00e9croch\u00e9 le titre mondial en VTT Descente ce dimanche matin.\",\"breadcrumb\":{\"@id\":\"https:\/\/dicodusport.fr\/blog\/vtt-descente-lauryne-chappaz-championne-du-monde-chez-les-juniors\/#breadcrumb\"},\"inLanguage\":\"fr-FR\",\"potentialAction\":[{\"@type\":\"ReadAction\",\"target\":[\"https:\/\/dicodusport.fr\/blog\/vtt-descente-lauryne-chappaz-championne-du-monde-chez-les-juniors\/\"]}]},{\"@type\":\"ImageObject\",\"inLanguage\":\"fr-FR\",\"@id\":\"https:\/\/dicodusport.fr\/blog\/vtt-descente-lauryne-chappaz-championne-du-monde-chez-les-juniors\/#primaryimage\",\"url\":\"https:\/\/dicodusport.fr\/blog\/wp-content\/uploads\/2020\/10\/VTT-Descente-_-Lauryne-Chappaz-championne-du-monde-chez-les-juniors.png\",\"contentUrl\":\"https:\/\/dicodusport.fr\/blog\/wp-content\/uploads\/2020\/10\/VTT-Descente-_-Lauryne-Chappaz-championne-du-monde-chez-les-juniors.png\",\"width\":800,\"height\":445,\"caption\":\"VTT Descente : Lauryne Chappaz championne du monde chez les juniors\"},{\"@type\":\"BreadcrumbList\",\"@id\":\"https:\/\/dicodusport.fr\/blog\/vtt-descente-lauryne-chappaz-championne-du-monde-chez-les-juniors\/#breadcrumb\",\"itemListElement\":[{\"@type\":\"ListItem\",\"position\":1,\"name\":\"Accueil\",\"item\":\"https:\/\/dicodusport.fr\/blog\/\"},{\"@type\":\"ListItem\",\"position\":2,\"name\":\"VTT Descente : Lauryne Chappaz championne du monde chez les juniors\"}]},{\"@type\":\"WebSite\",\"@id\":\"https:\/\/dicodusport.fr\/blog\/#website\",\"url\":\"https:\/\/dicodusport.fr\/blog\/\",\"name\":\"Dicodusport\",\"description\":\"L&#039;encyclop\u00e9die de l&#039;actualit\u00e9 sportive\",\"publisher\":{\"@id\":\"https:\/\/dicodusport.fr\/blog\/#organization\"},\"potentialAction\":[{\"@type\":\"SearchAction\",\"target\":{\"@type\":\"EntryPoint\",\"urlTemplate\":\"https:\/\/dicodusport.fr\/blog\/?s={search_term_string}\"},\"query-input\":{\"@type\":\"PropertyValueSpecification\",\"valueRequired\":true,\"valueName\":\"search_term_string\"}}],\"inLanguage\":\"fr-FR\"},{\"@type\":\"NewsMediaOrganization\",\"@id\":\"https:\/\/dicodusport.fr\/blog\/#organization\",\"name\":\"Dicodusport\",\"url\":\"https:\/\/dicodusport.fr\/blog\/\",\"logo\":{\"@type\":\"ImageObject\",\"inLanguage\":\"fr-FR\",\"@id\":\"https:\/\/dicodusport.fr\/blog\/#\/schema\/logo\/image\/\",\"url\":\"https:\/\/dicodusport.fr\/blog\/wp-content\/uploads\/2020\/06\/cropped-LOGO-DICODUSPORT-2020-SANS-FOND-SANS-TEXTE.png\",\"contentUrl\":\"https:\/\/dicodusport.fr\/blog\/wp-content\/uploads\/2020\/06\/cropped-LOGO-DICODUSPORT-2020-SANS-FOND-SANS-TEXTE.png\",\"width\":512,\"height\":512,\"caption\":\"Dicodusport\"},\"image\":{\"@id\":\"https:\/\/dicodusport.fr\/blog\/#\/schema\/logo\/image\/\"},\"sameAs\":[\"https:\/\/www.facebook.com\/dicodusport\",\"https:\/\/x.com\/dicodusport\",\"https:\/\/www.instagram.com\/dicodusport\/\",\"https:\/\/www.youtube.com\/channel\/UC7V2KZ5sd3htJivAbA4ZG3w\"],\"description\":\"Dicodusport est l'encyclop\u00e9die de l'actualit\u00e9 sportive.\",\"email\":\"bonjour@dicodusport.fr\",\"legalName\":\"DICODUSPORT\",\"foundingDate\":\"2018-01-14\",\"vatID\":\"FR71834470973\",\"taxID\":\"83447097300043\",\"numberOfEmployees\":{\"@type\":\"QuantitativeValue\",\"minValue\":\"1\",\"maxValue\":\"10\"}},{\"@type\":\"Person\",\"@id\":\"https:\/\/dicodusport.fr\/blog\/#\/schema\/person\/cb02af4c173ce4a653b55e9baf388d4a\",\"name\":\"Flo Ostermann\",\"image\":{\"@type\":\"ImageObject\",\"inLanguage\":\"fr-FR\",\"@id\":\"https:\/\/dicodusport.fr\/blog\/#\/schema\/person\/image\/\",\"url\":\"https:\/\/dicodusport.fr\/blog\/wp-content\/uploads\/2021\/05\/Flo-Ostermann-150x150.jpg\",\"contentUrl\":\"https:\/\/dicodusport.fr\/blog\/wp-content\/uploads\/2021\/05\/Flo-Ostermann-150x150.jpg\",\"caption\":\"Flo Ostermann\"},\"description\":\"Journaliste\/R\u00e9dacteur depuis septembre 2015 - Mes premiers souvenirs dans le sport ? Les envol\u00e9es du Stade Toulousain et les duels Villeneuve-Schumacher et H\u00e4kkinen-Schumacher \u00e0 la fin des ann\u00e9es 90, la Coupe du monde de football en 1998, l\u2019exploit du XV de France face aux All Blacks en 1999, mais aussi Richard C\u0153ur de Lion qui vole sur les montagnes du Tour de France. Bien parti pour devenir professeur d\u2019EPS, les \u00e9v\u00e9nements de la vie (et la flemme d\u2019animer des s\u00e9ances de 3x500 m\u00e8tres toute ma vie) m\u2019ont conduit \u00e0 revoir mes plans. Me voil\u00e0 depuis fin 2017 sur Dicodusport, m\u00e9dia gr\u00e2ce (et pour) lequel je partage ma passion : le sport dans tous ses \u00e9tats. Le tout accompagn\u00e9 par les fous furieux et folles furieuses cit\u00e9s sur cette page !\",\"sameAs\":[\"https:\/\/www.facebook.com\/florent.ostermann\",\"https:\/\/x.com\/https:\/\/twitter.com\/FlOstermann\",\"admin\"],\"url\":\"https:\/\/dicodusport.fr\/blog\/author\/flo\/\"}]}<\/script>\n<!-- \/ Yoast SEO Premium plugin. -->","yoast_head_json":{"title":"VTT Descente : Lauryne Chappaz championne du monde chez les juniors","description":"VTT MOUNTAIN BIKE - CHAMPIONNATS DU MONDE 2020 - Lauryne Chappaz, 18 ans, a d\u00e9croch\u00e9 le titre mondial en VTT Descente ce dimanche matin.","robots":{"index":"index","follow":"follow","max-snippet":"max-snippet:-1","max-image-preview":"max-image-preview:large","max-video-preview":"max-video-preview:-1"},"canonical":"https:\/\/dicodusport.fr\/blog\/vtt-descente-lauryne-chappaz-championne-du-monde-chez-les-juniors\/","og_locale":"fr_FR","og_type":"article","og_title":"VTT Descente : Lauryne Chappaz championne du monde chez les juniors","og_description":"VTT MOUNTAIN BIKE - CHAMPIONNATS DU MONDE 2020 - Lauryne Chappaz, 18 ans, a d\u00e9croch\u00e9 le titre mondial en VTT Descente ce dimanche matin.","og_url":"https:\/\/dicodusport.fr\/blog\/vtt-descente-lauryne-chappaz-championne-du-monde-chez-les-juniors\/","og_site_name":"Dicodusport","article_publisher":"https:\/\/www.facebook.com\/dicodusport","article_author":"https:\/\/www.facebook.com\/florent.ostermann","article_published_time":"2020-10-11T10:16:28+00:00","article_modified_time":"2020-10-11T16:00:29+00:00","og_image":[{"width":800,"height":445,"url":"https:\/\/dicodusport.fr\/blog\/wp-content\/uploads\/2020\/10\/VTT-Descente-_-Lauryne-Chappaz-championne-du-monde-chez-les-juniors.png","type":"image\/png"}],"author":"Flo Ostermann","twitter_card":"summary_large_image","twitter_title":"VTT Descente : Lauryne Chappaz championne du monde chez les juniors","twitter_creator":"@https:\/\/twitter.com\/FlOstermann","twitter_site":"@dicodusport","schema":{"@context":"https:\/\/schema.org","@graph":[{"@type":"NewsArticle","@id":"https:\/\/dicodusport.fr\/blog\/vtt-descente-lauryne-chappaz-championne-du-monde-chez-les-juniors\/#article","isPartOf":{"@id":"https:\/\/dicodusport.fr\/blog\/vtt-descente-lauryne-chappaz-championne-du-monde-chez-les-juniors\/"},"author":{"name":"Flo Ostermann","@id":"https:\/\/dicodusport.fr\/blog\/#\/schema\/person\/cb02af4c173ce4a653b55e9baf388d4a"},"headline":"VTT Descente : Lauryne Chappaz championne du monde chez les juniors","datePublished":"2020-10-11T10:16:28+00:00","dateModified":"2020-10-11T16:00:29+00:00","mainEntityOfPage":{"@id":"https:\/\/dicodusport.fr\/blog\/vtt-descente-lauryne-chappaz-championne-du-monde-chez-les-juniors\/"},"wordCount":256,"commentCount":0,"publisher":{"@id":"https:\/\/dicodusport.fr\/blog\/#organization"},"image":{"@id":"https:\/\/dicodusport.fr\/blog\/vtt-descente-lauryne-chappaz-championne-du-monde-chez-les-juniors\/#primaryimage"},"thumbnailUrl":"https:\/\/dicodusport.fr\/blog\/wp-content\/uploads\/2020\/10\/VTT-Descente-_-Lauryne-Chappaz-championne-du-monde-chez-les-juniors.png","keywords":["sport","VTT Descente","VTT Mountain Bike"],"articleSection":["VTT"],"inLanguage":"fr-FR","potentialAction":[{"@type":"CommentAction","name":"Comment","target":["https:\/\/dicodusport.fr\/blog\/vtt-descente-lauryne-chappaz-championne-du-monde-chez-les-juniors\/#respond"]}],"copyrightYear":"2020","copyrightHolder":{"@id":"https:\/\/dicodusport.fr\/blog\/#organization"}},{"@type":"WebPage","@id":"https:\/\/dicodusport.fr\/blog\/vtt-descente-lauryne-chappaz-championne-du-monde-chez-les-juniors\/","url":"https:\/\/dicodusport.fr\/blog\/vtt-descente-lauryne-chappaz-championne-du-monde-chez-les-juniors\/","name":"VTT Descente : Lauryne Chappaz championne du monde chez les juniors","isPartOf":{"@id":"https:\/\/dicodusport.fr\/blog\/#website"},"primaryImageOfPage":{"@id":"https:\/\/dicodusport.fr\/blog\/vtt-descente-lauryne-chappaz-championne-du-monde-chez-les-juniors\/#primaryimage"},"image":{"@id":"https:\/\/dicodusport.fr\/blog\/vtt-descente-lauryne-chappaz-championne-du-monde-chez-les-juniors\/#primaryimage"},"thumbnailUrl":"https:\/\/dicodusport.fr\/blog\/wp-content\/uploads\/2020\/10\/VTT-Descente-_-Lauryne-Chappaz-championne-du-monde-chez-les-juniors.png","datePublished":"2020-10-11T10:16:28+00:00","dateModified":"2020-10-11T16:00:29+00:00","description":"VTT MOUNTAIN BIKE - CHAMPIONNATS DU MONDE 2020 - Lauryne Chappaz, 18 ans, a d\u00e9croch\u00e9 le titre mondial en VTT Descente ce dimanche matin.","breadcrumb":{"@id":"https:\/\/dicodusport.fr\/blog\/vtt-descente-lauryne-chappaz-championne-du-monde-chez-les-juniors\/#breadcrumb"},"inLanguage":"fr-FR","potentialAction":[{"@type":"ReadAction","target":["https:\/\/dicodusport.fr\/blog\/vtt-descente-lauryne-chappaz-championne-du-monde-chez-les-juniors\/"]}]},{"@type":"ImageObject","inLanguage":"fr-FR","@id":"https:\/\/dicodusport.fr\/blog\/vtt-descente-lauryne-chappaz-championne-du-monde-chez-les-juniors\/#primaryimage","url":"https:\/\/dicodusport.fr\/blog\/wp-content\/uploads\/2020\/10\/VTT-Descente-_-Lauryne-Chappaz-championne-du-monde-chez-les-juniors.png","contentUrl":"https:\/\/dicodusport.fr\/blog\/wp-content\/uploads\/2020\/10\/VTT-Descente-_-Lauryne-Chappaz-championne-du-monde-chez-les-juniors.png","width":800,"height":445,"caption":"VTT Descente : Lauryne Chappaz championne du monde chez les juniors"},{"@type":"BreadcrumbList","@id":"https:\/\/dicodusport.fr\/blog\/vtt-descente-lauryne-chappaz-championne-du-monde-chez-les-juniors\/#breadcrumb","itemListElement":[{"@type":"ListItem","position":1,"name":"Accueil","item":"https:\/\/dicodusport.fr\/blog\/"},{"@type":"ListItem","position":2,"name":"VTT Descente : Lauryne Chappaz championne du monde chez les juniors"}]},{"@type":"WebSite","@id":"https:\/\/dicodusport.fr\/blog\/#website","url":"https:\/\/dicodusport.fr\/blog\/","name":"Dicodusport","description":"L&#039;encyclop\u00e9die de l&#039;actualit\u00e9 sportive","publisher":{"@id":"https:\/\/dicodusport.fr\/blog\/#organization"},"potentialAction":[{"@type":"SearchAction","target":{"@type":"EntryPoint","urlTemplate":"https:\/\/dicodusport.fr\/blog\/?s={search_term_string}"},"query-input":{"@type":"PropertyValueSpecification","valueRequired":true,"valueName":"search_term_string"}}],"inLanguage":"fr-FR"},{"@type":"NewsMediaOrganization","@id":"https:\/\/dicodusport.fr\/blog\/#organization","name":"Dicodusport","url":"https:\/\/dicodusport.fr\/blog\/","logo":{"@type":"ImageObject","inLanguage":"fr-FR","@id":"https:\/\/dicodusport.fr\/blog\/#\/schema\/logo\/image\/","url":"https:\/\/dicodusport.fr\/blog\/wp-content\/uploads\/2020\/06\/cropped-LOGO-DICODUSPORT-2020-SANS-FOND-SANS-TEXTE.png","contentUrl":"https:\/\/dicodusport.fr\/blog\/wp-content\/uploads\/2020\/06\/cropped-LOGO-DICODUSPORT-2020-SANS-FOND-SANS-TEXTE.png","width":512,"height":512,"caption":"Dicodusport"},"image":{"@id":"https:\/\/dicodusport.fr\/blog\/#\/schema\/logo\/image\/"},"sameAs":["https:\/\/www.facebook.com\/dicodusport","https:\/\/x.com\/dicodusport","https:\/\/www.instagram.com\/dicodusport\/","https:\/\/www.youtube.com\/channel\/UC7V2KZ5sd3htJivAbA4ZG3w"],"description":"Dicodusport est l'encyclop\u00e9die de l'actualit\u00e9 sportive.","email":"bonjour@dicodusport.fr","legalName":"DICODUSPORT","foundingDate":"2018-01-14","vatID":"FR71834470973","taxID":"83447097300043","numberOfEmployees":{"@type":"QuantitativeValue","minValue":"1","maxValue":"10"}},{"@type":"Person","@id":"https:\/\/dicodusport.fr\/blog\/#\/schema\/person\/cb02af4c173ce4a653b55e9baf388d4a","name":"Flo Ostermann","image":{"@type":"ImageObject","inLanguage":"fr-FR","@id":"https:\/\/dicodusport.fr\/blog\/#\/schema\/person\/image\/","url":"https:\/\/dicodusport.fr\/blog\/wp-content\/uploads\/2021\/05\/Flo-Ostermann-150x150.jpg","contentUrl":"https:\/\/dicodusport.fr\/blog\/wp-content\/uploads\/2021\/05\/Flo-Ostermann-150x150.jpg","caption":"Flo Ostermann"},"description":"Journaliste\/R\u00e9dacteur depuis septembre 2015 - Mes premiers souvenirs dans le sport ? Les envol\u00e9es du Stade Toulousain et les duels Villeneuve-Schumacher et H\u00e4kkinen-Schumacher \u00e0 la fin des ann\u00e9es 90, la Coupe du monde de football en 1998, l\u2019exploit du XV de France face aux All Blacks en 1999, mais aussi Richard C\u0153ur de Lion qui vole sur les montagnes du Tour de France. Bien parti pour devenir professeur d\u2019EPS, les \u00e9v\u00e9nements de la vie (et la flemme d\u2019animer des s\u00e9ances de 3x500 m\u00e8tres toute ma vie) m\u2019ont conduit \u00e0 revoir mes plans. Me voil\u00e0 depuis fin 2017 sur Dicodusport, m\u00e9dia gr\u00e2ce (et pour) lequel je partage ma passion : le sport dans tous ses \u00e9tats. Le tout accompagn\u00e9 par les fous furieux et folles furieuses cit\u00e9s sur cette page !","sameAs":["https:\/\/www.facebook.com\/florent.ostermann","https:\/\/x.com\/https:\/\/twitter.com\/FlOstermann","admin"],"url":"https:\/\/dicodusport.fr\/blog\/author\/flo\/"}]}},"_links":{"self":[{"href":"https:\/\/dicodusport.fr\/blog\/wp-json\/wp\/v2\/posts\/82292","targetHints":{"allow":["GET"]}}],"collection":[{"href":"https:\/\/dicodusport.fr\/blog\/wp-json\/wp\/v2\/posts"}],"about":[{"href":"https:\/\/dicodusport.fr\/blog\/wp-json\/wp\/v2\/types\/post"}],"author":[{"embeddable":true,"href":"https:\/\/dicodusport.fr\/blog\/wp-json\/wp\/v2\/users\/4"}],"replies":[{"embeddable":true,"href":"https:\/\/dicodusport.fr\/blog\/wp-json\/wp\/v2\/comments?post=82292"}],"version-history":[{"count":0,"href":"https:\/\/dicodusport.fr\/blog\/wp-json\/wp\/v2\/posts\/82292\/revisions"}],"wp:featuredmedia":[{"embeddable":true,"href":"https:\/\/dicodusport.fr\/blog\/wp-json\/wp\/v2\/media\/82294"}],"wp:attachment":[{"href":"https:\/\/dicodusport.fr\/blog\/wp-json\/wp\/v2\/media?parent=82292"}],"wp:term":[{"taxonomy":"category","embeddable":true,"href":"https:\/\/dicodusport.fr\/blog\/wp-json\/wp\/v2\/categories?post=82292"},{"taxonomy":"post_tag","embeddable":true,"href":"https:\/\/dicodusport.fr\/blog\/wp-json\/wp\/v2\/tags?post=82292"}],"curies":[{"name":"wp","href":"https:\/\/api.w.org\/{rel}","templated":true}]}}