{"id":8239,"date":"2017-12-06T19:34:57","date_gmt":"2017-12-06T18:34:57","guid":{"rendered":"http:\/\/dicodusport.fr\/blog\/?p=8239"},"modified":"2017-12-13T16:11:48","modified_gmt":"2017-12-13T15:11:48","slug":"sport-feminin-13-lille-metropole-water-polo-marie-bochet-girl-power-menu","status":"publish","type":"post","link":"https:\/\/dicodusport.fr\/blog\/sport-feminin-13-lille-metropole-water-polo-marie-bochet-girl-power-menu\/","title":{"rendered":"Sport au f\u00e9minin #13 : Lille M\u00e9tropole Water polo, Marie Bochet et Girl Power au menu !"},"content":{"rendered":"<p><em><strong>Apr\u00e8s <span style=\"color: #0000ff;\"><a style=\"color: #0000ff;\" href=\"http:\/\/sport-inside.eu\/?s=sport+au+f%C3%A9minin\">huit premiers \u00e9pisodes sur Sport-Inside<\/a><\/span>, la chronique l\u2019\u00e9mission de radio <span style=\"color: #0000ff;\"><a style=\"color: #0000ff;\" href=\"https:\/\/www.facebook.com\/SportauFeminin1\/?ref=br_rs\">Sport au f\u00e9minin<\/a><\/span>\u00a0a pris ses quartiers sur Dicodusport ! Au menu cette semaine, la performance des Lilloises en Water Polo, l&rsquo;\u00e9lection de Marie Bochet comme porte-drapeau pour les Jeux Paralympiques de Pyeongchang et un zoom sur l&rsquo;ouvrage \u00ab Girl Power \u00bb.<br \/>\n<\/strong><\/em><\/p>\n<hr \/>\n<h4>COUP DE CHAPEAU\u00a0! : Lille M\u00e9tropole Water Polo au 2<sup>\u00e8me<\/sup> tour de l\u2019Euro League<\/h4>\n<p style=\"text-align: justify;\">Un coup de chapeau \u00e0 nos championnes de France 2017, le Lille M\u00e9tropole Waterpolo pour cette qualification pour le 2<sup>\u00e8me<\/sup> tour de l\u2019Euro Ligue 2018. D\u00e9j\u00e0 rencontr\u00e9es le 15 janvier dernier en Euro League, le Dunaujvaros, leader du championnat hongrois o\u00f9 \u00e9volue d\u00e9sormais l\u2019ancienne lilloise G\u00e9raldine Mahieu partie \u00e0 l\u2019intersaison, a vu des Lilloises accrocheuses. Men\u00e9es 5-0 apr\u00e8s le 1<sup>er<\/sup> QT, Stefania Terefou, Kelly McKee, Marion Tardy et les copines ont rattrap\u00e9 4 buts dans le 2<sup>\u00e8me<\/sup> QT, r\u00e9ussissant \u00e0 poser probl\u00e8me aux Magyares. Les Hongroises, habitu\u00e9es \u00e0 l\u2019Europe, ont jou\u00e9 l\u2019exp\u00e9rience pour venir \u00e0 bout de nos nordistes (12-5). Le 2<sup>\u00e8me<\/sup> match de ce difficile groupe se joue face aux grecques du Vouliagmeni, une autre habitu\u00e9e de l\u2019Europe. Le score sera sans appel\u00a0: D\u00e9faite 20-2.<\/p>\n<p style=\"text-align: justify;\">Le coach Filippos Sakellis pense la qualification et fait tourner les jeunes pour se focaliser sur le prochain match. Il reste une chance de passer\u00a0: battre les grecques du Glyfada. Assommant les Ath\u00e9niennes d\u2019entr\u00e9es (0-4), Les Lilloises bataill\u00e8rent dur pendant les 2<sup>\u00e8me<\/sup> et 3<sup>\u00e8me<\/sup> quart-temps (3-3, 3-3). 10-6 en faveur des nordistes qui remportent le match 12-7. Les Lilloises, 3<sup>\u00e8me<\/sup> au classement de ce groupe B, sont qualifi\u00e9es pour le 2<sup>\u00e8me<\/sup> tour qui se tiendra du 19 au 21 janvier 2017.<\/p>\n<div id=\"attachment_8245\" style=\"width: 831px\" class=\"wp-caption aligncenter\"><img loading=\"lazy\" decoding=\"async\" aria-describedby=\"caption-attachment-8245\" class=\"wp-image-8245 size-full\" src=\"http:\/\/dicodusport.fr\/blog\/wp-content\/uploads\/2017\/12\/Lille-M\u00e9tropole-Water-polo.jpg\" alt=\"\" width=\"821\" height=\"506\" srcset=\"https:\/\/dicodusport.fr\/blog\/wp-content\/uploads\/2017\/12\/Lille-M\u00e9tropole-Water-polo.jpg 821w, https:\/\/dicodusport.fr\/blog\/wp-content\/uploads\/2017\/12\/Lille-M\u00e9tropole-Water-polo-300x185.jpg 300w, https:\/\/dicodusport.fr\/blog\/wp-content\/uploads\/2017\/12\/Lille-M\u00e9tropole-Water-polo-768x473.jpg 768w\" sizes=\"auto, (max-width: 821px) 100vw, 821px\" \/><p id=\"caption-attachment-8245\" class=\"wp-caption-text\">Les Lilloises peuvent avoir le sourire &#8211; Lille M\u00e9tropole Water Polo<\/p><\/div>\n<p>Pour l\u2019instant, r\u00e9cup\u00e9ration, le weekend s\u2019annon\u00e7ant long avec le weekend de brassage comptant pour la qualification en play-off du championnat de France Pro A. Au sortir de ce weekend, on saura, en effet, qui jouera en Poule Haute et en Poule Basse.<\/p>\n<h4>L\u2019\u00c9QUIPE DE LA SEMAINE\u00a0: Les Bleus Paralympiques<\/h4>\n<p style=\"text-align: justify;\">Lors de la c\u00e9r\u00e9monie #J-100 des Jeux Paralympiques 2018 de Pyeongchang en Cor\u00e9e du Sud, toute l\u2019\u00e9quipe de France Paralympique \u00e9tait r\u00e9unie pour d\u00e9couvrir le nom du ou de la porte-drapeau. A 12h45, fin du suspense, avec l\u2019annonce de l\u2019athl\u00e8te qui aura le privil\u00e8ge de mener les Bleus lors de la C\u00e9r\u00e9monie d\u2019ouverture le 9 mars prochain\u00a0: Marie Bochet.<\/p>\n<p style=\"text-align: justify;\">Marie Bochet, 23 ans, skieuse handisport dans la cat\u00e9gorie \u00ab\u00a0debout\u00a0\u00bb (son handicap se porte au niveau de son avant-bras gauche) a d\u00e9but\u00e9 sa carri\u00e8re internationale en 2010 et explose au Jeux Paralympique 2014 avec 4 titres (descente, super G, super combin\u00e9 et slalom g\u00e9ant). A ce jour, elle connait d\u00e9j\u00e0 6 de ces co\u00e9quipiers qui sont eux aussi d\u00e9j\u00e0 qualifi\u00e9s\u00a0: Arthur Bauchet (ski alpin), Maxime Montaggioni et C\u00e9cile Hernandez (snowboard), Thomas Clarion, Benjamin Daviet et Anthony Chalen\u00e7on (ski nordique).<\/p>\n<div id=\"attachment_8247\" style=\"width: 787px\" class=\"wp-caption aligncenter\"><img loading=\"lazy\" decoding=\"async\" aria-describedby=\"caption-attachment-8247\" class=\"wp-image-8247\" src=\"http:\/\/dicodusport.fr\/blog\/wp-content\/uploads\/2017\/12\/Equipe-de-France-Paralympique.jpg\" alt=\"\" width=\"777\" height=\"547\" srcset=\"https:\/\/dicodusport.fr\/blog\/wp-content\/uploads\/2017\/12\/Equipe-de-France-Paralympique.jpg 1200w, https:\/\/dicodusport.fr\/blog\/wp-content\/uploads\/2017\/12\/Equipe-de-France-Paralympique-300x211.jpg 300w, https:\/\/dicodusport.fr\/blog\/wp-content\/uploads\/2017\/12\/Equipe-de-France-Paralympique-768x541.jpg 768w, https:\/\/dicodusport.fr\/blog\/wp-content\/uploads\/2017\/12\/Equipe-de-France-Paralympique-1024x721.jpg 1024w\" sizes=\"auto, (max-width: 777px) 100vw, 777px\" \/><p id=\"caption-attachment-8247\" class=\"wp-caption-text\">Les sept tricolores s\u00e9lectionn\u00e9s \u00e0 ce jour &#8211; France Paralympique<\/p><\/div>\n<p>&nbsp;<\/p>\n<h4>LES CHAMPIONNATS EN BREF<\/h4>\n<p style=\"text-align: justify;\"><span style=\"text-decoration: underline;\"><em>#FOOTBALL #J10<\/em><\/span><\/p>\n<p style=\"text-align: justify;\">Reprise ce week-end du championnat apr\u00e8s la tr\u00eave internationale. Lyon et Paris continuent leur duel \u00e0 distance avant le choc de la D1 lundi prochain (11 d\u00e9cembre). Pas de surprise pour ces deux \u00e9quipes qui s\u2019imposent logiquement face \u00e0 l\u2019OM pour les Lyonnaises (0-5) et face \u00e0 Bordeaux pour les Parisiennes (3-0). R\u00e9sultat logique mais difficile pour l\u2019OM en particulier qui prend la derni\u00e8re place du classement derri\u00e8re Fleury qui remporte sa deuxi\u00e8me victoire de la saison. De son c\u00f4t\u00e9, Albi souffle un peu avec sa victoire face \u00e0 Guingamp (2-0). En t\u00eate, Montpellier poursuit \u00e9galement sur sa lanc\u00e9e avec sa belle victoire face \u00e0 Soyaux (1-5). La rencontre entre le Paris FC et Lille a \u00e9t\u00e9 report\u00e9e en raison de la neige.<\/p>\n<p><img loading=\"lazy\" decoding=\"async\" class=\"aligncenter size-full wp-image-8252\" src=\"http:\/\/dicodusport.fr\/blog\/wp-content\/uploads\/2017\/12\/D1-f\u00e9minine.png\" alt=\"\" width=\"1387\" height=\"692\" srcset=\"https:\/\/dicodusport.fr\/blog\/wp-content\/uploads\/2017\/12\/D1-f\u00e9minine.png 1387w, https:\/\/dicodusport.fr\/blog\/wp-content\/uploads\/2017\/12\/D1-f\u00e9minine-300x150.png 300w, https:\/\/dicodusport.fr\/blog\/wp-content\/uploads\/2017\/12\/D1-f\u00e9minine-768x383.png 768w, https:\/\/dicodusport.fr\/blog\/wp-content\/uploads\/2017\/12\/D1-f\u00e9minine-1024x511.png 1024w\" sizes=\"auto, (max-width: 1387px) 100vw, 1387px\" \/><\/p>\n<p>En ce qui concerne la Champion\u2019s League, les \u00bc de finale se joueront en mars prochain. Lyon sera oppos\u00e9 \u00e0 Barcelone et Montpellier \u00e0 Chelsea. Match aller le 21 mars \/ Match retour le 28 mars.<\/p>\n<p style=\"text-align: justify;\"><span style=\"text-decoration: underline;\"><em>#BASKET #J9<\/em><\/span><\/p>\n<p style=\"text-align: justify;\">Cette semaine a \u00e9t\u00e9 marqu\u00e9e par le d\u00e9part de Sandrine Gruda pour la Turquie. Apr\u00e8s avoir permis \u00e0 l\u2019ASVEL-Lyon d\u2019enchainer les victoires ces derni\u00e8res semaines avec une moyenne de <strong>18 points, 9 rebonds et 2,5 passes d\u00e9cisives, elle d\u00e9cide de s\u2019engager avec Yakin Dogu. Une grosse d\u00e9ception surement pour le club rhodanien. <\/strong>L\u2019autre d\u00e9part remarqu\u00e9 est celui de Ren\u00e9e Montgomery, championne WNBA 2017 avec les Minnesota Lynx et pensionnaire des Flammes Carolo. La joueuse et le club ont choisi de se s\u00e9parer d\u2019un commun accord pour des raisons de divergence quand au poste affect\u00e9 \u00e0 l\u2019Am\u00e9ricaine par le coach Romuald Yernaux.<\/p>\n<p style=\"text-align: justify;\">Du c\u00f4t\u00e9 des parquets, Basket Landes chute \u00e0 Mondeville et manque de faire la bonne affaire du week-end puisque les 4 autres \u00e9quipes de t\u00eate s\u2019opposaient entre elles. Bourges garde le rythme et s\u2019impose face L\u2019ASVEL (69-53). C\u2019est Villeneuve d\u2019Ascq qui fait la bonne affaire en s\u2019imposant \u00e0 Charleville de 3 petits points (65-68) et prend ainsi la 3<sup>e<\/sup> place au classement.<\/p>\n<p><img loading=\"lazy\" decoding=\"async\" class=\"aligncenter size-full wp-image-8251\" src=\"http:\/\/dicodusport.fr\/blog\/wp-content\/uploads\/2017\/12\/Basket-f\u00e9minin-LFB.png\" alt=\"\" width=\"1834\" height=\"917\" srcset=\"https:\/\/dicodusport.fr\/blog\/wp-content\/uploads\/2017\/12\/Basket-f\u00e9minin-LFB.png 1834w, https:\/\/dicodusport.fr\/blog\/wp-content\/uploads\/2017\/12\/Basket-f\u00e9minin-LFB-300x150.png 300w, https:\/\/dicodusport.fr\/blog\/wp-content\/uploads\/2017\/12\/Basket-f\u00e9minin-LFB-768x384.png 768w, https:\/\/dicodusport.fr\/blog\/wp-content\/uploads\/2017\/12\/Basket-f\u00e9minin-LFB-1024x512.png 1024w\" sizes=\"auto, (max-width: 1834px) 100vw, 1834px\" \/><\/p>\n<p style=\"text-align: justify;\">Concernant l\u2019Euroligue (J6), ESB Lille s\u2019impose \u00e0 domicile face \u00e0 Bourges (64-55) tandis que Montpellier chute en Pologne face \u00e0 Wisla Can-Pack (85-67). Au classement dans le groupe A, Kursk est en t\u00eate, ESB Lille 4<sup>e<\/sup> et Bourges 7<sup>e<\/sup>. Dans le groupe B, Yakin Dogu est en t\u00eate. Le club de Lattes Montpellier est dernier (8<sup>e<\/sup>). En Eurocup, ce sont les phases finales qui d\u00e9marrent avec les 1\/16<sup>e<\/sup> de Finale aller d\u00e8s le 14 d\u00e9cembre prochain. Du c\u00f4t\u00e9 des clubs fran\u00e7ais, Basket Landes se d\u00e9placera \u00e0 Fribourg, Saint-Armand Hainaut recevra Wasserburg. Match retour le 21\/12.<\/p>\n<p style=\"text-align: justify;\"><span style=\"text-decoration: underline;\"><em>#BIATHLON<\/em><\/span><\/p>\n<p style=\"text-align: justify;\">\u00c7a y est\u00a0! C\u2019est parti pour la Coupe du Monde de biathlon et les Tricolores ont d\u00e9j\u00e0 fait parler la poudre. Que dire de Martin Fourcade et du doubl\u00e9 fran\u00e7ais avec Quentin Fillon-Maillet face aux fr\u00e8res Boe. Que dire de Justine Braisaz qui a fait parler le talent sur les pistes su\u00e9doises d\u2019\u00d6stersund. 8<sup>\u00e8me<\/sup> lors de l\u2019individuelle, mercredi dernier, la jeune Albertvilloise accroche la 2<sup>\u00e8me<\/sup> place lors du sprint vendredi, derri\u00e8re l\u2019ancienne fondeuse allemande, Denise Hermann, 2<sup>\u00e8me<\/sup> place que Justine r\u00e9it\u00e9rera lors de la poursuite le dimanche suivant.<\/p>\n<p style=\"text-align: justify;\">142 points engrang\u00e9s au classement de la Coupe du Monde, Justine arrive en t\u00eate, devant Denise Hermann (138 pts) et la bi\u00e9lorusse Nadezha Skardino (127 pts), et, par cons\u00e9quent, portera la tunique jaune le 8 d\u00e9cembre prochain, en Autriche, \u00e0 Hochfilzen\u2026avec le retour de Laura Dahlmeier et de Gabriella Koukalova. La France compte d\u00e9sormais quatre biathl\u00e8tes dans le classement, en plus de Justine Braisaz. Anais Bescond est 18<sup>\u00e8me<\/sup> au classement (58 pts), Marie Dorin-Habert est 25<sup>\u00e8me<\/sup> avec 45 pts, et C\u00e9lia Aymonier prend la 45<sup>\u00e8me<\/sup> place avec 15 pts.<\/p>\n<div id=\"attachment_8246\" style=\"width: 739px\" class=\"wp-caption aligncenter\"><img loading=\"lazy\" decoding=\"async\" aria-describedby=\"caption-attachment-8246\" class=\"wp-image-8246\" src=\"http:\/\/dicodusport.fr\/blog\/wp-content\/uploads\/2017\/12\/Justine-Braisaz-Ostersund.jpg\" alt=\"\" width=\"729\" height=\"547\" srcset=\"https:\/\/dicodusport.fr\/blog\/wp-content\/uploads\/2017\/12\/Justine-Braisaz-Ostersund.jpg 1200w, https:\/\/dicodusport.fr\/blog\/wp-content\/uploads\/2017\/12\/Justine-Braisaz-Ostersund-300x225.jpg 300w, https:\/\/dicodusport.fr\/blog\/wp-content\/uploads\/2017\/12\/Justine-Braisaz-Ostersund-768x576.jpg 768w, https:\/\/dicodusport.fr\/blog\/wp-content\/uploads\/2017\/12\/Justine-Braisaz-Ostersund-1024x768.jpg 1024w\" sizes=\"auto, (max-width: 729px) 100vw, 729px\" \/><p id=\"caption-attachment-8246\" class=\"wp-caption-text\">Le grand sourire de Justine Braisaz, \u00e0 gauche &#8211; IBU<\/p><\/div>\n<p style=\"text-align: justify;\"><span style=\"text-decoration: underline;\"><em>#HOCKEY SUR GLACE<\/em><\/span><\/p>\n<p style=\"text-align: justify;\">Ce week-end, dans la Poule Sud, les Aigles du Besan\u00e7on Doubs, leader du classement, n\u2019ont pas tergivers\u00e9 face aux Amazones de Marseille PACA \u00e0 l\u2019image de Marine Mathieu (4 buts, 5 aides) et Jeanne Morin, remplac\u00e9e par Sylvie Unverzagt au poste de gardienne, qui a notamment marqu\u00e9 2 buts. Victoire des Aigles (22-0). C\u2019est un \u00ab\u00a0<em>work in progress<\/em>\u00a0\u00bb pour les Amazones de Laurie Zydek et Gaelle Marchis, la capitaine, qui disputent leur premi\u00e8re saison en Elite. Dans l\u2019autre match, tr\u00e8s accroch\u00e9, l\u2019\u00e9quipe d\u2019Occitanie a remport\u00e9 les 3 points face aux Bouquetins HCMP (5-1), avec un tripl\u00e9 de Chlo\u00e9 Goutalier, dont deux buts dans le 3<sup>\u00e8me<\/sup> tiers-temps, fatal pour les Bouquetins qui avait r\u00e9duit la marque en 2<sup>\u00e8me<\/sup> p\u00e9riode gr\u00e2ce \u00e0 un but de Margot Lombard (35\u201911).<\/p>\n<p style=\"text-align: justify;\">Au classement, Besan\u00e7on est toujours en t\u00eate devant l\u2019Occitanie, l\u2019Occitanie qui affrontera le HC 74 le weekend prochain.<\/p>\n<div id=\"attachment_8249\" style=\"width: 690px\" class=\"wp-caption aligncenter\"><img loading=\"lazy\" decoding=\"async\" aria-describedby=\"caption-attachment-8249\" class=\"wp-image-8249\" src=\"http:\/\/dicodusport.fr\/blog\/wp-content\/uploads\/2017\/12\/Marine-Mathieu.jpg\" alt=\"\" width=\"680\" height=\"452\" srcset=\"https:\/\/dicodusport.fr\/blog\/wp-content\/uploads\/2017\/12\/Marine-Mathieu.jpg 800w, https:\/\/dicodusport.fr\/blog\/wp-content\/uploads\/2017\/12\/Marine-Mathieu-300x200.jpg 300w, https:\/\/dicodusport.fr\/blog\/wp-content\/uploads\/2017\/12\/Marine-Mathieu-768x511.jpg 768w\" sizes=\"auto, (max-width: 680px) 100vw, 680px\" \/><p id=\"caption-attachment-8249\" class=\"wp-caption-text\">Marine Mathieu face aux cages azur\u00e9ennes &#8211; Philippe Rouinssard \/ Hockey Hebdo<\/p><\/div>\n<p>Dans la Poule Nord, un seul match, mais quel match\u00a0! Les Remparts de Tours n\u2019ont pas trembl\u00e9 devant les Jokers de Cergy, 2<sup>\u00e8me<\/sup> du classement avant le match. L\u2019internationale Rapha\u00eblle Grenier ouvre le score \u00e0 la 4<sup>\u00e8me<\/sup> minute pour Tours sur une aide d\u2019Oc\u00e9ane Carat. 1-0 \u00e0 la fin du 1<sup>er<\/sup> TT. Les Jokers de Cergy reviennent au score avec Emma Halingre (23\u201914). Rapha\u00eblle Grenier reprend l\u2019avantage pour Tours (34\u201946). Men\u00e9es (2-1) \u00e0 la fin du 2<sup>\u00e8me<\/sup> TT, les filles de Sophie Diakit\u00e9 ne l\u00e2chent rien et reviendront \u00e0 nouveau au score par le biais de l\u2019attaquante L\u00e9a Milenkovic (52\u201927). 2-2. Le score ne bougera plus jusqu\u2019\u00e0 la prolongation o\u00f9 Oc\u00e9ane Carat offrira la victoire aux Remparts (3-2).<\/p>\n<p>Les Jokers prennent la t\u00eate du classement \u00e0 la diff\u00e9rence de buts, devant les Gothiques d\u2019Amiens, 1 point devant les Bisons de Neuilly-St Ouen. Le 17 d\u00e9cembre, un derby parisien \u00e0 ne pas manquer, assur\u00e9ment, entre les Bisons, 3<sup>\u00e8me<\/sup>, et les Jokers, 1<sup>er<\/sup>.<\/p>\n<p><img loading=\"lazy\" decoding=\"async\" class=\"aligncenter size-full wp-image-8248\" src=\"http:\/\/dicodusport.fr\/blog\/wp-content\/uploads\/2017\/12\/Hockey-sur-Glace-f\u00e9minin.png\" alt=\"\" width=\"2020\" height=\"1424\" srcset=\"https:\/\/dicodusport.fr\/blog\/wp-content\/uploads\/2017\/12\/Hockey-sur-Glace-f\u00e9minin.png 2020w, https:\/\/dicodusport.fr\/blog\/wp-content\/uploads\/2017\/12\/Hockey-sur-Glace-f\u00e9minin-300x211.png 300w, https:\/\/dicodusport.fr\/blog\/wp-content\/uploads\/2017\/12\/Hockey-sur-Glace-f\u00e9minin-768x541.png 768w, https:\/\/dicodusport.fr\/blog\/wp-content\/uploads\/2017\/12\/Hockey-sur-Glace-f\u00e9minin-1024x722.png 1024w\" sizes=\"auto, (max-width: 2020px) 100vw, 2020px\" \/><\/p>\n<p><strong><em>\u00a0<\/em><\/strong><\/p>\n<p><span style=\"text-decoration: underline;\"><em>#VOLLEY-BALL #J9<\/em><\/span><\/p>\n<p style=\"text-align: justify;\">Hier soir, la 9<sup>\u00e8me<\/sup> journ\u00e9e de Ligue A F\u00e9minine battait son plein avec, entre autres, la victoire de Quimper face au Cannet, club qui l\u2019avait \u00e9limin\u00e9 la semaine derni\u00e8re, en 5 sets, en 8<sup>\u00e8me<\/sup> de finale de Coupe de France. Si les Bretonnes signent leur 3<sup>\u00e8me<\/sup> victoire de la saison en 4 matchs, les Azur\u00e9ennes ont essuy\u00e9 une 4<sup>\u00e8me<\/sup> d\u00e9faite de rang en championnat.<\/p>\n<p style=\"text-align: justify;\">Dans les autres matchs, Vandoeuvre s\u2019impose devant Evreux (3-2), Nantes s\u2019incline \u00e0 domicile face \u00e0 Venelles (0-3), Mulhouse retrouve le go\u00fbt de la victoire en battant Paris Saint-Cloud (1-3). Chamali\u00e8res n\u2019a rien pu faire dans l\u2019antre des Angels de B\u00e9ziers qui s\u2019imposent (3-0). Enfin, la L\u00e9gende du RC Cannes a battu Saint-Rapha\u00ebl en 4 sets (3-1).<\/p>\n<p style=\"text-align: justify;\">Au classement, le RC Cannes a 1 point d\u2019avance sur B\u00e9ziers (23 points) et 6 points sur les Championnes de France 2017, l\u2019ASPTT Mulhouse, 3<sup>\u00e8me<\/sup> (18 points). Dans le milieu de tableau, le Pays d\u2019Aix Venelles est 4<sup>\u00e8me<\/sup> avec 15 points, suivi de Paris (14 points), Saint-Rapha\u00ebl (13 points), Le Cannet, 7<sup>\u00e8me<\/sup> avec 12 points. Derri\u00e8re, Evreux s\u2019accroche \u00e0 la 8<sup>\u00e8me<\/sup> place, synonyme de play-off, \u00e0 \u00e9galit\u00e9 de points avec Nantes (11), suivis de tr\u00e8s pr\u00e8s par Vandoeuvre et Quimper (9 points). Chamali\u00e8res ferme la marche avec 3 points.<\/p>\n<h4>CHUT, ON LIT\u00a0!<\/h4>\n<p style=\"text-align: justify;\">Il y a quelques semaines, on vous parlait en avant-premi\u00e8re du livre <em>\u00ab Girl Power\u00a0\u2013 Les Sportives \u00bb<\/em>. Nous attendions sa sortie avec impatience et nous ne sommes pas d\u00e9\u00e7us. Ce livre se propose de pr\u00e9senter 50 portraits des plus grandes sportives : tennis, gymnastique, ski, athl\u00e9tisme, football&#8230;\u00a0 On y retrouve de grandes championnes de tous les sports, de tous les pays, et \u00e0 toutes les \u00e9poques.<\/p>\n<p style=\"text-align: justify;\"><img loading=\"lazy\" decoding=\"async\" class=\"aligncenter wp-image-8250\" src=\"http:\/\/dicodusport.fr\/blog\/wp-content\/uploads\/2017\/12\/Girl-Power-Les-Sportives.jpg\" alt=\"\" width=\"541\" height=\"649\" srcset=\"https:\/\/dicodusport.fr\/blog\/wp-content\/uploads\/2017\/12\/Girl-Power-Les-Sportives.jpg 2374w, https:\/\/dicodusport.fr\/blog\/wp-content\/uploads\/2017\/12\/Girl-Power-Les-Sportives-250x300.jpg 250w, https:\/\/dicodusport.fr\/blog\/wp-content\/uploads\/2017\/12\/Girl-Power-Les-Sportives-768x921.jpg 768w, https:\/\/dicodusport.fr\/blog\/wp-content\/uploads\/2017\/12\/Girl-Power-Les-Sportives-854x1024.jpg 854w\" sizes=\"auto, (max-width: 541px) 100vw, 541px\" \/><\/p>\n<p style=\"text-align: justify;\">Brisant au passage les st\u00e9r\u00e9otypes et d\u00e9fiant tous ceux qui leur ont dit qu\u2019une femme ne pouvait pas accomplir les m\u00eames choses qu\u2019un homme, elles se sont battues pour atteindre les sommets. Des parcours extraordinaires et inspirants pour en apprendre plus sur l\u2019histoire des femmes, et qui feront r\u00eaver petits et grands.<\/p>\n<p style=\"text-align: justify;\"><img loading=\"lazy\" decoding=\"async\" class=\"aligncenter size-full wp-image-8254\" src=\"http:\/\/dicodusport.fr\/blog\/wp-content\/uploads\/2017\/12\/Laure-Manaudou-Girl-Power.png\" alt=\"\" width=\"1028\" height=\"619\" srcset=\"https:\/\/dicodusport.fr\/blog\/wp-content\/uploads\/2017\/12\/Laure-Manaudou-Girl-Power.png 1028w, https:\/\/dicodusport.fr\/blog\/wp-content\/uploads\/2017\/12\/Laure-Manaudou-Girl-Power-300x181.png 300w, https:\/\/dicodusport.fr\/blog\/wp-content\/uploads\/2017\/12\/Laure-Manaudou-Girl-Power-768x462.png 768w, https:\/\/dicodusport.fr\/blog\/wp-content\/uploads\/2017\/12\/Laure-Manaudou-Girl-Power-1024x617.png 1024w\" sizes=\"auto, (max-width: 1028px) 100vw, 1028px\" \/><\/p>\n<p style=\"text-align: justify;\"><strong>Chronique \u00e9crite par D\u00e9borah Sarfati et J\u00e9r\u00f4me Decourcelles, de <a href=\"https:\/\/twitter.com\/sportaufeminin1?lang=fr\">Sport au f\u00e9minin<\/a><\/strong><\/p>\n<h4><em><strong>\u00a0<\/strong><\/em><\/h4>\n","protected":false},"excerpt":{"rendered":"<p>Apr\u00e8s huit premiers \u00e9pisodes sur Sport-Inside, la chronique l\u2019\u00e9mission de radio Sport au f\u00e9minin\u00a0a pris ses quartiers sur Dicodusport ! Au menu cette semaine, la performance des Lilloises en Water Polo, l&rsquo;\u00e9lection de Marie Bochet comme porte-drapeau pour les Jeux Paralympiques de Pyeongchang et un zoom sur l&rsquo;ouvrage \u00ab Girl Power \u00bb. COUP DE CHAPEAU\u00a0! [&hellip;]<\/p>\n","protected":false},"author":4,"featured_media":8244,"comment_status":"open","ping_status":"closed","sticky":false,"template":"","format":"standard","meta":{"_acf_changed":false,"_daextam_enable_autolinks":"","footnotes":""},"categories":[2,2366],"tags":[2427,2754,1398,1669],"class_list":["post-8239","post","type-post","status-publish","format-standard","has-post-thumbnail","hentry","category-actualites","category-multisports","tag-biathlon","tag-marie-bochet","tag-sport-feminin","tag-sports-collectifs"],"acf":[],"yoast_head":"<!-- This site is optimized with the Yoast SEO Premium plugin v26.7 (Yoast SEO v26.7) - https:\/\/yoast.com\/wordpress\/plugins\/seo\/ -->\n<title>Sport au f\u00e9minin #13 : Lille M\u00e9tropole Water polo, Marie Bochet et Girl Power au menu !<\/title>\n<meta name=\"description\" content=\"Au menu cette semaine, le Lille M\u00e9tropole Water Polo, l&#039;\u00e9lection de Marie Bochet comme porte-drapeau et zoom sur l&#039;ouvrage \u00ab Girl Power \u00bb par Les Sportives.\" \/>\n<meta name=\"robots\" content=\"index, follow, max-snippet:-1, max-image-preview:large, max-video-preview:-1\" \/>\n<link rel=\"canonical\" href=\"https:\/\/dicodusport.fr\/blog\/sport-feminin-13-lille-metropole-water-polo-marie-bochet-girl-power-menu\/\" \/>\n<meta property=\"og:locale\" content=\"fr_FR\" \/>\n<meta property=\"og:type\" content=\"article\" \/>\n<meta property=\"og:title\" content=\"Sport au f\u00e9minin #13 : Lille M\u00e9tropole Water polo, Marie Bochet et Girl Power au menu !\" \/>\n<meta property=\"og:description\" content=\"Au menu cette semaine, le Lille M\u00e9tropole Water Polo, l&#039;\u00e9lection de Marie Bochet comme porte-drapeau et zoom sur l&#039;ouvrage \u00ab Girl Power \u00bb par Les Sportives.\" \/>\n<meta property=\"og:url\" content=\"https:\/\/dicodusport.fr\/blog\/sport-feminin-13-lille-metropole-water-polo-marie-bochet-girl-power-menu\/\" \/>\n<meta property=\"og:site_name\" content=\"Dicodusport\" \/>\n<meta property=\"article:publisher\" content=\"https:\/\/www.facebook.com\/dicodusport\" \/>\n<meta property=\"article:author\" content=\"https:\/\/www.facebook.com\/florent.ostermann\" \/>\n<meta property=\"article:published_time\" content=\"2017-12-06T18:34:57+00:00\" \/>\n<meta property=\"article:modified_time\" content=\"2017-12-13T15:11:48+00:00\" \/>\n<meta property=\"og:image\" content=\"https:\/\/dicodusport.fr\/blog\/wp-content\/uploads\/2017\/12\/Marie-Bochet-porte-drapeau.png\" \/>\n\t<meta property=\"og:image:width\" content=\"1200\" \/>\n\t<meta property=\"og:image:height\" content=\"670\" \/>\n\t<meta property=\"og:image:type\" content=\"image\/png\" \/>\n<meta name=\"author\" content=\"Flo Ostermann\" \/>\n<meta name=\"twitter:card\" content=\"summary_large_image\" \/>\n<meta name=\"twitter:creator\" content=\"@https:\/\/twitter.com\/FlOstermann\" \/>\n<meta name=\"twitter:site\" content=\"@dicodusport\" \/>\n<script type=\"application\/ld+json\" class=\"yoast-schema-graph\">{\"@context\":\"https:\/\/schema.org\",\"@graph\":[{\"@type\":\"NewsArticle\",\"@id\":\"https:\/\/dicodusport.fr\/blog\/sport-feminin-13-lille-metropole-water-polo-marie-bochet-girl-power-menu\/#article\",\"isPartOf\":{\"@id\":\"https:\/\/dicodusport.fr\/blog\/sport-feminin-13-lille-metropole-water-polo-marie-bochet-girl-power-menu\/\"},\"author\":{\"name\":\"Flo Ostermann\",\"@id\":\"https:\/\/dicodusport.fr\/blog\/#\/schema\/person\/cb02af4c173ce4a653b55e9baf388d4a\"},\"headline\":\"Sport au f\u00e9minin #13 : Lille M\u00e9tropole Water polo, Marie Bochet et Girl Power au menu !\",\"datePublished\":\"2017-12-06T18:34:57+00:00\",\"dateModified\":\"2017-12-13T15:11:48+00:00\",\"mainEntityOfPage\":{\"@id\":\"https:\/\/dicodusport.fr\/blog\/sport-feminin-13-lille-metropole-water-polo-marie-bochet-girl-power-menu\/\"},\"wordCount\":1910,\"commentCount\":0,\"publisher\":{\"@id\":\"https:\/\/dicodusport.fr\/blog\/#organization\"},\"image\":{\"@id\":\"https:\/\/dicodusport.fr\/blog\/sport-feminin-13-lille-metropole-water-polo-marie-bochet-girl-power-menu\/#primaryimage\"},\"thumbnailUrl\":\"https:\/\/dicodusport.fr\/blog\/wp-content\/uploads\/2017\/12\/Marie-Bochet-porte-drapeau.png\",\"keywords\":[\"Biathlon\",\"Marie Bochet\",\"sport f\u00e9minin\",\"Sports collectifs\"],\"articleSection\":[\"Actualit\u00e9s\",\"Multisports\"],\"inLanguage\":\"fr-FR\",\"potentialAction\":[{\"@type\":\"CommentAction\",\"name\":\"Comment\",\"target\":[\"https:\/\/dicodusport.fr\/blog\/sport-feminin-13-lille-metropole-water-polo-marie-bochet-girl-power-menu\/#respond\"]}],\"copyrightYear\":\"2017\",\"copyrightHolder\":{\"@id\":\"https:\/\/dicodusport.fr\/blog\/#organization\"}},{\"@type\":\"WebPage\",\"@id\":\"https:\/\/dicodusport.fr\/blog\/sport-feminin-13-lille-metropole-water-polo-marie-bochet-girl-power-menu\/\",\"url\":\"https:\/\/dicodusport.fr\/blog\/sport-feminin-13-lille-metropole-water-polo-marie-bochet-girl-power-menu\/\",\"name\":\"Sport au f\u00e9minin #13 : Lille M\u00e9tropole Water polo, Marie Bochet et Girl Power au menu !\",\"isPartOf\":{\"@id\":\"https:\/\/dicodusport.fr\/blog\/#website\"},\"primaryImageOfPage\":{\"@id\":\"https:\/\/dicodusport.fr\/blog\/sport-feminin-13-lille-metropole-water-polo-marie-bochet-girl-power-menu\/#primaryimage\"},\"image\":{\"@id\":\"https:\/\/dicodusport.fr\/blog\/sport-feminin-13-lille-metropole-water-polo-marie-bochet-girl-power-menu\/#primaryimage\"},\"thumbnailUrl\":\"https:\/\/dicodusport.fr\/blog\/wp-content\/uploads\/2017\/12\/Marie-Bochet-porte-drapeau.png\",\"datePublished\":\"2017-12-06T18:34:57+00:00\",\"dateModified\":\"2017-12-13T15:11:48+00:00\",\"description\":\"Au menu cette semaine, le Lille M\u00e9tropole Water Polo, l'\u00e9lection de Marie Bochet comme porte-drapeau et zoom sur l'ouvrage \u00ab Girl Power \u00bb par Les Sportives.\",\"breadcrumb\":{\"@id\":\"https:\/\/dicodusport.fr\/blog\/sport-feminin-13-lille-metropole-water-polo-marie-bochet-girl-power-menu\/#breadcrumb\"},\"inLanguage\":\"fr-FR\",\"potentialAction\":[{\"@type\":\"ReadAction\",\"target\":[\"https:\/\/dicodusport.fr\/blog\/sport-feminin-13-lille-metropole-water-polo-marie-bochet-girl-power-menu\/\"]}]},{\"@type\":\"ImageObject\",\"inLanguage\":\"fr-FR\",\"@id\":\"https:\/\/dicodusport.fr\/blog\/sport-feminin-13-lille-metropole-water-polo-marie-bochet-girl-power-menu\/#primaryimage\",\"url\":\"https:\/\/dicodusport.fr\/blog\/wp-content\/uploads\/2017\/12\/Marie-Bochet-porte-drapeau.png\",\"contentUrl\":\"https:\/\/dicodusport.fr\/blog\/wp-content\/uploads\/2017\/12\/Marie-Bochet-porte-drapeau.png\",\"width\":1200,\"height\":670},{\"@type\":\"BreadcrumbList\",\"@id\":\"https:\/\/dicodusport.fr\/blog\/sport-feminin-13-lille-metropole-water-polo-marie-bochet-girl-power-menu\/#breadcrumb\",\"itemListElement\":[{\"@type\":\"ListItem\",\"position\":1,\"name\":\"Accueil\",\"item\":\"https:\/\/dicodusport.fr\/blog\/\"},{\"@type\":\"ListItem\",\"position\":2,\"name\":\"Sport au f\u00e9minin #13 : Lille M\u00e9tropole Water polo, Marie Bochet et Girl Power au menu !\"}]},{\"@type\":\"WebSite\",\"@id\":\"https:\/\/dicodusport.fr\/blog\/#website\",\"url\":\"https:\/\/dicodusport.fr\/blog\/\",\"name\":\"Dicodusport\",\"description\":\"L&#039;encyclop\u00e9die de l&#039;actualit\u00e9 sportive\",\"publisher\":{\"@id\":\"https:\/\/dicodusport.fr\/blog\/#organization\"},\"potentialAction\":[{\"@type\":\"SearchAction\",\"target\":{\"@type\":\"EntryPoint\",\"urlTemplate\":\"https:\/\/dicodusport.fr\/blog\/?s={search_term_string}\"},\"query-input\":{\"@type\":\"PropertyValueSpecification\",\"valueRequired\":true,\"valueName\":\"search_term_string\"}}],\"inLanguage\":\"fr-FR\"},{\"@type\":\"NewsMediaOrganization\",\"@id\":\"https:\/\/dicodusport.fr\/blog\/#organization\",\"name\":\"Dicodusport\",\"url\":\"https:\/\/dicodusport.fr\/blog\/\",\"logo\":{\"@type\":\"ImageObject\",\"inLanguage\":\"fr-FR\",\"@id\":\"https:\/\/dicodusport.fr\/blog\/#\/schema\/logo\/image\/\",\"url\":\"https:\/\/dicodusport.fr\/blog\/wp-content\/uploads\/2020\/06\/cropped-LOGO-DICODUSPORT-2020-SANS-FOND-SANS-TEXTE.png\",\"contentUrl\":\"https:\/\/dicodusport.fr\/blog\/wp-content\/uploads\/2020\/06\/cropped-LOGO-DICODUSPORT-2020-SANS-FOND-SANS-TEXTE.png\",\"width\":512,\"height\":512,\"caption\":\"Dicodusport\"},\"image\":{\"@id\":\"https:\/\/dicodusport.fr\/blog\/#\/schema\/logo\/image\/\"},\"sameAs\":[\"https:\/\/www.facebook.com\/dicodusport\",\"https:\/\/x.com\/dicodusport\",\"https:\/\/www.instagram.com\/dicodusport\/\",\"https:\/\/www.youtube.com\/channel\/UC7V2KZ5sd3htJivAbA4ZG3w\"],\"description\":\"Dicodusport est l'encyclop\u00e9die de l'actualit\u00e9 sportive.\",\"email\":\"bonjour@dicodusport.fr\",\"legalName\":\"DICODUSPORT\",\"foundingDate\":\"2018-01-14\",\"vatID\":\"FR71834470973\",\"taxID\":\"83447097300043\",\"numberOfEmployees\":{\"@type\":\"QuantitativeValue\",\"minValue\":\"1\",\"maxValue\":\"10\"}},{\"@type\":\"Person\",\"@id\":\"https:\/\/dicodusport.fr\/blog\/#\/schema\/person\/cb02af4c173ce4a653b55e9baf388d4a\",\"name\":\"Flo Ostermann\",\"image\":{\"@type\":\"ImageObject\",\"inLanguage\":\"fr-FR\",\"@id\":\"https:\/\/dicodusport.fr\/blog\/#\/schema\/person\/image\/\",\"url\":\"https:\/\/dicodusport.fr\/blog\/wp-content\/uploads\/2021\/05\/Flo-Ostermann-150x150.jpg\",\"contentUrl\":\"https:\/\/dicodusport.fr\/blog\/wp-content\/uploads\/2021\/05\/Flo-Ostermann-150x150.jpg\",\"caption\":\"Flo Ostermann\"},\"description\":\"Journaliste\/R\u00e9dacteur depuis septembre 2015 - Mes premiers souvenirs dans le sport ? Les envol\u00e9es du Stade Toulousain et les duels Villeneuve-Schumacher et H\u00e4kkinen-Schumacher \u00e0 la fin des ann\u00e9es 90, la Coupe du monde de football en 1998, l\u2019exploit du XV de France face aux All Blacks en 1999, mais aussi Richard C\u0153ur de Lion qui vole sur les montagnes du Tour de France. Bien parti pour devenir professeur d\u2019EPS, les \u00e9v\u00e9nements de la vie (et la flemme d\u2019animer des s\u00e9ances de 3x500 m\u00e8tres toute ma vie) m\u2019ont conduit \u00e0 revoir mes plans. Me voil\u00e0 depuis fin 2017 sur Dicodusport, m\u00e9dia gr\u00e2ce (et pour) lequel je partage ma passion : le sport dans tous ses \u00e9tats. Le tout accompagn\u00e9 par les fous furieux et folles furieuses cit\u00e9s sur cette page !\",\"sameAs\":[\"https:\/\/www.facebook.com\/florent.ostermann\",\"https:\/\/x.com\/https:\/\/twitter.com\/FlOstermann\",\"admin\"],\"url\":\"https:\/\/dicodusport.fr\/blog\/author\/flo\/\"}]}<\/script>\n<!-- \/ Yoast SEO Premium plugin. -->","yoast_head_json":{"title":"Sport au f\u00e9minin #13 : Lille M\u00e9tropole Water polo, Marie Bochet et Girl Power au menu !","description":"Au menu cette semaine, le Lille M\u00e9tropole Water Polo, l'\u00e9lection de Marie Bochet comme porte-drapeau et zoom sur l'ouvrage \u00ab Girl Power \u00bb par Les Sportives.","robots":{"index":"index","follow":"follow","max-snippet":"max-snippet:-1","max-image-preview":"max-image-preview:large","max-video-preview":"max-video-preview:-1"},"canonical":"https:\/\/dicodusport.fr\/blog\/sport-feminin-13-lille-metropole-water-polo-marie-bochet-girl-power-menu\/","og_locale":"fr_FR","og_type":"article","og_title":"Sport au f\u00e9minin #13 : Lille M\u00e9tropole Water polo, Marie Bochet et Girl Power au menu !","og_description":"Au menu cette semaine, le Lille M\u00e9tropole Water Polo, l'\u00e9lection de Marie Bochet comme porte-drapeau et zoom sur l'ouvrage \u00ab Girl Power \u00bb par Les Sportives.","og_url":"https:\/\/dicodusport.fr\/blog\/sport-feminin-13-lille-metropole-water-polo-marie-bochet-girl-power-menu\/","og_site_name":"Dicodusport","article_publisher":"https:\/\/www.facebook.com\/dicodusport","article_author":"https:\/\/www.facebook.com\/florent.ostermann","article_published_time":"2017-12-06T18:34:57+00:00","article_modified_time":"2017-12-13T15:11:48+00:00","og_image":[{"width":1200,"height":670,"url":"https:\/\/dicodusport.fr\/blog\/wp-content\/uploads\/2017\/12\/Marie-Bochet-porte-drapeau.png","type":"image\/png"}],"author":"Flo Ostermann","twitter_card":"summary_large_image","twitter_creator":"@https:\/\/twitter.com\/FlOstermann","twitter_site":"@dicodusport","schema":{"@context":"https:\/\/schema.org","@graph":[{"@type":"NewsArticle","@id":"https:\/\/dicodusport.fr\/blog\/sport-feminin-13-lille-metropole-water-polo-marie-bochet-girl-power-menu\/#article","isPartOf":{"@id":"https:\/\/dicodusport.fr\/blog\/sport-feminin-13-lille-metropole-water-polo-marie-bochet-girl-power-menu\/"},"author":{"name":"Flo Ostermann","@id":"https:\/\/dicodusport.fr\/blog\/#\/schema\/person\/cb02af4c173ce4a653b55e9baf388d4a"},"headline":"Sport au f\u00e9minin #13 : Lille M\u00e9tropole Water polo, Marie Bochet et Girl Power au menu !","datePublished":"2017-12-06T18:34:57+00:00","dateModified":"2017-12-13T15:11:48+00:00","mainEntityOfPage":{"@id":"https:\/\/dicodusport.fr\/blog\/sport-feminin-13-lille-metropole-water-polo-marie-bochet-girl-power-menu\/"},"wordCount":1910,"commentCount":0,"publisher":{"@id":"https:\/\/dicodusport.fr\/blog\/#organization"},"image":{"@id":"https:\/\/dicodusport.fr\/blog\/sport-feminin-13-lille-metropole-water-polo-marie-bochet-girl-power-menu\/#primaryimage"},"thumbnailUrl":"https:\/\/dicodusport.fr\/blog\/wp-content\/uploads\/2017\/12\/Marie-Bochet-porte-drapeau.png","keywords":["Biathlon","Marie Bochet","sport f\u00e9minin","Sports collectifs"],"articleSection":["Actualit\u00e9s","Multisports"],"inLanguage":"fr-FR","potentialAction":[{"@type":"CommentAction","name":"Comment","target":["https:\/\/dicodusport.fr\/blog\/sport-feminin-13-lille-metropole-water-polo-marie-bochet-girl-power-menu\/#respond"]}],"copyrightYear":"2017","copyrightHolder":{"@id":"https:\/\/dicodusport.fr\/blog\/#organization"}},{"@type":"WebPage","@id":"https:\/\/dicodusport.fr\/blog\/sport-feminin-13-lille-metropole-water-polo-marie-bochet-girl-power-menu\/","url":"https:\/\/dicodusport.fr\/blog\/sport-feminin-13-lille-metropole-water-polo-marie-bochet-girl-power-menu\/","name":"Sport au f\u00e9minin #13 : Lille M\u00e9tropole Water polo, Marie Bochet et Girl Power au menu !","isPartOf":{"@id":"https:\/\/dicodusport.fr\/blog\/#website"},"primaryImageOfPage":{"@id":"https:\/\/dicodusport.fr\/blog\/sport-feminin-13-lille-metropole-water-polo-marie-bochet-girl-power-menu\/#primaryimage"},"image":{"@id":"https:\/\/dicodusport.fr\/blog\/sport-feminin-13-lille-metropole-water-polo-marie-bochet-girl-power-menu\/#primaryimage"},"thumbnailUrl":"https:\/\/dicodusport.fr\/blog\/wp-content\/uploads\/2017\/12\/Marie-Bochet-porte-drapeau.png","datePublished":"2017-12-06T18:34:57+00:00","dateModified":"2017-12-13T15:11:48+00:00","description":"Au menu cette semaine, le Lille M\u00e9tropole Water Polo, l'\u00e9lection de Marie Bochet comme porte-drapeau et zoom sur l'ouvrage \u00ab Girl Power \u00bb par Les Sportives.","breadcrumb":{"@id":"https:\/\/dicodusport.fr\/blog\/sport-feminin-13-lille-metropole-water-polo-marie-bochet-girl-power-menu\/#breadcrumb"},"inLanguage":"fr-FR","potentialAction":[{"@type":"ReadAction","target":["https:\/\/dicodusport.fr\/blog\/sport-feminin-13-lille-metropole-water-polo-marie-bochet-girl-power-menu\/"]}]},{"@type":"ImageObject","inLanguage":"fr-FR","@id":"https:\/\/dicodusport.fr\/blog\/sport-feminin-13-lille-metropole-water-polo-marie-bochet-girl-power-menu\/#primaryimage","url":"https:\/\/dicodusport.fr\/blog\/wp-content\/uploads\/2017\/12\/Marie-Bochet-porte-drapeau.png","contentUrl":"https:\/\/dicodusport.fr\/blog\/wp-content\/uploads\/2017\/12\/Marie-Bochet-porte-drapeau.png","width":1200,"height":670},{"@type":"BreadcrumbList","@id":"https:\/\/dicodusport.fr\/blog\/sport-feminin-13-lille-metropole-water-polo-marie-bochet-girl-power-menu\/#breadcrumb","itemListElement":[{"@type":"ListItem","position":1,"name":"Accueil","item":"https:\/\/dicodusport.fr\/blog\/"},{"@type":"ListItem","position":2,"name":"Sport au f\u00e9minin #13 : Lille M\u00e9tropole Water polo, Marie Bochet et Girl Power au menu !"}]},{"@type":"WebSite","@id":"https:\/\/dicodusport.fr\/blog\/#website","url":"https:\/\/dicodusport.fr\/blog\/","name":"Dicodusport","description":"L&#039;encyclop\u00e9die de l&#039;actualit\u00e9 sportive","publisher":{"@id":"https:\/\/dicodusport.fr\/blog\/#organization"},"potentialAction":[{"@type":"SearchAction","target":{"@type":"EntryPoint","urlTemplate":"https:\/\/dicodusport.fr\/blog\/?s={search_term_string}"},"query-input":{"@type":"PropertyValueSpecification","valueRequired":true,"valueName":"search_term_string"}}],"inLanguage":"fr-FR"},{"@type":"NewsMediaOrganization","@id":"https:\/\/dicodusport.fr\/blog\/#organization","name":"Dicodusport","url":"https:\/\/dicodusport.fr\/blog\/","logo":{"@type":"ImageObject","inLanguage":"fr-FR","@id":"https:\/\/dicodusport.fr\/blog\/#\/schema\/logo\/image\/","url":"https:\/\/dicodusport.fr\/blog\/wp-content\/uploads\/2020\/06\/cropped-LOGO-DICODUSPORT-2020-SANS-FOND-SANS-TEXTE.png","contentUrl":"https:\/\/dicodusport.fr\/blog\/wp-content\/uploads\/2020\/06\/cropped-LOGO-DICODUSPORT-2020-SANS-FOND-SANS-TEXTE.png","width":512,"height":512,"caption":"Dicodusport"},"image":{"@id":"https:\/\/dicodusport.fr\/blog\/#\/schema\/logo\/image\/"},"sameAs":["https:\/\/www.facebook.com\/dicodusport","https:\/\/x.com\/dicodusport","https:\/\/www.instagram.com\/dicodusport\/","https:\/\/www.youtube.com\/channel\/UC7V2KZ5sd3htJivAbA4ZG3w"],"description":"Dicodusport est l'encyclop\u00e9die de l'actualit\u00e9 sportive.","email":"bonjour@dicodusport.fr","legalName":"DICODUSPORT","foundingDate":"2018-01-14","vatID":"FR71834470973","taxID":"83447097300043","numberOfEmployees":{"@type":"QuantitativeValue","minValue":"1","maxValue":"10"}},{"@type":"Person","@id":"https:\/\/dicodusport.fr\/blog\/#\/schema\/person\/cb02af4c173ce4a653b55e9baf388d4a","name":"Flo Ostermann","image":{"@type":"ImageObject","inLanguage":"fr-FR","@id":"https:\/\/dicodusport.fr\/blog\/#\/schema\/person\/image\/","url":"https:\/\/dicodusport.fr\/blog\/wp-content\/uploads\/2021\/05\/Flo-Ostermann-150x150.jpg","contentUrl":"https:\/\/dicodusport.fr\/blog\/wp-content\/uploads\/2021\/05\/Flo-Ostermann-150x150.jpg","caption":"Flo Ostermann"},"description":"Journaliste\/R\u00e9dacteur depuis septembre 2015 - Mes premiers souvenirs dans le sport ? Les envol\u00e9es du Stade Toulousain et les duels Villeneuve-Schumacher et H\u00e4kkinen-Schumacher \u00e0 la fin des ann\u00e9es 90, la Coupe du monde de football en 1998, l\u2019exploit du XV de France face aux All Blacks en 1999, mais aussi Richard C\u0153ur de Lion qui vole sur les montagnes du Tour de France. Bien parti pour devenir professeur d\u2019EPS, les \u00e9v\u00e9nements de la vie (et la flemme d\u2019animer des s\u00e9ances de 3x500 m\u00e8tres toute ma vie) m\u2019ont conduit \u00e0 revoir mes plans. Me voil\u00e0 depuis fin 2017 sur Dicodusport, m\u00e9dia gr\u00e2ce (et pour) lequel je partage ma passion : le sport dans tous ses \u00e9tats. Le tout accompagn\u00e9 par les fous furieux et folles furieuses cit\u00e9s sur cette page !","sameAs":["https:\/\/www.facebook.com\/florent.ostermann","https:\/\/x.com\/https:\/\/twitter.com\/FlOstermann","admin"],"url":"https:\/\/dicodusport.fr\/blog\/author\/flo\/"}]}},"_links":{"self":[{"href":"https:\/\/dicodusport.fr\/blog\/wp-json\/wp\/v2\/posts\/8239","targetHints":{"allow":["GET"]}}],"collection":[{"href":"https:\/\/dicodusport.fr\/blog\/wp-json\/wp\/v2\/posts"}],"about":[{"href":"https:\/\/dicodusport.fr\/blog\/wp-json\/wp\/v2\/types\/post"}],"author":[{"embeddable":true,"href":"https:\/\/dicodusport.fr\/blog\/wp-json\/wp\/v2\/users\/4"}],"replies":[{"embeddable":true,"href":"https:\/\/dicodusport.fr\/blog\/wp-json\/wp\/v2\/comments?post=8239"}],"version-history":[{"count":0,"href":"https:\/\/dicodusport.fr\/blog\/wp-json\/wp\/v2\/posts\/8239\/revisions"}],"wp:featuredmedia":[{"embeddable":true,"href":"https:\/\/dicodusport.fr\/blog\/wp-json\/wp\/v2\/media\/8244"}],"wp:attachment":[{"href":"https:\/\/dicodusport.fr\/blog\/wp-json\/wp\/v2\/media?parent=8239"}],"wp:term":[{"taxonomy":"category","embeddable":true,"href":"https:\/\/dicodusport.fr\/blog\/wp-json\/wp\/v2\/categories?post=8239"},{"taxonomy":"post_tag","embeddable":true,"href":"https:\/\/dicodusport.fr\/blog\/wp-json\/wp\/v2\/tags?post=8239"}],"curies":[{"name":"wp","href":"https:\/\/api.w.org\/{rel}","templated":true}]}}