{"id":82451,"date":"2020-10-11T22:38:04","date_gmt":"2020-10-11T20:38:04","guid":{"rendered":"https:\/\/dicodusport.fr\/blog\/?p=82451&#038;preview=true&#038;preview_id=82451"},"modified":"2020-10-11T22:58:30","modified_gmt":"2020-10-11T20:58:30","slug":"ligue-des-nations-france-et-portugal-se-neutralisent-0-0","status":"publish","type":"post","link":"https:\/\/dicodusport.fr\/blog\/ligue-des-nations-france-et-portugal-se-neutralisent-0-0\/","title":{"rendered":"Ligue des Nations : la France et le Portugal se neutralisent (0-0)"},"content":{"rendered":"<p style=\"text-align: justify;\"><strong><em>LIGUE DES NATIONS &#8211; Timides, les Bleus ont conc\u00e9d\u00e9 le match nul au Stade de France face au Portugal (0-0). Les hommes de Didier Deschamps, plut\u00f4t bouscul\u00e9s lors du premier acte, ont r\u00e9agi lors du second, sans trouver la faille pour autant.<\/em><\/strong><\/p>\n<p style=\"text-align: justify;\">Un match nul qui arrange tout le monde. Ce dimanche, Fran\u00e7ais et Portugais n&rsquo;ont pas r\u00e9ussi \u00e0 se d\u00e9partager (0-0), dans le cadre de la 3\u00e8me journ\u00e9e de la Ligue des Nations. Si <strong>Cristiano Ronaldo<\/strong> et ses co\u00e9quipiers ont domin\u00e9 la premi\u00e8re p\u00e9riode face \u00e0 des Bleus sans inspiration et peu dynamiques, les hommes de <strong>Didier Deschamps<\/strong> se sont montr\u00e9s un peu plus entreprenants au retour des vestiaires, sans parvenir \u00e0 faire la diff\u00e9rence au tableau d&rsquo;affichage, avec cinq frappes pour seulement trois cadr\u00e9es sur l&rsquo;ensemble du match. Finalement, le score (0-0) arrange les deux \u00e9quipes, qui occupent ce dimanche les deux premi\u00e8res places du classement du groupe 3 de la Ligue A avec 7 points.<\/p>\n<blockquote class=\"twitter-tweet\">\n<p dir=\"ltr\" lang=\"fr\">C&rsquo;est termin\u00e9. 0-0 entre l&rsquo;Equipe de France et le Portugal. Rendez-vous mercredi pour le dernier match de ce rassemblement, face \u00e0 la Croatie <a href=\"https:\/\/twitter.com\/hashtag\/FRAPOR?src=hash&amp;ref_src=twsrc%5Etfw\">#FRAPOR<\/a> <a href=\"https:\/\/twitter.com\/hashtag\/FiersdetreBleus?src=hash&amp;ref_src=twsrc%5Etfw\">#FiersdetreBleus<\/a> <a href=\"https:\/\/t.co\/3AkLR8Racv\">pic.twitter.com\/3AkLR8Racv<\/a><\/p>\n<p>\u2014 Equipe de France &#x2b50;&#x2b50; (@equipedefrance) <a href=\"https:\/\/twitter.com\/equipedefrance\/status\/1315390592512294914?ref_src=twsrc%5Etfw\">October 11, 2020<\/a><\/p><\/blockquote>\n<p><script async src=\"https:\/\/platform.twitter.com\/widgets.js\" charset=\"utf-8\"><\/script><\/p>\n<ul>\n<li style=\"text-align: justify;\"><a href=\"https:\/\/fr.uefa.com\/uefanationsleague\/match\/2030032--france-vs-portugal\/statistics\/?iv=true\" target=\"_blank\" rel=\"noopener noreferrer\"><strong>Toutes les statistiques du match France &#8211; Portugal<\/strong><\/a><\/li>\n<li style=\"text-align: justify;\"><strong><a href=\"https:\/\/dicodusport.fr\/blog\/france-portugal-notes-du-match\/\" target=\"_blank\" rel=\"noopener noreferrer\">France \u2013 Portugal : les notes du match<\/a><\/strong><\/li>\n<\/ul>\n<p><strong><em>Dicodusport<br \/>\n<a href=\"https:\/\/www.facebook.com\/dicodusport\/\" target=\"_blank\" rel=\"noopener noreferrer\"><img loading=\"lazy\" decoding=\"async\" class=\"alignnone wp-image-2909\" src=\"http:\/\/dicodusport.fr\/blog\/wp-content\/uploads\/2017\/07\/logo-facebook-150x150.png\" alt=\"\" width=\"40\" height=\"40\" \/><\/a><a href=\"https:\/\/twitter.com\/dicodusport\" target=\"_blank\" rel=\"noopener noreferrer\"><img loading=\"lazy\" decoding=\"async\" class=\"alignnone wp-image-2908\" src=\"http:\/\/dicodusport.fr\/blog\/wp-content\/uploads\/2017\/07\/logo-twitter-150x150.png\" alt=\"\" width=\"39\" height=\"39\" \/><\/a><\/em><\/strong><\/p>\n","protected":false},"excerpt":{"rendered":"<p>LIGUE DES NATIONS &#8211; Timides, les Bleus ont conc\u00e9d\u00e9 le match nul au Stade de France face au Portugal (0-0). Les hommes de Didier Deschamps, plut\u00f4t bouscul\u00e9s lors du premier acte, ont r\u00e9agi lors du second, sans trouver la faille pour autant.<\/p>\n","protected":false},"author":4,"featured_media":82456,"comment_status":"open","ping_status":"closed","sticky":false,"template":"","format":"standard","meta":{"_acf_changed":false,"_daextam_enable_autolinks":"","footnotes":""},"categories":[2301],"tags":[75,30,3514,89,24],"class_list":["post-82451","post","type-post","status-publish","format-standard","has-post-thumbnail","hentry","category-football","tag-football","tag-france","tag-ligue-des-nations","tag-portugal","tag-sport"],"acf":[],"yoast_head":"<!-- This site is optimized with the Yoast SEO Premium plugin v26.7 (Yoast SEO v26.7) - https:\/\/yoast.com\/wordpress\/plugins\/seo\/ -->\n<title>Ligue des Nations : la France et le Portugal se neutralisent (0-0)<\/title>\n<meta name=\"description\" content=\"LIGUE DES NATIONS - Timides, les Bleus ont conc\u00e9d\u00e9 le match nul au Stade de France face au Portugal (0-0).\" \/>\n<meta name=\"robots\" content=\"index, follow, max-snippet:-1, max-image-preview:large, max-video-preview:-1\" \/>\n<link rel=\"canonical\" href=\"https:\/\/dicodusport.fr\/blog\/ligue-des-nations-france-et-portugal-se-neutralisent-0-0\/\" \/>\n<meta property=\"og:locale\" content=\"fr_FR\" \/>\n<meta property=\"og:type\" content=\"article\" \/>\n<meta property=\"og:title\" content=\"Ligue des Nations : la France et le Portugal se neutralisent (0-0)\" \/>\n<meta property=\"og:description\" content=\"LIGUE DES NATIONS - Timides, les Bleus ont conc\u00e9d\u00e9 le match nul au Stade de France face au Portugal (0-0).\" \/>\n<meta property=\"og:url\" content=\"https:\/\/dicodusport.fr\/blog\/ligue-des-nations-france-et-portugal-se-neutralisent-0-0\/\" \/>\n<meta property=\"og:site_name\" content=\"Dicodusport\" \/>\n<meta property=\"article:publisher\" content=\"https:\/\/www.facebook.com\/dicodusport\" \/>\n<meta property=\"article:author\" content=\"https:\/\/www.facebook.com\/florent.ostermann\" \/>\n<meta property=\"article:published_time\" content=\"2020-10-11T20:38:04+00:00\" \/>\n<meta property=\"article:modified_time\" content=\"2020-10-11T20:58:30+00:00\" \/>\n<meta property=\"og:image\" content=\"https:\/\/dicodusport.fr\/blog\/wp-content\/uploads\/2020\/10\/Ligue-des-Nations-La-France-et-le-Portugal-se-neutralisent-0-0.png\" \/>\n\t<meta property=\"og:image:width\" content=\"800\" \/>\n\t<meta property=\"og:image:height\" content=\"445\" \/>\n\t<meta property=\"og:image:type\" content=\"image\/png\" \/>\n<meta name=\"author\" content=\"Flo Ostermann\" \/>\n<meta name=\"twitter:card\" content=\"summary_large_image\" \/>\n<meta name=\"twitter:title\" content=\"Ligue des Nations : la France et le Portugal se neutralisent (0-0)\" \/>\n<meta name=\"twitter:creator\" content=\"@https:\/\/twitter.com\/FlOstermann\" \/>\n<meta name=\"twitter:site\" content=\"@dicodusport\" \/>\n<script type=\"application\/ld+json\" class=\"yoast-schema-graph\">{\"@context\":\"https:\/\/schema.org\",\"@graph\":[{\"@type\":\"NewsArticle\",\"@id\":\"https:\/\/dicodusport.fr\/blog\/ligue-des-nations-france-et-portugal-se-neutralisent-0-0\/#article\",\"isPartOf\":{\"@id\":\"https:\/\/dicodusport.fr\/blog\/ligue-des-nations-france-et-portugal-se-neutralisent-0-0\/\"},\"author\":{\"name\":\"Flo Ostermann\",\"@id\":\"https:\/\/dicodusport.fr\/blog\/#\/schema\/person\/cb02af4c173ce4a653b55e9baf388d4a\"},\"headline\":\"Ligue des Nations : la France et le Portugal se neutralisent (0-0)\",\"datePublished\":\"2020-10-11T20:38:04+00:00\",\"dateModified\":\"2020-10-11T20:58:30+00:00\",\"mainEntityOfPage\":{\"@id\":\"https:\/\/dicodusport.fr\/blog\/ligue-des-nations-france-et-portugal-se-neutralisent-0-0\/\"},\"wordCount\":237,\"commentCount\":0,\"publisher\":{\"@id\":\"https:\/\/dicodusport.fr\/blog\/#organization\"},\"image\":{\"@id\":\"https:\/\/dicodusport.fr\/blog\/ligue-des-nations-france-et-portugal-se-neutralisent-0-0\/#primaryimage\"},\"thumbnailUrl\":\"https:\/\/dicodusport.fr\/blog\/wp-content\/uploads\/2020\/10\/Ligue-des-Nations-La-France-et-le-Portugal-se-neutralisent-0-0.png\",\"keywords\":[\"Football\",\"France\",\"Ligue des nations\",\"Portugal\",\"sport\"],\"articleSection\":[\"Football\"],\"inLanguage\":\"fr-FR\",\"potentialAction\":[{\"@type\":\"CommentAction\",\"name\":\"Comment\",\"target\":[\"https:\/\/dicodusport.fr\/blog\/ligue-des-nations-france-et-portugal-se-neutralisent-0-0\/#respond\"]}],\"copyrightYear\":\"2020\",\"copyrightHolder\":{\"@id\":\"https:\/\/dicodusport.fr\/blog\/#organization\"}},{\"@type\":\"WebPage\",\"@id\":\"https:\/\/dicodusport.fr\/blog\/ligue-des-nations-france-et-portugal-se-neutralisent-0-0\/\",\"url\":\"https:\/\/dicodusport.fr\/blog\/ligue-des-nations-france-et-portugal-se-neutralisent-0-0\/\",\"name\":\"Ligue des Nations : la France et le Portugal se neutralisent (0-0)\",\"isPartOf\":{\"@id\":\"https:\/\/dicodusport.fr\/blog\/#website\"},\"primaryImageOfPage\":{\"@id\":\"https:\/\/dicodusport.fr\/blog\/ligue-des-nations-france-et-portugal-se-neutralisent-0-0\/#primaryimage\"},\"image\":{\"@id\":\"https:\/\/dicodusport.fr\/blog\/ligue-des-nations-france-et-portugal-se-neutralisent-0-0\/#primaryimage\"},\"thumbnailUrl\":\"https:\/\/dicodusport.fr\/blog\/wp-content\/uploads\/2020\/10\/Ligue-des-Nations-La-France-et-le-Portugal-se-neutralisent-0-0.png\",\"datePublished\":\"2020-10-11T20:38:04+00:00\",\"dateModified\":\"2020-10-11T20:58:30+00:00\",\"description\":\"LIGUE DES NATIONS - Timides, les Bleus ont conc\u00e9d\u00e9 le match nul au Stade de France face au Portugal (0-0).\",\"breadcrumb\":{\"@id\":\"https:\/\/dicodusport.fr\/blog\/ligue-des-nations-france-et-portugal-se-neutralisent-0-0\/#breadcrumb\"},\"inLanguage\":\"fr-FR\",\"potentialAction\":[{\"@type\":\"ReadAction\",\"target\":[\"https:\/\/dicodusport.fr\/blog\/ligue-des-nations-france-et-portugal-se-neutralisent-0-0\/\"]}]},{\"@type\":\"ImageObject\",\"inLanguage\":\"fr-FR\",\"@id\":\"https:\/\/dicodusport.fr\/blog\/ligue-des-nations-france-et-portugal-se-neutralisent-0-0\/#primaryimage\",\"url\":\"https:\/\/dicodusport.fr\/blog\/wp-content\/uploads\/2020\/10\/Ligue-des-Nations-La-France-et-le-Portugal-se-neutralisent-0-0.png\",\"contentUrl\":\"https:\/\/dicodusport.fr\/blog\/wp-content\/uploads\/2020\/10\/Ligue-des-Nations-La-France-et-le-Portugal-se-neutralisent-0-0.png\",\"width\":800,\"height\":445,\"caption\":\"Ligue des Nations - La France et le Portugal se neutralisent (0-0)\"},{\"@type\":\"BreadcrumbList\",\"@id\":\"https:\/\/dicodusport.fr\/blog\/ligue-des-nations-france-et-portugal-se-neutralisent-0-0\/#breadcrumb\",\"itemListElement\":[{\"@type\":\"ListItem\",\"position\":1,\"name\":\"Accueil\",\"item\":\"https:\/\/dicodusport.fr\/blog\/\"},{\"@type\":\"ListItem\",\"position\":2,\"name\":\"Ligue des Nations : la France et le Portugal se neutralisent (0-0)\"}]},{\"@type\":\"WebSite\",\"@id\":\"https:\/\/dicodusport.fr\/blog\/#website\",\"url\":\"https:\/\/dicodusport.fr\/blog\/\",\"name\":\"Dicodusport\",\"description\":\"L&#039;encyclop\u00e9die de l&#039;actualit\u00e9 sportive\",\"publisher\":{\"@id\":\"https:\/\/dicodusport.fr\/blog\/#organization\"},\"potentialAction\":[{\"@type\":\"SearchAction\",\"target\":{\"@type\":\"EntryPoint\",\"urlTemplate\":\"https:\/\/dicodusport.fr\/blog\/?s={search_term_string}\"},\"query-input\":{\"@type\":\"PropertyValueSpecification\",\"valueRequired\":true,\"valueName\":\"search_term_string\"}}],\"inLanguage\":\"fr-FR\"},{\"@type\":\"NewsMediaOrganization\",\"@id\":\"https:\/\/dicodusport.fr\/blog\/#organization\",\"name\":\"Dicodusport\",\"url\":\"https:\/\/dicodusport.fr\/blog\/\",\"logo\":{\"@type\":\"ImageObject\",\"inLanguage\":\"fr-FR\",\"@id\":\"https:\/\/dicodusport.fr\/blog\/#\/schema\/logo\/image\/\",\"url\":\"https:\/\/dicodusport.fr\/blog\/wp-content\/uploads\/2020\/06\/cropped-LOGO-DICODUSPORT-2020-SANS-FOND-SANS-TEXTE.png\",\"contentUrl\":\"https:\/\/dicodusport.fr\/blog\/wp-content\/uploads\/2020\/06\/cropped-LOGO-DICODUSPORT-2020-SANS-FOND-SANS-TEXTE.png\",\"width\":512,\"height\":512,\"caption\":\"Dicodusport\"},\"image\":{\"@id\":\"https:\/\/dicodusport.fr\/blog\/#\/schema\/logo\/image\/\"},\"sameAs\":[\"https:\/\/www.facebook.com\/dicodusport\",\"https:\/\/x.com\/dicodusport\",\"https:\/\/www.instagram.com\/dicodusport\/\",\"https:\/\/www.youtube.com\/channel\/UC7V2KZ5sd3htJivAbA4ZG3w\"],\"description\":\"Dicodusport est l'encyclop\u00e9die de l'actualit\u00e9 sportive.\",\"email\":\"bonjour@dicodusport.fr\",\"legalName\":\"DICODUSPORT\",\"foundingDate\":\"2018-01-14\",\"vatID\":\"FR71834470973\",\"taxID\":\"83447097300043\",\"numberOfEmployees\":{\"@type\":\"QuantitativeValue\",\"minValue\":\"1\",\"maxValue\":\"10\"}},{\"@type\":\"Person\",\"@id\":\"https:\/\/dicodusport.fr\/blog\/#\/schema\/person\/cb02af4c173ce4a653b55e9baf388d4a\",\"name\":\"Flo Ostermann\",\"image\":{\"@type\":\"ImageObject\",\"inLanguage\":\"fr-FR\",\"@id\":\"https:\/\/dicodusport.fr\/blog\/#\/schema\/person\/image\/\",\"url\":\"https:\/\/dicodusport.fr\/blog\/wp-content\/uploads\/2021\/05\/Flo-Ostermann-150x150.jpg\",\"contentUrl\":\"https:\/\/dicodusport.fr\/blog\/wp-content\/uploads\/2021\/05\/Flo-Ostermann-150x150.jpg\",\"caption\":\"Flo Ostermann\"},\"description\":\"Journaliste\/R\u00e9dacteur depuis septembre 2015 - Mes premiers souvenirs dans le sport ? Les envol\u00e9es du Stade Toulousain et les duels Villeneuve-Schumacher et H\u00e4kkinen-Schumacher \u00e0 la fin des ann\u00e9es 90, la Coupe du monde de football en 1998, l\u2019exploit du XV de France face aux All Blacks en 1999, mais aussi Richard C\u0153ur de Lion qui vole sur les montagnes du Tour de France. Bien parti pour devenir professeur d\u2019EPS, les \u00e9v\u00e9nements de la vie (et la flemme d\u2019animer des s\u00e9ances de 3x500 m\u00e8tres toute ma vie) m\u2019ont conduit \u00e0 revoir mes plans. Me voil\u00e0 depuis fin 2017 sur Dicodusport, m\u00e9dia gr\u00e2ce (et pour) lequel je partage ma passion : le sport dans tous ses \u00e9tats. Le tout accompagn\u00e9 par les fous furieux et folles furieuses cit\u00e9s sur cette page !\",\"sameAs\":[\"https:\/\/www.facebook.com\/florent.ostermann\",\"https:\/\/x.com\/https:\/\/twitter.com\/FlOstermann\",\"admin\"],\"url\":\"https:\/\/dicodusport.fr\/blog\/author\/flo\/\"}]}<\/script>\n<!-- \/ Yoast SEO Premium plugin. -->","yoast_head_json":{"title":"Ligue des Nations : la France et le Portugal se neutralisent (0-0)","description":"LIGUE DES NATIONS - Timides, les Bleus ont conc\u00e9d\u00e9 le match nul au Stade de France face au Portugal (0-0).","robots":{"index":"index","follow":"follow","max-snippet":"max-snippet:-1","max-image-preview":"max-image-preview:large","max-video-preview":"max-video-preview:-1"},"canonical":"https:\/\/dicodusport.fr\/blog\/ligue-des-nations-france-et-portugal-se-neutralisent-0-0\/","og_locale":"fr_FR","og_type":"article","og_title":"Ligue des Nations : la France et le Portugal se neutralisent (0-0)","og_description":"LIGUE DES NATIONS - Timides, les Bleus ont conc\u00e9d\u00e9 le match nul au Stade de France face au Portugal (0-0).","og_url":"https:\/\/dicodusport.fr\/blog\/ligue-des-nations-france-et-portugal-se-neutralisent-0-0\/","og_site_name":"Dicodusport","article_publisher":"https:\/\/www.facebook.com\/dicodusport","article_author":"https:\/\/www.facebook.com\/florent.ostermann","article_published_time":"2020-10-11T20:38:04+00:00","article_modified_time":"2020-10-11T20:58:30+00:00","og_image":[{"width":800,"height":445,"url":"https:\/\/dicodusport.fr\/blog\/wp-content\/uploads\/2020\/10\/Ligue-des-Nations-La-France-et-le-Portugal-se-neutralisent-0-0.png","type":"image\/png"}],"author":"Flo Ostermann","twitter_card":"summary_large_image","twitter_title":"Ligue des Nations : la France et le Portugal se neutralisent (0-0)","twitter_creator":"@https:\/\/twitter.com\/FlOstermann","twitter_site":"@dicodusport","schema":{"@context":"https:\/\/schema.org","@graph":[{"@type":"NewsArticle","@id":"https:\/\/dicodusport.fr\/blog\/ligue-des-nations-france-et-portugal-se-neutralisent-0-0\/#article","isPartOf":{"@id":"https:\/\/dicodusport.fr\/blog\/ligue-des-nations-france-et-portugal-se-neutralisent-0-0\/"},"author":{"name":"Flo Ostermann","@id":"https:\/\/dicodusport.fr\/blog\/#\/schema\/person\/cb02af4c173ce4a653b55e9baf388d4a"},"headline":"Ligue des Nations : la France et le Portugal se neutralisent (0-0)","datePublished":"2020-10-11T20:38:04+00:00","dateModified":"2020-10-11T20:58:30+00:00","mainEntityOfPage":{"@id":"https:\/\/dicodusport.fr\/blog\/ligue-des-nations-france-et-portugal-se-neutralisent-0-0\/"},"wordCount":237,"commentCount":0,"publisher":{"@id":"https:\/\/dicodusport.fr\/blog\/#organization"},"image":{"@id":"https:\/\/dicodusport.fr\/blog\/ligue-des-nations-france-et-portugal-se-neutralisent-0-0\/#primaryimage"},"thumbnailUrl":"https:\/\/dicodusport.fr\/blog\/wp-content\/uploads\/2020\/10\/Ligue-des-Nations-La-France-et-le-Portugal-se-neutralisent-0-0.png","keywords":["Football","France","Ligue des nations","Portugal","sport"],"articleSection":["Football"],"inLanguage":"fr-FR","potentialAction":[{"@type":"CommentAction","name":"Comment","target":["https:\/\/dicodusport.fr\/blog\/ligue-des-nations-france-et-portugal-se-neutralisent-0-0\/#respond"]}],"copyrightYear":"2020","copyrightHolder":{"@id":"https:\/\/dicodusport.fr\/blog\/#organization"}},{"@type":"WebPage","@id":"https:\/\/dicodusport.fr\/blog\/ligue-des-nations-france-et-portugal-se-neutralisent-0-0\/","url":"https:\/\/dicodusport.fr\/blog\/ligue-des-nations-france-et-portugal-se-neutralisent-0-0\/","name":"Ligue des Nations : la France et le Portugal se neutralisent (0-0)","isPartOf":{"@id":"https:\/\/dicodusport.fr\/blog\/#website"},"primaryImageOfPage":{"@id":"https:\/\/dicodusport.fr\/blog\/ligue-des-nations-france-et-portugal-se-neutralisent-0-0\/#primaryimage"},"image":{"@id":"https:\/\/dicodusport.fr\/blog\/ligue-des-nations-france-et-portugal-se-neutralisent-0-0\/#primaryimage"},"thumbnailUrl":"https:\/\/dicodusport.fr\/blog\/wp-content\/uploads\/2020\/10\/Ligue-des-Nations-La-France-et-le-Portugal-se-neutralisent-0-0.png","datePublished":"2020-10-11T20:38:04+00:00","dateModified":"2020-10-11T20:58:30+00:00","description":"LIGUE DES NATIONS - Timides, les Bleus ont conc\u00e9d\u00e9 le match nul au Stade de France face au Portugal (0-0).","breadcrumb":{"@id":"https:\/\/dicodusport.fr\/blog\/ligue-des-nations-france-et-portugal-se-neutralisent-0-0\/#breadcrumb"},"inLanguage":"fr-FR","potentialAction":[{"@type":"ReadAction","target":["https:\/\/dicodusport.fr\/blog\/ligue-des-nations-france-et-portugal-se-neutralisent-0-0\/"]}]},{"@type":"ImageObject","inLanguage":"fr-FR","@id":"https:\/\/dicodusport.fr\/blog\/ligue-des-nations-france-et-portugal-se-neutralisent-0-0\/#primaryimage","url":"https:\/\/dicodusport.fr\/blog\/wp-content\/uploads\/2020\/10\/Ligue-des-Nations-La-France-et-le-Portugal-se-neutralisent-0-0.png","contentUrl":"https:\/\/dicodusport.fr\/blog\/wp-content\/uploads\/2020\/10\/Ligue-des-Nations-La-France-et-le-Portugal-se-neutralisent-0-0.png","width":800,"height":445,"caption":"Ligue des Nations - La France et le Portugal se neutralisent (0-0)"},{"@type":"BreadcrumbList","@id":"https:\/\/dicodusport.fr\/blog\/ligue-des-nations-france-et-portugal-se-neutralisent-0-0\/#breadcrumb","itemListElement":[{"@type":"ListItem","position":1,"name":"Accueil","item":"https:\/\/dicodusport.fr\/blog\/"},{"@type":"ListItem","position":2,"name":"Ligue des Nations : la France et le Portugal se neutralisent (0-0)"}]},{"@type":"WebSite","@id":"https:\/\/dicodusport.fr\/blog\/#website","url":"https:\/\/dicodusport.fr\/blog\/","name":"Dicodusport","description":"L&#039;encyclop\u00e9die de l&#039;actualit\u00e9 sportive","publisher":{"@id":"https:\/\/dicodusport.fr\/blog\/#organization"},"potentialAction":[{"@type":"SearchAction","target":{"@type":"EntryPoint","urlTemplate":"https:\/\/dicodusport.fr\/blog\/?s={search_term_string}"},"query-input":{"@type":"PropertyValueSpecification","valueRequired":true,"valueName":"search_term_string"}}],"inLanguage":"fr-FR"},{"@type":"NewsMediaOrganization","@id":"https:\/\/dicodusport.fr\/blog\/#organization","name":"Dicodusport","url":"https:\/\/dicodusport.fr\/blog\/","logo":{"@type":"ImageObject","inLanguage":"fr-FR","@id":"https:\/\/dicodusport.fr\/blog\/#\/schema\/logo\/image\/","url":"https:\/\/dicodusport.fr\/blog\/wp-content\/uploads\/2020\/06\/cropped-LOGO-DICODUSPORT-2020-SANS-FOND-SANS-TEXTE.png","contentUrl":"https:\/\/dicodusport.fr\/blog\/wp-content\/uploads\/2020\/06\/cropped-LOGO-DICODUSPORT-2020-SANS-FOND-SANS-TEXTE.png","width":512,"height":512,"caption":"Dicodusport"},"image":{"@id":"https:\/\/dicodusport.fr\/blog\/#\/schema\/logo\/image\/"},"sameAs":["https:\/\/www.facebook.com\/dicodusport","https:\/\/x.com\/dicodusport","https:\/\/www.instagram.com\/dicodusport\/","https:\/\/www.youtube.com\/channel\/UC7V2KZ5sd3htJivAbA4ZG3w"],"description":"Dicodusport est l'encyclop\u00e9die de l'actualit\u00e9 sportive.","email":"bonjour@dicodusport.fr","legalName":"DICODUSPORT","foundingDate":"2018-01-14","vatID":"FR71834470973","taxID":"83447097300043","numberOfEmployees":{"@type":"QuantitativeValue","minValue":"1","maxValue":"10"}},{"@type":"Person","@id":"https:\/\/dicodusport.fr\/blog\/#\/schema\/person\/cb02af4c173ce4a653b55e9baf388d4a","name":"Flo Ostermann","image":{"@type":"ImageObject","inLanguage":"fr-FR","@id":"https:\/\/dicodusport.fr\/blog\/#\/schema\/person\/image\/","url":"https:\/\/dicodusport.fr\/blog\/wp-content\/uploads\/2021\/05\/Flo-Ostermann-150x150.jpg","contentUrl":"https:\/\/dicodusport.fr\/blog\/wp-content\/uploads\/2021\/05\/Flo-Ostermann-150x150.jpg","caption":"Flo Ostermann"},"description":"Journaliste\/R\u00e9dacteur depuis septembre 2015 - Mes premiers souvenirs dans le sport ? Les envol\u00e9es du Stade Toulousain et les duels Villeneuve-Schumacher et H\u00e4kkinen-Schumacher \u00e0 la fin des ann\u00e9es 90, la Coupe du monde de football en 1998, l\u2019exploit du XV de France face aux All Blacks en 1999, mais aussi Richard C\u0153ur de Lion qui vole sur les montagnes du Tour de France. Bien parti pour devenir professeur d\u2019EPS, les \u00e9v\u00e9nements de la vie (et la flemme d\u2019animer des s\u00e9ances de 3x500 m\u00e8tres toute ma vie) m\u2019ont conduit \u00e0 revoir mes plans. Me voil\u00e0 depuis fin 2017 sur Dicodusport, m\u00e9dia gr\u00e2ce (et pour) lequel je partage ma passion : le sport dans tous ses \u00e9tats. Le tout accompagn\u00e9 par les fous furieux et folles furieuses cit\u00e9s sur cette page !","sameAs":["https:\/\/www.facebook.com\/florent.ostermann","https:\/\/x.com\/https:\/\/twitter.com\/FlOstermann","admin"],"url":"https:\/\/dicodusport.fr\/blog\/author\/flo\/"}]}},"_links":{"self":[{"href":"https:\/\/dicodusport.fr\/blog\/wp-json\/wp\/v2\/posts\/82451","targetHints":{"allow":["GET"]}}],"collection":[{"href":"https:\/\/dicodusport.fr\/blog\/wp-json\/wp\/v2\/posts"}],"about":[{"href":"https:\/\/dicodusport.fr\/blog\/wp-json\/wp\/v2\/types\/post"}],"author":[{"embeddable":true,"href":"https:\/\/dicodusport.fr\/blog\/wp-json\/wp\/v2\/users\/4"}],"replies":[{"embeddable":true,"href":"https:\/\/dicodusport.fr\/blog\/wp-json\/wp\/v2\/comments?post=82451"}],"version-history":[{"count":0,"href":"https:\/\/dicodusport.fr\/blog\/wp-json\/wp\/v2\/posts\/82451\/revisions"}],"wp:featuredmedia":[{"embeddable":true,"href":"https:\/\/dicodusport.fr\/blog\/wp-json\/wp\/v2\/media\/82456"}],"wp:attachment":[{"href":"https:\/\/dicodusport.fr\/blog\/wp-json\/wp\/v2\/media?parent=82451"}],"wp:term":[{"taxonomy":"category","embeddable":true,"href":"https:\/\/dicodusport.fr\/blog\/wp-json\/wp\/v2\/categories?post=82451"},{"taxonomy":"post_tag","embeddable":true,"href":"https:\/\/dicodusport.fr\/blog\/wp-json\/wp\/v2\/tags?post=82451"}],"curies":[{"name":"wp","href":"https:\/\/api.w.org\/{rel}","templated":true}]}}