{"id":82563,"date":"2020-10-13T10:24:47","date_gmt":"2020-10-13T08:24:47","guid":{"rendered":"https:\/\/dicodusport.fr\/blog\/?p=82563&#038;preview=true&#038;preview_id=82563"},"modified":"2020-10-14T07:48:03","modified_gmt":"2020-10-14T05:48:03","slug":"tour-d-italie-2020-steven-kruijswijk-et-mitchelton-scott-quittent-la-course","status":"publish","type":"post","link":"https:\/\/dicodusport.fr\/blog\/tour-d-italie-2020-steven-kruijswijk-et-mitchelton-scott-quittent-la-course\/","title":{"rendered":"Tour d&rsquo;Italie 2020 : Steven Kruijswijk et la Mitchelton-Scott quittent la course"},"content":{"rendered":"<p style=\"text-align: justify;\"><strong><em><a href=\"https:\/\/dicodusport.fr\/blog\/actualites\/cyclisme\/tour-d-italie-2020\/\" target=\"_blank\" rel=\"noopener noreferrer\">TOUR D&rsquo;ITALIE 2020<\/a> &#8211; Si le Tour de France a \u00e9t\u00e9 \u00e9pargn\u00e9 par la Covid-19, le Tour d&rsquo;Italie est frapp\u00e9 de plein fouet. Steven Kruijswijk (Jumbo-Visma) et l&rsquo;ensemble de la Mitchelton-Scott quittent en effet la course.<\/em><\/strong><\/p>\n<p style=\"text-align: justify;\"><strong>Steven Kruijswijk<\/strong>, leader de la Team Jumbo Visma, a \u00e9t\u00e9 test\u00e9 positif et est contraint de quitter le Giro. Le N\u00e9erlandais occupait la onzi\u00e8me place du <a href=\"https:\/\/dicodusport.fr\/blog\/tour-d-italie-2020-classement-general-maillot-rose\/\" target=\"_blank\" rel=\"noopener noreferrer\">classement g\u00e9n\u00e9ral du <strong>Tour d&rsquo;Italie<\/strong><\/a> \u00e0 1m24s du leader <strong>Joao Almeida<\/strong>. Alors que <strong>Simon Yates<\/strong> avait quitt\u00e9 la course apr\u00e8s un test positif vendredi, c&rsquo;est d\u00e9sormais toute la Mitchelton-Scott qui ne repartira pas, apr\u00e8s que quatre membres du staff ont \u00e9t\u00e9 test\u00e9s positifs.<\/p>\n<p style=\"text-align: justify;\">\u00c0 noter \u00e9galement que <strong>Michael Matthews<\/strong> (Sunweb), candidat au <a href=\"https:\/\/dicodusport.fr\/blog\/tour-d-italie-2020-classement-par-points-maillot-cyclamen\/\" target=\"_blank\" rel=\"noopener noreferrer\">maillot cyclamen du classement par points<\/a> port\u00e9 par Arnaud D\u00e9mare, est aussi plac\u00e9 \u00e0 l&rsquo;isolement et non partant. Dans le m\u00eame temps, un membre de l&rsquo;encadrement de l&rsquo;\u00e9quipe AG2R La Mondiale a \u00e9galement \u00e9t\u00e9 test\u00e9 positif, tout comme un membre du staff d&rsquo;INEOS Grenadiers.<\/p>\n<blockquote class=\"twitter-tweet\">\n<p dir=\"ltr\" lang=\"en\">&#x1f1ee;&#x1f1f9; <a href=\"https:\/\/twitter.com\/hashtag\/Giro?src=hash&amp;ref_src=twsrc%5Etfw\">#Giro<\/a> <a href=\"https:\/\/twitter.com\/s_kruijswijk?ref_src=twsrc%5Etfw\">@s_kruijswijk<\/a> will not appear at the start of the tenth stage of the Giro d\u2019Italia. Kruijswijk tested positive on Covid-19 on the rest day. As a result, he has to leave the race.<\/p>\n<p>\u2014 Team Jumbo-Visma cycling (@JumboVismaRoad) <a href=\"https:\/\/twitter.com\/JumboVismaRoad\/status\/1315919954806534150?ref_src=twsrc%5Etfw\">October 13, 2020<\/a><\/p><\/blockquote>\n<p><script async src=\"https:\/\/platform.twitter.com\/widgets.js\" charset=\"utf-8\"><\/script><\/p>\n<h2 style=\"text-align: justify;\">La fin du Giro menac\u00e9e ?<\/h2>\n<p style=\"text-align: justify;\">Aujourd&rsquo;hui, non. Mais deux choses pourraient venir mettre un terme au <strong>Tour d&rsquo;Italie 2020<\/strong> dans les jours \u00e0 venir : une recrudescence de cas lors de la deuxi\u00e8me journ\u00e9e de repos, lundi prochain ET\/OU une d\u00e9cision du gouvernement italien. Comme bon nombre de pays europ\u00e9ens, l&rsquo;Italie doit faire face \u00e0 une forte augmentation des cas actuellement. Affaire \u00e0 suivre donc, ces jours prochains.<\/p>\n<p style=\"text-align: justify;\"><em><strong>Mise \u00e0 jour du 13\/10 \u00e0 12h00 :<\/strong> Suite au d\u00e9pistage positif de Steven Kruijswijk, la Jumbo-Visma a d\u00e9cid\u00e9 de quitter les routes du Tour d&rsquo;Italie.<\/em><\/p>\n<blockquote class=\"twitter-tweet\">\n<p dir=\"ltr\" lang=\"en\">&#x1f1ee;&#x1f1f9; <a href=\"https:\/\/twitter.com\/hashtag\/Giro?src=hash&amp;ref_src=twsrc%5Etfw\">#Giro<\/a><\/p>\n<p>Team Jumbo-Visma won&rsquo;t start in today\u2019s tenth stage of the Giro d\u2019Italia. More information will follow.<\/p>\n<p>\u2014 Team Jumbo-Visma cycling (@JumboVismaRoad) <a href=\"https:\/\/twitter.com\/JumboVismaRoad\/status\/1315953360697204736?ref_src=twsrc%5Etfw\">October 13, 2020<\/a><\/p><\/blockquote>\n<p><script async src=\"https:\/\/platform.twitter.com\/widgets.js\" charset=\"utf-8\"><\/script><\/p>\n<p><strong><em>Dicodusport<br \/>\n<a href=\"https:\/\/www.facebook.com\/dicodusport\/\" target=\"_blank\" rel=\"noopener noreferrer\"><img loading=\"lazy\" decoding=\"async\" class=\"alignnone wp-image-2909\" src=\"http:\/\/dicodusport.fr\/blog\/wp-content\/uploads\/2017\/07\/logo-facebook-150x150.png\" alt=\"\" width=\"40\" height=\"40\" \/><\/a><a href=\"https:\/\/twitter.com\/dicodusport\" target=\"_blank\" rel=\"noopener noreferrer\"><img loading=\"lazy\" decoding=\"async\" class=\"alignnone wp-image-2908\" src=\"http:\/\/dicodusport.fr\/blog\/wp-content\/uploads\/2017\/07\/logo-twitter-150x150.png\" alt=\"\" width=\"39\" height=\"39\" \/><\/a><\/em><\/strong><\/p>\n","protected":false},"excerpt":{"rendered":"<p>TOUR D&rsquo;ITALIE 2020 &#8211; Si le Tour de France a \u00e9t\u00e9 \u00e9pargn\u00e9 par la Covid-19, le Tour d&rsquo;Italie est frapp\u00e9 de plein fouet. Steven Kruijswijk (Jumbo-Visma) et l&rsquo;ensemble de la Mitchelton-Scott quittent en effet la course.<\/p>\n","protected":false},"author":1,"featured_media":82568,"comment_status":"open","ping_status":"closed","sticky":false,"template":"","format":"standard","meta":{"_acf_changed":false,"_daextam_enable_autolinks":"","footnotes":""},"categories":[47041],"tags":[4914],"class_list":["post-82563","post","type-post","status-publish","format-standard","has-post-thumbnail","hentry","category-tour-d-italie","tag-yates"],"acf":[],"yoast_head":"<!-- This site is optimized with the Yoast SEO Premium plugin v26.7 (Yoast SEO v26.7) - https:\/\/yoast.com\/wordpress\/plugins\/seo\/ -->\n<title>Tour d&#039;Italie 2020 : Steven Kruijswijk et la Mitchelton-Scott quittent la course<\/title>\n<meta name=\"description\" content=\"TOUR D&#039;ITALIE 2020 - COVID-19 - Steven Kruijswijk (Jumbo-Visma) et l&#039;ensemble de la Mitchelton-Scott quittent la course.\" \/>\n<meta name=\"robots\" content=\"index, follow, max-snippet:-1, max-image-preview:large, max-video-preview:-1\" \/>\n<link rel=\"canonical\" href=\"https:\/\/dicodusport.fr\/blog\/tour-d-italie-2020-steven-kruijswijk-et-mitchelton-scott-quittent-la-course\/\" \/>\n<meta property=\"og:locale\" content=\"fr_FR\" \/>\n<meta property=\"og:type\" content=\"article\" \/>\n<meta property=\"og:title\" content=\"Tour d&#039;Italie 2020 : Steven Kruijswijk et la Mitchelton-Scott quittent la course\" \/>\n<meta property=\"og:description\" content=\"TOUR D&#039;ITALIE 2020 - COVID-19 - Steven Kruijswijk (Jumbo-Visma) et l&#039;ensemble de la Mitchelton-Scott quittent la course.\" \/>\n<meta property=\"og:url\" content=\"https:\/\/dicodusport.fr\/blog\/tour-d-italie-2020-steven-kruijswijk-et-mitchelton-scott-quittent-la-course\/\" \/>\n<meta property=\"og:site_name\" content=\"Dicodusport\" \/>\n<meta property=\"article:publisher\" content=\"https:\/\/www.facebook.com\/dicodusport\" \/>\n<meta property=\"article:author\" content=\"https:\/\/www.facebook.com\/dicodusport\" \/>\n<meta property=\"article:published_time\" content=\"2020-10-13T08:24:47+00:00\" \/>\n<meta property=\"article:modified_time\" content=\"2020-10-14T05:48:03+00:00\" \/>\n<meta property=\"og:image\" content=\"https:\/\/dicodusport.fr\/blog\/wp-content\/uploads\/2020\/10\/Tour-dItalie-2020-Steven-Kruijswijk-et-la-Mitchelton-Scott-quittent-la-course.png\" \/>\n\t<meta property=\"og:image:width\" content=\"800\" \/>\n\t<meta property=\"og:image:height\" content=\"445\" \/>\n\t<meta property=\"og:image:type\" content=\"image\/png\" \/>\n<meta name=\"author\" content=\"Nicolas Jacquemard\" \/>\n<meta name=\"twitter:card\" content=\"summary_large_image\" \/>\n<meta name=\"twitter:title\" content=\"Tour d&#039;Italie 2020 : Steven Kruijswijk et la Mitchelton-Scott quittent la course\" \/>\n<meta name=\"twitter:creator\" content=\"@https:\/\/twitter.com\/Nico_Jacquemard\" \/>\n<meta name=\"twitter:site\" content=\"@dicodusport\" \/>\n<script type=\"application\/ld+json\" class=\"yoast-schema-graph\">{\"@context\":\"https:\/\/schema.org\",\"@graph\":[{\"@type\":\"NewsArticle\",\"@id\":\"https:\/\/dicodusport.fr\/blog\/tour-d-italie-2020-steven-kruijswijk-et-mitchelton-scott-quittent-la-course\/#article\",\"isPartOf\":{\"@id\":\"https:\/\/dicodusport.fr\/blog\/tour-d-italie-2020-steven-kruijswijk-et-mitchelton-scott-quittent-la-course\/\"},\"author\":{\"name\":\"Nicolas Jacquemard\",\"@id\":\"https:\/\/dicodusport.fr\/blog\/#\/schema\/person\/55dcb50ad410894e431ed812bbb70191\"},\"headline\":\"Tour d&rsquo;Italie 2020 : Steven Kruijswijk et la Mitchelton-Scott quittent la course\",\"datePublished\":\"2020-10-13T08:24:47+00:00\",\"dateModified\":\"2020-10-14T05:48:03+00:00\",\"mainEntityOfPage\":{\"@id\":\"https:\/\/dicodusport.fr\/blog\/tour-d-italie-2020-steven-kruijswijk-et-mitchelton-scott-quittent-la-course\/\"},\"wordCount\":362,\"commentCount\":0,\"publisher\":{\"@id\":\"https:\/\/dicodusport.fr\/blog\/#organization\"},\"image\":{\"@id\":\"https:\/\/dicodusport.fr\/blog\/tour-d-italie-2020-steven-kruijswijk-et-mitchelton-scott-quittent-la-course\/#primaryimage\"},\"thumbnailUrl\":\"https:\/\/dicodusport.fr\/blog\/wp-content\/uploads\/2020\/10\/Tour-dItalie-2020-Steven-Kruijswijk-et-la-Mitchelton-Scott-quittent-la-course.png\",\"keywords\":[\"Yates\"],\"articleSection\":[\"Tour d'Italie\"],\"inLanguage\":\"fr-FR\",\"potentialAction\":[{\"@type\":\"CommentAction\",\"name\":\"Comment\",\"target\":[\"https:\/\/dicodusport.fr\/blog\/tour-d-italie-2020-steven-kruijswijk-et-mitchelton-scott-quittent-la-course\/#respond\"]}],\"copyrightYear\":\"2020\",\"copyrightHolder\":{\"@id\":\"https:\/\/dicodusport.fr\/blog\/#organization\"}},{\"@type\":\"WebPage\",\"@id\":\"https:\/\/dicodusport.fr\/blog\/tour-d-italie-2020-steven-kruijswijk-et-mitchelton-scott-quittent-la-course\/\",\"url\":\"https:\/\/dicodusport.fr\/blog\/tour-d-italie-2020-steven-kruijswijk-et-mitchelton-scott-quittent-la-course\/\",\"name\":\"Tour d'Italie 2020 : Steven Kruijswijk et la Mitchelton-Scott quittent la course\",\"isPartOf\":{\"@id\":\"https:\/\/dicodusport.fr\/blog\/#website\"},\"primaryImageOfPage\":{\"@id\":\"https:\/\/dicodusport.fr\/blog\/tour-d-italie-2020-steven-kruijswijk-et-mitchelton-scott-quittent-la-course\/#primaryimage\"},\"image\":{\"@id\":\"https:\/\/dicodusport.fr\/blog\/tour-d-italie-2020-steven-kruijswijk-et-mitchelton-scott-quittent-la-course\/#primaryimage\"},\"thumbnailUrl\":\"https:\/\/dicodusport.fr\/blog\/wp-content\/uploads\/2020\/10\/Tour-dItalie-2020-Steven-Kruijswijk-et-la-Mitchelton-Scott-quittent-la-course.png\",\"datePublished\":\"2020-10-13T08:24:47+00:00\",\"dateModified\":\"2020-10-14T05:48:03+00:00\",\"description\":\"TOUR D'ITALIE 2020 - COVID-19 - Steven Kruijswijk (Jumbo-Visma) et l'ensemble de la Mitchelton-Scott quittent la course.\",\"breadcrumb\":{\"@id\":\"https:\/\/dicodusport.fr\/blog\/tour-d-italie-2020-steven-kruijswijk-et-mitchelton-scott-quittent-la-course\/#breadcrumb\"},\"inLanguage\":\"fr-FR\",\"potentialAction\":[{\"@type\":\"ReadAction\",\"target\":[\"https:\/\/dicodusport.fr\/blog\/tour-d-italie-2020-steven-kruijswijk-et-mitchelton-scott-quittent-la-course\/\"]}]},{\"@type\":\"ImageObject\",\"inLanguage\":\"fr-FR\",\"@id\":\"https:\/\/dicodusport.fr\/blog\/tour-d-italie-2020-steven-kruijswijk-et-mitchelton-scott-quittent-la-course\/#primaryimage\",\"url\":\"https:\/\/dicodusport.fr\/blog\/wp-content\/uploads\/2020\/10\/Tour-dItalie-2020-Steven-Kruijswijk-et-la-Mitchelton-Scott-quittent-la-course.png\",\"contentUrl\":\"https:\/\/dicodusport.fr\/blog\/wp-content\/uploads\/2020\/10\/Tour-dItalie-2020-Steven-Kruijswijk-et-la-Mitchelton-Scott-quittent-la-course.png\",\"width\":800,\"height\":445,\"caption\":\"Tour d'Italie 2020 - Steven Kruijswijk et la Mitchelton-Scott quittent la course\"},{\"@type\":\"BreadcrumbList\",\"@id\":\"https:\/\/dicodusport.fr\/blog\/tour-d-italie-2020-steven-kruijswijk-et-mitchelton-scott-quittent-la-course\/#breadcrumb\",\"itemListElement\":[{\"@type\":\"ListItem\",\"position\":1,\"name\":\"Accueil\",\"item\":\"https:\/\/dicodusport.fr\/blog\/\"},{\"@type\":\"ListItem\",\"position\":2,\"name\":\"Tour d&rsquo;Italie 2020 : Steven Kruijswijk et la Mitchelton-Scott quittent la course\"}]},{\"@type\":\"WebSite\",\"@id\":\"https:\/\/dicodusport.fr\/blog\/#website\",\"url\":\"https:\/\/dicodusport.fr\/blog\/\",\"name\":\"Dicodusport\",\"description\":\"L&#039;encyclop\u00e9die de l&#039;actualit\u00e9 sportive\",\"publisher\":{\"@id\":\"https:\/\/dicodusport.fr\/blog\/#organization\"},\"potentialAction\":[{\"@type\":\"SearchAction\",\"target\":{\"@type\":\"EntryPoint\",\"urlTemplate\":\"https:\/\/dicodusport.fr\/blog\/?s={search_term_string}\"},\"query-input\":{\"@type\":\"PropertyValueSpecification\",\"valueRequired\":true,\"valueName\":\"search_term_string\"}}],\"inLanguage\":\"fr-FR\"},{\"@type\":\"NewsMediaOrganization\",\"@id\":\"https:\/\/dicodusport.fr\/blog\/#organization\",\"name\":\"Dicodusport\",\"url\":\"https:\/\/dicodusport.fr\/blog\/\",\"logo\":{\"@type\":\"ImageObject\",\"inLanguage\":\"fr-FR\",\"@id\":\"https:\/\/dicodusport.fr\/blog\/#\/schema\/logo\/image\/\",\"url\":\"https:\/\/dicodusport.fr\/blog\/wp-content\/uploads\/2020\/06\/cropped-LOGO-DICODUSPORT-2020-SANS-FOND-SANS-TEXTE.png\",\"contentUrl\":\"https:\/\/dicodusport.fr\/blog\/wp-content\/uploads\/2020\/06\/cropped-LOGO-DICODUSPORT-2020-SANS-FOND-SANS-TEXTE.png\",\"width\":512,\"height\":512,\"caption\":\"Dicodusport\"},\"image\":{\"@id\":\"https:\/\/dicodusport.fr\/blog\/#\/schema\/logo\/image\/\"},\"sameAs\":[\"https:\/\/www.facebook.com\/dicodusport\",\"https:\/\/x.com\/dicodusport\",\"https:\/\/www.instagram.com\/dicodusport\/\",\"https:\/\/www.youtube.com\/channel\/UC7V2KZ5sd3htJivAbA4ZG3w\"],\"description\":\"Dicodusport est l'encyclop\u00e9die de l'actualit\u00e9 sportive.\",\"email\":\"bonjour@dicodusport.fr\",\"legalName\":\"DICODUSPORT\",\"foundingDate\":\"2018-01-14\",\"vatID\":\"FR71834470973\",\"taxID\":\"83447097300043\",\"numberOfEmployees\":{\"@type\":\"QuantitativeValue\",\"minValue\":\"1\",\"maxValue\":\"10\"}},{\"@type\":\"Person\",\"@id\":\"https:\/\/dicodusport.fr\/blog\/#\/schema\/person\/55dcb50ad410894e431ed812bbb70191\",\"name\":\"Nicolas Jacquemard\",\"image\":{\"@type\":\"ImageObject\",\"inLanguage\":\"fr-FR\",\"@id\":\"https:\/\/dicodusport.fr\/blog\/#\/schema\/person\/image\/\",\"url\":\"https:\/\/dicodusport.fr\/blog\/wp-content\/uploads\/2021\/05\/Nicolas-Jacquemard-150x150.jpeg\",\"contentUrl\":\"https:\/\/dicodusport.fr\/blog\/wp-content\/uploads\/2021\/05\/Nicolas-Jacquemard-150x150.jpeg\",\"caption\":\"Nicolas Jacquemard\"},\"description\":\"Passionn\u00e9 de sport et entrepreneur depuis mes 18 ans, la cr\u00e9ation de Dicodusport m'a sembl\u00e9 \u00e9vidente pour participer \u00e0 la m\u00e9diatisation d'un plus grand nombre de sports. Le chemin est long mais avec une \u00e9quipe des plus motiv\u00e9es et les Jeux Olympiques de Paris 2024 en point de mire, nous y arriverons ! Journaliste dans le monde du sport depuis plus de 5 ans, je traite aussi bien de football, de rugby, de biathlon que de cyclisme.\",\"sameAs\":[\"https:\/\/www.facebook.com\/dicodusport\",\"https:\/\/x.com\/https:\/\/twitter.com\/Nico_Jacquemard\"],\"url\":\"https:\/\/dicodusport.fr\/blog\/author\/dicodusport\/\"}]}<\/script>\n<!-- \/ Yoast SEO Premium plugin. -->","yoast_head_json":{"title":"Tour d'Italie 2020 : Steven Kruijswijk et la Mitchelton-Scott quittent la course","description":"TOUR D'ITALIE 2020 - COVID-19 - Steven Kruijswijk (Jumbo-Visma) et l'ensemble de la Mitchelton-Scott quittent la course.","robots":{"index":"index","follow":"follow","max-snippet":"max-snippet:-1","max-image-preview":"max-image-preview:large","max-video-preview":"max-video-preview:-1"},"canonical":"https:\/\/dicodusport.fr\/blog\/tour-d-italie-2020-steven-kruijswijk-et-mitchelton-scott-quittent-la-course\/","og_locale":"fr_FR","og_type":"article","og_title":"Tour d'Italie 2020 : Steven Kruijswijk et la Mitchelton-Scott quittent la course","og_description":"TOUR D'ITALIE 2020 - COVID-19 - Steven Kruijswijk (Jumbo-Visma) et l'ensemble de la Mitchelton-Scott quittent la course.","og_url":"https:\/\/dicodusport.fr\/blog\/tour-d-italie-2020-steven-kruijswijk-et-mitchelton-scott-quittent-la-course\/","og_site_name":"Dicodusport","article_publisher":"https:\/\/www.facebook.com\/dicodusport","article_author":"https:\/\/www.facebook.com\/dicodusport","article_published_time":"2020-10-13T08:24:47+00:00","article_modified_time":"2020-10-14T05:48:03+00:00","og_image":[{"width":800,"height":445,"url":"https:\/\/dicodusport.fr\/blog\/wp-content\/uploads\/2020\/10\/Tour-dItalie-2020-Steven-Kruijswijk-et-la-Mitchelton-Scott-quittent-la-course.png","type":"image\/png"}],"author":"Nicolas Jacquemard","twitter_card":"summary_large_image","twitter_title":"Tour d'Italie 2020 : Steven Kruijswijk et la Mitchelton-Scott quittent la course","twitter_creator":"@https:\/\/twitter.com\/Nico_Jacquemard","twitter_site":"@dicodusport","schema":{"@context":"https:\/\/schema.org","@graph":[{"@type":"NewsArticle","@id":"https:\/\/dicodusport.fr\/blog\/tour-d-italie-2020-steven-kruijswijk-et-mitchelton-scott-quittent-la-course\/#article","isPartOf":{"@id":"https:\/\/dicodusport.fr\/blog\/tour-d-italie-2020-steven-kruijswijk-et-mitchelton-scott-quittent-la-course\/"},"author":{"name":"Nicolas Jacquemard","@id":"https:\/\/dicodusport.fr\/blog\/#\/schema\/person\/55dcb50ad410894e431ed812bbb70191"},"headline":"Tour d&rsquo;Italie 2020 : Steven Kruijswijk et la Mitchelton-Scott quittent la course","datePublished":"2020-10-13T08:24:47+00:00","dateModified":"2020-10-14T05:48:03+00:00","mainEntityOfPage":{"@id":"https:\/\/dicodusport.fr\/blog\/tour-d-italie-2020-steven-kruijswijk-et-mitchelton-scott-quittent-la-course\/"},"wordCount":362,"commentCount":0,"publisher":{"@id":"https:\/\/dicodusport.fr\/blog\/#organization"},"image":{"@id":"https:\/\/dicodusport.fr\/blog\/tour-d-italie-2020-steven-kruijswijk-et-mitchelton-scott-quittent-la-course\/#primaryimage"},"thumbnailUrl":"https:\/\/dicodusport.fr\/blog\/wp-content\/uploads\/2020\/10\/Tour-dItalie-2020-Steven-Kruijswijk-et-la-Mitchelton-Scott-quittent-la-course.png","keywords":["Yates"],"articleSection":["Tour d'Italie"],"inLanguage":"fr-FR","potentialAction":[{"@type":"CommentAction","name":"Comment","target":["https:\/\/dicodusport.fr\/blog\/tour-d-italie-2020-steven-kruijswijk-et-mitchelton-scott-quittent-la-course\/#respond"]}],"copyrightYear":"2020","copyrightHolder":{"@id":"https:\/\/dicodusport.fr\/blog\/#organization"}},{"@type":"WebPage","@id":"https:\/\/dicodusport.fr\/blog\/tour-d-italie-2020-steven-kruijswijk-et-mitchelton-scott-quittent-la-course\/","url":"https:\/\/dicodusport.fr\/blog\/tour-d-italie-2020-steven-kruijswijk-et-mitchelton-scott-quittent-la-course\/","name":"Tour d'Italie 2020 : Steven Kruijswijk et la Mitchelton-Scott quittent la course","isPartOf":{"@id":"https:\/\/dicodusport.fr\/blog\/#website"},"primaryImageOfPage":{"@id":"https:\/\/dicodusport.fr\/blog\/tour-d-italie-2020-steven-kruijswijk-et-mitchelton-scott-quittent-la-course\/#primaryimage"},"image":{"@id":"https:\/\/dicodusport.fr\/blog\/tour-d-italie-2020-steven-kruijswijk-et-mitchelton-scott-quittent-la-course\/#primaryimage"},"thumbnailUrl":"https:\/\/dicodusport.fr\/blog\/wp-content\/uploads\/2020\/10\/Tour-dItalie-2020-Steven-Kruijswijk-et-la-Mitchelton-Scott-quittent-la-course.png","datePublished":"2020-10-13T08:24:47+00:00","dateModified":"2020-10-14T05:48:03+00:00","description":"TOUR D'ITALIE 2020 - COVID-19 - Steven Kruijswijk (Jumbo-Visma) et l'ensemble de la Mitchelton-Scott quittent la course.","breadcrumb":{"@id":"https:\/\/dicodusport.fr\/blog\/tour-d-italie-2020-steven-kruijswijk-et-mitchelton-scott-quittent-la-course\/#breadcrumb"},"inLanguage":"fr-FR","potentialAction":[{"@type":"ReadAction","target":["https:\/\/dicodusport.fr\/blog\/tour-d-italie-2020-steven-kruijswijk-et-mitchelton-scott-quittent-la-course\/"]}]},{"@type":"ImageObject","inLanguage":"fr-FR","@id":"https:\/\/dicodusport.fr\/blog\/tour-d-italie-2020-steven-kruijswijk-et-mitchelton-scott-quittent-la-course\/#primaryimage","url":"https:\/\/dicodusport.fr\/blog\/wp-content\/uploads\/2020\/10\/Tour-dItalie-2020-Steven-Kruijswijk-et-la-Mitchelton-Scott-quittent-la-course.png","contentUrl":"https:\/\/dicodusport.fr\/blog\/wp-content\/uploads\/2020\/10\/Tour-dItalie-2020-Steven-Kruijswijk-et-la-Mitchelton-Scott-quittent-la-course.png","width":800,"height":445,"caption":"Tour d'Italie 2020 - Steven Kruijswijk et la Mitchelton-Scott quittent la course"},{"@type":"BreadcrumbList","@id":"https:\/\/dicodusport.fr\/blog\/tour-d-italie-2020-steven-kruijswijk-et-mitchelton-scott-quittent-la-course\/#breadcrumb","itemListElement":[{"@type":"ListItem","position":1,"name":"Accueil","item":"https:\/\/dicodusport.fr\/blog\/"},{"@type":"ListItem","position":2,"name":"Tour d&rsquo;Italie 2020 : Steven Kruijswijk et la Mitchelton-Scott quittent la course"}]},{"@type":"WebSite","@id":"https:\/\/dicodusport.fr\/blog\/#website","url":"https:\/\/dicodusport.fr\/blog\/","name":"Dicodusport","description":"L&#039;encyclop\u00e9die de l&#039;actualit\u00e9 sportive","publisher":{"@id":"https:\/\/dicodusport.fr\/blog\/#organization"},"potentialAction":[{"@type":"SearchAction","target":{"@type":"EntryPoint","urlTemplate":"https:\/\/dicodusport.fr\/blog\/?s={search_term_string}"},"query-input":{"@type":"PropertyValueSpecification","valueRequired":true,"valueName":"search_term_string"}}],"inLanguage":"fr-FR"},{"@type":"NewsMediaOrganization","@id":"https:\/\/dicodusport.fr\/blog\/#organization","name":"Dicodusport","url":"https:\/\/dicodusport.fr\/blog\/","logo":{"@type":"ImageObject","inLanguage":"fr-FR","@id":"https:\/\/dicodusport.fr\/blog\/#\/schema\/logo\/image\/","url":"https:\/\/dicodusport.fr\/blog\/wp-content\/uploads\/2020\/06\/cropped-LOGO-DICODUSPORT-2020-SANS-FOND-SANS-TEXTE.png","contentUrl":"https:\/\/dicodusport.fr\/blog\/wp-content\/uploads\/2020\/06\/cropped-LOGO-DICODUSPORT-2020-SANS-FOND-SANS-TEXTE.png","width":512,"height":512,"caption":"Dicodusport"},"image":{"@id":"https:\/\/dicodusport.fr\/blog\/#\/schema\/logo\/image\/"},"sameAs":["https:\/\/www.facebook.com\/dicodusport","https:\/\/x.com\/dicodusport","https:\/\/www.instagram.com\/dicodusport\/","https:\/\/www.youtube.com\/channel\/UC7V2KZ5sd3htJivAbA4ZG3w"],"description":"Dicodusport est l'encyclop\u00e9die de l'actualit\u00e9 sportive.","email":"bonjour@dicodusport.fr","legalName":"DICODUSPORT","foundingDate":"2018-01-14","vatID":"FR71834470973","taxID":"83447097300043","numberOfEmployees":{"@type":"QuantitativeValue","minValue":"1","maxValue":"10"}},{"@type":"Person","@id":"https:\/\/dicodusport.fr\/blog\/#\/schema\/person\/55dcb50ad410894e431ed812bbb70191","name":"Nicolas Jacquemard","image":{"@type":"ImageObject","inLanguage":"fr-FR","@id":"https:\/\/dicodusport.fr\/blog\/#\/schema\/person\/image\/","url":"https:\/\/dicodusport.fr\/blog\/wp-content\/uploads\/2021\/05\/Nicolas-Jacquemard-150x150.jpeg","contentUrl":"https:\/\/dicodusport.fr\/blog\/wp-content\/uploads\/2021\/05\/Nicolas-Jacquemard-150x150.jpeg","caption":"Nicolas Jacquemard"},"description":"Passionn\u00e9 de sport et entrepreneur depuis mes 18 ans, la cr\u00e9ation de Dicodusport m'a sembl\u00e9 \u00e9vidente pour participer \u00e0 la m\u00e9diatisation d'un plus grand nombre de sports. Le chemin est long mais avec une \u00e9quipe des plus motiv\u00e9es et les Jeux Olympiques de Paris 2024 en point de mire, nous y arriverons ! Journaliste dans le monde du sport depuis plus de 5 ans, je traite aussi bien de football, de rugby, de biathlon que de cyclisme.","sameAs":["https:\/\/www.facebook.com\/dicodusport","https:\/\/x.com\/https:\/\/twitter.com\/Nico_Jacquemard"],"url":"https:\/\/dicodusport.fr\/blog\/author\/dicodusport\/"}]}},"_links":{"self":[{"href":"https:\/\/dicodusport.fr\/blog\/wp-json\/wp\/v2\/posts\/82563","targetHints":{"allow":["GET"]}}],"collection":[{"href":"https:\/\/dicodusport.fr\/blog\/wp-json\/wp\/v2\/posts"}],"about":[{"href":"https:\/\/dicodusport.fr\/blog\/wp-json\/wp\/v2\/types\/post"}],"author":[{"embeddable":true,"href":"https:\/\/dicodusport.fr\/blog\/wp-json\/wp\/v2\/users\/1"}],"replies":[{"embeddable":true,"href":"https:\/\/dicodusport.fr\/blog\/wp-json\/wp\/v2\/comments?post=82563"}],"version-history":[{"count":0,"href":"https:\/\/dicodusport.fr\/blog\/wp-json\/wp\/v2\/posts\/82563\/revisions"}],"wp:featuredmedia":[{"embeddable":true,"href":"https:\/\/dicodusport.fr\/blog\/wp-json\/wp\/v2\/media\/82568"}],"wp:attachment":[{"href":"https:\/\/dicodusport.fr\/blog\/wp-json\/wp\/v2\/media?parent=82563"}],"wp:term":[{"taxonomy":"category","embeddable":true,"href":"https:\/\/dicodusport.fr\/blog\/wp-json\/wp\/v2\/categories?post=82563"},{"taxonomy":"post_tag","embeddable":true,"href":"https:\/\/dicodusport.fr\/blog\/wp-json\/wp\/v2\/tags?post=82563"}],"curies":[{"name":"wp","href":"https:\/\/api.w.org\/{rel}","templated":true}]}}