{"id":82564,"date":"2020-10-13T11:34:38","date_gmt":"2020-10-13T09:34:38","guid":{"rendered":"https:\/\/dicodusport.fr\/blog\/?p=82564&#038;preview=true&#038;preview_id=82564"},"modified":"2021-10-18T16:42:02","modified_gmt":"2021-10-18T14:42:02","slug":"bleus-composez-votre-xv-de-france-pour-affronter-pays-de-galles","status":"publish","type":"post","link":"https:\/\/dicodusport.fr\/blog\/bleus-composez-votre-xv-de-france-pour-affronter-pays-de-galles\/","title":{"rendered":"Bleus : Composez votre XV de France pour affronter le Pays de Galles"},"content":{"rendered":"<p style=\"text-align: justify;\"><em><strong><a href=\"https:\/\/dicodusport.fr\/blog\/tag\/xv-de-france\/\" target=\"_blank\" rel=\"noopener noreferrer\">XV DE FRANCE<\/a> &#8211; Si tout se passe bien, les Bleus devraient affronter Pays de Galles le 24 octobre prochain, en guise de r\u00e9p\u00e9tition g\u00e9n\u00e9rale avant le dernier match du 6 Nations 2020 face \u00e0 l&rsquo;Irlande (31\/10). Composez votre XV de France de d\u00e9part.<\/strong><\/em><\/p>\n<p style=\"text-align: justify;\"><em>PS : Ce mardi matin, les forfaits de Matthieu Jalibert et Cameron Woki (UBB) sont annonc\u00e9s par le Midi Olympique. Gabin Villi\u00e8re (Toulon) et Baptiste Pesenti (Pau) sont appel\u00e9s pour les suppl\u00e9er. Nous avons donc d\u00e9cid\u00e9 de replacer Thomas Ramos \u00e0 l&rsquo;ouverture, \u00ab\u00a0en concurrence\u00a0\u00bb avec Romain Ntamack.<\/em><\/p>\n<h2 style=\"text-align: justify;\">Formez votre pack<\/h2>\n<div class=\"dem-poll-shortcode\">\n<style id=\"democracy-poll\">.democracy:after{content:'';display:table;clear:both}.democracy ul li,.democracy ul{background:0 0;padding:0;margin:0}.democracy ul li:before{display:none}.democracy input[type=radio],.democracy input[type=checkbox]{margin:0;vertical-align:middle}.democracy input[type=radio]:focus,.democracy input[type=checkbox]:focus{outline:none}.democracy ul{list-style:none !important;border:none !important}.democracy ul li{list-style:none !important}input[type=submit].dem-button,a.dem-button,.dem-button{position:relative;display:inline-block;text-decoration:none;line-height:1;border:0;margin:0;padding:0;cursor:pointer;white-space:nowrap;-webkit-user-select:none;-moz-user-select:none;-ms-user-select:none;user-select:none}input[type=submit].dem-button:focus,a.dem-button:focus,.dem-button:focus{outline:none}input[type=submit].dem-button:disabled,a.dem-button:disabled,.dem-button:disabled{opacity:.6;cursor:not-allowed}a.dem-button:hover{text-decoration:none !important}.democracy{position:relative;margin:0 auto}.democracy input[type=radio],.democracy input[type=checkbox]{margin-right:.2em}.dem-screen{position:relative;line-height:1.3}.democracy ul.dem-vote{margin-bottom:1em}.democracy ul.dem-vote li{padding-bottom:0;margin-bottom:0}.democracy ul.dem-vote li>*{margin-bottom:.6em}.democracy ul.dem-answers li{padding-bottom:1em}.dem-answers .dem-label{margin-bottom:.2em;line-height:1.2}.dem-graph{position:relative;color:#555;color:rgba(0,0,0,.6);box-sizing:content-box;width:100%;display:table;height:1.2em;line-height:1.2em}.dem-fill{position:absolute;top:0;left:0;height:100%;background-color:#7cb4dd}.dem-voted-this .dem-fill{background-color:#ffc45a}.dem-votes-txt,.dem-percent-txt{position:relative;display:table-cell;padding-left:.3em;vertical-align:middle;font-size:90%}.dem-poll-info{padding-bottom:1em}.dem-poll-info:after{content:'';display:table;clear:both}.dem-poll-info>*{font-size:85%;display:block;float:right;clear:both;text-align:right;opacity:.7;line-height:1.3}.dem-vote label{float:none;display:block}.dem-results-link{display:inline-block;line-height:1;margin:.8em 1em}.dem-vote .dem-disabled{opacity:.5}.democracy .dem-bottom{padding-bottom:1em}.dem-bottom{text-align:center}.dem-bottom:after{content:'';display:table;clear:both}.dem-poll-title{display:block;margin-bottom:1.5em;margin-top:1.2em;font-size:120%}.dem-notice{z-index:10;position:absolute;top:0;border-radius:2px;width:100%;padding:1.5em 2em;text-align:center;background:rgba(247,241,212,.8);color:#6d6214}.dem-notice-close{position:absolute;top:0;right:0;padding:5px;cursor:pointer;line-height:.6;font-size:150%}.dem-notice-close:hover{color:#d26616}.dem-star{font-size:90%;vertical-align:baseline;padding-left:.3em;color:#ff4e00}.dem-poll-note{font-size:90%;padding:.5em;opacity:.8;line-height:1.3}.democracy .dem-copyright{position:absolute;bottom:-1em;right:0;text-decoration:none;border-bottom:0;color:#b2b2b2;opacity:.5;line-height:1}.democracy .dem-copyright:hover{opacity:1}.dem-add-answer{position:relative}.dem-add-answer>*{display:block}.dem-add-answer a{display:inline-block}input.dem-add-answer-txt{width:100%;box-sizing:border-box}.dem-add-answer-close{position:absolute;right:0;padding:0 .7em;cursor:pointer;color:#333}.dem-add-answer-close:hover{color:#ff2700}.dem-edit-link{display:block;position:absolute;top:0;right:0;line-height:1;text-decoration:none !important;border:none !important}.dem-edit-link svg{width:1.2em!important;fill:#6c6c6c}.dem-edit-link:hover svg{fill:#35a91d}.dem-loader{display:none;position:absolute;top:0;left:0;width:100%;height:100%}.dem-loader>*{display:table-cell;vertical-align:middle;text-align:center}.dem-loader svg{width:20%;max-width:100px;min-width:80px;margin-bottom:15%}.dem-loader [class^=dem-]{margin-bottom:15%!important}.dem__collapser{display:block;cursor:pointer;text-align:center;font-size:150%;line-height:1}.dem__collapser:hover{color:#f31;background:rgba(255,255,255,.3)}.dem__collapser.expanded{position:relative;height:1em}.dem__collapser.collapsed{position:absolute;top:0;bottom:0;right:0;left:0}.dem__collapser .arr{display:block;position:absolute;bottom:0;width:100%}.dem__collapser.collapsed .arr:before{content:\"\u25be\"}.dem__collapser.expanded .arr:before{content:\"\u25b4\"}.dem-poll-shortcode{margin-bottom:1.5em}.dem-archives .dem-elem-wrap{margin-bottom:2em;padding-bottom:20px;border-bottom:1px dashed rgba(0,0,0,.1)}.dem-archives .dem-archive-link{display:none}.dem-paging{text-align:center;margin:1.5em auto}.dem-paging>*{display:inline-block;padding:.3em .8em;border-radius:.2em;background:#e2e2e2;color:#333;text-decoration:none;text-transform:lowercase;user-select:none}.dem-paging>a{color:#333}.dem-paging>a:hover{background:#ccc;color:#333;text-decoration:none}.dem-paging .current{background:#656565;color:#fff}.dem-paging .dots{background:0 0}.democracy{border-color:#ccc;border:1px solid rgba(0,0,0,.1);background-color:#eee;background-color:rgba(0,0,0,.1);background-image:-webkit-linear-gradient(bottom,rgba(0,0,0,.05),transparent);background-image:linear-gradient(to top,rgba(0,0,0,.05),transparent);padding:1em;padding-bottom:.5em;margin-bottom:1em}.dem-poll-title{margin:0;font-size:115%;margin:-.9em;margin-bottom:1em;text-align:center;padding:1em;border-bottom:1px solid rgba(0,0,0,.1)}.dem-percent-txt,.dem-label-percent-txt{display:none}.dem-votes-txt-percent:before{content:'- ';display:inline}.dem-revote-button:before{content:'\u25c2 '}.dem-graph{background-color:rgba(255,255,255,.8)}.dem-results-link{margin-bottom:0}.dem__checkbox,.dem__radio{display:none !important}.dem__checkbox_label,.dem__radio_label{position:relative;box-sizing:content-box}.dem__checkbox_label .dem__spot{border-radius:3px}.dem__radio_label .dem__spot{border-radius:50%}.dem__checkbox_label .dem__spot,.dem__radio_label .dem__spot{position:relative;display:inline-block;vertical-align:baseline;width:.9em;height:.9em;margin-right:.3em;cursor:pointer;background:#fff;border:1px solid #ccc}.dem__checkbox_label .dem__spot:after{width:.9em;height:.32em;top:-.1em;left:.145em;border:.17em solid #333;border-top:none;border-right:none;-webkit-transform:rotate(-45deg);transform:rotate(-45deg);background:0 0}.dem__radio_label .dem__spot:after{width:.5em;height:.5em;border-radius:50%;top:50%;left:50%;-webkit-transform:translate(-50%,-50%);transform:translate(-50%,-50%);background:#333}.dem__checkbox_label .dem__spot:after,.dem__radio_label .dem__spot:after{content:'';position:absolute;opacity:0}.dem__checkbox_label:hover .dem__spot:after,.dem__radio_label:hover .dem__spot:after{opacity:.2}.dem__checkbox:checked+.dem__spot,.dem__radio:checked+.dem__spot{border-color:#999}.dem__checkbox:checked+.dem__spot:after,.dem__radio:checked+.dem__spot:after{opacity:1}.dem__checkbox:disabled+.dem__spot,.dem__radio:disabled+.dem__spot{opacity:.5}.dem__checkbox:not(:checked):disabled+.dem__spot:after,.dem__radio:not(:checked):disabled+.dem__spot:after{opacity:0}input[type=submit].dem-button,a.dem-button,.dem-button{font-size:90%;font-family:tahoma,arial,sans-serif;padding:.8em 1.6em !important;color:#fff;background:#61a9de;text-transform:uppercase}input[type=submit].dem-button:hover,a.dem-button:hover,.dem-button:hover{color:#fff;background:#3b8bc6}a.dem-button:visited{color:#fff}.dem-loader .fill{fill:#0248ed !important}.dem-loader .css-fill{background-color:#0248ed !important}.dem-loader .stroke{stroke:#0248ed !important}.dem-graph{background:#a5a5a5 !important}.dem-fill{background-color:#1c62ed !important}.dem-voted-this .dem-fill{background-color:#30a82a !important}.dem-graph{height:25px;line-height:25px}.dem-button{background-color:#f71339 !important}.dem-button{color:#efefef !important}.democracy{background-color:#fff;color:#000}.dem-poll-info{color:#000}.dem-votes-txt,.dem-percent-txt{color:#fff}<\/style>\n<div id=\"democracy-578\" class=\"democracy\" data-opts='{\"ajax_url\":\"https:\\\/\\\/dicodusport.fr\\\/blog\\\/wp-admin\\\/admin-ajax.php\",\"pid\":578,\"max_answs\":0,\"answs_max_height\":\"-1\",\"anim_speed\":\"400\",\"line_anim_speed\":1500}' ><strong class=\"dem-poll-title\">Votre pilier gauche<\/strong><div class=\"dem-screen voted\"><ul class=\"dem-answers\" data-voted-class=\"dem-voted-this\" data-voted-txt=\"(Votre vote)\">\n\t<li  class=\"dem-winner\" title=\"3796 voix - 89% des votes\" data-aid=\"2694\">\n\t<div class=\"dem-label\">Cyril Baille (Toulouse)  <span class=\"dem-label-percent-txt\">89%, 3796 <span class=\"votxt\">voix<\/span><\/span><\/div>\n\t<div class=\"dem-graph\">\n\t\t<div class=\"dem-fill\" data-width=\"100%\"><\/div>\n\t\t<div class=\"dem-votes-txt\">\n\t\t\t<span class=\"dem-votes-txt-votes\">3796 <span class=\"votxt\">voix<\/span><\/span>\n\t\t\t<span class=\"dem-votes-txt-percent\">89%<\/span>\n\t\t<\/div>\n\t\t<div class=\"dem-percent-txt\">3796 voix - 89% des votes<\/div>\n\t<\/div>\n<\/li><li  title=\"480 voix - 11% des votes\" data-aid=\"2695\">\n\t<div class=\"dem-label\">Jean-Baptiste Gros (Toulon)  <span class=\"dem-label-percent-txt\">11%, 480 <span class=\"votxt\">voix<\/span><\/span><\/div>\n\t<div class=\"dem-graph\">\n\t\t<div class=\"dem-fill\" data-width=\"13%\"><\/div>\n\t\t<div class=\"dem-votes-txt\">\n\t\t\t<span class=\"dem-votes-txt-votes\">480 <span class=\"votxt\">voix<\/span><\/span>\n\t\t\t<span class=\"dem-votes-txt-percent\">11%<\/span>\n\t\t<\/div>\n\t\t<div class=\"dem-percent-txt\">480 voix - 11% des votes<\/div>\n\t<\/div>\n<\/li>\n<\/ul>\n<div class=\"dem-bottom\">\n\t<div class=\"dem-poll-info\">\n\t\t<div class=\"dem-total-votes\">Total des votes : 4276<\/div>\n\t\t\n\t\t<div class=\"dem-date\" title=\"D\u00e9but\">\n\t\t\t<span class=\"dem-begin-date\">13 octobre 2020<\/span> - <span class=\"dem-end-date\" title=\"Fin\">20 octobre 2020<\/span>\n\t\t<\/div>\n\t\t\n\t\t<div>Les votes sont clos<\/div>\n\t\t\n\t<\/div>\n\t\n<\/div><\/div><noscript>Poll Options are limited because JavaScript is disabled in your browser.<\/noscript><div class=\"dem-loader\"><div><style type=\"text\/css\">\n.dem-circle {\n  width:100%;\n  height:100%;\n  min-width:40px;\n  min-height:40px;\n  max-width:70px;\n  max-height:70px;\n\n  position: relative;\n  margin: 0 auto;\n}\n\n.double-bounce1, .double-bounce2 {\n  width: 100%;\n  height: 100%;\n  border-radius: 50%;\n  background-color: #226ec6;\n  opacity: 0.6;\n  position: absolute;\n  top: 0;\n  left: 0;\n  \n  -webkit-animation: bounce 2.0s infinite ease-in-out;\n  animation: bounce 2.0s infinite ease-in-out;\n}\n\n.double-bounce2 {\n  -webkit-animation-delay: -1.0s;\n  animation-delay: -1.0s;\n}\n\n@-webkit-keyframes bounce {\n  0%, 100% { -webkit-transform: scale(0.0) }\n  50% { -webkit-transform: scale(1.0) }\n}\n\n@keyframes bounce {\n  0%, 100% { \n    transform: scale(0.0);\n    -webkit-transform: scale(0.0);\n  } 50% { \n    transform: scale(1.0);\n    -webkit-transform: scale(1.0);\n  }\n}<\/style>\n\n<div class=\"dem-circle\">\n  <div class=\"double-bounce1 css-fill\"><\/div>\n  <div class=\"double-bounce2 css-fill\"><\/div>\n<\/div><\/div><\/div><\/div><!--democracy--><\/div>\n<div class=\"dem-poll-shortcode\"><div id=\"democracy-579\" class=\"democracy\" data-opts='{\"ajax_url\":\"https:\\\/\\\/dicodusport.fr\\\/blog\\\/wp-admin\\\/admin-ajax.php\",\"pid\":579,\"max_answs\":0,\"answs_max_height\":\"-1\",\"anim_speed\":\"400\",\"line_anim_speed\":1500}' ><strong class=\"dem-poll-title\">Votre talonneur<\/strong><div class=\"dem-screen voted\"><ul class=\"dem-answers\" data-voted-class=\"dem-voted-this\" data-voted-txt=\"(Votre vote)\">\n\t<li  class=\"dem-winner\" title=\"2332 voix - 55% des votes\" data-aid=\"2696\">\n\t<div class=\"dem-label\">Camille Chat (Racing 92)  <span class=\"dem-label-percent-txt\">55%, 2332 <span class=\"votxt\">voix<\/span><\/span><\/div>\n\t<div class=\"dem-graph\">\n\t\t<div class=\"dem-fill\" data-width=\"100%\"><\/div>\n\t\t<div class=\"dem-votes-txt\">\n\t\t\t<span class=\"dem-votes-txt-votes\">2332 <span class=\"votxt\">voix<\/span><\/span>\n\t\t\t<span class=\"dem-votes-txt-percent\">55%<\/span>\n\t\t<\/div>\n\t\t<div class=\"dem-percent-txt\">2332 voix - 55% des votes<\/div>\n\t<\/div>\n<\/li><li  title=\"1790 voix - 43% des votes\" data-aid=\"2697\">\n\t<div class=\"dem-label\">Julien Marchand (Toulouse)  <span class=\"dem-label-percent-txt\">43%, 1790 <span class=\"votxt\">voix<\/span><\/span><\/div>\n\t<div class=\"dem-graph\">\n\t\t<div class=\"dem-fill\" data-width=\"77%\"><\/div>\n\t\t<div class=\"dem-votes-txt\">\n\t\t\t<span class=\"dem-votes-txt-votes\">1790 <span class=\"votxt\">voix<\/span><\/span>\n\t\t\t<span class=\"dem-votes-txt-percent\">43%<\/span>\n\t\t<\/div>\n\t\t<div class=\"dem-percent-txt\">1790 voix - 43% des votes<\/div>\n\t<\/div>\n<\/li><li  title=\"85 voix - 2% des votes\" data-aid=\"2698\">\n\t<div class=\"dem-label\">Peato Mauvaka (Toulouse)  <span class=\"dem-label-percent-txt\">2%, 85 <span class=\"votxt\">voix<\/span><\/span><\/div>\n\t<div class=\"dem-graph\">\n\t\t<div class=\"dem-fill\" data-width=\"4%\"><\/div>\n\t\t<div class=\"dem-votes-txt\">\n\t\t\t<span class=\"dem-votes-txt-votes\">85 <span class=\"votxt\">voix<\/span><\/span>\n\t\t\t<span class=\"dem-votes-txt-percent\">2%<\/span>\n\t\t<\/div>\n\t\t<div class=\"dem-percent-txt\">85 voix - 2% des votes<\/div>\n\t<\/div>\n<\/li>\n<\/ul>\n<div class=\"dem-bottom\">\n\t<div class=\"dem-poll-info\">\n\t\t<div class=\"dem-total-votes\">Total des votes : 4207<\/div>\n\t\t\n\t\t<div class=\"dem-date\" title=\"D\u00e9but\">\n\t\t\t<span class=\"dem-begin-date\">13 octobre 2020<\/span> - <span class=\"dem-end-date\" title=\"Fin\">20 octobre 2020<\/span>\n\t\t<\/div>\n\t\t\n\t\t<div>Les votes sont clos<\/div>\n\t\t\n\t<\/div>\n\t\n<\/div><\/div><noscript>Poll Options are limited because JavaScript is disabled in your browser.<\/noscript><\/div><!--democracy--><\/div>\n<div class=\"dem-poll-shortcode\"><div id=\"democracy-580\" class=\"democracy\" data-opts='{\"ajax_url\":\"https:\\\/\\\/dicodusport.fr\\\/blog\\\/wp-admin\\\/admin-ajax.php\",\"pid\":580,\"max_answs\":0,\"answs_max_height\":\"-1\",\"anim_speed\":\"400\",\"line_anim_speed\":1500}' ><strong class=\"dem-poll-title\">Votre pilier droit<\/strong><div class=\"dem-screen voted\"><ul class=\"dem-answers\" data-voted-class=\"dem-voted-this\" data-voted-txt=\"(Votre vote)\">\n\t<li  class=\"dem-winner\" title=\"2146 voix - 51% des votes\" data-aid=\"2699\">\n\t<div class=\"dem-label\">Demba Bamba (LOU)  <span class=\"dem-label-percent-txt\">51%, 2146 <span class=\"votxt\">voix<\/span><\/span><\/div>\n\t<div class=\"dem-graph\">\n\t\t<div class=\"dem-fill\" data-width=\"100%\"><\/div>\n\t\t<div class=\"dem-votes-txt\">\n\t\t\t<span class=\"dem-votes-txt-votes\">2146 <span class=\"votxt\">voix<\/span><\/span>\n\t\t\t<span class=\"dem-votes-txt-percent\">51%<\/span>\n\t\t<\/div>\n\t\t<div class=\"dem-percent-txt\">2146 voix - 51% des votes<\/div>\n\t<\/div>\n<\/li><li  title=\"1528 voix - 37% des votes\" data-aid=\"2701\">\n\t<div class=\"dem-label\">Mohamed Haouas (Montpellier)  <span class=\"dem-label-percent-txt\">37%, 1528 <span class=\"votxt\">voix<\/span><\/span><\/div>\n\t<div class=\"dem-graph\">\n\t\t<div class=\"dem-fill\" data-width=\"71%\"><\/div>\n\t\t<div class=\"dem-votes-txt\">\n\t\t\t<span class=\"dem-votes-txt-votes\">1528 <span class=\"votxt\">voix<\/span><\/span>\n\t\t\t<span class=\"dem-votes-txt-percent\">37%<\/span>\n\t\t<\/div>\n\t\t<div class=\"dem-percent-txt\">1528 voix - 37% des votes<\/div>\n\t<\/div>\n<\/li><li  title=\"511 voix - 12% des votes\" data-aid=\"2700\">\n\t<div class=\"dem-label\">George-Henri Colombe (Racing 92)  <span class=\"dem-label-percent-txt\">12%, 511 <span class=\"votxt\">voix<\/span><\/span><\/div>\n\t<div class=\"dem-graph\">\n\t\t<div class=\"dem-fill\" data-width=\"24%\"><\/div>\n\t\t<div class=\"dem-votes-txt\">\n\t\t\t<span class=\"dem-votes-txt-votes\">511 <span class=\"votxt\">voix<\/span><\/span>\n\t\t\t<span class=\"dem-votes-txt-percent\">12%<\/span>\n\t\t<\/div>\n\t\t<div class=\"dem-percent-txt\">511 voix - 12% des votes<\/div>\n\t<\/div>\n<\/li>\n<\/ul>\n<div class=\"dem-bottom\">\n\t<div class=\"dem-poll-info\">\n\t\t<div class=\"dem-total-votes\">Total des votes : 4185<\/div>\n\t\t\n\t\t<div class=\"dem-date\" title=\"D\u00e9but\">\n\t\t\t<span class=\"dem-begin-date\">13 octobre 2020<\/span> - <span class=\"dem-end-date\" title=\"Fin\">20 octobre 2020<\/span>\n\t\t<\/div>\n\t\t\n\t\t<div>Les votes sont clos<\/div>\n\t\t\n\t<\/div>\n\t\n<\/div><\/div><noscript>Poll Options are limited because JavaScript is disabled in your browser.<\/noscript><\/div><!--democracy--><\/div>\n<div class=\"dem-poll-shortcode\"><div id=\"democracy-581\" class=\"democracy\" data-opts='{\"ajax_url\":\"https:\\\/\\\/dicodusport.fr\\\/blog\\\/wp-admin\\\/admin-ajax.php\",\"pid\":581,\"max_answs\":2,\"answs_max_height\":\"-1\",\"anim_speed\":\"400\",\"line_anim_speed\":1500}' ><strong class=\"dem-poll-title\">Vos deuxi\u00e8mes lignes<\/strong><div class=\"dem-screen voted\"><ul class=\"dem-answers\" data-voted-class=\"dem-voted-this\" data-voted-txt=\"(Votre vote)\">\n\t<li  class=\"dem-winner\" title=\"3670 voix - 48% des votes\" data-aid=\"2703\">\n\t<div class=\"dem-label\">Bernard Le Roux (Racing 92)  <span class=\"dem-label-percent-txt\">48%, 3670 <span class=\"votxt\">voix<\/span><\/span><\/div>\n\t<div class=\"dem-graph\">\n\t\t<div class=\"dem-fill\" data-width=\"100%\"><\/div>\n\t\t<div class=\"dem-votes-txt\">\n\t\t\t<span class=\"dem-votes-txt-votes\">3670 <span class=\"votxt\">voix<\/span><\/span>\n\t\t\t<span class=\"dem-votes-txt-percent\">48%<\/span>\n\t\t<\/div>\n\t\t<div class=\"dem-percent-txt\">3670 voix - 48% des votes<\/div>\n\t<\/div>\n<\/li><li  title=\"2407 voix - 32% des votes\" data-aid=\"2705\">\n\t<div class=\"dem-label\">Paul Willemse (Montpellier)  <span class=\"dem-label-percent-txt\">32%, 2407 <span class=\"votxt\">voix<\/span><\/span><\/div>\n\t<div class=\"dem-graph\">\n\t\t<div class=\"dem-fill\" data-width=\"66%\"><\/div>\n\t\t<div class=\"dem-votes-txt\">\n\t\t\t<span class=\"dem-votes-txt-votes\">2407 <span class=\"votxt\">voix<\/span><\/span>\n\t\t\t<span class=\"dem-votes-txt-percent\">32%<\/span>\n\t\t<\/div>\n\t\t<div class=\"dem-percent-txt\">2407 voix - 32% des votes<\/div>\n\t<\/div>\n<\/li><li  title=\"991 voix - 13% des votes\" data-aid=\"2704\">\n\t<div class=\"dem-label\">Romain Taofifenua (Toulon)  <span class=\"dem-label-percent-txt\">13%, 991 <span class=\"votxt\">voix<\/span><\/span><\/div>\n\t<div class=\"dem-graph\">\n\t\t<div class=\"dem-fill\" data-width=\"27%\"><\/div>\n\t\t<div class=\"dem-votes-txt\">\n\t\t\t<span class=\"dem-votes-txt-votes\">991 <span class=\"votxt\">voix<\/span><\/span>\n\t\t\t<span class=\"dem-votes-txt-percent\">13%<\/span>\n\t\t<\/div>\n\t\t<div class=\"dem-percent-txt\">991 voix - 13% des votes<\/div>\n\t<\/div>\n<\/li><li  title=\"565 voix - 7% des votes\" data-aid=\"2702\">\n\t<div class=\"dem-label\">Killian Geraci (LOU)  <span class=\"dem-label-percent-txt\">7%, 565 <span class=\"votxt\">voix<\/span><\/span><\/div>\n\t<div class=\"dem-graph\">\n\t\t<div class=\"dem-fill\" data-width=\"15%\"><\/div>\n\t\t<div class=\"dem-votes-txt\">\n\t\t\t<span class=\"dem-votes-txt-votes\">565 <span class=\"votxt\">voix<\/span><\/span>\n\t\t\t<span class=\"dem-votes-txt-percent\">7%<\/span>\n\t\t<\/div>\n\t\t<div class=\"dem-percent-txt\">565 voix - 7% des votes<\/div>\n\t<\/div>\n<\/li>\n<\/ul>\n<div class=\"dem-bottom\">\n\t<div class=\"dem-poll-info\">\n\t\t<div class=\"dem-total-votes\">Total des votes : 7633<\/div>\n\t\t<div class=\"dem-users-voted\">Votants : 4177<\/div>\n\t\t<div class=\"dem-date\" title=\"D\u00e9but\">\n\t\t\t<span class=\"dem-begin-date\">13 octobre 2020<\/span> - <span class=\"dem-end-date\" title=\"Fin\">20 octobre 2020<\/span>\n\t\t<\/div>\n\t\t\n\t\t<div>Les votes sont clos<\/div>\n\t\t\n\t<\/div>\n\t\n<\/div><\/div><noscript>Poll Options are limited because JavaScript is disabled in your browser.<\/noscript><\/div><!--democracy--><\/div>\n<div class=\"dem-poll-shortcode\"><div id=\"democracy-582\" class=\"democracy\" data-opts='{\"ajax_url\":\"https:\\\/\\\/dicodusport.fr\\\/blog\\\/wp-admin\\\/admin-ajax.php\",\"pid\":582,\"max_answs\":2,\"answs_max_height\":\"-1\",\"anim_speed\":\"400\",\"line_anim_speed\":1500}' ><strong class=\"dem-poll-title\">Vos troisi\u00e8mes lignes ailes<\/strong><div class=\"dem-screen voted\"><ul class=\"dem-answers\" data-voted-class=\"dem-voted-this\" data-voted-txt=\"(Votre vote)\">\n\t<li  class=\"dem-winner\" title=\"4035 voix - 50% des votes\" data-aid=\"2708\">\n\t<div class=\"dem-label\">Charles Ollivon (Toulon)  <span class=\"dem-label-percent-txt\">50%, 4035 <span class=\"votxt\">voix<\/span><\/span><\/div>\n\t<div class=\"dem-graph\">\n\t\t<div class=\"dem-fill\" data-width=\"100%\"><\/div>\n\t\t<div class=\"dem-votes-txt\">\n\t\t\t<span class=\"dem-votes-txt-votes\">4035 <span class=\"votxt\">voix<\/span><\/span>\n\t\t\t<span class=\"dem-votes-txt-percent\">50%<\/span>\n\t\t<\/div>\n\t\t<div class=\"dem-percent-txt\">4035 voix - 50% des votes<\/div>\n\t<\/div>\n<\/li><li  title=\"3875 voix - 48% des votes\" data-aid=\"2707\">\n\t<div class=\"dem-label\">Fran\u00e7ois Cros (Toulouse)  <span class=\"dem-label-percent-txt\">48%, 3875 <span class=\"votxt\">voix<\/span><\/span><\/div>\n\t<div class=\"dem-graph\">\n\t\t<div class=\"dem-fill\" data-width=\"96%\"><\/div>\n\t\t<div class=\"dem-votes-txt\">\n\t\t\t<span class=\"dem-votes-txt-votes\">3875 <span class=\"votxt\">voix<\/span><\/span>\n\t\t\t<span class=\"dem-votes-txt-percent\">48%<\/span>\n\t\t<\/div>\n\t\t<div class=\"dem-percent-txt\">3875 voix - 48% des votes<\/div>\n\t<\/div>\n<\/li><li  title=\"134 voix - 2% des votes\" data-aid=\"2706\">\n\t<div class=\"dem-label\">Dylan Cretin (LOU)  <span class=\"dem-label-percent-txt\">2%, 134 <span class=\"votxt\">voix<\/span><\/span><\/div>\n\t<div class=\"dem-graph\">\n\t\t<div class=\"dem-fill\" data-width=\"3%\"><\/div>\n\t\t<div class=\"dem-votes-txt\">\n\t\t\t<span class=\"dem-votes-txt-votes\">134 <span class=\"votxt\">voix<\/span><\/span>\n\t\t\t<span class=\"dem-votes-txt-percent\">2%<\/span>\n\t\t<\/div>\n\t\t<div class=\"dem-percent-txt\">134 voix - 2% des votes<\/div>\n\t<\/div>\n<\/li><li  title=\"74 voix - 1% des votes\" data-aid=\"2709\">\n\t<div class=\"dem-label\">Baptiste Pesenti (UBB)  <span class=\"dem-label-percent-txt\">1%, 74 <span class=\"votxt\">voix<\/span><\/span><\/div>\n\t<div class=\"dem-graph\">\n\t\t<div class=\"dem-fill\" data-width=\"2%\"><\/div>\n\t\t<div class=\"dem-votes-txt\">\n\t\t\t<span class=\"dem-votes-txt-votes\">74 <span class=\"votxt\">voix<\/span><\/span>\n\t\t\t<span class=\"dem-votes-txt-percent\">1%<\/span>\n\t\t<\/div>\n\t\t<div class=\"dem-percent-txt\">74 voix - 1% des votes<\/div>\n\t<\/div>\n<\/li>\n<\/ul>\n<div class=\"dem-bottom\">\n\t<div class=\"dem-poll-info\">\n\t\t<div class=\"dem-total-votes\">Total des votes : 8118<\/div>\n\t\t<div class=\"dem-users-voted\">Votants : 4151<\/div>\n\t\t<div class=\"dem-date\" title=\"D\u00e9but\">\n\t\t\t<span class=\"dem-begin-date\">13 octobre 2020<\/span> - <span class=\"dem-end-date\" title=\"Fin\">20 octobre 2020<\/span>\n\t\t<\/div>\n\t\t\n\t\t<div>Les votes sont clos<\/div>\n\t\t\n\t<\/div>\n\t\n<\/div><\/div><noscript>Poll Options are limited because JavaScript is disabled in your browser.<\/noscript><\/div><!--democracy--><\/div>\n<div class=\"dem-poll-shortcode\"><div id=\"democracy-583\" class=\"democracy\" data-opts='{\"ajax_url\":\"https:\\\/\\\/dicodusport.fr\\\/blog\\\/wp-admin\\\/admin-ajax.php\",\"pid\":583,\"max_answs\":0,\"answs_max_height\":\"-1\",\"anim_speed\":\"400\",\"line_anim_speed\":1500}' ><strong class=\"dem-poll-title\">Votre troisi\u00e8me ligne centre<\/strong><div class=\"dem-screen voted\"><ul class=\"dem-answers\" data-voted-class=\"dem-voted-this\" data-voted-txt=\"(Votre vote)\">\n\t<li  class=\"dem-winner\" title=\"3393 voix - 82% des votes\" data-aid=\"2710\">\n\t<div class=\"dem-label\">Gr\u00e9gory Alldritt (Stade Rochelais)  <span class=\"dem-label-percent-txt\">82%, 3393 <span class=\"votxt\">voix<\/span><\/span><\/div>\n\t<div class=\"dem-graph\">\n\t\t<div class=\"dem-fill\" data-width=\"100%\"><\/div>\n\t\t<div class=\"dem-votes-txt\">\n\t\t\t<span class=\"dem-votes-txt-votes\">3393 <span class=\"votxt\">voix<\/span><\/span>\n\t\t\t<span class=\"dem-votes-txt-percent\">82%<\/span>\n\t\t<\/div>\n\t\t<div class=\"dem-percent-txt\">3393 voix - 82% des votes<\/div>\n\t<\/div>\n<\/li><li  title=\"758 voix - 18% des votes\" data-aid=\"2711\">\n\t<div class=\"dem-label\">Selevasio Tolofua (Toulouse)  <span class=\"dem-label-percent-txt\">18%, 758 <span class=\"votxt\">voix<\/span><\/span><\/div>\n\t<div class=\"dem-graph\">\n\t\t<div class=\"dem-fill\" data-width=\"22%\"><\/div>\n\t\t<div class=\"dem-votes-txt\">\n\t\t\t<span class=\"dem-votes-txt-votes\">758 <span class=\"votxt\">voix<\/span><\/span>\n\t\t\t<span class=\"dem-votes-txt-percent\">18%<\/span>\n\t\t<\/div>\n\t\t<div class=\"dem-percent-txt\">758 voix - 18% des votes<\/div>\n\t<\/div>\n<\/li>\n<\/ul>\n<div class=\"dem-bottom\">\n\t<div class=\"dem-poll-info\">\n\t\t<div class=\"dem-total-votes\">Total des votes : 4151<\/div>\n\t\t\n\t\t<div class=\"dem-date\" title=\"D\u00e9but\">\n\t\t\t<span class=\"dem-begin-date\">13 octobre 2020<\/span> - <span class=\"dem-end-date\" title=\"Fin\">20 octobre 2020<\/span>\n\t\t<\/div>\n\t\t\n\t\t<div>Les votes sont clos<\/div>\n\t\t\n\t<\/div>\n\t\n<\/div><\/div><noscript>Poll Options are limited because JavaScript is disabled in your browser.<\/noscript><\/div><!--democracy--><\/div>\n<p style=\"text-align: center;\"><a href=\"http:\/\/dicodusport.fr\/blog\/bleus-composez-votre-xv-de-france-pour-affronter-pays-de-galles\/2\/#arrieres\" class=\"su-button su-button-style-flat\" style=\"color:#FFFFFF;background-color:#005f9b;border-color:#004c7c;border-radius:4px\" target=\"_self\"><span style=\"color:#FFFFFF;padding:0px 26px;font-size:20px;line-height:40px;border-color:#4d8fb9;border-radius:4px;text-shadow:none\"> Choisir la charni\u00e8re et les trois-quarts<\/span><\/a><!--nextpage--><\/p>\n<h2 style=\"text-align: justify;\"><a id=\"arrieres\"><\/a>Formez votre charni\u00e8re et votre ligne de trois-quarts<\/h2>\n<div class=\"dem-poll-shortcode\"><div id=\"democracy-584\" class=\"democracy\" data-opts='{\"ajax_url\":\"https:\\\/\\\/dicodusport.fr\\\/blog\\\/wp-admin\\\/admin-ajax.php\",\"pid\":584,\"max_answs\":0,\"answs_max_height\":\"-1\",\"anim_speed\":\"400\",\"line_anim_speed\":1500}' ><strong class=\"dem-poll-title\">Votre demi de m\u00eal\u00e9e<\/strong><div class=\"dem-screen voted\"><ul class=\"dem-answers\" data-voted-class=\"dem-voted-this\" data-voted-txt=\"(Votre vote)\">\n\t<li  class=\"dem-winner\" title=\"3706 voix - 96% des votes\" data-aid=\"2713\">\n\t<div class=\"dem-label\">Antoine Dupont (Toulouse)  <span class=\"dem-label-percent-txt\">96%, 3706 <span class=\"votxt\">voix<\/span><\/span><\/div>\n\t<div class=\"dem-graph\">\n\t\t<div class=\"dem-fill\" data-width=\"100%\"><\/div>\n\t\t<div class=\"dem-votes-txt\">\n\t\t\t<span class=\"dem-votes-txt-votes\">3706 <span class=\"votxt\">voix<\/span><\/span>\n\t\t\t<span class=\"dem-votes-txt-percent\">96%<\/span>\n\t\t<\/div>\n\t\t<div class=\"dem-percent-txt\">3706 voix - 96% des votes<\/div>\n\t<\/div>\n<\/li><li  title=\"141 voix - 4% des votes\" data-aid=\"2712\">\n\t<div class=\"dem-label\">Baptiste Serin (Toulon)  <span class=\"dem-label-percent-txt\">4%, 141 <span class=\"votxt\">voix<\/span><\/span><\/div>\n\t<div class=\"dem-graph\">\n\t\t<div class=\"dem-fill\" data-width=\"4%\"><\/div>\n\t\t<div class=\"dem-votes-txt\">\n\t\t\t<span class=\"dem-votes-txt-votes\">141 <span class=\"votxt\">voix<\/span><\/span>\n\t\t\t<span class=\"dem-votes-txt-percent\">4%<\/span>\n\t\t<\/div>\n\t\t<div class=\"dem-percent-txt\">141 voix - 4% des votes<\/div>\n\t<\/div>\n<\/li>\n<\/ul>\n<div class=\"dem-bottom\">\n\t<div class=\"dem-poll-info\">\n\t\t<div class=\"dem-total-votes\">Total des votes : 3847<\/div>\n\t\t\n\t\t<div class=\"dem-date\" title=\"D\u00e9but\">\n\t\t\t<span class=\"dem-begin-date\">13 octobre 2020<\/span> - <span class=\"dem-end-date\" title=\"Fin\">20 octobre 2020<\/span>\n\t\t<\/div>\n\t\t\n\t\t<div>Les votes sont clos<\/div>\n\t\t\n\t<\/div>\n\t\n<\/div><\/div><noscript>Poll Options are limited because JavaScript is disabled in your browser.<\/noscript><\/div><!--democracy--><\/div>\n<div class=\"dem-poll-shortcode\"><div id=\"democracy-585\" class=\"democracy\" data-opts='{\"ajax_url\":\"https:\\\/\\\/dicodusport.fr\\\/blog\\\/wp-admin\\\/admin-ajax.php\",\"pid\":585,\"max_answs\":0,\"answs_max_height\":\"-1\",\"anim_speed\":\"400\",\"line_anim_speed\":1500}' ><strong class=\"dem-poll-title\">Votre demi d'ouverture<\/strong><div class=\"dem-screen voted\"><ul class=\"dem-answers\" data-voted-class=\"dem-voted-this\" data-voted-txt=\"(Votre vote)\">\n\t<li  class=\"dem-winner\" title=\"3696 voix - 97% des votes\" data-aid=\"2714\">\n\t<div class=\"dem-label\">Romain Ntamack (Toulouse)  <span class=\"dem-label-percent-txt\">97%, 3696 <span class=\"votxt\">voix<\/span><\/span><\/div>\n\t<div class=\"dem-graph\">\n\t\t<div class=\"dem-fill\" data-width=\"100%\"><\/div>\n\t\t<div class=\"dem-votes-txt\">\n\t\t\t<span class=\"dem-votes-txt-votes\">3696 <span class=\"votxt\">voix<\/span><\/span>\n\t\t\t<span class=\"dem-votes-txt-percent\">97%<\/span>\n\t\t<\/div>\n\t\t<div class=\"dem-percent-txt\">3696 voix - 97% des votes<\/div>\n\t<\/div>\n<\/li><li  title=\"124 voix - 3% des votes\" data-aid=\"2715\">\n\t<div class=\"dem-label\">Thomas Ramos (Toulouse)  <span class=\"dem-label-percent-txt\">3%, 124 <span class=\"votxt\">voix<\/span><\/span><\/div>\n\t<div class=\"dem-graph\">\n\t\t<div class=\"dem-fill\" data-width=\"3%\"><\/div>\n\t\t<div class=\"dem-votes-txt\">\n\t\t\t<span class=\"dem-votes-txt-votes\">124 <span class=\"votxt\">voix<\/span><\/span>\n\t\t\t<span class=\"dem-votes-txt-percent\">3%<\/span>\n\t\t<\/div>\n\t\t<div class=\"dem-percent-txt\">124 voix - 3% des votes<\/div>\n\t<\/div>\n<\/li>\n<\/ul>\n<div class=\"dem-bottom\">\n\t<div class=\"dem-poll-info\">\n\t\t<div class=\"dem-total-votes\">Total des votes : 3820<\/div>\n\t\t\n\t\t<div class=\"dem-date\" title=\"D\u00e9but\">\n\t\t\t<span class=\"dem-begin-date\">13 octobre 2020<\/span> - <span class=\"dem-end-date\" title=\"Fin\">20 octobre 2020<\/span>\n\t\t<\/div>\n\t\t\n\t\t<div>Les votes sont clos<\/div>\n\t\t\n\t<\/div>\n\t\n<\/div><\/div><noscript>Poll Options are limited because JavaScript is disabled in your browser.<\/noscript><\/div><!--democracy--><\/div>\n<div class=\"dem-poll-shortcode\"><div id=\"democracy-586\" class=\"democracy\" data-opts='{\"ajax_url\":\"https:\\\/\\\/dicodusport.fr\\\/blog\\\/wp-admin\\\/admin-ajax.php\",\"pid\":586,\"max_answs\":2,\"answs_max_height\":\"-1\",\"anim_speed\":\"400\",\"line_anim_speed\":1500}' ><strong class=\"dem-poll-title\">Vos centres<\/strong><div class=\"dem-screen voted\"><ul class=\"dem-answers\" data-voted-class=\"dem-voted-this\" data-voted-txt=\"(Votre vote)\">\n\t<li  class=\"dem-winner\" title=\"3624 voix - 47% des votes\" data-aid=\"2718\">\n\t<div class=\"dem-label\">Virimi Vakatawa (Racing 92)  <span class=\"dem-label-percent-txt\">47%, 3624 <span class=\"votxt\">voix<\/span><\/span><\/div>\n\t<div class=\"dem-graph\">\n\t\t<div class=\"dem-fill\" data-width=\"100%\"><\/div>\n\t\t<div class=\"dem-votes-txt\">\n\t\t\t<span class=\"dem-votes-txt-votes\">3624 <span class=\"votxt\">voix<\/span><\/span>\n\t\t\t<span class=\"dem-votes-txt-percent\">47%<\/span>\n\t\t<\/div>\n\t\t<div class=\"dem-percent-txt\">3624 voix - 47% des votes<\/div>\n\t<\/div>\n<\/li><li  title=\"2355 voix - 31% des votes\" data-aid=\"2716\">\n\t<div class=\"dem-label\">Ga\u00ebl Fickou (Stade Fran\u00e7ais)  <span class=\"dem-label-percent-txt\">31%, 2355 <span class=\"votxt\">voix<\/span><\/span><\/div>\n\t<div class=\"dem-graph\">\n\t\t<div class=\"dem-fill\" data-width=\"65%\"><\/div>\n\t\t<div class=\"dem-votes-txt\">\n\t\t\t<span class=\"dem-votes-txt-votes\">2355 <span class=\"votxt\">voix<\/span><\/span>\n\t\t\t<span class=\"dem-votes-txt-percent\">31%<\/span>\n\t\t<\/div>\n\t\t<div class=\"dem-percent-txt\">2355 voix - 31% des votes<\/div>\n\t<\/div>\n<\/li><li  title=\"1329 voix - 17% des votes\" data-aid=\"2719\">\n\t<div class=\"dem-label\">Arthur Vincent (Montpellier)  <span class=\"dem-label-percent-txt\">17%, 1329 <span class=\"votxt\">voix<\/span><\/span><\/div>\n\t<div class=\"dem-graph\">\n\t\t<div class=\"dem-fill\" data-width=\"37%\"><\/div>\n\t\t<div class=\"dem-votes-txt\">\n\t\t\t<span class=\"dem-votes-txt-votes\">1329 <span class=\"votxt\">voix<\/span><\/span>\n\t\t\t<span class=\"dem-votes-txt-percent\">17%<\/span>\n\t\t<\/div>\n\t\t<div class=\"dem-percent-txt\">1329 voix - 17% des votes<\/div>\n\t<\/div>\n<\/li><li  title=\"322 voix - 4% des votes\" data-aid=\"2717\">\n\t<div class=\"dem-label\">Olivier Klemenczak (Racing 92)  <span class=\"dem-label-percent-txt\">4%, 322 <span class=\"votxt\">voix<\/span><\/span><\/div>\n\t<div class=\"dem-graph\">\n\t\t<div class=\"dem-fill\" data-width=\"9%\"><\/div>\n\t\t<div class=\"dem-votes-txt\">\n\t\t\t<span class=\"dem-votes-txt-votes\">322 <span class=\"votxt\">voix<\/span><\/span>\n\t\t\t<span class=\"dem-votes-txt-percent\">4%<\/span>\n\t\t<\/div>\n\t\t<div class=\"dem-percent-txt\">322 voix - 4% des votes<\/div>\n\t<\/div>\n<\/li>\n<\/ul>\n<div class=\"dem-bottom\">\n\t<div class=\"dem-poll-info\">\n\t\t<div class=\"dem-total-votes\">Total des votes : 7630<\/div>\n\t\t<div class=\"dem-users-voted\">Votants : 3852<\/div>\n\t\t<div class=\"dem-date\" title=\"D\u00e9but\">\n\t\t\t<span class=\"dem-begin-date\">13 octobre 2020<\/span> - <span class=\"dem-end-date\" title=\"Fin\">20 octobre 2020<\/span>\n\t\t<\/div>\n\t\t\n\t\t<div>Les votes sont clos<\/div>\n\t\t\n\t<\/div>\n\t\n<\/div><\/div><noscript>Poll Options are limited because JavaScript is disabled in your browser.<\/noscript><\/div><!--democracy--><\/div>\n<div class=\"dem-poll-shortcode\"><div id=\"democracy-587\" class=\"democracy\" data-opts='{\"ajax_url\":\"https:\\\/\\\/dicodusport.fr\\\/blog\\\/wp-admin\\\/admin-ajax.php\",\"pid\":587,\"max_answs\":2,\"answs_max_height\":\"-1\",\"anim_speed\":\"400\",\"line_anim_speed\":1500}' ><strong class=\"dem-poll-title\">Vos ailiers<\/strong><div class=\"dem-screen voted\"><ul class=\"dem-answers\" data-voted-class=\"dem-voted-this\" data-voted-txt=\"(Votre vote)\">\n\t<li  class=\"dem-winner\" title=\"3114 voix - 41% des votes\" data-aid=\"2720\">\n\t<div class=\"dem-label\">Vincent Rattez (Montpellier)  <span class=\"dem-label-percent-txt\">41%, 3114 <span class=\"votxt\">voix<\/span><\/span><\/div>\n\t<div class=\"dem-graph\">\n\t\t<div class=\"dem-fill\" data-width=\"100%\"><\/div>\n\t\t<div class=\"dem-votes-txt\">\n\t\t\t<span class=\"dem-votes-txt-votes\">3114 <span class=\"votxt\">voix<\/span><\/span>\n\t\t\t<span class=\"dem-votes-txt-percent\">41%<\/span>\n\t\t<\/div>\n\t\t<div class=\"dem-percent-txt\">3114 voix - 41% des votes<\/div>\n\t<\/div>\n<\/li><li  title=\"2904 voix - 38% des votes\" data-aid=\"2721\">\n\t<div class=\"dem-label\">Arthur Reti\u00e8re (La Rochelle)  <span class=\"dem-label-percent-txt\">38%, 2904 <span class=\"votxt\">voix<\/span><\/span><\/div>\n\t<div class=\"dem-graph\">\n\t\t<div class=\"dem-fill\" data-width=\"93%\"><\/div>\n\t\t<div class=\"dem-votes-txt\">\n\t\t\t<span class=\"dem-votes-txt-votes\">2904 <span class=\"votxt\">voix<\/span><\/span>\n\t\t\t<span class=\"dem-votes-txt-percent\">38%<\/span>\n\t\t<\/div>\n\t\t<div class=\"dem-percent-txt\">2904 voix - 38% des votes<\/div>\n\t<\/div>\n<\/li><li  title=\"1539 voix - 20% des votes\" data-aid=\"2722\">\n\t<div class=\"dem-label\">Teddy Thomas (Racing 92)  <span class=\"dem-label-percent-txt\">20%, 1539 <span class=\"votxt\">voix<\/span><\/span><\/div>\n\t<div class=\"dem-graph\">\n\t\t<div class=\"dem-fill\" data-width=\"49%\"><\/div>\n\t\t<div class=\"dem-votes-txt\">\n\t\t\t<span class=\"dem-votes-txt-votes\">1539 <span class=\"votxt\">voix<\/span><\/span>\n\t\t\t<span class=\"dem-votes-txt-percent\">20%<\/span>\n\t\t<\/div>\n\t\t<div class=\"dem-percent-txt\">1539 voix - 20% des votes<\/div>\n\t<\/div>\n<\/li>\n<\/ul>\n<div class=\"dem-bottom\">\n\t<div class=\"dem-poll-info\">\n\t\t<div class=\"dem-total-votes\">Total des votes : 7557<\/div>\n\t\t<div class=\"dem-users-voted\">Votants : 3839<\/div>\n\t\t<div class=\"dem-date\" title=\"D\u00e9but\">\n\t\t\t<span class=\"dem-begin-date\">13 octobre 2020<\/span> - <span class=\"dem-end-date\" title=\"Fin\">20 octobre 2020<\/span>\n\t\t<\/div>\n\t\t\n\t\t<div>Les votes sont clos<\/div>\n\t\t\n\t<\/div>\n\t\n<\/div><\/div><noscript>Poll Options are limited because JavaScript is disabled in your browser.<\/noscript><\/div><!--democracy--><\/div>\n<div class=\"dem-poll-shortcode\"><div id=\"democracy-588\" class=\"democracy\" data-opts='{\"ajax_url\":\"https:\\\/\\\/dicodusport.fr\\\/blog\\\/wp-admin\\\/admin-ajax.php\",\"pid\":588,\"max_answs\":0,\"answs_max_height\":\"-1\",\"anim_speed\":\"400\",\"line_anim_speed\":1500}' ><strong class=\"dem-poll-title\">Votre arri\u00e8re<\/strong><div class=\"dem-screen voted\"><ul class=\"dem-answers\" data-voted-class=\"dem-voted-this\" data-voted-txt=\"(Votre vote)\">\n\t<li  class=\"dem-winner\" title=\"3402 voix - 90% des votes\" data-aid=\"2723\">\n\t<div class=\"dem-label\">Anthony Bouthier (Montpellier)  <span class=\"dem-label-percent-txt\">90%, 3402 <span class=\"votxt\">voix<\/span><\/span><\/div>\n\t<div class=\"dem-graph\">\n\t\t<div class=\"dem-fill\" data-width=\"100%\"><\/div>\n\t\t<div class=\"dem-votes-txt\">\n\t\t\t<span class=\"dem-votes-txt-votes\">3402 <span class=\"votxt\">voix<\/span><\/span>\n\t\t\t<span class=\"dem-votes-txt-percent\">90%<\/span>\n\t\t<\/div>\n\t\t<div class=\"dem-percent-txt\">3402 voix - 90% des votes<\/div>\n\t<\/div>\n<\/li><li  title=\"365 voix - 10% des votes\" data-aid=\"2724\">\n\t<div class=\"dem-label\">Gabin Villi\u00e8re (Toulon)  <span class=\"dem-label-percent-txt\">10%, 365 <span class=\"votxt\">voix<\/span><\/span><\/div>\n\t<div class=\"dem-graph\">\n\t\t<div class=\"dem-fill\" data-width=\"11%\"><\/div>\n\t\t<div class=\"dem-votes-txt\">\n\t\t\t<span class=\"dem-votes-txt-votes\">365 <span class=\"votxt\">voix<\/span><\/span>\n\t\t\t<span class=\"dem-votes-txt-percent\">10%<\/span>\n\t\t<\/div>\n\t\t<div class=\"dem-percent-txt\">365 voix - 10% des votes<\/div>\n\t<\/div>\n<\/li>\n<\/ul>\n<div class=\"dem-bottom\">\n\t<div class=\"dem-poll-info\">\n\t\t<div class=\"dem-total-votes\">Total des votes : 3767<\/div>\n\t\t\n\t\t<div class=\"dem-date\" title=\"D\u00e9but\">\n\t\t\t<span class=\"dem-begin-date\">13 octobre 2020<\/span> - <span class=\"dem-end-date\" title=\"Fin\">20 octobre 2020<\/span>\n\t\t<\/div>\n\t\t\n\t\t<div>Les votes sont clos<\/div>\n\t\t\n\t<\/div>\n\t\n<\/div><\/div><noscript>Poll Options are limited because JavaScript is disabled in your browser.<\/noscript><\/div><!--democracy--><\/div>\n<p style=\"text-align: center;\"><a href=\"http:\/\/dicodusport.fr\/blog\/bleus-composez-votre-xv-de-france-pour-affronter-pays-de-galles\/\" class=\"su-button su-button-style-flat\" style=\"color:#FFFFFF;background-color:#005f9b;border-color:#004c7c;border-radius:4px\" target=\"_self\"><span style=\"color:#FFFFFF;padding:0px 26px;font-size:20px;line-height:40px;border-color:#4d8fb9;border-radius:4px;text-shadow:none\"> Revenir aux avants<\/span><\/a>\n<p><strong><em>Dicodusport<br \/>\n<a href=\"https:\/\/www.facebook.com\/dicodusport\/\" target=\"_blank\" rel=\"noopener noreferrer\"><img loading=\"lazy\" decoding=\"async\" class=\"alignnone wp-image-2909\" src=\"http:\/\/dicodusport.fr\/blog\/wp-content\/uploads\/2017\/07\/logo-facebook-150x150.png\" alt=\"\" width=\"40\" height=\"40\" \/><\/a><a href=\"https:\/\/twitter.com\/dicodusport\" target=\"_blank\" rel=\"noopener noreferrer\"><img loading=\"lazy\" decoding=\"async\" class=\"alignnone wp-image-2908\" src=\"http:\/\/dicodusport.fr\/blog\/wp-content\/uploads\/2017\/07\/logo-twitter-150x150.png\" alt=\"\" width=\"39\" height=\"39\" \/><\/a><\/em><\/strong><\/p>\n","protected":false},"excerpt":{"rendered":"<p>XV DE FRANCE &#8211; Si tout se passe bien, les Bleus devraient affronter Pays de Galles le 24 octobre prochain, en guise de r\u00e9p\u00e9tition g\u00e9n\u00e9rale avant le dernier match du 6 Nations 2020 face \u00e0 l&rsquo;Irlande (31\/10). Composez votre XV de France de d\u00e9part.<\/p>\n","protected":false},"author":4,"featured_media":82572,"comment_status":"open","ping_status":"closed","sticky":false,"template":"","format":"standard","meta":{"_acf_changed":false,"_daextam_enable_autolinks":"","footnotes":""},"categories":[9129,19951],"tags":[6015,338,24,1638],"class_list":["post-82564","post","type-post","status-publish","format-standard","has-post-thumbnail","hentry","category-rugby-a-xv","category-xv-de-france","tag-composition-xv-de-france","tag-pays-de-galles","tag-sport","tag-xv-de-france"],"acf":[],"yoast_head":"<!-- This site is optimized with the Yoast SEO Premium plugin v26.7 (Yoast SEO v26.7) - https:\/\/yoast.com\/wordpress\/plugins\/seo\/ -->\n<title>Bleus : Composez votre XV de France pour affronter le Pays de Galles<\/title>\n<meta name=\"description\" content=\"XV DE FRANCE - Les Bleus devraient affronter Pays de Galles (24\/10). Composez votre XV de France de d\u00e9part.\" \/>\n<meta name=\"robots\" content=\"index, follow, max-snippet:-1, max-image-preview:large, max-video-preview:-1\" \/>\n<link rel=\"canonical\" href=\"https:\/\/dicodusport.fr\/blog\/bleus-composez-votre-xv-de-france-pour-affronter-pays-de-galles\/\" \/>\n<link rel=\"next\" href=\"https:\/\/dicodusport.fr\/blog\/bleus-composez-votre-xv-de-france-pour-affronter-pays-de-galles\/2\/\" \/>\n<meta property=\"og:locale\" content=\"fr_FR\" \/>\n<meta property=\"og:type\" content=\"article\" \/>\n<meta property=\"og:title\" content=\"Bleus : Composez votre XV de France pour affronter le Pays de Galles\" \/>\n<meta property=\"og:description\" content=\"XV DE FRANCE - Les Bleus devraient affronter Pays de Galles (24\/10). Composez votre XV de France de d\u00e9part.\" \/>\n<meta property=\"og:url\" content=\"https:\/\/dicodusport.fr\/blog\/bleus-composez-votre-xv-de-france-pour-affronter-pays-de-galles\/\" \/>\n<meta property=\"og:site_name\" content=\"Dicodusport\" \/>\n<meta property=\"article:publisher\" content=\"https:\/\/www.facebook.com\/dicodusport\" \/>\n<meta property=\"article:author\" content=\"https:\/\/www.facebook.com\/florent.ostermann\" \/>\n<meta property=\"article:published_time\" content=\"2020-10-13T09:34:38+00:00\" \/>\n<meta property=\"article:modified_time\" content=\"2021-10-18T14:42:02+00:00\" \/>\n<meta property=\"og:image\" content=\"https:\/\/dicodusport.fr\/blog\/wp-content\/uploads\/2020\/10\/Bleus-Composez-votre-XV-de-France-pour-affronter-le-Pays-de-Galles.png\" \/>\n\t<meta property=\"og:image:width\" content=\"800\" \/>\n\t<meta property=\"og:image:height\" content=\"445\" \/>\n\t<meta property=\"og:image:type\" content=\"image\/png\" \/>\n<meta name=\"author\" content=\"Flo Ostermann\" \/>\n<meta name=\"twitter:card\" content=\"summary_large_image\" \/>\n<meta name=\"twitter:title\" content=\"Bleus : Composez votre XV de France pour affronter le Pays de Galles\" \/>\n<meta name=\"twitter:creator\" content=\"@https:\/\/twitter.com\/FlOstermann\" \/>\n<meta name=\"twitter:site\" content=\"@dicodusport\" \/>\n<script type=\"application\/ld+json\" class=\"yoast-schema-graph\">{\"@context\":\"https:\/\/schema.org\",\"@graph\":[{\"@type\":\"NewsArticle\",\"@id\":\"https:\/\/dicodusport.fr\/blog\/bleus-composez-votre-xv-de-france-pour-affronter-pays-de-galles\/#article\",\"isPartOf\":{\"@id\":\"https:\/\/dicodusport.fr\/blog\/bleus-composez-votre-xv-de-france-pour-affronter-pays-de-galles\/\"},\"author\":{\"name\":\"Flo Ostermann\",\"@id\":\"https:\/\/dicodusport.fr\/blog\/#\/schema\/person\/cb02af4c173ce4a653b55e9baf388d4a\"},\"headline\":\"Bleus : Composez votre XV de France pour affronter le Pays de Galles\",\"datePublished\":\"2020-10-13T09:34:38+00:00\",\"dateModified\":\"2021-10-18T14:42:02+00:00\",\"mainEntityOfPage\":{\"@id\":\"https:\/\/dicodusport.fr\/blog\/bleus-composez-votre-xv-de-france-pour-affronter-pays-de-galles\/\"},\"wordCount\":188,\"commentCount\":1,\"publisher\":{\"@id\":\"https:\/\/dicodusport.fr\/blog\/#organization\"},\"image\":{\"@id\":\"https:\/\/dicodusport.fr\/blog\/bleus-composez-votre-xv-de-france-pour-affronter-pays-de-galles\/#primaryimage\"},\"thumbnailUrl\":\"https:\/\/dicodusport.fr\/blog\/wp-content\/uploads\/2020\/10\/Bleus-Composez-votre-XV-de-France-pour-affronter-le-Pays-de-Galles.png\",\"keywords\":[\"composition XV de France\",\"Pays De Galles\",\"sport\",\"XV de France\"],\"articleSection\":[\"Rugby \u00e0 XV\",\"XV de France\"],\"inLanguage\":\"fr-FR\",\"potentialAction\":[{\"@type\":\"CommentAction\",\"name\":\"Comment\",\"target\":[\"https:\/\/dicodusport.fr\/blog\/bleus-composez-votre-xv-de-france-pour-affronter-pays-de-galles\/#respond\"]}],\"copyrightYear\":\"2020\",\"copyrightHolder\":{\"@id\":\"https:\/\/dicodusport.fr\/blog\/#organization\"}},{\"@type\":\"WebPage\",\"@id\":\"https:\/\/dicodusport.fr\/blog\/bleus-composez-votre-xv-de-france-pour-affronter-pays-de-galles\/\",\"url\":\"https:\/\/dicodusport.fr\/blog\/bleus-composez-votre-xv-de-france-pour-affronter-pays-de-galles\/\",\"name\":\"Bleus : Composez votre XV de France pour affronter le Pays de Galles\",\"isPartOf\":{\"@id\":\"https:\/\/dicodusport.fr\/blog\/#website\"},\"primaryImageOfPage\":{\"@id\":\"https:\/\/dicodusport.fr\/blog\/bleus-composez-votre-xv-de-france-pour-affronter-pays-de-galles\/#primaryimage\"},\"image\":{\"@id\":\"https:\/\/dicodusport.fr\/blog\/bleus-composez-votre-xv-de-france-pour-affronter-pays-de-galles\/#primaryimage\"},\"thumbnailUrl\":\"https:\/\/dicodusport.fr\/blog\/wp-content\/uploads\/2020\/10\/Bleus-Composez-votre-XV-de-France-pour-affronter-le-Pays-de-Galles.png\",\"datePublished\":\"2020-10-13T09:34:38+00:00\",\"dateModified\":\"2021-10-18T14:42:02+00:00\",\"description\":\"XV DE FRANCE - Les Bleus devraient affronter Pays de Galles (24\/10). Composez votre XV de France de d\u00e9part.\",\"inLanguage\":\"fr-FR\",\"potentialAction\":[{\"@type\":\"ReadAction\",\"target\":[\"https:\/\/dicodusport.fr\/blog\/bleus-composez-votre-xv-de-france-pour-affronter-pays-de-galles\/\"]}]},{\"@type\":\"ImageObject\",\"inLanguage\":\"fr-FR\",\"@id\":\"https:\/\/dicodusport.fr\/blog\/bleus-composez-votre-xv-de-france-pour-affronter-pays-de-galles\/#primaryimage\",\"url\":\"https:\/\/dicodusport.fr\/blog\/wp-content\/uploads\/2020\/10\/Bleus-Composez-votre-XV-de-France-pour-affronter-le-Pays-de-Galles.png\",\"contentUrl\":\"https:\/\/dicodusport.fr\/blog\/wp-content\/uploads\/2020\/10\/Bleus-Composez-votre-XV-de-France-pour-affronter-le-Pays-de-Galles.png\",\"width\":800,\"height\":445,\"caption\":\"Bleus - Composez votre XV de France pour affronter le Pays de Galles\"},{\"@type\":\"WebSite\",\"@id\":\"https:\/\/dicodusport.fr\/blog\/#website\",\"url\":\"https:\/\/dicodusport.fr\/blog\/\",\"name\":\"Dicodusport\",\"description\":\"L&#039;encyclop\u00e9die de l&#039;actualit\u00e9 sportive\",\"publisher\":{\"@id\":\"https:\/\/dicodusport.fr\/blog\/#organization\"},\"potentialAction\":[{\"@type\":\"SearchAction\",\"target\":{\"@type\":\"EntryPoint\",\"urlTemplate\":\"https:\/\/dicodusport.fr\/blog\/?s={search_term_string}\"},\"query-input\":{\"@type\":\"PropertyValueSpecification\",\"valueRequired\":true,\"valueName\":\"search_term_string\"}}],\"inLanguage\":\"fr-FR\"},{\"@type\":\"NewsMediaOrganization\",\"@id\":\"https:\/\/dicodusport.fr\/blog\/#organization\",\"name\":\"Dicodusport\",\"url\":\"https:\/\/dicodusport.fr\/blog\/\",\"logo\":{\"@type\":\"ImageObject\",\"inLanguage\":\"fr-FR\",\"@id\":\"https:\/\/dicodusport.fr\/blog\/#\/schema\/logo\/image\/\",\"url\":\"https:\/\/dicodusport.fr\/blog\/wp-content\/uploads\/2020\/06\/cropped-LOGO-DICODUSPORT-2020-SANS-FOND-SANS-TEXTE.png\",\"contentUrl\":\"https:\/\/dicodusport.fr\/blog\/wp-content\/uploads\/2020\/06\/cropped-LOGO-DICODUSPORT-2020-SANS-FOND-SANS-TEXTE.png\",\"width\":512,\"height\":512,\"caption\":\"Dicodusport\"},\"image\":{\"@id\":\"https:\/\/dicodusport.fr\/blog\/#\/schema\/logo\/image\/\"},\"sameAs\":[\"https:\/\/www.facebook.com\/dicodusport\",\"https:\/\/x.com\/dicodusport\",\"https:\/\/www.instagram.com\/dicodusport\/\",\"https:\/\/www.youtube.com\/channel\/UC7V2KZ5sd3htJivAbA4ZG3w\"],\"description\":\"Dicodusport est l'encyclop\u00e9die de l'actualit\u00e9 sportive.\",\"email\":\"bonjour@dicodusport.fr\",\"legalName\":\"DICODUSPORT\",\"foundingDate\":\"2018-01-14\",\"vatID\":\"FR71834470973\",\"taxID\":\"83447097300043\",\"numberOfEmployees\":{\"@type\":\"QuantitativeValue\",\"minValue\":\"1\",\"maxValue\":\"10\"}},{\"@type\":\"Person\",\"@id\":\"https:\/\/dicodusport.fr\/blog\/#\/schema\/person\/cb02af4c173ce4a653b55e9baf388d4a\",\"name\":\"Flo Ostermann\",\"image\":{\"@type\":\"ImageObject\",\"inLanguage\":\"fr-FR\",\"@id\":\"https:\/\/dicodusport.fr\/blog\/#\/schema\/person\/image\/\",\"url\":\"https:\/\/dicodusport.fr\/blog\/wp-content\/uploads\/2021\/05\/Flo-Ostermann-150x150.jpg\",\"contentUrl\":\"https:\/\/dicodusport.fr\/blog\/wp-content\/uploads\/2021\/05\/Flo-Ostermann-150x150.jpg\",\"caption\":\"Flo Ostermann\"},\"description\":\"Journaliste\/R\u00e9dacteur depuis septembre 2015 - Mes premiers souvenirs dans le sport ? Les envol\u00e9es du Stade Toulousain et les duels Villeneuve-Schumacher et H\u00e4kkinen-Schumacher \u00e0 la fin des ann\u00e9es 90, la Coupe du monde de football en 1998, l\u2019exploit du XV de France face aux All Blacks en 1999, mais aussi Richard C\u0153ur de Lion qui vole sur les montagnes du Tour de France. Bien parti pour devenir professeur d\u2019EPS, les \u00e9v\u00e9nements de la vie (et la flemme d\u2019animer des s\u00e9ances de 3x500 m\u00e8tres toute ma vie) m\u2019ont conduit \u00e0 revoir mes plans. Me voil\u00e0 depuis fin 2017 sur Dicodusport, m\u00e9dia gr\u00e2ce (et pour) lequel je partage ma passion : le sport dans tous ses \u00e9tats. Le tout accompagn\u00e9 par les fous furieux et folles furieuses cit\u00e9s sur cette page !\",\"sameAs\":[\"https:\/\/www.facebook.com\/florent.ostermann\",\"https:\/\/x.com\/https:\/\/twitter.com\/FlOstermann\",\"admin\"],\"url\":\"https:\/\/dicodusport.fr\/blog\/author\/flo\/\"}]}<\/script>\n<!-- \/ Yoast SEO Premium plugin. -->","yoast_head_json":{"title":"Bleus : Composez votre XV de France pour affronter le Pays de Galles","description":"XV DE FRANCE - Les Bleus devraient affronter Pays de Galles (24\/10). Composez votre XV de France de d\u00e9part.","robots":{"index":"index","follow":"follow","max-snippet":"max-snippet:-1","max-image-preview":"max-image-preview:large","max-video-preview":"max-video-preview:-1"},"canonical":"https:\/\/dicodusport.fr\/blog\/bleus-composez-votre-xv-de-france-pour-affronter-pays-de-galles\/","next":"https:\/\/dicodusport.fr\/blog\/bleus-composez-votre-xv-de-france-pour-affronter-pays-de-galles\/2\/","og_locale":"fr_FR","og_type":"article","og_title":"Bleus : Composez votre XV de France pour affronter le Pays de Galles","og_description":"XV DE FRANCE - Les Bleus devraient affronter Pays de Galles (24\/10). Composez votre XV de France de d\u00e9part.","og_url":"https:\/\/dicodusport.fr\/blog\/bleus-composez-votre-xv-de-france-pour-affronter-pays-de-galles\/","og_site_name":"Dicodusport","article_publisher":"https:\/\/www.facebook.com\/dicodusport","article_author":"https:\/\/www.facebook.com\/florent.ostermann","article_published_time":"2020-10-13T09:34:38+00:00","article_modified_time":"2021-10-18T14:42:02+00:00","og_image":[{"width":800,"height":445,"url":"https:\/\/dicodusport.fr\/blog\/wp-content\/uploads\/2020\/10\/Bleus-Composez-votre-XV-de-France-pour-affronter-le-Pays-de-Galles.png","type":"image\/png"}],"author":"Flo Ostermann","twitter_card":"summary_large_image","twitter_title":"Bleus : Composez votre XV de France pour affronter le Pays de Galles","twitter_creator":"@https:\/\/twitter.com\/FlOstermann","twitter_site":"@dicodusport","schema":{"@context":"https:\/\/schema.org","@graph":[{"@type":"NewsArticle","@id":"https:\/\/dicodusport.fr\/blog\/bleus-composez-votre-xv-de-france-pour-affronter-pays-de-galles\/#article","isPartOf":{"@id":"https:\/\/dicodusport.fr\/blog\/bleus-composez-votre-xv-de-france-pour-affronter-pays-de-galles\/"},"author":{"name":"Flo Ostermann","@id":"https:\/\/dicodusport.fr\/blog\/#\/schema\/person\/cb02af4c173ce4a653b55e9baf388d4a"},"headline":"Bleus : Composez votre XV de France pour affronter le Pays de Galles","datePublished":"2020-10-13T09:34:38+00:00","dateModified":"2021-10-18T14:42:02+00:00","mainEntityOfPage":{"@id":"https:\/\/dicodusport.fr\/blog\/bleus-composez-votre-xv-de-france-pour-affronter-pays-de-galles\/"},"wordCount":188,"commentCount":1,"publisher":{"@id":"https:\/\/dicodusport.fr\/blog\/#organization"},"image":{"@id":"https:\/\/dicodusport.fr\/blog\/bleus-composez-votre-xv-de-france-pour-affronter-pays-de-galles\/#primaryimage"},"thumbnailUrl":"https:\/\/dicodusport.fr\/blog\/wp-content\/uploads\/2020\/10\/Bleus-Composez-votre-XV-de-France-pour-affronter-le-Pays-de-Galles.png","keywords":["composition XV de France","Pays De Galles","sport","XV de France"],"articleSection":["Rugby \u00e0 XV","XV de France"],"inLanguage":"fr-FR","potentialAction":[{"@type":"CommentAction","name":"Comment","target":["https:\/\/dicodusport.fr\/blog\/bleus-composez-votre-xv-de-france-pour-affronter-pays-de-galles\/#respond"]}],"copyrightYear":"2020","copyrightHolder":{"@id":"https:\/\/dicodusport.fr\/blog\/#organization"}},{"@type":"WebPage","@id":"https:\/\/dicodusport.fr\/blog\/bleus-composez-votre-xv-de-france-pour-affronter-pays-de-galles\/","url":"https:\/\/dicodusport.fr\/blog\/bleus-composez-votre-xv-de-france-pour-affronter-pays-de-galles\/","name":"Bleus : Composez votre XV de France pour affronter le Pays de Galles","isPartOf":{"@id":"https:\/\/dicodusport.fr\/blog\/#website"},"primaryImageOfPage":{"@id":"https:\/\/dicodusport.fr\/blog\/bleus-composez-votre-xv-de-france-pour-affronter-pays-de-galles\/#primaryimage"},"image":{"@id":"https:\/\/dicodusport.fr\/blog\/bleus-composez-votre-xv-de-france-pour-affronter-pays-de-galles\/#primaryimage"},"thumbnailUrl":"https:\/\/dicodusport.fr\/blog\/wp-content\/uploads\/2020\/10\/Bleus-Composez-votre-XV-de-France-pour-affronter-le-Pays-de-Galles.png","datePublished":"2020-10-13T09:34:38+00:00","dateModified":"2021-10-18T14:42:02+00:00","description":"XV DE FRANCE - Les Bleus devraient affronter Pays de Galles (24\/10). Composez votre XV de France de d\u00e9part.","inLanguage":"fr-FR","potentialAction":[{"@type":"ReadAction","target":["https:\/\/dicodusport.fr\/blog\/bleus-composez-votre-xv-de-france-pour-affronter-pays-de-galles\/"]}]},{"@type":"ImageObject","inLanguage":"fr-FR","@id":"https:\/\/dicodusport.fr\/blog\/bleus-composez-votre-xv-de-france-pour-affronter-pays-de-galles\/#primaryimage","url":"https:\/\/dicodusport.fr\/blog\/wp-content\/uploads\/2020\/10\/Bleus-Composez-votre-XV-de-France-pour-affronter-le-Pays-de-Galles.png","contentUrl":"https:\/\/dicodusport.fr\/blog\/wp-content\/uploads\/2020\/10\/Bleus-Composez-votre-XV-de-France-pour-affronter-le-Pays-de-Galles.png","width":800,"height":445,"caption":"Bleus - Composez votre XV de France pour affronter le Pays de Galles"},{"@type":"WebSite","@id":"https:\/\/dicodusport.fr\/blog\/#website","url":"https:\/\/dicodusport.fr\/blog\/","name":"Dicodusport","description":"L&#039;encyclop\u00e9die de l&#039;actualit\u00e9 sportive","publisher":{"@id":"https:\/\/dicodusport.fr\/blog\/#organization"},"potentialAction":[{"@type":"SearchAction","target":{"@type":"EntryPoint","urlTemplate":"https:\/\/dicodusport.fr\/blog\/?s={search_term_string}"},"query-input":{"@type":"PropertyValueSpecification","valueRequired":true,"valueName":"search_term_string"}}],"inLanguage":"fr-FR"},{"@type":"NewsMediaOrganization","@id":"https:\/\/dicodusport.fr\/blog\/#organization","name":"Dicodusport","url":"https:\/\/dicodusport.fr\/blog\/","logo":{"@type":"ImageObject","inLanguage":"fr-FR","@id":"https:\/\/dicodusport.fr\/blog\/#\/schema\/logo\/image\/","url":"https:\/\/dicodusport.fr\/blog\/wp-content\/uploads\/2020\/06\/cropped-LOGO-DICODUSPORT-2020-SANS-FOND-SANS-TEXTE.png","contentUrl":"https:\/\/dicodusport.fr\/blog\/wp-content\/uploads\/2020\/06\/cropped-LOGO-DICODUSPORT-2020-SANS-FOND-SANS-TEXTE.png","width":512,"height":512,"caption":"Dicodusport"},"image":{"@id":"https:\/\/dicodusport.fr\/blog\/#\/schema\/logo\/image\/"},"sameAs":["https:\/\/www.facebook.com\/dicodusport","https:\/\/x.com\/dicodusport","https:\/\/www.instagram.com\/dicodusport\/","https:\/\/www.youtube.com\/channel\/UC7V2KZ5sd3htJivAbA4ZG3w"],"description":"Dicodusport est l'encyclop\u00e9die de l'actualit\u00e9 sportive.","email":"bonjour@dicodusport.fr","legalName":"DICODUSPORT","foundingDate":"2018-01-14","vatID":"FR71834470973","taxID":"83447097300043","numberOfEmployees":{"@type":"QuantitativeValue","minValue":"1","maxValue":"10"}},{"@type":"Person","@id":"https:\/\/dicodusport.fr\/blog\/#\/schema\/person\/cb02af4c173ce4a653b55e9baf388d4a","name":"Flo Ostermann","image":{"@type":"ImageObject","inLanguage":"fr-FR","@id":"https:\/\/dicodusport.fr\/blog\/#\/schema\/person\/image\/","url":"https:\/\/dicodusport.fr\/blog\/wp-content\/uploads\/2021\/05\/Flo-Ostermann-150x150.jpg","contentUrl":"https:\/\/dicodusport.fr\/blog\/wp-content\/uploads\/2021\/05\/Flo-Ostermann-150x150.jpg","caption":"Flo Ostermann"},"description":"Journaliste\/R\u00e9dacteur depuis septembre 2015 - Mes premiers souvenirs dans le sport ? Les envol\u00e9es du Stade Toulousain et les duels Villeneuve-Schumacher et H\u00e4kkinen-Schumacher \u00e0 la fin des ann\u00e9es 90, la Coupe du monde de football en 1998, l\u2019exploit du XV de France face aux All Blacks en 1999, mais aussi Richard C\u0153ur de Lion qui vole sur les montagnes du Tour de France. Bien parti pour devenir professeur d\u2019EPS, les \u00e9v\u00e9nements de la vie (et la flemme d\u2019animer des s\u00e9ances de 3x500 m\u00e8tres toute ma vie) m\u2019ont conduit \u00e0 revoir mes plans. Me voil\u00e0 depuis fin 2017 sur Dicodusport, m\u00e9dia gr\u00e2ce (et pour) lequel je partage ma passion : le sport dans tous ses \u00e9tats. Le tout accompagn\u00e9 par les fous furieux et folles furieuses cit\u00e9s sur cette page !","sameAs":["https:\/\/www.facebook.com\/florent.ostermann","https:\/\/x.com\/https:\/\/twitter.com\/FlOstermann","admin"],"url":"https:\/\/dicodusport.fr\/blog\/author\/flo\/"}]}},"_links":{"self":[{"href":"https:\/\/dicodusport.fr\/blog\/wp-json\/wp\/v2\/posts\/82564","targetHints":{"allow":["GET"]}}],"collection":[{"href":"https:\/\/dicodusport.fr\/blog\/wp-json\/wp\/v2\/posts"}],"about":[{"href":"https:\/\/dicodusport.fr\/blog\/wp-json\/wp\/v2\/types\/post"}],"author":[{"embeddable":true,"href":"https:\/\/dicodusport.fr\/blog\/wp-json\/wp\/v2\/users\/4"}],"replies":[{"embeddable":true,"href":"https:\/\/dicodusport.fr\/blog\/wp-json\/wp\/v2\/comments?post=82564"}],"version-history":[{"count":0,"href":"https:\/\/dicodusport.fr\/blog\/wp-json\/wp\/v2\/posts\/82564\/revisions"}],"wp:featuredmedia":[{"embeddable":true,"href":"https:\/\/dicodusport.fr\/blog\/wp-json\/wp\/v2\/media\/82572"}],"wp:attachment":[{"href":"https:\/\/dicodusport.fr\/blog\/wp-json\/wp\/v2\/media?parent=82564"}],"wp:term":[{"taxonomy":"category","embeddable":true,"href":"https:\/\/dicodusport.fr\/blog\/wp-json\/wp\/v2\/categories?post=82564"},{"taxonomy":"post_tag","embeddable":true,"href":"https:\/\/dicodusport.fr\/blog\/wp-json\/wp\/v2\/tags?post=82564"}],"curies":[{"name":"wp","href":"https:\/\/api.w.org\/{rel}","templated":true}]}}